{"id":1218,"date":"2023-06-22T19:54:22","date_gmt":"2023-06-22T19:54:22","guid":{"rendered":"https:\/\/m3c.universita.corsica\/lumi\/?p=1218"},"modified":"2025-09-29T15:35:37","modified_gmt":"2025-09-29T15:35:37","slug":"coloniser-le-soudan-occidental-au-nom-de-la-liberte-de-legalite-et-de-la-justice","status":"publish","type":"post","link":"https:\/\/m3c.universita.corsica\/lumi\/coloniser-le-soudan-occidental-au-nom-de-la-liberte-de-legalite-et-de-la-justice\/","title":{"rendered":"Coloniser le Soudan occidental au nom de la libert\u00e9, de l\u2019\u00e9galit\u00e9 et de la justice"},"content":{"rendered":"\t\t<div data-elementor-type=\"wp-post\" data-elementor-id=\"1218\" class=\"elementor elementor-1218\" data-elementor-post-type=\"post\">\n\t\t\t\t<div data-particle_enable=\"false\" data-particle-mobile-disabled=\"false\" class=\"elementor-element elementor-element-bb93379 e-flex e-con-boxed e-con e-parent\" data-id=\"bb93379\" data-element_type=\"container\" data-e-type=\"container\">\n\t\t\t\t\t<div class=\"e-con-inner\">\n\t\t<div data-particle_enable=\"false\" data-particle-mobile-disabled=\"false\" class=\"elementor-element elementor-element-c30ea63 e-con-full e-flex e-con e-child\" data-id=\"c30ea63\" data-element_type=\"container\" data-e-type=\"container\">\n\t\t\t\t<div class=\"elementor-element elementor-element-169da6d elementor-widget elementor-widget-text-editor\" data-id=\"169da6d\" data-element_type=\"widget\" data-e-type=\"widget\" data-widget_type=\"text-editor.default\">\n\t\t\t\t<div class=\"elementor-widget-container\">\n\t\t\t\t\t\t\t\t\t<p>\u00ab\u00a0<em>N\u2019oublions pas que c\u2019est au nom de la libert\u00e9 et pour combattre les coutumes barbares que les puissances europ\u00e9ennes sont venues dans les territoires de l\u2019Afrique<\/em><sup class=\"modern-footnotes-footnote \" data-mfn=\"1\" data-mfn-post-scope=\"00000000000004c60000000000000000_1218\"><a href=\"javascript:void(0)\"  role=\"button\" aria-pressed=\"false\" aria-describedby=\"mfn-content-00000000000004c60000000000000000_1218-1\">1<\/a><\/sup><span id=\"mfn-content-00000000000004c60000000000000000_1218-1\" role=\"tooltip\" class=\"modern-footnotes-footnote__note\" tabindex=\"0\" data-mfn=\"1\"> ANOM 14MIOM 1191 :  Circulaire du D\u00e9l\u00e9gu\u00e9 permanent du gouverneur g\u00e9n\u00e9ral dans les territoires du Haut-S\u00e9n\u00e9gal et Moyen-Niger, 1er f\u00e9vrier 1901.<\/span><em>.<\/em>\u00a0\u00bb<\/p>\n\n<p>William Ponty<sup class=\"modern-footnotes-footnote \" data-mfn=\"2\" data-mfn-post-scope=\"00000000000004c60000000000000000_1218\"><a href=\"javascript:void(0)\"  role=\"button\" aria-pressed=\"false\" aria-describedby=\"mfn-content-00000000000004c60000000000000000_1218-2\">2<\/a><\/sup><span id=\"mfn-content-00000000000004c60000000000000000_1218-2\" role=\"tooltip\" class=\"modern-footnotes-footnote__note\" tabindex=\"0\" data-mfn=\"2\"> William Ponty d\u00e9l\u00e9gu\u00e9 permanent du gouverneur g\u00e9n\u00e9ral de l\u2019AOF, faisant office du chef de colonie dans les territoires du Haut-S\u00e9n\u00e9gal et Moyen Niger (Soudan fran\u00e7ais).<\/span>, 1901.<\/p>\n\n<p>On observe bien ici, l\u2019image du colonisateur europ\u00e9en, h\u00e9ritier des Lumi\u00e8res, lib\u00e9rant les Africains de la barbarie. De fa\u00e7on g\u00e9n\u00e9rale, la domination coloniale en Afrique Occidentale au XIX<sup>e<\/sup> et XX<sup>e<\/sup> si\u00e8cle est pr\u00e9sent\u00e9e par les gouverneurs et les hauts cadre de l\u2019administration coloniale fran\u00e7aise comme\u00a0une croisade lib\u00e9ratrice. Pourtant, dans le premier projet d\u2019expansion coloniale au Soudan occidental, l\u2019esprit des Lumi\u00e8res n\u2019est gu\u00e8re un argument mis en avant, ce sont plut\u00f4t les objectifs \u00e9conomiques qui pr\u00e9dominent \u00e0 cette \u00e9poque. En effet, c\u2019est pour \u00e9tablir des relations commerciales avec les populations du Soudan occidental, contr\u00e9es o\u00f9 l\u2019on trouve &#8211; d\u2019apr\u00e8s les r\u00e9cits des voyageurs europ\u00e9ens dont Mungo Park &#8211; de nombreux produits, dont le coton, en grande quantit\u00e9 et \u00e0 vil prix, que Louis Faidherbe a\u00a0con\u00e7u l\u2019id\u00e9e de se rendre ma\u00eetre du soudan occidental, travers\u00e9 par deux grands fleuves (le Niger et le S\u00e9n\u00e9gal<sup class=\"modern-footnotes-footnote \" data-mfn=\"3\" data-mfn-post-scope=\"00000000000004c60000000000000000_1218\"><a href=\"javascript:void(0)\"  role=\"button\" aria-pressed=\"false\" aria-describedby=\"mfn-content-00000000000004c60000000000000000_1218-3\">3<\/a><\/sup><span id=\"mfn-content-00000000000004c60000000000000000_1218-3\" role=\"tooltip\" class=\"modern-footnotes-footnote__note\" tabindex=\"0\" data-mfn=\"3\"> ANS 18G2 : L\u2019organisation d\u2019un gouvernement g\u00e9n\u00e9ral de l\u2019Afrique occidentale. Soudan, S\u00e9n\u00e9gal, Guin\u00e9e, C\u00f4te d\u2019Ivoire, Dahomey ; voir aussi Joseph-Simon Gallieni, Voyage au Soudan fran\u00e7ais (Haut-Niger et pays de S\u00e9gou), 1879-1881, Paris, Hachette et Cie, 1885, p. 5 [disponible sur Gallica] ; Capitaine Etienne Peroz, Au Soudan fran\u00e7ais : souvenirs de guerre et de mission, Paris, C. L\u00e9vy, 1889, p. d\u00e9dicaces [disponible sur Gallica].<\/span>). Son projet d\u2019annexion est amorc\u00e9 en 1855, avec la construction du fort de M\u00e9dine<sup class=\"modern-footnotes-footnote \" data-mfn=\"4\" data-mfn-post-scope=\"00000000000004c60000000000000000_1218\"><a href=\"javascript:void(0)\"  role=\"button\" aria-pressed=\"false\" aria-describedby=\"mfn-content-00000000000004c60000000000000000_1218-4\">4<\/a><\/sup><span id=\"mfn-content-00000000000004c60000000000000000_1218-4\" role=\"tooltip\" class=\"modern-footnotes-footnote__note\" tabindex=\"0\" data-mfn=\"4\"> Voir Thirno Mouctar Bah, \u00ab Les forts fran\u00e7ais et le contr\u00f4le de l\u2019espace dans le Haut-S\u00e9n\u00e9gal-Niger (1855-1898), 2000 ans d\u2019histoire africaine. Le sol, la parole et l\u2019\u00e9crit. M\u00e9langes en hommage \u00e0 Raymond Mauny, tome II, Paris, Soci\u00e9t\u00e9 fran\u00e7aise d\u2019histoire d\u2019outre-mer, 1981, p. 977-995.<\/span>. \u00c0 cette \u00e9poque, l\u2019argument du rayonnement de la civilisation fran\u00e7aise \u00e9tait peu utilis\u00e9.<\/p>\n\n<p>Mais \u00e0 partir des ann\u00e9es 1880, l\u2019\u00e9poque du d\u00e9but de la conqu\u00eate de l\u2019int\u00e9rieur du Soudan, il devient de plus en plus utilis\u00e9 et pour une raison simple. En m\u00e9tropole, on cherchait \u00e0 faire adh\u00e9rer \u00e0 l\u2019id\u00e9e de l\u2019expansion coloniale la partie de l\u2019opinion publique r\u00e9ticente. En effet, les avocats de la conqu\u00eate coloniale, qui avaient d\u2019abord mis l\u2019accent sur le caract\u00e8re mercantiliste de cette entreprise<sup class=\"modern-footnotes-footnote \" data-mfn=\"5\" data-mfn-post-scope=\"00000000000004c60000000000000000_1218\"><a href=\"javascript:void(0)\"  role=\"button\" aria-pressed=\"false\" aria-describedby=\"mfn-content-00000000000004c60000000000000000_1218-5\">5<\/a><\/sup><span id=\"mfn-content-00000000000004c60000000000000000_1218-5\" role=\"tooltip\" class=\"modern-footnotes-footnote__note\" tabindex=\"0\" data-mfn=\"5\"> La doctrine de l\u2019expansion coloniale de cette \u00e9poque s\u2019inscrit dans un contexte de r\u00e9cession \u00e9conomique. En effet, \u00e0 partir de 1873-1874, la France connait une phase d\u00e9pressive qui se prolongera jusqu\u2019\u00e0 la fin du XIXe si\u00e8cle. Dans ce contexte, l\u2019expansion coloniale est pr\u00e9sent\u00e9e par beaucoup comme le moyen pouvant permettre \u00e0 l\u2019\u00c9tat de relancer son \u00e9conomie. Raoul Girardet, L\u2019id\u00e9e coloniale en France de 1871 \u00e0 1962, Paris, Hachette litt\u00e9ratures, p. 72.<\/span>, se sont aper\u00e7us que cette politique d\u2019expansion d\u2019outre-mer se trouve \u00e0 contre-courant d\u2019une bonne partie de l\u2019opinion publique fran\u00e7aise. Aussit\u00f4t, ils tentent d\u2019\u00e9mouvoir en parlant d\u2019humanisme et du rayonnement de la civilisation fran\u00e7aise<sup class=\"modern-footnotes-footnote \" data-mfn=\"6\" data-mfn-post-scope=\"00000000000004c60000000000000000_1218\"><a href=\"javascript:void(0)\"  role=\"button\" aria-pressed=\"false\" aria-describedby=\"mfn-content-00000000000004c60000000000000000_1218-6\">6<\/a><\/sup><span id=\"mfn-content-00000000000004c60000000000000000_1218-6\" role=\"tooltip\" class=\"modern-footnotes-footnote__note\" tabindex=\"0\" data-mfn=\"6\"> Pierre Fran\u00e7ois Gonidec, Droit d\u2019Outre-mer, t. 1, Paris, Montchrestien, 1959-1960, p. 86.<\/span> : Nation civilis\u00e9e par excellence, la France se doit de r\u00e9pandre chez les peuples attard\u00e9s les principes de sa civilisation<sup class=\"modern-footnotes-footnote \" data-mfn=\"7\" data-mfn-post-scope=\"00000000000004c60000000000000000_1218\"><a href=\"javascript:void(0)\"  role=\"button\" aria-pressed=\"false\" aria-describedby=\"mfn-content-00000000000004c60000000000000000_1218-7\">7<\/a><\/sup><span id=\"mfn-content-00000000000004c60000000000000000_1218-7\" role=\"tooltip\" class=\"modern-footnotes-footnote__note\" tabindex=\"0\" data-mfn=\"7\"> Micheline Landraud, \u00ab Justice indig\u00e8ne et politique coloniale : l\u2019exemple de la C\u00f4te d\u2019Ivoire (1903-1940) \u00bb, n\u00b0 759, Penant, 1978,p. 5-41, p. 6.<\/span>. Ainsi, la mission civilisatrice, qui n\u2019est pourtant pas le mobile le plus important, devient le plus mis en avant sous la troisi\u00e8me R\u00e9publique.<\/p>\n\n<p>\u00c0 son arriv\u00e9e en Afrique Occidentale, dans la r\u00e9gion comprenant \u00ab\u00a0les bassins du haut S\u00e9n\u00e9gal et du moyen Niger<sup class=\"modern-footnotes-footnote \" data-mfn=\"8\" data-mfn-post-scope=\"00000000000004c60000000000000000_1218\"><a href=\"javascript:void(0)\"  role=\"button\" aria-pressed=\"false\" aria-describedby=\"mfn-content-00000000000004c60000000000000000_1218-8\">8<\/a><\/sup><span id=\"mfn-content-00000000000004c60000000000000000_1218-8\" role=\"tooltip\" class=\"modern-footnotes-footnote__note\" tabindex=\"0\" data-mfn=\"8\"> Louis Le Clech et Jules Le Clech, \u00ab Du r\u00e9gime coutumier au Soudan fran\u00e7ais \u00bb, Revue coloniale, 1er semestre, 1901, p. 279-295, p. 280.<\/span>\u00a0\u00bb, connue sous la d\u00e9nomination du Soudan occidental et qui deviendra, en 1888, le Soudan fran\u00e7ais, le colonisateur pose le principe du respect des coutumes afin de ne pas provoquer d\u2019embl\u00e9e des conflits avec les autochtones ou indig\u00e8nes. Mais, il va imm\u00e9diatement subordonner l\u2019application des coutumes indig\u00e8nes \u00e0 leur conformit\u00e9 avec les principes civilisateurs de la France. Il s\u2019agit entre autres, bien qu\u2019aucune d\u00e9finition n\u2019ait \u00e9t\u00e9 donn\u00e9e par les textes d\u2019organisation judiciaire, des principes de libert\u00e9, de l\u2019\u00e9galit\u00e9 et de la justice issus des Lumi\u00e8res et de la R\u00e9volution de 1789. Ces principes ont-ils \u00e9t\u00e9 r\u00e9ellement appliqu\u00e9s au Soudan occidental ou sont-ils, au contraire, rest\u00e9s dans le cadre th\u00e9orique\u00a0?<\/p>\n\n<p>S\u2019il est vrai que dans la colonie de Soudan fran\u00e7ais, les autorit\u00e9s coloniales fran\u00e7aises ont essay\u00e9 de faire leurs les valeurs philosophiques h\u00e9rit\u00e9es des Lumi\u00e8res, conform\u00e9ment au principal argument mis en avant par les partisans de l\u2019expansion coloniale sous la troisi\u00e8me R\u00e9publique <strong>(I),<\/strong> il ne fait aucun doute qu\u2019elles ont aussi transgress\u00e9 ces m\u00eames principes lorsque leurs int\u00e9r\u00eats \u00e9taient en jeu <strong>(II).<\/strong><\/p>\t\t\t\t\t\t\t\t<\/div>\n\t\t\t\t<\/div>\n\t\t\t\t<\/div>\n\t\t<div data-particle_enable=\"false\" data-particle-mobile-disabled=\"false\" class=\"elementor-element elementor-element-de12f41 elementor-hidden-mobile e-con-full elementor-hidden-tablet e-flex e-con e-child\" data-id=\"de12f41\" data-element_type=\"container\" data-e-type=\"container\">\n\t\t<div data-particle_enable=\"false\" data-particle-mobile-disabled=\"false\" class=\"elementor-element elementor-element-2a57d3c e-con-full e-flex e-con e-child\" data-id=\"2a57d3c\" data-element_type=\"container\" data-e-type=\"container\">\n\t\t\t\t<div class=\"elementor-element elementor-element-c0ade26 elementor-widget-divider--view-line_text elementor-widget-divider--element-align-center elementor-widget elementor-widget-divider\" data-id=\"c0ade26\" data-element_type=\"widget\" data-e-type=\"widget\" data-widget_type=\"divider.default\">\n\t\t\t\t<div class=\"elementor-widget-container\">\n\t\t\t\t\t\t\t<div class=\"elementor-divider\">\n\t\t\t<span class=\"elementor-divider-separator\">\n\t\t\t\t\t\t\t<p class=\"elementor-divider__text elementor-divider__element\">\n\t\t\t\tPage 1\t\t\t\t<\/p>\n\t\t\t\t\t\t<\/span>\n\t\t<\/div>\n\t\t\t\t\t\t<\/div>\n\t\t\t\t<\/div>\n\t\t\t\t<div class=\"elementor-element elementor-element-e71eda1 eael-tooltip-align-left eael-tooltip-text-align-left elementor-widget elementor-widget-eael-tooltip\" data-id=\"e71eda1\" data-element_type=\"widget\" data-e-type=\"widget\" data-widget_type=\"eael-tooltip.default\">\n\t\t\t\t<div class=\"elementor-widget-container\">\n\t\t\t\t\t\t<div class=\"eael-tooltip\">\n\t\t\t\t\t<p class=\"eael-tooltip-content\" tabindex=\"0\" aria-describedby=\"tooltip-text-e71eda1\"><div><div>[1] ANOM 14MIOM 1191 : Circulaire...<\/div><\/div><\/p>\n  \t\t\t<span id=\"tooltip-text-e71eda1\" class=\"eael-tooltip-text eael-tooltip-bottom\" role=\"tooltip\"><p>ANOM 14MIOM 1191 : Circulaire du D\u00e9l\u00e9gu\u00e9 permanent du gouverneur g\u00e9n\u00e9ral dans les territoires du Haut-S\u00e9n\u00e9gal et Moyen-Niger, 1er f\u00e9vrier 1901.<\/p><\/span>\n  \t\t\t<\/div>\n\t\t\t\t\t<\/div>\n\t\t\t\t<\/div>\n\t\t\t\t<div class=\"elementor-element elementor-element-b291352 eael-tooltip-align-left eael-tooltip-text-align-left elementor-widget elementor-widget-eael-tooltip\" data-id=\"b291352\" data-element_type=\"widget\" data-e-type=\"widget\" data-widget_type=\"eael-tooltip.default\">\n\t\t\t\t<div class=\"elementor-widget-container\">\n\t\t\t\t\t\t<div class=\"eael-tooltip\">\n\t\t\t\t\t<p class=\"eael-tooltip-content\" tabindex=\"0\" aria-describedby=\"tooltip-text-b291352\"><div>[2] William Ponty d\u00e9l\u00e9gu\u00e9 permanent...<\/div><\/p>\n  \t\t\t<span id=\"tooltip-text-b291352\" class=\"eael-tooltip-text eael-tooltip-bottom\" role=\"tooltip\"><p>William Ponty d\u00e9l\u00e9gu\u00e9 permanent du gouverneur g\u00e9n\u00e9ral de l\u2019AOF, faisant office du chef de colonie dans les territoires du Haut-S\u00e9n\u00e9gal et Moyen Niger (Soudan fran\u00e7ais).<\/p><\/span>\n  \t\t\t<\/div>\n\t\t\t\t\t<\/div>\n\t\t\t\t<\/div>\n\t\t\t\t<div class=\"elementor-element elementor-element-926d158 eael-tooltip-align-left eael-tooltip-text-align-left elementor-widget elementor-widget-eael-tooltip\" data-id=\"926d158\" data-element_type=\"widget\" data-e-type=\"widget\" data-widget_type=\"eael-tooltip.default\">\n\t\t\t\t<div class=\"elementor-widget-container\">\n\t\t\t\t\t\t<div class=\"eael-tooltip\">\n\t\t\t\t\t<p class=\"eael-tooltip-content\" tabindex=\"0\" aria-describedby=\"tooltip-text-926d158\"><div>[3] ANS 18G2 : L\u2019organisation d\u2019un...<\/div><\/p>\n  \t\t\t<span id=\"tooltip-text-926d158\" class=\"eael-tooltip-text eael-tooltip-bottom\" role=\"tooltip\"><p>ANS 18G2 : L\u2019organisation d\u2019un gouvernement g\u00e9n\u00e9ral de l\u2019Afrique occidentale. Soudan, S\u00e9n\u00e9gal, Guin\u00e9e, C\u00f4te d\u2019Ivoire, Dahomey ; voir aussi Joseph-Simon Gallieni, Voyage au Soudan fran\u00e7ais (Haut-Niger et pays de S\u00e9gou), 1879-1881, Paris, Hachette et Cie, 1885, p. 5 [disponible sur Gallica] ; Capitaine Etienne Peroz, Au Soudan fran\u00e7ais : souvenirs de guerre et de mission, Paris, C. L\u00e9vy, 1889, p. d\u00e9dicaces [disponible sur Gallica].<\/p><\/span>\n  \t\t\t<\/div>\n\t\t\t\t\t<\/div>\n\t\t\t\t<\/div>\n\t\t\t\t<div class=\"elementor-element elementor-element-9155e36 eael-tooltip-align-left eael-tooltip-text-align-left elementor-widget elementor-widget-eael-tooltip\" data-id=\"9155e36\" data-element_type=\"widget\" data-e-type=\"widget\" data-widget_type=\"eael-tooltip.default\">\n\t\t\t\t<div class=\"elementor-widget-container\">\n\t\t\t\t\t\t<div class=\"eael-tooltip\">\n\t\t\t\t\t<p class=\"eael-tooltip-content\" tabindex=\"0\" aria-describedby=\"tooltip-text-9155e36\"><div>[4] Voir Thirno Mouctar Bah, \u00ab Les forts...<\/div><\/p>\n  \t\t\t<span id=\"tooltip-text-9155e36\" class=\"eael-tooltip-text eael-tooltip-bottom\" role=\"tooltip\"><p>Voir Thirno Mouctar Bah, \u00ab Les forts fran\u00e7ais et le contr\u00f4le de l\u2019espace dans le Haut-S\u00e9n\u00e9gal-Niger (1855-1898), 2000 ans d\u2019histoire africaine. Le sol, la parole et l\u2019\u00e9crit. M\u00e9langes en hommage \u00e0 Raymond Mauny, tome II, Paris, Soci\u00e9t\u00e9 fran\u00e7aise d\u2019histoire d\u2019outre-mer, 1981, p. 977-995.<\/p><\/span>\n  \t\t\t<\/div>\n\t\t\t\t\t<\/div>\n\t\t\t\t<\/div>\n\t\t\t\t<div class=\"elementor-element elementor-element-ece49dd eael-tooltip-align-left eael-tooltip-text-align-left elementor-widget elementor-widget-eael-tooltip\" data-id=\"ece49dd\" data-element_type=\"widget\" data-e-type=\"widget\" data-widget_type=\"eael-tooltip.default\">\n\t\t\t\t<div class=\"elementor-widget-container\">\n\t\t\t\t\t\t<div class=\"eael-tooltip\">\n\t\t\t\t\t<p class=\"eael-tooltip-content\" tabindex=\"0\" aria-describedby=\"tooltip-text-ece49dd\"><div>[5] La doctrine de l\u2019expansion coloniale...<\/div><\/p>\n  \t\t\t<span id=\"tooltip-text-ece49dd\" class=\"eael-tooltip-text eael-tooltip-bottom\" role=\"tooltip\"><p>La doctrine de l\u2019expansion coloniale de cette \u00e9poque s\u2019inscrit dans un contexte de r\u00e9cession \u00e9conomique. En effet, \u00e0 partir de 1873-1874, la France connait une phase d\u00e9pressive qui se prolongera jusqu\u2019\u00e0 la fin du XIXe si\u00e8cle. Dans ce contexte, l\u2019expansion coloniale est pr\u00e9sent\u00e9e par beaucoup comme le moyen pouvant permettre \u00e0 l\u2019\u00c9tat de relancer son \u00e9conomie. Raoul Girardet, L\u2019id\u00e9e coloniale en France de 1871 \u00e0 1962, Paris, Hachette litt\u00e9ratures, p. 72.<\/p><\/span>\n  \t\t\t<\/div>\n\t\t\t\t\t<\/div>\n\t\t\t\t<\/div>\n\t\t\t\t<div class=\"elementor-element elementor-element-ea143d2 eael-tooltip-align-left eael-tooltip-text-align-left elementor-widget elementor-widget-eael-tooltip\" data-id=\"ea143d2\" data-element_type=\"widget\" data-e-type=\"widget\" data-widget_type=\"eael-tooltip.default\">\n\t\t\t\t<div class=\"elementor-widget-container\">\n\t\t\t\t\t\t<div class=\"eael-tooltip\">\n\t\t\t\t\t<p class=\"eael-tooltip-content\" tabindex=\"0\" aria-describedby=\"tooltip-text-ea143d2\"><div>[6] Pierre Fran\u00e7ois Gonidec, Droit...<\/div><\/p>\n  \t\t\t<span id=\"tooltip-text-ea143d2\" class=\"eael-tooltip-text eael-tooltip-bottom\" role=\"tooltip\"><p>Pierre Fran\u00e7ois Gonidec, Droit d\u2019Outre-mer, t. 1, Paris, Montchrestien, 1959-1960, p. 86.<\/p><\/span>\n  \t\t\t<\/div>\n\t\t\t\t\t<\/div>\n\t\t\t\t<\/div>\n\t\t\t\t<div class=\"elementor-element elementor-element-b4541f6 eael-tooltip-align-left eael-tooltip-text-align-left elementor-widget elementor-widget-eael-tooltip\" data-id=\"b4541f6\" data-element_type=\"widget\" data-e-type=\"widget\" data-widget_type=\"eael-tooltip.default\">\n\t\t\t\t<div class=\"elementor-widget-container\">\n\t\t\t\t\t\t<div class=\"eael-tooltip\">\n\t\t\t\t\t<p class=\"eael-tooltip-content\" tabindex=\"0\" aria-describedby=\"tooltip-text-b4541f6\"><div>[7] Micheline Landraud, \u00ab Justice...<\/div><\/p>\n  \t\t\t<span id=\"tooltip-text-b4541f6\" class=\"eael-tooltip-text eael-tooltip-bottom\" role=\"tooltip\"><p>Micheline Landraud, \u00ab Justice indig\u00e8ne et politique coloniale : l\u2019exemple de la C\u00f4te d\u2019Ivoire (1903-1940) \u00bb, n\u00b0 759, Penant, 1978,p. 5-41, p. 6.<\/p><\/span>\n  \t\t\t<\/div>\n\t\t\t\t\t<\/div>\n\t\t\t\t<\/div>\n\t\t\t\t<div class=\"elementor-element elementor-element-c8efd51 eael-tooltip-align-left eael-tooltip-text-align-left elementor-widget elementor-widget-eael-tooltip\" data-id=\"c8efd51\" data-element_type=\"widget\" data-e-type=\"widget\" data-widget_type=\"eael-tooltip.default\">\n\t\t\t\t<div class=\"elementor-widget-container\">\n\t\t\t\t\t\t<div class=\"eael-tooltip\">\n\t\t\t\t\t<p class=\"eael-tooltip-content\" tabindex=\"0\" aria-describedby=\"tooltip-text-c8efd51\"><p>[8] Louis Le Clech et Jules Le Clech...<\/p><\/p>\n  \t\t\t<span id=\"tooltip-text-c8efd51\" class=\"eael-tooltip-text eael-tooltip-bottom\" role=\"tooltip\"><p>Louis Le Clech et Jules Le Clech, \u00ab Du r\u00e9gime coutumier au Soudan fran\u00e7ais \u00bb, Revue coloniale, 1er semestre, 1901, p. 279-295, p. 280.<\/p><\/span>\n  \t\t\t<\/div>\n\t\t\t\t\t<\/div>\n\t\t\t\t<\/div>\n\t\t\t\t<\/div>\n\t\t\t\t<\/div>\n\t\t\t\t\t<\/div>\n\t\t\t\t<\/div>\n\t\t<div data-particle_enable=\"false\" data-particle-mobile-disabled=\"false\" class=\"elementor-element elementor-element-ed92b61 e-flex e-con-boxed e-con e-parent\" data-id=\"ed92b61\" data-element_type=\"container\" data-e-type=\"container\">\n\t\t\t\t\t<div class=\"e-con-inner\">\n\t\t<div data-particle_enable=\"false\" data-particle-mobile-disabled=\"false\" class=\"elementor-element elementor-element-d817f4b e-con-full e-flex e-con e-child\" data-id=\"d817f4b\" data-element_type=\"container\" data-e-type=\"container\">\n\t\t\t\t<div class=\"elementor-element elementor-element-a783ae4 elementor-widget elementor-widget-text-editor\" data-id=\"a783ae4\" data-element_type=\"widget\" data-e-type=\"widget\" data-widget_type=\"text-editor.default\">\n\t\t\t\t<div class=\"elementor-widget-container\">\n\t\t\t\t\t\t\t\t\t<h2>I. L\u2019application r\u00e9elle des principes civilisateurs hautement affirm\u00e9s<\/h2><p>Ind\u00e9niablement, le pouvoir colonial fran\u00e7ais a appliqu\u00e9 les principes de sa civilisation par l\u2019abolition de certaines coutumes ou pratiques, qualifi\u00e9es de barbares et inhumaines. Deux exemples suffisent \u00e0 le d\u00e9montrer\u00a0: la suppression de la mise \u00e0 mort des individus reconnus coupables de pratiques de sorcellerie d\u2019une part <strong>(A),<\/strong> et l\u2019interdiction des peines corporelles, d\u2019autre part <strong>(B).<\/strong><\/p><h3 style=\"padding-left: 40px;\">A. L\u2019interdiction de la mise \u00e0 mort des individus reconnus coupables de pratiques de sorcellerie\u00a0<\/h3><p>Les philosophes des Lumi\u00e8res, domin\u00e9s par un versant humaniste, ont cherch\u00e9 \u00e0 affranchir les peuples de la tutelle religieuse. De la m\u00eame fa\u00e7on, la puissance coloniale, se pr\u00e9sentant comme l\u2019h\u00e9riti\u00e8re des Lumi\u00e8res, va chercher \u00e0 lib\u00e9rer les populations indig\u00e8nes des coutumes religieuses qualifi\u00e9es d\u2019inhumaines. L\u2019une de ces coutumes est la mise \u00e0 mort des personnes accus\u00e9es de sorcellerie.<\/p><p>En effet, les autochtones du Soudan, comme les populations europ\u00e9ennes du Moyen \u00c2ge et de l\u2019\u00e9poque moderne, croient qu\u2019il existe dans la soci\u00e9t\u00e9 des personnes qui, portant en elles le principe du mal, n\u2019ont comme seul but que de provoquer la mort des hommes<sup class=\"modern-footnotes-footnote \" data-mfn=\"9\" data-mfn-post-scope=\"00000000000004c60000000000000000_1218\"><a href=\"javascript:void(0)\" refnum=\"9\" role=\"button\" aria-pressed=\"false\" aria-describedby=\"mfn-content-00000000000004c60000000000000000_1218-9\">9<\/a><\/sup><span id=\"mfn-content-00000000000004c60000000000000000_1218-9\" role=\"tooltip\" class=\"modern-footnotes-footnote__note\" tabindex=\"0\" data-mfn=\"9\"> Joseph Pic, Justice r\u00e9pressive indig\u00e8ne au Togo, plus particuli\u00e8rement sous le r\u00e9gime du d\u00e9cret du 22 novembre 1922, th\u00e8se, facult\u00e9 de droit de Bordeaux, 1936, p. 13 [disponible en ligne sur Gallica].<\/span>, causer des \u00e9pid\u00e9mies ou des catastrophes. Ces personnes appel\u00e9es sorciers agissent, selon la tradition,\u00a0 presque toujours dans l\u2019ombre. La population les c\u00f4toie sans se douter de leur pouvoir mystique nocif et de leur activit\u00e9. C\u2019est pourtant elles qui \u00ab mangent l\u2019\u00e2me des gens \u00bb et qui jettent les mauvais sorts provoquant maladies et catastrophes<sup class=\"modern-footnotes-footnote \" data-mfn=\"10\" data-mfn-post-scope=\"00000000000004c60000000000000000_1218\"><a href=\"javascript:void(0)\"  role=\"button\" aria-pressed=\"false\" aria-describedby=\"mfn-content-00000000000004c60000000000000000_1218-10\">10<\/a><\/sup><span id=\"mfn-content-00000000000004c60000000000000000_1218-10\" role=\"tooltip\" class=\"modern-footnotes-footnote__note\" tabindex=\"0\" data-mfn=\"10\"> ANS 17G 92 (17) : Rapport politique annuel de la C\u00f4te d\u2019Ivoire, 1940.<\/span>. Nul indig\u00e8ne, m\u00eame form\u00e9 \u00e0 l\u2019\u00e9cole europ\u00e9enne, ne met en doute la r\u00e9alit\u00e9 du meurtre par fait de sorcellerie<sup class=\"modern-footnotes-footnote \" data-mfn=\"11\" data-mfn-post-scope=\"00000000000004c60000000000000000_1218\"><a href=\"javascript:void(0)\"  role=\"button\" aria-pressed=\"false\" aria-describedby=\"mfn-content-00000000000004c60000000000000000_1218-11\">11<\/a><\/sup><span id=\"mfn-content-00000000000004c60000000000000000_1218-11\" role=\"tooltip\" class=\"modern-footnotes-footnote__note\" tabindex=\"0\" data-mfn=\"11\"> Robert Randau, \u00ab La Magie et sorcellerie africaines au contact de la civilisation europ\u00e9enne \u00bb, Outre-Mer, revue g\u00e9n\u00e9rale de colonisation, n\u00b01, 9e ann\u00e9e, Mars 1937, p. 3-20, p. 5.<\/span> qui constitue la plus grave infraction dans la soci\u00e9t\u00e9 traditionnelle<sup class=\"modern-footnotes-footnote \" data-mfn=\"12\" data-mfn-post-scope=\"00000000000004c60000000000000000_1218\"><a href=\"javascript:void(0)\"  role=\"button\" aria-pressed=\"false\" aria-describedby=\"mfn-content-00000000000004c60000000000000000_1218-12\">12<\/a><\/sup><span id=\"mfn-content-00000000000004c60000000000000000_1218-12\" role=\"tooltip\" class=\"modern-footnotes-footnote__note\" tabindex=\"0\" data-mfn=\"12\"> Maryse Raynal, Justice traditionnelle, justice moderne : le devin, le juge et le sorcier, Paris, l\u2019Harmattan, 1994, p. 125.<\/span>. Pour d\u00e9busquer le coupable de cette infraction, on a recours \u00e0 des preuves irrationnelles<sup class=\"modern-footnotes-footnote \" data-mfn=\"13\" data-mfn-post-scope=\"00000000000004c60000000000000000_1218\"><a href=\"javascript:void(0)\"  role=\"button\" aria-pressed=\"false\" aria-describedby=\"mfn-content-00000000000004c60000000000000000_1218-13\">13<\/a><\/sup><span id=\"mfn-content-00000000000004c60000000000000000_1218-13\" role=\"tooltip\" class=\"modern-footnotes-footnote__note\" tabindex=\"0\" data-mfn=\"13\"> Ibid.<\/span> ou rituelles complexes, comme la d\u00e9coction de bois rouge que l\u2019accus\u00e9 avale, le bain d\u2019huile bouillante dans lequel il trempe sa main, le morceau de fer rougi au feu sur lequel il doit poser la plante des pieds et rester immobile, etc.<\/p><p>Le sorcier ainsi d\u00e9nonc\u00e9 et reconnu sur la base des preuves irrationnelles est g\u00e9n\u00e9ralement mis \u00e0 mort . Consid\u00e9r\u00e9 comme \u00ab une pollution \u00bb, sa mort purifie la soci\u00e9t\u00e9. En 1942, dans le village de Sindi\u00e9, canton de Louta, cercle de Tougan, \u00e0 la suite d\u2019une consultation coutumi\u00e8re Petouye Zango, r\u00e9put\u00e9 sorcier, consid\u00e9r\u00e9 comme responsable de la s\u00e8cheresse persistante est d\u00e9sign\u00e9 comme devant servir de victime expiatoire. Amen\u00e9 sur le lieu du sacrifice, il est imm\u00e9diatement abattu avant que son corps ne soit emport\u00e9 dans la brousse o\u00f9 il est d\u00e9pos\u00e9 conform\u00e9ment \u00e0 la coutume, entre les branches fourchues d\u2019un arbre \u00e0 environ 3 km du village.\u00a0 En effet, en pareil cas, la coutume veut que le corps de la victime ne soit pas enterr\u00e9 et pour chasser le mauvais sort qui lui est attach\u00e9, il doit \u00eatre port\u00e9 hors des limites des terrains de culture et vers l\u2019Ouest de fa\u00e7on \u00e0 ce que m\u00eame le vent ne puisse ramener son odeur sur le village<sup class=\"modern-footnotes-footnote \" data-mfn=\"14\" data-mfn-post-scope=\"00000000000004c60000000000000000_1218\"><a href=\"javascript:void(0)\"  role=\"button\" aria-pressed=\"false\" aria-describedby=\"mfn-content-00000000000004c60000000000000000_1218-14\">14<\/a><\/sup><span id=\"mfn-content-00000000000004c60000000000000000_1218-14\" role=\"tooltip\" class=\"modern-footnotes-footnote__note\" tabindex=\"0\" data-mfn=\"14\"> ANM 3 E-12 N4 : Rapport du commandant de cercle de Tougan sur l\u2019affaire Moussa Zogom\u00e9 et consorts, Tougan, le 24 avril 1942.<\/span>.<\/p><p>Le colonisateur va, dans la perspective du d\u00e9veloppement de sa civilisation rejeter imm\u00e9diatement les accusations de sorcellerie (dans son entendement indig\u00e8ne), qu\u2019il consid\u00e8re comme d\u00e9nu\u00e9es de toute base l\u00e9gale<sup class=\"modern-footnotes-footnote \" data-mfn=\"15\" data-mfn-post-scope=\"00000000000004c60000000000000000_1218\"><a href=\"javascript:void(0)\"  role=\"button\" aria-pressed=\"false\" aria-describedby=\"mfn-content-00000000000004c60000000000000000_1218-15\">15<\/a><\/sup><span id=\"mfn-content-00000000000004c60000000000000000_1218-15\" role=\"tooltip\" class=\"modern-footnotes-footnote__note\" tabindex=\"0\" data-mfn=\"15\"> Voir \u00e0 ce propos Papa Oko Seck, \u00ab La justice et la sorcellerie en Afrique Occidentale et Centrale (1900-1960) \u00bb, Droits et cultures. Revue semestrielle d\u2019anthropologie et d\u2019histoire, n\u00b046, 2, 2003, p.117-144, p. 133 et s.<\/span>. Les envo\u00fbtements, les incantations ou les pouvoirs magiques permettant, selon la croyance populaire, de provoquer \u00e0 distance maladie, folie, mort, accident ou autres malheurs ne sont pas r\u00e9pressibles judiciairement, car recouvrant un caract\u00e8re irrationnel. L\u2019abandon des poursuites pour crimes de sorcellerie en France au si\u00e8cle des Lumi\u00e8res en est la cause.<\/p><p>En effet, dans la deuxi\u00e8me moiti\u00e9 du XVIIe si\u00e8cle, apr\u00e8s des si\u00e8cles de pratiques judicaires bas\u00e9es sur l\u2019incrimination de la sorcellerie, on va assister \u00e0 une remise en cause de la r\u00e9alit\u00e9 objective de cette infraction<sup class=\"modern-footnotes-footnote \" data-mfn=\"16\" data-mfn-post-scope=\"00000000000004c60000000000000000_1218\"><a href=\"javascript:void(0)\"  role=\"button\" aria-pressed=\"false\" aria-describedby=\"mfn-content-00000000000004c60000000000000000_1218-16\">16<\/a><\/sup><span id=\"mfn-content-00000000000004c60000000000000000_1218-16\" role=\"tooltip\" class=\"modern-footnotes-footnote__note\" tabindex=\"0\" data-mfn=\"16\"> Robert Mandrou, Magistrats et sorciers en France au XVIIe si\u00e8cle, une analyse de psychologie historique, Paris, Seuil, 1980, p. 14.<\/span>. L\u2019\u00c9dit de 1682 ne permet de r\u00e9primer la sorcellerie qu\u2019indirectement sous les qualificatifs d\u2019empoisonnement, escroquerie et abus de confiance.\u00a0 Cette loi, tout en n\u00e9gligeant la question d\u2019envo\u00fbtement et de conjuration, ridiculise \u00ab\u00a0la vaine profession des devins, magiciens, sorciers, tous assimil\u00e9s \u00e0 des imposteurs<sup class=\"modern-footnotes-footnote \" data-mfn=\"17\" data-mfn-post-scope=\"00000000000004c60000000000000000_1218\"><a href=\"javascript:void(0)\"  role=\"button\" aria-pressed=\"false\" aria-describedby=\"mfn-content-00000000000004c60000000000000000_1218-17\">17<\/a><\/sup><span id=\"mfn-content-00000000000004c60000000000000000_1218-17\" role=\"tooltip\" class=\"modern-footnotes-footnote__note\" tabindex=\"0\" data-mfn=\"17\"> Guy Bechtel, La sorci\u00e8re et l\u2019occident : la destruction de la sorcellerie en Europe des origines aux grands b\u00fbchers, Paris, La fl\u00e8che, 2000, p. 828.<\/span>\u00bb. Au fil des ann\u00e9es, le sorcier perd le pouvoir mal\u00e9fique qu\u2019on lui attribuait, si bien que la plupart des proc\u00e8s de sorcellerie au XVIII<sup>e<\/sup> si\u00e8cle ne concernaient que les magiciens, les devins, les charlatans et des empoisonneurs impliqu\u00e9s dans des affaires criminelles<sup class=\"modern-footnotes-footnote \" data-mfn=\"18\" data-mfn-post-scope=\"00000000000004c60000000000000000_1218\"><a href=\"javascript:void(0)\"  role=\"button\" aria-pressed=\"false\" aria-describedby=\"mfn-content-00000000000004c60000000000000000_1218-18\">18<\/a><\/sup><span id=\"mfn-content-00000000000004c60000000000000000_1218-18\" role=\"tooltip\" class=\"modern-footnotes-footnote__note\" tabindex=\"0\" data-mfn=\"18\"> Jean Palou, La sorcellerie, Paris, Presses universitaires de France, (Collection Que sais-je ?), 9e \u00e9dition, 1995, p. 108.<\/span>. Apr\u00e8s l\u2019abolition des lois relatives aux poursuites de sorcellerie par la R\u00e9volution<sup class=\"modern-footnotes-footnote \" data-mfn=\"19\" data-mfn-post-scope=\"00000000000004c60000000000000000_1218\"><a href=\"javascript:void(0)\"  role=\"button\" aria-pressed=\"false\" aria-describedby=\"mfn-content-00000000000004c60000000000000000_1218-19\">19<\/a><\/sup><span id=\"mfn-content-00000000000004c60000000000000000_1218-19\" role=\"tooltip\" class=\"modern-footnotes-footnote__note\" tabindex=\"0\" data-mfn=\"19\"> Jean Palou, op. cit., p. 111.<\/span>, le l\u00e9gislateur de 1810 adopte des dispositions sanctionnant les devins, les interpr\u00e8tes de songes et les charlatans<sup class=\"modern-footnotes-footnote \" data-mfn=\"20\" data-mfn-post-scope=\"00000000000004c60000000000000000_1218\"><a href=\"javascript:void(0)\"  role=\"button\" aria-pressed=\"false\" aria-describedby=\"mfn-content-00000000000004c60000000000000000_1218-20\">20<\/a><\/sup><span id=\"mfn-content-00000000000004c60000000000000000_1218-20\" role=\"tooltip\" class=\"modern-footnotes-footnote__note\" tabindex=\"0\" data-mfn=\"20\"> L\u2019article 479, alin\u00e9a 7 du code p\u00e9nal fran\u00e7ais de 1810 punit les individus qui pratiquent le m\u00e9tier de devin et d\u2019interpr\u00e8te des songes d\u2019une peine d\u2019amende allant de 11 \u00e0 15 francs.<\/span>. Les jeteurs de sorts qu\u2019on accusait jadis d\u2019avoir conclu des pactes avec le diable ne sont plus poursuivis, car il est injuste de sanctionner une personne pour un crime dont elle ne peut \u00eatre la cause. C\u2019est la m\u00eame logique qui est adopt\u00e9e dans la colonie du Soudan fran\u00e7ais. Le colonisateur va transposer dans cette mati\u00e8re les prescriptions du droit criminel fran\u00e7ais au d\u00e9triment des coutumes locales en qualifiant de meurtre la mise \u00e0 mort du sorcier puisque n\u2019\u00e9tant repos\u00e9e sur aucune preuve rationnelle.<\/p><p>Le syst\u00e8me l\u00e9gal fran\u00e7ais impos\u00e9 ne convient \u00e9videmment pas \u00e0 l\u2019indig\u00e8ne qui ne comprend pas pourquoi l\u2019administration s\u2019efforce de prot\u00e9ger les malfaiteurs au d\u00e9triment des coutumes. Mais ce qu\u2019il ignore, c\u2019est qu\u2019en marge du principe du respect des coutumes, la France s\u2019est donn\u00e9e comme t\u00e2che de substituer \u00e0 l\u2019organisation sociale pr\u00e9existante l\u2019\u00e9volution des mentalit\u00e9s. La volont\u00e9 de faire \u00e9voluer les id\u00e9es appara\u00eet clairement dans d\u2019innombrables affaires de sorcellerie au Soudan fran\u00e7ais.<\/p><p>Citons, pour illustrer notre propos, cette d\u00e9cision de la chambre d\u2019homologation de la Cour d\u2019Appel de l\u2019AOF<sup class=\"modern-footnotes-footnote \" data-mfn=\"21\" data-mfn-post-scope=\"00000000000004c60000000000000000_1218\"><a href=\"javascript:void(0)\"  role=\"button\" aria-pressed=\"false\" aria-describedby=\"mfn-content-00000000000004c60000000000000000_1218-21\">21<\/a><\/sup><span id=\"mfn-content-00000000000004c60000000000000000_1218-21\" role=\"tooltip\" class=\"modern-footnotes-footnote__note\" tabindex=\"0\" data-mfn=\"21\"> Juridiction supr\u00eame en mati\u00e8re indig\u00e8ne.<\/span>, en du 14 septembre 1909, qui condamne \u00e0 vingt ans d\u2019emprisonnement le f\u00e9ticheur Kalley, auteur de l\u2019administration du poison d\u2019\u00e9preuve provoquant la mort de Gu\u00e9ro, accus\u00e9 de sorcellerie :<\/p><p><em>Attendu que si les tribunaux indig\u00e8nes doivent appliquer en toute mati\u00e8re les coutumes locales, c\u2019est \u00e0 la condition qu\u2019elles n\u2019aient rien de contraire aux principes de la civilisation fran\u00e7aise ; Attendu qu\u2019il est contraire \u00e0 ces principes qu\u2019un attentat \u00e0 la vie humaine puisse rester impuni, fut-il ordonn\u00e9 par l\u2019autorit\u00e9 religieuse ; qu\u2019il y a l\u00e0 un acte criminel qu\u2019il importe de r\u00e9primer avec rigueur dans l\u2019int\u00e9r\u00eat m\u00eame de nos populations ; (\u2026)<\/em><sup class=\"modern-footnotes-footnote \" data-mfn=\"22\" data-mfn-post-scope=\"00000000000004c60000000000000000_1218\"><a href=\"javascript:void(0)\"  role=\"button\" aria-pressed=\"false\" aria-describedby=\"mfn-content-00000000000004c60000000000000000_1218-22\">22<\/a><\/sup><span id=\"mfn-content-00000000000004c60000000000000000_1218-22\" role=\"tooltip\" class=\"modern-footnotes-footnote__note\" tabindex=\"0\" data-mfn=\"22\"> ANS M96 : Affaire Ango, Kalley, Taddo, jugement n\u00b0105 de la chambre sp\u00e9ciale d\u2019homologation de la Cour d\u2019Appel de l\u2019AOF, le 14 septembre 1909.<\/span><em>.<\/em><\/p><p>L\u2019examen des jugements rendus par les juridictions indig\u00e8nes permet de constater trois phases de r\u00e9pression. D\u2019abord, jusqu\u2019en 1904, c\u2019est-\u00e0-dire la p\u00e9riode des d\u00e9buts de la colonisation, on remarque que les sanctions prononc\u00e9es contre les bourreaux des personnes accus\u00e9es de sorcellerie sont tr\u00e8s l\u00e9g\u00e8res. Cette l\u00e9g\u00e8ret\u00e9 s\u2019explique par le fait qu\u2019il fallait tout d\u2019abord faire comprendre aux indig\u00e8nes que la pratique de mise \u00e0 mort des personnes accus\u00e9es de sorcellerie, qu\u2019ils consid\u00e8rent comme l\u00e9gale et n\u00e9cessaire au maintien de l\u2019ordre social, n\u2019est ni plus ni moins qu\u2019un crime. Ensuite, de 1904 \u00e0 1940, on observe que les sanctions deviennent de plus en plus lourdes. Tout en se basant sur les diff\u00e9rents textes qui r\u00e9gissent la justice indig\u00e8ne (d\u00e9crets du 16 ao\u00fbt 1912, du 22 mars 1924 et du 3 d\u00e9cembre 1931), les tribunaux s\u2019efforcent, durant cette p\u00e9riode, de tenir compte de la \u00ab mentalit\u00e9 primitive \u00bb des populations. Enfin, \u00e0 partir de 1941, consid\u00e9rant que les indig\u00e8nes ont \u00e9t\u00e9 mieux avertis de la gravit\u00e9 de leur acte, les juridictions indig\u00e8nes, pr\u00e9sid\u00e9es par des magistrats europ\u00e9ens, prononcent les peines de mort contre des personnes responsables de la mise \u00e0 mort des pr\u00e9tendus sorciers.<\/p><p>Outre la mise \u00e0 mort des individus consid\u00e9r\u00e9s comme des sorciers, le colonisateur interdit aussi les peines corporelles, une autre pratique reprouv\u00e9e par les Lumi\u00e8res.<\/p>\t\t\t\t\t\t\t\t<\/div>\n\t\t\t\t<\/div>\n\t\t\t\t<\/div>\n\t\t<div data-particle_enable=\"false\" data-particle-mobile-disabled=\"false\" class=\"elementor-element elementor-element-27c3e2b elementor-hidden-mobile e-con-full elementor-hidden-tablet e-flex e-con e-child\" data-id=\"27c3e2b\" data-element_type=\"container\" data-e-type=\"container\">\n\t\t<div data-particle_enable=\"false\" data-particle-mobile-disabled=\"false\" class=\"elementor-element elementor-element-779e55e e-con-full e-flex e-con e-child\" data-id=\"779e55e\" data-element_type=\"container\" data-e-type=\"container\">\n\t\t\t\t<div class=\"elementor-element elementor-element-74e9104 elementor-widget-divider--view-line_text elementor-widget-divider--element-align-center elementor-widget elementor-widget-divider\" data-id=\"74e9104\" data-element_type=\"widget\" data-e-type=\"widget\" data-widget_type=\"divider.default\">\n\t\t\t\t<div class=\"elementor-widget-container\">\n\t\t\t\t\t\t\t<div class=\"elementor-divider\">\n\t\t\t<span class=\"elementor-divider-separator\">\n\t\t\t\t\t\t\t<p class=\"elementor-divider__text elementor-divider__element\">\n\t\t\t\tPage 2\t\t\t\t<\/p>\n\t\t\t\t\t\t<\/span>\n\t\t<\/div>\n\t\t\t\t\t\t<\/div>\n\t\t\t\t<\/div>\n\t\t\t\t<div class=\"elementor-element elementor-element-00e8300 eael-tooltip-align-left eael-tooltip-text-align-left elementor-widget elementor-widget-eael-tooltip\" data-id=\"00e8300\" data-element_type=\"widget\" data-e-type=\"widget\" data-widget_type=\"eael-tooltip.default\">\n\t\t\t\t<div class=\"elementor-widget-container\">\n\t\t\t\t\t\t<div class=\"eael-tooltip\">\n\t\t\t\t\t<p class=\"eael-tooltip-content\" tabindex=\"0\" aria-describedby=\"tooltip-text-00e8300\"><div><div>[9] Joseph Pic, Justice r\u00e9pressive...<\/div><\/div><\/p>\n  \t\t\t<span id=\"tooltip-text-00e8300\" class=\"eael-tooltip-text eael-tooltip-bottom\" role=\"tooltip\"><p>Joseph Pic, Justice r\u00e9pressive indig\u00e8ne au Togo, plus particuli\u00e8rement sous le r\u00e9gime du d\u00e9cret du 22 novembre 1922, th\u00e8se, facult\u00e9 de droit de Bordeaux, 1936, p. 13 [disponible en ligne sur Gallica].<\/p><\/span>\n  \t\t\t<\/div>\n\t\t\t\t\t<\/div>\n\t\t\t\t<\/div>\n\t\t\t\t<div class=\"elementor-element elementor-element-1e09f4d eael-tooltip-align-left eael-tooltip-text-align-left elementor-widget elementor-widget-eael-tooltip\" data-id=\"1e09f4d\" data-element_type=\"widget\" data-e-type=\"widget\" data-widget_type=\"eael-tooltip.default\">\n\t\t\t\t<div class=\"elementor-widget-container\">\n\t\t\t\t\t\t<div class=\"eael-tooltip\">\n\t\t\t\t\t<p class=\"eael-tooltip-content\" tabindex=\"0\" aria-describedby=\"tooltip-text-1e09f4d\"><div>[10] ANS 17G 92 (17) : Rapport politique...<\/div><\/p>\n  \t\t\t<span id=\"tooltip-text-1e09f4d\" class=\"eael-tooltip-text eael-tooltip-bottom\" role=\"tooltip\"><p>ANS 17G 92 (17) : Rapport politique annuel de la C\u00f4te d\u2019Ivoire, 1940.<\/p><\/span>\n  \t\t\t<\/div>\n\t\t\t\t\t<\/div>\n\t\t\t\t<\/div>\n\t\t\t\t<div class=\"elementor-element elementor-element-4656c6b eael-tooltip-align-left eael-tooltip-text-align-left elementor-widget elementor-widget-eael-tooltip\" data-id=\"4656c6b\" data-element_type=\"widget\" data-e-type=\"widget\" data-widget_type=\"eael-tooltip.default\">\n\t\t\t\t<div class=\"elementor-widget-container\">\n\t\t\t\t\t\t<div class=\"eael-tooltip\">\n\t\t\t\t\t<p class=\"eael-tooltip-content\" tabindex=\"0\" aria-describedby=\"tooltip-text-4656c6b\"><div>[11] Robert Randau, \u00ab La Magie et...<\/div><\/p>\n  \t\t\t<span id=\"tooltip-text-4656c6b\" class=\"eael-tooltip-text eael-tooltip-bottom\" role=\"tooltip\"><p>Robert Randau, \u00ab La Magie et sorcellerie africaines au contact de la civilisation europ\u00e9enne \u00bb, Outre-Mer, revue g\u00e9n\u00e9rale de colonisation, n\u00b01, 9e ann\u00e9e, Mars 1937, p. 3-20, p. 5.<\/p><\/span>\n  \t\t\t<\/div>\n\t\t\t\t\t<\/div>\n\t\t\t\t<\/div>\n\t\t\t\t<div class=\"elementor-element elementor-element-b5bbf3d eael-tooltip-align-left eael-tooltip-text-align-left elementor-widget elementor-widget-eael-tooltip\" data-id=\"b5bbf3d\" data-element_type=\"widget\" data-e-type=\"widget\" data-widget_type=\"eael-tooltip.default\">\n\t\t\t\t<div class=\"elementor-widget-container\">\n\t\t\t\t\t\t<div class=\"eael-tooltip\">\n\t\t\t\t\t<p class=\"eael-tooltip-content\" tabindex=\"0\" aria-describedby=\"tooltip-text-b5bbf3d\"><div>[12] Maryse Raynal, Justice traditionnelle...<\/div><\/p>\n  \t\t\t<span id=\"tooltip-text-b5bbf3d\" class=\"eael-tooltip-text eael-tooltip-bottom\" role=\"tooltip\"><p>Maryse Raynal, Justice traditionnelle, justice moderne : le devin, le juge et le sorcier, Paris, l\u2019Harmattan, 1994, p. 125.<\/p><\/span>\n  \t\t\t<\/div>\n\t\t\t\t\t<\/div>\n\t\t\t\t<\/div>\n\t\t\t\t<div class=\"elementor-element elementor-element-f1cffe0 eael-tooltip-align-left eael-tooltip-text-align-left elementor-widget elementor-widget-eael-tooltip\" data-id=\"f1cffe0\" data-element_type=\"widget\" data-e-type=\"widget\" data-widget_type=\"eael-tooltip.default\">\n\t\t\t\t<div class=\"elementor-widget-container\">\n\t\t\t\t\t\t<div class=\"eael-tooltip\">\n\t\t\t\t\t<p class=\"eael-tooltip-content\" tabindex=\"0\" aria-describedby=\"tooltip-text-f1cffe0\"><div>[13] Ibid.<\/div><\/p>\n  \t\t\t<span id=\"tooltip-text-f1cffe0\" class=\"eael-tooltip-text eael-tooltip-bottom\" role=\"tooltip\"><p>Ibid.<\/p><\/span>\n  \t\t\t<\/div>\n\t\t\t\t\t<\/div>\n\t\t\t\t<\/div>\n\t\t\t\t<div class=\"elementor-element elementor-element-ef12f95 eael-tooltip-align-left eael-tooltip-text-align-left elementor-widget elementor-widget-eael-tooltip\" data-id=\"ef12f95\" data-element_type=\"widget\" data-e-type=\"widget\" data-widget_type=\"eael-tooltip.default\">\n\t\t\t\t<div class=\"elementor-widget-container\">\n\t\t\t\t\t\t<div class=\"eael-tooltip\">\n\t\t\t\t\t<p class=\"eael-tooltip-content\" tabindex=\"0\" aria-describedby=\"tooltip-text-ef12f95\"><div>[14] ANM 3 E-12 N4 : Rapport du...<\/div><\/p>\n  \t\t\t<span id=\"tooltip-text-ef12f95\" class=\"eael-tooltip-text eael-tooltip-bottom\" role=\"tooltip\"><p>ANM 3 E-12 N4 : Rapport du commandant de cercle de Tougan sur l\u2019affaire Moussa Zogom\u00e9 et consorts, Tougan, le 24 avril 1942.<\/p><\/span>\n  \t\t\t<\/div>\n\t\t\t\t\t<\/div>\n\t\t\t\t<\/div>\n\t\t\t\t<div class=\"elementor-element elementor-element-6c5cf2e eael-tooltip-align-left eael-tooltip-text-align-left elementor-widget elementor-widget-eael-tooltip\" data-id=\"6c5cf2e\" data-element_type=\"widget\" data-e-type=\"widget\" data-widget_type=\"eael-tooltip.default\">\n\t\t\t\t<div class=\"elementor-widget-container\">\n\t\t\t\t\t\t<div class=\"eael-tooltip\">\n\t\t\t\t\t<p class=\"eael-tooltip-content\" tabindex=\"0\" aria-describedby=\"tooltip-text-6c5cf2e\"><div>[15] Voir \u00e0 ce propos Papa Oko Seck...<\/div><\/p>\n  \t\t\t<span id=\"tooltip-text-6c5cf2e\" class=\"eael-tooltip-text eael-tooltip-bottom\" role=\"tooltip\"><p>Voir \u00e0 ce propos Papa Oko Seck, \u00ab La justice et la sorcellerie en Afrique Occidentale et Centrale (1900-1960) \u00bb, Droits et cultures. Revue semestrielle d\u2019anthropologie et d\u2019histoire, n\u00b046, 2, 2003, p.117-144, p. 133 et s.<\/p><\/span>\n  \t\t\t<\/div>\n\t\t\t\t\t<\/div>\n\t\t\t\t<\/div>\n\t\t\t\t<div class=\"elementor-element elementor-element-dcd0705 eael-tooltip-align-left eael-tooltip-text-align-left elementor-widget elementor-widget-eael-tooltip\" data-id=\"dcd0705\" data-element_type=\"widget\" data-e-type=\"widget\" data-widget_type=\"eael-tooltip.default\">\n\t\t\t\t<div class=\"elementor-widget-container\">\n\t\t\t\t\t\t<div class=\"eael-tooltip\">\n\t\t\t\t\t<p class=\"eael-tooltip-content\" tabindex=\"0\" aria-describedby=\"tooltip-text-dcd0705\"><div>[16] Robert Mandrou, Magistrats et<\/div><\/p>\n  \t\t\t<span id=\"tooltip-text-dcd0705\" class=\"eael-tooltip-text eael-tooltip-bottom\" role=\"tooltip\"><p>Robert Mandrou, Magistrats et sorciers en France au XVIIe si\u00e8cle, une analyse de psychologie historique, Paris, Seuil, 1980, p. 14.<\/p><\/span>\n  \t\t\t<\/div>\n\t\t\t\t\t<\/div>\n\t\t\t\t<\/div>\n\t\t\t\t<div class=\"elementor-element elementor-element-0a6e0b9 eael-tooltip-align-left eael-tooltip-text-align-left elementor-widget elementor-widget-eael-tooltip\" data-id=\"0a6e0b9\" data-element_type=\"widget\" data-e-type=\"widget\" data-widget_type=\"eael-tooltip.default\">\n\t\t\t\t<div class=\"elementor-widget-container\">\n\t\t\t\t\t\t<div class=\"eael-tooltip\">\n\t\t\t\t\t<p class=\"eael-tooltip-content\" tabindex=\"0\" aria-describedby=\"tooltip-text-0a6e0b9\"><div>[17] Guy Bechtel, La sorci\u00e8re et l\u2019occident...<\/div><\/p>\n  \t\t\t<span id=\"tooltip-text-0a6e0b9\" class=\"eael-tooltip-text eael-tooltip-bottom\" role=\"tooltip\"><p>Guy Bechtel, La sorci\u00e8re et l\u2019occident : la destruction de la sorcellerie en Europe des origines aux grands b\u00fbchers, Paris, La fl\u00e8che, 2000, p. 828.<\/p><\/span>\n  \t\t\t<\/div>\n\t\t\t\t\t<\/div>\n\t\t\t\t<\/div>\n\t\t\t\t<div class=\"elementor-element elementor-element-6e8ad5e eael-tooltip-align-left eael-tooltip-text-align-left elementor-widget elementor-widget-eael-tooltip\" data-id=\"6e8ad5e\" data-element_type=\"widget\" data-e-type=\"widget\" data-widget_type=\"eael-tooltip.default\">\n\t\t\t\t<div class=\"elementor-widget-container\">\n\t\t\t\t\t\t<div class=\"eael-tooltip\">\n\t\t\t\t\t<p class=\"eael-tooltip-content\" tabindex=\"0\" aria-describedby=\"tooltip-text-6e8ad5e\"><div>[18] Jean Palou, La sorcellerie, Paris...<\/div><\/p>\n  \t\t\t<span id=\"tooltip-text-6e8ad5e\" class=\"eael-tooltip-text eael-tooltip-bottom\" role=\"tooltip\"><p>Jean Palou, La sorcellerie, Paris, Presses universitaires de France, (Collection Que sais-je ?), 9e \u00e9dition, 1995, p. 108.<\/p><\/span>\n  \t\t\t<\/div>\n\t\t\t\t\t<\/div>\n\t\t\t\t<\/div>\n\t\t\t\t<div class=\"elementor-element elementor-element-35dad7a eael-tooltip-align-left eael-tooltip-text-align-left elementor-widget elementor-widget-eael-tooltip\" data-id=\"35dad7a\" data-element_type=\"widget\" data-e-type=\"widget\" data-widget_type=\"eael-tooltip.default\">\n\t\t\t\t<div class=\"elementor-widget-container\">\n\t\t\t\t\t\t<div class=\"eael-tooltip\">\n\t\t\t\t\t<p class=\"eael-tooltip-content\" tabindex=\"0\" aria-describedby=\"tooltip-text-35dad7a\"><div>[19] Jean Palou, op. cit., p. 111.<\/div><\/p>\n  \t\t\t<span id=\"tooltip-text-35dad7a\" class=\"eael-tooltip-text eael-tooltip-bottom\" role=\"tooltip\"><p>Jean Palou, op. cit., p. 111.<\/p><\/span>\n  \t\t\t<\/div>\n\t\t\t\t\t<\/div>\n\t\t\t\t<\/div>\n\t\t\t\t<div class=\"elementor-element elementor-element-03638bc eael-tooltip-align-left eael-tooltip-text-align-left elementor-widget elementor-widget-eael-tooltip\" data-id=\"03638bc\" data-element_type=\"widget\" data-e-type=\"widget\" data-widget_type=\"eael-tooltip.default\">\n\t\t\t\t<div class=\"elementor-widget-container\">\n\t\t\t\t\t\t<div class=\"eael-tooltip\">\n\t\t\t\t\t<p class=\"eael-tooltip-content\" tabindex=\"0\" aria-describedby=\"tooltip-text-03638bc\"><div>[20] L\u2019article 479, alin\u00e9a 7 du code p\u00e9nal...<\/div><\/p>\n  \t\t\t<span id=\"tooltip-text-03638bc\" class=\"eael-tooltip-text eael-tooltip-bottom\" role=\"tooltip\"><p>L\u2019article 479, alin\u00e9a 7 du code p\u00e9nal fran\u00e7ais de 1810 punit les individus qui pratiquent le m\u00e9tier de devin et d\u2019interpr\u00e8te des songes d\u2019une peine d\u2019amende allant de 11 \u00e0 15 francs.<\/p><\/span>\n  \t\t\t<\/div>\n\t\t\t\t\t<\/div>\n\t\t\t\t<\/div>\n\t\t\t\t<div class=\"elementor-element elementor-element-9d7aa44 eael-tooltip-align-left eael-tooltip-text-align-left elementor-widget elementor-widget-eael-tooltip\" data-id=\"9d7aa44\" data-element_type=\"widget\" data-e-type=\"widget\" data-widget_type=\"eael-tooltip.default\">\n\t\t\t\t<div class=\"elementor-widget-container\">\n\t\t\t\t\t\t<div class=\"eael-tooltip\">\n\t\t\t\t\t<p class=\"eael-tooltip-content\" tabindex=\"0\" aria-describedby=\"tooltip-text-9d7aa44\"><div>[21] Juridiction supr\u00eame en mati\u00e8re indig\u00e8ne.<\/div><\/p>\n  \t\t\t<span id=\"tooltip-text-9d7aa44\" class=\"eael-tooltip-text eael-tooltip-bottom\" role=\"tooltip\"><div>\n<div>Miroslav Volf, Ghazi bin Muhammad, Melissa Yarrington (eds.), A Common Word: Muslims and Christians on Loving God and Neighbor, Grand Rapids-Cambridge, 2010.<\/div>\n<\/div><\/span>\n  \t\t\t<\/div>\n\t\t\t\t\t<\/div>\n\t\t\t\t<\/div>\n\t\t\t\t<div class=\"elementor-element elementor-element-84e75ff eael-tooltip-align-left eael-tooltip-text-align-left elementor-widget elementor-widget-eael-tooltip\" data-id=\"84e75ff\" data-element_type=\"widget\" data-e-type=\"widget\" data-widget_type=\"eael-tooltip.default\">\n\t\t\t\t<div class=\"elementor-widget-container\">\n\t\t\t\t\t\t<div class=\"eael-tooltip\">\n\t\t\t\t\t<p class=\"eael-tooltip-content\" tabindex=\"0\" aria-describedby=\"tooltip-text-84e75ff\"><p>[22] ANS M96 : Affaire Ango, Kalley...<\/p><\/p>\n  \t\t\t<span id=\"tooltip-text-84e75ff\" class=\"eael-tooltip-text eael-tooltip-bottom\" role=\"tooltip\"><p>ANS M96 : Affaire Ango, Kalley, Taddo, jugement n\u00b0105 de la chambre sp\u00e9ciale d\u2019homologation de la Cour d\u2019Appel de l\u2019AOF, le 14 septembre 1909.<\/p><\/span>\n  \t\t\t<\/div>\n\t\t\t\t\t<\/div>\n\t\t\t\t<\/div>\n\t\t\t\t<\/div>\n\t\t\t\t<\/div>\n\t\t\t\t\t<\/div>\n\t\t\t\t<\/div>\n\t\t<div data-particle_enable=\"false\" data-particle-mobile-disabled=\"false\" class=\"elementor-element elementor-element-d85d197 e-flex e-con-boxed e-con e-parent\" data-id=\"d85d197\" data-element_type=\"container\" data-e-type=\"container\">\n\t\t\t\t\t<div class=\"e-con-inner\">\n\t\t<div data-particle_enable=\"false\" data-particle-mobile-disabled=\"false\" class=\"elementor-element elementor-element-b6e9e3a e-con-full e-flex e-con e-child\" data-id=\"b6e9e3a\" data-element_type=\"container\" data-e-type=\"container\">\n\t\t\t\t<div class=\"elementor-element elementor-element-e26df31 elementor-widget elementor-widget-text-editor\" data-id=\"e26df31\" data-element_type=\"widget\" data-e-type=\"widget\" data-widget_type=\"text-editor.default\">\n\t\t\t\t<div class=\"elementor-widget-container\">\n\t\t\t\t\t\t\t\t\t<h3 style=\"padding-left: 40px;\">B. La proscription des peines corporelles<\/h3>\n<p>Il est, en effet, banal de rappeler que sous l\u2019ancien r\u00e9gime, des peines corporelles et parfois tr\u00e8s cruelles \u00e9taient inflig\u00e9es aux personnes reconnues coupables de certains crimes. Ces peines qui \u00e9taient tr\u00e8s fr\u00e9quemment inflig\u00e9es par les tribunaux (au XVI<sup>e<\/sup> et XVII<sup>e<\/sup> si\u00e8cle) s\u2019att\u00e9nuent progressivement ou deviennent de plus en plus rares au cours du si\u00e8cle des Lumi\u00e8res<sup class=\"modern-footnotes-footnote \" data-mfn=\"23\" data-mfn-post-scope=\"00000000000004c60000000000000000_1218\"><a href=\"javascript:void(0)\" refnum=\"23\" role=\"button\" aria-pressed=\"false\" aria-describedby=\"mfn-content-00000000000004c60000000000000000_1218-23\">23<\/a><\/sup><span id=\"mfn-content-00000000000004c60000000000000000_1218-23\" role=\"tooltip\" class=\"modern-footnotes-footnote__note\" tabindex=\"0\" data-mfn=\"23\"> Beno\u00eet Garnot, \u00ab L\u2019histoire de la criminalit\u00e9 en France \u00bb, Les annales de l\u2019Est, 1998, n\u00b0 2, p. 251-257, p. 252.<\/span>, sous l\u2019effet de la tendance humanitaire. La quasi-totalit\u00e9 des peines corporelles disparaissent \u00e0 la R\u00e9volution<sup class=\"modern-footnotes-footnote \" data-mfn=\"24\" data-mfn-post-scope=\"00000000000004c60000000000000000_1218\"><a href=\"javascript:void(0)\"  role=\"button\" aria-pressed=\"false\" aria-describedby=\"mfn-content-00000000000004c60000000000000000_1218-24\">24<\/a><\/sup><span id=\"mfn-content-00000000000004c60000000000000000_1218-24\" role=\"tooltip\" class=\"modern-footnotes-footnote__note\" tabindex=\"0\" data-mfn=\"24\"> Ren\u00e9 Garraud, op. cit., p. 144 ; Voir aussi Marie-H\u00e9l\u00e8ne Renault, op. cit., p. 103.<\/span>, avec notamment le code p\u00e9nal de 1791 qui a cherch\u00e9 \u00e0 att\u00e9nuer les souffrances li\u00e9es aux sanctions.<\/p>\n<p>Ainsi, supprim\u00e9es en m\u00e9tropole pour des raisons humanitaires, les peines corporelles ne peuvent, selon toute logique, trouver place parmi les moyens de r\u00e9pression dans les colonies. D\u00e8s son arriv\u00e9e au Soudan, le colonisateur fran\u00e7ais m\u00e8ne une lutte contre les peines corporelles, qui, quoique n\u2019\u00e9tant pas repr\u00e9sentatives du droit p\u00e9nal indig\u00e8ne, sont pr\u00e9vues par la plupart des coutumes. Les mutilations, les coups de corde ou la mise aux fers sont bien en usage au moment de l\u2019occupation du Soudan. Le colonisateur fran\u00e7ais, convaincu de ses principes civilisateurs, les qualifie d\u2019inadmissibles \u00e0 son arriv\u00e9e et proc\u00e8de imm\u00e9diatement \u00e0 leur suppression. Les divers rapports sur le fonctionnement de la justice indig\u00e8ne administrative de 1894 indiquent que les diff\u00e9rents commandants sup\u00e9rieurs du Soudan fran\u00e7ais ont bien prescrit leur suppression, except\u00e9 les coups de corde, rest\u00e9s en usage jusqu\u2019\u00e0 l\u2019arriv\u00e9e du premier gouverneur civil, Albert Grodet. Ce dernier s\u2019est montr\u00e9 inflexible \u00e0 ce sujet. En juillet 1894, lors de l\u2019examen des rapports sur le fonctionnement de la justice administrative indig\u00e8ne des diff\u00e9rents cercles du Soudan, il rel\u00e8ve parmi les peines inflig\u00e9es pour la r\u00e9pression de certains d\u00e9lits et crimes dans le cercle de Bougouni, celle des coups de corde. Il saisit cette occasion pour rappeler sa circulaire n\u00b0106 du 26 f\u00e9vrier 1894 abolissant ce type de p\u00e9nalit\u00e9s dans la colonie du Soudan fran\u00e7ais :<\/p>\n<p><em>Je les interdis de la mani\u00e8re la plus formelle. En ce qui concerne les femmes surtout, je d\u00e9clare honteux et barbare le ch\u00e2timent des \u00ab coups de corde \u00bb. J\u2019interdis de nouveau et de la fa\u00e7on la plus absolue ce genre de r\u00e9pression qui est indigne de notre civilisation. Vous voudrez bien porter la pr\u00e9sente lettre \u00e0 la connaissance des commandants de cercle de votre r\u00e9gion<\/em><sup class=\"modern-footnotes-footnote \" data-mfn=\"25\" data-mfn-post-scope=\"00000000000004c60000000000000000_1218\"><a href=\"javascript:void(0)\"  role=\"button\" aria-pressed=\"false\" aria-describedby=\"mfn-content-00000000000004c60000000000000000_1218-25\">25<\/a><\/sup><span id=\"mfn-content-00000000000004c60000000000000000_1218-25\" role=\"tooltip\" class=\"modern-footnotes-footnote__note\" tabindex=\"0\" data-mfn=\"25\"> ANM 2M59 : Lettre du gouverneur du Soudan fran\u00e7ais \u00e0 Monsieur le commandant de la R\u00e9gion Est Bamako, Kayes, le 19 juillet 1894.<\/span>.<\/p>\n<p>On observe ainsi la volont\u00e9 du colonisateur de voir dispara\u00eetre toute forme de peines corporelles dans la colonie au nom de la civilisation fran\u00e7aise. Cette volont\u00e9 est d\u2019autant plus r\u00e9elle qu\u2019il essaye de les interdire m\u00eame dans les territoires o\u00f9 son autorit\u00e9 n\u2019est pas encore effective. C\u2019est le cas de Dinguiraye, devenu protectorat fran\u00e7ais le 12 mars 1887. D\u00e8s son installation \u00e0 Dinguiraye<sup class=\"modern-footnotes-footnote \" data-mfn=\"26\" data-mfn-post-scope=\"00000000000004c60000000000000000_1218\"><a href=\"javascript:void(0)\"  role=\"button\" aria-pressed=\"false\" aria-describedby=\"mfn-content-00000000000004c60000000000000000_1218-26\">26<\/a><\/sup><span id=\"mfn-content-00000000000004c60000000000000000_1218-26\" role=\"tooltip\" class=\"modern-footnotes-footnote__note\" tabindex=\"0\" data-mfn=\"26\"> Le d\u00e9cret du 17 octobre 1899 rattache Dinguiray, qui faisait partie jusqu\u2019alors du Soudan fran\u00e7ais, \u00e0 la colonie de la Guin\u00e9e fran\u00e7aise.<\/span>, en 1896, l\u2019autorit\u00e9 coloniale fran\u00e7aise tente de faire enregistrer et contr\u00f4ler les jugements rendus par les juridictions locales. Bien s\u00fbr, ce proc\u00e9d\u00e9 viole l\u2019article 2 du trait\u00e9 de protectorat sign\u00e9 avec Dinguiraye aux termes duquel la France s\u2019engage \u00e0 ne pas interf\u00e9rer dans les affaires internes du pays qui sont g\u00e9r\u00e9es par son chef comme bon lui semble<sup class=\"modern-footnotes-footnote \" data-mfn=\"27\" data-mfn-post-scope=\"00000000000004c60000000000000000_1218\"><a href=\"javascript:void(0)\"  role=\"button\" aria-pressed=\"false\" aria-describedby=\"mfn-content-00000000000004c60000000000000000_1218-27\">27<\/a><\/sup><span id=\"mfn-content-00000000000004c60000000000000000_1218-27\" role=\"tooltip\" class=\"modern-footnotes-footnote__note\" tabindex=\"0\" data-mfn=\"27\"> Trait\u00e9 de Tamba, 12 mars 1887. Cit\u00e9 int\u00e9gralement par Yves Saint-Martin, \u00ab Un fils d\u2019El Hadj Omar : Aguibou, roi du Dinguiray et du Macina (1843 ?-1907) \u00bb, Cahiers d\u2019\u00c9tudes Africaines, vol. 8, cahier 29 (1968), p. 144-178, p. 162, note 1.<\/span>. Mais l\u2019administration coloniale a estim\u00e9 que pour transformer en amende ou en emprisonnement les peines corporelles, incompatibles avec les id\u00e9es humanitaires de la civilisation fran\u00e7aise et qui sont en usage dans ce pays exclusivement musulman, r\u00e9gi par la loi coranique, il faut un minimum de contr\u00f4le des jugements rendus. Mais, jusqu\u2019en 1899, sa tentative n\u2019aboutit pas \u00e0 cause de l\u2019opposition de l\u2019<em>Almamy<\/em> Maki Tall<sup class=\"modern-footnotes-footnote \" data-mfn=\"28\" data-mfn-post-scope=\"00000000000004c60000000000000000_1218\"><a href=\"javascript:void(0)\"  role=\"button\" aria-pressed=\"false\" aria-describedby=\"mfn-content-00000000000004c60000000000000000_1218-28\">28<\/a><\/sup><span id=\"mfn-content-00000000000004c60000000000000000_1218-28\" role=\"tooltip\" class=\"modern-footnotes-footnote__note\" tabindex=\"0\" data-mfn=\"28\"> Fils d\u2019Aguibou, roi du Macina, et petit-fils du conqu\u00e9rant El Hadj Omar Tall, fondateur de l\u2019empire toucouleur. Il remplace son p\u00e8re \u00e0 la t\u00eate de Dinguiray en 1892.<\/span>, ma\u00eetre du pays qualifi\u00e9 de despote. Le lieutenant Dubreuil, premier repr\u00e9sentant de l\u2019autorit\u00e9 fran\u00e7aise \u00e0 Dinguiraye, ne disposait pas de pouvoirs pour s\u2019imposer, il n\u2019\u00e9tait en r\u00e9alit\u00e9 qu\u2019un ambassadeur charg\u00e9 de surveiller essentiellement les troubles du Fouta-Djalon<sup class=\"modern-footnotes-footnote \" data-mfn=\"29\" data-mfn-post-scope=\"00000000000004c60000000000000000_1218\"><a href=\"javascript:void(0)\"  role=\"button\" aria-pressed=\"false\" aria-describedby=\"mfn-content-00000000000004c60000000000000000_1218-29\">29<\/a><\/sup><span id=\"mfn-content-00000000000004c60000000000000000_1218-29\" role=\"tooltip\" class=\"modern-footnotes-footnote__note\" tabindex=\"0\" data-mfn=\"29\"> En 1891, le colonel Archinard, commandant sup\u00e9rieur du Soudan fran\u00e7ais avait invit\u00e9 l\u2019administration des Rivi\u00e8res du Sud (qui devient par la suite la Guin\u00e9e fran\u00e7aise) \u00e0 surveiller Fouta-Djalon que le conqu\u00e9rant Samory tente de soulever contre Dinguiraye (Joseph Quiquaud, \u00ab La pacification du Fouta-Djalon \u00bb, Revue d\u2019histoire des colonies, tome 26, n\u00b0 116, 1938, p. 49-134, p. 60). Mais suite aux troubles int\u00e9rieurs du Fouta n\u00e9s lors de la succession de l\u2019Almamy Bkar-biro, c\u2019est l\u2019administration du Soudan fran\u00e7ais qui sera amen\u00e9e \u00e0 surveiller particuli\u00e8rement ce pays. \u00c0 propos des troubles du Fouta-Djalon voir Fernand Rouget, La Guin\u00e9e, notice publi\u00e9e pour l\u2019Exposition coloniale de Marseille, Corbeil, E. Cr\u00e9t\u00e9, 1906, p. 60-61.<\/span>. Le capitaine Husson et l\u2019adjoint Dupuy qui lui succ\u00e8dent n\u2019auront pas plus de moyens d\u2019action du fait de la politique tr\u00e8s habile de Maki Tall. Cependant, la politique de neutralisation de l\u2019influence fran\u00e7aise \u00e0 Dinguiraye ne dure pas longtemps puisque le lieutenant Boucher, arriv\u00e9 en poste en janvier 1899, suspend l\u2019<em>Almamy<\/em> de ses fonctions avant de l\u2019envoyer en exil \u00e0 Bamako<sup class=\"modern-footnotes-footnote \" data-mfn=\"30\" data-mfn-post-scope=\"00000000000004c60000000000000000_1218\"><a href=\"javascript:void(0)\"  role=\"button\" aria-pressed=\"false\" aria-describedby=\"mfn-content-00000000000004c60000000000000000_1218-30\">30<\/a><\/sup><span id=\"mfn-content-00000000000004c60000000000000000_1218-30\" role=\"tooltip\" class=\"modern-footnotes-footnote__note\" tabindex=\"0\" data-mfn=\"30\"> Lieutenant commandant Boucher, \u00ab Notice sur le Dinguiray \u00bb, Revue coloniale, juillet-ao\u00fbt1901, p. 282-301, p. 287-288.<\/span>. D\u00e9sormais seule ma\u00eetre du pays, l\u2019autorit\u00e9 coloniale met imm\u00e9diatement en place de nouvelles juridictions auxquelles il est interdit d\u2019appliquer des peines corporelles pr\u00e9vues par le Coran (lapidation, flagellation, amputation d\u2019un membre, etc.)<sup class=\"modern-footnotes-footnote \" data-mfn=\"31\" data-mfn-post-scope=\"00000000000004c60000000000000000_1218\"><a href=\"javascript:void(0)\"  role=\"button\" aria-pressed=\"false\" aria-describedby=\"mfn-content-00000000000004c60000000000000000_1218-31\">31<\/a><\/sup><span id=\"mfn-content-00000000000004c60000000000000000_1218-31\" role=\"tooltip\" class=\"modern-footnotes-footnote__note\" tabindex=\"0\" data-mfn=\"31\"> Lieutenant commandant Boucher, \u00ab Notice sur le Dinguiray (suite et fin) \u00bb, Revue coloniale, juillet-ao\u00fbt1901, p. 478-500, p. 479-480.<\/span>.<\/p>\n<p>La suppression des ch\u00e2timents corporels dans les coutumes p\u00e9nales indig\u00e8nes, entam\u00e9e d\u00e8s les premi\u00e8res heures de l\u2019occupation se trouve consacr\u00e9e en 1903, apr\u00e8s la conqu\u00eate d\u00e9finitive, dans le cadre de l\u2019organisation judiciaire. L\u2019article 75 paragraphe 2 du d\u00e9cret du 10 novembre 1903 r\u00e9organisant la justice en Afrique Occidentale Fran\u00e7aise (AOF), oblige les tribunaux indig\u00e8nes \u00e0 transformer le ch\u00e2timent corporel en emprisonnement<sup class=\"modern-footnotes-footnote \" data-mfn=\"32\" data-mfn-post-scope=\"00000000000004c60000000000000000_1218\"><a href=\"javascript:void(0)\"  role=\"button\" aria-pressed=\"false\" aria-describedby=\"mfn-content-00000000000004c60000000000000000_1218-32\">32<\/a><\/sup><span id=\"mfn-content-00000000000004c60000000000000000_1218-32\" role=\"tooltip\" class=\"modern-footnotes-footnote__note\" tabindex=\"0\" data-mfn=\"32\"> D\u00e9cret du 10 novembre 1903 r\u00e9organisant la justice dans les colonies du gouvernement g\u00e9n\u00e9ral de l\u2019Afrique occidentale, voir Recueil Dareste, 1904, p. 18 [disponible sur Gallica].<\/span>. Il s\u2019agit l\u00e0 de la cons\u00e9cration d\u2019une pratique d\u00e9j\u00e0 connue. Cette affirmation de l\u2019interdiction de toute forme de peines corporelles n\u2019existe pas dans les normes juridiques des autres empires coloniaux<strong>.<\/strong> La France a impos\u00e9 l\u2019interdiction des peines corporelles aux juges indig\u00e8nes et aux commandants de cercle en AOF \u00e0 un moment o\u00f9 les autres puissances europ\u00e9ennes, notamment l\u2019Allemagne, la Belgique, l\u2019Angleterre, les consolident dans leurs colonies<strong>.<\/strong><\/p>\n<p>Cependant, Il importe de souligner que l\u2019administration coloniale fran\u00e7aise n\u2019a pas toujours \u00e9t\u00e9 inspir\u00e9e des principes d\u2019humanit\u00e9 qui dominent la civilisation fran\u00e7aise. Dans nombre de cas, les int\u00e9r\u00eats coloniaux ont pris le dessus.<\/p>\t\t\t\t\t\t\t\t<\/div>\n\t\t\t\t<\/div>\n\t\t\t\t<\/div>\n\t\t<div data-particle_enable=\"false\" data-particle-mobile-disabled=\"false\" class=\"elementor-element elementor-element-84bacba elementor-hidden-mobile e-con-full elementor-hidden-tablet e-flex e-con e-child\" data-id=\"84bacba\" data-element_type=\"container\" data-e-type=\"container\">\n\t\t<div data-particle_enable=\"false\" data-particle-mobile-disabled=\"false\" class=\"elementor-element elementor-element-a5ff618 e-con-full e-flex e-con e-child\" data-id=\"a5ff618\" data-element_type=\"container\" data-e-type=\"container\">\n\t\t\t\t<div class=\"elementor-element elementor-element-578466e elementor-widget-divider--view-line_text elementor-widget-divider--element-align-center elementor-widget elementor-widget-divider\" data-id=\"578466e\" data-element_type=\"widget\" data-e-type=\"widget\" data-widget_type=\"divider.default\">\n\t\t\t\t<div class=\"elementor-widget-container\">\n\t\t\t\t\t\t\t<div class=\"elementor-divider\">\n\t\t\t<span class=\"elementor-divider-separator\">\n\t\t\t\t\t\t\t<p class=\"elementor-divider__text elementor-divider__element\">\n\t\t\t\tPage 3\t\t\t\t<\/p>\n\t\t\t\t\t\t<\/span>\n\t\t<\/div>\n\t\t\t\t\t\t<\/div>\n\t\t\t\t<\/div>\n\t\t\t\t<div class=\"elementor-element elementor-element-d653544 eael-tooltip-align-left eael-tooltip-text-align-left elementor-widget elementor-widget-eael-tooltip\" data-id=\"d653544\" data-element_type=\"widget\" data-e-type=\"widget\" data-widget_type=\"eael-tooltip.default\">\n\t\t\t\t<div class=\"elementor-widget-container\">\n\t\t\t\t\t\t<div class=\"eael-tooltip\">\n\t\t\t\t\t<p class=\"eael-tooltip-content\" tabindex=\"0\" aria-describedby=\"tooltip-text-d653544\"><div><div>[23] Beno\u00eet Garnot, \u00ab L\u2019histoire de la...<\/div><\/div><\/p>\n  \t\t\t<span id=\"tooltip-text-d653544\" class=\"eael-tooltip-text eael-tooltip-bottom\" role=\"tooltip\"><p>Beno\u00eet Garnot, \u00ab L\u2019histoire de la criminalit\u00e9 en France \u00bb, Les annales de l\u2019Est, 1998, n\u00b0 2, p. 251-257, p. 252.<\/p><\/span>\n  \t\t\t<\/div>\n\t\t\t\t\t<\/div>\n\t\t\t\t<\/div>\n\t\t\t\t<div class=\"elementor-element elementor-element-a285704 eael-tooltip-align-left eael-tooltip-text-align-left elementor-widget elementor-widget-eael-tooltip\" data-id=\"a285704\" data-element_type=\"widget\" data-e-type=\"widget\" data-widget_type=\"eael-tooltip.default\">\n\t\t\t\t<div class=\"elementor-widget-container\">\n\t\t\t\t\t\t<div class=\"eael-tooltip\">\n\t\t\t\t\t<p class=\"eael-tooltip-content\" tabindex=\"0\" aria-describedby=\"tooltip-text-a285704\"><div>[24] Ren\u00e9 Garraud, op. cit., p. 144 ; Voir...<\/div><\/p>\n  \t\t\t<span id=\"tooltip-text-a285704\" class=\"eael-tooltip-text eael-tooltip-bottom\" role=\"tooltip\"><p>Ren\u00e9 Garraud, op. cit., p. 144 ; Voir aussi Marie-H\u00e9l\u00e8ne Renault, op. cit., p. 103.<\/p><\/span>\n  \t\t\t<\/div>\n\t\t\t\t\t<\/div>\n\t\t\t\t<\/div>\n\t\t\t\t<div class=\"elementor-element elementor-element-e6178b2 eael-tooltip-align-left eael-tooltip-text-align-left elementor-widget elementor-widget-eael-tooltip\" data-id=\"e6178b2\" data-element_type=\"widget\" data-e-type=\"widget\" data-widget_type=\"eael-tooltip.default\">\n\t\t\t\t<div class=\"elementor-widget-container\">\n\t\t\t\t\t\t<div class=\"eael-tooltip\">\n\t\t\t\t\t<p class=\"eael-tooltip-content\" tabindex=\"0\" aria-describedby=\"tooltip-text-e6178b2\"><div>[25] ANM 2M59 : Lettre du gouverneur...<\/div><\/p>\n  \t\t\t<span id=\"tooltip-text-e6178b2\" class=\"eael-tooltip-text eael-tooltip-bottom\" role=\"tooltip\"><p>ANM 2M59 : Lettre du gouverneur du Soudan fran\u00e7ais \u00e0 Monsieur le commandant de la R\u00e9gion Est Bamako, Kayes, le 19 juillet 1894.<\/p><\/span>\n  \t\t\t<\/div>\n\t\t\t\t\t<\/div>\n\t\t\t\t<\/div>\n\t\t\t\t<div class=\"elementor-element elementor-element-ac24fbd eael-tooltip-align-left eael-tooltip-text-align-left elementor-widget elementor-widget-eael-tooltip\" data-id=\"ac24fbd\" data-element_type=\"widget\" data-e-type=\"widget\" data-widget_type=\"eael-tooltip.default\">\n\t\t\t\t<div class=\"elementor-widget-container\">\n\t\t\t\t\t\t<div class=\"eael-tooltip\">\n\t\t\t\t\t<p class=\"eael-tooltip-content\" tabindex=\"0\" aria-describedby=\"tooltip-text-ac24fbd\"><div>[26] Le d\u00e9cret du 17 octobre 1899 rattache...<\/div><\/p>\n  \t\t\t<span id=\"tooltip-text-ac24fbd\" class=\"eael-tooltip-text eael-tooltip-bottom\" role=\"tooltip\"><p>Le d\u00e9cret du 17 octobre 1899 rattache Dinguiray, qui faisait partie jusqu\u2019alors du Soudan fran\u00e7ais, \u00e0 la colonie de la Guin\u00e9e fran\u00e7aise.<\/p><\/span>\n  \t\t\t<\/div>\n\t\t\t\t\t<\/div>\n\t\t\t\t<\/div>\n\t\t\t\t<div class=\"elementor-element elementor-element-08a80c8 eael-tooltip-align-left eael-tooltip-text-align-left elementor-widget elementor-widget-eael-tooltip\" data-id=\"08a80c8\" data-element_type=\"widget\" data-e-type=\"widget\" data-widget_type=\"eael-tooltip.default\">\n\t\t\t\t<div class=\"elementor-widget-container\">\n\t\t\t\t\t\t<div class=\"eael-tooltip\">\n\t\t\t\t\t<p class=\"eael-tooltip-content\" tabindex=\"0\" aria-describedby=\"tooltip-text-08a80c8\"><div>[27] Trait\u00e9 de Tamba, 12 mars 1887...<\/div><\/p>\n  \t\t\t<span id=\"tooltip-text-08a80c8\" class=\"eael-tooltip-text eael-tooltip-bottom\" role=\"tooltip\"><p>Trait\u00e9 de Tamba, 12 mars 1887. Cit\u00e9 int\u00e9gralement par Yves Saint-Martin, \u00ab Un fils d\u2019El Hadj Omar : Aguibou, roi du Dinguiray et du Macina (1843 ?-1907) \u00bb, Cahiers d\u2019\u00c9tudes Africaines, vol. 8, cahier 29 (1968), p. 144-178, p. 162, note 1.<\/p><\/span>\n  \t\t\t<\/div>\n\t\t\t\t\t<\/div>\n\t\t\t\t<\/div>\n\t\t\t\t<div class=\"elementor-element elementor-element-206d5b0 eael-tooltip-align-left eael-tooltip-text-align-left elementor-widget elementor-widget-eael-tooltip\" data-id=\"206d5b0\" data-element_type=\"widget\" data-e-type=\"widget\" data-widget_type=\"eael-tooltip.default\">\n\t\t\t\t<div class=\"elementor-widget-container\">\n\t\t\t\t\t\t<div class=\"eael-tooltip\">\n\t\t\t\t\t<p class=\"eael-tooltip-content\" tabindex=\"0\" aria-describedby=\"tooltip-text-206d5b0\"><div>[28] Fils d\u2019Aguibou, roi du Macina, et...<\/div><\/p>\n  \t\t\t<span id=\"tooltip-text-206d5b0\" class=\"eael-tooltip-text eael-tooltip-bottom\" role=\"tooltip\"><p>Fils d\u2019Aguibou, roi du Macina, et petit-fils du conqu\u00e9rant El Hadj Omar Tall, fondateur de l\u2019empire toucouleur. Il remplace son p\u00e8re \u00e0 la t\u00eate de Dinguiray en 1892.<\/p><\/span>\n  \t\t\t<\/div>\n\t\t\t\t\t<\/div>\n\t\t\t\t<\/div>\n\t\t\t\t<div class=\"elementor-element elementor-element-0fce364 eael-tooltip-align-left eael-tooltip-text-align-left elementor-widget elementor-widget-eael-tooltip\" data-id=\"0fce364\" data-element_type=\"widget\" data-e-type=\"widget\" data-widget_type=\"eael-tooltip.default\">\n\t\t\t\t<div class=\"elementor-widget-container\">\n\t\t\t\t\t\t<div class=\"eael-tooltip\">\n\t\t\t\t\t<p class=\"eael-tooltip-content\" tabindex=\"0\" aria-describedby=\"tooltip-text-0fce364\"><div>[29] En 1891, le colonel Archinard...<\/div><\/p>\n  \t\t\t<span id=\"tooltip-text-0fce364\" class=\"eael-tooltip-text eael-tooltip-bottom\" role=\"tooltip\"><p>En 1891, le colonel Archinard, commandant sup\u00e9rieur du Soudan fran\u00e7ais avait invit\u00e9 l\u2019administration des Rivi\u00e8res du Sud (qui devient par la suite la Guin\u00e9e fran\u00e7aise) \u00e0 surveiller Fouta-Djalon que le conqu\u00e9rant Samory tente de soulever contre Dinguiraye (Joseph Quiquaud, \u00ab La pacification du Fouta-Djalon \u00bb, Revue d\u2019histoire des colonies, tome 26, n\u00b0 116, 1938, p. 49-134, p. 60). Mais suite aux troubles int\u00e9rieurs du Fouta n\u00e9s lors de la succession de l\u2019Almamy Bkar-biro, c\u2019est l\u2019administration du Soudan fran\u00e7ais qui sera amen\u00e9e \u00e0 surveiller particuli\u00e8rement ce pays. \u00c0 propos des troubles du Fouta-Djalon voir Fernand Rouget, La Guin\u00e9e, notice publi\u00e9e pour l\u2019Exposition coloniale de Marseille, Corbeil, E. Cr\u00e9t\u00e9, 1906, p. 60-61.<\/p><\/span>\n  \t\t\t<\/div>\n\t\t\t\t\t<\/div>\n\t\t\t\t<\/div>\n\t\t\t\t<div class=\"elementor-element elementor-element-085572d eael-tooltip-align-left eael-tooltip-text-align-left elementor-widget elementor-widget-eael-tooltip\" data-id=\"085572d\" data-element_type=\"widget\" data-e-type=\"widget\" data-widget_type=\"eael-tooltip.default\">\n\t\t\t\t<div class=\"elementor-widget-container\">\n\t\t\t\t\t\t<div class=\"eael-tooltip\">\n\t\t\t\t\t<p class=\"eael-tooltip-content\" tabindex=\"0\" aria-describedby=\"tooltip-text-085572d\"><div>[30] Lieutenant commandant Boucher...<\/div><\/p>\n  \t\t\t<span id=\"tooltip-text-085572d\" class=\"eael-tooltip-text eael-tooltip-bottom\" role=\"tooltip\"><p>Lieutenant commandant Boucher, \u00ab Notice sur le Dinguiray \u00bb, Revue coloniale, juillet-ao\u00fbt1901, p. 282-301, p. 287-288.<\/p><\/span>\n  \t\t\t<\/div>\n\t\t\t\t\t<\/div>\n\t\t\t\t<\/div>\n\t\t\t\t<div class=\"elementor-element elementor-element-0ca6e8d eael-tooltip-align-left eael-tooltip-text-align-left elementor-widget elementor-widget-eael-tooltip\" data-id=\"0ca6e8d\" data-element_type=\"widget\" data-e-type=\"widget\" data-widget_type=\"eael-tooltip.default\">\n\t\t\t\t<div class=\"elementor-widget-container\">\n\t\t\t\t\t\t<div class=\"eael-tooltip\">\n\t\t\t\t\t<p class=\"eael-tooltip-content\" tabindex=\"0\" aria-describedby=\"tooltip-text-0ca6e8d\"><div>[31] Lieutenant commandant Boucher...<\/div><\/p>\n  \t\t\t<span id=\"tooltip-text-0ca6e8d\" class=\"eael-tooltip-text eael-tooltip-bottom\" role=\"tooltip\"><p>Lieutenant commandant Boucher, \u00ab Notice sur le Dinguiray (suite et fin) \u00bb, Revue coloniale, juillet-ao\u00fbt1901, p. 478-500, p. 479-480.<\/p><\/span>\n  \t\t\t<\/div>\n\t\t\t\t\t<\/div>\n\t\t\t\t<\/div>\n\t\t\t\t<div class=\"elementor-element elementor-element-92fa072 eael-tooltip-align-left eael-tooltip-text-align-left elementor-widget elementor-widget-eael-tooltip\" data-id=\"92fa072\" data-element_type=\"widget\" data-e-type=\"widget\" data-widget_type=\"eael-tooltip.default\">\n\t\t\t\t<div class=\"elementor-widget-container\">\n\t\t\t\t\t\t<div class=\"eael-tooltip\">\n\t\t\t\t\t<p class=\"eael-tooltip-content\" tabindex=\"0\" aria-describedby=\"tooltip-text-92fa072\"><p>[32] D\u00e9cret du 10 novembre 1903...<\/p><\/p>\n  \t\t\t<span id=\"tooltip-text-92fa072\" class=\"eael-tooltip-text eael-tooltip-bottom\" role=\"tooltip\"><p>D\u00e9cret du 10 novembre 1903 r\u00e9organisant la justice dans les colonies du gouvernement g\u00e9n\u00e9ral de l\u2019Afrique occidentale, voir Recueil Dareste, 1904, p. 18 [disponible sur Gallica].<\/p><\/span>\n  \t\t\t<\/div>\n\t\t\t\t\t<\/div>\n\t\t\t\t<\/div>\n\t\t\t\t<\/div>\n\t\t\t\t<\/div>\n\t\t\t\t\t<\/div>\n\t\t\t\t<\/div>\n\t\t<div data-particle_enable=\"false\" data-particle-mobile-disabled=\"false\" class=\"elementor-element elementor-element-ed16b61 e-flex e-con-boxed e-con e-parent\" data-id=\"ed16b61\" data-element_type=\"container\" data-e-type=\"container\">\n\t\t\t\t\t<div class=\"e-con-inner\">\n\t\t<div data-particle_enable=\"false\" data-particle-mobile-disabled=\"false\" class=\"elementor-element elementor-element-bb839b9 e-con-full e-flex e-con e-child\" data-id=\"bb839b9\" data-element_type=\"container\" data-e-type=\"container\">\n\t\t\t\t<div class=\"elementor-element elementor-element-43d6b82 elementor-widget elementor-widget-text-editor\" data-id=\"43d6b82\" data-element_type=\"widget\" data-e-type=\"widget\" data-widget_type=\"text-editor.default\">\n\t\t\t\t<div class=\"elementor-widget-container\">\n\t\t\t\t\t\t\t\t\t<h2>La primaut\u00e9 des int\u00e9r\u00eats coloniaux sur les valeurs humanitaires des Lumi\u00e8res<\/h2>\n<p>Malgr\u00e9 la volont\u00e9 du colonisateur de faire \u00e9voluer les id\u00e9es chez les indig\u00e8nes, au Soudan fran\u00e7ais comme dans les autres colonies, la mise en \u0153uvre des principes civilisateurs c\u00e8de le pas \u00e0 l\u2019imp\u00e9ratif de stabilit\u00e9 \u00e9conomique <strong>(A) <\/strong>et politique <strong>(B).<\/strong><\/p>\n<h3 style=\"padding-left: 40px;\">A. L\u2019imp\u00e9ratif de stabilit\u00e9 \u00e9conomique<\/h3>\n<p>\u00c0 son arriv\u00e9e sur les territoires du Soudan, l\u2019administration coloniale d\u00e9cide de garder, au d\u00e9triment des id\u00e9aux proclam\u00e9s par la R\u00e9publique fran\u00e7aise, la taxe sur les esclaves ou l\u2019<em>Oussourou <\/em>que les souverains africains percevaient sur les caravanes \u00e0 chaque entr\u00e9e sur leur territoire. Le gouverneur ayant comme mission d\u2019augmenter les recettes du budget local afin d\u2019all\u00e9ger progressivement, jusqu\u2019\u00e0 sa suppression, l\u2019aide financi\u00e8re apport\u00e9e par la m\u00e9tropole, il ne peut se permettre d\u2019abandonner <em>l\u2019oussourou <\/em>qui est une source de revenus consid\u00e9rable.<\/p>\n<p>Dans le but de lib\u00e9rer son arm\u00e9e de toute surveillance directe d\u2019un Paris de plus en plus r\u00e9ticent \u00e0 assurer le financement des campagnes militaires au Soudan<sup class=\"modern-footnotes-footnote \" data-mfn=\"33\" data-mfn-post-scope=\"00000000000004c60000000000000000_1218\"><a href=\"javascript:void(0)\" refnum=\"33\" role=\"button\" aria-pressed=\"false\" aria-describedby=\"mfn-content-00000000000004c60000000000000000_1218-33\">33<\/a><\/sup><span id=\"mfn-content-00000000000004c60000000000000000_1218-33\" role=\"tooltip\" class=\"modern-footnotes-footnote__note\" tabindex=\"0\" data-mfn=\"33\"> Le d\u00e9passement r\u00e9gulier des cr\u00e9dits allou\u00e9s pour les campagnes au Soudan pousse le d\u00e9partement, en 1889, \u00e0 imposer l\u2019aust\u00e9rit\u00e9 budg\u00e9taire et ainsi mettre fin \u00e0 la \u00ab fantaisie financi\u00e8re \u00bb.<\/span>, Archinard s\u2019appuie du mieux possible sur les ressources locales<sup class=\"modern-footnotes-footnote \" data-mfn=\"34\" data-mfn-post-scope=\"00000000000004c60000000000000000_1218\"><a href=\"javascript:void(0)\"  role=\"button\" aria-pressed=\"false\" aria-describedby=\"mfn-content-00000000000004c60000000000000000_1218-34\">34<\/a><\/sup><span id=\"mfn-content-00000000000004c60000000000000000_1218-34\" role=\"tooltip\" class=\"modern-footnotes-footnote__note\" tabindex=\"0\" data-mfn=\"34\"> Martin A. Klein, Slavery and colonial rule in French West Africa, Cambridge, Cambridge University Press, 1998, p. 89.<\/span>. Comprenant que la taxe sur les caravanes constitue l\u2019une des plus productives sources de revenus, il cr\u00e9e, d\u00e8s la fin des campagnes de 1890-1891, des postes de perception de <em>l\u2019oussourou <\/em>\u00e0 Goumbou, \u00e0 Kassambara, \u00e0 Nioro et \u00e0 Tambakhara<sup class=\"modern-footnotes-footnote \" data-mfn=\"35\" data-mfn-post-scope=\"00000000000004c60000000000000000_1218\"><a href=\"javascript:void(0)\"  role=\"button\" aria-pressed=\"false\" aria-describedby=\"mfn-content-00000000000004c60000000000000000_1218-35\">35<\/a><\/sup><span id=\"mfn-content-00000000000004c60000000000000000_1218-35\" role=\"tooltip\" class=\"modern-footnotes-footnote__note\" tabindex=\"0\" data-mfn=\"35\"> ANOM 60 APC 2 : Note pour le commandant de Nioro et le capitaine de l\u2019escadron de spahis soudanais sur l\u2019organisation des postes de perception de l\u2019oussourou et sur son mode de perception (Vers 1890\/1891).<\/span>. Il en sera de m\u00eame dans tous les nouveaux territoires conquis.\u00a0Par ordre g\u00e9n\u00e9ral n\u00b0 111 du 14 mars 1893, Archinard fixe les modalit\u00e9s\u00a0de perception de <em>l\u2019oussourou<\/em>. Les caravanes ont la possibilit\u00e9 de le payer soit en nature (un captif sur dix) ou en num\u00e9raire (20 francs ou 10 000 cauris)<sup class=\"modern-footnotes-footnote \" data-mfn=\"36\" data-mfn-post-scope=\"00000000000004c60000000000000000_1218\"><a href=\"javascript:void(0)\"  role=\"button\" aria-pressed=\"false\" aria-describedby=\"mfn-content-00000000000004c60000000000000000_1218-36\">36<\/a><\/sup><span id=\"mfn-content-00000000000004c60000000000000000_1218-36\" role=\"tooltip\" class=\"modern-footnotes-footnote__note\" tabindex=\"0\" data-mfn=\"36\"> Ordre g\u00e9n\u00e9ral n\u00b0 111 du 14 mars 1893, cit\u00e9 dans la lettre du chef de bataillon Quiqaundon, commandant de la r\u00e9gion Nord-Est, \u00e0 Monsieur le gouverneur du Soudan fran\u00e7ais, S\u00e9gou, 4 Avril 1894. ANM (FA) 1E 177.<\/span>. Les marchands d\u2019esclaves, sous condition d\u2019acquitter l\u2019<em>oussourou<\/em>, sont libres de circuler sur tout le territoire du Soudan fran\u00e7ais comme l\u2019indique explicitement le chef de bataillon Quiqaundon, commandant de la r\u00e9gion Nord-Est dans une lettre en date du 4 avril 1894 :<\/p>\n<p><em>Moyennant 20 f en effet nous autorisons les dioulas [c\u2019est-\u00e0-dire, les commer\u00e7ants] \u00e0 promener leur b\u00e9tail humain sur la r\u00e9gion plac\u00e9e sous notre autorit\u00e9, nous autorisons moyennant salaire le commerce de l\u2019esclave qui se traine p\u00e9niblement sur nos routes pour \u00eatre vendu comme je l\u2019ai vu par exemple \u00e0 M\u00e9dine sur la place qu\u2019on dirait que par ironie on avait appel\u00e9 \u00ab place de la libert\u00e9\u00a0\u00bb ainsi que le portait un \u00e9criteau plac\u00e9 sur le tronc d\u2019un arbre au pied duquel se seraient accroupis un certain nombre de captifs<\/em><sup class=\"modern-footnotes-footnote \" data-mfn=\"37\" data-mfn-post-scope=\"00000000000004c60000000000000000_1218\"><a href=\"javascript:void(0)\"  role=\"button\" aria-pressed=\"false\" aria-describedby=\"mfn-content-00000000000004c60000000000000000_1218-37\">37<\/a><\/sup><span id=\"mfn-content-00000000000004c60000000000000000_1218-37\" role=\"tooltip\" class=\"modern-footnotes-footnote__note\" tabindex=\"0\" data-mfn=\"37\"> ANM (FA) 1E 177 : Lettre du chef de bataillon Quiqaundon commandant de la r\u00e9gion Nord-Est \u00e0 Monsieur le gouverneur du Soudan fran\u00e7ais, S\u00e9gou, 4 Avril 1894.<\/span>.<\/p>\n<p>Ainsi, pour des raisons \u00e9conomiques, la France ferme les yeux sur le commerce des esclaves dans la colonie du Soudan fran\u00e7ais, alors qu\u2019en m\u00e9tropole et sur la sc\u00e8ne internationale, elle pr\u00e9tend mener une lutte implacable contre cette coutume barbare. Le pr\u00e9l\u00e8vement de la taxe sur les esclaves va continuer au Soudan jusqu\u2019\u00e0 la fin du XIX<sup>e <\/sup>si\u00e8cle.<\/p>\n<p>La taxe sur les esclaves ne constitue pas le seul exemple attestant que les int\u00e9r\u00eats \u00e9conomiques priment sur les valeurs humanitaires h\u00e9rit\u00e9es des Lumi\u00e8res. Le recouvrement de l\u2019imp\u00f4t de capitation a \u00e9galement donn\u00e9 lieu \u00e0 des exactions de tout genre et des pratiques inhumaines. En effet, l\u2019imp\u00f4t de capitation est un imp\u00f4t personnel per\u00e7u sur tout habitant (par t\u00eate <em>caput<\/em>), except\u00e9 les militaires et leurs familles, les vieillards et les enfants de moins de 8 ans. Cet imp\u00f4t, qui est l\u2019une des principales sources des recettes du budget colonial, est primordial pour l\u2019administration. Per\u00e7u sur chaque habitant, peu importe la fortune, il doit \u00eatre collect\u00e9 chaque ann\u00e9e quel qu\u2019en soit le prix.<\/p>\n<p>Dans le cercle de Nioro, par exemple, pour h\u00e2ter la rentr\u00e9e de l\u2019imp\u00f4t dans certains villages, on n\u2019h\u00e9site pas \u00e0 faire porter de lourdes pierres sur la t\u00eate des contribuables r\u00e9calcitrants ou retardataires, les cravacher, les obliger \u00e0 sauter \u00e0 travers les haies d\u2019\u00e9pineux, les exposer au soleil ou les obliger \u00e0 le fixer pendant plusieurs heures<sup class=\"modern-footnotes-footnote \" data-mfn=\"38\" data-mfn-post-scope=\"00000000000004c60000000000000000_1218\"><a href=\"javascript:void(0)\"  role=\"button\" aria-pressed=\"false\" aria-describedby=\"mfn-content-00000000000004c60000000000000000_1218-38\">38<\/a><\/sup><span id=\"mfn-content-00000000000004c60000000000000000_1218-38\" role=\"tooltip\" class=\"modern-footnotes-footnote__note\" tabindex=\"0\" data-mfn=\"38\"> Le rapport sur les affaires de Nioro de 1937 contient un nombre impressionnant de cas de ce type. ANS 3M159 : Rapport sur les affaires de Nioro, Kayes le 12 ao\u00fbt 1937.<\/span>. Dans d\u2019autres villages, comme \u00e0 Touroungoumb\u00e9, on demande simplement aux habitants de mettre leurs enfants en gage, c\u2019est-\u00e0-dire en garantie afin de pouvoir se procurer de quoi payer l\u2019imp\u00f4t<sup class=\"modern-footnotes-footnote \" data-mfn=\"39\" data-mfn-post-scope=\"00000000000004c60000000000000000_1218\"><a href=\"javascript:void(0)\"  role=\"button\" aria-pressed=\"false\" aria-describedby=\"mfn-content-00000000000004c60000000000000000_1218-39\">39<\/a><\/sup><span id=\"mfn-content-00000000000004c60000000000000000_1218-39\" role=\"tooltip\" class=\"modern-footnotes-footnote__note\" tabindex=\"0\" data-mfn=\"39\"> ANOM\/MI, 14miom\/ 227 : Lettre du lieutenant-gouverneur du Soudan fran\u00e7ais au gouverneur g\u00e9n\u00e9ral de l\u2019AOF, 5 mars 1937, p. 4.<\/span>. D\u00e8s lors, il appara\u00eet qu\u2019en mati\u00e8re de recouvrement d\u2019imp\u00f4t, les administrateurs ne sont pas toujours inspir\u00e9s des principes d\u2019humanit\u00e9 qui dominent la civilisation fran\u00e7aise. Cette mani\u00e8re de proc\u00e9der ne change d\u2019ailleurs pas lorsqu\u2019il s\u2019agit de la stabilit\u00e9 politique.<\/p>\n<h3 style=\"padding-left: 40px;\">B. L\u2019imp\u00e9ratif de stabilit\u00e9 politique<\/h3>\n<p>Au moment de la conqu\u00eate coloniale, la coutume de r\u00e9duction en esclavage des vaincus, bien qu\u2019elle soit contraire aux principes de la civilisation fran\u00e7aise, est conserv\u00e9e par les colonnes exp\u00e9ditionnaires. Si, au S\u00e9n\u00e9gal, elle est quelque peu suivie (notamment lors des exp\u00e9ditions remontant le fleuve S\u00e9n\u00e9gal, au milieu du XIX<sup>e<\/sup> si\u00e8cle), au Soudan fran\u00e7ais, elle se pratique \u00e0 grande \u00e9chelle. La raison principale r\u00e9side dans le recrutement des troupes indig\u00e8nes (tirailleurs r\u00e9guliers, guerriers fournis par les chefs indig\u00e8nes alli\u00e9s et autres \u00e9l\u00e9ments ressemblant \u00e0 des mercenaires), \u00e9l\u00e9ments importants de la conqu\u00eate soudanaise. Dans la mentalit\u00e9 de ces indig\u00e8nes, incorpor\u00e9s dans l\u2019arm\u00e9e fran\u00e7aise, proc\u00e9der, chez les vaincus, \u00e0 des razzias aussi bien en biens mat\u00e9riels qu\u2019en hommes est indissociable de la guerre. Pour les inciter \u00e0 s\u2019engager, l\u2019administration militaire leur fait donc entrevoir la possibilit\u00e9 de se procurer des captifs. Ce syst\u00e8me encourage surtout les chefs indig\u00e8nes alli\u00e9s \u00e0 fournir des guerriers qui, apr\u00e8s les campagnes, leur remettent la moiti\u00e9 ou le tiers de leur butin, comme l\u2019exige la coutume.<\/p>\n<p>Dans le but de consolider les alliances avec les chefs locaux et de maintenir la loyaut\u00e9 de leurs troupes, les promesses faites au moment du recrutement sont tenues par les officiers fran\u00e7ais apr\u00e8s chaque campagne militaire. Pour Georges Deherme, \u00ab il n\u2019\u00e9tait que trop vrai que les officiers en colonne, suivant la coutume du pays, avaient pris la d\u00e9plorable habitude de distribuer les prisonniers comme captifs \u00e0 leurs soldats, pour les r\u00e9compenser et exalter leur d\u00e9vouement<sup class=\"modern-footnotes-footnote \" data-mfn=\"40\" data-mfn-post-scope=\"00000000000004c60000000000000000_1218\"><a href=\"javascript:void(0)\"  role=\"button\" aria-pressed=\"false\" aria-describedby=\"mfn-content-00000000000004c60000000000000000_1218-40\">40<\/a><\/sup><span id=\"mfn-content-00000000000004c60000000000000000_1218-40\" role=\"tooltip\" class=\"modern-footnotes-footnote__note\" tabindex=\"0\" data-mfn=\"40\"> Georges Deherme, L\u2019Afrique occidentale fran\u00e7aise, action politique, action \u00e9conomique, action sociale, Paris, Librairie Bloud et Cie, 1908, p. 466 [disponible sur Gallica].<\/span>. \u00bb Denise Bouche avance m\u00eame que lors des premi\u00e8res campagnes au Soudan fran\u00e7ais, les prisonniers de guerre entre les mains des militaires fran\u00e7ais, devenus captifs, ont \u00e9t\u00e9 distribu\u00e9s en totalit\u00e9 aux tirailleurs<sup class=\"modern-footnotes-footnote \" data-mfn=\"41\" data-mfn-post-scope=\"00000000000004c60000000000000000_1218\"><a href=\"javascript:void(0)\"  role=\"button\" aria-pressed=\"false\" aria-describedby=\"mfn-content-00000000000004c60000000000000000_1218-41\">41<\/a><\/sup><span id=\"mfn-content-00000000000004c60000000000000000_1218-41\" role=\"tooltip\" class=\"modern-footnotes-footnote__note\" tabindex=\"0\" data-mfn=\"41\"> Denise Bouche, Les villages de libert\u00e9 en Afrique noire fran\u00e7aise : 1887-1910, Paris, La Haye : Mouton et Cie, 1968, p. 80.<\/span>. Dans une lettre adress\u00e9e au commandant de la r\u00e9gion de Tombouctou, en date du 2 ao\u00fbt 1894, le gouverneur du Soudan fran\u00e7ais \u00e9voque la situation des tirailleurs \u00ab ramenant des colonnes de prisonniers destin\u00e9s \u00e0 devenir leurs captifs<sup class=\"modern-footnotes-footnote \" data-mfn=\"42\" data-mfn-post-scope=\"00000000000004c60000000000000000_1218\"><a href=\"javascript:void(0)\"  role=\"button\" aria-pressed=\"false\" aria-describedby=\"mfn-content-00000000000004c60000000000000000_1218-42\">42<\/a><\/sup><span id=\"mfn-content-00000000000004c60000000000000000_1218-42\" role=\"tooltip\" class=\"modern-footnotes-footnote__note\" tabindex=\"0\" data-mfn=\"42\"> Lettre n\u00b0218 du gouverneur au commandant de la r\u00e9gion de Tombouctou, 2 ao\u00fbt 1894. Cit\u00e9e par Denise Bouche, p. 75.<\/span> \u00bb. Vign\u00e9 d\u2019Octon, qui a servi au Soudan fran\u00e7ais en tant que m\u00e9decin de la marine, affirme avoir \u00ab vu la cour du poste de Bamako emplie de femmes et d\u2019enfants qui leur avaient \u00e9t\u00e9 distribu\u00e9s<sup class=\"modern-footnotes-footnote \" data-mfn=\"43\" data-mfn-post-scope=\"00000000000004c60000000000000000_1218\"><a href=\"javascript:void(0)\"  role=\"button\" aria-pressed=\"false\" aria-describedby=\"mfn-content-00000000000004c60000000000000000_1218-43\">43<\/a><\/sup><span id=\"mfn-content-00000000000004c60000000000000000_1218-43\" role=\"tooltip\" class=\"modern-footnotes-footnote__note\" tabindex=\"0\" data-mfn=\"43\"> Paul Vign\u00e9 d\u2019Octon, La gloire du sabre, Paris, Quintette, 1984, p. 92.<\/span>. \u00bb<\/p>\t\t\t\t\t\t\t\t<\/div>\n\t\t\t\t<\/div>\n\t\t\t\t<\/div>\n\t\t<div data-particle_enable=\"false\" data-particle-mobile-disabled=\"false\" class=\"elementor-element elementor-element-c30ea07 elementor-hidden-mobile e-con-full elementor-hidden-tablet e-flex e-con e-child\" data-id=\"c30ea07\" data-element_type=\"container\" data-e-type=\"container\">\n\t\t<div data-particle_enable=\"false\" data-particle-mobile-disabled=\"false\" class=\"elementor-element elementor-element-06cf4d0 e-con-full e-flex e-con e-child\" data-id=\"06cf4d0\" data-element_type=\"container\" data-e-type=\"container\">\n\t\t\t\t<div class=\"elementor-element elementor-element-d871ea3 elementor-widget-divider--view-line_text elementor-widget-divider--element-align-center elementor-widget elementor-widget-divider\" data-id=\"d871ea3\" data-element_type=\"widget\" data-e-type=\"widget\" data-widget_type=\"divider.default\">\n\t\t\t\t<div class=\"elementor-widget-container\">\n\t\t\t\t\t\t\t<div class=\"elementor-divider\">\n\t\t\t<span class=\"elementor-divider-separator\">\n\t\t\t\t\t\t\t<p class=\"elementor-divider__text elementor-divider__element\">\n\t\t\t\tPage 4\t\t\t\t<\/p>\n\t\t\t\t\t\t<\/span>\n\t\t<\/div>\n\t\t\t\t\t\t<\/div>\n\t\t\t\t<\/div>\n\t\t\t\t<div class=\"elementor-element elementor-element-c2fb123 eael-tooltip-align-left eael-tooltip-text-align-left elementor-widget elementor-widget-eael-tooltip\" data-id=\"c2fb123\" data-element_type=\"widget\" data-e-type=\"widget\" data-widget_type=\"eael-tooltip.default\">\n\t\t\t\t<div class=\"elementor-widget-container\">\n\t\t\t\t\t\t<div class=\"eael-tooltip\">\n\t\t\t\t\t<p class=\"eael-tooltip-content\" tabindex=\"0\" aria-describedby=\"tooltip-text-c2fb123\"><div><div>[33] Le d\u00e9passement r\u00e9gulier des cr\u00e9dits...<\/div><\/div><\/p>\n  \t\t\t<span id=\"tooltip-text-c2fb123\" class=\"eael-tooltip-text eael-tooltip-bottom\" role=\"tooltip\"><p>Le d\u00e9passement r\u00e9gulier des cr\u00e9dits allou\u00e9s pour les campagnes au Soudan pousse le d\u00e9partement, en 1889, \u00e0 imposer l\u2019aust\u00e9rit\u00e9 budg\u00e9taire et ainsi mettre fin \u00e0 la \u00ab fantaisie financi\u00e8re \u00bb.<\/p><\/span>\n  \t\t\t<\/div>\n\t\t\t\t\t<\/div>\n\t\t\t\t<\/div>\n\t\t\t\t<div class=\"elementor-element elementor-element-a4edf57 eael-tooltip-align-left eael-tooltip-text-align-left elementor-widget elementor-widget-eael-tooltip\" data-id=\"a4edf57\" data-element_type=\"widget\" data-e-type=\"widget\" data-widget_type=\"eael-tooltip.default\">\n\t\t\t\t<div class=\"elementor-widget-container\">\n\t\t\t\t\t\t<div class=\"eael-tooltip\">\n\t\t\t\t\t<p class=\"eael-tooltip-content\" tabindex=\"0\" aria-describedby=\"tooltip-text-a4edf57\"><div>[34] Martin A. Klein, Slavery and colonial...<\/div><\/p>\n  \t\t\t<span id=\"tooltip-text-a4edf57\" class=\"eael-tooltip-text eael-tooltip-bottom\" role=\"tooltip\"><p>Martin A. Klein, Slavery and colonial rule in French West Africa, Cambridge, Cambridge University Press, 1998, p. 89.<\/p><\/span>\n  \t\t\t<\/div>\n\t\t\t\t\t<\/div>\n\t\t\t\t<\/div>\n\t\t\t\t<div class=\"elementor-element elementor-element-f661292 eael-tooltip-align-left eael-tooltip-text-align-left elementor-widget elementor-widget-eael-tooltip\" data-id=\"f661292\" data-element_type=\"widget\" data-e-type=\"widget\" data-widget_type=\"eael-tooltip.default\">\n\t\t\t\t<div class=\"elementor-widget-container\">\n\t\t\t\t\t\t<div class=\"eael-tooltip\">\n\t\t\t\t\t<p class=\"eael-tooltip-content\" tabindex=\"0\" aria-describedby=\"tooltip-text-f661292\"><div>[35] ANOM 60 APC 2 : Note pour le...<\/div><\/p>\n  \t\t\t<span id=\"tooltip-text-f661292\" class=\"eael-tooltip-text eael-tooltip-bottom\" role=\"tooltip\"><p>ANOM 60 APC 2 : Note pour le commandant de Nioro et le capitaine de l\u2019escadron de spahis soudanais sur l\u2019organisation des postes de perception de l\u2019oussourou et sur son mode de perception (Vers 1890\/1891).<\/p><\/span>\n  \t\t\t<\/div>\n\t\t\t\t\t<\/div>\n\t\t\t\t<\/div>\n\t\t\t\t<div class=\"elementor-element elementor-element-0d0ae4b eael-tooltip-align-left eael-tooltip-text-align-left elementor-widget elementor-widget-eael-tooltip\" data-id=\"0d0ae4b\" data-element_type=\"widget\" data-e-type=\"widget\" data-widget_type=\"eael-tooltip.default\">\n\t\t\t\t<div class=\"elementor-widget-container\">\n\t\t\t\t\t\t<div class=\"eael-tooltip\">\n\t\t\t\t\t<p class=\"eael-tooltip-content\" tabindex=\"0\" aria-describedby=\"tooltip-text-0d0ae4b\"><div>[36] Ordre g\u00e9n\u00e9ral n\u00b0 111 du 14 mars 1893...<\/div><\/p>\n  \t\t\t<span id=\"tooltip-text-0d0ae4b\" class=\"eael-tooltip-text eael-tooltip-bottom\" role=\"tooltip\"><p>Ordre g\u00e9n\u00e9ral n\u00b0 111 du 14 mars 1893, cit\u00e9 dans la lettre du chef de bataillon Quiqaundon, commandant de la r\u00e9gion Nord-Est, \u00e0 Monsieur le gouverneur du Soudan fran\u00e7ais, S\u00e9gou, 4 Avril 1894. ANM (FA) 1E 177.<\/p><\/span>\n  \t\t\t<\/div>\n\t\t\t\t\t<\/div>\n\t\t\t\t<\/div>\n\t\t\t\t<div class=\"elementor-element elementor-element-e4134a3 eael-tooltip-align-left eael-tooltip-text-align-left elementor-widget elementor-widget-eael-tooltip\" data-id=\"e4134a3\" data-element_type=\"widget\" data-e-type=\"widget\" data-widget_type=\"eael-tooltip.default\">\n\t\t\t\t<div class=\"elementor-widget-container\">\n\t\t\t\t\t\t<div class=\"eael-tooltip\">\n\t\t\t\t\t<p class=\"eael-tooltip-content\" tabindex=\"0\" aria-describedby=\"tooltip-text-e4134a3\"><div>[37] ANM (FA) 1E 177 : Lettre du chef...<\/div><\/p>\n  \t\t\t<span id=\"tooltip-text-e4134a3\" class=\"eael-tooltip-text eael-tooltip-bottom\" role=\"tooltip\"><p>ANM (FA) 1E 177 : Lettre du chef de bataillon Quiqaundon commandant de la r\u00e9gion Nord-Est \u00e0 Monsieur le gouverneur du Soudan fran\u00e7ais, S\u00e9gou, 4 Avril 1894.<\/p><\/span>\n  \t\t\t<\/div>\n\t\t\t\t\t<\/div>\n\t\t\t\t<\/div>\n\t\t\t\t<div class=\"elementor-element elementor-element-15dcd5f eael-tooltip-align-left eael-tooltip-text-align-left elementor-widget elementor-widget-eael-tooltip\" data-id=\"15dcd5f\" data-element_type=\"widget\" data-e-type=\"widget\" data-widget_type=\"eael-tooltip.default\">\n\t\t\t\t<div class=\"elementor-widget-container\">\n\t\t\t\t\t\t<div class=\"eael-tooltip\">\n\t\t\t\t\t<p class=\"eael-tooltip-content\" tabindex=\"0\" aria-describedby=\"tooltip-text-15dcd5f\"><div>[38] Le rapport sur les affaires de Nioro...<\/div><\/p>\n  \t\t\t<span id=\"tooltip-text-15dcd5f\" class=\"eael-tooltip-text eael-tooltip-bottom\" role=\"tooltip\"><p>Le rapport sur les affaires de Nioro de 1937 contient un nombre impressionnant de cas de ce type. ANS 3M159 : Rapport sur les affaires de Nioro, Kayes le 12 ao\u00fbt 1937.<\/p><\/span>\n  \t\t\t<\/div>\n\t\t\t\t\t<\/div>\n\t\t\t\t<\/div>\n\t\t\t\t<div class=\"elementor-element elementor-element-6e4a013 eael-tooltip-align-left eael-tooltip-text-align-left elementor-widget elementor-widget-eael-tooltip\" data-id=\"6e4a013\" data-element_type=\"widget\" data-e-type=\"widget\" data-widget_type=\"eael-tooltip.default\">\n\t\t\t\t<div class=\"elementor-widget-container\">\n\t\t\t\t\t\t<div class=\"eael-tooltip\">\n\t\t\t\t\t<p class=\"eael-tooltip-content\" tabindex=\"0\" aria-describedby=\"tooltip-text-6e4a013\"><div>[39] ANOM\/MI, 14miom\/ 227 : Lettre...<\/div><\/p>\n  \t\t\t<span id=\"tooltip-text-6e4a013\" class=\"eael-tooltip-text eael-tooltip-bottom\" role=\"tooltip\"><p>ANOM\/MI, 14miom\/ 227 : Lettre du lieutenant-gouverneur du Soudan fran\u00e7ais au gouverneur g\u00e9n\u00e9ral de l\u2019AOF, 5 mars 1937, p. 4.<\/p><\/span>\n  \t\t\t<\/div>\n\t\t\t\t\t<\/div>\n\t\t\t\t<\/div>\n\t\t\t\t<\/div>\n\t\t<div data-particle_enable=\"false\" data-particle-mobile-disabled=\"false\" class=\"elementor-element elementor-element-c41bc57 e-con-full e-flex e-con e-child\" data-id=\"c41bc57\" data-element_type=\"container\" data-e-type=\"container\">\n\t\t\t\t<div class=\"elementor-element elementor-element-537275f eael-tooltip-align-left eael-tooltip-text-align-left elementor-widget elementor-widget-eael-tooltip\" data-id=\"537275f\" data-element_type=\"widget\" data-e-type=\"widget\" data-widget_type=\"eael-tooltip.default\">\n\t\t\t\t<div class=\"elementor-widget-container\">\n\t\t\t\t\t\t<div class=\"eael-tooltip\">\n\t\t\t\t\t<p class=\"eael-tooltip-content\" tabindex=\"0\" aria-describedby=\"tooltip-text-537275f\"><div>[40] Georges Deherme, L\u2019Afrique...<\/div><\/p>\n  \t\t\t<span id=\"tooltip-text-537275f\" class=\"eael-tooltip-text eael-tooltip-bottom\" role=\"tooltip\"><p>Georges Deherme, L\u2019Afrique occidentale fran\u00e7aise, action politique, action \u00e9conomique, action sociale, Paris, Librairie Bloud et Cie, 1908, p. 466 [disponible sur Gallica].<\/p><\/span>\n  \t\t\t<\/div>\n\t\t\t\t\t<\/div>\n\t\t\t\t<\/div>\n\t\t\t\t<div class=\"elementor-element elementor-element-9012760 eael-tooltip-align-left eael-tooltip-text-align-left elementor-widget elementor-widget-eael-tooltip\" data-id=\"9012760\" data-element_type=\"widget\" data-e-type=\"widget\" data-widget_type=\"eael-tooltip.default\">\n\t\t\t\t<div class=\"elementor-widget-container\">\n\t\t\t\t\t\t<div class=\"eael-tooltip\">\n\t\t\t\t\t<p class=\"eael-tooltip-content\" tabindex=\"0\" aria-describedby=\"tooltip-text-9012760\"><p>[41] Denise Bouche, Les villages de...<\/p><\/p>\n  \t\t\t<span id=\"tooltip-text-9012760\" class=\"eael-tooltip-text eael-tooltip-bottom\" role=\"tooltip\"><p>Denise Bouche, Les villages de libert\u00e9 en Afrique noire fran\u00e7aise : 1887-1910, Paris, La Haye : Mouton et Cie, 1968, p. 80.<\/p><\/span>\n  \t\t\t<\/div>\n\t\t\t\t\t<\/div>\n\t\t\t\t<\/div>\n\t\t\t\t<div class=\"elementor-element elementor-element-00c73ba eael-tooltip-align-left eael-tooltip-text-align-left elementor-widget elementor-widget-eael-tooltip\" data-id=\"00c73ba\" data-element_type=\"widget\" data-e-type=\"widget\" data-widget_type=\"eael-tooltip.default\">\n\t\t\t\t<div class=\"elementor-widget-container\">\n\t\t\t\t\t\t<div class=\"eael-tooltip\">\n\t\t\t\t\t<p class=\"eael-tooltip-content\" tabindex=\"0\" aria-describedby=\"tooltip-text-00c73ba\"><div>[42] Lettre n\u00b0218 du gouverneur au...<\/div><\/p>\n  \t\t\t<span id=\"tooltip-text-00c73ba\" class=\"eael-tooltip-text eael-tooltip-bottom\" role=\"tooltip\"><p>Lettre n\u00b0218 du gouverneur au commandant de la r\u00e9gion de Tombouctou, 2 ao\u00fbt 1894. Cit\u00e9e par Denise Bouche, p. 75.<\/p><\/span>\n  \t\t\t<\/div>\n\t\t\t\t\t<\/div>\n\t\t\t\t<\/div>\n\t\t\t\t<div class=\"elementor-element elementor-element-5ce2383 eael-tooltip-align-left eael-tooltip-text-align-left elementor-widget elementor-widget-eael-tooltip\" data-id=\"5ce2383\" data-element_type=\"widget\" data-e-type=\"widget\" data-widget_type=\"eael-tooltip.default\">\n\t\t\t\t<div class=\"elementor-widget-container\">\n\t\t\t\t\t\t<div class=\"eael-tooltip\">\n\t\t\t\t\t<p class=\"eael-tooltip-content\" tabindex=\"0\" aria-describedby=\"tooltip-text-5ce2383\"><p>[43] Paul Vign\u00e9 d\u2019Octon, La gloire du...<\/p><\/p>\n  \t\t\t<span id=\"tooltip-text-5ce2383\" class=\"eael-tooltip-text eael-tooltip-bottom\" role=\"tooltip\"><p>Paul Vign\u00e9 d\u2019Octon, La gloire du sabre, Paris, Quintette, 1984, p. 92.<\/p><\/span>\n  \t\t\t<\/div>\n\t\t\t\t\t<\/div>\n\t\t\t\t<\/div>\n\t\t\t\t<\/div>\n\t\t\t\t<\/div>\n\t\t\t\t\t<\/div>\n\t\t\t\t<\/div>\n\t\t<div data-particle_enable=\"false\" data-particle-mobile-disabled=\"false\" class=\"elementor-element elementor-element-d4919e4 e-flex e-con-boxed e-con e-parent\" data-id=\"d4919e4\" data-element_type=\"container\" data-e-type=\"container\">\n\t\t\t\t\t<div class=\"e-con-inner\">\n\t\t<div data-particle_enable=\"false\" data-particle-mobile-disabled=\"false\" class=\"elementor-element elementor-element-d66416a e-con-full e-flex e-con e-child\" data-id=\"d66416a\" data-element_type=\"container\" data-e-type=\"container\">\n\t\t\t\t<div class=\"elementor-element elementor-element-2761284 elementor-widget elementor-widget-text-editor\" data-id=\"2761284\" data-element_type=\"widget\" data-e-type=\"widget\" data-widget_type=\"text-editor.default\">\n\t\t\t\t<div class=\"elementor-widget-container\">\n\t\t\t\t\t\t\t\t\t<p>Mais, c\u2019est surtout la participation des officiers et sous-officiers fran\u00e7ais au partage du butin humain qui d\u00e9roge \u00e0 la morale r\u00e9publicaine. Sans cet \u00e9l\u00e9ment, on aurait pu dire que l\u2019entorse faite \u00e0 la dignit\u00e9 humaine, par la r\u00e9duction en esclavage des prisonniers de guerre au moment de la conqu\u00eate coloniale, est le seul fait des auxiliaires indig\u00e8nes, m\u00eame si la responsabilit\u00e9 de ceux qui les ont employ\u00e9s aurait pu n\u00e9anmoins \u00eatre engag\u00e9e. Cependant, dans plusieurs campagnes au Soudan, les officiers fran\u00e7ais ont tir\u00e9 de leurs victoires les m\u00eames avantages qu\u2019ils sont venus abolir. En juillet 1894, apr\u00e8s avoir vaincu Ali-kari, chef de Boss\u00e9 au nord de Lanfiera dans le Mossi, tous les survivants de son village, estim\u00e9 \u00e0 1 200 individus, sont devenus des butins de guerre que les officiers et les soldats de la l\u00e9gion \u00e9trang\u00e8re ainsi que les auxiliaires indig\u00e8nes (c\u2019est-\u00e0-dire les tirailleurs r\u00e9guliers ou non, les palefreniers et les porteurs) se sont partag\u00e9s<sup class=\"modern-footnotes-footnote \" data-mfn=\"44\" data-mfn-post-scope=\"00000000000004c60000000000000000_1218\"><a href=\"javascript:void(0)\" refnum=\"44\" role=\"button\" aria-pressed=\"false\" aria-describedby=\"mfn-content-00000000000004c60000000000000000_1218-44\">44<\/a><\/sup><span id=\"mfn-content-00000000000004c60000000000000000_1218-44\" role=\"tooltip\" class=\"modern-footnotes-footnote__note\" tabindex=\"0\" data-mfn=\"44\"> \u00c9douard Guillaumet, Le Soudan en 1894 ; la v\u00e9rit\u00e9 sur Tombouctou ; l\u2019esclavage au Soudan, Paris, A. Savine, 1895, p. 155 [disponible sur Gallica].<\/span>. La conqu\u00eate de S\u00e9gou en 1889, de Nioro en 1891, de Macina en 1893, de Tombouctou en 1894, et de Sikasso en 1898 s\u2019est faite selon les m\u00eames proc\u00e9d\u00e9s.<\/p>\n<p>\u00a0En agissant ainsi, l\u2019administration militaire enfreint l\u2019un des \u00e9l\u00e9ments de la mission civilisatrice de la France dont le but primitif, selon William Ponty, avait \u00e9t\u00e9 pr\u00e9cis\u00e9ment de faire \u00ab\u00a0dispara\u00eetre \u00e0 jamais [l\u2019esclavage] cette organisation vicieuse, improductive et immorale, si oppos\u00e9e \u00e0 [ses] grandes id\u00e9es de libert\u00e9<sup class=\"modern-footnotes-footnote \" data-mfn=\"45\" data-mfn-post-scope=\"00000000000004c60000000000000000_1218\"><a href=\"javascript:void(0)\"  role=\"button\" aria-pressed=\"false\" aria-describedby=\"mfn-content-00000000000004c60000000000000000_1218-45\">45<\/a><\/sup><span id=\"mfn-content-00000000000004c60000000000000000_1218-45\" role=\"tooltip\" class=\"modern-footnotes-footnote__note\" tabindex=\"0\" data-mfn=\"45\"> ANS 1G 297 : Rapport sur le Haut-S\u00e9n\u00e9gal et Moyen-Niger, William Ponty, 1903, p. 5 ; voir aussi Gouvernement g\u00e9n\u00e9ral de l\u2019AOF, Territoires du Haut-S\u00e9n\u00e9gal Moyen-Niger, 1900-1903, Paris, Imprimerie Firmin-Didot et Cie, 1904, p. 3 [disponible sur Gallica].<\/span>. \u00bb\u00a0<\/p>\n<p>Malgr\u00e9 l\u2019indignation de l\u2019opinion m\u00e9tropolitaine et la nomination d\u2019un gouverneur civil en la personne de Albert Grodet, en d\u00e9cembre 1893, le partage du butin humain ne s\u2019arr\u00eate qu\u2019\u00e0 la fin du XIX<sup>e<\/sup> si\u00e8cle. Apparent pendant les premi\u00e8res phases de la conqu\u00eate, il devient plus discret apr\u00e8s le passage du gouverneur Albert Grodet avant de dispara\u00eetre logiquement avec l\u2019ach\u00e8vement de la conqu\u00eate militaire du Soudan fran\u00e7ais.\u00a0 `<\/p>\n<p>Apr\u00e8s la conqu\u00eate, la traite est abolie par le d\u00e9cret du 12 d\u00e9cembre 1905 au Soudan fran\u00e7ais. Ce texte punit \u00ab\u00a0d\u2019un emprisonnement de deux ans \u00e0 cinq<sup class=\"modern-footnotes-footnote \" data-mfn=\"46\" data-mfn-post-scope=\"00000000000004c60000000000000000_1218\"><a href=\"javascript:void(0)\"  role=\"button\" aria-pressed=\"false\" aria-describedby=\"mfn-content-00000000000004c60000000000000000_1218-46\">46<\/a><\/sup><span id=\"mfn-content-00000000000004c60000000000000000_1218-46\" role=\"tooltip\" class=\"modern-footnotes-footnote__note\" tabindex=\"0\" data-mfn=\"46\"> Cette peine est port\u00e9e de 5 \u00e0 10 ans de travaux forc\u00e9s par le code p\u00e9nal indig\u00e8ne de 1944. D\u00e9cret du 17 juillet 1944 instituant un code p\u00e9nal indig\u00e8ne applicable aux indig\u00e8nes de l\u2019AOF, de l\u2019AEF, du Cameroun et du Togo, Douala, Imprimerie commerciale du Cameroun, 1944 [disponible en ligne sur fr.calameo.com].<\/span> et d\u2019une amende de 500 \u00e0 1000 francs<sup class=\"modern-footnotes-footnote \" data-mfn=\"47\" data-mfn-post-scope=\"00000000000004c60000000000000000_1218\"><a href=\"javascript:void(0)\"  role=\"button\" aria-pressed=\"false\" aria-describedby=\"mfn-content-00000000000004c60000000000000000_1218-47\">47<\/a><\/sup><span id=\"mfn-content-00000000000004c60000000000000000_1218-47\" role=\"tooltip\" class=\"modern-footnotes-footnote__note\" tabindex=\"0\" data-mfn=\"47\"> En 1920, le ministre des colonies, Albert Sarraut, jugeant insuffisante la marge laiss\u00e9e \u00e0 l\u2019appr\u00e9ciation du juge pour ce qui concerne l\u2019amende pr\u00e9vue \u00e0 l\u2019article 1er du d\u00e9cret du 12 d\u00e9cembre 1905, d\u00e9cide d\u2019\u00e9lever le maximum de cette peine \u00e0 5000 francs. L\u2019article 1er du d\u00e9cret du 8 ao\u00fbt 1920 modifiant les peines pr\u00e9vues pour la r\u00e9pression de la traite en Afrique occidentale et en Afrique \u00e9quatoriale, Recueil Dareste,1921 (A24, N1), p. 135.<\/span>\u00a0\u00bb toute convention ou m\u00eame des pr\u00e9liminaires de convention ayant pour but d\u2019ali\u00e9ner la libert\u00e9 d\u2019autrui. Mais ce texte ne concerne pas l\u2019esclavage domestique. Pour rappel, les esclaves domestiques sont des esclaves n\u00e9s chez le ma\u00eetre ou qui y vivent depuis tr\u00e8s longtemps et qui ne peuvent en principe \u00eatre vendus<sup class=\"modern-footnotes-footnote \" data-mfn=\"48\" data-mfn-post-scope=\"00000000000004c60000000000000000_1218\"><a href=\"javascript:void(0)\"  role=\"button\" aria-pressed=\"false\" aria-describedby=\"mfn-content-00000000000004c60000000000000000_1218-48\">48<\/a><\/sup><span id=\"mfn-content-00000000000004c60000000000000000_1218-48\" role=\"tooltip\" class=\"modern-footnotes-footnote__note\" tabindex=\"0\" data-mfn=\"48\"> Au contraire des esclaves de traite qui sont acquis r\u00e9cemment et qui peuvent \u00eatre vendus \u00e0 tout moment, car consid\u00e9r\u00e9s comme des marchandises.<\/span>. Dans cette mati\u00e8re le pouvoir colonial adopte une toute autre strat\u00e9gie. Il d\u00e9cide d\u2019assurer la libert\u00e9 individuelle \u00e0 tous les esclaves qui le souhaitent, sans obliger \u00ab\u00a0ceux auxquels le b\u00e9n\u00e9fice n\u2019en est point contest\u00e9 \u00e0 la prendre quand m\u00eame\u00a0\u00bb<sup class=\"modern-footnotes-footnote \" data-mfn=\"49\" data-mfn-post-scope=\"00000000000004c60000000000000000_1218\"><a href=\"javascript:void(0)\"  role=\"button\" aria-pressed=\"false\" aria-describedby=\"mfn-content-00000000000004c60000000000000000_1218-49\">49<\/a><\/sup><span id=\"mfn-content-00000000000004c60000000000000000_1218-49\" role=\"tooltip\" class=\"modern-footnotes-footnote__note\" tabindex=\"0\" data-mfn=\"49\"> ANOM 14 MIOM 1191 : Rapport du gouverneur g\u00e9n\u00e9ral \u00e0 Monsieur le ministre, Gor\u00e9e, 10 juin 1905.<\/span>. Autrement dit, l\u2019esclave domestique est libre de son choix. Il peut d\u00e9cider de rester avec son ma\u00eetre, comme il peut faire le choix de le quitter. Si cette politique a fini par s\u2019imposer dans les cercles du sud, il en sera autrement dans les cercles Nord. L\u2019autorit\u00e9 coloniale, pour ne pas compromettre sa situation politique ou diminuer son influence chez les populations nomades du nord de la colonie, permet aux ma\u00eetres de garder leurs esclaves domestiques qui souhaitent pourtant \u00e9chapper \u00e0 la contrainte de la servitude. La raison avanc\u00e9e est que l\u2019esclavage est une n\u00e9cessit\u00e9 absolue chez elles.<\/p>\n<p>Mais au fond, l\u2019administration coloniale permet aux nomades maures et touareg de conserver leurs esclaves pour \u00e9viter qu\u2019ils ne se soul\u00e8vent contre elle. En effet, la France, \u00e0 son arriv\u00e9e dans la partie nord de la colonie, trouve en face d\u2019elle des populations guerri\u00e8res habitu\u00e9es \u00e0 se soulever les unes contre les autres et qui acceptent difficilement d\u2019\u00eatre sous la domination d\u2019une puissance \u00e9trang\u00e8re. Bien que soumises, elles gardent une attitude incertaine \u00e0 l\u2019\u00e9gard de l\u2019autorit\u00e9 coloniale fran\u00e7aise. D\u00e9clarer les esclaves libres comme au sud de la colonie, c\u2019est prendre le risque de voir les belliqueux nomades, pour qui l\u2019esclavage est une n\u00e9cessit\u00e9 absolue, rentrer en dissidence.<\/p>\n<p>La lib\u00e9ration des esclaves ou des tribus serves chez les nomades n\u2019intervient qu\u2019apr\u00e8s des r\u00e9voltes, en guise de repr\u00e9sailles. Ainsi, apr\u00e8s la r\u00e9volte des Touareg Oulliminden en 1916, l\u2019administration, pour punir les insurg\u00e9s, lib\u00e8re certains de leurs esclaves qu\u2019elle place dans une fraction de Bellah libres (les Zambouroutens)<sup class=\"modern-footnotes-footnote \" data-mfn=\"50\" data-mfn-post-scope=\"00000000000004c60000000000000000_1218\"><a href=\"javascript:void(0)\"  role=\"button\" aria-pressed=\"false\" aria-describedby=\"mfn-content-00000000000004c60000000000000000_1218-50\">50<\/a><\/sup><span id=\"mfn-content-00000000000004c60000000000000000_1218-50\" role=\"tooltip\" class=\"modern-footnotes-footnote__note\" tabindex=\"0\" data-mfn=\"50\"> ANS 2K15 (174) : Capitaine Forgeot Abel, Monographie r\u00e9gionale de Menaka.<\/span>. En dehors de ces mesures de repr\u00e9sailles permettant de se conformer \u00e0 la politique anti-esclavagiste, l\u2019attitude de l\u2019administrateur \u00e0 l\u2019\u00e9gard des ma\u00eetres dans les r\u00e9gions nomades est plut\u00f4t bienveillante. La situation des esclaves domestiques chez les nomades n\u2019\u00e9volue qu\u2019avec la loi Lamine Gu\u00e8ye du 7 mai 1946 et la constitution du 27 octobre de la m\u00eame ann\u00e9e qui conf\u00e8rent la qualit\u00e9 de citoyen fran\u00e7ais \u00e0 tous les indig\u00e8nes<sup class=\"modern-footnotes-footnote \" data-mfn=\"51\" data-mfn-post-scope=\"00000000000004c60000000000000000_1218\"><a href=\"javascript:void(0)\"  role=\"button\" aria-pressed=\"false\" aria-describedby=\"mfn-content-00000000000004c60000000000000000_1218-51\">51<\/a><\/sup><span id=\"mfn-content-00000000000004c60000000000000000_1218-51\" role=\"tooltip\" class=\"modern-footnotes-footnote__note\" tabindex=\"0\" data-mfn=\"51\"> Le projet qui va donner naissance \u00e0 la constitution du 27 octobre 1946 pr\u00e9voyait de conf\u00e9rer la qualit\u00e9 de citoyen fran\u00e7ais \u00e0 tous les indig\u00e8nes des colonies fran\u00e7aises. Adopt\u00e9 par l\u2019Assembl\u00e9e nationale le 19 avril, le projet devait encore passer par voie r\u00e9f\u00e9rendaire. S\u2019inqui\u00e9tant de la cons\u00e9quence d\u2019un probable \u00e9chec du projet sur l\u2019octroi de la citoyennet\u00e9 fran\u00e7aise aux indig\u00e8nes, le d\u00e9put\u00e9 s\u00e9n\u00e9galais, Amadou Lamine Gu\u00e8ye, propose une loi sp\u00e9ciale qui sera adopt\u00e9e \u00e0 l\u2019unanimit\u00e9 le 25 avril 1946 et promulgu\u00e9e le 7 mai 1946. Voir Philippe Coc\u00e2tre-Zilgien, \u00ab Quand la France \u00e9tait la colonie de ses anciennes colonies \u00bb, Les colonies, approches juridiques et institutionnelles de la colonisation de la Rome antique \u00e0 nos jours, \u00c9ric Gojosso, David Kremer et Arnaud Vergne (dir.), Paris, LGDJ, 2004, p. 381-447, p. 392.<\/span>.<\/p>\n<h2>Conclusion<\/h2>\n<p>La mission civilisatrice, qui a \u00e9t\u00e9 centrale pour la l\u00e9gitimation de l\u2019expansion coloniale au Soudan occidental \u00e0 la fin du XIX<sup>e<\/sup> si\u00e8cle, s\u2019appuie sur les Lumi\u00e8res, consid\u00e9r\u00e9es comme un mouvement de combat pour les droits de l\u2019homme. Pour les partisans de l\u2019expansion coloniale sous la troisi\u00e8me R\u00e9publique, il \u00e9tait primordial d\u2019apporter cet h\u00e9ritage, difficilement acquis apr\u00e8s des si\u00e8cles d\u2019efforts et de rudes \u00e9preuves, aux indig\u00e8nes, jug\u00e9s inf\u00e9rieurs. L\u2019analyse des sources d\u2019archives coloniales permet de constater que, dans les territoires du Soudan occidental, le pouvoir colonial fran\u00e7ais \u00e9tait largement impr\u00e9gn\u00e9 par l\u2019id\u00e9ologie des Lumi\u00e8res. Les d\u00e9crets, les circulaires ainsi que les d\u00e9cisions de justice abrogeant les coutumes ou pratiques, qualifi\u00e9es de barbares et inhumaines, se basaient tous sur les principes de la civilisation fran\u00e7aise. Or, ces principes, comme nous l\u2019avons soulign\u00e9 plus haut, ne sont rien d\u2019autre que les principes de libert\u00e9, de l\u2019\u00e9galit\u00e9 et de la justice issus des Lumi\u00e8res et de la R\u00e9volution de 1789. D\u00e8s lors, on peut affirmer que les Lumi\u00e8res ont exerc\u00e9 une r\u00e9elle influence sur les politiques coloniales du second empire colonial (XIXe \u2013 XXe si\u00e8cle).<\/p>\n<p>Cependant, le pouvoir colonial fran\u00e7ais n\u2019a pas h\u00e9sit\u00e9 \u00e0 transgresser ces m\u00eames principes lorsque ses int\u00e9r\u00eats \u00e9taient en jeu. La colonisation du Soudan occidental permet, en effet, de saisir les antinomies entre le discours et la r\u00e9alit\u00e9. Loin de vouloir d\u00e9livrer \u00e0 tout prix les populations autochtones de l\u2019injustice et de la barbarie pour le bien de la civilisation, la pr\u00e9sence de l\u2019autorit\u00e9 coloniale fran\u00e7aise se justifie d\u2019abord par des raisons \u00e9conomiques et politiques, le Soudan fran\u00e7ais \u00e9tant consid\u00e9r\u00e9 comme une colonie d\u2019exploitation<sup class=\"modern-footnotes-footnote \" data-mfn=\"52\" data-mfn-post-scope=\"00000000000004c60000000000000000_1218\"><a href=\"javascript:void(0)\"  role=\"button\" aria-pressed=\"false\" aria-describedby=\"mfn-content-00000000000004c60000000000000000_1218-52\">52<\/a><\/sup><span id=\"mfn-content-00000000000004c60000000000000000_1218-52\" role=\"tooltip\" class=\"modern-footnotes-footnote__note\" tabindex=\"0\" data-mfn=\"52\"> Dans le projet d\u2019organisation politique, administrative et d\u00e9fensive de l\u2019Afrique occidentale fran\u00e7aise r\u00e9alis\u00e9 par le commandant Destenave en 1895, il est \u00e9crit que \u00ab sur le fait de ces circonstances le Soudan fran\u00e7ais, \u00e0 l\u2019\u00e9tat actuel, est une colonie d\u2019exploitation. \u00bb ANS 18G2.<\/span>. Le fait que la mise en \u0153uvre des principes civilisateurs c\u00e8de le pas \u00e0 l\u2019imp\u00e9ratif de stabilit\u00e9 \u00e9conomique etpolitique montre que le v\u00e9ritable motif de la colonisation du Soudan occidental n\u2019est pas la mission civilisatrice bien que celle-ci soit mise en avant.<\/p>\n<p><strong>Mots-cl\u00e9s<\/strong>\u00a0: Lumi\u00e8res, Colonisation, Soudan Occidental, Principes de la civilisation fran\u00e7aise, Coutumes indig\u00e8nes.<\/p>\t\t\t\t\t\t\t\t<\/div>\n\t\t\t\t<\/div>\n\t\t\t\t<\/div>\n\t\t<div data-particle_enable=\"false\" data-particle-mobile-disabled=\"false\" class=\"elementor-element elementor-element-4742196 elementor-hidden-mobile e-con-full elementor-hidden-tablet e-flex e-con e-child\" data-id=\"4742196\" data-element_type=\"container\" data-e-type=\"container\">\n\t\t<div data-particle_enable=\"false\" data-particle-mobile-disabled=\"false\" class=\"elementor-element elementor-element-eaa8b51 e-con-full e-flex e-con e-child\" data-id=\"eaa8b51\" data-element_type=\"container\" data-e-type=\"container\">\n\t\t\t\t<div class=\"elementor-element elementor-element-f7dbaab elementor-widget-divider--view-line_text elementor-widget-divider--element-align-center elementor-widget elementor-widget-divider\" data-id=\"f7dbaab\" data-element_type=\"widget\" data-e-type=\"widget\" data-widget_type=\"divider.default\">\n\t\t\t\t<div class=\"elementor-widget-container\">\n\t\t\t\t\t\t\t<div class=\"elementor-divider\">\n\t\t\t<span class=\"elementor-divider-separator\">\n\t\t\t\t\t\t\t<p class=\"elementor-divider__text elementor-divider__element\">\n\t\t\t\tPage 5\t\t\t\t<\/p>\n\t\t\t\t\t\t<\/span>\n\t\t<\/div>\n\t\t\t\t\t\t<\/div>\n\t\t\t\t<\/div>\n\t\t\t\t<div class=\"elementor-element elementor-element-9da0890 eael-tooltip-align-left eael-tooltip-text-align-left elementor-widget elementor-widget-eael-tooltip\" data-id=\"9da0890\" data-element_type=\"widget\" data-e-type=\"widget\" data-widget_type=\"eael-tooltip.default\">\n\t\t\t\t<div class=\"elementor-widget-container\">\n\t\t\t\t\t\t<div class=\"eael-tooltip\">\n\t\t\t\t\t<p class=\"eael-tooltip-content\" tabindex=\"0\" aria-describedby=\"tooltip-text-9da0890\"><div>\n<div>[44] \u00c9douard Guillaumet, Le Soudan en...<\/div>\n<\/div><\/p>\n  \t\t\t<span id=\"tooltip-text-9da0890\" class=\"eael-tooltip-text eael-tooltip-bottom\" role=\"tooltip\"><p>\u00c9douard Guillaumet, Le Soudan en 1894 ; la v\u00e9rit\u00e9 sur Tombouctou ; l\u2019esclavage au Soudan, Paris, A. Savine, 1895, p. 155 [disponible sur Gallica]<\/p><\/span>\n  \t\t\t<\/div>\n\t\t\t\t\t<\/div>\n\t\t\t\t<\/div>\n\t\t\t\t<div class=\"elementor-element elementor-element-5a6ee46 eael-tooltip-align-left eael-tooltip-text-align-left elementor-widget elementor-widget-eael-tooltip\" data-id=\"5a6ee46\" data-element_type=\"widget\" data-e-type=\"widget\" data-widget_type=\"eael-tooltip.default\">\n\t\t\t\t<div class=\"elementor-widget-container\">\n\t\t\t\t\t\t<div class=\"eael-tooltip\">\n\t\t\t\t\t<p class=\"eael-tooltip-content\" tabindex=\"0\" aria-describedby=\"tooltip-text-5a6ee46\"><p>[45] ANS 1G 297 : Rapport sur le Haut...<\/p><\/p>\n  \t\t\t<span id=\"tooltip-text-5a6ee46\" class=\"eael-tooltip-text eael-tooltip-bottom\" role=\"tooltip\"><div>ANS 1G 297 : Rapport sur le Haut-S\u00e9n\u00e9gal et Moyen-Niger, William Ponty, 1903, p. 5 ; voir aussi Gouvernement g\u00e9n\u00e9ral de l\u2019AOF, Territoires du Haut-S\u00e9n\u00e9gal Moyen-Niger, 1900-1903, Paris, Imprimerie Firmin-Didot et Cie, 1904, p. 3 [disponible sur Gallica].<\/div><\/span>\n  \t\t\t<\/div>\n\t\t\t\t\t<\/div>\n\t\t\t\t<\/div>\n\t\t\t\t<div class=\"elementor-element elementor-element-be10dcf eael-tooltip-align-left eael-tooltip-text-align-left elementor-widget elementor-widget-eael-tooltip\" data-id=\"be10dcf\" data-element_type=\"widget\" data-e-type=\"widget\" data-widget_type=\"eael-tooltip.default\">\n\t\t\t\t<div class=\"elementor-widget-container\">\n\t\t\t\t\t\t<div class=\"eael-tooltip\">\n\t\t\t\t\t<p class=\"eael-tooltip-content\" tabindex=\"0\" aria-describedby=\"tooltip-text-be10dcf\"><div>[46] Cette peine est port\u00e9e de 5 \u00e0 10 ans...<\/div><\/p>\n  \t\t\t<span id=\"tooltip-text-be10dcf\" class=\"eael-tooltip-text eael-tooltip-bottom\" role=\"tooltip\"><p>Cette peine est port\u00e9e de 5 \u00e0 10 ans de travaux forc\u00e9s par le code p\u00e9nal indig\u00e8ne de 1944. D\u00e9cret du 17 juillet 1944 instituant un code p\u00e9nal indig\u00e8ne applicable aux indig\u00e8nes de l\u2019AOF, de l\u2019AEF, du Cameroun et du Togo, Douala, Imprimerie commerciale du Cameroun, 1944 [disponible en ligne sur fr.calameo.com].<\/p><\/span>\n  \t\t\t<\/div>\n\t\t\t\t\t<\/div>\n\t\t\t\t<\/div>\n\t\t\t\t<div class=\"elementor-element elementor-element-5a68917 eael-tooltip-align-left eael-tooltip-text-align-left elementor-widget elementor-widget-eael-tooltip\" data-id=\"5a68917\" data-element_type=\"widget\" data-e-type=\"widget\" data-widget_type=\"eael-tooltip.default\">\n\t\t\t\t<div class=\"elementor-widget-container\">\n\t\t\t\t\t\t<div class=\"eael-tooltip\">\n\t\t\t\t\t<p class=\"eael-tooltip-content\" tabindex=\"0\" aria-describedby=\"tooltip-text-5a68917\"><div>[47] En 1920, le ministre des colonies...<\/div><\/p>\n  \t\t\t<span id=\"tooltip-text-5a68917\" class=\"eael-tooltip-text eael-tooltip-bottom\" role=\"tooltip\"><p>En 1920, le ministre des colonies, Albert Sarraut, jugeant insuffisante la marge laiss\u00e9e \u00e0 l\u2019appr\u00e9ciation du juge pour ce qui concerne l\u2019amende pr\u00e9vue \u00e0 l\u2019article 1er du d\u00e9cret du 12 d\u00e9cembre 1905, d\u00e9cide d\u2019\u00e9lever le maximum de cette peine \u00e0 5000 francs. L\u2019article 1er du d\u00e9cret du 8 ao\u00fbt 1920 modifiant les peines pr\u00e9vues pour la r\u00e9pression de la traite en Afrique occidentale et en Afrique \u00e9quatoriale, Recueil Dareste,1921 (A24, N1), p. 135.<\/p><\/span>\n  \t\t\t<\/div>\n\t\t\t\t\t<\/div>\n\t\t\t\t<\/div>\n\t\t\t\t<div class=\"elementor-element elementor-element-4dd70d5 eael-tooltip-align-left eael-tooltip-text-align-left elementor-widget elementor-widget-eael-tooltip\" data-id=\"4dd70d5\" data-element_type=\"widget\" data-e-type=\"widget\" data-widget_type=\"eael-tooltip.default\">\n\t\t\t\t<div class=\"elementor-widget-container\">\n\t\t\t\t\t\t<div class=\"eael-tooltip\">\n\t\t\t\t\t<p class=\"eael-tooltip-content\" tabindex=\"0\" aria-describedby=\"tooltip-text-4dd70d5\"><div>[48] Au contraire des esclaves de traite...<\/div><\/p>\n  \t\t\t<span id=\"tooltip-text-4dd70d5\" class=\"eael-tooltip-text eael-tooltip-bottom\" role=\"tooltip\"><p>Au contraire des esclaves de traite qui sont acquis r\u00e9cemment et qui peuvent \u00eatre vendus \u00e0 tout moment, car consid\u00e9r\u00e9s comme des marchandises.<\/p><\/span>\n  \t\t\t<\/div>\n\t\t\t\t\t<\/div>\n\t\t\t\t<\/div>\n\t\t\t\t<div class=\"elementor-element elementor-element-ce7827b eael-tooltip-align-left eael-tooltip-text-align-left elementor-widget elementor-widget-eael-tooltip\" data-id=\"ce7827b\" data-element_type=\"widget\" data-e-type=\"widget\" data-widget_type=\"eael-tooltip.default\">\n\t\t\t\t<div class=\"elementor-widget-container\">\n\t\t\t\t\t\t<div class=\"eael-tooltip\">\n\t\t\t\t\t<p class=\"eael-tooltip-content\" tabindex=\"0\" aria-describedby=\"tooltip-text-ce7827b\"><div>[49] ANOM 14 MIOM 1191 : Rapport...<\/div><\/p>\n  \t\t\t<span id=\"tooltip-text-ce7827b\" class=\"eael-tooltip-text eael-tooltip-bottom\" role=\"tooltip\"><div>ANOM 14 MIOM 1191 : Rapport du gouverneur g\u00e9n\u00e9ral \u00e0 Monsieur le ministre, Gor\u00e9e, 10 juin 1905.<\/div><\/span>\n  \t\t\t<\/div>\n\t\t\t\t\t<\/div>\n\t\t\t\t<\/div>\n\t\t\t\t<div class=\"elementor-element elementor-element-b6bfac6 eael-tooltip-align-left eael-tooltip-text-align-left elementor-widget elementor-widget-eael-tooltip\" data-id=\"b6bfac6\" data-element_type=\"widget\" data-e-type=\"widget\" data-widget_type=\"eael-tooltip.default\">\n\t\t\t\t<div class=\"elementor-widget-container\">\n\t\t\t\t\t\t<div class=\"eael-tooltip\">\n\t\t\t\t\t<p class=\"eael-tooltip-content\" tabindex=\"0\" aria-describedby=\"tooltip-text-b6bfac6\"><div>[50] ANS 2K15 (174) : Capitaine...<\/div><\/p>\n  \t\t\t<span id=\"tooltip-text-b6bfac6\" class=\"eael-tooltip-text eael-tooltip-bottom\" role=\"tooltip\"><p>ANS 2K15 (174) : Capitaine Forgeot Abel, Monographie r\u00e9gionale de Menaka.<\/p><\/span>\n  \t\t\t<\/div>\n\t\t\t\t\t<\/div>\n\t\t\t\t<\/div>\n\t\t\t\t<div class=\"elementor-element elementor-element-5cbf507 eael-tooltip-align-left eael-tooltip-text-align-left elementor-widget elementor-widget-eael-tooltip\" data-id=\"5cbf507\" data-element_type=\"widget\" data-e-type=\"widget\" data-widget_type=\"eael-tooltip.default\">\n\t\t\t\t<div class=\"elementor-widget-container\">\n\t\t\t\t\t\t<div class=\"eael-tooltip\">\n\t\t\t\t\t<p class=\"eael-tooltip-content\" tabindex=\"0\" aria-describedby=\"tooltip-text-5cbf507\"><p>[51] Le projet qui va donner naissance \u00e0 la...<\/p><\/p>\n  \t\t\t<span id=\"tooltip-text-5cbf507\" class=\"eael-tooltip-text eael-tooltip-bottom\" role=\"tooltip\"><p>Le projet qui va donner naissance \u00e0 la constitution du 27 octobre 1946 pr\u00e9voyait de conf\u00e9rer la qualit\u00e9 de citoyen fran\u00e7ais \u00e0 tous les indig\u00e8nes des colonies fran\u00e7aises. Adopt\u00e9 par l\u2019Assembl\u00e9e nationale le 19 avril, le projet devait encore passer par voie r\u00e9f\u00e9rendaire. S\u2019inqui\u00e9tant de la cons\u00e9quence d\u2019un probable \u00e9chec du projet sur l\u2019octroi de la citoyennet\u00e9 fran\u00e7aise aux indig\u00e8nes, le d\u00e9put\u00e9 s\u00e9n\u00e9galais, Amadou Lamine Gu\u00e8ye, propose une loi sp\u00e9ciale qui sera adopt\u00e9e \u00e0 l\u2019unanimit\u00e9 le 25 avril 1946 et promulgu\u00e9e le 7 mai 1946. Voir Philippe Coc\u00e2tre-Zilgien, \u00ab Quand la France \u00e9tait la colonie de ses anciennes colonies \u00bb, Les colonies, approches juridiques et institutionnelles de la colonisation de la Rome antique \u00e0 nos jours, \u00c9ric Gojosso, David Kremer et Arnaud Vergne (dir.), Paris, LGDJ, 2004, p. 381-447, p. 392.<\/p><\/span>\n  \t\t\t<\/div>\n\t\t\t\t\t<\/div>\n\t\t\t\t<\/div>\n\t\t\t\t<\/div>\n\t\t<div data-particle_enable=\"false\" data-particle-mobile-disabled=\"false\" class=\"elementor-element elementor-element-119dd0d e-con-full e-flex e-con e-child\" data-id=\"119dd0d\" data-element_type=\"container\" data-e-type=\"container\">\n\t\t\t\t<div class=\"elementor-element elementor-element-565e810 eael-tooltip-align-left eael-tooltip-text-align-left elementor-widget elementor-widget-eael-tooltip\" data-id=\"565e810\" data-element_type=\"widget\" data-e-type=\"widget\" data-widget_type=\"eael-tooltip.default\">\n\t\t\t\t<div class=\"elementor-widget-container\">\n\t\t\t\t\t\t<div class=\"eael-tooltip\">\n\t\t\t\t\t<p class=\"eael-tooltip-content\" tabindex=\"0\" aria-describedby=\"tooltip-text-565e810\"><div>[52] Dans le projet d\u2019organisation politique...<\/div><\/p>\n  \t\t\t<span id=\"tooltip-text-565e810\" class=\"eael-tooltip-text eael-tooltip-bottom\" role=\"tooltip\"><p>Dans le projet d\u2019organisation politique, administrative et d\u00e9fensive de l\u2019Afrique occidentale fran\u00e7aise r\u00e9alis\u00e9 par le commandant Destenave en 1895, il est \u00e9crit que \u00ab sur le fait de ces circonstances le Soudan fran\u00e7ais, \u00e0 l\u2019\u00e9tat actuel, est une colonie d\u2019exploitation. \u00bb ANS 18G2.<\/p><\/span>\n  \t\t\t<\/div>\n\t\t\t\t\t<\/div>\n\t\t\t\t<\/div>\n\t\t\t\t<\/div>\n\t\t\t\t<\/div>\n\t\t\t\t\t<\/div>\n\t\t\t\t<\/div>\n\t\t\t\t<\/div>\n\t\t","protected":false},"excerpt":{"rendered":"<p>\u00ab\u00a0N\u2019oublions pas que c\u2019est au nom de la libert\u00e9 et pour combattre les coutumes barbares que les puissances europ\u00e9ennes sont venues dans les territoires de l\u2019Afrique.\u00a0\u00bb William Ponty, 1901. On observe bien ici, l\u2019image du colonisateur europ\u00e9en, h\u00e9ritier des Lumi\u00e8res, lib\u00e9rant les Africains de la barbarie. De fa\u00e7on g\u00e9n\u00e9rale, la domination coloniale en Afrique Occidentale [&hellip;]<\/p>\n","protected":false},"author":17,"featured_media":1537,"comment_status":"closed","ping_status":"closed","sticky":false,"template":"","format":"standard","meta":{"_acf_changed":false,"footnotes":""},"categories":[16],"tags":[],"class_list":["post-1218","post","type-post","status-publish","format-standard","has-post-thumbnail","hentry","category-numero2"],"acf":[],"_links":{"self":[{"href":"https:\/\/m3c.universita.corsica\/lumi\/wp-json\/wp\/v2\/posts\/1218","targetHints":{"allow":["GET"]}}],"collection":[{"href":"https:\/\/m3c.universita.corsica\/lumi\/wp-json\/wp\/v2\/posts"}],"about":[{"href":"https:\/\/m3c.universita.corsica\/lumi\/wp-json\/wp\/v2\/types\/post"}],"author":[{"embeddable":true,"href":"https:\/\/m3c.universita.corsica\/lumi\/wp-json\/wp\/v2\/users\/17"}],"replies":[{"embeddable":true,"href":"https:\/\/m3c.universita.corsica\/lumi\/wp-json\/wp\/v2\/comments?post=1218"}],"version-history":[{"count":31,"href":"https:\/\/m3c.universita.corsica\/lumi\/wp-json\/wp\/v2\/posts\/1218\/revisions"}],"predecessor-version":[{"id":4843,"href":"https:\/\/m3c.universita.corsica\/lumi\/wp-json\/wp\/v2\/posts\/1218\/revisions\/4843"}],"wp:featuredmedia":[{"embeddable":true,"href":"https:\/\/m3c.universita.corsica\/lumi\/wp-json\/wp\/v2\/media\/1537"}],"wp:attachment":[{"href":"https:\/\/m3c.universita.corsica\/lumi\/wp-json\/wp\/v2\/media?parent=1218"}],"wp:term":[{"taxonomy":"category","embeddable":true,"href":"https:\/\/m3c.universita.corsica\/lumi\/wp-json\/wp\/v2\/categories?post=1218"},{"taxonomy":"post_tag","embeddable":true,"href":"https:\/\/m3c.universita.corsica\/lumi\/wp-json\/wp\/v2\/tags?post=1218"}],"curies":[{"name":"wp","href":"https:\/\/api.w.org\/{rel}","templated":true}]}}