{"id":1255,"date":"2023-06-22T16:00:15","date_gmt":"2023-06-22T16:00:15","guid":{"rendered":"https:\/\/m3c.universita.corsica\/lumi\/?p=1255"},"modified":"2025-03-03T23:31:28","modified_gmt":"2025-03-03T23:31:28","slug":"la-communaute-corse-et-sa-contribution-a-la-colonisation-francaise-en-afrique-du-nord","status":"publish","type":"post","link":"https:\/\/m3c.universita.corsica\/lumi\/la-communaute-corse-et-sa-contribution-a-la-colonisation-francaise-en-afrique-du-nord\/","title":{"rendered":"La communaut\u00e9 corse et sa contribution \u00e0 la colonisation fran\u00e7aise en Afrique du Nord"},"content":{"rendered":"\n<div class=\"wp-block-columns is-layout-flex wp-container-core-columns-is-layout-28f84493 wp-block-columns-is-layout-flex\">\n<div class=\"wp-block-column is-layout-flow wp-block-column-is-layout-flow\" style=\"flex-basis:75%\">\n<p>La conqu\u00eate militaire fran\u00e7aise de l\u2019Afrique du Nord a dur\u00e9 \u00e0 peu pr\u00e8s un si\u00e8cle et s\u2019est d\u00e9roul\u00e9e dans des conditions diff\u00e9rentes. L\u2019Alg\u00e9rie fut annex\u00e9e en 1830, elle est consid\u00e9r\u00e9e comme un d\u00e9partement fran\u00e7ais. Alors que l\u2019occupation de la Tunisie (1881) et du Maroc (1912) se fait dans un autre cadre juridique, les deux pays ont le statut de protectorat. Cette zone est devenue strat\u00e9gique pour la France et d\u00e9terminante pour son \u00e9conomie et sa d\u00e9fense nationale, \u00ab&nbsp;puisqu\u2019elle garantit sa s\u00e9curit\u00e9 et son ind\u00e9pendance vis-\u00e0-vis du monde entier&nbsp;\u00bb<sup>(<a id=\"_ftnref1\" href=\"#_ftn1\">[1]<\/a>)<\/sup>.&nbsp; L\u2019installation des Fran\u00e7ais sur le territoire de ces pays \u00e9tait un long processus, car avant l\u2019arriv\u00e9e de la France au Maghreb il y avait bien des europ\u00e9ens et leur nombre \u00e9tait parfois sup\u00e9rieur \u00e0 celui des nouveaux colons (le cas des italiens en Tunisie). De m\u00eame les Fran\u00e7ais ne constituent pas un corps homog\u00e8ne, ils se r\u00e9partissent selon plusieurs cat\u00e9gories socio-professionnelles<sup> (<a id=\"_ftnref2\" href=\"#_ftn2\">[2]<\/a>)<\/sup>&nbsp;; ceux qui sont implant\u00e9s pour peupler le territoire et les fonctionnaires qui sont recrut\u00e9s dans l\u2019administration pour sauvegarder les int\u00e9r\u00eats coloniaux, m\u00eame s\u2019ils sont tous consid\u00e9r\u00e9s comme des colons. Le peuplement des colonies a pos\u00e9 quelques probl\u00e8mes car la France qui est s\u00e9rieusement touch\u00e9e par la guerre avec la Prusse (Allemagne) en 1870 et l\u2019inf\u00e9riorit\u00e9 num\u00e9rique de la population fran\u00e7aise, a longtemps \u00e9t\u00e9 un sujet d\u2019inqui\u00e9tude pour les dirigeants fran\u00e7ais<sup> (<a id=\"_ftnref3\" href=\"#_ftn3\">[3]<\/a>)<\/sup>. Quelques estimations indiquent que la France avait besoin d\u2019un million de colons pour peupler ses colonies d\u2019Afrique du Nord. C\u2019est gr\u00e2ce \u00e0 la forte natalit\u00e9 de quelques r\u00e9gions notamment la Flandre la Lorraine que l\u2019empire colonial a pu exporter des hommes, et selon quelques sources les premiers Fran\u00e7ais qui se sont install\u00e9s en Alg\u00e9rie sont majoritairement des Alsaciens-Lorrains <sup>(<a id=\"_ftnref4\" href=\"#_ftn4\">[4]<\/a>)<\/sup>. Quant \u00e0 la Tunisie, la plupart des Fran\u00e7ais sont des Limousins et des Corses. La France a r\u00e9solu momentan\u00e9ment ses probl\u00e8mes \u00e0 travers la migration de quelques r\u00e9gions \u00e0 forte natalit\u00e9 de la m\u00e9tropole et la politique de naturalisation des nationalit\u00e9s \u00e9trang\u00e8res mais les r\u00e9sultats sont encore mauvais. C\u2019est-\u00e0-dire que les originaires de Corse ont r\u00e9ussi \u00e0 s\u2019adapter mieux que les autres colons non seulement en Alg\u00e9rie et Tunisie mais aussi dans les diff\u00e9rentes colonies fran\u00e7aises <sup>(<a id=\"_ftnref5\" href=\"#_ftn5\">[5]<\/a>)<\/sup>.<\/p>\n\n\n\n<p>Quelles sont les raisons de l\u2019adaptation rapide des insulaires dans les colonies&nbsp;? Et peut-on se fier \u00e0 la justesse d\u2019un tel jugement officiel&nbsp;?<\/p>\n\n\n\n<p>Le recrutement des originaires de l\u2019\u00eele est acc\u00e9l\u00e9r\u00e9, ils sont devenus nombreux dans les diff\u00e9rents services administratifs. Ils ont cr\u00e9\u00e9 des associations r\u00e9gionales dans les diff\u00e9rentes villes du Maghreb qui ont permis de regrouper leurs concitoyens en formant une communaut\u00e9 capable de d\u00e9fendre leurs int\u00e9r\u00eats. Nous essaierons d\u2019\u00e9tudier le processus de l\u2019int\u00e9gration des Corses et leur contribution \u00e0 la colonisation fran\u00e7aise en Afrique du Nord sur le plan social ainsi que sur le plan politique.<\/p>\n\n\n\n<p>Nous nous interrogeons \u00e0 quel point la politique fran\u00e7aise a-t-elle pu int\u00e9grer l\u2019\u00e9l\u00e9ment corse dans l\u2019administration coloniale en Afrique du Nord (Alg\u00e9rie, de la Tunisie et du Maroc) d\u2019une part, et dans quelle mesure les Corses ont-ils form\u00e9 une communaut\u00e9 de solidarit\u00e9 sociale et un groupe de pression politique&nbsp;d\u2019autre part.<\/p>\n\n\n\n<p>La Corse occupe une position g\u00e9ographique strat\u00e9gique au M\u00e9diterran\u00e9e<sup> (<a href=\"#_ftn6\" id=\"_ftnref6\">[6]<\/a>)&nbsp;<\/sup>; elle se place au carrefour des voies maritimes&nbsp;; c\u2019est-\u00e0-dire entre l\u2019Italie et la France et non loin de l\u2019Afrique de Nord <sup>(<a href=\"#_ftn7\" id=\"_ftnref7\">[7]<\/a>)<\/sup>. Cette position lui permis de jouer un r\u00f4le important et de se distinguer d\u00e8s l\u2019antiquit\u00e9 aupr\u00e8s des Grecs, des Ph\u00e9niciens ainsi que des Romains. Dans les temps modernes, l\u2019\u00eele a \u00e9t\u00e9 occup\u00e9e par les Anglais et mise sous protectorat britannique en 1794 puis par la France en 1796. L\u2019empereur fran\u00e7ais Napol\u00e9on Bonaparte parvient \u00e0 imposer son autorit\u00e9 politique sur ce territoire, il \u00e9labore un programme pour franciser la Corse, c\u2019est-\u00e0-dire qu\u2019il a r\u00e9organis\u00e9 l\u2019ile en lui donnant le statut de cit\u00e9-\u00c9tat (<a href=\"#_ftn8\" id=\"_ftnref8\">[8]<\/a>). \u00c9tant donn\u00e9 qu\u2019elle attire la majorit\u00e9 de la main d\u2019\u0153uvre et offre les denr\u00e9es alimentaires, l\u2019agriculture fut depuis longtemps l\u2019activit\u00e9 premi\u00e8re sur l\u2019\u00eele. Toutefois, cette situation a subi un grand bouleversement. La r\u00e9volution industrielle a boulevers\u00e9 l\u2019\u00e9quilibre \u00e0 travers ses innovations techniques qui ont marginalis\u00e9 d\u00e9finitivement l\u2019agriculture et l\u2019\u00e9levage traditionnels. Les machines ont mis des milliers d\u2019ouvriers agricoles au ch\u00f4mage.<\/p>\n\n\n\n<p>Les d\u00e9parts massifs des Corses vers l\u2019ext\u00e9rieur est une tradition depuis des si\u00e8cles, mais ils se sont accentu\u00e9s d\u00e8s la fin de XIX<sup>e<\/sup> si\u00e8cle, puisqu\u2019ils ont choisi d\u2019immigrer en groupes vers plusieurs destinations, ceci \u00e9tait consid\u00e9r\u00e9 pour la quasi- majorit\u00e9 d\u2019entre eux comme l\u2019unique solution pour fuir la mis\u00e8re (<a href=\"#_ftn9\" id=\"_ftnref9\">[9]<\/a>). La forte natalit\u00e9, le partage des propri\u00e9t\u00e9s agricoles et le morcellement \u00e0 l\u2019infini des patrimoines obligent chaque ann\u00e9e plusieurs jeunes Corses \u00e0 quitter leurs champs pour devenir gardes forestiers, magistrats, administrateurs coloniaux et soldats en Europe et en Am\u00e9rique et notamment en Afrique du Nord.<\/p>\n\n\n\n<p>L\u2019accession au pouvoir de Louis Napol\u00e9on Bonaparte en d\u00e9cembre 1848<sup> (<a href=\"#_ftn10\" id=\"_ftnref10\">[10]<\/a>)<\/sup> a chang\u00e9 la donne pour la Corse. Le nouveau ma\u00eetre de la France a men\u00e9 une nouvelle politique, notamment le massif recrutement des Corses qui ont quitt\u00e9 les champs pour devenir des soldats dans l\u2019arm\u00e9e. C\u2019est ce contexte historique et politique ou l\u2019arm\u00e9e fran\u00e7aise r\u00e9clame de gros besoins d\u2019\u00e9l\u00e9ments n\u00e9cessaires pour la guerre et l\u2019expansion coloniale, notamment la guerre de Crim\u00e9e (1853-1856) contre la Russie et en Italie contre l\u2019Autiche qui explique l\u2019enr\u00f4lement des Corses dans l\u2019arm\u00e9e. \u00c0 partir de la deuxi\u00e8me moiti\u00e9 du dix-neuvi\u00e8me si\u00e8cle s\u2019ouvre une nouvelle \u00e8re pour les Corses et leur nombre dans l\u2019administration coloniale atteint dix mille entre 1866-1870. La participation des Corses dans l\u2019\u0153uvre coloniale fran\u00e7aise durant la deuxi\u00e8me moiti\u00e9 de dix-neuvi\u00e8me et le d\u00e9but vingti\u00e8me \u00e9tait plus importante, ils ont jou\u00e9 un r\u00f4le influent dans la vie politique fran\u00e7aise ( <a href=\"#_ftn11\" id=\"_ftnref11\">[11]<\/a> ) apr\u00e8s la d\u00e9faite de 1870 et durant la troisi\u00e8me r\u00e9publique (1870-1940) <sup>(<a href=\"#_ftn12\" id=\"_ftnref12\">[12]<\/a>)<\/sup>. Les Corses ont \u00e9t\u00e9 impliqu\u00e9s directement dans l\u2019aventure coloniale, c\u2019\u00e9tait l\u2019occasion propice pour eux de participer fortement aux op\u00e9rations militaires qui a dur\u00e9 des dizaines d\u2019ann\u00e9es pour soumettre l\u2019Afrique occidentale. Cela permit aux nombreux officiers corses d\u2019exprimer leurs capacit\u00e9s en Alg\u00e9rie et au Maroc o\u00f9 ils ont laiss\u00e9 des traces ind\u00e9niables. De m\u00eame en extr\u00eame orient (Indochine) ou sa pr\u00e9sence est extr\u00eamement importante et certains observateurs n\u2019h\u00e9sitent pas \u00e0 dire que la cons\u00e9quence indirecte de la colonisation fran\u00e7aise en Afrique et en Asie a \u00e9t\u00e9 un acc\u00e8s de la soci\u00e9t\u00e9 corse. Sa pr\u00e9sence \u00e9volue progressivement dans la plupart des colonies fran\u00e7aises, de fa\u00e7on qu\u2019elle constitue un cas d\u2019\u00e9tude historique particuli\u00e8re<sup> (<a href=\"#_ftn13\" id=\"_ftnref13\">[13]<\/a>)<\/sup> \u00e0 travers un corpus des archives personnels de l\u2019administration coloniale conserv\u00e9 aux Archives Nationales en Tunisie (A.N.T).<\/p>\n\n\n\n<p>Les ouvrages qui s\u2019int\u00e9ressent \u00e0 la Corse sont peu nombreux&nbsp;et peuvent \u00eatre class\u00e9s en deux grandes cat\u00e9gories&nbsp;; ceux qui remontent au d\u00e9but de XX<sup>e<\/sup> si\u00e8cles et m\u00eame avant, qui ont trait\u00e9 l\u2019histoire g\u00e9n\u00e9rale de l\u2019\u00eele depuis l\u2019Antiquit\u00e9 \u00e0 nos jours, ces sont des r\u00e9cits sur les luttes, les guerres, les attitudes et les comportements des insulaires. D\u2019autres \u00e9crits qui sont beaucoup plus sp\u00e9cialis\u00e9s <sup>(<a id=\"_ftnref14\" href=\"#_ftn14\">[14]<\/a>)<\/sup> se rapportent pr\u00e9cis\u00e9ment aux recherches universitaires, qui ont mis en valeur la pr\u00e9sence des Corses dans quelques colonies fran\u00e7aises, telle que l\u2019Indochine, le Gabon et Madagascar et m\u00eame dans d\u2019autres territoires comme Porto-Rico <sup>(<a id=\"_ftnref15\" href=\"#_ftn15\">[15]<\/a>)<\/sup>. Ils ont soulign\u00e9 l\u2019ant\u00e9riorit\u00e9 des relations qui unissent l\u2019\u00eele \u00e0 l\u2019Afrique du Nord et sa contribution \u00e0 l\u2019\u0153uvre coloniale en M\u00e9diterran\u00e9e. Ces m\u00e9moires d\u2019\u00e9tudes s\u2019appuient sur des sources historiques fiables (<a id=\"_ftnref16\" href=\"#_ftn16\">[16]<\/a>), elles ouvrent certainement de nouvelles pistes de recherche et offrent une meilleure approche m\u00e9thodologique. La question de la pr\u00e9sence des insulaires dans quelques colonies fran\u00e7aises<sup> (<a id=\"_ftnref17\" href=\"#_ftn17\">[17]<\/a>),<\/sup>est mieux pos\u00e9e loin des r\u00e9cits et des pr\u00e9jug\u00e9s moraux \u00e9mis \u00e0 des fins coloniales.<\/p>\n<\/div>\n\n\n\n<div class=\"wp-block-column has-text-color has-small-font-size is-layout-flow wp-block-column-is-layout-flow\" style=\"color:#a15428;flex-basis:25%\">\n<p><a id=\"_ftn1\" href=\"#_ftnref1\">[1]<\/a> ) BUGEAUD, <em>Le peuplement fran\u00e7ais de l\u2019Alg\u00e9rie<\/em>, Editions du comit\u00e9 Bugeaud, Tunis 1933, pp 1-2.<\/p>\n\n\n\n<p><a href=\"#_ftnref2\" id=\"_ftn2\">[2]<\/a> ) LA BARBERA Serge, <em>Les fran\u00e7ais de la Tunisie<\/em> (1930-1950), L\u2019Harmattan 2006, pp 25-29.<\/p>\n\n\n\n<p><a href=\"#_ftnref3\" id=\"_ftn3\">[3]<\/a> ) <em>op.cit<\/em>, p 25.<\/p>\n\n\n\n<p><a href=\"#_ftnref4\" id=\"_ftn4\">[4]<\/a> ) FISCHER Fabienne, <em>Alsaciens et Lorrains en Alg\u00e9rie, Histoire d\u2019une migration<\/em> 1830-1914, Editions Jaques Gandini 1999, pp 5-6.<\/p>\n\n\n\n<p><a href=\"#_ftnref5\" id=\"_ftn5\">[5]<\/a> ) La Corse Nord-africaine, <em>Organe de d\u00e9fense des int\u00e9r\u00eats g\u00e9n\u00e9raux des corses de L\u2019Afrique du Nord<\/em>,&nbsp;&nbsp;&nbsp;&nbsp;&nbsp;&nbsp;&nbsp;&nbsp;&nbsp;&nbsp; Premi\u00e8re Ann\u00e9e, jeudi 28 mai 1925.<\/p>\n\n\n\n<p><a href=\"#_ftnref6\" id=\"_ftn6\">[6]<\/a>) ENCYCLOPEDIA UNIVERSALIS n\u00b06, Paris, 2008, pp 910-912 (l\u2019\u00eele de Corse d\u00e9limit\u00e9 avec l\u2019Italie proconsulaire, la Sicile et la Sardaigne, situ\u00e9e \u00e0 pr\u00e9s 20 Km au sud de Nice).<\/p>\n\n\n\n<p><a href=\"#_ftnref7\" id=\"_ftn7\">[7]<\/a>) JACOBI, J-M, <em>Histoire g\u00e9n\u00e9rale de la Corse, depuis les premiers temps jusqu&rsquo;\u00e0 nos jours <\/em>(1835<em>), <\/em>ouvrage enrichi d\u2019une carte g\u00e9ographique et d\u2019un grand nombre de documents in\u00e9dits, Paris 1835, Tome I, pp 1-4.<\/p>\n\n\n\n<p><a href=\"#_ftnref8\" id=\"_ftn8\">[8]<\/a> ) VILLAT Louis, <em>La Corse de<\/em> 1768 \u00e0 1789, th\u00e8se pour le doctorat \u00e0 la facult\u00e9 des lettres de l\u2019humanit\u00e9 de paris, 1925, Millot fr\u00e8res Editeurs, p. 65.<\/p>\n\n\n\n<p><a href=\"#_ftnref9\" id=\"_ftn9\">[9]<\/a> ) DEFRANCESCHI Jean, <em>La Corse fran\u00e7aise<\/em>) 30 novembre1789- 15juin 1794(, Th\u00e8se pour le doctorat du troisi\u00e8me cycle, Universit\u00e9 de Sorbonne 1969, pp 4-429.<\/p>\n\n\n\n<p><a href=\"#_ftnref10\" id=\"_ftn10\">[10]<\/a> ) Charles louis Napol\u00e9on Bonaparte (1808-1873) est l\u2019unique pr\u00e9sident de la deuxi\u00e8me R\u00e9publique, le premier chef d\u2019\u00c9tat fran\u00e7ais \u00e0 restaurer l\u2019Empire en d\u00e9cembre 1852.<\/p>\n\n\n\n<p><a href=\"#_ftnref11\" id=\"_ftn11\">[11]<\/a> ) Le R\u00e9gime r\u00e9publicain en France prend sa forme en 1792, il est interrompu pendant trois p\u00e9riodes&nbsp;; le premier Empire (1804-1848) d\u00e8s la proclamation de Napol\u00e9on Bonaparte Empereur des fran\u00e7ais&nbsp;; suivi de la restauration (monarchie constitutionnelle) entre 1814 et 1830 et \u00ab&nbsp;la monarchie de juillet&nbsp;\u00bb entre 1830 et 1848&nbsp;; ensuite le Second Empire (1852-1870) lorsque Louis Bonaparte pr\u00e9sident de la R\u00e9publique s\u2019auto- proclama Empereur de France sous le nom Napol\u00e9on III.<\/p>\n\n\n\n<p><a href=\"#_ftnref12\" id=\"_ftn12\">[12]<\/a> ) ANTONETTI Pierre, <em>Histoire de La corse<\/em>, Editions Robert Laffont, 1973, p 462.<\/p>\n\n\n\n<p><a href=\"#_ftnref13\" id=\"_ftn13\">[13]<\/a>) BROCHIER Andr\u00e9, <em>Dictionnaire des administrateurs de commune mixte en Alg\u00e9rie<\/em>, volume1 2018.&nbsp;&nbsp;&nbsp;&nbsp;&nbsp;&nbsp;&nbsp;&nbsp;&nbsp;&nbsp;&nbsp;&nbsp;&nbsp;&nbsp; (Archives d\u2019Outre-mer \u00e0 Marseille).<strong><\/strong><\/p>\n\n\n\n<p><a href=\"#_ftnref14\" id=\"_ftn14\">[14]<\/a> ) PASQUIN Cristofari, <em>La Corse entre France et Italie<\/em> 1870-1913, m\u00e9moire pour l\u2019obtention du dipl\u00f4me de Maitrise, Universit\u00e9 de Provence d\u2019Aix Marseille I, 1999, pp 16-34.<\/p>\n\n\n\n<p><a href=\"#_ftnref15\" id=\"_ftn15\">[15]<\/a>) PAOLETTI Marie, <em>L\u2019Emigration corse \u00e0 porto-Rico au dix-neuvi\u00e8me si\u00e8cle<\/em>, Th\u00e8se de doctorat, Universit\u00e9 de Provence Aix-Marseille 1989-1990, p 10.<\/p>\n\n\n\n<p><a href=\"#_ftnref16\" id=\"_ftn16\">[16]<\/a> ) <em>MEMORIAL DES CORSES, L\u2019Ile \u00e9prouv\u00e9e<\/em>&nbsp;; 1914-1945 (dir) Pomponi Francis, Vol 6, 1981.<\/p>\n\n\n\n<p><a id=\"_ftn17\" href=\"#_ftnref17\">[17]<\/a> ) PROFIZI Vanina, <em>Les Corses au Gabon, recompositions identitaires d\u2019une communaut\u00e9 r\u00e9gionale en situation d\u2019expatriation<\/em>, in Cahiers d\u2019Etudes Africaines n\u00b0 221-222, 2016, p 291.<\/p>\n<\/div>\n<\/div>\n\n\n\n<!--nextpage-->\n\n\n\n<div class=\"wp-block-columns is-layout-flex wp-container-core-columns-is-layout-28f84493 wp-block-columns-is-layout-flex\">\n<div class=\"wp-block-column is-layout-flow wp-block-column-is-layout-flow\" style=\"flex-basis:75%\">\n<p>En l\u2019espace d\u2019un si\u00e8cle, la population de l\u2019\u00eele passe de 180 000 \u00e0 300 000 habitants entre 1800 et 1900, et la plupart des jeunes cherchent \u00e0 am\u00e9liorer leurs conditions de vie \u00e0 travers l\u2019immigration puis l\u2019int\u00e9gration de l\u2019administration coloniale. De 1920 \u00e0 1930, en Tunisie et au Maroc le nombre des Corses d\u00e9passent les 30 000 individus et leur implantation a connu deux grandes phases, peu nombreux vers la fin des XIX<sup>e<\/sup> si\u00e8cles, ils atteignent progressivement un nombre respectable apr\u00e8s la premi\u00e8re guerre mondiale. Le nombre des Corses en Alg\u00e9rie \u00e9tait beaucoup plus \u00e9lev\u00e9, il a d\u00e9pass\u00e9 100.000 selon quelques estimations et pourrait atteindre 150 000 selon d\u2019autres, cela peut s\u2019expliquer par la proximit\u00e9 de la Corse et de l\u2019Alg\u00e9rie qui permet de fr\u00e9quente voyages (<a id=\"_ftnref18\" href=\"#_ftn18\">[18]<\/a>). Ils vont parfois en groupe et la majorit\u00e9 d\u2019entre eux \u00e9taient des fonctionnaires salari\u00e9s plut\u00f4t que des colons attach\u00e9s \u00e0 la terre. En 1934 l\u2019administration fran\u00e7aise comprenait 20 % des Corses, alors que la population de l\u2019\u00eele ne d\u00e9passe pas 1% de celle de la m\u00e9tropole, ils se sont bien int\u00e9gr\u00e9s et avec le temps deviennent parmi les d\u00e9cideurs de l\u2019empire fran\u00e7ais dans la p\u00e9riode de l\u2019entre-deux guerres. Fran\u00e7ois Pi\u00e9tri<sup> (<a id=\"_ftnref19\" href=\"#_ftn19\">[19]<\/a>)<\/sup>, qui \u00e9tait le directeur g\u00e9n\u00e9ral des finances au Maroc de 1917 \u00e0 1924 et ministre des colonies d\u2019outre-mer, en est peut-\u00eatre le meilleur exemple. Il faut souligner que le r\u00f4le des insulaires est n\u00e9cessaire, puisqu\u2019ils sont devenus bien plac\u00e9s dans l\u2019administration coloniale et notamment dans l\u2019arm\u00e9e et la police. Les Corses qui ont conserv\u00e9 des liens tr\u00e8s forts avec leurs villages d\u2019origine, ont cr\u00e9\u00e9 une identit\u00e9 distingu\u00e9e dans le devenir colonial fran\u00e7ais, \u00e9tant bien conscients de leur poids dans les colonies, contrairement aux premiers colons fran\u00e7ais qui se sont install\u00e9s en Alg\u00e9rie comme les Alsaciens-Lorrains ou ceux anciens comme les Espagnols. Le mod\u00e8le alg\u00e9rien est toujours pr\u00e9sent dans la m\u00e9moire des dirigeants fran\u00e7ais et parfois suivie dans leurs plans. Des milliers d\u2019hectares en Alg\u00e9rie sont fournis aux colons sous forme de parcelles de terre pour chaque individu ou famille, et le nombre des europ\u00e9ens dans ce pays atteint 900 000 personnes en 1933 <sup>(<a id=\"_ftnref20\" href=\"#_ftn20\">[20]<\/a>)<\/sup>. A certain moment la situation de la Tunisie \u00e9tait comparable \u00e0 celle de l\u2019Oranie, c\u2019est-\u00e0-dire que la d\u00e9marche coloniale suivie dans ce d\u00e9partement alg\u00e9rien a \u00e9t\u00e9 \u00e9galement adopt\u00e9e pour le territoire tunisien, l\u2019autorit\u00e9 coloniale avait l\u2019intention de cr\u00e9er une \u00ab <em>nouvelle Oranie<\/em>&nbsp;\u00bb en utilisant des \u00e9l\u00e9ments purement fran\u00e7ais. D\u00e8s l\u2019\u00e9tablissement du protectorat, l\u2019immigration des Fran\u00e7ais est commenc\u00e9e, et fut stimul\u00e9e par l\u2019octroi des avantages fiscaux et des parcelles de terres, ce qui permit de faire \u00e9voluer l\u2019\u00e9migration corse vers la R\u00e9gence, le nombre d\u2019individus passant de&nbsp;574 en 1891 \u00e0 3564 en 1921 <sup>(<a id=\"_ftnref21\" href=\"#_ftn21\">[21]<\/a>)<\/sup>. La premi\u00e8re guerre mondiale a r\u00e9duit la population fran\u00e7aise et dans le but de maintenir un certain \u00e9quilibre entre les diff\u00e9rentes races europ\u00e9ennes qui vivaient la Tunisie, l\u2019autorit\u00e9 coloniale a aussi encourag\u00e9 la naturalisation des Juifs, les Maltais, les Italiens et m\u00eame des indig\u00e8nes.<\/p>\n\n\n\n<p>La sup\u00e9riorit\u00e9 num\u00e9rique des Fran\u00e7ais par rapport aux indig\u00e8nes et aux autres minorit\u00e9s europ\u00e9ennes des colonies a \u00e9t\u00e9 l\u2019un de leurs plus grands soucis qui n\u2019a cess\u00e9 d\u2019int\u00e9resser les dirigeants, les hommes politiques de la Troisi\u00e8me R\u00e9publique (1870-1940). C\u2019est dans ce cadre que la question du peuplement des colonies s\u2019est pos\u00e9e et les diff\u00e9rents gouvernements fran\u00e7ais qui se sont succ\u00e9d\u00e9 se sont montr\u00e9s incapables de r\u00e9soudre le probl\u00e8me des colonies. La France a essay\u00e9 par tous les moyens de transf\u00e9rer des Corses vers les pays d\u2019Afrique du Nord, ou l\u2019engagement des jeunes semble comme une seconde chance. Les Corses sont \u00ab&nbsp;<em>les Fran\u00e7ais de la m\u00e9tropole<\/em>&nbsp;\u00bb ainsi d\u00e9nomm\u00e9s qui se sont fix\u00e9s sur le territoire des colonies du Maghreb de mani\u00e8re progressive et organis\u00e9e, c\u2019est ce qui fit dire \u00e0 un hebdomadaire \u00e9dit\u00e9 \u00e0 Tunis en 1925-1926 que \u00ab&nbsp;<em>Le Corse est certainement le colon id\u00e9al<\/em>&nbsp;\u00bb qui a particip\u00e9 grandement \u00e0 l\u2019\u0153uvre de la colonisation <sup>(<a href=\"#_ftn22\" id=\"_ftnref22\">[22]<\/a>)<\/sup>. Ceci rel\u00e8ve de la propagande politique men\u00e9e par les autorit\u00e9s fran\u00e7aises pour encourager les insulaires \u00e0 immigrer vers ses colonies, toutefois cette tendance de recrutement a \u00e9t\u00e9 aussi une bonne occasion pour plusieurs Corses qui se sont enr\u00f4l\u00e9s dans l\u2019arm\u00e9e fran\u00e7aise. Les flux migratoires des Corses vers les colonies fran\u00e7aises n\u2019ont pas cess\u00e9 et les originaires de l\u2019\u00eele se trouvent partout, de fa\u00e7on qu\u2019\u00ab&nbsp;<em>il n\u2019y avait sans les Corses, ni colonies ni coloniale<\/em>&nbsp;\u00bb selon la d\u00e9claration du G\u00e9n\u00e9ral Gouraud qui illustre l\u2019ampleur de la participation corse \u00e0 la colonisation militaire (<a href=\"#_ftn23\" id=\"_ftnref23\">[23]<\/a>). La Troisi\u00e8me R\u00e9publique sera donc plus favorable \u00e0 la promotion des militaires corses dans les colonies, pour autant \u00ab&nbsp;<em>elle n\u2019a pas invent\u00e9 le ph\u00e9nom\u00e8ne mais juste elle L\u2019a amplifi\u00e9&nbsp;<\/em>\u00bb. Un discours politique sp\u00e9cifique s\u2019\u00e9tablit sur les Corses et leur r\u00f4le dans la construction d\u2019un \u00ab&nbsp;<em>panth\u00e9on colonial \u00bb<\/em>, ils sont consid\u00e9r\u00e9s comme les vrais serviteurs de l\u2019\u00c9tat et les artisans de la grandeur de la France. \u00ab&nbsp;<em>Le Corse est certainement le colon id\u00e9al<\/em> \u00bb pour r\u00e9soudre le probl\u00e8me d\u00e9mographique de l\u2019empire colonial et satisfaire les besoins de cette r\u00e9gion en fonctionnaires. L\u2019image du Corse a \u00e9t\u00e9 amplifi\u00e9e pour des raisons politiques, de m\u00eame les m\u0153urs et les comportements des insulaires ont \u00e9t\u00e9 exploit\u00e9s par des ouvrages au service de l\u2019expansion coloniale fran\u00e7aise. Les Corses sont consid\u00e9r\u00e9s \u00ab&nbsp;<em>tr\u00e8s Fran\u00e7ais&nbsp;\u00bb<\/em> gr\u00e2ce \u00e0 leur pr\u00e9sence dans les diverses villes d\u2019Afrique du Nord soit comme fonctionnaires, commer\u00e7ants, entrepreneurs ou encore comme ouvriers. Ils sont devenus nombreux et leur poids est de plus en plus important dans l\u2019administration coloniale, par cons\u00e9quent ils ont fond\u00e9 des associations r\u00e9gionales dans les diff\u00e9rentes villes ou ils s\u2019installaient. Les insulaires form\u00e8rent une communaut\u00e9 forte et distingu\u00e9e par des liens de fraternit\u00e9 entre ses membres \u00e0 Rabat, Alger et Tunis. Les soci\u00e9t\u00e9s corses et leurs organes de d\u00e9fense ont \u00e9t\u00e9 fond\u00e9es pour renforcer les liens communautaires entre leurs concitoyens<sup> (<a href=\"#_ftn24\" id=\"_ftnref24\">[24]<\/a>)<\/sup>. Ces associations sont d\u2019origine bourgeoise et urbaine, ses leaders sont des fonctionnaires et de grands propri\u00e9taires. Ils sont s\u00e9lectionn\u00e9s par leur statut social et formaient dans la plupart des cas l\u2019\u00e9lite de la ville. Les membres des associations se r\u00e9unissent r\u00e9guli\u00e8rement pour \u00e9tudier les mesures \u00e0 prendre dans l\u2019int\u00e9r\u00eat de la soci\u00e9t\u00e9, ses activit\u00e9s ont \u00e9t\u00e9 bien suivies par leurs concitoyens notamment ses repr\u00e9sentants dans plusieurs villes des colonies. Leur but consiste g\u00e9n\u00e9ralement \u00e0 maintenir des liens permanents avec l\u2019\u00eele d\u2019origine, et la coop\u00e9ration entre ces diff\u00e9rentes composantes n\u2019a jamais cess\u00e9. Ces amicales organisaient fr\u00e9quemment toute une s\u00e9rie de manifestations dans les diff\u00e9rentes villes du Maghreb, ce qui permettait \u00e0 leurs sympathisants de continuer \u00e0 vivre dans les colonies tout en s\u2019abonnant \u00e0 leurs pratiques ancestrales et en conservant leurs traditions et coutumes. Ils ont essay\u00e9 chaque fois de centraliser leurs actions, c\u2019est le cas des Corses de Tanger qui ont d\u00e9cid\u00e9 dans leur derni\u00e8re assembl\u00e9e g\u00e9n\u00e9rale de s\u2019affilier \u00e0 \u00ab&nbsp;l\u2019Union G\u00e9n\u00e9rale des Corses&nbsp;\u00bb \u00e0 Rabat qui compte d\u00e9j\u00e0 plusieurs sections unies par des liens de solidarit\u00e9. Les Corses se regroupent dans des associations r\u00e9gionales&nbsp;: \u00ab&nbsp;<em>l\u2019Union G\u00e9n\u00e9rale des Corses<\/em>&nbsp;\u00bb, \u00ab <em>Mutuelle des Corses<\/em>&nbsp;\u00bb et \u00ab&nbsp;<em>la F\u00e9d\u00e9ration des Groupements Corses de la Tunisie<\/em>&nbsp;\u00bb <sup>(<a href=\"#_ftn25\" id=\"_ftnref25\">[25]<\/a>)<\/sup>. Cette derni\u00e8re a d\u00e9clar\u00e9 le but du groupement, \u00e0 savoir \u00ab rendre \u00e9troits les liens fraternels qui doivent unir durablement les Corses habitant la Tunisie et de d\u00e9fendre leurs int\u00e9r\u00eats collectifs moraux et mat\u00e9riels et de poursuivre la cr\u00e9ation ou l\u2019am\u00e9lioration des relations maritimes directs entre la Tunisie et la Corse&nbsp;\u00bb. Afin d\u2019assurer le r\u00f4le d\u2019interm\u00e9diaire entre les originaires de l\u2019\u00eele en Afrique du Nord ces associations ont publi\u00e9 des journaux p\u00e9riodiques. Sous forme de feuilles de presse p\u00e9riodiques hebdomadaires ou mensuelles, elles avaient pour objectif de garantir les communications entre les Corses et de consolider leur liens ; \u00ab&nbsp;L\u2019Action Corse&nbsp;\u00bb, \u00ab&nbsp;l\u2019Action Corse et Alg\u00e9rienne&nbsp;\u00bb, \u00ab Bulletin Corse&nbsp;\u00bb, \u00ab&nbsp;F\u00e9d\u00e9ration Corse&nbsp;\u00bb, \u00ab&nbsp;F\u00e9d\u00e9ration des groupements Corses de l\u2019Afrique Du Nord&nbsp;\u00bb. Ces p\u00e9riodiques offrent des informations pr\u00e9cieuses sur la situation \u00e9conomique et sociale de la communaut\u00e9 corse dans les trois possessions fran\u00e7aises d\u2019Afrique du Nord (<a href=\"#_ftn26\" id=\"_ftnref26\">[26]<\/a>).<\/p>\n\n\n\n<p>Nombreux sont les articles qui d\u00e9crivent la \u00ab&nbsp;<em>mis\u00e8re<\/em>&nbsp;\u00bb des Corses, la d\u00e9gradation de leur situation et leur isolement sur l\u2019\u00eele, suite \u00e0 la suspension du service maritime direct Tunis-Corse pendant sept mois en 1913-1914 <sup>(<a href=\"#_ftn27\" id=\"_ftnref27\">[27]<\/a>)<\/sup>. Ces articles de presse r\u00e9sumaient la situation de malaise chez les Corses en une c\u00e9l\u00e8bre expression \u00ab&nbsp;<em>nous voulons un bateau<\/em>&nbsp;\u00bb <sup>(<a href=\"#_ftn28\" id=\"_ftnref28\">[28]<\/a>)<\/sup>. Cette compagne est instrumentalis\u00e9e sous l\u2019influence de quelques commer\u00e7ants corses dans le but de renforcer les relations maritimes n\u00e9cessaires \u00e0 l\u2019exportation, en Corse et \u00e0 Nice des produits tunisiens comme l\u2019huile, les c\u00e9r\u00e9ales, les vins, les animaux et les phosphates. L\u2019\u00eele pour sa part pouvant fournir du bois, des fruits et des pommes de terre. Ainsi le Corse est toujours attach\u00e9 \u00e0 son ile d\u2019origine et il a essay\u00e9 par tous les moyens de prolonger ses liens entre l\u2019\u00eele et les colonies fran\u00e7aises notamment les pays de l\u2019Afrique de Nord. D\u2019autres nombreux articles s\u2019int\u00e9ressent \u00e0 l\u2019histoire et la culture corse qui disposait d\u2019illustres \u00e9crivains en deux langues, italienne et fran\u00e7aise, ce qui repr\u00e9sentait un signe de fiert\u00e9 pour la communaut\u00e9. D\u2019autre part ces soci\u00e9t\u00e9s sont un espace id\u00e9al de rencontre et de communication pour leurs membres et leurs concitoyens, notamment les activit\u00e9s de&nbsp;l\u2019<em>Union G\u00e9n\u00e9rale des Corses&nbsp;<\/em>\u00e0 Casablanca qui ont \u00e9t\u00e9 largement suivies par leurs compatriotes en Tunisie comme en Alg\u00e9rie. Des hauts fonctionnaires corses ont fond\u00e9 l\u2019association \u00ab&nbsp;<em>Les amis des Corses<\/em>&nbsp;\u00bb qui \u00e9tait au service de la communaut\u00e9, en relation avec les familles corses unies par des liens d\u2019alliance ou d\u2019int\u00e9r\u00eats communs.<\/p>\n\n\n\n<p>Une c\u00e9r\u00e9monie s\u2019est d\u00e9roul\u00e9e en pr\u00e9sence des repr\u00e9sentants des associations civiles et des personnalit\u00e9s publiques qui occupent des postes importants dans l\u2019administration coloniale, c\u2019\u00e9tait une occasion pour les Corses de se regrouper afin d\u2019\u00e9changer les avis et exposer les probl\u00e8mes. Ce qui permet aussi aux membres de la communaut\u00e9 de renforcer leurs attaches avec les autorit\u00e9s publiques ainsi que leur influence aupr\u00e8s de la soci\u00e9t\u00e9 fran\u00e7aise et de sa classe politique<sup> (<a href=\"#_ftn29\" id=\"_ftnref29\">[29]<\/a>)<\/sup>. Les f\u00eates priv\u00e9es et les c\u00e9r\u00e9monies publiques sont donc un espace favorable de rencontre, et des moments privil\u00e9gi\u00e9s pour les invit\u00e9s pour nouer des relations <sup>(<a href=\"#_ftn30\" id=\"_ftnref30\">[30]<\/a>)<\/sup>. Par cons\u00e9quent ils profit\u00e8rent de ce r\u00e9seau de connaissances pour constituer un corps influent et form\u00e8rent des lobbies dans l\u2019administration coloniale. Ainsi l\u2019accueil des invit\u00e9s et la r\u00e9ception dans des c\u00e9r\u00e9monies culturelles et religieuses organis\u00e9es par la soci\u00e9t\u00e9 corse constitue une source de fiert\u00e9 pour les membres des associations<sup> (<a href=\"#_ftn31\" id=\"_ftnref31\">[31]<\/a>)<\/sup>. Ces moments d\u00e9notent aussi l\u2019importance des r\u00e9seaux des connaissances pour les Corses notamment dans la presse, ce qui explique la pr\u00e9sence des r\u00e9dacteurs de journaux et leur suivi des activit\u00e9s des associations communautaires. L\u2019assembl\u00e9e g\u00e9n\u00e9rale de \u00ab&nbsp;<em>l\u2019Union G\u00e9n\u00e9rale des Corses de Rabat<\/em>&nbsp;\u00bb et les activit\u00e9s de \u00ab&nbsp;<em>la Soci\u00e9t\u00e9 des Corses<\/em>&nbsp;\u00bb \u00e0 Tanger sont bien suivies par \u00ab&nbsp;<em>la&nbsp;d\u00e9p\u00eache marocaine&nbsp;\u00bb<\/em>. La d\u00e9p\u00eache tunisienne a publi\u00e9 r\u00e9guli\u00e8rement des articles sous le titre \u00ab&nbsp;<em>la Corse pittoresque<\/em>&nbsp;\u00bb pour attirer l\u2019attention des lecteurs et inviter les touristes \u00e0 visiter l\u2019\u00eele. Le directeur du journal \u00ab&nbsp;<em>la Tunisie Fran\u00e7aise<\/em>&nbsp;\u00bb Henri Tridon \u00e9tait au centre d\u2019int\u00e9r\u00eat de la soci\u00e9t\u00e9 des Corses, et c\u2019est le cas aussi du chef d\u00e9l\u00e9gu\u00e9 sportif de l\u2019U.V.F et r\u00e9dacteur sportif au \u00ab&nbsp;<em>petit matin<\/em>&nbsp;\u00bb, Fran\u00e7ois Graziani, qui \u00e9tait consid\u00e9r\u00e9 depuis longtemps comme l\u2019ami des Corses <sup>(<a href=\"#_ftn32\" id=\"_ftnref32\">[32]<\/a>)<\/sup>. Autre ami des Corses, D-A. Hassen, lui aussi r\u00e9dacteur au \u00ab&nbsp;<em>Progr\u00e8s&nbsp;de Tunis<\/em>&nbsp;\u00bb apr\u00e8s avoir \u00e9t\u00e9 naturalis\u00e9 fran\u00e7ais, a fond\u00e9 d\u2019autres journaux notamment \u00ab&nbsp;<em>Evolution<\/em>&nbsp;\u00bb et \u00ab&nbsp;<em>Ind\u00e9pendant<\/em>&nbsp;\u00bb. Cette s\u00e9rie de connaissances amicales a permis aux Corses d\u2019avoir un r\u00e9seau de relations influentes et m\u00eame d\u2019\u00eatre capables d\u2019intervenir dans quelques d\u00e9cisions administratives et politiques.&nbsp;<\/p>\n\n\n\n<p>La masse des Corses est diff\u00e9rente d\u2019une ville \u00e0 l\u2019autre et leur contribution \u00e0 l\u2019administration coloniale est peut-\u00eatre, class\u00e9e selon les services. Ils form\u00e8rent l\u2019\u00e9lite des serviteurs de ce qui leur permettait d\u2019\u00eatre au fait de tout ce qui se tramait dans les rouages de l\u2019administration coloniale<sup> (<a id=\"_ftnref33\" href=\"#_ftn33\">[33]<\/a>)<\/sup>. Ils ont essay\u00e9 par tous les moyens possibles de profiter de cette situation ad\u00e9quate pour servir leurs int\u00e9r\u00eats communautaires. Depuis longtemps les insulaires ont l\u2019esprit de groupe ou la conscience associative, ou ont eu besoin de se constituer un clan et un banditisme pour se faire respecter par les autres composantes de la soci\u00e9t\u00e9 coloniale. Ces m\u0153urs, ces habitudes ou cette conscience associative chez les insulaires n\u2019a pas beaucoup chang\u00e9 lors de leur pr\u00e9sence dans les pays colonis\u00e9s<sup> (<a id=\"_ftnref34\" href=\"#_ftn34\">[34]<\/a>)<\/sup>. Ces comportements s\u2019expliquent par leur situation politique, c\u2019est-\u00e0-dire que la Corse a \u00e9t\u00e9 durant toute son histoire troubl\u00e9e par les guerres, les agitations et les conflits permanents, ce qui a pouss\u00e9 ses habitants \u00e0 se retrancher dans les positions de d\u00e9fense de leurs biens et de leur vie. Le d\u00e9veloppement de cet esprit associatif chez les Corses et leur solidarit\u00e9 se sont cristallis\u00e9s dans les pays colonis\u00e9s. Ces caract\u00e9ristiques ont \u00e9t\u00e9 exploit\u00e9es par les dirigeants politiques fran\u00e7ais pour satisfaire les besoins de l\u2019administration coloniale et asseoir leur programme colonial. Ce qui explique qu\u2019ils ont privil\u00e9gi\u00e9 les int\u00e9r\u00eats communautaires corses \u00e9tant bien investis par les Corses. Les fonctionnaires de la m\u00e9tropole sont les privil\u00e9gi\u00e9s du syst\u00e8me colonial avec le tiers colonial et les indemnit\u00e9s sp\u00e9ciales. Le nombre des Corses dans les deux protectorats (la Tunisie et le Maroc) et la colonie (l\u2019Alg\u00e9rie) atteint le pourcentage d\u2019un tiers du total des fonctionnaires. L\u2019instruction publique, la magistrature et surtout l\u2019arm\u00e9e et la police, \u00e9taient les secteurs qui foisonnaient d\u2019individus d\u2019origine corse <sup>(<a id=\"_ftnref35\" href=\"#_ftn35\">[35]<\/a>)<\/sup>. Les hauts responsables des services de s\u00e9curit\u00e9 en Tunisie sont class\u00e9s en deux grandes cat\u00e9gories&nbsp;; ceux qui sont dipl\u00f4m\u00e9s et d\u2019autres qui dirigent quelques services administratifs gr\u00e2ce \u00e0 leur exp\u00e9rience, ou les agents de police qui peuvent \u00eatre nomm\u00e9s commissaires ou chefs de districts apr\u00e8s quelques ann\u00e9es de services <sup>(<a id=\"_ftnref36\" href=\"#_ftn36\">[36]<\/a>)<\/sup>. Les cadres dipl\u00f4m\u00e9s comptent par dizaines selon quelques estimations, leur nombre \u00e9tant un peu limit\u00e9 par rapport aux agents, ils se mettent au sommet de la hi\u00e9rarchie sociale et gr\u00e2ce \u00e0 leur position avantageuse ils ont obtenu une stature sociale honorable.<\/p>\n<\/div>\n\n\n\n<div class=\"wp-block-column has-text-color has-small-font-size is-layout-flow wp-block-column-is-layout-flow\" style=\"color:#a15428;flex-basis:25%\">\n<p><a id=\"_ftn18\" href=\"#_ftnref18\">[18]<\/a> ) L\u2019Action Corse et Alg\u00e9rienne, n\u00b027, 8 juillet 1914.<\/p>\n\n\n\n<p><a href=\"#_ftnref19\" id=\"_ftn19\">[19]<\/a> ) MATEOS Flora Faure, <em>Les repr\u00e9sentations de l\u2019identit\u00e9 corse en Alg\u00e9rie Fran\u00e7aise<\/em>, m\u00e9moire de Master 1, Universit\u00e9 de Provence 2005, (Fran\u00e7ois Pi\u00e9tri a particip\u00e9 \u00e0 la fondation de l\u2019union g\u00e9n\u00e9rale des corses de Rabat-Sal\u00e9 dont il fut le premier pr\u00e9sident).<\/p>\n\n\n\n<p><a href=\"#_ftnref20\" id=\"_ftn20\">[20]<\/a>) BUGEAUD, <em>Le peuplement fran\u00e7ais de l\u2019Alg\u00e9rie<\/em>, <em>op.cit.<\/em>, p 2.<\/p>\n\n\n\n<p><a href=\"#_ftnref21\" id=\"_ftn21\">[21]<\/a>) BELAID&nbsp;Habib, \u00ab&nbsp;<em>Les soci\u00e9t\u00e9s r\u00e9gionales fran\u00e7aises en Tunisie pendant l\u2019\u00e9poque coloniale<\/em>&nbsp;\u00bb, in <em>M\u00e9langes Charles Robert AGREON<\/em>, Publications de la Fondation Temimi pour la Recherche Scientifique et l\u2019Information (FTERSI), Tome I, Zaghouan 1996, pp 65-70.<\/p>\n\n\n\n<p><a href=\"#_ftnref22\" id=\"_ftn22\">[22]<\/a> ) <em>La Corse Nord-africaine<\/em>, premi\u00e8re ann\u00e9e, dimanche 5 avril 1925<\/p>\n\n\n\n<p><a href=\"#_ftnref23\" id=\"_ftn23\">[23]<\/a>) <em>Ibid<\/em>.<\/p>\n\n\n\n<p><a href=\"#_ftnref24\" id=\"_ftn24\">[24]<\/a> ) <em>La Corse Nord-africaine<\/em>, Premi\u00e8re ann\u00e9e, jeudi 7 avril 1925.<\/p>\n\n\n\n<p><a href=\"#_ftnref25\" id=\"_ftn25\">[25]<\/a> ) <em>Ibid<\/em>, Deuxi\u00e8me ann\u00e9e, jeudi 21 janvier 1926.<\/p>\n\n\n\n<p><a href=\"#_ftnref26\" id=\"_ftn26\">[26]<\/a> ) <em>Echo de la Corse<\/em>, Cinqui\u00e8me ann\u00e9e n\u00b0215, 11 f\u00e9vrier 1914&nbsp;(Biblioth\u00e8que nationale de France BNF).<\/p>\n\n\n\n<p><a href=\"#_ftnref27\" id=\"_ftn27\">[27]<\/a> ) <em>La Corse Nord-africaine<\/em>, dimanche 29 mars 1925 (article de presse \u00e9crit par Jean-Luc Gallini).<\/p>\n\n\n\n<p><a href=\"#_ftnref28\" id=\"_ftn28\">[28]<\/a> ) <em>Ibid<\/em>., Premi\u00e8re Ann\u00e9e, jeudi 7 avril 1925.<\/p>\n\n\n\n<p><a href=\"#_ftnref29\" id=\"_ftn29\">[29]<\/a> ) BOURDE Paul, <em>En Corse<\/em>, <em>op.cit<\/em>., pp 6-20.<\/p>\n\n\n\n<p><a href=\"#_ftnref30\" id=\"_ftn30\">[30]<\/a> ) <em>La Corse Nord-africaine<\/em>, jeudi 29 mai 1925.<\/p>\n\n\n\n<p><a href=\"#_ftnref31\" id=\"_ftn31\">[31]<\/a> ) <em>Ibid<\/em>, Premi\u00e8re Ann\u00e9e, dimanche 29 mars1925.<\/p>\n\n\n\n<p><a href=\"#_ftnref32\" id=\"_ftn32\">[32]<\/a> ) <em>La corse Nord-africaine<\/em>, jeudi 7 avril 1925.<\/p>\n\n\n\n<p><a href=\"#_ftnref33\" id=\"_ftn33\">[33]<\/a> ) <em>Ibid<\/em>, deuxi\u00e8me ann\u00e9e, samedi 1 mai 1926.<\/p>\n\n\n\n<p><a href=\"#_ftnref34\" id=\"_ftn34\">[34]<\/a> ) BOURDE Paul, <em>En corse<\/em>, <em>op.cit<\/em>., pp 6-20. Paul Bourde (1851-1914) est un journaliste qui a publi\u00e9 beaucoup d\u2019articles et quelques ouvrages, il a visit\u00e9 la Corse et a essay\u00e9 de d\u00e9crire les m\u0153urs et les traditions des insulaires.<\/p>\n\n\n\n<p><a href=\"#_ftnref35\" id=\"_ftn35\">[35]<\/a> ) Archives Nationales Tunisiens (A.N.T), Corpus de 4000 dossiers administratifs des personnels de police en Tunisie, (classement provisoire) 1881-1956.<\/p>\n\n\n\n<p><a id=\"_ftn36\" href=\"#_ftnref36\">[36]<\/a> ) BEDHIOUF Tarek, <em>la politique de recrutement dans l\u2019administration coloniale et l\u2019h\u00e9ritage de violence et de corruption, le cas des agents de police en Tunisie<\/em> 1881-1956, Editions Latrach, Tunisie 2022 (le texte est \u00e9crit en Arabe).<\/p>\n<\/div>\n<\/div>\n\n\n\n<!--nextpage-->\n\n\n\n<div class=\"wp-block-columns is-layout-flex wp-container-core-columns-is-layout-28f84493 wp-block-columns-is-layout-flex\">\n<div class=\"wp-block-column is-layout-flow wp-block-column-is-layout-flow\" style=\"flex-basis:75%\">\n<p>La situation avantageuse des fonctionnaires corses leur permet de jouer un r\u00f4le parfois influent voire d\u00e9cisif, en s\u2019appuyant sur le r\u00e9seau des postes cl\u00e9s dans l\u2019administration coloniale (<a id=\"_ftnref37\" href=\"#_ftn37\">[37]<\/a>). Ils form\u00e8rent ainsi un v\u00e9ritable groupe de pression politique. Les Corses ont acquis leurs exp\u00e9riences professionnelles dans les m\u00e9tiers des forces arm\u00e9es, ce que leur permet la transmission de quelques savoirs et notamment les techniques de travail aux indig\u00e8nes. Les originaires de l\u2019\u00eele ont modernis\u00e9 quelques services administratifs mais leurs postes avanc\u00e9s sont exploit\u00e9s pour intervenir au profit des agents d\u00e9linquants qui sont impliqu\u00e9s dans des affaires de violence et de corruption<sup> (<a id=\"_ftnref38\" href=\"#_ftn38\">[38]<\/a>)<\/sup>. Les Corses, qui aiment le commandement et les fonctions publiques, ont eu une pr\u00e9f\u00e9rence notoire pour les domaines de l\u2019arm\u00e9e et de la police <sup>(<a id=\"_ftnref39\" href=\"#_ftn39\">[39]<\/a>)<\/sup>. Ceux qui prenaient les armes sur l\u2019\u00eele n\u2019\u00e9taient pas forcement des gendarmes ou des policiers mais surtout des gens qui cherchaient \u00e0 se venger (<a id=\"_ftnref40\" href=\"#_ftn40\">[40]<\/a>). Les habitants de l\u2019ile avaient l\u2019habitude d\u00e8s leur jeune \u00e2ge de manier une arme \u00e0 feu, fid\u00e8les aux traditions d\u2019une communaut\u00e9 habitu\u00e9e aux combats h\u00e9ro\u00efques.<em> \u00ab&nbsp;Le Corse n\u2019est pas et ne sera jamais agriculteur, il est n\u00e9 pour les armes&nbsp;\u00bb <\/em>(Napol\u00e9on Bonaparte).<em> Ce caract\u00e8<\/em>re violent est en relation avec la passion des armes chez les Corses qui est devenu un ph\u00e9nom\u00e8ne caract\u00e9ristique la vie courante sur l\u2019\u00eele. Il est d\u00fb selon certains sp\u00e9cialistes par \u00e0 la longue histoire des luttes et des guerres qui ont s\u00e9vi dans \u00ab&nbsp;<em>l\u2019\u00eele de beaut\u00e9<\/em>&nbsp;\u00bb d\u00e8s l\u2019\u00e9poque ancienne jusqu\u2019aux temps modernes <sup>(<a id=\"_ftnref41\" href=\"#_ftn41\">[41]<\/a>)<\/sup>. La violence et le banditisme n\u2019ont pas disparu de la Corse apr\u00e8s un si\u00e8cle de domination fran\u00e7aise, et m\u00eame apr\u00e8s un demi-si\u00e8cle de colonisation en Afrique du Nord. Le Corse lui-m\u00eame ne s\u2019est pas d\u00e9barrass\u00e9 compl\u00e8tement de son caract\u00e8re violent, c\u2019est le cas de plusieurs affaires d\u2019agression chez quelques agents de la police (<a id=\"_ftnref42\" href=\"#_ftn42\">[42]<\/a>).&nbsp; L\u2019image du Corse violent ou le plus fort colon sur le terrain v\u00e9hicul\u00e9 par quelques ouvrages historiques et anthropologiques a \u00e9t\u00e9 cr\u00e9\u00e9e et encourag\u00e9e par le syst\u00e8me colonial fran\u00e7ais et mise au service du projet colonial. Les originaires de l\u2019\u00eele qui sont rest\u00e9s longtemps marginalis\u00e9s peuvent \u00eatre class\u00e9s comme un groupe fonctionnel mis au service des int\u00e9r\u00eats de la colonisation (<a id=\"_ftnref43\" href=\"#_ftn43\">[43]<\/a>). Mais \u00e0 quel point ont-ils r\u00e9ussi dans leur mission&nbsp;? La communaut\u00e9 corse a bien essay\u00e9 de changer la situation de mis\u00e8re des siens, en cherchant \u00e0 satisfaire les besoins des employ\u00e9s install\u00e9s en Tunisie, Alg\u00e9rie et Maroc, d\u2019appuyer leurs revendications en profitant de la solidarit\u00e9 entre ses membres.<\/p>\n\n\n\n<p>L\u2019\u00eele de Corse \u00e9tait marginalis\u00e9e depuis des si\u00e8cles et l\u2019\u00e9migration est devenue une tradition de ses habitants. La plupart de jeunes Corses ont choisi le d\u00e9part vers plusieurs destinations pour am\u00e9liorer leurs conditions et fuir de la mis\u00e8re. L\u2019Empire colonial fran\u00e7ais qui avait besoin d\u2019hommes pour satisfaire ses besoins a suivi une politique d\u2019assimilation des Corses. Leur int\u00e9gration dans la r\u00e9gion de l\u2019Afrique du Nord (Tunisie, Alg\u00e9rie, Maroc) est un long processus et leur pr\u00e9sence est diff\u00e9rente suivant les circonstances et selon les pays eux-m\u00eames. L\u2019autorit\u00e9 fran\u00e7aise a men\u00e9 propagande politique qui a amplifi\u00e9 l\u2019image du Corse comme \u00e9tant le colon qui peut le mieux s\u2019adapter et remplit les fonctions missions qu\u2019on lui confie. C\u2019\u00e9tait une bonne occasion pour le Corse de faire une carri\u00e8re exceptionnelle et avoir une promotion sociale \u00e9vidente, mais aussi le meilleur cadre pour transmettre ses techniques et des savoirs professionnels aux indig\u00e8nes (photographie, archivage, d\u00e9cryptage&#8230;).<\/p>\n\n\n\n<p>Les Corses sont connus pour leur conscience associative. Ils ont cr\u00e9\u00e9 plusieurs associations dans les diff\u00e9rentes villes de Maghreb, ces soci\u00e9t\u00e9s ont renforc\u00e9 les liens entre leurs membres de d\u00e9fendre les int\u00e9r\u00eats de leur communaut\u00e9. Les originaires de l\u2019\u00eele ont \u00e9t\u00e9 bien plac\u00e9s dans l\u2019administration coloniale, leur position avantageuse leur permet de jouer un r\u00f4le important dans la politique coloniale fran\u00e7aise, ils se sont organis\u00e9s en un vaste r\u00e9seau et exercent une influence assez importante sur les hauts responsables de l\u2019administration coloniale.<\/p>\n\n\n\n<p>Quelques fonctionnaires ont profit\u00e9 de leurs postes pour commettre des abus et \u00e9chapper aux sanctions, ils s\u2019appuient sur leur groupe de pression qui intervient pour prot\u00e9ger les d\u00e9linquants.<\/p>\n\n\n\n<p>La plupart des ouvrages ont trait\u00e9 l\u2019\u00e9volution de la pr\u00e9sence des Corses dans l\u2019administration coloniale fran\u00e7aise, mais l\u2019\u00e9tude des relations corse-colonies et surtout l\u2019impact de la pr\u00e9sence corse sur les pays colonis\u00e9s en Afrique du Nord est assez rare. Le pays de Maghreb est peut-\u00eatre un cadre exceptionnel d\u2019\u00e9changes et d\u2019acculturation impos\u00e9e \u00e0 travers les insulaires (qui sont finalement des Fran\u00e7ais). C\u2019est un paradoxe o\u00f9 les colonis\u00e9s qui sont int\u00e9gr\u00e9s dans l\u2019administration coloniale sont devenus des colonisateurs.<\/p>\n\n\n\n<h3 class=\"wp-block-heading\"><strong>Bibliographie&nbsp;&nbsp;<\/strong><\/h3>\n\n\n\n<h4 class=\"wp-block-heading\"><strong>Archives<\/strong><\/h4>\n\n\n\n<p>Archives Nationales Tunisiens (<strong>A.N.T<\/strong>), Corpus de 4000 dossiers administratifs des personnels de police 1881-1956 (classement provisoire)<\/p>\n\n\n\n<p>Archives d\u2019Outre-mer \u00e0 Marseille<strong> (ANOM), <\/strong>des milliers des dossiers nominatifs dans les colonies fran\u00e7aises d\u00e8s le XIXe si\u00e8cle<\/p>\n\n\n\n<p>La Corse Nord-africaine, <em>Organe de d\u00e9fense des int\u00e9r\u00eats g\u00e9n\u00e9raux des corses de L\u2019Afrique du Nord<\/em>, Ann\u00e9es 1925-1926 (les num\u00e9ros de la revue sont conserv\u00e9s \u00e0 la biblioth\u00e8que nationale de la Tunisie)<\/p>\n\n\n\n<p>Echo de la Corse, Cinqui\u00e8me ann\u00e9e 1914<\/p>\n\n\n\n<h4 class=\"wp-block-heading\"><strong>Livres<\/strong><\/h4>\n\n\n\n<p>ARZALIER Francis, <em>les Corses et la Question coloniale<\/em>, Editions Albiana 2003.<\/p>\n\n\n\n<p>ANTONETTI Pierre, <em>Histoire de La corse<\/em>, Editions Robert Laffont1973.<\/p>\n\n\n\n<p>BROCHIER Andr\u00e9, <em>Dictionnaire des administrateurs de commune mixte en Alg\u00e9rie<\/em>, volume1 2018.<\/p>\n\n\n\n<p>ROSSI Henri, <em>Les armes dans l\u2019histoire, les m\u0153urs et les traditions du pays corse<\/em>, Editeur Belisane 1980.<\/p>\n\n\n\n<p>BUGEAUD, <em>Le peuplement fran\u00e7ais de l\u2019Alg\u00e9rie<\/em>, (d\u2019apr\u00e8s les \u00e9crits et discours du Mar\u00e9chal), Introduit par SAURIN Jules, Editions du comit\u00e9 Bugeaud, Tunis 1933.<\/p>\n\n\n\n<p>GRANCHAMPS Conte, <em>La corse sa colonisation et son r\u00f4le dans la M\u00e9diterran\u00e9e<\/em>, paris, Librairie de Hachette 1859.<\/p>\n\n\n\n<p>LA BARBERA Serge, <em>Les fran\u00e7ais de la Tunisie<\/em> (1930-1950), le Harmattan 2006.<\/p>\n\n\n\n<p>ROCCA Pierre, <em>Les corses devant l\u2019anthropologie<\/em>, Librairie J. Gambert, Paris 1919.<strong><\/strong><\/p>\n\n\n\n<p>JACOBI, J-M, <em>Histoire g\u00e9n\u00e9rale de la Corse, depuis les premiers temps jusqu&rsquo;\u00e0 nos jours(<\/em>1835<em>), <\/em>ouvrage enrichi d\u2019une carte g\u00e9ographique et d\u2019un grand nombre de documents in\u00e9dits par Jacobi (avocat), Tome, Paris, 1835<em>.<\/em><\/p>\n\n\n\n<h4 class=\"wp-block-heading\"><strong>M\u00e9moires et Articles<\/strong><\/h4>\n\n\n\n<p>BEDHIOUF Tarek, <em>La politique de recrutement \u00e0 l\u2019administration coloniale et l\u2019h\u00e9ritage de violence et de corruption, le cas des agents de police en Tunisie<\/em> 1881-1956, Editions Latrach (GLD), Tunisie 2022.<\/p>\n\n\n\n<p>BELAID&nbsp;Habib, <em>Les associations r\u00e9gionales fran\u00e7aises en Tunisie pendant l\u2019\u00e9poque coloniale<\/em>&nbsp;(Etudes r\u00e9unies et pr\u00e9fac\u00e9es par Abdjelil TEMIMI), Publications de la Fondation Temimi pour la recherche Scientifique et l\u2019information (FTERSI), Tome premier, Zaghouan 1996.<\/p>\n\n\n\n<p>CRISTOFARI&nbsp;Pasquin, <em>La Corse entre France et Italie<\/em> 1870-1913, m\u00e9moire pour l\u2019obtention du dipl\u00f4me de Maitrise, Universit\u00e9 de Provence d\u2019Aix Marseille I, 1999.<\/p>\n\n\n\n<p>DEFRANCESCHI Jean, <em>La Corse fran\u00e7aise<\/em>) 30 novembre1789- 15juin 1794(, Th\u00e8se pour le doctorat du troisi\u00e8me cycle, Universit\u00e9 de Sorbonne 1969.<\/p>\n\n\n\n<p>PAOLETTI Marie, <em>L\u2019Emigration corse \u00e0 porto-Rico au dix-neuvi\u00e8me si\u00e8cle<\/em>, Th\u00e8se de doctorat, Universit\u00e9 de Provence Aix-Marseille 1989-1990.<\/p>\n\n\n\n<p>PROFIZI Vanina, <em>Les Corses au Gabon, recompositions identitaires d\u2019une communaut\u00e9 r\u00e9gionale en situation d\u2019expatriation<\/em>, in Cahiers d\u2019Etudes Africaines n\u00b0 221-222, 2016.<\/p>\n\n\n\n<p>MATEOS Flora Faure, <em>Les repr\u00e9sentation de l\u2019identit\u00e9 corse en Alg\u00e9rie Fran\u00e7aise<\/em>, m\u00e9moire de Master 1, Universit\u00e9 de Provence (lettres et Sciences Humaines) 2005.<\/p>\n\n\n\n<p>VILLAT Louis, <em>La Corse de<\/em> 1768 \u00e0 1789, th\u00e8se pour le doctorat \u00e0 la facult\u00e9 des lettres de l\u2019humanit\u00e9 de paris, 1925, Millot fr\u00e8res Editeurs.<\/p>\n\n\n\n<p>&nbsp;<strong>Mots cl\u00e9s<\/strong>&nbsp;: Corses, Maghreb, Colonisation, acculturation, Transmission<\/p>\n\n\n\n<p>&nbsp;<strong>BEDHIAFI&nbsp;&nbsp; Tarek<\/strong><\/p>\n\n\n\n<p><strong>Facult\u00e9 des Sciences Humaines et Sociales de Tunis (FSHST).<\/strong><\/p>\n<\/div>\n\n\n\n<div class=\"wp-block-column has-text-color has-small-font-size is-layout-flow wp-block-column-is-layout-flow\" style=\"color:#a15428;flex-basis:25%\">\n<p><a id=\"_ftn37\" href=\"#_ftnref37\">[37]<\/a> ) GRANCHAMPS Conte, <em>La Corse sa colonisation et son r\u00f4le dans la M\u00e9diterran\u00e9e<\/em>, paris, Librairie de Hachette 1859, p 71, sq.<\/p>\n\n\n\n<p><a href=\"#_ftnref38\" id=\"_ftn38\">[38]<\/a>) A.N.T, (classement provisoire 4\/2013), Carton n\u00b0 4, Dossier de Georges Mathieu, proc\u00e8s-verbal 14 Aout 1931&nbsp;;<\/p>\n\n\n\n<p><a href=\"#_ftnref39\" id=\"_ftn39\">[39]<\/a> ) ANTONETTI Pierre, <em>Histoire de La corse<\/em>, Editions Robert Laffont1973, p 462.<\/p>\n\n\n\n<p><a href=\"#_ftnref40\" id=\"_ftn40\">[40]<\/a> ) ROSSI Henri, Les armes dans l\u2019histoire, les m\u0153urs et les traditions du pays corse, Editeur Belisane 1980, p. 333.<\/p>\n\n\n\n<p><a href=\"#_ftnref41\" id=\"_ftn41\">[41]<\/a> ) ROCCA Pierre, <em>Les Corses devant l\u2019anthropologie<\/em>, Librairie J. Gambert, paris 1919.<\/p>\n\n\n\n<p><a href=\"#_ftnref42\" id=\"_ftn42\">[42]<\/a> ) BEDHIOUF Tarek, <em>La politique de recrutement \u00e0 l\u2019administration coloniale<\/em>, <em>op. cit<\/em>, p 67.<\/p>\n\n\n\n<p><a id=\"_ftn43\" href=\"#_ftnref43\">[43]<\/a> ) ARZALIER Francis, <em>Les Corses et la Question coloniale<\/em>, Editions Albiana 2003, p 15.<\/p>\n<\/div>\n<\/div>\n","protected":false},"excerpt":{"rendered":"<p>La conqu\u00eate militaire fran\u00e7aise de l\u2019Afrique du Nord a dur\u00e9 \u00e0 peu pr\u00e8s un si\u00e8cle et s\u2019est d\u00e9roul\u00e9e dans des conditions diff\u00e9rentes. L\u2019Alg\u00e9rie fut annex\u00e9e en 1830, elle est consid\u00e9r\u00e9e comme un d\u00e9partement fran\u00e7ais. Alors que l\u2019occupation de la Tunisie (1881) et du Maroc (1912) se fait dans un autre cadre juridique, les deux pays [&hellip;]<\/p>\n","protected":false},"author":27,"featured_media":1531,"comment_status":"closed","ping_status":"closed","sticky":false,"template":"","format":"standard","meta":{"_acf_changed":false,"footnotes":""},"categories":[16],"tags":[],"class_list":["post-1255","post","type-post","status-publish","format-standard","has-post-thumbnail","hentry","category-numero2"],"acf":[],"_links":{"self":[{"href":"https:\/\/m3c.universita.corsica\/lumi\/wp-json\/wp\/v2\/posts\/1255","targetHints":{"allow":["GET"]}}],"collection":[{"href":"https:\/\/m3c.universita.corsica\/lumi\/wp-json\/wp\/v2\/posts"}],"about":[{"href":"https:\/\/m3c.universita.corsica\/lumi\/wp-json\/wp\/v2\/types\/post"}],"author":[{"embeddable":true,"href":"https:\/\/m3c.universita.corsica\/lumi\/wp-json\/wp\/v2\/users\/27"}],"replies":[{"embeddable":true,"href":"https:\/\/m3c.universita.corsica\/lumi\/wp-json\/wp\/v2\/comments?post=1255"}],"version-history":[{"count":3,"href":"https:\/\/m3c.universita.corsica\/lumi\/wp-json\/wp\/v2\/posts\/1255\/revisions"}],"predecessor-version":[{"id":3854,"href":"https:\/\/m3c.universita.corsica\/lumi\/wp-json\/wp\/v2\/posts\/1255\/revisions\/3854"}],"wp:featuredmedia":[{"embeddable":true,"href":"https:\/\/m3c.universita.corsica\/lumi\/wp-json\/wp\/v2\/media\/1531"}],"wp:attachment":[{"href":"https:\/\/m3c.universita.corsica\/lumi\/wp-json\/wp\/v2\/media?parent=1255"}],"wp:term":[{"taxonomy":"category","embeddable":true,"href":"https:\/\/m3c.universita.corsica\/lumi\/wp-json\/wp\/v2\/categories?post=1255"},{"taxonomy":"post_tag","embeddable":true,"href":"https:\/\/m3c.universita.corsica\/lumi\/wp-json\/wp\/v2\/tags?post=1255"}],"curies":[{"name":"wp","href":"https:\/\/api.w.org\/{rel}","templated":true}]}}