{"id":1768,"date":"2023-11-18T15:34:18","date_gmt":"2023-11-18T15:34:18","guid":{"rendered":"https:\/\/m3c.universita.corsica\/lumi\/?p=1768"},"modified":"2023-12-11T20:16:11","modified_gmt":"2023-12-11T20:16:11","slug":"lenvironnement-facteur-davenement-dune-republique-europeenne","status":"publish","type":"post","link":"https:\/\/m3c.universita.corsica\/lumi\/lenvironnement-facteur-davenement-dune-republique-europeenne\/","title":{"rendered":"L&rsquo;environnement, facteur d&rsquo;av\u00e8nement d&rsquo;une R\u00e9publique europ\u00e9enne ?"},"content":{"rendered":"\t\t<div data-elementor-type=\"wp-post\" data-elementor-id=\"1768\" class=\"elementor elementor-1768\" data-elementor-post-type=\"post\">\n\t\t\t\t\t\t<section data-particle_enable=\"false\" data-particle-mobile-disabled=\"false\" class=\"elementor-section elementor-top-section elementor-element elementor-element-5f0b97a elementor-section-full_width elementor-section-height-min-height elementor-section-height-default elementor-section-items-middle\" data-id=\"5f0b97a\" data-element_type=\"section\" data-e-type=\"section\" data-settings=\"{&quot;background_background&quot;:&quot;classic&quot;}\">\n\t\t\t\t\t\t<div class=\"elementor-container elementor-column-gap-default\">\n\t\t\t\t\t<div class=\"elementor-column elementor-col-100 elementor-top-column elementor-element elementor-element-c422e10\" data-id=\"c422e10\" data-element_type=\"column\" data-e-type=\"column\">\n\t\t\t<div class=\"elementor-widget-wrap\">\n\t\t\t\t\t\t\t<\/div>\n\t\t<\/div>\n\t\t\t\t\t<\/div>\n\t\t<\/section>\n\t\t\t\t<section data-particle_enable=\"false\" data-particle-mobile-disabled=\"false\" class=\"elementor-section elementor-top-section elementor-element elementor-element-78311e2 elementor-section-boxed elementor-section-height-default elementor-section-height-default\" data-id=\"78311e2\" data-element_type=\"section\" data-e-type=\"section\">\n\t\t\t\t\t\t<div class=\"elementor-container elementor-column-gap-default\">\n\t\t\t\t\t<div class=\"elementor-column elementor-col-100 elementor-top-column elementor-element elementor-element-3f325f5\" data-id=\"3f325f5\" data-element_type=\"column\" data-e-type=\"column\">\n\t\t\t<div class=\"elementor-widget-wrap elementor-element-populated\">\n\t\t\t\t\t\t<div class=\"elementor-element elementor-element-d395b36 elementor-widget elementor-widget-heading\" data-id=\"d395b36\" data-element_type=\"widget\" data-e-type=\"widget\" data-widget_type=\"heading.default\">\n\t\t\t\t<div class=\"elementor-widget-container\">\n\t\t\t\t\t<h1 class=\"elementor-heading-title elementor-size-default\">L&rsquo;environnement, facteur d&rsquo;av\u00e8nement d&rsquo;une R\u00e9publique europ\u00e9enne ?<\/h1>\t\t\t\t<\/div>\n\t\t\t\t<\/div>\n\t\t\t\t<div class=\"elementor-element elementor-element-626ea71 elementor-author-box--name-yes elementor-author-box--biography-yes elementor-author-box--link-no elementor-widget elementor-widget-author-box\" data-id=\"626ea71\" data-element_type=\"widget\" data-e-type=\"widget\" data-widget_type=\"author-box.default\">\n\t\t\t\t<div class=\"elementor-widget-container\">\n\t\t\t\t\t\t\t<div class=\"elementor-author-box\">\n\t\t\t\n\t\t\t<div class=\"elementor-author-box__text\">\n\t\t\t\t\t\t\t\t\t<div >\n\t\t\t\t\t\t<h4 class=\"elementor-author-box__name\">\n\t\t\t\t\t\t\tCarlos Manuel Alves\t\t\t\t\t\t<\/h4>\n\t\t\t\t\t<\/div>\n\t\t\t\t\n\t\t\t\t\t\t\t\t\t<div class=\"elementor-author-box__bio\">\n\t\t\t\t\t\tCRDEI, Universit\u00e9 de Bordeaux\t\t\t\t\t<\/div>\n\t\t\t\t\n\t\t\t\t\t\t\t<\/div>\n\t\t<\/div>\n\t\t\t\t\t\t<\/div>\n\t\t\t\t<\/div>\n\t\t\t\t<div class=\"elementor-element elementor-element-4875c9e elementor-align-left elementor-widget elementor-widget-button\" data-id=\"4875c9e\" data-element_type=\"widget\" data-e-type=\"widget\" data-widget_type=\"button.default\">\n\t\t\t\t<div class=\"elementor-widget-container\">\n\t\t\t\t\t\t\t\t\t<div class=\"elementor-button-wrapper\">\n\t\t\t\t\t<a class=\"elementor-button elementor-button-link elementor-size-sm\" href=\"\/lumi\/wp-content\/uploads\/2023\/12\/CM_ALVES_cortelumi.pdf\" target=\"_blank\">\n\t\t\t\t\t\t<span class=\"elementor-button-content-wrapper\">\n\t\t\t\t\t\t<span class=\"elementor-button-icon\">\n\t\t\t\t<i aria-hidden=\"true\" class=\"fas fa-file-download\"><\/i>\t\t\t<\/span>\n\t\t\t\t\t\t\t\t\t<span class=\"elementor-button-text\">Visionner \/ T\u00e9l\u00e9charger la version PDF<\/span>\n\t\t\t\t\t<\/span>\n\t\t\t\t\t<\/a>\n\t\t\t\t<\/div>\n\t\t\t\t\t\t\t\t<\/div>\n\t\t\t\t<\/div>\n\t\t\t\t\t<\/div>\n\t\t<\/div>\n\t\t\t\t\t<\/div>\n\t\t<\/section>\n\t\t\t\t<section data-particle_enable=\"false\" data-particle-mobile-disabled=\"false\" class=\"elementor-section elementor-top-section elementor-element elementor-element-55f2337 elementor-section-boxed elementor-section-height-default elementor-section-height-default\" data-id=\"55f2337\" data-element_type=\"section\" data-e-type=\"section\">\n\t\t\t\t\t\t<div class=\"elementor-container elementor-column-gap-default\">\n\t\t\t\t\t<div class=\"elementor-column elementor-col-50 elementor-top-column elementor-element elementor-element-ce625dc\" data-id=\"ce625dc\" data-element_type=\"column\" data-e-type=\"column\">\n\t\t\t<div class=\"elementor-widget-wrap elementor-element-populated\">\n\t\t\t\t\t\t<div class=\"elementor-element elementor-element-18337e31 elementor-widget elementor-widget-text-editor\" data-id=\"18337e31\" data-element_type=\"widget\" data-e-type=\"widget\" data-widget_type=\"text-editor.default\">\n\t\t\t\t<div class=\"elementor-widget-container\">\n\t\t\t\t\t\t\t\t\t<p>\u00a0\u00a0\u00a0\u00a0\u00a0\u00a0\u00a0\u00a0\u00a0\u00a0\u00a0 De prime abord, l&rsquo;id\u00e9e de R\u00e9publique est ontologiquement li\u00e9e \u00e0 l\u2019\u00c9tat. Pourtant, elle est aussi consubstantiellement li\u00e9e \u00e0 l&rsquo;Europe. En effet, de nombreux avatars peuvent \u00eatre d\u00e9cel\u00e9s \u00e0 travers les \u00e2ges\u00a0: de la R\u00e9publique romaine<a href=\"#_ftn1\" name=\"_ftnref1\">[1]<\/a>\u00a0 \u00e0 la \u00ab\u00a0R\u00e9publique des lettres\u00a0\u00bb en passant par la <em>Res publica christiana<\/em> m\u00e9di\u00e9vale. A l&rsquo;\u00e9vidence, ce terme s&rsquo;av\u00e8re \u00e9minemment polys\u00e9mique.<\/p><p>\u00a0\u00a0\u00a0\u00a0\u00a0\u00a0\u00a0\u00a0\u00a0\u00a0\u00a0 Dans la pens\u00e9e politique antique, la R\u00e9publique d\u00e9signe une communaut\u00e9 politique. N&rsquo;est-ce pas l\u00e0 d&rsquo;ailleurs le propos des P\u00e8res fondateurs tels que le chancelier Konrad Adenauer ou Robert Schumann\u00a0? Tel est le cas ou du moins l&rsquo;objectif, le <em>Telos<\/em>, la finalit\u00e9 inavou\u00e9e, voire inavouable de l&rsquo;Union europ\u00e9enne. Il s&rsquo;agit l\u00e0 d&rsquo;un objectif permanent. Retour vers le pass\u00e9\u00a0: il suffit d&rsquo;\u00e9voquer le projet de Communaut\u00e9 politique europ\u00e9enne coupl\u00e9 \u00e0 celui de la Communaut\u00e9 europ\u00e9enne de d\u00e9fense. Le terme d&rsquo;Union europ\u00e9enne est lui-m\u00eame synonyme de saut qualitatif vers le Politique<a href=\"#_ftn2\" name=\"_ftnref2\">[2]<\/a>. D\u00e8s lors, l&rsquo;Europe serait r\u00e9publicaine sans le savoir du moins sans le dire\u00a0?! Autrement dit au sens kantien, une puissance publique garante du Bien commun.<\/p><p>\u00a0\u00a0\u00a0\u00a0\u00a0\u00a0\u00a0\u00a0\u00a0\u00a0\u00a0 Plus exactement, l&rsquo;UE est une communaut\u00e9 politique en devenir. Conform\u00e9ment au sch\u00e9ma fonctionnaliste, l&rsquo;UE n&rsquo;a eu de cesse de d\u00e9passer peu \u00e0 peu, de transcender sa vocation \u00e9conomique initiale afin d&#8217;embrasser t\u00f4t ou tard la dimension politique. L&rsquo;environnement, \u00e0 cet \u00e9gard, a jou\u00e9 un r\u00f4le pionnier. Pour m\u00e9moire, l&rsquo;Europe est cens\u00e9e susciter des solidarit\u00e9s de fait destin\u00e9es \u00e0 favoriser un rapprochement des peuples. L&rsquo;environnement en est une illustration embl\u00e9matique \u00e0 l&rsquo;\u00e9vidence\u00a0: \u00e0 la fois, sympt\u00f4me de crise mais aussi symbole de solidarit\u00e9. L&rsquo;interd\u00e9pendance des Europ\u00e9ens est aussi \u00e9cologique. Le droit de l&rsquo;environnement est un droit de solidarit\u00e9. Nul besoin de rappeler que lorsque de lourds nuages s&rsquo;amoncellent \u00e0 l&rsquo;est de l&rsquo;Europe, ils ignorent les fronti\u00e8res hier comme aujourd&rsquo;hui.<\/p><p>\u00a0\u00a0\u00a0\u00a0\u00a0\u00a0\u00a0\u00a0\u00a0\u00a0\u00a0 L&rsquo;environnement ne rapproche pas seulement les peuples\u00a0; il a vocation \u00e0 rapprocher les citoyens de l&rsquo;Europe, \u00e0 lui donner un suppl\u00e9ment d&rsquo;\u00e2me, sinon d&rsquo;am&#8230;our\u00a0?! L&rsquo;environnement participe de la dimension politique de l&rsquo;Union. En effet, l&rsquo;environnement repr\u00e9sente une pr\u00e9occupation essentielle des citoyens, des membres de la Cit\u00e9, de la Polis.<a href=\"#_ftnref1\" name=\"_ftn1\"><\/a><\/p>\t\t\t\t\t\t\t\t<\/div>\n\t\t\t\t<\/div>\n\t\t\t\t\t<\/div>\n\t\t<\/div>\n\t\t\t\t<div class=\"elementor-column elementor-col-50 elementor-top-column elementor-element elementor-element-904266d elementor-hidden-mobile\" data-id=\"904266d\" data-element_type=\"column\" data-e-type=\"column\">\n\t\t\t<div class=\"elementor-widget-wrap elementor-element-populated\">\n\t\t\t\t\t\t<div class=\"elementor-element elementor-element-4927a11 elementor-widget-divider--view-line_text elementor-widget-divider--element-align-center elementor-widget elementor-widget-divider\" data-id=\"4927a11\" data-element_type=\"widget\" data-e-type=\"widget\" data-widget_type=\"divider.default\">\n\t\t\t\t<div class=\"elementor-widget-container\">\n\t\t\t\t\t\t\t<div class=\"elementor-divider\">\n\t\t\t<span class=\"elementor-divider-separator\">\n\t\t\t\t\t\t\t<p class=\"elementor-divider__text elementor-divider__element\">\n\t\t\t\tPage 1\t\t\t\t<\/p>\n\t\t\t\t\t\t<\/span>\n\t\t<\/div>\n\t\t\t\t\t\t<\/div>\n\t\t\t\t<\/div>\n\t\t\t\t<div class=\"elementor-element elementor-element-70078f5 elementor-widget elementor-widget-text-editor\" data-id=\"70078f5\" data-element_type=\"widget\" data-e-type=\"widget\" data-widget_type=\"text-editor.default\">\n\t\t\t\t<div class=\"elementor-widget-container\">\n\t\t\t\t\t\t\t\t\t<p><a href=\"#_ftn1\">[1] R\u00e9publique fond\u00e9e sur le droit convient-il de rappeler. \u00ab\u00a0<em>Ath\u00e8nes&#8230;<\/em><\/a><\/p>\t\t\t\t\t\t\t\t<\/div>\n\t\t\t\t<\/div>\n\t\t\t\t<div class=\"elementor-element elementor-element-66c9da8 elementor-widget elementor-widget-text-editor\" data-id=\"66c9da8\" data-element_type=\"widget\" data-e-type=\"widget\" data-widget_type=\"text-editor.default\">\n\t\t\t\t<div class=\"elementor-widget-container\">\n\t\t\t\t\t\t\t\t\t<p><a href=\"#_ftnref2\">[2] L. van MIDDELAAR, \u00ab\u00a0Oui, l&rsquo;Europe est politique\u00a0\u00bb, <em>Le Monde<\/em>, 25-26 mai 2014.<\/a><\/p>\t\t\t\t\t\t\t\t<\/div>\n\t\t\t\t<\/div>\n\t\t\t\t\t<\/div>\n\t\t<\/div>\n\t\t\t\t\t<\/div>\n\t\t<\/section>\n\t\t\t\t<section data-particle_enable=\"false\" data-particle-mobile-disabled=\"false\" class=\"elementor-section elementor-top-section elementor-element elementor-element-c1abc68 elementor-section-boxed elementor-section-height-default elementor-section-height-default\" data-id=\"c1abc68\" data-element_type=\"section\" data-e-type=\"section\">\n\t\t\t\t\t\t<div class=\"elementor-container elementor-column-gap-default\">\n\t\t\t\t\t<div class=\"elementor-column elementor-col-50 elementor-top-column elementor-element elementor-element-7a9a67d\" data-id=\"7a9a67d\" data-element_type=\"column\" data-e-type=\"column\">\n\t\t\t<div class=\"elementor-widget-wrap elementor-element-populated\">\n\t\t\t\t\t\t<div class=\"elementor-element elementor-element-ebb1dba elementor-widget elementor-widget-text-editor\" data-id=\"ebb1dba\" data-element_type=\"widget\" data-e-type=\"widget\" data-widget_type=\"text-editor.default\">\n\t\t\t\t<div class=\"elementor-widget-container\">\n\t\t\t\t\t\t\t\t\t<p>A cet \u00e9gard, les <em>Eurobarom\u00e8tres<\/em> montrent et d\u00e9montrent r\u00e9guli\u00e8rement l&rsquo;attachement des citoyens europ\u00e9ens \u00e0 l&rsquo;environnement et leur conviction du r\u00f4le primordial qui doit \u00eatre d\u00e9volu \u00e0 l&rsquo;UE en la mati\u00e8re. Par cons\u00e9quent, il contribue \u00e0 l&rsquo;\u00e9mergence d&rsquo;une sph\u00e8re d&rsquo;int\u00e9r\u00eats publics qui soude et unit les membres d&rsquo;une m\u00eame (C)ommunaut\u00e9, d&rsquo;une m\u00eame collectivit\u00e9. Rappelons ainsi la place accord\u00e9e \u00e0 l&rsquo;environnement dans le projet de trait\u00e9 instituant l&rsquo;Union europ\u00e9enne d&rsquo;Altiero Spinelli du 14 f\u00e9vrier 1984. Par cons\u00e9quent, l&rsquo;environnement est bel et bien une <em>res publica<\/em>, une chose publique \u00ab\u00a0par nature\u00a0\u00bb si l&rsquo;on peut dire.<\/p>\n<p>\u00a0<\/p>\n<p>\u00a0\u00a0\u00a0\u00a0\u00a0\u00a0\u00a0\u00a0\u00a0\u00a0\u00a0 Source de \u00ab\u00a0<em>solidarit\u00e9 n\u00e9gative<\/em>\u00a0\u00bb<a href=\"#_ftn3\" name=\"_ftnref3\">[3]<\/a>, l&rsquo;environnement suppose n\u00e9cessairement une solidarit\u00e9 active. L&rsquo;environnement, composante de la \u00ab\u00a0<em>communaut\u00e9 involontaire de risques<\/em>\u00a0\u00bb d\u00e9crite par J\u00fcrgen Habermas<a href=\"#_ftn4\" name=\"_ftnref4\">[4]<\/a>, implique la d\u00e9finition d&rsquo;un nouveau contrat social (et naturel) europ\u00e9en synonyme d&rsquo;\u00e9conomie de march\u00e9 encadr\u00e9e par le droit au nom du Bien commun. En d&rsquo;autres termes, une \u00e9conomie sociale de march\u00e9 (ch\u00e8re \u00e0 nos amis allemands inscrite par le trait\u00e9 de Lisbonne au fronton du Trait\u00e9 sur l&rsquo;UE) c&rsquo;est-\u00e0-dire \u00ab\u00a0soucieuse\u00a0\u00bb du march\u00e9&#8230;<\/p>\n<p>\u00a0<\/p>\n<p>\u00a0\u00a0\u00a0\u00a0\u00a0\u00a0\u00a0\u00a0\u00a0\u00a0\u00a0 Dans ces conditions, il n&rsquo;est donc nullement surprenant que l&rsquo;UE se soit rapidement dot\u00e9e d\u00e8s l&rsquo;ach\u00e8vement de la p\u00e9riode transitoire d&rsquo;une politique en la mati\u00e8re et ce, de mani\u00e8re coutumi\u00e8re. L&rsquo;environnement avait t\u00f4t ou tard vocation \u00e0 faire son entr\u00e9e dans la \u00ab\u00a0Charte constitutionnelle\u00a0\u00bb ce qui fut fait en 1986 par l&rsquo;Acte Unique. A n&rsquo;en pas douter, l&rsquo;environnement participe de la <em>Res publica<\/em> et ce, \u00e0 deux \u00e9gards. Deux apports peuvent \u00eatre d\u00e9cel\u00e9s. Tout d&rsquo;abord, un apport direct\u00a0: La <em>Res publica<\/em> c&rsquo;est la chose commune, le bien commun. C&rsquo;est pourquoi l&rsquo;environnement se traduit par l&rsquo;\u00e9mergence d&rsquo;un Bien commun europ\u00e9en, d&rsquo;un int\u00e9r\u00eat g\u00e9n\u00e9ral europ\u00e9en pris en charge par la puissance publique europ\u00e9enne. En cela, l&rsquo;environnement contribue \u00e0 fonder, \u00e0 l\u00e9gitimer le pouvoir public commun par la d\u00e9finition d&rsquo;un nouveau Contrat social europ\u00e9en<a href=\"#_ftn5\" name=\"_ftnref5\">[5]<\/a>(<strong>I<\/strong>). Il favorise aussi la l\u00e9gitimation de l&rsquo;exercice du pouvoir. En effet, l&rsquo;environnement, par l&rsquo;association des citoyens, concourt \u00e0 la d\u00e9mocratisation con\u00e7ue comme un perfectionnement de la \u00ab\u00a0R\u00e9publique europ\u00e9enne\u00a0\u00bb (<strong>II<\/strong>). Il s&rsquo;agit l\u00e0 d&rsquo;un apport indirect, m\u00e9diat.\u00a0<\/p>\n<h3>I- L&rsquo;environnement, vecteur d&rsquo;un nouveau Contrat social europ\u00e9en<\/h3>\n<p>\u00a0\u00a0\u00a0\u00a0\u00a0\u00a0\u00a0\u00a0\u00a0\u00a0\u00a0 Quels sont les contours de ce Contrat social&#8230; et naturel ?<\/p>\n<p>\u00a0\u00a0\u00a0\u00a0\u00a0\u00a0\u00a0\u00a0\u00a0\u00a0\u00a0 Il pourrait \u00eatre ainsi synth\u00e9tis\u00e9\u00a0: de la paix durable (plus de guerre civile europ\u00e9enne) au d\u00e9veloppement durable\u00a0?<\/p>\t\t\t\t\t\t\t\t<\/div>\n\t\t\t\t<\/div>\n\t\t\t\t\t<\/div>\n\t\t<\/div>\n\t\t\t\t<div class=\"elementor-column elementor-col-50 elementor-top-column elementor-element elementor-element-7028208 elementor-hidden-mobile\" data-id=\"7028208\" data-element_type=\"column\" data-e-type=\"column\">\n\t\t\t<div class=\"elementor-widget-wrap elementor-element-populated\">\n\t\t\t\t\t\t<div class=\"elementor-element elementor-element-0482133 elementor-widget-divider--view-line_text elementor-widget-divider--element-align-center elementor-widget elementor-widget-divider\" data-id=\"0482133\" data-element_type=\"widget\" data-e-type=\"widget\" data-widget_type=\"divider.default\">\n\t\t\t\t<div class=\"elementor-widget-container\">\n\t\t\t\t\t\t\t<div class=\"elementor-divider\">\n\t\t\t<span class=\"elementor-divider-separator\">\n\t\t\t\t\t\t\t<p class=\"elementor-divider__text elementor-divider__element\">\n\t\t\t\tPage 2\t\t\t\t<\/p>\n\t\t\t\t\t\t<\/span>\n\t\t<\/div>\n\t\t\t\t\t\t<\/div>\n\t\t\t\t<\/div>\n\t\t\t\t<div class=\"elementor-element elementor-element-6e06e5d elementor-widget elementor-widget-text-editor\" data-id=\"6e06e5d\" data-element_type=\"widget\" data-e-type=\"widget\" data-widget_type=\"text-editor.default\">\n\t\t\t\t<div class=\"elementor-widget-container\">\n\t\t\t\t\t\t\t\t\t<p><a href=\"#_ftn3\">[3] \u00a0\u00a0 Selon la formule d&rsquo;Hannah Arendt. Le \u00ab march\u00e9 commun \u00bb de la pollution&#8230;<\/a><\/p>\n<p><a href=\"#_ftn4\">[4] \u00a0\u00a0 Il s&rsquo;agit du crime organis\u00e9 ou encore de risques environnementaux tels&#8230;<\/a><\/p>\t\t\t\t\t\t\t\t<\/div>\n\t\t\t\t<\/div>\n\t\t\t\t<div class=\"elementor-element elementor-element-eca6d26 elementor-widget elementor-widget-text-editor\" data-id=\"eca6d26\" data-element_type=\"widget\" data-e-type=\"widget\" data-widget_type=\"text-editor.default\">\n\t\t\t\t<div class=\"elementor-widget-container\">\n\t\t\t\t\t\t\t\t\t<p><a href=\"#_ftn5\">[5] \u00a0\u00a0 D. TURPIN, \u00ab Mondialisation et normes juridiques: pour un nouveau&#8230;<\/a><\/p>\t\t\t\t\t\t\t\t<\/div>\n\t\t\t\t<\/div>\n\t\t\t\t\t<\/div>\n\t\t<\/div>\n\t\t\t\t\t<\/div>\n\t\t<\/section>\n\t\t\t\t<section data-particle_enable=\"false\" data-particle-mobile-disabled=\"false\" class=\"elementor-section elementor-top-section elementor-element elementor-element-c7f271b elementor-section-boxed elementor-section-height-default elementor-section-height-default\" data-id=\"c7f271b\" data-element_type=\"section\" data-e-type=\"section\">\n\t\t\t\t\t\t<div class=\"elementor-container elementor-column-gap-default\">\n\t\t\t\t\t<div class=\"elementor-column elementor-col-50 elementor-top-column elementor-element elementor-element-997be46\" data-id=\"997be46\" data-element_type=\"column\" data-e-type=\"column\">\n\t\t\t<div class=\"elementor-widget-wrap elementor-element-populated\">\n\t\t\t\t\t\t<div class=\"elementor-element elementor-element-abd03e2 elementor-widget elementor-widget-text-editor\" data-id=\"abd03e2\" data-element_type=\"widget\" data-e-type=\"widget\" data-widget_type=\"text-editor.default\">\n\t\t\t\t<div class=\"elementor-widget-container\">\n\t\t\t\t\t\t\t\t\t<p>L&rsquo;Europe a-t-elle pour vocation de constituer <em>a minima<\/em> une simple adaptation \u00e9conomique pure et simple ou de mani\u00e8re plus ambitieuse, un rempart contre la mondialisation via la reconqu\u00eate politique de l&rsquo;\u00e9conomie ? De mani\u00e8re significative, l&rsquo;UE proc\u00e8de \u00e0 un (r\u00e9)\u00e9quilibrage de chaque politique par des objectifs d&rsquo;int\u00e9r\u00eat g\u00e9n\u00e9ral. Dans cette perspective, l&rsquo;environnement a permis de passer du march\u00e9 int\u00e9rieur con\u00e7u comme un simple m\u00e9canisme d&rsquo;ad\u00e9quation de l&rsquo;offre et de la demande au march\u00e9 ancr\u00e9 dans un territoire ayant des sp\u00e9cificit\u00e9s g\u00e9ographiques, climatiques, biologiques. D\u00e8s lors, il convenait d&rsquo;am\u00e9nager mais aussi de <em>m\u00e9nager<\/em> ce territoire et donc, l&rsquo;environnement.<\/p>\n<p>\u00a0<\/p>\n<p>\u00a0\u00a0\u00a0\u00a0\u00a0\u00a0\u00a0\u00a0\u00a0\u00a0\u00a0 Il convient de relever une double \u00e9volution de l&rsquo;int\u00e9r\u00eat g\u00e9n\u00e9ral, du Bien commun\u00a0:<\/p>\n<p>&#8211; d&rsquo;une part, verticale\u00a0: d&rsquo;un int\u00e9r\u00eat national \u00e0 partir duquel s&rsquo;est forg\u00e9 un int\u00e9r\u00eat europ\u00e9en\u00a0;<\/p>\n<p>&#8211; d&rsquo;autre part, horizontal\u00a0: de l&rsquo;int\u00e9gration \u00e9conomique \u00e0 l&rsquo;int\u00e9gration politique, et ce faisant, d&rsquo;un int\u00e9r\u00eat \u00e9conomique g\u00e9n\u00e9ral \u00e0 un int\u00e9r\u00eat g\u00e9n\u00e9ral globalis\u00e9.<\/p>\n<p>\u00a0<\/p>\n<p>\u00a0\u00a0\u00a0\u00a0\u00a0\u00a0\u00a0\u00a0\u00a0\u00a0\u00a0 Initialement, il s&rsquo;agit \u00e0 l&rsquo;\u00e9vidence d&rsquo;un int\u00e9r\u00eat g\u00e9n\u00e9ral national. Ainsi, en France, l&rsquo;environnement s&rsquo;est vu octroyer ce label par la loi du 10 juillet 1976. De national, l&rsquo;environnement est progressivement devenu europ\u00e9en. Il s&rsquo;agit d&rsquo;un int\u00e9r\u00eat g\u00e9n\u00e9ral mixte aujourd&rsquo;hui refl\u00e9tant la nature composite de la R\u00e9publique europ\u00e9enne (union de peuples et d&rsquo;Etats). L&rsquo;environnement s&rsquo;est vu attribuer un statut d\u00e9rogatoire au sein de la \u00ab\u00a0Constitution \u00e9conomique\u00a0\u00bb de l&rsquo;UE. Mais il s&rsquo;agissait bel et bien d&rsquo;une exception europ\u00e9enne et non nationale. En effet et bien que cela puisse para\u00eetre paradoxal, la facult\u00e9 reconnue aux \u00c9tats membres de fonder une entrave sur l&rsquo;int\u00e9r\u00eat g\u00e9n\u00e9ral environnemental a permis l&rsquo;av\u00e8nement d&rsquo;une v\u00e9ritable \u00e9thique communautaire, d&rsquo;un projet politique. D&rsquo;autant plus n\u00e9cessaire que l&#8217;emprise trop forte du march\u00e9 aboutit \u00e0 l&rsquo;oubli de la chose publique comme le montre \u00e0 l&rsquo;envi la crise des <em>subprimes<\/em>. L&rsquo;environnement a vocation \u00e0 jouer un r\u00f4le de rem\u00e8de sinon d&rsquo;antidote au tout-march\u00e9. O\u00f9 l&rsquo;on retrouve l&rsquo;id\u00e9e de rempart contre la mondialisation, de contrat social global&#8230;<\/p>\n<p>\u00a0<\/p>\n<p>\u00a0\u00a0\u00a0\u00a0\u00a0\u00a0\u00a0\u00a0\u00a0\u00a0\u00a0 En 1950, Fran\u00e7ais et Allemands se sont accord\u00e9s pour substituer le march\u00e9 \u00e0 la guerre. Le march\u00e9 a \u00e9t\u00e9 \u00e9rig\u00e9 en int\u00e9r\u00eat commun. Paradoxalement (ou pas?), son d\u00e9veloppement a induit l&rsquo;appr\u00e9hension de l&rsquo;environnement. Erig\u00e9e en facteur de prosp\u00e9rit\u00e9, la R\u00e9publique europ\u00e9enne embryonnaire se devait naturellement d&rsquo;endosser la gestion des d\u00e9g\u00e2ts du progr\u00e8s \u00e9conomique. C&rsquo;est pourquoi, de fa\u00e7on tr\u00e8s \u00ab\u00a0naturelle\u00a0\u00bb si l&rsquo;on peut dire, l&rsquo;environnement est devenu un bien commun, une composante de l&rsquo;int\u00e9r\u00eat g\u00e9n\u00e9ral europ\u00e9en notamment sous l&rsquo;impulsion de la Cour de Luxembourg. Ce faisant, l&rsquo;int\u00e9r\u00eat g\u00e9n\u00e9ral europ\u00e9en d&rsquo;\u00e9conomique est devenu \u00e9galement politique. Cette double finalit\u00e9 de la construction europ\u00e9enne avait d\u00e9j\u00e0 \u00e9t\u00e9 soulign\u00e9e par la Cour dans le fameux arr\u00eat \u00ab\u00a0Defrenne\u00a0\u00bb<a href=\"#_ftn6\" name=\"_ftnref6\">[6]<\/a> de 1976.<\/p>\t\t\t\t\t\t\t\t<\/div>\n\t\t\t\t<\/div>\n\t\t\t\t\t<\/div>\n\t\t<\/div>\n\t\t\t\t<div class=\"elementor-column elementor-col-50 elementor-top-column elementor-element elementor-element-1c69fe1 elementor-hidden-mobile\" data-id=\"1c69fe1\" data-element_type=\"column\" data-e-type=\"column\">\n\t\t\t<div class=\"elementor-widget-wrap elementor-element-populated\">\n\t\t\t\t\t\t<div class=\"elementor-element elementor-element-9411f71 elementor-widget-divider--view-line_text elementor-widget-divider--element-align-center elementor-widget elementor-widget-divider\" data-id=\"9411f71\" data-element_type=\"widget\" data-e-type=\"widget\" data-widget_type=\"divider.default\">\n\t\t\t\t<div class=\"elementor-widget-container\">\n\t\t\t\t\t\t\t<div class=\"elementor-divider\">\n\t\t\t<span class=\"elementor-divider-separator\">\n\t\t\t\t\t\t\t<p class=\"elementor-divider__text elementor-divider__element\">\n\t\t\t\tPage 3\t\t\t\t<\/p>\n\t\t\t\t\t\t<\/span>\n\t\t<\/div>\n\t\t\t\t\t\t<\/div>\n\t\t\t\t<\/div>\n\t\t\t\t<div class=\"elementor-element elementor-element-250ceba elementor-widget elementor-widget-text-editor\" data-id=\"250ceba\" data-element_type=\"widget\" data-e-type=\"widget\" data-widget_type=\"text-editor.default\">\n\t\t\t\t<div class=\"elementor-widget-container\">\n\t\t\t\t\t\t\t\t\t<p><a href=\"#_ftn6\">[6]\u00a0\u00a0\u00a0 \u00a0 \u00ab\u00a0<em>QUE, D&rsquo;AUTRE PART, CETTE DISPOSITION RELEVE DES&#8230;<\/em><\/a><\/p>\t\t\t\t\t\t\t\t<\/div>\n\t\t\t\t<\/div>\n\t\t\t\t\t<\/div>\n\t\t<\/div>\n\t\t\t\t\t<\/div>\n\t\t<\/section>\n\t\t\t\t<section data-particle_enable=\"false\" data-particle-mobile-disabled=\"false\" class=\"elementor-section elementor-top-section elementor-element elementor-element-7be6a4e elementor-section-boxed elementor-section-height-default elementor-section-height-default\" data-id=\"7be6a4e\" data-element_type=\"section\" data-e-type=\"section\">\n\t\t\t\t\t\t<div class=\"elementor-container elementor-column-gap-default\">\n\t\t\t\t\t<div class=\"elementor-column elementor-col-50 elementor-top-column elementor-element elementor-element-74ee9be\" data-id=\"74ee9be\" data-element_type=\"column\" data-e-type=\"column\">\n\t\t\t<div class=\"elementor-widget-wrap elementor-element-populated\">\n\t\t\t\t\t\t<div class=\"elementor-element elementor-element-bd6a745 elementor-widget elementor-widget-text-editor\" data-id=\"bd6a745\" data-element_type=\"widget\" data-e-type=\"widget\" data-widget_type=\"text-editor.default\">\n\t\t\t\t<div class=\"elementor-widget-container\">\n\t\t\t\t\t\t\t\t\t<p>\u00a0\u00a0\u00a0\u00a0\u00a0\u00a0\u00a0\u00a0\u00a0\u00a0\u00a0 Peu \u00e0 peu, en raison de l&rsquo;imp\u00e9rialisme de la Constitution \u00e9conomique<a href=\"#_ftn7\" name=\"_ftnref7\">[7]<\/a>, suite \u00e0 l&rsquo;arr\u00eat \u00ab\u00a0Dassonville\u00a0\u00bb<a href=\"#_ftn8\" name=\"_ftnref8\">[8]<\/a> notamment, les l\u00e9gislations environnementales ont \u00e9t\u00e9 saisies par le droit du march\u00e9 int\u00e9rieur. De mani\u00e8re classique, elles ont \u00e9t\u00e9 appel\u00e9es \u00e0 \u00ab\u00a0<em>se justifier ou \u00e0 se soumettre<\/em>\u00a0\u00bb<a href=\"#_ftn9\" name=\"_ftnref9\">[9]<\/a>. Un contentieux nourri en a r\u00e9sult\u00e9. Celui-ci a permis \u00e0 la Cour d&rsquo;\u00e9riger l&rsquo;environnement au rang de valeur d&rsquo;int\u00e9r\u00eat g\u00e9n\u00e9ral. Ce faisant, l&rsquo;environnement a b\u00e9n\u00e9fici\u00e9 des exceptions pr\u00e9vues par le trait\u00e9 et la jurisprudence.\u00a0 Cette s\u00e9quence pr\u00e9torienne a d\u00e9but\u00e9 avec le fameux arr\u00eat \u00ab\u00a0Cassis de Dijon\u00a0\u00bb<a href=\"#_ftn10\" name=\"_ftnref10\">[10]<\/a> jusqu&rsquo;\u00e0 l&rsquo;arr\u00eat \u00ab\u00a0Bouteilles danoises\u00a0\u00bb<a href=\"#_ftn11\" name=\"_ftnref11\">[11]<\/a> en passant par l&rsquo;arr\u00eat \u00ab\u00a0Br\u00fbleurs d&rsquo;huiles usag\u00e9es\u00a0\u00bb<a href=\"#_ftn12\" name=\"_ftnref12\">[12]<\/a> de 1985. L&rsquo;environnement a \u00e9t\u00e9 consid\u00e9r\u00e9 comme une exigence imp\u00e9rative d&rsquo;int\u00e9r\u00eat g\u00e9n\u00e9ral d\u00e8s 1980 par la Commission dans une communication interpr\u00e9tative<a href=\"#_ftn13\" name=\"_ftnref13\">[13]<\/a>. La Cour l&rsquo;a \u00e9rig\u00e9 en \u00ab\u00a0objectif d&rsquo;int\u00e9r\u00eat g\u00e9n\u00e9ral poursuivi par la Communaut\u00e9\u00a0\u00bb en 1985, soit un an avant son entr\u00e9e au sein de la \u00ab\u00a0Charte constitutionnelle\u00a0\u00bb. Conform\u00e9ment \u00e0 la dialectique classique int\u00e9gration n\u00e9gative\/int\u00e9gration positive, l&rsquo;environnement, d&rsquo;exception, s&rsquo;est n\u00e9cessairement mu\u00e9 en composante du march\u00e9 int\u00e9rieur<a href=\"#_ftn14\" name=\"_ftnref14\">[14]<\/a>, puis <em>in fine<\/em> en nouvelle comp\u00e9tence. En effet, ce ph\u00e9nom\u00e8ne a eu pour prolongement une extension des attributions de l&rsquo;UE illustrant le d\u00e9passement de la simple vocation \u00e9conomique.<\/p>\n<p>\u00a0<\/p>\n<p>\u00a0\u00a0\u00a0\u00a0\u00a0\u00a0\u00a0\u00a0\u00a0\u00a0\u00a0 Il s&rsquo;agit non seulement d&rsquo;une comp\u00e9tence mais aussi d&rsquo;un mode d&rsquo;exercice des comp\u00e9tences. En effet, l&rsquo;environnement, en vertu de l&rsquo;article 11 FUE, irrigue de mani\u00e8re transversale toutes les politiques de l&rsquo;Union. Par cons\u00e9quent, cette clause d&rsquo;int\u00e9gration traduit la volont\u00e9 de dompter le march\u00e9, d&rsquo;y ins\u00e9rer les pr\u00e9occupations des citoyens par une subsidiarit\u00e9 mat\u00e9rielle, substantielle. La Constitution \u00e9conomique est ainsi revisit\u00e9e au profit d&rsquo;une \u00e9conomie \u00ab\u00a0soucieuse\u00a0\u00bb du march\u00e9 et donc du bien commun, d&rsquo;une Charte constitutionnelle. Une mise en coh\u00e9rence, un nouvel \u00e9quilibre est recherch\u00e9(e) entre le march\u00e9 et l&rsquo;int\u00e9r\u00eat g\u00e9n\u00e9ral afin de fonder un Contrat social&#8230; et naturel.<\/p>\n<p>\u00a0<\/p>\n<p>\u00a0\u00a0\u00a0\u00a0\u00a0\u00a0\u00a0\u00a0\u00a0\u00a0\u00a0 Cette valse en quatre temps\u00a0: int\u00e9gration n\u00e9gative, int\u00e9gration positive, nouvelle comp\u00e9tence, et <em>last but not least<\/em>, clause transversale inaugur\u00e9e par l&rsquo;environnement se v\u00e9rifie pour d&rsquo;autres valeurs d&rsquo;int\u00e9r\u00eat g\u00e9n\u00e9ral comme la sant\u00e9 ou encore la protection des consommateurs. L&rsquo;environnement contribue \u00e0 \u00e9largir, \u00e0 globaliser l&rsquo;int\u00e9r\u00eat g\u00e9n\u00e9ral europ\u00e9en pour d\u00e9passer, transcender la seule dimension \u00e9conomique.<\/p>\n<p>\u00a0<\/p>\n<p>\u00a0\u00a0\u00a0\u00a0\u00a0\u00a0\u00a0\u00a0\u00a0\u00a0\u00a0 <em>De lege ferenda<\/em>, l&rsquo;octroi du label int\u00e9r\u00eat g\u00e9n\u00e9ral pourrait franchir une nouvelle \u00e9tape. Outre l&rsquo;imposition de limites au march\u00e9 <em>via<\/em> la d\u00e9rogation et la \u00ab\u00a0loi\u00a0\u00bb europ\u00e9enne, il pourrait justifier la cr\u00e9ation d&rsquo;un service public europ\u00e9en qui \u00e9chapperait en partie aux prescriptions de la Constitution \u00e9conomique<a href=\"#_ftn15\" name=\"_ftnref15\">[15]<\/a>. En tant que mission d&rsquo;int\u00e9r\u00eat g\u00e9n\u00e9ral, elle pourrait \u00eatre financ\u00e9e par un imp\u00f4t europ\u00e9en, par exemple, une taxe carbone europ\u00e9enne. Celle-ci pourrait s&rsquo;inspirer de la coop\u00e9ration renforc\u00e9e impuls\u00e9e par le couple franco-allemand en mati\u00e8re de taxe sur les transactions financi\u00e8res. Il pourrait s&rsquo;agir d&rsquo;une interaction vert&#8230;ueuse entre le droit de l&rsquo;UE et les droits nationaux. En effet, plusieurs Etats membres se sont dot\u00e9s d&rsquo;un instrument fiscal \u00e9cologique<a href=\"#_ftn16\" name=\"_ftnref16\">[16]<\/a>. Ce serait aussi la traduction du caract\u00e8re mixte de cet int\u00e9r\u00eat g\u00e9n\u00e9ral \u00e0 la fois europ\u00e9en et national. Toutefois, ceci suppose la prise de conscience de l&rsquo;existence d&rsquo;un int\u00e9r\u00eat commun. Les pr\u00e9misses d&rsquo;une telle solidarit\u00e9 entre Etats transparaissent de certains \u00e9l\u00e9ments du r\u00e9gime juridique des \u00e9nergies renouvelables. En effet, la directive 2009\/28 du 23 avril 2009 pr\u00e9voit diff\u00e9rentes formes de coop\u00e9ration, de partenariats public-public afin de soutenir ces \u00e9nergies<a href=\"#_ftn17\" name=\"_ftnref17\">[17]<\/a>. Ne s&rsquo;agit-il pas de formes de coop\u00e9ration loyale horizontale<a href=\"#_ftn18\" name=\"_ftnref18\">[18]<\/a>\u00a0? Celle-ci ne traduit-elle pas un f\u00e9d\u00e9ralisme coop\u00e9ratif<a href=\"#_ftn19\" name=\"_ftnref19\">[19]<\/a>\u00a0?<\/p>\t\t\t\t\t\t\t\t<\/div>\n\t\t\t\t<\/div>\n\t\t\t\t\t<\/div>\n\t\t<\/div>\n\t\t\t\t<div class=\"elementor-column elementor-col-50 elementor-top-column elementor-element elementor-element-6c2060a elementor-hidden-mobile\" data-id=\"6c2060a\" data-element_type=\"column\" data-e-type=\"column\">\n\t\t\t<div class=\"elementor-widget-wrap elementor-element-populated\">\n\t\t\t\t\t\t<div class=\"elementor-element elementor-element-562173e elementor-widget-divider--view-line_text elementor-widget-divider--element-align-center elementor-widget elementor-widget-divider\" data-id=\"562173e\" data-element_type=\"widget\" data-e-type=\"widget\" data-widget_type=\"divider.default\">\n\t\t\t\t<div class=\"elementor-widget-container\">\n\t\t\t\t\t\t\t<div class=\"elementor-divider\">\n\t\t\t<span class=\"elementor-divider-separator\">\n\t\t\t\t\t\t\t<p class=\"elementor-divider__text elementor-divider__element\">\n\t\t\t\tPage 4\t\t\t\t<\/p>\n\t\t\t\t\t\t<\/span>\n\t\t<\/div>\n\t\t\t\t\t\t<\/div>\n\t\t\t\t<\/div>\n\t\t\t\t<div class=\"elementor-element elementor-element-8457756 elementor-widget elementor-widget-text-editor\" data-id=\"8457756\" data-element_type=\"widget\" data-e-type=\"widget\" data-widget_type=\"text-editor.default\">\n\t\t\t\t<div class=\"elementor-widget-container\">\n\t\t\t\t\t\t\t\t\t<p><a href=\"#_ftn7\">[7]\u00a0\u00a0\u00a0 En raison d&rsquo;un double mouvement de centralisation et d&rsquo;extension.<\/a><\/p>\n<p><a href=\"#_ftn8\">[8] \u00a0\u00a0 A cet \u00e9gard, il convient de rappeler la conception large de la notion de&#8230;<\/a><\/p>\n<p><a href=\"#_ftn9\">[9]\u00a0\u00a0\u00a0 L.AZOULAY, \u00ab\u00a0L&rsquo;ordre concurrentiel et le droit communautaire\u00a0\u00bb, <em>M\u00e9langes&#8230;<\/em><\/a><\/p>\n<p><a href=\"#_ftn10\">[10]\u00a0\u00a0 CJCE, 20 f\u00e9vrier 1979, <em>Rewe Zentral<\/em>, aff. Cet arr\u00eat peut \u00eatre pr\u00e9sent\u00e9 comme&#8230;<\/a><\/p>\n<p><a href=\"#_ftn11...\">[11]\u00a0\u00a0 CJCE, 20 septembre 1988, <em>Commission\/Danemark<\/em>, aff. 302\/86&#8230;<\/a><\/p>\n<p><a href=\"#_ftn12\">[12]\u00a0\u00a0 CJCE, 7 f\u00e9vrier 1985, <em>ADBHU<\/em>, aff. 240\/83, Rec. p. 531.<\/a><\/p>\n<p><a href=\"#_ftn13\">[13] \u00a0 Communication de la Commission sur les suites de l&rsquo;arr\u00eat rendu par la Cour&#8230;<\/a><\/p>\n<p><a href=\"#_ftn14\">[14]\u00a0 \u00a0N&rsquo;oublions pas que l&rsquo;environnement est express\u00e9ment cit\u00e9 par l&rsquo;article 114 FUE.<\/a><\/p>\t\t\t\t\t\t\t\t<\/div>\n\t\t\t\t<\/div>\n\t\t\t\t<div class=\"elementor-element elementor-element-6a80584 elementor-absolute elementor-widget elementor-widget-text-editor\" data-id=\"6a80584\" data-element_type=\"widget\" data-e-type=\"widget\" data-settings=\"{&quot;_position&quot;:&quot;absolute&quot;}\" data-widget_type=\"text-editor.default\">\n\t\t\t\t<div class=\"elementor-widget-container\">\n\t\t\t\t\t\t\t\t\t<p><a href=\"#_ftn15\">[15]\u00a0\u00a0 En vertu de l&rsquo;article 106, \u00a7 2 TFUE, \u00ab\u00a0<em>Les entreprises charg\u00e9es de la gestion&#8230;<\/em><\/a><\/p>\n<p><a href=\"#_ftn16\">[16] \u00a0 Tel est le cas des Etats nordiques (Allemagne, Su\u00e8de) mais aussi de&#8230;<\/a><\/p>\n<p><a href=\"#_ftn17\">[17]\u00a0 Directive 2009\/28\/CE du Parlement europ\u00e9en et du Conseil du 23 avril&#8230;<\/a><\/p>\n<p><a href=\"#_ftn18\">[18]\u00a0\u00a0 L&rsquo;obligation de coop\u00e9ration loyale \u00ab\u00a0<em>n&rsquo;a plus lieu de jouer essentiellement&#8230;<\/em><\/a><\/p>\n<p><a href=\"#_ftn19\">[19] \u00a0 Selon la loi de participation d\u00e9gag\u00e9e par Georges Scelle. En outre, le principe&#8230;<\/a><\/p>\t\t\t\t\t\t\t\t<\/div>\n\t\t\t\t<\/div>\n\t\t\t\t\t<\/div>\n\t\t<\/div>\n\t\t\t\t\t<\/div>\n\t\t<\/section>\n\t\t\t\t<section data-particle_enable=\"false\" data-particle-mobile-disabled=\"false\" class=\"elementor-section elementor-top-section elementor-element elementor-element-e5dab81 elementor-section-boxed elementor-section-height-default elementor-section-height-default\" data-id=\"e5dab81\" data-element_type=\"section\" data-e-type=\"section\">\n\t\t\t\t\t\t<div class=\"elementor-container elementor-column-gap-default\">\n\t\t\t\t\t<div class=\"elementor-column elementor-col-50 elementor-top-column elementor-element elementor-element-b39865b\" data-id=\"b39865b\" data-element_type=\"column\" data-e-type=\"column\">\n\t\t\t<div class=\"elementor-widget-wrap elementor-element-populated\">\n\t\t\t\t\t\t<div class=\"elementor-element elementor-element-a56f386 elementor-widget elementor-widget-text-editor\" data-id=\"a56f386\" data-element_type=\"widget\" data-e-type=\"widget\" data-widget_type=\"text-editor.default\">\n\t\t\t\t<div class=\"elementor-widget-container\">\n\t\t\t\t\t\t\t\t\t<p>\u00a0\u00a0\u00a0\u00a0\u00a0\u00a0\u00a0\u00a0\u00a0\u00a0\u00a0 Autre manifestation de solidarit\u00e9, de loyaut\u00e9 horizontale\u00a0: le jumelage entre Etats membres avanc\u00e9s et Etats en retard dans la mise en \u0153uvre du corpus juridique commun propos\u00e9e par la gardienne de l&rsquo;int\u00e9r\u00eat g\u00e9n\u00e9ral europ\u00e9en dans le cadre du nouveau programme environnemental. Ce serait \u00e0 l&rsquo;\u00e9vidence une nouvelle manifestation du fait que l&rsquo;environnement constitue \u00e0 n&rsquo;en pas douter un v\u00e9ritable int\u00e9r\u00eat commun. L&rsquo;impact de l&rsquo;environnement sur la construction europ\u00e9enne ne se cantonne pas \u00e0 cette dimension.<\/p><p>\u00a0\u00a0\u00a0\u00a0\u00a0\u00a0\u00a0\u00a0\u00a0\u00a0\u00a0 L&rsquo;apport indirect de l&rsquo;environnement est probablement tout aussi important, voire plus important encore \u00e0 l&rsquo;aune de la critique lancinante et r\u00e9currente du d\u00e9ficit d\u00e9mocratique. En effet, qui dit <em>res publica<\/em>, dit n\u00e9cessairement <em>res populi<\/em>. L&rsquo;environnement, chose commune, implique l&rsquo;association de tous les citoyens dans sa gestion. D\u00e8s lors, l&rsquo;environnement exige une d\u00e9mocratisation renforc\u00e9e de la R\u00e9publique europ\u00e9enne (<strong>II<\/strong>). Il s&rsquo;agit l\u00e0 d&rsquo;un effet induit de l&rsquo;environnement.<\/p><h3>II- L&rsquo;environnement, vecteur de d\u00e9mocratisation de la<br \/>\u00ab R\u00e9publique \u00bb europ\u00e9enne<\/h3><p>\u00a0\u00a0\u00a0\u00a0\u00a0\u00a0\u00a0\u00a0\u00a0\u00a0\u00a0 L&rsquo;environnement est un v\u00e9ritable laboratoire juridique de la politisation de la construction europ\u00e9enne. L&rsquo;environnement est l&rsquo;affaire de tous, de tous les citoyens. C&rsquo;est pourquoi il constitue une v\u00e9ritable \u00e9cole de d\u00e9mocratie\u00a0: d\u00e9mocratisation proc\u00e9durale bien \u00e9videmment, mais aussi d\u00e9mocratisation substantielle.<\/p><h4>\u00a0\u00a0\u00a0\u00a0\u00a0\u00a0\u00a0\u00a0\u00a0\u00a0\u00a0 A) Une d\u00e9mocratisation substantielle<\/h4><p>\u00a0\u00a0\u00a0\u00a0\u00a0\u00a0\u00a0\u00a0\u00a0\u00a0\u00a0 L&rsquo;environnement a fait rapidement son entr\u00e9e dans la \u00ab\u00a0Charte constitutionnelle\u00a0\u00bb<a href=\"#_ftn20\" name=\"_ftnref20\">[20]<\/a>. Cette d\u00e9mocratisation se manifeste par l&rsquo;inscription de l&rsquo;environnement dans la \u00ab\u00a0Charte constitutionnelle\u00a0\u00bb de l&rsquo;UE. Rappelons que le droit constitutionnel n&rsquo;est rien d&rsquo;autre que la politique saisie par le droit. Telle est la d\u00e9finition donn\u00e9e par le Doyen Favoreu. Valeur commune, partag\u00e9e par les citoyens europ\u00e9ens, l&rsquo;environnement a vocation \u00e0 figurer dans le pacte fondamental dont se dotent les membres d&rsquo;une communaut\u00e9 politique. C&rsquo;est pourquoi hisser l&rsquo;environnement au sommet de la hi\u00e9rarchie des normes est devenu sinon banal du moins fr\u00e9quent pour de nombreux Etats membres de l&rsquo;UE<a href=\"#_ftn21\" name=\"_ftnref21\">[21]<\/a>. Comme on a pu le voir\u00a0:\u00a0 placer l&rsquo;environnement \u00e0 un rang aussi \u00e9minent permet de le placer sur un pied d&rsquo;\u00e9galit\u00e9 avec les objectifs classiquement \u00e9conomiques de l&rsquo;UE. Ceci favorise \u00e9galement une mise en coh\u00e9rence plut\u00f4t qu&rsquo;un raisonnement sur le mode principe\/exception dont l&rsquo;arr\u00eat <em>Albany<\/em> est symptomatique<a href=\"#_ftn22\" name=\"_ftnref22\">[22]<\/a>.<\/p>\t\t\t\t\t\t\t\t<\/div>\n\t\t\t\t<\/div>\n\t\t\t\t\t<\/div>\n\t\t<\/div>\n\t\t\t\t<div class=\"elementor-column elementor-col-50 elementor-top-column elementor-element elementor-element-4447317 elementor-hidden-mobile\" data-id=\"4447317\" data-element_type=\"column\" data-e-type=\"column\">\n\t\t\t<div class=\"elementor-widget-wrap elementor-element-populated\">\n\t\t\t\t\t\t<div class=\"elementor-element elementor-element-8508ca5 elementor-widget-divider--view-line_text elementor-widget-divider--element-align-center elementor-widget elementor-widget-divider\" data-id=\"8508ca5\" data-element_type=\"widget\" data-e-type=\"widget\" data-widget_type=\"divider.default\">\n\t\t\t\t<div class=\"elementor-widget-container\">\n\t\t\t\t\t\t\t<div class=\"elementor-divider\">\n\t\t\t<span class=\"elementor-divider-separator\">\n\t\t\t\t\t\t\t<p class=\"elementor-divider__text elementor-divider__element\">\n\t\t\t\tPage 5\t\t\t\t<\/p>\n\t\t\t\t\t\t<\/span>\n\t\t<\/div>\n\t\t\t\t\t\t<\/div>\n\t\t\t\t<\/div>\n\t\t\t\t<div class=\"elementor-element elementor-element-367cd38 elementor-widget elementor-widget-text-editor\" data-id=\"367cd38\" data-element_type=\"widget\" data-e-type=\"widget\" data-widget_type=\"text-editor.default\">\n\t\t\t\t<div class=\"elementor-widget-container\">\n\t\t\t\t\t\t\t\t\t<p><a href=\"#_ftn20\">[20] \u00a0 Selon la formule du fameux arr\u00eat&#8230; \u00ab Parti \u00e9cologiste \u201cLes Verts\u201d \u00bb. CJCE&#8230;<\/a><\/p>\n<p><a href=\"#_ftn21\">[21] \u00a0 Sur la constitutionnalisation de l&rsquo;environnement, parmi une&#8230;<\/a><\/p>\n<p><a href=\"#_ftn22\">[22]\u00a0\u00a0 CJ, 21 septembre 1999, <em>Albany<\/em>, aff. C-67\/96, Rec. p. I-5751. Ce n&rsquo;est plus&#8230;<\/a><\/p>\t\t\t\t\t\t\t\t<\/div>\n\t\t\t\t<\/div>\n\t\t\t\t\t<\/div>\n\t\t<\/div>\n\t\t\t\t\t<\/div>\n\t\t<\/section>\n\t\t\t\t<section data-particle_enable=\"false\" data-particle-mobile-disabled=\"false\" class=\"elementor-section elementor-top-section elementor-element elementor-element-f5bfb49 elementor-section-boxed elementor-section-height-default elementor-section-height-default\" data-id=\"f5bfb49\" data-element_type=\"section\" data-e-type=\"section\">\n\t\t\t\t\t\t<div class=\"elementor-container elementor-column-gap-default\">\n\t\t\t\t\t<div class=\"elementor-column elementor-col-50 elementor-top-column elementor-element elementor-element-3d476c3\" data-id=\"3d476c3\" data-element_type=\"column\" data-e-type=\"column\">\n\t\t\t<div class=\"elementor-widget-wrap elementor-element-populated\">\n\t\t\t\t\t\t<div class=\"elementor-element elementor-element-e6dfa8e elementor-widget elementor-widget-text-editor\" data-id=\"e6dfa8e\" data-element_type=\"widget\" data-e-type=\"widget\" data-widget_type=\"text-editor.default\">\n\t\t\t\t<div class=\"elementor-widget-container\">\n\t\t\t\t\t\t\t\t\t<p>\u00a0\u00a0\u00a0\u00a0\u00a0\u00a0\u00a0\u00a0\u00a0\u00a0\u00a0 Par cons\u00e9quent, le \u00ab\u00a0pouvoir conventionnel d\u00e9riv\u00e9\u00a0\u00bb a mis ses pas dans ceux des jurislateurs, notamment des constituants nationaux. En effet, il proc\u00e8de \u00e0 nouveau par appropriation, projection de valeurs nationales (droits de l&rsquo;homme, d\u00e9mocratie, Etat de droit, cit\u00e9s en tant que valeurs fondamentales \u00e0 l&rsquo;article 2 TUE). Ceci se comprend ais\u00e9ment. A l&rsquo;instar des droits de l&rsquo;homme, l&rsquo;environnement fait d\u00e9sormais partie du patrimoine constitutionnel europ\u00e9en (synth\u00e8se ou syncr\u00e9tisme op\u00e9r\u00e9 \u00e0 travers la notion de droit \u00e0 l&rsquo;environnement). De nombreux \u00c9tats dont l&rsquo;Allemagne et la France ont consacr\u00e9 l&rsquo;environnement tant sur le plan l\u00e9gislatif que constitutionnel. En sens inverse, le droit europ\u00e9en de l&rsquo;environnement a influenc\u00e9 la Charte fran\u00e7aise de l&rsquo;environnement. Il convient de relever l&rsquo;ombre port\u00e9e de l&rsquo;Europe sur la Charte fran\u00e7aise de l&rsquo;environnement selon un sch\u00e9ma circulaire refl\u00e9tant l&rsquo;interd\u00e9pendance des \u00e9chelons de pouvoirs de cette R\u00e9publique compos\u00e9e et composite. De m\u00eame, l&rsquo;Allemagne a inscrit l&rsquo;environnement suite \u00e0 la r\u00e9unification en 1994. En sens inverse, la constitutionnalisation au sein des Etats membres a nourri les d\u00e9bats relatifs \u00e0 la Charte des droits fondamentaux de l&rsquo;Union. En outre, une telle circularit\u00e9 peut \u00eatre source d&rsquo;\u00e9mulation profitable \u00e0 l&rsquo;environnement sur le mod\u00e8le de ce qui se produit d&rsquo;ores et d\u00e9j\u00e0 en mati\u00e8re de droits fondamentaux. D\u00e8s lors, l&rsquo;environnement constitue une illustration embl\u00e9matique de la <em>constitutionnalisation<\/em> de l&rsquo;Europe (mentionn\u00e9 d&rsquo;ailleurs dans la Charte des droits fondamentaux con\u00e7ue comme pr\u00e9ambule de la Constitution europ\u00e9enne). L&rsquo;environnement illustre \u00e0 merveille la \u00ab\u00a0<em>constitution compos\u00e9e<\/em>\u00a0\u00bb<a href=\"#_ftn23\" name=\"_ftnref23\">[23]<\/a> dont b\u00e9n\u00e9ficie la R\u00e9publique europ\u00e9enne.\u00a0<\/p>\n<p>\u00a0<\/p>\n<p>\u00a0\u00a0\u00a0\u00a0\u00a0\u00a0\u00a0\u00a0\u00a0\u00a0\u00a0 De mani\u00e8re m\u00e9diate, l&rsquo;<em>obiter<\/em> <em>dictum<\/em> de la Cour de Karlsruhe se v\u00e9rifie\u00a0: les \u00c9tats demeurent bel et bien les ma\u00eetres des trait\u00e9s\u00a0: \u00ab\u00a0<em>Herren der Vertr\u00e4ge<\/em>\u00a0\u00bb&#8230;<\/p>\n<p>\u00a0<\/p>\n<p>\u00a0\u00a0\u00a0\u00a0\u00a0\u00a0\u00a0\u00a0\u00a0\u00a0\u00a0 Une protection efficace de l&rsquo;environnement implique l&rsquo;octroi de nouveaux droits aux citoyens, de mieux les associer \u00e0 la prise de d\u00e9cision. L&rsquo;environnement induit donc une d\u00e9mocratisation proc\u00e9durale (B).<\/p>\n<p>\u00a0<\/p>\n<h4>\u00a0\u00a0\u00a0\u00a0\u00a0\u00a0\u00a0\u00a0\u00a0\u00a0\u00a0 B) Une d\u00e9mocratisation proc\u00e9durale<\/h4>\n<p>\u00a0<\/p>\n<p>\u00a0\u00a0\u00a0\u00a0\u00a0\u00a0\u00a0\u00a0\u00a0\u00a0\u00a0 L&rsquo;environnement, par essence droit (des) citoyen(s), implique une relecture des proc\u00e9dures dans les relations gouvernants\/gouvern\u00e9s. Ceci se v\u00e9rifie dans le cadre de la d\u00e9mocratie repr\u00e9sentative mais aussi participative.<\/p>\t\t\t\t\t\t\t\t<\/div>\n\t\t\t\t<\/div>\n\t\t\t\t\t<\/div>\n\t\t<\/div>\n\t\t\t\t<div class=\"elementor-column elementor-col-50 elementor-top-column elementor-element elementor-element-f61f129 elementor-hidden-mobile\" data-id=\"f61f129\" data-element_type=\"column\" data-e-type=\"column\">\n\t\t\t<div class=\"elementor-widget-wrap elementor-element-populated\">\n\t\t\t\t\t\t<div class=\"elementor-element elementor-element-a301130 elementor-widget-divider--view-line_text elementor-widget-divider--element-align-center elementor-widget elementor-widget-divider\" data-id=\"a301130\" data-element_type=\"widget\" data-e-type=\"widget\" data-widget_type=\"divider.default\">\n\t\t\t\t<div class=\"elementor-widget-container\">\n\t\t\t\t\t\t\t<div class=\"elementor-divider\">\n\t\t\t<span class=\"elementor-divider-separator\">\n\t\t\t\t\t\t\t<p class=\"elementor-divider__text elementor-divider__element\">\n\t\t\t\tPage 6\t\t\t\t<\/p>\n\t\t\t\t\t\t<\/span>\n\t\t<\/div>\n\t\t\t\t\t\t<\/div>\n\t\t\t\t<\/div>\n\t\t\t\t<div class=\"elementor-element elementor-element-c387ffa elementor-widget elementor-widget-text-editor\" data-id=\"c387ffa\" data-element_type=\"widget\" data-e-type=\"widget\" data-widget_type=\"text-editor.default\">\n\t\t\t\t<div class=\"elementor-widget-container\">\n\t\t\t\t\t\t\t\t\t<p><a href=\"#_ftn23\">[23]\u00a0\u00a0 F. MAYER et I. PERNICE, \u00ab\u00a0De la Constitution compos\u00e9e de l&rsquo;Europe\u00a0\u00bb<\/a>&#8230;<\/p>\t\t\t\t\t\t\t\t<\/div>\n\t\t\t\t<\/div>\n\t\t\t\t\t<\/div>\n\t\t<\/div>\n\t\t\t\t\t<\/div>\n\t\t<\/section>\n\t\t\t\t<section data-particle_enable=\"false\" data-particle-mobile-disabled=\"false\" class=\"elementor-section elementor-top-section elementor-element elementor-element-0f102e8 elementor-section-boxed elementor-section-height-default elementor-section-height-default\" data-id=\"0f102e8\" data-element_type=\"section\" data-e-type=\"section\">\n\t\t\t\t\t\t<div class=\"elementor-container elementor-column-gap-default\">\n\t\t\t\t\t<div class=\"elementor-column elementor-col-50 elementor-top-column elementor-element elementor-element-7f24a22\" data-id=\"7f24a22\" data-element_type=\"column\" data-e-type=\"column\">\n\t\t\t<div class=\"elementor-widget-wrap elementor-element-populated\">\n\t\t\t\t\t\t<div class=\"elementor-element elementor-element-6702140 elementor-widget elementor-widget-text-editor\" data-id=\"6702140\" data-element_type=\"widget\" data-e-type=\"widget\" data-widget_type=\"text-editor.default\">\n\t\t\t\t<div class=\"elementor-widget-container\">\n\t\t\t\t\t\t\t\t\t<p>\u00a0\u00a0\u00a0\u00a0\u00a0\u00a0\u00a0\u00a0\u00a0\u00a0\u00a0 L&rsquo;environnement a b\u00e9n\u00e9fici\u00e9 de la mont\u00e9e en puissance du Parlement europ\u00e9en, organe d\u00e9mocratique par excellence\u00a0: en raison de la pr\u00e9sence de groupes \u00e9cologistes \u00e9galement. Les pouvoirs l\u00e9gislatifs et de contr\u00f4le d\u00e9mocratique favorisent la prise en compte des pr\u00e9occupations \u00e9cologiques lors du processus l\u00e9gislatif par les n\u00e9gociations avec le Conseil (au titre de la politique de l&rsquo;environnement mais aussi dans le cadre des autres politiques en vertu de la cod\u00e9cision g\u00e9n\u00e9ralis\u00e9e sous le nom de proc\u00e9dure l\u00e9gislative ordinaire) mais aussi son \u00ab\u00a0initiative de l&rsquo;initiative\u00a0\u00bb. A cet \u00e9gard, outre la d\u00e9mocratie repr\u00e9sentative, l&rsquo;environnement a favoris\u00e9 et b\u00e9n\u00e9fici\u00e9 de l&rsquo;instauration de m\u00e9canismes de d\u00e9mocratie participative. Deux exemples peuvent \u00eatre rapidement pr\u00e9sent\u00e9s\u00a0: l&rsquo;un exog\u00e8ne, l&rsquo;autre endog\u00e8ne\u00a0:<\/p>\n<p>\u00a0<\/p>\n<p>\u00a0\u00a0\u00a0\u00a0\u00a0\u00a0\u00a0\u00a0\u00a0\u00a0\u00a0 Tout d&rsquo;abord, s&rsquo;agissant du facteur exog\u00e8ne\u00a0: tel est le cas bien \u00e9videmment du droit international de l&rsquo;environnement \u00e0 travers la Convention d&rsquo;Aarhus du 25 juin 1998 conclue par l&rsquo;Union. Celle-ci impose \u00ab\u00a0de l&rsquo;ext\u00e9rieur\u00a0\u00bb des exigences de \u00ab\u00a0d\u00e9mocratie d\u00e9lib\u00e9rative\u00a0\u00bb selon la formule de J\u00fcrgen Habermas. L&rsquo;environnement suppose d&rsquo;accro\u00eetre l&rsquo;influence des citoyens \u00e0 chacune des \u00e9tapes de la vie des normes\u00a0: dans leur \u00e9laboration, leur application et leur contestation.<\/p>\n<p>\u00a0<\/p>\n<p>\u00a0\u00a0\u00a0\u00a0\u00a0\u00a0\u00a0\u00a0\u00a0\u00a0\u00a0 Tel est le cas aussi de l&rsquo;initiative citoyenne europ\u00e9enne, sorte de droit de p\u00e9tition renforc\u00e9. Pour m\u00e9moire, en vertu de l&rsquo;article 11, \u00a7 4 TUE, un million de citoyens europ\u00e9ens peuvent inviter la Commission \u00e0 soumettre une proposition l\u00e9gislative. De fa\u00e7on significative, la premi\u00e8re initiative retenue concerne la protection de l&rsquo;environnement, plus pr\u00e9cis\u00e9ment le droit \u00e0 l&rsquo;eau<a href=\"#_ftn24\" name=\"_ftnref24\">[24]<\/a>. Il s&rsquo;agit de soustraire l&rsquo;eau au march\u00e9 et de proclamer son caract\u00e8re de bien public. Depuis lors, de nombreuses ICE ont \u00e9t\u00e9 d\u00e9pos\u00e9es en mati\u00e8re environnementale.<\/p>\n<p>\u00a0<\/p>\n<p>\u00a0\u00a0\u00a0\u00a0\u00a0\u00a0\u00a0\u00a0\u00a0\u00a0\u00a0 Ces perfectionnements d\u00e9mocratiques s&rsquo;av\u00e8rent pr\u00e9cieux alors que l&rsquo;UE doit adh\u00e9rer \u00e0 la CEDH conform\u00e9ment \u00e0 la r\u00e9vision op\u00e9r\u00e9e par le trait\u00e9 de Lisbonne. A l&rsquo;\u00e9vidence, la CEDH contribuera \u00e0 la d\u00e9mocratisation de la R\u00e9publique europ\u00e9enne tant du point de vue substantiel (art. 2, 8 et 10 CEDH) que proc\u00e9dural (art. 6 CEDH).<\/p>\n<p>\u00a0<\/p>\n<p>\u00a0\u00a0\u00a0\u00a0\u00a0\u00a0\u00a0\u00a0\u00a0\u00a0\u00a0 En guise de conclusion, la R\u00e9publique (europ\u00e9enne) est certainement le pire des syst\u00e8mes&#8230; \u00e0 l&rsquo;exception de tous les autres&#8230;<\/p>\t\t\t\t\t\t\t\t<\/div>\n\t\t\t\t<\/div>\n\t\t\t\t<div class=\"elementor-element elementor-element-dad3353 elementor-widget-divider--view-line elementor-widget elementor-widget-divider\" data-id=\"dad3353\" data-element_type=\"widget\" data-e-type=\"widget\" data-widget_type=\"divider.default\">\n\t\t\t\t<div class=\"elementor-widget-container\">\n\t\t\t\t\t\t\t<div class=\"elementor-divider\">\n\t\t\t<span class=\"elementor-divider-separator\">\n\t\t\t\t\t\t<\/span>\n\t\t<\/div>\n\t\t\t\t\t\t<\/div>\n\t\t\t\t<\/div>\n\t\t\t\t\t<\/div>\n\t\t<\/div>\n\t\t\t\t<div class=\"elementor-column elementor-col-50 elementor-top-column elementor-element elementor-element-ee6e06a elementor-hidden-mobile\" data-id=\"ee6e06a\" data-element_type=\"column\" data-e-type=\"column\">\n\t\t\t<div class=\"elementor-widget-wrap elementor-element-populated\">\n\t\t\t\t\t\t<div class=\"elementor-element elementor-element-603e982 elementor-widget-divider--view-line_text elementor-widget-divider--element-align-center elementor-widget elementor-widget-divider\" data-id=\"603e982\" data-element_type=\"widget\" data-e-type=\"widget\" data-widget_type=\"divider.default\">\n\t\t\t\t<div class=\"elementor-widget-container\">\n\t\t\t\t\t\t\t<div class=\"elementor-divider\">\n\t\t\t<span class=\"elementor-divider-separator\">\n\t\t\t\t\t\t\t<p class=\"elementor-divider__text elementor-divider__element\">\n\t\t\t\tPage 7\t\t\t\t<\/p>\n\t\t\t\t\t\t<\/span>\n\t\t<\/div>\n\t\t\t\t\t\t<\/div>\n\t\t\t\t<\/div>\n\t\t\t\t<div class=\"elementor-element elementor-element-045835c elementor-widget elementor-widget-text-editor\" data-id=\"045835c\" data-element_type=\"widget\" data-e-type=\"widget\" data-widget_type=\"text-editor.default\">\n\t\t\t\t<div class=\"elementor-widget-container\">\n\t\t\t\t\t\t\t\t\t<p><a href=\"#_ftn24\">[24] \u00a0 Le droit europ\u00e9en devrait exiger des gouvernements qu&rsquo;ils garantissent et&#8230;<\/a><\/p>\t\t\t\t\t\t\t\t<\/div>\n\t\t\t\t<\/div>\n\t\t\t\t\t<\/div>\n\t\t<\/div>\n\t\t\t\t\t<\/div>\n\t\t<\/section>\n\t\t\t\t<section data-particle_enable=\"false\" data-particle-mobile-disabled=\"false\" class=\"elementor-section elementor-top-section elementor-element elementor-element-00484d5 elementor-section-boxed elementor-section-height-default elementor-section-height-default\" data-id=\"00484d5\" data-element_type=\"section\" data-e-type=\"section\">\n\t\t\t\t\t\t<div class=\"elementor-container elementor-column-gap-default\">\n\t\t\t\t\t<div class=\"elementor-column elementor-col-50 elementor-top-column elementor-element elementor-element-a04bcbc\" data-id=\"a04bcbc\" data-element_type=\"column\" data-e-type=\"column\">\n\t\t\t<div class=\"elementor-widget-wrap elementor-element-populated\">\n\t\t\t\t\t\t<div class=\"elementor-element elementor-element-67eb900 elementor-widget elementor-widget-text-editor\" data-id=\"67eb900\" data-element_type=\"widget\" data-e-type=\"widget\" data-widget_type=\"text-editor.default\">\n\t\t\t\t<div class=\"elementor-widget-container\">\n\t\t\t\t\t\t\t\t\t<p><a href=\"#_ftnref1\" name=\"_ftn1\">[1]<\/a> R\u00e9publique fond\u00e9e sur le droit convient-il de rappeler. \u00ab\u00a0<em>Ath\u00e8nes produisit la sculpture, Rome \u00e9labora le droit. Paris inventa la r\u00e9volution, l&rsquo;Allemagne trouva le mysticisme. Et Lisbonne\u00a0? Lisbonne cr\u00e9a le fado<\/em>\u00a0\u00bb. E. de Queiros.<\/p>\n<p><a href=\"#_ftnref2\" name=\"_ftn2\">[2]<\/a> L. van MIDDELAAR, \u00ab\u00a0Oui, l&rsquo;Europe est politique\u00a0\u00bb, <em>Le Monde<\/em>, 25-26 mai 2014.<\/p>\n<p><a href=\"#_ftnref3\" name=\"_ftn3\">[3]<\/a>\u00a0\u00a0\u00a0 Selon la formule d&rsquo;Hannah Arendt. Le \u00ab\u00a0march\u00e9 commun\u00a0\u00bb de la pollution s&rsquo;est r\u00e9alis\u00e9 plus rapidement que son \u00e9quivalent \u00e9conomique&#8230;<\/p>\n<p><a href=\"#_ftnref4\" name=\"_ftn4\">[4]<\/a>\u00a0\u00a0\u00a0 Il s&rsquo;agit du crime organis\u00e9 ou encore de risques environnementaux tels que le changement climatique selon la formule de J\u00fcrgen Habermas. Voir J. HABERMAS,\u00a0<em>Apr\u00e8s l&rsquo;\u00c9tat-nation, une nouvelle constellation politique<\/em>, Fayard, Paris, 2000.<\/p>\n<p><a href=\"#_ftnref5\" name=\"_ftn5\">[5]<\/a>\u00a0\u00a0\u00a0 D. TURPIN, \u00ab\u00a0Mondialisation et normes juridiques: pour un nouveau contrat social global\u00a0\u00bb, <em>M\u00e9langes P. PACTET, L&rsquo;esprit des institutions, l&rsquo;\u00e9quilibre des pouvoirs<\/em>, Dalloz, Paris, 2003, p. 437.<\/p>\n<p><a href=\"#_ftnref6\" name=\"_ftn6\">[6]<\/a>\u00a0\u00a0\u00a0 \u00a0 \u00ab\u00a0<em>QUE, D&rsquo;AUTRE PART, CETTE DISPOSITION RELEVE DES OBJECTIFS SOCIAUX DE LA COMMUNAUTE, CELLE-CI NE SE LIMITANT PAS A UNE UNION ECONOMIQUE, MAIS DEVANT ASSURER EN MEME TEMPS, PAR UNE ACTION COMMUNE, LE PROGRES SOCIAL ET POURSUIVRE L&rsquo;AMELIORATION CONSTANTE DES CONDITIONS DE VIE ET D&rsquo;EMPLOI DES PEUPLES EUROPEENS, AINSI QU&rsquo;IL EST SOULIGNE PAR LE PREAMBULE DU TRAITE<\/em>\u00a0\u00bb. CJCE, 8 avril 1976, <em>Gabrielle Defrenne vs SABENA<\/em>, aff. 43\/75, Rec. p. 455, point 10.\u00a0<\/p>\n<p><a href=\"#_ftnref7\" name=\"_ftn7\">[7]<\/a>\u00a0\u00a0\u00a0 En raison d&rsquo;un double mouvement de centralisation et d&rsquo;extension.<\/p>\n<p><a href=\"#_ftnref8\" name=\"_ftn8\">[8]<\/a>\u00a0\u00a0\u00a0 A cet \u00e9gard, il convient de rappeler la conception large de la notion de MEERQ pos\u00e9e par cet arr\u00eat de principe. CJCE, 11 juillet 1974, <em>Dassonville<\/em>, aff. 8\/74, Rec. p. 837.<\/p>\n<p><a href=\"#_ftnref9\" name=\"_ftn9\">[9]<\/a>\u00a0\u00a0\u00a0 L.AZOULAY, \u00ab\u00a0L&rsquo;ordre concurrentiel et le droit communautaire\u00a0\u00bb, <em>M\u00e9langes Pirovano<\/em>, p. 277.<\/p>\n<p><a href=\"#_ftnref10\" name=\"_ftn10\">[10]<\/a>\u00a0\u00a0 CJCE, 20 f\u00e9vrier 1979, <em>Rewe Zentral<\/em>, aff. Cet arr\u00eat peut \u00eatre pr\u00e9sent\u00e9 comme un nouvel exemple de coop\u00e9ration franco-allemande bienvenue mais bien involontaire\u00a0!<\/p>\n<p><a href=\"#_ftnref11\" name=\"_ftn11\">[11]<\/a>\u00a0\u00a0 CJCE, 20 septembre 1988, <em>Commission\/Danemark<\/em>, aff. 302\/86, Rec. p. 4607.<\/p>\n<p><a href=\"#_ftnref12\" name=\"_ftn12\">[12]<\/a>\u00a0\u00a0 CJCE, 7 f\u00e9vrier 1985, <em>ADBHU<\/em>, aff. 240\/83, Rec. p. 531.<\/p>\n<p><a href=\"#_ftnref13\" name=\"_ftn13\">[13]<\/a>\u00a0\u00a0 Communication de la Commission sur les suites de l&rsquo;arr\u00eat rendu par la Cour de justice des Communaut\u00e9s europ\u00e9ennes, le 20 f\u00e9vrier 1979, dans l&rsquo;affaire 120-78 (Cassis de Dijon), Journal officiel n\u00b0 C 256 du 3 octobre 1980, p. 2.<\/p>\n<p><a href=\"#_ftnref14\" name=\"_ftn14\">[14]<\/a>\u00a0 \u00a0N&rsquo;oublions pas que l&rsquo;environnement est express\u00e9ment cit\u00e9 par l&rsquo;article 114 FUE.<\/p>\n<p><a href=\"#_ftnref15\" name=\"_ftn15\">[15]<\/a>\u00a0\u00a0 En vertu de l&rsquo;article 106, \u00a7 2 TFUE, \u00ab\u00a0<em>Les entreprises charg\u00e9es de la gestion de services d&rsquo;int\u00e9r\u00eat \u00e9conomique g\u00e9n\u00e9ral ou pre\u0301sentant le caracte\u0300re d&rsquo;un monopole fiscal sont soumises aux re\u0300gles des traite\u0301s, notamment aux re\u0300gles de concurrence, dans les limites ou\u0300 l&rsquo;application de ces re\u0300gles ne fait pas e\u0301chec a\u0300 l&rsquo;accomplissement en droit ou en fait de la mission particulie\u0300re qui leur a e\u0301te\u0301 impartie. Le de\u0301veloppement des e\u0301changes ne doit pas e<\/em><em>\u0302<\/em><em>tre affecte\u0301 dans une mesure contraire a\u0300 l&rsquo;inte\u0301re<\/em><em>\u0302<\/em><em>t de l&rsquo;Union<\/em><em>\u00a0<\/em>\u00bb.<\/p>\n<p><a href=\"#_ftnref16\" name=\"_ftn16\">[16]<\/a>\u00a0\u00a0 Tel est le cas des Etats nordiques (Allemagne, Su\u00e8de) mais aussi de mani\u00e8re plus r\u00e9cente plusieurs Etats d&rsquo;Europe centrale et orientale sans oublier le Portugal en 2013.<\/p>\n<p><a href=\"#_ftnref17\" name=\"_ftn17\">[17]<\/a>\u00a0 Directive 2009\/28\/CE du Parlement europ\u00e9en et du Conseil du 23\u00a0avril\u00a02009 relative \u00e0 la promotion de l\u2019utilisation de l\u2019\u00e9nergie produite \u00e0 partir de sources renouvelables et modifiant puis abrogeant les directives 2001\/77\/CE et 2003\/30\/CE, JOUE n\u00b0 L 140, 5 juin 2009, p. 16. Cette coop\u00e9ration entre puissances publiques, garantes de l&rsquo;int\u00e9r\u00eat g\u00e9n\u00e9ral, doit permettre de pallier les insuffisances du march\u00e9 en mutualisant les ressources financi\u00e8res et \u00e9nerg\u00e9tiques. En effet, certains \u00c9tats membres sont \u00ab\u00a0plus \u00e9gaux que d&rsquo;autres\u00a0\u00bb en mati\u00e8re d&rsquo;\u00e9nergies renouvelables (climat, choix technologiques). Ce faisant, le l\u00e9gislateur incite \u00e0 la mise en \u0153uvre du principe de coop\u00e9ration loyale qui comporte une dimension horizontale. Le droit de l&rsquo;environnement n&rsquo;est-il pas un droit de solidarit\u00e9, de l&rsquo;interd\u00e9pendance faisant ainsi \u00e9cho \u00e0 la D\u00e9claration Schumann\u00a0? A cet \u00e9gard, trois domaines de coop\u00e9ration sont pr\u00e9vus par la directive sur les \u00e9nergies renouvelables.<\/p>\n<p>\u00a0<\/p>\n<p>\u00a0\u00a0\u00a0\u00a0\u00a0\u00a0\u00a0\u00a0\u00a0\u00a0\u00a0 Tout d&rsquo;abord, des transferts statistiques sont pr\u00e9vus. Un \u00c9tat membre qui dispose d&rsquo;un exc\u00e9dent d&rsquo;\u00e9nergie renouvelable peut le revendre \u00e0 un autre \u00c9tat membre dont les co\u00fbts de production sont plus \u00e9lev\u00e9s. Il s&rsquo;agit donc bien de contrecarrer les obstacles issus du march\u00e9, de venir pallier le manque de comp\u00e9titivit\u00e9 \u00e9conomique.<\/p>\n<p>\u00a0<\/p>\n<p>\u00a0\u00a0\u00a0\u00a0\u00a0\u00a0\u00a0\u00a0\u00a0\u00a0\u00a0 Ensuite, un \u00c9tat membre peut cofinancer dans un autre \u00c9tat membre un projet d&rsquo;\u00e9nergie renouvelable pour une production statistiquement partag\u00e9e entre les deux. Il s&rsquo;agit en l&rsquo;esp\u00e8ce d&rsquo;un int\u00e9r\u00eat g\u00e9n\u00e9ral partag\u00e9, commun. Une telle initiative permet de conjuguer, de mutualiser les ressources financi\u00e8res.<\/p>\n<p>\u00a0<\/p>\n<p>\u00a0\u00a0\u00a0\u00a0\u00a0\u00a0\u00a0\u00a0\u00a0\u00a0\u00a0 Enfin, plusieurs \u00c9tats membres peuvent harmoniser en totalit\u00e9 ou en partie les r\u00e9gimes d&rsquo;aides qu&rsquo;ils accordent. Un effet de levier est bien \u00e9videmment recherch\u00e9 destin\u00e9 \u00e0 renforcer la comp\u00e9titivit\u00e9 des \u00e9nergies renouvelables. L&rsquo;objectif recherch\u00e9 est de dompter, canaliser le march\u00e9 dans un sens conforme au bien commun.<\/p>\n<p><a href=\"#_ftnref18\" name=\"_ftn18\">[18]<\/a>\u00a0\u00a0 L&rsquo;obligation de coop\u00e9ration loyale \u00ab\u00a0<em>n&rsquo;a plus lieu de jouer essentiellement dans un rapport vertical \u201cascendant\u201d entre les Etats membres et l&rsquo;Union mais aussi dans un rapport plus horizontal entre les Etats membres<\/em>\u00a0\u00bb. C. BLUMANN et L. DUBOUIS, <em>Droit institutionnel de l&rsquo;Union europ\u00e9enne<\/em>, Lexis Nexis, Paris, 2013, p. 114.<\/p>\n<p><a href=\"#_ftnref19\" name=\"_ftn19\">[19]<\/a>\u00a0\u00a0 Selon la loi de participation d\u00e9gag\u00e9e par Georges Scelle. En outre, le principe de coop\u00e9ration loyale a souvent \u00e9t\u00e9 rapproch\u00e9 de la <em>Bundestreue<\/em> (fid\u00e9lit\u00e9 f\u00e9d\u00e9rale) du droit allemand.<\/p>\n<p><a href=\"#_ftnref20\" name=\"_ftn20\">[20]<\/a>\u00a0\u00a0 Selon la formule du fameux arr\u00eat&#8230; \u00ab\u00a0Parti \u00e9cologiste \u201cLes Verts\u201d\u00a0\u00bb. CJCE, 23 avril 1986, <em>Parti \u00e9cologiste \u00ab\u00a0Les Verts\u00a0\u00bb\/Parlement europ\u00e9en<\/em>, aff. 294\/83, Rec. p. 1339.<\/p>\n<p><a href=\"#_ftnref21\" name=\"_ftn21\">[21]<\/a>\u00a0\u00a0 Sur la constitutionnalisation de l&rsquo;environnement, parmi une abondante bibliographie voir notamment\u00a0: L. BURGUORGUE-LARSEN, \u00ab\u00a0La protection constitutionnelle de l&rsquo;environnement en droit compar\u00e9\u00a0\u00bb, <em>Environnement<\/em>, 1<sup>er <\/sup>d\u00e9cembre 2012, pp. 59-66.<\/p>\n<p><a href=\"#_ftnref22\" name=\"_ftn22\">[22]<\/a>\u00a0\u00a0 CJ, 21 septembre 1999, <em>Albany<\/em>, aff. C-67\/96, Rec. p. I-5751. Ce n&rsquo;est plus l&rsquo;exception oppos\u00e9e au principe, \u00ab\u00a0<em>de nouvelles r\u00e8gles de conflit apparaissent, fond\u00e9es non plus sur la hi\u00e9rarchie mais sur la recherche de coh\u00e9rence<\/em>\u00a0\u00bb. L. AZOULAY, \u00ab\u00a0L&rsquo;ordre concurrentiel et le droit communautaire\u00a0\u00bb, <em>M\u00e9langes Pirovano<\/em>, Editions Frison-Roche, Paris, 2003, p. 277, spc. p. 298.<\/p>\n<p><a href=\"#_ftnref23\" name=\"_ftn23\">[23]<\/a>\u00a0\u00a0 F. MAYER et I. PERNICE, \u00ab\u00a0De la Constitution compos\u00e9e de l&rsquo;Europe\u00a0\u00bb, <em>RTDE<\/em>, 1<sup>er<\/sup> octobre 2010, pp. 623-647.<\/p>\n<p><a href=\"#_ftnref24\" name=\"_ftn24\">[24]<\/a>\u00a0\u00a0 Le droit europ\u00e9en devrait exiger des gouvernements qu&rsquo;ils garantissent et fournissent \u00e0 tous les citoyens l\u2019assainissement et de l\u2019eau saine et potable en suffisance. Nous demandons instamment que : 1. Les institutions europ\u00e9ennes et les \u00c9tats membres soient tenus de faire en sorte que tous les habitants jouissent du droit \u00e0 l&rsquo;eau et \u00e0 l&rsquo;assainissement. 2. L&rsquo;approvisionnement en eau et la gestion des ressources hydriques ne soient pas soumis aux \u00ab\u00a0r\u00e8gles du march\u00e9 int\u00e9rieur\u00a0\u00bb et que les services des eaux soient exclus de la lib\u00e9ralisation. 3. L&rsquo;Union europ\u00e9enne intensifie ses efforts pour r\u00e9aliser l&rsquo;acc\u00e8s universel \u00e0 l&rsquo;eau et \u00e0 l&rsquo;assainissement.<\/p>\t\t\t\t\t\t\t\t<\/div>\n\t\t\t\t<\/div>\n\t\t\t\t\t<\/div>\n\t\t<\/div>\n\t\t\t\t<div class=\"elementor-column elementor-col-50 elementor-top-column elementor-element elementor-element-947632a\" data-id=\"947632a\" data-element_type=\"column\" data-e-type=\"column\">\n\t\t\t<div class=\"elementor-widget-wrap\">\n\t\t\t\t\t\t\t<\/div>\n\t\t<\/div>\n\t\t\t\t\t<\/div>\n\t\t<\/section>\n\t\t\t\t<section data-particle_enable=\"false\" data-particle-mobile-disabled=\"false\" class=\"elementor-section elementor-top-section elementor-element elementor-element-cc956bb elementor-section-boxed elementor-section-height-default elementor-section-height-default\" data-id=\"cc956bb\" data-element_type=\"section\" data-e-type=\"section\">\n\t\t\t\t\t\t<div class=\"elementor-container elementor-column-gap-default\">\n\t\t\t\t\t<div class=\"elementor-column elementor-col-100 elementor-top-column elementor-element elementor-element-0375ca6\" data-id=\"0375ca6\" data-element_type=\"column\" data-e-type=\"column\">\n\t\t\t<div class=\"elementor-widget-wrap elementor-element-populated\">\n\t\t\t\t\t\t<div class=\"elementor-element elementor-element-df49d5c elementor-share-buttons--skin-boxed elementor-share-buttons--view-icon-text elementor-share-buttons--shape-square elementor-grid-0 elementor-share-buttons--color-official elementor-widget elementor-widget-share-buttons\" data-id=\"df49d5c\" data-element_type=\"widget\" data-e-type=\"widget\" data-widget_type=\"share-buttons.default\">\n\t\t\t\t<div class=\"elementor-widget-container\">\n\t\t\t\t\t\t\t<div class=\"elementor-grid\" role=\"list\">\n\t\t\t\t\t\t\t\t<div class=\"elementor-grid-item\" role=\"listitem\">\n\t\t\t\t\t\t<div class=\"elementor-share-btn elementor-share-btn_facebook\" role=\"button\" tabindex=\"0\" aria-label=\"Partager sur facebook\">\n\t\t\t\t\t\t\t\t\t\t\t\t\t\t\t<span class=\"elementor-share-btn__icon\">\n\t\t\t\t\t\t\t\t<i class=\"fab fa-facebook\" aria-hidden=\"true\"><\/i>\t\t\t\t\t\t\t<\/span>\n\t\t\t\t\t\t\t\t\t\t\t\t\t\t\t\t\t\t\t\t\t\t<div class=\"elementor-share-btn__text\">\n\t\t\t\t\t\t\t\t\t\t\t\t\t\t\t\t\t\t\t<span class=\"elementor-share-btn__title\">\n\t\t\t\t\t\t\t\t\t\tFacebook\t\t\t\t\t\t\t\t\t<\/span>\n\t\t\t\t\t\t\t\t\t\t\t\t\t\t\t\t\t<\/div>\n\t\t\t\t\t\t\t\t\t\t\t\t\t<\/div>\n\t\t\t\t\t<\/div>\n\t\t\t\t\t\t\t\t\t<div class=\"elementor-grid-item\" role=\"listitem\">\n\t\t\t\t\t\t<div class=\"elementor-share-btn elementor-share-btn_twitter\" role=\"button\" tabindex=\"0\" aria-label=\"Partager sur twitter\">\n\t\t\t\t\t\t\t\t\t\t\t\t\t\t\t<span class=\"elementor-share-btn__icon\">\n\t\t\t\t\t\t\t\t<i class=\"fab fa-twitter\" aria-hidden=\"true\"><\/i>\t\t\t\t\t\t\t<\/span>\n\t\t\t\t\t\t\t\t\t\t\t\t\t\t\t\t\t\t\t\t\t\t<div class=\"elementor-share-btn__text\">\n\t\t\t\t\t\t\t\t\t\t\t\t\t\t\t\t\t\t\t<span class=\"elementor-share-btn__title\">\n\t\t\t\t\t\t\t\t\t\tTwitter\t\t\t\t\t\t\t\t\t<\/span>\n\t\t\t\t\t\t\t\t\t\t\t\t\t\t\t\t\t<\/div>\n\t\t\t\t\t\t\t\t\t\t\t\t\t<\/div>\n\t\t\t\t\t<\/div>\n\t\t\t\t\t\t\t\t\t<div class=\"elementor-grid-item\" role=\"listitem\">\n\t\t\t\t\t\t<div class=\"elementor-share-btn elementor-share-btn_linkedin\" role=\"button\" tabindex=\"0\" aria-label=\"Partager sur linkedin\">\n\t\t\t\t\t\t\t\t\t\t\t\t\t\t\t<span class=\"elementor-share-btn__icon\">\n\t\t\t\t\t\t\t\t<i class=\"fab fa-linkedin\" aria-hidden=\"true\"><\/i>\t\t\t\t\t\t\t<\/span>\n\t\t\t\t\t\t\t\t\t\t\t\t\t\t\t\t\t\t\t\t\t\t<div class=\"elementor-share-btn__text\">\n\t\t\t\t\t\t\t\t\t\t\t\t\t\t\t\t\t\t\t<span class=\"elementor-share-btn__title\">\n\t\t\t\t\t\t\t\t\t\tLinkedIn\t\t\t\t\t\t\t\t\t<\/span>\n\t\t\t\t\t\t\t\t\t\t\t\t\t\t\t\t\t<\/div>\n\t\t\t\t\t\t\t\t\t\t\t\t\t<\/div>\n\t\t\t\t\t<\/div>\n\t\t\t\t\t\t<\/div>\n\t\t\t\t\t\t<\/div>\n\t\t\t\t<\/div>\n\t\t\t\t<div class=\"elementor-element elementor-element-cbf3633 elementor-widget-divider--separator-type-pattern elementor-widget-divider--no-spacing elementor-widget-divider--view-line elementor-widget elementor-widget-divider\" data-id=\"cbf3633\" data-element_type=\"widget\" data-e-type=\"widget\" data-widget_type=\"divider.default\">\n\t\t\t\t<div class=\"elementor-widget-container\">\n\t\t\t\t\t\t\t<div class=\"elementor-divider\" style=\"--divider-pattern-url: url(&quot;data:image\/svg+xml,%3Csvg xmlns=&#039;http:\/\/www.w3.org\/2000\/svg&#039; preserveAspectRatio=&#039;none&#039; overflow=&#039;visible&#039; height=&#039;100%&#039; viewBox=&#039;0 0 24 24&#039; fill=&#039;black&#039; stroke=&#039;none&#039;%3E%3Cpath d=&#039;M24,8v12H0V8H24z M24,4v1H0V4H24z&#039;\/%3E%3C\/svg%3E&quot;);\">\n\t\t\t<span class=\"elementor-divider-separator\">\n\t\t\t\t\t\t<\/span>\n\t\t<\/div>\n\t\t\t\t\t\t<\/div>\n\t\t\t\t<\/div>\n\t\t\t\t<div class=\"elementor-element elementor-element-bfa8397 elementor-widget elementor-widget-heading\" data-id=\"bfa8397\" data-element_type=\"widget\" data-e-type=\"widget\" data-widget_type=\"heading.default\">\n\t\t\t\t<div class=\"elementor-widget-container\">\n\t\t\t\t\t<h4 class=\"elementor-heading-title elementor-size-default\">D'autres articles<\/h4>\t\t\t\t<\/div>\n\t\t\t\t<\/div>\n\t\t\t\t<div class=\"elementor-element elementor-element-4ba1513 elementor-grid-1 elementor-posts--thumbnail-left elementor-grid-tablet-1 elementor-grid-mobile-1 elementor-widget elementor-widget-posts\" data-id=\"4ba1513\" data-element_type=\"widget\" data-e-type=\"widget\" data-settings=\"{&quot;classic_columns&quot;:&quot;1&quot;,&quot;classic_row_gap&quot;:{&quot;unit&quot;:&quot;px&quot;,&quot;size&quot;:20,&quot;sizes&quot;:[]},&quot;classic_columns_tablet&quot;:&quot;1&quot;,&quot;classic_columns_mobile&quot;:&quot;1&quot;,&quot;classic_row_gap_tablet&quot;:{&quot;unit&quot;:&quot;px&quot;,&quot;size&quot;:&quot;&quot;,&quot;sizes&quot;:[]},&quot;classic_row_gap_mobile&quot;:{&quot;unit&quot;:&quot;px&quot;,&quot;size&quot;:&quot;&quot;,&quot;sizes&quot;:[]}}\" data-widget_type=\"posts.classic\">\n\t\t\t\t<div class=\"elementor-widget-container\">\n\t\t\t\t\t\t\t<div class=\"elementor-posts-container elementor-posts elementor-posts--skin-classic elementor-grid\" role=\"list\">\n\t\t\t\t<article class=\"elementor-post elementor-grid-item post-2027 post type-post status-publish format-standard has-post-thumbnail hentry category-numero3\" role=\"listitem\">\n\t\t\t\t<a class=\"elementor-post__thumbnail__link\" href=\"https:\/\/m3c.universita.corsica\/lumi\/la-loi-toubon-et-la-loi-101-de-la-philosophie-au-droit-la-france-et-le-quebec-entre-republicanisme-et-liberalisme\/\" tabindex=\"-1\" >\n\t\t\t<div class=\"elementor-post__thumbnail\"><img fetchpriority=\"high\" decoding=\"async\" width=\"300\" height=\"169\" src=\"https:\/\/lumi.univ-corse.fr\/wp-content\/uploads\/2023\/12\/quebec-france-lumi-numero-3-300x169.jpg\" class=\"attachment-medium size-medium wp-image-2130\" alt=\"\" srcset=\"https:\/\/lumi.univ-corse.fr\/wp-content\/uploads\/2023\/12\/quebec-france-lumi-numero-3-300x169.jpg 300w, https:\/\/lumi.univ-corse.fr\/wp-content\/uploads\/2023\/12\/quebec-france-lumi-numero-3-1024x576.jpg 1024w, https:\/\/lumi.univ-corse.fr\/wp-content\/uploads\/2023\/12\/quebec-france-lumi-numero-3-768x432.jpg 768w, https:\/\/lumi.univ-corse.fr\/wp-content\/uploads\/2023\/12\/quebec-france-lumi-numero-3-1536x864.jpg 1536w, https:\/\/lumi.univ-corse.fr\/wp-content\/uploads\/2023\/12\/quebec-france-lumi-numero-3-2048x1152.jpg 2048w\" sizes=\"(max-width: 300px) 100vw, 300px\" \/><\/div>\n\t\t<\/a>\n\t\t\t\t<div class=\"elementor-post__text\">\n\t\t\t\t<h3 class=\"elementor-post__title\">\n\t\t\t<a href=\"https:\/\/m3c.universita.corsica\/lumi\/la-loi-toubon-et-la-loi-101-de-la-philosophie-au-droit-la-france-et-le-quebec-entre-republicanisme-et-liberalisme\/\" >\n\t\t\t\tLa Loi Toubon et la Loi 101 de la philosophie au droit : la France et le Qu\u00e9bec entre r\u00e9publicanisme et lib\u00e9ralisme\t\t\t<\/a>\n\t\t<\/h3>\n\t\t\t\t<div class=\"elementor-post__meta-data\">\n\t\t\t\t\t<span class=\"elementor-post-date\">\n\t\t\t9 d\u00e9cembre 2023\t\t<\/span>\n\t\t\t\t<\/div>\n\t\t\t\t<div class=\"elementor-post__excerpt\">\n\t\t\t<p>Comme les travaux men\u00e9s par Joseph-G. Turi \u00e0 la fin des ann\u00e9es 1980 l\u2019ont d\u00e9montr\u00e9, les l\u00e9gislations linguistiques qu\u00e9b\u00e9coise et fran\u00e7aise visaient toutes deux la cons\u00e9cration d\u2019une seule langue officielle, mais avaient fait l\u2019objet d\u2019interpr\u00e9tations plut\u00f4t favorables \u00e0 une langue autre[2]. Depuis&#8230;<\/p>\n\t\t<\/div>\n\t\t\t\t<\/div>\n\t\t\t\t<\/article>\n\t\t\t\t<article class=\"elementor-post elementor-grid-item post-2019 post type-post status-publish format-standard has-post-thumbnail hentry category-numero3\" role=\"listitem\">\n\t\t\t\t<a class=\"elementor-post__thumbnail__link\" href=\"https:\/\/m3c.universita.corsica\/lumi\/pasquale-paoli-et-sa-documentation-sur-les-regimes-mixtes-de-lantiquite\/\" tabindex=\"-1\" >\n\t\t\t<div class=\"elementor-post__thumbnail\"><img decoding=\"async\" width=\"300\" height=\"169\" src=\"https:\/\/lumi.univ-corse.fr\/wp-content\/uploads\/2023\/12\/republicanisme-corse-lumi-numero-3-300x169.jpg\" class=\"attachment-medium size-medium wp-image-2081\" alt=\"\" srcset=\"https:\/\/lumi.univ-corse.fr\/wp-content\/uploads\/2023\/12\/republicanisme-corse-lumi-numero-3-300x169.jpg 300w, https:\/\/lumi.univ-corse.fr\/wp-content\/uploads\/2023\/12\/republicanisme-corse-lumi-numero-3-1024x576.jpg 1024w, https:\/\/lumi.univ-corse.fr\/wp-content\/uploads\/2023\/12\/republicanisme-corse-lumi-numero-3-768x432.jpg 768w, https:\/\/lumi.univ-corse.fr\/wp-content\/uploads\/2023\/12\/republicanisme-corse-lumi-numero-3-1536x864.jpg 1536w, https:\/\/lumi.univ-corse.fr\/wp-content\/uploads\/2023\/12\/republicanisme-corse-lumi-numero-3-2048x1152.jpg 2048w\" sizes=\"(max-width: 300px) 100vw, 300px\" \/><\/div>\n\t\t<\/a>\n\t\t\t\t<div class=\"elementor-post__text\">\n\t\t\t\t<h3 class=\"elementor-post__title\">\n\t\t\t<a href=\"https:\/\/m3c.universita.corsica\/lumi\/pasquale-paoli-et-sa-documentation-sur-les-regimes-mixtes-de-lantiquite\/\" >\n\t\t\t\tPasquale Paoli et sa documentation sur les r\u00e9gimes mixtes de l\u2019Antiquit\u00e9\t\t\t<\/a>\n\t\t<\/h3>\n\t\t\t\t<div class=\"elementor-post__meta-data\">\n\t\t\t\t\t<span class=\"elementor-post-date\">\n\t\t\t9 d\u00e9cembre 2023\t\t<\/span>\n\t\t\t\t<\/div>\n\t\t\t\t<div class=\"elementor-post__excerpt\">\n\t\t\t<p>Qu\u2019est-ce que les r\u00e9volutionnaires corses du XVIIIe si\u00e8cle ont cherch\u00e9 dans la documentation antique \u00e0 propos des r\u00e9gimes mixtes et, surtout, qu\u2019y ont-ils trouv\u00e9\u00a0? C\u2019est une question que l\u2019on abordera en la circonscrivant \u00e0 des limites raisonnables, c\u2019est-\u00e0-dire \u00e0 un personnage, Pasquale Paoli, et \u00e0 sa&#8230;<\/p>\n\t\t<\/div>\n\t\t\t\t<\/div>\n\t\t\t\t<\/article>\n\t\t\t\t<article class=\"elementor-post elementor-grid-item post-2006 post type-post status-publish format-standard has-post-thumbnail hentry category-editorial3\" role=\"listitem\">\n\t\t\t\t<a class=\"elementor-post__thumbnail__link\" href=\"https:\/\/m3c.universita.corsica\/lumi\/__trashed-2\/\" tabindex=\"-1\" >\n\t\t\t<div class=\"elementor-post__thumbnail\"><img decoding=\"async\" width=\"300\" height=\"168\" src=\"https:\/\/lumi.univ-corse.fr\/wp-content\/uploads\/2023\/12\/echanges-vincent-peillon-lumi-numero-3-300x168.jpg\" class=\"attachment-medium size-medium wp-image-2147\" alt=\"\" srcset=\"https:\/\/lumi.univ-corse.fr\/wp-content\/uploads\/2023\/12\/echanges-vincent-peillon-lumi-numero-3-300x168.jpg 300w, https:\/\/lumi.univ-corse.fr\/wp-content\/uploads\/2023\/12\/echanges-vincent-peillon-lumi-numero-3-1024x575.jpg 1024w, https:\/\/lumi.univ-corse.fr\/wp-content\/uploads\/2023\/12\/echanges-vincent-peillon-lumi-numero-3-768x431.jpg 768w, https:\/\/lumi.univ-corse.fr\/wp-content\/uploads\/2023\/12\/echanges-vincent-peillon-lumi-numero-3.jpg 1058w\" sizes=\"(max-width: 300px) 100vw, 300px\" \/><\/div>\n\t\t<\/a>\n\t\t\t\t<div class=\"elementor-post__text\">\n\t\t\t\t<h3 class=\"elementor-post__title\">\n\t\t\t<a href=\"https:\/\/m3c.universita.corsica\/lumi\/__trashed-2\/\" >\n\t\t\t\t\u00c9changes avec Vincent Peillon\t\t\t<\/a>\n\t\t<\/h3>\n\t\t\t\t<div class=\"elementor-post__meta-data\">\n\t\t\t\t\t<span class=\"elementor-post-date\">\n\t\t\t8 d\u00e9cembre 2023\t\t<\/span>\n\t\t\t\t<\/div>\n\t\t\t\t<div class=\"elementor-post__excerpt\">\n\t\t\t<p>Jean-Guy TALAMONI<br \/>\nMerci, Vincent Peillon, pour cette conf\u00e9rence qui ouvre des pistes et pr\u00e9sente des id\u00e9es nouvelles, \u00e0 plusieurs titres. Il serait int\u00e9ressant qu\u2019il y ait un \u00e9change avec les coll\u00e8gues qui sont pr\u00e9sents \u00e0 ce colloque. D\u2019autant que&#8230;<\/p>\n\t\t<\/div>\n\t\t\t\t<\/div>\n\t\t\t\t<\/article>\n\t\t\t\t<\/div>\n\t\t\n\t\t\t\t\t\t<\/div>\n\t\t\t\t<\/div>\n\t\t\t\t\t<\/div>\n\t\t<\/div>\n\t\t\t\t\t<\/div>\n\t\t<\/section>\n\t\t\t\t<\/div>\n\t\t","protected":false},"excerpt":{"rendered":"<p>De prime abord, l&rsquo;id\u00e9e de R\u00e9publique est ontologiquement li\u00e9e \u00e0 l\u2019\u00c9tat. Pourtant, elle est aussi consubstantiellement li\u00e9e \u00e0 l&rsquo;Europe. En effet, de nombreux avatars peuvent \u00eatre d\u00e9cel\u00e9s \u00e0 travers les \u00e2ges\u00a0: de la R\u00e9publique romaine \u00e0 la \u00ab\u00a0R\u00e9publique des lettres\u00a0\u00bb en passant par la Res publica christiana m\u00e9di\u00e9vale. A l&rsquo;\u00e9vidence&#8230;<\/p>\n","protected":false},"author":34,"featured_media":2089,"comment_status":"closed","ping_status":"closed","sticky":false,"template":"","format":"standard","meta":{"_acf_changed":false,"footnotes":""},"categories":[20],"tags":[],"class_list":["post-1768","post","type-post","status-publish","format-standard","has-post-thumbnail","hentry","category-numero3"],"acf":[],"_links":{"self":[{"href":"https:\/\/m3c.universita.corsica\/lumi\/wp-json\/wp\/v2\/posts\/1768","targetHints":{"allow":["GET"]}}],"collection":[{"href":"https:\/\/m3c.universita.corsica\/lumi\/wp-json\/wp\/v2\/posts"}],"about":[{"href":"https:\/\/m3c.universita.corsica\/lumi\/wp-json\/wp\/v2\/types\/post"}],"author":[{"embeddable":true,"href":"https:\/\/m3c.universita.corsica\/lumi\/wp-json\/wp\/v2\/users\/34"}],"replies":[{"embeddable":true,"href":"https:\/\/m3c.universita.corsica\/lumi\/wp-json\/wp\/v2\/comments?post=1768"}],"version-history":[{"count":25,"href":"https:\/\/m3c.universita.corsica\/lumi\/wp-json\/wp\/v2\/posts\/1768\/revisions"}],"predecessor-version":[{"id":2294,"href":"https:\/\/m3c.universita.corsica\/lumi\/wp-json\/wp\/v2\/posts\/1768\/revisions\/2294"}],"wp:featuredmedia":[{"embeddable":true,"href":"https:\/\/m3c.universita.corsica\/lumi\/wp-json\/wp\/v2\/media\/2089"}],"wp:attachment":[{"href":"https:\/\/m3c.universita.corsica\/lumi\/wp-json\/wp\/v2\/media?parent=1768"}],"wp:term":[{"taxonomy":"category","embeddable":true,"href":"https:\/\/m3c.universita.corsica\/lumi\/wp-json\/wp\/v2\/categories?post=1768"},{"taxonomy":"post_tag","embeddable":true,"href":"https:\/\/m3c.universita.corsica\/lumi\/wp-json\/wp\/v2\/tags?post=1768"}],"curies":[{"name":"wp","href":"https:\/\/api.w.org\/{rel}","templated":true}]}}