{"id":1796,"date":"2023-11-18T21:04:49","date_gmt":"2023-11-18T21:04:49","guid":{"rendered":"https:\/\/m3c.universita.corsica\/lumi\/?p=1796"},"modified":"2023-12-11T20:31:01","modified_gmt":"2023-12-11T20:31:01","slug":"le-republicanisme-a-lepreuve-sous-la-seconde-republique-1848-1852-laffrontement-entre-une-vision-conservatrice-et-une-vision-democratique-et-sociale","status":"publish","type":"post","link":"https:\/\/m3c.universita.corsica\/lumi\/le-republicanisme-a-lepreuve-sous-la-seconde-republique-1848-1852-laffrontement-entre-une-vision-conservatrice-et-une-vision-democratique-et-sociale\/","title":{"rendered":"Le R\u00e9publicanisme \u00e0 l&rsquo;\u00e9preuve sous la seconde r\u00e9publique (1848-1852) : L&rsquo;affrontement entre une vision conservatrice et une vision d\u00e9mocratique et sociale"},"content":{"rendered":"\t\t<div data-elementor-type=\"wp-post\" data-elementor-id=\"1796\" class=\"elementor elementor-1796\" data-elementor-post-type=\"post\">\n\t\t\t\t\t\t<section data-particle_enable=\"false\" data-particle-mobile-disabled=\"false\" class=\"elementor-section elementor-top-section elementor-element elementor-element-5f0b97a elementor-section-full_width elementor-section-height-min-height elementor-section-height-default elementor-section-items-middle\" data-id=\"5f0b97a\" data-element_type=\"section\" data-e-type=\"section\" data-settings=\"{&quot;background_background&quot;:&quot;classic&quot;}\">\n\t\t\t\t\t\t<div class=\"elementor-container elementor-column-gap-default\">\n\t\t\t\t\t<div class=\"elementor-column elementor-col-100 elementor-top-column elementor-element elementor-element-c422e10\" data-id=\"c422e10\" data-element_type=\"column\" data-e-type=\"column\">\n\t\t\t<div class=\"elementor-widget-wrap\">\n\t\t\t\t\t\t\t<\/div>\n\t\t<\/div>\n\t\t\t\t\t<\/div>\n\t\t<\/section>\n\t\t\t\t<section data-particle_enable=\"false\" data-particle-mobile-disabled=\"false\" class=\"elementor-section elementor-top-section elementor-element elementor-element-78311e2 elementor-section-boxed elementor-section-height-default elementor-section-height-default\" data-id=\"78311e2\" data-element_type=\"section\" data-e-type=\"section\">\n\t\t\t\t\t\t<div class=\"elementor-container elementor-column-gap-default\">\n\t\t\t\t\t<div class=\"elementor-column elementor-col-100 elementor-top-column elementor-element elementor-element-3f325f5\" data-id=\"3f325f5\" data-element_type=\"column\" data-e-type=\"column\">\n\t\t\t<div class=\"elementor-widget-wrap elementor-element-populated\">\n\t\t\t\t\t\t<div class=\"elementor-element elementor-element-d395b36 elementor-widget elementor-widget-heading\" data-id=\"d395b36\" data-element_type=\"widget\" data-e-type=\"widget\" data-widget_type=\"heading.default\">\n\t\t\t\t<div class=\"elementor-widget-container\">\n\t\t\t\t\t<h1 class=\"elementor-heading-title elementor-size-default\">Le R\u00e9publicanisme \u00e0 l&rsquo;\u00e9preuve sous la seconde r\u00e9publique (1848-1852) : L&rsquo;affrontement entre une vision conservatrice et une vision d\u00e9mocratique et sociale<\/h1>\t\t\t\t<\/div>\n\t\t\t\t<\/div>\n\t\t\t\t<div class=\"elementor-element elementor-element-626ea71 elementor-author-box--name-yes elementor-author-box--biography-yes elementor-author-box--link-no elementor-widget elementor-widget-author-box\" data-id=\"626ea71\" data-element_type=\"widget\" data-e-type=\"widget\" data-widget_type=\"author-box.default\">\n\t\t\t\t<div class=\"elementor-widget-container\">\n\t\t\t\t\t\t\t<div class=\"elementor-author-box\">\n\t\t\t\n\t\t\t<div class=\"elementor-author-box__text\">\n\t\t\t\t\t\t\t\t\t<div >\n\t\t\t\t\t\t<h4 class=\"elementor-author-box__name\">\n\t\t\t\t\t\t\tDavid Stefanelly\t\t\t\t\t\t<\/h4>\n\t\t\t\t\t<\/div>\n\t\t\t\t\n\t\t\t\t\t\t\t\t\t<div class=\"elementor-author-box__bio\">\n\t\t\t\t\t\tEHESS\t\t\t\t\t<\/div>\n\t\t\t\t\n\t\t\t\t\t\t\t<\/div>\n\t\t<\/div>\n\t\t\t\t\t\t<\/div>\n\t\t\t\t<\/div>\n\t\t\t\t<div class=\"elementor-element elementor-element-4875c9e elementor-align-left elementor-widget elementor-widget-button\" data-id=\"4875c9e\" data-element_type=\"widget\" data-e-type=\"widget\" data-widget_type=\"button.default\">\n\t\t\t\t<div class=\"elementor-widget-container\">\n\t\t\t\t\t\t\t\t\t<div class=\"elementor-button-wrapper\">\n\t\t\t\t\t<a class=\"elementor-button elementor-button-link elementor-size-sm\" href=\"\/lumi\/wp-content\/uploads\/2023\/12\/DEFIN.-RELU-PAT-David-STEFANELLY-Article_corrigC3A9_rouge_rC3A9publicanisme_C3A0_-UTF-8QlC3A9preuve_sous_la_Seconde_RC3A9publique-Copie.pdf\" target=\"_blank\">\n\t\t\t\t\t\t<span class=\"elementor-button-content-wrapper\">\n\t\t\t\t\t\t<span class=\"elementor-button-icon\">\n\t\t\t\t<i aria-hidden=\"true\" class=\"fas fa-file-download\"><\/i>\t\t\t<\/span>\n\t\t\t\t\t\t\t\t\t<span class=\"elementor-button-text\">Visionner \/ T\u00e9l\u00e9charger la version PDF<\/span>\n\t\t\t\t\t<\/span>\n\t\t\t\t\t<\/a>\n\t\t\t\t<\/div>\n\t\t\t\t\t\t\t\t<\/div>\n\t\t\t\t<\/div>\n\t\t\t\t\t<\/div>\n\t\t<\/div>\n\t\t\t\t\t<\/div>\n\t\t<\/section>\n\t\t\t\t<section data-particle_enable=\"false\" data-particle-mobile-disabled=\"false\" class=\"elementor-section elementor-top-section elementor-element elementor-element-55f2337 elementor-section-boxed elementor-section-height-default elementor-section-height-default\" data-id=\"55f2337\" data-element_type=\"section\" data-e-type=\"section\">\n\t\t\t\t\t\t<div class=\"elementor-container elementor-column-gap-default\">\n\t\t\t\t\t<div class=\"elementor-column elementor-col-50 elementor-top-column elementor-element elementor-element-ce625dc\" data-id=\"ce625dc\" data-element_type=\"column\" data-e-type=\"column\">\n\t\t\t<div class=\"elementor-widget-wrap elementor-element-populated\">\n\t\t\t\t\t\t<div class=\"elementor-element elementor-element-18337e31 elementor-widget elementor-widget-text-editor\" data-id=\"18337e31\" data-element_type=\"widget\" data-e-type=\"widget\" data-widget_type=\"text-editor.default\">\n\t\t\t\t<div class=\"elementor-widget-container\">\n\t\t\t\t\t\t\t\t\t<p>La R\u00e9publique est un terme polys\u00e9mique. Le dictionnaire <em>Larousse<\/em> la qualifie de \u00ab\u00a0forme d\u2019organisation politique dans laquelle les d\u00e9tenteurs du pouvoir l\u2019exercent en vertu d\u2019un mandat conf\u00e9r\u00e9 par le corps social\u00a0\u00bb.<\/p><p>La Seconde R\u00e9publique, qui s\u2019installe \u00e0 l\u2019issue de la r\u00e9volution des 22, 23 et 24 f\u00e9vrier 1848 en raison de la progression des id\u00e9es r\u00e9publicaines et du discr\u00e9dit des solutions concurrentes (l\u00e9gitimisme, orl\u00e9anisme, bonapartisme), suscite de profondes divergences. \u00c0 partir de juin 1848, dans le contexte de la suppression des ateliers nationaux, destin\u00e9s \u00e0 offrir aux ch\u00f4meurs des travaux publics d\u2019importance secondaire pour les occuper et les r\u00e9mun\u00e9rer, deux visions de la R\u00e9publique s\u2019affrontent\u00a0: les tenants d\u2019une R\u00e9publique d\u00e9mocratique et sociale s\u2019opposent aux d\u00e9fenseurs d\u2019une R\u00e9publique conservatrice ou mod\u00e9r\u00e9e, ce qui attise les conflits sur le sens de la R\u00e9publique.<\/p><p>Pour \u00e9tudier cette opposition, qui se solde par la disparition de la Seconde R\u00e9publique en 1852, nous nous appuierons sur l\u2019action des l\u00e9gitimistes<a href=\"#_ftn1\" name=\"_ftnref1\">[1]<\/a>, de retour au premier plan \u00e0 l\u2019issue des \u00e9lections constituantes en avril 1848 puis l\u00e9gislatives en mai 1849 et qui, faute de mieux, d\u00e9fendent la R\u00e9publique conservatrice \u00e0 l\u2019int\u00e9rieur du parti de l\u2019Ordre, ainsi que sur des travaux r\u00e9cents qui renouvellent la recherche historique sur la p\u00e9riode<a href=\"#_ftn2\" name=\"_ftnref2\">[2]<\/a>.<\/p><h3>La R\u00e9publique de F\u00e9vrier 1848, deux conceptions de la R\u00e9publique \u00e0 l\u2019\u0153uvre<\/h3><p>La notion de R\u00e9publique est ancienne et ne date pas de 1848<a href=\"#_ftn3\" name=\"_ftnref3\">[3]<\/a>. Une partie du mouvement lib\u00e9ral, apparu sous la Restauration en opposition \u00e0 la r\u00e9action ultra-royaliste et attach\u00e9 aux principes de 1789, acc\u00e8de au pouvoir en 1830 et instaure la Monarchie de Juillet. Il met en pratique le gouvernement repr\u00e9sentatif auquel il associe la libert\u00e9. Celle-ci est mise au service du bon gouvernement de la soci\u00e9t\u00e9 et s\u2019applique dans le domaine de la presse ou encore dans celui des \u00e9lections. L\u2019\u00a0\u00ab\u00a0apprentissage de la politique moderne\u00a0\u00bb<a href=\"#_ftn4\" name=\"_ftnref4\">[4]<\/a> s\u2019effectue gr\u00e2ce \u00e0 l\u2019\u00e9largissement du corps \u00e9lectoral pour les \u00e9lections du conseil municipal et de la Garde nationale. Dans ce contexte de libert\u00e9, un mouvement r\u00e9publicain porteur d\u2019un projet alternatif appara\u00eet et exprime des critiques \u00e0 l\u2019encontre du syst\u00e8me en place. Structur\u00e9 autour d\u2019associations comme la Soci\u00e9t\u00e9 des droits de l\u2019homme, il se montre sensible \u00e0 la question ouvri\u00e8re et revendique une r\u00e9elle repr\u00e9sentation. Un ouvrier horloger saint-simonien, Charles B\u00e9ranger, pr\u00e9sente en 1831 une p\u00e9tition \u00e0 la Chambre des d\u00e9put\u00e9s pour d\u00e9noncer une mauvaise repr\u00e9sentativit\u00e9 des parlementaires et le mensonge du pouvoir sur sa volont\u00e9 de promouvoir les capacit\u00e9s\u00a0:<\/p><blockquote><h5>\u00ab\u00a0On avait passablement parl\u00e9 du r\u00e8gne des capacit\u00e9s. Or, je me disais\u00a0: Sans doute chacun <em>sera class\u00e9 suivant sa capacit\u00e9<\/em>, et <em>r\u00e9tribu\u00e9 selon ses \u0153uvres<\/em>. Simple que j\u2019\u00e9tais\u00a0!\u00a0\u00bb<a href=\"#_ftn5\" name=\"_ftnref5\">[5]<\/a><\/h5><\/blockquote><p>La campagne pour la r\u00e9forme \u00e9lectorale de 1838-1841, combattue par Adolphe Thiers alors pr\u00e9sident du Conseil, permet l\u2019affirmation d\u2019une conception de la R\u00e9publique qui associe suffrage universel et \u00e9mancipation des travailleurs. Fran\u00e7ois Arago, physicien membre de l\u2019Acad\u00e9mie des sciences et d\u00e9put\u00e9 de l\u2019opposition radicale, s\u2019inscrit dans cette approche dans son discours du 16 mai 1840 o\u00f9 il souligne l\u2019exclusion politique et l\u2019exploitation \u00e9conomique dont sont victimes les ouvriers et la n\u00e9cessit\u00e9 d\u2019instaurer un suffrage universel \u00e9mancipateur\u00a0:<\/p><blockquote><h5>\u00ab\u00a0Je dis qu\u2019il y a, dans la population, une partie consid\u00e9rable qui est priv\u00e9e de toute esp\u00e8ce de droits politiques, et qui non seulement est la plus nombreuse, mais encore qui paie la masse la plus consid\u00e9rable dans les contributions de l\u2019\u00c9tat. [\u2026] Il y a, Messieurs, dans notre pays une classe de la population qui souffre beaucoup. Elle souffre \u00e0 tel point qu\u2019elle est tortur\u00e9e par la mis\u00e8re et la faim. <em>(Vive interruption.) <\/em>[\u2026] cette partie de la population est plus particuli\u00e8rement la population manufacturi\u00e8re. [\u2026]<\/h5><h5>Tant que la r\u00e9forme n\u2019aura pas \u00e9t\u00e9 introduite dans le pays, tant qu\u2019on pourra appeler cette chambre, \u00e0 tort ou \u00e0 raison, une chambre de monopole, les classes ouvri\u00e8res qui souffrent, je vous ai prouv\u00e9 qu\u2019elles souffrent et qu\u2019elles souffrent violemment, qu\u2019elles sont souvent tortur\u00e9es par la faim <em>(Exclamations, la phrase reste en suspens)<\/em>. [\u2026] Les classes ouvri\u00e8res se sentent humili\u00e9es de l\u2019esp\u00e8ce d\u2019ilotisme politique <em>(violents murmures)<\/em> dans lequel le mode actuel des \u00e9lections les place. [\u2026] La r\u00e9volution de 1830 a \u00e9t\u00e9 faite <em>par le peuple<\/em>\u00a0; fermons la bouche \u00e0 ceux qui disent qu\u2019elle n\u2019a pas \u00e9t\u00e9 faite <em>pour le peuple<\/em>.\u00a0\u00bb<a href=\"#_ftn6\" name=\"_ftnref6\">[6]<\/a><\/h5><\/blockquote>\t\t\t\t\t\t\t\t<\/div>\n\t\t\t\t<\/div>\n\t\t\t\t\t<\/div>\n\t\t<\/div>\n\t\t\t\t<div class=\"elementor-column elementor-col-50 elementor-top-column elementor-element elementor-element-904266d elementor-hidden-mobile\" data-id=\"904266d\" data-element_type=\"column\" data-e-type=\"column\">\n\t\t\t<div class=\"elementor-widget-wrap elementor-element-populated\">\n\t\t\t\t\t\t<div class=\"elementor-element elementor-element-4927a11 elementor-widget-divider--view-line_text elementor-widget-divider--element-align-center elementor-widget elementor-widget-divider\" data-id=\"4927a11\" data-element_type=\"widget\" data-e-type=\"widget\" data-widget_type=\"divider.default\">\n\t\t\t\t<div class=\"elementor-widget-container\">\n\t\t\t\t\t\t\t<div class=\"elementor-divider\">\n\t\t\t<span class=\"elementor-divider-separator\">\n\t\t\t\t\t\t\t<p class=\"elementor-divider__text elementor-divider__element\">\n\t\t\t\tPage 1\t\t\t\t<\/p>\n\t\t\t\t\t\t<\/span>\n\t\t<\/div>\n\t\t\t\t\t\t<\/div>\n\t\t\t\t<\/div>\n\t\t\t\t<div class=\"elementor-element elementor-element-70078f5 elementor-widget elementor-widget-text-editor\" data-id=\"70078f5\" data-element_type=\"widget\" data-e-type=\"widget\" data-widget_type=\"text-editor.default\">\n\t\t\t\t<div class=\"elementor-widget-container\">\n\t\t\t\t\t\t\t\t\t<p><a href=\"#_ftn1\">[1] David STEFANELLY, <em>Affirmation puis effacement du mouvement l\u00e9gitimiste&#8230;<\/em><\/a><\/p><p><a href=\"#_ftn2\">[2] Samuel HAYAT, <em>1848, quand la R\u00e9publique \u00e9tait r\u00e9volutionnaire. Citoyennet\u00e9&#8230;<\/em><\/a><\/p><p><a href=\"#_ftn3\">[3] Claude NICOLET, <em>L\u2019Id\u00e9e r\u00e9publicaine en France (1789-1924), Essai d\u2019histoire&#8230;<\/em><\/a><\/p><p><a href=\"#_ftn4\">[4] Christine GUIONNET, <em>L\u2019apprentissage de la politique moderne : les \u00e9lections&#8230;<\/em><\/a><\/p>\t\t\t\t\t\t\t\t<\/div>\n\t\t\t\t<\/div>\n\t\t\t\t<div class=\"elementor-element elementor-element-6acfba0 elementor-widget elementor-widget-text-editor\" data-id=\"6acfba0\" data-element_type=\"widget\" data-e-type=\"widget\" data-widget_type=\"text-editor.default\">\n\t\t\t\t<div class=\"elementor-widget-container\">\n\t\t\t\t\t\t\t\t\t<p><a href=\"#_ftn5\">[5] Charles BERANGER, <em>P\u00e9tition d\u2019un prol\u00e9taire \u00e0 la Chambre des d\u00e9put\u00e9s<\/em> (extrait du&#8230;<\/a><\/p>\t\t\t\t\t\t\t\t<\/div>\n\t\t\t\t<\/div>\n\t\t\t\t<div class=\"elementor-element elementor-element-8026454 elementor-absolute elementor-widget elementor-widget-text-editor\" data-id=\"8026454\" data-element_type=\"widget\" data-e-type=\"widget\" data-settings=\"{&quot;_position&quot;:&quot;absolute&quot;}\" data-widget_type=\"text-editor.default\">\n\t\t\t\t<div class=\"elementor-widget-container\">\n\t\t\t\t\t\t\t\t\t<p><a href=\"#_ftn6\">[6] <em>Le Moniteur universel<\/em>, n\u00b0138, 17 mai 1840, p. 1080-1081<\/a><\/p>\t\t\t\t\t\t\t\t<\/div>\n\t\t\t\t<\/div>\n\t\t\t\t\t<\/div>\n\t\t<\/div>\n\t\t\t\t\t<\/div>\n\t\t<\/section>\n\t\t\t\t<section data-particle_enable=\"false\" data-particle-mobile-disabled=\"false\" class=\"elementor-section elementor-top-section elementor-element elementor-element-c1abc68 elementor-section-boxed elementor-section-height-default elementor-section-height-default\" data-id=\"c1abc68\" data-element_type=\"section\" data-e-type=\"section\">\n\t\t\t\t\t\t<div class=\"elementor-container elementor-column-gap-default\">\n\t\t\t\t\t<div class=\"elementor-column elementor-col-50 elementor-top-column elementor-element elementor-element-7a9a67d\" data-id=\"7a9a67d\" data-element_type=\"column\" data-e-type=\"column\">\n\t\t\t<div class=\"elementor-widget-wrap elementor-element-populated\">\n\t\t\t\t\t\t<div class=\"elementor-element elementor-element-ebb1dba elementor-widget elementor-widget-text-editor\" data-id=\"ebb1dba\" data-element_type=\"widget\" data-e-type=\"widget\" data-widget_type=\"text-editor.default\">\n\t\t\t\t<div class=\"elementor-widget-container\">\n\t\t\t\t\t\t\t\t\t<p>La R\u00e9publique de F\u00e9vrier 1848 n\u2019est pas un r\u00e9gime de transition mais un moment d\u2019exp\u00e9rimentation d\u2019un syst\u00e8me pluriel dans lequel les citoyens sont acteurs de la vie publique gr\u00e2ce au passage d\u2019une forme de \u00ab\u00a0repr\u00e9sentation exclusive\u00a0\u00bb, typique de la monarchie de Juillet, \u00e0 une \u00ab\u00a0repr\u00e9sentation inclusive\u00a0\u00bb<a href=\"#_ftn7\" name=\"_ftnref7\">[7]<\/a> et \u00e0 la cr\u00e9ation de nombreuses instances. La formation du Gouvernement provisoire est subordonn\u00e9e aux insurg\u00e9s parisiens. La r\u00e9organisation de la Garde nationale par l\u2019\u00e9lection des officiers permet l\u2019\u00e9mergence de \u00ab\u00a0citoyens-combattants\u00a0\u00bb<a href=\"#_ftn8\" name=\"_ftnref8\">[8]<\/a>. La Commission du Luxembourg, dont la mission est de r\u00e9fl\u00e9chir et de proposer une nouvelle organisation du travail, t\u00e9moigne de l\u2019int\u00e9gration des ouvriers \u00e0 la sph\u00e8re publique et de la prise en compte des pr\u00e9occupations sociales. Les formes d\u2019expression se d\u00e9veloppent gr\u00e2ce \u00e0 la multiplication des mouvements clubistes et des journaux. La citoyennet\u00e9 se transforme donc et ne se limite plus \u00e0 celle du gouvernement repr\u00e9sentatif comme c\u2019\u00e9tait le cas dans le r\u00e9gime pr\u00e9c\u00e9dent m\u00eame si les femmes, les \u00e9trangers et, \u00e0 un degr\u00e9 moindre, les citoyens de province forment trois cat\u00e9gories d\u2019exclus.<\/p><p>Pour autant, les institutions de la R\u00e9publique de F\u00e9vrier sont l\u2019objet de controverses. Les mandats des institutions de repr\u00e9sentation du peuple suscitent des interpr\u00e9tations divergentes, qui s\u2019enracinent dans les deux conceptions de la R\u00e9publique n\u00e9es dans le r\u00e9gime pr\u00e9c\u00e9dent et qui coexistent alors dans le nouveau r\u00e9gime politique. La majorit\u00e9 des membres du Gouvernement provisoire entend r\u00e9tablir l\u2019ordre et assurer l\u2019organisation des \u00e9lections d\u2019une Constituante mais se heurte \u00e0 des chefs clubistes qui aspirent \u00e0 une transformation sociale massive. Dans le second num\u00e9ro de son journal, <em>L\u2019Ami du peuple<\/em>, le 28 f\u00e9vrier, Raspail r\u00e9dige un article en faveur d\u2019un gouvernement qui joue le r\u00f4le d\u2019une autorit\u00e9 r\u00e9volutionnaire\u00a0:<\/p><blockquote><h5>\u00ab\u00a0Nous avons entendu vainement ces trois grands jours, pour nous orienter sur les tendances du gouvernement provisoire de la R\u00e9publique fran\u00e7aise\u00a0: il nous semble qu\u2019il a de la peine \u00e0 se d\u00e9faire des habitudes de l\u2019ex-chambre des d\u00e9put\u00e9s. Ce n\u2019est plus le temps des phrases et de tous ces longs parlages parlementaires\u00a0; une R\u00e9publique qui n\u2019agit pas \u00e0 toutes les heures est morte\u00a0; elle ne donne signe de vie qu\u2019\u00e0 soixante pulsations par minute. Que faites-vous donc, citoyens membres du gouvernement provisoire\u00a0? Vous avez tout \u00e0 r\u00e9organiser, et nul de vous n\u2019est \u00e0 son poste [\u2026]. Nulle id\u00e9e, nul acte qui vous d\u00e9voile au peuple\u00a0! Vous lui administrez de l\u2019opium \u00e0 hautes doses\u00a0; et voil\u00e0 tout.\u00a0\u00bb<a href=\"#_ftn9\" name=\"_ftnref9\">[9]<\/a><\/h5><\/blockquote><p>Le r\u00f4le de la Garde nationale suscite la controverse. D\u2019un c\u00f4t\u00e9, elle est pr\u00e9sent\u00e9e comme le peuple en armes et donc la seule habilit\u00e9e \u00e0 garantir l\u2019ordre. D\u2019un autre c\u00f4t\u00e9, elle est per\u00e7ue comme une institution de simples citoyens, charg\u00e9e du maintien de l\u2019ordre en compagnie d\u2019autres corps d\u2019arm\u00e9e permanents (unit\u00e9s de police, arm\u00e9e, Garde nationale mobile). La Commission du Luxembourg voit s\u2019opposer deux visions quant \u00e0 sa fonction. La premi\u00e8re, partag\u00e9e par une majorit\u00e9 des membres du Gouvernement provisoire et par son pr\u00e9sident Louis Blanc, la voit comme un simple lieu de r\u00e9flexion \u00e9conomique, charg\u00e9 de transmettre des propositions \u00e0 la future assembl\u00e9e, une \u00ab\u00a0synagogue socialiste\u00a0\u00bb<a href=\"#_ftn10\" name=\"_ftnref10\">[10]<\/a>. La deuxi\u00e8me, n\u00e9e de l\u2019investissement et du travail des d\u00e9l\u00e9gu\u00e9s ouvriers, vise \u00e0 en faire une instance in\u00e9dite de repr\u00e9sentation et d\u2019organisation autonome des travailleurs. Enfin, la presse et les clubs de Paris suscitent des divergences chez les r\u00e9publicains. Les uns ne les per\u00e7oivent que comme un lieu de discussion. Les autres d\u00e9sirent en faire des lieux d\u2019action collective et des acteurs de la pr\u00e9paration des \u00e9lections. C\u2019est le cas de Raspail qui, dans un article de <em>L\u2019Ami du peuple<\/em>, le 23 mars 1848, pr\u00e9sente le r\u00f4le actif des clubs dans les \u00e9lections\u00a0:<\/p><blockquote><h5>\u00ab\u00a0Le jour des \u00e9lections approche\u00a0; les coteries se remuent\u00a0; le patriotisme ne doit pas rester en d\u00e9faut. Que tout patriote soit \u00e0 son poste, et qu\u2019il pr\u00e9pare son vote par la discussion des titres de candidats. [\u2026] Nommez des travailleurs, bons et braves camarades. [\u2026] C\u2019est dans les clubs surtout que doivent se pr\u00e9parer les \u00e9lections\u00a0; et c\u2019est l\u00e0 qu\u2019on doit indiquer \u00e0 chaque citoyen les formalit\u00e9s \u00e0 remplir, pour que chacun arrive en temps opportun \u00e0 d\u00e9poser son vote dans l\u2019urne \u00e9lectorale.\u00a0\u00bb<a href=\"#_ftn11\" name=\"_ftnref11\">[11]<\/a><\/h5><\/blockquote><p>Les tensions n\u00e9es des m\u00e9sententes sur le r\u00f4le des institutions de la R\u00e9publique de F\u00e9vrier s\u2019expriment lors des trois manifestations du printemps 1848, le 17 mars, le 16 avril et le 15 mai. L\u2019affrontement entre deux conceptions oppos\u00e9es de la R\u00e9publique, l\u2019une mod\u00e9r\u00e9e et conservatrice, l\u2019autre d\u00e9mocratique et sociale, en germe depuis les d\u00e9buts du nouveau r\u00e9gime, se met en place.<\/p>\t\t\t\t\t\t\t\t<\/div>\n\t\t\t\t<\/div>\n\t\t\t\t\t<\/div>\n\t\t<\/div>\n\t\t\t\t<div class=\"elementor-column elementor-col-50 elementor-top-column elementor-element elementor-element-7028208 elementor-hidden-mobile\" data-id=\"7028208\" data-element_type=\"column\" data-e-type=\"column\">\n\t\t\t<div class=\"elementor-widget-wrap elementor-element-populated\">\n\t\t\t\t\t\t<div class=\"elementor-element elementor-element-0482133 elementor-widget-divider--view-line_text elementor-widget-divider--element-align-center elementor-widget elementor-widget-divider\" data-id=\"0482133\" data-element_type=\"widget\" data-e-type=\"widget\" data-widget_type=\"divider.default\">\n\t\t\t\t<div class=\"elementor-widget-container\">\n\t\t\t\t\t\t\t<div class=\"elementor-divider\">\n\t\t\t<span class=\"elementor-divider-separator\">\n\t\t\t\t\t\t\t<p class=\"elementor-divider__text elementor-divider__element\">\n\t\t\t\tPage 2\t\t\t\t<\/p>\n\t\t\t\t\t\t<\/span>\n\t\t<\/div>\n\t\t\t\t\t\t<\/div>\n\t\t\t\t<\/div>\n\t\t\t\t<div class=\"elementor-element elementor-element-6e06e5d elementor-widget elementor-widget-text-editor\" data-id=\"6e06e5d\" data-element_type=\"widget\" data-e-type=\"widget\" data-widget_type=\"text-editor.default\">\n\t\t\t\t<div class=\"elementor-widget-container\">\n\t\t\t\t\t\t\t\t\t<p><a href=\"#_ftn7\">[7] Samuel HAYAT, \u00ab\u00a0La repr\u00e9sentation inclusive\u00a0\u00bb, <em>Raisons politiques<\/em>, n\u00b050, 2013, p. 115-135<\/a><\/p><p><a href=\"#_ftn8\">[8] Louis HINCKER, <em>Citoyens-combattants \u00e0 Paris, 1848-1851<\/em>, Villeneuve-d\u2019Ascq&#8230;<\/a><\/p>\t\t\t\t\t\t\t\t<\/div>\n\t\t\t\t<\/div>\n\t\t\t\t<div class=\"elementor-element elementor-element-f2810d2 elementor-widget elementor-widget-text-editor\" data-id=\"f2810d2\" data-element_type=\"widget\" data-e-type=\"widget\" data-widget_type=\"text-editor.default\">\n\t\t\t\t<div class=\"elementor-widget-container\">\n\t\t\t\t\t\t\t\t\t<p><a href=\"#_ftn9\">[9] <em>L\u2019Ami du peuple<\/em>, n\u00b0 2, 28 f\u00e9vrier 1848<\/a><\/p>\t\t\t\t\t\t\t\t<\/div>\n\t\t\t\t<\/div>\n\t\t\t\t<div class=\"elementor-element elementor-element-2c31dfd elementor-widget elementor-widget-text-editor\" data-id=\"2c31dfd\" data-element_type=\"widget\" data-e-type=\"widget\" data-widget_type=\"text-editor.default\">\n\t\t\t\t<div class=\"elementor-widget-container\">\n\t\t\t\t\t\t\t\t\t<p><a href=\"#_ftn10\">[10] Karl MARX, <em>Les luttes de classes en France<\/em>, Paris, Gallimard, 2007 [1850], p. 20<\/a><\/p>\t\t\t\t\t\t\t\t<\/div>\n\t\t\t\t<\/div>\n\t\t\t\t<div class=\"elementor-element elementor-element-291ab83 elementor-widget elementor-widget-text-editor\" data-id=\"291ab83\" data-element_type=\"widget\" data-e-type=\"widget\" data-widget_type=\"text-editor.default\">\n\t\t\t\t<div class=\"elementor-widget-container\">\n\t\t\t\t\t\t\t\t\t<p><a href=\"#_ftn11\">[11] <em>L\u2019Ami du peuple<\/em>, n\u00b06, 23 mars 1848<\/a><\/p>\t\t\t\t\t\t\t\t<\/div>\n\t\t\t\t<\/div>\n\t\t\t\t\t<\/div>\n\t\t<\/div>\n\t\t\t\t\t<\/div>\n\t\t<\/section>\n\t\t\t\t<section data-particle_enable=\"false\" data-particle-mobile-disabled=\"false\" class=\"elementor-section elementor-top-section elementor-element elementor-element-c7f271b elementor-section-boxed elementor-section-height-default elementor-section-height-default\" data-id=\"c7f271b\" data-element_type=\"section\" data-e-type=\"section\">\n\t\t\t\t\t\t<div class=\"elementor-container elementor-column-gap-default\">\n\t\t\t\t\t<div class=\"elementor-column elementor-col-50 elementor-top-column elementor-element elementor-element-997be46\" data-id=\"997be46\" data-element_type=\"column\" data-e-type=\"column\">\n\t\t\t<div class=\"elementor-widget-wrap elementor-element-populated\">\n\t\t\t\t\t\t<div class=\"elementor-element elementor-element-abd03e2 elementor-widget elementor-widget-text-editor\" data-id=\"abd03e2\" data-element_type=\"widget\" data-e-type=\"widget\" data-widget_type=\"text-editor.default\">\n\t\t\t\t<div class=\"elementor-widget-container\">\n\t\t\t\t\t\t\t\t\t<p>La journ\u00e9e du 17 mars permet aux d\u00e9l\u00e9gu\u00e9s des clubs et des corporations de se pr\u00e9senter comme les porte-paroles des ouvriers repr\u00e9sent\u00e9s aupr\u00e8s du Gouvernement provisoire. Dans un article publi\u00e9 dans <em>Le Populaire<\/em>, le 17 mars, Cabet veut profiter de la manifestation pour rappeler le Gouvernement provisoire \u00e0 ses devoirs aupr\u00e8s des ouvriers\u00a0:<\/p><blockquote><h5>\u00ab\u00a0Nous allons donc demander au Gouvernement provisoire\u00a0: 1\u00b0 l\u2019\u00e9loignement des troupes\u00a0; 2\u00b0 l\u2019ajournement des \u00e9lections pour la Garde nationale jusqu\u2019au 5 avril\u00a0; 3\u00b0 et l\u2019ajournement des \u00e9lections pour l\u2019Assembl\u00e9e nationale jusqu\u2019au 31 mai. Nous formerons cette demande sans haine et sans menaces, comme des citoyens qui connaissent leurs devoirs et leurs droits. Puisse le Gouvernement provisoire acc\u00e9der \u00e0 nos v\u0153ux. Puisse-t-il, fid\u00e8le \u00e0 ses engagements, comprenant toute la grandeur de sa mission r\u00e9volutionnaire et humanitaire, s\u2019appuyant r\u00e9solument sur le Peuple, ne laisser d\u00e9sormais aucune inqui\u00e9tude aux amis de la R\u00e9publique, comme aucune esp\u00e9rance \u00e0 ses ennemis.\u00a0\u00bb<a href=\"#_ftn12\" name=\"_ftnref12\">[12]<\/a><\/h5><\/blockquote><p>D\u00e9sormais, les deux visions antagonistes de la R\u00e9publique se font face. Le ministre de l\u2019Int\u00e9rieur Ledru-Rollin incarne la R\u00e9publique d\u00e9mocratique et sociale dans ses circulaires qui visent \u00e0 nommer des commissaires du gouvernement qui \u00e9clairent le peuple dans les provinces, \u00e0 \u00e9carter les opportunistes et les repr\u00e9sentants du r\u00e9gime pr\u00e9c\u00e9dent et \u00e0 promouvoir une politique d\u2019\u00e9ducation r\u00e9publicaine. La r\u00e9volution de f\u00e9vrier 1848 est alors per\u00e7ue comme le point de d\u00e9part de la transformation r\u00e9publicaine du pays, non le point final\u00a0:<\/p><blockquote><h5>\u00ab\u00a0Cette Assembl\u00e9e doit incessamment travailler \u00e0 fonder solidairement l\u2019\u00e9difice de la soci\u00e9t\u00e9 r\u00e9publicaine. Elle doit porter une main hardie sur les institutions oppressives et condamn\u00e9es, ne reculer devant aucune des cons\u00e9quences de la r\u00e9volution, entra\u00eener le pays par la grandeur de ses r\u00e9solutions, et, s\u2019il le faut, briser sans m\u00e9nagement toutes les r\u00e9sistances. Le salut de la France est \u00e0 ce prix. Or, cette mission difficile et dangereuse ne peut \u00eatre confi\u00e9e qu\u2019\u00e0 des mandataires libres de tout engagement avec le pass\u00e9, sup\u00e9rieurs \u00e0 toute faiblesse, pr\u00e9par\u00e9s \u00e0 verser le sang pour le triomphe complet de la sainte cause du peuple\u00a0! Sachez bien que la R\u00e9publique n\u2019est pas dans de vaines d\u00e9clarations, non plus que dans un changement de personnes. Elle n\u2019existera vraiment que lorsque, gr\u00e2ce \u00e0 l\u2019intervention de tous les citoyens dans les affaires publiques, la volont\u00e9, l\u2019int\u00e9r\u00eat, les besoins du plus grand nombre recevront leur l\u00e9gitime satisfaction.\u00a0\u00bb<a href=\"#_ftn13\" name=\"_ftnref13\">[13]<\/a><\/h5><\/blockquote><p>Cette conception de la R\u00e9publique n\u2019est pas partag\u00e9e par tous les r\u00e9publicains, notamment Lamartine qui d\u00e9fend une approche mod\u00e9r\u00e9e du nouveau r\u00e9gime selon laquelle tout se r\u00e9sume \u00e0 l\u2019instauration du suffrage universel \u00e0 la place du suffrage censitaire\u00a0:<\/p><blockquote><h5>\u00ab\u00a0La loi \u00e9lectorale provisoire que nous avons faite est la plus large qui, chez aucun peuple de la terre, ait jamais convoqu\u00e9 le peuple \u00e0 l\u2019exercice du supr\u00eame droit de l\u2019homme, sa propre souverainet\u00e9. L\u2019\u00e9lection appartient \u00e0 tous sans exception. \u00c0 dater de cette loi, il n\u2019y a plus de prol\u00e9taires en France. Tout Fran\u00e7ais en \u00e2ge viril est citoyen politique. Tout citoyen est \u00e9lecteur. Tout \u00e9lecteur est souverain. Le droit est \u00e9gal et absolu pour tous. Il n\u2019y a pas un citoyen qui puisse dire \u00e0 l\u2019autre\u00a0: \u00ab\u00a0Tu es plus souverain que moi\u00a0!\u00a0\u00bb Contemplez votre puissance, pr\u00e9parez-vous \u00e0 l\u2019exercer, et soyez dignes d\u2019entrer en possession de votre r\u00e8gne\u00a0!\u00a0\u00bb<a href=\"#_ftn14\" name=\"_ftnref14\">[14]<\/a><\/h5><\/blockquote><p>Si, au 17 mars, le d\u00e9bat entre les deux r\u00e9publiques n\u2019est pas tranch\u00e9, le 16 avril, journ\u00e9e durant laquelle une contre-manifestation bourgeoise succ\u00e8de \u00e0 une manifestation ouvri\u00e8re, marque l\u2019\u00e9chec de la R\u00e9publique d\u00e9mocratique et sociale. La R\u00e9publique de F\u00e9vrier est remise en cause parce que la conception mod\u00e9r\u00e9e l\u2019emporte. La Garde nationale devient un outil de l\u2019ordre au service de l\u2019\u00c9tat. La Commission du Luxembourg est remplac\u00e9e par une simple commission parlementaire domin\u00e9e par les conservateurs et son rapporteur l\u00e9gitimiste le comte de Falloux. Les clubs et les journaux, victimes de mesures restrictives et d\u2019attaques virulentes, ne peuvent plus \u00eatre que de simples lieux de discussion. Leur fr\u00e9quentation diminue rapidement. Le Gouvernement provisoire, quant \u00e0 lui, n\u2019est pas une autorit\u00e9 r\u00e9volutionnaire mais se montre soucieux du l\u00e9galisme face aux manifestants\u00a0:<\/p><blockquote><h5>\u00ab\u00a0La journ\u00e9e d\u2019hier n\u2019a fait qu\u2019ajouter une cons\u00e9cration nouvelle \u00e0 ce qu\u2019avait si puissamment inaugur\u00e9 la journ\u00e9e du 17 mars. De m\u00eame que le 17 mars, le 16 avril a montr\u00e9 combien sont in\u00e9branlables les fondements de la R\u00e9publique. [\u2026] Vous avez confondu les esp\u00e9rances des ennemis de la R\u00e9publique, assur\u00e9 la s\u00e9curit\u00e9 du Paris libre, et dissip\u00e9 les alarmes r\u00e9pandues dans les d\u00e9partements. Citoyens, l\u2019unit\u00e9 du Gouvernement provisoire repr\u00e9sente l\u2019unit\u00e9 de la patrie\u00a0; c\u2019est ce que vous avez compris, gr\u00e2ces vous en soient rendues\u00a0!\u00a0\u00bb<a href=\"#_ftn15\" name=\"_ftnref15\">[15]<\/a><\/h5><\/blockquote>\t\t\t\t\t\t\t\t<\/div>\n\t\t\t\t<\/div>\n\t\t\t\t\t<\/div>\n\t\t<\/div>\n\t\t\t\t<div class=\"elementor-column elementor-col-50 elementor-top-column elementor-element elementor-element-1c69fe1 elementor-hidden-mobile\" data-id=\"1c69fe1\" data-element_type=\"column\" data-e-type=\"column\">\n\t\t\t<div class=\"elementor-widget-wrap elementor-element-populated\">\n\t\t\t\t\t\t<div class=\"elementor-element elementor-element-9411f71 elementor-widget-divider--view-line_text elementor-widget-divider--element-align-center elementor-widget elementor-widget-divider\" data-id=\"9411f71\" data-element_type=\"widget\" data-e-type=\"widget\" data-widget_type=\"divider.default\">\n\t\t\t\t<div class=\"elementor-widget-container\">\n\t\t\t\t\t\t\t<div class=\"elementor-divider\">\n\t\t\t<span class=\"elementor-divider-separator\">\n\t\t\t\t\t\t\t<p class=\"elementor-divider__text elementor-divider__element\">\n\t\t\t\tPage 3\t\t\t\t<\/p>\n\t\t\t\t\t\t<\/span>\n\t\t<\/div>\n\t\t\t\t\t\t<\/div>\n\t\t\t\t<\/div>\n\t\t\t\t<div class=\"elementor-element elementor-element-250ceba elementor-widget elementor-widget-text-editor\" data-id=\"250ceba\" data-element_type=\"widget\" data-e-type=\"widget\" data-widget_type=\"text-editor.default\">\n\t\t\t\t<div class=\"elementor-widget-container\">\n\t\t\t\t\t\t\t\t\t<p><a href=\"#_ftn12\">[12] <em>Le Populaire<\/em>, n\u00b07, 17 mars 1848, p. 2-3<\/a><\/p>\t\t\t\t\t\t\t\t<\/div>\n\t\t\t\t<\/div>\n\t\t\t\t<div class=\"elementor-element elementor-element-0ec7799 elementor-widget elementor-widget-text-editor\" data-id=\"0ec7799\" data-element_type=\"widget\" data-e-type=\"widget\" data-widget_type=\"text-editor.default\">\n\t\t\t\t<div class=\"elementor-widget-container\">\n\t\t\t\t\t\t\t\t\t<p><a href=\"#_ftn13\">[13] <em>Bulletin de la R\u00e9publique<\/em>, n\u00b015, 13 avril 1848<\/a><\/p>\t\t\t\t\t\t\t\t<\/div>\n\t\t\t\t<\/div>\n\t\t\t\t<div class=\"elementor-element elementor-element-a676b9b elementor-widget elementor-widget-text-editor\" data-id=\"a676b9b\" data-element_type=\"widget\" data-e-type=\"widget\" data-widget_type=\"text-editor.default\">\n\t\t\t\t<div class=\"elementor-widget-container\">\n\t\t\t\t\t\t\t\t\t<p><a href=\"#_ftn14\">[14] <em>Actes du Gouvernement provisoire<\/em>, p. 148-149<\/a><\/p>\t\t\t\t\t\t\t\t<\/div>\n\t\t\t\t<\/div>\n\t\t\t\t<div class=\"elementor-element elementor-element-a250dbe elementor-absolute elementor-widget elementor-widget-text-editor\" data-id=\"a250dbe\" data-element_type=\"widget\" data-e-type=\"widget\" data-settings=\"{&quot;_position&quot;:&quot;absolute&quot;}\" data-widget_type=\"text-editor.default\">\n\t\t\t\t<div class=\"elementor-widget-container\">\n\t\t\t\t\t\t\t\t\t<p><a href=\"#_ftn15\">[15] <em>Actes du Gouvernement provisoire<\/em>, p. 281<\/a><\/p>\t\t\t\t\t\t\t\t<\/div>\n\t\t\t\t<\/div>\n\t\t\t\t\t<\/div>\n\t\t<\/div>\n\t\t\t\t\t<\/div>\n\t\t<\/section>\n\t\t\t\t<section data-particle_enable=\"false\" data-particle-mobile-disabled=\"false\" class=\"elementor-section elementor-top-section elementor-element elementor-element-7be6a4e elementor-section-boxed elementor-section-height-default elementor-section-height-default\" data-id=\"7be6a4e\" data-element_type=\"section\" data-e-type=\"section\">\n\t\t\t\t\t\t<div class=\"elementor-container elementor-column-gap-default\">\n\t\t\t\t\t<div class=\"elementor-column elementor-col-50 elementor-top-column elementor-element elementor-element-74ee9be\" data-id=\"74ee9be\" data-element_type=\"column\" data-e-type=\"column\">\n\t\t\t<div class=\"elementor-widget-wrap elementor-element-populated\">\n\t\t\t\t\t\t<div class=\"elementor-element elementor-element-bd6a745 elementor-widget elementor-widget-text-editor\" data-id=\"bd6a745\" data-element_type=\"widget\" data-e-type=\"widget\" data-widget_type=\"text-editor.default\">\n\t\t\t\t<div class=\"elementor-widget-container\">\n\t\t\t\t\t\t\t\t\t<p>Le 15 mai, jour d\u2019une manifestation pour la Pologne et qui se termine par l\u2019invasion de l\u2019Assembl\u00e9e constituante, assure la victoire des r\u00e9publicains mod\u00e9r\u00e9s et conservateurs. \u00c0 l\u2019instar du d\u00e9put\u00e9 Mongin de Montrol, ceux-ci refusent de prendre en compte les p\u00e9titions apport\u00e9es par les manifestants et lues par Raspail\u00a0:<\/p><blockquote><h5>\u00ab\u00a0<em>Le citoyen Montrol.<\/em> Je n\u2019ai point entendu, je n\u2019ai point voulu entendre les p\u00e9titions qui vous ont \u00e9t\u00e9 lues \u00e0 cette tribune. Envoy\u00e9 ici par le peuple, je ne voterai jamais, je ne d\u00e9lib\u00e9rerai jamais que dans la pl\u00e9nitude de mon droit et de ma libert\u00e9.<\/h5><h5><em>Un repr\u00e9sentant. <\/em>L\u2019Assembl\u00e9e ne peut d\u00e9lib\u00e9rer quand elle est envahie.<\/h5><h5>\u00a0\u00a0\u00a0\u00a0\u00a0\u00a0\u00a0\u00a0\u00a0\u00a0\u00a0 (Un grand nombre de repr\u00e9sentants se l\u00e8vent pour appuyer cette motion.)<\/h5><h5>\u00a0\u00a0\u00a0\u00a0\u00a0\u00a0\u00a0\u00a0\u00a0\u00a0\u00a0 <em>Voix dans la foule. <\/em>Qu\u2019on d\u00e9lib\u00e8re imm\u00e9diatement\u00a0!<\/h5><h5><em>Autres voix au milieu du bruit. <\/em>Il y a des ennemis du peuple parmi les repr\u00e9sentants\u00a0; ils ne veulent pas qu\u2019il parle.<\/h5><h5><em>Le citoyen Pr\u00e9sident.<\/em> La p\u00e9tition a \u00e9t\u00e9 d\u00e9pos\u00e9e sur le bureau\u00a0; l\u2019Assembl\u00e9e nationale \u2026 (Interruptions nombreuses.)<\/h5><h5><em>Voix du peuple.<\/em> Nous voulons une d\u00e9cision imm\u00e9diate\u00a0!<\/h5><h5><em>Le citoyen Pr\u00e9sident.<\/em> L\u2019Assembl\u00e9e nationale a votre p\u00e9tition\u00a0; elle s\u2019occupait, lorsque vous \u00eates entr\u00e9s, du sort de la Pologne. Je vous invite \u00e0 sortir pour que l\u2019Assembl\u00e9e nationale puisse imm\u00e9diatement traiter cette grave question.<\/h5><h5><em>Voix du peuple.<\/em> Nous ne voulons pas attendre. Un d\u00e9cret\u00a0! Un d\u00e9cret\u00a0!\u00a0\u00bb<a href=\"#_ftn16\" name=\"_ftnref16\">[16]<\/a><\/h5><\/blockquote><p>Ils contribuent \u00e0 ce qu\u2019une conception exclusive de la repr\u00e9sentation, conforme \u00e0 leurs convictions mod\u00e9r\u00e9es, s\u2019impose au d\u00e9triment d\u2019une approche inclusive. Les institutions issues de la R\u00e9publique de F\u00e9vrier sont d\u00e9finitivement mises \u00e0 mal. L\u2019Assembl\u00e9e constituante et, plus tard, l\u2019Assembl\u00e9e l\u00e9gislative, d\u00e9tiennent le monopole de la repr\u00e9sentation et m\u00e8nent la lutte contre la R\u00e9publique d\u00e9mocratique et sociale pour d\u00e9fendre une R\u00e9publique mod\u00e9r\u00e9e et conservatrice.<\/p><h3>Le l\u00e9gitimisme, une des composantes du parti de l\u2019Ordre tenant d\u2019une R\u00e9publique conservatrice<\/h3><p><strong>\u00a0<\/strong><\/p><p>Au d\u00e9but de la Seconde R\u00e9publique, le l\u00e9gitimisme repose sur la volont\u00e9 d\u2019installer, \u00e0 terme, le comte de Chambord sur le tr\u00f4ne. En attendant, sous l\u2019influence de l\u2019avocat Pierre-Antoine Berryer son chef de file l\u00e9gitimiste, il s\u2019inscrit dans la d\u00e9marche conservatrice du parti de l\u2019Ordre et se structure autour du groupe parlementaire pendant la Constituante et la L\u00e9gislative. La coalition des droites met en avant le conservatisme social, aspire \u00e0 un retour \u00e0 l\u2019ordre et craint les \u00ab\u00a0rouges\u00a0\u00bb, ses adversaires politiques favorables \u00e0 une autre approche de la R\u00e9publique. La peur fa\u00e7onne le comportement politique du comte de Falloux. Les d\u00e9bats de l\u2019Assembl\u00e9e constituante l\u2019inqui\u00e8tent au plus haut point\u00a0:<\/p><blockquote><h5>\u00ab\u00a0Chaque jour (&#8230;) nous apportait de nouvelles lumi\u00e8res sur les dangers de la situation et permettent de comprendre l\u2019adh\u00e9sion des l\u00e9gitimistes au parti de l\u2019Ordre. Nous \u00e9tions arriv\u00e9s de nos provinces, tr\u00e8s r\u00e9solus \u00e0 nous montrer indulgents pour le gouvernement provisoire, \u00e0 condition cependant qu\u2019il s\u2019effor\u00e7a d\u2019inaugurer une r\u00e9publique sens\u00e9e et s\u00e9rieuse, \u00e0 la place de cette r\u00e9publique d\u00e9clamatoire et st\u00e9rile qui, du 24 f\u00e9vrier au 4 mai, s\u2019\u00e9tait \u00e9puis\u00e9e en d\u00e9monstrations vaines, quand elles n\u2019\u00e9taient pas souverainement imprudentes. Nous savions gr\u00e9 \u00e0 messieurs Lamartine, Marie, Garnier-Pag\u00e8s de lutter pied \u00e0 pied contre messieurs Ledru-Rollin et Louis Blanc.\u00a0\u00bb<a href=\"#_ftn17\" name=\"_ftnref17\">[17]<\/a><\/h5><\/blockquote><p>Les droites s\u2019appuient sur une id\u00e9ologie conservatrice articul\u00e9e autour de trois axes. \u00ab\u00a0[Leur] credo tient dans la triade des principes adopt\u00e9e par le comit\u00e9 de l\u2019union \u00e9lectorale cr\u00e9\u00e9e par la r\u00e9union de la rue de Poitiers avant les \u00e9lections de 1849\u00a0: \u00ab\u00a0ordre, propri\u00e9t\u00e9, religion.\u00a0\u00bb \u00bb<a href=\"#_ftn18\" name=\"_ftnref18\">[18]<\/a>\u00a0 L\u2019ordre est une pr\u00e9occupation constante comme en t\u00e9moigne la lettre d\u2019un d\u00e9put\u00e9 l\u00e9gitimiste breton de base, \u00e9lu dans les C\u00f4tes-du-Nord, Paul de Dieuleveult, en juin 1849\u00a0:<\/p><blockquote><h5>\u00ab\u00a0Nous sommes d\u2019accord sur les questions vitales, nous ne voyons maintenant qu\u2019une lutte entre l\u2019ordre et le d\u00e9sordre et tous se prononcent \u00e9nergiquement pour sauvegarder la soci\u00e9t\u00e9. La majorit\u00e9, l\u2019immense majorit\u00e9 de la Chambre se d\u00e9clare contre les anarchistes et, si tu voyais l\u2019ensemble avec lequel elle vote par assis ou lev\u00e9, tu en serais \u00e9tonn\u00e9\u00a0: il n\u2019y a jamais la moindre h\u00e9sitation, nos deux camps sont bien distincts.\u00a0\u00bb<a href=\"#_ftn19\" name=\"_ftnref19\">[19]<\/a><\/h5><\/blockquote><p>Ses coll\u00e8gues sont dans un \u00e9tat d\u2019esprit identique. Le 5 avril 1851, le comte de Ress\u00e9guier, d\u00e9put\u00e9 des Basses-Pyr\u00e9n\u00e9es, demande de prendre en consid\u00e9ration la proposition de Desmousseaux de Givr\u00e9 selon laquelle \u00ab\u00a0une p\u00e9tition apport\u00e9e aux abords de l\u2019assembl\u00e9e par un rassemblement ne pourra \u00eatre re\u00e7ue ni d\u00e9pos\u00e9e sur le bureau\u00a0\u00bb. Il veut emp\u00eacher que des attroupements apparaissent et menacent les parlementaires comme ce fut le cas les 15 mai 1848 et 13 juin 1849 qui \u00ab ont commenc\u00e9 l\u2019un et l\u2019autre par une p\u00e9tition qu\u2019il s\u2019agissait de porter \u00e0 l\u2019Assembl\u00e9e nationale\u00a0\u00bb\u00a0:\u00a0<\/p><blockquote><h5>\u00ab\u00a0Plus qu\u2019en aucune autre circonstance, il importe donc de pr\u00e9venir les manifestations, m\u00eame pacifiques, qui pourraient essayer de donner le change sur l\u2019opinion publique v\u00e9ritable, en m\u00eame temps qu\u2019elles porteraient une atteinte plus ou moins grave \u00e0 l\u2019autorit\u00e9 des importantes d\u00e9terminations que nous aurons \u00e0 prendre. \u00bb<a href=\"#_ftn20\" name=\"_ftnref20\">[20]<\/a><\/h5><\/blockquote>\t\t\t\t\t\t\t\t<\/div>\n\t\t\t\t<\/div>\n\t\t\t\t\t<\/div>\n\t\t<\/div>\n\t\t\t\t<div class=\"elementor-column elementor-col-50 elementor-top-column elementor-element elementor-element-6c2060a elementor-hidden-mobile\" data-id=\"6c2060a\" data-element_type=\"column\" data-e-type=\"column\">\n\t\t\t<div class=\"elementor-widget-wrap elementor-element-populated\">\n\t\t\t\t\t\t<div class=\"elementor-element elementor-element-562173e elementor-widget-divider--view-line_text elementor-widget-divider--element-align-center elementor-widget elementor-widget-divider\" data-id=\"562173e\" data-element_type=\"widget\" data-e-type=\"widget\" data-widget_type=\"divider.default\">\n\t\t\t\t<div class=\"elementor-widget-container\">\n\t\t\t\t\t\t\t<div class=\"elementor-divider\">\n\t\t\t<span class=\"elementor-divider-separator\">\n\t\t\t\t\t\t\t<p class=\"elementor-divider__text elementor-divider__element\">\n\t\t\t\tPage 4\t\t\t\t<\/p>\n\t\t\t\t\t\t<\/span>\n\t\t<\/div>\n\t\t\t\t\t\t<\/div>\n\t\t\t\t<\/div>\n\t\t\t\t<div class=\"elementor-element elementor-element-8457756 elementor-widget elementor-widget-text-editor\" data-id=\"8457756\" data-element_type=\"widget\" data-e-type=\"widget\" data-widget_type=\"text-editor.default\">\n\t\t\t\t<div class=\"elementor-widget-container\">\n\t\t\t\t\t\t\t\t\t<p><a href=\"#_ftn16\">[16] <em>Compte-rendu des s\u00e9ances de l\u2019Assembl\u00e9e nationale<\/em>, t. 1, p. 190<\/a><\/p>\t\t\t\t\t\t\t\t<\/div>\n\t\t\t\t<\/div>\n\t\t\t\t<div class=\"elementor-element elementor-element-12f9e54 elementor-widget elementor-widget-text-editor\" data-id=\"12f9e54\" data-element_type=\"widget\" data-e-type=\"widget\" data-widget_type=\"text-editor.default\">\n\t\t\t\t<div class=\"elementor-widget-container\">\n\t\t\t\t\t\t\t\t\t<p><a href=\"#_ftn17\">[17] Alfred DE FALLOUX, <em>M\u00e9moires d\u2019un royaliste<\/em>, Paris, Perrin et Cie, 1888, p. 314<\/a><\/p><p><a href=\"#_ftn18\">[18] Jean-Fran\u00e7ois SIRINELLI, <em>Les droites fran\u00e7aises &#8211; de la R\u00e9volution \u00e0&#8230;<\/em><\/a><\/p>\t\t\t\t\t\t\t\t<\/div>\n\t\t\t\t<\/div>\n\t\t\t\t<div class=\"elementor-element elementor-element-2f58abc elementor-widget elementor-widget-text-editor\" data-id=\"2f58abc\" data-element_type=\"widget\" data-e-type=\"widget\" data-widget_type=\"text-editor.default\">\n\t\t\t\t<div class=\"elementor-widget-container\">\n\t\t\t\t\t\t\t\t\t<p><a href=\"#_ftn19\">[19] Lettre de Paul de Dieuleveult n\u00b03, lundi 11 juin 1849<\/a><\/p>\t\t\t\t\t\t\t\t<\/div>\n\t\t\t\t<\/div>\n\t\t\t\t<div class=\"elementor-element elementor-element-469dcc2 elementor-absolute elementor-widget elementor-widget-text-editor\" data-id=\"469dcc2\" data-element_type=\"widget\" data-e-type=\"widget\" data-settings=\"{&quot;_position&quot;:&quot;absolute&quot;}\" data-widget_type=\"text-editor.default\">\n\t\t\t\t<div class=\"elementor-widget-container\">\n\t\t\t\t\t\t\t\t\t<p><a href=\"#_ftn20\">[20] Albert DE RESS\u00c9GUIER, \u00ab rapport fait, au nom de la dix-huiti\u00e8me commission&#8230;<\/a><\/p>\t\t\t\t\t\t\t\t<\/div>\n\t\t\t\t<\/div>\n\t\t\t\t\t<\/div>\n\t\t<\/div>\n\t\t\t\t\t<\/div>\n\t\t<\/section>\n\t\t\t\t<section data-particle_enable=\"false\" data-particle-mobile-disabled=\"false\" class=\"elementor-section elementor-top-section elementor-element elementor-element-e5dab81 elementor-section-boxed elementor-section-height-default elementor-section-height-default\" data-id=\"e5dab81\" data-element_type=\"section\" data-e-type=\"section\">\n\t\t\t\t\t\t<div class=\"elementor-container elementor-column-gap-default\">\n\t\t\t\t\t<div class=\"elementor-column elementor-col-50 elementor-top-column elementor-element elementor-element-b39865b\" data-id=\"b39865b\" data-element_type=\"column\" data-e-type=\"column\">\n\t\t\t<div class=\"elementor-widget-wrap elementor-element-populated\">\n\t\t\t\t\t\t<div class=\"elementor-element elementor-element-a56f386 elementor-widget elementor-widget-text-editor\" data-id=\"a56f386\" data-element_type=\"widget\" data-e-type=\"widget\" data-widget_type=\"text-editor.default\">\n\t\t\t\t<div class=\"elementor-widget-container\">\n\t\t\t\t\t\t\t\t\t<p>Le r\u00f4le social de la religion constitue le deuxi\u00e8me pilier de la politique d\u00e9sir\u00e9e par le parti de l\u2019Ordre. \u00ab\u00a0Par d\u00e9fense de la religion, il faut entendre celle du r\u00f4le social de l\u2019\u00c9glise catholique consid\u00e9r\u00e9e comme un rempart de l\u2019ordre\u00a0\u00bb<a href=\"#_ftn21\" name=\"_ftnref21\">[21]<\/a>. Paul de Dieuleveult ne fait pas preuve d\u2019une foi catholique d\u00e9bordante. Mais son attachement \u00e0 la fonction de pilier social conservateur de l\u2019\u00c9glise transpara\u00eet \u00e0 travers ses propos. Selon lui, la religion doit encadrer la soci\u00e9t\u00e9 afin d\u2019emp\u00eacher la propagation d\u2019id\u00e9ologies dangereuses pour le maintien de l\u2019ordre. \u00ab\u00a0Cet attachement passionn\u00e9 \u00e0 une religion intransigeante accompagne la conviction qu\u2019elle doit impr\u00e9gner toute la vie sociale et politique de la nation pour permettre une r\u00e9g\u00e9n\u00e9ration en profondeur de celle-ci et garantir la stabilit\u00e9 des institutions\u00a0\u00bb<a href=\"#_ftn22\" name=\"_ftnref22\">[22]<\/a>. Le d\u00e9put\u00e9 l\u00e9gitimiste d\u00e9nonce les m\u00e9faits occasionn\u00e9s par l\u2019enseignement des instituteurs publics, \u00ab\u00a0si d\u00e9testables et qui font un mal si horrible\u00a0\u00bb<a href=\"#_ftn23\" name=\"_ftnref23\">[23]<\/a>. Il privil\u00e9gie le vote de la loi Falloux, plus g\u00e9n\u00e9rale, qui favorise le principe de la libert\u00e9 d\u2019enseignement.<\/p><p>La troisi\u00e8me grande orientation id\u00e9ologique concerne la d\u00e9fense du droit de propri\u00e9t\u00e9. les lettres de Paul de Dieuleveult t\u00e9moignent d\u2019une aversion telle pour les Montagnards qu\u2019il semble les assimiler \u00e0 des criminels. Il per\u00e7oit en eux de perp\u00e9tuels fauteurs de troubles qui risquent de remettre en cause le droit le plus \u00e9l\u00e9mentaire de la propri\u00e9t\u00e9 et n\u2019ont rien de commun avec lui. Il d\u00e9nonce leur d\u00e9magogie, leurs \u00ab\u00a0cris ou plut\u00f4t [leurs] rugissements\u00a0\u00bb et ajoute qu\u2019\u00ab\u00a0il faut en \u00eatre t\u00e9moin pour le comprendre\u00a0\u00bb<a href=\"#_ftn24\" name=\"_ftnref24\">[24]<\/a>. La missive qu\u2019il exp\u00e9die \u00e0 son fr\u00e8re quelques jours plus tard est du m\u00eame acabit. Il condamne le comportement des d\u00e9put\u00e9s de la gauche qui n\u2019agissent pas, \u00e0 ses yeux, comme des honn\u00eates gens :<\/p><blockquote><h5>\u00ab\u00a0Chacun sent le besoin de rendre nos discussion dignes, elles sont \u00e0 chaque instant r\u00e9ellement scandaleuses, aussi a-t-on fait des propositions de changements au r\u00e8glement\u00a0: une commission a \u00e9t\u00e9 nomm\u00e9e et elle s\u2019en occupe\u00a0: sous la premi\u00e8re constituante, il y avait des peines contre les interrupteurs et les tapageurs, on envoyait m\u00eame \u00e0 l\u2019abbaye les plus violents, je ne crois pas qu\u2019on puisse r\u00e9tablir ces p\u00e9nalit\u00e9s, mais j\u2019esp\u00e8re qu\u2019on fera quelque chose pour arr\u00eater ce d\u00e9vergondage inf\u00e2me.\u00a0\u00bb<a href=\"#_ftn25\" name=\"_ftnref25\">[25]<\/a><\/h5><\/blockquote><h3>R\u00e9pression et r\u00e9action parlementaires sous la Constituante<\/h3><p>\u00c0 l\u2019instar de leurs coll\u00e8gues du parti de l\u2019Ordre, les 59 repr\u00e9sentants l\u00e9gitimistes, \u00e9lus \u00e0 la Constituante en avril 1848, participent \u00e0 la dissolution des ateliers nationaux. En tant que rapporteur dans le comit\u00e9 des travailleurs sur les ateliers nationaux, le comte de Falloux intervient dans l\u2019h\u00e9micycle, le 23 juin, pour soutenir le projet de d\u00e9cret final de dissolution. Il rappelle bri\u00e8vement le caract\u00e8re n\u00e9faste des ateliers nationaux, qualifi\u00e9s d\u2019\u00ab\u00a0exp\u00e9dients transitoires et pr\u00e9cipit\u00e9s\u00a0\u00bb, et demande leur dissolution. Il les accuse, de nouveau, d\u2019\u00eatre \u00e0 l\u2019origine du malaise social dans le pays car \u00ab ce [que l\u2019ouvrier] consid\u00e9rait comme son refuge \u00e9tait l\u2019un des motifs principaux de sa d\u00e9tresse\u00a0\u00bb \u00ab\u00a0et que la premi\u00e8re des conditions pour le retour de son bien-\u00eatre \u00e9tait la dispersion radicale de ce foyer actif, concentr\u00e9, d\u2019agitation st\u00e9rile.\u00a0\u00bb<a href=\"#_ftn26\" name=\"_ftnref26\">[26]<\/a>\u00a0<\/p><p>Les l\u00e9gitimistes comme les conservateurs jouent un r\u00f4le actif dans la commission d\u2019enqu\u00eate sur les journ\u00e9es r\u00e9volutionnaires de juin 1848 aux motifs plus politiques qu\u2019\u00e9conomiques<a href=\"#_ftn27\" name=\"_ftnref27\">[27]<\/a>. Le baron de Larcy, \u00e9lu dans le Gard, affirme devant ses coll\u00e8gues que les \u00ab\u00a0dispositions judiciaires\u00a0\u00bb, accumul\u00e9es contre Louis Blanc et Louis Caussidi\u00e8re, sont bien plus accablantes, contiennent \u00ab\u00a0quelque chose de plus grave, au moins de plus pr\u00e9cis et de plus certain \u00bb<a href=\"#_ftn28\" name=\"_ftnref28\">[28]<\/a>, que les accusations exprim\u00e9es par des hommes de gauche comme Ledru-Rollin d\u2019un soutien l\u00e9gitimiste \u00e0 ces soul\u00e8vements.<\/p><p>Ils \u0153uvrent aussi \u00e0 l\u2019\u00e9laboration et au vote des lois r\u00e9pressives qui s\u2019abattent sur les acteurs d\u2019une R\u00e9publique d\u00e9mocratique et sociale. Le 21 mars 1849, 53 l\u00e9gitimistes votent en faveur de l\u2019article premier du projet de loi sur les clubs adopt\u00e9 par 404 voix contre 303. Quelques l\u00e9gitimistes se sont distingu\u00e9s pendant la discussion pour appuyer la dimension r\u00e9pressive. Le 19 mars, Vincent de Kerdrel, d\u00e9put\u00e9 de l\u2019Ille-et-Vilaine, se prononce clairement en faveur d\u2019une loi\u00a0qui r\u00e9pond aux \u00ab\u00a0commotions politiques\u00a0\u00bb<a href=\"#_ftn29\" name=\"_ftnref29\">[29]<\/a>. L\u2019orateur l\u00e9gitimiste continue en faisant ressortir tous les dangers qu\u2019ont occasionn\u00e9s les clubs depuis la r\u00e9volution de f\u00e9vrier 1848 et d\u00e9nonce les pressions qui s\u2019exercent sur les ouvriers pour les contraindre \u00e0 s\u2019y rendre sous peine d\u2019\u00eatre renvoy\u00e9s de l\u2019atelier. Le lendemain, il reprend la parole pour confirmer ses propos de la veille. Il reproche aux clubs, \u00ab\u00a0tous subversifs\u00a0\u00bb, d\u2019exercer une influence nocive\u00a0: \u00ab L\u2019ouvrier qui fr\u00e9quente les clubs d\u00e9serte le travail et le foyer, les id\u00e9es et les devoirs de la famille en sont affaiblis.\u00a0\u00bb<\/p><p>Dans les derniers temps de la Constituante les tensions avec la gauche sont tr\u00e8s vives. Fin mai, le comte de Falloux domine les controverses avec ses adversaires politiques. Le 24, il rejette sur son contradicteur, Ulysse Tr\u00e9lat, la responsabilit\u00e9 de la dissolution des ateliers nationaux et repousse le qualificatif d\u2019\u00a0\u00ab\u00a0implacable\u00a0\u00bb dont il est affubl\u00e9\u00a0:<\/p><blockquote><h5>\u00ab\u00a0L\u2019incurie devrait se montrer plus modeste devant le mal qu\u2019elle a fait\u00a0; et s\u2019il n\u2019appartient \u00e0 personne d\u2019\u00e9veiller ainsi les passions et d\u2019appeler les repr\u00e9sailles, cela doit encore moins appartenir \u00e0 la rancune et \u00e0 l\u2019inertie de monsieur Tr\u00e9lat. (\u2026) Oui, c\u2019est votre chim\u00e8re, criminelle malgr\u00e9 vous, qui a fait verser ce sang.\u00a0\u00bb<a href=\"#_ftn30\" name=\"_ftnref30\">[30]<\/a><\/h5><\/blockquote><p>Plusieurs fois interrompu, il conclut sur un rejet des fauteurs de troubles, \u00ab\u00a0des hommes qui sont capables de tout\u00a0\u00bb, mais aussi de ceux qui n\u2019ont aucune exp\u00e9rience et \u00ab\u00a0ne sont capables de rien\u00a0\u00bb.<\/p>\t\t\t\t\t\t\t\t<\/div>\n\t\t\t\t<\/div>\n\t\t\t\t\t<\/div>\n\t\t<\/div>\n\t\t\t\t<div class=\"elementor-column elementor-col-50 elementor-top-column elementor-element elementor-element-4447317 elementor-hidden-mobile\" data-id=\"4447317\" data-element_type=\"column\" data-e-type=\"column\">\n\t\t\t<div class=\"elementor-widget-wrap elementor-element-populated\">\n\t\t\t\t\t\t<div class=\"elementor-element elementor-element-8508ca5 elementor-widget-divider--view-line_text elementor-widget-divider--element-align-center elementor-widget elementor-widget-divider\" data-id=\"8508ca5\" data-element_type=\"widget\" data-e-type=\"widget\" data-widget_type=\"divider.default\">\n\t\t\t\t<div class=\"elementor-widget-container\">\n\t\t\t\t\t\t\t<div class=\"elementor-divider\">\n\t\t\t<span class=\"elementor-divider-separator\">\n\t\t\t\t\t\t\t<p class=\"elementor-divider__text elementor-divider__element\">\n\t\t\t\tPage 5\t\t\t\t<\/p>\n\t\t\t\t\t\t<\/span>\n\t\t<\/div>\n\t\t\t\t\t\t<\/div>\n\t\t\t\t<\/div>\n\t\t\t\t<div class=\"elementor-element elementor-element-367cd38 elementor-widget elementor-widget-text-editor\" data-id=\"367cd38\" data-element_type=\"widget\" data-e-type=\"widget\" data-widget_type=\"text-editor.default\">\n\t\t\t\t<div class=\"elementor-widget-container\">\n\t\t\t\t\t\t\t\t\t<p><a href=\"#_ftn21\">[21] Jean-Fran\u00e7ois SIRINELLI, <em>Les droites fran\u00e7aises \u2026<\/em>, <em>op. cit.<\/em>, pp. 191-192<\/a><\/p><p><a href=\"#_ftn22\">[22] Pierre L\u00c9V\u00caQUE, <em>Histoire des forces politiques en France 1789-1880<\/em>&#8230;<\/a><\/p><p><a href=\"#_ftn23\">[23] Lettre de Paul de Dieuleveult n\u00b016, dimanche 16 d\u00e9cembre 1849<\/a><\/p>\t\t\t\t\t\t\t\t<\/div>\n\t\t\t\t<\/div>\n\t\t\t\t<div class=\"elementor-element elementor-element-16e20ad elementor-widget elementor-widget-text-editor\" data-id=\"16e20ad\" data-element_type=\"widget\" data-e-type=\"widget\" data-widget_type=\"text-editor.default\">\n\t\t\t\t<div class=\"elementor-widget-container\">\n\t\t\t\t\t\t\t\t\t<p><a href=\"#_ftn24\">[24] Lettre de Paul de Dieuleveult n\u00b02, mercredi 6 juin 1849<\/a><\/p>\t\t\t\t\t\t\t\t<\/div>\n\t\t\t\t<\/div>\n\t\t\t\t<div class=\"elementor-element elementor-element-7f1d035 elementor-widget elementor-widget-text-editor\" data-id=\"7f1d035\" data-element_type=\"widget\" data-e-type=\"widget\" data-widget_type=\"text-editor.default\">\n\t\t\t\t<div class=\"elementor-widget-container\">\n\t\t\t\t\t\t\t\t\t<p><a href=\"#_ftn25\">[25] Lettre de Paul de Dieuleveult n\u00b03, lundi 11 juin 1849<\/a><\/p>\t\t\t\t\t\t\t\t<\/div>\n\t\t\t\t<\/div>\n\t\t\t\t<div class=\"elementor-element elementor-element-e036a61 elementor-widget elementor-widget-text-editor\" data-id=\"e036a61\" data-element_type=\"widget\" data-e-type=\"widget\" data-widget_type=\"text-editor.default\">\n\t\t\t\t<div class=\"elementor-widget-container\">\n\t\t\t\t\t\t\t\t\t<p><a href=\"#_ftn26\">[26] Alfred DE FALLOUX, \u00ab rapport fait, au nom du comit\u00e9 des travailleurs sur les&#8230;<\/a><\/p><p><a href=\"#_ftn27\">[27] Sylvie APRILE, <em>1815-1870. La R\u00e9volution inachev\u00e9e<\/em>, Paris, Belin, 2010, p. 318<\/a><\/p><p><a href=\"#_ftn28\">[28] <em>Le Moniteur<\/em>, dimanche 27 ao\u00fbt 1848, compte rendu de la s\u00e9ance du 26<\/a><\/p>\t\t\t\t\t\t\t\t<\/div>\n\t\t\t\t<\/div>\n\t\t\t\t<div class=\"elementor-element elementor-element-60ddc6f elementor-widget elementor-widget-text-editor\" data-id=\"60ddc6f\" data-element_type=\"widget\" data-e-type=\"widget\" data-widget_type=\"text-editor.default\">\n\t\t\t\t<div class=\"elementor-widget-container\">\n\t\t\t\t\t\t\t\t\t<p><a href=\"#_ftn29\">[29] <em>Le Moniteur<\/em>, mardi 20 mars 1849, compte rendu de la s\u00e9ance du 19<\/a><\/p>\t\t\t\t\t\t\t\t<\/div>\n\t\t\t\t<\/div>\n\t\t\t\t<div class=\"elementor-element elementor-element-f72ea28 elementor-absolute elementor-widget elementor-widget-text-editor\" data-id=\"f72ea28\" data-element_type=\"widget\" data-e-type=\"widget\" data-settings=\"{&quot;_position&quot;:&quot;absolute&quot;}\" data-widget_type=\"text-editor.default\">\n\t\t\t\t<div class=\"elementor-widget-container\">\n\t\t\t\t\t\t\t\t\t<p><a href=\"#_ftn30\">[30] <em>Le Moniteur<\/em>, vendredi 25 mai 1849, compte rendu de la s\u00e9ance du 24 ; comte&#8230;<\/a><\/p>\t\t\t\t\t\t\t\t<\/div>\n\t\t\t\t<\/div>\n\t\t\t\t\t<\/div>\n\t\t<\/div>\n\t\t\t\t\t<\/div>\n\t\t<\/section>\n\t\t\t\t<section data-particle_enable=\"false\" data-particle-mobile-disabled=\"false\" class=\"elementor-section elementor-top-section elementor-element elementor-element-f5bfb49 elementor-section-boxed elementor-section-height-default elementor-section-height-default\" data-id=\"f5bfb49\" data-element_type=\"section\" data-e-type=\"section\">\n\t\t\t\t\t\t<div class=\"elementor-container elementor-column-gap-default\">\n\t\t\t\t\t<div class=\"elementor-column elementor-col-50 elementor-top-column elementor-element elementor-element-3d476c3\" data-id=\"3d476c3\" data-element_type=\"column\" data-e-type=\"column\">\n\t\t\t<div class=\"elementor-widget-wrap elementor-element-populated\">\n\t\t\t\t\t\t<div class=\"elementor-element elementor-element-e6dfa8e elementor-widget elementor-widget-text-editor\" data-id=\"e6dfa8e\" data-element_type=\"widget\" data-e-type=\"widget\" data-widget_type=\"text-editor.default\">\n\t\t\t\t<div class=\"elementor-widget-container\">\n\t\t\t\t\t\t\t\t\t<h3>R\u00e9pression et r\u00e9action parlementaires sous la L\u00e9gislative<\/h3><p>Dans l\u2019Assembl\u00e9e l\u00e9gislative \u00e9lue en mai 1849, en raison des r\u00e9sultats \u00e9lectoraux favorables \u00e0 la droite, le groupe parlementaire l\u00e9gitimiste est plus \u00e9toff\u00e9 que sous la Constituante. Cent-trente-trois d\u00e9put\u00e9s affichent clairement des convictions favorables \u00e0 la branche a\u00een\u00e9e des Bourbons. Ils poursuivent l\u2019action r\u00e9pressive et r\u00e9actionnaire men\u00e9e \u00e0 l\u2019encontre de la gauche. Confiants dans leur capacit\u00e9 \u00e0 d\u00e9truire les fondements d\u2019une R\u00e9publique d\u00e9mocratique et sociale, ils manifestent un antagonisme exacerb\u00e9 contre leurs rivaux.<\/p><p>Les d\u00e9bats parlementaires initiaux sont particuli\u00e8rement tendus. La s\u00e9ance du 29 mai augure ainsi de conflits futurs\u00a0pour Paul de Dieuleveult: \u00ab\u00a0La s\u00e9ance se continue tranquillement apr\u00e8s un petit orage relatif \u00e0 la non reproclamation (sic) hier de la R\u00e9publique, on s\u2019est lev\u00e9 et le cri a \u00e9t\u00e9 pouss\u00e9 apr\u00e8s des r\u00e9flexions faites par un membre dont je ne sais pas le nom.\u00bb<a href=\"#_ftn31\" name=\"_ftnref31\">[31]<\/a>\u00a0Durant la s\u00e9ance, une soixantaine de repr\u00e9sentants si\u00e9geant \u00e0 gauche se l\u00e8vent et crient \u00ab\u00a0Vive la R\u00e9publique d\u00e9mocratique et sociale\u00a0!\u00a0\u00bb<a href=\"#_ftn32\" name=\"_ftnref32\">[32]<\/a>.<\/p><p>Les d\u00e9put\u00e9s l\u00e9gitimistes prennent toute leur place dans la r\u00e9pression violente qui se met en place \u00e0 l\u2019\u00e9t\u00e9 1849 apr\u00e8s l\u2019\u00e9chec du rassemblement parisien du 13 juin. Le soulagement est de mise pour Paul de Dieuleveult, qui peut rassurer sa famille et Olympe, son \u00e9pouse. D\u00e9sormais, \u00ab\u00a0tout est calme et tranquille\u00a0\u00bb parce que les Montagnards \u00ab\u00a0sont en fuite sur tous les points\u00a0\u00bb<a href=\"#_ftn33\" name=\"_ftnref33\">[33]<\/a> et que leur \u00ab\u00a0d\u00e9confiture \u00bb est totale. La d\u00e9faite de la gauche parlementaire para\u00eet irr\u00e9m\u00e9diable. Son personnage de premier plan, Ledru-Rollin, symbolise une telle d\u00e9route. En ce 16 juin 1849, \u00e0 l\u2019Assembl\u00e9e l\u00e9gislative, \u00ab\u00a0le bruit court que Ledru-Rollin s\u2019est \u00e9chapp\u00e9 et qu\u2019il s\u2019est embarqu\u00e9 au Havre\u00a0\u00bb mais que, \u00ab\u00a0comme il \u00e9tait inviolable, on ne pouvait l\u2019arr\u00eater\u00a0\u00bb<a href=\"#_ftn34\" name=\"_ftnref34\">[34]<\/a>. N\u00e9anmoins, l\u2019impact psychologique de ces troubles parisiens, ajout\u00e9 \u00e0 la poursuite de l\u2019agitation en province, \u00e0 Lyon notamment, qui atteste de \u00ab\u00a0la vitalit\u00e9 r\u00e9publicaine autonome\u00a0\u00bb<a href=\"#_ftn35\" name=\"_ftnref35\">[35]<\/a> hors de la capitale, a pour r\u00e9sultat l\u2019affirmation d\u2019une forte volont\u00e9 r\u00e9pressive chez l\u2019ensemble des d\u00e9put\u00e9s conservateurs.<\/p><p>Paul de Dieuleveult adh\u00e8re pleinement aux mesures prises \u00e0 la fin de la s\u00e9ance du 15 juin et \u00e0 l\u2019\u00e9tat d\u2019esprit de l\u2019ensemble des parlementaires. Ce jour-l\u00e0, \u00e0 quatre heures et demie, l\u2019unanimit\u00e9 des d\u00e9put\u00e9s autorise les poursuites contre les 34 signataires du manifeste du 13 juin g\u00e9n\u00e9rateur de la manifestation : l\u2019urgence est mise aux voix puis adopt\u00e9e sans probl\u00e8me<a href=\"#_ftn36\" name=\"_ftnref36\">[36]<\/a>. Paul de Dieuleveult se f\u00e9licite de l\u2019homog\u00e9n\u00e9it\u00e9 dont font preuve les conservateurs et semble soulag\u00e9 de la victoire des droites\u00a0:<\/p><blockquote><h5>\u00ab\u00a0On vient \u00e0 l\u2019instant de nous demander encore d\u2019accorder l\u2019autorisation de poursuivre plusieurs nouveaux membres compromis, et nous sortons de nos bureaux o\u00f9 nous avons nomm\u00e9 une commission charg\u00e9e de faire un rapport \u00e0 l\u2019assembl\u00e9e. Elle sera accord\u00e9e par l\u2019immense majorit\u00e9 de la Chambre et, m\u00eame les membres d\u00e9cim\u00e9s de la Montagne ne se l\u00e8vent plus \u00e0 la contre-\u00e9preuve. Ils ne votent pas, seulement pour la mise en accusation.\u00a0\u00bb<a href=\"#_ftn37\" name=\"_ftnref37\">[37]<\/a><\/h5><\/blockquote><p>Paul de Dieuleveult et ses amis politiques poursuivent leur \u0153uvre de \u00ab\u00a0r\u00e9pression\u00a0\u00bb<a href=\"#_ftn38\" name=\"_ftnref38\">[38]<\/a> au cours des s\u00e9ances suivantes. Ils votent, le 19 juin 1849, la suspension de la libert\u00e9 de la presse en cas d\u2019\u00e9tat de si\u00e8ge par 351 voix contre seulement 154.<\/p><p>Le 30 juin, les demandes en autorisation de poursuites \u00e0 l\u2019encontre des Montagnards Martin Bernard, Charles Gambon, James Demontry et Jacques Brives, sont accept\u00e9es \u00e0 une tr\u00e8s large majorit\u00e9, Paul de Dieuleveult votant pour \u00e0 chaque reprise. Il \u00e9crit \u00e0 son fr\u00e8re que l\u2019ensemble des d\u00e9put\u00e9s \u00ab\u00a0est trop occup\u00e9 de la discussion hier sur l\u2019autorisation de la mise en accusation des quatre membres de la Montagne. On se passionne sur cette affaire\u00a0\u00bb<a href=\"#_ftn39\" name=\"_ftnref39\">[39]<\/a>. Si les parlementaires l\u00e9gitimistes se montrent assez discrets durant la discussion, Vincent de Kerdrel, en tant que rapporteur de commission, y participe pleinement, les 29 et 30 juin. Le 29, il demande une autorisation de poursuites, parce que des \u00ab\u00a0indices graves\u00a0\u00bb<a href=\"#_ftn40\" name=\"_ftnref40\">[40]<\/a> permettent de supposer que les d\u00e9put\u00e9s montagnards concern\u00e9s appartiennent \u00e0 une soci\u00e9t\u00e9 secr\u00e8te, la Solidarit\u00e9 r\u00e9publicaine, et ont particip\u00e9 aux manifestations du 13 juin.<\/p><p>Fin juillet, la discussion de la loi sur la presse s\u2019inscrit dans cette logique r\u00e9pressive. Par exemple, le 27, l\u2019article quinze discut\u00e9, Louis Favreau, l\u00e9gitimiste de la Loire-Inf\u00e9rieure, demande une s\u00e9v\u00e9rit\u00e9 accrue, c\u2019est-\u00e0-dire une suspension imm\u00e9diate, en cas de r\u00e9cidive, avant de retirer sa proposition. Au final, les l\u00e9gitimistes se joignent \u00e0 une majorit\u00e9 de leurs coll\u00e8gues pour voter l\u2019ensemble de ce projet (400 voix contre 146).<\/p>\t\t\t\t\t\t\t\t<\/div>\n\t\t\t\t<\/div>\n\t\t\t\t\t<\/div>\n\t\t<\/div>\n\t\t\t\t<div class=\"elementor-column elementor-col-50 elementor-top-column elementor-element elementor-element-f61f129 elementor-hidden-mobile\" data-id=\"f61f129\" data-element_type=\"column\" data-e-type=\"column\">\n\t\t\t<div class=\"elementor-widget-wrap elementor-element-populated\">\n\t\t\t\t\t\t<div class=\"elementor-element elementor-element-a301130 elementor-widget-divider--view-line_text elementor-widget-divider--element-align-center elementor-widget elementor-widget-divider\" data-id=\"a301130\" data-element_type=\"widget\" data-e-type=\"widget\" data-widget_type=\"divider.default\">\n\t\t\t\t<div class=\"elementor-widget-container\">\n\t\t\t\t\t\t\t<div class=\"elementor-divider\">\n\t\t\t<span class=\"elementor-divider-separator\">\n\t\t\t\t\t\t\t<p class=\"elementor-divider__text elementor-divider__element\">\n\t\t\t\tPage 6\t\t\t\t<\/p>\n\t\t\t\t\t\t<\/span>\n\t\t<\/div>\n\t\t\t\t\t\t<\/div>\n\t\t\t\t<\/div>\n\t\t\t\t<div class=\"elementor-element elementor-element-c387ffa elementor-widget elementor-widget-text-editor\" data-id=\"c387ffa\" data-element_type=\"widget\" data-e-type=\"widget\" data-widget_type=\"text-editor.default\">\n\t\t\t\t<div class=\"elementor-widget-container\">\n\t\t\t\t\t\t\t\t\t<p><a href=\"#_ftn31\">[31] Lettre de Paul de Dieuleveult n\u00b01, mardi 29 mai 1849<\/a><\/p><p><a href=\"#_ftn32\">[32] <em>Le Moniteur<\/em>, mercredi 30 mai 1849, compte rendu de la s\u00e9ance du 29<\/a><\/p><p><a href=\"#_ftn33\">[33] Lettre de Paul de Dieuleveult n\u00b04, vendredi 15 juin 1849<\/a><\/p><p><a href=\"#_ftn34\">[34] Lettre de Paul de Dieuleveult n\u00b05, samedi 16 juin 1849<\/a><\/p><p><a href=\"#_ftn35\">[35] In\u00e8s MURAT, <em>La deuxi\u00e8me r\u00e9publique, 1848-1851<\/em>, Paris, Fayard, 1987, p. 412<\/a><\/p>\t\t\t\t\t\t\t\t<\/div>\n\t\t\t\t<\/div>\n\t\t\t\t<div class=\"elementor-element elementor-element-8778a14 elementor-widget elementor-widget-text-editor\" data-id=\"8778a14\" data-element_type=\"widget\" data-e-type=\"widget\" data-widget_type=\"text-editor.default\">\n\t\t\t\t<div class=\"elementor-widget-container\">\n\t\t\t\t\t\t\t\t\t<p><a href=\"#_ftn36\">[36] <em>Le Moniteur<\/em>, samedi 16 juin 1849, compte rendu de la s\u00e9ance du 15<\/a><\/p><p><a href=\"#_ftn37\">[37] Lettre de Paul de Dieuleveult n\u00b04, vendredi 15 juin 1849<\/a><\/p><p><a href=\"#_ftn38\">[38] Maurice AGULHON, <em>1848 ou l\u2019apprentissage de la R\u00e9publique (1848-1852)<\/em>&#8230;<\/a><\/p>\t\t\t\t\t\t\t\t<\/div>\n\t\t\t\t<\/div>\n\t\t\t\t<div class=\"elementor-element elementor-element-53d7e3c elementor-widget elementor-widget-text-editor\" data-id=\"53d7e3c\" data-element_type=\"widget\" data-e-type=\"widget\" data-widget_type=\"text-editor.default\">\n\t\t\t\t<div class=\"elementor-widget-container\">\n\t\t\t\t\t\t\t\t\t<p><a href=\"#_ftn39\">[39] Lettre de Paul de Dieuleveult n\u00b07, lundi 30 juin 1849<\/a><\/p><p><a href=\"#_ftn40\">[40] <em>Le Moniteur<\/em>, samedi 30 juin 1849, compte rendu de la s\u00e9ance du 29<\/a><\/p>\t\t\t\t\t\t\t\t<\/div>\n\t\t\t\t<\/div>\n\t\t\t\t\t<\/div>\n\t\t<\/div>\n\t\t\t\t\t<\/div>\n\t\t<\/section>\n\t\t\t\t<section data-particle_enable=\"false\" data-particle-mobile-disabled=\"false\" class=\"elementor-section elementor-top-section elementor-element elementor-element-0f102e8 elementor-section-boxed elementor-section-height-default elementor-section-height-default\" data-id=\"0f102e8\" data-element_type=\"section\" data-e-type=\"section\">\n\t\t\t\t\t\t<div class=\"elementor-container elementor-column-gap-default\">\n\t\t\t\t\t<div class=\"elementor-column elementor-col-50 elementor-top-column elementor-element elementor-element-7f24a22\" data-id=\"7f24a22\" data-element_type=\"column\" data-e-type=\"column\">\n\t\t\t<div class=\"elementor-widget-wrap elementor-element-populated\">\n\t\t\t\t\t\t<div class=\"elementor-element elementor-element-6702140 elementor-widget elementor-widget-text-editor\" data-id=\"6702140\" data-element_type=\"widget\" data-e-type=\"widget\" data-widget_type=\"text-editor.default\">\n\t\t\t\t<div class=\"elementor-widget-container\">\n\t\t\t\t\t\t\t\t\t<p>Le 7 ao\u00fbt, 428 voix contre 176 acceptent l\u2019ordre du jour pur et simple et soutiennent la restauration du pouvoir papal \u00e0 Rome. Ce jour-l\u00e0, le comte de Falloux est en premi\u00e8re ligne pour r\u00e9pondre aux accusations dont il est l\u2019objet, en particulier de la part de Jules Favre. Le ministre l\u00e9gitimiste lui r\u00e9pond dans un climat d\u2019agitation extr\u00eame, marqu\u00e9 par de tr\u00e8s nombreuses interruptions, et suscite l\u2019adh\u00e9sion expressive de la droite. Il termine par une analyse de la culture politique de gauche, ax\u00e9e sur la \u00ab lutte surhumaine contre les traditions et le caract\u00e8re des pays qui nous entourent, contre les m\u0153urs et les traditions qui vivent dans notre propre pays, cette lutte contre les lois m\u00eames de la nature\u00a0\u00bb, et par son opposition\u00a0\u00e0 celle-ci \u00ab\u00a0parce que c\u2019est la ruine de tous ceux qui la r\u00eavent et qui l\u2019entreprennent \u00bb<a href=\"#_ftn41\" name=\"_ftnref41\">[41]<\/a>.<\/p><p>La derni\u00e8re s\u00e9ance qui pr\u00e9c\u00e8de les vacances parlementaires, le 11 ao\u00fbt 1849, symbolise le tr\u00e8s net clivage entre la gauche et la droite, \u00e9l\u00e9ment incontournable de ces trois premiers mois de d\u00e9bats parlementaires. Les r\u00e9actions antagonistes, suscit\u00e9es des deux c\u00f4t\u00e9s de l\u2019h\u00e9micycle \u00e0 la suite de la proclamation de l\u2019ajournement de l\u2019assembl\u00e9e sont r\u00e9v\u00e9latrices\u00a0: un certain nombre des d\u00e9put\u00e9s de l\u2019extr\u00eame gauche crient avec force \u00ab\u00a0vive la R\u00e9publique\u00a0!\u00a0\u00bb, alors qu\u2019une voix de droite leur r\u00e9pond \u00ab\u00a0pas la v\u00f4tre, surtout\u00a0!\u00a0\u00bb<a href=\"#_ftn42\" name=\"_ftnref42\">[42]<\/a><\/p><p>\u00c0 la rentr\u00e9e parlementaire, Paul de Dieuleveult et ses amis mettent toujours en avant la d\u00e9fense de la soci\u00e9t\u00e9 contre l\u2019anarchie et la cause d\u00e9fendue par \u00ab\u00a0les amis de l\u2019ordre\u00a0\u00bb<a href=\"#_ftn43\" name=\"_ftnref43\">[43]<\/a>, ce qui continue d\u2019alimenter les tensions avec la gauche. Le 21 novembre, la demande faite par le comte S\u00e9gur d\u2019Aguesseau, l\u00e9gitimiste \u00e9lu dans les Hautes-Pyr\u00e9n\u00e9es, en faveur de secours \u00ab\u00a0distribu\u00e9s aux braves gardes municipaux, \u00e0 leurs veuves, \u00e0 leurs enfants, aux familles de ces braves militaires, les seuls, (\u2026) dignes de l\u2019int\u00e9r\u00eat national, comme \u00e9tant morts ou ayant \u00e9t\u00e9 frapp\u00e9s pour la d\u00e9fense des institutions et des lois\u00a0\u00bb, provoque un incident. La gauche s\u2019oppose avec force \u00e0 cette initiative et d\u00e9nonce les \u00ab\u00a0deux poids deux mesures\u00a0\u00bb<a href=\"#_ftn44\" name=\"_ftnref44\">[44]<\/a>.\u00a0<\/p><p>Les l\u00e9gitimistes \u00e0 l\u2019int\u00e9rieur de la majorit\u00e9 parlementaire poursuivent la mise en place de mesures structurelles, qui favorisent une r\u00e9action de grande ampleur jusqu\u2019au milieu de l\u2019ann\u00e9e 1850. La loi sur l\u2019enseignement, ainsi que la s\u00e9rie de lois restrictives sur le jury, la presse, le cautionnement ou encore le timbre, et sur le sort des prisonniers arr\u00eat\u00e9s au moment des mouvements populaires, emportent l\u2019adh\u00e9sion de l\u2019ensemble des droites coalis\u00e9es.<\/p><p>Pour des d\u00e9put\u00e9s l\u00e9gitimistes attach\u00e9s au r\u00e9tablissement de l\u2019ordre social \u00e0 partir des piliers sociaux traditionnels comme la religion, la promulgation de la loi sur l\u2019enseignement ou loi Falloux repr\u00e9sente l\u2019un des actes l\u00e9gislatifs les plus attendus du mandat parlementaire. Le 15 mars 1850, l\u2019adoption d\u2019une grande loi conservatrice sur l\u2019enseignement qui vise \u00e0 transformer en profondeur le syst\u00e8me fran\u00e7ais en faveur d\u2019un contr\u00f4le accru des institutions religieuses soulage les parlementaires l\u00e9gitimistes. Paul de Dieuleveult n\u2019\u00e9prouve pas de doute quant au r\u00e9sultat du scrutin car, \u00e9crit-il, la loi \u00e9tant bien en ad\u00e9quation avec l\u2019\u00e9tat d\u2019esprit des membres du parti de l\u2019Ordre, \u00ab\u00a0elle sera adopt\u00e9e \u00e0 une forte majorit\u00e9\u00a0\u00bb<a href=\"#_ftn45\" name=\"_ftnref45\">[45]<\/a>. Le texte recueille en effet 399 voix contre 237. Instaurant la libert\u00e9 d\u2019enseignement en France, cette loi s\u2019int\u00e8gre pleinement dans l\u2019esprit r\u00e9actionnaire de la premi\u00e8re moiti\u00e9 de 1850. C\u2019est la \u00ab\u00a0nouvelle alliance du tr\u00f4ne et de l\u2019autel\u00a0\u00bb<a href=\"#_ftn46\" name=\"_ftnref46\">[46]<\/a>. L\u2019instituteur est d\u00e9sormais soumis \u00e0 l\u2019autorit\u00e9 du maire et du cur\u00e9 et peut \u00eatre choisi soit parmi les la\u00efcs, soit parmi les membres des conf\u00e9d\u00e9rations religieuses. Dans l\u2019enseignement secondaire, les exigences quant \u00e0 la qualification des professeurs de l\u2019enseignement libre sont minimis\u00e9es, ceux-ci pouvant provenir de congr\u00e9gations religieuses non reconnues par l\u2019\u00c9tat. Enfin, des mesures d\u2019\u00e9puration sont prises dans l\u2019enseignement sup\u00e9rieur afin d\u2019\u00e9liminer les universitaires jug\u00e9s trop r\u00e9publicains. L\u2019application de la loi devrait permettre, aux yeux des l\u00e9gitimistes et des conservateurs, de lutter contre la progression constat\u00e9e de l\u2019esprit r\u00e9publicain chez les jeunes. Elle ouvre l\u2019\u00e8re \u00ab\u00a0des deux jeunesses\u00a0\u00bb, favorise une \u00ab\u00a0division philosophique profonde\u00a0\u00bb et contribue \u00e0 \u00ab\u00a0la revanche sur les Lumi\u00e8res\u00a0\u00bb. \u00ab\u00a0Lanc\u00e9e pour effacer 1848, elle en arrivait \u00e0 contester 1789.\u00a0\u00bb<a href=\"#_ftn47\" name=\"_ftnref47\">[47]<\/a><\/p>\t\t\t\t\t\t\t\t<\/div>\n\t\t\t\t<\/div>\n\t\t\t\t\t<\/div>\n\t\t<\/div>\n\t\t\t\t<div class=\"elementor-column elementor-col-50 elementor-top-column elementor-element elementor-element-ee6e06a elementor-hidden-mobile\" data-id=\"ee6e06a\" data-element_type=\"column\" data-e-type=\"column\">\n\t\t\t<div class=\"elementor-widget-wrap elementor-element-populated\">\n\t\t\t\t\t\t<div class=\"elementor-element elementor-element-603e982 elementor-widget-divider--view-line_text elementor-widget-divider--element-align-center elementor-widget elementor-widget-divider\" data-id=\"603e982\" data-element_type=\"widget\" data-e-type=\"widget\" data-widget_type=\"divider.default\">\n\t\t\t\t<div class=\"elementor-widget-container\">\n\t\t\t\t\t\t\t<div class=\"elementor-divider\">\n\t\t\t<span class=\"elementor-divider-separator\">\n\t\t\t\t\t\t\t<p class=\"elementor-divider__text elementor-divider__element\">\n\t\t\t\tPage 7\t\t\t\t<\/p>\n\t\t\t\t\t\t<\/span>\n\t\t<\/div>\n\t\t\t\t\t\t<\/div>\n\t\t\t\t<\/div>\n\t\t\t\t<div class=\"elementor-element elementor-element-045835c elementor-widget elementor-widget-text-editor\" data-id=\"045835c\" data-element_type=\"widget\" data-e-type=\"widget\" data-widget_type=\"text-editor.default\">\n\t\t\t\t<div class=\"elementor-widget-container\">\n\t\t\t\t\t\t\t\t\t<p><a href=\"#_ftn41\">[41] Comte Alfred DE FALLOUX, \u00ab discours de monsieur de Falloux ministre de&#8230;<\/a><\/p>\t\t\t\t\t\t\t\t<\/div>\n\t\t\t\t<\/div>\n\t\t\t\t<div class=\"elementor-element elementor-element-b2e3e24 elementor-widget elementor-widget-text-editor\" data-id=\"b2e3e24\" data-element_type=\"widget\" data-e-type=\"widget\" data-widget_type=\"text-editor.default\">\n\t\t\t\t<div class=\"elementor-widget-container\">\n\t\t\t\t\t\t\t\t\t<p><a href=\"#_ftn42\">[42] <em>Le Moniteur<\/em>, dimanche 12 ao\u00fbt 1849, compte rendu de la s\u00e9ance du 11<\/a><\/p><p><a href=\"#_ftn43\">[43] Lettre de Paul de Dieuleveult n\u00b015, mercredi 12 d\u00e9cembre 1849<\/a><\/p>\t\t\t\t\t\t\t\t<\/div>\n\t\t\t\t<\/div>\n\t\t\t\t<div class=\"elementor-element elementor-element-975eb82 elementor-widget elementor-widget-text-editor\" data-id=\"975eb82\" data-element_type=\"widget\" data-e-type=\"widget\" data-widget_type=\"text-editor.default\">\n\t\t\t\t<div class=\"elementor-widget-container\">\n\t\t\t\t\t\t\t\t\t<p><a href=\"#_ftn44\">[44] <em>Le Moniteur<\/em>, jeudi 22 novembre 1849, compte rendu de la s\u00e9ance du 21<\/a><\/p>\t\t\t\t\t\t\t\t<\/div>\n\t\t\t\t<\/div>\n\t\t\t\t<div class=\"elementor-element elementor-element-54e71ef elementor-widget elementor-widget-text-editor\" data-id=\"54e71ef\" data-element_type=\"widget\" data-e-type=\"widget\" data-widget_type=\"text-editor.default\">\n\t\t\t\t<div class=\"elementor-widget-container\">\n\t\t\t\t\t\t\t\t\t<p><a href=\"#_ftn45\">[45] Lettre de Paul de Dieuleveult n\u00b028, vendredi 15 mars 1850<\/a><\/p><p><a href=\"#_ftn46\">[46] Philippe VIGIER, <em>La Seconde R\u00e9publique<\/em>, Paris, PUF, collection Que sais-je ?&#8230;<\/a><\/p>\t\t\t\t\t\t\t\t<\/div>\n\t\t\t\t<\/div>\n\t\t\t\t<div class=\"elementor-element elementor-element-5f6a491 elementor-absolute elementor-widget elementor-widget-text-editor\" data-id=\"5f6a491\" data-element_type=\"widget\" data-e-type=\"widget\" data-settings=\"{&quot;_position&quot;:&quot;absolute&quot;}\" data-widget_type=\"text-editor.default\">\n\t\t\t\t<div class=\"elementor-widget-container\">\n\t\t\t\t\t\t\t\t\t<p><a href=\"#_ftn47\">[47] Maurice AGULHON, <em>1848 ou \u2026<\/em>, <em>op. cit.<\/em>, pp. 165-166<\/a><\/p>\t\t\t\t\t\t\t\t<\/div>\n\t\t\t\t<\/div>\n\t\t\t\t\t<\/div>\n\t\t<\/div>\n\t\t\t\t\t<\/div>\n\t\t<\/section>\n\t\t\t\t<section data-particle_enable=\"false\" data-particle-mobile-disabled=\"false\" class=\"elementor-section elementor-top-section elementor-element elementor-element-22441f9 elementor-section-boxed elementor-section-height-default elementor-section-height-default\" data-id=\"22441f9\" data-element_type=\"section\" data-e-type=\"section\">\n\t\t\t\t\t\t<div class=\"elementor-container elementor-column-gap-default\">\n\t\t\t\t\t<div class=\"elementor-column elementor-col-50 elementor-top-column elementor-element elementor-element-f2d604f\" data-id=\"f2d604f\" data-element_type=\"column\" data-e-type=\"column\">\n\t\t\t<div class=\"elementor-widget-wrap elementor-element-populated\">\n\t\t\t\t\t\t<div class=\"elementor-element elementor-element-ee23047 elementor-widget elementor-widget-text-editor\" data-id=\"ee23047\" data-element_type=\"widget\" data-e-type=\"widget\" data-widget_type=\"text-editor.default\">\n\t\t\t\t<div class=\"elementor-widget-container\">\n\t\t\t\t\t\t\t\t\t<p>Les l\u00e9gitimistes votent favorablement, le 5, sur la question de savoir si l\u2019assembl\u00e9e passera \u00e0 une seconde d\u00e9lib\u00e9ration du projet de loi sur la d\u00e9portation, qui est accept\u00e9e par 431 voix contre 217. Lors de cette s\u00e9ance, Victor Hugo s\u2019\u00e9carte d\u00e9finitivement du camp conservateur. Son intervention attire sur lui les foudres de la droite. \u00c0 l\u2019instar de ses amis politiques, Paul de Dieuleveult t\u00e9moigne de l\u2019ironie \u00e0 son encontre. Le jour m\u00eame, il r\u00e9dige ceci \u00e0 l\u2019intention de son fr\u00e8re\u00a0: \u00ab\u00a0Je ne puis continuer tant il y a de tumulte\u00a0: Victor Hugo descend de la tribune. Il a parl\u00e9 contre la loi de d\u00e9portation\u00a0: je te renvoie au journal de demain si tu as la curiosit\u00e9 de lire un tissu d\u2019antith\u00e8ses.\u00a0\u00bb<a href=\"#_ftn48\" name=\"_ftnref48\">[48]<\/a> La loi est d\u00e9finitivement adopt\u00e9e le 8 juin et s\u2019applique aux condamn\u00e9s pour crime politique, qui doivent accomplir leur peine sur les \u00eeles Marquises dans le Pacifique.<\/p><p>Le 31 mai, il apporte sa voix, avec 432 de ses coll\u00e8gues et 106 autres l\u00e9gitimistes, \u00e0 l\u2019ensemble du projet de loi concernant la r\u00e9vision de la loi \u00e9lectorale du 15 mars 1849, seulement refus\u00e9e par 241 d\u00e9put\u00e9s. Cette loi \u00e9lectorale constitue l\u2019apog\u00e9e de la politique r\u00e9actionnaire de l\u2019assembl\u00e9e. Elle institue un suffrage restreint, interdit pour les individus qui r\u00e9sident depuis moins de trois ans dans la commune d\u2019inscription, pour ceux qui ne sont pas inscrits au registre des imp\u00f4ts ou ont \u00e9t\u00e9 l\u2019objet de condamnations m\u00eame infimes.<\/p><p>Les derniers temps de la session parlementaire sont domin\u00e9s par le d\u00e9bat sur l\u2019augmentation du cautionnement des journaux et le timbre des \u00e9crits p\u00e9riodiques ou non, qui vise \u00ab\u00a0la presse pauvre\u00a0\u00bb dont la vie est rendue tr\u00e8s difficile. Les d\u00e9put\u00e9s l\u00e9gitimistes, qui aspirent globalement \u00e0 la r\u00e9pression, y adh\u00e8rent. Le 16 juillet, l\u2019ensemble est nettement adopt\u00e9 par 386 voix (dont 95 l\u00e9gitimistes) contre 256.<\/p><p>Malgr\u00e9 leur position de force au d\u00e9but de la Seconde R\u00e9publique, les l\u00e9gitimistes subissent un \u00e9chec politique qui les condamne \u00e0 un effacement politique. Ils sont victimes des fragilit\u00e9s de la coalition des droites parlementaires et des tensions internes au sein de leur propre mouvement. La lutte sans merci qu\u2019ils engagent contre les autres forces de droite est une impasse qui se concr\u00e9tise par le coup d\u2019\u00c9tat du 2 d\u00e9cembre 1851, v\u00e9ritable coup de gr\u00e2ce pour eux. L\u2019apr\u00e8s 2 d\u00e9cembre marque leur d\u00e9bandade \u00e0 cause de leur impossibilit\u00e9 \u00e0 surmonter les divisions et \u00e0 \u00e9tablir une strat\u00e9gie claire.<\/p><p>Ils ont \u0153uvr\u00e9 au sein d\u2019un parti de l\u2019Ordre conservateur, sous l\u2019Assembl\u00e9e constituante comme sous l\u2019Assembl\u00e9e l\u00e9gislative, \u00e0 la mise en \u0153uvre d\u2019une R\u00e9publique mod\u00e9r\u00e9e, faute de mieux. Cette \u00ab\u00a0R\u00e9publique institu\u00e9e\u00a0\u00bb repose sur une Constitution, des \u00e9lections au suffrage universel, une conception exclusive de la repr\u00e9sentation qui refuse de permettre aux journaux et aux clubs de jouer un r\u00f4le politique.<\/p><p>Pour autant, les tenants d\u2019une R\u00e9publique d\u00e9mocratique et sociale n\u2019abandonnent pas le combat. Des projets ouvriers d\u2019\u00e9mancipation des travailleurs en dehors de l\u2019\u00c9tat continuent \u00e0 voir le jour sous la Seconde R\u00e9publique. L\u2019Union des associations, cr\u00e9\u00e9e en octobre 1849, vise \u00e0 s\u2019organiser sur une base corporative et \u00e0 structurer l\u2019ensemble de la vie \u00e9conomique. Elle est finalement dissoute en 1850. La culture corporative survit au Second Empire et ressurgit au moment de la Commune en 1871 avec la cr\u00e9ation de la Commission du travail et de l\u2019\u00e9change. Les mouvements sociaux, qui s\u2019expriment apr\u00e8s 1870 sous les diff\u00e9rentes R\u00e9publiques, d\u00e9montrent que les tensions entre R\u00e9publique conservatrice et R\u00e9publique d\u00e9mocratique et sociale n\u2019ont pas disparu.<\/p>\t\t\t\t\t\t\t\t<\/div>\n\t\t\t\t<\/div>\n\t\t\t\t<div class=\"elementor-element elementor-element-90ffd71 elementor-widget-divider--view-line elementor-widget elementor-widget-divider\" data-id=\"90ffd71\" data-element_type=\"widget\" data-e-type=\"widget\" data-widget_type=\"divider.default\">\n\t\t\t\t<div class=\"elementor-widget-container\">\n\t\t\t\t\t\t\t<div class=\"elementor-divider\">\n\t\t\t<span class=\"elementor-divider-separator\">\n\t\t\t\t\t\t<\/span>\n\t\t<\/div>\n\t\t\t\t\t\t<\/div>\n\t\t\t\t<\/div>\n\t\t\t\t\t<\/div>\n\t\t<\/div>\n\t\t\t\t<div class=\"elementor-column elementor-col-50 elementor-top-column elementor-element elementor-element-a06a33b elementor-hidden-mobile\" data-id=\"a06a33b\" data-element_type=\"column\" data-e-type=\"column\">\n\t\t\t<div class=\"elementor-widget-wrap elementor-element-populated\">\n\t\t\t\t\t\t<div class=\"elementor-element elementor-element-b99e0d1 elementor-widget-divider--view-line_text elementor-widget-divider--element-align-center elementor-widget elementor-widget-divider\" data-id=\"b99e0d1\" data-element_type=\"widget\" data-e-type=\"widget\" data-widget_type=\"divider.default\">\n\t\t\t\t<div class=\"elementor-widget-container\">\n\t\t\t\t\t\t\t<div class=\"elementor-divider\">\n\t\t\t<span class=\"elementor-divider-separator\">\n\t\t\t\t\t\t\t<p class=\"elementor-divider__text elementor-divider__element\">\n\t\t\t\tPage 8\t\t\t\t<\/p>\n\t\t\t\t\t\t<\/span>\n\t\t<\/div>\n\t\t\t\t\t\t<\/div>\n\t\t\t\t<\/div>\n\t\t\t\t<div class=\"elementor-element elementor-element-b627435 elementor-widget elementor-widget-text-editor\" data-id=\"b627435\" data-element_type=\"widget\" data-e-type=\"widget\" data-widget_type=\"text-editor.default\">\n\t\t\t\t<div class=\"elementor-widget-container\">\n\t\t\t\t\t\t\t\t\t<p><a href=\"#_ftn48\">[48] Lettre de Paul de Dieuleveult n\u00b034, vendredi 5 avril 1850<\/a><\/p>\t\t\t\t\t\t\t\t<\/div>\n\t\t\t\t<\/div>\n\t\t\t\t\t<\/div>\n\t\t<\/div>\n\t\t\t\t\t<\/div>\n\t\t<\/section>\n\t\t\t\t<section data-particle_enable=\"false\" data-particle-mobile-disabled=\"false\" class=\"elementor-section elementor-top-section elementor-element elementor-element-00484d5 elementor-section-boxed elementor-section-height-default elementor-section-height-default\" data-id=\"00484d5\" data-element_type=\"section\" data-e-type=\"section\">\n\t\t\t\t\t\t<div class=\"elementor-container elementor-column-gap-default\">\n\t\t\t\t\t<div class=\"elementor-column elementor-col-50 elementor-top-column elementor-element elementor-element-a04bcbc\" data-id=\"a04bcbc\" data-element_type=\"column\" data-e-type=\"column\">\n\t\t\t<div class=\"elementor-widget-wrap elementor-element-populated\">\n\t\t\t\t\t\t<div class=\"elementor-element elementor-element-67eb900 elementor-widget elementor-widget-text-editor\" data-id=\"67eb900\" data-element_type=\"widget\" data-e-type=\"widget\" data-widget_type=\"text-editor.default\">\n\t\t\t\t<div class=\"elementor-widget-container\">\n\t\t\t\t\t\t\t\t\t<p><a href=\"#_ftnref1\" name=\"_ftn1\">[1]<\/a> David STEFANELLY, <em>Affirmation puis effacement du mouvement l\u00e9gitimiste sous la Seconde R\u00e9publique \u00e0 partir de la correspondance de Paul de Dieuleveult<\/em>, ANRT, 2013, 562 pages<\/p><p><a href=\"#_ftnref2\" name=\"_ftn2\">[2]<\/a> Samuel HAYAT, <em>1848, quand la R\u00e9publique \u00e9tait r\u00e9volutionnaire. Citoyennet\u00e9 et repr\u00e9sentation<\/em>, Seuil, 2014, 405 pages\u00a0; Marie-H\u00e9l\u00e8ne BAYLAC, <em>La peur du peuple. Histoire de la II e R\u00e9publique 1848-1852<\/em>, Perrin, 2022, 424 pages<\/p><p><a href=\"#_ftnref3\" name=\"_ftn3\">[3]<\/a> Claude NICOLET, <em>L\u2019Id\u00e9e r\u00e9publicaine en France (1789-1924), Essai d\u2019histoire critique<\/em>, Paris, Gallimard, 1982, 668 pages<\/p><p><a href=\"#_ftnref4\" name=\"_ftn4\">[4]<\/a> Christine GUIONNET, <em>L\u2019apprentissage de la politique moderne\u00a0: les \u00e9lections municipales sous la monarchie de Juillet<\/em>, Paris, L\u2019Harmattan, 1997, p. 138<\/p><p><a href=\"#_ftnref5\" name=\"_ftn5\">[5]<\/a> Charles BERANGER, <em>P\u00e9tition d\u2019un prol\u00e9taire \u00e0 la Chambre des d\u00e9put\u00e9s<\/em> (extrait du <em>Globe<\/em> du 3 f\u00e9vrier 1831), Paris, Bureau de l\u2019Organisateur, 1831, p.4<\/p><p><a href=\"#_ftnref6\" name=\"_ftn6\">[6]<\/a> <em>Le Moniteur universel<\/em>, n\u00b0138, 17 mai 1840, p. 1080-1081<\/p><p><a href=\"#_ftnref7\" name=\"_ftn7\">[7]<\/a> Samuel HAYAT, \u00ab\u00a0La repr\u00e9sentation inclusive\u00a0\u00bb, <em>Raisons politiques<\/em>, n\u00b050, 2013, p. 115-135<\/p><p><a href=\"#_ftnref8\" name=\"_ftn8\">[8]<\/a> Louis HINCKER, <em>Citoyens-combattants \u00e0 Paris, 1848-1851<\/em>, Villeneuve-d\u2019Ascq, Presses universitaires du Septentrion, 2007<\/p><p><a href=\"#_ftnref9\" name=\"_ftn9\">[9]<\/a> <em>L\u2019Ami du peuple<\/em>, n\u00b0 2, 28 f\u00e9vrier 1848<\/p><p><a href=\"#_ftnref10\" name=\"_ftn10\">[10]<\/a> Karl MARX, <em>Les luttes de classes en France<\/em>, Paris, Gallimard, 2007 [1850], p. 20<\/p><p><a href=\"#_ftnref11\" name=\"_ftn11\">[11]<\/a> <em>L\u2019Ami du peuple<\/em>, n\u00b06, 23 mars 1848<\/p><p><a href=\"#_ftnref12\" name=\"_ftn12\">[12]<\/a> <em>Le Populaire<\/em>, n\u00b07, 17 mars 1848, p. 2-3<\/p><p><a href=\"#_ftnref13\" name=\"_ftn13\">[13]<\/a> <em>Bulletin de la R\u00e9publique<\/em>, n\u00b015, 13 avril 1848<\/p><p><a href=\"#_ftnref14\" name=\"_ftn14\">[14]<\/a> <em>Actes du Gouvernement provisoire<\/em>, p. 148-149<\/p><p><a href=\"#_ftnref15\" name=\"_ftn15\">[15]<\/a> <em>Actes du Gouvernement provisoire<\/em>, p. 281<\/p><p><a href=\"#_ftnref16\" name=\"_ftn16\">[16]<\/a> <em>Compte-rendu des s\u00e9ances de l\u2019Assembl\u00e9e nationale<\/em>, t. 1, p. 190<\/p><p><a href=\"#_ftnref17\" name=\"_ftn17\">[17]<\/a> Alfred DE FALLOUX, <em>M\u00e9moires d\u2019un royaliste<\/em>, Paris, Perrin et Cie, 1888, p. 314<\/p><p><a href=\"#_ftnref18\" name=\"_ftn18\">[18]<\/a> Jean-Fran\u00e7ois SIRINELLI, <em>Les droites fran\u00e7aises &#8211; de la R\u00e9volution \u00e0 nos jours &#8211;<\/em>, Gallimard, Folio Histoire, 1995, p. 189<\/p><p><a href=\"#_ftnref19\" name=\"_ftn19\">[19]<\/a> Lettre de Paul de Dieuleveult n\u00b03, lundi 11 juin 1849<\/p><p><a href=\"#_ftnref20\" name=\"_ftn20\">[20]<\/a> Albert DE RESS\u00c9GUIER, \u00ab\u00a0rapport fait, au nom de la dix-huiti\u00e8me commission d\u2019initiative parlementaire, sur la proposition de monsieur Desmousseaux de Givr\u00e9, tendant \u00e0 mettre en harmonie le r\u00e8glement de l\u2019assembl\u00e9e et les lois contre les attroupements. S\u00e9ance du 5 avril 1851 \u00bb, <em>Assembl\u00e9e nationale\u00a0 l\u00e9gislative. Impressions<\/em>. <em>1851<\/em>, tome 26, n\u00b0 1827, BNF<\/p><p><a href=\"#_ftnref21\" name=\"_ftn21\">[21]<\/a> Jean-Fran\u00e7ois SIRINELLI, <em>Les droites fran\u00e7aises \u2026<\/em>, <em>op. cit.<\/em>, pp. 191-192<\/p><p><a href=\"#_ftnref22\" name=\"_ftn22\">[22]<\/a> Pierre L\u00c9V\u00caQUE, <em>Histoire des forces politiques en France 1789-1880<\/em>, tome 1, Paris, A. Colin, 1992, p. 164<\/p><p><a href=\"#_ftnref23\" name=\"_ftn23\">[23]<\/a> Lettre de Paul de Dieuleveult n\u00b016, dimanche 16 d\u00e9cembre 1849<\/p><p><a href=\"#_ftnref24\" name=\"_ftn24\">[24]<\/a> Lettre de Paul de Dieuleveult n\u00b02, mercredi 6 juin 1849<\/p><p><a href=\"#_ftnref25\" name=\"_ftn25\">[25]<\/a> Lettre de Paul de Dieuleveult n\u00b03, lundi 11 juin 1849<\/p><p><a href=\"#_ftnref26\" name=\"_ftn26\">[26]<\/a> Alfred DE FALLOUX, \u00ab\u00a0rapport fait, au nom du comit\u00e9 des travailleurs sur les ateliers nationaux. S\u00e9ance du 23 juin 1848\u00a0\u00bb, <em>Assembl\u00e9e constituante. 1848-1849. Impressions<\/em>, tome 2, n\u00b0 114, BNF<\/p><p><a href=\"#_ftnref27\" name=\"_ftn27\">[27]<\/a> Sylvie APRILE, <em>1815-1870. La R\u00e9volution inachev\u00e9e<\/em>, Paris, Belin, 2010, p. 318<\/p><p><a href=\"#_ftnref28\" name=\"_ftn28\">[28]<\/a> <em>Le Moniteur<\/em>, dimanche 27 ao\u00fbt 1848, compte rendu de la s\u00e9ance du 26<\/p><p><a href=\"#_ftnref29\" name=\"_ftn29\">[29]<\/a> <em>Le Moniteur<\/em>, mardi 20 mars 1849, compte rendu de la s\u00e9ance du 19<\/p><p><a href=\"#_ftnref30\" name=\"_ftn30\">[30]<\/a> <em>Le Moniteur<\/em>, vendredi 25 mai 1849, compte rendu de la s\u00e9ance du 24\u00a0; comte Alfred DE FALLOUX, \u00ab\u00a0discours de monsieur de Falloux, ministre de l\u2019Instruction publique, sur la situation du pays et sur les ateliers nationaux, \u00e0 la s\u00e9ance de l\u2019Assembl\u00e9e nationale du 24 mai 1849\u00a0\u00bb, <em>Assembl\u00e9e constituante de 1848. D\u00e9tails<\/em>, BNF<\/p><p><a href=\"#_ftnref31\" name=\"_ftn31\">[31]<\/a> Lettre de Paul de Dieuleveult n\u00b01, mardi 29 mai 1849<\/p><p><a href=\"#_ftnref32\" name=\"_ftn32\">[32]<\/a> <em>Le Moniteur<\/em>, mercredi 30 mai 1849, compte rendu de la s\u00e9ance du 29<\/p><p><a href=\"#_ftnref33\" name=\"_ftn33\">[33]<\/a> Lettre de Paul de Dieuleveult n\u00b04, vendredi 15 juin 1849<\/p><p><a href=\"#_ftnref34\" name=\"_ftn34\">[34]<\/a> Lettre de Paul de Dieuleveult n\u00b05, samedi 16 juin 1849<\/p><p><a href=\"#_ftnref35\" name=\"_ftn35\">[35]<\/a> In\u00e8s MURAT, <em>La deuxi\u00e8me r\u00e9publique, 1848-1851<\/em>, Paris, Fayard, 1987, p. 412<\/p><p><a href=\"#_ftnref36\" name=\"_ftn36\">[36]<\/a> <em>Le Moniteur<\/em>, samedi 16 juin 1849, compte rendu de la s\u00e9ance du 15<\/p><p><a href=\"#_ftnref37\" name=\"_ftn37\">[37]<\/a> Lettre de Paul de Dieuleveult n\u00b04, vendredi 15 juin 1849<\/p><p><a href=\"#_ftnref38\" name=\"_ftn38\">[38]<\/a> Maurice AGULHON, <em>1848 ou l\u2019apprentissage de la R\u00e9publique (1848-1852)<\/em>, Paris, Nouvelle histoire de la France contemporaine, Seuil, 1992, p. 160<\/p><p><a href=\"#_ftnref39\" name=\"_ftn39\">[39]<\/a> Lettre de Paul de Dieuleveult n\u00b07, lundi 30 juin 1849<\/p><p><a href=\"#_ftnref40\" name=\"_ftn40\">[40]<\/a> <em>Le Moniteur<\/em>, samedi 30 juin 1849, compte rendu de la s\u00e9ance du 29<\/p><p><a href=\"#_ftnref41\" name=\"_ftn41\">[41]<\/a> Comte Alfred DE FALLOUX, \u00ab\u00a0discours de monsieur de Falloux ministre de l\u2019Instruction publique sur les affaires de Rome. S\u00e9ance du 7 ao\u00fbt 1849\u00a0\u00bb, <em>Comit\u00e9 pour la d\u00e9fense de la libert\u00e9 religieuse<\/em>, BNF<\/p><p><a href=\"#_ftnref42\" name=\"_ftn42\">[42]<\/a> <em>Le Moniteur<\/em>, dimanche 12 ao\u00fbt 1849, compte rendu de la s\u00e9ance du 11<\/p><p><a href=\"#_ftnref43\" name=\"_ftn43\">[43]<\/a> Lettre de Paul de Dieuleveult n\u00b015, mercredi 12 d\u00e9cembre 1849<\/p><p><a href=\"#_ftnref44\" name=\"_ftn44\">[44]<\/a> <em>Le Moniteur<\/em>, jeudi 22 novembre 1849, compte rendu de la s\u00e9ance du 21<\/p><p><a href=\"#_ftnref45\" name=\"_ftn45\">[45]<\/a> Lettre de Paul de Dieuleveult n\u00b028, vendredi 15 mars 1850<\/p><p><a href=\"#_ftnref46\" name=\"_ftn46\">[46]<\/a> Philippe VIGIER, <em>La Seconde R\u00e9publique<\/em>, Paris, PUF, collection Que sais-je\u00a0?, 2001, pp. 101-107<\/p><p><a href=\"#_ftnref47\" name=\"_ftn47\">[47]<\/a> Maurice AGULHON, <em>1848 ou \u2026<\/em>, <em>op. cit.<\/em>, pp. 165-166<\/p><p><a href=\"#_ftnref48\" name=\"_ftn48\">[48]<\/a> Lettre de Paul de Dieuleveult n\u00b034, vendredi 5 avril 1850<\/p>\t\t\t\t\t\t\t\t<\/div>\n\t\t\t\t<\/div>\n\t\t\t\t\t<\/div>\n\t\t<\/div>\n\t\t\t\t<div class=\"elementor-column elementor-col-50 elementor-top-column elementor-element elementor-element-947632a\" data-id=\"947632a\" data-element_type=\"column\" data-e-type=\"column\">\n\t\t\t<div class=\"elementor-widget-wrap\">\n\t\t\t\t\t\t\t<\/div>\n\t\t<\/div>\n\t\t\t\t\t<\/div>\n\t\t<\/section>\n\t\t\t\t<section data-particle_enable=\"false\" data-particle-mobile-disabled=\"false\" class=\"elementor-section elementor-top-section elementor-element elementor-element-cc956bb elementor-section-boxed elementor-section-height-default elementor-section-height-default\" data-id=\"cc956bb\" data-element_type=\"section\" data-e-type=\"section\">\n\t\t\t\t\t\t<div class=\"elementor-container elementor-column-gap-default\">\n\t\t\t\t\t<div class=\"elementor-column elementor-col-100 elementor-top-column elementor-element elementor-element-0375ca6\" data-id=\"0375ca6\" data-element_type=\"column\" data-e-type=\"column\">\n\t\t\t<div class=\"elementor-widget-wrap elementor-element-populated\">\n\t\t\t\t\t\t<div class=\"elementor-element elementor-element-df49d5c elementor-share-buttons--skin-boxed elementor-share-buttons--view-icon-text elementor-share-buttons--shape-square elementor-grid-0 elementor-share-buttons--color-official elementor-widget elementor-widget-share-buttons\" data-id=\"df49d5c\" data-element_type=\"widget\" data-e-type=\"widget\" data-widget_type=\"share-buttons.default\">\n\t\t\t\t<div class=\"elementor-widget-container\">\n\t\t\t\t\t\t\t<div class=\"elementor-grid\" role=\"list\">\n\t\t\t\t\t\t\t\t<div class=\"elementor-grid-item\" role=\"listitem\">\n\t\t\t\t\t\t<div class=\"elementor-share-btn elementor-share-btn_facebook\" role=\"button\" tabindex=\"0\" aria-label=\"Partager sur facebook\">\n\t\t\t\t\t\t\t\t\t\t\t\t\t\t\t<span class=\"elementor-share-btn__icon\">\n\t\t\t\t\t\t\t\t<i class=\"fab fa-facebook\" aria-hidden=\"true\"><\/i>\t\t\t\t\t\t\t<\/span>\n\t\t\t\t\t\t\t\t\t\t\t\t\t\t\t\t\t\t\t\t\t\t<div class=\"elementor-share-btn__text\">\n\t\t\t\t\t\t\t\t\t\t\t\t\t\t\t\t\t\t\t<span class=\"elementor-share-btn__title\">\n\t\t\t\t\t\t\t\t\t\tFacebook\t\t\t\t\t\t\t\t\t<\/span>\n\t\t\t\t\t\t\t\t\t\t\t\t\t\t\t\t\t<\/div>\n\t\t\t\t\t\t\t\t\t\t\t\t\t<\/div>\n\t\t\t\t\t<\/div>\n\t\t\t\t\t\t\t\t\t<div class=\"elementor-grid-item\" role=\"listitem\">\n\t\t\t\t\t\t<div class=\"elementor-share-btn elementor-share-btn_twitter\" role=\"button\" tabindex=\"0\" aria-label=\"Partager sur twitter\">\n\t\t\t\t\t\t\t\t\t\t\t\t\t\t\t<span class=\"elementor-share-btn__icon\">\n\t\t\t\t\t\t\t\t<i class=\"fab fa-twitter\" aria-hidden=\"true\"><\/i>\t\t\t\t\t\t\t<\/span>\n\t\t\t\t\t\t\t\t\t\t\t\t\t\t\t\t\t\t\t\t\t\t<div class=\"elementor-share-btn__text\">\n\t\t\t\t\t\t\t\t\t\t\t\t\t\t\t\t\t\t\t<span class=\"elementor-share-btn__title\">\n\t\t\t\t\t\t\t\t\t\tTwitter\t\t\t\t\t\t\t\t\t<\/span>\n\t\t\t\t\t\t\t\t\t\t\t\t\t\t\t\t\t<\/div>\n\t\t\t\t\t\t\t\t\t\t\t\t\t<\/div>\n\t\t\t\t\t<\/div>\n\t\t\t\t\t\t\t\t\t<div class=\"elementor-grid-item\" role=\"listitem\">\n\t\t\t\t\t\t<div class=\"elementor-share-btn elementor-share-btn_linkedin\" role=\"button\" tabindex=\"0\" aria-label=\"Partager sur linkedin\">\n\t\t\t\t\t\t\t\t\t\t\t\t\t\t\t<span class=\"elementor-share-btn__icon\">\n\t\t\t\t\t\t\t\t<i class=\"fab fa-linkedin\" aria-hidden=\"true\"><\/i>\t\t\t\t\t\t\t<\/span>\n\t\t\t\t\t\t\t\t\t\t\t\t\t\t\t\t\t\t\t\t\t\t<div class=\"elementor-share-btn__text\">\n\t\t\t\t\t\t\t\t\t\t\t\t\t\t\t\t\t\t\t<span class=\"elementor-share-btn__title\">\n\t\t\t\t\t\t\t\t\t\tLinkedIn\t\t\t\t\t\t\t\t\t<\/span>\n\t\t\t\t\t\t\t\t\t\t\t\t\t\t\t\t\t<\/div>\n\t\t\t\t\t\t\t\t\t\t\t\t\t<\/div>\n\t\t\t\t\t<\/div>\n\t\t\t\t\t\t<\/div>\n\t\t\t\t\t\t<\/div>\n\t\t\t\t<\/div>\n\t\t\t\t<div class=\"elementor-element elementor-element-cbf3633 elementor-widget-divider--separator-type-pattern elementor-widget-divider--no-spacing elementor-widget-divider--view-line elementor-widget elementor-widget-divider\" data-id=\"cbf3633\" data-element_type=\"widget\" data-e-type=\"widget\" data-widget_type=\"divider.default\">\n\t\t\t\t<div class=\"elementor-widget-container\">\n\t\t\t\t\t\t\t<div class=\"elementor-divider\" style=\"--divider-pattern-url: url(&quot;data:image\/svg+xml,%3Csvg xmlns=&#039;http:\/\/www.w3.org\/2000\/svg&#039; preserveAspectRatio=&#039;none&#039; overflow=&#039;visible&#039; height=&#039;100%&#039; viewBox=&#039;0 0 24 24&#039; fill=&#039;black&#039; stroke=&#039;none&#039;%3E%3Cpath d=&#039;M24,8v12H0V8H24z M24,4v1H0V4H24z&#039;\/%3E%3C\/svg%3E&quot;);\">\n\t\t\t<span class=\"elementor-divider-separator\">\n\t\t\t\t\t\t<\/span>\n\t\t<\/div>\n\t\t\t\t\t\t<\/div>\n\t\t\t\t<\/div>\n\t\t\t\t<div class=\"elementor-element elementor-element-bfa8397 elementor-widget elementor-widget-heading\" data-id=\"bfa8397\" data-element_type=\"widget\" data-e-type=\"widget\" data-widget_type=\"heading.default\">\n\t\t\t\t<div class=\"elementor-widget-container\">\n\t\t\t\t\t<h4 class=\"elementor-heading-title elementor-size-default\">D'autres articles<\/h4>\t\t\t\t<\/div>\n\t\t\t\t<\/div>\n\t\t\t\t<div class=\"elementor-element elementor-element-4ba1513 elementor-grid-1 elementor-posts--thumbnail-left elementor-grid-tablet-1 elementor-grid-mobile-1 elementor-widget elementor-widget-posts\" data-id=\"4ba1513\" data-element_type=\"widget\" data-e-type=\"widget\" data-settings=\"{&quot;classic_columns&quot;:&quot;1&quot;,&quot;classic_row_gap&quot;:{&quot;unit&quot;:&quot;px&quot;,&quot;size&quot;:20,&quot;sizes&quot;:[]},&quot;classic_columns_tablet&quot;:&quot;1&quot;,&quot;classic_columns_mobile&quot;:&quot;1&quot;,&quot;classic_row_gap_tablet&quot;:{&quot;unit&quot;:&quot;px&quot;,&quot;size&quot;:&quot;&quot;,&quot;sizes&quot;:[]},&quot;classic_row_gap_mobile&quot;:{&quot;unit&quot;:&quot;px&quot;,&quot;size&quot;:&quot;&quot;,&quot;sizes&quot;:[]}}\" data-widget_type=\"posts.classic\">\n\t\t\t\t<div class=\"elementor-widget-container\">\n\t\t\t\t\t\t\t<div class=\"elementor-posts-container elementor-posts elementor-posts--skin-classic elementor-grid\" role=\"list\">\n\t\t\t\t<article class=\"elementor-post elementor-grid-item post-2027 post type-post status-publish format-standard has-post-thumbnail hentry category-numero3\" role=\"listitem\">\n\t\t\t\t<a class=\"elementor-post__thumbnail__link\" href=\"https:\/\/m3c.universita.corsica\/lumi\/la-loi-toubon-et-la-loi-101-de-la-philosophie-au-droit-la-france-et-le-quebec-entre-republicanisme-et-liberalisme\/\" tabindex=\"-1\" >\n\t\t\t<div class=\"elementor-post__thumbnail\"><img fetchpriority=\"high\" decoding=\"async\" width=\"300\" height=\"169\" src=\"https:\/\/lumi.univ-corse.fr\/wp-content\/uploads\/2023\/12\/quebec-france-lumi-numero-3-300x169.jpg\" class=\"attachment-medium size-medium wp-image-2130\" alt=\"\" srcset=\"https:\/\/lumi.univ-corse.fr\/wp-content\/uploads\/2023\/12\/quebec-france-lumi-numero-3-300x169.jpg 300w, https:\/\/lumi.univ-corse.fr\/wp-content\/uploads\/2023\/12\/quebec-france-lumi-numero-3-1024x576.jpg 1024w, https:\/\/lumi.univ-corse.fr\/wp-content\/uploads\/2023\/12\/quebec-france-lumi-numero-3-768x432.jpg 768w, https:\/\/lumi.univ-corse.fr\/wp-content\/uploads\/2023\/12\/quebec-france-lumi-numero-3-1536x864.jpg 1536w, https:\/\/lumi.univ-corse.fr\/wp-content\/uploads\/2023\/12\/quebec-france-lumi-numero-3-2048x1152.jpg 2048w\" sizes=\"(max-width: 300px) 100vw, 300px\" \/><\/div>\n\t\t<\/a>\n\t\t\t\t<div class=\"elementor-post__text\">\n\t\t\t\t<h3 class=\"elementor-post__title\">\n\t\t\t<a href=\"https:\/\/m3c.universita.corsica\/lumi\/la-loi-toubon-et-la-loi-101-de-la-philosophie-au-droit-la-france-et-le-quebec-entre-republicanisme-et-liberalisme\/\" >\n\t\t\t\tLa Loi Toubon et la Loi 101 de la philosophie au droit : la France et le Qu\u00e9bec entre r\u00e9publicanisme et lib\u00e9ralisme\t\t\t<\/a>\n\t\t<\/h3>\n\t\t\t\t<div class=\"elementor-post__meta-data\">\n\t\t\t\t\t<span class=\"elementor-post-date\">\n\t\t\t9 d\u00e9cembre 2023\t\t<\/span>\n\t\t\t\t<\/div>\n\t\t\t\t<div class=\"elementor-post__excerpt\">\n\t\t\t<p>Comme les travaux men\u00e9s par Joseph-G. Turi \u00e0 la fin des ann\u00e9es 1980 l\u2019ont d\u00e9montr\u00e9, les l\u00e9gislations linguistiques qu\u00e9b\u00e9coise et fran\u00e7aise visaient toutes deux la cons\u00e9cration d\u2019une seule langue officielle, mais avaient fait l\u2019objet d\u2019interpr\u00e9tations plut\u00f4t favorables \u00e0 une langue autre[2]. Depuis&#8230;<\/p>\n\t\t<\/div>\n\t\t\t\t<\/div>\n\t\t\t\t<\/article>\n\t\t\t\t<article class=\"elementor-post elementor-grid-item post-2019 post type-post status-publish format-standard has-post-thumbnail hentry category-numero3\" role=\"listitem\">\n\t\t\t\t<a class=\"elementor-post__thumbnail__link\" href=\"https:\/\/m3c.universita.corsica\/lumi\/pasquale-paoli-et-sa-documentation-sur-les-regimes-mixtes-de-lantiquite\/\" tabindex=\"-1\" >\n\t\t\t<div class=\"elementor-post__thumbnail\"><img decoding=\"async\" width=\"300\" height=\"169\" src=\"https:\/\/lumi.univ-corse.fr\/wp-content\/uploads\/2023\/12\/republicanisme-corse-lumi-numero-3-300x169.jpg\" class=\"attachment-medium size-medium wp-image-2081\" alt=\"\" srcset=\"https:\/\/lumi.univ-corse.fr\/wp-content\/uploads\/2023\/12\/republicanisme-corse-lumi-numero-3-300x169.jpg 300w, https:\/\/lumi.univ-corse.fr\/wp-content\/uploads\/2023\/12\/republicanisme-corse-lumi-numero-3-1024x576.jpg 1024w, https:\/\/lumi.univ-corse.fr\/wp-content\/uploads\/2023\/12\/republicanisme-corse-lumi-numero-3-768x432.jpg 768w, https:\/\/lumi.univ-corse.fr\/wp-content\/uploads\/2023\/12\/republicanisme-corse-lumi-numero-3-1536x864.jpg 1536w, https:\/\/lumi.univ-corse.fr\/wp-content\/uploads\/2023\/12\/republicanisme-corse-lumi-numero-3-2048x1152.jpg 2048w\" sizes=\"(max-width: 300px) 100vw, 300px\" \/><\/div>\n\t\t<\/a>\n\t\t\t\t<div class=\"elementor-post__text\">\n\t\t\t\t<h3 class=\"elementor-post__title\">\n\t\t\t<a href=\"https:\/\/m3c.universita.corsica\/lumi\/pasquale-paoli-et-sa-documentation-sur-les-regimes-mixtes-de-lantiquite\/\" >\n\t\t\t\tPasquale Paoli et sa documentation sur les r\u00e9gimes mixtes de l\u2019Antiquit\u00e9\t\t\t<\/a>\n\t\t<\/h3>\n\t\t\t\t<div class=\"elementor-post__meta-data\">\n\t\t\t\t\t<span class=\"elementor-post-date\">\n\t\t\t9 d\u00e9cembre 2023\t\t<\/span>\n\t\t\t\t<\/div>\n\t\t\t\t<div class=\"elementor-post__excerpt\">\n\t\t\t<p>Qu\u2019est-ce que les r\u00e9volutionnaires corses du XVIIIe si\u00e8cle ont cherch\u00e9 dans la documentation antique \u00e0 propos des r\u00e9gimes mixtes et, surtout, qu\u2019y ont-ils trouv\u00e9\u00a0? C\u2019est une question que l\u2019on abordera en la circonscrivant \u00e0 des limites raisonnables, c\u2019est-\u00e0-dire \u00e0 un personnage, Pasquale Paoli, et \u00e0 sa&#8230;<\/p>\n\t\t<\/div>\n\t\t\t\t<\/div>\n\t\t\t\t<\/article>\n\t\t\t\t<article class=\"elementor-post elementor-grid-item post-2006 post type-post status-publish format-standard has-post-thumbnail hentry category-editorial3\" role=\"listitem\">\n\t\t\t\t<a class=\"elementor-post__thumbnail__link\" href=\"https:\/\/m3c.universita.corsica\/lumi\/__trashed-2\/\" tabindex=\"-1\" >\n\t\t\t<div class=\"elementor-post__thumbnail\"><img decoding=\"async\" width=\"300\" height=\"168\" src=\"https:\/\/lumi.univ-corse.fr\/wp-content\/uploads\/2023\/12\/echanges-vincent-peillon-lumi-numero-3-300x168.jpg\" class=\"attachment-medium size-medium wp-image-2147\" alt=\"\" srcset=\"https:\/\/lumi.univ-corse.fr\/wp-content\/uploads\/2023\/12\/echanges-vincent-peillon-lumi-numero-3-300x168.jpg 300w, https:\/\/lumi.univ-corse.fr\/wp-content\/uploads\/2023\/12\/echanges-vincent-peillon-lumi-numero-3-1024x575.jpg 1024w, https:\/\/lumi.univ-corse.fr\/wp-content\/uploads\/2023\/12\/echanges-vincent-peillon-lumi-numero-3-768x431.jpg 768w, https:\/\/lumi.univ-corse.fr\/wp-content\/uploads\/2023\/12\/echanges-vincent-peillon-lumi-numero-3.jpg 1058w\" sizes=\"(max-width: 300px) 100vw, 300px\" \/><\/div>\n\t\t<\/a>\n\t\t\t\t<div class=\"elementor-post__text\">\n\t\t\t\t<h3 class=\"elementor-post__title\">\n\t\t\t<a href=\"https:\/\/m3c.universita.corsica\/lumi\/__trashed-2\/\" >\n\t\t\t\t\u00c9changes avec Vincent Peillon\t\t\t<\/a>\n\t\t<\/h3>\n\t\t\t\t<div class=\"elementor-post__meta-data\">\n\t\t\t\t\t<span class=\"elementor-post-date\">\n\t\t\t8 d\u00e9cembre 2023\t\t<\/span>\n\t\t\t\t<\/div>\n\t\t\t\t<div class=\"elementor-post__excerpt\">\n\t\t\t<p>Jean-Guy TALAMONI<br \/>\nMerci, Vincent Peillon, pour cette conf\u00e9rence qui ouvre des pistes et pr\u00e9sente des id\u00e9es nouvelles, \u00e0 plusieurs titres. Il serait int\u00e9ressant qu\u2019il y ait un \u00e9change avec les coll\u00e8gues qui sont pr\u00e9sents \u00e0 ce colloque. D\u2019autant que&#8230;<\/p>\n\t\t<\/div>\n\t\t\t\t<\/div>\n\t\t\t\t<\/article>\n\t\t\t\t<\/div>\n\t\t\n\t\t\t\t\t\t<\/div>\n\t\t\t\t<\/div>\n\t\t\t\t\t<\/div>\n\t\t<\/div>\n\t\t\t\t\t<\/div>\n\t\t<\/section>\n\t\t\t\t<\/div>\n\t\t","protected":false},"excerpt":{"rendered":"<p>La R\u00e9publique est un terme polys\u00e9mique. Le dictionnaire Larousse la qualifie de \u00ab\u00a0forme d\u2019organisation politique dans laquelle les d\u00e9tenteurs du pouvoir l\u2019exercent en vertu d\u2019un mandat conf\u00e9r\u00e9 par le corps social\u00a0\u00bb. La Seconde R\u00e9publique, qui s\u2019installe \u00e0 l\u2019issue de la r\u00e9volution des 22, 23 et 24 f\u00e9vrier 1848 en raison&#8230;<\/p>\n","protected":false},"author":37,"featured_media":2044,"comment_status":"closed","ping_status":"closed","sticky":false,"template":"","format":"standard","meta":{"_acf_changed":false,"footnotes":""},"categories":[20],"tags":[],"class_list":["post-1796","post","type-post","status-publish","format-standard","has-post-thumbnail","hentry","category-numero3"],"acf":[],"_links":{"self":[{"href":"https:\/\/m3c.universita.corsica\/lumi\/wp-json\/wp\/v2\/posts\/1796","targetHints":{"allow":["GET"]}}],"collection":[{"href":"https:\/\/m3c.universita.corsica\/lumi\/wp-json\/wp\/v2\/posts"}],"about":[{"href":"https:\/\/m3c.universita.corsica\/lumi\/wp-json\/wp\/v2\/types\/post"}],"author":[{"embeddable":true,"href":"https:\/\/m3c.universita.corsica\/lumi\/wp-json\/wp\/v2\/users\/37"}],"replies":[{"embeddable":true,"href":"https:\/\/m3c.universita.corsica\/lumi\/wp-json\/wp\/v2\/comments?post=1796"}],"version-history":[{"count":28,"href":"https:\/\/m3c.universita.corsica\/lumi\/wp-json\/wp\/v2\/posts\/1796\/revisions"}],"predecessor-version":[{"id":2377,"href":"https:\/\/m3c.universita.corsica\/lumi\/wp-json\/wp\/v2\/posts\/1796\/revisions\/2377"}],"wp:featuredmedia":[{"embeddable":true,"href":"https:\/\/m3c.universita.corsica\/lumi\/wp-json\/wp\/v2\/media\/2044"}],"wp:attachment":[{"href":"https:\/\/m3c.universita.corsica\/lumi\/wp-json\/wp\/v2\/media?parent=1796"}],"wp:term":[{"taxonomy":"category","embeddable":true,"href":"https:\/\/m3c.universita.corsica\/lumi\/wp-json\/wp\/v2\/categories?post=1796"},{"taxonomy":"post_tag","embeddable":true,"href":"https:\/\/m3c.universita.corsica\/lumi\/wp-json\/wp\/v2\/tags?post=1796"}],"curies":[{"name":"wp","href":"https:\/\/api.w.org\/{rel}","templated":true}]}}