{"id":1888,"date":"2023-11-27T14:33:47","date_gmt":"2023-11-27T14:33:47","guid":{"rendered":"https:\/\/m3c.universita.corsica\/lumi\/?p=1888"},"modified":"2023-12-11T20:10:26","modified_gmt":"2023-12-11T20:10:26","slug":"la-republique-francaise-un-archipel-institutionnel-en-mouvement","status":"publish","type":"post","link":"https:\/\/m3c.universita.corsica\/lumi\/la-republique-francaise-un-archipel-institutionnel-en-mouvement\/","title":{"rendered":"La R\u00e9publique fran\u00e7aise\u00a0: un archipel institutionnel en mouvement"},"content":{"rendered":"\t\t<div data-elementor-type=\"wp-post\" data-elementor-id=\"1888\" class=\"elementor elementor-1888\" data-elementor-post-type=\"post\">\n\t\t\t\t\t\t<section data-particle_enable=\"false\" data-particle-mobile-disabled=\"false\" class=\"elementor-section elementor-top-section elementor-element elementor-element-5f0b97a elementor-section-full_width elementor-section-height-min-height elementor-section-height-default elementor-section-items-middle\" data-id=\"5f0b97a\" data-element_type=\"section\" data-e-type=\"section\" data-settings=\"{&quot;background_background&quot;:&quot;classic&quot;}\">\n\t\t\t\t\t\t<div class=\"elementor-container elementor-column-gap-default\">\n\t\t\t\t\t<div class=\"elementor-column elementor-col-100 elementor-top-column elementor-element elementor-element-c422e10\" data-id=\"c422e10\" data-element_type=\"column\" data-e-type=\"column\">\n\t\t\t<div class=\"elementor-widget-wrap\">\n\t\t\t\t\t\t\t<\/div>\n\t\t<\/div>\n\t\t\t\t\t<\/div>\n\t\t<\/section>\n\t\t\t\t<section data-particle_enable=\"false\" data-particle-mobile-disabled=\"false\" class=\"elementor-section elementor-top-section elementor-element elementor-element-78311e2 elementor-section-boxed elementor-section-height-default elementor-section-height-default\" data-id=\"78311e2\" data-element_type=\"section\" data-e-type=\"section\">\n\t\t\t\t\t\t<div class=\"elementor-container elementor-column-gap-default\">\n\t\t\t\t\t<div class=\"elementor-column elementor-col-100 elementor-top-column elementor-element elementor-element-3f325f5\" data-id=\"3f325f5\" data-element_type=\"column\" data-e-type=\"column\">\n\t\t\t<div class=\"elementor-widget-wrap elementor-element-populated\">\n\t\t\t\t\t\t<div class=\"elementor-element elementor-element-d395b36 elementor-widget elementor-widget-heading\" data-id=\"d395b36\" data-element_type=\"widget\" data-e-type=\"widget\" data-widget_type=\"heading.default\">\n\t\t\t\t<div class=\"elementor-widget-container\">\n\t\t\t\t\t<h1 class=\"elementor-heading-title elementor-size-default\">La R\u00e9publique fran\u00e7aise\u00a0: un archipel institutionnel en mouvement<\/h1>\t\t\t\t<\/div>\n\t\t\t\t<\/div>\n\t\t\t\t<div class=\"elementor-element elementor-element-626ea71 elementor-author-box--name-yes elementor-author-box--biography-yes elementor-author-box--link-no elementor-widget elementor-widget-author-box\" data-id=\"626ea71\" data-element_type=\"widget\" data-e-type=\"widget\" data-widget_type=\"author-box.default\">\n\t\t\t\t<div class=\"elementor-widget-container\">\n\t\t\t\t\t\t\t<div class=\"elementor-author-box\">\n\t\t\t\n\t\t\t<div class=\"elementor-author-box__text\">\n\t\t\t\t\t\t\t\t\t<div >\n\t\t\t\t\t\t<h4 class=\"elementor-author-box__name\">\n\t\t\t\t\t\t\tAndr\u00e9 Fazi\t\t\t\t\t\t<\/h4>\n\t\t\t\t\t<\/div>\n\t\t\t\t\n\t\t\t\t\t\t\t\t\t<div class=\"elementor-author-box__bio\">\n\t\t\t\t\t\tUniversit\u00e9 de Corse, \u00c9quipe m\u00e9diterran\u00e9enne de recherche juridique (UR 7311)\t\t\t\t\t<\/div>\n\t\t\t\t\n\t\t\t\t\t\t\t<\/div>\n\t\t<\/div>\n\t\t\t\t\t\t<\/div>\n\t\t\t\t<\/div>\n\t\t\t\t<div class=\"elementor-element elementor-element-4875c9e elementor-align-left elementor-widget elementor-widget-button\" data-id=\"4875c9e\" data-element_type=\"widget\" data-e-type=\"widget\" data-widget_type=\"button.default\">\n\t\t\t\t<div class=\"elementor-widget-container\">\n\t\t\t\t\t\t\t\t\t<div class=\"elementor-button-wrapper\">\n\t\t\t\t\t<a class=\"elementor-button elementor-button-link elementor-size-sm\" href=\"\/lumi\/wp-content\/uploads\/2023\/12\/SQ_et_JGTFaziLa_Re\u0301publique_franc\u0327aise_archipel_institutionnel_V2_.pdf\" target=\"_blank\">\n\t\t\t\t\t\t<span class=\"elementor-button-content-wrapper\">\n\t\t\t\t\t\t<span class=\"elementor-button-icon\">\n\t\t\t\t<i aria-hidden=\"true\" class=\"fas fa-file-download\"><\/i>\t\t\t<\/span>\n\t\t\t\t\t\t\t\t\t<span class=\"elementor-button-text\">Visionner \/ T\u00e9l\u00e9charger la version PDF<\/span>\n\t\t\t\t\t<\/span>\n\t\t\t\t\t<\/a>\n\t\t\t\t<\/div>\n\t\t\t\t\t\t\t\t<\/div>\n\t\t\t\t<\/div>\n\t\t\t\t\t<\/div>\n\t\t<\/div>\n\t\t\t\t\t<\/div>\n\t\t<\/section>\n\t\t\t\t<section data-particle_enable=\"false\" data-particle-mobile-disabled=\"false\" class=\"elementor-section elementor-top-section elementor-element elementor-element-55f2337 elementor-section-boxed elementor-section-height-default elementor-section-height-default\" data-id=\"55f2337\" data-element_type=\"section\" data-e-type=\"section\">\n\t\t\t\t\t\t<div class=\"elementor-container elementor-column-gap-default\">\n\t\t\t\t\t<div class=\"elementor-column elementor-col-50 elementor-top-column elementor-element elementor-element-ce625dc\" data-id=\"ce625dc\" data-element_type=\"column\" data-e-type=\"column\">\n\t\t\t<div class=\"elementor-widget-wrap elementor-element-populated\">\n\t\t\t\t\t\t<div class=\"elementor-element elementor-element-18337e31 elementor-widget elementor-widget-text-editor\" data-id=\"18337e31\" data-element_type=\"widget\" data-e-type=\"widget\" data-widget_type=\"text-editor.default\">\n\t\t\t\t<div class=\"elementor-widget-container\">\n\t\t\t\t\t\t\t\t\t<p>Comme la majorit\u00e9 des \u00c9tats europ\u00e9ens depuis la Seconde guerre mondiale, la France \u00e9volue globalement dans le sens d\u2019une d\u00e9centralisation et d\u2019une flexibilisation de ses structures territoriales. Toutefois, rien ne serait plus erron\u00e9 que de croire en un processus univoque, lin\u00e9aire et touchant au m\u00eame titre l\u2019ensemble des territoires.<\/p><p>C\u2019est l\u2019occasion de revenir bri\u00e8vement sur l\u2019id\u00e9ologie unitaire n\u00e9e de la R\u00e9volution, avec ces liens \u00e9tablis entre 1\/ l\u2019entreprise de r\u00e9g\u00e9n\u00e9ration, qui visait selon le Constituant Lepeletier \u2013 pourtant issu de la noblesse \u2013 \u00e0 \u00ab\u00a0cr\u00e9er un nouveau peuple\u00a0\u00bb<a href=\"#_ftn1\" name=\"_ftnref1\">[1]<\/a>, 2\/ l\u2019\u00e9galit\u00e9 des citoyens devant la loi, et 3\/ leurs cons\u00e9quences oblig\u00e9es\u00a0: l\u2019uniformit\u00e9 des structures institutionnelles et le contr\u00f4le hi\u00e9rarchique du pouvoir central. La R\u00e9publique a sensiblement renforc\u00e9 les collectivit\u00e9s territoriales \u00e9lues depuis 1982, par exemple en leur transf\u00e9rant le pouvoir ex\u00e9cutif d\u00e9partemental, et \u00e9tabli de nouvelles collectivit\u00e9s \u00e0 statut particulier dont la Corse est l\u2019exemple le plus cit\u00e9. Pour autant, elle n\u2019a jamais reni\u00e9 cette id\u00e9ologie\u00a0; en d\u2019autres termes, cet ensemble de repr\u00e9sentations et de croyances qui commandent un certain mode d\u2019organisation de la vie en soci\u00e9t\u00e9. La R\u00e9publique ne se dit plus \u00ab\u00a0une et indivisible\u00a0\u00bb, mais les principes unitaires, consacr\u00e9s par la D\u00e9claration des droits de l\u2019homme et du citoyen et la Constitution, restent une formidable puissance structurante.<\/p><p>Malgr\u00e9 des effets majeurs, on aurait donc tort de penser le mouvement de d\u00e9centralisation et de flexibilisation initi\u00e9 en 1982 comme une r\u00e9volution institutionnelle. D\u2019une part, la France m\u00e9tropolitaine a presque toujours compt\u00e9 des statuts particuliers<a href=\"#_ftn2\" name=\"_ftnref2\">[2]<\/a>. Celui de Paris remonte \u00e0 1795 et a \u00e9t\u00e9 affermi par la loi la plus embl\u00e9matique de la centralisation fran\u00e7aise, celle du 28 pluvi\u00f4se an VIII. En quelque sorte, m\u00eame si l\u2019uniformit\u00e9 statutaire est le corollaire logique de l\u2019exigence \u00e9galitaire, on a toujours su faire pr\u00e9valoir d\u2019autres exigences, sp\u00e9cialement relatives \u00e0 la qualit\u00e9 du contr\u00f4le politique. Quant \u00e0 la Corse, elle a connu quatre \u00e9volutions statutaires en moins de 40 ans, et si l\u2019on ne saurait en pr\u00e9dire aujourd\u2019hui le contenu, il est possible qu\u2019elle en connaisse vite une cinqui\u00e8me, fond\u00e9e pour la premi\u00e8re fois sur la Constitution elle-m\u00eame.<\/p><p>D\u2019autre part, la loi n\u2019est pas ou pas exactement la m\u00eame pour tous en m\u00e9tropole, mais les dispositions particuli\u00e8res rel\u00e8vent de la volont\u00e9 du l\u00e9gislateur national. Par exemple, le code g\u00e9n\u00e9ral des collectivit\u00e9s territoriales comprend des dispositions particuli\u00e8res pour les communes des d\u00e9partements des Hauts-de-Seine, de la Seine-Saint-Denis et du Val-de-Marne, celles de la r\u00e9gion \u00cele-de-France, celles du Haut-Rhin, du Bas-Rhin et de la Moselle, enfin celles des d\u00e9partements corses.<\/p><p>Enfin, les libert\u00e9s locales s\u2019exercent dans des cadres nationaux dont la pr\u00e9cision et la complexit\u00e9 ne font que cro\u00eetre\u00a0; l\u2019urbanisme en est un bon exemple. Certes, le pouvoir central a toujours constitutionnellement d\u00e9tenu le pouvoir de fixer les r\u00e8gles relatives aux comp\u00e9tences et ressources des collectivit\u00e9s. Ainsi, malgr\u00e9 la r\u00e9vision de 2003, qui constitutionnalise l\u2019autonomie fiscale ou du moins la possibilit\u00e9 de celle-ci, les libert\u00e9s fiscales des \u00e9lus locaux ont \u00e9t\u00e9 terriblement r\u00e9duites depuis les ann\u00e9es 1990. Toutefois, cela va plus loin. D\u2019excellents sp\u00e9cialistes montrent que les nombreux transferts de comp\u00e9tences op\u00e9r\u00e9s depuis vingt ans ont \u00e9t\u00e9 accompagn\u00e9s de dispositifs de r\u00e9gulation de plus en plus influents\u00a0: contractualisations, labellisations, appels d\u2019offre, etc.<a href=\"#_ftn3\" name=\"_ftnref3\">[3]<\/a>\u00a0<\/p><p>Au demeurant, la France d\u2019outre-mer pr\u00e9sente un tableau fort diff\u00e9rent. Au reste, on ne parle plus trop de <em>l\u2019outre-mer<\/em> mais <em>des outre-mer<\/em> fran\u00e7ais, signifiant bien la remarquable pluralit\u00e9 des institutions concern\u00e9es. Dans ces outre-mer, les principes unitaires peuvent conna\u00eetre des atteintes de plus en plus marqu\u00e9es.<\/p><p>La diff\u00e9rence fondamentale r\u00e9side dans l\u2019exercice de la fonction l\u00e9gislative. En France m\u00e9tropolitaine, les \u00e9lus locaux ne peuvent intervenir dans le domaine de la loi\u00a0; dans la France d\u2019outre-mer, il est possible que la loi nationale, expression ordinaire de la souverainet\u00e9 nationale, ne s\u2019applique plus que dans quelques rares mati\u00e8res encore qualifi\u00e9es de r\u00e9galiennes. De surcro\u00eet, certaines assembl\u00e9es locales peuvent d\u00e9sormais circonscrire l\u2019exercice de droits fondamentaux au d\u00e9triment de la g\u00e9n\u00e9ralit\u00e9 des citoyens fran\u00e7ais, donc de l\u2019\u00e9galit\u00e9 fondatrice de la R\u00e9publique.<\/p><p>Je vais ici revenir sur le d\u00e9veloppement de ce pluralisme juridique et institutionnel, chercher \u00e0 en pr\u00e9ciser les facteurs et les cadres, et m\u2019interroger sur ses possibles cons\u00e9quences sur l\u2019unit\u00e9 de la R\u00e9publique.<\/p>\t\t\t\t\t\t\t\t<\/div>\n\t\t\t\t<\/div>\n\t\t\t\t\t<\/div>\n\t\t<\/div>\n\t\t\t\t<div class=\"elementor-column elementor-col-50 elementor-top-column elementor-element elementor-element-904266d elementor-hidden-mobile\" data-id=\"904266d\" data-element_type=\"column\" data-e-type=\"column\">\n\t\t\t<div class=\"elementor-widget-wrap elementor-element-populated\">\n\t\t\t\t\t\t<div class=\"elementor-element elementor-element-4927a11 elementor-widget-divider--view-line_text elementor-widget-divider--element-align-center elementor-widget elementor-widget-divider\" data-id=\"4927a11\" data-element_type=\"widget\" data-e-type=\"widget\" data-widget_type=\"divider.default\">\n\t\t\t\t<div class=\"elementor-widget-container\">\n\t\t\t\t\t\t\t<div class=\"elementor-divider\">\n\t\t\t<span class=\"elementor-divider-separator\">\n\t\t\t\t\t\t\t<p class=\"elementor-divider__text elementor-divider__element\">\n\t\t\t\tPage 1\t\t\t\t<\/p>\n\t\t\t\t\t\t<\/span>\n\t\t<\/div>\n\t\t\t\t\t\t<\/div>\n\t\t\t\t<\/div>\n\t\t\t\t<div class=\"elementor-element elementor-element-70078f5 elementor-widget elementor-widget-text-editor\" data-id=\"70078f5\" data-element_type=\"widget\" data-e-type=\"widget\" data-widget_type=\"text-editor.default\">\n\t\t\t\t<div class=\"elementor-widget-container\">\n\t\t\t\t\t\t\t\t\t<p><a href=\"#_ftn1\">[1] <em>Plan d\u2019\u00e9ducation nationale de Michel Le Peletier, pr\u00e9sent\u00e9 \u00e0 la Convention nationale&#8230;<\/em><\/a><\/p>\t\t\t\t\t\t\t\t<\/div>\n\t\t\t\t<\/div>\n\t\t\t\t<div class=\"elementor-element elementor-element-6acfba0 elementor-widget elementor-widget-text-editor\" data-id=\"6acfba0\" data-element_type=\"widget\" data-e-type=\"widget\" data-widget_type=\"text-editor.default\">\n\t\t\t\t<div class=\"elementor-widget-container\">\n\t\t\t\t\t\t\t\t\t<p><a href=\"#_ftn2\">[2] Delphine Espagno-Abadie, \u00ab Ce que dit l\u2019histoire des collectivit\u00e9s \u00e0 statut&#8230;<\/a><\/p>\t\t\t\t\t\t\t\t<\/div>\n\t\t\t\t<\/div>\n\t\t\t\t<div class=\"elementor-element elementor-element-6e2dc70 elementor-widget elementor-widget-text-editor\" data-id=\"6e2dc70\" data-element_type=\"widget\" data-e-type=\"widget\" data-widget_type=\"text-editor.default\">\n\t\t\t\t<div class=\"elementor-widget-container\">\n\t\t\t\t\t\t\t\t\t<p><a href=\"#_ftn3\">[3] Patrick Le Lidec, \u00ab Entre desserrement et resserrement du verrou de l\u2019\u00c9tat&#8230;<\/a><\/p>\t\t\t\t\t\t\t\t<\/div>\n\t\t\t\t<\/div>\n\t\t\t\t\t<\/div>\n\t\t<\/div>\n\t\t\t\t\t<\/div>\n\t\t<\/section>\n\t\t\t\t<section data-particle_enable=\"false\" data-particle-mobile-disabled=\"false\" class=\"elementor-section elementor-top-section elementor-element elementor-element-c1abc68 elementor-section-boxed elementor-section-height-default elementor-section-height-default\" data-id=\"c1abc68\" data-element_type=\"section\" data-e-type=\"section\">\n\t\t\t\t\t\t<div class=\"elementor-container elementor-column-gap-default\">\n\t\t\t\t\t<div class=\"elementor-column elementor-col-50 elementor-top-column elementor-element elementor-element-7a9a67d\" data-id=\"7a9a67d\" data-element_type=\"column\" data-e-type=\"column\">\n\t\t\t<div class=\"elementor-widget-wrap elementor-element-populated\">\n\t\t\t\t\t\t<div class=\"elementor-element elementor-element-ebb1dba elementor-widget elementor-widget-text-editor\" data-id=\"ebb1dba\" data-element_type=\"widget\" data-e-type=\"widget\" data-widget_type=\"text-editor.default\">\n\t\t\t\t<div class=\"elementor-widget-container\">\n\t\t\t\t\t\t\t\t\t<h3><strong>I. La bipartition originelle<\/strong><\/h3><p><strong>\u00a0<\/strong><\/p><p>L\u2019actuel pluralisme institutionnel trouve ses origines dans la colonisation. D\u00e9j\u00e0 en 1791, on indiquait que les colonies et possessions fran\u00e7aises d\u2019Asie, d\u2019Afrique et d\u2019Am\u00e9rique, \u00ab\u00a0quoiqu\u2019elles fassent partie de l\u2019Empire fran\u00e7ais, ne sont pas comprises dans la pr\u00e9sente Constitution\u00a0\u00bb. Ces colonies et possessions, dont les habitants n\u2019\u00e9taient pas citoyens fran\u00e7ais, ont donc \u00e9t\u00e9 g\u00e9r\u00e9es suivant des mod\u00e8les tr\u00e8s diff\u00e9rents de ceux des territoires continentaux.<\/p><p>En 1946, la dissolution de l\u2019empire colonial commandait l\u2019\u00e9tablissement de nouveaux liens, et la nouvelle Constitution confirma le maintien d\u2019une grande diversit\u00e9 de statuts. Les protectorats \u2013 Togo, Indochine, Cambodge, etc. \u2013 devenaient des \u00c9tats associ\u00e9s, rattach\u00e9s \u00e0 la R\u00e9publique dans le cadre de la nouvelle Union fran\u00e7aise<a href=\"#_ftn4\" name=\"_ftnref4\">[4]<\/a>. La Constitution de 1958 cherchera \u00e0 poursuivre cette exp\u00e9rience, en la rebaptisant Communaut\u00e9, mais sans succ\u00e8s puisque le choix de l\u2019ind\u00e9pendance fut alors largement majoritaire.<\/p><p>Surtout, la Constitution de 1946 cr\u00e9ait aussi deux types de collectivit\u00e9s territoriales ultramarines. La premi\u00e8re, fond\u00e9e sur l\u2019article 74, formait une cat\u00e9gorie \u00e0 part enti\u00e8re, celle des territoires d\u2019outre-mer [TOM], auxquels on devait donner un \u00ab\u00a0statut particulier tenant compte de leurs int\u00e9r\u00eats propres dans l\u2019ensemble des int\u00e9r\u00eats de la R\u00e9publique\u00a0\u00bb. On y classait notamment la Nouvelle-Cal\u00e9donie et la Polyn\u00e9sie, mais aussi la plupart des anciennes colonies comme le Congo, le S\u00e9n\u00e9gal, Madagascar, etc.<\/p><p>La seconde, fond\u00e9e sur l\u2019article 73, permettait que le r\u00e9gime l\u00e9gislatif des nouveaux d\u00e9partements d\u2019outre-mer [DOM] connaisse des \u00ab\u00a0exceptions d\u00e9termin\u00e9es par la loi\u00a0\u00bb. C\u2019est quelques mois plus t\u00f4t que la loi du 19 mars 1946 avait transform\u00e9 en \u00ab d\u00e9partements fran\u00e7ais\u00a0\u00bb les plus vieilles colonies fran\u00e7aises\u00a0: Guyane, R\u00e9union, Guadeloupe et Martinique. La R\u00e9publique r\u00e9pondait ainsi directement \u00e0 une forte demande d\u2019assimilation de la part des classes politiques locales\u00a0; assimilation qui devait \u00eatre comprise comme une \u00e9mancipation \u00e0 l\u2019aune du pass\u00e9 colonial et esclavagiste. Selon Patrick Chamoiseau, \u00ab\u00a0cela voulait et veut toujours dire en fait : devenir humains\u00a0\u00bb<a href=\"#_ftn5\" name=\"_ftnref5\">[5]<\/a>.<\/p><p>Ainsi, d\u2019une part, les DOM r\u00e9pondaient au principe d\u2019identit\u00e9 l\u00e9gislative, signifiant que les lois et r\u00e8glements nationaux s\u2019y appliquaient de plein droit d\u00e8s leur promulgation, mais aussi que leurs structures institutionnelles \u00e9taient identiques \u00e0 celles de leurs homologues continentaux. C\u2019est en cela qu\u2019on ne peut parler, malgr\u00e9 les possibilit\u00e9s d\u2019adaptation, d\u2019une cat\u00e9gorie singuli\u00e8re de collectivit\u00e9s.<\/p><p>Inversement, les TOM r\u00e9pondaient au principe de sp\u00e9cialit\u00e9 l\u00e9gislative, signifiant que les lois et r\u00e8glements nationaux ne s\u2019y appliquaient normalement que sur mention expresse. En th\u00e9orie, le Parlement restait souverain. En pratique, la loi nationale \u00e9tait loin d\u2019\u00eatre la norme majoritairement appliqu\u00e9e, et son r\u00f4le a \u00e9t\u00e9 progressivement circonscrit au profit des d\u00e9lib\u00e9rations des assembl\u00e9es territoriales.<\/p><p>D\u00e8s 1968, les Comores se voyaient dot\u00e9es d\u2019un statut de tr\u00e8s large autonomie. La perspective \u00e9tait alors celle de l\u2019ind\u00e9pendance, mais d\u2019autres situations s\u2019en sont vite rapproch\u00e9es. Sans employer le mot d\u2019autonomie, les statuts n\u00e9o-cal\u00e9donien et polyn\u00e9sien de 1976 et 1977 ne donnaient plus qu\u2019une \u00e9troite comp\u00e9tence d\u2019attribution \u00e0 l\u2019\u00c9tat<a href=\"#_ftn6\" name=\"_ftnref6\">[6]<\/a>. Le mot d\u2019autonomie fera son retour d\u00e8s le statut de la Polyn\u00e9sie de 1984.<\/p><p>Les collectivit\u00e9s concern\u00e9es peuvent bien \u00eatre dites autonomes, en ce qu\u2019elles peuvent intervenir dans le domaine de la loi en adoptant des actes qui \u2013 quelle que soit leur valeur formelle \u2013 s\u2019appliquent en lieu et place de la l\u00e9gislation nationale, ou pour le moins adaptent cette derni\u00e8re. Cela \u00e9tant, le pluralisme l\u00e9gislatif n\u2019est plus uniquement le produit des choix souverains de l\u2019\u00c9tat\u00a0; il proc\u00e8de de choix d\u00e9finis localement.\u00a0<\/p><p>En somme, on rencontre\u00a0d\u2019un c\u00f4t\u00e9 un r\u00e9gime (ou une logique) d\u2019adaptation, o\u00f9 le territoire est fondamentalement int\u00e9gr\u00e9 \u00e0 l\u2019ordre politico-juridique national, m\u00eame lorsqu\u2019il peut intervenir en mati\u00e8re l\u00e9gislative.\u00a0D\u2019un autre c\u00f4t\u00e9, on trouve un r\u00e9gime (ou une logique) d\u2019exception, o\u00f9 les institutions et les normes appliqu\u00e9es sont en grande partie exorbitantes du droit commun. Cette bipartition est toujours de mise, mais le pluralisme s\u2019est consid\u00e9rablement d\u00e9velopp\u00e9 depuis le statut de la Nouvelle-Cal\u00e9donie de 1999.<\/p>\t\t\t\t\t\t\t\t<\/div>\n\t\t\t\t<\/div>\n\t\t\t\t\t<\/div>\n\t\t<\/div>\n\t\t\t\t<div class=\"elementor-column elementor-col-50 elementor-top-column elementor-element elementor-element-7028208 elementor-hidden-mobile\" data-id=\"7028208\" data-element_type=\"column\" data-e-type=\"column\">\n\t\t\t<div class=\"elementor-widget-wrap elementor-element-populated\">\n\t\t\t\t\t\t<div class=\"elementor-element elementor-element-0482133 elementor-widget-divider--view-line_text elementor-widget-divider--element-align-center elementor-widget elementor-widget-divider\" data-id=\"0482133\" data-element_type=\"widget\" data-e-type=\"widget\" data-widget_type=\"divider.default\">\n\t\t\t\t<div class=\"elementor-widget-container\">\n\t\t\t\t\t\t\t<div class=\"elementor-divider\">\n\t\t\t<span class=\"elementor-divider-separator\">\n\t\t\t\t\t\t\t<p class=\"elementor-divider__text elementor-divider__element\">\n\t\t\t\tPage 2\t\t\t\t<\/p>\n\t\t\t\t\t\t<\/span>\n\t\t<\/div>\n\t\t\t\t\t\t<\/div>\n\t\t\t\t<\/div>\n\t\t\t\t<div class=\"elementor-element elementor-element-6e06e5d elementor-widget elementor-widget-text-editor\" data-id=\"6e06e5d\" data-element_type=\"widget\" data-e-type=\"widget\" data-widget_type=\"text-editor.default\">\n\t\t\t\t<div class=\"elementor-widget-container\">\n\t\t\t\t\t\t\t\t\t<p><a href=\"#_ftn4\">[4] V\u00e9ronique Dimier, \u00ab D\u00e9centraliser l\u2019Empire ? Du compromis colonial \u00e0&#8230;<\/a><\/p>\t\t\t\t\t\t\t\t<\/div>\n\t\t\t\t<\/div>\n\t\t\t\t<div class=\"elementor-element elementor-element-f2810d2 elementor-widget elementor-widget-text-editor\" data-id=\"f2810d2\" data-element_type=\"widget\" data-e-type=\"widget\" data-widget_type=\"text-editor.default\">\n\t\t\t\t<div class=\"elementor-widget-container\">\n\t\t\t\t\t\t\t\t\t<p><a href=\"#_ftn5\">[5] \u00ab Dotomis\u00e9s \u00bb, <em>Pouvoirs locaux<\/em>, n\u00b0 24, I\/1995, p. 55.<\/a><\/p>\t\t\t\t\t\t\t\t<\/div>\n\t\t\t\t<\/div>\n\t\t\t\t<div class=\"elementor-element elementor-element-2c31dfd elementor-widget elementor-widget-text-editor\" data-id=\"2c31dfd\" data-element_type=\"widget\" data-e-type=\"widget\" data-widget_type=\"text-editor.default\">\n\t\t\t\t<div class=\"elementor-widget-container\">\n\t\t\t\t\t\t\t\t\t<p><a href=\"#_ftn6\">[6] Loi n\u00b0 76-1222 du 28 d\u00e9cembre 1976 relative \u00e0 l\u2019organisation de la Nouvelle&#8230;<\/a><\/p>\t\t\t\t\t\t\t\t<\/div>\n\t\t\t\t<\/div>\n\t\t\t\t\t<\/div>\n\t\t<\/div>\n\t\t\t\t\t<\/div>\n\t\t<\/section>\n\t\t\t\t<section data-particle_enable=\"false\" data-particle-mobile-disabled=\"false\" class=\"elementor-section elementor-top-section elementor-element elementor-element-c7f271b elementor-section-boxed elementor-section-height-default elementor-section-height-default\" data-id=\"c7f271b\" data-element_type=\"section\" data-e-type=\"section\">\n\t\t\t\t\t\t<div class=\"elementor-container elementor-column-gap-default\">\n\t\t\t\t\t<div class=\"elementor-column elementor-col-50 elementor-top-column elementor-element elementor-element-997be46\" data-id=\"997be46\" data-element_type=\"column\" data-e-type=\"column\">\n\t\t\t<div class=\"elementor-widget-wrap elementor-element-populated\">\n\t\t\t\t\t\t<div class=\"elementor-element elementor-element-abd03e2 elementor-widget elementor-widget-text-editor\" data-id=\"abd03e2\" data-element_type=\"widget\" data-e-type=\"widget\" data-widget_type=\"text-editor.default\">\n\t\t\t\t<div class=\"elementor-widget-container\">\n\t\t\t\t\t\t\t\t\t<h3><strong>II. Une diff\u00e9renciation acc\u00e9l\u00e9r\u00e9e<\/strong><\/h3><p><strong>\u00a0<\/strong><\/p><p>Au tournant du mill\u00e9naire, le processus de flexibilisation et de diff\u00e9renciation institutionnelle dans les outre-mer fran\u00e7ais a connu une acc\u00e9l\u00e9ration tr\u00e8s sensible. D\u2019un c\u00f4t\u00e9, en 1999 le nouveau statut de la Nouvelle-Cal\u00e9donie, fruit des Accords de Noum\u00e9a, allait jusqu\u2019\u00e0 placer l\u2019archipel hors du champ des collectivit\u00e9s, puisque fond\u00e9 sur un titre \u00e0 part de la Constitution. Ce texte est sans nul doute celui qui porte les atteintes les plus remarquables aux principes unitaires de la R\u00e9publique, avec ses promoteurs qui parlaient, ni plus ni moins, de souverainet\u00e9 partag\u00e9e\u00a0:<\/p><ol><li>On reconnaissait le peuple kanak et le fait colonial qu\u2019il avait p\u00e2ti.<\/li><li>On cr\u00e9ait une citoyennet\u00e9 territoriale qui n\u2019impliquait pas le renoncement \u00e0 la citoyennet\u00e9 fran\u00e7aise.<\/li><li>On restreignait le corps \u00e9lectoral pour les \u00e9lections provinciales.<\/li><li>On donnait aux institutions territoriales un v\u00e9ritable pouvoir l\u00e9gislatif, contr\u00f4l\u00e9 de la m\u00eame fa\u00e7on que celui du Parlement national.<\/li><li>On permettait ou on imposait \u00e0 ces m\u00eames institutions territoriales de restreindre le droit \u00e0 l\u2019\u00e9tablissement \u00e9conomique ou au travail au profit des citoyens n\u00e9o-cal\u00e9doniens ou \u00e0 d\u00e9faut des citoyens fran\u00e7ais r\u00e9sidant sur l\u2019archipel depuis un certain nombre d\u2019ann\u00e9es.<\/li><li>On organisait une proc\u00e9dure d\u2019autod\u00e9termination, ouvrant la voie \u00e0 l\u2019ind\u00e9pendance, l\u00e0 encore en restreignant le corps \u00e9lectoral.<\/li><\/ol><p>M\u00eame si cet exemple n\u2019avait pas vocation \u00e0 \u00eatre int\u00e9gralement reproduit, il a largement inspir\u00e9 la r\u00e9vision constitutionnelle de 2003, qui renomme les TOM collectivit\u00e9s d\u2019outre-mer [COM], pr\u00e9cise que certaines peuvent \u00eatre dot\u00e9es de l\u2019autonomie, et d\u00e9finit cette autonomie \u00e0 travers des caract\u00e9ristiques tr\u00e8s \u00e9loign\u00e9es du droit commun.<\/p><ol><li>Les collectivit\u00e9s dot\u00e9es de l\u2019autonomie peuvent participer \u00e0 l\u2019exercice de comp\u00e9tences de l\u2019\u00c9tat, par exemple l\u2019immigration, la police ou les r\u00e9gimes matrimoniaux.<\/li><li>Le contr\u00f4le de certains actes de ces collectivit\u00e9s peut \u00e9chapper \u00e0 la comp\u00e9tence des juridictions de droit commun. M\u00eame s\u2019ils demeurent formellement des actes administratifs, seul le Conseil d\u2019\u00c9tat est habilit\u00e9 \u00e0 juger de ces actes et il ne doit juger que de leur conformit\u00e9 \u00e0 la Constitution, aux lois organiques, aux engagements internationaux et aux principes g\u00e9n\u00e9raux du droit.<\/li><li>Les collectivit\u00e9s concern\u00e9es peuvent saisir le Conseil constitutionnel pour d\u00e9fendre leur comp\u00e9tence face \u00e0 la loi nationale. Si l\u2019empi\u00e8tement est constat\u00e9, elles peuvent librement modifier la norme jug\u00e9e ill\u00e9gitime.<\/li><li>Enfin, les collectivit\u00e9s concern\u00e9es peuvent attenter \u00e0 l\u2019\u00e9galit\u00e9 des citoyens si les \u00ab\u00a0n\u00e9cessit\u00e9s locales le justifient \u00bb, en prenant des mesures favorisant la population locale en mati\u00e8re d\u2019acc\u00e8s \u00e0 l\u2019emploi, d\u2019acc\u00e8s au foncier ou de libert\u00e9 d\u2019\u00e9tablissement \u00e9conomique.<\/li><\/ol><p>Ainsi, certaines assembl\u00e9es territoriales exercent aujourd\u2019hui des fonctions l\u00e9gislatives jusque dans des domaines que beaucoup de Fran\u00e7ais m\u00e9tropolitains croiraient r\u00e9serv\u00e9s \u00e0 l\u2019\u00c9tat, comme les douanes ou la propri\u00e9t\u00e9 intellectuelle. La Polyn\u00e9sie compte d\u00e9sormais 22 codes de normes locales intervenant dans le domaine de la loi<a href=\"#_ftn7\" name=\"_ftnref7\">[7]<\/a>. La Nouvelle-Cal\u00e9donie en compte seize, auxquels on peut ajouter sept codes provinciaux<a href=\"#_ftn8\" name=\"_ftnref8\">[8]<\/a>.<\/p><p>Toutefois, il serait dommageable de ne consid\u00e9rer que les situations les plus \u00e9loign\u00e9es des principes unitaires de la R\u00e9publique. Ce serait faire offense \u00e0 cet archipel institutionnel qu\u2019est aujourd\u2019hui la France d\u2019outre-mer, lequel a probablement eu quelques impacts, m\u00eame s\u2019ils restent tr\u00e8s mod\u00e9r\u00e9s, sur les \u00e9volutions en m\u00e9tropole.<\/p><p>La r\u00e9vision constitutionnelle de 2003 a assoupli les cadres pour <em>tous<\/em> les outre-mer. Si l\u2019on consid\u00e8re les onze territoires ultramarins \u2013 laissons de c\u00f4t\u00e9 Clipperton et les Terres australes et antarctiques fran\u00e7aises, qui n\u2019ont pas de population permanente et d\u2019\u00e9lus \u2013, on remarque la permanence de logiques tr\u00e8s diff\u00e9rentes et une pluralit\u00e9 qui ne cesse de cro\u00eetre<a href=\"#_ftn9\" name=\"_ftnref9\">[9]<\/a>.<\/p>\t\t\t\t\t\t\t\t<\/div>\n\t\t\t\t<\/div>\n\t\t\t\t\t<\/div>\n\t\t<\/div>\n\t\t\t\t<div class=\"elementor-column elementor-col-50 elementor-top-column elementor-element elementor-element-1c69fe1 elementor-hidden-mobile\" data-id=\"1c69fe1\" data-element_type=\"column\" data-e-type=\"column\">\n\t\t\t<div class=\"elementor-widget-wrap elementor-element-populated\">\n\t\t\t\t\t\t<div class=\"elementor-element elementor-element-9411f71 elementor-widget-divider--view-line_text elementor-widget-divider--element-align-center elementor-widget elementor-widget-divider\" data-id=\"9411f71\" data-element_type=\"widget\" data-e-type=\"widget\" data-widget_type=\"divider.default\">\n\t\t\t\t<div class=\"elementor-widget-container\">\n\t\t\t\t\t\t\t<div class=\"elementor-divider\">\n\t\t\t<span class=\"elementor-divider-separator\">\n\t\t\t\t\t\t\t<p class=\"elementor-divider__text elementor-divider__element\">\n\t\t\t\tPage 3\t\t\t\t<\/p>\n\t\t\t\t\t\t<\/span>\n\t\t<\/div>\n\t\t\t\t\t\t<\/div>\n\t\t\t\t<\/div>\n\t\t\t\t<div class=\"elementor-element elementor-element-0ec7799 elementor-absolute elementor-widget elementor-widget-text-editor\" data-id=\"0ec7799\" data-element_type=\"widget\" data-e-type=\"widget\" data-settings=\"{&quot;_position&quot;:&quot;absolute&quot;}\" data-widget_type=\"text-editor.default\">\n\t\t\t\t<div class=\"elementor-widget-container\">\n\t\t\t\t\t\t\t\t\t<p><a href=\"#_ftn7\" name=\"_ftn7\">[7]<\/a> <a href=\"http:\/\/lexpol.cloud.pf\/LexpolAfficheCodes.php?2\">http:\/\/lexpol.cloud.pf\/LexpolAfficheCodes<br \/>.php?2<\/a><\/p><p><a href=\"#_ftn8\" name=\"_ftn8\">[8] <\/a><a href=\"https:\/\/juridoc.gouv.nc\/JuriDoc\/JdWebE.nsf\/Juristart?openpage\">https:\/\/juridoc.gouv.nc\/JuriDoc\/JdWebE.nsf<br \/>\/Juristart?openpage<\/a><\/p>\t\t\t\t\t\t\t\t<\/div>\n\t\t\t\t<\/div>\n\t\t\t\t<div class=\"elementor-element elementor-element-f7ce895 elementor-absolute elementor-widget elementor-widget-text-editor\" data-id=\"f7ce895\" data-element_type=\"widget\" data-e-type=\"widget\" data-settings=\"{&quot;_position&quot;:&quot;absolute&quot;}\" data-widget_type=\"text-editor.default\">\n\t\t\t\t<div class=\"elementor-widget-container\">\n\t\t\t\t\t\t\t\t\t<p><a href=\"#_ftn7\" name=\"_ftn7\"><\/a><a href=\"#_ftn9\">[9] En ce sens\u00a0: S\u00e9nat, n\u00b0 713, session extraordinaire de 2019-2020, <em>Rapport&#8230;<\/em><\/a><\/p>\t\t\t\t\t\t\t\t<\/div>\n\t\t\t\t<\/div>\n\t\t\t\t\t<\/div>\n\t\t<\/div>\n\t\t\t\t\t<\/div>\n\t\t<\/section>\n\t\t\t\t<section data-particle_enable=\"false\" data-particle-mobile-disabled=\"false\" class=\"elementor-section elementor-top-section elementor-element elementor-element-7be6a4e elementor-section-boxed elementor-section-height-default elementor-section-height-default\" data-id=\"7be6a4e\" data-element_type=\"section\" data-e-type=\"section\">\n\t\t\t\t\t\t<div class=\"elementor-container elementor-column-gap-default\">\n\t\t\t\t\t<div class=\"elementor-column elementor-col-50 elementor-top-column elementor-element elementor-element-74ee9be\" data-id=\"74ee9be\" data-element_type=\"column\" data-e-type=\"column\">\n\t\t\t<div class=\"elementor-widget-wrap elementor-element-populated\">\n\t\t\t\t\t\t<div class=\"elementor-element elementor-element-bd6a745 elementor-widget elementor-widget-text-editor\" data-id=\"bd6a745\" data-element_type=\"widget\" data-e-type=\"widget\" data-widget_type=\"text-editor.default\">\n\t\t\t\t<div class=\"elementor-widget-container\">\n\t\t\t\t\t\t\t\t\t<p>Les collectivit\u00e9s soumises \u00e0 un r\u00e9gime d\u2019adaptation, ressortissant \u00e0 l\u2019article 73 de la Constitution, ne peuvent intervenir dans le domaine de la loi qu\u2019apr\u00e8s habilitation et cadrage par le Parlement, mais montrent elles-m\u00eames des variations sensibles. Chacune a un statut qui lui est propre, comme le laissait envisager le Pr\u00e9sident Chirac en 2000<a href=\"#_ftn10\" name=\"_ftnref10\">[10]<\/a>. Certaines ont choisi la fusion de la r\u00e9gion et du d\u00e9partement, d\u2019autres pas. Certaines ont voulu une dissociation des autorit\u00e9s ex\u00e9cutive et d\u00e9lib\u00e9rative, d\u2019autres pas. Encore plus \u00e9tonnant\u00a0: certaines exigent non pas <em>plus<\/em> mais <em>moins<\/em> de pouvoirs, et on a m\u00eame constitutionnalis\u00e9 l\u2019inf\u00e9riorit\u00e9 des pouvoirs normatifs des \u00e9lus r\u00e9unionnais<a href=\"#_ftn11\" name=\"_ftnref11\">[11]<\/a>. Quant aux \u00e9lus mahorais, ils montrent une volont\u00e9 d\u2019int\u00e9gration la plus grande possible aux normes m\u00e9tropolitaines, ce qui s\u2019est d\u00e9j\u00e0 traduit par le passage d\u2019un r\u00e9gime d\u2019exception \u00e0 un r\u00e9gime d\u2019adaptation.<\/p><p>Tableau 1. Le non-droit commun de l\u2019article 73<\/p><table width=\"623\"><tbody><tr><td width=\"94\">\u00a0<\/td><td width=\"132\"><p><strong>Guadeloupe<\/strong><\/p><\/td><td width=\"132\"><p><strong>R\u00e9union<\/strong><\/p><\/td><td width=\"85\"><p><strong>Guyane<\/strong><\/p><\/td><td width=\"104\"><p><strong>Martinique<\/strong><\/p><\/td><td width=\"76\"><p><strong>Mayotte<\/strong><\/p><\/td><\/tr><tr><td width=\"94\"><p><strong>Structure globale<\/strong><\/p><\/td><td width=\"132\"><p>Droit commun (DOM + ROM)<\/p><\/td><td width=\"132\"><p>Droit commun (DOM + ROM)<\/p><\/td><td width=\"85\"><p>Collectivit\u00e9 unique<\/p><\/td><td width=\"104\"><p>Collectivit\u00e9 unique<\/p><\/td><td width=\"76\"><p>Collectivit\u00e9 unique<\/p><\/td><\/tr><tr><td width=\"94\"><p><strong>Mode de scrutin<\/strong><\/p><\/td><td width=\"132\"><p>Binominal majoritaire (d\u00e9partement)<\/p><p>Proportionnel \u00e0 prime majoritaire (r\u00e9gion)<\/p><\/td><td width=\"132\"><p>Binominal majoritaire (d\u00e9partement)<\/p><p>Proportionnel \u00e0 prime majoritaire (r\u00e9gion)<\/p><\/td><td width=\"85\"><p>Proportionnel \u00e0 prime majoritaire<\/p><\/td><td width=\"104\"><p>Proportionnel \u00e0 prime majoritaire<\/p><\/td><td width=\"76\"><p>Binominal majoritaire<\/p><\/td><\/tr><tr><td width=\"94\"><p><strong>Ex\u00e9cutif d\u00e9partemental et\/ou r\u00e9gional<\/strong><\/p><\/td><td width=\"132\"><p>Droit commun<\/p><\/td><td width=\"132\"><p>Droit commun<\/p><\/td><td width=\"85\"><p>Droit commun<\/p><\/td><td width=\"104\"><p>Conseil ex\u00e9cutif politiquement responsable<\/p><\/td><td width=\"76\"><p>Droit commun<\/p><\/td><\/tr><tr><td width=\"94\"><p><strong>Comp\u00e9tences<\/strong><\/p><\/td><td width=\"132\"><p>Droit commun<\/p><\/td><td width=\"132\"><p>Constitutionnellement inf\u00e9rieurs<\/p><\/td><td width=\"85\"><p>Droit commun<\/p><\/td><td width=\"104\"><p>Droit commun<\/p><\/td><td width=\"76\"><p>L\u00e9galement inf\u00e9rieurs<\/p><\/td><\/tr><tr><td width=\"94\"><p><strong>Droit coutumier<\/strong><\/p><\/td><td width=\"132\"><p>Non<\/p><\/td><td width=\"132\"><p>Non<\/p><\/td><td width=\"85\"><p>Oui<\/p><\/td><td width=\"104\"><p>Non<\/p><\/td><td width=\"76\"><p>Oui<\/p><\/td><\/tr><\/tbody><\/table><p>Surtout, les choses sont loin d\u2019\u00eatre stabilis\u00e9es. En Guadeloupe, malgr\u00e9 l\u2019\u00e9chec de la consultation sur la collectivit\u00e9 unique en 2003, qui avait encourag\u00e9 une stase, le d\u00e9bat institutionnel est loin d\u2019\u00eatre clos<a href=\"#_ftn12\" name=\"_ftnref12\">[12]<\/a>. De surcro\u00eet, une r\u00e9cente enqu\u00eate montre qu\u2019une majorit\u00e9 de la population (59%) serait favorable \u00e0 la fusion du d\u00e9partement et de la r\u00e9gion, et qu\u2019une majorit\u00e9 encore plus large (70%) souhaiterait un statut fiscal et douanier particulier<a href=\"#_ftn13\" name=\"_ftnref13\">[13]<\/a>.<\/p><p>L\u2019instabilit\u00e9 est plus nette \u00e0 Mayotte, o\u00f9 apr\u00e8s avoir exig\u00e9 le titre de d\u00e9partement pour une collectivit\u00e9 qui exerce aussi les comp\u00e9tences des r\u00e9gions, les \u00e9lus demandent d\u00e9sormais<a href=\"#_ftn14\" name=\"_ftnref14\">[14]<\/a>\u00a0:<\/p><ul><li>Un statut de d\u00e9partement-r\u00e9gion, en arguant que l\u2019actuel D\u00e9partement \u2013 avec une majuscule \u2013 ne per\u00e7oit pas toutes les dotations d\u2019une r\u00e9gion\u00a0;<\/li><li>Le remplacement du scrutin binominal majoritaire, propre aux d\u00e9partements, par le scrutin de liste proportionnel propre aux r\u00e9gions.<\/li><\/ul>\t\t\t\t\t\t\t\t<\/div>\n\t\t\t\t<\/div>\n\t\t\t\t\t<\/div>\n\t\t<\/div>\n\t\t\t\t<div class=\"elementor-column elementor-col-50 elementor-top-column elementor-element elementor-element-6c2060a elementor-hidden-mobile\" data-id=\"6c2060a\" data-element_type=\"column\" data-e-type=\"column\">\n\t\t\t<div class=\"elementor-widget-wrap elementor-element-populated\">\n\t\t\t\t\t\t<div class=\"elementor-element elementor-element-562173e elementor-widget-divider--view-line_text elementor-widget-divider--element-align-center elementor-widget elementor-widget-divider\" data-id=\"562173e\" data-element_type=\"widget\" data-e-type=\"widget\" data-widget_type=\"divider.default\">\n\t\t\t\t<div class=\"elementor-widget-container\">\n\t\t\t\t\t\t\t<div class=\"elementor-divider\">\n\t\t\t<span class=\"elementor-divider-separator\">\n\t\t\t\t\t\t\t<p class=\"elementor-divider__text elementor-divider__element\">\n\t\t\t\tPage 4\t\t\t\t<\/p>\n\t\t\t\t\t\t<\/span>\n\t\t<\/div>\n\t\t\t\t\t\t<\/div>\n\t\t\t\t<\/div>\n\t\t\t\t<div class=\"elementor-element elementor-element-8457756 elementor-widget elementor-widget-text-editor\" data-id=\"8457756\" data-element_type=\"widget\" data-e-type=\"widget\" data-widget_type=\"text-editor.default\">\n\t\t\t\t<div class=\"elementor-widget-container\">\n\t\t\t\t\t\t\t\t\t<p><a href=\"#_ftn10\">[10] Discours de Monsieur Jacques Chirac, Pr\u00e9sident de la R\u00e9publique&#8230;<\/a><\/p><p><a href=\"#_ftn11\">[11] Andr\u00e9 Oraison, \u00ab Quelques r\u00e9flexions g\u00e9n\u00e9rales sur l\u2019article 73 de la Constitution&#8230;<\/a><\/p>\t\t\t\t\t\t\t\t<\/div>\n\t\t\t\t<\/div>\n\t\t\t\t<div class=\"elementor-element elementor-element-469dcc2 elementor-absolute elementor-widget elementor-widget-text-editor\" data-id=\"469dcc2\" data-element_type=\"widget\" data-e-type=\"widget\" data-settings=\"{&quot;_position&quot;:&quot;absolute&quot;}\" data-widget_type=\"text-editor.default\">\n\t\t\t\t<div class=\"elementor-widget-container\">\n\t\t\t\t\t\t\t\t\t<p><a href=\"#_ftn12\">[12] \u00ab Les \u00e9lus guadeloup\u00e9ens veulent r\u00e9organiser la responsabilit\u00e9 politique&#8230;<\/a><\/p><p><a href=\"#_ftn13\">[13] \u00ab Sondage : pr\u00e8s de 3 Guadeloup\u00e9ens sur 5 favorables \u00e0 l\u2019\u00e9mergence&#8230;<\/a><\/p><p><a href=\"#_ftn14\">[14] Contribution du Conseil d\u00e9partemental au projet de loi Mayotte, 20 mai&#8230;<\/a><\/p>\t\t\t\t\t\t\t\t<\/div>\n\t\t\t\t<\/div>\n\t\t\t\t\t<\/div>\n\t\t<\/div>\n\t\t\t\t\t<\/div>\n\t\t<\/section>\n\t\t\t\t<section data-particle_enable=\"false\" data-particle-mobile-disabled=\"false\" class=\"elementor-section elementor-top-section elementor-element elementor-element-e5dab81 elementor-section-boxed elementor-section-height-default elementor-section-height-default\" data-id=\"e5dab81\" data-element_type=\"section\" data-e-type=\"section\">\n\t\t\t\t\t\t<div class=\"elementor-container elementor-column-gap-default\">\n\t\t\t\t\t<div class=\"elementor-column elementor-col-50 elementor-top-column elementor-element elementor-element-b39865b\" data-id=\"b39865b\" data-element_type=\"column\" data-e-type=\"column\">\n\t\t\t<div class=\"elementor-widget-wrap elementor-element-populated\">\n\t\t\t\t\t\t<div class=\"elementor-element elementor-element-a56f386 elementor-widget elementor-widget-text-editor\" data-id=\"a56f386\" data-element_type=\"widget\" data-e-type=\"widget\" data-widget_type=\"text-editor.default\">\n\t\t\t\t<div class=\"elementor-widget-container\">\n\t\t\t\t\t\t\t\t\t<p>Les projets de loi gouvernementaux pr\u00e9sent\u00e9s en janvier 2022 r\u00e9pondaient positivement \u00e0 ces deux demandes, mais ils furent jug\u00e9s tr\u00e8s insuffisants sur bien d\u2019autres domaines essentiels, incitant le conseil d\u00e9partemental \u00e0 les rejeter \u00e0 l\u2019unanimit\u00e9<a href=\"#_ftn15\" name=\"_ftnref15\">[15]<\/a>. Notamment, \u00e0 l\u2019instar des \u00e9lus antillais d\u00e8s les ann\u00e9es 1950, les \u00e9lus de Mayotte sont tr\u00e8s insatisfaits des lenteurs de l\u2019harmonisation en mati\u00e8re de prestations sociales. Les habitants n\u2019ont toujours pas acc\u00e8s \u00e0 l\u2019aide m\u00e9dicale d\u2019\u00c9tat, \u00e0 la couverture maladie universelle compl\u00e9mentaire, etc. Notons qu\u2019alors que leur actuel statut, fond\u00e9 sur l\u2019identit\u00e9 l\u00e9gislative, a \u00e9t\u00e9 adopt\u00e9 en 2010, les \u00e9lus mahorais ne revendiquent \u00ab\u00a0l\u2019alignement total\u00a0\u00bb des prestations sociales qu\u2019en 2027<a href=\"#_ftn16\" name=\"_ftnref16\">[16]<\/a>. Ils demandent aussi \u00e0 ce que l\u2019\u00c9tat continue d\u2019exercer des comp\u00e9tences r\u00e9gionales essentielles \u2013 routes nationales, coll\u00e8ges et lyc\u00e9es \u2013 au moins jusqu\u2019\u00e0 2030.<\/p><p>Quant aux territoires connaissant un r\u00e9gime d\u2019exception, ressortissant \u00e0 l\u2019article 74 ou \u00e0 un titre particulier de la Constitution, leur vari\u00e9t\u00e9 est plus grande encore, et l\u2019on peut concevoir deux grandes sous-cat\u00e9gories en fonction du r\u00f4le que l\u2019\u00c9tat y joue.<\/p><p>Dans une premi\u00e8re, l\u2019\u00c9tat encadre \u00e9troitement les autorit\u00e9s territoriales, ce qui permet de parler d\u2019\u00c9tat fort. D\u2019une part, cela concerne des collectivit\u00e9s dont l\u2019organisation et les comp\u00e9tences sont tr\u00e8s singuli\u00e8res, particuli\u00e8rement en mati\u00e8re fiscale, mais qui n\u2019exercent leur pouvoir mat\u00e9riellement l\u00e9gislatif que dans un nombre assez limit\u00e9 de domaines\u00a0: Saint-Pierre-et-Miquelon, Saint-Martin et Saint-Barth\u00e9lemy. D\u2019autre part, cela concerne Wallis-et-Futuna, o\u00f9 le droit coutumier a un r\u00f4le central, o\u00f9 les normes nationales ne s\u2019appliquent que sur mention expresse, et o\u00f9 le pouvoir ex\u00e9cutif demeure \u2013 c\u2019est la derni\u00e8re collectivit\u00e9 territoriale fran\u00e7aise \u00e0 se trouver dans ce cas \u2013 dans les mains du repr\u00e9sentant de l\u2019\u00c9tat, quoique les autorit\u00e9s coutumi\u00e8res exercent en pratique une puissante influence<a href=\"#_ftn17\" name=\"_ftnref17\">[17]<\/a>.\u00a0<\/p><p>Dans la seconde, qui renvoie aux cas de la Nouvelle-Cal\u00e9donie et de la Polyn\u00e9sie, l\u2019\u00c9tat est concentr\u00e9 sur ses fonctions fondamentales, celles qui l\u2019ont consacr\u00e9 comme id\u00e9altype d\u2019organisation politique (justice, d\u00e9fense, police, relations internationales, monnaie, droits fondamentaux, droit civil, droit p\u00e9nal, etc.), ce qui permet de parler d\u2019\u00c9tat r\u00e9galien. Les institutions territoriales ont une v\u00e9ritable dimension gouvernementale, mais l\u2019\u00c9tat, \u00e0 travers ses comp\u00e9tences r\u00e9galiennes, conserve un r\u00f4le fondamental dans les affaires publiques. Th\u00e9oriquement, le principe g\u00e9n\u00e9ral est celui de l\u2019exclusivit\u00e9 de comp\u00e9tence, mais les m\u00e9canismes de coop\u00e9ration sont nombreux, notamment \u00e0 l\u2019\u00e9chelle de certaines mati\u00e8res telles la s\u00e9curit\u00e9 ou le droit civil. Tout cela pousse \u00e0 nous interroger sur les grands facteurs et les limites de ce mouvement de diff\u00e9renciation.<\/p><p>Tableau 2. Cat\u00e9gories et sous-cat\u00e9gories ultramarines<\/p><table width=\"614\"><tbody><tr><td colspan=\"2\" width=\"326\"><p><strong>R\u00e9gime d\u2019adaptation<\/strong><\/p><\/td><td colspan=\"2\" width=\"288\"><p><strong>R\u00e9gime d\u2019exception<\/strong><\/p><\/td><\/tr><tr><td colspan=\"2\" width=\"326\"><p><em>Article 73 de la Constitution<\/em><\/p><\/td><td colspan=\"2\" width=\"288\"><p><em>Art. 74 ou titre \u00e0 part de la Constitution<\/em><\/p><\/td><\/tr><tr><td width=\"226\"><p><strong>Organisation de droit commun (d\u00e9partement + r\u00e9gion)<\/strong><\/p><\/td><td width=\"99\"><p><strong>Collectivit\u00e9 unique<\/strong><\/p><\/td><td width=\"175\"><p><strong>\u00c9tat fort<\/strong><\/p><\/td><td width=\"113\"><p><strong>\u00c9tat r\u00e9galien<\/strong><\/p><\/td><\/tr><tr><td width=\"226\"><p>Guadeloupe<\/p><p>R\u00e9union<\/p><\/td><td width=\"99\"><p>Martinique<\/p><p>Guyane<\/p><p>Mayotte<\/p><\/td><td width=\"175\"><p>Saint-Barth\u00e9lemy<\/p><p>Saint-Martin<\/p><p>Saint-Pierre-et-Miquelon<\/p><p>Wallis-et-Futuna<\/p><\/td><td width=\"113\"><p>Polyn\u00e9sie<\/p><p>Nouvelle-Cal\u00e9donie<\/p><\/td><\/tr><\/tbody><\/table>\t\t\t\t\t\t\t\t<\/div>\n\t\t\t\t<\/div>\n\t\t\t\t\t<\/div>\n\t\t<\/div>\n\t\t\t\t<div class=\"elementor-column elementor-col-50 elementor-top-column elementor-element elementor-element-4447317 elementor-hidden-mobile\" data-id=\"4447317\" data-element_type=\"column\" data-e-type=\"column\">\n\t\t\t<div class=\"elementor-widget-wrap elementor-element-populated\">\n\t\t\t\t\t\t<div class=\"elementor-element elementor-element-8508ca5 elementor-widget-divider--view-line_text elementor-widget-divider--element-align-center elementor-widget elementor-widget-divider\" data-id=\"8508ca5\" data-element_type=\"widget\" data-e-type=\"widget\" data-widget_type=\"divider.default\">\n\t\t\t\t<div class=\"elementor-widget-container\">\n\t\t\t\t\t\t\t<div class=\"elementor-divider\">\n\t\t\t<span class=\"elementor-divider-separator\">\n\t\t\t\t\t\t\t<p class=\"elementor-divider__text elementor-divider__element\">\n\t\t\t\tPage 5\t\t\t\t<\/p>\n\t\t\t\t\t\t<\/span>\n\t\t<\/div>\n\t\t\t\t\t\t<\/div>\n\t\t\t\t<\/div>\n\t\t\t\t<div class=\"elementor-element elementor-element-e159e12 elementor-widget elementor-widget-text-editor\" data-id=\"e159e12\" data-element_type=\"widget\" data-e-type=\"widget\" data-widget_type=\"text-editor.default\">\n\t\t\t\t<div class=\"elementor-widget-container\">\n\t\t\t\t\t\t\t\t\t<p><a href=\"#_ftn15\">[15] Halda Halidi, \u00ab \u00c0 l\u2019unanimit\u00e9, les \u00e9lus ont rejet\u00e9 le projet de Loi Mayotte en&#8230;<\/a><\/p><p><a href=\"#_ftn16\">[16] D\u00e9partement de Mayotte, <em>Recueil des actes administratifs<\/em>, janvier 2022&#8230;<\/a><\/p>\t\t\t\t\t\t\t\t<\/div>\n\t\t\t\t<\/div>\n\t\t\t\t<div class=\"elementor-element elementor-element-e04f701 elementor-widget elementor-widget-text-editor\" data-id=\"e04f701\" data-element_type=\"widget\" data-e-type=\"widget\" data-widget_type=\"text-editor.default\">\n\t\t\t\t<div class=\"elementor-widget-container\">\n\t\t\t\t\t\t\t\t\t<p><a href=\"#_ftn17\">[17] Antoine Leca, Bernard Gille, <em>Histoire des institutions de l\u2019Oc\u00e9anie&#8230;<\/em><\/a><\/p>\t\t\t\t\t\t\t\t<\/div>\n\t\t\t\t<\/div>\n\t\t\t\t\t<\/div>\n\t\t<\/div>\n\t\t\t\t\t<\/div>\n\t\t<\/section>\n\t\t\t\t<section data-particle_enable=\"false\" data-particle-mobile-disabled=\"false\" class=\"elementor-section elementor-top-section elementor-element elementor-element-f5bfb49 elementor-section-boxed elementor-section-height-default elementor-section-height-default\" data-id=\"f5bfb49\" data-element_type=\"section\" data-e-type=\"section\">\n\t\t\t\t\t\t<div class=\"elementor-container elementor-column-gap-default\">\n\t\t\t\t\t<div class=\"elementor-column elementor-col-50 elementor-top-column elementor-element elementor-element-3d476c3\" data-id=\"3d476c3\" data-element_type=\"column\" data-e-type=\"column\">\n\t\t\t<div class=\"elementor-widget-wrap elementor-element-populated\">\n\t\t\t\t\t\t<div class=\"elementor-element elementor-element-e6dfa8e elementor-widget elementor-widget-text-editor\" data-id=\"e6dfa8e\" data-element_type=\"widget\" data-e-type=\"widget\" data-widget_type=\"text-editor.default\">\n\t\t\t\t<div class=\"elementor-widget-container\">\n\t\t\t\t\t\t\t\t\t<h3><strong>III. Les facteurs de la diff\u00e9renciation<\/strong><\/h3><p>Si la R\u00e9publique fran\u00e7aise montre aujourd\u2019hui un tel pluralisme institutionnel, cela proc\u00e8de assur\u00e9ment de facteurs nombreux et vari\u00e9s. Le premier est naturellement la volont\u00e9 des \u00e9lus territoriaux, qui a motiv\u00e9 l\u2019assouplissement des cadres constitutionnels et la concr\u00e9tisation de perspectives nouvelles.<\/p><p>Jusqu\u2019\u00e0 la r\u00e9vision constitutionnelle de 2003, les d\u00e9partements et r\u00e9gions d\u2019outre-mer \u00e9taient bas\u00e9s sur le mod\u00e8le fran\u00e7ais de droit commun, o\u00f9 le pouvoir ex\u00e9cutif n\u2019est pas formellement diff\u00e9renci\u00e9 de l\u2019organe d\u00e9lib\u00e9ratif. En revanche, \u00e0 compter de 2003, ils ont pu d\u00e9cider \u2013 sous r\u00e9serve d\u2019une validation populaire \u2013 de fusionner les institutions d\u00e9partementale et r\u00e9gionale, <em>et<\/em>, concomitamment, d\u2019adopter un mod\u00e8le diff\u00e9rent d\u2019autorit\u00e9 ex\u00e9cutive.<\/p><p>Suite aux consultations de janvier 2010 en Guyane et en Martinique, o\u00f9 le Oui l\u2019a emport\u00e9, la mise en place de la collectivit\u00e9 unique, effective au 1<sup>er<\/sup> janvier 2016, fut aussi l\u2019occasion d\u2019\u00e9tablir des mod\u00e8les diff\u00e9rents. La collectivit\u00e9 unique de Guyane a conserv\u00e9 le mod\u00e8le des r\u00e9gions m\u00e9tropolitaines, o\u00f9 le pr\u00e9sident du conseil est aussi l\u2019autorit\u00e9 ex\u00e9cutive. Inversement, la collectivit\u00e9 unique de Martinique a adopt\u00e9 le mod\u00e8le de la collectivit\u00e9 territoriale de Corse cr\u00e9\u00e9e par la loi du 13 mai 1991, o\u00f9 le pouvoir ex\u00e9cutif est confi\u00e9 \u00e0 un conseil \u00e9lu par l\u2019organe d\u00e9lib\u00e9rant et responsable devant lui.<\/p><p>N\u00e9anmoins, on rencontre bien d\u2019autres facteurs, d\u2019autres natures. Le premier est g\u00e9ographique. Bien \u00e9videmment, l\u2019\u00e9loignement favorise la diff\u00e9renciation normative. Il est bien moins utile et justifi\u00e9 d\u2019utiliser une norme commune lorsqu\u2019on se situe \u00e0 15000 kilom\u00e8tres de la m\u00e9tropole. Cependant, d\u2019autres contraintes physiques peuvent motiver des adaptations sensibles.<\/p><p>Le fait archip\u00e9lagique, d\u2019une part, a souvent un impact d\u00e9cisif au niveau du mode de scrutin. Afin d\u2019\u00e9viter que l\u2019\u00eele ou groupe d\u2019\u00eeles le plus peupl\u00e9 exerce une h\u00e9g\u00e9monie politique, l\u2019archipel est divis\u00e9 en diverses sections \u00e9lectorales de fa\u00e7on \u00e0 assurer une meilleure repr\u00e9sentativit\u00e9 aux \u00eeles ou groupes d\u2019\u00eeles les moins peupl\u00e9s, au d\u00e9triment de l\u2019\u00e9galit\u00e9 r\u00e9publicaine devant le suffrage. Par exemple, l\u2019\u00eele de Miquelon est presque neuf fois moins peupl\u00e9e que celle de Saint-Pierre, mais compte quand m\u00eame quatre conseillers territoriaux sur 19.<\/p><p>D\u2019autre part, le fait archip\u00e9lagique peut justifier de profonds ajustements au niveau de l\u2019organisation institutionnelle et de la r\u00e9partition des pouvoirs. Toujours en Nouvelle-Cal\u00e9donie, il a permis de justifier la cr\u00e9ation de trois provinces aux larges comp\u00e9tences, dont la comp\u00e9tence r\u00e9siduelle. Cela favorise la communaut\u00e9 historique kanak, qui est majoritaire dans deux de ces provinces.<\/p><p>Le deuxi\u00e8me facteur est l\u2019importance de la tradition pour les populations. Il est bien connu que la fin de l\u2019empire n\u2019a pas signifi\u00e9 la fin du statut de droit civil coutumier, prot\u00e9g\u00e9 par l\u2019article 75 de la Constitution. Toutefois, la tradition a aussi des impacts majeurs sur plusieurs dispositifs institutionnels.<\/p><p>Ainsi, le statut de 1961 pour Wallis-et-Futuna se fondait sur la permanence de l\u2019organisation coutumi\u00e8re fond\u00e9e sur les chefferies et royaumes traditionnels, et l\u2019importance de la \u00ab\u00a0juridiction de droit local\u00a0\u00bb. Plus r\u00e9cemment, consid\u00e9rant l\u2019importance des questions du statut civil coutumier et des terres coutumi\u00e8res en Nouvelle-Cal\u00e9donie, le statut de 1999 y a cr\u00e9\u00e9 un S\u00e9nat coutumier. Les projets de lois du pays concernant les mati\u00e8res cit\u00e9es doivent \u00eatre soumis au pr\u00e9alable \u00e0 l\u2019examen de cette instance, compos\u00e9e par les repr\u00e9sentants des diff\u00e9rentes aires coutumi\u00e8res. Si le Congr\u00e8s n\u2019adopte pas le texte vot\u00e9 par le S\u00e9nat, ce dernier est saisi une seconde fois. D\u00e8s lors, en cas de d\u00e9saccord, le Congr\u00e8s peut statuer d\u00e9finitivement.<\/p><p>Officiellement, la Guyane n\u2019utilise pas le droit coutumier, mais la coutume y a toujours jou\u00e9 un r\u00f4le majeur<a href=\"#_ftn18\" name=\"_ftnref18\">[18]<\/a>, au point de justifier en 2007 la cr\u00e9ation d\u2019une instance repr\u00e9sentative des populations am\u00e9rindiennes et bushinenges<a href=\"#_ftn19\" name=\"_ftnref19\">[19]<\/a>. Rebaptis\u00e9e \u00ab\u00a0grand conseil coutumier des populations am\u00e9rindiennes et bushinenges\u00a0\u00bb par la loi du 28 f\u00e9vrier 2017, elle a pour r\u00f4le de d\u00e9fendre les int\u00e9r\u00eats juridiques, \u00e9conomiques, sociaux, culturels, \u00e9ducatifs et environnementaux de ces populations. La loi de 2017 la situe institutionnellement non pas aupr\u00e8s de la collectivit\u00e9 territoriale mais du repr\u00e9sentant de l\u2019\u00c9tat, et elle \u00e9tend ses comp\u00e9tences.<\/p>\t\t\t\t\t\t\t\t<\/div>\n\t\t\t\t<\/div>\n\t\t\t\t\t<\/div>\n\t\t<\/div>\n\t\t\t\t<div class=\"elementor-column elementor-col-50 elementor-top-column elementor-element elementor-element-f61f129 elementor-hidden-mobile\" data-id=\"f61f129\" data-element_type=\"column\" data-e-type=\"column\">\n\t\t\t<div class=\"elementor-widget-wrap elementor-element-populated\">\n\t\t\t\t\t\t<div class=\"elementor-element elementor-element-a301130 elementor-widget-divider--view-line_text elementor-widget-divider--element-align-center elementor-widget elementor-widget-divider\" data-id=\"a301130\" data-element_type=\"widget\" data-e-type=\"widget\" data-widget_type=\"divider.default\">\n\t\t\t\t<div class=\"elementor-widget-container\">\n\t\t\t\t\t\t\t<div class=\"elementor-divider\">\n\t\t\t<span class=\"elementor-divider-separator\">\n\t\t\t\t\t\t\t<p class=\"elementor-divider__text elementor-divider__element\">\n\t\t\t\tPage 6\t\t\t\t<\/p>\n\t\t\t\t\t\t<\/span>\n\t\t<\/div>\n\t\t\t\t\t\t<\/div>\n\t\t\t\t<\/div>\n\t\t\t\t<div class=\"elementor-element elementor-element-8778a14 elementor-absolute elementor-widget elementor-widget-text-editor\" data-id=\"8778a14\" data-element_type=\"widget\" data-e-type=\"widget\" data-settings=\"{&quot;_position&quot;:&quot;absolute&quot;}\" data-widget_type=\"text-editor.default\">\n\t\t\t\t<div class=\"elementor-widget-container\">\n\t\t\t\t\t\t\t\t\t<p><a href=\"#_ftn18\">[18] St\u00e9phanie Guyon, \u00ab Des \u201cPrimitifs\u201d aux \u201cAutochtones\u201d. Savoirs&#8230;<\/a><\/p><p><a href=\"#_ftn19\">[19] Tiffanie Hariwanari, \u00ab Le Grand Conseil coutumier des populations am\u00e9rindiennes&#8230;<\/a><\/p>\t\t\t\t\t\t\t\t<\/div>\n\t\t\t\t<\/div>\n\t\t\t\t\t<\/div>\n\t\t<\/div>\n\t\t\t\t\t<\/div>\n\t\t<\/section>\n\t\t\t\t<section data-particle_enable=\"false\" data-particle-mobile-disabled=\"false\" class=\"elementor-section elementor-top-section elementor-element elementor-element-0f102e8 elementor-section-boxed elementor-section-height-default elementor-section-height-default\" data-id=\"0f102e8\" data-element_type=\"section\" data-e-type=\"section\">\n\t\t\t\t\t\t<div class=\"elementor-container elementor-column-gap-default\">\n\t\t\t\t\t<div class=\"elementor-column elementor-col-50 elementor-top-column elementor-element elementor-element-7f24a22\" data-id=\"7f24a22\" data-element_type=\"column\" data-e-type=\"column\">\n\t\t\t<div class=\"elementor-widget-wrap elementor-element-populated\">\n\t\t\t\t\t\t<div class=\"elementor-element elementor-element-6702140 elementor-widget elementor-widget-text-editor\" data-id=\"6702140\" data-element_type=\"widget\" data-e-type=\"widget\" data-widget_type=\"text-editor.default\">\n\t\t\t\t<div class=\"elementor-widget-container\">\n\t\t\t\t\t\t\t\t\t<p>Le grand conseil est obligatoirement saisi pour avis pr\u00e9alable sur tout projet de d\u00e9lib\u00e9ration de l\u2019Assembl\u00e9e de Guyane \u00ab\u00a0ayant des cons\u00e9quences sur l\u2019environnement ou le cadre de vie ou int\u00e9ressant l\u2019identit\u00e9 des populations qu\u2019il repr\u00e9sente\u00a0\u00bb. Il peut aussi s\u2019autosaisir, notamment en cas d\u2019inaction des autorit\u00e9s habilit\u00e9es \u00e0 le saisir. Ses avis restent consultatifs mais un r\u00e9cent rapport du S\u00e9nat envisage qu\u2019on lui octroie un pouvoir de veto temporaire en certaines mati\u00e8res, sur le mod\u00e8le du S\u00e9nat coutumier de la Nouvelle-Cal\u00e9donie, qu\u2019on lui reconnaisse la personnalit\u00e9 morale, et qu\u2019on adapte \u00ab\u00a0le droit au mode de vie traditionnel\u00a0\u00bb des populations concern\u00e9es, sp\u00e9cialement en mati\u00e8re fonci\u00e8re<a href=\"#_ftn20\" name=\"_ftnref20\">[20]<\/a>.<\/p><p>Relevons aussi qu\u2019en Guyane les chefs coutumiers ont une influence personnelle et interviennent dans des questions th\u00e9oriquement r\u00e9serv\u00e9es \u00e0 l\u2019\u00c9tat ou au maire, ce qui peut susciter certains troubles. Le m\u00eame rapport du S\u00e9nat pr\u00e9conise ainsi d\u2019organiser plus pr\u00e9cis\u00e9ment l\u2019association des autorit\u00e9s coutumi\u00e8res \u00e0 \u00ab\u00a0la d\u00e9cision publique dans les communes\u00a0\u00bb<a href=\"#_ftn21\" name=\"_ftnref21\">[21]<\/a>.<\/p><p>Le troisi\u00e8me facteur est communautaire, ce qui renvoie sp\u00e9cialement \u00e0 la Nouvelle-Cal\u00e9donie. La cons\u00e9quence principale r\u00e9side au niveau du mode de scrutin. Sachant que la province Sud, qui est largement la plus peupl\u00e9e, est domin\u00e9e par les Caldoches, d\u2019origine europ\u00e9enne, plusieurs mesures favorisent la communaut\u00e9 historique kanak, qui est minoritaire. D\u2019un c\u00f4t\u00e9, il existe une pond\u00e9ration tr\u00e8s importante puisque la province Sud compte 75% de la population mais moins de 60% des si\u00e8ges au Congr\u00e8s. D\u2019un autre c\u00f4t\u00e9, le corps \u00e9lectoral a \u00e9t\u00e9 gel\u00e9\u00a0: seuls peuvent voter aux \u00e9lections provinciales les citoyens fran\u00e7ais qui r\u00e9sident de fa\u00e7on principale en Nouvelle-Cal\u00e9donie depuis le 8 novembre 1998, et ceux qui sont devenus majeurs apr\u00e8s cette date et dont au moins un des parents d\u00e9tient la citoyennet\u00e9 n\u00e9o-cal\u00e9donienne. Enfin, alors que dans tous les autres territoires fran\u00e7ais, il existe une prime majoritaire attribu\u00e9e \u00e0 la liste arriv\u00e9e en t\u00eate, prime qui varie de 18% des si\u00e8ges pour la Corse \u00e0 50% pour Saint-Pierre-et-Miquelon, il n\u2019existe l\u00e0-bas aucune prime de ce type.<\/p><p>Notons cependant qu\u2019il ne s\u2019agit pas seulement de diff\u00e9renciation mais d\u2019int\u00e9gration communautaire. Ainsi, depuis le statut de 1999, le gouvernement n\u00e9o-cal\u00e9donien est compos\u00e9 proportionnellement \u00e0 l\u2019importance des groupes politiques du Congr\u00e8s. Cela impose \u00e0 des partis issus de deux communaut\u00e9s oppos\u00e9es, pour ne pas dire antagoniques, de coop\u00e9rer politiquement. On rel\u00e8ve qu\u2019un m\u00eame choix avait \u00e9t\u00e9 fait pour l\u2019Irlande du Nord quelques mois plus t\u00f4t<a href=\"#_ftn22\" name=\"_ftnref22\">[22]<\/a>.<\/p><h3><strong>IV. L\u2019encadrement de la diff\u00e9renciation<\/strong><\/h3><p>Non seulement leurs institutions diff\u00e8rent, mais les autorit\u00e9s ultramarines peuvent adopter des normes qui s\u2019appliquent en lieu et place de la loi de la R\u00e9publique, cens\u00e9e \u00eatre la m\u00eame pour tous. Il convient toutefois de mesurer plus pr\u00e9cis\u00e9ment les latitudes dont elles disposent, tant l\u2019on sait que la pratique est souvent peu respectueuse de la th\u00e9orie.<\/p><p>Le premier constat est, sans surprise, que les possibilit\u00e9s de diff\u00e9renciation normative restent \u00e9troitement d\u00e9pendantes des logiques politiques choisies. En donnant aux d\u00e9partements et r\u00e9gions d\u2019outre-mer le pouvoir d\u2019adapter des normes l\u00e9gislatives ou r\u00e9glementaires apr\u00e8s habilitation du Parlement ou du gouvernement, la r\u00e9vision constitutionnelle de 2003 semblait enclencher une mutation substantielle. En r\u00e9alit\u00e9, l\u2019\u00e9cart a encore grandi entre ces collectivit\u00e9s sous r\u00e9gime d\u2019adaptation et les territoires sous r\u00e9gime d\u2019exception.<\/p><p>Depuis la loi organique de 2007 qui fixe ses conditions d\u2019exercice, le dispositif d\u2019adaptation apr\u00e8s habilitation a toujours \u00e9t\u00e9 un dispositif tr\u00e8s peu efficient, d\u2019abord du fait de la lourdeur du processus d\u2019encadrement par les institutions nationales. Au reste, les projets de loi constitutionnelle de 2018 et 2019 en prenaient acte, puisqu\u2019ils proposaient un net assouplissement de la proc\u00e9dure, avec une habilitation donn\u00e9e par le gouvernement y compris en mati\u00e8re l\u00e9gislative, avec validation <em>ex post<\/em> par le Parlement lorsque l\u2019adaptation est intervenue dans le domaine de la loi<a href=\"#_ftn23\" name=\"_ftnref23\">[23]<\/a>.<\/p><p>D\u00e9plorablement, il n\u2019y a pas de recensement syst\u00e9matique des d\u00e9lib\u00e9rations qui soit publiquement disponible. D\u2019un point de vue quantitatif, j\u2019ai recens\u00e9 22 demandes d\u2019habilitation d\u00e9pos\u00e9es \u2013 dont huit pour renouvellement ou prorogation \u2013, et 56 d\u00e9lib\u00e9rations prises en application. Sur les neuf collectivit\u00e9s de l\u2019article 73 ayant pu demander des habilitations \u00e0 adapter une loi ou un r\u00e8glement, seulement quatre l\u2019ont fait et deux ont obtenu satisfaction.<\/p>\t\t\t\t\t\t\t\t<\/div>\n\t\t\t\t<\/div>\n\t\t\t\t\t<\/div>\n\t\t<\/div>\n\t\t\t\t<div class=\"elementor-column elementor-col-50 elementor-top-column elementor-element elementor-element-ee6e06a elementor-hidden-mobile\" data-id=\"ee6e06a\" data-element_type=\"column\" data-e-type=\"column\">\n\t\t\t<div class=\"elementor-widget-wrap elementor-element-populated\">\n\t\t\t\t\t\t<div class=\"elementor-element elementor-element-603e982 elementor-widget-divider--view-line_text elementor-widget-divider--element-align-center elementor-widget elementor-widget-divider\" data-id=\"603e982\" data-element_type=\"widget\" data-e-type=\"widget\" data-widget_type=\"divider.default\">\n\t\t\t\t<div class=\"elementor-widget-container\">\n\t\t\t\t\t\t\t<div class=\"elementor-divider\">\n\t\t\t<span class=\"elementor-divider-separator\">\n\t\t\t\t\t\t\t<p class=\"elementor-divider__text elementor-divider__element\">\n\t\t\t\tPage 7\t\t\t\t<\/p>\n\t\t\t\t\t\t<\/span>\n\t\t<\/div>\n\t\t\t\t\t\t<\/div>\n\t\t\t\t<\/div>\n\t\t\t\t<div class=\"elementor-element elementor-element-975eb82 elementor-widget elementor-widget-text-editor\" data-id=\"975eb82\" data-element_type=\"widget\" data-e-type=\"widget\" data-widget_type=\"text-editor.default\">\n\t\t\t\t<div class=\"elementor-widget-container\">\n\t\t\t\t\t\t\t\t\t<p><a href=\"#_ftn20\">[20] S\u00e9nat, n\u00b0 337, <em>Rapport d\u2019information fait au nom de la commission des lois&#8230;<\/em><\/a><\/p>\t\t\t\t\t\t\t\t<\/div>\n\t\t\t\t<\/div>\n\t\t\t\t<div class=\"elementor-element elementor-element-e26c07d elementor-widget elementor-widget-text-editor\" data-id=\"e26c07d\" data-element_type=\"widget\" data-e-type=\"widget\" data-widget_type=\"text-editor.default\">\n\t\t\t\t<div class=\"elementor-widget-container\">\n\t\t\t\t\t\t\t\t\t<p><a href=\"#_ftn21\">[21] <em>Ibid<\/em>., p. 85.<\/a><\/p>\t\t\t\t\t\t\t\t<\/div>\n\t\t\t\t<\/div>\n\t\t\t\t<div class=\"elementor-element elementor-element-fbec794 elementor-widget elementor-widget-text-editor\" data-id=\"fbec794\" data-element_type=\"widget\" data-e-type=\"widget\" data-widget_type=\"text-editor.default\">\n\t\t\t\t<div class=\"elementor-widget-container\">\n\t\t\t\t\t\t\t\t\t<p><a href=\"#_ftn22\">[22] John McGarry, Brendan O\u2019Leary, \u00ab Power-Sharing Executives: Consociational&#8230;<\/a><\/p>\t\t\t\t\t\t\t\t<\/div>\n\t\t\t\t<\/div>\n\t\t\t\t<div class=\"elementor-element elementor-element-d8acefe elementor-absolute elementor-widget elementor-widget-text-editor\" data-id=\"d8acefe\" data-element_type=\"widget\" data-e-type=\"widget\" data-settings=\"{&quot;_position&quot;:&quot;absolute&quot;}\" data-widget_type=\"text-editor.default\">\n\t\t\t\t<div class=\"elementor-widget-container\">\n\t\t\t\t\t\t\t\t\t<p><a href=\"#_ftn23\">[23] Assembl\u00e9e nationale, XV<sup>e<\/sup> l\u00e9gislature, n\u00b0\u00a02203, <em>Projet de loi constitutionnelle&#8230;<\/em><\/a><\/p>\t\t\t\t\t\t\t\t<\/div>\n\t\t\t\t<\/div>\n\t\t\t\t\t<\/div>\n\t\t<\/div>\n\t\t\t\t\t<\/div>\n\t\t<\/section>\n\t\t\t\t<section data-particle_enable=\"false\" data-particle-mobile-disabled=\"false\" class=\"elementor-section elementor-top-section elementor-element elementor-element-22441f9 elementor-section-boxed elementor-section-height-default elementor-section-height-default\" data-id=\"22441f9\" data-element_type=\"section\" data-e-type=\"section\">\n\t\t\t\t\t\t<div class=\"elementor-container elementor-column-gap-default\">\n\t\t\t\t\t<div class=\"elementor-column elementor-col-50 elementor-top-column elementor-element elementor-element-f2d604f\" data-id=\"f2d604f\" data-element_type=\"column\" data-e-type=\"column\">\n\t\t\t<div class=\"elementor-widget-wrap elementor-element-populated\">\n\t\t\t\t\t\t<div class=\"elementor-element elementor-element-ee23047 elementor-widget elementor-widget-text-editor\" data-id=\"ee23047\" data-element_type=\"widget\" data-e-type=\"widget\" data-widget_type=\"text-editor.default\">\n\t\t\t\t<div class=\"elementor-widget-container\">\n\t\t\t\t\t\t\t\t\t<p>D\u2019un point de vue qualitatif, tr\u00e8s peu de d\u00e9lib\u00e9rations laissent penser que ce pouvoir apporte une plus-value sensible \u00e0 la gestion publique (r\u00e9glementation thermique, production d\u2019\u00e9nergies renouvelables, autorit\u00e9 organisatrice unique des transports). La majorit\u00e9 est relative \u00e0 des questions dont on ne saurait dire qu\u2019elles sont d\u00e9cisives : la r\u00e9alisation d\u2019une \u00e9tude, la cr\u00e9ation d\u2019une commission, l\u2019installation des chauffe-eau solaires, l\u2019information sur le prix de l\u2019\u00e9lectricit\u00e9, l\u2019inspection des pompes \u00e0 chaleur, etc. En somme, l\u2019adaptation l\u00e9gislative locale reste un \u00e9v\u00e9nement rare.<\/p><p>Tableau 3. Le dispositif d\u2019adaptation apr\u00e8s habilitation<\/p><table width=\"623\"><tbody><tr><td width=\"170\"><p><strong>Collectivit\u00e9<\/strong><\/p><\/td><td width=\"94\"><p><strong>Demandes<\/strong><\/p><\/td><td width=\"95\"><p><strong>Habilitations<\/strong><\/p><\/td><td width=\"265\"><p><strong>Utilisations notables<\/strong><\/p><\/td><\/tr><tr><td width=\"170\"><p>R\u00e9gion Martinique (ou collectivit\u00e9 unique)<\/p><\/td><td width=\"94\"><p>Oui (8 dont 3 prorogations)<\/p><\/td><td width=\"95\"><p>Oui<\/p><\/td><td width=\"265\"><p>Planification et programmation de la production d\u2019\u00e9lectricit\u00e9 et d\u2019ENR, autorit\u00e9 unique des transports, \u00e9tablissement public de formation professionnelle<\/p><\/td><\/tr><tr><td width=\"170\"><p>D\u00e9partement Martinique<\/p><\/td><td width=\"94\"><p>Non<\/p><\/td><td width=\"95\"><p>&#8211;<\/p><\/td><td width=\"265\"><p>&#8211;<\/p><\/td><\/tr><tr><td width=\"170\"><p>R\u00e9gion Guyane (ou collectivit\u00e9 unique)<\/p><\/td><td width=\"94\"><p>Oui (4)<\/p><\/td><td width=\"95\"><p>Non<\/p><\/td><td width=\"265\"><p>&#8211;<\/p><\/td><\/tr><tr><td width=\"170\"><p>D\u00e9partement Guyane<\/p><\/td><td width=\"94\"><p>Non<\/p><\/td><td width=\"95\"><p>&#8211;<\/p><\/td><td width=\"265\"><p>&#8211;<\/p><\/td><\/tr><tr><td width=\"170\"><p>R\u00e9gion de la R\u00e9union<\/p><\/td><td width=\"94\"><p>Non<\/p><\/td><td width=\"95\"><p>&#8211;<\/p><\/td><td width=\"265\"><p>&#8211;<\/p><\/td><\/tr><tr><td width=\"170\"><p>D\u00e9partement de la R\u00e9union<\/p><\/td><td width=\"94\"><p>Non<\/p><\/td><td width=\"95\">\u00a0<\/td><td width=\"265\"><p>&#8211;<\/p><\/td><\/tr><tr><td width=\"170\"><p>R\u00e9gion Guadeloupe<\/p><\/td><td width=\"94\"><p>Oui (9 dont 5 prorogations)<\/p><\/td><td width=\"95\"><p>Oui<\/p><\/td><td width=\"265\"><p>Planification et programmation de la production d\u2019\u00e9lectricit\u00e9 et d\u2019ENR, r\u00e9glementation thermique, \u00e9tablissement public de formation professionnelle<\/p><\/td><\/tr><tr><td width=\"170\"><p>D\u00e9partement Guadeloupe<\/p><\/td><td width=\"94\"><p>Non<\/p><\/td><td width=\"95\"><p>&#8211;<\/p><\/td><td width=\"265\"><p>&#8211;<\/p><\/td><\/tr><tr><td width=\"170\"><p>D\u00e9partement Mayotte<\/p><\/td><td width=\"94\"><p>Oui (1)<\/p><\/td><td width=\"95\"><p>Non<\/p><\/td><td width=\"265\"><p>&#8211;<\/p><\/td><\/tr><\/tbody><\/table><p>Inversement, \u00e0 l\u2019exception de Wallis-et-Futuna et de Saint-Pierre-et-Miquelon, le pouvoir normatif des territoires sous r\u00e9gime d\u2019exception a \u00e9t\u00e9 consid\u00e9rablement \u00e9largi. La situation de la Nouvelle-Cal\u00e9donie est celle qui d\u00e9montre le plus clairement que la R\u00e9publique fran\u00e7aise peut promouvoir des dispositifs tr\u00e8s \u00e9loign\u00e9s de ses principes unitaires, allant jusqu\u2019\u00e0 mettre en jeu son indivisibilit\u00e9 et \u00e0 cr\u00e9er une citoyennet\u00e9 territoriale qui donne \u00e0 ses titulaires des avantages consid\u00e9rables, notamment en mati\u00e8re de droit au travail.<\/p><p>Malgr\u00e9 les difficult\u00e9s de leur adoption, les trois lois du pays \u2013 deux en Nouvelle-Cal\u00e9donie, une en Polyn\u00e9sie \u2013 relatives \u00e0 la protection de l\u2019emploi local en vigueur sont particuli\u00e8rement significatives et cr\u00e9ent bien une br\u00e8che dans l\u2019\u00e9galit\u00e9 des citoyens. Bien s\u00fbr, la protection doit respecter le principe de proportionnalit\u00e9, mais dans le secteur priv\u00e9 les citoyens cal\u00e9doniens sont toujours privil\u00e9gi\u00e9s. Si un citoyen cal\u00e9donien n\u2019est pas recrut\u00e9, on privil\u00e9gie les r\u00e9sidents depuis un certain nombre d\u2019ann\u00e9es, et ce nombre d\u00e9pend des difficult\u00e9s de recrutement de l\u2019activit\u00e9 professionnelle concern\u00e9e.<\/p>\t\t\t\t\t\t\t\t<\/div>\n\t\t\t\t<\/div>\n\t\t\t\t\t<\/div>\n\t\t<\/div>\n\t\t\t\t<div class=\"elementor-column elementor-col-50 elementor-top-column elementor-element elementor-element-a06a33b elementor-hidden-mobile\" data-id=\"a06a33b\" data-element_type=\"column\" data-e-type=\"column\">\n\t\t\t<div class=\"elementor-widget-wrap elementor-element-populated\">\n\t\t\t\t\t\t<div class=\"elementor-element elementor-element-b99e0d1 elementor-widget-divider--view-line_text elementor-widget-divider--element-align-center elementor-widget elementor-widget-divider\" data-id=\"b99e0d1\" data-element_type=\"widget\" data-e-type=\"widget\" data-widget_type=\"divider.default\">\n\t\t\t\t<div class=\"elementor-widget-container\">\n\t\t\t\t\t\t\t<div class=\"elementor-divider\">\n\t\t\t<span class=\"elementor-divider-separator\">\n\t\t\t\t\t\t\t<p class=\"elementor-divider__text elementor-divider__element\">\n\t\t\t\tPage 8\t\t\t\t<\/p>\n\t\t\t\t\t\t<\/span>\n\t\t<\/div>\n\t\t\t\t\t\t<\/div>\n\t\t\t\t<\/div>\n\t\t\t\t\t<\/div>\n\t\t<\/div>\n\t\t\t\t\t<\/div>\n\t\t<\/section>\n\t\t\t\t<section data-particle_enable=\"false\" data-particle-mobile-disabled=\"false\" class=\"elementor-section elementor-top-section elementor-element elementor-element-987ac35 elementor-section-boxed elementor-section-height-default elementor-section-height-default\" data-id=\"987ac35\" data-element_type=\"section\" data-e-type=\"section\">\n\t\t\t\t\t\t<div class=\"elementor-container elementor-column-gap-default\">\n\t\t\t\t\t<div class=\"elementor-column elementor-col-50 elementor-top-column elementor-element elementor-element-70889c3\" data-id=\"70889c3\" data-element_type=\"column\" data-e-type=\"column\">\n\t\t\t<div class=\"elementor-widget-wrap elementor-element-populated\">\n\t\t\t\t\t\t<div class=\"elementor-element elementor-element-ac72728 elementor-widget elementor-widget-text-editor\" data-id=\"ac72728\" data-element_type=\"widget\" data-e-type=\"widget\" data-widget_type=\"text-editor.default\">\n\t\t\t\t<div class=\"elementor-widget-container\">\n\t\t\t\t\t\t\t\t\t<p>Bien \u00e9videmment, la tr\u00e8s large autonomie de la Nouvelle-Cal\u00e9donie ou de la Polyn\u00e9sie s\u2019inscrit, elle aussi, dans l\u2019ordre juridique national et est soumise \u00e0 un contr\u00f4le juridictionnel. La loi nationale n\u2019est pas hi\u00e9rarchiquement sup\u00e9rieure \u00e0 la loi du pays n\u00e9o-cal\u00e9donienne ou polyn\u00e9sienne, mais il pouvait \u00eatre craint ou esp\u00e9r\u00e9 que les juges interpr\u00e8tent extensivement leur fonction de contr\u00f4le, en particulier pour la Polyn\u00e9sie dont les lois du pays doivent respecter les principes g\u00e9n\u00e9raux du droit.<\/p><p>Tel ne fut pas le cas. Si la jurisprudence relative \u00e0 la Corse et aux d\u00e9partements et r\u00e9gions d\u2019outre-mer peut \u00eatre consid\u00e9r\u00e9e \u00e0 tendance centralisatrice, celle qui est relative \u00e0 la Nouvelle-Cal\u00e9donie et \u00e0 la Polyn\u00e9sie me para\u00eet plus \u00e9quilibr\u00e9e. On a ainsi vu le Conseil constitutionnel rappeler que la protection de l\u2019emploi local n\u2019\u00e9tait pas une option mais une prescription pour les \u00e9lus n\u00e9o-cal\u00e9doniens<a href=\"#_ftn24\" name=\"_ftnref24\">[24]<\/a>. On a aussi vite vu le Conseil d\u2019\u00c9tat repousser plusieurs requ\u00eates fond\u00e9es sur des ruptures d\u2019\u00e9galit\u00e9 avec le reste de la France<a href=\"#_ftn25\" name=\"_ftnref25\">[25]<\/a>, entre les circonscriptions polyn\u00e9siennes<a href=\"#_ftn26\" name=\"_ftnref26\">[26]<\/a>, entre divers secteurs d\u2019activit\u00e9 professionnelle<a href=\"#_ftn27\" name=\"_ftnref27\">[27]<\/a> ou entre divers types de commerces<a href=\"#_ftn28\" name=\"_ftnref28\">[28]<\/a>. Cependant, comme le d\u00e9montre l\u2019arr\u00eat du 9 novembre 2022<a href=\"#_ftn29\" name=\"_ftnref29\">[29]<\/a>, la proportionnalit\u00e9 des mesures discriminantes demeure \u00e9troitement surveill\u00e9e, et son contr\u00f4le laisse toujours au juge une large facult\u00e9 d\u2019appr\u00e9ciation. Certaines majorations d\u2019imp\u00f4t d\u00e9cid\u00e9es en l\u2019esp\u00e8ce, d\u2019une ampleur consid\u00e9rable (jusqu\u2019\u00e0 2000% pour les non-r\u00e9sidents depuis dix ans), ont motiv\u00e9 l\u2019annulation du texte.<\/p><p>Cette autonomie de la Nouvelle-Cal\u00e9donie et de la Polyn\u00e9sie peut-elle \u00eatre encore \u00e9tendue, ce qui impliquerait un nouveau recul de la loi r\u00e9publicaine dans ces territoires fran\u00e7ais\u00a0? La r\u00e9ponse est assur\u00e9ment oui, et les statuts eux-m\u00eames le pr\u00e9voient. Par exemple, selon l\u2019article 27 de son statut, le Congr\u00e8s de la Nouvelle-Cal\u00e9donie peut demander le transfert d\u2019autres comp\u00e9tences, comme l\u2019enseignement sup\u00e9rieur et m\u00eame le contr\u00f4le de l\u00e9galit\u00e9 des provinces et communes. De m\u00eame, le statut de la Polyn\u00e9sie permet l\u2019association des institutions territoriales \u00e0 l\u2019exercice des comp\u00e9tences de l\u2019\u00c9tat, mais ces possibilit\u00e9s n\u2019ont presque pas \u00e9t\u00e9 exploit\u00e9es pour l\u2019heure<a href=\"#_ftn30\" name=\"_ftnref30\">[30]<\/a>.<\/p><p>Certes, la phase post-r\u00e9f\u00e9rendaire en Nouvelle-Cal\u00e9donie s\u2019annonce incertaine et laisse notamment envisager un \u00ab\u00a0d\u00e9gel du corps \u00e9lectoral\u00a0\u00bb<a href=\"#_ftn31\" name=\"_ftnref31\">[31]<\/a>. Toutefois, il para\u00eet improbable qu\u2019elle se traduise par une recentralisation de certaines comp\u00e9tences territoriales.<\/p><h3><strong>Conclusions<\/strong><\/h3><p>L\u2019ultime question \u00e0 se poser est celle des limites de ce processus de diff\u00e9renciation. Le cas de la Nouvelle-Cal\u00e9donie d\u00e9montre que m\u00eame le tabou de l\u2019ind\u00e9pendance, et donc de l\u2019indivisibilit\u00e9 de la R\u00e9publique, peut \u00eatre lev\u00e9. Et affirmer l\u2019exceptionnalit\u00e9 du cas n\u00e9o-cal\u00e9donien est bien trop commode pour \u00eatre cr\u00e9dible. Rien ne permet de croire que la situation n\u00e9o-cal\u00e9donienne serait facilement reproductible. Mais de m\u00eame, rien ne permet d\u2019exclure, du moins \u00e0 moyen terme, qu\u2019un autre territoire fran\u00e7ais \u2013 comme la Polyn\u00e9sie ou la Guadeloupe \u2013 s\u2019engage sur une voie similaire, m\u00eame si leur d\u00e9pendance financi\u00e8re \u2013 bien sup\u00e9rieure \u2013 repr\u00e9sente <em>a priori<\/em> un frein majeur. Rappelons que le pouvoir constituant est souverain, et que le Conseil constitutionnel lui-m\u00eame pr\u00e9tend n\u2019avoir aucune facult\u00e9 de statuer sur une r\u00e9vision constitutionnelle.<\/p><p>Sans en arriver \u00e0 cette situation extr\u00eame, qu\u2019on pourrait dire existentielle, du choix de l\u2019ind\u00e9pendance, il est tr\u00e8s peu probable d\u2019assister \u00e0 court terme \u00e0 une nouvelle inversion de paradigme, de la diff\u00e9renciation \u00e0 la normalisation et l\u2019int\u00e9gration. Quels que soient ses effets en mati\u00e8re de qualit\u00e9 des politiques publiques, le particularisme institutionnel appara\u00eet comme une sorte d\u2019acquis auquel il est politiquement impossible de renoncer, tout simplement en ce qu\u2019il traduit la reconnaissance de la sp\u00e9cificit\u00e9 du territoire.<\/p><p>Partant, l\u2019hypoth\u00e8se la plus probable est celle de la poursuite du mouvement g\u00e9n\u00e9ral de flexibilisation institutionnelle outre-mer. Celui-ci n\u2019interdit pas \u00e0 l\u2019\u00c9tat d\u2019exercer un r\u00f4le de r\u00e9gulation essentiel, et ne devrait pas, du moins \u00e0 court terme, susciter de bouleversement en m\u00e9tropole. Jusqu\u2019\u00e0 aujourd\u2019hui, cette situation qui donne \u00e0 la R\u00e9publique deux constitutions territoriales, tr\u00e8s diff\u00e9rentes, ne semble susciter aucune r\u00e9action n\u00e9gative significative, que ce soit au sein des \u00e9lites du pays ou en celui de la population. Les enqu\u00eates disponibles montrent m\u00eame que les Fran\u00e7ais sont loin d\u2019\u00eatre tr\u00e8s hostiles aux revendications nationalistes corses<a href=\"#_ftn32\" name=\"_ftnref32\">[32]<\/a>. Quant aux \u00e9lites, leur attachement aux principes unitaires est vraisemblablement plus \u00e9lev\u00e9, mais pas au point de motiver une remise en cause des \u00e9volutions ultramarines. Les outre-mer peuvent attenter aux principes unitaires, les r\u00e9gions m\u00e9tropolitaines non. Officiellement, ce grand \u00e9cart est uniquement le produit d\u2019un pragmatisme justifi\u00e9 par les situations particuli\u00e8res de ces territoires. N\u00e9anmoins, s\u2019il n\u2019y a l\u00e0 que du pragmatisme, pourquoi les outre-mer seraient-ils seuls \u00e0 \u00eatre concern\u00e9s ?<\/p>\t\t\t\t\t\t\t\t<\/div>\n\t\t\t\t<\/div>\n\t\t\t\t<div class=\"elementor-element elementor-element-d093050 elementor-widget-divider--view-line elementor-widget elementor-widget-divider\" data-id=\"d093050\" data-element_type=\"widget\" data-e-type=\"widget\" data-widget_type=\"divider.default\">\n\t\t\t\t<div class=\"elementor-widget-container\">\n\t\t\t\t\t\t\t<div class=\"elementor-divider\">\n\t\t\t<span class=\"elementor-divider-separator\">\n\t\t\t\t\t\t<\/span>\n\t\t<\/div>\n\t\t\t\t\t\t<\/div>\n\t\t\t\t<\/div>\n\t\t\t\t\t<\/div>\n\t\t<\/div>\n\t\t\t\t<div class=\"elementor-column elementor-col-50 elementor-top-column elementor-element elementor-element-e9beb2e elementor-hidden-mobile\" data-id=\"e9beb2e\" data-element_type=\"column\" data-e-type=\"column\">\n\t\t\t<div class=\"elementor-widget-wrap elementor-element-populated\">\n\t\t\t\t\t\t<div class=\"elementor-element elementor-element-5cffd90 elementor-widget-divider--view-line_text elementor-widget-divider--element-align-center elementor-widget elementor-widget-divider\" data-id=\"5cffd90\" data-element_type=\"widget\" data-e-type=\"widget\" data-widget_type=\"divider.default\">\n\t\t\t\t<div class=\"elementor-widget-container\">\n\t\t\t\t\t\t\t<div class=\"elementor-divider\">\n\t\t\t<span class=\"elementor-divider-separator\">\n\t\t\t\t\t\t\t<p class=\"elementor-divider__text elementor-divider__element\">\n\t\t\t\tPage 9\t\t\t\t<\/p>\n\t\t\t\t\t\t<\/span>\n\t\t<\/div>\n\t\t\t\t\t\t<\/div>\n\t\t\t\t<\/div>\n\t\t\t\t<div class=\"elementor-element elementor-element-0eea104 elementor-widget elementor-widget-text-editor\" data-id=\"0eea104\" data-element_type=\"widget\" data-e-type=\"widget\" data-widget_type=\"text-editor.default\">\n\t\t\t\t<div class=\"elementor-widget-container\">\n\t\t\t\t\t\t\t\t\t<p><a href=\"#_ftn24\">[24] Conseil constitutionnel, d\u00e9cision n\u00b0 2014-4 LP du 21 novembre 2014.<\/a><\/p><p><a href=\"#_ftn25\">[25] Conseil d\u2019\u00c9tat, n\u00b0 304400, 20 juillet 2007, <em>Syndicat des m\u00e9decins de la Polyn\u00e9sie fran\u00e7aise<\/em>.<\/a><\/p><p><a href=\"#_ftn26\">[26] Conseil d\u2019\u00c9tat, n\u00b0 286584, 1<sup>er<\/sup> f\u00e9vrier 2008, <em>Commune de Parara<\/em>.\u00a0<\/a><\/p><p><a href=\"#_ftn27\">[27] Conseil d\u2019\u00c9tat, n\u00b0 288391, 15 mars 2006, <em>M. A. et autres<\/em>.\u00a0<\/a><\/p><p><a href=\"#_ftn28\">[28] Conseil d\u2019\u00c9tat, n\u00b0 288756 et 289036, 3 avril 2006, <em>Soci\u00e9t\u00e9 SEGC et autres&#8230;<\/em><\/a><\/p><p><a href=\"#_ftn29\">[29] Conseil d\u2019\u00c9tat, n\u00b0 464367, 9 novembre 2022.<\/a><\/p><p><a href=\"#_ftn30\">[30] S\u00e9nat, n\u00b0 713, <em>op. cit.<\/em>, p. 232.<\/a><\/p><p><a href=\"#_ftn31\">[31] \u00ab D\u00e9gel du corps \u00e9lectoral aux provinciales : le Palika confirme avoir propos\u00e9&#8230;<\/a><\/p>\t\t\t\t\t\t\t\t<\/div>\n\t\t\t\t<\/div>\n\t\t\t\t<div class=\"elementor-element elementor-element-b6ffd67 elementor-absolute elementor-widget elementor-widget-text-editor\" data-id=\"b6ffd67\" data-element_type=\"widget\" data-e-type=\"widget\" data-settings=\"{&quot;_position&quot;:&quot;absolute&quot;}\" data-widget_type=\"text-editor.default\">\n\t\t\t\t<div class=\"elementor-widget-container\">\n\t\t\t\t\t\t\t\t\t<p><a href=\"#_ftn32\">[32] ELABE, \u00ab Les Fran\u00e7ais et la situation politique en Corse \u00bb, sondage pour <em>BFMTV&#8230;<\/em><\/a><\/p>\t\t\t\t\t\t\t\t<\/div>\n\t\t\t\t<\/div>\n\t\t\t\t\t<\/div>\n\t\t<\/div>\n\t\t\t\t\t<\/div>\n\t\t<\/section>\n\t\t\t\t<section data-particle_enable=\"false\" data-particle-mobile-disabled=\"false\" class=\"elementor-section elementor-top-section elementor-element elementor-element-00484d5 elementor-section-boxed elementor-section-height-default elementor-section-height-default\" data-id=\"00484d5\" data-element_type=\"section\" data-e-type=\"section\">\n\t\t\t\t\t\t<div class=\"elementor-container elementor-column-gap-default\">\n\t\t\t\t\t<div class=\"elementor-column elementor-col-50 elementor-top-column elementor-element elementor-element-a04bcbc\" data-id=\"a04bcbc\" data-element_type=\"column\" data-e-type=\"column\">\n\t\t\t<div class=\"elementor-widget-wrap elementor-element-populated\">\n\t\t\t\t\t\t<div class=\"elementor-element elementor-element-67eb900 elementor-widget elementor-widget-text-editor\" data-id=\"67eb900\" data-element_type=\"widget\" data-e-type=\"widget\" data-widget_type=\"text-editor.default\">\n\t\t\t\t<div class=\"elementor-widget-container\">\n\t\t\t\t\t\t\t\t\t<p><a href=\"#_ftnref1\" name=\"_ftn1\">[1]<\/a> <em>Plan d\u2019\u00e9ducation nationale de Michel Le Peletier, pr\u00e9sent\u00e9 \u00e0 la Convention nationale par Maximilien Robespierre, au nom de la Commission d\u2019instruction publique [le 13 juillet 1793]<\/em>, Paris, Convention nationale, 1793, p.\u00a03.<\/p><p><a href=\"#_ftnref2\" name=\"_ftn2\">[2]<\/a> Delphine Espagno-Abadie, \u00ab\u00a0Ce que dit l\u2019histoire des collectivit\u00e9s \u00e0 statut particulier\u00a0\u00bb, in <em>Les collectivit\u00e9s territoriales \u00e0 statut particulier en France. Les enjeux de la diff\u00e9renciation<\/em>, Nicolas Kada et Andr\u00e9 Fazi (dir.), Bruxelles, Peter Lang, 2022, p. 43-57.<\/p><p><a href=\"#_ftnref3\" name=\"_ftn3\">[3]<\/a> Patrick Le Lidec, \u00ab Entre desserrement et resserrement du verrou de l\u2019\u00c9tat. Les collectivit\u00e9s fran\u00e7aises entre autonomie et r\u00e9gulations \u00e9tatiques \u00bb, <em>Revue fran\u00e7aise de science politique<\/em>, vol. 70, n\u00b0 1, 2020, p. 75-100 ; Renaud Epstein, \u00ab Un demi- si\u00e8cle apr\u00e8s Pierre Gr\u00e9mion. Ressaisir la centralisation \u00e0 partir de la p\u00e9riph\u00e9rie \u00bb, <em>ibid.<\/em>, p.\u00a0101-117.<\/p><p><a href=\"#_ftnref4\" name=\"_ftn4\">[4]<\/a> V\u00e9ronique Dimier, \u00ab\u00a0D\u00e9centraliser l\u2019Empire\u00a0? Du compromis colonial \u00e0 l\u2019institutionnalisation d\u2019un gouvernement local dans l\u2019Union Fran\u00e7aise\u00a0\u00bb, <em>Outre-mers. Revue d\u2019histoire<\/em>, n\u00b0 338-339, 2003, p. 83-107.<\/p><p><a href=\"#_ftnref5\" name=\"_ftn5\">[5]<\/a> \u00ab Dotomis\u00e9s \u00bb, <em>Pouvoirs locaux<\/em>, n\u00b0 24, I\/1995, p. 55.<\/p><p><a href=\"#_ftnref6\" name=\"_ftn6\">[6]<\/a> Loi n\u00b0 76-1222 du 28 d\u00e9cembre 1976 relative \u00e0 l\u2019organisation de la Nouvelle-Cal\u00e9donie et d\u00e9pendances, art. 7\u00a0; loi n\u00b0 77-712 du 12 juillet 1977 relative \u00e0 l\u2019organisation de la Polyn\u00e9sie fran\u00e7aise, art. 62.<\/p><p><a href=\"#_ftnref7\" name=\"_ftn7\">[7]<\/a> <a href=\"http:\/\/lexpol.cloud.pf\/LexpolAfficheCodes.php?2\">http:\/\/lexpol.cloud.pf\/LexpolAfficheCodes.php?2<\/a><\/p><p><a href=\"#_ftnref8\" name=\"_ftn8\">[8]<\/a> <a href=\"https:\/\/juridoc.gouv.nc\/JuriDoc\/JdWebE.nsf\/Juristart?openpage\">https:\/\/juridoc.gouv.nc\/JuriDoc\/JdWebE.nsf\/Juristart?openpage<\/a><\/p><p><a href=\"#_ftnref9\" name=\"_ftn9\">[9]<\/a> En ce sens\u00a0: S\u00e9nat, n\u00b0 713, session extraordinaire de 2019-2020, <em>Rapport d\u2019information au nom de la D\u00e9l\u00e9gation s\u00e9natoriale aux outre-mer sur la diff\u00e9renciation territoriale outre-mer. Quel cadre pour le sur-mesure ?<\/em>, par Michel Magras, enregistr\u00e9 le 21 septembre 2020.<\/p><p><a href=\"#_ftnref10\" name=\"_ftn10\">[10]<\/a> Discours de Monsieur Jacques Chirac, Pr\u00e9sident de la R\u00e9publique, Madiana (Martinique), 11 mars 2000, <a href=\"https:\/\/www.drom-com.fr\/articles\/discours-de-jacques-chirac-prononce-le-11-mars-2000-a-madiana-martinique-227.htm\">https:\/\/www.drom-com.fr\/articles\/discours-de-jacques-chirac-prononce-le-11-mars-2000-a-madiana-martinique-227.htm<\/a><\/p><p><a href=\"#_ftnref11\" name=\"_ftn11\">[11]<\/a> Andr\u00e9 Oraison, \u00ab Quelques r\u00e9flexions g\u00e9n\u00e9rales sur l\u2019article 73 de la Constitution de la Ve R\u00e9publique, corrig\u00e9 et compl\u00e9t\u00e9 par la loi constitutionnelle du 28 mars 2003 \u00bb, <em>Revue fran\u00e7aise de droit administratif<\/em>, n\u00b0 4\/2003, p.\u00a0688-693.<\/p><p><a href=\"#_ftnref12\" name=\"_ftn12\">[12]<\/a> \u00ab\u00a0Les \u00e9lus guadeloup\u00e9ens veulent r\u00e9organiser la responsabilit\u00e9 politique de la Guadeloupe\u00a0\u00bb, <em>La 1<sup>\u00e8re<\/sup><\/em>, 8 juin 2023, <a href=\"https:\/\/la1ere.francetvinfo.fr\/guadeloupe\/les-elus-guadeloupeens-veulent-reorganiser-la-responsabilite-politique-de-la-guadeloupe-1403742.html\">https:\/\/la1ere.francetvinfo.fr\/guadeloupe\/les-elus-guadeloupeens-veulent-reorganiser-la-responsabilite-politique-de-la-guadeloupe-1403742.html<\/a>.<\/p><p><a href=\"#_ftnref13\" name=\"_ftn13\">[13]<\/a> \u00ab\u00a0Sondage\u00a0: pr\u00e8s de 3 Guadeloup\u00e9ens sur 5 favorables \u00e0 l\u2019\u00e9mergence d\u2019une collectivit\u00e9 territoriale unique\u00a0\u00bb, <em>La 1<sup>\u00e8re<\/sup><\/em>, 2 juin 2023, <a href=\"https:\/\/la1ere.francetvinfo.fr\/guadeloupe\/sondage-pres-de-3-guadeloupeens-sur-5-favorables-a-l-emergence-d-une-collectivite-territoriale-unique-1402058.html\">https:\/\/la1ere.francetvinfo.fr\/guadeloupe\/sondage-pres-de-3-guadeloupeens-sur-5-favorables-a-l-emergence-d-une-collectivite-territoriale-unique-1402058.html<\/a>.<\/p><p><a href=\"#_ftnref14\" name=\"_ftn14\">[14]<\/a> Contribution du Conseil d\u00e9partemental au projet de loi Mayotte, 20 mai 2021, <a href=\"https:\/\/www.cg976.fr\/ressources\/cd976\/?file=contribution-CD976-projet-de-loi-Mayotte&amp;ext\">https:\/\/www.cg976.fr\/ressources\/cd976\/?file=contribution-CD976-projet-de-loi-Mayotte&amp;ext<\/a>\u00a0; D\u00e9partement de Mayotte, <em>Recueil des actes administratifs<\/em>, janvier 2022, publi\u00e9 le 10 f\u00e9vrier 2022. Voir aussi\u00a0: S\u00e9nat, n\u00b0 289 (2021-2022), <em>Proposition de loi relative au D\u00e9partement-R\u00e9gion de Mayotte<\/em>, par M. Thani Mohamed Soilihi, d\u00e9pos\u00e9e le 9 d\u00e9cembre 2021, <a href=\"https:\/\/www.senat.fr\/leg\/exposes-des-motifs\/ppl21-289-expose.html\">https:\/\/www.senat.fr\/leg\/exposes-des-motifs\/ppl21-289-expose.html<\/a><\/p><p><a href=\"#_ftnref15\" name=\"_ftn15\">[15]<\/a> Halda Halidi, \u00ab\u00a0\u00c0 l\u2019unanimit\u00e9, les \u00e9lus ont rejet\u00e9 le projet de Loi Mayotte en s\u00e9ance pl\u00e9ni\u00e8re\u00a0\u00bb, <em>La 1<sup>\u00e8re<\/sup><\/em>, 15 janvier 2022, <a href=\"https:\/\/la1ere.francetvinfo.fr\/mayotte\/a-l-unanimite-les-elus-ont-rejete-le-projet-de-loi-mayotte-en-seance-pleniere-1204141.html\">https:\/\/la1ere.francetvinfo.fr\/mayotte\/a-l-unanimite-les-elus-ont-rejete-le-projet-de-loi-mayotte-en-seance-pleniere-1204141.html<\/a><\/p><p><a href=\"#_ftnref16\" name=\"_ftn16\">[16]<\/a> D\u00e9partement de Mayotte, <em>Recueil des actes administratifs<\/em>, janvier 2022, publi\u00e9 le 10 f\u00e9vrier 2022, pp. 7-8.<\/p><p><a href=\"#_ftnref17\" name=\"_ftn17\">[17]<\/a> Antoine Leca, Bernard Gille, <em>Histoire des institutions de l\u2019Oc\u00e9anie fran\u00e7aise. Polyn\u00e9sie, Nouvelle-Cal\u00e9donie, Wallis-et-Futuna<\/em>, Paris, L\u2019Harmattan, 2009, p. 249-280\u00a0; Fran\u00e7oise Douaire-Marsaudon, \u00ab\u00a0Droit coutumier et loi r\u00e9publicaine dans une collectivit\u00e9 d\u2019outre\u2011mer fran\u00e7aise (Wallis\u2011et\u2011Futuna)\u00a0\u00bb, <em>Ethnologie fran\u00e7aise<\/em>, vol. 48, 2018\/1, p. 81-92.<\/p><p><a href=\"#_ftnref18\" name=\"_ftn18\">[18]<\/a> St\u00e9phanie Guyon, \u00ab\u00a0Des \u201cPrimitifs\u201d aux \u201cAutochtones\u201d. Savoirs ethnologiques et politiques publiques en Guyane de 1946 \u00e0 nos jours\u00a0\u00bb, <em>Gen\u00e8ses<\/em>, n\u00b0 91, 2013\/2, p. 49-70.<\/p><p><a href=\"#_ftnref19\" name=\"_ftn19\">[19]<\/a> Tiffanie Hariwanari, \u00ab\u00a0Le Grand Conseil coutumier des populations am\u00e9rindiennes et bushinenges : amorce d\u2019un dialogue en Guyane\u00a0\u00bb, in <em>La nature en partage : Autour du protocole de Nagoya<\/em>, Catherine Aubertin et Anne Nivart (dir.), Marseille, IRD \u00c9ditions, 2021, p. 241-248.<\/p><p><a href=\"#_ftnref20\" name=\"_ftn20\">[20]<\/a> S\u00e9nat, n\u00b0 337, <em>Rapport d\u2019information fait au nom de la commission des lois constitutionnelles, de l\u00e9gislation, du suffrage universel, du R\u00e8glement et d\u2019administration g\u00e9n\u00e9rale (1) pour une grande loi Guyane : 52 propositions<\/em>, par MM. Philippe Bas, Mathieu Darnayd, Jean-Luc Fichet, Mme Sophie Joissains et M. Thani Mohamed Soilihi, enregistr\u00e9 le 19 f\u00e9vrier 2020, p. 89-91.<\/p><p><a href=\"#_ftnref21\" name=\"_ftn21\">[21]<\/a> <em>Ibid<\/em>., p. 85.<\/p><p><a href=\"#_ftnref22\" name=\"_ftn22\">[22]<\/a> John McGarry, Brendan O\u2019Leary, \u00ab\u00a0Power-Sharing Executives: Consociational and Centripetal Formulae and the Case of Northern Ireland\u00a0\u00bb, <em>Ethnopolitics<\/em>, vol. 15, n\u00b0 5, 2016, p. 497-519.<\/p><p><a href=\"#_ftnref23\" name=\"_ftn23\">[23]<\/a> Assembl\u00e9e nationale, XV<sup>e<\/sup> l\u00e9gislature, n\u00b0\u00a02203, <em>Projet de loi constitutionnelle pour un renouveau de la vie d\u00e9mocratique<\/em>, enregistr\u00e9 le 29 ao\u00fbt 2019, article 12.<\/p><p><a href=\"#_ftnref24\" name=\"_ftn24\">[24]<\/a> Conseil constitutionnel, d\u00e9cision n\u00b0 2014-4 LP du 21 novembre 2014.<\/p><p><a href=\"#_ftnref25\" name=\"_ftn25\">[25]<\/a> Conseil d\u2019\u00c9tat, n\u00b0 304400, 20 juillet 2007, <em>Syndicat des m\u00e9decins de la Polyn\u00e9sie fran\u00e7aise<\/em>.<\/p><p><a href=\"#_ftnref26\" name=\"_ftn26\">[26]<\/a> Conseil d\u2019\u00c9tat, n\u00b0 286584, 1<sup>er<\/sup> f\u00e9vrier 2008, <em>Commune de Parara<\/em>.\u00a0<\/p><p><a href=\"#_ftnref27\" name=\"_ftn27\">[27]<\/a> Conseil d\u2019\u00c9tat, n\u00b0 288391, 15 mars 2006, <em>M. A. et autres<\/em>.\u00a0<\/p><p><a href=\"#_ftnref28\" name=\"_ftn28\">[28]<\/a> Conseil d\u2019\u00c9tat, n\u00b0 288756 et 289036, 3 avril 2006, <em>Soci\u00e9t\u00e9 SEGC et autres. F\u00e9d\u00e9ration g\u00e9n\u00e9rale du commerce de Polyn\u00e9sie fran\u00e7aise et autres<\/em>.\u00a0<\/p><p><a href=\"#_ftnref29\" name=\"_ftn29\">[29]<\/a> Conseil d\u2019\u00c9tat, n\u00b0 464367, 9 novembre 2022.<\/p><p><a href=\"#_ftnref30\" name=\"_ftn30\">[30]<\/a> S\u00e9nat, n\u00b0 713, <em>op. cit.<\/em>, p. 232.<\/p><p><a href=\"#_ftnref31\" name=\"_ftn31\">[31]<\/a> \u00ab\u00a0D\u00e9gel du corps \u00e9lectoral aux provinciales : le Palika confirme avoir propos\u00e9 dix ans\u00a0\u00bb, <em>La 1<sup>\u00e8re<\/sup><\/em>, 10 juin 2023, <a href=\"https:\/\/la1ere.francetvinfo.fr\/nouvellecaledonie\/degel-du-corps-electoral-le-palika-confirme-avoir-propose-dix-ans-1404554.html\">https:\/\/la1ere.francetvinfo.fr\/nouvellecaledonie\/degel-du-corps-electoral-le-palika-confirme-avoir-propose-dix-ans-1404554.html<\/a><\/p><p><a href=\"#_ftnref32\" name=\"_ftn32\">[32]<\/a> ELABE, \u00ab Les Fran\u00e7ais et la situation politique en Corse \u00bb, sondage pour <em>BFMTV<\/em>, 7 f\u00e9vrier 2018, <a href=\"https:\/\/elabe.fr\/wp-content\/uploads\/2018\/02\/les-francais-et-la-situation-politique-en-corse.pdf\">https:\/\/elabe.fr\/wp-content\/uploads\/2018\/02\/les-francais-et-la-situation-politique-en-corse.pdf<\/a> ; Harris Interactive \u2013 Toluna, \u00ab Barom\u00e8tre d\u2019intentions de vote \u00e0 l\u2019\u00e9lection pr\u00e9sidentielle de 2022. Vague 38 \u00bb, r\u00e9alis\u00e9 pour <em>Challenges<\/em>, 23 mars 2022, <a href=\"http:\/\/harris-interactive.fr\/wp-content\/uploads\/sites\/6\/2022\/03\/FHD8012DKQO048.pdf\">http:\/\/harris-interactive.fr\/wp-content\/uploads\/sites\/6\/2022\/03\/FHD8012DKQO048.pdf<\/a>.<\/p>\t\t\t\t\t\t\t\t<\/div>\n\t\t\t\t<\/div>\n\t\t\t\t\t<\/div>\n\t\t<\/div>\n\t\t\t\t<div class=\"elementor-column elementor-col-50 elementor-top-column elementor-element elementor-element-947632a\" data-id=\"947632a\" data-element_type=\"column\" data-e-type=\"column\">\n\t\t\t<div class=\"elementor-widget-wrap\">\n\t\t\t\t\t\t\t<\/div>\n\t\t<\/div>\n\t\t\t\t\t<\/div>\n\t\t<\/section>\n\t\t\t\t<section data-particle_enable=\"false\" data-particle-mobile-disabled=\"false\" class=\"elementor-section elementor-top-section elementor-element elementor-element-cc956bb elementor-section-boxed elementor-section-height-default elementor-section-height-default\" data-id=\"cc956bb\" data-element_type=\"section\" data-e-type=\"section\">\n\t\t\t\t\t\t<div class=\"elementor-container elementor-column-gap-default\">\n\t\t\t\t\t<div class=\"elementor-column elementor-col-100 elementor-top-column elementor-element elementor-element-0375ca6\" data-id=\"0375ca6\" data-element_type=\"column\" data-e-type=\"column\">\n\t\t\t<div class=\"elementor-widget-wrap elementor-element-populated\">\n\t\t\t\t\t\t<div class=\"elementor-element elementor-element-df49d5c elementor-share-buttons--skin-boxed elementor-share-buttons--view-icon-text elementor-share-buttons--shape-square elementor-grid-0 elementor-share-buttons--color-official elementor-widget elementor-widget-share-buttons\" data-id=\"df49d5c\" data-element_type=\"widget\" data-e-type=\"widget\" data-widget_type=\"share-buttons.default\">\n\t\t\t\t<div class=\"elementor-widget-container\">\n\t\t\t\t\t\t\t<div class=\"elementor-grid\" role=\"list\">\n\t\t\t\t\t\t\t\t<div class=\"elementor-grid-item\" role=\"listitem\">\n\t\t\t\t\t\t<div class=\"elementor-share-btn elementor-share-btn_facebook\" role=\"button\" tabindex=\"0\" aria-label=\"Partager sur facebook\">\n\t\t\t\t\t\t\t\t\t\t\t\t\t\t\t<span class=\"elementor-share-btn__icon\">\n\t\t\t\t\t\t\t\t<i class=\"fab fa-facebook\" aria-hidden=\"true\"><\/i>\t\t\t\t\t\t\t<\/span>\n\t\t\t\t\t\t\t\t\t\t\t\t\t\t\t\t\t\t\t\t\t\t<div class=\"elementor-share-btn__text\">\n\t\t\t\t\t\t\t\t\t\t\t\t\t\t\t\t\t\t\t<span class=\"elementor-share-btn__title\">\n\t\t\t\t\t\t\t\t\t\tFacebook\t\t\t\t\t\t\t\t\t<\/span>\n\t\t\t\t\t\t\t\t\t\t\t\t\t\t\t\t\t<\/div>\n\t\t\t\t\t\t\t\t\t\t\t\t\t<\/div>\n\t\t\t\t\t<\/div>\n\t\t\t\t\t\t\t\t\t<div class=\"elementor-grid-item\" role=\"listitem\">\n\t\t\t\t\t\t<div class=\"elementor-share-btn elementor-share-btn_twitter\" role=\"button\" tabindex=\"0\" aria-label=\"Partager sur twitter\">\n\t\t\t\t\t\t\t\t\t\t\t\t\t\t\t<span class=\"elementor-share-btn__icon\">\n\t\t\t\t\t\t\t\t<i class=\"fab fa-twitter\" aria-hidden=\"true\"><\/i>\t\t\t\t\t\t\t<\/span>\n\t\t\t\t\t\t\t\t\t\t\t\t\t\t\t\t\t\t\t\t\t\t<div class=\"elementor-share-btn__text\">\n\t\t\t\t\t\t\t\t\t\t\t\t\t\t\t\t\t\t\t<span class=\"elementor-share-btn__title\">\n\t\t\t\t\t\t\t\t\t\tTwitter\t\t\t\t\t\t\t\t\t<\/span>\n\t\t\t\t\t\t\t\t\t\t\t\t\t\t\t\t\t<\/div>\n\t\t\t\t\t\t\t\t\t\t\t\t\t<\/div>\n\t\t\t\t\t<\/div>\n\t\t\t\t\t\t\t\t\t<div class=\"elementor-grid-item\" role=\"listitem\">\n\t\t\t\t\t\t<div class=\"elementor-share-btn elementor-share-btn_linkedin\" role=\"button\" tabindex=\"0\" aria-label=\"Partager sur linkedin\">\n\t\t\t\t\t\t\t\t\t\t\t\t\t\t\t<span class=\"elementor-share-btn__icon\">\n\t\t\t\t\t\t\t\t<i class=\"fab fa-linkedin\" aria-hidden=\"true\"><\/i>\t\t\t\t\t\t\t<\/span>\n\t\t\t\t\t\t\t\t\t\t\t\t\t\t\t\t\t\t\t\t\t\t<div class=\"elementor-share-btn__text\">\n\t\t\t\t\t\t\t\t\t\t\t\t\t\t\t\t\t\t\t<span class=\"elementor-share-btn__title\">\n\t\t\t\t\t\t\t\t\t\tLinkedIn\t\t\t\t\t\t\t\t\t<\/span>\n\t\t\t\t\t\t\t\t\t\t\t\t\t\t\t\t\t<\/div>\n\t\t\t\t\t\t\t\t\t\t\t\t\t<\/div>\n\t\t\t\t\t<\/div>\n\t\t\t\t\t\t<\/div>\n\t\t\t\t\t\t<\/div>\n\t\t\t\t<\/div>\n\t\t\t\t<div class=\"elementor-element elementor-element-cbf3633 elementor-widget-divider--separator-type-pattern elementor-widget-divider--no-spacing elementor-widget-divider--view-line elementor-widget elementor-widget-divider\" data-id=\"cbf3633\" data-element_type=\"widget\" data-e-type=\"widget\" data-widget_type=\"divider.default\">\n\t\t\t\t<div class=\"elementor-widget-container\">\n\t\t\t\t\t\t\t<div class=\"elementor-divider\" style=\"--divider-pattern-url: url(&quot;data:image\/svg+xml,%3Csvg xmlns=&#039;http:\/\/www.w3.org\/2000\/svg&#039; preserveAspectRatio=&#039;none&#039; overflow=&#039;visible&#039; height=&#039;100%&#039; viewBox=&#039;0 0 24 24&#039; fill=&#039;black&#039; stroke=&#039;none&#039;%3E%3Cpath d=&#039;M24,8v12H0V8H24z M24,4v1H0V4H24z&#039;\/%3E%3C\/svg%3E&quot;);\">\n\t\t\t<span class=\"elementor-divider-separator\">\n\t\t\t\t\t\t<\/span>\n\t\t<\/div>\n\t\t\t\t\t\t<\/div>\n\t\t\t\t<\/div>\n\t\t\t\t<div class=\"elementor-element elementor-element-bfa8397 elementor-widget elementor-widget-heading\" data-id=\"bfa8397\" data-element_type=\"widget\" data-e-type=\"widget\" data-widget_type=\"heading.default\">\n\t\t\t\t<div class=\"elementor-widget-container\">\n\t\t\t\t\t<h4 class=\"elementor-heading-title elementor-size-default\">D'autres articles<\/h4>\t\t\t\t<\/div>\n\t\t\t\t<\/div>\n\t\t\t\t<div class=\"elementor-element elementor-element-4ba1513 elementor-grid-1 elementor-posts--thumbnail-left elementor-grid-tablet-1 elementor-grid-mobile-1 elementor-widget elementor-widget-posts\" data-id=\"4ba1513\" data-element_type=\"widget\" data-e-type=\"widget\" data-settings=\"{&quot;classic_columns&quot;:&quot;1&quot;,&quot;classic_row_gap&quot;:{&quot;unit&quot;:&quot;px&quot;,&quot;size&quot;:20,&quot;sizes&quot;:[]},&quot;classic_columns_tablet&quot;:&quot;1&quot;,&quot;classic_columns_mobile&quot;:&quot;1&quot;,&quot;classic_row_gap_tablet&quot;:{&quot;unit&quot;:&quot;px&quot;,&quot;size&quot;:&quot;&quot;,&quot;sizes&quot;:[]},&quot;classic_row_gap_mobile&quot;:{&quot;unit&quot;:&quot;px&quot;,&quot;size&quot;:&quot;&quot;,&quot;sizes&quot;:[]}}\" data-widget_type=\"posts.classic\">\n\t\t\t\t<div class=\"elementor-widget-container\">\n\t\t\t\t\t\t\t<div class=\"elementor-posts-container elementor-posts elementor-posts--skin-classic elementor-grid\" role=\"list\">\n\t\t\t\t<article class=\"elementor-post elementor-grid-item post-2027 post type-post status-publish format-standard has-post-thumbnail hentry category-numero3\" role=\"listitem\">\n\t\t\t\t<a class=\"elementor-post__thumbnail__link\" href=\"https:\/\/m3c.universita.corsica\/lumi\/la-loi-toubon-et-la-loi-101-de-la-philosophie-au-droit-la-france-et-le-quebec-entre-republicanisme-et-liberalisme\/\" tabindex=\"-1\" >\n\t\t\t<div class=\"elementor-post__thumbnail\"><img fetchpriority=\"high\" decoding=\"async\" width=\"300\" height=\"169\" src=\"https:\/\/lumi.univ-corse.fr\/wp-content\/uploads\/2023\/12\/quebec-france-lumi-numero-3-300x169.jpg\" class=\"attachment-medium size-medium wp-image-2130\" alt=\"\" srcset=\"https:\/\/lumi.univ-corse.fr\/wp-content\/uploads\/2023\/12\/quebec-france-lumi-numero-3-300x169.jpg 300w, https:\/\/lumi.univ-corse.fr\/wp-content\/uploads\/2023\/12\/quebec-france-lumi-numero-3-1024x576.jpg 1024w, https:\/\/lumi.univ-corse.fr\/wp-content\/uploads\/2023\/12\/quebec-france-lumi-numero-3-768x432.jpg 768w, https:\/\/lumi.univ-corse.fr\/wp-content\/uploads\/2023\/12\/quebec-france-lumi-numero-3-1536x864.jpg 1536w, https:\/\/lumi.univ-corse.fr\/wp-content\/uploads\/2023\/12\/quebec-france-lumi-numero-3-2048x1152.jpg 2048w\" sizes=\"(max-width: 300px) 100vw, 300px\" \/><\/div>\n\t\t<\/a>\n\t\t\t\t<div class=\"elementor-post__text\">\n\t\t\t\t<h3 class=\"elementor-post__title\">\n\t\t\t<a href=\"https:\/\/m3c.universita.corsica\/lumi\/la-loi-toubon-et-la-loi-101-de-la-philosophie-au-droit-la-france-et-le-quebec-entre-republicanisme-et-liberalisme\/\" >\n\t\t\t\tLa Loi Toubon et la Loi 101 de la philosophie au droit : la France et le Qu\u00e9bec entre r\u00e9publicanisme et lib\u00e9ralisme\t\t\t<\/a>\n\t\t<\/h3>\n\t\t\t\t<div class=\"elementor-post__meta-data\">\n\t\t\t\t\t<span class=\"elementor-post-date\">\n\t\t\t9 d\u00e9cembre 2023\t\t<\/span>\n\t\t\t\t<\/div>\n\t\t\t\t<div class=\"elementor-post__excerpt\">\n\t\t\t<p>Comme les travaux men\u00e9s par Joseph-G. Turi \u00e0 la fin des ann\u00e9es 1980 l\u2019ont d\u00e9montr\u00e9, les l\u00e9gislations linguistiques qu\u00e9b\u00e9coise et fran\u00e7aise visaient toutes deux la cons\u00e9cration d\u2019une seule langue officielle, mais avaient fait l\u2019objet d\u2019interpr\u00e9tations plut\u00f4t favorables \u00e0 une langue autre[2]. Depuis&#8230;<\/p>\n\t\t<\/div>\n\t\t\t\t<\/div>\n\t\t\t\t<\/article>\n\t\t\t\t<article class=\"elementor-post elementor-grid-item post-2019 post type-post status-publish format-standard has-post-thumbnail hentry category-numero3\" role=\"listitem\">\n\t\t\t\t<a class=\"elementor-post__thumbnail__link\" href=\"https:\/\/m3c.universita.corsica\/lumi\/pasquale-paoli-et-sa-documentation-sur-les-regimes-mixtes-de-lantiquite\/\" tabindex=\"-1\" >\n\t\t\t<div class=\"elementor-post__thumbnail\"><img decoding=\"async\" width=\"300\" height=\"169\" src=\"https:\/\/lumi.univ-corse.fr\/wp-content\/uploads\/2023\/12\/republicanisme-corse-lumi-numero-3-300x169.jpg\" class=\"attachment-medium size-medium wp-image-2081\" alt=\"\" srcset=\"https:\/\/lumi.univ-corse.fr\/wp-content\/uploads\/2023\/12\/republicanisme-corse-lumi-numero-3-300x169.jpg 300w, https:\/\/lumi.univ-corse.fr\/wp-content\/uploads\/2023\/12\/republicanisme-corse-lumi-numero-3-1024x576.jpg 1024w, https:\/\/lumi.univ-corse.fr\/wp-content\/uploads\/2023\/12\/republicanisme-corse-lumi-numero-3-768x432.jpg 768w, https:\/\/lumi.univ-corse.fr\/wp-content\/uploads\/2023\/12\/republicanisme-corse-lumi-numero-3-1536x864.jpg 1536w, https:\/\/lumi.univ-corse.fr\/wp-content\/uploads\/2023\/12\/republicanisme-corse-lumi-numero-3-2048x1152.jpg 2048w\" sizes=\"(max-width: 300px) 100vw, 300px\" \/><\/div>\n\t\t<\/a>\n\t\t\t\t<div class=\"elementor-post__text\">\n\t\t\t\t<h3 class=\"elementor-post__title\">\n\t\t\t<a href=\"https:\/\/m3c.universita.corsica\/lumi\/pasquale-paoli-et-sa-documentation-sur-les-regimes-mixtes-de-lantiquite\/\" >\n\t\t\t\tPasquale Paoli et sa documentation sur les r\u00e9gimes mixtes de l\u2019Antiquit\u00e9\t\t\t<\/a>\n\t\t<\/h3>\n\t\t\t\t<div class=\"elementor-post__meta-data\">\n\t\t\t\t\t<span class=\"elementor-post-date\">\n\t\t\t9 d\u00e9cembre 2023\t\t<\/span>\n\t\t\t\t<\/div>\n\t\t\t\t<div class=\"elementor-post__excerpt\">\n\t\t\t<p>Qu\u2019est-ce que les r\u00e9volutionnaires corses du XVIIIe si\u00e8cle ont cherch\u00e9 dans la documentation antique \u00e0 propos des r\u00e9gimes mixtes et, surtout, qu\u2019y ont-ils trouv\u00e9\u00a0? C\u2019est une question que l\u2019on abordera en la circonscrivant \u00e0 des limites raisonnables, c\u2019est-\u00e0-dire \u00e0 un personnage, Pasquale Paoli, et \u00e0 sa&#8230;<\/p>\n\t\t<\/div>\n\t\t\t\t<\/div>\n\t\t\t\t<\/article>\n\t\t\t\t<article class=\"elementor-post elementor-grid-item post-2006 post type-post status-publish format-standard has-post-thumbnail hentry category-editorial3\" role=\"listitem\">\n\t\t\t\t<a class=\"elementor-post__thumbnail__link\" href=\"https:\/\/m3c.universita.corsica\/lumi\/__trashed-2\/\" tabindex=\"-1\" >\n\t\t\t<div class=\"elementor-post__thumbnail\"><img decoding=\"async\" width=\"300\" height=\"168\" src=\"https:\/\/lumi.univ-corse.fr\/wp-content\/uploads\/2023\/12\/echanges-vincent-peillon-lumi-numero-3-300x168.jpg\" class=\"attachment-medium size-medium wp-image-2147\" alt=\"\" srcset=\"https:\/\/lumi.univ-corse.fr\/wp-content\/uploads\/2023\/12\/echanges-vincent-peillon-lumi-numero-3-300x168.jpg 300w, https:\/\/lumi.univ-corse.fr\/wp-content\/uploads\/2023\/12\/echanges-vincent-peillon-lumi-numero-3-1024x575.jpg 1024w, https:\/\/lumi.univ-corse.fr\/wp-content\/uploads\/2023\/12\/echanges-vincent-peillon-lumi-numero-3-768x431.jpg 768w, https:\/\/lumi.univ-corse.fr\/wp-content\/uploads\/2023\/12\/echanges-vincent-peillon-lumi-numero-3.jpg 1058w\" sizes=\"(max-width: 300px) 100vw, 300px\" \/><\/div>\n\t\t<\/a>\n\t\t\t\t<div class=\"elementor-post__text\">\n\t\t\t\t<h3 class=\"elementor-post__title\">\n\t\t\t<a href=\"https:\/\/m3c.universita.corsica\/lumi\/__trashed-2\/\" >\n\t\t\t\t\u00c9changes avec Vincent Peillon\t\t\t<\/a>\n\t\t<\/h3>\n\t\t\t\t<div class=\"elementor-post__meta-data\">\n\t\t\t\t\t<span class=\"elementor-post-date\">\n\t\t\t8 d\u00e9cembre 2023\t\t<\/span>\n\t\t\t\t<\/div>\n\t\t\t\t<div class=\"elementor-post__excerpt\">\n\t\t\t<p>Jean-Guy TALAMONI<br \/>\nMerci, Vincent Peillon, pour cette conf\u00e9rence qui ouvre des pistes et pr\u00e9sente des id\u00e9es nouvelles, \u00e0 plusieurs titres. Il serait int\u00e9ressant qu\u2019il y ait un \u00e9change avec les coll\u00e8gues qui sont pr\u00e9sents \u00e0 ce colloque. D\u2019autant que&#8230;<\/p>\n\t\t<\/div>\n\t\t\t\t<\/div>\n\t\t\t\t<\/article>\n\t\t\t\t<\/div>\n\t\t\n\t\t\t\t\t\t<\/div>\n\t\t\t\t<\/div>\n\t\t\t\t\t<\/div>\n\t\t<\/div>\n\t\t\t\t\t<\/div>\n\t\t<\/section>\n\t\t\t\t<\/div>\n\t\t","protected":false},"excerpt":{"rendered":"<p>Comme la majorit\u00e9 des \u00c9tats europ\u00e9ens depuis la Seconde guerre mondiale, la France \u00e9volue globalement dans le sens d\u2019une d\u00e9centralisation et d\u2019une flexibilisation de ses structures territoriales. Toutefois, rien ne serait plus erron\u00e9 que de croire en un processus univoque, lin\u00e9aire et touchant au m\u00eame titre l\u2019ensemble des territoires&#8230;<\/p>\n","protected":false},"author":39,"featured_media":2047,"comment_status":"closed","ping_status":"closed","sticky":false,"template":"","format":"standard","meta":{"_acf_changed":false,"footnotes":""},"categories":[20],"tags":[],"class_list":["post-1888","post","type-post","status-publish","format-standard","has-post-thumbnail","hentry","category-numero3"],"acf":[],"_links":{"self":[{"href":"https:\/\/m3c.universita.corsica\/lumi\/wp-json\/wp\/v2\/posts\/1888","targetHints":{"allow":["GET"]}}],"collection":[{"href":"https:\/\/m3c.universita.corsica\/lumi\/wp-json\/wp\/v2\/posts"}],"about":[{"href":"https:\/\/m3c.universita.corsica\/lumi\/wp-json\/wp\/v2\/types\/post"}],"author":[{"embeddable":true,"href":"https:\/\/m3c.universita.corsica\/lumi\/wp-json\/wp\/v2\/users\/39"}],"replies":[{"embeddable":true,"href":"https:\/\/m3c.universita.corsica\/lumi\/wp-json\/wp\/v2\/comments?post=1888"}],"version-history":[{"count":12,"href":"https:\/\/m3c.universita.corsica\/lumi\/wp-json\/wp\/v2\/posts\/1888\/revisions"}],"predecessor-version":[{"id":2279,"href":"https:\/\/m3c.universita.corsica\/lumi\/wp-json\/wp\/v2\/posts\/1888\/revisions\/2279"}],"wp:featuredmedia":[{"embeddable":true,"href":"https:\/\/m3c.universita.corsica\/lumi\/wp-json\/wp\/v2\/media\/2047"}],"wp:attachment":[{"href":"https:\/\/m3c.universita.corsica\/lumi\/wp-json\/wp\/v2\/media?parent=1888"}],"wp:term":[{"taxonomy":"category","embeddable":true,"href":"https:\/\/m3c.universita.corsica\/lumi\/wp-json\/wp\/v2\/categories?post=1888"},{"taxonomy":"post_tag","embeddable":true,"href":"https:\/\/m3c.universita.corsica\/lumi\/wp-json\/wp\/v2\/tags?post=1888"}],"curies":[{"name":"wp","href":"https:\/\/api.w.org\/{rel}","templated":true}]}}