{"id":1967,"date":"2023-11-28T15:14:40","date_gmt":"2023-11-28T15:14:40","guid":{"rendered":"https:\/\/m3c.universita.corsica\/lumi\/?p=1967"},"modified":"2023-12-11T20:23:39","modified_gmt":"2023-12-11T20:23:39","slug":"de-la-theorie-de-letat-et-de-la-notion-de-republique-en-islam","status":"publish","type":"post","link":"https:\/\/m3c.universita.corsica\/lumi\/de-la-theorie-de-letat-et-de-la-notion-de-republique-en-islam\/","title":{"rendered":"De la th\u00e9orie de l&rsquo;\u00e9tat et de la notion de r\u00e9publique en Islam"},"content":{"rendered":"\t\t<div data-elementor-type=\"wp-post\" data-elementor-id=\"1967\" class=\"elementor elementor-1967\" data-elementor-post-type=\"post\">\n\t\t\t\t\t\t<section data-particle_enable=\"false\" data-particle-mobile-disabled=\"false\" class=\"elementor-section elementor-top-section elementor-element elementor-element-5f0b97a elementor-section-full_width elementor-section-height-min-height elementor-section-height-default elementor-section-items-middle\" data-id=\"5f0b97a\" data-element_type=\"section\" data-e-type=\"section\" data-settings=\"{&quot;background_background&quot;:&quot;classic&quot;}\">\n\t\t\t\t\t\t<div class=\"elementor-container elementor-column-gap-default\">\n\t\t\t\t\t<div class=\"elementor-column elementor-col-100 elementor-top-column elementor-element elementor-element-c422e10\" data-id=\"c422e10\" data-element_type=\"column\" data-e-type=\"column\">\n\t\t\t<div class=\"elementor-widget-wrap\">\n\t\t\t\t\t\t\t<\/div>\n\t\t<\/div>\n\t\t\t\t\t<\/div>\n\t\t<\/section>\n\t\t\t\t<section data-particle_enable=\"false\" data-particle-mobile-disabled=\"false\" class=\"elementor-section elementor-top-section elementor-element elementor-element-78311e2 elementor-section-boxed elementor-section-height-default elementor-section-height-default\" data-id=\"78311e2\" data-element_type=\"section\" data-e-type=\"section\">\n\t\t\t\t\t\t<div class=\"elementor-container elementor-column-gap-default\">\n\t\t\t\t\t<div class=\"elementor-column elementor-col-100 elementor-top-column elementor-element elementor-element-3f325f5\" data-id=\"3f325f5\" data-element_type=\"column\" data-e-type=\"column\">\n\t\t\t<div class=\"elementor-widget-wrap elementor-element-populated\">\n\t\t\t\t\t\t<div class=\"elementor-element elementor-element-d395b36 elementor-widget elementor-widget-heading\" data-id=\"d395b36\" data-element_type=\"widget\" data-e-type=\"widget\" data-widget_type=\"heading.default\">\n\t\t\t\t<div class=\"elementor-widget-container\">\n\t\t\t\t\t<h1 class=\"elementor-heading-title elementor-size-default\">De la th\u00e9orie de l&rsquo;\u00e9tat et de la notion de r\u00e9publique en Islam<\/h1>\t\t\t\t<\/div>\n\t\t\t\t<\/div>\n\t\t\t\t<div class=\"elementor-element elementor-element-626ea71 elementor-author-box--name-yes elementor-author-box--biography-yes elementor-author-box--link-no elementor-widget elementor-widget-author-box\" data-id=\"626ea71\" data-element_type=\"widget\" data-e-type=\"widget\" data-widget_type=\"author-box.default\">\n\t\t\t\t<div class=\"elementor-widget-container\">\n\t\t\t\t\t\t\t<div class=\"elementor-author-box\">\n\t\t\t\n\t\t\t<div class=\"elementor-author-box__text\">\n\t\t\t\t\t\t\t\t\t<div >\n\t\t\t\t\t\t<h4 class=\"elementor-author-box__name\">\n\t\t\t\t\t\t\tFlorence Jean-Coppolani\t\t\t\t\t\t<\/h4>\n\t\t\t\t\t<\/div>\n\t\t\t\t\n\t\t\t\t\t\t\t\t\t<div class=\"elementor-author-box__bio\">\n\t\t\t\t\t\tMa\u00eetre de conf\u00e9rences en Histoire du droit et des institutions, Universit\u00e9 de Corse, UMR LISA 6240\t\t\t\t\t<\/div>\n\t\t\t\t\n\t\t\t\t\t\t\t<\/div>\n\t\t<\/div>\n\t\t\t\t\t\t<\/div>\n\t\t\t\t<\/div>\n\t\t\t\t<div class=\"elementor-element elementor-element-4875c9e elementor-align-left elementor-widget elementor-widget-button\" data-id=\"4875c9e\" data-element_type=\"widget\" data-e-type=\"widget\" data-widget_type=\"button.default\">\n\t\t\t\t<div class=\"elementor-widget-container\">\n\t\t\t\t\t\t\t\t\t<div class=\"elementor-button-wrapper\">\n\t\t\t\t\t<a class=\"elementor-button elementor-button-link elementor-size-sm\" href=\"\/lumi\/wp-content\/uploads\/2023\/12\/Florence_COPPOLANI_Etat_et_Re\u0301publique_en_islam.pdf\" target=\"_blank\">\n\t\t\t\t\t\t<span class=\"elementor-button-content-wrapper\">\n\t\t\t\t\t\t<span class=\"elementor-button-icon\">\n\t\t\t\t<i aria-hidden=\"true\" class=\"fas fa-file-download\"><\/i>\t\t\t<\/span>\n\t\t\t\t\t\t\t\t\t<span class=\"elementor-button-text\">Visionner \/ T\u00e9l\u00e9charger la version PDF<\/span>\n\t\t\t\t\t<\/span>\n\t\t\t\t\t<\/a>\n\t\t\t\t<\/div>\n\t\t\t\t\t\t\t\t<\/div>\n\t\t\t\t<\/div>\n\t\t\t\t\t<\/div>\n\t\t<\/div>\n\t\t\t\t\t<\/div>\n\t\t<\/section>\n\t\t\t\t<section data-particle_enable=\"false\" data-particle-mobile-disabled=\"false\" class=\"elementor-section elementor-top-section elementor-element elementor-element-55f2337 elementor-section-boxed elementor-section-height-default elementor-section-height-default\" data-id=\"55f2337\" data-element_type=\"section\" data-e-type=\"section\">\n\t\t\t\t\t\t<div class=\"elementor-container elementor-column-gap-default\">\n\t\t\t\t\t<div class=\"elementor-column elementor-col-50 elementor-top-column elementor-element elementor-element-ce625dc\" data-id=\"ce625dc\" data-element_type=\"column\" data-e-type=\"column\">\n\t\t\t<div class=\"elementor-widget-wrap elementor-element-populated\">\n\t\t\t\t\t\t<div class=\"elementor-element elementor-element-18337e31 elementor-widget elementor-widget-text-editor\" data-id=\"18337e31\" data-element_type=\"widget\" data-e-type=\"widget\" data-widget_type=\"text-editor.default\">\n\t\t\t\t<div class=\"elementor-widget-container\">\n\t\t\t\t\t\t\t\t\t<p>Il ne peut \u00eatre question de traiter en quelques lignes la th\u00e9orie de l\u2019Etat et la notion de r\u00e9publique en islam. Les sources et la bibliographie sont consid\u00e9rables. Au fil des si\u00e8cles, la th\u00e9orie de l\u2019Etat a fait l\u2019objet d\u2019abondants d\u00e9veloppements des plus grands auteurs\u00a0: Al Mawardi au XI\u00e8me si\u00e8cle, Ibn Khald\u00fbn au XIV\u00e8me. Bon nombre d\u2019islamologues et professeurs de droit ou de science politique se sont pench\u00e9s sur ce sujet au XIX\u00e8me. Louis Milliot y consacre son premier chapitre de son <em>Introduction \u00e0 l\u2019\u00e9tude du droit musulman<\/em>, Bousquet l\u2019\u00e9voque dans le titre II de sa deuxi\u00e8me partie de son <em>Pr\u00e9cis de droit musulman<\/em>, <em>Les institutions du droit public musulman<\/em> d\u2019Emile Tyan traitent cette question au fil de plusieurs centaines de pages et on pourrait prolonger longuement cette liste.<\/p>\n<p>Sur les questions fondamentales de la gen\u00e8se, de l\u2019essence et de l\u2019autorit\u00e9 de l\u2019Etat, la pens\u00e9e politique musulmane diff\u00e8re finalement peu de la pens\u00e9e occidentale. Le grand Ibn Khald\u00fbn par exemple, dont l\u2019\u0153uvre repose en partie sur son exp\u00e9rience d\u2019Etats musulmans du XIV\u00e8me si\u00e8cle, du Maghreb, du Machreq et d\u2019Al Andalus, rejoint sur bien des points la tradition aristot\u00e9licienne et peut \u00eatre lui-m\u00eame pr\u00e9sent\u00e9 comme le pr\u00e9curseur de penseurs politiques europ\u00e9ens de l\u2019\u00e9poque moderne et contemporaine.<\/p>\n<p>Dans la th\u00e9orie de l\u2019Etat, les seuls \u00e9l\u00e9ments sp\u00e9cifiquement musulmans sont on le sait, des notions de <em>umma<\/em>, de califat ou im\u00e2mat ainsi que leur succ\u00e9dan\u00e9, le sultanat. Il s\u2019y est ajout\u00e9 r\u00e9cemment, au XX\u00e8me si\u00e8cle, la notion de r\u00e9publique islamique. Ces notions sont g\u00e9n\u00e9ralement pr\u00e9sent\u00e9es comme ayant un fondement \u00e9minemment religieux. En r\u00e9alit\u00e9, elles ne trouvent que peu de r\u00e9f\u00e9rences pr\u00e9cises dans le Coran. Leurs th\u00e9ories rel\u00e8vent essentiellement des interpr\u00e9tations des th\u00e9ologiens, philosophes et juristes.<\/p>\n<p>\u00a0<\/p>\n<h3><strong>I \u2013 Peu de pr\u00e9cisions sur le califat ou l\u2019im\u00e2mat dans le Coran<\/strong><\/h3>\n<p>\u00a0<\/p>\n<p>Voulue par le Proph\u00e8te apr\u00e8s l\u2019H\u00e9gire et d\u00e9finie dans ce qu\u2019il est coutume d\u2019appeler \u00ab\u00a0la Constitution de M\u00e9dine\u00a0\u00bb (<em>dust\u00fbr al madinat<\/em>), la <em>umma<\/em> regroupe les fid\u00e8les demeurant aussi bien en pays d\u2019Islam (<em>d\u00e2r al islam<\/em>) que dans les autres contr\u00e9es (<em>d\u00e2r al harb<\/em>) soumis \u00e0 la m\u00eame Loi et ayant le m\u00eame objectif de victoire de l\u2019islam. Comme lui, elle est universelle. Elle transcende tous les clivages raciaux, tribaux et nationaux et ne se cantonne pas dans un espace g\u00e9ographique limit\u00e9. Son originalit\u00e9 tient \u00e0 ce qu\u2019elle est fond\u00e9e sur l\u2019appartenance \u00e0 une m\u00eame religion et non sur les liens du sang, comme c\u2019\u00e9tait le cas dans la soci\u00e9t\u00e9 traditionnelle ant\u00e9islamique.<\/p>\n<p>Elle joue un r\u00f4le politique et juridique. Dans les premiers si\u00e8cles de l\u2019Islam, le consensus de la <em>umma<\/em> se r\u00e9v\u00e8le n\u00e9cessaire pour l\u2019entr\u00e9e en guerre et valide les sources secondaires du droit. Ce consensus est aujourd\u2019hui consid\u00e9r\u00e9 par certains comme pouvant ent\u00e9riner les \u00e9volutions n\u00e9cessaires du droit initi\u00e9es par le n\u00e9o-<em>ijtih\u00e2d<\/em>. Dans le m\u00eame temps, l\u2019universalisme de la <em>umma<\/em> s\u2019oppose aux divers nationalismes et induit des tendances unitaires tant sur le plan international qu\u2019au sein des populations musulmanes \u00e9migr\u00e9es hors des pays d\u2019Islam.<\/p>\n<p>\u00a0<\/p>\n<p>Dans le Coran, les tenants du pouvoir politique sont \u00e9voqu\u00e9s de fa\u00e7on allusive ou indirecte\u00a0:<\/p>\n<p style=\"padding-left: 40px;\">\u00ab\u00a0C\u2019est lui [Allah] qui a fait de vous ses lieutenants sur la Terre. Il a \u00e9lev\u00e9 certains d\u2019entre vous de plusieurs degr\u00e9s au-dessus des autres pour vous \u00e9prouver en ce qu\u2019il vous a donn\u00e9\u00a0\u00bb (VI, 165)\u00a0;<\/p>\n<p style=\"padding-left: 40px;\">\u00ab\u00a0Souvenez-vous, il vous a d\u00e9sign\u00e9s comme ses lieutenants apr\u00e8s les \u2018Ad et il vous a \u00e9tablis sur la Terre\u00a0\u00bb (VII, 74)\u00a0;<\/p>\n<p style=\"padding-left: 40px;\">\u00ab\u00a0Nous vous avons \u00e9tablis sur la Terre apr\u00e8s eux (les proph\u00e8tes) comme leurs successeurs afin de voir comment vous agiriez\u00a0\u00bb (X, 14)\u00a0;<\/p>\n<p style=\"padding-left: 40px;\">\u00ab\u00a0Dieu a promis \u00e0 ceux d\u2019entre vous qui croient et qui accomplissent des \u0153uvres bonnes d\u2019en faire ses lieutenants sur la Terre (XXIV, 55).<\/p>\n<p>\u00a0<\/p>\n<p>David est nomm\u00e9ment d\u00e9sign\u00e9 comme l\u2019un des lieutenants de Dieu sur Terre<a href=\"#_ftn1\" name=\"_ftnref1\">[1]<\/a> et le verset 30 de la sourate II \u00e9voque m\u00eame n\u00e9gativement la nomination d\u2019un lieutenant de Dieu sur la Terre\u00a0: \u00ab\u00a0Lorsque ton Seigneur dit aux anges\u00a0: \u00ab\u00a0je vais \u00e9tablir un lieutenant sur la Terre\u00a0\u00bb, ils dirent\u00a0: vas-tu \u00e9tablir quelqu\u2019un qui fera le mal et qui r\u00e9pandra le sang (\u2026)\u00a0?\u00a0\u00bb.<\/p>\t\t\t\t\t\t\t\t<\/div>\n\t\t\t\t<\/div>\n\t\t\t\t\t<\/div>\n\t\t<\/div>\n\t\t\t\t<div class=\"elementor-column elementor-col-50 elementor-top-column elementor-element elementor-element-904266d elementor-hidden-mobile\" data-id=\"904266d\" data-element_type=\"column\" data-e-type=\"column\">\n\t\t\t<div class=\"elementor-widget-wrap elementor-element-populated\">\n\t\t\t\t\t\t<div class=\"elementor-element elementor-element-4927a11 elementor-widget-divider--view-line_text elementor-widget-divider--element-align-center elementor-widget elementor-widget-divider\" data-id=\"4927a11\" data-element_type=\"widget\" data-e-type=\"widget\" data-widget_type=\"divider.default\">\n\t\t\t\t<div class=\"elementor-widget-container\">\n\t\t\t\t\t\t\t<div class=\"elementor-divider\">\n\t\t\t<span class=\"elementor-divider-separator\">\n\t\t\t\t\t\t\t<p class=\"elementor-divider__text elementor-divider__element\">\n\t\t\t\tPage 1\t\t\t\t<\/p>\n\t\t\t\t\t\t<\/span>\n\t\t<\/div>\n\t\t\t\t\t\t<\/div>\n\t\t\t\t<\/div>\n\t\t\t\t<div class=\"elementor-element elementor-element-61bf73e elementor-absolute elementor-widget elementor-widget-text-editor\" data-id=\"61bf73e\" data-element_type=\"widget\" data-e-type=\"widget\" data-settings=\"{&quot;_position&quot;:&quot;absolute&quot;}\" data-widget_type=\"text-editor.default\">\n\t\t\t\t<div class=\"elementor-widget-container\">\n\t\t\t\t\t\t\t\t\t<p><a href=\"#_ftn1\">[1] Sourate XXXVIII, 26.<\/a><\/p>\t\t\t\t\t\t\t\t<\/div>\n\t\t\t\t<\/div>\n\t\t\t\t\t<\/div>\n\t\t<\/div>\n\t\t\t\t\t<\/div>\n\t\t<\/section>\n\t\t\t\t<section data-particle_enable=\"false\" data-particle-mobile-disabled=\"false\" class=\"elementor-section elementor-top-section elementor-element elementor-element-c1abc68 elementor-section-boxed elementor-section-height-default elementor-section-height-default\" data-id=\"c1abc68\" data-element_type=\"section\" data-e-type=\"section\">\n\t\t\t\t\t\t<div class=\"elementor-container elementor-column-gap-default\">\n\t\t\t\t\t<div class=\"elementor-column elementor-col-50 elementor-top-column elementor-element elementor-element-7a9a67d\" data-id=\"7a9a67d\" data-element_type=\"column\" data-e-type=\"column\">\n\t\t\t<div class=\"elementor-widget-wrap elementor-element-populated\">\n\t\t\t\t\t\t<div class=\"elementor-element elementor-element-ebb1dba elementor-widget elementor-widget-text-editor\" data-id=\"ebb1dba\" data-element_type=\"widget\" data-e-type=\"widget\" data-widget_type=\"text-editor.default\">\n\t\t\t\t<div class=\"elementor-widget-container\">\n\t\t\t\t\t\t\t\t\t<p>Finalement, l\u2019institution du califat n\u2019appara\u00eet qu\u2019apr\u00e8s la mort du Proph\u00e8te. Le terme qui signifie originellement successeur est utilis\u00e9 lors de l\u2019accession d\u2019Abu Bakr (<em>khalifa rasuli lah<\/em>). Par la suite, l\u2019institution va \u00eatre fa\u00e7onn\u00e9e par l\u2019histoire au fil de la succession des califes. Dans un premier temps, les califes se sont succ\u00e9d\u00e9 selon des proc\u00e9dures de choix vari\u00e9es, la seule constante \u00e9tant que l\u2019im\u00e2m devait \u00eatre qoraychite donc appartenir \u00e0 la famille du Proph\u00e8te.<\/p>\n<p>L\u2019assassinat de \u2018Uthman en 656 suscita l\u2019opposition des Alides, issus de \u2018Ali et de Fatima et [de\u00a0?] la famille des Omeyyades dont faisait partie \u2018Uthman. C\u2019est de l\u00e0 que d\u00e9coule la scission Sunnites\/Chiites\/Kharijites autrement appel\u00e9e la grande <em>fitna<\/em><a href=\"#_ftn2\" name=\"_ftnref2\">[2]<\/a>. Les principes de d\u00e9volution du califat sont au c\u0153ur de cette division. Pour les Sunnites largement majoritaires, le calife doit appartenir \u00e0 la tribu des Qoraych mais sa nomination doit recevoir l\u2019agr\u00e9ment de la <em>umma<\/em>, ou du moins d\u2019une repr\u00e9sentation symbolique de celle-ci, et sa souverainet\u00e9 ne peut s\u2019exercer que gr\u00e2ce au serment d\u2019all\u00e9geance<a href=\"#_ftn3\" name=\"_ftnref3\">[3]<\/a> pr\u00eat\u00e9 par les puissants membres de son entourage et par les populations. Chez les Chiites, la l\u00e9gitimit\u00e9 de la transmission de l\u2019im\u00e2mat r\u00e9side dans le choix que fait l\u2019im\u00e2m de son successeur. Quant aux Kharijites tr\u00e8s minoritaires, ils sont partisans d\u2019un califat \u00e9lectif.<\/p>\n<p>Au-del\u00e0 de ces divisions, les contours de l\u2019institution du califat et de l\u2019im\u00e2mat vont \u00eatre encore compliqu\u00e9s ou m\u00eame brouill\u00e9s par son \u00e9volution au Moyen Age et \u00e0 l\u2019\u00e9poque moderne. Les califes du Bas Moyen Age n\u2019ont plus qu\u2019une autorit\u00e9 temporelle limit\u00e9e voire virtuelle. La r\u00e9alit\u00e9 du pouvoir \u00e9tant d\u00e9tenue par des \u00e9mirs et des sultans. De 1516 \u00e0 1922, le califat ottoman appara\u00eet surtout comme une autorit\u00e9 religieuse sup\u00e9rieure (\u00ab\u00a0inter-islamique\u00a0\u00bb).<\/p>\n<p>L\u2019ouvrage de r\u00e9f\u00e9rence sur la th\u00e9orie orthodoxe sunnite du califat est celui d\u2019Al Mawardi dont le titre de la traduction fran\u00e7aise est <em>Les statuts gouvernementaux<\/em>. Le califat y occupe le premier chapitre intitul\u00e9 <em>le statut d\u2019im\u00e2mat<\/em>. Al Mawardi y d\u00e9veloppe les r\u00e8gles de d\u00e9volution du califat qu\u2019il tire des exp\u00e9riences historiques. Il pr\u00e9sente deux dispositifs.<\/p>\n<p>Le premier est l\u2019\u00e9lection de l\u2019im\u00e2m ou calife par un petit nombre de personnes comp\u00e9tentes pour effectuer le choix de l\u2019im\u00e2m, qui doivent remplir des conditions d\u2019honorabilit\u00e9, de savoir, de jugement et de sagesse. Quant aux conditions d\u2019\u00e9ligibilit\u00e9 \u00e0 l\u2019im\u00e2mat, elles sont au nombre de sept\u00a0: <strong>1\u00b0<\/strong> une parfaite honorabilit\u00e9 ; <strong>2\u00b0<\/strong> une science lui permettant d\u2019examiner toute question et de rendre son jugement\u00a0; <strong>3\u00b0<\/strong> l\u2019int\u00e9grit\u00e9 des sens\u00a0; <strong>4\u00b0<\/strong> la validit\u00e9 (l\u2019im\u00e2m ne doit pas \u00eatre handicap\u00e9 moteur)\u00a0; <strong>5\u00b0<\/strong> la capacit\u00e9 d\u2019administrer le peuple\u00a0; <strong>6\u00b0<\/strong> la bravoure et l\u2019\u00e9nergie pour lutter contre les ennemis\u00a0; <strong>7\u00b0<\/strong> l\u2019appartenance \u00e0 un lignage qoraychite. Cette derni\u00e8re exigence est soulign\u00e9e par Al Mawardi comme unanimement requise et il rejette toute opinion divergente affirmant l\u2019\u00e9ligibilit\u00e9 de tout homme quelconque. Il appuie cette position sur la parole du Proph\u00e8te rapport\u00e9e par Abu Bakr<a href=\"#_ftn4\" name=\"_ftnref4\">[4]<\/a>.<\/p>\n<p>Les \u00e9lecteurs ayant pouvoir de \u00ab\u00a0lier et d\u00e9lier\u00a0\u00bb, qui peuvent se r\u00e9duire d\u2019ailleurs \u00e0 trois personnes, doivent se r\u00e9unir pour examiner les candidats \u00e0 l\u2019im\u00e2mat remplissant les conditions requises et choisir le plus m\u00e9ritant et celui \u00e0 qui le peuple est le plus \u00e0 m\u00eame d\u2019ob\u00e9ir. En cas de contestation, le coll\u00e8ge des \u00e9lecteurs peut trancher ou recourir au sort. La contestation d\u2019un candidat ne vicie pas la nomination \u00e0 condition que le conclave n\u2019ait \u00e9limin\u00e9 d\u2019avance aucun pr\u00e9tendant. Une fois sa nomination port\u00e9e \u00e0 la connaissance du peuple, le calife ou im\u00e2m doit \u00eatre ob\u00e9i ipso facto.\u00a0\u00a0\u00a0\u00a0\u00a0<\/p>\n<p>Le second dispositif est la d\u00e9signation de l\u2019im\u00e2m ou calife par son pr\u00e9d\u00e9cesseur. Celui qui est ainsi d\u00e9sign\u00e9 doit remplir les conditions requises et doit \u00eatre le plus digne d\u2019exercer la fonction. La d\u00e9signation est irr\u00e9vocable \u00e0 moins que l\u2019h\u00e9ritier n\u2019ait chang\u00e9.<\/p>\n<p>Que le calife soit investi par une \u00e9lection ou la d\u00e9signation de son pr\u00e9d\u00e9cesseur, le calife doit \u00eatre reconnu par la communaut\u00e9 musulmane qui doit s\u2019en remettre \u00e0 lui pour \u00ab\u00a0toutes les affaires d\u2019int\u00e9r\u00eat g\u00e9n\u00e9ral sans rien faire sans ou contre ses ordres\u00a0\u00bb, ce qui fait de lui un autocrate.<\/p>\n<p>Avant d\u2019\u00e9voquer la nomination des califes au d\u00e9but du chapitre, Al Mawardi s\u2019est pos\u00e9 rapidement la question de la n\u00e9cessit\u00e9 de l\u2019im\u00e2mat, de sa raison d\u2019\u00eatre et du fondement de son autorit\u00e9. Apr\u00e8s avoir dit que la raison d\u2019\u00eatre de l\u2019im\u00e2mat est de suppl\u00e9er le proph\u00e9tisme apr\u00e8s la disparition de Muhammad, dernier des proph\u00e8tes, Al Mawardi signale que s\u2019il y a quasi-unanimit\u00e9 sur la n\u00e9cessit\u00e9 de la fonction, les opinions se partagent sur le fondement de cette n\u00e9cessit\u00e9. Pour les uns, il serait rationnel et pour d\u2019autres, religieux. Al Mawardi reconna\u00eet que le fondement rationnel a une certaine pertinence mais il rappelle le verset 59 de la quatri\u00e8me sourate\u00a0: \u00ab\u00a0\u00d4 vous qui croyez\u00a0! Ob\u00e9issez \u00e0 Dieu\u00a0! Ob\u00e9issez au Proph\u00e8te et \u00e0 ceux d\u2019entre vous qui d\u00e9tiennent l\u2019autorit\u00e9\u00a0!\u00a0\u00bb<a href=\"#_ftn5\" name=\"_ftnref5\">[5]<\/a>. Selon Al Mawardi, le Proph\u00e8te a<\/p>\n<p style=\"padding-left: 40px;\">\u00ab\u00a0donc impos\u00e9\u00a0cat\u00e9goriquement d\u2019ob\u00e9ir \u00e0 ceux d\u2019entre nous qui commandent, c\u2019est-\u00e0-dire aux im\u00e2ms\u00a0\u00bb.<\/p>\n<p>Et Al Mawardi de conforter cette opinion par une d\u00e9claration du Proph\u00e8te rapport\u00e9e par l\u2019un de ses compagnons Abu Horeira :<\/p>\n<p style=\"padding-left: 40px;\">\u00ab\u00a0D\u2019autres chefs apr\u00e8s moi vous commanderont, le pieux d\u2019apr\u00e8s sa pi\u00e9t\u00e9, le pervers d\u2019apr\u00e8s sa perversit\u00e9, mais \u00e9coutez-les et ob\u00e9issez \u00e0 tout ce qui est conforme \u00e0 la v\u00e9rit\u00e9\u00a0: s\u2019ils font bien, cela vous servira et leur servira\u00a0; s\u2019ils font mal, cela vous servira et leur nuira\u00a0\u00bb<a href=\"#_ftn6\" name=\"_ftnref6\">[6]<\/a>.<\/p>\t\t\t\t\t\t\t\t<\/div>\n\t\t\t\t<\/div>\n\t\t\t\t\t<\/div>\n\t\t<\/div>\n\t\t\t\t<div class=\"elementor-column elementor-col-50 elementor-top-column elementor-element elementor-element-7028208 elementor-hidden-mobile\" data-id=\"7028208\" data-element_type=\"column\" data-e-type=\"column\">\n\t\t\t<div class=\"elementor-widget-wrap elementor-element-populated\">\n\t\t\t\t\t\t<div class=\"elementor-element elementor-element-0482133 elementor-widget-divider--view-line_text elementor-widget-divider--element-align-center elementor-widget elementor-widget-divider\" data-id=\"0482133\" data-element_type=\"widget\" data-e-type=\"widget\" data-widget_type=\"divider.default\">\n\t\t\t\t<div class=\"elementor-widget-container\">\n\t\t\t\t\t\t\t<div class=\"elementor-divider\">\n\t\t\t<span class=\"elementor-divider-separator\">\n\t\t\t\t\t\t\t<p class=\"elementor-divider__text elementor-divider__element\">\n\t\t\t\tPage 2\t\t\t\t<\/p>\n\t\t\t\t\t\t<\/span>\n\t\t<\/div>\n\t\t\t\t\t\t<\/div>\n\t\t\t\t<\/div>\n\t\t\t\t<div class=\"elementor-element elementor-element-6e06e5d elementor-widget elementor-widget-text-editor\" data-id=\"6e06e5d\" data-element_type=\"widget\" data-e-type=\"widget\" data-widget_type=\"text-editor.default\">\n\t\t\t\t<div class=\"elementor-widget-container\">\n\t\t\t\t\t\t\t\t\t<p><a href=\"#_ftn2\">[2] <em>Al fitna al kubra.<\/em><\/a><\/p>\t\t\t\t\t\t\t\t<\/div>\n\t\t\t\t<\/div>\n\t\t\t\t<div class=\"elementor-element elementor-element-9559abd elementor-widget elementor-widget-text-editor\" data-id=\"9559abd\" data-element_type=\"widget\" data-e-type=\"widget\" data-widget_type=\"text-editor.default\">\n\t\t\t\t<div class=\"elementor-widget-container\">\n\t\t\t\t\t\t\t\t\t<p><a href=\"#_ftn3\">[3] <em>Bay\u2019a <\/em>\u2013 qui se fait par la dation des mains, comme l\u2019hommage f\u00e9odal en Occident.<\/a><\/p>\t\t\t\t\t\t\t\t<\/div>\n\t\t\t\t<\/div>\n\t\t\t\t<div class=\"elementor-element elementor-element-7f71d9b elementor-widget elementor-widget-text-editor\" data-id=\"7f71d9b\" data-element_type=\"widget\" data-e-type=\"widget\" data-widget_type=\"text-editor.default\">\n\t\t\t\t<div class=\"elementor-widget-container\">\n\t\t\t\t\t\t\t\t\t<p><a href=\"#_ftn4\">[4] \u00ab\u00a0Les im\u00e2ms sont de la race des Qoraych\u00a0\u00bb.<\/a><\/p>\t\t\t\t\t\t\t\t<\/div>\n\t\t\t\t<\/div>\n\t\t\t\t<div class=\"elementor-element elementor-element-74582af elementor-widget elementor-widget-text-editor\" data-id=\"74582af\" data-element_type=\"widget\" data-e-type=\"widget\" data-widget_type=\"text-editor.default\">\n\t\t\t\t<div class=\"elementor-widget-container\">\n\t\t\t\t\t\t\t\t\t<p><a href=\"#_ftn5\">[5] Il aurait pu d\u2019ailleurs citer aussi le verset 80 de la m\u00eame sourate selon lequel<em>&#8230;<\/em><\/a><\/p>\t\t\t\t\t\t\t\t<\/div>\n\t\t\t\t<\/div>\n\t\t\t\t<div class=\"elementor-element elementor-element-abadce1 elementor-absolute elementor-widget elementor-widget-text-editor\" data-id=\"abadce1\" data-element_type=\"widget\" data-e-type=\"widget\" data-settings=\"{&quot;_position&quot;:&quot;absolute&quot;}\" data-widget_type=\"text-editor.default\">\n\t\t\t\t<div class=\"elementor-widget-container\">\n\t\t\t\t\t\t\t\t\t<p><a href=\"#_ftn6\">[6] Ce <em>hadith<\/em> est \u00e0 rapprocher de la phrase de Bossuet dans <em>La politique&#8230;<\/em><\/a><\/p>\t\t\t\t\t\t\t\t<\/div>\n\t\t\t\t<\/div>\n\t\t\t\t\t<\/div>\n\t\t<\/div>\n\t\t\t\t\t<\/div>\n\t\t<\/section>\n\t\t\t\t<section data-particle_enable=\"false\" data-particle-mobile-disabled=\"false\" class=\"elementor-section elementor-top-section elementor-element elementor-element-c7f271b elementor-section-boxed elementor-section-height-default elementor-section-height-default\" data-id=\"c7f271b\" data-element_type=\"section\" data-e-type=\"section\">\n\t\t\t\t\t\t<div class=\"elementor-container elementor-column-gap-default\">\n\t\t\t\t\t<div class=\"elementor-column elementor-col-50 elementor-top-column elementor-element elementor-element-997be46\" data-id=\"997be46\" data-element_type=\"column\" data-e-type=\"column\">\n\t\t\t<div class=\"elementor-widget-wrap elementor-element-populated\">\n\t\t\t\t\t\t<div class=\"elementor-element elementor-element-abd03e2 elementor-widget elementor-widget-text-editor\" data-id=\"abd03e2\" data-element_type=\"widget\" data-e-type=\"widget\" data-widget_type=\"text-editor.default\">\n\t\t\t\t<div class=\"elementor-widget-container\">\n\t\t\t\t\t\t\t\t\t<p>La n\u00e9cessit\u00e9 de l\u2019im\u00e2mat \u00e9tant \u00e9tablie, Al Mawardi ajoute que \u00ab\u00a0cette charge constitue un devoir de solidarit\u00e9, comme sont par exemple ceux de la guerre sainte et de la recherche de la science\u00a0\u00bb.<\/p>\n<p>Dans ses <em>Prol\u00e9gom\u00e8nes<\/em> ou <em>Muqaddima<\/em>, Ibn Khald\u00fbn, trois si\u00e8cles plus tard, est revenu sur la question du besoin du pouvoir politique. Il commence par affirmer \u00ab\u00a0la n\u00e9cessit\u00e9 absolue d\u2019une organisation sociale entre les hommes\u00a0\u00bb et que \u00ab\u00a0toute soci\u00e9t\u00e9 doit avoir un mod\u00e9rateur qui la gouverne\u00a0\u00bb. Ayant pos\u00e9 que ce qui l\u00e9gitime l\u2019Etat est un double contrat de soci\u00e9t\u00e9 et d\u2019autorit\u00e9 symbolis\u00e9 par le serment d\u2019all\u00e9geance, que \u00ab\u00a0la monarchie prend son v\u00e9ritable sens quand le monarque d\u00e9fend ses sujets\u00a0\u00bb, Ibn Khald\u00fbn manifeste sa pr\u00e9f\u00e9rence pour une autorit\u00e9 reposant sur la religion\u00a0:<\/p>\n<p style=\"padding-left: 40px;\">\u00ab\u00a0Parfois l\u2019autorit\u00e9 sup\u00e9rieure repose sur la loi d\u2019une religion r\u00e9v\u00e9l\u00e9e. Le peuple doit s\u2019y soumettre, parce qu\u2019il en sera r\u00e9compens\u00e9 ou puni dans l\u2019Autre Monde comme son L\u00e9gislateur le lui a pr\u00e9dit. Parfois, le pouvoir n\u2019est qu\u2019une politique rationnelle (<em>siy\u00e2sa<\/em>). Dans ce cas, il est ob\u00e9i dans l\u2019espoir d\u2019\u00eatre r\u00e9compens\u00e9 par lui, quand il aura appris ce qui est bon pour ses sujets. Le premier syst\u00e8me est bon pour ce monde et pour l\u2019autre, puisque le L\u00e9gislateur conna\u00eet les fins derni\u00e8res de son peuple, il s\u2019occupe du salut \u00e9ternel de l\u2019homme. Le second syst\u00e8me n\u2019est bon que pour ce monde\u00a0\u00bb.<\/p>\n<p>Ainsi, un bon gouvernement respecte \u00ab\u00a0les lois religieuses, ensuite les maximes des philosophes et enfin, les mod\u00e8les des rois pass\u00e9s\u00a0\u00bb. Mais \u00e9voquant le verset 34 de la sourate XXVII (<em>les Fourmis<\/em>) dans laquelle la reine de Saba, Bilqis, dit<\/p>\n<p style=\"padding-left: 40px;\">\u00ab\u00a0Quand les rois p\u00e9n\u00e8trent dans une cit\u00e9, ils la saccagent et ils font de ses plus nobles habitants, les plus mis\u00e9rables des hommes. C\u2019est ainsi qu\u2019ils agissent\u00a0\u00bb, Ibn Khald\u00fbn rappelle que \u00ab\u00a0Muhammad a bl\u00e2m\u00e9 la monarchie et les monarques. Il les a bl\u00e2m\u00e9s pour leur amour des plaisirs, leur vaine prodigalit\u00e9 et leurs d\u00e9viations en dehors de la voie de Dieu\u00a0\u00bb et que \u00ab\u00a0quand le L\u00e9gislateur condamne le pouvoir royal (\u2026), il le bl\u00e2me de r\u00e9gner par des moyens futiles et d\u2019utiliser les hommes \u00e0 des fins personnelles\u00a0\u00bb. Ainsi, le pouvoir temporel, la monarchie, l\u2019Etat, apparaissent de fa\u00e7on n\u00e9gative. Le calife, successeur du Proph\u00e8te, doit prolonger la mission de ce dernier comme guide religieux. Pour Ibn Khald\u00fbn, \u00ab\u00a0le dessein du L\u00e9gislateur vis-\u00e0-vis de l\u2019humanit\u00e9 est d\u2019assurer son bonheur dans l\u2019autre vie (\u2026), faire agir le peuple selon la loi religieuse (\u2026). L\u2019autorit\u00e9 n\u00e9cessaire pour cela a d\u2019abord \u00e9t\u00e9 incarn\u00e9e par le Proph\u00e8te, repr\u00e9sentant la loi religieuse puis par ses successeurs\u00a0: les califes. (\u2026) Le califat est en v\u00e9rit\u00e9 un int\u00e9rim de l\u2019auteur de la loi sacr\u00e9e visant \u00e0 sauvegarder la religion et \u00e0 la mettre en application dans la gestion de la vie terrestre\u00a0\u00bb. Ainsi, il est significatif que le calife soit appel\u00e9 aussi im\u00e2m comme celui qui dirige la pri\u00e8re, sa fonction est avant tout religieuse. Le calife est le \u00ab\u00a0grand im\u00e2m\u00a0\u00bb.<\/p>\n<p>Le calife est essentiellement une autorit\u00e9 religieuse sup\u00e9rieure et non le chef temporel de l\u2019ensemble des musulmans. Cela rejoint la pens\u00e9e d\u2019auteurs contemporains tels que le cheikh \u2018Ali Abderraziq selon lequel l\u2019institution d\u2019un califat \u00e0 la t\u00eate d\u2019un grand Etat islamique universel ne repose sur aucun fondement l\u00e9gal ou rationnel. Et d\u2019ailleurs, de son vivant, le Proph\u00e8te, affirme ce docteur de l\u2019Universit\u00e9 Al Azh\u00e2r, n\u2019a fait aucune allusion \u00e0 un Etat islamique, ni \u00e0 ses principes d\u2019organisation et il ajoute que \u00ab\u00a0les th\u00e9ologiens n\u2019ont pu produire le moindre <em>hadith<\/em> dans leur argumentation sur ce sujet\u00a0\u00bb.<\/p>\n<p>\u00a0<\/p>\n<p>De nos jours, le califat a pris la dimension d\u2019un v\u00e9ritable mythe. Comme l\u2019a montr\u00e9 le professeur Ali M\u00e9rad dans son ouvrage<a href=\"#_ftn7\" name=\"_ftnref7\">[7]<\/a>,<\/p>\n<p style=\"padding-left: 40px;\">\u00ab\u00a0les discours islamiques contemporains exaltent l\u2019\u00e9thique de l\u2019unit\u00e9, \u00e0 la fois comme valeur inh\u00e9rente au message coranique et comme n\u00e9cessit\u00e9 pour la renaissance du monde musulman. Dans ce dessein, les uns militent pour le retour au mod\u00e8le original du califat, lorsque ce concept \u00e9tait synonyme de grandeur et de rayonnement dans les domaines de la culture et de la civilisation. Pour d\u2019autres, le r\u00e9alisme politique inciterait \u00e0 privil\u00e9gier un califat \u00e0 vocation purement spirituelle\u2026\u00a0\u00bb.<\/p>\n<p>Cette position permet aux pays majoritairement peupl\u00e9s de musulmans d\u2019organiser l\u2019Etat autrement que sur le mod\u00e8le autocratique du califat mythique confinant \u00e0 la monarchie absolue. Leur organisation peut prendre des formes institutionnelles vari\u00e9es quitte \u00e0 faire de l\u2019islam la religion d\u2019Etat, la premi\u00e8re source d\u2019inspiration des normes juridiques, voire la religion obligatoire des dirigeants, sans pour autant \u00eatre oblig\u00e9 de remplacer le concept de califat par celui de r\u00e9publique islamique.<\/p>\n<p>\u00a0<\/p>\n<h3><strong>II \u2013 La r\u00e9publique islamique, concept r\u00e9cent sans r\u00e9f\u00e9rence pr\u00e9cise dans la <em>chari\u2019a<\/em><\/strong><\/h3>\n<p>\u00a0<\/p>\n<p>En effet, ce r\u00e9gime adopt\u00e9 aujourd\u2019hui par l\u2019Iran, le Pakistan, l\u2019Afghanistan et la Mauritanie ne peut se r\u00e9f\u00e9rer \u00e0 aucun verset du Coran et \u00e0 aucun <em>hadith<\/em>. Il est fond\u00e9 sur le principe du <em>velayat-e-faqih<\/em>, mot \u00e0 mot, tutelle du juriste religieux, expression utilis\u00e9e pour d\u00e9signer la pr\u00e9\u00e9minence du religieux sur le temporel, revendiqu\u00e9e par l\u2019ayatollah Khomeyni au lendemain de la r\u00e9volution de 1979.<\/p>\t\t\t\t\t\t\t\t<\/div>\n\t\t\t\t<\/div>\n\t\t\t\t\t<\/div>\n\t\t<\/div>\n\t\t\t\t<div class=\"elementor-column elementor-col-50 elementor-top-column elementor-element elementor-element-1c69fe1 elementor-hidden-mobile\" data-id=\"1c69fe1\" data-element_type=\"column\" data-e-type=\"column\">\n\t\t\t<div class=\"elementor-widget-wrap elementor-element-populated\">\n\t\t\t\t\t\t<div class=\"elementor-element elementor-element-9411f71 elementor-widget-divider--view-line_text elementor-widget-divider--element-align-center elementor-widget elementor-widget-divider\" data-id=\"9411f71\" data-element_type=\"widget\" data-e-type=\"widget\" data-widget_type=\"divider.default\">\n\t\t\t\t<div class=\"elementor-widget-container\">\n\t\t\t\t\t\t\t<div class=\"elementor-divider\">\n\t\t\t<span class=\"elementor-divider-separator\">\n\t\t\t\t\t\t\t<p class=\"elementor-divider__text elementor-divider__element\">\n\t\t\t\tPage 3\t\t\t\t<\/p>\n\t\t\t\t\t\t<\/span>\n\t\t<\/div>\n\t\t\t\t\t\t<\/div>\n\t\t\t\t<\/div>\n\t\t\t\t<div class=\"elementor-element elementor-element-f7ce895 elementor-widget elementor-widget-text-editor\" data-id=\"f7ce895\" data-element_type=\"widget\" data-e-type=\"widget\" data-widget_type=\"text-editor.default\">\n\t\t\t\t<div class=\"elementor-widget-container\">\n\t\t\t\t\t\t\t\t\t<p><a href=\"#_ftn7\">[7] <em>Le califat, une autorit\u00e9 pour l\u2019islam ?<\/em><\/a><\/p>\t\t\t\t\t\t\t\t<\/div>\n\t\t\t\t<\/div>\n\t\t\t\t\t<\/div>\n\t\t<\/div>\n\t\t\t\t\t<\/div>\n\t\t<\/section>\n\t\t\t\t<section data-particle_enable=\"false\" data-particle-mobile-disabled=\"false\" class=\"elementor-section elementor-top-section elementor-element elementor-element-7be6a4e elementor-section-boxed elementor-section-height-default elementor-section-height-default\" data-id=\"7be6a4e\" data-element_type=\"section\" data-e-type=\"section\">\n\t\t\t\t\t\t<div class=\"elementor-container elementor-column-gap-default\">\n\t\t\t\t\t<div class=\"elementor-column elementor-col-50 elementor-top-column elementor-element elementor-element-74ee9be\" data-id=\"74ee9be\" data-element_type=\"column\" data-e-type=\"column\">\n\t\t\t<div class=\"elementor-widget-wrap elementor-element-populated\">\n\t\t\t\t\t\t<div class=\"elementor-element elementor-element-bd6a745 elementor-widget elementor-widget-text-editor\" data-id=\"bd6a745\" data-element_type=\"widget\" data-e-type=\"widget\" data-widget_type=\"text-editor.default\">\n\t\t\t\t<div class=\"elementor-widget-container\">\n\t\t\t\t\t\t\t\t\t<p>La Constitution iranienne issue de cette r\u00e9volution illustre cette notion par son dispositif, en particulier son article 5<a href=\"#_ftn8\" name=\"_ftnref8\">[8]<\/a>. Et justement les articles 107 \u00e0 112 qui constituent le chapitre 8 de la constitution intitul\u00e9 \u00ab\u00a0Le Guide ou le Conseil des guides\u00a0\u00bb qui est l\u2019expression de la mise en \u0153uvre de la <em>velayat-e-faqih<\/em>.\u00a0\u00a0\u00a0\u00a0 \u00a0<\/p>\n<p>Ce principe au c\u0153ur de la doctrine de Khomeyni et qui est pr\u00e9sent\u00e9 comme le seul moyen d\u2019imposer une politique conforme \u00e0 l\u2019islam est en contradiction avec la doctrine chiite traditionnelle qui se caract\u00e9risait justement par rapport aux Sunnites par un pluralisme des autorit\u00e9s religieuses et par leur autonomie vis-\u00e0-vis de l\u2019Etat.<\/p>\n<p>Cette tutelle religieuse des organes ex\u00e9cutifs (Pr\u00e9sident de la R\u00e9publique), l\u00e9gislatif (Assembl\u00e9e l\u00e9gislative islamique) ainsi que sur l\u2019ensemble des instances constitutionnelles aboutit \u00e0 l\u2019\u00e9vidence \u00e0 une forme de dictature ou tout au moins \u00e0 une d\u00e9mocratie totalitaire.\u00a0\u00a0<\/p>\n<p><strong>\u00a0<\/strong><\/p>\n<h3><strong>III \u2013 Les autres formes de r\u00e9publique en islam<\/strong><\/h3>\n<p>\u00a0<\/p>\n<p>Ainsi, les d\u00e9rives d\u2019une interpr\u00e9tation erron\u00e9e, ou tout au moins tendancieuse et utopique de la <em>chari\u2019a<\/em> aboutissent avec le califat mythique \u00e0 une monarchie absolue et avec la notion de r\u00e9publique islamique \u00e0 l\u2019iranienne, \u00e0 une d\u00e9mocratie totalitaire.<\/p>\n<p>Heureusement, plusieurs Etats musulmans ont adopt\u00e9 une autre voie\u00a0: l\u2019Egypte, dont la Constitution de 2014 conserve n\u00e9anmoins l\u2019int\u00e9gralit\u00e9 de l\u2019article 2 de celle de 1971 selon lequel \u00ab\u00a0les principes de la charia islamique sont la source principale de la l\u00e9gislation\u00a0\u00bb, et la Tunisie tout r\u00e9cemment.<\/p>\n<p>Pour ce qui est du Liban, on sait que c\u2019est notamment sur le plan socio-communautaire qu\u2019il se diff\u00e9rencie des autres pays de la r\u00e9gion. La diversit\u00e9 religieuse de la soci\u00e9t\u00e9 libanaise est source de particularismes et de particularit\u00e9s. Le Liban se d\u00e9finit historiquement comme \u00ab\u00a0la terre de refuge de peuples \u00e9pars qui ont fui leur foyer d\u2019origine \u00e0 la recherche de la libert\u00e9 et de la s\u00e9curit\u00e9 dans l\u2019exercice de leurs croyances\u00a0\u00bb<a href=\"#_ftn9\" name=\"_ftnref9\">[9]<\/a>.<\/p>\n<p>Pour rappel, \u00e0 la suite de la premi\u00e8re guerre mondiale, apr\u00e8s la dislocation de l\u2019Empire ottoman, la France cr\u00e9a le Grand Liban, r\u00e9unissant le Mont-Liban et la plaine de la Beqaa, sur la base des accords de Sykes-Picot de 1916 et de San Remo de 1920<a href=\"#_ftn10\" name=\"_ftnref10\">[10]<\/a>. Plac\u00e9 par la SDN sous mandat fran\u00e7ais en 1920, le Liban acc\u00e9da \u00e0 l\u2019ind\u00e9pendance le 22 novembre 1943 avec l\u2019approbation du G\u00e9n\u00e9ral De Gaulle, alors chef de la France libre. Dix-sept communaut\u00e9s religieuses furent institutionnalis\u00e9es par le Haut Commissariat sous le mandat fran\u00e7ais en 1936<a href=\"#_ftn11\" name=\"_ftnref11\">[11]<\/a>. Selon l\u2019article 2,<\/p>\n<p style=\"padding-left: 40px;\">\u00ab\u00a0la reconnaissance l\u00e9gale d\u2019une communaut\u00e9 \u00e0 statut personnel a pour effet de donner au texte d\u00e9finissant son statut, force de loi et de placer ce statut et son application sous la protection de la loi et le contr\u00f4le de l\u2019autorit\u00e9 publique\u00a0\u00bb.<\/p>\n<p>Puis, apparut une 18<sup>\u00e8me<\/sup> communaut\u00e9, la communaut\u00e9 protestante.<\/p>\n<p>\u00a0<\/p>\n<p>\u00a0\u00a0\u00a0\u00a0\u00a0\u00a0\u00a0\u00a0\u00a0\u00a0\u00a0 La R\u00e9publique alg\u00e9rienne a \u00e9t\u00e9 proclam\u00e9e suite aux accords d\u2019Evian de 1962. De tous les pays de l\u2019Union du Maghreb Arabe qui regroupe les pays du Grand Maghreb<a href=\"#_ftn12\" name=\"_ftnref12\">[12]<\/a>, l\u2019Alg\u00e9rie est celui dont la Constitution souligne le moins le lien entre l\u2019Etat et l\u2019islam. Lien qui n\u2019en est pas moins ind\u00e9niable et officiel.<\/p>\n<p>La Constitution alg\u00e9rienne, comme beaucoup de constitutions arabes qui ont subi le \u00ab\u00a0printemps arabe\u00a0\u00bb, a fait l\u2019objet d\u2019une r\u00e9vision vot\u00e9e le 7 f\u00e9vrier 2016 apr\u00e8s cinq ans de tergiversations, r\u00e9vision qui devait montrer que le pays \u00e9tait en marche vers la d\u00e9mocratisation.<\/p>\n<p>Si l\u2019Alg\u00e9rie, r\u00e9publique d\u00e9mocratique et populaire, et pr\u00e9sent\u00e9e comme une \u00ab\u00a0terre d\u2019islam, partie int\u00e9grante du grand Maghreb\u00a0\u00bb, selon l\u2019article 1<sup>er<\/sup> de ladite Constitution, en est une, elle ne choisit pas l\u2019intitul\u00e9 de r\u00e9publique islamique. \u00a0\u00a0<\/p>\n<p>\u00a0<\/p>\n<p>\u00a0\u00a0\u00a0\u00a0\u00a0\u00a0\u00a0\u00a0\u00a0\u00a0\u00a0 Ce qui caract\u00e9rise ces r\u00e9publiques et les diff\u00e9rencie notamment de la R\u00e9publique fran\u00e7aise, c\u2019est le lien officiel avec la religion et l\u2019obligation pour le futur chef d\u2019Etat, d\u2019\u00eatre de confession musulmane. Le seul exemple qui contredit cette acception, c\u2019est la Turquie de Mustafa K\u00e9mal Atat\u00fcrk qui dans le cadre de sa politique de la\u00efcisation de l\u2019Etat, eut pour objectif de se d\u00e9barrasser de l\u2019obscurantisme religieux le plus archa\u00efque et r\u00e9actionnaire mais l\u2019histoire de ce pays et l\u2019actualit\u00e9 en ont d\u00e9cid\u00e9 autrement\u2026<\/p>\t\t\t\t\t\t\t\t<\/div>\n\t\t\t\t<\/div>\n\t\t\t\t<div class=\"elementor-element elementor-element-154553d elementor-widget-divider--view-line elementor-widget elementor-widget-divider\" data-id=\"154553d\" data-element_type=\"widget\" data-e-type=\"widget\" data-widget_type=\"divider.default\">\n\t\t\t\t<div class=\"elementor-widget-container\">\n\t\t\t\t\t\t\t<div class=\"elementor-divider\">\n\t\t\t<span class=\"elementor-divider-separator\">\n\t\t\t\t\t\t<\/span>\n\t\t<\/div>\n\t\t\t\t\t\t<\/div>\n\t\t\t\t<\/div>\n\t\t\t\t\t<\/div>\n\t\t<\/div>\n\t\t\t\t<div class=\"elementor-column elementor-col-50 elementor-top-column elementor-element elementor-element-6c2060a elementor-hidden-mobile\" data-id=\"6c2060a\" data-element_type=\"column\" data-e-type=\"column\">\n\t\t\t<div class=\"elementor-widget-wrap elementor-element-populated\">\n\t\t\t\t\t\t<div class=\"elementor-element elementor-element-562173e elementor-widget-divider--view-line_text elementor-widget-divider--element-align-center elementor-widget elementor-widget-divider\" data-id=\"562173e\" data-element_type=\"widget\" data-e-type=\"widget\" data-widget_type=\"divider.default\">\n\t\t\t\t<div class=\"elementor-widget-container\">\n\t\t\t\t\t\t\t<div class=\"elementor-divider\">\n\t\t\t<span class=\"elementor-divider-separator\">\n\t\t\t\t\t\t\t<p class=\"elementor-divider__text elementor-divider__element\">\n\t\t\t\tPage 4\t\t\t\t<\/p>\n\t\t\t\t\t\t<\/span>\n\t\t<\/div>\n\t\t\t\t\t\t<\/div>\n\t\t\t\t<\/div>\n\t\t\t\t<div class=\"elementor-element elementor-element-8457756 elementor-widget elementor-widget-text-editor\" data-id=\"8457756\" data-element_type=\"widget\" data-e-type=\"widget\" data-widget_type=\"text-editor.default\">\n\t\t\t\t<div class=\"elementor-widget-container\">\n\t\t\t\t\t\t\t\t\t<p><a href=\"#_ftn8\">[8] \u00ab Pendant l\u2019occultation de Sa Saintet\u00e9 le Ma\u00eetre du temps \u2013Dieu&#8230;<\/a><\/p>\t\t\t\t\t\t\t\t<\/div>\n\t\t\t\t<\/div>\n\t\t\t\t<div class=\"elementor-element elementor-element-036f4d3 elementor-widget elementor-widget-text-editor\" data-id=\"036f4d3\" data-element_type=\"widget\" data-e-type=\"widget\" data-widget_type=\"text-editor.default\">\n\t\t\t\t<div class=\"elementor-widget-container\">\n\t\t\t\t\t\t\t\t\t<p><a href=\"#_ftn9\">[9] G. CHARAF, <em>Communaut\u00e9 et pouvoirs au Liban<\/em>, Centre libanais de&#8230;<\/a><\/p>\n<p><a href=\"#_ftn10\">[10] Ces accords d\u2019ailleurs feront capoter l\u2019id\u00e9e d\u2019un royaume arabe unifi\u00e9.<\/a><\/p>\n<p><a href=\"#_ftn11\">[11] Arr\u00eat\u00e9 n\u00b060 LR 18\/3\/36 de vingt-cinq articles, modifi\u00e9 par arr\u00eat\u00e9&#8230;<\/a><\/p>\t\t\t\t\t\t\t\t<\/div>\n\t\t\t\t<\/div>\n\t\t\t\t<div class=\"elementor-element elementor-element-f92e8c7 elementor-widget elementor-widget-text-editor\" data-id=\"f92e8c7\" data-element_type=\"widget\" data-e-type=\"widget\" data-widget_type=\"text-editor.default\">\n\t\t\t\t<div class=\"elementor-widget-container\">\n\t\t\t\t\t\t\t\t\t<p><a href=\"#_ftn12\">[12] D\u2019est en ouest, Libye, Tunisie, Alg\u00e9rie, Maroc, Mauritanie.<\/a><\/p>\t\t\t\t\t\t\t\t<\/div>\n\t\t\t\t<\/div>\n\t\t\t\t\t<\/div>\n\t\t<\/div>\n\t\t\t\t\t<\/div>\n\t\t<\/section>\n\t\t\t\t<section data-particle_enable=\"false\" data-particle-mobile-disabled=\"false\" class=\"elementor-section elementor-top-section elementor-element elementor-element-00484d5 elementor-section-boxed elementor-section-height-default elementor-section-height-default\" data-id=\"00484d5\" data-element_type=\"section\" data-e-type=\"section\">\n\t\t\t\t\t\t<div class=\"elementor-container elementor-column-gap-default\">\n\t\t\t\t\t<div class=\"elementor-column elementor-col-50 elementor-top-column elementor-element elementor-element-a04bcbc\" data-id=\"a04bcbc\" data-element_type=\"column\" data-e-type=\"column\">\n\t\t\t<div class=\"elementor-widget-wrap elementor-element-populated\">\n\t\t\t\t\t\t<div class=\"elementor-element elementor-element-67eb900 elementor-widget elementor-widget-text-editor\" data-id=\"67eb900\" data-element_type=\"widget\" data-e-type=\"widget\" data-widget_type=\"text-editor.default\">\n\t\t\t\t<div class=\"elementor-widget-container\">\n\t\t\t\t\t\t\t\t\t<p><a href=\"#_ftnref1\" name=\"_ftn1\">[1]<\/a> Sourate XXXVIII, 26.<\/p>\n<p><a href=\"#_ftnref2\" name=\"_ftn2\">[2]<\/a> <em>Al fitna al kubra.<\/em><\/p>\n<p><a href=\"#_ftnref3\" name=\"_ftn3\">[3]<\/a> <em>Bay\u2019a <\/em>\u2013 qui se fait par la dation des mains, comme l\u2019hommage f\u00e9odal en Occident.<\/p>\n<p><a href=\"#_ftnref4\" name=\"_ftn4\">[4]<\/a> \u00ab\u00a0Les im\u00e2ms sont de la race des Qoraych\u00a0\u00bb.<\/p>\n<p><a href=\"#_ftnref5\" name=\"_ftn5\">[5]<\/a> Il aurait pu d\u2019ailleurs citer aussi le verset 80 de la m\u00eame sourate selon lequel \u00ab\u00a0ceux qui ob\u00e9issent au Proph\u00e8te, ob\u00e9issent \u00e0 Dieu\u00a0\u00bb.<\/p>\n<p><a href=\"#_ftnref6\" name=\"_ftn6\">[6]<\/a> Ce <em>hadith<\/em> est \u00e0 rapprocher de la phrase de Bossuet dans <em>La politique tir\u00e9e des propres paroles de l\u2019Ecriture Sainte<\/em>\u00a0: \u00ab\u00a0Ob\u00e9issez \u00e0 vos ma\u00eetres, non seulement \u00e0 ceux qui sont bons et mod\u00e9r\u00e9s, mais encore \u00e0 ceux qui sont f\u00e2cheux et injustes\u00a0\u00bb.<\/p>\n<p><a href=\"#_ftnref7\" name=\"_ftn7\">[7]<\/a> <em>Le califat, une autorit\u00e9 pour l\u2019islam ?<\/em><\/p>\n<p><a href=\"#_ftnref8\" name=\"_ftn8\">[8]<\/a> \u00ab\u00a0Pendant l\u2019occultation de Sa Saintet\u00e9 le Ma\u00eetre du temps \u2013Dieu le Tr\u00e8s Haut veuille r\u00e9duire l\u2019attente\u2013, la r\u00e9gence ex\u00e9cutive et la direction de la communaut\u00e9 islamique des croyants dans la R\u00e9publique islamique d\u2019Iran appartiennent au jurisconsulte religieux (<em>faqih<\/em>) juste, vertueux, conscient des probl\u00e8mes de l\u2019\u00e9poque, courageux, capable de diriger, avis\u00e9, qui assume ces fonctions conform\u00e9ment \u00e0 l\u2019article 107\u00a0\u00bb.<\/p>\n<p><a href=\"#_ftnref9\" name=\"_ftn9\">[9]<\/a> G. CHARAF, <em>Communaut\u00e9 et pouvoirs au Liban<\/em>, Centre libanais de documentation et de recherche, Beyrouth, 1981.<\/p>\n<p><a href=\"#_ftnref10\" name=\"_ftn10\">[10]<\/a> Ces accords d\u2019ailleurs feront capoter l\u2019id\u00e9e d\u2019un royaume arabe unifi\u00e9.<\/p>\n<p><a href=\"#_ftnref11\" name=\"_ftn11\">[11]<\/a> Arr\u00eat\u00e9 n\u00b060 LR 18\/3\/36 de vingt-cinq articles, modifi\u00e9 par arr\u00eat\u00e9 n\u00b0146 LR. Le Haut Commissariat avait une mission de contr\u00f4le politique et de maintien de l\u2019ordre. Il avait d\u2019ailleurs des pouvoirs de police et pouvait recourir \u00e0 la force arm\u00e9e. Cf. M. HAYEK, <em>Centre-p\u00e9riph\u00e9rie dans un syst\u00e8me multicommunautaire, le cas du Liban<\/em>, th\u00e8se en science politique, Universit\u00e9 de Toulouse, 2003.<\/p>\n<p><a href=\"#_ftnref12\" name=\"_ftn12\">[12]<\/a> D\u2019est en ouest, Libye, Tunisie, Alg\u00e9rie, Maroc, Mauritanie.<\/p>\t\t\t\t\t\t\t\t<\/div>\n\t\t\t\t<\/div>\n\t\t\t\t\t<\/div>\n\t\t<\/div>\n\t\t\t\t<div class=\"elementor-column elementor-col-50 elementor-top-column elementor-element elementor-element-947632a\" data-id=\"947632a\" data-element_type=\"column\" data-e-type=\"column\">\n\t\t\t<div class=\"elementor-widget-wrap\">\n\t\t\t\t\t\t\t<\/div>\n\t\t<\/div>\n\t\t\t\t\t<\/div>\n\t\t<\/section>\n\t\t\t\t<section data-particle_enable=\"false\" data-particle-mobile-disabled=\"false\" class=\"elementor-section elementor-top-section elementor-element elementor-element-cc956bb elementor-section-boxed elementor-section-height-default elementor-section-height-default\" data-id=\"cc956bb\" data-element_type=\"section\" data-e-type=\"section\">\n\t\t\t\t\t\t<div class=\"elementor-container elementor-column-gap-default\">\n\t\t\t\t\t<div class=\"elementor-column elementor-col-100 elementor-top-column elementor-element elementor-element-0375ca6\" data-id=\"0375ca6\" data-element_type=\"column\" data-e-type=\"column\">\n\t\t\t<div class=\"elementor-widget-wrap elementor-element-populated\">\n\t\t\t\t\t\t<div class=\"elementor-element elementor-element-df49d5c elementor-share-buttons--skin-boxed elementor-share-buttons--view-icon-text elementor-share-buttons--shape-square elementor-grid-0 elementor-share-buttons--color-official elementor-widget elementor-widget-share-buttons\" data-id=\"df49d5c\" data-element_type=\"widget\" data-e-type=\"widget\" data-widget_type=\"share-buttons.default\">\n\t\t\t\t<div class=\"elementor-widget-container\">\n\t\t\t\t\t\t\t<div class=\"elementor-grid\" role=\"list\">\n\t\t\t\t\t\t\t\t<div class=\"elementor-grid-item\" role=\"listitem\">\n\t\t\t\t\t\t<div class=\"elementor-share-btn elementor-share-btn_facebook\" role=\"button\" tabindex=\"0\" aria-label=\"Partager sur facebook\">\n\t\t\t\t\t\t\t\t\t\t\t\t\t\t\t<span class=\"elementor-share-btn__icon\">\n\t\t\t\t\t\t\t\t<i class=\"fab fa-facebook\" aria-hidden=\"true\"><\/i>\t\t\t\t\t\t\t<\/span>\n\t\t\t\t\t\t\t\t\t\t\t\t\t\t\t\t\t\t\t\t\t\t<div class=\"elementor-share-btn__text\">\n\t\t\t\t\t\t\t\t\t\t\t\t\t\t\t\t\t\t\t<span class=\"elementor-share-btn__title\">\n\t\t\t\t\t\t\t\t\t\tFacebook\t\t\t\t\t\t\t\t\t<\/span>\n\t\t\t\t\t\t\t\t\t\t\t\t\t\t\t\t\t<\/div>\n\t\t\t\t\t\t\t\t\t\t\t\t\t<\/div>\n\t\t\t\t\t<\/div>\n\t\t\t\t\t\t\t\t\t<div class=\"elementor-grid-item\" role=\"listitem\">\n\t\t\t\t\t\t<div class=\"elementor-share-btn elementor-share-btn_twitter\" role=\"button\" tabindex=\"0\" aria-label=\"Partager sur twitter\">\n\t\t\t\t\t\t\t\t\t\t\t\t\t\t\t<span class=\"elementor-share-btn__icon\">\n\t\t\t\t\t\t\t\t<i class=\"fab fa-twitter\" aria-hidden=\"true\"><\/i>\t\t\t\t\t\t\t<\/span>\n\t\t\t\t\t\t\t\t\t\t\t\t\t\t\t\t\t\t\t\t\t\t<div class=\"elementor-share-btn__text\">\n\t\t\t\t\t\t\t\t\t\t\t\t\t\t\t\t\t\t\t<span class=\"elementor-share-btn__title\">\n\t\t\t\t\t\t\t\t\t\tTwitter\t\t\t\t\t\t\t\t\t<\/span>\n\t\t\t\t\t\t\t\t\t\t\t\t\t\t\t\t\t<\/div>\n\t\t\t\t\t\t\t\t\t\t\t\t\t<\/div>\n\t\t\t\t\t<\/div>\n\t\t\t\t\t\t\t\t\t<div class=\"elementor-grid-item\" role=\"listitem\">\n\t\t\t\t\t\t<div class=\"elementor-share-btn elementor-share-btn_linkedin\" role=\"button\" tabindex=\"0\" aria-label=\"Partager sur linkedin\">\n\t\t\t\t\t\t\t\t\t\t\t\t\t\t\t<span class=\"elementor-share-btn__icon\">\n\t\t\t\t\t\t\t\t<i class=\"fab fa-linkedin\" aria-hidden=\"true\"><\/i>\t\t\t\t\t\t\t<\/span>\n\t\t\t\t\t\t\t\t\t\t\t\t\t\t\t\t\t\t\t\t\t\t<div class=\"elementor-share-btn__text\">\n\t\t\t\t\t\t\t\t\t\t\t\t\t\t\t\t\t\t\t<span class=\"elementor-share-btn__title\">\n\t\t\t\t\t\t\t\t\t\tLinkedIn\t\t\t\t\t\t\t\t\t<\/span>\n\t\t\t\t\t\t\t\t\t\t\t\t\t\t\t\t\t<\/div>\n\t\t\t\t\t\t\t\t\t\t\t\t\t<\/div>\n\t\t\t\t\t<\/div>\n\t\t\t\t\t\t<\/div>\n\t\t\t\t\t\t<\/div>\n\t\t\t\t<\/div>\n\t\t\t\t<div class=\"elementor-element elementor-element-cbf3633 elementor-widget-divider--separator-type-pattern elementor-widget-divider--no-spacing elementor-widget-divider--view-line elementor-widget elementor-widget-divider\" data-id=\"cbf3633\" data-element_type=\"widget\" data-e-type=\"widget\" data-widget_type=\"divider.default\">\n\t\t\t\t<div class=\"elementor-widget-container\">\n\t\t\t\t\t\t\t<div class=\"elementor-divider\" style=\"--divider-pattern-url: url(&quot;data:image\/svg+xml,%3Csvg xmlns=&#039;http:\/\/www.w3.org\/2000\/svg&#039; preserveAspectRatio=&#039;none&#039; overflow=&#039;visible&#039; height=&#039;100%&#039; viewBox=&#039;0 0 24 24&#039; fill=&#039;black&#039; stroke=&#039;none&#039;%3E%3Cpath d=&#039;M24,8v12H0V8H24z M24,4v1H0V4H24z&#039;\/%3E%3C\/svg%3E&quot;);\">\n\t\t\t<span class=\"elementor-divider-separator\">\n\t\t\t\t\t\t<\/span>\n\t\t<\/div>\n\t\t\t\t\t\t<\/div>\n\t\t\t\t<\/div>\n\t\t\t\t<div class=\"elementor-element elementor-element-bfa8397 elementor-widget elementor-widget-heading\" data-id=\"bfa8397\" data-element_type=\"widget\" data-e-type=\"widget\" data-widget_type=\"heading.default\">\n\t\t\t\t<div class=\"elementor-widget-container\">\n\t\t\t\t\t<h4 class=\"elementor-heading-title elementor-size-default\">D'autres articles<\/h4>\t\t\t\t<\/div>\n\t\t\t\t<\/div>\n\t\t\t\t<div class=\"elementor-element elementor-element-4ba1513 elementor-grid-1 elementor-posts--thumbnail-left elementor-grid-tablet-1 elementor-grid-mobile-1 elementor-widget elementor-widget-posts\" data-id=\"4ba1513\" data-element_type=\"widget\" data-e-type=\"widget\" data-settings=\"{&quot;classic_columns&quot;:&quot;1&quot;,&quot;classic_row_gap&quot;:{&quot;unit&quot;:&quot;px&quot;,&quot;size&quot;:20,&quot;sizes&quot;:[]},&quot;classic_columns_tablet&quot;:&quot;1&quot;,&quot;classic_columns_mobile&quot;:&quot;1&quot;,&quot;classic_row_gap_tablet&quot;:{&quot;unit&quot;:&quot;px&quot;,&quot;size&quot;:&quot;&quot;,&quot;sizes&quot;:[]},&quot;classic_row_gap_mobile&quot;:{&quot;unit&quot;:&quot;px&quot;,&quot;size&quot;:&quot;&quot;,&quot;sizes&quot;:[]}}\" data-widget_type=\"posts.classic\">\n\t\t\t\t<div class=\"elementor-widget-container\">\n\t\t\t\t\t\t\t<div class=\"elementor-posts-container elementor-posts elementor-posts--skin-classic elementor-grid\" role=\"list\">\n\t\t\t\t<article class=\"elementor-post elementor-grid-item post-2027 post type-post status-publish format-standard has-post-thumbnail hentry category-numero3\" role=\"listitem\">\n\t\t\t\t<a class=\"elementor-post__thumbnail__link\" href=\"https:\/\/m3c.universita.corsica\/lumi\/la-loi-toubon-et-la-loi-101-de-la-philosophie-au-droit-la-france-et-le-quebec-entre-republicanisme-et-liberalisme\/\" tabindex=\"-1\" >\n\t\t\t<div class=\"elementor-post__thumbnail\"><img fetchpriority=\"high\" decoding=\"async\" width=\"300\" height=\"169\" src=\"https:\/\/lumi.univ-corse.fr\/wp-content\/uploads\/2023\/12\/quebec-france-lumi-numero-3-300x169.jpg\" class=\"attachment-medium size-medium wp-image-2130\" alt=\"\" srcset=\"https:\/\/lumi.univ-corse.fr\/wp-content\/uploads\/2023\/12\/quebec-france-lumi-numero-3-300x169.jpg 300w, https:\/\/lumi.univ-corse.fr\/wp-content\/uploads\/2023\/12\/quebec-france-lumi-numero-3-1024x576.jpg 1024w, https:\/\/lumi.univ-corse.fr\/wp-content\/uploads\/2023\/12\/quebec-france-lumi-numero-3-768x432.jpg 768w, https:\/\/lumi.univ-corse.fr\/wp-content\/uploads\/2023\/12\/quebec-france-lumi-numero-3-1536x864.jpg 1536w, https:\/\/lumi.univ-corse.fr\/wp-content\/uploads\/2023\/12\/quebec-france-lumi-numero-3-2048x1152.jpg 2048w\" sizes=\"(max-width: 300px) 100vw, 300px\" \/><\/div>\n\t\t<\/a>\n\t\t\t\t<div class=\"elementor-post__text\">\n\t\t\t\t<h3 class=\"elementor-post__title\">\n\t\t\t<a href=\"https:\/\/m3c.universita.corsica\/lumi\/la-loi-toubon-et-la-loi-101-de-la-philosophie-au-droit-la-france-et-le-quebec-entre-republicanisme-et-liberalisme\/\" >\n\t\t\t\tLa Loi Toubon et la Loi 101 de la philosophie au droit : la France et le Qu\u00e9bec entre r\u00e9publicanisme et lib\u00e9ralisme\t\t\t<\/a>\n\t\t<\/h3>\n\t\t\t\t<div class=\"elementor-post__meta-data\">\n\t\t\t\t\t<span class=\"elementor-post-date\">\n\t\t\t9 d\u00e9cembre 2023\t\t<\/span>\n\t\t\t\t<\/div>\n\t\t\t\t<div class=\"elementor-post__excerpt\">\n\t\t\t<p>Comme les travaux men\u00e9s par Joseph-G. Turi \u00e0 la fin des ann\u00e9es 1980 l\u2019ont d\u00e9montr\u00e9, les l\u00e9gislations linguistiques qu\u00e9b\u00e9coise et fran\u00e7aise visaient toutes deux la cons\u00e9cration d\u2019une seule langue officielle, mais avaient fait l\u2019objet d\u2019interpr\u00e9tations plut\u00f4t favorables \u00e0 une langue autre[2]. Depuis&#8230;<\/p>\n\t\t<\/div>\n\t\t\t\t<\/div>\n\t\t\t\t<\/article>\n\t\t\t\t<article class=\"elementor-post elementor-grid-item post-2019 post type-post status-publish format-standard has-post-thumbnail hentry category-numero3\" role=\"listitem\">\n\t\t\t\t<a class=\"elementor-post__thumbnail__link\" href=\"https:\/\/m3c.universita.corsica\/lumi\/pasquale-paoli-et-sa-documentation-sur-les-regimes-mixtes-de-lantiquite\/\" tabindex=\"-1\" >\n\t\t\t<div class=\"elementor-post__thumbnail\"><img decoding=\"async\" width=\"300\" height=\"169\" src=\"https:\/\/lumi.univ-corse.fr\/wp-content\/uploads\/2023\/12\/republicanisme-corse-lumi-numero-3-300x169.jpg\" class=\"attachment-medium size-medium wp-image-2081\" alt=\"\" srcset=\"https:\/\/lumi.univ-corse.fr\/wp-content\/uploads\/2023\/12\/republicanisme-corse-lumi-numero-3-300x169.jpg 300w, https:\/\/lumi.univ-corse.fr\/wp-content\/uploads\/2023\/12\/republicanisme-corse-lumi-numero-3-1024x576.jpg 1024w, https:\/\/lumi.univ-corse.fr\/wp-content\/uploads\/2023\/12\/republicanisme-corse-lumi-numero-3-768x432.jpg 768w, https:\/\/lumi.univ-corse.fr\/wp-content\/uploads\/2023\/12\/republicanisme-corse-lumi-numero-3-1536x864.jpg 1536w, https:\/\/lumi.univ-corse.fr\/wp-content\/uploads\/2023\/12\/republicanisme-corse-lumi-numero-3-2048x1152.jpg 2048w\" sizes=\"(max-width: 300px) 100vw, 300px\" \/><\/div>\n\t\t<\/a>\n\t\t\t\t<div class=\"elementor-post__text\">\n\t\t\t\t<h3 class=\"elementor-post__title\">\n\t\t\t<a href=\"https:\/\/m3c.universita.corsica\/lumi\/pasquale-paoli-et-sa-documentation-sur-les-regimes-mixtes-de-lantiquite\/\" >\n\t\t\t\tPasquale Paoli et sa documentation sur les r\u00e9gimes mixtes de l\u2019Antiquit\u00e9\t\t\t<\/a>\n\t\t<\/h3>\n\t\t\t\t<div class=\"elementor-post__meta-data\">\n\t\t\t\t\t<span class=\"elementor-post-date\">\n\t\t\t9 d\u00e9cembre 2023\t\t<\/span>\n\t\t\t\t<\/div>\n\t\t\t\t<div class=\"elementor-post__excerpt\">\n\t\t\t<p>Qu\u2019est-ce que les r\u00e9volutionnaires corses du XVIIIe si\u00e8cle ont cherch\u00e9 dans la documentation antique \u00e0 propos des r\u00e9gimes mixtes et, surtout, qu\u2019y ont-ils trouv\u00e9\u00a0? C\u2019est une question que l\u2019on abordera en la circonscrivant \u00e0 des limites raisonnables, c\u2019est-\u00e0-dire \u00e0 un personnage, Pasquale Paoli, et \u00e0 sa&#8230;<\/p>\n\t\t<\/div>\n\t\t\t\t<\/div>\n\t\t\t\t<\/article>\n\t\t\t\t<article class=\"elementor-post elementor-grid-item post-2006 post type-post status-publish format-standard has-post-thumbnail hentry category-editorial3\" role=\"listitem\">\n\t\t\t\t<a class=\"elementor-post__thumbnail__link\" href=\"https:\/\/m3c.universita.corsica\/lumi\/__trashed-2\/\" tabindex=\"-1\" >\n\t\t\t<div class=\"elementor-post__thumbnail\"><img decoding=\"async\" width=\"300\" height=\"168\" src=\"https:\/\/lumi.univ-corse.fr\/wp-content\/uploads\/2023\/12\/echanges-vincent-peillon-lumi-numero-3-300x168.jpg\" class=\"attachment-medium size-medium wp-image-2147\" alt=\"\" srcset=\"https:\/\/lumi.univ-corse.fr\/wp-content\/uploads\/2023\/12\/echanges-vincent-peillon-lumi-numero-3-300x168.jpg 300w, https:\/\/lumi.univ-corse.fr\/wp-content\/uploads\/2023\/12\/echanges-vincent-peillon-lumi-numero-3-1024x575.jpg 1024w, https:\/\/lumi.univ-corse.fr\/wp-content\/uploads\/2023\/12\/echanges-vincent-peillon-lumi-numero-3-768x431.jpg 768w, https:\/\/lumi.univ-corse.fr\/wp-content\/uploads\/2023\/12\/echanges-vincent-peillon-lumi-numero-3.jpg 1058w\" sizes=\"(max-width: 300px) 100vw, 300px\" \/><\/div>\n\t\t<\/a>\n\t\t\t\t<div class=\"elementor-post__text\">\n\t\t\t\t<h3 class=\"elementor-post__title\">\n\t\t\t<a href=\"https:\/\/m3c.universita.corsica\/lumi\/__trashed-2\/\" >\n\t\t\t\t\u00c9changes avec Vincent Peillon\t\t\t<\/a>\n\t\t<\/h3>\n\t\t\t\t<div class=\"elementor-post__meta-data\">\n\t\t\t\t\t<span class=\"elementor-post-date\">\n\t\t\t8 d\u00e9cembre 2023\t\t<\/span>\n\t\t\t\t<\/div>\n\t\t\t\t<div class=\"elementor-post__excerpt\">\n\t\t\t<p>Jean-Guy TALAMONI<br \/>\nMerci, Vincent Peillon, pour cette conf\u00e9rence qui ouvre des pistes et pr\u00e9sente des id\u00e9es nouvelles, \u00e0 plusieurs titres. Il serait int\u00e9ressant qu\u2019il y ait un \u00e9change avec les coll\u00e8gues qui sont pr\u00e9sents \u00e0 ce colloque. D\u2019autant que&#8230;<\/p>\n\t\t<\/div>\n\t\t\t\t<\/div>\n\t\t\t\t<\/article>\n\t\t\t\t<\/div>\n\t\t\n\t\t\t\t\t\t<\/div>\n\t\t\t\t<\/div>\n\t\t\t\t\t<\/div>\n\t\t<\/div>\n\t\t\t\t\t<\/div>\n\t\t<\/section>\n\t\t\t\t<\/div>\n\t\t","protected":false},"excerpt":{"rendered":"<p>Il ne peut \u00eatre question de traiter en quelques lignes la th\u00e9orie de l\u2019Etat et la notion de r\u00e9publique en islam. Les sources et la bibliographie sont consid\u00e9rables. Au fil des si\u00e8cles, la th\u00e9orie de l\u2019Etat a fait l\u2019objet d\u2019abondants d\u00e9veloppements des plus grands auteurs\u00a0: Al Mawardi au XI\u00e8me si\u00e8cle, Ibn Khald\u00fbn&#8230;<\/p>\n","protected":false},"author":45,"featured_media":2122,"comment_status":"closed","ping_status":"closed","sticky":false,"template":"","format":"standard","meta":{"_acf_changed":false,"footnotes":""},"categories":[20],"tags":[],"class_list":["post-1967","post","type-post","status-publish","format-standard","has-post-thumbnail","hentry","category-numero3"],"acf":[],"_links":{"self":[{"href":"https:\/\/m3c.universita.corsica\/lumi\/wp-json\/wp\/v2\/posts\/1967","targetHints":{"allow":["GET"]}}],"collection":[{"href":"https:\/\/m3c.universita.corsica\/lumi\/wp-json\/wp\/v2\/posts"}],"about":[{"href":"https:\/\/m3c.universita.corsica\/lumi\/wp-json\/wp\/v2\/types\/post"}],"author":[{"embeddable":true,"href":"https:\/\/m3c.universita.corsica\/lumi\/wp-json\/wp\/v2\/users\/45"}],"replies":[{"embeddable":true,"href":"https:\/\/m3c.universita.corsica\/lumi\/wp-json\/wp\/v2\/comments?post=1967"}],"version-history":[{"count":16,"href":"https:\/\/m3c.universita.corsica\/lumi\/wp-json\/wp\/v2\/posts\/1967\/revisions"}],"predecessor-version":[{"id":2339,"href":"https:\/\/m3c.universita.corsica\/lumi\/wp-json\/wp\/v2\/posts\/1967\/revisions\/2339"}],"wp:featuredmedia":[{"embeddable":true,"href":"https:\/\/m3c.universita.corsica\/lumi\/wp-json\/wp\/v2\/media\/2122"}],"wp:attachment":[{"href":"https:\/\/m3c.universita.corsica\/lumi\/wp-json\/wp\/v2\/media?parent=1967"}],"wp:term":[{"taxonomy":"category","embeddable":true,"href":"https:\/\/m3c.universita.corsica\/lumi\/wp-json\/wp\/v2\/categories?post=1967"},{"taxonomy":"post_tag","embeddable":true,"href":"https:\/\/m3c.universita.corsica\/lumi\/wp-json\/wp\/v2\/tags?post=1967"}],"curies":[{"name":"wp","href":"https:\/\/api.w.org\/{rel}","templated":true}]}}