{"id":2000,"date":"2023-12-08T11:00:41","date_gmt":"2023-12-08T11:00:41","guid":{"rendered":"https:\/\/m3c.universita.corsica\/lumi\/?p=2000"},"modified":"2023-12-11T20:31:12","modified_gmt":"2023-12-11T20:31:12","slug":"le-commun-pour-base-dun-eco-republicanisme","status":"publish","type":"post","link":"https:\/\/m3c.universita.corsica\/lumi\/le-commun-pour-base-dun-eco-republicanisme\/","title":{"rendered":"Le commun pour base d\u2019un \u00e9co-r\u00e9publicanisme"},"content":{"rendered":"\t\t<div data-elementor-type=\"wp-post\" data-elementor-id=\"2000\" class=\"elementor elementor-2000\" data-elementor-post-type=\"post\">\n\t\t\t\t\t\t<section data-particle_enable=\"false\" data-particle-mobile-disabled=\"false\" class=\"elementor-section elementor-top-section elementor-element elementor-element-5e8823c5 elementor-section-full_width elementor-section-height-min-height elementor-section-height-default elementor-section-items-middle\" data-id=\"5e8823c5\" data-element_type=\"section\" data-e-type=\"section\" data-settings=\"{&quot;background_background&quot;:&quot;classic&quot;}\">\n\t\t\t\t\t\t<div class=\"elementor-container elementor-column-gap-default\">\n\t\t\t\t\t<div class=\"elementor-column elementor-col-100 elementor-top-column elementor-element elementor-element-76f81a2a\" data-id=\"76f81a2a\" data-element_type=\"column\" data-e-type=\"column\">\n\t\t\t<div class=\"elementor-widget-wrap\">\n\t\t\t\t\t\t\t<\/div>\n\t\t<\/div>\n\t\t\t\t\t<\/div>\n\t\t<\/section>\n\t\t\t\t<section data-particle_enable=\"false\" data-particle-mobile-disabled=\"false\" class=\"elementor-section elementor-top-section elementor-element elementor-element-3a18bbe8 elementor-section-boxed elementor-section-height-default elementor-section-height-default\" data-id=\"3a18bbe8\" data-element_type=\"section\" data-e-type=\"section\">\n\t\t\t\t\t\t<div class=\"elementor-container elementor-column-gap-default\">\n\t\t\t\t\t<div class=\"elementor-column elementor-col-100 elementor-top-column elementor-element elementor-element-4b643c40\" data-id=\"4b643c40\" data-element_type=\"column\" data-e-type=\"column\">\n\t\t\t<div class=\"elementor-widget-wrap elementor-element-populated\">\n\t\t\t\t\t\t<div class=\"elementor-element elementor-element-408a78ac elementor-widget elementor-widget-heading\" data-id=\"408a78ac\" data-element_type=\"widget\" data-e-type=\"widget\" data-widget_type=\"heading.default\">\n\t\t\t\t<div class=\"elementor-widget-container\">\n\t\t\t\t\t<h1 class=\"elementor-heading-title elementor-size-default\">Le commun pour base d\u2019un \u00e9co-r\u00e9publicanisme<\/h1>\t\t\t\t<\/div>\n\t\t\t\t<\/div>\n\t\t\t\t<div class=\"elementor-element elementor-element-34bfa006 elementor-author-box--name-yes elementor-author-box--biography-yes elementor-author-box--link-no elementor-widget elementor-widget-author-box\" data-id=\"34bfa006\" data-element_type=\"widget\" data-e-type=\"widget\" data-widget_type=\"author-box.default\">\n\t\t\t\t<div class=\"elementor-widget-container\">\n\t\t\t\t\t\t\t<div class=\"elementor-author-box\">\n\t\t\t\n\t\t\t<div class=\"elementor-author-box__text\">\n\t\t\t\t\t\t\t\t\t<div >\n\t\t\t\t\t\t<h4 class=\"elementor-author-box__name\">\n\t\t\t\t\t\t\tThierry Dominici\t\t\t\t\t\t<\/h4>\n\t\t\t\t\t<\/div>\n\t\t\t\t\n\t\t\t\t\t\t\t\t\t<div class=\"elementor-author-box__bio\">\n\t\t\t\t\t\tMa\u00eetre de Conf\u00e9rences, Institut de Recherche Montesquieu (IRM) Universit\u00e9 de Bordeaux, Science politique\t\t\t\t\t<\/div>\n\t\t\t\t\n\t\t\t\t\t\t\t<\/div>\n\t\t<\/div>\n\t\t\t\t\t\t<\/div>\n\t\t\t\t<\/div>\n\t\t\t\t<div class=\"elementor-element elementor-element-1d58fef2 elementor-align-left elementor-widget elementor-widget-button\" data-id=\"1d58fef2\" data-element_type=\"widget\" data-e-type=\"widget\" data-widget_type=\"button.default\">\n\t\t\t\t<div class=\"elementor-widget-container\">\n\t\t\t\t\t\t\t\t\t<div class=\"elementor-button-wrapper\">\n\t\t\t\t\t<a class=\"elementor-button elementor-button-link elementor-size-sm\" href=\"\/lumi\/wp-content\/uploads\/2023\/12\/DEFIN.-RELU-WM-ART.-T-Dominici-Le-commun-pour-TALAMONI1-1.pdf\" target=\"_blank\">\n\t\t\t\t\t\t<span class=\"elementor-button-content-wrapper\">\n\t\t\t\t\t\t<span class=\"elementor-button-icon\">\n\t\t\t\t<i aria-hidden=\"true\" class=\"fas fa-file-download\"><\/i>\t\t\t<\/span>\n\t\t\t\t\t\t\t\t\t<span class=\"elementor-button-text\">Visionner \/ T\u00e9l\u00e9charger la version PDF<\/span>\n\t\t\t\t\t<\/span>\n\t\t\t\t\t<\/a>\n\t\t\t\t<\/div>\n\t\t\t\t\t\t\t\t<\/div>\n\t\t\t\t<\/div>\n\t\t\t\t\t<\/div>\n\t\t<\/div>\n\t\t\t\t\t<\/div>\n\t\t<\/section>\n\t\t\t\t<section data-particle_enable=\"false\" data-particle-mobile-disabled=\"false\" class=\"elementor-section elementor-top-section elementor-element elementor-element-70fe5d20 elementor-section-boxed elementor-section-height-default elementor-section-height-default\" data-id=\"70fe5d20\" data-element_type=\"section\" data-e-type=\"section\">\n\t\t\t\t\t\t<div class=\"elementor-container elementor-column-gap-default\">\n\t\t\t\t\t<div class=\"elementor-column elementor-col-50 elementor-top-column elementor-element elementor-element-6094c63e\" data-id=\"6094c63e\" data-element_type=\"column\" data-e-type=\"column\">\n\t\t\t<div class=\"elementor-widget-wrap elementor-element-populated\">\n\t\t\t\t\t\t<div class=\"elementor-element elementor-element-150486f9 elementor-widget elementor-widget-text-editor\" data-id=\"150486f9\" data-element_type=\"widget\" data-e-type=\"widget\" data-widget_type=\"text-editor.default\">\n\t\t\t\t<div class=\"elementor-widget-container\">\n\t\t\t\t\t\t\t\t\t<p>La t\u00e2che la plus ardue de cette communication est, peut-\u00eatre, de faire passer l\u2019id\u00e9e qu\u2019au-del\u00e0 de certains antagonismes, tenter de rapprocher le r\u00e9publicanisme au sens premier du terme, c\u2019est-\u00e0-dire, en tant que principe de base de \u00ab toute activit\u00e9 publique \u00bb d\u2019une soci\u00e9t\u00e9 humaine organis\u00e9e et institutionnalis\u00e9e et l\u2019\u00e9cologie, du moins celle au sens courant que notre culture de masse produit depuis le d\u00e9but des ann\u00e9es 1980, peut para\u00eetre tout \u00e0 fait naturel aujourd\u2019hui.<\/p><p>Certes, pour les occidentaux que nous sommes, cette id\u00e9e de conjuguer ou de combiner r\u00e9publicanisme et \u00e9cologie para\u00eet paradoxale. Pour plusieurs d\u2019entre nous, par essence, r\u00e9publicanisme et \u00e9cologie sont antinomiques. Ce constat, erron\u00e9, mais souvent partag\u00e9, repose sur une r\u00e9alit\u00e9 dialectique biais\u00e9e car les deux vocables n\u2019\u00e9voluent pas sur la m\u00eame \u00e9chelle de sens philosophique, juridique et de fait encore moins soci\u00e9tale.<\/p><p>De plus, ce ph\u00e9nom\u00e8ne r\u00e9sonne dans l\u2019imaginaire collectif des soci\u00e9t\u00e9s lib\u00e9rales au point que, pour une grande majorit\u00e9, les valeurs r\u00e9publicaines incarnent l\u2019esprit des Lumi\u00e8res et ses fondamentaux et universaux (libert\u00e9, \u00e9galit\u00e9, int\u00e9r\u00eat g\u00e9n\u00e9ral). De sorte que le r\u00e9publicanisme se pense comme \u00e9tant intrins\u00e8quement li\u00e9 \u00e0 l\u2019\u00c9tat centralis\u00e9, au progr\u00e8s humain et \u00e0 la civilisation des m\u0153urs, alors que l\u2019\u00e9cologie est per\u00e7ue comme empreinte de primitivisme, des h\u00e9t\u00e9ronomies traditionnelles des soci\u00e9t\u00e9s agrestes, voire pour les plus acerbes de mysticisme et de totalitarisme(s) vert(s). De fait, dans notre <em>psych\u00e9, <\/em>ces deux termes s\u2019opposent plus qu\u2019ils se confondent \u00e0 l\u2019image de deux aimants qui se repousseraient l\u2019un et l\u2019autre \u00e0 l\u2019infini.<\/p><p>Mais si, finalement, ces deux \u00e9chelles de sens ne s\u2019opposaient pas autant que l\u2019on imagine, beaucoup moins en tout cas que d\u2019autres alliages comme par exemple ceux qui fusionnent le vert et le brun \u00e0 l\u2019instar de l\u2019\u00e9co-fascisme (re)naissant<a href=\"#_ftn1\" name=\"_ftnref1\">[1]<\/a>\u00a0?<\/p><p>Aujourd\u2019hui, en sciences sociales, l\u2019\u00e9cologie politique se pr\u00e9sente comme le cinqui\u00e8me grand discours sur la modernit\u00e9, apr\u00e8s l\u2019anarchisme, le communisme, le socialisme et le lib\u00e9ralisme. Pourtant, sur le plan du projet politique, l\u2019\u00e9cologie a \u00e9t\u00e9 syst\u00e9matiquement ignor\u00e9e par le jeu d\u00e9mocratique et r\u00e9publicain de nos soci\u00e9t\u00e9s pluralistes. Certes, ce ph\u00e9nom\u00e8ne est syst\u00e9mique, en effet, peu de discours sur la modernit\u00e9 ont r\u00e9sist\u00e9 \u00e0 l\u2019h\u00e9g\u00e9monie n\u00e9olib\u00e9rale. Mais le plus \u00e9trange est de voir que l\u2019\u00e9cologie est encore consid\u00e9r\u00e9e comme l\u2019\u00e9tude scientifique du milieu et des interactions entre les \u00e9l\u00e9ments qui le composent au lieu d\u2019une <em>utopie r\u00e9elle<\/em> au sens d\u2019Erik Olin Wright<a href=\"#_ftn2\" name=\"_ftnref2\">[2]<\/a>. \u00a0Voire une <em>r\u00e9volution<\/em> paradigmatique ou une id\u00e9ologie politique, bref <em>La perspective du possible<\/em><a href=\"#_ftn3\" name=\"_ftnref3\">[3]<\/a> en dehors du syst\u00e8me actuel. Au point m\u00eame que tout un chacun est convaincu que l\u2019\u00e9cologie seule (sans la fusion avec une autre id\u00e9ologie plus clivante de droite comme de gauche) ne peut pas produire d\u2019id\u00e9es politiques et donc ne peut \u00eatre une valeur \u00e0 forte teneur r\u00e9publicaine au sens que nous, enfants des Lumi\u00e8res, l\u2019entendons. Ce jugement erron\u00e9 sur la politisation \u00e9cologique est chez beaucoup d\u2019entre nous renforc\u00e9 par l\u2019id\u00e9e re\u00e7ue que cette science n\u2019\u00e9tudie pas r\u00e9ellement ou pleinement l\u2019action humaine du moins comme le font les sciences sociales classiques, et donc, sur le plan politique, l\u2019\u00e9cologie est souvent vue comme perturbatrice du syst\u00e8me et non comme un projet de soci\u00e9t\u00e9 viable permettant de concurrencer le productivisme. Force est d\u2019admettre que la d\u00e9mocratie lib\u00e9rale telle qu\u2019elle fonctionne aujourd\u2019hui est peut-\u00eatre le principal obstacle \u00e0 la transition \u00e9cologique et sociale que notre soci\u00e9t\u00e9 doit produire.<\/p><p>Plus prosa\u00efquement, l\u2019\u00e9cologie politique a \u00e9t\u00e9 jug\u00e9e par une grande majorit\u00e9 des d\u00e9mocraties lib\u00e9rales (et illib\u00e9rales) comme une simple utopie irr\u00e9alisable car trop anti-productiviste et donc contraire \u00e0 la philosophie du libre march\u00e9 qui orchestre nos vies quotidiennes, \u00e9cho ou plut\u00f4t p\u00e2le reflet de l\u2019Esprit des Lumi\u00e8res.<\/p><p>Aujourd\u2019hui, la question se pose simplement parce qu\u2019au regard de l\u2019urgence \u00e9cologique que nos soci\u00e9t\u00e9s traversent, notre monde change, comme si nous \u00e9tions rattrap\u00e9s par les maux g\u00e9n\u00e9r\u00e9s par nos r\u00e9volutions techno-industrielles.<\/p><p>Il suffit d\u2019observer simplement \u00e0 l\u2019\u0153il nu, devant nous, la pollution des oc\u00e9ans et de l\u2019eau potable, la plastification des terres et des organismes, les accidents nucl\u00e9aires, le changement climatique et les vortex polaires, les gaz \u00e0 effet de serre et les trous dans la couche d\u2019ozone, les d\u00e9forestations, les feux de for\u00eats, la d\u00e9sertification, l\u2019\u00e9rosion et la destruction des sols, l\u2019extinction massive de la biodiversit\u00e9 et enfin l\u2019apparition de nouvelles pand\u00e9mies. Tous ces ph\u00e9nom\u00e8nes sont intrins\u00e8quement li\u00e9s \u00e0 la d\u00e9gradation de l\u2019environnement et, de fait, contraignent les d\u00e9mocraties lib\u00e9rales et illib\u00e9rales actuelles \u00e0 penser (ou \u00e0 nier) la crise \u00e9cologique qui traverse notre mod\u00e8le social\u00a0: le capitaloc\u00e8ne ou plus commun\u00e9ment l\u2019anthropoc\u00e8ne.<\/p><p>Ainsi, l\u2019urgence \u00e9cologique ouvre sur des nouveaux d\u00e9fis socio-politiques et nos soci\u00e9t\u00e9s sont dans l\u2019obligation, pour ne pas s\u2019effondrer, de proposer un changement de paradigme, m\u00ealant et entrem\u00ealant \u00e9thique et dialectique. Selon nous, ce changement paradigmatique devrait permettre, par le truchement d\u2019un <em>empowerment<\/em> collectif et d\u2019une certaine dose de r\u00e9silience citoyenne individuelle, d\u2019\u00e9laborer des valeurs \u00e9co-r\u00e9publicaines. Ce n\u2019est qu\u2019une fois institutionnalis\u00e9 que cet \u00e9co-r\u00e9publicanisme creusera les fondations d\u2019une cit\u00e9 \u00e9cologique. \u00a0Certes, comme l\u2019explique le philosophe Serge Audier, <em>\u00ab\u00a0<\/em><em>un tel mouvement d\u2019initiative de la soci\u00e9t\u00e9 civile est important et salutaire en ce qu\u2019il comprend que c\u2019est \u00e0 elle de se mobiliser ; mais le probl\u00e8me nous para\u00eet \u00eatre celui d\u2019une nouvelle articulation \u00e0 construire entre mouvement de la soci\u00e9t\u00e9 civile, politique institutionnelle et projet politique collectif.\u00a0\u00bb<\/em> <a href=\"#_ftn4\" name=\"_ftnref4\">[4]<\/a><\/p><p>L\u2019objectif de cette communication est de montrer que l\u2019\u00e9cologie politique est devenue un enjeu d\u00e9mocratique de premier ordre. Celui-ci contraint de plus en plus nos soci\u00e9t\u00e9s \u00e0 s\u2019adapter sociologiquement, id\u00e9ologiquement et syst\u00e9miquement en proposant un \u00e9co-r\u00e9publicanisme liant \u00e9troitement \u00e9cologie et libert\u00e9, et donc commun et citoyens. Apr\u00e8s avoir d\u00e9fini rapidement ce que nous entendons par \u00ab\u00a0commun\u00a0\u00bb (I), l\u2019id\u00e9e de ce premier travail est de brosser les diff\u00e9rentes propositions inh\u00e9rentes \u00e0 l\u2019\u00e9cologie politique du XXI\u00e8me si\u00e8cle afin de d\u00e9gager un panorama des diff\u00e9rents <em>scenarii <\/em>d\u2019une \u00e9cologie politique du commun (II, III), et enfin de pr\u00e9senter trois exemples d\u2019\u00e9co-r\u00e9publicanismes \u00e9mergents (IV).<\/p>\t\t\t\t\t\t\t\t<\/div>\n\t\t\t\t<\/div>\n\t\t\t\t\t<\/div>\n\t\t<\/div>\n\t\t\t\t<div class=\"elementor-column elementor-col-50 elementor-top-column elementor-element elementor-element-41f4708f elementor-hidden-mobile\" data-id=\"41f4708f\" data-element_type=\"column\" data-e-type=\"column\">\n\t\t\t<div class=\"elementor-widget-wrap elementor-element-populated\">\n\t\t\t\t\t\t<div class=\"elementor-element elementor-element-4f007ce5 elementor-widget-divider--view-line_text elementor-widget-divider--element-align-center elementor-widget elementor-widget-divider\" data-id=\"4f007ce5\" data-element_type=\"widget\" data-e-type=\"widget\" data-widget_type=\"divider.default\">\n\t\t\t\t<div class=\"elementor-widget-container\">\n\t\t\t\t\t\t\t<div class=\"elementor-divider\">\n\t\t\t<span class=\"elementor-divider-separator\">\n\t\t\t\t\t\t\t<p class=\"elementor-divider__text elementor-divider__element\">\n\t\t\t\tPage 1\t\t\t\t<\/p>\n\t\t\t\t\t\t<\/span>\n\t\t<\/div>\n\t\t\t\t\t\t<\/div>\n\t\t\t\t<\/div>\n\t\t\t\t<div class=\"elementor-element elementor-element-8a1d8e elementor-widget elementor-widget-text-editor\" data-id=\"8a1d8e\" data-element_type=\"widget\" data-e-type=\"widget\" data-widget_type=\"text-editor.default\">\n\t\t\t\t<div class=\"elementor-widget-container\">\n\t\t\t\t\t\t\t\t\t<p><a href=\"#_ftn1\">[1] Pierre Madelin, <em>La tentation \u00e9cofasciste. Ecologie et extr\u00eame droite<\/em>, \u00e9ditions&#8230;<\/a><\/p>\t\t\t\t\t\t\t\t<\/div>\n\t\t\t\t<\/div>\n\t\t\t\t<div class=\"elementor-element elementor-element-502bceee elementor-widget elementor-widget-text-editor\" data-id=\"502bceee\" data-element_type=\"widget\" data-e-type=\"widget\" data-widget_type=\"text-editor.default\">\n\t\t\t\t<div class=\"elementor-widget-container\">\n\t\t\t\t\t\t\t\t\t<p><a href=\"#_ftn2\">[2] <em>Utopies r\u00e9elles<\/em>, La d\u00e9couverte, Paris 2020.<\/a><\/p><p><a href=\"#_ftn3\">[3] Au sens de Haud Gu\u00e9gen et Laurent Jeanpierre in <em>La perspective du&#8230;<\/em><\/a><\/p>\t\t\t\t\t\t\t\t<\/div>\n\t\t\t\t<\/div>\n\t\t\t\t<div class=\"elementor-element elementor-element-6afef9e1 elementor-widget elementor-widget-text-editor\" data-id=\"6afef9e1\" data-element_type=\"widget\" data-e-type=\"widget\" data-widget_type=\"text-editor.default\">\n\t\t\t\t<div class=\"elementor-widget-container\">\n\t\t\t\t\t\t\t\t\t<p><a href=\"#_ftn4\">[4] <em>La cit\u00e9 \u00e9cologique. Pour un \u00e9co-r\u00e9publicanisme. <\/em>Editions la D\u00e9couverte&#8230;<\/a><\/p>\t\t\t\t\t\t\t\t<\/div>\n\t\t\t\t<\/div>\n\t\t\t\t\t<\/div>\n\t\t<\/div>\n\t\t\t\t\t<\/div>\n\t\t<\/section>\n\t\t\t\t<section data-particle_enable=\"false\" data-particle-mobile-disabled=\"false\" class=\"elementor-section elementor-top-section elementor-element elementor-element-6a44dc54 elementor-section-boxed elementor-section-height-default elementor-section-height-default\" data-id=\"6a44dc54\" data-element_type=\"section\" data-e-type=\"section\">\n\t\t\t\t\t\t<div class=\"elementor-container elementor-column-gap-default\">\n\t\t\t\t\t<div class=\"elementor-column elementor-col-50 elementor-top-column elementor-element elementor-element-28327b87\" data-id=\"28327b87\" data-element_type=\"column\" data-e-type=\"column\">\n\t\t\t<div class=\"elementor-widget-wrap elementor-element-populated\">\n\t\t\t\t\t\t<div class=\"elementor-element elementor-element-3835c7e4 elementor-widget elementor-widget-text-editor\" data-id=\"3835c7e4\" data-element_type=\"widget\" data-e-type=\"widget\" data-widget_type=\"text-editor.default\">\n\t\t\t\t<div class=\"elementor-widget-container\">\n\t\t\t\t\t\t\t\t\t<h3><strong>1. L\u2019\u00e9cologie politique du commun <\/strong><\/h3>\nDans son troisi\u00e8me volet de son analyse du champ politique de l\u2019\u00e9cologie, Audier explique que\u00a0:\n<blockquote>\n<h5>\u00ab\u00a0<em>Les \u201ccommuns\u201d, \u00e0 rigoureusement parler, d\u00e9signent un type tr\u00e8s sp\u00e9cifique de gestion et de r\u00e9gime de \u201cpropri\u00e9t\u00e9\u201d. Selon la synth\u00e8se particuli\u00e8rement repr\u00e9sentative de son principal th\u00e9oricien et d\u00e9fenseur parmi les \u00e9conomistes fran\u00e7ais, Benjamin Coriat, ils requi\u00e8rent trois caract\u00e9ristiques\u00a0: d\u2019abord,\u00a0 une\u00a0 ressource\u00a0 mise\u00a0 en\u00a0 commun,\u00a0 partag\u00e9e\u00a0 et cog\u00e9r\u00e9e ; ensuite, un mode d\u2019acc\u00e8s \u00e0 cette ressource et des r\u00e8gles \u00a0de partage, supposant une structure de droits et d\u2019obligations, et un r\u00e9gime atypique de droits de propri\u00e9t\u00e9 partag\u00e9s, diff\u00e9renci\u00e9s et enchev\u00eatr\u00e9s \u2013 ce que l\u2019\u00e9cole institutionnaliste \u00e9tats-unienne a appel\u00e9 un \u00ab faisceau de droits \u00bb,<\/em><em>\u00a0\u00ab bundle of rights \u00bb ; enfin, un mode de gouvernance par d\u00e9finition pluriel de ces ressources, gr\u00e2ce \u00e0 des conventions et\/ou sur la base de traditions. En ce sens, par-del\u00e0 des flottements conceptuels et autres controverses terminologiques, il faut bien distinguer les \u201cbiens communs\u201d des \u201ccommuns\u201d : si les premiers \u2013 notamment, en mati\u00e8re \u00e9cologique, l\u2019air, les oc\u00e9ans, les for\u00eats, etc. \u2013 peuvent plus ou moins \u00eatre g\u00e9r\u00e9s par des communs, ils ne le sont pas n\u00e9cessairement. Si l\u2019on s\u2019en tient \u00e0 cette d\u00e9finition assez stricte, on peut comprendre l\u2019immense engouement actuel \u2013 en particulier dans des milieux \u00e9cologistes et de gauche alternative \u2013 que suscite la th\u00e9matique des \u201ccommuns\u201d, mais aussi garder une certaine prudence quant \u00e0 leur g\u00e9n\u00e9ralisation. En tout cas, cette red\u00e9couverte ou plut\u00f4t r\u00e9invention des \u201ccommuns\u201d a jou\u00e9 un r\u00f4le intellectuel et politique d\u2019autant plus important, y compris dans l\u2019horizon \u00e9cologique, qu\u2019elle a servi de contre-feu et de mod\u00e8le alternatif \u00e0 un double mod\u00e8le dont l\u2019histoire a d\u00e9montr\u00e9 les \u00e9checs r\u00e9p\u00e9t\u00e9s, notamment pour prot\u00e9ger la \u201cnature\u201d<\/em><a href=\"#_ftn5\" name=\"_ftnref5\">[5]<\/a>.<\/h5>\n<\/blockquote>\nPierre Dardot et Christian Laval<a href=\"#_ftn6\" name=\"_ftnref6\">[6]<\/a>, fortement inspir\u00e9s par les r\u00e9flexions d\u2019Illich et de Gorz, avancent des <em>powerprocess <\/em>permettant une reconqu\u00eate citoyenne bas\u00e9e sur la convivialit\u00e9 notamment dans le travail<a href=\"#_ftn7\" name=\"_ftnref7\">[7]<\/a>. Les deux sociologues pr\u00e9sentent \u00e0 travers le prisme d\u2019une s\u00e9rie de propositions avanc\u00e9es\u00a0de \u00ab\u00a0construire une politique du commun<a href=\"#_ftn8\" name=\"_ftnref8\">[8]<\/a>\u00a0\u00bb. Celles-ci<a href=\"#_ftn9\" name=\"_ftnref9\">[9]<\/a> portent \u00ab\u00a0sur le droit d\u2019usage\u00a0\u00bb opposable \u00e0 \u00ab\u00a0la propri\u00e9t\u00e9\u00a0\u00bb, sur \u00ab\u00a0l\u2019\u00e9mancipation du travail\u00a0\u00bb, sur \u00ab\u00a0l\u2019entreprise commune\u00a0\u00bb, sur \u00ab\u00a0l\u2019association dans l\u2019\u00e9conomie\u00a0\u00bb, et enfin sur la \u00ab\u00a0d\u00e9mocratie sociale\u00a0\u00bb, o\u00f9 les services publics sont \u00ab\u00a0institutions du commun\u00a0\u00bb.\n\nSi les \u00ab communs \u00bb jouent un r\u00f4le nodal dans la pens\u00e9e \u00e9cologique (et paradoxalement dans la th\u00e9orie \u00e9conomique n\u00e9olib\u00e9rale), c\u2019est gr\u00e2ce l\u2019article tr\u00e8s flou paru en 1968 intitul\u00e9\u00a0<em>La trag\u00e9die des communs<\/em>, de l\u2019\u00e9cologue Garrett Hardin. Dans ce papier, il pose l\u2019id\u00e9e d\u2019une alternative entre la contrainte \u00e9tatique et la propri\u00e9t\u00e9 priv\u00e9e. Cependant, c\u2019est plus le travail d\u2019Elinor Ostrom, prix Nobel d\u2019\u00e9conomie en 2009, et de son mari Vincent, qui a tr\u00e8s largement fait observer que partout dans le monde, les multiples exp\u00e9riences de biens communs prouvaient la pertinence et la durabilit\u00e9 de ce mode de gouvernance. Les Ostrom ont notamment soulign\u00e9 les hypoth\u00e8ses r\u00e9ductrices inh\u00e9rentes au discours lib\u00e9ral de critique des communs\u00a0: le raisonnement est enti\u00e8rement construit sur la base d\u2019<em>homo oeconomicus<\/em>\u00a0\u00e9go\u00efstes, isol\u00e9s, d\u00e9contextualis\u00e9s, sans histoire commune (ni futur), sans interaction et sans coop\u00e9ration entre eux, aux d\u00e9sirs illimit\u00e9s, en comp\u00e9tition permanente, focalis\u00e9s sur le temps court. Leur analyse est construite largement par la pens\u00e9e r\u00e9publicaine du <em>self-government<\/em> de Tocqueville. Pour Serge audier, avec les propositions du couple Ostrom, \u00ab\u00a0<em>il existe une alternative th\u00e9orique et pratique aussi bien \u00e0 la privatisation qu\u2019\u00e0 la centralisation : elle r\u00e9side dans la gouvernance des communs. Il s\u2019agit de d\u00e9velopper une pens\u00e9e ad\u00e9quate de l\u2019action collective \u2013 \u00e9conomique et sociologique, mais en v\u00e9rit\u00e9 surtout politique \u2013.<\/em><a href=\"#_ftn10\" name=\"_ftnref10\">[10]<\/a>\u00bb.\n\nPour conclure ce premier point, il semble que la conceptualisation du commun en ces temps de crises sociales et d\u2019urgence \u00e9cologique, est \u00ab\u00a0<em>un enjeu important dans le cadre de la construction d\u2019un \u00e9co-r\u00e9publicanisme \u2013 \u00e0 condition toutefois, c\u2019est du moins la th\u00e8se qu\u2019on d\u00e9fendra, de ne pas en faire une \u201csolution\u201d magique, tant sont redoutables les probl\u00e8mes th\u00e9oriques et pratiques qui lui sont li\u00e9s\u00a0<\/em><a href=\"#_ftn11\" name=\"_ftnref11\">[11]<\/a>\u00a0\u00bb.\n\nAussi, comme le soulignent Dardot et Laval il faut \u00ab\u00a0<em>examiner le commun comme principe effectif de transformation de nos institutions<\/em><a href=\"#_ftn12\" name=\"_ftnref12\">[12]<\/a>\u00a0\u00bb ou soit simplement comme \u00ab\u00a0<em>exigence<\/em> <em>d\u00e9mocratique<\/em><a href=\"#_ftn13\" name=\"_ftnref13\">[13]<\/a>\u00a0\u00bb. Sans rentr\u00e9e dans une analyse gramscienne, on peut ajouter avec Audier que \u00ab\u00a0<em>pour certains mouvements et intellectuels anticapitalistes et \u00e9cologistes \u2013 \u00e0 dire vrai, minoritaires mais dont la voix porte \u2013, [\u2026], jug\u00e9 bien fade et r\u00e9formiste, mais dans un changement\u00a0 \u00a0radical\u00a0 \u00a0de\u00a0 \u00a0paradigme, celui\u00a0 \u00a0du \u00ab\u00a0 \u00a0commun \u00bb\u00a0 \u00a0et\u00a0 \u00a0des \u00ab communs \u00bb, vou\u00e9 \u00e0 sortir d\u00e9finitivement de la propri\u00e9t\u00e9, qu\u2019elle soit priv\u00e9e ou m\u00eame publique, pour s\u2019acheminer vers de nouvelles formes d\u2019autogestion ou de communisme. Sans jugement de valeur, on peut parler d\u2019une v\u00e9ritable \u00ab mode \u00bb intellectuelle et id\u00e9ologique, au point que de nombreux acteurs politiques int\u00e8grent \u00e0 leurs slogans les termes \u00ab en commun \u00bb<\/em>\u00a0\u00bb<a href=\"#_ftn14\" name=\"_ftnref14\">[14]<\/a>. \u00a0En d\u2019autres termes, la lutte \u00e9cologique pour pr\u00e9server et restaurer la nature appara\u00eet comme lutte sociale pour l\u2019\u00e9mancipation. Dardot et Laval observent que ces luttes \u00e9l\u00e8vent toutes une m\u00eame exigence, reposent toutes sur un m\u00eame principe\u00a0: le commun. En ce sens le commun appelle \u00e0 une nouvelle institution de la soci\u00e9t\u00e9 par elle-m\u00eame\u00a0: une r\u00e9volution\u00a0?<a href=\"#_ftn15\" name=\"_ftnref15\">[15]<\/a> \u00bb.\t\t\t\t\t\t\t\t<\/div>\n\t\t\t\t<\/div>\n\t\t\t\t\t<\/div>\n\t\t<\/div>\n\t\t\t\t<div class=\"elementor-column elementor-col-50 elementor-top-column elementor-element elementor-element-5b755a57 elementor-hidden-mobile\" data-id=\"5b755a57\" data-element_type=\"column\" data-e-type=\"column\">\n\t\t\t<div class=\"elementor-widget-wrap elementor-element-populated\">\n\t\t\t\t\t\t<div class=\"elementor-element elementor-element-34b8d34 elementor-widget-divider--view-line_text elementor-widget-divider--element-align-center elementor-widget elementor-widget-divider\" data-id=\"34b8d34\" data-element_type=\"widget\" data-e-type=\"widget\" data-widget_type=\"divider.default\">\n\t\t\t\t<div class=\"elementor-widget-container\">\n\t\t\t\t\t\t\t<div class=\"elementor-divider\">\n\t\t\t<span class=\"elementor-divider-separator\">\n\t\t\t\t\t\t\t<p class=\"elementor-divider__text elementor-divider__element\">\n\t\t\t\tPage 2\t\t\t\t<\/p>\n\t\t\t\t\t\t<\/span>\n\t\t<\/div>\n\t\t\t\t\t\t<\/div>\n\t\t\t\t<\/div>\n\t\t\t\t<div class=\"elementor-element elementor-element-3bfc75c9 elementor-widget elementor-widget-text-editor\" data-id=\"3bfc75c9\" data-element_type=\"widget\" data-e-type=\"widget\" data-widget_type=\"text-editor.default\">\n\t\t\t\t<div class=\"elementor-widget-container\">\n\t\t\t\t\t\t\t\t\t<p><a href=\"#_ftn5\">[5] <em>La cit\u00e9 \u00e9cologique<\/em>, <em>op. cit.<\/em>, p. 556-557.<\/a><\/p><p><a href=\"#_ftn6\">[6] <em>Commun. Essai sur la r\u00e9volution au XXIe si\u00e8cle<\/em>, La D\u00e9couverte&#8230;<\/a><\/p><p><a href=\"#_ftn7\">[7] <em>Ibidem<\/em>, p. 494-495.<\/a><\/p><p><a href=\"#_ftn8\">[8] <em>Ibid.<\/em>, p. 459.<\/a><\/p><p><a href=\"#_ftn9\">[9] <em>Ibid.<\/em>, p. 459.<\/a><\/p>\t\t\t\t\t\t\t\t<\/div>\n\t\t\t\t<\/div>\n\t\t\t\t<div class=\"elementor-element elementor-element-3960de9d elementor-widget elementor-widget-text-editor\" data-id=\"3960de9d\" data-element_type=\"widget\" data-e-type=\"widget\" data-widget_type=\"text-editor.default\">\n\t\t\t\t<div class=\"elementor-widget-container\">\n\t\t\t\t\t\t\t\t\t<p><a href=\"#_ftn10\">[10] <em>La cit\u00e9 \u00e9cologique<\/em>,<em> op.cit.<\/em>, p. 557.<\/a><\/p>\t\t\t\t\t\t\t\t<\/div>\n\t\t\t\t<\/div>\n\t\t\t\t<div class=\"elementor-element elementor-element-64a2d273 elementor-widget elementor-widget-text-editor\" data-id=\"64a2d273\" data-element_type=\"widget\" data-e-type=\"widget\" data-widget_type=\"text-editor.default\">\n\t\t\t\t<div class=\"elementor-widget-container\">\n\t\t\t\t\t\t\t\t\t<p><a href=\"#_ftn11\">[11] Audier, <em>La cit\u00e9 \u00e9cologique<\/em>, <em>op.cit<\/em>., p. 557.<\/a><\/p><p><a href=\"#_ftn12\">[12] <em>Commun, op. cit<\/em>., p. 456.<\/a><\/p><p><a href=\"#_ftn13\">[13] <em>Ibid<\/em>., p. 460.<\/a><\/p>\t\t\t\t\t\t\t\t<\/div>\n\t\t\t\t<\/div>\n\t\t\t\t<div class=\"elementor-element elementor-element-70bf5590 elementor-absolute elementor-widget elementor-widget-text-editor\" data-id=\"70bf5590\" data-element_type=\"widget\" data-e-type=\"widget\" data-settings=\"{&quot;_position&quot;:&quot;absolute&quot;}\" data-widget_type=\"text-editor.default\">\n\t\t\t\t<div class=\"elementor-widget-container\">\n\t\t\t\t\t\t\t\t\t<p><a href=\"#_ftn14\">[14] <em>La cit\u00e9 \u00e9cologique<\/em>, <em>op. cit.<\/em>, p. 555.<\/a><\/p><p><a href=\"#_ftn15\">[15]\u00a0 <em>Commun., op. cit<\/em>., quatri\u00e8me de couverture.<\/a><\/p>\t\t\t\t\t\t\t\t<\/div>\n\t\t\t\t<\/div>\n\t\t\t\t\t<\/div>\n\t\t<\/div>\n\t\t\t\t\t<\/div>\n\t\t<\/section>\n\t\t\t\t<section data-particle_enable=\"false\" data-particle-mobile-disabled=\"false\" class=\"elementor-section elementor-top-section elementor-element elementor-element-28de947 elementor-section-boxed elementor-section-height-default elementor-section-height-default\" data-id=\"28de947\" data-element_type=\"section\" data-e-type=\"section\">\n\t\t\t\t\t\t<div class=\"elementor-container elementor-column-gap-default\">\n\t\t\t\t\t<div class=\"elementor-column elementor-col-50 elementor-top-column elementor-element elementor-element-1c41a82f\" data-id=\"1c41a82f\" data-element_type=\"column\" data-e-type=\"column\">\n\t\t\t<div class=\"elementor-widget-wrap elementor-element-populated\">\n\t\t\t\t\t\t<div class=\"elementor-element elementor-element-2ef2e7f2 elementor-widget elementor-widget-text-editor\" data-id=\"2ef2e7f2\" data-element_type=\"widget\" data-e-type=\"widget\" data-widget_type=\"text-editor.default\">\n\t\t\t\t<div class=\"elementor-widget-container\">\n\t\t\t\t\t\t\t\t\t<h3><strong>2. L\u2019\u00e9cologie institutionnelle \/ les balbutiements de la r\u00e9volution \u00e9co-r\u00e9publicanisme<\/strong><\/h3>\n<strong>\u00a0<\/strong>L\u2019\u00e9cologie appara\u00eet dans le jeu d\u00e9mocratique des syst\u00e8mes occidentaux au milieu des ann\u00e9es 1970. Cependant, il semble que ce ph\u00e9nom\u00e8ne r\u00e9sultait simplement des r\u00e9percussions directes sur les champs politique et intellectuel des effets de m\u00e9diatisation et de popularisation de la publication en 1972 du rapport Meadows. Vendu \u00e0 12 millions d\u2019exemplaires, traduit en 37 langues, ce rapport \u00e9tait bas\u00e9 sur un mod\u00e8le de simulations math\u00e9matiques. C\u2019\u00e9tait la premi\u00e8re fois, que des chercheurs du MIT (Massachussets Institute of Tehcnol) se basaient sur des calculs math\u00e9matiques pour \u00e9tudier les effets directs de la croissance \u00e9conomique sur les ressources plan\u00e9taires. La conclusion fut sans appel, les chercheurs pr\u00e9voyaient un \u00e9puisement rapide des ressources \u00e9nerg\u00e9tiques et des dommages graves caus\u00e9s \u00e0 l\u2019environnement.\n\nLe rapport d\u00e9signe quatre facteurs directement moteurs de cet \u00e9puisement des ressources :\n<ul>\n \t<li>L\u2019acc\u00e9l\u00e9ration de l\u2019industrialisation<\/li>\n \t<li>La d\u00e9mographie croissante de la population mondiale<\/li>\n \t<li>La persistance de la malnutrition mondiale<\/li>\n \t<li>L\u2019\u00e9puisement des ressources naturelles non renouvelables<\/li>\n<\/ul>\nEn conclusion, ce rapport qui annon\u00e7ait l\u2019effondrement rapide de la plan\u00e8te en raison de l\u2019\u00e9puisement des ressources proposait un rem\u00e8de \u00e0 notre mod\u00e8le de soci\u00e9t\u00e9 lib\u00e9rale\u00a0: la d\u00e9croissance. \u00a0Seule une d\u00e9croissance \u00e0 la fois \u00e9conomique et d\u00e9mographique permettrait d\u2019\u00e9viter l\u2019effondrement.\u00a0 Port\u00e9 par ce message, plusieurs discours \u00e9cologistes vont appara\u00eetre dans le champ politique des soci\u00e9t\u00e9s pluralistes. Par exemple, en France, les citoyens s\u2019inqui\u00e8tent de plus en plus des effets n\u00e9gatifs du monde productiviste et le rapport du Club de Rome fait \u00e9cho dans la soci\u00e9t\u00e9 civile fran\u00e7aise. C\u2019est en 1974, lors de la campagne pr\u00e9sidentielle de Ren\u00e9 Dumont, que pour la premi\u00e8re fois on va parler d\u2019\u00e9cologie politique. L\u2019\u00e9cologisme politique de Dumont a marqu\u00e9 sur le plan m\u00e9diatique la campagne pr\u00e9sidentielle, de sorte que lors du second tour, le futur pr\u00e9sident, Val\u00e9ry Giscard d\u2019Estaing va r\u00e9cup\u00e9rer dans son projet programmatique, l\u2019id\u00e9e d\u2019associer la question environnementale \u00e0 celle du progr\u00e8s et de la r\u00e9forme. Avec cette campagne, Dumont insinua dans le champ politique l\u2019\u00e9cologie, mais cette r\u00e9alit\u00e9 ne s\u2019est pas concr\u00e9tis\u00e9e dans les urnes.\n\nEn fait, les premiers balbutiements de l\u2019\u00e9cologie politique apparurent dans les ann\u00e9es 1980, en Europe de l\u2019Ouest notamment. \u00c0 cette p\u00e9riode vont \u00e9clore dans les syst\u00e8mes partisans de soci\u00e9t\u00e9s pluralistes des organisations \u00e9cologiques. De fait, nous d\u00e9finissons ces partis \u00e9cologistes comme \u00e9tant des forces institutionnalis\u00e9es car inh\u00e9rentes au syst\u00e8me partisan des r\u00e9gimes repr\u00e9sentatifs, on parlera donc ici d\u2019\u00e9cologie institutionnelle.\n\nLes partis de l\u2019\u00e9cologie institutionnelle ne rel\u00e8vent pas forc\u00e9ment d\u2019une filiation naturaliste et agrarienne, c\u2019est du moins ce qu\u2019expliquait en 1996 J\u00e9r\u00f4me Vialatte dans ses travaux<a href=\"#_ftn16\" name=\"_ftnref16\">[16]<\/a>. Au d\u00e9part, ils sont plut\u00f4t le r\u00e9sultat d\u2019un r\u00e9alignement urbain, c\u2019est du moins ce qui caract\u00e9rise plusieurs des partis verts europ\u00e9ens<a href=\"#_ftn17\" name=\"_ftnref17\">[17]<\/a>. Cette forme de parti politique s\u2019intentionnalise dans les syst\u00e8mes partisans en privil\u00e9giant l\u2019action environnementale, souvent au d\u00e9triment des autres mobilisations plus sociales et politiques. Second fait observable, les militants de ces appareils sont pour l\u2019essentiel issus du monde urbain. Enfin dernier point<strong>, <\/strong>certaines organisations sont plut\u00f4t le prolongement de nouveaux mouvements sociaux. Chez les militants et sympathisants actuels, on note une internationalisation des valeurs de type post-mat\u00e9rialistes.\n\nDe sorte que dans les ann\u00e9es 1990, l\u2019\u00e9cologie politique va s\u2019insinuer dans les mod\u00e8les gouvernementaux avec notamment la cr\u00e9ation de minist\u00e8re de l\u2019\u00e9cologie, de secr\u00e9taires d\u2019\u00c9tat, etc. Tr\u00e8s rapidement, plusieurs partis \u00e9cologistes se retrouvent dans des coalitions gouvernementales en alliances avec la social-d\u00e9mocratie (en France, en Allemagne et Belgique). De ce fait, l\u2019\u00e9cologie gouvernementale et l\u2019\u00e9cologie institutionnelles des forces partisanes s\u2019installent progressivement et durablement dans le paysage politique Europ\u00e9en.\n\nLe mod\u00e8le gouvernemental, pouss\u00e9 ou pas par les projets de soci\u00e9t\u00e9s des partis \u00e9cologistes institutionnalis\u00e9s, imagine des politiques publiques \u00e9co-r\u00e9publicaines comme le d\u00e9veloppement durable ou l\u2019empreinte \u00e9cologique. Certes, dans les deux cas c\u2019est un mod\u00e8le \u00e9conomique qui mesure la pression que l\u2019Homme fait subir \u00e0 l\u2019environnement et les <em>\u00ab services \u00e9cologiques \u00bb <\/em>fournis par la nature, mais sur le plan de l\u2019\u00e9co-r\u00e9publicanisme elles produiront des effets \u00e9co-responsables et des valeurs civiques \u00e0 des g\u00e9n\u00e9rations enti\u00e8res, ce qui permettra d\u2019\u00e9laborer des pactes \u00e9cocitoyens bas\u00e9s une constitutionnalisation r\u00e9publicaine \u00e9cologiste. Par exemple, depuis 2005 la R\u00e9publique fran\u00e7aise s\u2019est dot\u00e9e d\u2019une Charte de l\u2019environnement. Celle-ci est int\u00e9gr\u00e9e au bloc de constitutionnalit\u00e9\u00a0; malheureusement, on ne note pas une am\u00e9lioration notable en mati\u00e8re de protection de la nature ou de la sant\u00e9 publique.\n\nCe ph\u00e9nom\u00e8ne de politisation de la d\u00e9fense de l\u2019environnement agit sur le syst\u00e8me des valeurs r\u00e9publicaines, et jusqu\u2019\u00e0 la premi\u00e8re d\u00e9cennie des ann\u00e9es 2000, les forces \u00e9cologistes institutionnelles vont \u00eatre assimil\u00e9es uniquement \u00e0 des partis de d\u00e9fense de l\u2019environnement<a href=\"#_ftn18\" name=\"_ftnref18\">[18]<\/a>, comme si aucun autre projet social n\u2019avait de prise sur elles, comme si elles \u00e9taient incapables de produire un r\u00e9publicanisme \u00e9cologique. Par contre, force est d\u2019observer que d\u00e8s le d\u00e9but du XXI\u00e8me si\u00e8cle, malgr\u00e9 parfois l\u2019absence de gros r\u00e9sultats \u00e9lectoraux, les partis Verts apparaissent dans tous les pays europ\u00e9ens comme distincts des partis traditionnels et sont devenus des voix parlementaires, plusieurs si\u00e9geant dans les h\u00e9micycles nationaux et europ\u00e9ens. Aujourd\u2019hui ces forces partisanes institutionnelles d\u00e9passent la question environnementaliste et s\u2019inscrivent de plus en plus dans une dimension politique qui pourrait se d\u00e9finir comme un \u00ab\u00a0moment populiste \u00e9cologique\u00a0\u00bb au sens que le conf\u00e8re Chantal Mouffe dans ses travaux<a href=\"#_ftn19\" name=\"_ftnref19\">[19]<\/a>.\n\nEn effet, au-del\u00e0 du fait que l\u2019\u00e9cologie institutionnelle gagne du terrain sur le plan du territoire du vote, un autre ph\u00e9nom\u00e8ne s\u2019op\u00e8re au sein des structures\u00a0: en paraphrasant Naess et Bookchin, on serait tent\u00e9 de dire que \u00ab\u00a0l\u2019\u00e9cologie artificielle\u00a0\u00bb ou \u00ab\u00a0synth\u00e9tique \u00bb devient de plus en plus \u00ab\u00a0profonde\u00a0\u00bb et \u00ab\u00a0sociale\u00a0\u00bb. Par exemple, en France, suite \u00e0 la primaire de 2021, de plus en plus, des discours de cadres et de comportements des militants de base de EELV ou GE proposent d\u2019arpenter des voies nouvelles dont les id\u00e9aux sont inh\u00e9rents au \u00ab\u00a0bien commun\u00a0\u00bb et au \u00ab\u00a0pouvoir de tous\u00a0\u00bb dans une \u00ab\u00a0R\u00e9publique \u00e9cologique\u00a0\u00bb bas\u00e9e sur la d\u00e9croissance et l\u2019\u00e9co-socialisme. Cette posture politique des \u00e9cologistes institutionnels r\u00e9sulte directement de l\u2019apparition, par petites touches, dans le champ m\u00e9diatico-politique et donc de moins en moins \u00e0 la marge de la d\u00e9mocratie lib\u00e9rale, d\u2019autres racines de l\u2019\u00e9cologie politique, d\u2019autres propositions \u00e9co-r\u00e9publicaines.\t\t\t\t\t\t\t\t<\/div>\n\t\t\t\t<\/div>\n\t\t\t\t\t<\/div>\n\t\t<\/div>\n\t\t\t\t<div class=\"elementor-column elementor-col-50 elementor-top-column elementor-element elementor-element-2be04bee elementor-hidden-mobile\" data-id=\"2be04bee\" data-element_type=\"column\" data-e-type=\"column\">\n\t\t\t<div class=\"elementor-widget-wrap elementor-element-populated\">\n\t\t\t\t\t\t<div class=\"elementor-element elementor-element-18f13536 elementor-widget-divider--view-line_text elementor-widget-divider--element-align-center elementor-widget elementor-widget-divider\" data-id=\"18f13536\" data-element_type=\"widget\" data-e-type=\"widget\" data-widget_type=\"divider.default\">\n\t\t\t\t<div class=\"elementor-widget-container\">\n\t\t\t\t\t\t\t<div class=\"elementor-divider\">\n\t\t\t<span class=\"elementor-divider-separator\">\n\t\t\t\t\t\t\t<p class=\"elementor-divider__text elementor-divider__element\">\n\t\t\t\tPage 3\t\t\t\t<\/p>\n\t\t\t\t\t\t<\/span>\n\t\t<\/div>\n\t\t\t\t\t\t<\/div>\n\t\t\t\t<\/div>\n\t\t\t\t<div class=\"elementor-element elementor-element-7526686c elementor-widget elementor-widget-text-editor\" data-id=\"7526686c\" data-element_type=\"widget\" data-e-type=\"widget\" data-widget_type=\"text-editor.default\">\n\t\t\t\t<div class=\"elementor-widget-container\">\n\t\t\t\t\t\t\t\t\t<p><a href=\"#_ftn16\">[16] <em>Les partis verts en Europe Occidentale, <\/em>Economica, Paris 1996.<\/a><\/p><p><a href=\"#_ftn17\">[17] Dick Richardson, Chris Rootes (eds), <em>The Green chalenge. The&#8230;<\/em><\/a><\/p>\t\t\t\t\t\t\t\t<\/div>\n\t\t\t\t<\/div>\n\t\t\t\t<div class=\"elementor-element elementor-element-20412694 elementor-widget elementor-widget-text-editor\" data-id=\"20412694\" data-element_type=\"widget\" data-e-type=\"widget\" data-widget_type=\"text-editor.default\">\n\t\t\t\t<div class=\"elementor-widget-container\">\n\t\t\t\t\t\t\t\t\t<p><a href=\"#_ftn18\">[18] Voir les travaux de Bruno Villalba.<\/a><\/p>\t\t\t\t\t\t\t\t<\/div>\n\t\t\t\t<\/div>\n\t\t\t\t<div class=\"elementor-element elementor-element-6673497e elementor-widget elementor-widget-text-editor\" data-id=\"6673497e\" data-element_type=\"widget\" data-e-type=\"widget\" data-widget_type=\"text-editor.default\">\n\t\t\t\t<div class=\"elementor-widget-container\">\n\t\t\t\t\t\t\t\t\t<p><a href=\"#_ftn19\">[19] In <em>La r\u00e9volution d\u00e9mocratique verte<\/em>, \u00e9ditions Albin Michel, Paris 2023.<\/a><\/p>\t\t\t\t\t\t\t\t<\/div>\n\t\t\t\t<\/div>\n\t\t\t\t\t<\/div>\n\t\t<\/div>\n\t\t\t\t\t<\/div>\n\t\t<\/section>\n\t\t\t\t<section data-particle_enable=\"false\" data-particle-mobile-disabled=\"false\" class=\"elementor-section elementor-top-section elementor-element elementor-element-49d8f70a elementor-section-boxed elementor-section-height-default elementor-section-height-default\" data-id=\"49d8f70a\" data-element_type=\"section\" data-e-type=\"section\">\n\t\t\t\t\t\t<div class=\"elementor-container elementor-column-gap-default\">\n\t\t\t\t\t<div class=\"elementor-column elementor-col-50 elementor-top-column elementor-element elementor-element-4b51c917\" data-id=\"4b51c917\" data-element_type=\"column\" data-e-type=\"column\">\n\t\t\t<div class=\"elementor-widget-wrap elementor-element-populated\">\n\t\t\t\t\t\t<div class=\"elementor-element elementor-element-2e47e593 elementor-widget elementor-widget-text-editor\" data-id=\"2e47e593\" data-element_type=\"widget\" data-e-type=\"widget\" data-widget_type=\"text-editor.default\">\n\t\t\t\t<div class=\"elementor-widget-container\">\n\t\t\t\t\t\t\t\t\t<h3><strong>3. L\u2019\u00e9cologie radicale : l\u2019\u00e9co-r\u00e9publicanisme du commun<\/strong><\/h3><p>Celles-ci s\u2019inscrivent dans l\u2019espace politique non par une opposition au syst\u00e8me (comme l\u2019\u00e9cologie institutionnelle), mais en se mobilisant autour d\u2019une \u00e9cologie radicale. L\u2019adjectif radical renvoie \u00e0 l\u2019id\u00e9e d\u2019une modification des causes profondes, ici en d\u00e9non\u00e7ant l\u2019h\u00e9g\u00e9monie n\u00e9olib\u00e9rale et en combattant le productivisme et la mondialisation \u00e9conomique.<\/p><p>De fait, c\u2019est un vocable ou plut\u00f4t une formulation tr\u00e8s vague car elle d\u00e9signe tous les mouvements politiques qui pr\u00e9tendent agir et interagir contre la soci\u00e9t\u00e9 marchande. Par contre, sur fond d\u2019urgence \u00e9cologique et climatique, la plupart de ces tendances, souvent post-mat\u00e9rialistes et altermondialistes, font aujourd\u2019hui partie int\u00e9grante du paysage politique et de par leurs actions (directes et\/ou de d\u00e9sob\u00e9issances civiles, manifestations, blocages, ZAD, etc.) font chaque jour la une des <em>mass m\u00e9dia<\/em>. Par exemple, en France, \u00e0 la faveur de la primaire \u00e9cologiste, la perc\u00e9e spectaculaire de Sandrine Rousseau face \u00e0 Yannick Jadot a marqu\u00e9 l\u2019irruption sur le devant de la sc\u00e8ne politique des branches les plus actives de l\u2019\u00e9cologie radicale<a href=\"#_ftn20\" name=\"_ftnref20\">[20]<\/a>.<\/p><p>N\u00e9anmoins, il est quasiment impossible de faire une liste exhaustive de ces tendances \u00e0 la marge du syst\u00e8me capitaliste.\u00a0 Par contre, cette \u00e9cologie est radicale car elle propose un changement radical de paradigme institutionnel et \u00e9conomique. Elle se fonde sur l\u2019\u00e9dification d\u2019une soci\u00e9t\u00e9 du commun (municipalisme, bio-r\u00e9gion, soci\u00e9t\u00e9 primitive, collectivit\u00e9, etc.) dont les fondations \u00e9co-r\u00e9publicaines sont une forme de solidarisme<a href=\"#_ftn21\" name=\"_ftnref21\">[21]<\/a><em>.<\/em> Lutter contre toute les formes de dominations (hi\u00e9rarchisation, de classe, de genre, etc.) est combattu par l\u2019ensemble des courants qui peuplent le monde de l\u2019\u00e9cologie radicale. \u00c0 l\u2019image d\u2019Ivan Illich, penseur majeur de l\u2019\u00e9cologie radicale, qui \u00e9crivait \u00e0 l\u2019\u00e9t\u00e9 1973 dans le Nouvel Observateur qu\u2019\u00ab\u00a0<em>au fur et \u00e0 mesure qu\u2019elles se couvrent d\u2019institutions plus rares et plus vastes, les hi\u00e9rarchies s\u2019\u00e9l\u00e8vent et s\u2019agglutinent. Une place de cadre dans une industrie de pointe, voil\u00e0 le produit le plus convoit\u00e9 et le plus disput\u00e9 de la croissance. Les autres, ceux qui courent en vain derri\u00e8re, sont le plus grand nombre\u00a0et r\u00e9partis dans une vari\u00e9t\u00e9 inf\u00e9rieure\u00a0: les sous-\u00e9duqu\u00e9s, les femmes, les homosexuels, les jeunes, les vieux, les Noirs\u2026 Chaque jour est invent\u00e9 un nouveau type d\u2019inf\u00e9riorit\u00e9. Les mouvements minoritaires r\u00e9ussissent au mieux \u00e0 grappiller des dipl\u00f4mes et des carri\u00e8res pour quelques-uns de leurs membres sortis du rang. Ils chantent victoire lorsqu\u2019ils obtiennent la reconnaissance du principe\u00a0: travail, \u00e9gal, salaire \u00e9gal. D\u2019o\u00f9 le paradoxe\u00a0: d\u2019une part ces mouvements renforcent la croyance que les besoins d\u2019une soci\u00e9t\u00e9 \u00e9galitaire ne peuvent \u00eatre satisfaits sans passer par un travail sp\u00e9cialis\u00e9 et une hi\u00e9rarchie bureaucratis\u00e9e\u00a0; mais de l\u2019autre ils accumulent de fabuleux quanta de frustration, que la moindre \u00e9tincelle va faire exploser.<\/em> \u00bb<a href=\"#_ftn22\" name=\"_ftnref22\">[22]<\/a>. \u00a0En revanche, bien qu\u2019\u00e0 la marge du champ politique n\u00e9olib\u00e9ral, on peut n\u00e9anmoins retrouver les sources et ainsi identifier les courants\u00a0de pens\u00e9e o\u00f9 se forment l\u2019\u00e9cologie radicale :<\/p><ul><li>des tendances n\u00e9o-luddites, critiques \u00e0 l\u2019\u00e9gard du scientisme, de la Ici le lien qui rapproche ces groupes \u00e0 l\u2019\u00e9cologie radicale est la mobilisation contre la soci\u00e9t\u00e9 industrielle et aujourd\u2019hui post-industrielle et marchande.<\/li><li>des pens\u00e9es r\u00e9gionalistes, f\u00e9d\u00e9ralistes et\/ou anarchistes. Ce courant de pens\u00e9e va permettre d\u2019ouvrir plusieurs voies bas\u00e9es sur une id\u00e9e de d\u00e9mocratie plus participative et moins repr\u00e9sentative. Id\u00e9e d\u2019organisation horizontale du pouvoir, etc.<\/li><li>des mouvances libertaires issues de 1968 en France et des organisations n\u00e9es des r\u00e9volutions estudiantines (en Europe et en Am\u00e9rique du Nord). Toutes ces tendances \u0153uvrent contre toutes les formes de domination (bureaucratique, patriarcale, \u00e9conomique, sociale, etc.) et militent contre toutes les formes d\u2019injustices sociales que produisent nos soci\u00e9t\u00e9s lib\u00e9rales et l\u2019ordre social inh\u00e9rent au syst\u00e8me (n\u00e9o)lib\u00e9ral. Ces groupes soutiennent le droit \u00e0 la reconnaissance des minorit\u00e9s (culturelle, sexuelle et bien s\u00fbr politique). Historiquement, ces id\u00e9es se popularisent aux USA et au Canada. En Europe, il apparaitra dans les ann\u00e9es 1960 aux Pays-Bas avec le parti PROVO.<\/li><li>des courants de pens\u00e9e traditionalistes et\/ou agrariens, moins \u00e9tudi\u00e9s, car consid\u00e9r\u00e9s comme d\u00e9pass\u00e9s par les environnementalistes essentiellement urbains. Le courant agrarien est tr\u00e8s pr\u00e9sent aux USA et au Canada avec les \u00e9crits de Berry notamment. Les agrariens sont tr\u00e8s pr\u00e9sents dans les anciens pays des PECO, dont notamment la Roumanie. De plus, le traditionalisme vert existe dans le champ politique depuis la seconde guerre mondiale, on le retrouve dans les \u00e9co-fascismes d\u2019hier<a href=\"#_ftn23\" name=\"_ftnref23\">[23]<\/a> (Italien et nazi), mais ses racines sont plus profondes car elles puisent leurs sources dans la tradition agreste et agraire.<\/li><li>des mouvances naturistes, spiritualistes et asc\u00e9tiques. Inspir\u00e9es par les travaux de Naess (et ses h\u00e9ritiers) ces courants revendiquent une \u00e9cologie profonde. Pour certains comme Bookchin, c\u2019est une forme \u00ab\u00a0d\u2019\u00e9cologie mystique\u00a0\u00bb plus que politique, mais pour beaucoup de militants \u00e9cologistes, notamment Nord-am\u00e9ricains, elle est par ces huit principes (pr\u00e9ceptes) de base, l\u2019outil permettant sur le plan personnel une r\u00e9silience \u00e9cocitoyenne. Il est aussi fortement port\u00e9 \u00e0 droite avec l\u2019h\u00e9ritage de la th\u00e9osophie et de la biodynamie des Steiner et autres.<\/li><li>Enfin, dans une cat\u00e9gorie sp\u00e9cifique, on peut rassembler les diff\u00e9rentes pens\u00e9es qui d\u00e9fendent des causes particuli\u00e8rement li\u00e9es \u00e0 la nature, comme par exemple la d\u00e9fense des animaux comme mouvement de pens\u00e9e de l\u2019\u00e9cologie radicale. Pour certains sp\u00e9cialistes, ce n\u2019est pas \u00e0 proprement parler un courant \u00e9cologique car il y aurait une absence de probl\u00e9matique \u00e9cologiste globale, mais \u00e0 l\u2019image des n\u00e9o-luddistes, cette tendance donne aux mouvements \u00e9cologistes (institutionnels et radicaux) des \u00e9l\u00e9ments de langage nouveaux, notamment concernant le rapport de domination homme-nature.<\/li><\/ul><p>\u00a0<\/p><p>Ce petit panorama des diff\u00e9rents courants de pens\u00e9e qui constituent les tendances de l\u2019\u00e9cologie radicale (et une partie de l\u2019\u00e9cologie institutionnelle) actuelle nous permet de comparer et de regrouper les diff\u00e9rents th\u00e8mes (combin\u00e9s, voire fusionn\u00e9s) qui \u00e9chafaudent les deux mobilisations (institutionnelle comme radicale).<\/p>\t\t\t\t\t\t\t\t<\/div>\n\t\t\t\t<\/div>\n\t\t\t\t\t<\/div>\n\t\t<\/div>\n\t\t\t\t<div class=\"elementor-column elementor-col-50 elementor-top-column elementor-element elementor-element-38208c48 elementor-hidden-mobile\" data-id=\"38208c48\" data-element_type=\"column\" data-e-type=\"column\">\n\t\t\t<div class=\"elementor-widget-wrap elementor-element-populated\">\n\t\t\t\t\t\t<div class=\"elementor-element elementor-element-7a2ea28b elementor-widget-divider--view-line_text elementor-widget-divider--element-align-center elementor-widget elementor-widget-divider\" data-id=\"7a2ea28b\" data-element_type=\"widget\" data-e-type=\"widget\" data-widget_type=\"divider.default\">\n\t\t\t\t<div class=\"elementor-widget-container\">\n\t\t\t\t\t\t\t<div class=\"elementor-divider\">\n\t\t\t<span class=\"elementor-divider-separator\">\n\t\t\t\t\t\t\t<p class=\"elementor-divider__text elementor-divider__element\">\n\t\t\t\tPage 4\t\t\t\t<\/p>\n\t\t\t\t\t\t<\/span>\n\t\t<\/div>\n\t\t\t\t\t\t<\/div>\n\t\t\t\t<\/div>\n\t\t\t\t<div class=\"elementor-element elementor-element-19a364b3 elementor-widget elementor-widget-text-editor\" data-id=\"19a364b3\" data-element_type=\"widget\" data-e-type=\"widget\" data-widget_type=\"text-editor.default\">\n\t\t\t\t<div class=\"elementor-widget-container\">\n\t\t\t\t\t\t\t\t\t<p><a href=\"#_ftn20\">[20] <em>Marc Lomazzi, <\/em><em>Ultra-\u00e9cologicus. Les nouveaux crois\u00e9s de l\u2019\u00e9cologie&#8230;<\/em><\/a><\/p>\t\t\t\t\t\t\t\t<\/div>\n\t\t\t\t<\/div>\n\t\t\t\t<div class=\"elementor-element elementor-element-692cdfbe elementor-widget elementor-widget-text-editor\" data-id=\"692cdfbe\" data-element_type=\"widget\" data-e-type=\"widget\" data-widget_type=\"text-editor.default\">\n\t\t\t\t<div class=\"elementor-widget-container\">\n\t\t\t\t\t\t\t\t\t<p><a href=\"#_ftn21\">[21] Nous employons ce terme au sens du professeur de philosophie sociale&#8230;<\/a><\/p>\t\t\t\t\t\t\t\t<\/div>\n\t\t\t\t<\/div>\n\t\t\t\t<div class=\"elementor-element elementor-element-7105f4e3 elementor-widget elementor-widget-text-editor\" data-id=\"7105f4e3\" data-element_type=\"widget\" data-e-type=\"widget\" data-widget_type=\"text-editor.default\">\n\t\t\t\t<div class=\"elementor-widget-container\">\n\t\t\t\t\t\t\t\t\t<p><a href=\"#_ftn22\">[22] Ivan Illich dans le Nouvel Observateur, \u00e9t\u00e9 1973, cit\u00e9 in Jean-Michel Djian&#8230;<\/a><\/p>\t\t\t\t\t\t\t\t<\/div>\n\t\t\t\t<\/div>\n\t\t\t\t<div class=\"elementor-element elementor-element-6c0e5124 elementor-widget elementor-widget-text-editor\" data-id=\"6c0e5124\" data-element_type=\"widget\" data-e-type=\"widget\" data-widget_type=\"text-editor.default\">\n\t\t\t\t<div class=\"elementor-widget-container\">\n\t\t\t\t\t\t\t\t\t<p><a href=\"#_ftn23\">[23] Philippe Simmonet,<em> Le brun et le vert. Quand les nazis \u00e9taient \u00e9cologistes<\/em>&#8230;<\/a><\/p>\t\t\t\t\t\t\t\t<\/div>\n\t\t\t\t<\/div>\n\t\t\t\t\t<\/div>\n\t\t<\/div>\n\t\t\t\t\t<\/div>\n\t\t<\/section>\n\t\t\t\t<section data-particle_enable=\"false\" data-particle-mobile-disabled=\"false\" class=\"elementor-section elementor-top-section elementor-element elementor-element-d4057fd elementor-section-boxed elementor-section-height-default elementor-section-height-default\" data-id=\"d4057fd\" data-element_type=\"section\" data-e-type=\"section\">\n\t\t\t\t\t\t<div class=\"elementor-container elementor-column-gap-default\">\n\t\t\t\t\t<div class=\"elementor-column elementor-col-50 elementor-top-column elementor-element elementor-element-2a5e87b1\" data-id=\"2a5e87b1\" data-element_type=\"column\" data-e-type=\"column\">\n\t\t\t<div class=\"elementor-widget-wrap elementor-element-populated\">\n\t\t\t\t\t\t<div class=\"elementor-element elementor-element-53ffacb4 elementor-widget elementor-widget-text-editor\" data-id=\"53ffacb4\" data-element_type=\"widget\" data-e-type=\"widget\" data-widget_type=\"text-editor.default\">\n\t\t\t\t<div class=\"elementor-widget-container\">\n\t\t\t\t\t\t\t\t\t<p>Bien \u00e9videmment, tous les \u00e9cologistes \u0153uvrent pour la d\u00e9fense de l\u2019environnement passant par un souci de protection\/conservation de la Nature. Mais nous pouvons noter \u00e9galement, que d\u2019une part, sur le plan institutionnel, appara\u00eet clairement une critique de l\u2019\u00c9tat et de la bureaucratie technicienne. On observe ais\u00e9ment au sein des organisations \u00e9cologistes (institutionnelles et radicales) un rejet de l\u2019\u00c9tat en tant que syst\u00e8me institutionnel et\/ou comme machine de reproduction d\u2019une bureaucratisation administrative et d\u2019une hi\u00e9rarchisation sociale.\u00a0 Plusieurs tendances rejettent le syst\u00e8me repr\u00e9sentatif et le parlementarisme actuels, plusieurs sont acerbes \u00e0 l\u2019endroit des partis traditionnels allant jusqu\u2019au refus du clivage droite\/gauche, etc. De fait, on note chez tous les \u00e9cologistes, sur le plan structurel, une nette pr\u00e9f\u00e9rence pour la d\u00e9mocratie directe ou du moins pour la d\u00e9mocratie participative (d\u00e9mocratie d\u00e9lib\u00e9rative pour les uns, r\u00e9elles ou radicales pour les autres).<\/p><p>Deuxi\u00e8mement, sur le plan de la d\u00e9centralisation du pouvoir, toutes les tendances proposent la d\u00e9fense de l\u2019\u00e9chelon local ou r\u00e9gional face au centralisme jacobin et parfois la volont\u00e9 de substituer \u00e0 l\u2019\u00c9tat-nation un cadre plus f\u00e9d\u00e9ral.<\/p><p>Troisi\u00e8mement, sur le plan \u00e9conomique, le rejet de la soci\u00e9t\u00e9 industrielle, de l\u2019organisation capitaliste du travail et plus g\u00e9n\u00e9ralement une critique de la primaut\u00e9 de la logique \u00e9conomique dans les soci\u00e9t\u00e9s modernes sont transversaux \u00e0 toutes les mouvances \u00e9cologistes. L\u2019antiproductivisme et la d\u00e9croissance sont les moteurs des concepts d\u2019autogestion et d\u2019autonomie. L\u2019autonomie au plan \u00e9conomique, social et politique est nodale pour les l\u2019\u00e9cologistes. S\u2019y imbrique une critique de la consommation pouvant aller jusqu\u2019\u00e0 l\u2019\u00e9loge de la frugalit\u00e9 et d\u2019un certain asc\u00e9tisme.<\/p><p>Enfin, quatri\u00e8mement, les deux familles politiques (institutionnelle et radicale) partagent plus ou moins la m\u00eame critique du progr\u00e8s, c\u2019est-dire, celle \u00e0 partir de l\u2019id\u00e9e selon laquelle l\u2019expansion de la science et de la technique ne signifie pas automatiquement progr\u00e8s de la Raison et progr\u00e8s de l\u2019homme.<\/p><p>Pour conclure ce paragraphe, pour les \u00e9cologistes actuels, la critique de l\u2019\u00c9tat, sans entrer dans une analyse Gramscienne, est la cons\u00e9quence directe de la subordination de celui-ci au syst\u00e8me n\u00e9olib\u00e9ral. Pour les \u00e9cologistes, l\u2019\u00c9tat \u00ab\u00a0[\u2026] <em>dont la principale fonction aujourd\u2019hui est de plier la soci\u00e9t\u00e9 aux contraintes du march\u00e9 mondial<\/em><a href=\"#_ftn24\" name=\"_ftnref24\">[24]<\/a>\u00a0\u00bb doit-\u00eatre repens\u00e9. Sortir de ce type d\u2019organisation politique institutionnalis\u00e9e, tendre vers <em>La perspective du possible ou l\u2019utopie r\u00e9elle<\/em>, nous semble \u00eatre la voie commune \u00e0 toutes les \u00e9cologies politiques. Dont notamment pour ces trois principaux piliers de l\u2019\u00e9cologie radicale dont les propositions aujourd\u2019hui sont utilis\u00e9es, instrumentalis\u00e9es, r\u00e9cup\u00e9r\u00e9es \u00e0 la fois par l\u2019\u00e9cologie institutionnelle et par les mouvements \u00e0 la marge du syst\u00e8me.<\/p><h3><strong>4. Trois propositions ou sc\u00e9narii \u00e9co-r\u00e9publicains observables hors champ institutionnel \u00e9tatique classique\u00a0<\/strong><\/h3><p>Aujourd\u2019hui, sur le plan des projets de soci\u00e9t\u00e9s, des diff\u00e9rentes voies que propose l\u2019\u00e9cologie radicale on peut observer ais\u00e9ment trois visions ou <em>sc\u00e9narii<\/em> qui s\u2019articulent autour d\u2019un \u00e9co-r\u00e9publicaine hors institutions \u00e9tatiques n\u00e9olib\u00e9rales. Pour ces trois perspectives du possible, l\u2019institutionnalisation de la soci\u00e9t\u00e9 \u00e9cologiste est bas\u00e9e sur le solidarisme et sur l\u2019autogestion du commun. La premi\u00e8re est d\u2019ordre individuelle, elle s\u2019articule autour d\u2019une volont\u00e9 de r\u00e9silience \u00e9cocitoyenne, ce sc\u00e9nario est intrins\u00e8quement li\u00e9 \u00e0 l\u2019\u00e9cosophie ou l\u2019\u00e9cologie profonde dont Arne Naess est la figure de proue. Les deux autres propositions sont plus holistes, ou du moins collectives, elles se forment sur l\u2019id\u00e9e d\u2019un <em>empowerment<\/em>, et plus pr\u00e9cis\u00e9ment sur la dimension d\u2019une gestion du territoire et de l\u2019espace du v\u00e9cu en bio-r\u00e9gion, d\u00e9velopp\u00e9es depuis les ann\u00e9es 1960 par les bio-r\u00e9gionalistes et pour la seconde perspective celle d\u2019un municipalisme (ou communalisme) libertaire<a href=\"#_ftn25\" name=\"_ftnref25\">[25]<\/a> imagin\u00e9 notamment par l\u2019\u00e9cologie sociale de Murray Bookchin.<\/p><p><strong>Exemple 1\u2013 L\u2019\u00e9cologie profonde comme base de la r\u00e9silience \u00e9co-r\u00e9publicaine<\/strong><\/p><p>Mouvement spirituel, culturel et philosophique, l\u2019\u00e9cologie profonde est une source d\u2019inspiration pour les militants et dirigeants \u00e9cologistes. La port\u00e9e populaire et individuelle de ce courant philosophique repose sur une \u00e9thique et une id\u00e9e simple qu\u2019un syst\u00e8me global (la nature) est sup\u00e9rieur \u00e0 chacune de ses parties (l\u2019Homme \u00e9tant une partie de la nature).\u00a0 L\u2019\u00e9cologie profonde de Naess cherche \u00e0 pr\u00e9server, voir \u00e0 sauver la nature, en recr\u00e9ant l\u2019unit\u00e9 du moi (<em>self<\/em>) et en incorporant ce moi dans la nature. Ainsi, l\u2019objectif nodal de l\u2019\u00e9cologie profonde est la r\u00e9alisation de Soi dans le syst\u00e8me global. Comment\u00a0y parvenir ? <a href=\"https:\/\/fr.wikipedia.org\/wiki\/Arne_N%C3%A6ss\">Arne N\u00e6ss<\/a><a href=\"#_ftn26\" name=\"_ftnref26\">[26]<\/a>\u00a0qui est \u00e0 l\u2019origine de cette pens\u00e9e philosophique<a href=\"#_ftn27\" name=\"_ftnref27\">[27]<\/a> expose clairement deux dimensions ou d\u00e9clinaisons du soi. Il y a d\u2019abord\u202f\u00ab\u00a0le soi personnel\u00a0\u00bb et ensuite le \u00ab\u00a0Soi du monde\u00a0\u00bb, avec un S majuscule, qui d\u00e9signe l\u2019humanit\u00e9 additionn\u00e9e, sans hi\u00e9rarchisation des esp\u00e8ces, \u00e0 l\u2019ensemble des \u00eatres du vivant. Cette \u00e9thique s\u2019appuie sur huit postulats<a href=\"#_ftn28\" name=\"_ftnref28\">[28]<\/a> qui permettent d\u2019\u00e9laborer une r\u00e9silience \u00e9cocitoyenne individuelle qualifi\u00e9e par Naess d\u2019\u00e9cosophie. \u00a0En revanche, point d\u2019importance, l\u2019\u00e9cologie profonde n\u2019est ni un projet politique et ni un manifeste. En fait c\u2019est plus par souci pragmatique que les huit postulats de l\u2019\u00e9cosophie sont volontairement vagues. Le but \u00e9tait de constituer une plateforme de rassemblements internationaux de l\u2019\u00e9cologie profonde. D\u2019ailleurs, l\u2019\u00e9cologie profonde fut \u00e0 l\u2019origine de plusieurs mouvements dont First Earth et Greenpeace.<\/p>\t\t\t\t\t\t\t\t<\/div>\n\t\t\t\t<\/div>\n\t\t\t\t\t<\/div>\n\t\t<\/div>\n\t\t\t\t<div class=\"elementor-column elementor-col-50 elementor-top-column elementor-element elementor-element-67626385 elementor-hidden-mobile\" data-id=\"67626385\" data-element_type=\"column\" data-e-type=\"column\">\n\t\t\t<div class=\"elementor-widget-wrap elementor-element-populated\">\n\t\t\t\t\t\t<div class=\"elementor-element elementor-element-7bc1b102 elementor-widget-divider--view-line_text elementor-widget-divider--element-align-center elementor-widget elementor-widget-divider\" data-id=\"7bc1b102\" data-element_type=\"widget\" data-e-type=\"widget\" data-widget_type=\"divider.default\">\n\t\t\t\t<div class=\"elementor-widget-container\">\n\t\t\t\t\t\t\t<div class=\"elementor-divider\">\n\t\t\t<span class=\"elementor-divider-separator\">\n\t\t\t\t\t\t\t<p class=\"elementor-divider__text elementor-divider__element\">\n\t\t\t\tPage 5\t\t\t\t<\/p>\n\t\t\t\t\t\t<\/span>\n\t\t<\/div>\n\t\t\t\t\t\t<\/div>\n\t\t\t\t<\/div>\n\t\t\t\t<div class=\"elementor-element elementor-element-4ab28e70 elementor-widget elementor-widget-text-editor\" data-id=\"4ab28e70\" data-element_type=\"widget\" data-e-type=\"widget\" data-widget_type=\"text-editor.default\">\n\t\t\t\t<div class=\"elementor-widget-container\">\n\t\t\t\t\t\t\t\t\t<p><a href=\"#_ftn24\">[24] In <em>Le Commun, op. cit<\/em>., p. 15.<\/a><\/p>\t\t\t\t\t\t\t\t<\/div>\n\t\t\t\t<\/div>\n\t\t\t\t<div class=\"elementor-element elementor-element-3fbcdbfc elementor-widget elementor-widget-text-editor\" data-id=\"3fbcdbfc\" data-element_type=\"widget\" data-e-type=\"widget\" data-widget_type=\"text-editor.default\">\n\t\t\t\t<div class=\"elementor-widget-container\">\n\t\t\t\t\t\t\t\t\t<p><a href=\"#_ftn25\">[25] Janet Biehl, <em>Le municipalisme libertaire. La politique de l\u2019\u00e9cologie&#8230;<\/em><\/a><\/p>\t\t\t\t\t\t\t\t<\/div>\n\t\t\t\t<\/div>\n\t\t\t\t<div class=\"elementor-element elementor-element-c135e7a elementor-widget elementor-widget-text-editor\" data-id=\"c135e7a\" data-element_type=\"widget\" data-e-type=\"widget\" data-widget_type=\"text-editor.default\">\n\t\t\t\t<div class=\"elementor-widget-container\">\n\t\t\t\t\t\t\t\t\t<p><a href=\"#_ftn26\">[26] <em>L\u2019\u00e9cologie profonde<\/em>, PUF, Paris, 2021.<\/a><\/p><p><a href=\"#_ftn27\">[27] <em>Une \u00e9cosophie pour la vie. Introduction \u00e0 l\u2019\u00e9cologie profonde<\/em>, Points seuil&#8230;<\/a><\/p><p><a href=\"#_ftn28\">[28] <em>Ibid<\/em>., pp. 26-41.<\/a><\/p>\t\t\t\t\t\t\t\t<\/div>\n\t\t\t\t<\/div>\n\t\t\t\t\t<\/div>\n\t\t<\/div>\n\t\t\t\t\t<\/div>\n\t\t<\/section>\n\t\t\t\t<section data-particle_enable=\"false\" data-particle-mobile-disabled=\"false\" class=\"elementor-section elementor-top-section elementor-element elementor-element-37c80e6e elementor-section-boxed elementor-section-height-default elementor-section-height-default\" data-id=\"37c80e6e\" data-element_type=\"section\" data-e-type=\"section\">\n\t\t\t\t\t\t<div class=\"elementor-container elementor-column-gap-default\">\n\t\t\t\t\t<div class=\"elementor-column elementor-col-50 elementor-top-column elementor-element elementor-element-640ccac7\" data-id=\"640ccac7\" data-element_type=\"column\" data-e-type=\"column\">\n\t\t\t<div class=\"elementor-widget-wrap elementor-element-populated\">\n\t\t\t\t\t\t<div class=\"elementor-element elementor-element-35e6d810 elementor-widget elementor-widget-text-editor\" data-id=\"35e6d810\" data-element_type=\"widget\" data-e-type=\"widget\" data-widget_type=\"text-editor.default\">\n\t\t\t\t<div class=\"elementor-widget-container\">\n\t\t\t\t\t\t\t\t\t<p>Cependant, l\u2019id\u00e9e d\u2019un \u00ab\u00a0commun\u00a0\u00bb est apparent dans l\u2019article de Naess et notamment l\u2019id\u00e9e de d\u00e9centralisation et d\u2019autonomie locale c\u2019est du moins ce que l\u2019on peut imaginer \u00e0 travers la lecture du septi\u00e8me postulat :<\/p><p>\u00ab\u00a0<em>La vuln\u00e9rabilit\u00e9 d\u2019une forme de vie est directement proportionnelle aux poids des influences ext\u00e9rieures, ext\u00e9rieures \u00e0 la r\u00e9gion ou est localis\u00e9e cette forme de vie en \u00e9quilibre \u00e9cologique. Ce fait doit nous encourager \u00e0 poursuivre nos efforts en vue d\u2019obtenir la reconnaissance du droit de chaque r\u00e9gion de se gouverner elle-m\u00eame, \u00e0 se suffire \u00e0 elle-m\u00eame tant sur le plan mat\u00e9riel que sur le plan moral\u00a0[\u2026]<\/em><a href=\"#_ftn29\" name=\"_ftnref29\">[29]<\/a>\u00a0\u00bb.<\/p><p>Mais il est moins explicite sur la plate-forme imagin\u00e9e depuis 1984 qui d\u00e9rive de l\u2019article de 1973<a href=\"#_ftn30\" name=\"_ftnref30\">[30]<\/a> et qui est r\u00e9am\u00e9nag\u00e9e quasiment tous les deux ans par les gestionnaires du site. Aussi ce postulat de d\u00e9centralisation ne permet-il pas de tendre vers une forme d\u2019organisation politique collective ou d\u2019un commun\u00a0; en revanche, l\u2019\u00e9cologie profonde propos\u00e9e dans l\u2019article de 1973 par Naess et notamment ce septi\u00e8me postulat permettra \u00e0 d\u2019autres courants plus structur\u00e9s d\u2019\u00e9laborer des alternatives \u00e0 l\u2019\u00c9tat, \u00e0 l\u2019image du bior\u00e9gionalisme avec les concepts de \u00ab\u00a0bio-r\u00e9gion\u00a0\u00bb et \u00ab\u00a0de r\u00e9habitation\u00a0\u00bb .<\/p><p>En r\u00e9sum\u00e9, bien que cette philosophie soit patin\u00e9e de spinozisme, elle est chez plusieurs adeptes souvent impr\u00e9gn\u00e9e d\u2019\u00e9sot\u00e9risme et de mysticisme. En effet, longtemps soumise aux d\u00e9rives populaires et autres instrumentalisations, sa port\u00e9e \u00e9tait comparable au transcendantalisme d\u2019Emerson ou \u00e0 l\u2019anthroposophie de Steiner. Ce qui explique peut-\u00eatre pourquoi, pour les contradicteurs de l\u2019\u00e9cologie profonde, \u00e0 l\u2019image de Murray Bookchin ou de certaines tendances de l\u2019\u00e9co-socialisme, la th\u00e9orie de la \u00ab\u202fr\u00e9alisation de Soi\u202f\u00bb conduirait \u00e0 abolir l\u2019individu au profit d\u2019un\u00a0<a href=\"https:\/\/fr.wikipedia.org\/wiki\/Holisme\">holisme<\/a>\u00a0manipulable proche du mystique et voire de l\u2019\u00e9co-fascisme. \u00a0Aujourd\u2019hui, cette philosophie permettant une r\u00e9silience \u00e9cocitoyenne se g\u00e9n\u00e9ralise au sein de la vague actuelle des <em>ultra-\u00e9cologicus<\/em>. Mais on retrouve certains postulats chez plusieurs entrepreneurs politiques des partis \u00e9cologistes institutionnels. Par exemple en France, \u00e0 l\u2019image de Piolle, Rousseau, Bathot et voire Jadot, lors de la primaire \u00e9cologistes de 2021, tous ont fait r\u00e9f\u00e9rence \u00e0 l\u2019\u00e9cologie profonde dans le discours de campagne et lors des d\u00e9bats. En d\u2019autres termes, tous les \u00e9cologistes \u00e0 leurs mani\u00e8res utilisent, appliquent, instrumentalisent, voire bricolent dans leurs discours les huit postulats de l\u2019\u00e9cologie profonde.<\/p><p><strong>Exemple 2 \u2013 La bio-r\u00e9gion du bio-r\u00e9gionalisme <\/strong><\/p><p>La conceptualisation ou l\u2019id\u00e9e de bio-r\u00e9gion est apparue au d\u00e9but des ann\u00e9es 1960-70, sur la c\u00f4te ouest des \u00c9tats-Unis. Techniquement, elle est le r\u00e9sultat, en pleine r\u00e9volution contre-culturelle californienne, d\u2019un rapprochement entre les milieux \u00e9co-anarchistes et les mouvances de d\u00e9fense et de protection de la nature.<\/p><p>\u00c0 la base, la bio-r\u00e9gion est un concept (une vision du monde) qui nous invite \u00e0 d\u00e9limiter les territoires selon leurs r\u00e9alit\u00e9s (ou qualit\u00e9s) \u00e9cologiques. La bio-r\u00e9gion formerait donc une nouvelle unit\u00e9 institutionnelle permettant une r\u00e9appropriation collective des enjeux \u00e9cologiques, sociaux et donc politiques.\u00a0 Si on reprend \u00e0 notre compte la lecture de Mathias Rollot et Martin Schaffner<a href=\"#_ftn31\" name=\"_ftnref31\">[31]<\/a>, concr\u00e8tement une bio-r\u00e9gion est un morceau de la biosph\u00e8re dont les limites ne sont pas d\u00e9finies par des fronti\u00e8res administratives (d\u00e9partement, r\u00e9gion, \u00c9tat) mais par des limites g\u00e9ographiques et biologiques. Son p\u00e9rim\u00e8tre est d\u00e9fini par les humains qui l\u2019habitent \u2013 de fa\u00e7on autod\u00e9termin\u00e9e dans la volont\u00e9 de prendre soin de ce milieu de vie commun. Une bio-r\u00e9gion est donc l\u2019alliage, sur un territoire donn\u00e9, entre une communaut\u00e9 habitante humaine et une communaut\u00e9 biotique. Elle doit \u00eatre \u00e0 la fois assez grande pour y maintenir l\u2019int\u00e9grit\u00e9 des esp\u00e8ces qui y vivent et des cycles qui s\u2019y d\u00e9ploient (nutriments, migrations, cycles de l\u2019eau, etc..)\u00a0; et assez petite pour que ses habitants se consid\u00e8rent comme chez eux. Pour le bior\u00e9gionalisme, l\u2019id\u00e9e est de vivre en osmose avec le monde de la bio-r\u00e9gion. Deux des p\u00e8res du bio-r\u00e9gionalisme expliquaient en 1975 que le concept\u00a0:<\/p><p>\u00ab\u00a0<em>De bio-r\u00e9gion a \u00e9t\u00e9 introduit pour explorer la possibilit\u00e9 de d\u00e9velopper une m\u00e9thode de planification, relativement non arbitraire, pour les r\u00e9alit\u00e9s biologiques sauvages du paysage. [\u2026] Les bio-r\u00e9gions sont provisoirement d\u00e9finies comme des aires remarquables de surface de la Terre, du point de vue biologique, qui peuvent \u00eatre cartographi\u00e9es et discut\u00e9es comme mod\u00e8les existants distincts, de plantes, d\u2019animaux, et d\u2019habitants\u00a0; des distributions li\u00e9es aux mod\u00e8les d\u2019aires de r\u00e9partition et aux processus complexes de construction de niches culturelles \u2013 tout en tenant compte des formations attribu\u00e9es \u00e0 l\u2019occupation d\u2019une ou plusieurs populations successives du mammif\u00e8re culturel<\/em><a href=\"#_ftn32\" name=\"_ftnref32\">[32]<\/a>\u00a0\u00bb.<\/p><p>Le mot cl\u00e9 chez les bio-r\u00e9gionalismes est le terme r\u00e9habitation. Le \u00ab\u00a0commun\u00a0\u00bb passe par cette id\u00e9e de r\u00e9habitation, en fait il ne peut exister de \u00ab\u00a0bio-r\u00e9gion sans r\u00e9habitation<a href=\"#_ftn33\" name=\"_ftnref33\">[33]<\/a>\u00a0\u00bb du territoire. Ce mot est l\u2019invention de Peter Berg et de Raymond Dasmann, il appara\u00eet dans leur article fondateur \u00ab\u00a0R\u00e9habiter la Californie\u00a0\u00bb<em>, <\/em>publi\u00e9 en 1976. Ces deux pionniers du bio-r\u00e9gionalisme d\u2019Am\u00e9rique du Nord annon\u00e7ait \u00ab\u00a0<em>quelque chose est en train de se passer en Californie [\u2026] un peu partout se d\u00e9ploient des communaut\u00e9s de gens qui tentent de nouvelles mani\u00e8res de vivre sur et avec la Terre. Nous appelons ce ph\u00e9nom\u00e8ne r\u00e9habitation, un processus qui implique d\u2019apprendre \u00e0 vivre in situ<\/em><a href=\"#_ftn34\" name=\"_ftnref34\">[34]<\/a>\u00a0\u00bb<\/p><p>Aux \u00c9tats-Unis, le bior\u00e9gionalisme est peut-\u00eatre la tendance de l\u2019\u00e9cologie radicale qui produit le plus sur le plan th\u00e9orique et scientifique<a href=\"#_ftn35\" name=\"_ftnref35\">[35]<\/a> mais elle est \u00e9galement celle qui agit le plus sur le plan de l\u2019activisme \u00e9cologiste. Plut\u00f4t d\u00e9croissantiste que libertaire, l\u2019\u00e9conomie bio-r\u00e9gionale est une \u00e9conomie de stabilit\u00e9, de coop\u00e9ration et bien \u00e9videmment d\u2019autosuffisance. Elle est bas\u00e9e sur une id\u00e9e du partage et de l\u2019\u00e9galit\u00e9. Finalement, l\u2019\u00e9dification d\u2019une bio-r\u00e9gion est soutenue par trois piliers\u00a0: l\u2019autosuffisance (d\u00e9croissance) pour la dimension \u00e9conomique, l\u2019autonomie (administrative) pour la dimension institutionnelle et la spiritualit\u00e9 (\u00e9cosophie) pour la dimension sociale. Certes il existe des n\u00e9buleuses s\u00e9paratistes qui se revendiquent du bior\u00e9gionalisme, mais seul le bior\u00e9gionalisme propos\u00e9 par Kirkpatrick Sale<a href=\"#_ftn36\" name=\"_ftnref36\">[36]<\/a> est consid\u00e9r\u00e9 comme radical. Ce dernier a engag\u00e9 son projet sur la voie de l\u2019antiproductivisme. Aussi \u00e0 la diff\u00e9rence des bior\u00e9gionalistes classiques plus d\u00e9croissantistes qu\u2019anarcho-\u00e9cologistes, Sale emprunte aux autres mouvements de l\u2019\u00e9cologies radicales des concepts et des paradigmes ouvrant sur des perspectives du possibles libertaires. Par exemple sur le plan de l\u2019institutionnalisation des r\u00e9habitants dans une bio-r\u00e9gion, il propose des mod\u00e8les de gouvernance directement inspir\u00e9s des travaux sur le communalisme de Bookchin.<\/p>\t\t\t\t\t\t\t\t<\/div>\n\t\t\t\t<\/div>\n\t\t\t\t\t<\/div>\n\t\t<\/div>\n\t\t\t\t<div class=\"elementor-column elementor-col-50 elementor-top-column elementor-element elementor-element-11444f94 elementor-hidden-mobile\" data-id=\"11444f94\" data-element_type=\"column\" data-e-type=\"column\">\n\t\t\t<div class=\"elementor-widget-wrap elementor-element-populated\">\n\t\t\t\t\t\t<div class=\"elementor-element elementor-element-310d56b3 elementor-widget-divider--view-line_text elementor-widget-divider--element-align-center elementor-widget elementor-widget-divider\" data-id=\"310d56b3\" data-element_type=\"widget\" data-e-type=\"widget\" data-widget_type=\"divider.default\">\n\t\t\t\t<div class=\"elementor-widget-container\">\n\t\t\t\t\t\t\t<div class=\"elementor-divider\">\n\t\t\t<span class=\"elementor-divider-separator\">\n\t\t\t\t\t\t\t<p class=\"elementor-divider__text elementor-divider__element\">\n\t\t\t\tPage 6\t\t\t\t<\/p>\n\t\t\t\t\t\t<\/span>\n\t\t<\/div>\n\t\t\t\t\t\t<\/div>\n\t\t\t\t<\/div>\n\t\t\t\t<div class=\"elementor-element elementor-element-38d598c0 elementor-widget elementor-widget-text-editor\" data-id=\"38d598c0\" data-element_type=\"widget\" data-e-type=\"widget\" data-widget_type=\"text-editor.default\">\n\t\t\t\t<div class=\"elementor-widget-container\">\n\t\t\t\t\t\t\t\t\t<p><a href=\"#_ftn29\">[29]<em> Ibid.<\/em>, pp. 34-35.<\/a><\/p><p><a href=\"#_ftn30\">[30] Voir Mathilde Ramadier, <em>L\u2019\u00e9cologie profonde<\/em>, PUF, collection QSJ&#8230;<\/a><\/p>\t\t\t\t\t\t\t\t<\/div>\n\t\t\t\t<\/div>\n\t\t\t\t<div class=\"elementor-element elementor-element-1a0ee556 elementor-widget elementor-widget-text-editor\" data-id=\"1a0ee556\" data-element_type=\"widget\" data-e-type=\"widget\" data-widget_type=\"text-editor.default\">\n\t\t\t\t<div class=\"elementor-widget-container\">\n\t\t\t\t\t\t\t\t\t<p><a href=\"#_ftn31\">[31] In <em>Qu\u2019est-ce qu\u2019une bior\u00e9gion\u00a0?, <\/em>Editions Widprojet\/in\u00e9dit, 2021<\/a><\/p>\t\t\t\t\t\t\t\t<\/div>\n\t\t\t\t<\/div>\n\t\t\t\t<div class=\"elementor-element elementor-element-668ea15e elementor-widget elementor-widget-text-editor\" data-id=\"668ea15e\" data-element_type=\"widget\" data-e-type=\"widget\" data-widget_type=\"text-editor.default\">\n\t\t\t\t<div class=\"elementor-widget-container\">\n\t\t\t\t\t\t\t\t\t<p><a href=\"#_ftn32\">[32] Allen Van Newkirk in \u00ab Biorgions : Towards Bioregional Strategy<\/a><\/p>\t\t\t\t\t\t\t\t<\/div>\n\t\t\t\t<\/div>\n\t\t\t\t<div class=\"elementor-element elementor-element-4208c595 elementor-widget elementor-widget-text-editor\" data-id=\"4208c595\" data-element_type=\"widget\" data-e-type=\"widget\" data-widget_type=\"text-editor.default\">\n\t\t\t\t<div class=\"elementor-widget-container\">\n\t\t\t\t\t\t\t\t\t<p><a href=\"#_ftn33\">[33] <em>Ibid.<\/em><\/a><\/p>\t\t\t\t\t\t\t\t<\/div>\n\t\t\t\t<\/div>\n\t\t\t\t<div class=\"elementor-element elementor-element-7704080 elementor-widget elementor-widget-text-editor\" data-id=\"7704080\" data-element_type=\"widget\" data-e-type=\"widget\" data-widget_type=\"text-editor.default\">\n\t\t\t\t<div class=\"elementor-widget-container\">\n\t\t\t\t\t\t\t\t\t<p><a href=\"#_ftn34\">[34] Pour la derni\u00e8re traduction, voir la revue EcoRev\u2019, n\u00b047, 2019, pp. 73-84.<\/a><\/p><p><a href=\"#_ftn35\">[35] Il existe une multitude d\u2019essais, d\u2019analyses, de propositions autour&#8230;<\/a><\/p>\t\t\t\t\t\t\t\t<\/div>\n\t\t\t\t<\/div>\n\t\t\t\t<div class=\"elementor-element elementor-element-46f8fb1f elementor-widget elementor-widget-text-editor\" data-id=\"46f8fb1f\" data-element_type=\"widget\" data-e-type=\"widget\" data-widget_type=\"text-editor.default\">\n\t\t\t\t<div class=\"elementor-widget-container\">\n\t\t\t\t\t\t\t\t\t<p><a href=\"#_ftn36\">[36] <em>L\u2019art d\u2019habiter la Terre. La vision bior\u00e9gionale<\/em>, Widprojet, 2020.<\/a><\/p>\t\t\t\t\t\t\t\t<\/div>\n\t\t\t\t<\/div>\n\t\t\t\t\t<\/div>\n\t\t<\/div>\n\t\t\t\t\t<\/div>\n\t\t<\/section>\n\t\t\t\t<section data-particle_enable=\"false\" data-particle-mobile-disabled=\"false\" class=\"elementor-section elementor-top-section elementor-element elementor-element-5d25e10f elementor-section-boxed elementor-section-height-default elementor-section-height-default\" data-id=\"5d25e10f\" data-element_type=\"section\" data-e-type=\"section\">\n\t\t\t\t\t\t<div class=\"elementor-container elementor-column-gap-default\">\n\t\t\t\t\t<div class=\"elementor-column elementor-col-50 elementor-top-column elementor-element elementor-element-7c20b32f\" data-id=\"7c20b32f\" data-element_type=\"column\" data-e-type=\"column\">\n\t\t\t<div class=\"elementor-widget-wrap elementor-element-populated\">\n\t\t\t\t\t\t<div class=\"elementor-element elementor-element-5e1cf48 elementor-widget elementor-widget-text-editor\" data-id=\"5e1cf48\" data-element_type=\"widget\" data-e-type=\"widget\" data-widget_type=\"text-editor.default\">\n\t\t\t\t<div class=\"elementor-widget-container\">\n\t\t\t\t\t\t\t\t\t<p>En r\u00e9sum\u00e9, \u00e0 la lumi\u00e8re de ces origines contre-culturelles, les visions de bio-r\u00e9gion des bior\u00e9gionalistes entrent en r\u00e9sonnance avec une grande partie des \u00e9cologistes radicaux et institutionnels actuels. En France, ces derni\u00e8res ann\u00e9es des ZAD, des collectifs \u00e0 l\u2019instar de l\u2019Association pour le Maintien d\u2019une Agriculture Paysanne, des mouvements \u00e9co-f\u00e9ministes, des syndicats d\u2019habitants, et m\u00eame des Gilets Jaunes se revendiquent du bio-r\u00e9gionalisme. Paradoxalement, c\u2019est aussi, depuis peu, le cas des \u00e9cologistes institutionnels notamment \u00e0 travers le prisme des r\u00e9gionalistes europ\u00e9ens et fran\u00e7ais inh\u00e9rent aux liens de coalitions entre les conf\u00e9d\u00e9rations fran\u00e7aise R\u00e9gions&amp;Peuples Solidaires et l\u2019Alliance Libre Europe.<\/p><p><strong>Exemple 3 &#8211; <\/strong><strong>Le municipalisme libertaire de l\u2019\u00e9cologie<\/strong> <strong>sociale <\/strong><\/p><p>Si le bior\u00e9gionalisme est l\u2019\u0153uvre d\u2019une kyrielle de pionniers, l\u2019\u00e9cologie sociale se r\u00e9sume \u00e0 la pens\u00e9e d\u2019un seul homme\u00a0: Murray Bookchin. Celui-ci est peu connu du public europ\u00e9en, n\u00e9anmoins ses \u00e9crits et ses conf\u00e9rences nous donnent \u00e0 voir une vision \u00e9cologique dont le projet de soci\u00e9t\u00e9 est incontournable aujourd\u2019hui pour saisir les mouvements qui se revendiquent de l\u2019\u00e9cologie radicale. L\u2019\u0153uvre de Bookchin est \u00e0 la fois tr\u00e8s dense et infiniment complexe\u00a0; n\u00e9anmoins deux ouvrages permettent de saisir sa pens\u00e9e dans sa globalit\u00e9<a href=\"#_ftn37\" name=\"_ftnref37\">[37]<\/a>. Ces deux essais r\u00e9sument comment s\u2019est \u00e9chafaud\u00e9e l\u2019id\u00e9e d\u2019un courant politique bas\u00e9 sur le municipalisme libertaire et surtout pourquoi Bookchin estimait que c\u2019\u00e9tait le seul outil socio-\u00e9cologique capable de r\u00e9duire certaines in\u00e9galit\u00e9s sociales et \u00e0 terme le productivisme dans son ensemble. Ce qui est int\u00e9ressant avec ce penseur, \u00e0 l\u2019inverse d\u2019un Naess ou d\u2019un Berg, c\u2019est d\u2019observer sa volont\u00e9 d\u2019\u00e9laborer un projet de soci\u00e9t\u00e9 \u00e9cologiste. C\u2019est donc une r\u00e9elle dialectique qui est propos\u00e9e par le penseur am\u00e9ricain et moins une \u00e9thique ou une philosophie. Pour ce faire, celui-ci utilise comme fondation \u00e9co-r\u00e9publicaine le concept de municipalisme libertaire.\u00a0\u00a0 Car pour Bookchin, \u00ab<em>\u00a0La commune est la cellule vivante qui forme l&rsquo;unit\u00e9 de base de la vie politique et de laquelle tout provient : la citoyennet\u00e9, l&rsquo;interd\u00e9pendance, la conf\u00e9d\u00e9ration et la libert\u00e9. Le seul moyen de reconstruire la politique est de commencer par ses formes les plus \u00e9l\u00e9mentaires : les villages, les villes, les quartiers et les cit\u00e9s o\u00f9 les gens vivent au niveau le plus intime de l&rsquo;interd\u00e9pendance politique au-del\u00e0 de la vie priv\u00e9e<a href=\"#_ftn38\" name=\"_ftnref38\">[38]<\/a>\u00a0\u00bb.<\/em><\/p><p>Bookchin est parti d\u2019une r\u00e9flexion sur la place nodale de la hi\u00e9rarchisation dans les soci\u00e9t\u00e9s, et il a tent\u00e9 de d\u00e9montrer que toutes dominations hi\u00e9rarchiques sont intrins\u00e8quement li\u00e9es \u00e0 la crise \u00e9cologique que traversent les XX et XXIe si\u00e8cles. Aussi fait-il observer que l\u2019origine de nos soci\u00e9t\u00e9s hi\u00e9rarchis\u00e9es n\u2019est pas une rupture morale ou socio-\u00e9cologique (passage d\u2019une soci\u00e9t\u00e9 \u00e0 une autre, par exemple lors de l\u2019industrialisation) mais un probl\u00e8me li\u00e9 \u00e0 une logique d\u2019organisation sociale et soci\u00e9tale hi\u00e9rarchis\u00e9e. De plus, il souligne que \u00ab\u00a0<em>l\u2019\u00e9mergence de la soci\u00e9t\u00e9 est aussi un fait naturel, qui trouve son origine dans la biologie de la socialisation humaine <\/em><a href=\"#_ftn39\" name=\"_ftnref39\">[39]<\/a>\u00a0\u00bb. En fait, il tente de d\u00e9montrer que la soci\u00e9t\u00e9 d\u00e9coule de la nature et paradoxalement que la d\u00e9consid\u00e9ration de la nature comme \u00e9tant l\u2019objectivation qui m\u00e8ne \u00e0 son irrespect et \u00e0 sa destruction est le r\u00e9sultat de la projection sociales des organisations humaines que nous avons institutionnalis\u00e9es. Cependant, l\u2019histoire de nos organisations soci\u00e9tales montre l\u2019existence de soci\u00e9t\u00e9s plus \u00e9galitaristes, donc moins hi\u00e9rarchiques, et souvent sans principe de domination de l\u2019homme par l\u2019homme et encore moins de classe. Bookchin les appellent les \u00ab\u00a0soci\u00e9t\u00e9s organiques<a href=\"#_ftn40\" name=\"_ftnref40\">[40]<\/a>\u00a0\u00bb, toutes fonctionnaient sur le principe :<\/p><ul><li>de l\u2019usufruit ; les biens mat\u00e9riels ne vont plus \u00eatre des propri\u00e9t\u00e9s mais des usufruits (appartiennent \u00e0 celui qui l\u2019utilise, qui en ont besoin).<\/li><li>du minimum irr\u00e9ductible ; chaque individu avait un droit au moyen de subsistance. Ce principe exclut l\u2019\u00e9galit\u00e9 par le droit, par contre garantit d\u2019un point de vue social\u00a0que tout le monde doit disposer d\u2019un minimum en termes de libert\u00e9 et de propri\u00e9t\u00e9.<\/li><li>de compl\u00e9mentarit\u00e9 ; principe li\u00e9 \u00e0 une organisation sociale selon laquelle chacun \u00e0 une fonction estimable dans la communaut\u00e9.<\/li><li>de la coh\u00e9sion sociale de ces communaut\u00e9s ; la coh\u00e9sion est assur\u00e9e par des liens de parent\u00e9. Ces liens doivent fonctionner sans qu\u2019un quelconque groupe d\u2019individus monopolise le pouvoir<\/li><\/ul><p>Le projet de soci\u00e9t\u00e9 de l\u2019\u00e9cologie sociale est donc de retrouver des logiques soci\u00e9tales qui conduiraient \u00e0 cet \u00e9galitarisme comparable aux soci\u00e9t\u00e9s organiques d\u2019antan. Pour Bookchin, le constat est simple\u00a0: il faut reconstruire une soci\u00e9t\u00e9 bas\u00e9e sur l\u2019usufruit, ce qui implique la fin de la propri\u00e9t\u00e9 priv\u00e9e. \u00ab\u00a0L\u2019unit\u00e9 dans la diversit\u00e9\u00a0\u00bb est son <em>leitmotiv<\/em>, il va m\u00eame jusqu\u2019\u00e0 d\u00e9fendre l\u2019id\u00e9e d\u2019une allocation universelle pour les citoyens. Le moyen pour y parvenir est de redonner du pouvoir d\u2019initiative populaire au citoyen. Par exemple, les d\u00e9cisions (politiques, administratives et m\u00eame \u00e9conomiques et sociales) seront prises directement par les citoyens et doivent \u00eatre le prolongement de ce que la science \u00e9cologique a permis de mettre en lumi\u00e8re. Ici, le commun est entendu au sens du <em>politeia<\/em> et doit signifier simplement la gestion des a\ufb00aires publiques par la population au niveau communautaire. Seul le municipalisme permettrait selon lui de sortir du carcan de la soci\u00e9t\u00e9 hi\u00e9rarchique et des syst\u00e8mes de classes qui dominent nos soci\u00e9t\u00e9s lib\u00e9rales<a href=\"#_ftn41\" name=\"_ftnref41\">[41]<\/a>. Dans le municipalisme, les usagers g\u00e8rent la chose publique par le biais d\u2019assembl\u00e9es citoyennes et \u00e9lisent des conseils qui ex\u00e9cutaient les d\u00e9cisions politiques formul\u00e9es dans ces assembl\u00e9es donc, seul. \u00a0Le municipalisme est le sc\u00e9nario permettant de transformer les trois piliers qui supportent la soci\u00e9t\u00e9 de classe\u00a0:<\/p><ul><li><u>le pilier \u00e9conomique<\/u>: sera anticapitaliste et antiproductiviste (mais pas anti technologique, Bookchin n\u2019est pas n\u00e9o-luddite).<\/li><li><u>le pilier politique<\/u>: repose sur l\u2019id\u00e9e de d\u00e9mocratie directe ; le citoyen doit \u00eatre \u00e9mancip\u00e9 politiquement.<\/li><li><u>le pilier institutionnel<\/u>: avec comme toile de fond la fin de l\u2019organisation administrative de l\u2019\u00c9tat. Il s\u2019agit, ici, de se d\u00e9faire de l\u2019institutionnalisation pas du pouvoir en tant que tel ; les bookchiniens sont contre l\u2019\u00c9tat institutionnalis\u00e9, contre l\u2019\u00c9tat-nation, contre l\u2019\u00c9tat centralisateur du pouvoir et proposent donc des coop\u00e9rativismes, des f\u00e9d\u00e9ralismes ou simplement comme dans le Vermont dans les ann\u00e9es 1960-1970 des syst\u00e8mes de d\u00e9centralisations \u00e9cologiques.<\/li><\/ul>\t\t\t\t\t\t\t\t<\/div>\n\t\t\t\t<\/div>\n\t\t\t\t\t<\/div>\n\t\t<\/div>\n\t\t\t\t<div class=\"elementor-column elementor-col-50 elementor-top-column elementor-element elementor-element-412d2883 elementor-hidden-mobile\" data-id=\"412d2883\" data-element_type=\"column\" data-e-type=\"column\">\n\t\t\t<div class=\"elementor-widget-wrap elementor-element-populated\">\n\t\t\t\t\t\t<div class=\"elementor-element elementor-element-f6b4c59 elementor-widget-divider--view-line_text elementor-widget-divider--element-align-center elementor-widget elementor-widget-divider\" data-id=\"f6b4c59\" data-element_type=\"widget\" data-e-type=\"widget\" data-widget_type=\"divider.default\">\n\t\t\t\t<div class=\"elementor-widget-container\">\n\t\t\t\t\t\t\t<div class=\"elementor-divider\">\n\t\t\t<span class=\"elementor-divider-separator\">\n\t\t\t\t\t\t\t<p class=\"elementor-divider__text elementor-divider__element\">\n\t\t\t\tPage 7\t\t\t\t<\/p>\n\t\t\t\t\t\t<\/span>\n\t\t<\/div>\n\t\t\t\t\t\t<\/div>\n\t\t\t\t<\/div>\n\t\t\t\t<div class=\"elementor-element elementor-element-35301fa0 elementor-widget elementor-widget-text-editor\" data-id=\"35301fa0\" data-element_type=\"widget\" data-e-type=\"widget\" data-widget_type=\"text-editor.default\">\n\t\t\t\t<div class=\"elementor-widget-container\">\n\t\t\t\t\t\t\t\t\t<p><a href=\"#_ftn37\">[37] The ecology of freedom qui a \u00e9t\u00e9 traduit dans ce recueil de textes par&#8230;<\/a><\/p>\t\t\t\t\t\t\t\t<\/div>\n\t\t\t\t<\/div>\n\t\t\t\t<div class=\"elementor-element elementor-element-7ff615d8 elementor-widget elementor-widget-text-editor\" data-id=\"7ff615d8\" data-element_type=\"widget\" data-e-type=\"widget\" data-widget_type=\"text-editor.default\">\n\t\t\t\t<div class=\"elementor-widget-container\">\n\t\t\t\t\t\t\t\t\t<p><a href=\"#_ftn38\">[38] In <em>Le municipalisme Libertaire. Une nouvelle politique communale ?&#8230;<\/em><\/a><\/p>\t\t\t\t\t\t\t\t<\/div>\n\t\t\t\t<\/div>\n\t\t\t\t<div class=\"elementor-element elementor-element-d3b5df3 elementor-widget elementor-widget-text-editor\" data-id=\"d3b5df3\" data-element_type=\"widget\" data-e-type=\"widget\" data-widget_type=\"text-editor.default\">\n\t\t\t\t<div class=\"elementor-widget-container\">\n\t\t\t\t\t\t\t\t\t<p><a href=\"#_ftn39\">[39] <em>Une soci\u00e9t\u00e9 \u00e0 refaire. Vers une \u00e9cologie de la libert\u00e9<\/em>, <em>op.cit.<\/em>, p. 47.<\/a><\/p>\t\t\t\t\t\t\t\t<\/div>\n\t\t\t\t<\/div>\n\t\t\t\t<div class=\"elementor-element elementor-element-6e5f35b3 elementor-widget elementor-widget-text-editor\" data-id=\"6e5f35b3\" data-element_type=\"widget\" data-e-type=\"widget\" data-widget_type=\"text-editor.default\">\n\t\t\t\t<div class=\"elementor-widget-container\">\n\t\t\t\t\t\t\t\t\t<p><a href=\"#_ftn40\">[40] In <em>l\u2019\u00e9cologie sociale. Penser la libert\u00e9 au-del\u00e0 de l\u2019humain<\/em>, <em>op. cit.<\/em>, pp. 17-43.<\/a><\/p>\t\t\t\t\t\t\t\t<\/div>\n\t\t\t\t<\/div>\n\t\t\t\t<div class=\"elementor-element elementor-element-29258b9d elementor-widget elementor-widget-text-editor\" data-id=\"29258b9d\" data-element_type=\"widget\" data-e-type=\"widget\" data-widget_type=\"text-editor.default\">\n\t\t\t\t<div class=\"elementor-widget-container\">\n\t\t\t\t\t\t\t\t\t<p><a href=\"#_ftn41\">[41] In <em>La r\u00e9volution \u00e0 venir. Assembl\u00e9e populaire et promesses de d\u00e9mocraties&#8230;<\/em><\/a><\/p>\t\t\t\t\t\t\t\t<\/div>\n\t\t\t\t<\/div>\n\t\t\t\t\t<\/div>\n\t\t<\/div>\n\t\t\t\t\t<\/div>\n\t\t<\/section>\n\t\t\t\t<section data-particle_enable=\"false\" data-particle-mobile-disabled=\"false\" class=\"elementor-section elementor-top-section elementor-element elementor-element-db2f287 elementor-section-boxed elementor-section-height-default elementor-section-height-default\" data-id=\"db2f287\" data-element_type=\"section\" data-e-type=\"section\">\n\t\t\t\t\t\t<div class=\"elementor-container elementor-column-gap-default\">\n\t\t\t\t\t<div class=\"elementor-column elementor-col-50 elementor-top-column elementor-element elementor-element-7a88a773\" data-id=\"7a88a773\" data-element_type=\"column\" data-e-type=\"column\">\n\t\t\t<div class=\"elementor-widget-wrap elementor-element-populated\">\n\t\t\t\t\t\t<div class=\"elementor-element elementor-element-5426fd45 elementor-widget elementor-widget-text-editor\" data-id=\"5426fd45\" data-element_type=\"widget\" data-e-type=\"widget\" data-widget_type=\"text-editor.default\">\n\t\t\t\t<div class=\"elementor-widget-container\">\n\t\t\t\t\t\t\t\t\t<p>Enfin, pour y parvenir Bookchin appelle de ses v\u0153ux un mouvement de r\u00e9volution capable de stimuler la cr\u00e9ation d\u2019assembl\u00e9es d\u00e9cisionnelles par quartier, village et ville organis\u00e9es d\u2019une mani\u00e8re f\u00e9d\u00e9rale et en tension avec les institutions de l\u2019\u00c9tat centralisateur.<\/p><p>En r\u00e9sum\u00e9, nous avons tent\u00e9 de montrer qu\u2019avec Murray Bookchin, l\u2019id\u00e9e d\u2019une d\u00e9mocratie d\u00e9lib\u00e9rative demeure le fondement \u00e9co-r\u00e9publicain le plus abouti de son projet de municipalisme. D\u2019ailleurs, outre les diff\u00e9rentes tentatives de communalisme en Am\u00e9rique du Nord, l\u2019h\u00e9ritage de Bookchin se retrouve dans le Chiapas imagin\u00e9 par le sous-commandant Marcos au Mexique et la r\u00e9gion autonome du Rojava (Kurdistan occidental) dans le nord de la Syrie se revendique \u00eatre le r\u00e9sultat de l\u2019application des propositions du philosophe. Enfin, force est de constater que l\u2019\u00e9cologie sociale inspire, outre les anarcho-\u00e9cologistes et le mouvement altermondialiste, plusieurs courants \u00e9cologistes institutionnels. En France, des acteurs cl\u00e9s de l\u2019\u00e9cologie institutionnelle instrumentalisent une partie des pens\u00e9es de Murray Bookchin.<\/p><p><strong>En guise de conclusion\u00a0:<\/strong><\/p><p>Nous avons pu noter dans un premier temps, que remise sur le devant de la sc\u00e8ne gr\u00e2ce, notamment, aux travaux d\u2019Elinor Ostrom, la dynamique des communs occupe de plus en plus l\u2019espace du politique. En effet, nous avons pu noter que l\u2019id\u00e9e de commun propose une capacit\u00e9 d\u2019action \u00e9cocitoyenne, orient\u00e9e vers la prise en charge collective de multiples biens ou de services \u00e0 travers le prisme de valeurs r\u00e9publicaines comme\u00a0: l\u2019\u00e9galit\u00e9, la libert\u00e9, la solidarit\u00e9 (solidarisme) et la convivialit\u00e9.<\/p><p>En ce sens, dans un second temps, apr\u00e8s avoir montr\u00e9 que c\u2019est en raison d\u2019un combat asym\u00e9trique avec les autres id\u00e9ologies que la politisation de l\u2019\u00e9cologie a toujours pein\u00e9 \u00e0 se frayer un chemin dans le champ politico-m\u00e9diatique de nos d\u00e9mocraties (n\u00e9o)lib\u00e9rales. Par contre nous avons pu souligner que depuis les ann\u00e9es 2000 tous les \u00e9cologistes ont comme ennemis principaux\u00a0: la croissance, la technique et la mondialisation. Dans un troisi\u00e8me temps, nous avons pu observer que le commun est incontestablement un \u00e9l\u00e9ment cl\u00e9 de l\u2019\u00e9cologie politique\u2009radicale car il mat\u00e9rialise une volont\u00e9 de r\u00e9appropriation de la chose publique et induit dans le champ politique de nouvelles formes d\u2019engagement \u00e9cocitoyennes. De sorte qu\u2019aujourd\u2019hui, syst\u00e8me alternatif entre l\u2019\u00c9tat et le march\u00e9 priv\u00e9, le commun (en tant qu\u2019organisation institutionnelle, \u00e9conomique et sociale) est devenu le point d\u2019achoppement entre tous les projets politiques \u00e9cologistes (institutionnels comme radicaux).<\/p><p>Enfin dans un dernier temps, \u00e0 l\u2019image d\u2019un Serge Audier<a href=\"#_ftn42\" name=\"_ftnref42\">[42]<\/a>, nous avons tent\u00e9 de pr\u00e9senter trois <em>sc\u00e9narii <\/em>du commun inh\u00e9rents \u00e0 l\u2019histoire alternative de l\u2019\u00e9mancipation \u00e9cocitoyenne dont les \u00ab\u00a0ennemis\u00a0\u00bb seraient du c\u00f4t\u00e9 du capitalisme et de l\u2019\u00e9conomie verte. Plus prosa\u00efquement en choisissant trois voix ou plut\u00f4t trois voies qui passeraient par la case anti-productiviste, nous avons voulu mettre en lumi\u00e8re les fondations de trois utopies r\u00e9elles au sens d\u2019Erik Olin Wright dont <em>La perspective du possible\u00a0<\/em>est la dynamique des communs. Certes ces trois exemples ne constituent pas une liste exhaustive des visions \u00e9co-r\u00e9publicaines du commun, mais ils mat\u00e9rialisent trois propositions majeures d\u2019un \u00e9co-r\u00e9publicanisme et de son institutionnalisation originale.\u00a0 Enfin, nous soulignons que plus que des racines anarcho-\u00e9cologiques, ce sont des racines libertaires qui animent ces courants, car toutes les trois sont appuy\u00e9es par des valeurs acratiques comme la solidarit\u00e9, l\u2019entre-aide, l\u2019\u00e9galit\u00e9, la justice sociale et bien \u00e9videmment la libert\u00e9 et le commun. Enfin, elles ont toutes les trois pour ambitions de tisser des liens de communalisation et de sociation au sens de Weber, entre \u00ab le soi \u00bb et le Soi, entre les \u00ab r\u00e9habitants \u00bb et la bio-r\u00e9gion, entre les citoyens et la commune, permettant, peut-\u00eatre, de sortir du syst\u00e8me capitalisme et donc du capitaloc\u00e8ne ou si l\u2019on pr\u00e9f\u00e8re, de l\u2019anthropoc\u00e8ne (les effets demeurent les m\u00eames) que nous vivons sous fond de crise \u00e9co-sociale.<\/p>\t\t\t\t\t\t\t\t<\/div>\n\t\t\t\t<\/div>\n\t\t\t\t<div class=\"elementor-element elementor-element-7ab53624 elementor-widget-divider--view-line elementor-widget elementor-widget-divider\" data-id=\"7ab53624\" data-element_type=\"widget\" data-e-type=\"widget\" data-widget_type=\"divider.default\">\n\t\t\t\t<div class=\"elementor-widget-container\">\n\t\t\t\t\t\t\t<div class=\"elementor-divider\">\n\t\t\t<span class=\"elementor-divider-separator\">\n\t\t\t\t\t\t<\/span>\n\t\t<\/div>\n\t\t\t\t\t\t<\/div>\n\t\t\t\t<\/div>\n\t\t\t\t\t<\/div>\n\t\t<\/div>\n\t\t\t\t<div class=\"elementor-column elementor-col-50 elementor-top-column elementor-element elementor-element-2a1a9845 elementor-hidden-mobile\" data-id=\"2a1a9845\" data-element_type=\"column\" data-e-type=\"column\">\n\t\t\t<div class=\"elementor-widget-wrap elementor-element-populated\">\n\t\t\t\t\t\t<div class=\"elementor-element elementor-element-3a0f921d elementor-widget-divider--view-line_text elementor-widget-divider--element-align-center elementor-widget elementor-widget-divider\" data-id=\"3a0f921d\" data-element_type=\"widget\" data-e-type=\"widget\" data-widget_type=\"divider.default\">\n\t\t\t\t<div class=\"elementor-widget-container\">\n\t\t\t\t\t\t\t<div class=\"elementor-divider\">\n\t\t\t<span class=\"elementor-divider-separator\">\n\t\t\t\t\t\t\t<p class=\"elementor-divider__text elementor-divider__element\">\n\t\t\t\tPage 8\t\t\t\t<\/p>\n\t\t\t\t\t\t<\/span>\n\t\t<\/div>\n\t\t\t\t\t\t<\/div>\n\t\t\t\t<\/div>\n\t\t\t\t<div class=\"elementor-element elementor-element-158b4c44 elementor-widget elementor-widget-text-editor\" data-id=\"158b4c44\" data-element_type=\"widget\" data-e-type=\"widget\" data-widget_type=\"text-editor.default\">\n\t\t\t\t<div class=\"elementor-widget-container\">\n\t\t\t\t\t\t\t\t\t<p><a href=\"#_ftn42\">[42] Voir <em>La soci\u00e9t\u00e9 \u00e9cologique et ses ennemis. Pour une histoire alternative<\/em>&#8230;<\/a><\/p>\t\t\t\t\t\t\t\t<\/div>\n\t\t\t\t<\/div>\n\t\t\t\t\t<\/div>\n\t\t<\/div>\n\t\t\t\t\t<\/div>\n\t\t<\/section>\n\t\t\t\t<section data-particle_enable=\"false\" data-particle-mobile-disabled=\"false\" class=\"elementor-section elementor-top-section elementor-element elementor-element-2a872657 elementor-section-boxed elementor-section-height-default elementor-section-height-default\" data-id=\"2a872657\" data-element_type=\"section\" data-e-type=\"section\">\n\t\t\t\t\t\t<div class=\"elementor-container elementor-column-gap-default\">\n\t\t\t\t\t<div class=\"elementor-column elementor-col-50 elementor-top-column elementor-element elementor-element-160789f\" data-id=\"160789f\" data-element_type=\"column\" data-e-type=\"column\">\n\t\t\t<div class=\"elementor-widget-wrap elementor-element-populated\">\n\t\t\t\t\t\t<div class=\"elementor-element elementor-element-5d838bd1 elementor-widget elementor-widget-text-editor\" data-id=\"5d838bd1\" data-element_type=\"widget\" data-e-type=\"widget\" data-widget_type=\"text-editor.default\">\n\t\t\t\t<div class=\"elementor-widget-container\">\n\t\t\t\t\t\t\t\t\t<p><a href=\"#_ftnref1\" name=\"_ftn1\">[1]<\/a> Pierre Madelin, <em>La tentation \u00e9cofasciste. Ecologie et extr\u00eame droite<\/em>, \u00e9ditions Ecosoci\u00e9t\u00e9, Qu\u00e9bec, Canada, 2023. Et Antoine Dubiau, <em>Ecofascismes<\/em>, Editions Grevis, Caen, 2022.<\/p><p><a href=\"#_ftnref2\" name=\"_ftn2\">[2]<\/a> <em>Utopies r\u00e9elles<\/em>, La d\u00e9couverte, Paris 2020.<\/p><p><a href=\"#_ftnref3\" name=\"_ftn3\">[3]<\/a> Au sens de Haud Gu\u00e9gen et Laurent Jeanpierre in <em>La perspective du possible. Comment penser ce qui peut nous arriver et ce que nous pouvons faire<\/em>, La d\u00e9couverte, l\u2019Horizon des possibles, Paris 2022.<\/p><p><a href=\"#_ftnref4\" name=\"_ftn4\">[4]<\/a> <em>La cit\u00e9 \u00e9cologique. Pour un \u00e9co-r\u00e9publicanisme. <\/em>Editions la D\u00e9couverte, Paris, 2020, p. 68.<\/p><p><a href=\"#_ftnref5\" name=\"_ftn5\">[5]<\/a> <em>La cit\u00e9 \u00e9cologique<\/em>, <em>op. cit.<\/em>, p. 556-557.<\/p><p><a href=\"#_ftnref6\" name=\"_ftn6\">[6]<\/a> <em>Commun. Essai sur la r\u00e9volution au XXIe si\u00e8cle<\/em>, La D\u00e9couverte, Paris, 2015 (r\u00e9\u00e9dition de 2022).<\/p><p><a href=\"#_ftnref7\" name=\"_ftn7\">[7]<\/a> <em>Ibidem<\/em>, p. 494-495.<\/p><p><a href=\"#_ftnref8\" name=\"_ftn8\">[8]<\/a> <em>Ibid.<\/em>, p. 459.<\/p><p><a href=\"#_ftnref9\" name=\"_ftn9\">[9]<\/a> <em>Ibid.<\/em>, p. 459.<\/p><p><a href=\"#_ftnref10\" name=\"_ftn10\">[10]<\/a> <em>La cit\u00e9 \u00e9cologique<\/em>,<em> op.cit.<\/em>, p. 557.<\/p><p><a href=\"#_ftnref11\" name=\"_ftn11\">[11]<\/a> Audier, <em>La cit\u00e9 \u00e9cologique<\/em>, <em>op.cit<\/em>., p. 557.<\/p><p><a href=\"#_ftnref12\" name=\"_ftn12\">[12]<\/a> <em>Commun, op. cit<\/em>., p. 456.<\/p><p><a href=\"#_ftnref13\" name=\"_ftn13\">[13]<\/a> <em>Ibid<\/em>., p. 460.<\/p><p><a href=\"#_ftnref14\" name=\"_ftn14\">[14]<\/a> <em>La cit\u00e9 \u00e9cologique<\/em>, <em>op. cit.<\/em>, p. 555.<\/p><p><a href=\"#_ftnref15\" name=\"_ftn15\">[15]<\/a>\u00a0 <em>Commun., op. cit<\/em>., quatri\u00e8me de couverture.<\/p><p><a href=\"#_ftnref16\" name=\"_ftn16\">[16]<\/a> <em>Les partis verts en Europe Occidentale, <\/em>Economica, Paris 1996.<\/p><p><a href=\"#_ftnref17\" name=\"_ftn17\">[17]<\/a> Dick Richardson, Chris Rootes (eds), <em>The Green chalenge. The development of Green Parties in Europe, <\/em>\u00e9ditions Routledge, Londres 1995<em>. <\/em><em>Pascal et Jean-Michel de Waele, <\/em>Les partis verts en Europe, Editions Complexe, 1999.<\/p><p><a href=\"#_ftnref18\" name=\"_ftn18\">[18]<\/a> Voir les travaux de Bruno Villalba.<\/p><p><a href=\"#_ftnref19\" name=\"_ftn19\">[19]<\/a> In <em>La r\u00e9volution d\u00e9mocratique verte<\/em>, \u00e9ditions Albin Michel, Paris 2023.<\/p><p><a href=\"#_ftnref20\" name=\"_ftn20\">[20]<\/a> <em>Marc Lomazzi, <\/em><em>Ultra-\u00e9cologicus. Les nouveaux crois\u00e9s de l\u2019\u00e9cologie, <\/em>Flammarion, Paris 2022.<\/p><p><a href=\"#_ftnref21\" name=\"_ftn21\">[21]<\/a> Nous employons ce terme au sens du professeur de philosophie sociale de l\u2019Universit\u00e9 de Toulouse, C. Bougl\u00e9, <em>Le solidarisme,<\/em> V. Giard &amp; E. Bri\u00e8re \u00e9diteurs, Paris, 1907.<\/p><p><a href=\"#_ftnref22\" name=\"_ftn22\">[22]<\/a> Ivan Illich dans le Nouvel Observateur, \u00e9t\u00e9 1973, cit\u00e9 in Jean-Michel Djian, <em>Ivan Illich. Lhomme qui a lib\u00e9r\u00e9 l\u2019avenir, <\/em>Seuil, Paris 2020 pp.104-105.<\/p><p><a href=\"#_ftnref23\" name=\"_ftn23\">[23]<\/a> Philippe Simmonet,<em> Le brun et le vert. Quand les nazis \u00e9taient \u00e9cologistes<\/em>, Les \u00e9ditions du Cerf, Paris, 2022.<\/p><p><a href=\"#_ftnref24\" name=\"_ftn24\">[24]<\/a> In <em>Le Commun, op. cit<\/em>., p. 15.<\/p><p><a href=\"#_ftnref25\" name=\"_ftn25\">[25]<\/a> Janet Biehl, <em>Le municipalisme libertaire. La politique de l\u2019\u00e9cologie sociale, <\/em>\u00e9ditions Ecosoci\u00e9t\u00e9, Qu\u00e9bec, Canada, 2013.<\/p><p><a href=\"#_ftnref26\" name=\"_ftn26\">[26]<\/a> <em>L\u2019\u00e9cologie profonde<\/em>, PUF, Paris, 2021.<\/p><p><a href=\"#_ftnref27\" name=\"_ftn27\">[27]<\/a> <em>Une \u00e9cosophie pour la vie. Introduction \u00e0 l\u2019\u00e9cologie profonde<\/em>, Points seuil, Paris, 2017.<\/p><p><a href=\"#_ftnref28\" name=\"_ftn28\">[28]<\/a> <em>Ibid<\/em>., pp. 26-41.<\/p><p><a href=\"#_ftnref29\" name=\"_ftn29\">[29]<\/a><em> Ibid.<\/em>, pp. 34-35.<\/p><p><a href=\"#_ftnref30\" name=\"_ftn30\">[30]<\/a> Voir Mathilde Ramadier, <em>L\u2019\u00e9cologie profonde<\/em>, PUF, collection QSJ, 2023, pp. 52-61.<\/p><p><a href=\"#_ftnref31\" name=\"_ftn31\">[31]<\/a> In <em>Qu\u2019est-ce qu\u2019une bior\u00e9gion\u00a0?, <\/em>Editions Widprojet\/in\u00e9dit, 2021.<\/p><p><a href=\"#_ftnref32\" name=\"_ftn32\">[32]<\/a> Allen Van Newkirk in \u00ab\u00a0Biorgions\u00a0: Towards Bioregional Strategy for Human Cultures<em>\u00a0\u00bb, <\/em>Environnental Conservation, 1975, Vol.2, 2, pp. 108-119.<\/p><p><a href=\"#_ftnref33\" name=\"_ftn33\">[33]<\/a> <em>Ibid.<\/em><\/p><p><a href=\"#_ftnref34\" name=\"_ftn34\">[34]<\/a> Pour la derni\u00e8re traduction, voir la revue EcoRev\u2019, n\u00b047, 2019, pp. 73-84.<\/p><p><a href=\"#_ftnref35\" name=\"_ftn35\">[35]<\/a> Il existe une multitude d\u2019essais, d\u2019analyses, de propositions autour du concept de bio-r\u00e9gion.<\/p><p><a href=\"#_ftnref36\" name=\"_ftn36\">[36]<\/a> <em>L\u2019art d\u2019habiter la Terre. La vision bior\u00e9gionale<\/em>, Widprojet, 2020.<\/p><p><a href=\"#_ftnref37\" name=\"_ftn37\">[37]<\/a> The ecology of freedom qui a \u00e9t\u00e9 traduit dans ce recueil de textes par <em>l\u2019\u00e9cologie sociale. Penser la libert\u00e9 au-del\u00e0 de l\u2019humain, <\/em>\u00e9ditions Widprojet, Paris 2020 et <em>Une soci\u00e9t\u00e9 \u00e0 refaire. Vers une \u00e9cologie de la libert\u00e9. <\/em>\u00c9ditions \u00c9cosoci\u00e9t\u00e9, Qu\u00e9bec, Canada, 2010.<\/p><p><a href=\"#_ftnref38\" name=\"_ftn38\">[38]<\/a> In <em>Le municipalisme Libertaire. Une nouvelle politique communale ?<\/em>. Extraits de<em> From Urbanization to Cities <\/em>(Londres, Cassell, 1995). Traduit par Jean Vogel pour la revue Articulations 1995. Page\u00a014.<\/p><p><a href=\"#_ftnref39\" name=\"_ftn39\">[39]<\/a> <em>Une soci\u00e9t\u00e9 \u00e0 refaire. Vers une \u00e9cologie de la libert\u00e9<\/em>, <em>op.cit.<\/em>, p. 47.<\/p><p><a href=\"#_ftnref40\" name=\"_ftn40\">[40]<\/a> In <em>l\u2019\u00e9cologie sociale. Penser la libert\u00e9 au-del\u00e0 de l\u2019humain<\/em>, <em>op. cit.<\/em>, pp. 17-43.<\/p><p><a href=\"#_ftnref41\" name=\"_ftn41\">[41]<\/a> In <em>La r\u00e9volution \u00e0 venir. Assembl\u00e9e populaire et promesses de d\u00e9mocraties directe<\/em>, \u00e9ditions Agone, Paris 2022.<\/p><p><a href=\"#_ftnref42\" name=\"_ftn42\">[42]<\/a> Voir <em>La soci\u00e9t\u00e9 \u00e9cologique et ses ennemis. Pour une histoire alternative de l\u2019\u00e9mancipation<\/em>, \u00c9ditions La D\u00e9couverte, Paris, 2017.<\/p>\t\t\t\t\t\t\t\t<\/div>\n\t\t\t\t<\/div>\n\t\t\t\t\t<\/div>\n\t\t<\/div>\n\t\t\t\t<div class=\"elementor-column elementor-col-50 elementor-top-column elementor-element elementor-element-3c86fa4f\" data-id=\"3c86fa4f\" data-element_type=\"column\" data-e-type=\"column\">\n\t\t\t<div class=\"elementor-widget-wrap\">\n\t\t\t\t\t\t\t<\/div>\n\t\t<\/div>\n\t\t\t\t\t<\/div>\n\t\t<\/section>\n\t\t\t\t<section data-particle_enable=\"false\" data-particle-mobile-disabled=\"false\" class=\"elementor-section elementor-top-section elementor-element elementor-element-7905badf elementor-section-boxed elementor-section-height-default elementor-section-height-default\" data-id=\"7905badf\" data-element_type=\"section\" data-e-type=\"section\">\n\t\t\t\t\t\t<div class=\"elementor-container elementor-column-gap-default\">\n\t\t\t\t\t<div class=\"elementor-column elementor-col-100 elementor-top-column elementor-element elementor-element-3612363e\" data-id=\"3612363e\" data-element_type=\"column\" data-e-type=\"column\">\n\t\t\t<div class=\"elementor-widget-wrap elementor-element-populated\">\n\t\t\t\t\t\t<div class=\"elementor-element elementor-element-58d89c42 elementor-share-buttons--skin-boxed elementor-share-buttons--view-icon-text elementor-share-buttons--shape-square elementor-grid-0 elementor-share-buttons--color-official elementor-widget elementor-widget-share-buttons\" data-id=\"58d89c42\" data-element_type=\"widget\" data-e-type=\"widget\" data-widget_type=\"share-buttons.default\">\n\t\t\t\t<div class=\"elementor-widget-container\">\n\t\t\t\t\t\t\t<div class=\"elementor-grid\" role=\"list\">\n\t\t\t\t\t\t\t\t<div class=\"elementor-grid-item\" role=\"listitem\">\n\t\t\t\t\t\t<div class=\"elementor-share-btn elementor-share-btn_facebook\" role=\"button\" tabindex=\"0\" aria-label=\"Partager sur facebook\">\n\t\t\t\t\t\t\t\t\t\t\t\t\t\t\t<span class=\"elementor-share-btn__icon\">\n\t\t\t\t\t\t\t\t<i class=\"fab fa-facebook\" aria-hidden=\"true\"><\/i>\t\t\t\t\t\t\t<\/span>\n\t\t\t\t\t\t\t\t\t\t\t\t\t\t\t\t\t\t\t\t\t\t<div class=\"elementor-share-btn__text\">\n\t\t\t\t\t\t\t\t\t\t\t\t\t\t\t\t\t\t\t<span class=\"elementor-share-btn__title\">\n\t\t\t\t\t\t\t\t\t\tFacebook\t\t\t\t\t\t\t\t\t<\/span>\n\t\t\t\t\t\t\t\t\t\t\t\t\t\t\t\t\t<\/div>\n\t\t\t\t\t\t\t\t\t\t\t\t\t<\/div>\n\t\t\t\t\t<\/div>\n\t\t\t\t\t\t\t\t\t<div class=\"elementor-grid-item\" role=\"listitem\">\n\t\t\t\t\t\t<div class=\"elementor-share-btn elementor-share-btn_twitter\" role=\"button\" tabindex=\"0\" aria-label=\"Partager sur twitter\">\n\t\t\t\t\t\t\t\t\t\t\t\t\t\t\t<span class=\"elementor-share-btn__icon\">\n\t\t\t\t\t\t\t\t<i class=\"fab fa-twitter\" aria-hidden=\"true\"><\/i>\t\t\t\t\t\t\t<\/span>\n\t\t\t\t\t\t\t\t\t\t\t\t\t\t\t\t\t\t\t\t\t\t<div class=\"elementor-share-btn__text\">\n\t\t\t\t\t\t\t\t\t\t\t\t\t\t\t\t\t\t\t<span class=\"elementor-share-btn__title\">\n\t\t\t\t\t\t\t\t\t\tTwitter\t\t\t\t\t\t\t\t\t<\/span>\n\t\t\t\t\t\t\t\t\t\t\t\t\t\t\t\t\t<\/div>\n\t\t\t\t\t\t\t\t\t\t\t\t\t<\/div>\n\t\t\t\t\t<\/div>\n\t\t\t\t\t\t\t\t\t<div class=\"elementor-grid-item\" role=\"listitem\">\n\t\t\t\t\t\t<div class=\"elementor-share-btn elementor-share-btn_linkedin\" role=\"button\" tabindex=\"0\" aria-label=\"Partager sur linkedin\">\n\t\t\t\t\t\t\t\t\t\t\t\t\t\t\t<span class=\"elementor-share-btn__icon\">\n\t\t\t\t\t\t\t\t<i class=\"fab fa-linkedin\" aria-hidden=\"true\"><\/i>\t\t\t\t\t\t\t<\/span>\n\t\t\t\t\t\t\t\t\t\t\t\t\t\t\t\t\t\t\t\t\t\t<div class=\"elementor-share-btn__text\">\n\t\t\t\t\t\t\t\t\t\t\t\t\t\t\t\t\t\t\t<span class=\"elementor-share-btn__title\">\n\t\t\t\t\t\t\t\t\t\tLinkedIn\t\t\t\t\t\t\t\t\t<\/span>\n\t\t\t\t\t\t\t\t\t\t\t\t\t\t\t\t\t<\/div>\n\t\t\t\t\t\t\t\t\t\t\t\t\t<\/div>\n\t\t\t\t\t<\/div>\n\t\t\t\t\t\t<\/div>\n\t\t\t\t\t\t<\/div>\n\t\t\t\t<\/div>\n\t\t\t\t<div class=\"elementor-element elementor-element-47be1c64 elementor-widget-divider--separator-type-pattern elementor-widget-divider--no-spacing elementor-widget-divider--view-line elementor-widget elementor-widget-divider\" data-id=\"47be1c64\" data-element_type=\"widget\" data-e-type=\"widget\" data-widget_type=\"divider.default\">\n\t\t\t\t<div class=\"elementor-widget-container\">\n\t\t\t\t\t\t\t<div class=\"elementor-divider\" style=\"--divider-pattern-url: url(&quot;data:image\/svg+xml,%3Csvg xmlns=&#039;http:\/\/www.w3.org\/2000\/svg&#039; preserveAspectRatio=&#039;none&#039; overflow=&#039;visible&#039; height=&#039;100%&#039; viewBox=&#039;0 0 24 24&#039; fill=&#039;black&#039; stroke=&#039;none&#039;%3E%3Cpath d=&#039;M24,8v12H0V8H24z M24,4v1H0V4H24z&#039;\/%3E%3C\/svg%3E&quot;);\">\n\t\t\t<span class=\"elementor-divider-separator\">\n\t\t\t\t\t\t<\/span>\n\t\t<\/div>\n\t\t\t\t\t\t<\/div>\n\t\t\t\t<\/div>\n\t\t\t\t<div class=\"elementor-element elementor-element-613bf0b4 elementor-widget elementor-widget-heading\" data-id=\"613bf0b4\" data-element_type=\"widget\" data-e-type=\"widget\" data-widget_type=\"heading.default\">\n\t\t\t\t<div class=\"elementor-widget-container\">\n\t\t\t\t\t<h4 class=\"elementor-heading-title elementor-size-default\">D'autres articles<\/h4>\t\t\t\t<\/div>\n\t\t\t\t<\/div>\n\t\t\t\t<div class=\"elementor-element elementor-element-7ab40fe2 elementor-grid-1 elementor-posts--thumbnail-left elementor-grid-tablet-1 elementor-grid-mobile-1 elementor-widget elementor-widget-posts\" data-id=\"7ab40fe2\" data-element_type=\"widget\" data-e-type=\"widget\" data-settings=\"{&quot;classic_columns&quot;:&quot;1&quot;,&quot;classic_row_gap&quot;:{&quot;unit&quot;:&quot;px&quot;,&quot;size&quot;:20,&quot;sizes&quot;:[]},&quot;classic_columns_tablet&quot;:&quot;1&quot;,&quot;classic_columns_mobile&quot;:&quot;1&quot;,&quot;classic_row_gap_tablet&quot;:{&quot;unit&quot;:&quot;px&quot;,&quot;size&quot;:&quot;&quot;,&quot;sizes&quot;:[]},&quot;classic_row_gap_mobile&quot;:{&quot;unit&quot;:&quot;px&quot;,&quot;size&quot;:&quot;&quot;,&quot;sizes&quot;:[]}}\" data-widget_type=\"posts.classic\">\n\t\t\t\t<div class=\"elementor-widget-container\">\n\t\t\t\t\t\t\t<div class=\"elementor-posts-container elementor-posts elementor-posts--skin-classic elementor-grid\" role=\"list\">\n\t\t\t\t<article class=\"elementor-post elementor-grid-item post-2027 post type-post status-publish format-standard has-post-thumbnail hentry category-numero3\" role=\"listitem\">\n\t\t\t\t<a class=\"elementor-post__thumbnail__link\" href=\"https:\/\/m3c.universita.corsica\/lumi\/la-loi-toubon-et-la-loi-101-de-la-philosophie-au-droit-la-france-et-le-quebec-entre-republicanisme-et-liberalisme\/\" tabindex=\"-1\" >\n\t\t\t<div class=\"elementor-post__thumbnail\"><img fetchpriority=\"high\" decoding=\"async\" width=\"300\" height=\"169\" src=\"https:\/\/lumi.univ-corse.fr\/wp-content\/uploads\/2023\/12\/quebec-france-lumi-numero-3-300x169.jpg\" class=\"attachment-medium size-medium wp-image-2130\" alt=\"\" srcset=\"https:\/\/lumi.univ-corse.fr\/wp-content\/uploads\/2023\/12\/quebec-france-lumi-numero-3-300x169.jpg 300w, https:\/\/lumi.univ-corse.fr\/wp-content\/uploads\/2023\/12\/quebec-france-lumi-numero-3-1024x576.jpg 1024w, https:\/\/lumi.univ-corse.fr\/wp-content\/uploads\/2023\/12\/quebec-france-lumi-numero-3-768x432.jpg 768w, https:\/\/lumi.univ-corse.fr\/wp-content\/uploads\/2023\/12\/quebec-france-lumi-numero-3-1536x864.jpg 1536w, https:\/\/lumi.univ-corse.fr\/wp-content\/uploads\/2023\/12\/quebec-france-lumi-numero-3-2048x1152.jpg 2048w\" sizes=\"(max-width: 300px) 100vw, 300px\" \/><\/div>\n\t\t<\/a>\n\t\t\t\t<div class=\"elementor-post__text\">\n\t\t\t\t<h3 class=\"elementor-post__title\">\n\t\t\t<a href=\"https:\/\/m3c.universita.corsica\/lumi\/la-loi-toubon-et-la-loi-101-de-la-philosophie-au-droit-la-france-et-le-quebec-entre-republicanisme-et-liberalisme\/\" >\n\t\t\t\tLa Loi Toubon et la Loi 101 de la philosophie au droit : la France et le Qu\u00e9bec entre r\u00e9publicanisme et lib\u00e9ralisme\t\t\t<\/a>\n\t\t<\/h3>\n\t\t\t\t<div class=\"elementor-post__meta-data\">\n\t\t\t\t\t<span class=\"elementor-post-date\">\n\t\t\t9 d\u00e9cembre 2023\t\t<\/span>\n\t\t\t\t<\/div>\n\t\t\t\t<div class=\"elementor-post__excerpt\">\n\t\t\t<p>Comme les travaux men\u00e9s par Joseph-G. Turi \u00e0 la fin des ann\u00e9es 1980 l\u2019ont d\u00e9montr\u00e9, les l\u00e9gislations linguistiques qu\u00e9b\u00e9coise et fran\u00e7aise visaient toutes deux la cons\u00e9cration d\u2019une seule langue officielle, mais avaient fait l\u2019objet d\u2019interpr\u00e9tations plut\u00f4t favorables \u00e0 une langue autre[2]. Depuis&#8230;<\/p>\n\t\t<\/div>\n\t\t\t\t<\/div>\n\t\t\t\t<\/article>\n\t\t\t\t<article class=\"elementor-post elementor-grid-item post-2019 post type-post status-publish format-standard has-post-thumbnail hentry category-numero3\" role=\"listitem\">\n\t\t\t\t<a class=\"elementor-post__thumbnail__link\" href=\"https:\/\/m3c.universita.corsica\/lumi\/pasquale-paoli-et-sa-documentation-sur-les-regimes-mixtes-de-lantiquite\/\" tabindex=\"-1\" >\n\t\t\t<div class=\"elementor-post__thumbnail\"><img decoding=\"async\" width=\"300\" height=\"169\" src=\"https:\/\/lumi.univ-corse.fr\/wp-content\/uploads\/2023\/12\/republicanisme-corse-lumi-numero-3-300x169.jpg\" class=\"attachment-medium size-medium wp-image-2081\" alt=\"\" srcset=\"https:\/\/lumi.univ-corse.fr\/wp-content\/uploads\/2023\/12\/republicanisme-corse-lumi-numero-3-300x169.jpg 300w, https:\/\/lumi.univ-corse.fr\/wp-content\/uploads\/2023\/12\/republicanisme-corse-lumi-numero-3-1024x576.jpg 1024w, https:\/\/lumi.univ-corse.fr\/wp-content\/uploads\/2023\/12\/republicanisme-corse-lumi-numero-3-768x432.jpg 768w, https:\/\/lumi.univ-corse.fr\/wp-content\/uploads\/2023\/12\/republicanisme-corse-lumi-numero-3-1536x864.jpg 1536w, https:\/\/lumi.univ-corse.fr\/wp-content\/uploads\/2023\/12\/republicanisme-corse-lumi-numero-3-2048x1152.jpg 2048w\" sizes=\"(max-width: 300px) 100vw, 300px\" \/><\/div>\n\t\t<\/a>\n\t\t\t\t<div class=\"elementor-post__text\">\n\t\t\t\t<h3 class=\"elementor-post__title\">\n\t\t\t<a href=\"https:\/\/m3c.universita.corsica\/lumi\/pasquale-paoli-et-sa-documentation-sur-les-regimes-mixtes-de-lantiquite\/\" >\n\t\t\t\tPasquale Paoli et sa documentation sur les r\u00e9gimes mixtes de l\u2019Antiquit\u00e9\t\t\t<\/a>\n\t\t<\/h3>\n\t\t\t\t<div class=\"elementor-post__meta-data\">\n\t\t\t\t\t<span class=\"elementor-post-date\">\n\t\t\t9 d\u00e9cembre 2023\t\t<\/span>\n\t\t\t\t<\/div>\n\t\t\t\t<div class=\"elementor-post__excerpt\">\n\t\t\t<p>Qu\u2019est-ce que les r\u00e9volutionnaires corses du XVIIIe si\u00e8cle ont cherch\u00e9 dans la documentation antique \u00e0 propos des r\u00e9gimes mixtes et, surtout, qu\u2019y ont-ils trouv\u00e9\u00a0? C\u2019est une question que l\u2019on abordera en la circonscrivant \u00e0 des limites raisonnables, c\u2019est-\u00e0-dire \u00e0 un personnage, Pasquale Paoli, et \u00e0 sa&#8230;<\/p>\n\t\t<\/div>\n\t\t\t\t<\/div>\n\t\t\t\t<\/article>\n\t\t\t\t<article class=\"elementor-post elementor-grid-item post-2006 post type-post status-publish format-standard has-post-thumbnail hentry category-editorial3\" role=\"listitem\">\n\t\t\t\t<a class=\"elementor-post__thumbnail__link\" href=\"https:\/\/m3c.universita.corsica\/lumi\/__trashed-2\/\" tabindex=\"-1\" >\n\t\t\t<div class=\"elementor-post__thumbnail\"><img decoding=\"async\" width=\"300\" height=\"168\" src=\"https:\/\/lumi.univ-corse.fr\/wp-content\/uploads\/2023\/12\/echanges-vincent-peillon-lumi-numero-3-300x168.jpg\" class=\"attachment-medium size-medium wp-image-2147\" alt=\"\" srcset=\"https:\/\/lumi.univ-corse.fr\/wp-content\/uploads\/2023\/12\/echanges-vincent-peillon-lumi-numero-3-300x168.jpg 300w, https:\/\/lumi.univ-corse.fr\/wp-content\/uploads\/2023\/12\/echanges-vincent-peillon-lumi-numero-3-1024x575.jpg 1024w, https:\/\/lumi.univ-corse.fr\/wp-content\/uploads\/2023\/12\/echanges-vincent-peillon-lumi-numero-3-768x431.jpg 768w, https:\/\/lumi.univ-corse.fr\/wp-content\/uploads\/2023\/12\/echanges-vincent-peillon-lumi-numero-3.jpg 1058w\" sizes=\"(max-width: 300px) 100vw, 300px\" \/><\/div>\n\t\t<\/a>\n\t\t\t\t<div class=\"elementor-post__text\">\n\t\t\t\t<h3 class=\"elementor-post__title\">\n\t\t\t<a href=\"https:\/\/m3c.universita.corsica\/lumi\/__trashed-2\/\" >\n\t\t\t\t\u00c9changes avec Vincent Peillon\t\t\t<\/a>\n\t\t<\/h3>\n\t\t\t\t<div class=\"elementor-post__meta-data\">\n\t\t\t\t\t<span class=\"elementor-post-date\">\n\t\t\t8 d\u00e9cembre 2023\t\t<\/span>\n\t\t\t\t<\/div>\n\t\t\t\t<div class=\"elementor-post__excerpt\">\n\t\t\t<p>Jean-Guy TALAMONI<br \/>\nMerci, Vincent Peillon, pour cette conf\u00e9rence qui ouvre des pistes et pr\u00e9sente des id\u00e9es nouvelles, \u00e0 plusieurs titres. Il serait int\u00e9ressant qu\u2019il y ait un \u00e9change avec les coll\u00e8gues qui sont pr\u00e9sents \u00e0 ce colloque. D\u2019autant que&#8230;<\/p>\n\t\t<\/div>\n\t\t\t\t<\/div>\n\t\t\t\t<\/article>\n\t\t\t\t<\/div>\n\t\t\n\t\t\t\t\t\t<\/div>\n\t\t\t\t<\/div>\n\t\t\t\t\t<\/div>\n\t\t<\/div>\n\t\t\t\t\t<\/div>\n\t\t<\/section>\n\t\t\t\t<\/div>\n\t\t","protected":false},"excerpt":{"rendered":"<p>La t\u00e2che la plus ardue de cette communication est, peut-\u00eatre, de faire passer l\u2019id\u00e9e qu\u2019au-del\u00e0 de certains antagonismes, tenter de rapprocher le r\u00e9publicanisme au sens premier du terme, c\u2019est-\u00e0-dire, en tant que principe de base de \u00ab toute activit\u00e9 publique \u00bb d\u2019une soci\u00e9t\u00e9 humaine organis\u00e9e et institutionnalis\u00e9e&#8230;<\/p>\n","protected":false},"author":46,"featured_media":2053,"comment_status":"closed","ping_status":"closed","sticky":false,"template":"","format":"standard","meta":{"_acf_changed":false,"footnotes":""},"categories":[20],"tags":[],"class_list":["post-2000","post","type-post","status-publish","format-standard","has-post-thumbnail","hentry","category-numero3"],"acf":[],"_links":{"self":[{"href":"https:\/\/m3c.universita.corsica\/lumi\/wp-json\/wp\/v2\/posts\/2000","targetHints":{"allow":["GET"]}}],"collection":[{"href":"https:\/\/m3c.universita.corsica\/lumi\/wp-json\/wp\/v2\/posts"}],"about":[{"href":"https:\/\/m3c.universita.corsica\/lumi\/wp-json\/wp\/v2\/types\/post"}],"author":[{"embeddable":true,"href":"https:\/\/m3c.universita.corsica\/lumi\/wp-json\/wp\/v2\/users\/46"}],"replies":[{"embeddable":true,"href":"https:\/\/m3c.universita.corsica\/lumi\/wp-json\/wp\/v2\/comments?post=2000"}],"version-history":[{"count":25,"href":"https:\/\/m3c.universita.corsica\/lumi\/wp-json\/wp\/v2\/posts\/2000\/revisions"}],"predecessor-version":[{"id":2380,"href":"https:\/\/m3c.universita.corsica\/lumi\/wp-json\/wp\/v2\/posts\/2000\/revisions\/2380"}],"wp:featuredmedia":[{"embeddable":true,"href":"https:\/\/m3c.universita.corsica\/lumi\/wp-json\/wp\/v2\/media\/2053"}],"wp:attachment":[{"href":"https:\/\/m3c.universita.corsica\/lumi\/wp-json\/wp\/v2\/media?parent=2000"}],"wp:term":[{"taxonomy":"category","embeddable":true,"href":"https:\/\/m3c.universita.corsica\/lumi\/wp-json\/wp\/v2\/categories?post=2000"},{"taxonomy":"post_tag","embeddable":true,"href":"https:\/\/m3c.universita.corsica\/lumi\/wp-json\/wp\/v2\/tags?post=2000"}],"curies":[{"name":"wp","href":"https:\/\/api.w.org\/{rel}","templated":true}]}}