{"id":2145,"date":"2023-12-08T17:24:40","date_gmt":"2023-12-08T17:24:40","guid":{"rendered":"https:\/\/m3c.universita.corsica\/lumi\/?p=2145"},"modified":"2023-12-11T20:28:53","modified_gmt":"2023-12-11T20:28:53","slug":"conference-inaugurale-de-vincent-peillon","status":"publish","type":"post","link":"https:\/\/m3c.universita.corsica\/lumi\/conference-inaugurale-de-vincent-peillon\/","title":{"rendered":"Conf\u00e9rence inaugurale de Vincent Peillon"},"content":{"rendered":"\t\t<div data-elementor-type=\"wp-post\" data-elementor-id=\"2145\" class=\"elementor elementor-2145\" data-elementor-post-type=\"post\">\n\t\t\t\t\t\t<section data-particle_enable=\"false\" data-particle-mobile-disabled=\"false\" class=\"elementor-section elementor-top-section elementor-element elementor-element-5e8823c5 elementor-section-full_width elementor-section-height-min-height elementor-section-height-default elementor-section-items-middle\" data-id=\"5e8823c5\" data-element_type=\"section\" data-e-type=\"section\" data-settings=\"{&quot;background_background&quot;:&quot;classic&quot;}\">\n\t\t\t\t\t\t<div class=\"elementor-container elementor-column-gap-default\">\n\t\t\t\t\t<div class=\"elementor-column elementor-col-100 elementor-top-column elementor-element elementor-element-76f81a2a\" data-id=\"76f81a2a\" data-element_type=\"column\" data-e-type=\"column\">\n\t\t\t<div class=\"elementor-widget-wrap\">\n\t\t\t\t\t\t\t<\/div>\n\t\t<\/div>\n\t\t\t\t\t<\/div>\n\t\t<\/section>\n\t\t\t\t<section data-particle_enable=\"false\" data-particle-mobile-disabled=\"false\" class=\"elementor-section elementor-top-section elementor-element elementor-element-3a18bbe8 elementor-section-boxed elementor-section-height-default elementor-section-height-default\" data-id=\"3a18bbe8\" data-element_type=\"section\" data-e-type=\"section\">\n\t\t\t\t\t\t<div class=\"elementor-container elementor-column-gap-default\">\n\t\t\t\t\t<div class=\"elementor-column elementor-col-100 elementor-top-column elementor-element elementor-element-4b643c40\" data-id=\"4b643c40\" data-element_type=\"column\" data-e-type=\"column\">\n\t\t\t<div class=\"elementor-widget-wrap elementor-element-populated\">\n\t\t\t\t\t\t<div class=\"elementor-element elementor-element-408a78ac elementor-widget elementor-widget-heading\" data-id=\"408a78ac\" data-element_type=\"widget\" data-e-type=\"widget\" data-widget_type=\"heading.default\">\n\t\t\t\t<div class=\"elementor-widget-container\">\n\t\t\t\t\t<h1 class=\"elementor-heading-title elementor-size-default\">Conf\u00e9rence inaugurale de Vincent Peillon<\/h1>\t\t\t\t<\/div>\n\t\t\t\t<\/div>\n\t\t\t\t<div class=\"elementor-element elementor-element-34bfa006 elementor-author-box--name-yes elementor-author-box--biography-yes elementor-author-box--link-no elementor-widget elementor-widget-author-box\" data-id=\"34bfa006\" data-element_type=\"widget\" data-e-type=\"widget\" data-widget_type=\"author-box.default\">\n\t\t\t\t<div class=\"elementor-widget-container\">\n\t\t\t\t\t\t\t<div class=\"elementor-author-box\">\n\t\t\t\n\t\t\t<div class=\"elementor-author-box__text\">\n\t\t\t\t\t\t\t\t\t<div >\n\t\t\t\t\t\t<h4 class=\"elementor-author-box__name\">\n\t\t\t\t\t\t\tVincent Peillon\t\t\t\t\t\t<\/h4>\n\t\t\t\t\t<\/div>\n\t\t\t\t\n\t\t\t\t\t\t\t\t\t<div class=\"elementor-author-box__bio\">\n\t\t\t\t\t\tPhilosophe, ancien ministre de l'\u00c9ducation nationale\t\t\t\t\t<\/div>\n\t\t\t\t\n\t\t\t\t\t\t\t<\/div>\n\t\t<\/div>\n\t\t\t\t\t\t<\/div>\n\t\t\t\t<\/div>\n\t\t\t\t<div class=\"elementor-element elementor-element-1d58fef2 elementor-align-left elementor-widget elementor-widget-button\" data-id=\"1d58fef2\" data-element_type=\"widget\" data-e-type=\"widget\" data-widget_type=\"button.default\">\n\t\t\t\t<div class=\"elementor-widget-container\">\n\t\t\t\t\t\t\t\t\t<div class=\"elementor-button-wrapper\">\n\t\t\t\t\t<a class=\"elementor-button elementor-button-link elementor-size-sm\" href=\"\/lumi\/wp-content\/uploads\/2023\/12\/DEFIN.-RELU-JGT-CONF.-V.-PEILLON-SANS-LE-DEBAT-DEF-1.pdf\" target=\"_blank\">\n\t\t\t\t\t\t<span class=\"elementor-button-content-wrapper\">\n\t\t\t\t\t\t<span class=\"elementor-button-icon\">\n\t\t\t\t<i aria-hidden=\"true\" class=\"fas fa-file-download\"><\/i>\t\t\t<\/span>\n\t\t\t\t\t\t\t\t\t<span class=\"elementor-button-text\">Visionner \/ T\u00e9l\u00e9charger la version PDF<\/span>\n\t\t\t\t\t<\/span>\n\t\t\t\t\t<\/a>\n\t\t\t\t<\/div>\n\t\t\t\t\t\t\t\t<\/div>\n\t\t\t\t<\/div>\n\t\t\t\t\t<\/div>\n\t\t<\/div>\n\t\t\t\t\t<\/div>\n\t\t<\/section>\n\t\t\t\t<section data-particle_enable=\"false\" data-particle-mobile-disabled=\"false\" class=\"elementor-section elementor-top-section elementor-element elementor-element-70fe5d20 elementor-section-boxed elementor-section-height-default elementor-section-height-default\" data-id=\"70fe5d20\" data-element_type=\"section\" data-e-type=\"section\">\n\t\t\t\t\t\t<div class=\"elementor-container elementor-column-gap-default\">\n\t\t\t\t\t<div class=\"elementor-column elementor-col-50 elementor-top-column elementor-element elementor-element-6094c63e\" data-id=\"6094c63e\" data-element_type=\"column\" data-e-type=\"column\">\n\t\t\t<div class=\"elementor-widget-wrap elementor-element-populated\">\n\t\t\t\t\t\t<div class=\"elementor-element elementor-element-150486f9 elementor-widget elementor-widget-text-editor\" data-id=\"150486f9\" data-element_type=\"widget\" data-e-type=\"widget\" data-widget_type=\"text-editor.default\">\n\t\t\t\t<div class=\"elementor-widget-container\">\n\t\t\t\t\t\t\t\t\t<h3><strong>Colloque R\u00e9publique et R\u00e9publicanisme <\/strong><strong>Octobre\u00a02023<\/strong><\/h3><p>Nous abordons un sujet, et c\u2019est un peu de \u00e7a dont je voudrais vous parler de fa\u00e7on introductive, qui est un sujet du point de vue de la recherche scientifique intellectuelle, tr\u00e8s difficile.<\/p><p><strong>Pourquoi\u00a0?<\/strong><\/p><p>Tout d\u2019abord, parce qu\u2019il y a une histoire mais aussi parce qu\u2019il est tr\u00e8s complexe de faire la part entre nos engagements personnels, les enracinements des r\u00e9flexions dans des contextes historico-politiques et la r\u00e9flexion elle-m\u00eame. Y compris \u00e9videmment chez les historiens les plus s\u00e9rieux, et chez les philosophes de la R\u00e9publique.<\/p><p>Nous voyons bien pour ce qui concerne notre temps, qu\u2019il y a un retour du R\u00e9publicanisme, ou des R\u00e9publicanismes d\u2019ailleurs, parce que finalement, le singulier est trompeur dans cette affaire, comme souvent, mais qu\u2019il proc\u00e8de d\u2019une appropriation politique permanente, au point que les jeunes ne s\u2019en \u00e9tonnent peut-\u00eatre pas, mais ne l\u2019\u00e9tant plus, moi je m\u2019\u00e9tonne qu\u2019un certain nombre de partis, ces derni\u00e8res ann\u00e9es, aient tenu \u00e0 tout prix, m\u00eame quand ils n\u2019avaient pas \u00e9t\u00e9 n\u00e9cessairement des combattants un temps de la R\u00e9publique, lorsqu\u2019elle \u00e9tait vivante, pour parler comme Buisson, \u00e0 s\u2019intituler ou \u00e0 prendre dans leur insigne le terme de R\u00e9publicain. Cette semaine encore, avec les \u00e9v\u00e9nements dramatiques que nous connaissons au proche et Moyen-Orient, nous voyons bien que l\u2019injure dans le domaine public, c\u2019est \u00ab\u00a0Tu es R\u00e9publicain, tu n\u2019es pas R\u00e9publicain\u00a0!\u00a0\u00bb<\/p><p>Les Corses ont devanc\u00e9 les autres dans cette affaire, puisque l\u00e0, il y a vingt ou trente\u00a0ans, on voyait bien que c\u2019\u00e9tait toujours cette question, et d\u2019ailleurs, l\u2019id\u00e9e derri\u00e8re d\u2019une R\u00e9publique qui \u00e0 mon avis n\u2019est pas la R\u00e9publique historique fran\u00e7aise, mais pens\u00e9e comme centralis\u00e9e, et pens\u00e9e comme \u00e9tatiste. Ce que je ne crois pas du tout correspondre au texte originel des R\u00e9publicains combattants fran\u00e7ais. Nous sommes dans ce contexte.<\/p><p>Alors, que des gens qui font de la politique le fassent parce qu\u2019\u00e0 un moment, c\u2019est utile, nous nous approprions quelque chose, incontestablement, il faut le comprendre, dans de grandes id\u00e9ologies et en particulier dans l\u2019id\u00e9ologie marxiste. Vous voyez bien que, alors que \u00e7a n\u2019\u00e9tait pas un sujet majeur dans les ann\u00e9es\u00a070, le retour du terme \u00ab\u00a0R\u00e9publicanisme\u00a0\u00bb, en particulier au moment de la c\u00e9l\u00e9bration de la R\u00e9volution fran\u00e7aise, du bicentenaire, les appropriations diff\u00e9rentes viennent de gens qui ont cherch\u00e9 un substitut \u00e0 ce qui avait \u00e9t\u00e9 un originaire r\u00e9volutionnaire ou socialiste.<\/p><p>Vous en avez beaucoup dans la branche Chev\u00e8nement, vous voyez bien R\u00e9gis\u00a0Debray, un certain nombre de mao\u00efstes sont pass\u00e9s de positions intransigeantes et r\u00e9volutionnaires \u00e0 une R\u00e9publique, d\u2019une certaine fa\u00e7on, transgenre, absolutiste, et qui leur donnait une nouvelle fois un nouveau cat\u00e9chisme et leur permettait de nouvelles inquisitions.<\/p><p>C\u2019est un contexte dans lequel la recherche fran\u00e7aise doit cheminer. Ce contexte, il est aussi valable, car je sais que \u00e7a int\u00e9resse et je pense que vous avez raison de vous y int\u00e9resser, par le fait que la recherche fran\u00e7aise sur le R\u00e9publicanisme est vraiment pauvre. Et c\u2019est une erreur majeure\u00a0!<\/p><p>En France, beaucoup d\u2019historiens ont consid\u00e9r\u00e9 que, que ce soit la R\u00e9volution avec un grand R ou que ce soit la R\u00e9publique, elle \u00e9tait fran\u00e7aise. C\u2019est une erreur. D\u2019abord, parce que nous avons beaucoup emprunt\u00e9 pour ce qui concerne la France, \u00e0 d\u2019autres pays, soit d\u2019autres r\u00e9volutions\u00a0: anglaise, am\u00e9ricaine, soit d\u2019autres mod\u00e8les politiques. Et d\u2019ailleurs, le R\u00e9publicanisme Corse peut y trouver sa place, pour ceux qui ne sont pas ignorants, et enfin, ce qu\u2019on appelle les transferts culturels. C\u2019est une question, nous ne sommes pas isol\u00e9s, nous ne sommes pas les seuls au monde \u00e0 \u00eatre R\u00e9publicains, nous n\u2019avons pas le mod\u00e8le d\u00e9pos\u00e9\u00a0!<\/p><p>L\u2019Italie est r\u00e9publicaine, l\u2019Allemagne \u00e0 sa fa\u00e7on nous donne un autre mod\u00e8le r\u00e9publicain, vous connaissez \u00e9videmment la grande tradition des r\u00e9publiques hollandaises \u2026<\/p><p>Cette fermeture fran\u00e7aise et cette esp\u00e8ce de conception h\u00e9g\u00e9monique de la R\u00e9publique, sont pour le chercheur un vrai trouble.<\/p><p>Au point que, je crois que vous l\u2019avez confirm\u00e9 dans votre s\u00e9minaire, j\u2019avais cr\u00e9\u00e9 en Suisse, un s\u00e9minaire international sur le R\u00e9publicanisme, mais je suis arriv\u00e9 assez na\u00eff et j\u2019ai d\u00e9couvert que les Fran\u00e7ais \u00e9taient compl\u00e8tement sortis du jeu.<\/p><p>Le grand r\u00e9cit dominant aujourd\u2019hui dans les \u00e9tudes r\u00e9publicaines mondiales, c\u2019est le r\u00e9cit de l\u2019\u00e9cole de Cambridge avec Quentin\u00a0Skinner et ses \u00e9l\u00e8ves. Mais ils ont \u00e9t\u00e9 tellement las de la romance fran\u00e7aise, qu\u2019ils ne consid\u00e9raient pas leurs travaux, comme vous avez un tr\u00e8s grand r\u00e9cit qui part des R\u00e9publiques italiennes qui remonte par l\u2019Angleterre, qui passe par l\u2019Am\u00e9rique, mais qui se d\u00e9tourne de la France, dans lequel d\u2019ailleurs, vous avez une opposition structurante de la pens\u00e9e contemporaine entre r\u00e9publicanisme et lib\u00e9ralisme, ce sont tous les travaux de John Pocock sur Le mouvement machiav\u00e9lien qui a form\u00e9 des g\u00e9n\u00e9rations enti\u00e8res, et dans lequel la France dispara\u00eet.<\/p><p>La France dispara\u00eet parce que l\u2019opposition droit de l\u2019Homme, la vertu \u00e9tant le R\u00e9publicanisme, et lib\u00e9ralisme, cette opposition structurante de la lecture majoritaire dans le monde ne permet pas de rendre compte du R\u00e9publicanisme fran\u00e7ais, qui en r\u00e9alit\u00e9 a souvent concili\u00e9 les deux traditions\u00a0: la tradition des droits de l\u2019Homme, dont les R\u00e9publicains Fran\u00e7ais diront\u00a0: \u00ab\u00a0C\u2019est notre code, c\u2019est notre nouvel \u00e9vangile, c\u2019est d\u2019ailleurs nous qui l\u2019avons amen\u00e9 au monde\u00a0\u00bb, mais qui en m\u00eame temps, de Montesquieu jusqu\u2019\u00e0 Jules\u00a0Barni, garde l\u2019id\u00e9e de la vertu. C\u2019est-\u00e0-dire ce qu\u2019on appelle la participation civique. Donc, nous n\u2019entrons pas dans ce cadre.<\/p>\t\t\t\t\t\t\t\t<\/div>\n\t\t\t\t<\/div>\n\t\t\t\t\t<\/div>\n\t\t<\/div>\n\t\t\t\t<div class=\"elementor-column elementor-col-50 elementor-top-column elementor-element elementor-element-41f4708f elementor-hidden-mobile\" data-id=\"41f4708f\" data-element_type=\"column\" data-e-type=\"column\">\n\t\t\t<div class=\"elementor-widget-wrap elementor-element-populated\">\n\t\t\t\t\t\t<div class=\"elementor-element elementor-element-4f007ce5 elementor-widget-divider--view-line_text elementor-widget-divider--element-align-center elementor-widget elementor-widget-divider\" data-id=\"4f007ce5\" data-element_type=\"widget\" data-e-type=\"widget\" data-widget_type=\"divider.default\">\n\t\t\t\t<div class=\"elementor-widget-container\">\n\t\t\t\t\t\t\t<div class=\"elementor-divider\">\n\t\t\t<span class=\"elementor-divider-separator\">\n\t\t\t\t\t\t\t<p class=\"elementor-divider__text elementor-divider__element\">\n\t\t\t\tPage 1\t\t\t\t<\/p>\n\t\t\t\t\t\t<\/span>\n\t\t<\/div>\n\t\t\t\t\t\t<\/div>\n\t\t\t\t<\/div>\n\t\t\t\t\t<\/div>\n\t\t<\/div>\n\t\t\t\t\t<\/div>\n\t\t<\/section>\n\t\t\t\t<section data-particle_enable=\"false\" data-particle-mobile-disabled=\"false\" class=\"elementor-section elementor-top-section elementor-element elementor-element-6a44dc54 elementor-section-boxed elementor-section-height-default elementor-section-height-default\" data-id=\"6a44dc54\" data-element_type=\"section\" data-e-type=\"section\">\n\t\t\t\t\t\t<div class=\"elementor-container elementor-column-gap-default\">\n\t\t\t\t\t<div class=\"elementor-column elementor-col-50 elementor-top-column elementor-element elementor-element-28327b87\" data-id=\"28327b87\" data-element_type=\"column\" data-e-type=\"column\">\n\t\t\t<div class=\"elementor-widget-wrap elementor-element-populated\">\n\t\t\t\t\t\t<div class=\"elementor-element elementor-element-3835c7e4 elementor-widget elementor-widget-text-editor\" data-id=\"3835c7e4\" data-element_type=\"widget\" data-e-type=\"widget\" data-widget_type=\"text-editor.default\">\n\t\t\t\t<div class=\"elementor-widget-container\">\n\t\t\t\t\t\t\t\t\t<p>C\u2019est vraiment quelque chose qui est troublant et qui nous interroge, je crois que la nouvelle g\u00e9n\u00e9ration commence \u00e0 comprendre, les gros travaux peuvent s\u2019inscrire l\u00e0-dedans, et on peut en d\u00e9battre, que penser le mod\u00e8le fran\u00e7ais sans \u00eatre capable de comprendre ce qu\u2019il a pu emprunter, \u00e9changer, dialoguer, avec tout autre mod\u00e8le, c\u2019est ne rien comprendre.<\/p><p>\u00a0<\/p><p>Souvent, je l\u2019ai lu, vous citez dans votre ouvrage, Maurizio Viroli qui a \u00e9t\u00e9 traduit, m\u00eame s\u2019il est tr\u00e8s Am\u00e9ricain maintenant, son petit livre R\u00e9publicanisme par Christopher\u00a0Hamel qui est un tr\u00e8s jeune chercheur tout \u00e0 fait remarquable. Mais on voit bien que ce qui est nouveau aujourd\u2019hui, c\u2019est l\u2019id\u00e9e que pour comprendre le R\u00e9publicanisme fran\u00e7ais, on a int\u00e9r\u00eat \u00e0 le faire dialoguer avec des R\u00e9publicanismes \u00e9trangers.<\/p><p>\u00a0<\/p><p>Je vous donne un exemple.<\/p><p>\u00a0<\/p><p>Nous avons fait traduire, mais c\u2019est tout r\u00e9cent, un livre, d\u2019une remarquable chercheuse anglo-saxonne qui se nomme Rachel\u00a0Hammersley, \u00ab\u00a0<em>Entre anciens et modernes<\/em>\u00a0\u00bb qui montre les influences de la R\u00e9volution anglaise sur les penseurs des lumi\u00e8res Fran\u00e7ais. Si on pense que Winston, John\u00a0Locke, Sidney n\u2019ont pas une influence, ils ont eu une influence consid\u00e9rable. Et nous venons d\u2019ailleurs de faire traduire Richard\u00a0Price qui est le premier \u00e0 avoir fait le lien entre les r\u00e9volutions am\u00e9ricaine, anglaise et fran\u00e7aise. C\u2019est un Anglais qui a d\u00e9fendu l\u2019ind\u00e9pendance am\u00e9ricaine, et c\u2019est en r\u00e9ponse \u00e0 Richard\u00a0Price que les contre-r\u00e9volutionnaires, et en particulier Edmond\u00a0Burke publie ses \u00ab\u00a0<em>R\u00e9flexions sur la r\u00e9volution fran\u00e7aise<\/em>\u00a0\u00bb. Voltaire se nourrit des Anglais, Montesquieu se nourrit des Anglais, et c\u2019est une tradition qui est \u00e9videmment une tradition que certains ont cru seulement lib\u00e9rale, mais profond\u00e9ment r\u00e9publicaine, comme \u00e7a a \u00e9t\u00e9 montr\u00e9.<\/p><p>\u00a0<\/p><p>Je prends un autre exemple. Dans le domaine de l\u2019\u00e9ducation, puisqu\u2019on identifie souvent le R\u00e9publicanisme fran\u00e7ais \u00e0 la p\u00e9riode Ferry. Mais Ferry lui-m\u00eame \u00e9tait dans une liaison avec Condorcet et les projets d\u2019\u00e9cole de la Premi\u00e8re R\u00e9publique. En r\u00e9alit\u00e9, et comme vous le savez, et comme Mich\u00e8le\u00a0Riot-Sarcey l\u2019a dit d\u00e9j\u00e0 ce matin, les types apr\u00e8s 48 sont mis dehors de la France. Ce sont des exil\u00e9s.<\/p><p>\u00a0<\/p><p>O\u00f9 sont-ils exil\u00e9s ?<\/p><p>\u00a0<\/p><p>Pour une tr\u00e8s grande partie d\u2019entre eux, ils sont exil\u00e9s en Suisse. Aussi apr\u00e8s la formation de\u00a0 la premi\u00e8re internationale, les ma\u00eetres de l\u2019\u00e9cole r\u00e9publicaine fran\u00e7aise, et en particulier Buisson, vont en Suisse, \u00e0 Neufch\u00e2tel.<\/p><p>\u00a0<\/p><p>Et ils d\u00e9couvrent, comme l\u2019a fait Rousseau,\u00a0la p\u00e9dagogie qui n\u2019est pas du tout la p\u00e9dagogie fran\u00e7aise des J\u00e9suites, qui est la p\u00e9dagogie lib\u00e9rale, qui est la p\u00e9dagogie des Pestalozzi et Scheubel. Et Jules Ferry qui est impr\u00e9gn\u00e9 de cette culture, par l\u2019interm\u00e9diaire d\u2019Edgar\u00a0Quinet, son ma\u00eetre, et par l\u2019interm\u00e9diaire du Cardinal Buisson, son directeur, lit et cite, ce qui fait que nous sommes l\u00e0 dans des paradoxes tr\u00e8s int\u00e9ressants.<\/p><p>\u00a0<\/p><p>Quand vous avez aujourd\u2019hui, des gens pr\u00e9tendument savants qui font la chasse aux ignorants, qui vous disent\u00a0: \u00ab\u00a0<em>Oui, il faut revenir \u00e0 l\u2019\u00e9cole de Jules\u00a0Ferry, au\u00a0: lire, \u00e9crire, compter<\/em>\u00a0\u00bb, Jules\u00a0Ferry a fait des discours entiers pour expliquer que l\u2019\u00e9cole ne doit surtout pas s\u2019en tenir au lire, \u00e9crire, compter, mais qu\u2019elle doit d\u00e9velopper une \u00e9ducation lib\u00e9rale &#8211; c\u2019est son terme &#8211; dans lequel la qu\u00eate de sens vaut beaucoup plus, \u00e9videmment, que le simple r\u00e9flexe m\u00e9canique. Surtout, qu\u2019il faut \u00eatre capable de donner aux enfants de toutes cat\u00e9gories sociales, la fameuse \u00e9ducation lib\u00e9rale, c\u2019est-\u00e0-dire\u00a0: penser par soi-m\u00eame, faire de la philosophie, conna\u00eetre l\u2019histoire, pratiquer les Beaux-Arts. Et que si on pense que le peuple dit lire, \u00e9crire, compter, \u00e7a va, tu t\u2019arr\u00eates l\u00e0, vous connaissez la querelle des deux \u00e9coles primaires qui a \u00e9t\u00e9 longue \u00e0 r\u00e9soudre, c\u2019est une erreur fondamentale. L\u2019image de la la\u00efcit\u00e9, j\u2019en dirai un mot, c\u2019est la m\u00eame chose, l\u2019image que nous nous en faisons est une image fausse, utilis\u00e9e, politique.<\/p><p>Nous sommes \u00e0 un moment o\u00f9 le fait d\u2019\u00eatre capable de faire dialoguer les traditions, de comprendre les emprunts que le R\u00e9publicanisme fran\u00e7ais, en tout cas celui des origines, a pu faire, est emprunt\u00e9 \u00e0 un certain nombre de traditions, c\u2019est un mouvement qui est en train de se d\u00e9velopper dans les \u00e9tudes et qui me semble extr\u00eamement porteur. Porteur d\u2019un d\u00e9centrement, parce que je vous le dis aussi, le grand d\u00e9faut du R\u00e9publicanisme aujourd\u2019hui tel que je le vois, c\u2019est qu\u2019il est devenu l\u2019apanage des r\u00e9actionnaires et des nationalistes.<\/p><p>\u00a0<\/p><p>Or, la tradition r\u00e9publicaine Fran\u00e7aise depuis Robespierre, depuis la R\u00e9volution, est cosmopolitique. Et non pas nationaliste, mais patriotique. Et patriotique veut dire, dans la langue de Victor Hugo, qui est aussi celle de Ferdinand\u00a0Buisson, qui a publi\u00e9 en 1902 un texte qui dit\u00a0: \u00ab\u00a0<em>pourquoi nous sommes patriotes et pas nationalistes\u00a0?<\/em>\u00a0\u00bb, c\u2019est que nous ne croyons pas \u00e0 la nation ethnique, nous croyons \u00e0 la nation politique, juridique, du projet commun, des valeurs communes, et cette nation n\u2019est pas du tout la m\u00eame, et il est naturel \u00e0 cette nation de s\u2019ouvrir aux autres, \u00e7a peut \u00eatre l\u2019Europe, et l\u00e0, vous savez que les congr\u00e8s de la paix de l\u2019Europe sont normalement dans les codes g\u00e9n\u00e9tiques du R\u00e9publicanisme, mais aussi la fraternit\u00e9 universelle.<\/p><p>\u00a0<\/p><p>C\u2019est tr\u00e8s important de comprendre cela, parce qu\u2019il faut que vous compreniez qu\u2019il y a un lien entre un nationalisme intellectuel, la R\u00e9publique c\u2019est la France, la R\u00e9publique c\u2019est les hommes \u00e0 moustache et \u00e0 rouflaquette, et le nationalisme politique qui est toujours celui qui nous am\u00e8ne les pires choses et qui se porte fort bien aujourd\u2019hui.<\/p>\t\t\t\t\t\t\t\t<\/div>\n\t\t\t\t<\/div>\n\t\t\t\t\t<\/div>\n\t\t<\/div>\n\t\t\t\t<div class=\"elementor-column elementor-col-50 elementor-top-column elementor-element elementor-element-5b755a57 elementor-hidden-mobile\" data-id=\"5b755a57\" data-element_type=\"column\" data-e-type=\"column\">\n\t\t\t<div class=\"elementor-widget-wrap elementor-element-populated\">\n\t\t\t\t\t\t<div class=\"elementor-element elementor-element-34b8d34 elementor-widget-divider--view-line_text elementor-widget-divider--element-align-center elementor-widget elementor-widget-divider\" data-id=\"34b8d34\" data-element_type=\"widget\" data-e-type=\"widget\" data-widget_type=\"divider.default\">\n\t\t\t\t<div class=\"elementor-widget-container\">\n\t\t\t\t\t\t\t<div class=\"elementor-divider\">\n\t\t\t<span class=\"elementor-divider-separator\">\n\t\t\t\t\t\t\t<p class=\"elementor-divider__text elementor-divider__element\">\n\t\t\t\tPage 2\t\t\t\t<\/p>\n\t\t\t\t\t\t<\/span>\n\t\t<\/div>\n\t\t\t\t\t\t<\/div>\n\t\t\t\t<\/div>\n\t\t\t\t\t<\/div>\n\t\t<\/div>\n\t\t\t\t\t<\/div>\n\t\t<\/section>\n\t\t\t\t<section data-particle_enable=\"false\" data-particle-mobile-disabled=\"false\" class=\"elementor-section elementor-top-section elementor-element elementor-element-28de947 elementor-section-boxed elementor-section-height-default elementor-section-height-default\" data-id=\"28de947\" data-element_type=\"section\" data-e-type=\"section\">\n\t\t\t\t\t\t<div class=\"elementor-container elementor-column-gap-default\">\n\t\t\t\t\t<div class=\"elementor-column elementor-col-50 elementor-top-column elementor-element elementor-element-1c41a82f\" data-id=\"1c41a82f\" data-element_type=\"column\" data-e-type=\"column\">\n\t\t\t<div class=\"elementor-widget-wrap elementor-element-populated\">\n\t\t\t\t\t\t<div class=\"elementor-element elementor-element-2ef2e7f2 elementor-widget elementor-widget-text-editor\" data-id=\"2ef2e7f2\" data-element_type=\"widget\" data-e-type=\"widget\" data-widget_type=\"text-editor.default\">\n\t\t\t\t<div class=\"elementor-widget-container\">\n\t\t\t\t\t\t\t\t\t<p>Au point que nous avons d\u2019ailleurs, un mouvement qui est invers\u00e9 qui est que la revendication aujourd\u2019hui du patriote &#8211; comme dirait Monsieur Philippot \u2013 est la revendication patriotique, nationaliste, R\u00e9publicaine, c\u2019est aujourd\u2019hui quelque chose qui vient essentiellement du sens de la droite. Et de ce point de vue-l\u00e0, dans l\u2019historiographie r\u00e9cente des trente derni\u00e8res ann\u00e9es, le r\u00f4le des gens qui ont accompagn\u00e9 Jean-Pierre\u00a0Chev\u00e8nement, je pense \u00e0 l\u2019historien Claude\u00a0Nicolet et d\u2019autres, est fondamental. Les rejetons sont souvent \u00e0 l\u2019extr\u00eame droite, et ils ne s\u2019en cachent pas, ils l\u2019assument, viennent me voir en disant\u00a0: \u00ab\u00a0<em>Il n\u2019y a pas de probl\u00e8me, j\u2019\u00e9tais socialiste moi\u00a0! j\u2019\u00e9tais Chev\u00e8nementiste\u00a0!<\/em>\u00a0\u00bb \u00c0 un moment, il y avait les R\u00e9publicains des deux rives, c\u2019\u00e9tait le d\u00e9but des ann\u00e9es\u00a02000, et il y a l\u2019\u00e9volution que l\u2019on a eue, mais qui est un travestissement de l\u2019id\u00e9e R\u00e9publicaine fran\u00e7aise.<\/p><p>\u00a0<\/p><p>Il en est de m\u00eame de la la\u00efcit\u00e9. J\u2019ai lu avec beaucoup d\u2019int\u00e9r\u00eat que vous aviez une analyse qui \u00e9tait propre \u00e0 la Corse, qui \u00e9tait une la\u00efcit\u00e9, je dirais, plus \u00e0 l\u2019Am\u00e9ricaine et plus tol\u00e9rante. Mais en r\u00e9alit\u00e9, c\u2019est la la\u00efcit\u00e9 fran\u00e7aise celle des R\u00e9publicains d\u2019origine.<\/p><p>\u00a0<\/p><p>Monsieur Jean Jaur\u00e8s va \u00e0 l\u2019Assembl\u00e9e nationale, il fait un discours sur la la\u00efcit\u00e9 qui a dur\u00e9 deux\u00a0heures \u00e0 l\u2019\u00e9poque, il nomme Dieu. Et il dit\u00a0: \u00ab\u00a0<em>On a tout \u00e0 fait le droit de nommer Dieu\u00a0!<\/em>\u00a0\u00bb La loi de 1905 est une loi pour la libert\u00e9 de conscience en premier lieu, c\u2019est-\u00e0-dire le droit de croire ou de ne pas croire, et d\u2019exercer son culte.<\/p><p>\u00a0<\/p><p>Les ignorants ne le savent pas, mais les devoirs envers Dieu restent dans les instructions officielles fran\u00e7aises jusqu\u2019en 1923. Donc l\u2019id\u00e9e du barbu qui supprime les crucifix, qui emp\u00eache les gens d\u2019avoir des convictions religieuses, n\u2019est pas du tout l\u2019esprit de la loi de 1905. La loi de Buisson, protestant lib\u00e9ral, de Jaur\u00e8s, catholique, la loi soutenue par les juifs lib\u00e9raux, la loi qui est accept\u00e9e par des courants importants de la franc-ma\u00e7onnerie, c\u2019est une loi lib\u00e9rale, profond\u00e9ment lib\u00e9rale, qui n\u2019est absolument pas antireligieuse. D\u2019ailleurs, les R\u00e9publicains qui ont \u00e9difi\u00e9 cette la\u00efcit\u00e9 sont des gens, prenez le titre de l\u2019ouvrage principal de Ferdinand Buisson, dont on peut dire qu\u2019il a \u00e9t\u00e9 pourchass\u00e9 comme l\u2019artisan de la la\u00efcit\u00e9, le g\u00e9nie ou le mauvais g\u00e9nie de la la\u00efcit\u00e9, le titre de son livre c\u2019est\u00a0: \u00ab\u00a0<em>La Toilette\u00a0\u00bb. <\/em>Il est une religion la\u00efque, pour laquelle il n\u2019est pas absurde qu\u2019il doive y avoir dans une soci\u00e9t\u00e9 de la foi et c\u2019est d\u2019ailleurs comme \u00e7a aussi que Jaur\u00e8s le pr\u00e9sente\u00a0en parlant de spiritualit\u00e9, c\u2019est extr\u00eamement important. Cette id\u00e9e a domin\u00e9 dans les \u00e9tudes R\u00e9publicaines fran\u00e7aises.<\/p><p>Donc il y a beaucoup de contre-v\u00e9rit\u00e9s qu\u2019il faut r\u00e9tablir par la recherche, mais \u00e9videmment, qui auront des cons\u00e9quences politiques. Et dans les travaux que l\u2019on fait, il faut assumer le fait que nous sommes dans un champ scientifique, mais pas extraterritorial. C\u2019est-\u00e0-dire que l\u2019on vient de quelque part et que l\u2019on va vers quelque part.<\/p><p>\u00a0<\/p><p>On peut en faire autrement, et \u00e7a doit peut-\u00eatre aussi nous amener \u00e0 avoir parfois, dans le travail du monde scientifique, un peu de modestie. Puisque nous savons que, l\u2019objectif peut-\u00eatre dans nos \u00e9tudes, il y a quand m\u00eame des \u00e9l\u00e9ments de conviction personnelle.<\/p><p>\u00a0<\/p><p>Les \u00e9tudes R\u00e9publicaines fran\u00e7aises, je vais faire un sch\u00e9ma qui peut \u00eatre utile \u00e0 la compr\u00e9hension de la discussion, sont domin\u00e9es, jusqu\u2019au d\u00e9but des ann\u00e9es\u00a02000, par trois \u00e9coles dominantes\u00a0:<\/p><p>La premi\u00e8re \u00e9cole, c\u2019\u00e9tait l\u2019\u00e9cole marxiste. \u00c9videmment, l\u2019\u00e9cole marxiste qui avait une certaine tendance \u00e0 relire la R\u00e9volution fran\u00e7aise au prisme de la R\u00e9volution russe, exasp\u00e9r\u00e9 l\u2019antagonisme entre libert\u00e9 et \u00e9galit\u00e9, tirer le jacobinisme vers l\u2019\u00e9tat de crise, travailler la notion d\u2019avant-garde avec les sans-culottes, mais finalement, qui est dans un match assez agr\u00e9able avec la seconde \u00e9cole dominante qui est le lib\u00e9ralisme.<\/p><p>Le lib\u00e9ralisme pour moi, c\u2019est l\u2019\u00e9cole de Fran\u00e7ois Quesnay qui elle aussi, construit une opposition entre libert\u00e9 et \u00e9galit\u00e9. Je la crois profond\u00e9ment fausse. D\u2019ailleurs, je le dis et je le redis, si la Libert\u00e9 est le premier terme de notre devise, c\u2019est bien parce qu\u2019elle arrive en premier, ce n\u2019est pas l\u2019\u00c9galit\u00e9. L\u2019\u00c9galit\u00e9 vient pour compl\u00e9ter la condition de la Libert\u00e9. Mais nous sommes d\u2019abord le pays de l\u2019individualisme, au sens o\u00f9 ce n\u2019est pas l\u2019\u00c9tat qui doit compenser, l\u2019\u00c9tat doit donner les moyens de l\u2019\u00e9mancipation individuelle.<\/p><p>Lorsque quelqu\u2019un comme Jaur\u00e8s dit\u00a0: \u00ab\u00a0<em>Le socialisme, c\u2019est un individualisme logique et complet<\/em>\u00a0\u00bb, ou Durkheim dit la m\u00eame chose\u00a0: \u00ab\u00a0<em>La R\u00e9publique est la religion de l\u2019individu<\/em>\u00a0\u00bb, ils ne sont pas en contravention avec ce que pense Robespierre. Je pourrais vous citer le texte de Robespierre, tr\u00e8s \u00e9tonnant, o\u00f9 il dit\u00a0: \u00ab\u00a0<em>Contrairement \u00e0 tout ce qu\u2019on vous enseigne \u00e0 l\u2019\u00e9cole, l\u2019\u00c9tat doit agir le moins possible, et c\u2019est la famille, et c\u2019est la commune, et ce sont les individus<\/em> <em>et il doit intervenir que l\u00e0 o\u00f9 il peut aider \u00e0 ce qui r\u00e9alisent leurs propres natures \u00bb.<\/em><\/p><p>Ces deux \u00e9coles ont des points de vue communs dans l\u2019interpr\u00e9tation de la R\u00e9publique, par exemple, je vais vous en donner un, puisque vous avez re\u00e7u Mich\u00e8le\u00a0Riot-Sarcey ce matin qui m\u2019a beaucoup surpris dans mes travaux. Que ce soit Marx, dans ses textes importants sur la lutte des classes en France, o\u00f9 les lib\u00e9raux qui disent la m\u00eame chose de la R\u00e9volution de 48. C\u2019est une R\u00e9volution d\u2019alcooliques, c\u2019est une R\u00e9volution d\u2019utopistes, c\u2019est une R\u00e9volution de vieilles barbes, et c\u2019est parce qu\u2019elle a \u00e9chou\u00e9 que dans le fond, apr\u00e8s, on va devenir positivistes, rationnels, et nous aurons la R\u00e9publique des opportunistes qui va s\u2019inscrire dans la dur\u00e9e. C\u2019est le r\u00e9cit idyllique avec d\u2019ailleurs, les uns et les autres, une fascination pour l\u2019id\u00e9e d\u2019une R\u00e9publique positive, c\u2019est le socialisme scientifique de Marx, c\u2019est le positivisme et donc la figure d\u2019\u00c9mile\u00a0Littr\u00e9 pour le grand r\u00e9cit r\u00e9publicain fran\u00e7ais.<\/p><p>\u00a0<\/p><p>Personnellement, mais je crois que maintenant, c\u2019est un acquis de la recherche et Mich\u00e8le\u00a0Riot-Sarcey a beaucoup fait pour \u00e7a que c\u2019est une erreur compl\u00e8te. Les hommes de 48 m\u00eame s\u2019ils sont contraints \u00e0 l\u2019exil reviennent en 70, et forment les autres. Et la dimension utopique, lib\u00e9rale, sociale de la R\u00e9publique des d\u00e9mocrates socialistes, \u00ab\u00a0d\u00e9moc-socs\u00a0\u00bb, comme on disait, elle est pr\u00e9sente dans les ann\u00e9es\u00a080, dans un affrontement d\u2019ailleurs tr\u00e8s virulent, entre ce qu\u2019on a appel\u00e9 les radicaux et les opportunistes, que l\u2019historiographie fran\u00e7aise n\u2019a pas voulu traduire, mais dans un mois, nous aurons enfin la tr\u00e8s grande th\u00e8se sur ce sujet, qui s\u2019appelle \u00ab\u00a0<em>La R\u00e9publique vraie\u00a0\u00bb<\/em>. C\u2019est-\u00e0-dire ce combat, ce qu\u2019on a appel\u00e9 l\u2019extr\u00eame gauche au moment des lois constitutionnelles de 75, dans lequelle les gens comme Edgar Quinet, Victor\u00a0Hugo, Louis Blanc, s\u2019opposent aux jeunes opportunistes. Ils vont perdre, mais ils d\u00e9fendaient une id\u00e9e de la R\u00e9publique qui n\u2019a rien \u00e0 voir avec celle qui nous a \u00e9t\u00e9 impos\u00e9e.<\/p>\t\t\t\t\t\t\t\t<\/div>\n\t\t\t\t<\/div>\n\t\t\t\t\t<\/div>\n\t\t<\/div>\n\t\t\t\t<div class=\"elementor-column elementor-col-50 elementor-top-column elementor-element elementor-element-2be04bee elementor-hidden-mobile\" data-id=\"2be04bee\" data-element_type=\"column\" data-e-type=\"column\">\n\t\t\t<div class=\"elementor-widget-wrap elementor-element-populated\">\n\t\t\t\t\t\t<div class=\"elementor-element elementor-element-18f13536 elementor-widget-divider--view-line_text elementor-widget-divider--element-align-center elementor-widget elementor-widget-divider\" data-id=\"18f13536\" data-element_type=\"widget\" data-e-type=\"widget\" data-widget_type=\"divider.default\">\n\t\t\t\t<div class=\"elementor-widget-container\">\n\t\t\t\t\t\t\t<div class=\"elementor-divider\">\n\t\t\t<span class=\"elementor-divider-separator\">\n\t\t\t\t\t\t\t<p class=\"elementor-divider__text elementor-divider__element\">\n\t\t\t\tPage 3\t\t\t\t<\/p>\n\t\t\t\t\t\t<\/span>\n\t\t<\/div>\n\t\t\t\t\t\t<\/div>\n\t\t\t\t<\/div>\n\t\t\t\t\t<\/div>\n\t\t<\/div>\n\t\t\t\t\t<\/div>\n\t\t<\/section>\n\t\t\t\t<section data-particle_enable=\"false\" data-particle-mobile-disabled=\"false\" class=\"elementor-section elementor-top-section elementor-element elementor-element-1b2d1f8 elementor-section-boxed elementor-section-height-default elementor-section-height-default\" data-id=\"1b2d1f8\" data-element_type=\"section\" data-e-type=\"section\">\n\t\t\t\t\t\t<div class=\"elementor-container elementor-column-gap-default\">\n\t\t\t\t\t<div class=\"elementor-column elementor-col-50 elementor-top-column elementor-element elementor-element-f8a9932\" data-id=\"f8a9932\" data-element_type=\"column\" data-e-type=\"column\">\n\t\t\t<div class=\"elementor-widget-wrap elementor-element-populated\">\n\t\t\t\t\t\t<div class=\"elementor-element elementor-element-04ba09c elementor-widget elementor-widget-text-editor\" data-id=\"04ba09c\" data-element_type=\"widget\" data-e-type=\"widget\" data-widget_type=\"text-editor.default\">\n\t\t\t\t<div class=\"elementor-widget-container\">\n\t\t\t\t\t\t\t\t\t<p>C\u2019est \u00e0 la fois une R\u00e9publique sociale, mais contrairement aussi \u00e0 ce qu\u2019on pense, et c\u2019est tr\u00e8s important pour la Corse, parce qu\u2019il y a une fausse id\u00e9e du communisme, une R\u00e9publique qui n\u2019est pas une R\u00e9publique centralis\u00e9e. Qui est une R\u00e9publique qui ne croit pas du tout aux vertus magiques de l\u2019\u00c9tat centralis\u00e9, et m\u00eame du gouvernement centralis\u00e9. Et \u00e7a, c\u2019est souvent une surprise pour les gens qui regardent ces textes, mais d\u00e8s 1852, nous avons \u00e9norm\u00e9ment de textes, pas seulement dans le mouvement mutualiste, coop\u00e9ratif ou seconde gauche, qui disent, comme Jules\u00a0Barni ou d\u2019autres, qui \u00e9tait quand m\u00eame le penseur de Gambetta\u00a0: \u00ab\u00a0<em>On ne peut pas organiser dans une uniformisation des choses.<\/em>\u00a0\u00bb<\/p><p>Le mod\u00e8le politique\u00a0:<\/p><ul><li>soit vous avez un universel pr\u00e9tendu qui se construit par asservissement des diff\u00e9rences. Il s\u2019appauvrit, il est autoritaire, il est central, il est vertical. Il existe. Certains l\u2019identifient d\u2019ailleurs \u00e0 Rome,<\/li><li>soit vous avez un universel qui se construit, se nourrit, se d\u00e9veloppe des diff\u00e9rences, des singularit\u00e9s. Et \u00e9videmment, qui est l\u2019identit\u00e9 de l\u2019identit\u00e9 de la diff\u00e9rence mais qui n\u2019est pas quelque chose qui se construit sur l\u2019\u00e9limination de tout le reste.<\/li><\/ul><p>\u00a0<\/p><p>Parce que l\u2019universel qui illumine les diff\u00e9rences, c\u2019est quoi\u00a0?<\/p><p>C\u2019est un particulier qui domine. \u00c7a n\u2019est pas autre chose. C\u2019est un particulier qui impose sa loi aux autres et qui dit\u00a0: \u00ab\u00a0<em>Je suis l\u2019universel<\/em>\u00a0\u00bb. Cette affaire est vieille comme les civilisations, elle se renoue tout le temps. Mais dans l\u2019interpr\u00e9tation du R\u00e9publicanisme, elle est l\u00e0. Vous avez ceux qui tirent dans l\u2019interpr\u00e9tation \u00ab\u00a0jacobine\u00a0\u00bb, parce que les vrais Jacobins ne pensaient pas \u00e7a, qui est de dire, l\u2019universel, notre universel suppose une homog\u00e9n\u00e9it\u00e9 et ceux qui disent\u00a0: \u00ab\u00a0<em>C\u2019est exactement l\u2019inverse. Vous ne construirez jamais un universel par \u00e9radication des diff\u00e9rences. Vous aurez de l\u2019appauvrissement sur un singulier totalitaire. C\u2019est tout ce que vous aurez.\u00a0<\/em>\u00bb Ce d\u00e9bat est absolument central\u00a0!<\/p><p>\u00a0<\/p><p>Une premi\u00e8re \u00e9cole qui est l\u2019\u00e9cole marxiste face \u00e0 une seconde \u00e9cole, l\u2019\u00e9cole lib\u00e9rale qui dans le fond, quand on \u00e9tudie, on le voit, dansent la gigue ensemble\u00a0!<\/p><p>Fran\u00e7ois\u00a0Furet et les marxistes, Fran\u00e7ois\u00a0Furet allait aider les marxistes. Souvent, ils s\u2019\u00e9taient des reconvertis, c\u2019est la m\u00eame opposition, bonne R\u00e9volution ou mauvaise, 89-93, m\u00eame vision de la terreur, les uns pour en dire du bien, les autres pour en dire du mal. M\u00eame assimilation, qu\u2019on trouve d\u2019ailleurs chez Jacques-Marcel\u00a0Gauchet, \u00ab\u00a0<em>stalinisme, \u00e7a ne veut rien dire\u00a0!<\/em>\u00a0\u00bb Vous imaginez l\u2019anachronisme historique qui consiste \u00e0 assimiler la R\u00e9volution de 17 \u00e0 la R\u00e9volution de 89. Ce sont des constructions intellectuelles. Au refus de tout le mouvement de 48 qui, je vous le rappelle quand m\u00eame, et vous le dites d\u2019ailleurs dans votre livre, c\u2019est le moment o\u00f9 les peuples doivent disposer d\u2019eux-m\u00eames. C\u2019est le printemps des peuples 48. C\u2019est une conception de l\u2019universel qui est celle que j\u2019\u00e9tais en train de vous dire, c\u2019est-\u00e0-dire, je ne vais pas proc\u00e9der par l\u2019\u00e9crasement, je vais proc\u00e9der par la lib\u00e9ration des diff\u00e9rences et la lib\u00e9ration ensemble. C\u2019est le Congr\u00e8s de la Paix et de la Libert\u00e9.<\/p><p>\u00a0<\/p><p>La troisi\u00e8me \u00e9cole, c\u2019est une \u00e9cole qui a \u00e9t\u00e9 beaucoup plus subtile, qui a beaucoup apport\u00e9 \u00e0 la recherche, mais qui elle-m\u00eame, en tout cas dans sa t\u00eate pensante, a \u00e9volu\u00e9 \u00e0 un moment, c\u2019est ce que j\u2019appelle <em>le positivisme historique<\/em>, qui \u00e9tait repr\u00e9sent\u00e9 par ce grand historien qui a \u00e9t\u00e9 proche de Mend\u00e8s France, puis proche de Chev\u00e8nement, puis il l\u2019a abandonn\u00e9 en 92, qui s\u2019appelait Claude\u00a0Nicolet. Au d\u00e9part, deux livres \u00ab\u00a0<em>L\u2019Id\u00e9e R\u00e9publicaine en France\u00a0\u00bb et <\/em>\u00ab\u00a0<em>Le m\u00e9tier de citoyen dans la Rome\u00a0\u00bb<\/em>, lui donne une vision tout \u00e0 fait compl\u00e8te de la philosophie R\u00e9publicaine fran\u00e7aise, mais dans le fond, il reprend beaucoup d\u2019\u00e9l\u00e9ments, si je puis dire, des deux autres \u00e9coles, le m\u00e9pris de 48 et de vielles choses tr\u00e8s \u00e9tranges. Si vous lisez avec distance, vous verrez que c\u2019est toujours tr\u00e8s surprenant, politis\u00e9, m\u00eame quand on croit que c\u2019est tr\u00e8s scientifique.<\/p><p>\u00a0<\/p><p>Par exemple, Louis Blanc qui est un personnage absolument d\u00e9terminant de l\u2019histoire R\u00e9publicaine fran\u00e7aise, est celui qui se bat contre les lois constitutionnelles de 75, il est aussi pr\u00e9sent dans <em>Les Trois glorieuses<\/em> et dans tout le mouvement qui conduit \u00e0 48, les banquets, puis l\u2019exil, puis le retour des R\u00e9publicains. Mais il n\u2019est pas pr\u00e9sent dans cette historiographie.<\/p><p>\u00a0<\/p><p>Pierre\u00a0Leroux, qui est le penseur du socialisme en France, celui qui dit\u00a0: \u00ab\u00a0<em>J\u2019ai mis le socialisme dans la R\u00e9publique<\/em>\u00a0\u00bb, n\u2019est pas pr\u00e9sent dans cette historiographie. Et cette historiographie nous pr\u00e9sente comme le roi des R\u00e9publicains, \u00c9mile\u00a0Littr\u00e9\u00a0! Quand nous lisons \u00c9mile\u00a0Littr\u00e9 qui est un grand savant, <em>Le Dictionnaire Littr\u00e9<\/em>, on d\u00e9couvre un personnage qui \u00e9tait quand m\u00eame assez d\u00e9favorable au suffrage universel, pour ne pas dire compl\u00e8tement, totalement \u00e9litiste, et qui a fait la R\u00e9publique conservatrice avec Adolphe Thiers, vous le savez, qui n\u2019\u00e9tait pas quand m\u00eame un mod\u00e8le de R\u00e9publicain d\u00e9mocrate.<\/p><p>\u00a0<\/p><p>C\u2019est la vieille histoire, que Louis Blanc appelait comme \u00e7a, et pour Edgar\u00a0Quinet c\u2019est la R\u00e9publique sans les R\u00e9publicains. C\u2019est-\u00e0-dire qu\u2019\u00e0 un moment, la R\u00e9publique arrive, ceux qui l\u2019ont combattue pendant longtemps ont compris\u00a0: \u00ab\u00a0Puisqu\u2019ils ont pris le pouvoir, cette vieille histoire, c\u2019est une partie des places \u00e0 occuper\u00a0\u00bb, disait Louis Blanc, on va occuper la place, et ceux qui se sont battus et qui avaient un id\u00e9al, on va les mettre de c\u00f4t\u00e9.<\/p><p>Alors, ces trois \u00e9coles, me semble-t-il, depuis les ann\u00e9es\u00a02000, sont quand m\u00eame fortement remises en question par une seule g\u00e9n\u00e9ration. Une jeune g\u00e9n\u00e9ration d\u2019historiens qui remet en cause \u00e0 peu pr\u00e8s tous les postulats que j\u2019ai \u00e9voqu\u00e9s.<\/p><p>Il n\u2019y a pas de s\u00e9paration de la terreur entre 89 et 93. C\u2019est une mystification, une construction des ennemis de la gauche, du R\u00e9publicanisme social. Robespierre n\u2019est pas un tyran, la R\u00e9publique n\u2019est pas n\u00e9cessairement mat\u00e9rialiste. Vous avez les cultes dans la R\u00e9volution, mais vous avez la religion la\u00efque, elle n\u2019est pas l\u2019ennemie des religions. On peut \u00eatre spiritualiste et R\u00e9publicain. Et pas comme on nous l\u2019a fait croire longtemps, seulement positiviste ou mat\u00e9rialiste ou g\u00e9antiste. C\u2019est une dimension tr\u00e8s spirituelle dans la philosophie R\u00e9publicaine. Elle n\u2019est pas pour la lutte des classes, \u00e7a, c\u2019est le marxisme, tout le mouvement R\u00e9publicain fran\u00e7ais attribue \u00e0 la bourgeoisie un r\u00f4le \u00e9minent dans l\u2019\u00e9mancipation humaine, y compris chez Jaur\u00e8s, et en r\u00e9alit\u00e9, pour la conciliation des classes, elle n\u2019est pas centralisatrice. C\u2019est-\u00e0-dire qu\u2019elle est d\u00e9centralisatrice, elle est pour l\u2019autonomie communale, pour l\u2019autonomie des r\u00e9gime et le respect des diversit\u00e9s. Elle n\u2019est pas \u00e9tatiste.<\/p>\t\t\t\t\t\t\t\t<\/div>\n\t\t\t\t<\/div>\n\t\t\t\t\t<\/div>\n\t\t<\/div>\n\t\t\t\t<div class=\"elementor-column elementor-col-50 elementor-top-column elementor-element elementor-element-a232741 elementor-hidden-mobile\" data-id=\"a232741\" data-element_type=\"column\" data-e-type=\"column\">\n\t\t\t<div class=\"elementor-widget-wrap elementor-element-populated\">\n\t\t\t\t\t\t<div class=\"elementor-element elementor-element-1bbb062 elementor-widget-divider--view-line_text elementor-widget-divider--element-align-center elementor-widget elementor-widget-divider\" data-id=\"1bbb062\" data-element_type=\"widget\" data-e-type=\"widget\" data-widget_type=\"divider.default\">\n\t\t\t\t<div class=\"elementor-widget-container\">\n\t\t\t\t\t\t\t<div class=\"elementor-divider\">\n\t\t\t<span class=\"elementor-divider-separator\">\n\t\t\t\t\t\t\t<p class=\"elementor-divider__text elementor-divider__element\">\n\t\t\t\tPage 4\t\t\t\t<\/p>\n\t\t\t\t\t\t<\/span>\n\t\t<\/div>\n\t\t\t\t\t\t<\/div>\n\t\t\t\t<\/div>\n\t\t\t\t\t<\/div>\n\t\t<\/div>\n\t\t\t\t\t<\/div>\n\t\t<\/section>\n\t\t\t\t<section data-particle_enable=\"false\" data-particle-mobile-disabled=\"false\" class=\"elementor-section elementor-top-section elementor-element elementor-element-d5316f6 elementor-section-boxed elementor-section-height-default elementor-section-height-default\" data-id=\"d5316f6\" data-element_type=\"section\" data-e-type=\"section\">\n\t\t\t\t\t\t<div class=\"elementor-container elementor-column-gap-default\">\n\t\t\t\t\t<div class=\"elementor-column elementor-col-50 elementor-top-column elementor-element elementor-element-6b64cf8\" data-id=\"6b64cf8\" data-element_type=\"column\" data-e-type=\"column\">\n\t\t\t<div class=\"elementor-widget-wrap elementor-element-populated\">\n\t\t\t\t\t\t<div class=\"elementor-element elementor-element-fa857c8 elementor-widget elementor-widget-text-editor\" data-id=\"fa857c8\" data-element_type=\"widget\" data-e-type=\"widget\" data-widget_type=\"text-editor.default\">\n\t\t\t\t<div class=\"elementor-widget-container\">\n\t\t\t\t\t\t\t\t\t<p>Avant Strauss-Kahn, le premier \u00e0 parler de r\u00e9gulation de l\u2019\u00c9tat, c\u2019est Monsieur Louis Blanc. Il est accus\u00e9 de faire les ateliers nationaux, une esp\u00e8ce de truc tr\u00e8s sovi\u00e9tique, en r\u00e9alit\u00e9, on le sait maintenant, ce sont ses ennemis qui ont fait \u00e7a contre lui. Il faisait des ateliers sociaux, c\u2019\u00e9tait juste des coop\u00e9ratives. Tout \u00e7a, reste vraiment de l\u2019histoire id\u00e9ologique.<\/p><p>\u00a0<\/p><p>Il n\u2019y a pas de coupure, je vous l\u2019ai dit tout \u00e0 l\u2019heure, entre 48 et 70-75. Il y a toute une nouvelle historiographie qui s\u2019est mise en place, la France n\u2019est pas un pays qui domine le monde, totalement autochtone, il m\u00e9prise tous les autres parce qu\u2019en fait, elle leur a beaucoup emprunt\u00e9.<\/p><p>\u00a0<\/p><p>Elle a emprunt\u00e9 aux Suisses, elle a emprunt\u00e9 aux Hollandais, elle a emprunt\u00e9 aux Anglais, elle a peut-\u00eatre et surement emprunt\u00e9 aux Corses, donc ce n\u2019est pas une \u00eele isol\u00e9e totalement et qui ignore tout le monde. \u00c7\u00e0 aussi, ce sont les fameux nouveaux travaux sur les transferts culturels.<\/p><p>\u00a0<\/p><p>Depuis la conception de la libert\u00e9, et j\u2019insiste un petit peu, si vous me le permettez, Jean-Guy Talamoni, la conception de la libert\u00e9 des R\u00e9publicains Fran\u00e7ais &#8211; j\u2019ai le bonheur d\u2019\u00e9diter Jean-Fabien Spitz qui est un tr\u00e8s grand chercheur sur cette question &#8211; anticipe d\u00e9j\u00e0 ce qu\u2019on appelle \u00ab\u00a0<em>la Libert\u00e9 comme non-domination<\/em>\u00a0\u00bbde nos amis Philip\u00a0Pettit et Quentin\u00a0Skinner. C\u2019est-\u00e0-dire l\u2019id\u00e9e que ce n\u2019est pas la libert\u00e9 des lib\u00e9raux, parce que la libert\u00e9 des lib\u00e9raux, c\u2019est la libert\u00e9 du \u00ab\u00a0renard dans le poulailler\u00a0\u00bb\u00a0! Et effectivement, nous ne pensons pas que l\u2019\u00c9tat doit tout faire, mais il doit venir donner les moyens \u00e0 chaque individu de construire sa propre \u00e9mancipation. \u00c7a peut \u00eatre par la redistribution sociale, \u00e7a peut \u00eatre par l\u2019\u00e9quilibre des territoires, \u00e7a peut \u00eatre aussi \u00e9videmment par l\u2019\u00e9cole, et d\u2019abord peut-\u00eatre par l\u2019\u00e9cole, dans l\u2019id\u00e9e R\u00e9publicaine. Mais l\u2019id\u00e9e est bien que ce que nous ne voulons pas, c\u2019est qu\u2019un individu soit domin\u00e9 par un autre, par toutes formes de dominations. Il y a une anticipation dans les textes concernant la libert\u00e9, qui est une anticipation des plus actuelles, en tout cas, des plus en vogue, anglo-saxonne, sur la libert\u00e9.<\/p><p>\u00a0<\/p><p>Tout \u00e7a s\u2019est mis en place aux alentours des ann\u00e9es\u00a02000, il y a des r\u00e9seaux de chercheurs, j\u2019en ai regroup\u00e9 un certain nombre, en tout cas, fait travailler un certain nombre dans la collection biblioth\u00e8que R\u00e9publicaine, qui permettait de republier les textes anciens. L\u00e0, on \u00e9voquait Louis Blanc par exemple, mais on a fait des tas d\u2019autres choses, la la\u00efcit\u00e9 chez Jaur\u00e8s, une trentaine de titres, avec des chercheurs qui n\u2019appartiennent pas aux trois \u00e9coles dominantes dont je vous ai parl\u00e9es, mais qui progressivement, en vingt ans, ont commenc\u00e9 \u00e0 essemer sur le plan international, c\u2019est \u00e9vident que c\u2019est \u00e7a qui marche. En France, nous avons du mal \u00e0 faire entendre ce message, parce que les manipulations politiques de ces termes R\u00e9publicains, sont plus fortes que les travaux scientifiques.<\/p><p>\u00a0<\/p><p>Voil\u00e0, \u00e0 mon sens, quel est l\u2019\u00e9tat actuel des \u00e9tudes R\u00e9publicaines, elles continuent \u00e0 \u00eatre assez actives, je pense que le grand apport, c\u2019est l\u2019ouverture vers l\u2019ext\u00e9rieur.<\/p><p>\u00a0<\/p><p>Aujourd\u2019hui, dans nos ressources propres, si vous voulez relire \u00e9ternellement C\u00e9lestin\u00a0Bougl\u00e9, Jaur\u00e8s, Louis Blanc \u2026 Nous le faisons, il faut le faire et c\u2019est tr\u00e8s bien, mais ce qui est peut-\u00eatre le plus productif, aujourd\u2019hui, et \u00e0 ce titre que le travail que vous faites \u00e0 Corte est int\u00e9ressant, c\u2019est de comprendre qu\u2019il y a eu \u00e9norm\u00e9ment d\u2019\u00e9changes, \u00e9change avec l\u2019Italie, la Corse, la Suisse, les pays protestants, tout ce mod\u00e8le, j\u2019en parlais d\u2019ailleurs au nouveau ministre de l\u2019\u00c9ducation r\u00e9cemment, tout le d\u00e9bat autour de Ferry, c\u2019est un d\u00e9bat aussi qui opposait, dans le fond, une veine protestante et une veine catholique. Ce mod\u00e8le d\u2019\u00e9ducation lib\u00e9rale, les Pestalozzi, les Suisses, c\u2019est-\u00e0-dire la p\u00e9dagogie par projet, la p\u00e9dagogie coop\u00e9rative, le respect du corps, c\u2019est une opposition \u00e0 une p\u00e9dagogie catholique qui \u00e9tait dominante chez nous. Et ce sont des choses qui sont tr\u00e8s inscrites dans l\u2019imaginaire du pays.<\/p><p>\u00a0<\/p><p>Au passage, puisque l\u2019uniforme est \u00e0 la mode, par exemple, l\u2019uniforme n\u2019a jamais exist\u00e9 dans la cour de la R\u00e9publique. C\u2019est une blague\u00a0! C\u2019est une idiotie\u00a0! Moi j\u2019ai port\u00e9 la blouse, parce que j\u2019\u00e9crivais \u00e0 la plume sergent major et on se t\u00e2chait avec l\u2019encre. Nous avions des blouses diff\u00e9rentes, \u00e0 l\u2019\u00e9poque, nous ne faisions pas fabriquer nos pulls \u00e0 Ta\u00efwan ou je ne sais o\u00f9, on avait un pull\u00a0! Donc on faisait attention ! Les seuls uniformes qui ont exist\u00e9, les seuls, ce sont dans les lyc\u00e9es imp\u00e9riaux et dans les \u00e9coles chr\u00e9tiennes. Dans l\u2019\u00e9cole de la R\u00e9publique, je n\u2019ai jamais eu d\u2019uniforme. Que les grands savants demandent au m\u00e9pris de ceux qui ne savent pas, nous racontent des billeves\u00e9es pareilles, \u00ab\u00a0<em>ce sont des billeves\u00e9es<\/em>\u00a0\u00bb comme le dirait Moli\u00e8re, qui ne r\u00e9sistent pas \u00e0 l\u2019analyse scientifique et \u00e0 l\u2019histoire r\u00e9elle mais on voit bien que \u00e7a a un poids politique.<\/p><p>\u00a0<\/p><p>De la m\u00eame fa\u00e7on, la la\u00efcit\u00e9 n\u2019a pas \u00e9t\u00e9 faite pour priver les religions minoritaires, mais tout au contraire. Nous n\u2019avons jamais eu le combat de la religion dominante contre cette loi la\u00efque, pour permettre \u00e0 chacun, \u00e0 tous, dans la diversit\u00e9, de pouvoir exercer son culte, et m\u00eame ceux qui ne veulent pas exercer de culte.<\/p><p>\u00a0<\/p><p>Voil\u00e0, je m\u2019en tiens l\u00e0 parce que mon plaisir sera de parler avec vous, je voulais brosser un rapide tableau de l\u2019\u00e9tat actuel des \u00e9tudes R\u00e9publicaines, vous dire que je suis tr\u00e8s sensible au travail que vous avez engag\u00e9 \u00e0 Corte.<\/p><p>\u00a0<\/p><p><em>Applaudissements<\/em><\/p>\t\t\t\t\t\t\t\t<\/div>\n\t\t\t\t<\/div>\n\t\t\t\t<div class=\"elementor-element elementor-element-9db83e1 elementor-widget-divider--view-line elementor-widget elementor-widget-divider\" data-id=\"9db83e1\" data-element_type=\"widget\" data-e-type=\"widget\" data-widget_type=\"divider.default\">\n\t\t\t\t<div class=\"elementor-widget-container\">\n\t\t\t\t\t\t\t<div class=\"elementor-divider\">\n\t\t\t<span class=\"elementor-divider-separator\">\n\t\t\t\t\t\t<\/span>\n\t\t<\/div>\n\t\t\t\t\t\t<\/div>\n\t\t\t\t<\/div>\n\t\t\t\t\t<\/div>\n\t\t<\/div>\n\t\t\t\t<div class=\"elementor-column elementor-col-50 elementor-top-column elementor-element elementor-element-4d3d7a5 elementor-hidden-mobile\" data-id=\"4d3d7a5\" data-element_type=\"column\" data-e-type=\"column\">\n\t\t\t<div class=\"elementor-widget-wrap elementor-element-populated\">\n\t\t\t\t\t\t<div class=\"elementor-element elementor-element-833c4aa elementor-widget-divider--view-line_text elementor-widget-divider--element-align-center elementor-widget elementor-widget-divider\" data-id=\"833c4aa\" data-element_type=\"widget\" data-e-type=\"widget\" data-widget_type=\"divider.default\">\n\t\t\t\t<div class=\"elementor-widget-container\">\n\t\t\t\t\t\t\t<div class=\"elementor-divider\">\n\t\t\t<span class=\"elementor-divider-separator\">\n\t\t\t\t\t\t\t<p class=\"elementor-divider__text elementor-divider__element\">\n\t\t\t\tPage 5\t\t\t\t<\/p>\n\t\t\t\t\t\t<\/span>\n\t\t<\/div>\n\t\t\t\t\t\t<\/div>\n\t\t\t\t<\/div>\n\t\t\t\t\t<\/div>\n\t\t<\/div>\n\t\t\t\t\t<\/div>\n\t\t<\/section>\n\t\t\t\t<section data-particle_enable=\"false\" data-particle-mobile-disabled=\"false\" class=\"elementor-section elementor-top-section elementor-element elementor-element-2a872657 elementor-section-boxed elementor-section-height-default elementor-section-height-default\" data-id=\"2a872657\" data-element_type=\"section\" data-e-type=\"section\">\n\t\t\t\t\t\t<div class=\"elementor-container elementor-column-gap-default\">\n\t\t\t\t\t<div class=\"elementor-column elementor-col-50 elementor-top-column elementor-element elementor-element-160789f\" data-id=\"160789f\" data-element_type=\"column\" data-e-type=\"column\">\n\t\t\t<div class=\"elementor-widget-wrap\">\n\t\t\t\t\t\t\t<\/div>\n\t\t<\/div>\n\t\t\t\t<div class=\"elementor-column elementor-col-50 elementor-top-column elementor-element elementor-element-3c86fa4f\" data-id=\"3c86fa4f\" data-element_type=\"column\" data-e-type=\"column\">\n\t\t\t<div class=\"elementor-widget-wrap\">\n\t\t\t\t\t\t\t<\/div>\n\t\t<\/div>\n\t\t\t\t\t<\/div>\n\t\t<\/section>\n\t\t\t\t<section data-particle_enable=\"false\" data-particle-mobile-disabled=\"false\" class=\"elementor-section elementor-top-section elementor-element elementor-element-7905badf elementor-section-boxed elementor-section-height-default elementor-section-height-default\" data-id=\"7905badf\" data-element_type=\"section\" data-e-type=\"section\">\n\t\t\t\t\t\t<div class=\"elementor-container elementor-column-gap-default\">\n\t\t\t\t\t<div class=\"elementor-column elementor-col-100 elementor-top-column elementor-element elementor-element-3612363e\" data-id=\"3612363e\" data-element_type=\"column\" data-e-type=\"column\">\n\t\t\t<div class=\"elementor-widget-wrap elementor-element-populated\">\n\t\t\t\t\t\t<div class=\"elementor-element elementor-element-58d89c42 elementor-share-buttons--skin-boxed elementor-share-buttons--view-icon-text elementor-share-buttons--shape-square elementor-grid-0 elementor-share-buttons--color-official elementor-widget elementor-widget-share-buttons\" data-id=\"58d89c42\" data-element_type=\"widget\" data-e-type=\"widget\" data-widget_type=\"share-buttons.default\">\n\t\t\t\t<div class=\"elementor-widget-container\">\n\t\t\t\t\t\t\t<div class=\"elementor-grid\" role=\"list\">\n\t\t\t\t\t\t\t\t<div class=\"elementor-grid-item\" role=\"listitem\">\n\t\t\t\t\t\t<div class=\"elementor-share-btn elementor-share-btn_facebook\" role=\"button\" tabindex=\"0\" aria-label=\"Partager sur facebook\">\n\t\t\t\t\t\t\t\t\t\t\t\t\t\t\t<span class=\"elementor-share-btn__icon\">\n\t\t\t\t\t\t\t\t<i class=\"fab fa-facebook\" aria-hidden=\"true\"><\/i>\t\t\t\t\t\t\t<\/span>\n\t\t\t\t\t\t\t\t\t\t\t\t\t\t\t\t\t\t\t\t\t\t<div class=\"elementor-share-btn__text\">\n\t\t\t\t\t\t\t\t\t\t\t\t\t\t\t\t\t\t\t<span class=\"elementor-share-btn__title\">\n\t\t\t\t\t\t\t\t\t\tFacebook\t\t\t\t\t\t\t\t\t<\/span>\n\t\t\t\t\t\t\t\t\t\t\t\t\t\t\t\t\t<\/div>\n\t\t\t\t\t\t\t\t\t\t\t\t\t<\/div>\n\t\t\t\t\t<\/div>\n\t\t\t\t\t\t\t\t\t<div class=\"elementor-grid-item\" role=\"listitem\">\n\t\t\t\t\t\t<div class=\"elementor-share-btn elementor-share-btn_twitter\" role=\"button\" tabindex=\"0\" aria-label=\"Partager sur twitter\">\n\t\t\t\t\t\t\t\t\t\t\t\t\t\t\t<span class=\"elementor-share-btn__icon\">\n\t\t\t\t\t\t\t\t<i class=\"fab fa-twitter\" aria-hidden=\"true\"><\/i>\t\t\t\t\t\t\t<\/span>\n\t\t\t\t\t\t\t\t\t\t\t\t\t\t\t\t\t\t\t\t\t\t<div class=\"elementor-share-btn__text\">\n\t\t\t\t\t\t\t\t\t\t\t\t\t\t\t\t\t\t\t<span class=\"elementor-share-btn__title\">\n\t\t\t\t\t\t\t\t\t\tTwitter\t\t\t\t\t\t\t\t\t<\/span>\n\t\t\t\t\t\t\t\t\t\t\t\t\t\t\t\t\t<\/div>\n\t\t\t\t\t\t\t\t\t\t\t\t\t<\/div>\n\t\t\t\t\t<\/div>\n\t\t\t\t\t\t\t\t\t<div class=\"elementor-grid-item\" role=\"listitem\">\n\t\t\t\t\t\t<div class=\"elementor-share-btn elementor-share-btn_linkedin\" role=\"button\" tabindex=\"0\" aria-label=\"Partager sur linkedin\">\n\t\t\t\t\t\t\t\t\t\t\t\t\t\t\t<span class=\"elementor-share-btn__icon\">\n\t\t\t\t\t\t\t\t<i class=\"fab fa-linkedin\" aria-hidden=\"true\"><\/i>\t\t\t\t\t\t\t<\/span>\n\t\t\t\t\t\t\t\t\t\t\t\t\t\t\t\t\t\t\t\t\t\t<div class=\"elementor-share-btn__text\">\n\t\t\t\t\t\t\t\t\t\t\t\t\t\t\t\t\t\t\t<span class=\"elementor-share-btn__title\">\n\t\t\t\t\t\t\t\t\t\tLinkedIn\t\t\t\t\t\t\t\t\t<\/span>\n\t\t\t\t\t\t\t\t\t\t\t\t\t\t\t\t\t<\/div>\n\t\t\t\t\t\t\t\t\t\t\t\t\t<\/div>\n\t\t\t\t\t<\/div>\n\t\t\t\t\t\t<\/div>\n\t\t\t\t\t\t<\/div>\n\t\t\t\t<\/div>\n\t\t\t\t<div class=\"elementor-element elementor-element-47be1c64 elementor-widget-divider--separator-type-pattern elementor-widget-divider--no-spacing elementor-widget-divider--view-line elementor-widget elementor-widget-divider\" data-id=\"47be1c64\" data-element_type=\"widget\" data-e-type=\"widget\" data-widget_type=\"divider.default\">\n\t\t\t\t<div class=\"elementor-widget-container\">\n\t\t\t\t\t\t\t<div class=\"elementor-divider\" style=\"--divider-pattern-url: url(&quot;data:image\/svg+xml,%3Csvg xmlns=&#039;http:\/\/www.w3.org\/2000\/svg&#039; preserveAspectRatio=&#039;none&#039; overflow=&#039;visible&#039; height=&#039;100%&#039; viewBox=&#039;0 0 24 24&#039; fill=&#039;black&#039; stroke=&#039;none&#039;%3E%3Cpath d=&#039;M24,8v12H0V8H24z M24,4v1H0V4H24z&#039;\/%3E%3C\/svg%3E&quot;);\">\n\t\t\t<span class=\"elementor-divider-separator\">\n\t\t\t\t\t\t<\/span>\n\t\t<\/div>\n\t\t\t\t\t\t<\/div>\n\t\t\t\t<\/div>\n\t\t\t\t<div class=\"elementor-element elementor-element-613bf0b4 elementor-widget elementor-widget-heading\" data-id=\"613bf0b4\" data-element_type=\"widget\" data-e-type=\"widget\" data-widget_type=\"heading.default\">\n\t\t\t\t<div class=\"elementor-widget-container\">\n\t\t\t\t\t<h4 class=\"elementor-heading-title elementor-size-default\">D'autres articles<\/h4>\t\t\t\t<\/div>\n\t\t\t\t<\/div>\n\t\t\t\t<div class=\"elementor-element elementor-element-7ab40fe2 elementor-grid-1 elementor-posts--thumbnail-left elementor-grid-tablet-1 elementor-grid-mobile-1 elementor-widget elementor-widget-posts\" data-id=\"7ab40fe2\" data-element_type=\"widget\" data-e-type=\"widget\" data-settings=\"{&quot;classic_columns&quot;:&quot;1&quot;,&quot;classic_row_gap&quot;:{&quot;unit&quot;:&quot;px&quot;,&quot;size&quot;:20,&quot;sizes&quot;:[]},&quot;classic_columns_tablet&quot;:&quot;1&quot;,&quot;classic_columns_mobile&quot;:&quot;1&quot;,&quot;classic_row_gap_tablet&quot;:{&quot;unit&quot;:&quot;px&quot;,&quot;size&quot;:&quot;&quot;,&quot;sizes&quot;:[]},&quot;classic_row_gap_mobile&quot;:{&quot;unit&quot;:&quot;px&quot;,&quot;size&quot;:&quot;&quot;,&quot;sizes&quot;:[]}}\" data-widget_type=\"posts.classic\">\n\t\t\t\t<div class=\"elementor-widget-container\">\n\t\t\t\t\t\t\t<div class=\"elementor-posts-container elementor-posts elementor-posts--skin-classic elementor-grid\" role=\"list\">\n\t\t\t\t<article class=\"elementor-post elementor-grid-item post-2027 post type-post status-publish format-standard has-post-thumbnail hentry category-numero3\" role=\"listitem\">\n\t\t\t\t<a class=\"elementor-post__thumbnail__link\" href=\"https:\/\/m3c.universita.corsica\/lumi\/la-loi-toubon-et-la-loi-101-de-la-philosophie-au-droit-la-france-et-le-quebec-entre-republicanisme-et-liberalisme\/\" tabindex=\"-1\" >\n\t\t\t<div class=\"elementor-post__thumbnail\"><img fetchpriority=\"high\" decoding=\"async\" width=\"300\" height=\"169\" src=\"https:\/\/lumi.univ-corse.fr\/wp-content\/uploads\/2023\/12\/quebec-france-lumi-numero-3-300x169.jpg\" class=\"attachment-medium size-medium wp-image-2130\" alt=\"\" srcset=\"https:\/\/lumi.univ-corse.fr\/wp-content\/uploads\/2023\/12\/quebec-france-lumi-numero-3-300x169.jpg 300w, https:\/\/lumi.univ-corse.fr\/wp-content\/uploads\/2023\/12\/quebec-france-lumi-numero-3-1024x576.jpg 1024w, https:\/\/lumi.univ-corse.fr\/wp-content\/uploads\/2023\/12\/quebec-france-lumi-numero-3-768x432.jpg 768w, https:\/\/lumi.univ-corse.fr\/wp-content\/uploads\/2023\/12\/quebec-france-lumi-numero-3-1536x864.jpg 1536w, https:\/\/lumi.univ-corse.fr\/wp-content\/uploads\/2023\/12\/quebec-france-lumi-numero-3-2048x1152.jpg 2048w\" sizes=\"(max-width: 300px) 100vw, 300px\" \/><\/div>\n\t\t<\/a>\n\t\t\t\t<div class=\"elementor-post__text\">\n\t\t\t\t<h3 class=\"elementor-post__title\">\n\t\t\t<a href=\"https:\/\/m3c.universita.corsica\/lumi\/la-loi-toubon-et-la-loi-101-de-la-philosophie-au-droit-la-france-et-le-quebec-entre-republicanisme-et-liberalisme\/\" >\n\t\t\t\tLa Loi Toubon et la Loi 101 de la philosophie au droit : la France et le Qu\u00e9bec entre r\u00e9publicanisme et lib\u00e9ralisme\t\t\t<\/a>\n\t\t<\/h3>\n\t\t\t\t<div class=\"elementor-post__meta-data\">\n\t\t\t\t\t<span class=\"elementor-post-date\">\n\t\t\t9 d\u00e9cembre 2023\t\t<\/span>\n\t\t\t\t<\/div>\n\t\t\t\t<div class=\"elementor-post__excerpt\">\n\t\t\t<p>Comme les travaux men\u00e9s par Joseph-G. Turi \u00e0 la fin des ann\u00e9es 1980 l\u2019ont d\u00e9montr\u00e9, les l\u00e9gislations linguistiques qu\u00e9b\u00e9coise et fran\u00e7aise visaient toutes deux la cons\u00e9cration d\u2019une seule langue officielle, mais avaient fait l\u2019objet d\u2019interpr\u00e9tations plut\u00f4t favorables \u00e0 une langue autre[2]. Depuis&#8230;<\/p>\n\t\t<\/div>\n\t\t\t\t<\/div>\n\t\t\t\t<\/article>\n\t\t\t\t<article class=\"elementor-post elementor-grid-item post-2019 post type-post status-publish format-standard has-post-thumbnail hentry category-numero3\" role=\"listitem\">\n\t\t\t\t<a class=\"elementor-post__thumbnail__link\" href=\"https:\/\/m3c.universita.corsica\/lumi\/pasquale-paoli-et-sa-documentation-sur-les-regimes-mixtes-de-lantiquite\/\" tabindex=\"-1\" >\n\t\t\t<div class=\"elementor-post__thumbnail\"><img decoding=\"async\" width=\"300\" height=\"169\" src=\"https:\/\/lumi.univ-corse.fr\/wp-content\/uploads\/2023\/12\/republicanisme-corse-lumi-numero-3-300x169.jpg\" class=\"attachment-medium size-medium wp-image-2081\" alt=\"\" srcset=\"https:\/\/lumi.univ-corse.fr\/wp-content\/uploads\/2023\/12\/republicanisme-corse-lumi-numero-3-300x169.jpg 300w, https:\/\/lumi.univ-corse.fr\/wp-content\/uploads\/2023\/12\/republicanisme-corse-lumi-numero-3-1024x576.jpg 1024w, https:\/\/lumi.univ-corse.fr\/wp-content\/uploads\/2023\/12\/republicanisme-corse-lumi-numero-3-768x432.jpg 768w, https:\/\/lumi.univ-corse.fr\/wp-content\/uploads\/2023\/12\/republicanisme-corse-lumi-numero-3-1536x864.jpg 1536w, https:\/\/lumi.univ-corse.fr\/wp-content\/uploads\/2023\/12\/republicanisme-corse-lumi-numero-3-2048x1152.jpg 2048w\" sizes=\"(max-width: 300px) 100vw, 300px\" \/><\/div>\n\t\t<\/a>\n\t\t\t\t<div class=\"elementor-post__text\">\n\t\t\t\t<h3 class=\"elementor-post__title\">\n\t\t\t<a href=\"https:\/\/m3c.universita.corsica\/lumi\/pasquale-paoli-et-sa-documentation-sur-les-regimes-mixtes-de-lantiquite\/\" >\n\t\t\t\tPasquale Paoli et sa documentation sur les r\u00e9gimes mixtes de l\u2019Antiquit\u00e9\t\t\t<\/a>\n\t\t<\/h3>\n\t\t\t\t<div class=\"elementor-post__meta-data\">\n\t\t\t\t\t<span class=\"elementor-post-date\">\n\t\t\t9 d\u00e9cembre 2023\t\t<\/span>\n\t\t\t\t<\/div>\n\t\t\t\t<div class=\"elementor-post__excerpt\">\n\t\t\t<p>Qu\u2019est-ce que les r\u00e9volutionnaires corses du XVIIIe si\u00e8cle ont cherch\u00e9 dans la documentation antique \u00e0 propos des r\u00e9gimes mixtes et, surtout, qu\u2019y ont-ils trouv\u00e9\u00a0? C\u2019est une question que l\u2019on abordera en la circonscrivant \u00e0 des limites raisonnables, c\u2019est-\u00e0-dire \u00e0 un personnage, Pasquale Paoli, et \u00e0 sa&#8230;<\/p>\n\t\t<\/div>\n\t\t\t\t<\/div>\n\t\t\t\t<\/article>\n\t\t\t\t<article class=\"elementor-post elementor-grid-item post-2006 post type-post status-publish format-standard has-post-thumbnail hentry category-editorial3\" role=\"listitem\">\n\t\t\t\t<a class=\"elementor-post__thumbnail__link\" href=\"https:\/\/m3c.universita.corsica\/lumi\/__trashed-2\/\" tabindex=\"-1\" >\n\t\t\t<div class=\"elementor-post__thumbnail\"><img decoding=\"async\" width=\"300\" height=\"168\" src=\"https:\/\/lumi.univ-corse.fr\/wp-content\/uploads\/2023\/12\/echanges-vincent-peillon-lumi-numero-3-300x168.jpg\" class=\"attachment-medium size-medium wp-image-2147\" alt=\"\" srcset=\"https:\/\/lumi.univ-corse.fr\/wp-content\/uploads\/2023\/12\/echanges-vincent-peillon-lumi-numero-3-300x168.jpg 300w, https:\/\/lumi.univ-corse.fr\/wp-content\/uploads\/2023\/12\/echanges-vincent-peillon-lumi-numero-3-1024x575.jpg 1024w, https:\/\/lumi.univ-corse.fr\/wp-content\/uploads\/2023\/12\/echanges-vincent-peillon-lumi-numero-3-768x431.jpg 768w, https:\/\/lumi.univ-corse.fr\/wp-content\/uploads\/2023\/12\/echanges-vincent-peillon-lumi-numero-3.jpg 1058w\" sizes=\"(max-width: 300px) 100vw, 300px\" \/><\/div>\n\t\t<\/a>\n\t\t\t\t<div class=\"elementor-post__text\">\n\t\t\t\t<h3 class=\"elementor-post__title\">\n\t\t\t<a href=\"https:\/\/m3c.universita.corsica\/lumi\/__trashed-2\/\" >\n\t\t\t\t\u00c9changes avec Vincent Peillon\t\t\t<\/a>\n\t\t<\/h3>\n\t\t\t\t<div class=\"elementor-post__meta-data\">\n\t\t\t\t\t<span class=\"elementor-post-date\">\n\t\t\t8 d\u00e9cembre 2023\t\t<\/span>\n\t\t\t\t<\/div>\n\t\t\t\t<div class=\"elementor-post__excerpt\">\n\t\t\t<p>Jean-Guy TALAMONI<br \/>\nMerci, Vincent Peillon, pour cette conf\u00e9rence qui ouvre des pistes et pr\u00e9sente des id\u00e9es nouvelles, \u00e0 plusieurs titres. Il serait int\u00e9ressant qu\u2019il y ait un \u00e9change avec les coll\u00e8gues qui sont pr\u00e9sents \u00e0 ce colloque. D\u2019autant que&#8230;<\/p>\n\t\t<\/div>\n\t\t\t\t<\/div>\n\t\t\t\t<\/article>\n\t\t\t\t<\/div>\n\t\t\n\t\t\t\t\t\t<\/div>\n\t\t\t\t<\/div>\n\t\t\t\t\t<\/div>\n\t\t<\/div>\n\t\t\t\t\t<\/div>\n\t\t<\/section>\n\t\t\t\t<\/div>\n\t\t","protected":false},"excerpt":{"rendered":"<p>Nous abordons un sujet, et c\u2019est un peu de \u00e7a dont je voudrais vous parler de fa\u00e7on introductive, qui est un sujet du point de vue de la recherche scientifique intellectuelle, tr\u00e8s difficile. Pourquoi\u00a0? Tout d\u2019abord, parce qu\u2019il y a une histoire mais aussi parce qu\u2019il est tr\u00e8s complexe de faire la part entre&#8230;<\/p>\n","protected":false},"author":47,"featured_media":2246,"comment_status":"closed","ping_status":"closed","sticky":false,"template":"","format":"standard","meta":{"_acf_changed":false,"footnotes":""},"categories":[21],"tags":[],"class_list":["post-2145","post","type-post","status-publish","format-standard","has-post-thumbnail","hentry","category-editorial3"],"acf":[],"_links":{"self":[{"href":"https:\/\/m3c.universita.corsica\/lumi\/wp-json\/wp\/v2\/posts\/2145","targetHints":{"allow":["GET"]}}],"collection":[{"href":"https:\/\/m3c.universita.corsica\/lumi\/wp-json\/wp\/v2\/posts"}],"about":[{"href":"https:\/\/m3c.universita.corsica\/lumi\/wp-json\/wp\/v2\/types\/post"}],"author":[{"embeddable":true,"href":"https:\/\/m3c.universita.corsica\/lumi\/wp-json\/wp\/v2\/users\/47"}],"replies":[{"embeddable":true,"href":"https:\/\/m3c.universita.corsica\/lumi\/wp-json\/wp\/v2\/comments?post=2145"}],"version-history":[{"count":13,"href":"https:\/\/m3c.universita.corsica\/lumi\/wp-json\/wp\/v2\/posts\/2145\/revisions"}],"predecessor-version":[{"id":2365,"href":"https:\/\/m3c.universita.corsica\/lumi\/wp-json\/wp\/v2\/posts\/2145\/revisions\/2365"}],"wp:featuredmedia":[{"embeddable":true,"href":"https:\/\/m3c.universita.corsica\/lumi\/wp-json\/wp\/v2\/media\/2246"}],"wp:attachment":[{"href":"https:\/\/m3c.universita.corsica\/lumi\/wp-json\/wp\/v2\/media?parent=2145"}],"wp:term":[{"taxonomy":"category","embeddable":true,"href":"https:\/\/m3c.universita.corsica\/lumi\/wp-json\/wp\/v2\/categories?post=2145"},{"taxonomy":"post_tag","embeddable":true,"href":"https:\/\/m3c.universita.corsica\/lumi\/wp-json\/wp\/v2\/tags?post=2145"}],"curies":[{"name":"wp","href":"https:\/\/api.w.org\/{rel}","templated":true}]}}