{"id":220,"date":"2022-11-05T08:00:41","date_gmt":"2022-11-05T08:00:41","guid":{"rendered":"https:\/\/lumi.albaagency.fr\/?p=220"},"modified":"2025-07-21T20:00:30","modified_gmt":"2025-07-21T20:00:30","slug":"napoleon-et-linsularite","status":"publish","type":"post","link":"https:\/\/m3c.universita.corsica\/lumi\/napoleon-et-linsularite\/","title":{"rendered":"Napol\u00e9on et l\u2019insularit\u00e9"},"content":{"rendered":"\t\t<div data-elementor-type=\"wp-post\" data-elementor-id=\"220\" class=\"elementor elementor-220\" data-elementor-post-type=\"post\">\n\t\t\t\t<div data-particle_enable=\"false\" data-particle-mobile-disabled=\"false\" class=\"elementor-element elementor-element-988beaa e-flex e-con-boxed e-con e-parent\" data-id=\"988beaa\" data-element_type=\"container\" data-e-type=\"container\">\n\t\t\t\t\t<div class=\"e-con-inner\">\n\t\t<div data-particle_enable=\"false\" data-particle-mobile-disabled=\"false\" class=\"elementor-element elementor-element-cffc521 e-con-full e-flex e-con e-child\" data-id=\"cffc521\" data-element_type=\"container\" data-e-type=\"container\">\n\t\t\t\t<div class=\"elementor-element elementor-element-8712f5a elementor-widget elementor-widget-text-editor\" data-id=\"8712f5a\" data-element_type=\"widget\" data-e-type=\"widget\" data-widget_type=\"text-editor.default\">\n\t\t\t\t<div class=\"elementor-widget-container\">\n\t\t\t\t\t\t\t\t\t<p>\u00ab\u00a0Je naquis quand la patrie p\u00e9rissait\u2026\u00a0\u00bb<\/p>\n<p>Tr\u00e8s jeune, le futur empereur se trouve d\u00e9tach\u00e9 de son \u00eele natale mais ce d\u00e9racinement accentue en lui cette fascination pour la Corse. Qui plus est, \u00e0 Sainte-H\u00e9l\u00e8ne, il retrouvera un grand nombre de compatriotes qui seront aupr\u00e8s de lui \u00e0 partir d\u2019octobre 1815 puis de septembre 1819.<\/p>\n<p>Tout d\u00e9bute le 15 ao\u00fbt 1769 avec les f\u00eates mariales\u00a0: sa m\u00e8re accouche dans des conditions difficiles mais on d\u00e9cide de le baptiser du pr\u00e9nom d\u2019un de ses grands oncles r\u00e9cemment d\u00e9c\u00e9d\u00e9\u00a0: Napoleone. L\u2019insularit\u00e9 de cet enfant le pr\u00e9destine \u00e0 conserver un lien tr\u00e8s fort avec sa famille.<\/p>\n<p>La fiert\u00e9 de son histoire l\u2019incite aussi profond\u00e9ment \u00e0 revenir \u00e0 plusieurs reprises \u00e0 Ajaccio o\u00f9 il r\u00eave de servir le Babbu, Pascal Paoli. Il se met \u00e0 son service en 1792 mais le choix qu\u2019a fait son p\u00e8re Charles pour le camp des Fran\u00e7ais reste une tache ind\u00e9l\u00e9bile. Ce sera un d\u00e9chirement\u00a0: Napol\u00e9on ne peut \u00eatre \u00e0 la fois sous uniforme r\u00e9publicain et l\u2019envoy\u00e9 des Paolistes. Il lui faut faire ses preuves. L\u2019exp\u00e9dition conduite \u00e0 La Maddalena, sur les \u00eelots San Stefano, ne remporte pas le succ\u00e8s esp\u00e9r\u00e9 et Napol\u00e9on demande \u00e0 ce que l\u2019on fasse arr\u00eater \u00ab\u00a0les l\u00e2ches et les tra\u00eetres qui ont fait \u00e9chouer cette mission\u00a0\u00bb. Son d\u00e9part pr\u00e9cipit\u00e9 n\u2019est que la cons\u00e9quence logique de cette injonction.<\/p>\n<p>Il revient pourtant sur une \u00eele, en 1798, lors de son d\u00e9part vers l\u2019\u00c9gypte\u00a0: Malte. Il d\u00e9cide de lib\u00e9rer les habitants, jette les bases de la d\u00e9mocratie dans l\u2019esprit des Lumi\u00e8res, avant de se rendre \u00e0 Alexandrie puis au Caire. Dans son palais de La Valette, il a compris qu\u2019il avait un destin de chef politique. De retour de cette exp\u00e9dition, il repasse alors en Corse pour quelques jours, revoyant une derni\u00e8re fois ses amis et ses proches. Et quelques semaines plus tard, il prend le pouvoir par un coup d\u2019\u00c9tat \u00e0 Saint-Cloud.<\/p>\n<p>Gardant un souvenir de la constitution corse de Paoli, il demande \u00e0 ce que l\u2019on s\u2019inspire de ce texte pour le Code civil qu\u2019il dirige et \u00e9dicte en mars 1804. Son insularit\u00e9 se retrouve dans le choix m\u00eame du titre d\u2019\u00ab\u00a0Empereur des Fran\u00e7ais\u00a0\u00bb, et surtout dans le lieu choisi pour la c\u00e9r\u00e9monie inaugurale\u00a0: l\u2019\u00eele de la Cit\u00e9. La cath\u00e9drale Notre-Dame de Paris se pr\u00eate non seulement \u00e0 accueillir les quarante mille invit\u00e9s envisag\u00e9s mais aussi, symboliquement entour\u00e9e d\u2019eau, comme l\u2019\u00e9tait son \u00eele, elle le rassure et lui offre l\u2019\u00e9crin esp\u00e9r\u00e9. Il couronnera son \u00e9pouse Jos\u00e9phine, n\u00e9e elle-m\u00eame sur l\u2019\u00eele de la Martinique. La phrase qu\u2019il prononce d\u2019ailleurs en corse \u00e0 destination de son fr\u00e8re Joseph est r\u00e9v\u00e9latrice\u00a0:\u00a0<em>\u00ab\u00a0S\u00ec Babbu ci vidia\u00a0!\u00a0\u00bb<\/em>\u00a0(<em>\u00ab\u00a0Si notre p\u00e8re nous voyait\u00a0!\u00a0\u00bb<\/em>). Pense-t-il alors \u00e0 son p\u00e8re Charles\u00a0? Ou au p\u00e8re de la Nation corse, Paoli\u00a0?<\/p>\n<p>Sans doute un peu \u00e0 ces deux hommes \u00e0 la fois, eux qui ont tant marqu\u00e9 son destin. C\u2019est d\u2019ailleurs toujours en r\u00e9f\u00e9rence aux\u00a0<em>pieve<\/em>\u00a0corses qu\u2019il cr\u00e9e une conf\u00e9d\u00e9ration du Rhin (dont il devient le protecteur) et la conf\u00e9d\u00e9ration helv\u00e9tique (dont il prend le titre de m\u00e9diateur).<\/p>\n<p>De nouveau, en 1809, c\u2019est sur une \u00eele que son destin militaire se joue\u00a0: l\u2019\u00eele Lobau, au beau milieu du Danube. Il pr\u00e9pare ses troupes \u00e0 la fin du mois de juin avant de les lancer vers la bataille d\u00e9cisive des 4 et 5 juillet. Sans la victoire qui suit, Wagram, sans doute sa dynastie n\u2019aurait jamais \u00e9t\u00e9 engag\u00e9e de la m\u00eame mani\u00e8re puisque cette d\u00e9route des Autrichiens l\u2019autorise \u00e0 demander la main de la fille de son ancien adversaire, Marie-Louise, qui lui donnera son h\u00e9ritier\u00a0: le Roi de Rome.<\/p>\n<p>Apr\u00e8s la Russie en 1812, la Saxe en 1813 et la campagne de France en janvier-mars 1814, contraint d\u2019abdiquer les 4 puis 6 avril suivants \u00e0 Fontainebleau, une fois encore, que lui d\u00e9termine-t-on pour lieu d\u2019exil\u00a0? L\u2019\u00eele d\u2019Elbe, cette fois, devenue fran\u00e7aise depuis 1802, \u00e0 proximit\u00e9 de son \u00eele natale. La douceur m\u00e9diterran\u00e9enne le r\u00e9g\u00e9n\u00e8re et il est accueilli le 4 mai 1814 par le vicaire g\u00e9n\u00e9ral, Arrighi, qu\u2019il conna\u00eet bien. Il s\u2019installe \u00e0 la villa des Mulini puis \u00e0 la villa San Martino o\u00f9 il peut apercevoir les c\u00f4tes corses.<\/p>\n<p>Apr\u00e8s avoir r\u00e9activ\u00e9 la politique \u00e9conomique de l\u2019\u00eele et redonn\u00e9 espoir \u00e0 ses partisans, il s\u2019engage vers une reprise du pouvoir\u00a0: les Cent-Jours. Mais l\u2019\u00e9chec final de Waterloo le contraint de d\u00e9poser les armes, d\u00e9finitivement.<\/p>\n<p>Apr\u00e8s une ultime \u00e9tape \u00e0 l\u2019\u00cele d\u2019Aix en juillet 1815, il accepte de se rendre aux Anglais, d\u2019autres insulaires, fait prisonnier finalement par l\u2019amiral Maitland \u00e0 bord du navire le\u00a0<em>Bellerophon<\/em>.<\/p>\n<p>Son ultime exil se d\u00e9roulera, non aux \u00c9tats-Unis comme il l\u2019avait imagin\u00e9 ou en Angleterre, mais sur une derni\u00e8re \u00eele, Sainte-H\u00e9l\u00e8ne.<\/p>\n<p>Ce dernier \u00e9pisode lui permet d\u2019achever son parcours en insulaire, comme il l\u2019aura toujours \u00e9t\u00e9, et de nouveau entour\u00e9 de plusieurs Corses, notamment de Cipriani qui a le double r\u00f4le de ma\u00eetre d\u2019h\u00f4tel et d\u2019espion, mais aussi (\u00e0 la fin de son s\u00e9jour) d\u2019Antommarchi son chirurgien, ainsi que des abb\u00e9s Buonavita et Vignali.<\/p>\n<p>Cette insularit\u00e9 le suit donc jusqu\u2019\u00e0 ses derniers jours. Et m\u00eame le choix, dans son testament, que son corps \u00ab\u00a0repose sur les bords de la Seine au milieu de ce peuple fran\u00e7ais [\u2026] tant aim\u00e9\u00a0\u00bb le confirme. La France devra lui \u00e9lever un tombeau \u00e0 proximit\u00e9 du fleuve de la capitale et, symboliquement, ce monument de quartzite rouge sera plac\u00e9 sur une \u00ab\u00a0\u00eele\u00a0\u00bb de marbre et de granit, entour\u00e9e cette fois des noms grav\u00e9s de ses batailles et des hauts-reliefs de ses r\u00e9alisations civiles.<\/p>\n<p>L\u2019insulaire aura donc achev\u00e9 son destin comme il l\u2019avait d\u00e9but\u00e9\u2026<\/p>\t\t\t\t\t\t\t\t<\/div>\n\t\t\t\t<\/div>\n\t\t\t\t<\/div>\n\t\t<div data-particle_enable=\"false\" data-particle-mobile-disabled=\"false\" class=\"elementor-element elementor-element-2d8ce6c elementor-hidden-mobile e-con-full elementor-hidden-tablet e-flex e-con e-child\" data-id=\"2d8ce6c\" data-element_type=\"container\" data-e-type=\"container\">\n\t\t<div data-particle_enable=\"false\" data-particle-mobile-disabled=\"false\" class=\"elementor-element elementor-element-c1e152d e-con-full e-flex e-con e-child\" data-id=\"c1e152d\" data-element_type=\"container\" data-e-type=\"container\">\n\t\t\t\t<div class=\"elementor-element elementor-element-72d25f3 elementor-widget-divider--view-line_text elementor-widget-divider--element-align-center elementor-widget elementor-widget-divider\" data-id=\"72d25f3\" data-element_type=\"widget\" data-e-type=\"widget\" data-widget_type=\"divider.default\">\n\t\t\t\t<div class=\"elementor-widget-container\">\n\t\t\t\t\t\t\t<div class=\"elementor-divider\">\n\t\t\t<span class=\"elementor-divider-separator\">\n\t\t\t\t\t\t\t<p class=\"elementor-divider__text elementor-divider__element\">\n\t\t\t\tPage 1\t\t\t\t<\/p>\n\t\t\t\t\t\t<\/span>\n\t\t<\/div>\n\t\t\t\t\t\t<\/div>\n\t\t\t\t<\/div>\n\t\t\t\t<\/div>\n\t\t\t\t<\/div>\n\t\t\t\t\t<\/div>\n\t\t\t\t<\/div>\n\t\t\t\t<\/div>\n\t\t","protected":false},"excerpt":{"rendered":"<p>\u00ab\u00a0Je naquis quand la patrie p\u00e9rissait\u2026\u00a0\u00bb Tr\u00e8s jeune, le futur empereur se trouve d\u00e9tach\u00e9 de son \u00eele natale mais ce d\u00e9racinement accentue en lui cette fascination pour la Corse. Qui plus est, \u00e0 Sainte-H\u00e9l\u00e8ne, il retrouvera un grand nombre de compatriotes qui seront aupr\u00e8s de lui \u00e0 partir d\u2019octobre 1815 puis de septembre 1819. Tout [&hellip;]<\/p>\n","protected":false},"author":7,"featured_media":817,"comment_status":"closed","ping_status":"open","sticky":false,"template":"","format":"standard","meta":{"_acf_changed":false,"footnotes":""},"categories":[3],"tags":[],"class_list":["post-220","post","type-post","status-publish","format-standard","has-post-thumbnail","hentry","category-numero1"],"acf":[],"_links":{"self":[{"href":"https:\/\/m3c.universita.corsica\/lumi\/wp-json\/wp\/v2\/posts\/220","targetHints":{"allow":["GET"]}}],"collection":[{"href":"https:\/\/m3c.universita.corsica\/lumi\/wp-json\/wp\/v2\/posts"}],"about":[{"href":"https:\/\/m3c.universita.corsica\/lumi\/wp-json\/wp\/v2\/types\/post"}],"author":[{"embeddable":true,"href":"https:\/\/m3c.universita.corsica\/lumi\/wp-json\/wp\/v2\/users\/7"}],"replies":[{"embeddable":true,"href":"https:\/\/m3c.universita.corsica\/lumi\/wp-json\/wp\/v2\/comments?post=220"}],"version-history":[{"count":4,"href":"https:\/\/m3c.universita.corsica\/lumi\/wp-json\/wp\/v2\/posts\/220\/revisions"}],"predecessor-version":[{"id":4088,"href":"https:\/\/m3c.universita.corsica\/lumi\/wp-json\/wp\/v2\/posts\/220\/revisions\/4088"}],"wp:featuredmedia":[{"embeddable":true,"href":"https:\/\/m3c.universita.corsica\/lumi\/wp-json\/wp\/v2\/media\/817"}],"wp:attachment":[{"href":"https:\/\/m3c.universita.corsica\/lumi\/wp-json\/wp\/v2\/media?parent=220"}],"wp:term":[{"taxonomy":"category","embeddable":true,"href":"https:\/\/m3c.universita.corsica\/lumi\/wp-json\/wp\/v2\/categories?post=220"},{"taxonomy":"post_tag","embeddable":true,"href":"https:\/\/m3c.universita.corsica\/lumi\/wp-json\/wp\/v2\/tags?post=220"}],"curies":[{"name":"wp","href":"https:\/\/api.w.org\/{rel}","templated":true}]}}