{"id":2442,"date":"2024-06-04T22:21:11","date_gmt":"2024-06-04T22:21:11","guid":{"rendered":"https:\/\/m3c.universita.corsica\/lumi\/?p=2442"},"modified":"2025-07-23T15:49:07","modified_gmt":"2025-07-23T15:49:07","slug":"george-sand-et-la-vision-dune-education-moderne-des-femmes","status":"publish","type":"post","link":"https:\/\/m3c.universita.corsica\/lumi\/george-sand-et-la-vision-dune-education-moderne-des-femmes\/","title":{"rendered":"George Sand et la vision d\u2019une \u00e9ducation moderne des femmes"},"content":{"rendered":"\t\t<div data-elementor-type=\"wp-post\" data-elementor-id=\"2442\" class=\"elementor elementor-2442\" data-elementor-post-type=\"post\">\n\t\t\t\t\t\t<section data-particle_enable=\"false\" data-particle-mobile-disabled=\"false\" class=\"elementor-section elementor-top-section elementor-element elementor-element-5e8823c5 elementor-section-full_width elementor-section-height-min-height elementor-section-height-default elementor-section-items-middle\" data-id=\"5e8823c5\" data-element_type=\"section\" data-e-type=\"section\" data-settings=\"{&quot;background_background&quot;:&quot;classic&quot;}\">\n\t\t\t\t\t\t<div class=\"elementor-container elementor-column-gap-default\">\n\t\t\t\t\t<div class=\"elementor-column elementor-col-100 elementor-top-column elementor-element elementor-element-76f81a2a\" data-id=\"76f81a2a\" data-element_type=\"column\" data-e-type=\"column\">\n\t\t\t<div class=\"elementor-widget-wrap\">\n\t\t\t\t\t\t\t<\/div>\n\t\t<\/div>\n\t\t\t\t\t<\/div>\n\t\t<\/section>\n\t\t\t\t<section data-particle_enable=\"false\" data-particle-mobile-disabled=\"false\" class=\"elementor-section elementor-top-section elementor-element elementor-element-3a18bbe8 elementor-section-boxed elementor-section-height-default elementor-section-height-default\" data-id=\"3a18bbe8\" data-element_type=\"section\" data-e-type=\"section\">\n\t\t\t\t\t\t<div class=\"elementor-container elementor-column-gap-default\">\n\t\t\t\t\t<div class=\"elementor-column elementor-col-100 elementor-top-column elementor-element elementor-element-4b643c40\" data-id=\"4b643c40\" data-element_type=\"column\" data-e-type=\"column\">\n\t\t\t<div class=\"elementor-widget-wrap elementor-element-populated\">\n\t\t\t\t\t\t<div class=\"elementor-element elementor-element-408a78ac elementor-widget elementor-widget-heading\" data-id=\"408a78ac\" data-element_type=\"widget\" data-e-type=\"widget\" data-widget_type=\"heading.default\">\n\t\t\t\t<div class=\"elementor-widget-container\">\n\t\t\t\t\t<h1 class=\"elementor-heading-title elementor-size-default\">George Sand et la vision d\u2019une \u00e9ducation moderne des femmes<\/h1>\t\t\t\t<\/div>\n\t\t\t\t<\/div>\n\t\t\t\t<div class=\"elementor-element elementor-element-34bfa006 elementor-author-box--name-yes elementor-author-box--biography-yes elementor-author-box--link-no elementor-widget elementor-widget-author-box\" data-id=\"34bfa006\" data-element_type=\"widget\" data-e-type=\"widget\" data-widget_type=\"author-box.default\">\n\t\t\t\t<div class=\"elementor-widget-container\">\n\t\t\t\t\t\t\t<div class=\"elementor-author-box\">\n\t\t\t\n\t\t\t<div class=\"elementor-author-box__text\">\n\t\t\t\t\t\t\t\t\t<div >\n\t\t\t\t\t\t<h4 class=\"elementor-author-box__name\">\n\t\t\t\t\t\t\tIkram Chemlali\t\t\t\t\t\t<\/h4>\n\t\t\t\t\t<\/div>\n\t\t\t\t\n\t\t\t\t\t\t\t\t\t<div class=\"elementor-author-box__bio\">\n\t\t\t\t\t\tFacult\u00e9 Abdelmalek Essaadi\/ Maroc\t\t\t\t\t<\/div>\n\t\t\t\t\n\t\t\t\t\t\t\t<\/div>\n\t\t<\/div>\n\t\t\t\t\t\t<\/div>\n\t\t\t\t<\/div>\n\t\t\t\t<div class=\"elementor-element elementor-element-1d58fef2 elementor-align-left elementor-widget elementor-widget-button\" data-id=\"1d58fef2\" data-element_type=\"widget\" data-e-type=\"widget\" data-widget_type=\"button.default\">\n\t\t\t\t<div class=\"elementor-widget-container\">\n\t\t\t\t\t\t\t\t\t<div class=\"elementor-button-wrapper\">\n\t\t\t\t\t<a class=\"elementor-button elementor-button-link elementor-size-sm\" href=\"\/lumi\/wp-content\/uploads\/2024\/07\/8-DEFIN.-MODIF.-JGT-RELU-DB-ET-ADM-Ikram-Chemlali.pdf\" target=\"_blank\">\n\t\t\t\t\t\t<span class=\"elementor-button-content-wrapper\">\n\t\t\t\t\t\t<span class=\"elementor-button-icon\">\n\t\t\t\t<i aria-hidden=\"true\" class=\"fas fa-file-download\"><\/i>\t\t\t<\/span>\n\t\t\t\t\t\t\t\t\t<span class=\"elementor-button-text\">Visionner \/ T\u00e9l\u00e9charger la version PDF<\/span>\n\t\t\t\t\t<\/span>\n\t\t\t\t\t<\/a>\n\t\t\t\t<\/div>\n\t\t\t\t\t\t\t\t<\/div>\n\t\t\t\t<\/div>\n\t\t\t\t\t<\/div>\n\t\t<\/div>\n\t\t\t\t\t<\/div>\n\t\t<\/section>\n\t\t<div data-particle_enable=\"false\" data-particle-mobile-disabled=\"false\" class=\"elementor-element elementor-element-fb45a31 e-flex e-con-boxed e-con e-parent\" data-id=\"fb45a31\" data-element_type=\"container\" data-e-type=\"container\">\n\t\t\t\t\t<div class=\"e-con-inner\">\n\t\t<div data-particle_enable=\"false\" data-particle-mobile-disabled=\"false\" class=\"elementor-element elementor-element-264c13a e-con-full e-flex e-con e-child\" data-id=\"264c13a\" data-element_type=\"container\" data-e-type=\"container\">\n\t\t\t\t<div class=\"elementor-element elementor-element-f12e345 elementor-widget elementor-widget-text-editor\" data-id=\"f12e345\" data-element_type=\"widget\" data-e-type=\"widget\" data-widget_type=\"text-editor.default\">\n\t\t\t\t<div class=\"elementor-widget-container\">\n\t\t\t\t\t\t\t\t\t<h3><strong>R\u00e9sum\u00e9\u00a0:<\/strong><\/h3><p>George Sand se montre porteuse d\u2019un projet ambitieux relativement \u00e0 l\u2019\u00e9ducation des filles. Elle est souvent constern\u00e9e de voir combien l\u2019\u00e9ducation des filles est encore \u00e9troite, pauvre et superficielle.<\/p><p>La femme, d\u2019apr\u00e8s Sand, est dou\u00e9e d\u2019un esprit ouvert qui la destine \u00e0 une \u00e9ducation \u00e9gale \u00e0 celle des hommes. Pourquoi donc priver les femmes d\u2019\u00e9tudier certaines mati\u00e8res, dont par exemple la philosophie, sachant que cette mati\u00e8re est le fondement m\u00eame d\u2019une \u00e9ducation la\u00efque\u00a0? De ce fait, l\u2019\u00e9crivaine se place d\u2019embl\u00e9e du c\u00f4t\u00e9 d\u2019une \u00e9ducation qui se fait hors discrimination. Tant que la diff\u00e9rence des deux sexes est pens\u00e9e en termes d\u2019inf\u00e9riorit\u00e9, l\u2019\u00e9ducation des femmes ne m\u00e8ne pas vers leur \u00e9mancipation.<\/p><p>Sand peut \u00eatre \u00e9tudi\u00e9e comme \u00e9tant un exemple d\u2019une \u00e9crivaine du XIX<sup>e<\/sup> si\u00e8cle qui critique l\u2019\u00e9ducation traditionnelle qu\u2019elle consid\u00e8re comme une \u00ab formidable machine \u00e0 d\u00e9cerveler les femmes<sup class=\"modern-footnotes-footnote \" data-mfn=\"1\" data-mfn-post-scope=\"00000000000004c60000000000000000_2442\"><a href=\"javascript:void(0)\"  role=\"button\" aria-pressed=\"false\" aria-describedby=\"mfn-content-00000000000004c60000000000000000_2442-1\">1<\/a><\/sup><span id=\"mfn-content-00000000000004c60000000000000000_2442-1\" role=\"tooltip\" class=\"modern-footnotes-footnote__note\" tabindex=\"0\" data-mfn=\"1\">Michelle Perrot, George Sand \u00e0 Nohant, une maison d\u2019artiste, Paris, Ed. Le Seuil, 2018, p. 45.<\/span> \u00bb. La romanci\u00e8re, tel qu\u2019elle le montre dans ses textes, a toujours cru en la capacit\u00e9 des femmes \u00e0 devenir des individus \u00e9mancip\u00e9s gr\u00e2ce \u00e0 une \u00e9ducation la\u00efque et moderne. Elle conteste, \u00e0 travers de nombreux textes romanesques, l\u2019\u00e9ducation classique qui ne produit que des femmes asservies et soumises qu\u2019on peut facilement contr\u00f4ler.<\/p><p><strong>Mots-cl\u00e9s :\u00a0<\/strong>George Sand, \u00e9ducation, \u00e9mancipation, femme, \u00e9galit\u00e9.<\/p>\t\t\t\t\t\t\t\t<\/div>\n\t\t\t\t<\/div>\n\t\t\t\t<\/div>\n\t\t<div data-particle_enable=\"false\" data-particle-mobile-disabled=\"false\" class=\"elementor-element elementor-element-be6e86d elementor-hidden-mobile e-con-full elementor-hidden-tablet e-flex e-con e-child\" data-id=\"be6e86d\" data-element_type=\"container\" data-e-type=\"container\">\n\t\t<div data-particle_enable=\"false\" data-particle-mobile-disabled=\"false\" class=\"elementor-element elementor-element-7668e47 e-con-full e-flex e-con e-child\" data-id=\"7668e47\" data-element_type=\"container\" data-e-type=\"container\">\n\t\t\t\t<div class=\"elementor-element elementor-element-e7430e5 elementor-widget-divider--view-line_text elementor-widget-divider--element-align-center elementor-widget elementor-widget-divider\" data-id=\"e7430e5\" data-element_type=\"widget\" data-e-type=\"widget\" data-widget_type=\"divider.default\">\n\t\t\t\t<div class=\"elementor-widget-container\">\n\t\t\t\t\t\t\t<div class=\"elementor-divider\">\n\t\t\t<span class=\"elementor-divider-separator\">\n\t\t\t\t\t\t\t<p class=\"elementor-divider__text elementor-divider__element\">\n\t\t\t\tR\u00e9sum\u00e9\t\t\t\t<\/p>\n\t\t\t\t\t\t<\/span>\n\t\t<\/div>\n\t\t\t\t\t\t<\/div>\n\t\t\t\t<\/div>\n\t\t\t\t<div class=\"elementor-element elementor-element-2d230ad eael-tooltip-align-left eael-tooltip-text-align-left elementor-widget elementor-widget-eael-tooltip\" data-id=\"2d230ad\" data-element_type=\"widget\" data-e-type=\"widget\" data-widget_type=\"eael-tooltip.default\">\n\t\t\t\t<div class=\"elementor-widget-container\">\n\t\t\t\t\t\t<div class=\"eael-tooltip\">\n\t\t\t\t\t<p class=\"eael-tooltip-content\" tabindex=\"0\" aria-describedby=\"tooltip-text-2d230ad\"><p>[1] Michelle Perrot, George Sand \u00e0 Nohant...<\/p><\/p>\n  \t\t\t<span id=\"tooltip-text-2d230ad\" class=\"eael-tooltip-text eael-tooltip-bottom\" role=\"tooltip\"><p>Michelle Perrot, George Sand \u00e0 Nohant, une maison d\u2019artiste, Paris, Ed. Le Seuil, 2018, p. 45.<\/p><\/span>\n  \t\t\t<\/div>\n\t\t\t\t\t<\/div>\n\t\t\t\t<\/div>\n\t\t\t\t<\/div>\n\t\t\t\t<\/div>\n\t\t\t\t\t<\/div>\n\t\t\t\t<\/div>\n\t\t<div data-particle_enable=\"false\" data-particle-mobile-disabled=\"false\" class=\"elementor-element elementor-element-495832f e-flex e-con-boxed e-con e-parent\" data-id=\"495832f\" data-element_type=\"container\" data-e-type=\"container\">\n\t\t\t\t\t<div class=\"e-con-inner\">\n\t\t<div data-particle_enable=\"false\" data-particle-mobile-disabled=\"false\" class=\"elementor-element elementor-element-01de2f5 e-con-full e-flex e-con e-child\" data-id=\"01de2f5\" data-element_type=\"container\" data-e-type=\"container\">\n\t\t\t\t<div class=\"elementor-element elementor-element-a81425c elementor-widget elementor-widget-text-editor\" data-id=\"a81425c\" data-element_type=\"widget\" data-e-type=\"widget\" data-widget_type=\"text-editor.default\">\n\t\t\t\t<div class=\"elementor-widget-container\">\n\t\t\t\t\t\t\t\t\t<h3>Introduction<\/h3><p>Sand fait de l\u2019\u00e9ducation le socle de son projet relatif \u00e0 l\u2019\u00e9mancipation f\u00e9minine. Dans la pens\u00e9e sandienne, c\u2019est \u00ab\u00a0<em>l\u2019\u00e9ducation d\u2019abord<\/em><sup class=\"modern-footnotes-footnote \" data-mfn=\"1\" data-mfn-post-scope=\"00000000000004c60000000000000000_2442\"><a href=\"javascript:void(0)\" refnum=\"1\" role=\"button\" aria-pressed=\"false\" aria-describedby=\"mfn-content-00000000000004c60000000000000000_2442-1\">1<\/a><\/sup><span id=\"mfn-content-00000000000004c60000000000000000_2442-1\" role=\"tooltip\" class=\"modern-footnotes-footnote__note\" tabindex=\"0\" data-mfn=\"1\"> BEUVE (Sainte), Pour la critique, Ed. Gallimard, Paris, 1995, p. 43.<\/span>\u00bb. Au sein de l\u2019univers fictionnel sandien, la romanci\u00e8re centre son int\u00e9r\u00eat sur l\u2019\u00e9ducation et cela peut s\u2019expliquer par le r\u00f4le que celle-ci a jou\u00e9 dans sa vie personnelle. Sans \u00e9ducation la romanci\u00e8re n\u2019aurait tr\u00e8s probablement jamais pu devenir ce qu\u2019elle est devenue.<\/p><p>Sand a eu la chance d\u2019acc\u00e9der \u00e0 l\u2019instruction, chose rarissime de son temps. Sa grand-m\u00e8re, qui \u00e9tait une grande lectrice, lui accorde beaucoup de libert\u00e9. L\u2019\u00e9crivaine, alors qu\u2019elle est encore tr\u00e8s jeune, a le droit de consulter tous les ouvrages qu\u2019elle d\u00e9sire dans la grande biblioth\u00e8que de Nohant. La grand-m\u00e8re avait incit\u00e9 sa petite fille \u00e0 fouiller dans les livres, et \u00e0 d\u00e9couvrir les grands auteurs et philosophes du XVIIIe\u00a0si\u00e8cle dont les id\u00e9es ont ouvert l\u2019esprit de l\u2019auteure \u00e0 maints \u00e9gards. On comprend alors pourquoi l\u2019auteure insiste tellement sur l\u2019importance de l\u2019\u00e9ducation dans ses textes : \u00ab\u00a0<em>\u00e9tudiez et apprenez tant que vous pourrez, [\u2026]\u00a0 tout ce que vous aurez acquis vous servira \u00e0 vivre d\u2019une vie souveraine<\/em><sup class=\"modern-footnotes-footnote \" data-mfn=\"2\" data-mfn-post-scope=\"00000000000004c60000000000000000_2442\"><a href=\"javascript:void(0)\"  role=\"button\" aria-pressed=\"false\" aria-describedby=\"mfn-content-00000000000004c60000000000000000_2442-2\">2<\/a><\/sup><span id=\"mfn-content-00000000000004c60000000000000000_2442-2\" role=\"tooltip\" class=\"modern-footnotes-footnote__note\" tabindex=\"0\" data-mfn=\"2\">B. DIAZ, J. SIESS,L\u2019Epistolaire au f\u00e9minin, Ed. PUC, Paris, 2017, p. 94.<\/span>\u00bb, souligne-t-elle. Qu\u2019elle est d\u2019apr\u00e8s Sand le r\u00f4le de l\u2019\u00e9ducation dans l\u2019ind\u00e9pendance f\u00e9minine ? Quel rapport entre l\u2019\u00e9ducation et une maternit\u00e9 r\u00e9ussie ? Et quelle image se fait Sand d\u2019une vraie \u00e9ducation f\u00e9minine ?<\/p><h3>L\u2019\u00e9ducation et l\u2019ind\u00e9pendance f\u00e9minine<\/h3><p>Toute petite, avec Desch\u00e2tres, un pr\u00e9cepteur singulier, George Sand acc\u00e8de \u00e0 un savoir vari\u00e9 : la botanique, l\u2019arithm\u00e9tique et le latin. Un peu plus tard la grand-m\u00e8re envoie Aurore Dupin \u00e0 Paris, au couvent des Augustines anglaises, en vue de terminer son \u00e9ducation. C\u2019est l\u00e0 que l\u2019auteure apprendra l\u2019anglais, mais aussi les bonnes mani\u00e8res.<\/p><p>Insister sur l\u2019apprentissage des bonnes mani\u00e8res en n\u00e9gligeant l\u2019enseignement des mati\u00e8res fondamentales refl\u00e8te le peu d\u2019int\u00e9r\u00eat qu\u2019on accordait \u00e0 \u00ab\u00a0<em>l\u2019\u00e9ducation des femmes<\/em><sup class=\"modern-footnotes-footnote \" data-mfn=\"3\" data-mfn-post-scope=\"00000000000004c60000000000000000_2442\"><a href=\"javascript:void(0)\"  role=\"button\" aria-pressed=\"false\" aria-describedby=\"mfn-content-00000000000004c60000000000000000_2442-3\">3<\/a><\/sup><span id=\"mfn-content-00000000000004c60000000000000000_2442-3\" role=\"tooltip\" class=\"modern-footnotes-footnote__note\" tabindex=\"0\" data-mfn=\"3\"> B. CHEVELON, \u00ab Quelques id\u00e9es de George Sand sur l\u2019\u00e9ducation \u00bb, p. 12, in : Les Amis de George Sand, N\u00b0 3, 1978.<\/span><em>\u00bb<\/em> au XIXe\u00a0si\u00e8cle. Cela est li\u00e9 \u00e0 l\u2019\u00e9tat d\u2019esprit dominant. En fait, on croyait que la femme doit, avant tout, \u00eatre \u00e9pouse et maman. Hormis ces deux statuts, la femme n\u2019\u00e9tait pas reconnue socialement. \u00c0 l\u2019\u00e9poque, la soci\u00e9t\u00e9 fran\u00e7aise \u00ab\u00a0<em>exalt[ait] ces qualit\u00e9s\u00a0<\/em><sup class=\"modern-footnotes-footnote \" data-mfn=\"4\" data-mfn-post-scope=\"00000000000004c60000000000000000_2442\"><a href=\"javascript:void(0)\"  role=\"button\" aria-pressed=\"false\" aria-describedby=\"mfn-content-00000000000004c60000000000000000_2442-4\">4<\/a><\/sup><span id=\"mfn-content-00000000000004c60000000000000000_2442-4\" role=\"tooltip\" class=\"modern-footnotes-footnote__note\" tabindex=\"0\" data-mfn=\"4\"> B. DIDIER, \u00ab Masculin\/F\u00e9minin chez George Sand \u00bb, p. 85, in : Itin\u00e9raire, 1er avril, 2011.<\/span>.\u00bb Comment changer ce genre d\u2019id\u00e9es sociales\u00a0? \u00c0 cet \u00e9gard, l\u2019\u00e9criture se r\u00e9v\u00e9lait un moyen efficient, mais il faut proc\u00e9der doucement pour ne pas choquer le lectorat. C\u2019est ainsi que, et dans un premier temps, Sand pr\u00eache pour l\u2019instruction de la femme afin que celle-ci puisse accompagner son conjoint, suppos\u00e9 cultiv\u00e9 lui aussi, sur la voie du progr\u00e8s social.<\/p><p>L\u2019\u00e9crivaine met cette id\u00e9e en exergue \u00e0 travers l\u2019exemple de Tonine dans <em>La Ville Noire. <\/em>L\u2019h\u00e9ro\u00efne est une femme forte. Elle d\u00e9cide d\u2019organiser seule la cit\u00e9 couteli\u00e8re de Thiers. Pour y parvenir, elle reporte \u00e0 plus tard le moment de se marier. Elle n\u2019accepte de devenir \u00e9pouse que lorsqu\u2019elle s\u2019av\u00e8re vraiment l\u2019\u00e9gale de son mari au niveau de l\u2019instruction. Femme et ouvri\u00e8re, Tonine \u00e9paule son conjoint, le propri\u00e9taire de l\u2019usine.<\/p><p style=\"padding-left: 40px;\">\u00a0\u00ab\u00a0<em>L\u2019horizon de Tonine s\u2019\u00e9tait agrandi. Elle avait voulu entendre de son mieux la science et les arts de l\u2019industrie qu\u2019elle avait \u00e0 gouverner, [\u2026] elle s\u2019\u00e9tait mise au courant du mouvement industriel et commercial de la France\u00a0<\/em><sup class=\"modern-footnotes-footnote \" data-mfn=\"5\" data-mfn-post-scope=\"00000000000004c60000000000000000_2442\"><a href=\"javascript:void(0)\"  role=\"button\" aria-pressed=\"false\" aria-describedby=\"mfn-content-00000000000004c60000000000000000_2442-5\">5<\/a><\/sup><span id=\"mfn-content-00000000000004c60000000000000000_2442-5\" role=\"tooltip\" class=\"modern-footnotes-footnote__note\" tabindex=\"0\" data-mfn=\"5\"> G. SAND, La Ville Noire, Ed. PUG, Grenoble, 1980 [1860], p. 142.<\/span><em>\u00bb<\/em>, souligne la romanci\u00e8re.<\/p><p>L\u2019\u00e9ducation de Tonine lui a permis non seulement de devenir l\u2019\u00e9pouse d\u2019un homme riche, mais aussi une cheffe d\u2019industrie digne de ce r\u00f4le. Un autre exemple peut \u00eatre donn\u00e9 par Nanon qui, par l\u2019acc\u00e8s \u00e0 l\u2019\u00e9ducation, aboutit \u00e0 son \u00ab\u00a0<em>ind\u00e9pendance\u00a0<\/em><sup class=\"modern-footnotes-footnote \" data-mfn=\"6\" data-mfn-post-scope=\"00000000000004c60000000000000000_2442\"><a href=\"javascript:void(0)\"  role=\"button\" aria-pressed=\"false\" aria-describedby=\"mfn-content-00000000000004c60000000000000000_2442-6\">6<\/a><\/sup><span id=\"mfn-content-00000000000004c60000000000000000_2442-6\" role=\"tooltip\" class=\"modern-footnotes-footnote__note\" tabindex=\"0\" data-mfn=\"6\"> M. HEQUET, L\u2019Education des filles au temps de George Sand, Ed. Artois Presses Universitaires, Paris, 1999, p. 69.<\/span><em>\u00bb <\/em>mat\u00e9rielle. Elle devient capable de s\u2019occuper par elle-m\u00eame des biens qu\u2019elle a obtenus. L\u2019instruction de l\u2019h\u00e9ro\u00efne progresse graduellement. Elle acquiert ainsi une ind\u00e9pendance d\u2019esprit qui pr\u00e9figure une autonomie plus large au niveau financier, moral, intellectuel et passionnel. Ainsi, si la relation de Nanon et \u00c9milien \u00e9volue en amour, c\u2019est gr\u00e2ce \u00e0 l\u2019\u00e9ducation que celle-ci a re\u00e7ue. C\u2019est donc tout naturellement que l\u2019h\u00e9ro\u00efne s\u2019interroge sur de nombreux sujets, en engageant continuellement des discussions avec son fianc\u00e9, comme c\u2019est le cas dans ce passage :<\/p><p style=\"padding-left: 40px;\"><em>\u00ab\u00a0Ces conversations-l\u00e0 nous instruisaient tous deux, car j\u2019\u00e9tais grande questionneuse et je voulais savoir bien des choses qu\u2019\u00c9milien [\u2026] m\u2019enseignait tout naturellement<\/em><sup class=\"modern-footnotes-footnote \" data-mfn=\"7\" data-mfn-post-scope=\"00000000000004c60000000000000000_2442\"><a href=\"javascript:void(0)\"  role=\"button\" aria-pressed=\"false\" aria-describedby=\"mfn-content-00000000000004c60000000000000000_2442-7\">7<\/a><\/sup><span id=\"mfn-content-00000000000004c60000000000000000_2442-7\" role=\"tooltip\" class=\"modern-footnotes-footnote__note\" tabindex=\"0\" data-mfn=\"7\"> G. SAND, Nanon, Ed. Actes Sud, Paris, 2005 [1850], p. 173.<\/span><em>\u00bb<\/em>, atteste Nanon.<\/p>\t\t\t\t\t\t\t\t<\/div>\n\t\t\t\t<\/div>\n\t\t\t\t<\/div>\n\t\t<div data-particle_enable=\"false\" data-particle-mobile-disabled=\"false\" class=\"elementor-element elementor-element-ad497e0 elementor-hidden-mobile e-con-full elementor-hidden-tablet e-flex e-con e-child\" data-id=\"ad497e0\" data-element_type=\"container\" data-e-type=\"container\">\n\t\t<div data-particle_enable=\"false\" data-particle-mobile-disabled=\"false\" class=\"elementor-element elementor-element-c331198 e-con-full e-flex e-con e-child\" data-id=\"c331198\" data-element_type=\"container\" data-e-type=\"container\">\n\t\t\t\t<div class=\"elementor-element elementor-element-dad3f16 elementor-widget-divider--view-line_text elementor-widget-divider--element-align-center elementor-widget elementor-widget-divider\" data-id=\"dad3f16\" data-element_type=\"widget\" data-e-type=\"widget\" data-widget_type=\"divider.default\">\n\t\t\t\t<div class=\"elementor-widget-container\">\n\t\t\t\t\t\t\t<div class=\"elementor-divider\">\n\t\t\t<span class=\"elementor-divider-separator\">\n\t\t\t\t\t\t\t<p class=\"elementor-divider__text elementor-divider__element\">\n\t\t\t\tPage 1\t\t\t\t<\/p>\n\t\t\t\t\t\t<\/span>\n\t\t<\/div>\n\t\t\t\t\t\t<\/div>\n\t\t\t\t<\/div>\n\t\t\t\t<div class=\"elementor-element elementor-element-35aff77 eael-tooltip-align-left eael-tooltip-text-align-left elementor-widget elementor-widget-eael-tooltip\" data-id=\"35aff77\" data-element_type=\"widget\" data-e-type=\"widget\" data-widget_type=\"eael-tooltip.default\">\n\t\t\t\t<div class=\"elementor-widget-container\">\n\t\t\t\t\t\t<div class=\"eael-tooltip\">\n\t\t\t\t\t<p class=\"eael-tooltip-content\" tabindex=\"0\" aria-describedby=\"tooltip-text-35aff77\"><p>[1]\u00a0BEUVE (Sainte),\u00a0<em>Pour la...<\/em><\/p><\/p>\n  \t\t\t<span id=\"tooltip-text-35aff77\" class=\"eael-tooltip-text eael-tooltip-bottom\" role=\"tooltip\"><p>BEUVE (Sainte),\u00a0<em>Pour la critique<\/em>, Ed. Gallimard, Paris, 1995, p.\u00a043.<\/p><\/span>\n  \t\t\t<\/div>\n\t\t\t\t\t<\/div>\n\t\t\t\t<\/div>\n\t\t\t\t<div class=\"elementor-element elementor-element-0589d6c eael-tooltip-align-left eael-tooltip-text-align-left elementor-widget elementor-widget-eael-tooltip\" data-id=\"0589d6c\" data-element_type=\"widget\" data-e-type=\"widget\" data-widget_type=\"eael-tooltip.default\">\n\t\t\t\t<div class=\"elementor-widget-container\">\n\t\t\t\t\t\t<div class=\"eael-tooltip\">\n\t\t\t\t\t<p class=\"eael-tooltip-content\" tabindex=\"0\" aria-describedby=\"tooltip-text-0589d6c\"><p>[2] B. DIAZ,\u00a0 J. SIESS,\u00a0<em>L\u2019<\/em><em>Epistolaire...<\/em><\/p><\/p>\n  \t\t\t<span id=\"tooltip-text-0589d6c\" class=\"eael-tooltip-text eael-tooltip-bottom\" role=\"tooltip\"><p>B. DIAZ,\u00a0 J. SIESS,\u00a0<em>L\u2019<\/em><em>Epistolaire au f\u00e9minin<\/em>, Ed. PUC, Paris, 2017, p. 94.<\/p><\/span>\n  \t\t\t<\/div>\n\t\t\t\t\t<\/div>\n\t\t\t\t<\/div>\n\t\t\t\t<div class=\"elementor-element elementor-element-c123886 eael-tooltip-align-left eael-tooltip-text-align-left elementor-widget elementor-widget-eael-tooltip\" data-id=\"c123886\" data-element_type=\"widget\" data-e-type=\"widget\" data-widget_type=\"eael-tooltip.default\">\n\t\t\t\t<div class=\"elementor-widget-container\">\n\t\t\t\t\t\t<div class=\"eael-tooltip\">\n\t\t\t\t\t<p class=\"eael-tooltip-content\" tabindex=\"0\" aria-describedby=\"tooltip-text-c123886\"><p>[3] B. CHEVELON, \u00ab Quelques id\u00e9es...<\/p><\/p>\n  \t\t\t<span id=\"tooltip-text-c123886\" class=\"eael-tooltip-text eael-tooltip-bottom\" role=\"tooltip\"><p>B. CHEVELON, \u00ab\u00a0Quelques id\u00e9es de George Sand sur l\u2019\u00e9ducation\u00a0\u00bb, p. 12, in\u00a0:\u00a0<em>Les Amis de George Sand,<\/em>\u00a0N\u00b0\u00a03, 1978.<\/p><\/span>\n  \t\t\t<\/div>\n\t\t\t\t\t<\/div>\n\t\t\t\t<\/div>\n\t\t\t\t<div class=\"elementor-element elementor-element-3ec2bbb eael-tooltip-align-left eael-tooltip-text-align-left elementor-widget elementor-widget-eael-tooltip\" data-id=\"3ec2bbb\" data-element_type=\"widget\" data-e-type=\"widget\" data-widget_type=\"eael-tooltip.default\">\n\t\t\t\t<div class=\"elementor-widget-container\">\n\t\t\t\t\t\t<div class=\"eael-tooltip\">\n\t\t\t\t\t<p class=\"eael-tooltip-content\" tabindex=\"0\" aria-describedby=\"tooltip-text-3ec2bbb\"><p>[4] B. DIDIER, \u00ab Masculin\/F\u00e9minin...<\/p><\/p>\n  \t\t\t<span id=\"tooltip-text-3ec2bbb\" class=\"eael-tooltip-text eael-tooltip-bottom\" role=\"tooltip\"><p>B. DIDIER, \u00ab\u00a0Masculin\/F\u00e9minin chez George Sand\u00a0\u00bb, p.\u00a085, in\u00a0:\u00a0<em>Itin\u00e9raire<\/em>, 1er\u00a0avril, 2011.<\/p><\/span>\n  \t\t\t<\/div>\n\t\t\t\t\t<\/div>\n\t\t\t\t<\/div>\n\t\t\t\t<div class=\"elementor-element elementor-element-f537bdc eael-tooltip-align-left eael-tooltip-text-align-left elementor-widget elementor-widget-eael-tooltip\" data-id=\"f537bdc\" data-element_type=\"widget\" data-e-type=\"widget\" data-widget_type=\"eael-tooltip.default\">\n\t\t\t\t<div class=\"elementor-widget-container\">\n\t\t\t\t\t\t<div class=\"eael-tooltip\">\n\t\t\t\t\t<p class=\"eael-tooltip-content\" tabindex=\"0\" aria-describedby=\"tooltip-text-f537bdc\"><p>[5]\u00a0G. SAND,\u00a0<em>La Ville Noire<\/em>, Ed...<\/p><\/p>\n  \t\t\t<span id=\"tooltip-text-f537bdc\" class=\"eael-tooltip-text eael-tooltip-bottom\" role=\"tooltip\"><p>G. SAND,\u00a0<em>La Ville Noire<\/em>, Ed. PUG, Grenoble, 1980 [1860], p. 142.<\/p><\/span>\n  \t\t\t<\/div>\n\t\t\t\t\t<\/div>\n\t\t\t\t<\/div>\n\t\t\t\t<div class=\"elementor-element elementor-element-210adef eael-tooltip-align-left eael-tooltip-text-align-left elementor-widget elementor-widget-eael-tooltip\" data-id=\"210adef\" data-element_type=\"widget\" data-e-type=\"widget\" data-widget_type=\"eael-tooltip.default\">\n\t\t\t\t<div class=\"elementor-widget-container\">\n\t\t\t\t\t\t<div class=\"eael-tooltip\">\n\t\t\t\t\t<p class=\"eael-tooltip-content\" tabindex=\"0\" aria-describedby=\"tooltip-text-210adef\"><p>[6]\u00a0M. HEQUET,\u00a0<em>L\u2019Education...<\/em><\/p><\/p>\n  \t\t\t<span id=\"tooltip-text-210adef\" class=\"eael-tooltip-text eael-tooltip-bottom\" role=\"tooltip\"><p>M. HEQUET,\u00a0<em>L\u2019Education des filles au temps de George Sand<\/em>, Ed. Artois Presses Universitaires, Paris, 1999, p.\u00a069.<\/p><\/span>\n  \t\t\t<\/div>\n\t\t\t\t\t<\/div>\n\t\t\t\t<\/div>\n\t\t\t\t<\/div>\n\t\t<div data-particle_enable=\"false\" data-particle-mobile-disabled=\"false\" class=\"elementor-element elementor-element-950d51f e-con-full e-flex e-con e-child\" data-id=\"950d51f\" data-element_type=\"container\" data-e-type=\"container\">\n\t\t\t\t<div class=\"elementor-element elementor-element-756e3a4 eael-tooltip-align-left eael-tooltip-text-align-left elementor-widget elementor-widget-eael-tooltip\" data-id=\"756e3a4\" data-element_type=\"widget\" data-e-type=\"widget\" data-widget_type=\"eael-tooltip.default\">\n\t\t\t\t<div class=\"elementor-widget-container\">\n\t\t\t\t\t\t<div class=\"eael-tooltip\">\n\t\t\t\t\t<p class=\"eael-tooltip-content\" tabindex=\"0\" aria-describedby=\"tooltip-text-756e3a4\"><p>[7]\u00a0G. SAND,\u00a0<em>Nanon,\u00a0<\/em>Ed. Actes...<\/p><\/p>\n  \t\t\t<span id=\"tooltip-text-756e3a4\" class=\"eael-tooltip-text eael-tooltip-bottom\" role=\"tooltip\"><p>G. SAND,\u00a0<em>Nanon,\u00a0<\/em>Ed. Actes Sud, Paris, 2005 [1850], p.\u00a0173.<\/p><\/span>\n  \t\t\t<\/div>\n\t\t\t\t\t<\/div>\n\t\t\t\t<\/div>\n\t\t\t\t<\/div>\n\t\t\t\t<\/div>\n\t\t\t\t\t<\/div>\n\t\t\t\t<\/div>\n\t\t<div data-particle_enable=\"false\" data-particle-mobile-disabled=\"false\" class=\"elementor-element elementor-element-753207d e-flex e-con-boxed e-con e-parent\" data-id=\"753207d\" data-element_type=\"container\" data-e-type=\"container\">\n\t\t\t\t\t<div class=\"e-con-inner\">\n\t\t<div data-particle_enable=\"false\" data-particle-mobile-disabled=\"false\" class=\"elementor-element elementor-element-6ffc3b7 e-con-full e-flex e-con e-child\" data-id=\"6ffc3b7\" data-element_type=\"container\" data-e-type=\"container\">\n\t\t\t\t<div class=\"elementor-element elementor-element-8d68ecf elementor-widget elementor-widget-text-editor\" data-id=\"8d68ecf\" data-element_type=\"widget\" data-e-type=\"widget\" data-widget_type=\"text-editor.default\">\n\t\t\t\t<div class=\"elementor-widget-container\">\n\t\t\t\t\t\t\t\t\t<p>Ult\u00e9rieurement, l\u2019h\u00e9ro\u00efne finira, toujours gr\u00e2ce \u00e0 son instruction, par \u00e9pouser \u00c9milien, l\u2019h\u00e9ritier d\u2019une famille noble, et par franchir ainsi les barri\u00e8res sociales qui s\u00e9paraient les deux amoureux. Nanon nous appara\u00eet comme le mod\u00e8le id\u00e9alis\u00e9 de la femme, tel que Sand le con\u00e7oit au XIXe\u00a0si\u00e8cle. Ce personnage f\u00e9minin r\u00e9unit toutes les caract\u00e9ristiques qui lui garantissent \u00ab\u00a0<em>l\u2019\u00e9mancipation\u00a0<\/em><sup class=\"modern-footnotes-footnote \" data-mfn=\"8\" data-mfn-post-scope=\"00000000000004c60000000000000000_2442\"><a href=\"javascript:void(0)\" refnum=\"8\" role=\"button\" aria-pressed=\"false\" aria-describedby=\"mfn-content-00000000000004c60000000000000000_2442-8\">8<\/a><\/sup><span id=\"mfn-content-00000000000004c60000000000000000_2442-8\" role=\"tooltip\" class=\"modern-footnotes-footnote__note\" tabindex=\"0\" data-mfn=\"8\"> ibidem.<\/span><em>\u00bb <\/em>et lui permettent de r\u00e9ussir sa vie en tant que femme autodidacte et \u00e9pouse, selon la philosophie \u00e9galitaire de Sand.<\/p><h3>L\u2019\u00e9ducation f\u00e9minine et l\u2019enjeu d\u2019une maternit\u00e9 r\u00e9ussie<\/h3><p>L\u2019\u00e9ducation est alors le fondement m\u00eame d\u2019un mariage r\u00e9ussi, d\u2019apr\u00e8s Sand. Elle s\u2019av\u00e8re n\u00e9cessaire, non seulement pour que la femme puisse remplir convenablement son r\u00f4le d\u2019\u00e9pouse, mais aussi pour devenir une maman id\u00e9ale. Dans le roman sandien (<em>Petite Fadette <\/em>et <em>La Mare au diable<\/em>), l\u2019instinct maternel appara\u00eet chez les personnages f\u00e9minins, d\u00e8s le jeune \u00e2ge. Ainsi voyons-nous Fadette qui r\u00e9ussit parfaitement \u00e0 prendre soin de son fr\u00e8re, en l\u2019absence de leur m\u00e8re. Un autre exemple, qui corrobore cette id\u00e9e, peut \u00eatre donn\u00e9 par Marie qui s\u2019occupe parfaitement bien du Petit Pierre venant juste de perdre sa m\u00e8re. On s\u2019aper\u00e7oit que depuis <em>Indiana<\/em>, Sand se focalise principalement sur la femme en tant qu\u2019\u00e9pouse. N\u00e9anmoins, \u00e0 partir de <em>Consuelo <\/em>qui se ferme sur une sc\u00e8ne o\u00f9 le personnage \u00e9ponyme est compl\u00e8tement absorb\u00e9 par sa mission \u00e0 instruire ses enfants, Sand se concentre davantage sur le r\u00f4le qu\u2019accomplit la femme en tant que m\u00e8re moderne.<\/p><p>Il s\u2019agit l\u00e0 de la mission principale que la romanci\u00e8re attribue \u00e0 Marthe dans <em>Horace<\/em>. D\u2019esprit \u00e9clair\u00e9, ce personnage qui a r\u00e9ussi un mariage d\u2019amour, tente d\u2019\u00e9lever ses enfants selon une approche moderne. De ce fait, en plus de se former au niveau individuel, c\u2019est dans l\u2019\u00e9ducation de l\u2019enfant que la femme doit s\u2019investir dor\u00e9navant. Tout cela, rend capital le r\u00f4le social de la femme-m\u00e8re chez Sand. La romanci\u00e8re soutient, tout comme Flora Tristan, que la femme doit \u00eatre la moralisatrice de sa prog\u00e9niture. Donc, garantir une meilleure \u00e9ducation aux femmes, c\u2019est faire de m\u00eame pour le peuple. Sans tomber dans la contradiction, l\u2019\u00e9ducation que peut attribuer la femme \u00e0 ses enfants, et dans une large mesure au peuple, n\u2019entrave en rien ses revendications d\u2019\u00e9mancipation. Finalement, les deux \u00e9l\u00e9ments vont de pair, puisque la femme fait partie du peuple et en est responsable.<\/p><p>En cons\u00e9quence, il faut \u00ab\u00a0<em>reconna\u00eetre l\u2019urgente n\u00e9cessit\u00e9 de donner aux femmes du peuple une \u00e9ducation morale, intellectuelle et professionnelle, afin qu\u2019elles deviennent les agents moralisateurs des hommes du peuple\u00a0<\/em><sup class=\"modern-footnotes-footnote \" data-mfn=\"9\" data-mfn-post-scope=\"00000000000004c60000000000000000_2442\"><a href=\"javascript:void(0)\"  role=\"button\" aria-pressed=\"false\" aria-describedby=\"mfn-content-00000000000004c60000000000000000_2442-9\">9<\/a><\/sup><span id=\"mfn-content-00000000000004c60000000000000000_2442-9\" role=\"tooltip\" class=\"modern-footnotes-footnote__note\" tabindex=\"0\" data-mfn=\"9\"> H. BOUCHARDEAU, Les Femmes, Ed. HB Editions, Paris, 2004, p. 108.<\/span><em>\u00bb<\/em>, nous dit Sand. D\u2019apr\u00e8s elle, \u00ab\u00a0<em>c\u2019est de la femme que d\u00e9pend en grande partie la mani\u00e8re de penser des hommes<\/em>\u00a0<sup class=\"modern-footnotes-footnote \" data-mfn=\"10\" data-mfn-post-scope=\"00000000000004c60000000000000000_2442\"><a href=\"javascript:void(0)\"  role=\"button\" aria-pressed=\"false\" aria-describedby=\"mfn-content-00000000000004c60000000000000000_2442-10\">10<\/a><\/sup><span id=\"mfn-content-00000000000004c60000000000000000_2442-10\" role=\"tooltip\" class=\"modern-footnotes-footnote__note\" tabindex=\"0\" data-mfn=\"10\"> Marie Th\u00e9r\u00e8se ROUGET, George Sand socialiste, Ed. Bosc Fr\u00e8res, Lyon, 1931, p. 120.<\/span>\u00bb et donc l\u2019avenir de la soci\u00e9t\u00e9. Th\u00e9oriquement, c\u2019est la m\u00e8re qui inculque \u00e0 son enfant les valeurs justes. C\u2019est elle qui fa\u00e7onne l\u2019enfance de sa prog\u00e9niture, consid\u00e9r\u00e9e comme la p\u00e9riode la plus int\u00e9ressante dans la vie de chaque personne. Donc, si la femme remplit convenablement ses devoirs au sein de la famille, son influence se fera sentir de fa\u00e7on b\u00e9n\u00e9fique, au niveau social.<\/p><p>Sand met bien en relief cette id\u00e9e dans <em>Le Meunier d\u2019Angibault<\/em>. L\u00e0, on se retrouve face \u00e0 Marcelle de Blanchemont qui d\u00e9cide de se charger \u00ab\u00a0<em>en personne\u00a0<\/em><sup class=\"modern-footnotes-footnote \" data-mfn=\"11\" data-mfn-post-scope=\"00000000000004c60000000000000000_2442\"><a href=\"javascript:void(0)\"  role=\"button\" aria-pressed=\"false\" aria-describedby=\"mfn-content-00000000000004c60000000000000000_2442-11\">11<\/a><\/sup><span id=\"mfn-content-00000000000004c60000000000000000_2442-11\" role=\"tooltip\" class=\"modern-footnotes-footnote__note\" tabindex=\"0\" data-mfn=\"11\"> G. SAND, Le Meunier d\u2019Angibault, Ed. Les Classiques de Poche, Paris, 1985 [1845], p. 145.<\/span><em>\u00bb<\/em> de l\u2019\u00e9ducation de son fils. Ce personnage qui fait partie de la classe aristocratique refuse d\u2019accorder cette mission \u00e0 une \u00e9ducatrice. Cela ne s\u2019arr\u00eate pas l\u00e0, puisqu\u2019elle s\u2019engage elle-m\u00eame \u00e0 instruire son enfant, car elle croit que : <em>\u00ab\u00a0Les soins assidus d\u2019une m\u00e8re [\u2026] seront plus utiles que les le\u00e7ons superficielles d\u2019un professeur<\/em><sup class=\"modern-footnotes-footnote \" data-mfn=\"12\" data-mfn-post-scope=\"00000000000004c60000000000000000_2442\"><a href=\"javascript:void(0)\"  role=\"button\" aria-pressed=\"false\" aria-describedby=\"mfn-content-00000000000004c60000000000000000_2442-12\">12<\/a><\/sup><span id=\"mfn-content-00000000000004c60000000000000000_2442-12\" role=\"tooltip\" class=\"modern-footnotes-footnote__note\" tabindex=\"0\" data-mfn=\"12\"> G. SAND, La Mare au Diable, Ed. J\u2019ai Lu, Paris, 2003 [1846], p. 203.<\/span><em>.<\/em>\u00bb Les propos de Mme\u00a0de Blanchemont laissent envisager que George Sand a une vision claire vis-\u00e0-vis de l\u2019\u00e9ducation des enfants. Hormis la m\u00e8re, nul ne peut accomplir correctement cette mission \u00e0 la fois individuelle et sociale. Celle-ci doit se faire selon une strat\u00e9gie nouvelle. Ce concept, la romanci\u00e8re le met en pratique aussi bien dans ses textes romanesques que dans sa vie r\u00e9elle.<\/p><p>Sand a \u00e9vit\u00e9 pour ses deux enfants tout isolement. Elle a toujours m\u00eal\u00e9 Maurice et Solange, m\u00eame tr\u00e8s jeunes, \u00e0 la vie des adultes. Ils vivaient au milieu des amis de leur m\u00e8re, partageant ainsi leurs conversations, leurs activit\u00e9s, d\u00e9couvrant leur g\u00e9nie de musiciens, de po\u00e8tes, d\u2019\u00e9crivains ou de peintres. Ils n\u2019\u00e9taient pas rel\u00e9gu\u00e9s dans \u00ab\u00a0<em>le coin des enfants<\/em><sup class=\"modern-footnotes-footnote \" data-mfn=\"13\" data-mfn-post-scope=\"00000000000004c60000000000000000_2442\"><a href=\"javascript:void(0)\"  role=\"button\" aria-pressed=\"false\" aria-describedby=\"mfn-content-00000000000004c60000000000000000_2442-13\">13<\/a><\/sup><span id=\"mfn-content-00000000000004c60000000000000000_2442-13\" role=\"tooltip\" class=\"modern-footnotes-footnote__note\" tabindex=\"0\" data-mfn=\"13\"> B. CHEVELON, \u00ab Quelques id\u00e9es de George Sand sur l\u2019\u00e9ducation \u00bb, op. cit, p. 26.<\/span>.\u00bb Ce que Sand a voulu aussi pour eux, c\u2019est une \u00e9ducation multiple, ouverte, large, a\u00e9r\u00e9e, enrichie de tous les apports de la diversit\u00e9 de la vie et du contact avec tous les gens, tous les milieux, mais permettant tout de m\u00eame aux enfants de garder leur spontan\u00e9it\u00e9, leur gaiet\u00e9, leur fantaisie, m\u00eame leur espi\u00e8glerie, sans punitions spectaculaires, sans privations d\u2019aucune sorte. Chaque fois que la romanci\u00e8re l\u2019a pu, elle les a emmen\u00e9s en voyage, leur faisant ainsi voir des horizons nouveaux, leur expliquant la g\u00e9ographie et l\u2019histoire des lieux. Cela leur faisait d\u00e9couvrir des cultures diff\u00e9rentes, des mentalit\u00e9s nouvelles.<\/p><p>Sand retrace toutes ces id\u00e9es dans <em>Le Meunier d\u2019Angibault <\/em>o\u00f9 Marcelle engage souvent \u00c9duard dans les discussions des adultes. Elle l\u2019am\u00e8ne toujours avec elle dans ses promenades. Quand la sant\u00e9 d\u2019\u00c9duard d\u00e9cline, l\u2019h\u00e9ro\u00efne n\u2019h\u00e9site pas \u00e0 voyager en compagnie de son fils hors Paris pour respirer de l\u2019air pur \u00e0 la campagne. L\u00e0-bas, ils ne ratent pas l\u2019occasion d\u2019assister ensemble \u00e0 des f\u00eates de danse, en vue de s\u2019amuser et de s\u2019initier \u00e0 la bourr\u00e9e. En outre et afin d\u2019enrichir l\u2019\u00e9ducation de son fils, Marcelle tente toujours d\u2019approfondir ses connaissances\u00a0: <em>\u00ab\u00a0j\u2019occuperai les longues heures que le monde ne me volera plus \u00e0 m\u2019instruire pour instruire mon fils<\/em>\u00a0<sup class=\"modern-footnotes-footnote \" data-mfn=\"14\" data-mfn-post-scope=\"00000000000004c60000000000000000_2442\"><a href=\"javascript:void(0)\"  role=\"button\" aria-pressed=\"false\" aria-describedby=\"mfn-content-00000000000004c60000000000000000_2442-14\">14<\/a><\/sup><span id=\"mfn-content-00000000000004c60000000000000000_2442-14\" role=\"tooltip\" class=\"modern-footnotes-footnote__note\" tabindex=\"0\" data-mfn=\"14\"> G. SAND, Le Meunier d\u2019Angibault, op. cit, p. 177.<\/span>\u00bb, atteste-t-elle.<\/p><p>L\u2019\u00e9ducation des enfants, que Sand accorde enti\u00e8rement aux m\u00e8res, devient donc une des pr\u00e9occupations majeures que la romanci\u00e8re propose \u00e0 la femme. Toutefois, elle est souvent constern\u00e9e de voir combien l\u2019\u00e9ducation des filles, qui seraient ult\u00e9rieurement des mamans, est encore \u00e9troite, pauvre et superficielle. Cette id\u00e9e, la romanci\u00e8re la met en \u00e9vidence dans <em>Indiana<\/em> o\u00f9 elle montre que l\u2019insuffisance instructive de l\u2019h\u00e9ro\u00efne n\u2019est que le r\u00e9sultat de \u00ab\u00a0<em>la d\u00e9plorable \u00e9ducation\u00a0<\/em><sup class=\"modern-footnotes-footnote \" data-mfn=\"15\" data-mfn-post-scope=\"00000000000004c60000000000000000_2442\"><a href=\"javascript:void(0)\"  role=\"button\" aria-pressed=\"false\" aria-describedby=\"mfn-content-00000000000004c60000000000000000_2442-15\">15<\/a><\/sup><span id=\"mfn-content-00000000000004c60000000000000000_2442-15\" role=\"tooltip\" class=\"modern-footnotes-footnote__note\" tabindex=\"0\" data-mfn=\"15\"> H. BOUCHARDEAU, Les Femmes, op. cit, p. 116.<\/span><em>\u00bb <\/em>qu\u2019elle a re\u00e7ue.<\/p>\t\t\t\t\t\t\t\t<\/div>\n\t\t\t\t<\/div>\n\t\t\t\t<\/div>\n\t\t<div data-particle_enable=\"false\" data-particle-mobile-disabled=\"false\" class=\"elementor-element elementor-element-28f9159 elementor-hidden-mobile e-con-full elementor-hidden-tablet e-flex e-con e-child\" data-id=\"28f9159\" data-element_type=\"container\" data-e-type=\"container\">\n\t\t<div data-particle_enable=\"false\" data-particle-mobile-disabled=\"false\" class=\"elementor-element elementor-element-00008f4 e-con-full e-flex e-con e-child\" data-id=\"00008f4\" data-element_type=\"container\" data-e-type=\"container\">\n\t\t\t\t<div class=\"elementor-element elementor-element-22e3201 elementor-widget-divider--view-line_text elementor-widget-divider--element-align-center elementor-widget elementor-widget-divider\" data-id=\"22e3201\" data-element_type=\"widget\" data-e-type=\"widget\" data-widget_type=\"divider.default\">\n\t\t\t\t<div class=\"elementor-widget-container\">\n\t\t\t\t\t\t\t<div class=\"elementor-divider\">\n\t\t\t<span class=\"elementor-divider-separator\">\n\t\t\t\t\t\t\t<p class=\"elementor-divider__text elementor-divider__element\">\n\t\t\t\tPage 2\t\t\t\t<\/p>\n\t\t\t\t\t\t<\/span>\n\t\t<\/div>\n\t\t\t\t\t\t<\/div>\n\t\t\t\t<\/div>\n\t\t\t\t<div class=\"elementor-element elementor-element-d10e99e eael-tooltip-align-left eael-tooltip-text-align-left elementor-widget elementor-widget-eael-tooltip\" data-id=\"d10e99e\" data-element_type=\"widget\" data-e-type=\"widget\" data-widget_type=\"eael-tooltip.default\">\n\t\t\t\t<div class=\"elementor-widget-container\">\n\t\t\t\t\t\t<div class=\"eael-tooltip\">\n\t\t\t\t\t<p class=\"eael-tooltip-content\" tabindex=\"0\" aria-describedby=\"tooltip-text-d10e99e\"><p>[8]\u00a0<em>ibidem.<\/em><\/p><\/p>\n  \t\t\t<span id=\"tooltip-text-d10e99e\" class=\"eael-tooltip-text eael-tooltip-bottom\" role=\"tooltip\"><p>BEUVE (Sainte),\u00a0<em>Pour la critique<\/em>, Ed. Gallimard, Paris, 1995, p.\u00a043.<\/p><\/span>\n  \t\t\t<\/div>\n\t\t\t\t\t<\/div>\n\t\t\t\t<\/div>\n\t\t\t\t<\/div>\n\t\t<div data-particle_enable=\"false\" data-particle-mobile-disabled=\"false\" class=\"elementor-element elementor-element-d54a1f7 e-con-full e-flex e-con e-child\" data-id=\"d54a1f7\" data-element_type=\"container\" data-e-type=\"container\">\n\t\t\t\t<div class=\"elementor-element elementor-element-b1290b2 eael-tooltip-align-left eael-tooltip-text-align-left elementor-widget elementor-widget-eael-tooltip\" data-id=\"b1290b2\" data-element_type=\"widget\" data-e-type=\"widget\" data-widget_type=\"eael-tooltip.default\">\n\t\t\t\t<div class=\"elementor-widget-container\">\n\t\t\t\t\t\t<div class=\"eael-tooltip\">\n\t\t\t\t\t<p class=\"eael-tooltip-content\" tabindex=\"0\" aria-describedby=\"tooltip-text-b1290b2\"><p>[9]\u00a0H. BOUCHARDEAU,\u00a0<em>Les Femmes<\/em>, Ed...<\/p><\/p>\n  \t\t\t<span id=\"tooltip-text-b1290b2\" class=\"eael-tooltip-text eael-tooltip-bottom\" role=\"tooltip\"><p>H. BOUCHARDEAU,\u00a0<em>Les Femmes<\/em>, Ed. HB Editions, Paris, 2004, p.\u00a0108.<\/p><\/span>\n  \t\t\t<\/div>\n\t\t\t\t\t<\/div>\n\t\t\t\t<\/div>\n\t\t\t\t<div class=\"elementor-element elementor-element-64faab4 eael-tooltip-align-left eael-tooltip-text-align-left elementor-widget elementor-widget-eael-tooltip\" data-id=\"64faab4\" data-element_type=\"widget\" data-e-type=\"widget\" data-widget_type=\"eael-tooltip.default\">\n\t\t\t\t<div class=\"elementor-widget-container\">\n\t\t\t\t\t\t<div class=\"eael-tooltip\">\n\t\t\t\t\t<p class=\"eael-tooltip-content\" tabindex=\"0\" aria-describedby=\"tooltip-text-64faab4\"><p>[10]\u00a0Marie Th\u00e9r\u00e8se ROUGET<em>, George<\/em>...<\/p><\/p>\n  \t\t\t<span id=\"tooltip-text-64faab4\" class=\"eael-tooltip-text eael-tooltip-bottom\" role=\"tooltip\"><p>Marie Th\u00e9r\u00e8se ROUGET<em>, George Sand socialiste<\/em>, Ed. Bosc Fr\u00e8res, Lyon, 1931, p.\u00a0120.<\/p><\/span>\n  \t\t\t<\/div>\n\t\t\t\t\t<\/div>\n\t\t\t\t<\/div>\n\t\t\t\t<div class=\"elementor-element elementor-element-9170727 eael-tooltip-align-left eael-tooltip-text-align-left elementor-widget elementor-widget-eael-tooltip\" data-id=\"9170727\" data-element_type=\"widget\" data-e-type=\"widget\" data-widget_type=\"eael-tooltip.default\">\n\t\t\t\t<div class=\"elementor-widget-container\">\n\t\t\t\t\t\t<div class=\"eael-tooltip\">\n\t\t\t\t\t<p class=\"eael-tooltip-content\" tabindex=\"0\" aria-describedby=\"tooltip-text-9170727\"><p>[11]\u00a0G. SAND,\u00a0<em>Le Meunier d\u2019Angibault<\/em>...<\/p><\/p>\n  \t\t\t<span id=\"tooltip-text-9170727\" class=\"eael-tooltip-text eael-tooltip-bottom\" role=\"tooltip\"><p>G. SAND,\u00a0<em>Le Meunier d\u2019Angibault<\/em>, Ed. Les Classiques de Poche, Paris, 1985 [1845], p.\u00a0145.<\/p><\/span>\n  \t\t\t<\/div>\n\t\t\t\t\t<\/div>\n\t\t\t\t<\/div>\n\t\t\t\t<div class=\"elementor-element elementor-element-b367b42 eael-tooltip-align-left eael-tooltip-text-align-left elementor-widget elementor-widget-eael-tooltip\" data-id=\"b367b42\" data-element_type=\"widget\" data-e-type=\"widget\" data-widget_type=\"eael-tooltip.default\">\n\t\t\t\t<div class=\"elementor-widget-container\">\n\t\t\t\t\t\t<div class=\"eael-tooltip\">\n\t\t\t\t\t<p class=\"eael-tooltip-content\" tabindex=\"0\" aria-describedby=\"tooltip-text-b367b42\"><p>[12]\u00a0G. SAND,\u00a0<em>La Mare au Diable<\/em>, Ed...<\/p><\/p>\n  \t\t\t<span id=\"tooltip-text-b367b42\" class=\"eael-tooltip-text eael-tooltip-bottom\" role=\"tooltip\"><p>G. SAND,\u00a0<em>La Mare au Diable<\/em>, Ed. J\u2019ai Lu, Paris, 2003 [1846], p. 203.<\/p><\/span>\n  \t\t\t<\/div>\n\t\t\t\t\t<\/div>\n\t\t\t\t<\/div>\n\t\t\t\t<div class=\"elementor-element elementor-element-005265f eael-tooltip-align-left eael-tooltip-text-align-left elementor-widget elementor-widget-eael-tooltip\" data-id=\"005265f\" data-element_type=\"widget\" data-e-type=\"widget\" data-widget_type=\"eael-tooltip.default\">\n\t\t\t\t<div class=\"elementor-widget-container\">\n\t\t\t\t\t\t<div class=\"eael-tooltip\">\n\t\t\t\t\t<p class=\"eael-tooltip-content\" tabindex=\"0\" aria-describedby=\"tooltip-text-005265f\"><p>[13] B. CHEVELON, \u00ab Quelques id\u00e9es de...<\/p><\/p>\n  \t\t\t<span id=\"tooltip-text-005265f\" class=\"eael-tooltip-text eael-tooltip-bottom\" role=\"tooltip\"><p>B. CHEVELON, \u00ab\u00a0Quelques id\u00e9es de George Sand sur l\u2019\u00e9ducation\u00a0\u00bb, op. cit, p. 26.<\/p><\/span>\n  \t\t\t<\/div>\n\t\t\t\t\t<\/div>\n\t\t\t\t<\/div>\n\t\t\t\t<div class=\"elementor-element elementor-element-d5c5620 eael-tooltip-align-left eael-tooltip-text-align-left elementor-widget elementor-widget-eael-tooltip\" data-id=\"d5c5620\" data-element_type=\"widget\" data-e-type=\"widget\" data-widget_type=\"eael-tooltip.default\">\n\t\t\t\t<div class=\"elementor-widget-container\">\n\t\t\t\t\t\t<div class=\"eael-tooltip\">\n\t\t\t\t\t<p class=\"eael-tooltip-content\" tabindex=\"0\" aria-describedby=\"tooltip-text-d5c5620\"><p>[14]\u00a0G. SAND,\u00a0<em>Le Meunier d\u2019Angibault...<\/em><\/p><\/p>\n  \t\t\t<span id=\"tooltip-text-d5c5620\" class=\"eael-tooltip-text eael-tooltip-bottom\" role=\"tooltip\"><p>G. SAND,\u00a0<em>Le Meunier d\u2019Angibault<\/em>,\u00a0<em>op.<\/em>\u00a0<em>cit,<\/em>\u00a0p.\u00a0177.<\/p><\/span>\n  \t\t\t<\/div>\n\t\t\t\t\t<\/div>\n\t\t\t\t<\/div>\n\t\t\t\t<div class=\"elementor-element elementor-element-ad9bfd2 eael-tooltip-align-left eael-tooltip-text-align-left elementor-widget elementor-widget-eael-tooltip\" data-id=\"ad9bfd2\" data-element_type=\"widget\" data-e-type=\"widget\" data-widget_type=\"eael-tooltip.default\">\n\t\t\t\t<div class=\"elementor-widget-container\">\n\t\t\t\t\t\t<div class=\"eael-tooltip\">\n\t\t\t\t\t<p class=\"eael-tooltip-content\" tabindex=\"0\" aria-describedby=\"tooltip-text-ad9bfd2\"><p>[15]\u00a0H. BOUCHARDEAU,\u00a0<em>Les Femmes<\/em>,...<\/p><\/p>\n  \t\t\t<span id=\"tooltip-text-ad9bfd2\" class=\"eael-tooltip-text eael-tooltip-bottom\" role=\"tooltip\"><p>H. BOUCHARDEAU,\u00a0<em>Les Femmes<\/em>,\u00a0<em>op.<\/em>\u00a0<em>cit,<\/em>\u00a0p. 116.<\/p><\/span>\n  \t\t\t<\/div>\n\t\t\t\t\t<\/div>\n\t\t\t\t<\/div>\n\t\t\t\t<\/div>\n\t\t\t\t<\/div>\n\t\t\t\t\t<\/div>\n\t\t\t\t<\/div>\n\t\t<div data-particle_enable=\"false\" data-particle-mobile-disabled=\"false\" class=\"elementor-element elementor-element-3b5789f e-flex e-con-boxed e-con e-parent\" data-id=\"3b5789f\" data-element_type=\"container\" data-e-type=\"container\">\n\t\t\t\t\t<div class=\"e-con-inner\">\n\t\t<div data-particle_enable=\"false\" data-particle-mobile-disabled=\"false\" class=\"elementor-element elementor-element-e7127cb e-con-full e-flex e-con e-child\" data-id=\"e7127cb\" data-element_type=\"container\" data-e-type=\"container\">\n\t\t\t\t<div class=\"elementor-element elementor-element-5dab070 elementor-widget elementor-widget-text-editor\" data-id=\"5dab070\" data-element_type=\"widget\" data-e-type=\"widget\" data-widget_type=\"text-editor.default\">\n\t\t\t\t<div class=\"elementor-widget-container\">\n\t\t\t\t\t\t\t\t\t<h3>Perfectionner l\u2019\u00e9ducation f\u00e9minine est une n\u00e9cessit\u00e9<\/h3><p>Incontestablement, Sand n\u2019est pas sans savoir, qu\u2019\u00e0 l\u2019\u00e9poque, l\u2019instruction donn\u00e9e aux filles est frivole, et d\u00e9lib\u00e9r\u00e9ment, tr\u00e8s inf\u00e9rieure \u00e0 celle que re\u00e7oivent les gar\u00e7ons, sous pr\u00e9texte que la femme \u00ab\u00a0<em>a moins de capacit\u00e9s que l\u2019homme dans les hautes \u00e9tudes<\/em><sup class=\"modern-footnotes-footnote \" data-mfn=\"16\" data-mfn-post-scope=\"00000000000004c60000000000000000_2442\"><a href=\"javascript:void(0)\" refnum=\"16\" role=\"button\" aria-pressed=\"false\" aria-describedby=\"mfn-content-00000000000004c60000000000000000_2442-16\">16<\/a><\/sup><span id=\"mfn-content-00000000000004c60000000000000000_2442-16\" role=\"tooltip\" class=\"modern-footnotes-footnote__note\" tabindex=\"0\" data-mfn=\"16\"> F. MALLET, George Sand, Ed. Grasset, Paris, 1976, p. 163.<\/span>.\u00bb L\u2019\u00e9crivaine n\u2019admet point ce discours p\u00e9dagogique qui r\u00e9sume l\u2019\u00e9ducation de la femme aux travaux de m\u00e9nage et d\u2019aiguille, tel qu\u2019elle l\u2019exprime parlant d\u2019\u00c9dm\u00e9e dans <em>Mauprat<\/em>\u00a0:<\/p><p style=\"padding-left: 40px;\">\u00ab\u00a0<em>\u00c9dm\u00e9e n\u2019aimait pas les travaux d\u2019aiguilles ; elle avait l\u2019esprit trop s\u00e9rieux pour attacher de l\u2019importance \u00e0 l\u2019effet d\u2019une nuance \u00e0 c\u00f4t\u00e9 d\u2019une nuance et \u00e0 la r\u00e9gularit\u00e9 d\u2019un point press\u00e9 contre un autre point\u00a0<\/em><sup class=\"modern-footnotes-footnote \" data-mfn=\"17\" data-mfn-post-scope=\"00000000000004c60000000000000000_2442\"><a href=\"javascript:void(0)\"  role=\"button\" aria-pressed=\"false\" aria-describedby=\"mfn-content-00000000000004c60000000000000000_2442-17\">17<\/a><\/sup><span id=\"mfn-content-00000000000004c60000000000000000_2442-17\" role=\"tooltip\" class=\"modern-footnotes-footnote__note\" tabindex=\"0\" data-mfn=\"17\"> G. SAND, Mauprat, Ed. Garnier- Flammarion, Paris, 1969 [1837], p. 117.<\/span><em>\u00bb<\/em>, retrace Sand.<\/p><p>La romanci\u00e8re est loin de d\u00e9tester les ouvrages de couture, car on n\u2019est pas sans savoir qu\u2019elle les accomplissait avec beaucoup de \u00ab\u00a0<em>passion<\/em><sup class=\"modern-footnotes-footnote \" data-mfn=\"18\" data-mfn-post-scope=\"00000000000004c60000000000000000_2442\"><a href=\"javascript:void(0)\"  role=\"button\" aria-pressed=\"false\" aria-describedby=\"mfn-content-00000000000004c60000000000000000_2442-18\">18<\/a><\/sup><span id=\"mfn-content-00000000000004c60000000000000000_2442-18\" role=\"tooltip\" class=\"modern-footnotes-footnote__note\" tabindex=\"0\" data-mfn=\"18\"> G. SAND, Histoire de ma vie, Ed. LGF, Paris, 2001 [1855], p. 190.<\/span><em>.<\/em>\u00bb Cependant, il y a chez elle une contestation de cette id\u00e9e qui r\u00e9duit l\u2019activit\u00e9 f\u00e9minine \u00e0 ce genre de besognes, ayant tendance \u00e0 limiter les d\u00e9placements de la femme et \u00e0 emprisonner son esprit.<\/p><p>Contrairement aux h\u00e9ro\u00efnes romantiques comme Emma Bovary ou encore Mme\u00a0de R\u00eanal qui adorent l\u2019oisivet\u00e9, les h\u00e9ro\u00efnes sandiennes comme Fadette, Marcelle, Consuelo ou Jeanne sont des amatrices du \u00ab\u00a0<em>mouvement\u00a0<\/em><sup class=\"modern-footnotes-footnote \" data-mfn=\"19\" data-mfn-post-scope=\"00000000000004c60000000000000000_2442\"><a href=\"javascript:void(0)\"  role=\"button\" aria-pressed=\"false\" aria-describedby=\"mfn-content-00000000000004c60000000000000000_2442-19\">19<\/a><\/sup><span id=\"mfn-content-00000000000004c60000000000000000_2442-19\" role=\"tooltip\" class=\"modern-footnotes-footnote__note\" tabindex=\"0\" data-mfn=\"19\"> G. SAND, Jeanne, Ed. Pal\u00e9o, Paris, 2011 [1844], p. 126.<\/span><em>\u00bb <\/em>physique. Elles donnent libre cours \u00e0 leur corps comme \u00e0 leur cerveau qu\u2019elles croient capable de tout saisir. Ainsi, se retrouve-t-on face \u00e0 L\u00e9lia, \u00c9dm\u00e9e et Consuelo qui sont fascin\u00e9es par la lecture des ouvrages philosophiques. Est-ce un acte anodin\u00a0? On ne le croit pas, surtout si on revient \u00e0<em> Lettres de Marcie<\/em> o\u00f9 Sand se demande : \u00ab\u00a0<em>Les femmes, dites-vous, ne sont pas philosophes et ne peuvent pas l\u2019\u00eatre\u00a0<\/em><sup class=\"modern-footnotes-footnote \" data-mfn=\"20\" data-mfn-post-scope=\"00000000000004c60000000000000000_2442\"><a href=\"javascript:void(0)\"  role=\"button\" aria-pressed=\"false\" aria-describedby=\"mfn-content-00000000000004c60000000000000000_2442-20\">20<\/a><\/sup><span id=\"mfn-content-00000000000004c60000000000000000_2442-20\" role=\"tooltip\" class=\"modern-footnotes-footnote__note\" tabindex=\"0\" data-mfn=\"20\"> G. SAND, Lettres \u00e0 Marcie, Ed. Palio, Paris, 2014 [1837], p. 112.<\/span>?\u00bb Ce n\u2019est pas, selon toute apparence, pour avoir une r\u00e9ponse que la romanci\u00e8re pose cette question puisqu\u2019elle le sait d\u00e9j\u00e0. Elle sait que \u00ab <em>beaucoup d\u2019hommes (\u2026) font profession d\u2019affirmer physiologiquement et philosophiquement que la cr\u00e9ature homme est d\u2019une essence sup\u00e9rieure \u00e0 celle de la cr\u00e9ature femelle<\/em><sup class=\"modern-footnotes-footnote \" data-mfn=\"21\" data-mfn-post-scope=\"00000000000004c60000000000000000_2442\"><a href=\"javascript:void(0)\"  role=\"button\" aria-pressed=\"false\" aria-describedby=\"mfn-content-00000000000004c60000000000000000_2442-21\">21<\/a><\/sup><span id=\"mfn-content-00000000000004c60000000000000000_2442-21\" role=\"tooltip\" class=\"modern-footnotes-footnote__note\" tabindex=\"0\" data-mfn=\"21\"> ibidem.<\/span>.\u00bb Longtemps on a cru que le sexe doux n\u2019a pas les m\u00eames capacit\u00e9s mentales que les hommes. Autrement dit, la femme n\u2019a pas, selon certains esprits misogynes, cette intelligence n\u00e9cessaire \u00e0 la compr\u00e9hension de la philosophie dont jouit la gent masculine. Un concept auquel s\u2019oppose Sand.<\/p><p>L\u2019auteure met en sc\u00e8ne des h\u00e9ro\u00efnes qui consacrent de longues heures \u00e0 lire Montesquieu et Condillac, et qui, de la sorte, deviennent parfaitement capables de s\u2019engager dans de longs d\u00e9bats portant sur diverses questions philosophiques. Il y a clairement dans leur acte une tentative \u00e0 d\u00e9montrer qu\u2019elles sont aptes \u00e0 lire et \u00e0 saisir la philosophie, exactement comme c\u2019est le cas chez les hommes. Pourquoi donc priver les femmes d\u2019\u00e9tudier la philosophie, sachant que cette mati\u00e8re est le fondement m\u00eame d\u2019une \u00e9ducation la\u00efque ? Cela est inacceptable d\u2019apr\u00e8s George Sand qui atteste dans Lettres \u00e0 Marcie, encore une fois : \u00ab <em>On enseigne la philosophie aux jeunes gar\u00e7ons ; on devrait n\u00e9cessairement l\u2019enseigner aux jeunes filles<\/em><sup class=\"modern-footnotes-footnote \" data-mfn=\"22\" data-mfn-post-scope=\"00000000000004c60000000000000000_2442\"><a href=\"javascript:void(0)\"  role=\"button\" aria-pressed=\"false\" aria-describedby=\"mfn-content-00000000000004c60000000000000000_2442-22\">22<\/a><\/sup><span id=\"mfn-content-00000000000004c60000000000000000_2442-22\" role=\"tooltip\" class=\"modern-footnotes-footnote__note\" tabindex=\"0\" data-mfn=\"22\"> ibidem.<\/span> \u00bb.<\/p><h3>Conclusion<\/h3><p>George Sand se place d\u2019embl\u00e9e du c\u00f4t\u00e9 d\u2019une \u00e9ducation qui se fait hors discrimination. Tant que la diff\u00e9rence des deux sexes est pens\u00e9e en termes d\u2019inf\u00e9riorit\u00e9, l\u2019\u00e9ducation des femmes ne m\u00e8ne pas vers leur \u00e9mancipation. La romanci\u00e8re t\u00e2che alors de montrer aux femmes une voie de salut qui passe, dans ses romans, par la figure de l\u2019h\u00e9ro\u00efne assoiff\u00e9e d\u2019apprentissage et de culture en vue d\u2019accomplir convenablement son r\u00f4le social. Sand se montre porteuse d\u2019un projet ambitieux relativement \u00e0 l\u2019\u00e9ducation des filles ; futures m\u00e8res. Sa critique de l\u2019\u00e9ducation traditionnelle qu\u2019elle consid\u00e8re comme une \u00ab\u00a0<em>formidable machine \u00e0 d\u00e9cerveler les femmes<\/em>\u00a0<sup class=\"modern-footnotes-footnote \" data-mfn=\"23\" data-mfn-post-scope=\"00000000000004c60000000000000000_2442\"><a href=\"javascript:void(0)\"  role=\"button\" aria-pressed=\"false\" aria-describedby=\"mfn-content-00000000000004c60000000000000000_2442-23\">23<\/a><\/sup><span id=\"mfn-content-00000000000004c60000000000000000_2442-23\" role=\"tooltip\" class=\"modern-footnotes-footnote__note\" tabindex=\"0\" data-mfn=\"23\"> M. PERROT, George Sand \u00e0 Nohant, Ed. Le Seuil, Paris, 2018, p. 45.<\/span> \u00bb et ses appels \u00e0 une \u00e9ducation plus moderne des filles, fait d\u2019elle une visionnaire. Elle a toujours cru en la capacit\u00e9 des femmes \u00e0 devenir des individus ind\u00e9pendants et producteurs gr\u00e2ce \u00e0 l\u2019\u00e9ducation.\u00a0Une \u00e9ducation digne de ce nom. Une \u00e9ducation moderne et \u00e9gal\u00e9e \u00e0 celle de l\u2019homme.<\/p>\t\t\t\t\t\t\t\t<\/div>\n\t\t\t\t<\/div>\n\t\t\t\t<\/div>\n\t\t<div data-particle_enable=\"false\" data-particle-mobile-disabled=\"false\" class=\"elementor-element elementor-element-55ae35d elementor-hidden-mobile e-con-full elementor-hidden-tablet e-flex e-con e-child\" data-id=\"55ae35d\" data-element_type=\"container\" data-e-type=\"container\">\n\t\t<div data-particle_enable=\"false\" data-particle-mobile-disabled=\"false\" class=\"elementor-element elementor-element-c8860d8 e-con-full e-flex e-con e-child\" data-id=\"c8860d8\" data-element_type=\"container\" data-e-type=\"container\">\n\t\t\t\t<div class=\"elementor-element elementor-element-2817616 elementor-widget-divider--view-line_text elementor-widget-divider--element-align-center elementor-widget elementor-widget-divider\" data-id=\"2817616\" data-element_type=\"widget\" data-e-type=\"widget\" data-widget_type=\"divider.default\">\n\t\t\t\t<div class=\"elementor-widget-container\">\n\t\t\t\t\t\t\t<div class=\"elementor-divider\">\n\t\t\t<span class=\"elementor-divider-separator\">\n\t\t\t\t\t\t\t<p class=\"elementor-divider__text elementor-divider__element\">\n\t\t\t\tPage 3\t\t\t\t<\/p>\n\t\t\t\t\t\t<\/span>\n\t\t<\/div>\n\t\t\t\t\t\t<\/div>\n\t\t\t\t<\/div>\n\t\t\t\t<div class=\"elementor-element elementor-element-f091362 eael-tooltip-align-left eael-tooltip-text-align-left elementor-widget elementor-widget-eael-tooltip\" data-id=\"f091362\" data-element_type=\"widget\" data-e-type=\"widget\" data-widget_type=\"eael-tooltip.default\">\n\t\t\t\t<div class=\"elementor-widget-container\">\n\t\t\t\t\t\t<div class=\"eael-tooltip\">\n\t\t\t\t\t<p class=\"eael-tooltip-content\" tabindex=\"0\" aria-describedby=\"tooltip-text-f091362\"><p>[16]\u00a0F. MALLET,\u00a0<em>George Sand<\/em>, Ed. Grasset...<\/p><\/p>\n  \t\t\t<span id=\"tooltip-text-f091362\" class=\"eael-tooltip-text eael-tooltip-bottom\" role=\"tooltip\"><p>F. MALLET,\u00a0<em>George Sand<\/em>, Ed. Grasset, Paris, 1976, p. 163.<\/p><\/span>\n  \t\t\t<\/div>\n\t\t\t\t\t<\/div>\n\t\t\t\t<\/div>\n\t\t\t\t<div class=\"elementor-element elementor-element-f9e2c01 eael-tooltip-align-left eael-tooltip-text-align-left elementor-widget elementor-widget-eael-tooltip\" data-id=\"f9e2c01\" data-element_type=\"widget\" data-e-type=\"widget\" data-widget_type=\"eael-tooltip.default\">\n\t\t\t\t<div class=\"elementor-widget-container\">\n\t\t\t\t\t\t<div class=\"eael-tooltip\">\n\t\t\t\t\t<p class=\"eael-tooltip-content\" tabindex=\"0\" aria-describedby=\"tooltip-text-f9e2c01\"><p>[17]\u00a0G. SAND,\u00a0<em>Mauprat<\/em>, Ed. Garnier...<\/p><\/p>\n  \t\t\t<span id=\"tooltip-text-f9e2c01\" class=\"eael-tooltip-text eael-tooltip-bottom\" role=\"tooltip\"><p>G. SAND,\u00a0<em>Mauprat<\/em>, Ed. Garnier- Flammarion, Paris, 1969 [1837], p.\u00a0117.<\/p><\/span>\n  \t\t\t<\/div>\n\t\t\t\t\t<\/div>\n\t\t\t\t<\/div>\n\t\t\t\t<div class=\"elementor-element elementor-element-cfe5b91 eael-tooltip-align-left eael-tooltip-text-align-left elementor-widget elementor-widget-eael-tooltip\" data-id=\"cfe5b91\" data-element_type=\"widget\" data-e-type=\"widget\" data-widget_type=\"eael-tooltip.default\">\n\t\t\t\t<div class=\"elementor-widget-container\">\n\t\t\t\t\t\t<div class=\"eael-tooltip\">\n\t\t\t\t\t<p class=\"eael-tooltip-content\" tabindex=\"0\" aria-describedby=\"tooltip-text-cfe5b91\"><p>[18]\u00a0G. SAND,\u00a0<em>Histoire de ma vie<\/em>, Ed. LGF...<\/p><\/p>\n  \t\t\t<span id=\"tooltip-text-cfe5b91\" class=\"eael-tooltip-text eael-tooltip-bottom\" role=\"tooltip\"><p>G. SAND,\u00a0<em>Histoire de ma vie<\/em>, Ed. LGF, Paris, 2001 [1855], p.\u00a0190.<\/p><\/span>\n  \t\t\t<\/div>\n\t\t\t\t\t<\/div>\n\t\t\t\t<\/div>\n\t\t\t\t<div class=\"elementor-element elementor-element-18d0d60 eael-tooltip-align-left eael-tooltip-text-align-left elementor-widget elementor-widget-eael-tooltip\" data-id=\"18d0d60\" data-element_type=\"widget\" data-e-type=\"widget\" data-widget_type=\"eael-tooltip.default\">\n\t\t\t\t<div class=\"elementor-widget-container\">\n\t\t\t\t\t\t<div class=\"eael-tooltip\">\n\t\t\t\t\t<p class=\"eael-tooltip-content\" tabindex=\"0\" aria-describedby=\"tooltip-text-18d0d60\"><p>[19]\u00a0G. SAND,\u00a0<em>Jeanne<\/em><em>,\u00a0<\/em>Ed. Pal\u00e9o, Paris...<\/p><\/p>\n  \t\t\t<span id=\"tooltip-text-18d0d60\" class=\"eael-tooltip-text eael-tooltip-bottom\" role=\"tooltip\"><p>G. SAND,\u00a0<em>Jeanne<\/em><em>,\u00a0<\/em>Ed. Pal\u00e9o, Paris, 2011 [1844], p.\u00a0126.<\/p><\/span>\n  \t\t\t<\/div>\n\t\t\t\t\t<\/div>\n\t\t\t\t<\/div>\n\t\t\t\t<div class=\"elementor-element elementor-element-fc00bc7 eael-tooltip-align-left eael-tooltip-text-align-left elementor-widget elementor-widget-eael-tooltip\" data-id=\"fc00bc7\" data-element_type=\"widget\" data-e-type=\"widget\" data-widget_type=\"eael-tooltip.default\">\n\t\t\t\t<div class=\"elementor-widget-container\">\n\t\t\t\t\t\t<div class=\"eael-tooltip\">\n\t\t\t\t\t<p class=\"eael-tooltip-content\" tabindex=\"0\" aria-describedby=\"tooltip-text-fc00bc7\"><p>[20]\u00a0G. SAND,\u00a0<em>Lettres \u00e0 Marcie<\/em>, Ed. Palio...<\/p><\/p>\n  \t\t\t<span id=\"tooltip-text-fc00bc7\" class=\"eael-tooltip-text eael-tooltip-bottom\" role=\"tooltip\"><p>G. SAND,\u00a0<em>Lettres \u00e0 Marcie<\/em>, Ed. Palio, Paris, 2014 [1837], p. 112.<\/p><\/span>\n  \t\t\t<\/div>\n\t\t\t\t\t<\/div>\n\t\t\t\t<\/div>\n\t\t\t\t<div class=\"elementor-element elementor-element-8399031 eael-tooltip-align-left eael-tooltip-text-align-left elementor-widget elementor-widget-eael-tooltip\" data-id=\"8399031\" data-element_type=\"widget\" data-e-type=\"widget\" data-widget_type=\"eael-tooltip.default\">\n\t\t\t\t<div class=\"elementor-widget-container\">\n\t\t\t\t\t\t<div class=\"eael-tooltip\">\n\t\t\t\t\t<p class=\"eael-tooltip-content\" tabindex=\"0\" aria-describedby=\"tooltip-text-8399031\"><p>[21]\u00a0<em>ibidem.<\/em><\/p><\/p>\n  \t\t\t<span id=\"tooltip-text-8399031\" class=\"eael-tooltip-text eael-tooltip-bottom\" role=\"tooltip\"><p><em>ibidem<\/em>.<\/p><\/span>\n  \t\t\t<\/div>\n\t\t\t\t\t<\/div>\n\t\t\t\t<\/div>\n\t\t\t\t<div class=\"elementor-element elementor-element-2734049 eael-tooltip-align-left eael-tooltip-text-align-left elementor-widget elementor-widget-eael-tooltip\" data-id=\"2734049\" data-element_type=\"widget\" data-e-type=\"widget\" data-widget_type=\"eael-tooltip.default\">\n\t\t\t\t<div class=\"elementor-widget-container\">\n\t\t\t\t\t\t<div class=\"eael-tooltip\">\n\t\t\t\t\t<p class=\"eael-tooltip-content\" tabindex=\"0\" aria-describedby=\"tooltip-text-2734049\"><p>[22]\u00a0<em>ibidem<\/em>.<\/p><\/p>\n  \t\t\t<span id=\"tooltip-text-2734049\" class=\"eael-tooltip-text eael-tooltip-bottom\" role=\"tooltip\"><p><em>ibidem<\/em>.<\/p><\/span>\n  \t\t\t<\/div>\n\t\t\t\t\t<\/div>\n\t\t\t\t<\/div>\n\t\t\t\t<\/div>\n\t\t<div data-particle_enable=\"false\" data-particle-mobile-disabled=\"false\" class=\"elementor-element elementor-element-058fedb e-con-full e-flex e-con e-child\" data-id=\"058fedb\" data-element_type=\"container\" data-e-type=\"container\">\n\t\t\t\t<div class=\"elementor-element elementor-element-a5a45d2 eael-tooltip-align-left eael-tooltip-text-align-left elementor-widget elementor-widget-eael-tooltip\" data-id=\"a5a45d2\" data-element_type=\"widget\" data-e-type=\"widget\" data-widget_type=\"eael-tooltip.default\">\n\t\t\t\t<div class=\"elementor-widget-container\">\n\t\t\t\t\t\t<div class=\"eael-tooltip\">\n\t\t\t\t\t<p class=\"eael-tooltip-content\" tabindex=\"0\" aria-describedby=\"tooltip-text-a5a45d2\"><p>[23]\u00a0M. PERROT,\u00a0<em>George Sand \u00e0 Nohant.<\/em>..<\/p><\/p>\n  \t\t\t<span id=\"tooltip-text-a5a45d2\" class=\"eael-tooltip-text eael-tooltip-bottom\" role=\"tooltip\"><p>M. PERROT,\u00a0<em>George Sand \u00e0 Nohant<\/em>, Ed. Le Seuil, Paris, 2018, p.\u00a045.<\/p><\/span>\n  \t\t\t<\/div>\n\t\t\t\t\t<\/div>\n\t\t\t\t<\/div>\n\t\t\t\t<\/div>\n\t\t\t\t<\/div>\n\t\t\t\t\t<\/div>\n\t\t\t\t<\/div>\n\t\t<div data-particle_enable=\"false\" data-particle-mobile-disabled=\"false\" class=\"elementor-element elementor-element-6f67c3b e-flex e-con-boxed e-con e-parent\" data-id=\"6f67c3b\" data-element_type=\"container\" data-e-type=\"container\">\n\t\t\t\t\t<div class=\"e-con-inner\">\n\t\t<div data-particle_enable=\"false\" data-particle-mobile-disabled=\"false\" class=\"elementor-element elementor-element-d4959e5 e-con-full e-flex e-con e-child\" data-id=\"d4959e5\" data-element_type=\"container\" data-e-type=\"container\">\n\t\t\t\t<div class=\"elementor-element elementor-element-4bbb47e elementor-widget elementor-widget-text-editor\" data-id=\"4bbb47e\" data-element_type=\"widget\" data-e-type=\"widget\" data-widget_type=\"text-editor.default\">\n\t\t\t\t<div class=\"elementor-widget-container\">\n\t\t\t\t\t\t\t\t\t<h3>Bibliographie<\/h3><p><strong>Corpus<\/strong><\/p><ul><li>SAND (George), <em>Lettres \u00e0 Marcie<\/em>, Ed. Palio, Paris, 2014 [1837], 90 p., (Coll. Sable.).<\/li><li>SAND (George), <em>Jeanne<\/em>, Pal\u00e9o, Paris, 2011 [1844], 382 p., (Coll. Sable.).<\/li><li>SAND (George), <em>Nanon<\/em>, Ed. Actes Sud, Paris, 2005 [1850],\u00a0384 p.<\/li><li>SAND (George), <em>La Mare au Diable<\/em>, Ed. J\u2019ai Lu, Paris, 2003 [1846], 144 p., (Coll. Librio.).<\/li><li>SAND (George), <em>Histoire de ma vie<\/em>, LGF, Paris, 2001 [1855], 864 p., (Coll. Les Classiques de Poche.).<\/li><li>SAND (George), <em>Le Meunier d\u2019Angibault<\/em>, Ed. Les Classiques de Poche, Paris, 1985 [1845], 441 p., (Coll. Classiques.).<\/li><li>SAND (George), <em>La Ville Noire<\/em>, PUG, Grenoble, 1980 [1860], 203 p.<\/li><li>SAND (George), <em>Mauprat<\/em>, Ed. Garnier- Flammarion, Paris, 1969 [1837],\u00a0314 p.<\/li><\/ul><p><strong>Ouvrages critiques<\/strong><\/p><ul><li>BOUCHARDEAU (Huguette), George Sand, <em>Les Femmes<\/em>, Ed. HB Editions, Paris, 2004, 169 p., (Coll. ARRETS SUR LECTURES.).<\/li><li>BEUVE (Sainte), <em>Pour la critique<\/em>, Ed. Gallimard, Paris, 1995, 400 p., (Coll. Folio Essais.).<\/li><li>BOURKIA (Rahma), <em>Etudes f\u00e9minines<\/em>, Ed. PFLR, Rabat, 1997, 180 p.<\/li><li>PERROT (Michelle), <em>George Sand \u00e0 Nohant, une maison d\u2019artiste<\/em>, Ed. Le Seuil, Paris, 2018, 464 p.<\/li><li>HEQUET (Michel), <em>L\u2019Education des filles au temps de George Sand<\/em>, Ed. Artois Presses Universitaires, Paris, 1999, 269 p., (Coll. Etudes litt\u00e9raires et linguistiques.).<\/li><li>MALLET (Francine), <em>George Sand<\/em>, Ed. Grasset, Paris, 1976, 434 p., (Coll. Livre de Poche.).<\/li><li>ROUGET (Marie Th\u00e9r\u00e8se), <em>George Sand socialiste<\/em>, Ed. Bosc Fr\u00e8res, Lyon, 1931, 222 p.<\/li><\/ul><h3>Articles<\/h3><ul><li>CHEVELON (Bernadette), \u00ab Quelques id\u00e9es de George Sand sur l\u2019\u00e9ducation \u00bb, <em>Les Amis de George Sand<\/em>, N\u00b0 3, 1978, p. 12-22.<\/li><li>DIDIER (B\u00e9atrice), \u00ab Masculin\/F\u00e9minin chez George Sand \u00bb, <em>Itin\u00e9raire<\/em>, 1er avril, 2011, p. 85-91.<\/li><\/ul><p><strong>Ouvrages lus pour le besoin de la th\u00e8se<\/strong><\/p><ul><li>DIAZ (Brigitte), SIESS (Jurgen), <em>L\u2019Epistolaire au f\u00e9minin<\/em>, Ed. PUC, Caen, 2006, 258 p., ( Symposia).<\/li><\/ul>\t\t\t\t\t\t\t\t<\/div>\n\t\t\t\t<\/div>\n\t\t\t\t<\/div>\n\t\t<div data-particle_enable=\"false\" data-particle-mobile-disabled=\"false\" class=\"elementor-element elementor-element-7ff91fc elementor-hidden-mobile e-con-full elementor-hidden-tablet e-flex e-con e-child\" data-id=\"7ff91fc\" data-element_type=\"container\" data-e-type=\"container\">\n\t\t<div data-particle_enable=\"false\" data-particle-mobile-disabled=\"false\" class=\"elementor-element elementor-element-2323282 e-con-full e-flex e-con e-child\" data-id=\"2323282\" data-element_type=\"container\" data-e-type=\"container\">\n\t\t\t\t<div class=\"elementor-element elementor-element-abe1fde elementor-widget-divider--view-line_text elementor-widget-divider--element-align-center elementor-widget elementor-widget-divider\" data-id=\"abe1fde\" data-element_type=\"widget\" data-e-type=\"widget\" data-widget_type=\"divider.default\">\n\t\t\t\t<div class=\"elementor-widget-container\">\n\t\t\t\t\t\t\t<div class=\"elementor-divider\">\n\t\t\t<span class=\"elementor-divider-separator\">\n\t\t\t\t\t\t\t<p class=\"elementor-divider__text elementor-divider__element\">\n\t\t\t\tPage 4\t\t\t\t<\/p>\n\t\t\t\t\t\t<\/span>\n\t\t<\/div>\n\t\t\t\t\t\t<\/div>\n\t\t\t\t<\/div>\n\t\t\t\t<\/div>\n\t\t\t\t<\/div>\n\t\t\t\t\t<\/div>\n\t\t\t\t<\/div>\n\t\t\t\t<section data-particle_enable=\"false\" data-particle-mobile-disabled=\"false\" class=\"elementor-section elementor-top-section elementor-element elementor-element-7905badf elementor-section-boxed elementor-section-height-default elementor-section-height-default\" data-id=\"7905badf\" data-element_type=\"section\" data-e-type=\"section\">\n\t\t\t\t\t\t<div class=\"elementor-container elementor-column-gap-default\">\n\t\t\t\t\t<div class=\"elementor-column elementor-col-100 elementor-top-column elementor-element elementor-element-3612363e\" data-id=\"3612363e\" data-element_type=\"column\" data-e-type=\"column\">\n\t\t\t<div class=\"elementor-widget-wrap elementor-element-populated\">\n\t\t\t\t\t\t<div class=\"elementor-element elementor-element-58d89c42 elementor-share-buttons--skin-boxed elementor-share-buttons--view-icon-text elementor-share-buttons--shape-square elementor-grid-0 elementor-share-buttons--color-official elementor-widget elementor-widget-share-buttons\" data-id=\"58d89c42\" data-element_type=\"widget\" data-e-type=\"widget\" data-widget_type=\"share-buttons.default\">\n\t\t\t\t<div class=\"elementor-widget-container\">\n\t\t\t\t\t\t\t<div class=\"elementor-grid\" role=\"list\">\n\t\t\t\t\t\t\t\t<div class=\"elementor-grid-item\" role=\"listitem\">\n\t\t\t\t\t\t<div class=\"elementor-share-btn elementor-share-btn_facebook\" role=\"button\" tabindex=\"0\" aria-label=\"Partager sur facebook\">\n\t\t\t\t\t\t\t\t\t\t\t\t\t\t\t<span class=\"elementor-share-btn__icon\">\n\t\t\t\t\t\t\t\t<i class=\"fab fa-facebook\" aria-hidden=\"true\"><\/i>\t\t\t\t\t\t\t<\/span>\n\t\t\t\t\t\t\t\t\t\t\t\t\t\t\t\t\t\t\t\t\t\t<div class=\"elementor-share-btn__text\">\n\t\t\t\t\t\t\t\t\t\t\t\t\t\t\t\t\t\t\t<span class=\"elementor-share-btn__title\">\n\t\t\t\t\t\t\t\t\t\tFacebook\t\t\t\t\t\t\t\t\t<\/span>\n\t\t\t\t\t\t\t\t\t\t\t\t\t\t\t\t\t<\/div>\n\t\t\t\t\t\t\t\t\t\t\t\t\t<\/div>\n\t\t\t\t\t<\/div>\n\t\t\t\t\t\t\t\t\t<div class=\"elementor-grid-item\" role=\"listitem\">\n\t\t\t\t\t\t<div class=\"elementor-share-btn elementor-share-btn_twitter\" role=\"button\" tabindex=\"0\" aria-label=\"Partager sur twitter\">\n\t\t\t\t\t\t\t\t\t\t\t\t\t\t\t<span class=\"elementor-share-btn__icon\">\n\t\t\t\t\t\t\t\t<i class=\"fab fa-twitter\" aria-hidden=\"true\"><\/i>\t\t\t\t\t\t\t<\/span>\n\t\t\t\t\t\t\t\t\t\t\t\t\t\t\t\t\t\t\t\t\t\t<div class=\"elementor-share-btn__text\">\n\t\t\t\t\t\t\t\t\t\t\t\t\t\t\t\t\t\t\t<span class=\"elementor-share-btn__title\">\n\t\t\t\t\t\t\t\t\t\tTwitter\t\t\t\t\t\t\t\t\t<\/span>\n\t\t\t\t\t\t\t\t\t\t\t\t\t\t\t\t\t<\/div>\n\t\t\t\t\t\t\t\t\t\t\t\t\t<\/div>\n\t\t\t\t\t<\/div>\n\t\t\t\t\t\t\t\t\t<div class=\"elementor-grid-item\" role=\"listitem\">\n\t\t\t\t\t\t<div class=\"elementor-share-btn elementor-share-btn_linkedin\" role=\"button\" tabindex=\"0\" aria-label=\"Partager sur linkedin\">\n\t\t\t\t\t\t\t\t\t\t\t\t\t\t\t<span class=\"elementor-share-btn__icon\">\n\t\t\t\t\t\t\t\t<i class=\"fab fa-linkedin\" aria-hidden=\"true\"><\/i>\t\t\t\t\t\t\t<\/span>\n\t\t\t\t\t\t\t\t\t\t\t\t\t\t\t\t\t\t\t\t\t\t<div class=\"elementor-share-btn__text\">\n\t\t\t\t\t\t\t\t\t\t\t\t\t\t\t\t\t\t\t<span class=\"elementor-share-btn__title\">\n\t\t\t\t\t\t\t\t\t\tLinkedIn\t\t\t\t\t\t\t\t\t<\/span>\n\t\t\t\t\t\t\t\t\t\t\t\t\t\t\t\t\t<\/div>\n\t\t\t\t\t\t\t\t\t\t\t\t\t<\/div>\n\t\t\t\t\t<\/div>\n\t\t\t\t\t\t<\/div>\n\t\t\t\t\t\t<\/div>\n\t\t\t\t<\/div>\n\t\t\t\t<div class=\"elementor-element elementor-element-47be1c64 elementor-widget-divider--separator-type-pattern elementor-widget-divider--no-spacing elementor-widget-divider--view-line elementor-widget elementor-widget-divider\" data-id=\"47be1c64\" data-element_type=\"widget\" data-e-type=\"widget\" data-widget_type=\"divider.default\">\n\t\t\t\t<div class=\"elementor-widget-container\">\n\t\t\t\t\t\t\t<div class=\"elementor-divider\" style=\"--divider-pattern-url: url(&quot;data:image\/svg+xml,%3Csvg xmlns=&#039;http:\/\/www.w3.org\/2000\/svg&#039; preserveAspectRatio=&#039;none&#039; overflow=&#039;visible&#039; height=&#039;100%&#039; viewBox=&#039;0 0 24 24&#039; fill=&#039;black&#039; stroke=&#039;none&#039;%3E%3Cpath d=&#039;M24,8v12H0V8H24z M24,4v1H0V4H24z&#039;\/%3E%3C\/svg%3E&quot;);\">\n\t\t\t<span class=\"elementor-divider-separator\">\n\t\t\t\t\t\t<\/span>\n\t\t<\/div>\n\t\t\t\t\t\t<\/div>\n\t\t\t\t<\/div>\n\t\t\t\t<div class=\"elementor-element elementor-element-613bf0b4 elementor-widget elementor-widget-heading\" data-id=\"613bf0b4\" data-element_type=\"widget\" data-e-type=\"widget\" data-widget_type=\"heading.default\">\n\t\t\t\t<div class=\"elementor-widget-container\">\n\t\t\t\t\t<h4 class=\"elementor-heading-title elementor-size-default\">D'autres articles<\/h4>\t\t\t\t<\/div>\n\t\t\t\t<\/div>\n\t\t\t\t<div class=\"elementor-element elementor-element-7ab40fe2 elementor-grid-1 elementor-posts--thumbnail-left elementor-grid-tablet-1 elementor-grid-mobile-1 elementor-widget elementor-widget-posts\" data-id=\"7ab40fe2\" data-element_type=\"widget\" data-e-type=\"widget\" data-settings=\"{&quot;classic_columns&quot;:&quot;1&quot;,&quot;classic_row_gap&quot;:{&quot;unit&quot;:&quot;px&quot;,&quot;size&quot;:20,&quot;sizes&quot;:[]},&quot;classic_columns_tablet&quot;:&quot;1&quot;,&quot;classic_columns_mobile&quot;:&quot;1&quot;,&quot;classic_row_gap_tablet&quot;:{&quot;unit&quot;:&quot;px&quot;,&quot;size&quot;:&quot;&quot;,&quot;sizes&quot;:[]},&quot;classic_row_gap_mobile&quot;:{&quot;unit&quot;:&quot;px&quot;,&quot;size&quot;:&quot;&quot;,&quot;sizes&quot;:[]}}\" data-widget_type=\"posts.classic\">\n\t\t\t\t<div class=\"elementor-widget-container\">\n\t\t\t\t\t\t\t<div class=\"elementor-posts-container elementor-posts elementor-posts--skin-classic elementor-grid\" role=\"list\">\n\t\t\t\t<article class=\"elementor-post elementor-grid-item post-2614 post type-post status-publish format-standard has-post-thumbnail hentry category-editorial4\" role=\"listitem\">\n\t\t\t\t<a class=\"elementor-post__thumbnail__link\" href=\"https:\/\/m3c.universita.corsica\/lumi\/lenseignement-doit-il-etre-une-affaire-detat-reflexions-personnelles-dun-vieil-universitaire-de-corse\/\" tabindex=\"-1\" >\n\t\t\t<div class=\"elementor-post__thumbnail\"><img decoding=\"async\" width=\"300\" height=\"120\" src=\"https:\/\/lumi.univ-corse.fr\/wp-content\/uploads\/2024\/07\/Michel_VergeFranceschi-300x120.webp\" class=\"attachment-medium size-medium wp-image-2661\" alt=\"\" srcset=\"https:\/\/lumi.univ-corse.fr\/wp-content\/uploads\/2024\/07\/Michel_VergeFranceschi-300x120.webp 300w, https:\/\/lumi.univ-corse.fr\/wp-content\/uploads\/2024\/07\/Michel_VergeFranceschi-1024x410.webp 1024w, https:\/\/lumi.univ-corse.fr\/wp-content\/uploads\/2024\/07\/Michel_VergeFranceschi-768x307.webp 768w, https:\/\/lumi.univ-corse.fr\/wp-content\/uploads\/2024\/07\/Michel_VergeFranceschi-1536x614.webp 1536w, https:\/\/lumi.univ-corse.fr\/wp-content\/uploads\/2024\/07\/Michel_VergeFranceschi.webp 2000w\" sizes=\"(max-width: 300px) 100vw, 300px\" \/><\/div>\n\t\t<\/a>\n\t\t\t\t<div class=\"elementor-post__text\">\n\t\t\t\t<h3 class=\"elementor-post__title\">\n\t\t\t<a href=\"https:\/\/m3c.universita.corsica\/lumi\/lenseignement-doit-il-etre-une-affaire-detat-reflexions-personnelles-dun-vieil-universitaire-de-corse\/\" >\n\t\t\t\tL&rsquo;enseignement doit-il \u00eatre une affaire d&rsquo;\u00e9tat ? R\u00e9flexions personnelles d&rsquo;un universitaire Corse\t\t\t<\/a>\n\t\t<\/h3>\n\t\t\t\t<div class=\"elementor-post__meta-data\">\n\t\t\t\t\t<span class=\"elementor-post-date\">\n\t\t\t9 juillet 2024\t\t<\/span>\n\t\t\t\t<\/div>\n\t\t\t\t<div class=\"elementor-post__excerpt\">\n\t\t\t<p>Ma r\u00e9ponse est oui. L\u2019enseignement c\u2019est un tout qui repose sur trois piliers : un lieu ; un budget ; un savoir. L\u2019enseignement, \u00e0 premi\u00e8re vue, c\u2019est tout d\u2019abord un lieu o\u00f9 il faut pouvoir le dispenser. Dans l\u2019Antiquit\u00e9 grecque, c\u2019\u00e9tait sous les portiques du temple d\u2019Apollon, all\u00e9es couvertes qui laissaient passer la \u00ab lumi\u00e8re \u00bb d\u2019o\u00f9 le nom de \u00ab lyc\u00e9e \u00bb. Je&#8230;<\/p>\n\t\t<\/div>\n\t\t\t\t<\/div>\n\t\t\t\t<\/article>\n\t\t\t\t<article class=\"elementor-post elementor-grid-item post-2596 post type-post status-publish format-standard has-post-thumbnail hentry category-varia4\" role=\"listitem\">\n\t\t\t\t<a class=\"elementor-post__thumbnail__link\" href=\"https:\/\/m3c.universita.corsica\/lumi\/annexe-extraits-des-pages-141-a-151-du-testament-politique-dalberoni\/\" tabindex=\"-1\" >\n\t\t\t<div class=\"elementor-post__thumbnail\"><img decoding=\"async\" width=\"300\" height=\"120\" src=\"https:\/\/lumi.univ-corse.fr\/wp-content\/uploads\/2024\/07\/Testament_politique_du_cardinal_Jules_.Alberoni_Giulio_bpt6k97701565-300x120.webp\" class=\"attachment-medium size-medium wp-image-2665\" alt=\"\" srcset=\"https:\/\/lumi.univ-corse.fr\/wp-content\/uploads\/2024\/07\/Testament_politique_du_cardinal_Jules_.Alberoni_Giulio_bpt6k97701565-300x120.webp 300w, https:\/\/lumi.univ-corse.fr\/wp-content\/uploads\/2024\/07\/Testament_politique_du_cardinal_Jules_.Alberoni_Giulio_bpt6k97701565-1024x410.webp 1024w, https:\/\/lumi.univ-corse.fr\/wp-content\/uploads\/2024\/07\/Testament_politique_du_cardinal_Jules_.Alberoni_Giulio_bpt6k97701565-768x307.webp 768w, https:\/\/lumi.univ-corse.fr\/wp-content\/uploads\/2024\/07\/Testament_politique_du_cardinal_Jules_.Alberoni_Giulio_bpt6k97701565-1536x614.webp 1536w, https:\/\/lumi.univ-corse.fr\/wp-content\/uploads\/2024\/07\/Testament_politique_du_cardinal_Jules_.Alberoni_Giulio_bpt6k97701565.webp 2000w\" sizes=\"(max-width: 300px) 100vw, 300px\" \/><\/div>\n\t\t<\/a>\n\t\t\t\t<div class=\"elementor-post__text\">\n\t\t\t\t<h3 class=\"elementor-post__title\">\n\t\t\t<a href=\"https:\/\/m3c.universita.corsica\/lumi\/annexe-extraits-des-pages-141-a-151-du-testament-politique-dalberoni\/\" >\n\t\t\t\tAnnexe, Extraits des pages 141 \u00e0\u00a0151 du Testament politique d\u2019Alberoni\t\t\t<\/a>\n\t\t<\/h3>\n\t\t\t\t<div class=\"elementor-post__meta-data\">\n\t\t\t\t\t<span class=\"elementor-post-date\">\n\t\t\t9 juillet 2024\t\t<\/span>\n\t\t\t\t<\/div>\n\t\t\t\t<div class=\"elementor-post__excerpt\">\n\t\t\t<p>\u00ab L\u2019aveugle pr\u00e9vention des Anglois, ne laisse aucun espoir de leur retour vers leur Souverain naturel. C\u2019est \u00e0 lui de se faire, par sa valeur &#038; sa conduite, le rang qu\u2019ils lui refusent, &#038; de se b\u00e2tir \u00e0 leurs d\u00e9pens un tr\u00f4ne, qui lui tienne lieu de celui o\u00f9 ils ne veulent pas le faire monter.<br \/>\nLa post\u00e9rit\u00e9 ne pardonnera point au Prince Edouard, d\u2019avoir&#8230;<\/p>\n\t\t<\/div>\n\t\t\t\t<\/div>\n\t\t\t\t<\/article>\n\t\t\t\t<article class=\"elementor-post elementor-grid-item post-2567 post type-post status-publish format-standard has-post-thumbnail hentry category-varia4\" role=\"listitem\">\n\t\t\t\t<a class=\"elementor-post__thumbnail__link\" href=\"https:\/\/m3c.universita.corsica\/lumi\/theodore-langleterre-et-le-projet-dalberoni-pour-la-corse\/\" tabindex=\"-1\" >\n\t\t\t<div class=\"elementor-post__thumbnail\"><img fetchpriority=\"high\" decoding=\"async\" width=\"266\" height=\"300\" src=\"https:\/\/lumi.univ-corse.fr\/wp-content\/uploads\/2024\/06\/shutterstock_87012563-266x300.webp\" class=\"attachment-medium size-medium wp-image-2593\" alt=\"\" srcset=\"https:\/\/lumi.univ-corse.fr\/wp-content\/uploads\/2024\/06\/shutterstock_87012563-266x300.webp 266w, https:\/\/lumi.univ-corse.fr\/wp-content\/uploads\/2024\/06\/shutterstock_87012563-768x866.webp 768w, https:\/\/lumi.univ-corse.fr\/wp-content\/uploads\/2024\/06\/shutterstock_87012563.webp 887w\" sizes=\"(max-width: 266px) 100vw, 266px\" \/><\/div>\n\t\t<\/a>\n\t\t\t\t<div class=\"elementor-post__text\">\n\t\t\t\t<h3 class=\"elementor-post__title\">\n\t\t\t<a href=\"https:\/\/m3c.universita.corsica\/lumi\/theodore-langleterre-et-le-projet-dalberoni-pour-la-corse\/\" >\n\t\t\t\tTh\u00e9odore, l\u2019Angleterre et le projet d\u2019Alberoni pour la Corse\t\t\t<\/a>\n\t\t<\/h3>\n\t\t\t\t<div class=\"elementor-post__meta-data\">\n\t\t\t\t\t<span class=\"elementor-post-date\">\n\t\t\t30 juin 2024\t\t<\/span>\n\t\t\t\t<\/div>\n\t\t\t\t<div class=\"elementor-post__excerpt\">\n\t\t\t<p>Au cours du XVIIIe si\u00e8cle, la Corse a fait l\u2019objet de bien des sp\u00e9culations de la part des \u00c9tats europ\u00e9ens. Les nationaux, dans leur combat pour venir \u00e0 bout de l\u2019occupant g\u00e9nois, ont tent\u00e9 en permanence de s\u2019appuyer sur ces ambitions, afin de trouver des alli\u00e9s de circonstance : non sans de nombreuses d\u00e9sillusions. De ce point de vue, l\u2019\u00e9pisode qui&#8230;<\/p>\n\t\t<\/div>\n\t\t\t\t<\/div>\n\t\t\t\t<\/article>\n\t\t\t\t<\/div>\n\t\t\n\t\t\t\t\t\t<\/div>\n\t\t\t\t<\/div>\n\t\t\t\t\t<\/div>\n\t\t<\/div>\n\t\t\t\t\t<\/div>\n\t\t<\/section>\n\t\t\t\t<\/div>\n\t\t","protected":false},"excerpt":{"rendered":"<p>Sand fait de l\u2019\u00e9ducation le socle de son projet relatif \u00e0 l\u2019\u00e9mancipation f\u00e9minine. Dans la pens\u00e9e sandienne, c\u2019est \u00ab l\u2019\u00e9ducation d\u2019abord  \u00bb. Au sein de l\u2019univers fictionnel sandien, la romanci\u00e8re centre son int\u00e9r\u00eat sur l\u2019\u00e9ducation et cela peut s\u2019expliquer par le r\u00f4le que celle-ci a jou\u00e9 dans sa vie personnelle. Sans&#8230;<\/p>\n","protected":false},"author":51,"featured_media":2592,"comment_status":"closed","ping_status":"closed","sticky":false,"template":"","format":"standard","meta":{"_acf_changed":false,"footnotes":""},"categories":[24],"tags":[],"class_list":["post-2442","post","type-post","status-publish","format-standard","has-post-thumbnail","hentry","category-numero4"],"acf":[],"_links":{"self":[{"href":"https:\/\/m3c.universita.corsica\/lumi\/wp-json\/wp\/v2\/posts\/2442","targetHints":{"allow":["GET"]}}],"collection":[{"href":"https:\/\/m3c.universita.corsica\/lumi\/wp-json\/wp\/v2\/posts"}],"about":[{"href":"https:\/\/m3c.universita.corsica\/lumi\/wp-json\/wp\/v2\/types\/post"}],"author":[{"embeddable":true,"href":"https:\/\/m3c.universita.corsica\/lumi\/wp-json\/wp\/v2\/users\/51"}],"replies":[{"embeddable":true,"href":"https:\/\/m3c.universita.corsica\/lumi\/wp-json\/wp\/v2\/comments?post=2442"}],"version-history":[{"count":47,"href":"https:\/\/m3c.universita.corsica\/lumi\/wp-json\/wp\/v2\/posts\/2442\/revisions"}],"predecessor-version":[{"id":4629,"href":"https:\/\/m3c.universita.corsica\/lumi\/wp-json\/wp\/v2\/posts\/2442\/revisions\/4629"}],"wp:featuredmedia":[{"embeddable":true,"href":"https:\/\/m3c.universita.corsica\/lumi\/wp-json\/wp\/v2\/media\/2592"}],"wp:attachment":[{"href":"https:\/\/m3c.universita.corsica\/lumi\/wp-json\/wp\/v2\/media?parent=2442"}],"wp:term":[{"taxonomy":"category","embeddable":true,"href":"https:\/\/m3c.universita.corsica\/lumi\/wp-json\/wp\/v2\/categories?post=2442"},{"taxonomy":"post_tag","embeddable":true,"href":"https:\/\/m3c.universita.corsica\/lumi\/wp-json\/wp\/v2\/tags?post=2442"}],"curies":[{"name":"wp","href":"https:\/\/api.w.org\/{rel}","templated":true}]}}