{"id":2475,"date":"2024-06-09T22:21:11","date_gmt":"2024-06-09T22:21:11","guid":{"rendered":"https:\/\/m3c.universita.corsica\/lumi\/?p=2475"},"modified":"2024-07-16T21:49:52","modified_gmt":"2024-07-16T21:49:52","slug":"pour-une-education-cosmopolite-une-composante-manquante-du-systeme-educatif-francais","status":"publish","type":"post","link":"https:\/\/m3c.universita.corsica\/lumi\/pour-une-education-cosmopolite-une-composante-manquante-du-systeme-educatif-francais\/","title":{"rendered":"Pour une \u00e9ducation cosmopolite : une composante manquante du syst\u00e8me \u00e9ducatif fran\u00e7ais ?"},"content":{"rendered":"\t\t<div data-elementor-type=\"wp-post\" data-elementor-id=\"2475\" class=\"elementor elementor-2475\" data-elementor-post-type=\"post\">\n\t\t\t\t\t\t<section data-particle_enable=\"false\" data-particle-mobile-disabled=\"false\" class=\"elementor-section elementor-top-section elementor-element elementor-element-5e8823c5 elementor-section-full_width elementor-section-height-min-height elementor-section-height-default elementor-section-items-middle\" data-id=\"5e8823c5\" data-element_type=\"section\" data-e-type=\"section\" data-settings=\"{&quot;background_background&quot;:&quot;classic&quot;}\">\n\t\t\t\t\t\t<div class=\"elementor-container elementor-column-gap-default\">\n\t\t\t\t\t<div class=\"elementor-column elementor-col-100 elementor-top-column elementor-element elementor-element-76f81a2a\" data-id=\"76f81a2a\" data-element_type=\"column\" data-e-type=\"column\">\n\t\t\t<div class=\"elementor-widget-wrap\">\n\t\t\t\t\t\t\t<\/div>\n\t\t<\/div>\n\t\t\t\t\t<\/div>\n\t\t<\/section>\n\t\t\t\t<section data-particle_enable=\"false\" data-particle-mobile-disabled=\"false\" class=\"elementor-section elementor-top-section elementor-element elementor-element-3a18bbe8 elementor-section-boxed elementor-section-height-default elementor-section-height-default\" data-id=\"3a18bbe8\" data-element_type=\"section\" data-e-type=\"section\">\n\t\t\t\t\t\t<div class=\"elementor-container elementor-column-gap-default\">\n\t\t\t\t\t<div class=\"elementor-column elementor-col-100 elementor-top-column elementor-element elementor-element-4b643c40\" data-id=\"4b643c40\" data-element_type=\"column\" data-e-type=\"column\">\n\t\t\t<div class=\"elementor-widget-wrap elementor-element-populated\">\n\t\t\t\t\t\t<div class=\"elementor-element elementor-element-408a78ac elementor-widget elementor-widget-heading\" data-id=\"408a78ac\" data-element_type=\"widget\" data-e-type=\"widget\" data-widget_type=\"heading.default\">\n\t\t\t\t<div class=\"elementor-widget-container\">\n\t\t\t\t\t<h1 class=\"elementor-heading-title elementor-size-default\">Pour une \u00e9ducation cosmopolite : une composante manquante du syst\u00e8me \u00e9ducatif fran\u00e7ais ?<\/h1>\t\t\t\t<\/div>\n\t\t\t\t<\/div>\n\t\t\t\t<div class=\"elementor-element elementor-element-34bfa006 elementor-author-box--name-yes elementor-author-box--biography-yes elementor-author-box--link-no elementor-widget elementor-widget-author-box\" data-id=\"34bfa006\" data-element_type=\"widget\" data-e-type=\"widget\" data-widget_type=\"author-box.default\">\n\t\t\t\t<div class=\"elementor-widget-container\">\n\t\t\t\t\t\t\t<div class=\"elementor-author-box\">\n\t\t\t\n\t\t\t<div class=\"elementor-author-box__text\">\n\t\t\t\t\t\t\t\t\t<div >\n\t\t\t\t\t\t<h4 class=\"elementor-author-box__name\">\n\t\t\t\t\t\t\tMaria Fernanda Gonzalez Binetti\t\t\t\t\t\t<\/h4>\n\t\t\t\t\t<\/div>\n\t\t\t\t\n\t\t\t\t\t\t\t\t\t<div class=\"elementor-author-box__bio\">\n\t\t\t\t\t\tInstitut Catholique de Paris\t\t\t\t\t<\/div>\n\t\t\t\t\n\t\t\t\t\t\t\t<\/div>\n\t\t<\/div>\n\t\t\t\t\t\t<\/div>\n\t\t\t\t<\/div>\n\t\t\t\t<div class=\"elementor-element elementor-element-1d58fef2 elementor-align-left elementor-widget elementor-widget-button\" data-id=\"1d58fef2\" data-element_type=\"widget\" data-e-type=\"widget\" data-widget_type=\"button.default\">\n\t\t\t\t<div class=\"elementor-widget-container\">\n\t\t\t\t\t\t\t\t\t<div class=\"elementor-button-wrapper\">\n\t\t\t\t\t<a class=\"elementor-button elementor-button-link elementor-size-sm\" href=\"\/lumi\/wp-content\/uploads\/2024\/07\/14-DEFIN-MODIF-DJ-RELU-pour-une-e\u0301ducation-cosmopolite.pdf\" target=\"_blank\">\n\t\t\t\t\t\t<span class=\"elementor-button-content-wrapper\">\n\t\t\t\t\t\t<span class=\"elementor-button-icon\">\n\t\t\t\t<i aria-hidden=\"true\" class=\"fas fa-file-download\"><\/i>\t\t\t<\/span>\n\t\t\t\t\t\t\t\t\t<span class=\"elementor-button-text\">Visionner \/ T\u00e9l\u00e9charger la version PDF<\/span>\n\t\t\t\t\t<\/span>\n\t\t\t\t\t<\/a>\n\t\t\t\t<\/div>\n\t\t\t\t\t\t\t\t<\/div>\n\t\t\t\t<\/div>\n\t\t\t\t\t<\/div>\n\t\t<\/div>\n\t\t\t\t\t<\/div>\n\t\t<\/section>\n\t\t\t\t<section data-particle_enable=\"false\" data-particle-mobile-disabled=\"false\" class=\"elementor-section elementor-top-section elementor-element elementor-element-2535ca4 elementor-section-boxed elementor-section-height-default elementor-section-height-default\" data-id=\"2535ca4\" data-element_type=\"section\" data-e-type=\"section\">\n\t\t\t\t\t\t<div class=\"elementor-container elementor-column-gap-default\">\n\t\t\t\t\t<div class=\"elementor-column elementor-col-50 elementor-top-column elementor-element elementor-element-29ba495\" data-id=\"29ba495\" data-element_type=\"column\" data-e-type=\"column\">\n\t\t\t<div class=\"elementor-widget-wrap elementor-element-populated\">\n\t\t\t\t\t\t<div class=\"elementor-element elementor-element-4558a69 elementor-widget elementor-widget-text-editor\" data-id=\"4558a69\" data-element_type=\"widget\" data-e-type=\"widget\" data-widget_type=\"text-editor.default\">\n\t\t\t\t<div class=\"elementor-widget-container\">\n\t\t\t\t\t\t\t\t\t<h3><strong>R\u00e9sum\u00e9\u00a0:<\/strong><\/h3><p>L&rsquo;interrogation de Condorcet, \u00ab\u00a0Instruire ou \u00e9duquer ?\u00a0\u00bb, reste fondamentale dans le contexte actuel de l&rsquo;\u00e9cole de la R\u00e9publique. Tandis que l&rsquo;instruction se concentre sur la transmission de savoirs et le d\u00e9veloppement de l&rsquo;esprit critique, l&rsquo;\u00e9ducation, elle, englobe la transmission de valeurs et de visions du monde, principalement au sein de la famille. Reconnaissant que l\u2019\u00c9tat ne doit pas se substituer \u00e0 son r\u00f4le d\u2019instructeur des futurs citoyens, nous nous interrogeons sur les moyens et les raisons pour lesquels il devrait innover aujourd&rsquo;hui afin d&rsquo;\u00e9duquer efficacement les nouvelles g\u00e9n\u00e9rations. Les d\u00e9fis contemporains tels que le changement climatique, les enjeux num\u00e9riques et l&rsquo;\u00e9rosion de la d\u00e9mocratie, exacerb\u00e9s par les discours haineux et la post-v\u00e9rit\u00e9, exigent du syst\u00e8me scolaire une r\u00e9ponse adapt\u00e9e et proactive. Face \u00e0 l&rsquo;indiff\u00e9rence g\u00e9n\u00e9ralis\u00e9e et l\u2019hyperindividualisme, il est imp\u00e9ratif de repenser le mod\u00e8le de soci\u00e9t\u00e9 actuel. Le rapport de l\u2019UNESCO \u00ab\u00a0Repenser nos futurs ensemble\u00a0\u00bb et le Pacte Global \u00c9ducatif lanc\u00e9 par le Pape Fran\u00e7ois, soulignent la n\u00e9cessit\u00e9 de cultiver des g\u00e9n\u00e9rations plus engag\u00e9es, impr\u00e9gn\u00e9es de solidarit\u00e9 et de fraternit\u00e9. Cet article a pour objectif de d\u00e9finir les principes d&rsquo;une nouvelle citoyennet\u00e9 pour le XXIe si\u00e8cle\u00a0: celle de former des citoyens cosmopolites capables de comprendre et d&rsquo;agir face aux d\u00e9fis m\u00e9diterran\u00e9ens tels que les migrations et les conflits, avec une sensibilit\u00e9 globale accrue, une identit\u00e9 pluraliste et un engagement envers les causes mondiales.<\/p><p><strong>Mots-cl\u00e9s :\u00a0<\/strong>\u00c9ducation, citoyennet\u00e9, cosmopolitisme, enseignement moral et civique, syst\u00e8me \u00e9ducatif fran\u00e7ais.<\/p>\t\t\t\t\t\t\t\t<\/div>\n\t\t\t\t<\/div>\n\t\t\t\t\t<\/div>\n\t\t<\/div>\n\t\t\t\t<div class=\"elementor-column elementor-col-50 elementor-top-column elementor-element elementor-element-c996e14 elementor-hidden-mobile\" data-id=\"c996e14\" data-element_type=\"column\" data-e-type=\"column\">\n\t\t\t<div class=\"elementor-widget-wrap elementor-element-populated\">\n\t\t\t\t\t\t<div class=\"elementor-element elementor-element-4bf7658 elementor-widget-divider--view-line_text elementor-widget-divider--element-align-center elementor-widget elementor-widget-divider\" data-id=\"4bf7658\" data-element_type=\"widget\" data-e-type=\"widget\" data-widget_type=\"divider.default\">\n\t\t\t\t<div class=\"elementor-widget-container\">\n\t\t\t\t\t\t\t<div class=\"elementor-divider\">\n\t\t\t<span class=\"elementor-divider-separator\">\n\t\t\t\t\t\t\t<p class=\"elementor-divider__text elementor-divider__element\">\n\t\t\t\tR\u00e9sum\u00e9\t\t\t\t<\/p>\n\t\t\t\t\t\t<\/span>\n\t\t<\/div>\n\t\t\t\t\t\t<\/div>\n\t\t\t\t<\/div>\n\t\t\t\t\t<\/div>\n\t\t<\/div>\n\t\t\t\t\t<\/div>\n\t\t<\/section>\n\t\t\t\t<section data-particle_enable=\"false\" data-particle-mobile-disabled=\"false\" class=\"elementor-section elementor-top-section elementor-element elementor-element-70fe5d20 elementor-section-boxed elementor-section-height-default elementor-section-height-default\" data-id=\"70fe5d20\" data-element_type=\"section\" data-e-type=\"section\">\n\t\t\t\t\t\t<div class=\"elementor-container elementor-column-gap-default\">\n\t\t\t\t\t<div class=\"elementor-column elementor-col-50 elementor-top-column elementor-element elementor-element-6094c63e\" data-id=\"6094c63e\" data-element_type=\"column\" data-e-type=\"column\">\n\t\t\t<div class=\"elementor-widget-wrap elementor-element-populated\">\n\t\t\t\t\t\t<div class=\"elementor-element elementor-element-150486f9 elementor-widget elementor-widget-text-editor\" data-id=\"150486f9\" data-element_type=\"widget\" data-e-type=\"widget\" data-widget_type=\"text-editor.default\">\n\t\t\t\t<div class=\"elementor-widget-container\">\n\t\t\t\t\t\t\t\t\t<p>La conf\u00e9rence de presse du pr\u00e9sident fran\u00e7ais, Emmanuel Macron, le 16 janvier 2024, mettait l&rsquo;accent sur l&rsquo;imp\u00e9ratif de former davantage de citoyens en ad\u00e9quation avec les besoins de la Nation. D\u00e8s le d\u00e9but de son allocution, il a d\u00e9peint une soci\u00e9t\u00e9 en proie \u00e0 l&rsquo;incertitude, confront\u00e9e \u00e0 la disparition acc\u00e9l\u00e9r\u00e9e du monde tel que nous le connaissions, en raison de l&rsquo;\u00e9mergence de nouveaux d\u00e9fis.<\/p><p>Il a \u00e9voqu\u00e9 le retour de la guerre en Europe, impliquant la Russie et l&rsquo;Ukraine, ou au Moyen Orient, depuis l\u2019attaque terroriste du Hamas contre Isra\u00ebl\u00a0; sans n\u00e9gliger la crise climatique, les bouleversements engendr\u00e9s par les nouvelles technologies, ainsi que les enjeux li\u00e9s \u00e0 l&rsquo;\u00e9rosion de la d\u00e9mocratie.<\/p><p>S&rsquo;appuyant sur le triptyque d\u2019une France \u00ab de bon sens, de r\u00e9sistance et des Lumi\u00e8res \u00bb, le pr\u00e9sident a confirm\u00e9 que son deuxi\u00e8me quinquennat s&rsquo;engagerait pour : \u00ab un r\u00e9armement civique. Chaque g\u00e9n\u00e9ration de Fran\u00e7ais doit apprendre ce que la R\u00e9publique veut dire : une histoire, des devoirs, des droits, une langue, un imaginaire, le sens profond du respect et de l&rsquo;engagement, et cela d\u00e8s l&rsquo;enfance, en renfor\u00e7ant le soutien et l&rsquo;exigence vis-\u00e0-vis des parents, en reprenant aussi le contr\u00f4le de nos \u00e9crans qui, trop souvent, enferment l\u00e0 o\u00f9 ils devraient lib\u00e9rer\u00a0\u00bb<a href=\"#_ftn1\" name=\"_ftnref1\">[1]<\/a>.<\/p><p>\u00c0 ce sujet, le Pr\u00e9sident a soulign\u00e9 que l&rsquo;\u00c9ducation nationale, depuis 2017, d\u00e9ployait une politique \u00e9ducative renouvel\u00e9e, articul\u00e9e autour de plusieurs axes : un choc de savoirs, un retour aux fondamentaux, des enseignants mieux form\u00e9s, une revalorisation du m\u00e9tier et une refonte des programmes.<\/p><p>Tout en \u00e9voquant les progr\u00e8s r\u00e9alis\u00e9s d\u00e8s son premier quinquennat en mati\u00e8re d\u2019\u00e9galit\u00e9 des chances, tel que le d\u00e9doublement des classes de CP dans les zones d\u2019\u00e9ducation prioritaire, il insista sur la r\u00e9vision du programme d&rsquo;instruction civique, avec un volume horaire doubl\u00e9 d\u00e8s la 5<sup>e<\/sup>, visant \u00e0 d\u00e9velopper le respect et l&rsquo;engagement chez les jeunes. Il a \u00e9galement fait r\u00e9f\u00e9rence aux cours d\u2019empathie, initi\u00e9s par Gabriel Attal, lorsqu\u2019il \u00e9tait ministre de l\u2019Education, et l&rsquo;expansion, d\u00e8s la classe de 5<sup>e<\/sup>, de l&rsquo;\u00e9ducation artistique et culturelle, incluant l&rsquo;histoire de l&rsquo;art, le th\u00e9\u00e2tre et la musique.<\/p><p>La d\u00e9claration pr\u00e9sidentielle prouve \u00e0 quel point l&rsquo;interrogation de Nicolas de Condorcet, &lsquo;Instruire ou \u00e9duquer ?&rsquo;, reste fondamentale dans le contexte actuel de l&rsquo;\u00e9cole de la R\u00e9publique. Tandis que l&rsquo;instruction se concentre sur la transmission des savoirs et le d\u00e9veloppement de l&rsquo;esprit critique, l&rsquo;\u00e9ducation, elle, englobe la transmission de valeurs et de visions du monde, principalement au sein de la famille. Reconnaissant que l\u2019\u00c9tat ne doit pas se substituer \u00e0 son r\u00f4le d\u2019instructeur des futurs citoyens, nous nous interrogerons sur les moyens et les raisons pour lesquels il devrait innover aujourd&rsquo;hui afin d&rsquo;\u00e9duquer efficacement les nouvelles g\u00e9n\u00e9rations. Face \u00e0 l&rsquo;indiff\u00e9rence g\u00e9n\u00e9ralis\u00e9e et l\u2019hyperindividualisme, il est imp\u00e9ratif de repenser le mod\u00e8le actuel de soci\u00e9t\u00e9.<\/p><p>Les auteurs du rapport de l&rsquo;UNESCO &lsquo;Repenser nos futurs ensemble&rsquo;, le Pape Fran\u00e7ois, dans son Pacte Global \u00c9ducatif, ainsi que des philosophes comme Edgar Morin ou Martha Nussbaum, tous mettent en lumi\u00e8re l&rsquo;imp\u00e9ratif de d\u00e9velopper des g\u00e9n\u00e9rations impr\u00e9gn\u00e9es de solidarit\u00e9, de fraternit\u00e9, et dot\u00e9es d&rsquo;une perspective cosmopolite.<\/p><p>Une analyse minutieuse du discours d\u2019Emmanuel Macron r\u00e9v\u00e8le un appel \u00e0 transformer l&rsquo;\u00e9pine dorsale du syst\u00e8me \u00e9ducatif pour affronter les d\u00e9fis contemporains. Il ne s&rsquo;agit pas simplement d&rsquo;\u00e9largir le champ des arts et des humanit\u00e9s, mais \u00e9galement de reconfigurer le r\u00f4le des acteurs dans l&rsquo;univers \u00e9ducatif. L&rsquo;\u00e9cole aspire \u00e0 \u00e9manciper les enfants de l&rsquo;ignorance, les pr\u00e9parant \u00e0 devenir de v\u00e9ritables citoyens r\u00e9publicains, mais cette mission n\u00e9cessite une collaboration \u00e9troite : \u00ab\u00a0La famille et l\u2019\u00e9cole, au fond, pour faire des r\u00e9publicains en m\u00eame temps que pour transmettre des savoirs\u00a0\u00bb<a href=\"#_ftn2\" name=\"_ftnref2\">[2]<\/a>.<\/p><p>Pourtant, tout en reconnaissant une certaine ouverture dans le discours, on constate une lacune significative : l&rsquo;\u00e9ducation au cosmopolitisme. Notre article vise \u00e0 d\u00e9finir les principes d&rsquo;une nouvelle citoyennet\u00e9 pour le XXIe si\u00e8cle, ax\u00e9e sur la formation de citoyens cosmopolites conscients et ouverts au monde, aptes \u00e0 comprendre et agir face aux d\u00e9fis tels que les migrations et les conflits, notamment m\u00e9diterran\u00e9ens, tout en cultivant une sensibilit\u00e9 globale, une identit\u00e9 pluraliste et un engagement envers les causes qui mobilisent la plan\u00e8te. Nous explorerons les fondements traditionnels du syst\u00e8me \u00e9ducatif fran\u00e7ais, en soulignant sa singularit\u00e9 et en le comparant aux syst\u00e8mes \u00e9ducatifs anglophones. Enfin nous identifierons les \u00e9l\u00e9ments manquants et mettrons en exergue les avantages d&rsquo;une \u00e9ducation cosmopolite.<\/p><p><strong>L&rsquo;ADN de Condorcet : Instruction et Citoyennet\u00e9 <\/strong><\/p><p>Instruire ou \u00e9duquer constitue un d\u00e9bat de longue date. Il remonte \u00e0 la R\u00e9volution fran\u00e7aise, opposant ceux qui pr\u00f4naient l&rsquo;\u00e9ducation nationale et ceux qui favorisaient l&rsquo;instruction. Si les premiers estiment que l&rsquo;\u00e9ducation est une approche globale visant \u00e0 transmettre non seulement un savoir mais aussi une vision du monde incluant la morale et l&rsquo;id\u00e9ologie, les seconds consid\u00e8rent qu&rsquo;il est n\u00e9cessaire d&rsquo;instruire et d&rsquo;\u00e9clairer, pour lib\u00e9rer les hommes et forger de v\u00e9ritables r\u00e9publicains.<\/p><p>Tel qu\u2019il est soulign\u00e9 par Katherine Kintzler, \u00ab\u00a0La R\u00e9publique a fait de l\u2019instruction une de ses conditions d\u2019existence, car l\u2019exercice de la citoyennet\u00e9 n\u2019est pas spontan\u00e9. Comme le dit Condorcet, un peuple souverain form\u00e9 de citoyens ignorants n\u2019est pas v\u00e9ritablement libre\u00a0\u00bb<a href=\"#_ftn3\" name=\"_ftnref3\">[3]<\/a>.\u00a0<\/p>\t\t\t\t\t\t\t\t<\/div>\n\t\t\t\t<\/div>\n\t\t\t\t\t<\/div>\n\t\t<\/div>\n\t\t\t\t<div class=\"elementor-column elementor-col-50 elementor-top-column elementor-element elementor-element-41f4708f elementor-hidden-mobile\" data-id=\"41f4708f\" data-element_type=\"column\" data-e-type=\"column\">\n\t\t\t<div class=\"elementor-widget-wrap elementor-element-populated\">\n\t\t\t\t\t\t<div class=\"elementor-element elementor-element-4f007ce5 elementor-widget-divider--view-line_text elementor-widget-divider--element-align-center elementor-widget elementor-widget-divider\" data-id=\"4f007ce5\" data-element_type=\"widget\" data-e-type=\"widget\" data-widget_type=\"divider.default\">\n\t\t\t\t<div class=\"elementor-widget-container\">\n\t\t\t\t\t\t\t<div class=\"elementor-divider\">\n\t\t\t<span class=\"elementor-divider-separator\">\n\t\t\t\t\t\t\t<p class=\"elementor-divider__text elementor-divider__element\">\n\t\t\t\tPage 1\t\t\t\t<\/p>\n\t\t\t\t\t\t<\/span>\n\t\t<\/div>\n\t\t\t\t\t\t<\/div>\n\t\t\t\t<\/div>\n\t\t\t\t<div class=\"elementor-element elementor-element-8a1d8e elementor-widget elementor-widget-text-editor\" data-id=\"8a1d8e\" data-element_type=\"widget\" data-e-type=\"widget\" data-widget_type=\"text-editor.default\">\n\t\t\t\t<div class=\"elementor-widget-container\">\n\t\t\t\t\t\t\t\t\t<p><a href=\"#_ftn1\">[1] Emmanuel Macron, Conf\u00e9rence de presse, 17 janvier 2024 dans&#8230;<\/a><\/p>\t\t\t\t\t\t\t\t<\/div>\n\t\t\t\t<\/div>\n\t\t\t\t<div class=\"elementor-element elementor-element-496da43 elementor-widget elementor-widget-text-editor\" data-id=\"496da43\" data-element_type=\"widget\" data-e-type=\"widget\" data-widget_type=\"text-editor.default\">\n\t\t\t\t<div class=\"elementor-widget-container\">\n\t\t\t\t\t\t\t\t\t<p><a href=\"#_ftn2\">[2] Emmanuel Macron, Conf\u00e9rence de presse, 17 janvier 2024 dans&#8230;<\/a><\/p>\t\t\t\t\t\t\t\t<\/div>\n\t\t\t\t<\/div>\n\t\t\t\t<div class=\"elementor-element elementor-element-20f4fbf elementor-absolute elementor-widget elementor-widget-text-editor\" data-id=\"20f4fbf\" data-element_type=\"widget\" data-e-type=\"widget\" data-settings=\"{&quot;_position&quot;:&quot;absolute&quot;}\" data-widget_type=\"text-editor.default\">\n\t\t\t\t<div class=\"elementor-widget-container\">\n\t\t\t\t\t\t\t\t\t<p><a href=\"#_ftn3\">[3] Catherine Kintzler, <em>L\u2019id\u00e9e r\u00e9publicaine<\/em>, Paris, minist\u00e8re de l\u2019\u00c9ducation&#8230;<\/a><\/p>\t\t\t\t\t\t\t\t<\/div>\n\t\t\t\t<\/div>\n\t\t\t\t\t<\/div>\n\t\t<\/div>\n\t\t\t\t\t<\/div>\n\t\t<\/section>\n\t\t\t\t<section data-particle_enable=\"false\" data-particle-mobile-disabled=\"false\" class=\"elementor-section elementor-top-section elementor-element elementor-element-6a44dc54 elementor-section-boxed elementor-section-height-default elementor-section-height-default\" data-id=\"6a44dc54\" data-element_type=\"section\" data-e-type=\"section\">\n\t\t\t\t\t\t<div class=\"elementor-container elementor-column-gap-default\">\n\t\t\t\t\t<div class=\"elementor-column elementor-col-50 elementor-top-column elementor-element elementor-element-28327b87\" data-id=\"28327b87\" data-element_type=\"column\" data-e-type=\"column\">\n\t\t\t<div class=\"elementor-widget-wrap elementor-element-populated\">\n\t\t\t\t\t\t<div class=\"elementor-element elementor-element-3835c7e4 elementor-widget elementor-widget-text-editor\" data-id=\"3835c7e4\" data-element_type=\"widget\" data-e-type=\"widget\" data-widget_type=\"text-editor.default\">\n\t\t\t\t<div class=\"elementor-widget-container\">\n\t\t\t\t\t\t\t\t\t<p>Ce d\u00e9bat a mis aux prises les id\u00e9aux de figures politiques de l&rsquo;\u00e9poque : d&rsquo;un c\u00f4t\u00e9, Jean-Paul Rabaut Saint-\u00c9tienne, pasteur protestant et homme politique fran\u00e7ais, ardent d\u00e9fenseur de la tol\u00e9rance religieuse, et Louis-Michel Lepeletier de Saint-Fargeau, avocat d&rsquo;un syst\u00e8me \u00e9ducatif public et gratuit. De l&rsquo;autre c\u00f4t\u00e9 de la rive se trouvait Nicolas de Condorcet, homme politique d\u00e9fendant l&rsquo;instruction comme moyen de transmettre un savoir et d&rsquo;\u00e9clairer les esprits afin de construire des citoyens libres et responsables\u00a0: \u00ab\u00a0Si l\u2019instruction lib\u00e8re et affranchit par les vertus intrins\u00e8ques du savoir, l\u2019\u00e9ducation en revanche mod\u00e8le et adapte. Instruire ou \u00e9duquer, en somme il faut choisir\u00a0\u00bb<a href=\"#_ftn4\" name=\"_ftnref4\">[4]<\/a>.<\/p><p>Le Rapport et projet de d\u00e9cret sur l\u2019organisation g\u00e9n\u00e9rale de l\u2019instruction publique pr\u00e9sent\u00e9 par Nicolas de Condorcet en 1792 \u00e0 l\u2019Assembl\u00e9e l\u00e9gislative s&rsquo;appuyait sur les id\u00e9aux des Lumi\u00e8res,\u00a0\u00ab\u00a0n\u2019enseigner que des v\u00e9rit\u00e9s\u00a0\u00bb, qui valorisaient la raison, la transmission de savoirs et de comp\u00e9tences n\u00e9cessaires \u00e0 la vie en soci\u00e9t\u00e9, tout en cultivant un esprit critique. \u00c0 ce propos, Condorcet affirmait que l&rsquo;\u00c9tat ne devait pas se substituer aux r\u00f4les \u00e9ducatifs de la famille, lesquels incluent la transmission de croyances et d&rsquo;id\u00e9ologies.<\/p><p>C&rsquo;est dans ce contexte et avec ces caract\u00e9ristiques que les fondements du syst\u00e8me \u00e9ducatif fran\u00e7ais ont \u00e9t\u00e9 \u00e9tablis. Les p\u00e8res fondateurs de la Troisi\u00e8me R\u00e9publique, en adoptant les finalit\u00e9s du syst\u00e8me scolaire sous l&rsquo;influence de la philosophie condorc\u00e9enne, instaur\u00e8rent une \u00e9cole gratuite, publique, obligatoire et la\u00efque entre 1881 et 1883, \u00e9non\u00e7ant ainsi l&rsquo;essence de ce syst\u00e8me tout en \u00e9tablissant les principes de la la\u00efcit\u00e9. C&rsquo;est \u00e0 travers la circulaire \u00ab\u00a0Lettre aux Instituteurs\u00a0\u00bb<a href=\"#_ftn5\" name=\"_ftnref5\">[5]<\/a> que Jules Ferry a clairement expos\u00e9 les fondements d&rsquo;une instruction civique, \u00e9cartant tout enseignement religieux, dogmatique ou bas\u00e9 sur des croyances personnelles.<\/p><p>Autour de l\u2019\u00e9cole de la R\u00e9publique, le concept de citoyennet\u00e9 s&rsquo;est affin\u00e9, incarnant, selon Dominique Schnapper, un \u00e9quilibre entre droits et devoirs. Le citoyen est reconnu comme un sujet de droit, jouissant de la libert\u00e9 d&rsquo;expression, de la libre circulation, du droit de se marier, de la pr\u00e9somption d&rsquo;innocence, ainsi que du droit de participer \u00e0 la vie politique et de devenir \u00e9ligible \u00e0 des fonctions publiques. Parall\u00e8lement, il est investi du devoir de respecter la loi et de d\u00e9fendre son pays en cas de danger\u00a0: \u00ab\u00a0la citoyennet\u00e9 organise une soci\u00e9t\u00e9 dont tous les membres sont juridiquement et politiquement \u00e9gaux, quelles que soient leurs origines et leurs caract\u00e9ristiques. Elle repose sur l\u2019id\u00e9e de l\u2019\u00e9gale dignit\u00e9 de tous les \u00eatres humains\u00a0\u00bb<a href=\"#_ftn6\" name=\"_ftnref6\">[6]<\/a>.<\/p><p><strong>Des Lumi\u00e8res au pragmatisme am\u00e9ricain<\/strong><\/p><p>Comme le montre Dominique Schnapper dans la pr\u00e9face &lsquo;\u00c9cole et citoyennet\u00e9 : un d\u00e9fi multiculturel&rsquo;, les diff\u00e9rentes nations d\u00e9mocratiques visent toutes, \u00e0 travers leur syst\u00e8me \u00e9ducatif, \u00e0 fa\u00e7onner les futurs citoyens :<\/p><p>Dans les autres nations d\u00e9mocratiques, le r\u00f4le de l\u2019\u00e9cole, moins th\u00e9oris\u00e9 ou moins politique, n\u2019\u00e9tait pas diff\u00e9rent. Apprendre les r\u00e8gles de la vie d\u00e9mocratique et contribuer \u00e0 inscrire les \u00e9l\u00e8ves et futurs citoyens dans une tradition intellectuelle et politique nationale \u00e9tait l\u2019ambition commune \u00e0 tous les syst\u00e8mes d\u2019enseignement. C\u2019est dans l\u2019\u00e9cole et par l\u2019\u00e9cole que les enfants des immigr\u00e9s qui avaient travers\u00e9 l\u2019Atlantique apprenaient \u00e0 devenir des citoyens am\u00e9ricains<a href=\"#_ftn7\" name=\"_ftnref7\">[7]<\/a>.\u00a0<\/p><p>Dans le cas de l&rsquo;\u00c9tat-nation am\u00e9ricain, celui-ci a cherch\u00e9 \u00e0 se distinguer des \u00c9tats-nations europ\u00e9ens, per\u00e7us comme brutaux en raison de leurs guerres, mais \u00e9galement \u00ab\u00a0jug\u00e9s in\u00e9galitaires, abusifs et obsol\u00e8tes\u00a0\u00bb.<a href=\"#_ftn8\" name=\"_ftnref8\">[8]<\/a> Cette volont\u00e9 de diff\u00e9renciation a ainsi exerc\u00e9 une influence marqu\u00e9e sur la philosophie de son syst\u00e8me \u00e9ducatif. C\u2019est pourquoi, issus d&rsquo;histoires et de logiques socio-\u00e9conomiques distinctes, ces deux syst\u00e8mes pr\u00e9sentent des visions contrast\u00e9es : d&rsquo;un c\u00f4t\u00e9, la tradition cart\u00e9sienne fran\u00e7aise privil\u00e9gie le savoir et la raison ; de l&rsquo;autre, le syst\u00e8me pragmatique am\u00e9ricain vise \u00e0 pr\u00e9parer les citoyens \u00e0 jouer un r\u00f4le actif dans un destin collectif, orient\u00e9 vers des objectifs \u00e9conomiques et productifs.<\/p><p>L&rsquo;approche \u00e9ducative am\u00e9ricaine, encourage la formation ax\u00e9e sur l&rsquo;action, avec une participation active dans des domaines tels que le b\u00e9n\u00e9volat, le militantisme, le lobbying ou l&rsquo;engagement communautaire, contribuant ainsi au destin national. Cela se distingue de la perspective fran\u00e7aise, o\u00f9 l&rsquo;\u00e9ducation est vue comme un moyen de lib\u00e9rer les esprits gr\u00e2ce \u00e0 une approche scientifique du savoir ind\u00e9pendamment des conditions sociales.<\/p><p>\u00c0 l&rsquo;aube de l&rsquo;industrialisation, les \u00e9coles am\u00e9ricaines se sont focalis\u00e9es sur la formation de citoyens capables de contribuer \u00e0 la nouvelle dynamique \u00e9conomique. Ce paradigme contraste, comme le souligne Lenoir, avec la vision d&rsquo;\u00e9ducateurs tels que John Dewey, pour qui l&rsquo;\u00e9ducation \u00e9tait un pilier de la d\u00e9mocratie, fond\u00e9e sur l&rsquo;humanisme et la culture. Toutefois, avec l&rsquo;av\u00e8nement de la mondialisation, cette approche \u00e9ducative a \u00e9volu\u00e9, mettant davantage l&rsquo;accent sur le credo de la productivit\u00e9 et de l&rsquo;efficacit\u00e9.<\/p><p>Ces deux visions de l&rsquo;\u00e9ducation et de la citoyennet\u00e9, expos\u00e9es par Lenoir, s\u2019appuient sur deux conceptions\u00a0: la logique europ\u00e9enne francophone, valorise l\u2019Etat-Nation comme structure tut\u00e9laire de la formation disciplinaire fond\u00e9e sur la raison et le savoir et comme instance garante de l&rsquo;int\u00e9gration sociale ; l&rsquo;\u00e9tude et les connaissances y sont primordiales. L\u2019approche anglophone, elle, privil\u00e9gie le pragmatisme, le savoir-faire, la formation professionnalisante, et l&rsquo;int\u00e9gration sociale de l\u2019individu dans la communaut\u00e9, mettant l&rsquo;accent sur l&rsquo;action et l&rsquo;exp\u00e9rience<a href=\"#_ftn9\" name=\"_ftnref9\">[9]<\/a>. Dans le contexte des mod\u00e8les citoyens en France et aux Etats-Unis, cependant, un \u00e9l\u00e9ment crucial fait d\u00e9faut, comme le mettent en lumi\u00e8re nombre de penseurs fran\u00e7ais et nord-am\u00e9ricains : l&rsquo;\u00e9ducation des citoyens du monde.<\/p>\t\t\t\t\t\t\t\t<\/div>\n\t\t\t\t<\/div>\n\t\t\t\t\t<\/div>\n\t\t<\/div>\n\t\t\t\t<div class=\"elementor-column elementor-col-50 elementor-top-column elementor-element elementor-element-5b755a57 elementor-hidden-mobile\" data-id=\"5b755a57\" data-element_type=\"column\" data-e-type=\"column\">\n\t\t\t<div class=\"elementor-widget-wrap elementor-element-populated\">\n\t\t\t\t\t\t<div class=\"elementor-element elementor-element-34b8d34 elementor-widget-divider--view-line_text elementor-widget-divider--element-align-center elementor-widget elementor-widget-divider\" data-id=\"34b8d34\" data-element_type=\"widget\" data-e-type=\"widget\" data-widget_type=\"divider.default\">\n\t\t\t\t<div class=\"elementor-widget-container\">\n\t\t\t\t\t\t\t<div class=\"elementor-divider\">\n\t\t\t<span class=\"elementor-divider-separator\">\n\t\t\t\t\t\t\t<p class=\"elementor-divider__text elementor-divider__element\">\n\t\t\t\tPage 2\t\t\t\t<\/p>\n\t\t\t\t\t\t<\/span>\n\t\t<\/div>\n\t\t\t\t\t\t<\/div>\n\t\t\t\t<\/div>\n\t\t\t\t<div class=\"elementor-element elementor-element-6814695 elementor-widget elementor-widget-text-editor\" data-id=\"6814695\" data-element_type=\"widget\" data-e-type=\"widget\" data-widget_type=\"text-editor.default\">\n\t\t\t\t<div class=\"elementor-widget-container\">\n\t\t\t\t\t\t\t\t\t<p><a href=\"#_ftn4\">[4] Eirick Prairat, <em>L\u2019\u00e9cole des lumi\u00e8res brille toujours<\/em>, Paris, ESF sciences&#8230;<\/a><\/p>\t\t\t\t\t\t\t\t<\/div>\n\t\t\t\t<\/div>\n\t\t\t\t<div class=\"elementor-element elementor-element-f569f05 elementor-widget elementor-widget-text-editor\" data-id=\"f569f05\" data-element_type=\"widget\" data-e-type=\"widget\" data-widget_type=\"text-editor.default\">\n\t\t\t\t<div class=\"elementor-widget-container\">\n\t\t\t\t\t\t\t\t\t<p><a href=\"#_ftn5\">[5] Jules Ferry (1832-1893), Circulaire connue sous le nom de \u00ab Lettre aux&#8230;<\/a><\/p>\t\t\t\t\t\t\t\t<\/div>\n\t\t\t\t<\/div>\n\t\t\t\t<div class=\"elementor-element elementor-element-e6932d9 elementor-widget elementor-widget-text-editor\" data-id=\"e6932d9\" data-element_type=\"widget\" data-e-type=\"widget\" data-widget_type=\"text-editor.default\">\n\t\t\t\t<div class=\"elementor-widget-container\">\n\t\t\t\t\t\t\t\t\t<p><a href=\"#_ftn6\">[6] Dominique Schnapper, <em>L\u2019Id\u00e9e r\u00e9publicaine<\/em>, Paris, minist\u00e8re de l\u2019\u00c9ducation&#8230;<\/a><\/p>\t\t\t\t\t\t\t\t<\/div>\n\t\t\t\t<\/div>\n\t\t\t\t<div class=\"elementor-element elementor-element-78305d1 elementor-widget elementor-widget-text-editor\" data-id=\"78305d1\" data-element_type=\"widget\" data-e-type=\"widget\" data-widget_type=\"text-editor.default\">\n\t\t\t\t<div class=\"elementor-widget-container\">\n\t\t\t\t\t\t\t\t\t<p><a href=\"#_ftn7\">[7] Dominique Schnapper, \u00ab\u00a0Pr\u00e9face\u00a0\u00bb, in <em>Ecole et citoyennet\u00e9\u00a0: un d\u00e9fi multiculturel<\/em>&#8230;<\/a><\/p><p><a href=\"#_ftn8\">[8] Yves Lenoir, Confrontation des syst\u00e8mes \u00e9ducatifs fran\u00e7ais et nord-am\u00e9ricain&#8230;<\/a><\/p>\t\t\t\t\t\t\t\t<\/div>\n\t\t\t\t<\/div>\n\t\t\t\t<div class=\"elementor-element elementor-element-1df87ef elementor-absolute elementor-widget elementor-widget-text-editor\" data-id=\"1df87ef\" data-element_type=\"widget\" data-e-type=\"widget\" data-settings=\"{&quot;_position&quot;:&quot;absolute&quot;}\" data-widget_type=\"text-editor.default\">\n\t\t\t\t<div class=\"elementor-widget-container\">\n\t\t\t\t\t\t\t\t\t<p><a href=\"#_ftn9\">[9] Idem, p. 57<\/a><\/p>\t\t\t\t\t\t\t\t<\/div>\n\t\t\t\t<\/div>\n\t\t\t\t\t<\/div>\n\t\t<\/div>\n\t\t\t\t\t<\/div>\n\t\t<\/section>\n\t\t\t\t<section data-particle_enable=\"false\" data-particle-mobile-disabled=\"false\" class=\"elementor-section elementor-top-section elementor-element elementor-element-28de947 elementor-section-boxed elementor-section-height-default elementor-section-height-default\" data-id=\"28de947\" data-element_type=\"section\" data-e-type=\"section\">\n\t\t\t\t\t\t<div class=\"elementor-container elementor-column-gap-default\">\n\t\t\t\t\t<div class=\"elementor-column elementor-col-50 elementor-top-column elementor-element elementor-element-1c41a82f\" data-id=\"1c41a82f\" data-element_type=\"column\" data-e-type=\"column\">\n\t\t\t<div class=\"elementor-widget-wrap elementor-element-populated\">\n\t\t\t\t\t\t<div class=\"elementor-element elementor-element-2ef2e7f2 elementor-widget elementor-widget-text-editor\" data-id=\"2ef2e7f2\" data-element_type=\"widget\" data-e-type=\"widget\" data-widget_type=\"text-editor.default\">\n\t\t\t\t<div class=\"elementor-widget-container\">\n\t\t\t\t\t\t\t\t\t<p>Ainsi, le philosophe Edgar Morin, dans sa trilogie \u00e9ducative<a href=\"#_ftn10\" name=\"_ftnref10\">[10]<\/a>, a expos\u00e9 les principaux d\u00e9fis du syst\u00e8me \u00e9ducatif fran\u00e7ais. Il \u00e9tudie les lacunes de son enseignement, en mati\u00e8re de lucidit\u00e9, de compr\u00e9hension d&rsquo;autrui, d&rsquo;affrontement de l&rsquo;incertain et d&rsquo;interdisciplinarit\u00e9. Parall\u00e8lement, Martha Nussbaum critique le manque d&rsquo;enseignement des disciplines humanistes aux \u00c9tats-Unis, soulignant une pr\u00e9f\u00e9rence pour un syst\u00e8me ax\u00e9 sur le profit. Selon elle, l&rsquo;\u00e9ducation doit viser \u00e0 ouvrir les esprits et \u00e0 transmettre les connaissances n\u00e9cessaires pour agir non seulement au sein de sa propre nation mais aussi pour participer et s&rsquo;engager dans un monde complexe.<\/p><p>Nussbaum ne s\u2019oppose pas \u00e0 l\u2019\u00e9tude des disciplines dites dures, \u00e0 l\u2019\u00e9conomie ou encore \u00e0 l\u2019ing\u00e9nierie, elle cherche \u00e0 revaloriser les humanit\u00e9s. Dans le cas des \u00c9tats-Unis, la philosophe constate que l&rsquo;abolition de l&rsquo;\u00e9ducation socratique et des humanit\u00e9s a conduit \u00e0 l&rsquo;adoption d&rsquo;une approche ax\u00e9e sur la m\u00e9morisation en vue de pr\u00e9parer aux examens standards traditionnels<a href=\"#_ftn11\" name=\"_ftnref11\">[11]<\/a>.<\/p><p>Les philosophes, de part et d&rsquo;autre, plaident pour la revalorisation des disciplines artistiques telles que la musique, le th\u00e9\u00e2tre, la litt\u00e9rature, en somme, les humanit\u00e9s. Plusieurs \u00e9tudes ont d\u00e9montr\u00e9 les bienfaits de ces disciplines sur l&rsquo;esprit critique, la r\u00e9silience, la bienveillance et l&#8217;empathie, qualit\u00e9s n\u00e9cessaires pour faire face aux d\u00e9fis d&rsquo;un monde de plus en plus technologique et incertain.<\/p><p>L&rsquo;apprentissage de l\u2019empathie suscite un d\u00e9bat d&rsquo;actualit\u00e9, notamment dans le cadre de la campagne gouvernementale contre le harc\u00e8lement scolaire. L&rsquo;un des principaux piliers de cette campagne repose sur la mise en place de cours d&#8217;empathie. \u00c0 ce sujet, les experts, \u00e0 l&rsquo;instar du psychiatre Serge Tisseron, ont exprim\u00e9 leur point de vue. Tisseron affirme que l\u2019empathie ne peut pas \u00eatre enseign\u00e9e de mani\u00e8re conventionnelle, avec simplement quelques heures de cours. Selon lui, elle doit \u00eatre exp\u00e9riment\u00e9e \u00e0 travers des activit\u00e9s collectives et un engagement actif.<\/p><p>On ne peut pas simplement expliquer l\u2019empathie aux enseignants en quelques heures pour qu\u2019ils la transmettent ensuite \u00e0 leurs \u00e9l\u00e8ves. En revanche, on peut encourager les enseignants volontaires \u00e0 l\u2019exp\u00e9rimenter d&rsquo;abord dans le cadre d&rsquo;activit\u00e9s partag\u00e9es. Cela leur permettra de la d\u00e9couvrir dans une relation diff\u00e9rente avec leurs \u00e9l\u00e8ves, pour le b\u00e9n\u00e9fice de tous.<a href=\"#_ftn12\" name=\"_ftnref12\">[12]<\/a><\/p><p>D\u2019autres recherches, entreprises par le neuropsychiatre Boris Cyrulnik<a href=\"#_ftn13\" name=\"_ftnref13\">[13]<\/a>, ont soulign\u00e9 l&rsquo;importance et le fonctionnement de la p\u00e9dagogie de l&#8217;empathie. Une \u00e9tude concr\u00e8te men\u00e9e par un groupe de chercheurs en neurosciences de pair avec des musiciens a examin\u00e9 les avantages de l&rsquo;apprentissage musical sur le d\u00e9veloppement du langage<a href=\"#_ftn14\" name=\"_ftnref14\">[14]<\/a>. Ils ont d\u00e9couvert qu&rsquo;un enfant qui commence \u00e0 jouer d&rsquo;un instrument d\u00e8s son plus jeune \u00e2ge acquiert de meilleures comp\u00e9tences linguistiques qu&rsquo;un enfant qui n&rsquo;en joue pas. Cyrulnik a aussi remarqu\u00e9 que le manque d\u2019empathie rel\u00e8ve d\u2019une enfance manquant d&rsquo;affection, et de tels enfants sont plus enclins \u00e0 devenir des adolescents violents. Les humanit\u00e9s, par leur nature, offrent des outils efficaces pour enseigner l&#8217;empathie, en permettant aux enfants de \u00ab d\u00e9couvrir le monde mental d&rsquo;une autre culture ou religion \u00bb <a href=\"#_ftn15\" name=\"_ftnref15\">[15]<\/a>.<\/p><p>Les \u00e9tudes internationales d\u00e9montrent que l\u2019enseignement des comp\u00e9tences socio-\u00e9motionnelles sont aussi importantes que les comp\u00e9tences cognitives. Ce sont d\u2019ailleurs celles-l\u00e0 qui agissent au premier chef sur des \u00e9l\u00e9ments tels que la cr\u00e9ativit\u00e9 et l\u2019innovation, essentiels au demeurant pour le d\u00e9veloppement \u00e9conomique<a href=\"#_ftn16\" name=\"_ftnref16\">[16]<\/a>.<\/p><p>En France, depuis 2015, l\u2019enseignement moral et civique, gr\u00e2ce \u00e0 ces nouvelles comp\u00e9tences, favorise une ouverture qui ne se fonde pas uniquement sur l\u2019aspect cognitif de la tradition cart\u00e9sienne\u00a0:<\/p><p>Fort heureusement, cette \u00e9pist\u00e9mologie favorisant par ailleurs la critique, cette dualit\u00e9 commence \u00e0 \u00e9voluer\u00a0:\u00a0 avec l\u2019introduction de la dimension sensible dans l\u2019enseignement moral et civique depuis 2015, il est officiellement et explicitement reconnu que la r\u00e9gulation des \u00e9motions est importante pour devenir citoyen.<a href=\"#_ftn17\" name=\"_ftnref17\">[17]<\/a><\/p><p><strong>Complexit\u00e9 de l\u2019enseignement moral et civique<\/strong><\/p><p>Les questions relatives \u00e0 l&rsquo;\u00e9ducation \u00e0 la citoyennet\u00e9 sont complexes, comme le d\u00e9montre Nathalie Mons, ancienne pr\u00e9sidente du Conseil national d&rsquo;\u00e9valuation du syst\u00e8me scolaire (Cnesco). Selon Mons, la France est l&rsquo;un des pays d\u2019Europe qui investit le plus dans le domaine de l&rsquo;\u00e9ducation morale et civique, mais elle adopte une approche particuli\u00e8re. En effet, en France, les moyens sont mis sur les premi\u00e8res ann\u00e9es de scolarit\u00e9, et l&rsquo;importance accord\u00e9e \u00e0 ces enseignements va en diminuant vers la fin du cursus, moment crucial pourtant pour la participation politique. \u00c0 l&rsquo;inverse, dans d\u2019autres pays europ\u00e9ens, le nombre d&rsquo;heures consacr\u00e9es \u00e0 cette mati\u00e8re augmente r\u00e9guli\u00e8rement tout au long du parcours scolaire.<a href=\"#_ftn18\" name=\"_ftnref18\">[18]<\/a><\/p><p>De plus, cette \u00e9ducation est en France principalement centr\u00e9e sur la th\u00e9orie, alors qu\u2019elle se compose de trois \u00e9l\u00e9ments\u00a0; les cours th\u00e9oriques sur les institutions et les valeurs de la R\u00e9publique\u00a0ne doivent pas se faire au d\u00e9triment d\u2019activit\u00e9s telles que la participation des \u00e9tudiants \u00e0 la vie des \u00e9tablissements et les projets citoyens dans le cadre scolaire. Pour Mons, cela se traduit par une connaissance id\u00e9alis\u00e9e des institutions qui n\u2019aboutit pas n\u00e9cessairement \u00e0 un engagement dans la vie publique et une participation active au d\u00e9bat d\u00e9mocratique.<\/p><p>Notons que cet enseignement, connu sous une multiplicit\u00e9 de d\u00e9nominations depuis 1882<a href=\"#_ftn19\" name=\"_ftnref19\">[19]<\/a>,\u00a0 s\u2019est enrichi \u00e0 partir des ann\u00e9es 80 avec l\u2019apparition de \u00ab nouvelles \u00e9ducations \u00e0 \u00bb. Ces diff\u00e9rentes composantes vont de l\u2019\u00e9ducation \u00e0 la sexualit\u00e9, \u00e0 l&rsquo;\u00e9cocitoyennet\u00e9, aux valeurs, aux m\u00e9dias et \u00e0 l\u2019information, et \u00e0 la complexit\u00e9, entre autres.<a href=\"#_ftn20\" name=\"_ftnref20\">[20]<\/a><\/p>\t\t\t\t\t\t\t\t<\/div>\n\t\t\t\t<\/div>\n\t\t\t\t\t<\/div>\n\t\t<\/div>\n\t\t\t\t<div class=\"elementor-column elementor-col-50 elementor-top-column elementor-element elementor-element-2be04bee elementor-hidden-mobile\" data-id=\"2be04bee\" data-element_type=\"column\" data-e-type=\"column\">\n\t\t\t<div class=\"elementor-widget-wrap elementor-element-populated\">\n\t\t\t\t\t\t<div class=\"elementor-element elementor-element-18f13536 elementor-widget-divider--view-line_text elementor-widget-divider--element-align-center elementor-widget elementor-widget-divider\" data-id=\"18f13536\" data-element_type=\"widget\" data-e-type=\"widget\" data-widget_type=\"divider.default\">\n\t\t\t\t<div class=\"elementor-widget-container\">\n\t\t\t\t\t\t\t<div class=\"elementor-divider\">\n\t\t\t<span class=\"elementor-divider-separator\">\n\t\t\t\t\t\t\t<p class=\"elementor-divider__text elementor-divider__element\">\n\t\t\t\tPage 3\t\t\t\t<\/p>\n\t\t\t\t\t\t<\/span>\n\t\t<\/div>\n\t\t\t\t\t\t<\/div>\n\t\t\t\t<\/div>\n\t\t\t\t<div class=\"elementor-element elementor-element-7526686c elementor-widget elementor-widget-text-editor\" data-id=\"7526686c\" data-element_type=\"widget\" data-e-type=\"widget\" data-widget_type=\"text-editor.default\">\n\t\t\t\t<div class=\"elementor-widget-container\">\n\t\t\t\t\t\t\t\t\t<p><a href=\"#_ftn10\">[10]\u00a0 <em>La t\u00eate bien faite<\/em> (1999), <em>Relier les connaissances<\/em> (1999), et <em>Les&#8230;<\/em><\/a><\/p>\t\t\t\t\t\t\t\t<\/div>\n\t\t\t\t<\/div>\n\t\t\t\t<div class=\"elementor-element elementor-element-365956b elementor-widget elementor-widget-text-editor\" data-id=\"365956b\" data-element_type=\"widget\" data-e-type=\"widget\" data-widget_type=\"text-editor.default\">\n\t\t\t\t<div class=\"elementor-widget-container\">\n\t\t\t\t\t\t\t\t\t<p><a href=\"#_ftn11\">[11] Maria Fernanda Gonz\u00e1lez Binetti et Fabienne Serina-Karsky&#8230;<\/a><\/p>\t\t\t\t\t\t\t\t<\/div>\n\t\t\t\t<\/div>\n\t\t\t\t<div class=\"elementor-element elementor-element-ec9b6d7 elementor-widget elementor-widget-text-editor\" data-id=\"ec9b6d7\" data-element_type=\"widget\" data-e-type=\"widget\" data-widget_type=\"text-editor.default\">\n\t\t\t\t<div class=\"elementor-widget-container\">\n\t\t\t\t\t\t\t\t\t<p><a href=\"#_ftn12\">[12] Serge Tisseron, Contre le harc\u00e8lement, il ne suffit pas d\u2019enseigner l\u2019empathie&#8230;<\/a><\/p><p><a href=\"#_ftn13\">[13] Le neuropsychiatre Boris Cyrulnik, invit\u00e9 par le ministre de l&rsquo;\u00c9ducation&#8230;<\/a><\/p><p><a href=\"#_ftn14\">[14] Boris Cyrulnik, \u201c\u00bfC\u00f3mo ense\u00f1ar empat\u00eda a los ni\u00f1os?\u201d, BBVA aprendamos&#8230;<\/a><\/p>\t\t\t\t\t\t\t\t<\/div>\n\t\t\t\t<\/div>\n\t\t\t\t<div class=\"elementor-element elementor-element-ef488b4 elementor-widget elementor-widget-text-editor\" data-id=\"ef488b4\" data-element_type=\"widget\" data-e-type=\"widget\" data-widget_type=\"text-editor.default\">\n\t\t\t\t<div class=\"elementor-widget-container\">\n\t\t\t\t\t\t\t\t\t<p><a href=\"#_ftn15\">[15] Boris Cyrulnik, \u00ab\u00a0Il faut enseigner l&#8217;empathie \u00e0 l&rsquo;\u00e9cole\u00a0\u00bb, radio France, 21&#8230;<\/a><\/p>\t\t\t\t\t\t\t\t<\/div>\n\t\t\t\t<\/div>\n\t\t\t\t<div class=\"elementor-element elementor-element-8e02ee0 elementor-widget elementor-widget-text-editor\" data-id=\"8e02ee0\" data-element_type=\"widget\" data-e-type=\"widget\" data-widget_type=\"text-editor.default\">\n\t\t\t\t<div class=\"elementor-widget-container\">\n\t\t\t\t\t\t\t\t\t<p><a href=\"#_ftn16\">[16] Nathalie Mons, A la d\u00e9couverte des politiques publiques : Les&#8230;<\/a><\/p>\t\t\t\t\t\t\t\t<\/div>\n\t\t\t\t<\/div>\n\t\t\t\t<div class=\"elementor-element elementor-element-7930d09 elementor-widget elementor-widget-text-editor\" data-id=\"7930d09\" data-element_type=\"widget\" data-e-type=\"widget\" data-widget_type=\"text-editor.default\">\n\t\t\t\t<div class=\"elementor-widget-container\">\n\t\t\t\t\t\t\t\t\t<p><a href=\"#_ftn17\">[17] Helene Hag\u00e8ge, \u00ab\u00a0Affectivit\u00e9\u00a0\u00bb, in <em>Dictionnaire critique des&#8230;<\/em><\/a><\/p>\t\t\t\t\t\t\t\t<\/div>\n\t\t\t\t<\/div>\n\t\t\t\t<div class=\"elementor-element elementor-element-cb3f26f elementor-widget elementor-widget-text-editor\" data-id=\"cb3f26f\" data-element_type=\"widget\" data-e-type=\"widget\" data-widget_type=\"text-editor.default\">\n\t\t\t\t<div class=\"elementor-widget-container\">\n\t\t\t\t\t\t\t\t\t<p><a href=\"#_ftn18\">[18] Nathalie Mons, pr\u00e9sidente du Conseil national d\u2019\u00e9valuation du&#8230;<\/a><\/p>\t\t\t\t\t\t\t\t<\/div>\n\t\t\t\t<\/div>\n\t\t\t\t<div class=\"elementor-element elementor-element-67cdac0 elementor-absolute elementor-widget elementor-widget-text-editor\" data-id=\"67cdac0\" data-element_type=\"widget\" data-e-type=\"widget\" data-settings=\"{&quot;_position&quot;:&quot;absolute&quot;}\" data-widget_type=\"text-editor.default\">\n\t\t\t\t<div class=\"elementor-widget-container\">\n\t\t\t\t\t\t\t\t\t<p><a href=\"#_ftn19\">[19] Il a \u00e9volu\u00e9 de \u00ab Instruction morale et civique \u00bb en 1882 \u00e0 \u00ab Programme&#8230;<\/a><\/p><p><a href=\"#_ftn20\">[20] Angela Barthes, Jean-Marc Lange, Nicole Tutiaux-Guillon, <em>Dictionnaire&#8230;<\/em><\/a><\/p>\t\t\t\t\t\t\t\t<\/div>\n\t\t\t\t<\/div>\n\t\t\t\t\t<\/div>\n\t\t<\/div>\n\t\t\t\t\t<\/div>\n\t\t<\/section>\n\t\t\t\t<section data-particle_enable=\"false\" data-particle-mobile-disabled=\"false\" class=\"elementor-section elementor-top-section elementor-element elementor-element-1b2a1e8 elementor-section-boxed elementor-section-height-default elementor-section-height-default\" data-id=\"1b2a1e8\" data-element_type=\"section\" data-e-type=\"section\">\n\t\t\t\t\t\t<div class=\"elementor-container elementor-column-gap-default\">\n\t\t\t\t\t<div class=\"elementor-column elementor-col-50 elementor-top-column elementor-element elementor-element-a19c093\" data-id=\"a19c093\" data-element_type=\"column\" data-e-type=\"column\">\n\t\t\t<div class=\"elementor-widget-wrap elementor-element-populated\">\n\t\t\t\t\t\t<div class=\"elementor-element elementor-element-b908660 elementor-widget elementor-widget-text-editor\" data-id=\"b908660\" data-element_type=\"widget\" data-e-type=\"widget\" data-widget_type=\"text-editor.default\">\n\t\t\t\t<div class=\"elementor-widget-container\">\n\t\t\t\t\t\t\t\t\t<p>Comme le soulignent les auteurs de Dictionnaire<em> critique des \u00e9ducations \u00e0<\/em>, ces nouvelles formes d&rsquo;\u00e9ducation \u00e9mergent dans un contexte de grands changements, du climat \u00e0 la r\u00e9volution num\u00e9rique, encourageant \u00e9galement des organisations internationales telles que l&rsquo;UNESCO, l&rsquo;OCDE ou le Conseil de l&rsquo;Europe \u00e0 se r\u00e9f\u00e9rer \u00e0 ces nouvelles mati\u00e8res.<\/p><p>Bien que certaines soient le r\u00e9sultat de probl\u00e9matiques d\u2019actualit\u00e9, comme l&rsquo;\u00e9ducation \u00e0 l&rsquo;environnement, d&rsquo;autres, telles que l&rsquo;\u00e9ducation aux valeurs ou \u00e0 la citoyennet\u00e9, poss\u00e8dent une tradition et sont au c\u0153ur de la fondation des syst\u00e8mes \u00e9ducatifs.\u00a0<\/p><p>Leur introduction suscite de nouveaux d\u00e9bats concernant leur pertinence et leur l\u00e9gitimit\u00e9 dans le cursus acad\u00e9mique. Les principales difficult\u00e9s r\u00e9sident dans la multiplicit\u00e9 des th\u00e9matiques abord\u00e9es, qui n\u00e9cessitent souvent de puiser dans d&rsquo;autres domaines, sans disposer d&rsquo;une matrice conceptuelle propre.<\/p><p>En outre, leur mise en \u0153uvre peut \u00eatre confi\u00e9e \u00e0 des acteurs non scolaires, voire associatifs et, en tant que r\u00e9ponse aux d\u00e9fis conjoncturels, elles peuvent susciter de la m\u00e9fiance de la part des enseignants ou des \u00e9l\u00e8ves\u00a0; voire des familles.<\/p><p>Il importe \u00e9galement de souligner que leur place dans le cursus acad\u00e9mique reste plut\u00f4t marginale, se limitant \u00e0 une heure hebdomadaire au coll\u00e8ge et une demi-heure au lyc\u00e9e, m\u00eame si la r\u00e9cente r\u00e9forme de cet enseignement double ce volume horaire pour la rentr\u00e9e 2024-2025. Cette place &lsquo;d\u00e9corative&rsquo; est pr\u00e9occupante quant \u00e0 la finalit\u00e9 de ces enseignements.<\/p><p>D\u2019un point de vue p\u00e9dagogique, ce questionnement peut susciter chez les professeurs d&rsquo;histoire-g\u00e9ographie des appr\u00e9hensions, une m\u00e9connaissance des objets \u00e0 transmettre, ou des difficult\u00e9s \u00e0 int\u00e9grer cet enseignement dans un programme d\u00e9j\u00e0 charg\u00e9. Le principal d\u00e9fi de cette discipline est qu\u2019elle doit s\u2019int\u00e9grer \u00e0 l\u2019enseignement de diverses mati\u00e8res, et pas uniquement en \u00c9ducation Morale et Civique (EMC). \u00c0 juste titre, \u00c9ric Favey, vice-pr\u00e9sident de la Ligue de l\u2019enseignement et membre du Conseil sup\u00e9rieur des programmes (CSP), observe que des activit\u00e9s r\u00e9alis\u00e9es dans d\u2019autres disciplines peuvent renforcer les notions au c\u0153ur de la citoyennet\u00e9. Par exemple, une activit\u00e9 en \u00e9ducation physique telle que l&rsquo;escalade n&rsquo;est pas seulement un exercice physique, mais aussi un excellent moyen de promouvoir l&rsquo;entraide et la solidarit\u00e9 dans un groupe.<a href=\"#_ftn21\" name=\"_ftnref21\">[21]<\/a><\/p><p><strong>Les voix en faveur de l\u2019\u00e9ducation cosmopolite<\/strong><\/p><p>L&rsquo;\u00e9ducation cosmopolite, \u00e9galement connue sous le nom de citoyennet\u00e9 mondiale, vise \u00e0 \u00e9duquer les nouvelles g\u00e9n\u00e9rations \u00e0 adopter une perspective ouverte sur les diff\u00e9rentes cultures, tout en les sensibilisant aux principaux d\u00e9fis de notre \u00e9poque.<\/p><p>Elle encourage \u00e0 se consid\u00e9rer comme partie int\u00e9grante de la Terre, notre patrie commune, et \u00e0 porter un int\u00e9r\u00eat particulier aux \u00e9v\u00e9nements, non seulement dans son propre pays, mais aussi \u00e0 l&rsquo;\u00e9chelle mondiale. C&rsquo;est une \u00e9ducation qui cultive un sentiment d&rsquo;appartenance et d&rsquo;engagement envers le monde.<\/p><p>Francis Wolff, philosophe et d\u00e9fenseur du cosmopolitisme, constate que le concept de citoyen du monde, utilis\u00e9 originellement par Diog\u00e8ne dans l&rsquo;Antiquit\u00e9, visait \u00e0 exprimer une attitude n\u00e9gative et individualiste. En d\u00e9clarant \u00ab Je suis un citoyen du monde \u00bb, il voulait proclamer qu&rsquo;il n&rsquo;appartenait \u00e0 aucun territoire<a href=\"#_ftn22\" name=\"_ftnref22\">[22]<\/a>.<\/p><p>Cette notion est critiqu\u00e9e en raison de la juxtaposition de deux termes apparemment contradictoires, le rendant potentiellement vague. La \u00ab\u00a0citoyennet\u00e9\u00a0\u00bb se r\u00e9f\u00e8re au statut de sujet de droit et de devoir au sein d&rsquo;une nation, tandis que le terme \u00ab\u00a0mondiale\u00a0\u00bb renvoie \u00e0 l&rsquo;universel, une \u00e9chelle \u00e0 laquelle ne sont pas clairement d\u00e9finis les droits et devoirs.<\/p><p>Partant de sa d\u00e9finition m\u00eame, qui vise \u00e0 permettre aux individus de conna\u00eetre et d&rsquo;appr\u00e9hender les r\u00e9alit\u00e9s du monde, l&rsquo;\u00e9ducation \u00e0 la citoyennet\u00e9 mondiale encourage les \u00e9l\u00e8ves \u00e0 se solidariser envers les probl\u00e9matiques de respect des droits de l&rsquo;homme, et \u00e0 tout mettre en \u0153uvre pour un monde durable et pacifi\u00e9.<\/p><p>Dans le contexte des faiblesses \u00e9ducatives \u00e0 l&rsquo;\u00e9chelle mondiale, le dernier rapport de l\u2019Unesco souligne que les difficult\u00e9s rencontr\u00e9es dans le domaine de l&rsquo;alphab\u00e9tisation et des comp\u00e9tences cognitives, sont \u00e9galement pr\u00e9occupantes en mati\u00e8re d&rsquo;\u00e9ducation citoyenne :<\/p><p>Les insuffisances des comp\u00e9tences d\u2019alphab\u00e9tisation de base en lecture, en math\u00e9matiques, et en sciences ne sont pas un probl\u00e8me isol\u00e9, puisque des \u00e9carts similaires ont \u00e9t\u00e9 observ\u00e9s dans les \u00e9tudes transnationales men\u00e9es par l\u2019IEA (Internationale Association for the Evaluation of educational Achievement) et l\u2019Organisation pour la coop\u00e9ration et le d\u00e9veloppement \u00e9conomique (OCDE), sur les th\u00e8mes de l\u2019\u00e9ducation civique, des comp\u00e9tences de citoyennet\u00e9 mondiale et des comp\u00e9tences socio-\u00e9motionnelles, autant de comp\u00e9tences qui deviennent importantes pour la participation civique et \u00e9conomique<a href=\"#_ftn23\" name=\"_ftnref23\">[23]<\/a>.<\/p><p>Ce nouveau contrat souligne le caract\u00e8re de bien commun que repr\u00e9sente l&rsquo;\u00e9ducation. Les d\u00e9fis actuels nous imposent d&rsquo;\u00e9duquer des citoyens conscients du d\u00e9r\u00e8glement climatique, soucieux du d\u00e9bat d\u00e9mocratique, et bien form\u00e9s pour l\u2019utilisation \u00e9clair\u00e9e des nouvelles technologies.<\/p><p>L\u2019Unesco met en avant l\u2019\u00e9ducation cosmopolite, celle qui pr\u00e9pare les jeunes aux d\u00e9fis tout en d\u00e9veloppant des capacit\u00e9s d&rsquo;innovation et de cr\u00e9ativit\u00e9 de mani\u00e8re individuelle et collective. L\u2019enseignement de la diversit\u00e9 des cultures et des langues sera crucial dans cette transformation. Les nouveaux programmes doivent renforcer les apprentissages \u00e9cologiques, interculturels et transdisciplinaires.<\/p><p>Leur objectif est non seulement de transmettre un savoir, mais aussi de permettre aux \u00e9l\u00e8ves de le remettre en question, gr\u00e2ce \u00e0 l\u2019\u00e9ducation \u00e0 l\u2019esprit critique. De plus, \u00e0 l\u2019instar de ce que plaident Morin et Nussbaum, l\u2019Unesco atteste qu\u2019il ne faut pas n\u00e9gliger l&rsquo;\u00e9ducation artistique. Cette derni\u00e8re, englobant la musique, le th\u00e9\u00e2tre, la danse, le design, les arts visuels, la litt\u00e9rature et la po\u00e9sie, offre des opportunit\u00e9s cl\u00e9s pour faciliter l&rsquo;apprentissage socio-\u00e9motionnel.<\/p><p>Dans un monde de plus en plus interconnect\u00e9, la collaboration en r\u00e9seau est essentielle pour relever les d\u00e9fis contemporains. C\u2019est un retour \u00e0 la p\u00e9dagogie de John Dewey qui privil\u00e9gie la participation, la coop\u00e9ration et la solidarit\u00e9, d\u00e9laissant le mod\u00e8le actuel, individualiste et comp\u00e9titif.<\/p>\t\t\t\t\t\t\t\t<\/div>\n\t\t\t\t<\/div>\n\t\t\t\t\t<\/div>\n\t\t<\/div>\n\t\t\t\t<div class=\"elementor-column elementor-col-50 elementor-top-column elementor-element elementor-element-50e4fbe elementor-hidden-mobile\" data-id=\"50e4fbe\" data-element_type=\"column\" data-e-type=\"column\">\n\t\t\t<div class=\"elementor-widget-wrap elementor-element-populated\">\n\t\t\t\t\t\t<div class=\"elementor-element elementor-element-b15107f elementor-widget-divider--view-line_text elementor-widget-divider--element-align-center elementor-widget elementor-widget-divider\" data-id=\"b15107f\" data-element_type=\"widget\" data-e-type=\"widget\" data-widget_type=\"divider.default\">\n\t\t\t\t<div class=\"elementor-widget-container\">\n\t\t\t\t\t\t\t<div class=\"elementor-divider\">\n\t\t\t<span class=\"elementor-divider-separator\">\n\t\t\t\t\t\t\t<p class=\"elementor-divider__text elementor-divider__element\">\n\t\t\t\tPage 4\t\t\t\t<\/p>\n\t\t\t\t\t\t<\/span>\n\t\t<\/div>\n\t\t\t\t\t\t<\/div>\n\t\t\t\t<\/div>\n\t\t\t\t<div class=\"elementor-element elementor-element-45ec0d8 elementor-widget elementor-widget-text-editor\" data-id=\"45ec0d8\" data-element_type=\"widget\" data-e-type=\"widget\" data-widget_type=\"text-editor.default\">\n\t\t\t\t<div class=\"elementor-widget-container\">\n\t\t\t\t\t\t\t\t\t<p><a href=\"#_ftn21\">[21] \u00c9ric Favey, vice-pr\u00e9sident de la Ligue de l\u2019enseignement, membre du&#8230;<\/a><\/p>\t\t\t\t\t\t\t\t<\/div>\n\t\t\t\t<\/div>\n\t\t\t\t<div class=\"elementor-element elementor-element-68d7ce7 elementor-widget elementor-widget-text-editor\" data-id=\"68d7ce7\" data-element_type=\"widget\" data-e-type=\"widget\" data-widget_type=\"text-editor.default\">\n\t\t\t\t<div class=\"elementor-widget-container\">\n\t\t\t\t\t\t\t\t\t<p><a href=\"#_ftn22\">[22] Francis Wolff, <em>Les Trois utopies contemporaines, <\/em>Paris, Fayard&#8230;<\/a><\/p>\t\t\t\t\t\t\t\t<\/div>\n\t\t\t\t<\/div>\n\t\t\t\t<div class=\"elementor-element elementor-element-c8122c5 elementor-widget elementor-widget-text-editor\" data-id=\"c8122c5\" data-element_type=\"widget\" data-e-type=\"widget\" data-widget_type=\"text-editor.default\">\n\t\t\t\t<div class=\"elementor-widget-container\">\n\t\t\t\t\t\t\t\t\t<p><a href=\"#_ftn23\">[23] Unesco, <em>Repenser nos futurs ensembles : un nouveau contrat social&#8230;<\/em><\/a><\/p>\t\t\t\t\t\t\t\t<\/div>\n\t\t\t\t<\/div>\n\t\t\t\t\t<\/div>\n\t\t<\/div>\n\t\t\t\t\t<\/div>\n\t\t<\/section>\n\t\t\t\t<section data-particle_enable=\"false\" data-particle-mobile-disabled=\"false\" class=\"elementor-section elementor-top-section elementor-element elementor-element-c7d19f5 elementor-section-boxed elementor-section-height-default elementor-section-height-default\" data-id=\"c7d19f5\" data-element_type=\"section\" data-e-type=\"section\">\n\t\t\t\t\t\t<div class=\"elementor-container elementor-column-gap-default\">\n\t\t\t\t\t<div class=\"elementor-column elementor-col-50 elementor-top-column elementor-element elementor-element-e064bf9\" data-id=\"e064bf9\" data-element_type=\"column\" data-e-type=\"column\">\n\t\t\t<div class=\"elementor-widget-wrap elementor-element-populated\">\n\t\t\t\t\t\t<div class=\"elementor-element elementor-element-0c94c25 elementor-widget elementor-widget-text-editor\" data-id=\"0c94c25\" data-element_type=\"widget\" data-e-type=\"widget\" data-widget_type=\"text-editor.default\">\n\t\t\t\t<div class=\"elementor-widget-container\">\n\t\t\t\t\t\t\t\t\t<p>Ces m\u00e9thodes de travail, telles que l&rsquo;apprentissage entre pairs, ou celui par projet, par probl\u00e8me et par enqu\u00eate, pr\u00e9parent les jeunes \u00e0 affronter les d\u00e9fis futurs tout en d\u00e9veloppant leurs capacit\u00e9s d&rsquo;innovation et de cr\u00e9ativit\u00e9, tant sur le plan individuel que collectif.<\/p><p>Le professeur Justin Yifu Lin, doyen et professeur \u00e0 l&rsquo;Institut de la Nouvelle \u00c9conomie Structurelle de l&rsquo;Universit\u00e9 de P\u00e9kin rel\u00e8ve les d\u00e9fis de cette \u00e9ducation \u00e0 la citoyenne mondiale quand il affirme : \u00ab Nous devons \u00e9duquer moralement nos \u00e9l\u00e8ves de mani\u00e8re \u00e0 leur permettre de comprendre que l\u2019humanit\u00e9 partage des avenirs communs et nous devons avoir l\u2019empathie n\u00e9cessaire pour comprendre les besoins de chacun et nous soutenir les uns les autres\u00a0\u00bb.<a href=\"#_ftn24\" name=\"_ftnref24\">[24]<\/a>\u00a0 \u00a0<\/p><p><strong>Vers un enseignement moral, civique et cosmopolite\u00a0?<\/strong><\/p><p>Une derni\u00e8re voix qui a mis l\u2019accent sur l\u2019\u00e9ducation cosmopolite est le Pape Fran\u00e7ois. \u00c0 travers son Pacte \u00c9ducatif Global<a href=\"#_ftn25\" name=\"_ftnref25\">[25]<\/a>, ainsi que ses encycliques Laudato Si\u2019 (2015) et Fratelli Tutti (2020), il promeut une conscience citoyenne mondiale, qui poss\u00e8de \u00e0 la fois un caract\u00e8re moral et scientifique.<\/p><p>Le Pape place au premier plan des \u00e9l\u00e9ments essentiels \u00e0 l\u2019\u00e9ducation cosmopolite, la culture de la rencontre et le dialogue interg\u00e9n\u00e9rationnel, afin d\u2019\u00e9laborer une soci\u00e9t\u00e9 plus inclusive, une vision critique de la mondialisation, et l\u2019\u00e9ducation aux d\u00e9fis de notre maison commune, incluant l\u2019\u00e9thique et le dialogue transdisciplinaire sur les enjeux \u00e9cologiques.<\/p><p>Un autre aspect, soutenu par l&rsquo;UNESCO et le Pape Fran\u00e7ois, met l\u2019accent sur la mobilisation des connaissances par les \u00e9l\u00e8ves, qui peut enrichir le patrimoine des connaissances communes, g\u00e9n\u00e9rer de nouvelles id\u00e9es et valoriser l\u2019esprit critique. Dans un monde hyperconnect\u00e9 o\u00f9 les fausses nouvelles abondent, il est crucial que les \u00e9l\u00e8ves d\u00e9veloppent le r\u00e9flexe de v\u00e9rifier les informations et de rechercher des sources fiables pour parvenir \u00e0 des conclusions pr\u00e9cises.<\/p><p>L&rsquo;\u00e9ducation aux m\u00e9dias et \u00e0 l&rsquo;information est fondamentale, surtout lorsque les r\u00e9seaux sociaux sont la principale source d&rsquo;information pour les jeunes, \u00e9tant aussi malheureusement un terrain fertile pour les discours de haine et d\u2019exclusion. Un dialogue interg\u00e9n\u00e9rationnel entre les professeurs, souvent d\u00e9tach\u00e9s de ce monde virtuel, et les jeunes, qui peuvent s\u2019y faire pi\u00e9ger, reste \u00e0 renforcer, en vue d\u2019am\u00e9liorer l&#8217;emploi de ces technologies et exercer l&rsquo;esprit critique des nouvelles g\u00e9n\u00e9rations.<\/p><p>Cette \u00e9ducation \u00e0 la citoyennet\u00e9 mondiale est au c\u0153ur du d\u00e9bat sur le cosmopolitisme humaniste, tel que pr\u00e9sent\u00e9 par Francis Wolff dans <em>Les trois Utopies contemporaines<\/em><a href=\"#_ftn26\" name=\"_ftnref26\">[26]<\/a>. Le cosmopolitisme aborde des th\u00e8mes cruciaux, comme la paix internationale et la question des migrants. Wolff rappelle que ce cosmopolitisme, h\u00e9rit\u00e9 de l&rsquo;esprit humaniste des Lumi\u00e8res, est tangible, ainsi que l\u2019illustre la construction de l\u2019Union europ\u00e9enne, inspir\u00e9e du <em>Trait\u00e9 pour la paix perp\u00e9tuelle <\/em>de Kant.<\/p><p>Enfin, Wolff affirme que \u00ab\u00a0la cosmopolitisation des esprits\u00a0\u00bb se manifeste \u00e0 divers niveaux : \u00ab\u00a0par le haut\u00a0\u00bb quand le monde est partag\u00e9 par tous, \u00ab\u00a0par le bas\u00a0\u00bb lors des rencontres citoyennes, les Jeux Olympiques par exemple ou des \u00e9changes internationaux. Enfin, par l&rsquo;essence m\u00eame de l&rsquo;excellence universitaire. Par exemple, un math\u00e9maticien d\u00e9couvrant un nouveau th\u00e9or\u00e8me est pr\u00eat \u00e0 le partager avec ses pairs du monde entier\u00a0:<\/p><p>Certaines activit\u00e9s sont en effet essentiellement cosmopolitiques\u00a0: elles sont pratiqu\u00e9es par les individus, souvent d\u2019ailleurs dans un cadre \u00e9tatique, mais elles sont destin\u00e9es \u00e0 l\u2019humanit\u00e9 comme telle. Il s\u2019agit par excellence de la recherche universitaire et scientifique. Certes, interf\u00e8rent toujours des questions de propri\u00e9t\u00e9 intellectuelle, de copyright, de brevets, etc. Mais il n\u2019emp\u00eache\u00a0: quand un math\u00e9maticien fran\u00e7ais par exemple, d\u00e9montre un nouveau th\u00e9or\u00e8me, avant publication internationale il en adresse par courrier \u00e9lectronique la premi\u00e8re formulation aux quelques math\u00e9maticiens dans le monde, qu\u2019ils soient indiens, russes, chinois ou danois susceptibles d\u2019en comprendre les enjeux. Les math\u00e9maticiens se sentent citoyens du monde<a href=\"#_ftn27\" name=\"_ftnref27\">[27]<\/a>.\u00a0\u00a0\u00a0<\/p><p>Des institutions telles que le Groupe Intergouvernemental des \u00c9tudes du Climat (GIEC) illustrent \u00e9galement cette vision mondiale de collaboration et de partage. \u00c0 l\u2019Institut Catholique de Paris, nous sommes convaincus que l&rsquo;on ne na\u00eet pas cosmopolite, mais qu&rsquo;on le devient. C&rsquo;est pourquoi nous avons cr\u00e9\u00e9 un Grand Cours<a href=\"#_ftn28\" name=\"_ftnref28\">[28]<\/a> sur la Citoyennet\u00e9 Mondiale (2023-2024), abordant th\u00e9oriquement ce concept complexe et en invitant des experts pour enrichir le d\u00e9bat.<\/p><p>Federico Mayor Zaragoza, ancien directeur de l&rsquo;Unesco (1989-1997) et actuel directeur de la <em>Fundaci\u00f3n Cultura de Paz<\/em>, le philosophe et professeur \u00e9m\u00e9rite de l\u2019Ecole Normale Sup\u00e9rieure (ENS) Francis Wolff, Claire Thoury, pr\u00e9sidente du mouvement associatif et directrice de la Chaire de pratique Participation citoyenne et vie associative de l\u2019Ecole Normale Sup\u00e9rieure (ENS) et Filippo Bignami, professeur \u00e0 l&rsquo;Universit\u00e9 des Sciences appliqu\u00e9es et des Arts de Suisse, ont expos\u00e9 aux \u00e9tudiants les principales notions et stimul\u00e9 une r\u00e9flexion autour des enjeux contemporains. Lors de sa conf\u00e9rence, Mayor affirmait :<\/p><p>Si tu veux la paix, contribue \u00e0 pr\u00e9parer la paix, l&rsquo;\u00e9ducation, l&rsquo;\u00e9galit\u00e9, la participation\u2026, parce que la participation, la d\u00e9mocratie, est la base de tout progr\u00e8s. Chaque \u00eatre humain, \u00e9gal en dignit\u00e9, est un cr\u00e9ateur. Cela repr\u00e9sente notre grand espoir, car cela signifie que nous avons le pouvoir de changer le pr\u00e9sent<a href=\"#_ftn29\" name=\"_ftnref29\">[29]<\/a>.<\/p><p>Mayor a aussi partag\u00e9 son exp\u00e9rience \u00e0 l&rsquo;Unesco, o\u00f9 il a transform\u00e9 un programme \u00e9ducatif de nature coloniale centr\u00e9 principalement sur l&rsquo;alphab\u00e9tisation en anglais et en fran\u00e7ais, un v\u00e9ritable d\u00e9sastre selon lui, en un nouveau programme \u00e9ducatif intitul\u00e9 <em>\u00c9ducation pour tous, tout au long de la vie <\/em>qui envisage l&rsquo;avenir avec audace.<\/p><p>Bien que nous constations, depuis 2015, que le minist\u00e8re de l&rsquo;\u00c9ducation nationale est ouvert \u00e0 des changements dans son programme d&rsquo;Enseignement moral et civique, les d\u00e9fis de notre \u00e9poque exigent que nous soyons \u00e0 la hauteur des challenges. Le grand d\u00e9fi de l&rsquo;\u00e9ducation aujourd&rsquo;hui est pr\u00e9cis\u00e9ment de former des citoyens pour le XXIe si\u00e8cle, capables de s&rsquo;\u00e9panouir \u00e0 partir de leur contexte particulier.<\/p><p>C&rsquo;est \u00e0 travers l&rsquo;\u00e9tude des travaux de ces auteurs et experts que les \u00e9tudiants prendront conscience de l&rsquo;importance des enjeux mondiaux et, surtout, de la n\u00e9cessit\u00e9 de s&rsquo;engager face aux d\u00e9fis qui nous attendent. Nous consid\u00e9rons cette approche renouvel\u00e9e de l&rsquo;Enseignement Moral et Civique comme une \u00ab affaire d\u2019\u00c9tat \u00bb.<\/p>\t\t\t\t\t\t\t\t<\/div>\n\t\t\t\t<\/div>\n\t\t\t\t<div class=\"elementor-element elementor-element-479e8d5 elementor-widget-divider--view-line elementor-widget elementor-widget-divider\" data-id=\"479e8d5\" data-element_type=\"widget\" data-e-type=\"widget\" data-widget_type=\"divider.default\">\n\t\t\t\t<div class=\"elementor-widget-container\">\n\t\t\t\t\t\t\t<div class=\"elementor-divider\">\n\t\t\t<span class=\"elementor-divider-separator\">\n\t\t\t\t\t\t<\/span>\n\t\t<\/div>\n\t\t\t\t\t\t<\/div>\n\t\t\t\t<\/div>\n\t\t\t\t\t<\/div>\n\t\t<\/div>\n\t\t\t\t<div class=\"elementor-column elementor-col-50 elementor-top-column elementor-element elementor-element-955469b elementor-hidden-mobile\" data-id=\"955469b\" data-element_type=\"column\" data-e-type=\"column\">\n\t\t\t<div class=\"elementor-widget-wrap elementor-element-populated\">\n\t\t\t\t\t\t<div class=\"elementor-element elementor-element-36002fc elementor-widget-divider--view-line_text elementor-widget-divider--element-align-center elementor-widget elementor-widget-divider\" data-id=\"36002fc\" data-element_type=\"widget\" data-e-type=\"widget\" data-widget_type=\"divider.default\">\n\t\t\t\t<div class=\"elementor-widget-container\">\n\t\t\t\t\t\t\t<div class=\"elementor-divider\">\n\t\t\t<span class=\"elementor-divider-separator\">\n\t\t\t\t\t\t\t<p class=\"elementor-divider__text elementor-divider__element\">\n\t\t\t\tPage 5\t\t\t\t<\/p>\n\t\t\t\t\t\t<\/span>\n\t\t<\/div>\n\t\t\t\t\t\t<\/div>\n\t\t\t\t<\/div>\n\t\t\t\t<div class=\"elementor-element elementor-element-4743c7c elementor-widget elementor-widget-text-editor\" data-id=\"4743c7c\" data-element_type=\"widget\" data-e-type=\"widget\" data-widget_type=\"text-editor.default\">\n\t\t\t\t<div class=\"elementor-widget-container\">\n\t\t\t\t\t\t\t\t\t<p><a href=\"#_ftn24\" name=\"_ftn24\">[24]<\/a> <a href=\"https:\/\/www.youtube.com\/watch?v=vO4EmUsicpo&amp;ab_channel=UNESCO\">https:\/\/www.youtube.com\/watch?v=vO4EmUsicpo&amp;ab_channel=UNESCO<\/a><\/p>\t\t\t\t\t\t\t\t<\/div>\n\t\t\t\t<\/div>\n\t\t\t\t<div class=\"elementor-element elementor-element-09dd191 elementor-widget elementor-widget-text-editor\" data-id=\"09dd191\" data-element_type=\"widget\" data-e-type=\"widget\" data-widget_type=\"text-editor.default\">\n\t\t\t\t<div class=\"elementor-widget-container\">\n\t\t\t\t\t\t\t\t\t<p><a href=\"#_ftn25\">[25]Vad\u00e9m\u00e9cum, Pacte Global Educatif, 12 septembre 2019&#8230;<\/a><\/p>\t\t\t\t\t\t\t\t<\/div>\n\t\t\t\t<\/div>\n\t\t\t\t<div class=\"elementor-element elementor-element-8b979ff elementor-widget elementor-widget-text-editor\" data-id=\"8b979ff\" data-element_type=\"widget\" data-e-type=\"widget\" data-widget_type=\"text-editor.default\">\n\t\t\t\t<div class=\"elementor-widget-container\">\n\t\t\t\t\t\t\t\t\t<p><a href=\"#_ftn26\">[26] Francis Wolff, <em>Les Trois utopies contemporaines<\/em>, Paris, Fayard, 2017<\/a><\/p>\t\t\t\t\t\t\t\t<\/div>\n\t\t\t\t<\/div>\n\t\t\t\t<div class=\"elementor-element elementor-element-59fcf65 elementor-widget elementor-widget-text-editor\" data-id=\"59fcf65\" data-element_type=\"widget\" data-e-type=\"widget\" data-widget_type=\"text-editor.default\">\n\t\t\t\t<div class=\"elementor-widget-container\">\n\t\t\t\t\t\t\t\t\t<p><a href=\"#_ftn27\">[27] Francis Wolff, <em>Les Trois utopies contemporaines<\/em>, Paris&#8230;<\/a><\/p>\t\t\t\t\t\t\t\t<\/div>\n\t\t\t\t<\/div>\n\t\t\t\t<div class=\"elementor-element elementor-element-78009af elementor-widget elementor-widget-text-editor\" data-id=\"78009af\" data-element_type=\"widget\" data-e-type=\"widget\" data-widget_type=\"text-editor.default\">\n\t\t\t\t<div class=\"elementor-widget-container\">\n\t\t\t\t\t\t\t\t\t<p><a href=\"#_ftn28\">[28] Les Grands Cours sont un label de l&rsquo;Institut Catholique de Paris, propos\u00e9s&#8230;<\/a><\/p>\t\t\t\t\t\t\t\t<\/div>\n\t\t\t\t<\/div>\n\t\t\t\t<div class=\"elementor-element elementor-element-2b68fa7 elementor-widget elementor-widget-text-editor\" data-id=\"2b68fa7\" data-element_type=\"widget\" data-e-type=\"widget\" data-widget_type=\"text-editor.default\">\n\t\t\t\t<div class=\"elementor-widget-container\">\n\t\t\t\t\t\t\t\t\t<p><a href=\"#_ftn29\">[29] Federico Mayor Zaragoza, Conf\u00e9rence dans le Grand Cours sur l\u2019\u00e9ducation&#8230;<\/a><\/p>\t\t\t\t\t\t\t\t<\/div>\n\t\t\t\t<\/div>\n\t\t\t\t\t<\/div>\n\t\t<\/div>\n\t\t\t\t\t<\/div>\n\t\t<\/section>\n\t\t\t\t<section data-particle_enable=\"false\" data-particle-mobile-disabled=\"false\" class=\"elementor-section elementor-top-section elementor-element elementor-element-2a872657 elementor-section-boxed elementor-section-height-default elementor-section-height-default\" data-id=\"2a872657\" data-element_type=\"section\" data-e-type=\"section\">\n\t\t\t\t\t\t<div class=\"elementor-container elementor-column-gap-default\">\n\t\t\t\t\t<div class=\"elementor-column elementor-col-50 elementor-top-column elementor-element elementor-element-160789f\" data-id=\"160789f\" data-element_type=\"column\" data-e-type=\"column\">\n\t\t\t<div class=\"elementor-widget-wrap elementor-element-populated\">\n\t\t\t\t\t\t<div class=\"elementor-element elementor-element-5d838bd1 elementor-widget elementor-widget-text-editor\" data-id=\"5d838bd1\" data-element_type=\"widget\" data-e-type=\"widget\" data-widget_type=\"text-editor.default\">\n\t\t\t\t<div class=\"elementor-widget-container\">\n\t\t\t\t\t\t\t\t\t<p><a href=\"#_ftnref1\" name=\"_ftn1\">[1]<\/a> Emmanuel Macron, Conf\u00e9rence de presse, 17 janvier 2024\u00a0dans\u00a0: <a href=\"https:\/\/www.elysee.fr\/emmanuel-macron\/2024\/01\/16\/conference-de-presse-du-president-emmanuel-macron\">https:\/\/www.elysee.fr\/emmanuel-macron\/2024\/01\/16\/conference-de-presse-du-president-emmanuel-macron<\/a><\/p><p><a href=\"#_ftnref2\" name=\"_ftn2\">[2]<\/a> Emmanuel Macron, Conf\u00e9rence de presse, 17 janvier 2024 dans : https:\/\/www.elysee.fr\/emmanuel-macron\/2024\/01\/16\/conference-de-presse-du-president-emmanuel-macron<\/p><p><a href=\"#_ftnref3\" name=\"_ftn3\">[3]<\/a> Catherine Kintzler, <em>L\u2019id\u00e9e r\u00e9publicaine<\/em>, Paris, minist\u00e8re de l\u2019\u00c9ducation nationale, de la jeunesse et des sports, 2021, p.32<\/p><p><a href=\"#_ftnref4\" name=\"_ftn4\">[4]<\/a> Eirick Prairat, <em>L\u2019\u00e9cole des lumi\u00e8res brille toujours<\/em>, Paris, ESF sciences humaines, \u00ab P\u00e9dagogies\u00a0\u00bb, 2022, p.67<\/p><p><a href=\"#_ftnref5\" name=\"_ftn5\">[5]<\/a> Jules Ferry (1832-1893), Circulaire connue sous le nom de \u00ab\u00a0Lettre aux Instituteurs\u00a0\u00bb 17 novembre 1883,<em> L\u2019Id\u00e9e r\u00e9publicaine<\/em>, Paris, Minist\u00e8re de l\u2019\u00c9ducation nationale, de la jeunesse et des sports, 2021, p. 131<\/p><p><a href=\"#_ftnref6\" name=\"_ftn6\">[6]<\/a> Dominique Schnapper, <em>L\u2019Id\u00e9e r\u00e9publicaine<\/em>, Paris, minist\u00e8re de l\u2019\u00c9ducation nationale, de la jeunesse et des sports, 2021, p.32<\/p><p><a href=\"#_ftnref7\" name=\"_ftn7\">[7]<\/a> Dominique Schnapper, \u00ab\u00a0Pr\u00e9face\u00a0\u00bb, in <em>Ecole et citoyennet\u00e9\u00a0: un d\u00e9fi multiculturel<\/em>, Yves Lenoir, Constantin Xypas, Christian Jamet (dir.), Paris, Armand Colin, Soci\u00e9tales, 2006, p. 15-23.<\/p><p><a href=\"#_ftnref8\">[8]<\/a> Yves Lenoir, Confrontation des syst\u00e8mes \u00e9ducatifs fran\u00e7ais et nord-am\u00e9ricain, in <em>Ecole et citoyennet\u00e9\u00a0: un d\u00e9fi multiculturel<\/em>, Yves Lenoir, Constantin Xypas, Christian Jamet (dir.), Paris, Armand Colin, Soci\u00e9tales, 2006, p. 42-57.<\/p><p><a href=\"#_ftnref9\" name=\"_ftn9\">[9]<\/a> Idem, p. 57<\/p><p><a href=\"#_ftnref10\" name=\"_ftn10\">[10]<\/a>\u00a0 <em>La t\u00eate bien faite<\/em> (1999), <em>Relier les connaissances<\/em> (1999), et <em>Les Sept Savoirs n\u00e9cessaires \u00e0 l\u2019\u00e9ducation du futur<\/em> (2000)<\/p><p><a href=\"#_ftnref11\" name=\"_ftn11\">[11]<\/a> Maria Fernanda Gonz\u00e1lez Binetti et Fabienne Serina-Karsky, \u00ab \u00c9duquer \u00e0 la citoyennet\u00e9 mondiale au regard de l\u2019\u00e9ducation complexe \u00bb, Revue Interventions \u00e9conomiques [En ligne], 69 | 2023, mis en ligne le 05 novembre 2023, consult\u00e9 le 12 avril 2024. URL : http:\/\/journals.openedition.org\/interventionseconomiques\/22779 ; DOI : https:\/\/doi.org\/10.4000\/interventionseconomiques.22779<\/p><p><a href=\"#_ftnref12\" name=\"_ftn12\">[12]<\/a> Serge Tisseron, Contre le harc\u00e8lement, il ne suffit pas d\u2019enseigner l\u2019empathie, il faut l\u2019apprendre, Le Monde, 7 octobre 2023. <a href=\"https:\/\/journal.lemonde.fr\/data\/3206\/reader\/reader.html?xtor=EPR-32280632-%5bjelec%5d-20231006-%5bcta_lire%5d#!preferred\/0\/package\/3206\/pub\/4508\/page\/28\">https:\/\/journal.lemonde.fr\/data\/3206\/reader\/reader.html?xtor=EPR-32280632-[jelec]-20231006-[cta_lire]#!preferred\/0\/package\/3206\/pub\/4508\/page\/28<\/a><\/p><p><a href=\"#_ftnref13\" name=\"_ftn13\">[13]<\/a> Le neuropsychiatre Boris Cyrulnik, invit\u00e9 par le ministre de l&rsquo;\u00c9ducation Jean-Michel Blanquer, a men\u00e9 ses recherches sur l&rsquo;importance de la p\u00e9dagogie de l&#8217;empathie d\u00e8s le d\u00e9but du premier quinquennat du pr\u00e9sident Macron.<\/p><p><a href=\"#_ftnref14\" name=\"_ftn14\">[14]<\/a> Boris Cyrulnik, \u201c\u00bfC\u00f3mo ense\u00f1ar empat\u00eda a los ni\u00f1os?\u201d, BBVA aprendamos juntos 2030, https:\/\/aprendemosjuntos.bbva.com\/especial\/el-altruismo-nos-ayuda-a-luchar-contra-el-dolor-boris-cyrulnik\/<\/p><p><a href=\"#_ftnref15\" name=\"_ftn15\">[15]<\/a> Boris Cyrulnik, \u00ab\u00a0Il faut enseigner l&#8217;empathie \u00e0 l&rsquo;\u00e9cole\u00a0\u00bb, radio France, 21 septembre 2023, https:\/\/www.radiofrance.fr\/franceinter\/podcasts\/jusqu-ici-tout-va-bien\/jusqu-ici-tout-va-bien-du-jeudi-21-septembre-2023-2628175<\/p><p><a href=\"#_ftnref16\" name=\"_ftn16\">[16]<\/a> Nathalie Mons, A la d\u00e9couverte des politiques publiques\u00a0: Les politiques scolaires, 2019, Vie publique, <a href=\"https:\/\/www.youtube.com\/watch?v=cdyXIo8OP-s&amp;ab_channel=Viepublique\">https:\/\/www.youtube.com\/watch?v=cdyXIo8OP-s&amp;ab_channel=Viepublique<\/a><\/p><p><a href=\"#_ftnref17\" name=\"_ftn17\">[17]<\/a> Helene Hag\u00e8ge, \u00ab\u00a0Affectivit\u00e9\u00a0\u00bb, in <em>Dictionnaire critique des enjeux et concepts des \u00ab\u00a0\u00e9ducations \u00e0\u00a0\u00bb<\/em>, Angela Barthes, Jean-Marc Lange, Nicole Tutiaux-Guillon (dir), Paris, L\u2019Harmattan, 2017. P. 284-290.<\/p><p><a href=\"#_ftnref18\" name=\"_ftn18\">[18]<\/a> Nathalie Mons, pr\u00e9sidente du Conseil national d\u2019\u00e9valuation du syst\u00e8me scolaire (Cnesco), professeure de sociologie \u00e0 l\u2019universit\u00e9 de Cergy-Pontoise\u00a0: <a href=\"https:\/\/www.reseau-canope.fr\/lengagement-citoyen-chez-les-jeunes\/leducation-a-la-citoyennete.html\">https:\/\/www.reseau-canope.fr\/lengagement-citoyen-chez-les-jeunes\/leducation-a-la-citoyennete.html<\/a><\/p><p><a href=\"#_ftnref19\">[19]<\/a> Il a \u00e9volu\u00e9 de \u00ab Instruction morale et civique \u00bb en 1882 \u00e0 \u00ab Programme d\u2019initiation \u00e0 la vie sociale \u00bb en 1945, puis \u00e0 \u00ab \u00e9ducation civique \u00bb en 1970. Il s&rsquo;est transform\u00e9 en \u00ab \u00c9ducation civique, juridique et sociale \u00bb, puis en \u00ab Vivre ensemble \u00bb pour le primaire et en \u00ab \u00c9ducation \u00bb pour le cycle 3 en 2002, pour finalement devenir \u00ab Enseignement moral et civique \u00bb depuis 2015 voir : Fran\u00e7ois Audigier, \u00ab Education \u00e0 la citoyennet\u00e9 \u00bb, in <em>Dictionnaire critique\u00a0: des enjeux et concepts des \u00ab \u00e9ducations \u00e0 \u00bb,<\/em> Angela Barthes, Jean-Marc Lange, Nicole Tutiaux-Guillon (dir), Paris, L\u2019Harmattan, 2017. P.46-51.<\/p><p><a href=\"#_ftnref20\" name=\"_ftn20\">[20]<\/a> Angela Barthes, Jean-Marc Lange, Nicole Tutiaux-Guillon, <em>Dictionnaire critique : des enjeux et concepts des \u00ab\u00a0\u00e9ducation \u00e0\u00a0\u00bb<\/em>, Paris, L\u2019Harmattan, 2017.<\/p><p><a href=\"#_ftnref21\" name=\"_ftn21\">[21]<\/a> \u00c9ric Favey, vice-pr\u00e9sident de la Ligue de l\u2019enseignement, membre du Conseil sup\u00e9rieur des programmes, <a href=\"https:\/\/www.reseau-canope.fr\/lengagement-citoyen-chez-les-jeunes\/leducation-a-la-citoyennete.html\">https:\/\/www.reseau-canope.fr\/lengagement-citoyen-chez-les-jeunes\/leducation-a-la-citoyennete.html<\/a><\/p><p><a href=\"#_ftnref22\" name=\"_ftn22\">[22]<\/a> Francis Wolff, <em>Les Trois utopies contemporaines, <\/em>Paris, Fayard<em>, <\/em>2017<em>, <\/em>p.114<\/p><p><a href=\"#_ftnref23\" name=\"_ftn23\">[23]<\/a> Unesco, <em>Repenser nos futurs ensembles : un nouveau contrat social pour l\u2019\u00e9ducation<\/em>, 2021, Rapport de la Commission Internationale sur les futurs de l\u2019\u00e9ducation, p.24<\/p><p><a href=\"#_ftnref24\" name=\"_ftn24\">[24]<\/a> <a href=\"https:\/\/www.youtube.com\/watch?v=vO4EmUsicpo&amp;ab_channel=UNESCO\">https:\/\/www.youtube.com\/watch?v=vO4EmUsicpo&amp;ab_channel=UNESCO<\/a><\/p><p><a href=\"#_ftnref25\" name=\"_ftn25\">[25]<\/a>Vad\u00e9m\u00e9cum, Pacte Global Educatif, 12 septembre 2019<\/p><p>\u00a0<a href=\"https:\/\/www.educationglobalcompact.org\/resources\/Risorse\/vademecum-francais.pdf\">https:\/\/www.educationglobalcompact.org\/resources\/Risorse\/vademecum-francais.pdf<\/a><\/p><p><a href=\"#_ftnref26\" name=\"_ftn26\">[26]<\/a> Francis Wolff, <em>Les Trois utopies contemporaines<\/em>, Paris, Fayard, 2017<\/p><p><a href=\"#_ftnref27\" name=\"_ftn27\">[27]<\/a> Francis Wolff, <em>Les Trois utopies contemporaines<\/em>, Paris, Fayard, 2017, p. 141<\/p><p><a href=\"#_ftnref28\" name=\"_ftn28\">[28]<\/a> Les Grands Cours sont un label de l&rsquo;Institut Catholique de Paris, propos\u00e9s \u00e0 tous les \u00e9tudiants de l&rsquo;ICP, couvrant les trois niveaux de diff\u00e9rentes licences. Ces cours se sp\u00e9cialisent dans diverses th\u00e9matiques, incluant la th\u00e9ologie, le droit, l&rsquo;histoire, la philosophie, la communication et l&rsquo;\u00e9ducation, entre autres.<\/p><p><a href=\"#_ftnref29\" name=\"_ftn29\">[29]<\/a> Federico Mayor Zaragoza, Conf\u00e9rence dans le Grand Cours sur l\u2019\u00e9ducation \u00e0 la Citoyennet\u00e9 Mondiale, 5 f\u00e9vrier 2024.<\/p>\t\t\t\t\t\t\t\t<\/div>\n\t\t\t\t<\/div>\n\t\t\t\t\t<\/div>\n\t\t<\/div>\n\t\t\t\t<div class=\"elementor-column elementor-col-50 elementor-top-column elementor-element elementor-element-3c86fa4f\" data-id=\"3c86fa4f\" data-element_type=\"column\" data-e-type=\"column\">\n\t\t\t<div class=\"elementor-widget-wrap\">\n\t\t\t\t\t\t\t<\/div>\n\t\t<\/div>\n\t\t\t\t\t<\/div>\n\t\t<\/section>\n\t\t\t\t<section data-particle_enable=\"false\" data-particle-mobile-disabled=\"false\" class=\"elementor-section elementor-top-section elementor-element elementor-element-7905badf elementor-section-boxed elementor-section-height-default elementor-section-height-default\" data-id=\"7905badf\" data-element_type=\"section\" data-e-type=\"section\">\n\t\t\t\t\t\t<div class=\"elementor-container elementor-column-gap-default\">\n\t\t\t\t\t<div class=\"elementor-column elementor-col-100 elementor-top-column elementor-element elementor-element-3612363e\" data-id=\"3612363e\" data-element_type=\"column\" data-e-type=\"column\">\n\t\t\t<div class=\"elementor-widget-wrap elementor-element-populated\">\n\t\t\t\t\t\t<div class=\"elementor-element elementor-element-58d89c42 elementor-share-buttons--skin-boxed elementor-share-buttons--view-icon-text elementor-share-buttons--shape-square elementor-grid-0 elementor-share-buttons--color-official elementor-widget elementor-widget-share-buttons\" data-id=\"58d89c42\" data-element_type=\"widget\" data-e-type=\"widget\" data-widget_type=\"share-buttons.default\">\n\t\t\t\t<div class=\"elementor-widget-container\">\n\t\t\t\t\t\t\t<div class=\"elementor-grid\" role=\"list\">\n\t\t\t\t\t\t\t\t<div class=\"elementor-grid-item\" role=\"listitem\">\n\t\t\t\t\t\t<div class=\"elementor-share-btn elementor-share-btn_facebook\" role=\"button\" tabindex=\"0\" aria-label=\"Partager sur facebook\">\n\t\t\t\t\t\t\t\t\t\t\t\t\t\t\t<span class=\"elementor-share-btn__icon\">\n\t\t\t\t\t\t\t\t<i class=\"fab fa-facebook\" aria-hidden=\"true\"><\/i>\t\t\t\t\t\t\t<\/span>\n\t\t\t\t\t\t\t\t\t\t\t\t\t\t\t\t\t\t\t\t\t\t<div class=\"elementor-share-btn__text\">\n\t\t\t\t\t\t\t\t\t\t\t\t\t\t\t\t\t\t\t<span class=\"elementor-share-btn__title\">\n\t\t\t\t\t\t\t\t\t\tFacebook\t\t\t\t\t\t\t\t\t<\/span>\n\t\t\t\t\t\t\t\t\t\t\t\t\t\t\t\t\t<\/div>\n\t\t\t\t\t\t\t\t\t\t\t\t\t<\/div>\n\t\t\t\t\t<\/div>\n\t\t\t\t\t\t\t\t\t<div class=\"elementor-grid-item\" role=\"listitem\">\n\t\t\t\t\t\t<div class=\"elementor-share-btn elementor-share-btn_twitter\" role=\"button\" tabindex=\"0\" aria-label=\"Partager sur twitter\">\n\t\t\t\t\t\t\t\t\t\t\t\t\t\t\t<span class=\"elementor-share-btn__icon\">\n\t\t\t\t\t\t\t\t<i class=\"fab fa-twitter\" aria-hidden=\"true\"><\/i>\t\t\t\t\t\t\t<\/span>\n\t\t\t\t\t\t\t\t\t\t\t\t\t\t\t\t\t\t\t\t\t\t<div class=\"elementor-share-btn__text\">\n\t\t\t\t\t\t\t\t\t\t\t\t\t\t\t\t\t\t\t<span class=\"elementor-share-btn__title\">\n\t\t\t\t\t\t\t\t\t\tTwitter\t\t\t\t\t\t\t\t\t<\/span>\n\t\t\t\t\t\t\t\t\t\t\t\t\t\t\t\t\t<\/div>\n\t\t\t\t\t\t\t\t\t\t\t\t\t<\/div>\n\t\t\t\t\t<\/div>\n\t\t\t\t\t\t\t\t\t<div class=\"elementor-grid-item\" role=\"listitem\">\n\t\t\t\t\t\t<div class=\"elementor-share-btn elementor-share-btn_linkedin\" role=\"button\" tabindex=\"0\" aria-label=\"Partager sur linkedin\">\n\t\t\t\t\t\t\t\t\t\t\t\t\t\t\t<span class=\"elementor-share-btn__icon\">\n\t\t\t\t\t\t\t\t<i class=\"fab fa-linkedin\" aria-hidden=\"true\"><\/i>\t\t\t\t\t\t\t<\/span>\n\t\t\t\t\t\t\t\t\t\t\t\t\t\t\t\t\t\t\t\t\t\t<div class=\"elementor-share-btn__text\">\n\t\t\t\t\t\t\t\t\t\t\t\t\t\t\t\t\t\t\t<span class=\"elementor-share-btn__title\">\n\t\t\t\t\t\t\t\t\t\tLinkedIn\t\t\t\t\t\t\t\t\t<\/span>\n\t\t\t\t\t\t\t\t\t\t\t\t\t\t\t\t\t<\/div>\n\t\t\t\t\t\t\t\t\t\t\t\t\t<\/div>\n\t\t\t\t\t<\/div>\n\t\t\t\t\t\t<\/div>\n\t\t\t\t\t\t<\/div>\n\t\t\t\t<\/div>\n\t\t\t\t<div class=\"elementor-element elementor-element-47be1c64 elementor-widget-divider--separator-type-pattern elementor-widget-divider--no-spacing elementor-widget-divider--view-line elementor-widget elementor-widget-divider\" data-id=\"47be1c64\" data-element_type=\"widget\" data-e-type=\"widget\" data-widget_type=\"divider.default\">\n\t\t\t\t<div class=\"elementor-widget-container\">\n\t\t\t\t\t\t\t<div class=\"elementor-divider\" style=\"--divider-pattern-url: url(&quot;data:image\/svg+xml,%3Csvg xmlns=&#039;http:\/\/www.w3.org\/2000\/svg&#039; preserveAspectRatio=&#039;none&#039; overflow=&#039;visible&#039; height=&#039;100%&#039; viewBox=&#039;0 0 24 24&#039; fill=&#039;black&#039; stroke=&#039;none&#039;%3E%3Cpath d=&#039;M24,8v12H0V8H24z M24,4v1H0V4H24z&#039;\/%3E%3C\/svg%3E&quot;);\">\n\t\t\t<span class=\"elementor-divider-separator\">\n\t\t\t\t\t\t<\/span>\n\t\t<\/div>\n\t\t\t\t\t\t<\/div>\n\t\t\t\t<\/div>\n\t\t\t\t<div class=\"elementor-element elementor-element-613bf0b4 elementor-widget elementor-widget-heading\" data-id=\"613bf0b4\" data-element_type=\"widget\" data-e-type=\"widget\" data-widget_type=\"heading.default\">\n\t\t\t\t<div class=\"elementor-widget-container\">\n\t\t\t\t\t<h4 class=\"elementor-heading-title elementor-size-default\">D'autres articles<\/h4>\t\t\t\t<\/div>\n\t\t\t\t<\/div>\n\t\t\t\t<div class=\"elementor-element elementor-element-7ab40fe2 elementor-grid-1 elementor-posts--thumbnail-left elementor-grid-tablet-1 elementor-grid-mobile-1 elementor-widget elementor-widget-posts\" data-id=\"7ab40fe2\" data-element_type=\"widget\" data-e-type=\"widget\" data-settings=\"{&quot;classic_columns&quot;:&quot;1&quot;,&quot;classic_row_gap&quot;:{&quot;unit&quot;:&quot;px&quot;,&quot;size&quot;:20,&quot;sizes&quot;:[]},&quot;classic_columns_tablet&quot;:&quot;1&quot;,&quot;classic_columns_mobile&quot;:&quot;1&quot;,&quot;classic_row_gap_tablet&quot;:{&quot;unit&quot;:&quot;px&quot;,&quot;size&quot;:&quot;&quot;,&quot;sizes&quot;:[]},&quot;classic_row_gap_mobile&quot;:{&quot;unit&quot;:&quot;px&quot;,&quot;size&quot;:&quot;&quot;,&quot;sizes&quot;:[]}}\" data-widget_type=\"posts.classic\">\n\t\t\t\t<div class=\"elementor-widget-container\">\n\t\t\t\t\t\t\t<div class=\"elementor-posts-container elementor-posts elementor-posts--skin-classic elementor-grid\" role=\"list\">\n\t\t\t\t<article class=\"elementor-post elementor-grid-item post-2614 post type-post status-publish format-standard has-post-thumbnail hentry category-editorial4\" role=\"listitem\">\n\t\t\t\t<a class=\"elementor-post__thumbnail__link\" href=\"https:\/\/m3c.universita.corsica\/lumi\/lenseignement-doit-il-etre-une-affaire-detat-reflexions-personnelles-dun-vieil-universitaire-de-corse\/\" tabindex=\"-1\" >\n\t\t\t<div class=\"elementor-post__thumbnail\"><img decoding=\"async\" width=\"300\" height=\"120\" src=\"https:\/\/lumi.univ-corse.fr\/wp-content\/uploads\/2024\/07\/Michel_VergeFranceschi-300x120.webp\" class=\"attachment-medium size-medium wp-image-2661\" alt=\"\" srcset=\"https:\/\/lumi.univ-corse.fr\/wp-content\/uploads\/2024\/07\/Michel_VergeFranceschi-300x120.webp 300w, https:\/\/lumi.univ-corse.fr\/wp-content\/uploads\/2024\/07\/Michel_VergeFranceschi-1024x410.webp 1024w, https:\/\/lumi.univ-corse.fr\/wp-content\/uploads\/2024\/07\/Michel_VergeFranceschi-768x307.webp 768w, https:\/\/lumi.univ-corse.fr\/wp-content\/uploads\/2024\/07\/Michel_VergeFranceschi-1536x614.webp 1536w, https:\/\/lumi.univ-corse.fr\/wp-content\/uploads\/2024\/07\/Michel_VergeFranceschi.webp 2000w\" sizes=\"(max-width: 300px) 100vw, 300px\" \/><\/div>\n\t\t<\/a>\n\t\t\t\t<div class=\"elementor-post__text\">\n\t\t\t\t<h3 class=\"elementor-post__title\">\n\t\t\t<a href=\"https:\/\/m3c.universita.corsica\/lumi\/lenseignement-doit-il-etre-une-affaire-detat-reflexions-personnelles-dun-vieil-universitaire-de-corse\/\" >\n\t\t\t\tL&rsquo;enseignement doit-il \u00eatre une affaire d&rsquo;\u00e9tat ? R\u00e9flexions personnelles d&rsquo;un universitaire Corse\t\t\t<\/a>\n\t\t<\/h3>\n\t\t\t\t<div class=\"elementor-post__meta-data\">\n\t\t\t\t\t<span class=\"elementor-post-date\">\n\t\t\t9 juillet 2024\t\t<\/span>\n\t\t\t\t<\/div>\n\t\t\t\t<div class=\"elementor-post__excerpt\">\n\t\t\t<p>Ma r\u00e9ponse est oui. L\u2019enseignement c\u2019est un tout qui repose sur trois piliers : un lieu ; un budget ; un savoir. L\u2019enseignement, \u00e0 premi\u00e8re vue, c\u2019est tout d\u2019abord un lieu o\u00f9 il faut pouvoir le dispenser. Dans l\u2019Antiquit\u00e9 grecque, c\u2019\u00e9tait sous les portiques du temple d\u2019Apollon, all\u00e9es couvertes qui laissaient passer la \u00ab lumi\u00e8re \u00bb d\u2019o\u00f9 le nom de \u00ab lyc\u00e9e \u00bb. Je&#8230;<\/p>\n\t\t<\/div>\n\t\t\t\t<\/div>\n\t\t\t\t<\/article>\n\t\t\t\t<article class=\"elementor-post elementor-grid-item post-2596 post type-post status-publish format-standard has-post-thumbnail hentry category-varia4\" role=\"listitem\">\n\t\t\t\t<a class=\"elementor-post__thumbnail__link\" href=\"https:\/\/m3c.universita.corsica\/lumi\/annexe-extraits-des-pages-141-a-151-du-testament-politique-dalberoni\/\" tabindex=\"-1\" >\n\t\t\t<div class=\"elementor-post__thumbnail\"><img decoding=\"async\" width=\"300\" height=\"120\" src=\"https:\/\/lumi.univ-corse.fr\/wp-content\/uploads\/2024\/07\/Testament_politique_du_cardinal_Jules_.Alberoni_Giulio_bpt6k97701565-300x120.webp\" class=\"attachment-medium size-medium wp-image-2665\" alt=\"\" srcset=\"https:\/\/lumi.univ-corse.fr\/wp-content\/uploads\/2024\/07\/Testament_politique_du_cardinal_Jules_.Alberoni_Giulio_bpt6k97701565-300x120.webp 300w, https:\/\/lumi.univ-corse.fr\/wp-content\/uploads\/2024\/07\/Testament_politique_du_cardinal_Jules_.Alberoni_Giulio_bpt6k97701565-1024x410.webp 1024w, https:\/\/lumi.univ-corse.fr\/wp-content\/uploads\/2024\/07\/Testament_politique_du_cardinal_Jules_.Alberoni_Giulio_bpt6k97701565-768x307.webp 768w, https:\/\/lumi.univ-corse.fr\/wp-content\/uploads\/2024\/07\/Testament_politique_du_cardinal_Jules_.Alberoni_Giulio_bpt6k97701565-1536x614.webp 1536w, https:\/\/lumi.univ-corse.fr\/wp-content\/uploads\/2024\/07\/Testament_politique_du_cardinal_Jules_.Alberoni_Giulio_bpt6k97701565.webp 2000w\" sizes=\"(max-width: 300px) 100vw, 300px\" \/><\/div>\n\t\t<\/a>\n\t\t\t\t<div class=\"elementor-post__text\">\n\t\t\t\t<h3 class=\"elementor-post__title\">\n\t\t\t<a href=\"https:\/\/m3c.universita.corsica\/lumi\/annexe-extraits-des-pages-141-a-151-du-testament-politique-dalberoni\/\" >\n\t\t\t\tAnnexe, Extraits des pages 141 \u00e0\u00a0151 du Testament politique d\u2019Alberoni\t\t\t<\/a>\n\t\t<\/h3>\n\t\t\t\t<div class=\"elementor-post__meta-data\">\n\t\t\t\t\t<span class=\"elementor-post-date\">\n\t\t\t9 juillet 2024\t\t<\/span>\n\t\t\t\t<\/div>\n\t\t\t\t<div class=\"elementor-post__excerpt\">\n\t\t\t<p>\u00ab L\u2019aveugle pr\u00e9vention des Anglois, ne laisse aucun espoir de leur retour vers leur Souverain naturel. C\u2019est \u00e0 lui de se faire, par sa valeur &#038; sa conduite, le rang qu\u2019ils lui refusent, &#038; de se b\u00e2tir \u00e0 leurs d\u00e9pens un tr\u00f4ne, qui lui tienne lieu de celui o\u00f9 ils ne veulent pas le faire monter.<br \/>\nLa post\u00e9rit\u00e9 ne pardonnera point au Prince Edouard, d\u2019avoir&#8230;<\/p>\n\t\t<\/div>\n\t\t\t\t<\/div>\n\t\t\t\t<\/article>\n\t\t\t\t<article class=\"elementor-post elementor-grid-item post-2567 post type-post status-publish format-standard has-post-thumbnail hentry category-varia4\" role=\"listitem\">\n\t\t\t\t<a class=\"elementor-post__thumbnail__link\" href=\"https:\/\/m3c.universita.corsica\/lumi\/theodore-langleterre-et-le-projet-dalberoni-pour-la-corse\/\" tabindex=\"-1\" >\n\t\t\t<div class=\"elementor-post__thumbnail\"><img fetchpriority=\"high\" decoding=\"async\" width=\"266\" height=\"300\" src=\"https:\/\/lumi.univ-corse.fr\/wp-content\/uploads\/2024\/06\/shutterstock_87012563-266x300.webp\" class=\"attachment-medium size-medium wp-image-2593\" alt=\"\" srcset=\"https:\/\/lumi.univ-corse.fr\/wp-content\/uploads\/2024\/06\/shutterstock_87012563-266x300.webp 266w, https:\/\/lumi.univ-corse.fr\/wp-content\/uploads\/2024\/06\/shutterstock_87012563-768x866.webp 768w, https:\/\/lumi.univ-corse.fr\/wp-content\/uploads\/2024\/06\/shutterstock_87012563.webp 887w\" sizes=\"(max-width: 266px) 100vw, 266px\" \/><\/div>\n\t\t<\/a>\n\t\t\t\t<div class=\"elementor-post__text\">\n\t\t\t\t<h3 class=\"elementor-post__title\">\n\t\t\t<a href=\"https:\/\/m3c.universita.corsica\/lumi\/theodore-langleterre-et-le-projet-dalberoni-pour-la-corse\/\" >\n\t\t\t\tTh\u00e9odore, l\u2019Angleterre et le projet d\u2019Alberoni pour la Corse\t\t\t<\/a>\n\t\t<\/h3>\n\t\t\t\t<div class=\"elementor-post__meta-data\">\n\t\t\t\t\t<span class=\"elementor-post-date\">\n\t\t\t30 juin 2024\t\t<\/span>\n\t\t\t\t<\/div>\n\t\t\t\t<div class=\"elementor-post__excerpt\">\n\t\t\t<p>Au cours du XVIIIe si\u00e8cle, la Corse a fait l\u2019objet de bien des sp\u00e9culations de la part des \u00c9tats europ\u00e9ens. Les nationaux, dans leur combat pour venir \u00e0 bout de l\u2019occupant g\u00e9nois, ont tent\u00e9 en permanence de s\u2019appuyer sur ces ambitions, afin de trouver des alli\u00e9s de circonstance : non sans de nombreuses d\u00e9sillusions. De ce point de vue, l\u2019\u00e9pisode qui&#8230;<\/p>\n\t\t<\/div>\n\t\t\t\t<\/div>\n\t\t\t\t<\/article>\n\t\t\t\t<\/div>\n\t\t\n\t\t\t\t\t\t<\/div>\n\t\t\t\t<\/div>\n\t\t\t\t\t<\/div>\n\t\t<\/div>\n\t\t\t\t\t<\/div>\n\t\t<\/section>\n\t\t\t\t<\/div>\n\t\t","protected":false},"excerpt":{"rendered":"<p>La conf\u00e9rence de presse du pr\u00e9sident fran\u00e7ais, Emmanuel Macron, le 16 janvier 2024, mettait l&rsquo;accent sur l&rsquo;imp\u00e9ratif de former davantage de citoyens en ad\u00e9quation avec les besoins de la Nation. D\u00e8s le d\u00e9but de son allocution, il a d\u00e9peint une soci\u00e9t\u00e9 en proie \u00e0 l&rsquo;incertitude, confront\u00e9e \u00e0 la disparition&#8230;<\/p>\n","protected":false},"author":54,"featured_media":2590,"comment_status":"closed","ping_status":"closed","sticky":false,"template":"","format":"standard","meta":{"_acf_changed":false,"footnotes":""},"categories":[24],"tags":[],"class_list":["post-2475","post","type-post","status-publish","format-standard","has-post-thumbnail","hentry","category-numero4"],"acf":[],"_links":{"self":[{"href":"https:\/\/m3c.universita.corsica\/lumi\/wp-json\/wp\/v2\/posts\/2475","targetHints":{"allow":["GET"]}}],"collection":[{"href":"https:\/\/m3c.universita.corsica\/lumi\/wp-json\/wp\/v2\/posts"}],"about":[{"href":"https:\/\/m3c.universita.corsica\/lumi\/wp-json\/wp\/v2\/types\/post"}],"author":[{"embeddable":true,"href":"https:\/\/m3c.universita.corsica\/lumi\/wp-json\/wp\/v2\/users\/54"}],"replies":[{"embeddable":true,"href":"https:\/\/m3c.universita.corsica\/lumi\/wp-json\/wp\/v2\/comments?post=2475"}],"version-history":[{"count":19,"href":"https:\/\/m3c.universita.corsica\/lumi\/wp-json\/wp\/v2\/posts\/2475\/revisions"}],"predecessor-version":[{"id":2917,"href":"https:\/\/m3c.universita.corsica\/lumi\/wp-json\/wp\/v2\/posts\/2475\/revisions\/2917"}],"wp:featuredmedia":[{"embeddable":true,"href":"https:\/\/m3c.universita.corsica\/lumi\/wp-json\/wp\/v2\/media\/2590"}],"wp:attachment":[{"href":"https:\/\/m3c.universita.corsica\/lumi\/wp-json\/wp\/v2\/media?parent=2475"}],"wp:term":[{"taxonomy":"category","embeddable":true,"href":"https:\/\/m3c.universita.corsica\/lumi\/wp-json\/wp\/v2\/categories?post=2475"},{"taxonomy":"post_tag","embeddable":true,"href":"https:\/\/m3c.universita.corsica\/lumi\/wp-json\/wp\/v2\/tags?post=2475"}],"curies":[{"name":"wp","href":"https:\/\/api.w.org\/{rel}","templated":true}]}}