{"id":2508,"date":"2024-06-10T22:21:11","date_gmt":"2024-06-10T22:21:11","guid":{"rendered":"https:\/\/m3c.universita.corsica\/lumi\/?p=2508"},"modified":"2024-07-16T21:50:15","modified_gmt":"2024-07-16T21:50:15","slug":"existe-t-il-une-histoire-europeenne-de-la-democratisation-de-lenseignement-xxe-xxie-elements-dhistoire-et-de-theorisation","status":"publish","type":"post","link":"https:\/\/m3c.universita.corsica\/lumi\/existe-t-il-une-histoire-europeenne-de-la-democratisation-de-lenseignement-xxe-xxie-elements-dhistoire-et-de-theorisation\/","title":{"rendered":"Existe-t-il une histoire europ\u00e9enne de la d\u00e9mocratisation de l&rsquo;enseignement (XXe-XXIe)? El\u00e9ments d&rsquo;histoire et de th\u00e9orisation"},"content":{"rendered":"\t\t<div data-elementor-type=\"wp-post\" data-elementor-id=\"2508\" class=\"elementor elementor-2508\" data-elementor-post-type=\"post\">\n\t\t\t\t\t\t<section data-particle_enable=\"false\" data-particle-mobile-disabled=\"false\" class=\"elementor-section elementor-top-section elementor-element elementor-element-5e8823c5 elementor-section-full_width elementor-section-height-min-height elementor-section-height-default elementor-section-items-middle\" data-id=\"5e8823c5\" data-element_type=\"section\" data-e-type=\"section\" data-settings=\"{&quot;background_background&quot;:&quot;classic&quot;}\">\n\t\t\t\t\t\t<div class=\"elementor-container elementor-column-gap-default\">\n\t\t\t\t\t<div class=\"elementor-column elementor-col-100 elementor-top-column elementor-element elementor-element-76f81a2a\" data-id=\"76f81a2a\" data-element_type=\"column\" data-e-type=\"column\">\n\t\t\t<div class=\"elementor-widget-wrap\">\n\t\t\t\t\t\t\t<\/div>\n\t\t<\/div>\n\t\t\t\t\t<\/div>\n\t\t<\/section>\n\t\t\t\t<section data-particle_enable=\"false\" data-particle-mobile-disabled=\"false\" class=\"elementor-section elementor-top-section elementor-element elementor-element-3a18bbe8 elementor-section-boxed elementor-section-height-default elementor-section-height-default\" data-id=\"3a18bbe8\" data-element_type=\"section\" data-e-type=\"section\">\n\t\t\t\t\t\t<div class=\"elementor-container elementor-column-gap-default\">\n\t\t\t\t\t<div class=\"elementor-column elementor-col-100 elementor-top-column elementor-element elementor-element-4b643c40\" data-id=\"4b643c40\" data-element_type=\"column\" data-e-type=\"column\">\n\t\t\t<div class=\"elementor-widget-wrap elementor-element-populated\">\n\t\t\t\t\t\t<div class=\"elementor-element elementor-element-408a78ac elementor-widget elementor-widget-heading\" data-id=\"408a78ac\" data-element_type=\"widget\" data-e-type=\"widget\" data-widget_type=\"heading.default\">\n\t\t\t\t<div class=\"elementor-widget-container\">\n\t\t\t\t\t<h1 class=\"elementor-heading-title elementor-size-default\">Existe-t-il une histoire europ\u00e9enne de la d\u00e9mocratisation de l&rsquo;enseignement (XXe-XXIe)? El\u00e9ments d&rsquo;histoire et de th\u00e9orisation<\/h1>\t\t\t\t<\/div>\n\t\t\t\t<\/div>\n\t\t\t\t<div class=\"elementor-element elementor-element-34bfa006 elementor-author-box--name-yes elementor-author-box--biography-yes elementor-author-box--link-no elementor-widget elementor-widget-author-box\" data-id=\"34bfa006\" data-element_type=\"widget\" data-e-type=\"widget\" data-widget_type=\"author-box.default\">\n\t\t\t\t<div class=\"elementor-widget-container\">\n\t\t\t\t\t\t\t<div class=\"elementor-author-box\">\n\t\t\t\n\t\t\t<div class=\"elementor-author-box__text\">\n\t\t\t\t\t\t\t\t\t<div >\n\t\t\t\t\t\t<h4 class=\"elementor-author-box__name\">\n\t\t\t\t\t\t\tBruno Garnier\t\t\t\t\t\t<\/h4>\n\t\t\t\t\t<\/div>\n\t\t\t\t\n\t\t\t\t\t\t\t\t\t<div class=\"elementor-author-box__bio\">\n\t\t\t\t\t\tProfesseur \u00e0 l\u2019Universit\u00e9 de Corse, UMR CNRS 6240 LISA\t\t\t\t\t<\/div>\n\t\t\t\t\n\t\t\t\t\t\t\t<\/div>\n\t\t<\/div>\n\t\t\t\t\t\t<\/div>\n\t\t\t\t<\/div>\n\t\t\t\t<div class=\"elementor-element elementor-element-1d58fef2 elementor-align-left elementor-widget elementor-widget-button\" data-id=\"1d58fef2\" data-element_type=\"widget\" data-e-type=\"widget\" data-widget_type=\"button.default\">\n\t\t\t\t<div class=\"elementor-widget-container\">\n\t\t\t\t\t\t\t\t\t<div class=\"elementor-button-wrapper\">\n\t\t\t\t\t<a class=\"elementor-button elementor-button-link elementor-size-sm\" href=\"\/lumi\/wp-content\/uploads\/2024\/07\/15-DEFIN-MODIF-DJ-RELU-VL-Ecole-Etat-BG-1-BRUNO-GARNIER.pdf\" target=\"_blank\">\n\t\t\t\t\t\t<span class=\"elementor-button-content-wrapper\">\n\t\t\t\t\t\t<span class=\"elementor-button-icon\">\n\t\t\t\t<i aria-hidden=\"true\" class=\"fas fa-file-download\"><\/i>\t\t\t<\/span>\n\t\t\t\t\t\t\t\t\t<span class=\"elementor-button-text\">Visionner \/ T\u00e9l\u00e9charger la version PDF<\/span>\n\t\t\t\t\t<\/span>\n\t\t\t\t\t<\/a>\n\t\t\t\t<\/div>\n\t\t\t\t\t\t\t\t<\/div>\n\t\t\t\t<\/div>\n\t\t\t\t\t<\/div>\n\t\t<\/div>\n\t\t\t\t\t<\/div>\n\t\t<\/section>\n\t\t\t\t<section data-particle_enable=\"false\" data-particle-mobile-disabled=\"false\" class=\"elementor-section elementor-top-section elementor-element elementor-element-66d01f5 elementor-section-boxed elementor-section-height-default elementor-section-height-default\" data-id=\"66d01f5\" data-element_type=\"section\" data-e-type=\"section\">\n\t\t\t\t\t\t<div class=\"elementor-container elementor-column-gap-default\">\n\t\t\t\t\t<div class=\"elementor-column elementor-col-50 elementor-top-column elementor-element elementor-element-cfcc119\" data-id=\"cfcc119\" data-element_type=\"column\" data-e-type=\"column\">\n\t\t\t<div class=\"elementor-widget-wrap elementor-element-populated\">\n\t\t\t\t\t\t<div class=\"elementor-element elementor-element-813d445 elementor-widget elementor-widget-text-editor\" data-id=\"813d445\" data-element_type=\"widget\" data-e-type=\"widget\" data-widget_type=\"text-editor.default\">\n\t\t\t\t<div class=\"elementor-widget-container\">\n\t\t\t\t\t\t\t\t\t<h3><strong>R\u00e9sum\u00e9\u00a0<\/strong>:<\/h3><p>Si le principe d\u2019une \u00e9cole \u00e9quitable pour tous ne fait plus d\u00e9bat aujourd\u2019hui, il n\u2019en a pas toujours \u00e9t\u00e9 ainsi. La guerre de 1914-1918 joua un r\u00f4le fondateur dans le d\u00e9veloppement du projet d\u2019\u00e9cole unique, en Allemagne et en France, mais c\u2019est l\u2019Union sovi\u00e9tique qui l\u2019a institu\u00e9e d\u00e8s 1918, au service de la R\u00e9volution. Ensuite les mouvements d\u2019\u00e9ducation nouvelle fournirent des mod\u00e8les p\u00e9dagogiques adapt\u00e9s \u00e0 la r\u00e9forme d\u00e9mocratique de l\u2019\u00e9cole. C\u2019est toutefois durant les trente ann\u00e9es qui ont suivi la seconde Guerre mondiale que les r\u00e9formes de structure ont chang\u00e9 le paysage de l\u2019\u00e9ducation\u00a0: l\u2019\u00e2ge de la scolarit\u00e9 obligatoire fut relev\u00e9 dans des \u00e9coles et des coll\u00e8ges mixtes. La fin du XX<sup>e<\/sup>\u00a0si\u00e8cle, avec ses crises \u00e9conomiques, voit se d\u00e9velopper la formation des \u00e9lites et les politiques en faveur de la jeunesse d\u00e9favoris\u00e9e. La coop\u00e9ration entre \u00c9tats membres a g\u00e9n\u00e9ralis\u00e9 un mode de gestion lib\u00e9rale.\u00a0Comment, aujourd\u2019hui, l\u2019\u00e9cole peut-elle affronter les multiples diff\u00e9rences entre les enfants\u00a0et leur diversit\u00e9, aussi bien de genre, de classes sociales, de cultures, de langues, de religions, de niveau scolaire\u00a0?<\/p><p><strong>Mots-cl\u00e9s\u00a0<\/strong>: \u00c9ducation,\u00a0d\u00e9mocratisation, histoire, \u00e9galit\u00e9, diversit\u00e9,\u00a0Europe.<\/p>\t\t\t\t\t\t\t\t<\/div>\n\t\t\t\t<\/div>\n\t\t\t\t\t<\/div>\n\t\t<\/div>\n\t\t\t\t<div class=\"elementor-column elementor-col-50 elementor-top-column elementor-element elementor-element-e891bd4 elementor-hidden-mobile\" data-id=\"e891bd4\" data-element_type=\"column\" data-e-type=\"column\">\n\t\t\t<div class=\"elementor-widget-wrap elementor-element-populated\">\n\t\t\t\t\t\t<div class=\"elementor-element elementor-element-a0b8979 elementor-widget-divider--view-line_text elementor-widget-divider--element-align-center elementor-widget elementor-widget-divider\" data-id=\"a0b8979\" data-element_type=\"widget\" data-e-type=\"widget\" data-widget_type=\"divider.default\">\n\t\t\t\t<div class=\"elementor-widget-container\">\n\t\t\t\t\t\t\t<div class=\"elementor-divider\">\n\t\t\t<span class=\"elementor-divider-separator\">\n\t\t\t\t\t\t\t<p class=\"elementor-divider__text elementor-divider__element\">\n\t\t\t\tR\u00e9sum\u00e9\t\t\t\t<\/p>\n\t\t\t\t\t\t<\/span>\n\t\t<\/div>\n\t\t\t\t\t\t<\/div>\n\t\t\t\t<\/div>\n\t\t\t\t\t<\/div>\n\t\t<\/div>\n\t\t\t\t\t<\/div>\n\t\t<\/section>\n\t\t\t\t<section data-particle_enable=\"false\" data-particle-mobile-disabled=\"false\" class=\"elementor-section elementor-top-section elementor-element elementor-element-70fe5d20 elementor-section-boxed elementor-section-height-default elementor-section-height-default\" data-id=\"70fe5d20\" data-element_type=\"section\" data-e-type=\"section\">\n\t\t\t\t\t\t<div class=\"elementor-container elementor-column-gap-default\">\n\t\t\t\t\t<div class=\"elementor-column elementor-col-50 elementor-top-column elementor-element elementor-element-6094c63e\" data-id=\"6094c63e\" data-element_type=\"column\" data-e-type=\"column\">\n\t\t\t<div class=\"elementor-widget-wrap elementor-element-populated\">\n\t\t\t\t\t\t<div class=\"elementor-element elementor-element-150486f9 elementor-widget elementor-widget-text-editor\" data-id=\"150486f9\" data-element_type=\"widget\" data-e-type=\"widget\" data-widget_type=\"text-editor.default\">\n\t\t\t\t<div class=\"elementor-widget-container\">\n\t\t\t\t\t\t\t\t\t<p>C\u2019est une triste \u00e9vidence de constater que les \u00e9tudes historiques fran\u00e7aises sur l\u2019\u00e9ducation prenant en compte le continent europ\u00e9en sont rares, bien que l\u2019histoire connect\u00e9e connaisse un essor ind\u00e9niable depuis plusieurs d\u00e9cennies.<\/p><p>Dans le domaine de l\u2019\u00e9ducation, seuls certains th\u00e8mes tels que le r\u00f4le de l\u2019\u00c9tat ou la question du genre, ont nourri des \u00e9tudes historiques embrassant plusieurs pays.<\/p><p>Sur des sujets plus g\u00e9n\u00e9raux, on ne peut pas dire que l\u2019histoire europ\u00e9enne de l\u2019\u00e9ducation soit encore constitu\u00e9e, et pourtant, Guy Vincent avait ouvert la voie par ses travaux sur la forme scolaire, dont il a d\u00e9crit quelques avatars dans l\u2019Occident moderne depuis son invention au XVI<sup>e<\/sup> si\u00e8cle par les Fr\u00e8res des \u00e9coles chr\u00e9tiennes (1980 et 1995).<\/p><p>Mon propos d\u2019aujourd\u2019hui entend ouvrir quelques pistes pour se lancer dans une histoire th\u00e9matique de l\u2019\u00e9ducation europ\u00e9enne, en esquissant une \u00e9tude sur un sujet maintes fois abord\u00e9, mais pas encore, \u00e0 l\u2019\u00e9chelle du continent, auquel j\u2019ajouterai le Royaume-Uni\u00a0: l\u2019histoire de la d\u00e9mocratisation de l\u2019enseignement, que nous entendons explorer \u00e0 travers quelques questions li\u00e9es \u00e0 cette probl\u00e9matique\u00a0:<\/p><ul><li>la g\u00e9n\u00e9ralisation de scolarisations gratuites et socialement indiff\u00e9renci\u00e9es,<\/li><li>l\u2019allongement de la scolarit\u00e9 obligatoire,<\/li><li>le d\u00e9veloppement de la mixit\u00e9 scolaire,<\/li><li>l\u2019articulation entre secteur public et secteur priv\u00e9<\/li><li>et la gestion p\u00e9dagogique de la diversit\u00e9.<\/li><\/ul><p>La somme des histoires nationales sur ce sujet \u00e9tant hors de port\u00e9e, je me bornerai \u00e0 des incursions dans quelques pays \u00e0 certaines p\u00e9riodes. Ces choix sont certes, discutables, mais ils me semblent justifi\u00e9s par le souci de soumettre \u00e0 la critique socio-historique des moments r\u00e9cents de convergence et des moments de divergence dans le mouvement de d\u00e9mocratisation de l\u2019enseignement.<\/p><p>Je d\u00e9limite l\u2019empan de mon propos \u00e0 la p\u00e9riode comprise entre 1918 \u00e0 nos jours, \u00e0 savoir un gros si\u00e8cle.<\/p><p>Pour justifier le d\u00e9but en 1918, je m\u2019appuierai sur un certain nombre de travaux qui font d\u00e9buter le XX<sup>e<\/sup> si\u00e8cle dans ses grands \u00e9quilibres structurels internationaux \u00e0 l\u2019apr\u00e8s-Premi\u00e8re Guerre mondiale.<\/p><p><strong>L\u2019\u00e9cole obligatoire en Europe, des conceptions divergentes<\/strong><\/p><p>En Europe, aujourd\u2019hui, le principe d\u2019une \u00e9cole obligatoire destin\u00e9e \u00e0 favoriser les chances de tous les \u00e9l\u00e8ves devant l\u2019instruction et devant l\u2019insertion professionnelle et sociale para\u00eet \u00eatre une \u00e9vidence.<\/p><p>Il est admis que l\u2019\u00e9cole poursuit deux missions et que ces deux missions sont plac\u00e9es sous l\u2019imp\u00e9rieuse n\u00e9cessit\u00e9 de la justice\u00a0:<\/p><ul><li>doter chacune et chacun des connaissances indispensables \u00e0 la vie dans nos soci\u00e9t\u00e9s<\/li><li>pr\u00e9parer les individus \u00e0 assumer des fonctions sp\u00e9cialis\u00e9es, ou, pour faire plus court, fonction d\u2019int\u00e9gration et fonction de diff\u00e9renciation.<\/li><\/ul><p>De fait, les syst\u00e8mes \u00e9ducatifs europ\u00e9ens partagent des traits communs pour viser ces deux buts\u00a0:<\/p><ul><li>partout en Europe, l\u2019\u00e9cole primaire \u2013 le premier niveau d\u2019enseignement \u2013 privil\u00e9gie la fonction d\u2019int\u00e9gration\u00a0: tous les \u00e9tablissements scolaires offrent peu ou prou le m\u00eame programme et le m\u00eame contenu de formation \u00e0 tous les enfants.<\/li><li>Il est un autre point commun aux syst\u00e8mes \u00e9ducatifs europ\u00e9ens actuels\u00a0: l\u2019\u00e2ge de la fin de l\u2019enseignement obligatoire, 15 ou 16 ans, qui comprend l\u2019enseignement secondaire inf\u00e9rieur, o\u00f9 s\u2019entreprend progressivement la mission de diff\u00e9renciation.<\/li><li>Et en 2008, pr\u00e8s de 80\u00a0% des jeunes Europ\u00e9ens continuent leurs \u00e9tudes au-del\u00e0 de l\u2019obligation scolaire.<\/li><\/ul><p>Mais les diff\u00e9rences dans l\u2019accomplissement des missions de l\u2019\u00e9cole entre pays sont consid\u00e9rables et seule l\u2019histoire de la d\u00e9mocratisation de l\u2019enseignement permet d\u2019en rendre compte.<\/p><p>Les disparit\u00e9s des r\u00e9sultats aux \u00e9valuations Pisa (Programme international pour le suivi des acquis des \u00e9l\u00e8ves) qui mesurent l\u2019efficacit\u00e9, mais aussi l\u2019\u00e9quit\u00e9 des syst\u00e8mes \u00e9ducatifs nationaux, en sont un t\u00e9moignage.<\/p><p>Ce sont les pays nordiques et en particulier la Finlande qui pr\u00e9sentent les meilleurs r\u00e9sultats en lecture. La France n\u2019a pas \u00e0 rougir des performances en lecture de ses jeunes de 15 ans, mais le d\u00e9terminisme social p\u00e8se lourdement en d\u00e9faveur des \u00e9l\u00e8ves issus des milieux sociaux les moins favoris\u00e9s, et la culture math\u00e9matique et scientifique enregistre des r\u00e9sultats m\u00e9diocres.<\/p><p>L\u2019Allemagne, les Pays-Bas, le Luxembourg et la Belgique francophone affichent une situation paradoxale\u00a0: leur score est au-dessus de la moyenne europ\u00e9enne, le d\u00e9terminisme social est moins fort, mais plus de 10% de leurs jeunes de 15 ans ne ma\u00eetrisent pas les comp\u00e9tences minimales en lecture.<\/p><p><strong>Un moment de cristallisation\u00a0: la premi\u00e8re Guerre mondiale<\/strong><\/p><p>Si l\u2019on cherche un premier point de convergence europ\u00e9en au mouvement de d\u00e9mocratisation de l\u2019\u00e9ducation au XX<sup>e<\/sup> si\u00e8cle, les lendemains de la guerre de 1914-1918 semblent avoir favoris\u00e9 dans plusieurs pays d\u2019Europe l\u2019\u00e9mergence d\u2019un objet singulier pour exprimer ce qui s\u2019appelait alors \u00ab\u00a0l\u2019\u00e9galit\u00e9 des enfants devant l\u2019instruction\u00a0\u00bb, c\u2019est le projet d\u2019instituer \u00ab\u00a0l\u2019\u00e9cole unique\u00a0\u00bb, c\u2019est-\u00e0-dire l\u2019id\u00e9e de rendre commune \u00e0 tous les enfants une scolarit\u00e9 destin\u00e9e \u00e0 fonder l\u2019unit\u00e9 nationale et \u00e0 permettre l\u2019acc\u00e8s universel aux connaissances indispensables \u00e0 la vie sociale et \u00e0 la poursuite d\u2019\u00e9tudes ult\u00e9rieures pour les meilleurs \u00e9l\u00e8ves, sans distinction de classe sociale.<\/p><p>\u00c0 la fin de la guerre, les Compagnons de l\u2019Universit\u00e9 nouvelle, sept jeunes officiers fran\u00e7ais encore mobilis\u00e9s, anciens \u00e9tudiants de l\u2019Universit\u00e9 ou des Grandes \u00c9coles, donn\u00e8rent toute son ampleur \u00e0 ce projet en \u00e9crivant : \u00ab Les p\u00e8res ont veill\u00e9 dans les m\u00eames tranch\u00e9es ; partout o\u00f9 cela est r\u00e9alisable, les fils peuvent bien s\u2019asseoir sur les m\u00eames bancs \u00bb. La force et l\u2019originalit\u00e9 des Compagnons consistent \u00e0 avoir donn\u00e9 \u00e0 ce projet une acuit\u00e9 nouvelle dans les circonstances exceptionnelles de la fin de la guerre.<\/p>\t\t\t\t\t\t\t\t<\/div>\n\t\t\t\t<\/div>\n\t\t\t\t\t<\/div>\n\t\t<\/div>\n\t\t\t\t<div class=\"elementor-column elementor-col-50 elementor-top-column elementor-element elementor-element-41f4708f elementor-hidden-mobile\" data-id=\"41f4708f\" data-element_type=\"column\" data-e-type=\"column\">\n\t\t\t<div class=\"elementor-widget-wrap elementor-element-populated\">\n\t\t\t\t\t\t<div class=\"elementor-element elementor-element-4f007ce5 elementor-widget-divider--view-line_text elementor-widget-divider--element-align-center elementor-widget elementor-widget-divider\" data-id=\"4f007ce5\" data-element_type=\"widget\" data-e-type=\"widget\" data-widget_type=\"divider.default\">\n\t\t\t\t<div class=\"elementor-widget-container\">\n\t\t\t\t\t\t\t<div class=\"elementor-divider\">\n\t\t\t<span class=\"elementor-divider-separator\">\n\t\t\t\t\t\t\t<p class=\"elementor-divider__text elementor-divider__element\">\n\t\t\t\tPage 1\t\t\t\t<\/p>\n\t\t\t\t\t\t<\/span>\n\t\t<\/div>\n\t\t\t\t\t\t<\/div>\n\t\t\t\t<\/div>\n\t\t\t\t\t<\/div>\n\t\t<\/div>\n\t\t\t\t\t<\/div>\n\t\t<\/section>\n\t\t\t\t<section data-particle_enable=\"false\" data-particle-mobile-disabled=\"false\" class=\"elementor-section elementor-top-section elementor-element elementor-element-6a44dc54 elementor-section-boxed elementor-section-height-default elementor-section-height-default\" data-id=\"6a44dc54\" data-element_type=\"section\" data-e-type=\"section\">\n\t\t\t\t\t\t<div class=\"elementor-container elementor-column-gap-default\">\n\t\t\t\t\t<div class=\"elementor-column elementor-col-50 elementor-top-column elementor-element elementor-element-28327b87\" data-id=\"28327b87\" data-element_type=\"column\" data-e-type=\"column\">\n\t\t\t<div class=\"elementor-widget-wrap elementor-element-populated\">\n\t\t\t\t\t\t<div class=\"elementor-element elementor-element-3835c7e4 elementor-widget elementor-widget-text-editor\" data-id=\"3835c7e4\" data-element_type=\"widget\" data-e-type=\"widget\" data-widget_type=\"text-editor.default\">\n\t\t\t\t<div class=\"elementor-widget-container\">\n\t\t\t\t\t\t\t\t\t<p>Or, sous leur plume, le vocable d\u2019\u00ab\u00a0\u00e9cole unique\u00a0\u00bb, apparu pour la premi\u00e8re fois le 9\u00a0f\u00e9vrier 1918, est pr\u00e9sent\u00e9 comme la traduction de l\u2019allemand <em>Einheitsschule<\/em> (litt\u00e9ralement \u00ab\u00a0\u00e9cole unifi\u00e9e\u00a0\u00bb).<\/p><p>Outre Rhin, la R\u00e9volution de novembre 1918 pr\u00e9voyait la possibilit\u00e9 d\u2019une r\u00e9organisation du syst\u00e8me scolaire. En 1919, fut fond\u00e9e la \u00ab\u00a0ligue des r\u00e9formateurs scolaires radicaux\u00a0\u00bb, qui propageait les mod\u00e8les d\u2019une \u00e9cole unifi\u00e9e comme la meilleure condition pr\u00e9alable au renouvellement du syst\u00e8me \u00e9ducatif allemand.<\/p><p>Il fallut toutefois attendre 1920 pour voir le d\u00e9but de l\u2019institution d\u2019une \u00e9cole primaire de quatre ans commune \u00e0 tous les \u00e9l\u00e8ves, et le 24 f\u00e9vrier 1922 pour que la loi sur l\u2019\u00e9cole unifi\u00e9e f\u00fbt adopt\u00e9e.<\/p><p>Dans les premi\u00e8res ann\u00e9es de l\u2019apr\u00e8s-guerre, l\u2019Allemagne et la France font figure de postes avanc\u00e9s pour la r\u00e9forme de l\u2019\u00e9cole unique.<\/p><p>Le syst\u00e8me \u00e9ducatif espagnol tra\u00eenait depuis le XIX<sup>e<\/sup> si\u00e8cle une s\u00e9rie de graves difficult\u00e9s \u2013 formation inadapt\u00e9e des ma\u00eetres, offre scolaire d\u00e9ficiente, rendement scolaire m\u00e9diocre.<\/p><p>Pourtant, l\u2019id\u00e9e de rem\u00e9dier aux in\u00e9galit\u00e9s devant l\u2019\u00e9ducation avait \u00e9t\u00e9 port\u00e9e en Espagne par l\u2019Institution libre d\u2019enseignement (ILE) fond\u00e9e en 1876 par Giner de los Rios, qui pr\u00f4nait une forme d\u2019\u00e9ducation active, non confessionnelle, dans une institution unifi\u00e9e et mixte, ainsi que par le Parti Socialiste Ouvrier Espagnol (PSOE) fond\u00e9 en 1879 par Pablo Iglesias.<\/p><p>Avant les d\u00e9buts de la Seconde R\u00e9publique espagnole en 1931, ces r\u00e9formes ne virent pas le jour.<\/p><p>En Italie, pays d\u2019unit\u00e9 r\u00e9cente, l\u2019id\u00e9al national de formation du citoyen estompait l\u2019exigence de l\u2019\u00e9galit\u00e9 civique ou sociale.<\/p><p>Au Royaume Uni, o\u00f9 les <em>Grammar schools<\/em>, toujours g\u00e9r\u00e9es par les \u00e9glises, par des fondations caritatives ou par des villes, continuaient d\u2019assurer l\u2019\u00e9ducation des jeunes qui poursuivaient leur scolarit\u00e9 au-del\u00e0 du niveau de l\u2019\u00e9cole \u00e9l\u00e9mentaire, la fin de la Grande Guerre ne co\u00efncida pas avec un grand \u00e9lan r\u00e9formateur sur le plan institutionnel.<\/p><p>Si la fin de la guerre a raviv\u00e9, dans plusieurs pays bellig\u00e9rants, le projet de l\u2019\u00e9galit\u00e9 des jeunes devant l\u2019instruction, on ne peut pas dire que l\u2019Europe occidentale vibrait \u00e0 l\u2019unisson en faveur d\u2019une \u00e9cole unique et commune \u00e0 tous les enfants.<\/p><p>C\u2019est en Union Sovi\u00e9tique que la r\u00e9forme de l\u2019\u00e9cole unique fut engag\u00e9e avec la plus grande vigueur, avec une toute autre ambition politique et sociale.<\/p><p>En octobre 1917, L\u00e9nine instaura par d\u00e9cret \u00ab\u00a0l\u2019\u00c9cole unique du travail\u00a0\u00bb, accueillant pendant neuf ans les \u00e9l\u00e8ves \u00e2g\u00e9s de 8 \u00e0 17 ans.<\/p><p>L\u2019\u00e9cole unique sovi\u00e9tique \u00e9tait motiv\u00e9e par le projet d\u2019arracher les enfants \u00e0 l\u2019instruction religieuse et conservatrice donn\u00e9e par des popes de l\u2019\u00c9glise orthodoxe dans la Russie tsariste, dans le but de leur inculquer l\u2019amour de la R\u00e9volution.<\/p><p>Cela n\u2019enl\u00e8ve rien au fait qu\u2019elle a donn\u00e9 un \u00e9lan significatif au mouvement d\u2019alphab\u00e9tisation d\u2019une population peu instruite dans les provinces rurales les plus recul\u00e9es.<\/p><p>Alors que la Russie de Nicolas II ne scolarisait qu\u2019un enfant sur cinq avant 1917 et que sa population comptait 80\u00a0% d\u2019illettr\u00e9s, l\u2019\u00e9cole devint obligatoire, gratuite et mixte en avril 1918.<\/p><p>Malgr\u00e9 les consid\u00e9rables difficult\u00e9s mat\u00e9rielles de sa mise en \u0153uvre et les \u00e2pres d\u00e9bats sur la nature id\u00e9ologique de ses programmes, l\u2019\u00e9cole sovi\u00e9tique devait devenir, durant l\u2019entre-deux-guerres, un mod\u00e8le pour un large courant r\u00e9formateur en Europe occidentale, dont t\u00e9moigne le Cercle de la Russie neuve en France. Paul Langevin en fut l\u2019un des fondateurs avec Gabrielle Duch\u00eane. Au Cercle de la Russie Neuve converg\u00e8rent deux autres porteurs fran\u00e7ais de la r\u00e9forme de l\u2019\u00e9cole unique\u00a0: Henri Wallon et Georges Cogniot.<\/p><p><strong>L\u2019\u00e9cole unique et l\u2019\u00e9ducation nouvelle<\/strong><\/p><p>Progressivement, la question de l\u2019\u00e9cole unique d\u00e9borda le cadre de la r\u00e9forme institutionnelle pour poser la question p\u00e9dagogique\u00a0: si l\u2019\u00e9cole unique \u00e9tait institu\u00e9e, quelle sorte de m\u00e9thode devrait-elle employer\u00a0?<\/p><p>Cette question n\u2019allait nullement de soi.<\/p><p>Tant que l\u2019\u00e9cole unique n\u2019\u00e9tait qu\u2019un projet, ce qu\u2019elle demeura dans la plupart des pays europ\u00e9ens jusqu\u2019aux ann\u00e9es 1930, la question p\u00e9dagogique ne se posait gu\u00e8re. R\u00e9formateurs institutionnels et r\u00e9formateurs p\u00e9dagogiques pouvaient s\u2019ignorer.<\/p><p>Cette situation commen\u00e7a \u00e0 \u00e9voluer lorsque les gouvernements r\u00e9formistes, par exemple durant la R\u00e9publique espagnole et sous le Front populaire fran\u00e7ais, commenc\u00e8rent \u00e0 envisager de passer du projet \u00e0 sa r\u00e9alisation.<\/p><p>Au sein du vaste mouvement de l\u2019\u00e9ducation nouvelle, les p\u00e9dagogies actives parurent s\u2019accorder avec les politiques qui cherchaient \u00e0 \u00e9manciper les futurs citoyens de leurs origines sociales pour fonder une soci\u00e9t\u00e9 d\u00e9mocratique.<\/p><p>\u00c0 l\u2019inverse, elles paraissaient s\u2019opposer aux politiques qui s\u2019employaient, dans les r\u00e9gimes totalitaires, \u00e0 attacher les enfants \u00e0 une profession d\u00e9termin\u00e9e par la classe sociale \u00e0 laquelle ils appartenaient.<\/p><p>C\u2019est pourquoi les Compagnons de l\u2019Universit\u00e9 nouvelle se tourn\u00e8rent vers l\u2019\u00c9cole des Roches, dont les \u00e9coles nouvelles anglaises avaient inspir\u00e9 les m\u00e9thodes p\u00e9dagogiques \u00e0 son fondateur, Edmond Demolins, au cours des voyages d\u2019\u00e9tudes qu\u2019il fit en Angleterre au d\u00e9but des ann\u00e9es 1890.<\/p>\t\t\t\t\t\t\t\t<\/div>\n\t\t\t\t<\/div>\n\t\t\t\t\t<\/div>\n\t\t<\/div>\n\t\t\t\t<div class=\"elementor-column elementor-col-50 elementor-top-column elementor-element elementor-element-5b755a57 elementor-hidden-mobile\" data-id=\"5b755a57\" data-element_type=\"column\" data-e-type=\"column\">\n\t\t\t<div class=\"elementor-widget-wrap elementor-element-populated\">\n\t\t\t\t\t\t<div class=\"elementor-element elementor-element-34b8d34 elementor-widget-divider--view-line_text elementor-widget-divider--element-align-center elementor-widget elementor-widget-divider\" data-id=\"34b8d34\" data-element_type=\"widget\" data-e-type=\"widget\" data-widget_type=\"divider.default\">\n\t\t\t\t<div class=\"elementor-widget-container\">\n\t\t\t\t\t\t\t<div class=\"elementor-divider\">\n\t\t\t<span class=\"elementor-divider-separator\">\n\t\t\t\t\t\t\t<p class=\"elementor-divider__text elementor-divider__element\">\n\t\t\t\tPage 2\t\t\t\t<\/p>\n\t\t\t\t\t\t<\/span>\n\t\t<\/div>\n\t\t\t\t\t\t<\/div>\n\t\t\t\t<\/div>\n\t\t\t\t\t<\/div>\n\t\t<\/div>\n\t\t\t\t\t<\/div>\n\t\t<\/section>\n\t\t\t\t<section data-particle_enable=\"false\" data-particle-mobile-disabled=\"false\" class=\"elementor-section elementor-top-section elementor-element elementor-element-28de947 elementor-section-boxed elementor-section-height-default elementor-section-height-default\" data-id=\"28de947\" data-element_type=\"section\" data-e-type=\"section\">\n\t\t\t\t\t\t<div class=\"elementor-container elementor-column-gap-default\">\n\t\t\t\t\t<div class=\"elementor-column elementor-col-50 elementor-top-column elementor-element elementor-element-1c41a82f\" data-id=\"1c41a82f\" data-element_type=\"column\" data-e-type=\"column\">\n\t\t\t<div class=\"elementor-widget-wrap elementor-element-populated\">\n\t\t\t\t\t\t<div class=\"elementor-element elementor-element-2ef2e7f2 elementor-widget elementor-widget-text-editor\" data-id=\"2ef2e7f2\" data-element_type=\"widget\" data-e-type=\"widget\" data-widget_type=\"text-editor.default\">\n\t\t\t\t<div class=\"elementor-widget-container\">\n\t\t\t\t\t\t\t\t\t<p>Par exemple, les salles d\u2019\u00e9tudes \u00e9taient organis\u00e9es sans recourir aux surveillants commis \u00e0 la discipline, mais aux \u00ab\u00a0capitaines\u00a0\u00bb tr\u00e8s connus en Angleterre. On y trouvait une vingtaine de jeunes \u00e9l\u00e8ves pilot\u00e9s par un camarade expert de 16 ou 17 ans. On sait que le tutorat d\u00e9rive en droite ligne de l\u2019enseignement mutuel pratiqu\u00e9 au XIX<sup>e<\/sup> si\u00e8cle dans l\u2019Europe protestante et anglicane du Nord, \u00e0 la diff\u00e9rence des pays catholiques attach\u00e9s \u00e0 l\u2019enseignement simultan\u00e9.<\/p><p>\u00c0 l\u2019initiative du p\u00e9dagogue suisse Adolphe Ferri\u00e8re, fondateur de la Ligue internationale pour l\u2019\u00e9ducation nouvelle, se structurent \u00e0 partir de 1915 les divers mouvements d\u2019\u00e9ducation nouvelle en Europe \u2013 dont quelques figures fondatrices avaient \u00e9t\u00e9 Gustav Wyneken et Paul Geheeb en Allemagne, Rudolf Steiner en Autriche, Maria Montessori en Italie, Roger Cousinet en France, Francisco Ferrer en Espagne, Ovide Decroly en Belgique, \u00c9douard Clapar\u00e8de en Suisse, Janusz Korczak en Pologne, Alexander Sutherland Neill en \u00c9cosse, etc.<\/p><p>Les partis progressistes europ\u00e9ens s\u2019emparent de l\u2019objectif d\u2019un renouvellement social et d\u00e9mocratique de la soci\u00e9t\u00e9 par la r\u00e9forme de l\u2019\u00e9cole. \u00c0 l\u2019inverse, les communistes r\u00e9volutionnaires estiment que toute r\u00e9forme de l\u2019\u00e9cole bourgeoise est vaine sans une r\u00e9volution pr\u00e9alable de l\u2019ensemble des structures \u00e9conomiques et sociales.<\/p><p><strong>L\u2019\u00e9cole unique et l\u2019\u00e9galit\u00e9 des chances durant l\u2019entre-deux-guerres<\/strong><\/p><p>Port\u00e9s par le double mouvement de r\u00e9formes institutionnelles et p\u00e9dagogiques, dans la p\u00e9riode de l\u2019entre-deux-guerres, les gouvernements d\u00e9mocratiques de nombreux pays adopt\u00e8rent des politiques de d\u00e9mocratisation destin\u00e9es \u00e0 \u00e9largir l\u2019acc\u00e8s de la jeunesse \u00e0 l\u2019enseignement secondaire, dont la r\u00e9ussite fut cependant in\u00e9gale et souvent d\u00e9cevante.<\/p><p>Ainsi, peut-\u00eatre parce qu\u2019il suscitait moins de difficult\u00e9s techniques et moins de r\u00e9sistances corporatistes que le bouleversement des structures et des m\u00e9thodes de l\u2019\u00e9cole, l\u2019\u00e2ge de la fin de la scolarit\u00e9 obligatoire fut presque partout repouss\u00e9 (mais non en Espagne)\u00a0: \u00e0 15 ans en Angleterre, 14 ans en Italie et en France.<\/p><p>Ces mesures eurent des cons\u00e9quences plus grandes encore pour les filles que pour les gar\u00e7ons, dans la mesure o\u00f9 leur acc\u00e8s aux \u00e9tudes secondaires \u00e9tait auparavant plus restreint.<\/p><p>En France, en 1939, l\u2019effectif des filles exc\u00e8de celui des gar\u00e7ons dans les institutions post-primaires, leur ouvrant ainsi plus largement l\u2019acc\u00e8s \u00e0 des \u00e9coles professionnelles de plus haut niveau.<\/p><p>\u00c0 rebours de ce mouvement, la r\u00e9forme de Gentile en 1923 dans l\u2019Italie fasciste p\u00e9nalise les jeunes filles en limitant la formation de professionnelles qualifi\u00e9es.<\/p><p>L\u2019Allemagne nazie ne les encourage pas davantage \u00e0 nourrir de telles ambitions.<\/p><p>Conservateurs au plan de la structure familiale, les Nazis sont surtout pr\u00e9occup\u00e9s de l\u2019endoctrinement de la jeunesse \u00e0 la gloire du F\u00fchrer et de l\u2019arm\u00e9e et, plus tard, de la germanisation des territoires occup\u00e9s \u00e0 l\u2019Est.<\/p><p>En Espagne, les deux premi\u00e8res ann\u00e9es du gouvernement r\u00e9publicain (1931-1932) se traduisirent par un pas en avant en faveur des constructions scolaires et de la promotion de la p\u00e9dagogie nouvelle, pour accompagner l\u2019objectif d\u2019instaurer l\u2019\u00e9cole unique et la\u00efque.<\/p><p>La circulaire de la Direction g\u00e9n\u00e9rale de l\u2019Enseignement primaire pr\u00e9conisait notamment l\u2019adaptation de l\u2019enseignement au rythme de l\u2019enfant.<\/p><p>En France, si les r\u00e9formes r\u00e9ellement mises en \u0153uvre dans la p\u00e9riode furent minces, du moins peuvent-elles \u00eatre consid\u00e9r\u00e9es comme des \u00e9tapes conduisant vers l\u2019\u00e9cole unique\u00a0: unification des concours des bourses (1925), unification du personnel enseignant et des programmes des classes \u00e9l\u00e9mentaires du secondaire avec ceux des \u00e9coles primaires (1925) et gratuit\u00e9 universelle de l\u2019enseignement secondaire public (1933).<\/p><p><strong>Apr\u00e8s 1945, le temps des r\u00e9formes de structure<\/strong><\/p><p>Les trente ann\u00e9es qui suivirent 1945 furent marqu\u00e9es par la n\u00e9cessit\u00e9 d\u2019\u00e9largir l\u2019acc\u00e8s de l\u2019ensemble de la population aux \u00e9tudes secondaires puis sup\u00e9rieures, sous la triple impulsion de la croissance \u00e9conomique, des effets d\u00e9mographiques du <em>baby boom<\/em> et de la r\u00e9volution technologique.<\/p><p>Mues par la n\u00e9cessit\u00e9 d\u2019adapter l\u2019appareil de formation \u00e0 l\u2019appareil de production, en p\u00e9riode de quasi plein emploi, plut\u00f4t que par de grands id\u00e9aux d\u2019\u00e9galit\u00e9 sociale, les r\u00e9formes de structure engag\u00e9es jusqu\u2019au premier choc p\u00e9trolier de 1973 ont chang\u00e9 de fa\u00e7on spectaculaire le paysage de l\u2019\u00e9ducation en Europe.<\/p><p>Certains historiens consid\u00e8rent que l\u2019expansion de l\u2019\u00e9ducation constitue une caract\u00e9ristique propre \u00e0 toutes les soci\u00e9t\u00e9s modernes et qu\u2019on ne peut plus en d\u00e9terminer les causes isol\u00e9ment.<\/p><p>Dans la plupart des pays, l\u2019\u00e2ge de la scolarit\u00e9 obligatoire a \u00e9t\u00e9 port\u00e9 \u00e0 15 ou 16 ans.<\/p><p>L\u2019allongement de la scolarit\u00e9 obligatoire alla de pair avec la n\u00e9cessit\u00e9 d\u2019\u00e9lever le niveau moyen de qualification des jeunes sortant de formation initiale.<\/p><p>Enjeu social et \u00e9conomique pour adapter la main d\u2019\u0153uvre aux \u00e9volutions de la soci\u00e9t\u00e9, aux technologies en plein essor et aux modifications du march\u00e9 du travail, l\u2019allongement de la scolarit\u00e9 des \u00e9l\u00e8ves europ\u00e9ens \u00e9tait justifi\u00e9 par le d\u00e9veloppement du secteur tertiaire et la complexit\u00e9 croissante des m\u00e9tiers de l\u2019industrie et de l\u2019agriculture, le besoin d\u2019ouvriers qualifi\u00e9s, d\u2019ing\u00e9nieurs mais aussi de techniciens sp\u00e9cialis\u00e9s, d\u2019employ\u00e9s de bureau et de cadres moyens et sup\u00e9rieurs.<\/p><p>Les enjeux en termes de justice sociale, qui avaient motiv\u00e9, les r\u00e9formateurs malchanceux et les p\u00e9dagogues de l\u2019entre-deux-guerres, passaient au second plan, m\u00eame si les aspirations individuelles \u00e0 recevoir une formation plus pouss\u00e9e n\u2019ont cess\u00e9 de cro\u00eetre dans les milieux favoris\u00e9s aussi bien que dans les milieux populaires.<\/p><p><img fetchpriority=\"high\" decoding=\"async\" class=\"alignnone wp-image-2510 size-full\" src=\"https:\/\/m3c.universita.corsica\/lumi\/wp-content\/uploads\/2024\/06\/elevation-scolarite\u0301-obligatoire.png\" alt=\"\" width=\"1244\" height=\"878\" srcset=\"https:\/\/lumi.univ-corse.fr\/wp-content\/uploads\/2024\/06\/elevation-scolarite\u0301-obligatoire.png 1244w, https:\/\/lumi.univ-corse.fr\/wp-content\/uploads\/2024\/06\/elevation-scolarite\u0301-obligatoire-300x212.png 300w, https:\/\/lumi.univ-corse.fr\/wp-content\/uploads\/2024\/06\/elevation-scolarite\u0301-obligatoire-1024x723.png 1024w, https:\/\/lumi.univ-corse.fr\/wp-content\/uploads\/2024\/06\/elevation-scolarite\u0301-obligatoire-768x542.png 768w\" sizes=\"(max-width: 1244px) 100vw, 1244px\" \/><\/p><h5 style=\"text-align: right;\">(Gaxie, 2018)<\/h5>\t\t\t\t\t\t\t\t<\/div>\n\t\t\t\t<\/div>\n\t\t\t\t\t<\/div>\n\t\t<\/div>\n\t\t\t\t<div class=\"elementor-column elementor-col-50 elementor-top-column elementor-element elementor-element-2be04bee elementor-hidden-mobile\" data-id=\"2be04bee\" data-element_type=\"column\" data-e-type=\"column\">\n\t\t\t<div class=\"elementor-widget-wrap elementor-element-populated\">\n\t\t\t\t\t\t<div class=\"elementor-element elementor-element-18f13536 elementor-widget-divider--view-line_text elementor-widget-divider--element-align-center elementor-widget elementor-widget-divider\" data-id=\"18f13536\" data-element_type=\"widget\" data-e-type=\"widget\" data-widget_type=\"divider.default\">\n\t\t\t\t<div class=\"elementor-widget-container\">\n\t\t\t\t\t\t\t<div class=\"elementor-divider\">\n\t\t\t<span class=\"elementor-divider-separator\">\n\t\t\t\t\t\t\t<p class=\"elementor-divider__text elementor-divider__element\">\n\t\t\t\tPage 3\t\t\t\t<\/p>\n\t\t\t\t\t\t<\/span>\n\t\t<\/div>\n\t\t\t\t\t\t<\/div>\n\t\t\t\t<\/div>\n\t\t\t\t\t<\/div>\n\t\t<\/div>\n\t\t\t\t\t<\/div>\n\t\t<\/section>\n\t\t\t\t<section data-particle_enable=\"false\" data-particle-mobile-disabled=\"false\" class=\"elementor-section elementor-top-section elementor-element elementor-element-49d8f70a elementor-section-boxed elementor-section-height-default elementor-section-height-default\" data-id=\"49d8f70a\" data-element_type=\"section\" data-e-type=\"section\">\n\t\t\t\t\t\t<div class=\"elementor-container elementor-column-gap-default\">\n\t\t\t\t\t<div class=\"elementor-column elementor-col-50 elementor-top-column elementor-element elementor-element-4b51c917\" data-id=\"4b51c917\" data-element_type=\"column\" data-e-type=\"column\">\n\t\t\t<div class=\"elementor-widget-wrap elementor-element-populated\">\n\t\t\t\t\t\t<div class=\"elementor-element elementor-element-2e47e593 elementor-widget elementor-widget-text-editor\" data-id=\"2e47e593\" data-element_type=\"widget\" data-e-type=\"widget\" data-widget_type=\"text-editor.default\">\n\t\t\t\t<div class=\"elementor-widget-container\">\n\t\t\t\t\t\t\t\t\t<p>L\u2019Angleterre a initi\u00e9 cette tendance en augmentant d\u2019une ann\u00e9e la dur\u00e9e de la scolarit\u00e9 obligatoire avant m\u00eame la fin de la Seconde Guerre mondiale, passant alors \u00e0 dix ans (de 5 \u00e0 15 ans) par l\u2019<em>Education act<\/em> de 1944.<\/p><p>En 2006, une autre loi a prolong\u00e9 la scolarit\u00e9 de deux ans, jusqu\u2019\u00e0 18 ans (avec la possibilit\u00e9 que ces deux ann\u00e9es soient effectu\u00e9es \u00e0 temps partiel).<\/p><p>En France, l\u2019ordonnance du 6 janvier 1959 a fix\u00e9 la fin de la scolarit\u00e9 obligatoire \u00e0 16 ans et en 2019, \u00e0 la demande du premier ministre \u00c9douard Philippe, la loi \u00ab\u00a0pour une \u00e9cole de la confiance\u00a0\u00bb, qui abaissait l\u2019\u00e2ge du d\u00e9but de la scolarit\u00e9 obligatoire \u00e0 3 ans, a introduit une \u00ab\u00a0obligation de formation pour les jeunes de 16 \u00e0 18 ans\u00a0\u00bb.<\/p><p>D\u2019autre part, les \u00e9coles non mixtes ont progressivement disparu, si bien que la diff\u00e9rence entre les exp\u00e9riences \u00e9ducatives des gar\u00e7ons et des filles est devenue de moins en moins flagrante, sans pour autant faire dispara\u00eetre les in\u00e9galit\u00e9s dans les choix d\u2019orientation des filles et des gar\u00e7ons en faveur de ces derniers.<\/p><p>Tout comme l\u2019allongement de la scolarit\u00e9 obligatoire, le mouvement vers la mixit\u00e9 en Europe est ins\u00e9parable des mutations \u00e9conomiques de la p\u00e9riode de l\u2019apr\u00e8s-Seconde Guerre mondiale.<\/p><p>D\u00e8s lors que l\u2019enseignement \u00e9litiste du secondaire a fait place \u00e0 un enseignement de masse, les ministres europ\u00e9ens de l\u2019\u00e9ducation, d\u00e8s les ann\u00e9es 1945-1950, qu\u2019ils soient socialistes ou conservateurs, ont cr\u00e9\u00e9 des \u00e9coles moyennes mixtes.<\/p><p>Par exemple, en Belgique, ce fut le cas peu \u00e0 peu dans toutes les grandes villes dans les ann\u00e9es 1950.<\/p><p>D\u2019abord conjoncturelles, les fusions entre \u00e9tablissements pour gar\u00e7ons et pour filles se multipli\u00e8rent au cours des ann\u00e9es 1970, toujours dict\u00e9es par des conditions, malgr\u00e9 les r\u00e9ticences du r\u00e9seau catholique qui a maintenu plus longtemps des structures s\u00e9par\u00e9es, et celles du r\u00e9seau des \u00e9coles communales en Communaut\u00e9 flamande.<\/p><p>Le Conseil des ministres du 1<sup>er<\/sup> octobre 1982 rendit la mixit\u00e9 obligatoire dans tous les r\u00e9seaux \u00e0 partir de l\u2019ann\u00e9e scolaire 1983-1984 en Belgique.<\/p><p>En France, en 1957, la mixit\u00e9 de l\u2019enseignement primaire n\u2019entre que timidement dans la loi mais en 1959, le minist\u00e8re d\u00e9cide de ne construire que des lyc\u00e9es mixtes dans le cadre de la r\u00e9forme Berthoin. Il faut attendre la loi du 11 juillet 1975 du ministre Ren\u00e9 Haby pour que la mixit\u00e9 devienne obligatoire \u00e0 l\u2019\u00e9cole de la maternelle au lyc\u00e9e.<\/p><p>Si la mixit\u00e9 se g\u00e9n\u00e9ralise peu \u00e0 peu en Europe, elle n\u2019est pas le fruit d\u2019une r\u00e9flexion p\u00e9dagogique.<\/p><p>L\u2019\u00e9volution fut progressive et accident\u00e9e, d\u2019un mod\u00e8le patriarcal traditionnel et in\u00e9galitaire vers celui d\u2019une soci\u00e9t\u00e9 \u00e9galitaire quant aux rapports sociaux entre les sexes.<\/p><p>Il en d\u00e9coule au d\u00e9but du XXI<sup>e<\/sup> si\u00e8cle que la mixit\u00e9 scolaire n\u2019a gu\u00e8re entam\u00e9 la surrepr\u00e9sentation des gar\u00e7ons dans les fili\u00e8res d\u2019excellence ni les discriminations li\u00e9es aux genres.<\/p><p>En Grande-Bretagne, d\u00e8s les ann\u00e9es 1980, les sociologues f\u00e9ministes men\u00e8rent des observations comparatives sur les classes mixtes et non mixtes et s\u2019interrog\u00e8rent sur la question de savoir si la mixit\u00e9 scolaire favorisait v\u00e9ritablement l\u2019\u00e9galit\u00e9 des chances entre les sexes.<\/p><p>Les syst\u00e8mes \u00e9ducatifs dans l\u2019Europe de l\u2019apr\u00e8s-Seconde Guerre mondiale connurent d\u2019autres changements structurels avec l\u2019institution d\u2019\u00e9tablissements secondaires d\u00e9pourvus de fili\u00e8res internes et de recrutement socialement d\u00e9termin\u00e9 de leur population scolaire.<\/p><p>On a vu que l\u2019Union sovi\u00e9tique avait ouvert la voie avant la guerre, pour des motifs essentiellement id\u00e9ologiques.<\/p><p>En Angleterre, l\u2019<em>Education Act<\/em> de 1944 maintenait un syst\u00e8me tripartite et s\u00e9lectif, avec des <em>Grammar schools<\/em> au cursus classique, des <em>Technical schools<\/em> au cursus technique sp\u00e9cialis\u00e9, et les <em>Secondary Modern schools<\/em> pour les autres. La s\u00e9lection se faisait \u00e0 l\u2019\u00e2ge de 11 ans. Ce syst\u00e8me s\u2019est av\u00e9r\u00e9 peu efficace pour accompagner le besoin de main d\u2019\u0153uvre hautement qualifi\u00e9e, quand la croissance \u00e9conomique d\u2019apr\u00e8s-guerre a produit ses effets. Aussi le Royaume Uni a-t-il \u00e9t\u00e9 l\u2019un des premiers pays europ\u00e9ens \u00e0 instituer un \u00e9tablissement secondaire unifi\u00e9, la <em>Comprehensive school<\/em>, qui devait \u00eatre une \u00ab\u00a0<em>Grammar school<\/em> pour tous\u00a0\u00bb, d\u00e8s 1954, mais surtout apr\u00e8s l\u2019<em>Education Act<\/em> de 1965.<\/p><p>\u00c0 la fin des \u00ab\u00a0Trente glorieuses\u00a0\u00bb seulement, la France mit fin \u00e0 son coll\u00e8ge \u00e0 fili\u00e8res (le \u00ab\u00a0Coll\u00e8ge d\u2019enseignement secondaire\u00a0\u00bb) avec la r\u00e9forme du coll\u00e8ge unique de 1975.<\/p><p>L\u2019Allemagne, quant \u00e0 elle, a conserv\u00e9 son \u00e9cole \u00e0 fili\u00e8res jusqu\u2019aux ann\u00e9es 2000.<\/p><p>Dans plusieurs pays, l\u2019enseignement priv\u00e9, qu\u2019il soit confessionnel ou non, fut plus ou moins int\u00e9gr\u00e9 aux missions assign\u00e9es \u00e0 l\u2019enseignement public et tenu d\u2019appliquer les m\u00eames programmes pour participer au grand mouvement d\u2019\u00e9l\u00e9vation du niveau de formation de la population.<\/p><p>En France, les affrontements de la p\u00e9riode 1880-1905 avaient trouv\u00e9 leur \u00e9pilogue dans la loi de s\u00e9paration de 1905\u00a0: enseignement priv\u00e9 majoritairement catholique et enseignement public sont peu \u00e0 peu devenus deux syst\u00e8mes \u00e9ducatifs concurrents mais socialement compl\u00e9mentaires, jusqu\u2019\u00e0 ce que la loi Debr\u00e9 de 1959 n\u2019organise, sous la forme du contrat d\u2019association, un r\u00e9gime concurrentiel dans lequel l\u2019enseignement priv\u00e9 remplit la fonction d\u2019une d\u00e9l\u00e9gation du service public.<\/p><p>Dans d\u2019autres pays, o\u00f9 l\u2019\u00c9tat a longtemps d\u00e9laiss\u00e9 le terrain de l\u2019\u00e9cole primaire, la seconde moiti\u00e9 du XX<sup>e<\/sup> si\u00e8cle conna\u00eet des formes variables de r\u00e9\u00e9quilibrage.<\/p><p>En Espagne, le r\u00e9gime franquiste se borne \u00e0 suppl\u00e9er l\u2019action de l\u2019\u00c9glise dans l\u2019enseignement scolaire. Cette attitude n\u2019est pas sans rappeler la place substantielle accord\u00e9e \u00e0 l\u2019enseignement de la religion catholique dans l\u2019enseignement primaire italien pendant toute la p\u00e9riode fasciste.<\/p>\t\t\t\t\t\t\t\t<\/div>\n\t\t\t\t<\/div>\n\t\t\t\t\t<\/div>\n\t\t<\/div>\n\t\t\t\t<div class=\"elementor-column elementor-col-50 elementor-top-column elementor-element elementor-element-38208c48 elementor-hidden-mobile\" data-id=\"38208c48\" data-element_type=\"column\" data-e-type=\"column\">\n\t\t\t<div class=\"elementor-widget-wrap elementor-element-populated\">\n\t\t\t\t\t\t<div class=\"elementor-element elementor-element-7a2ea28b elementor-widget-divider--view-line_text elementor-widget-divider--element-align-center elementor-widget elementor-widget-divider\" data-id=\"7a2ea28b\" data-element_type=\"widget\" data-e-type=\"widget\" data-widget_type=\"divider.default\">\n\t\t\t\t<div class=\"elementor-widget-container\">\n\t\t\t\t\t\t\t<div class=\"elementor-divider\">\n\t\t\t<span class=\"elementor-divider-separator\">\n\t\t\t\t\t\t\t<p class=\"elementor-divider__text elementor-divider__element\">\n\t\t\t\tPage 4\t\t\t\t<\/p>\n\t\t\t\t\t\t<\/span>\n\t\t<\/div>\n\t\t\t\t\t\t<\/div>\n\t\t\t\t<\/div>\n\t\t\t\t\t<\/div>\n\t\t<\/div>\n\t\t\t\t\t<\/div>\n\t\t<\/section>\n\t\t\t\t<section data-particle_enable=\"false\" data-particle-mobile-disabled=\"false\" class=\"elementor-section elementor-top-section elementor-element elementor-element-358ce42 elementor-section-boxed elementor-section-height-default elementor-section-height-default\" data-id=\"358ce42\" data-element_type=\"section\" data-e-type=\"section\">\n\t\t\t\t\t\t<div class=\"elementor-container elementor-column-gap-default\">\n\t\t\t\t\t<div class=\"elementor-column elementor-col-50 elementor-top-column elementor-element elementor-element-5190ad9\" data-id=\"5190ad9\" data-element_type=\"column\" data-e-type=\"column\">\n\t\t\t<div class=\"elementor-widget-wrap elementor-element-populated\">\n\t\t\t\t\t\t<div class=\"elementor-element elementor-element-2580c48 elementor-widget elementor-widget-text-editor\" data-id=\"2580c48\" data-element_type=\"widget\" data-e-type=\"widget\" data-widget_type=\"text-editor.default\">\n\t\t\t\t<div class=\"elementor-widget-container\">\n\t\t\t\t\t\t\t\t\t<p>La situation de l\u2019Espagne d\u2019apr\u00e8s-guerre est une illustration frappante de l\u2019imposition d\u2019une politique de l\u2019\u00e9galit\u00e9 des chances pour des motifs \u00e9conomiques.<\/p><p>L\u2019investissement \u00e9ducatif, d\u00e9sormais \u00e9troitement corr\u00e9l\u00e9 avec le d\u00e9veloppement socio-\u00e9conomique et avec la volont\u00e9 politique de r\u00e9concilier le r\u00e9gime avec la modernit\u00e9, a conduit l\u2019Espagne franquiste \u00e0 mener une politique dite \u00ab\u00a0technopragmatique\u00a0\u00bb, qui prit la forme de la promotion professionnelle et de l\u2019\u00e9galit\u00e9 des chances.<\/p><p>Il fallait lutter contre l\u2019analphab\u00e9tisme, b\u00e2tir des \u00e9coles, allonger la scolarit\u00e9 obligatoire, d\u00e9mocratiser l\u2019enseignement secondaire, d\u00e9velopper la formation professionnelle et l\u2019enseignement technique sup\u00e9rieur.<\/p><p>Selon l\u2019expression de l\u2019un des acteurs cl\u00e9s de cette \u00e9poque, Agustin Cotorruelo, l\u2019\u00e9ducation nationale devait viser \u00ab\u00a0la cr\u00e9ation de capital humain pour arriver au d\u00e9veloppement \u00e9conomique dans son sens le plus strict\u00a0\u00bb.<\/p><p><strong>Les effets des crises \u00e9conomiques sur les politiques de l\u2019\u00e9galit\u00e9 des chances.<\/strong><\/p><p>Le dernier quart du XX<sup>e<\/sup> si\u00e8cle est gouvern\u00e9 par deux grandes tendances qui red\u00e9finissent fondamentalement l\u2019objectif de l\u2019\u00e9galit\u00e9 des chances en \u00e9ducation, substituant au principe de l\u2019\u00e9galit\u00e9 de l\u2019offre celui de l\u2019\u00e9galit\u00e9 des r\u00e9sultats de l\u2019\u00e9ducation.<\/p><p>Premi\u00e8rement, les gouvernements europ\u00e9ens ont pris conscience des effets socialement d\u00e9vastateurs des crises \u00e9conomiques \u00e0 r\u00e9p\u00e9tition, \u00e0 partir des chocs p\u00e9troliers de 1973 et 1979 et jusqu\u2019\u00e0 la crise de l\u2019\u00e9conomie mondialis\u00e9e de 2008. Cette prise de conscience a conduit les politiques nationales \u00e0 s\u2019attacher simultan\u00e9ment \u00e0 d\u00e9velopper la formation d\u2019\u00e9lites comp\u00e9titives au plan international et \u00e0 tenter de sortir la jeunesse d\u00e9favoris\u00e9e de la grande pr\u00e9carit\u00e9 o\u00f9 elle tendait \u00e0 s\u2019enliser et \u00e0 nourrir des foyers d\u2019agitation sociale confin\u00e9s dans des quartiers promis \u00e0 l\u2019ins\u00e9curit\u00e9, au radicalisme religieux, voire au terrorisme.<\/p><p>Deuxi\u00e8mement, bien que l\u2019\u00e9ducation reste du ressort des \u00c9tats membres, les objectifs de convergence des syst\u00e8mes \u00e9ducatifs agissent puissamment pour g\u00e9n\u00e9raliser au sein de l\u2019Union europ\u00e9enne la diffusion de \u00ab\u00a0bonnes pratiques\u00a0\u00bb, la mise en concurrence des \u00e9tablissements scolaires et un mode de gestion lib\u00e9rale et d\u00e9centralis\u00e9e du \u00ab\u00a0march\u00e9 scolaire\u00a0\u00bb.<\/p><p>Ils sont r\u00e9guli\u00e8rement \u00e9valu\u00e9s \u00e0 l\u2019aide d\u2019indicateurs standardis\u00e9s selon la m\u00e9thode issue du monde des entreprises dite <em>benchmarking<\/em> (\u00ab\u00a0comparaison de performances \u00e9talonn\u00e9es\u00a0\u00bb).<\/p><p>Malgr\u00e9 ces mouvements de convergence, certaines diff\u00e9rences structurelles demeurent, h\u00e9ritages des cultures et des histoires nationales. Trois grands mod\u00e8les de scolarit\u00e9 peuvent \u00eatre distingu\u00e9s.<\/p><p>Dans le premier mod\u00e8le, quelquefois nomm\u00e9 \u00ab\u00a0mod\u00e8le de l\u2019int\u00e9gration \u00e0 la carte\u00a0\u00bb, qu\u2019on peut appeler aussi \u00ab\u00a0compr\u00e9hensif\u00a0\u00bb ou \u00ab\u00a0fondamental\u00a0\u00bb, tous les \u00e9l\u00e8ves poursuivent leur scolarit\u00e9 obligatoire dans un m\u00eame \u00e9tablissement, sans c\u00e9sure entre les niveaux primaire et secondaire inf\u00e9rieur et sans redoublement d\u2019une classe \u00e0 l\u2019autre. Les classes sont h\u00e9t\u00e9rog\u00e8nes avec un large appel \u00e0 l\u2019enseignement individualis\u00e9 ou personnalis\u00e9, toujours \u00e0 l\u2019int\u00e9rieur de la classe, o\u00f9 sont d\u00e9velopp\u00e9es des p\u00e9dagogies coop\u00e9ratives et propos\u00e9 le tutorat par des professeurs.<\/p><p>On le trouve dans les pays nordiques et au Portugal depuis 1986.<\/p><p>Le second mod\u00e8le, appel\u00e9 \u00ab\u00a0mod\u00e8le de la s\u00e9paration\u00a0\u00bb, majoritairement pr\u00e9sent dans les pays germanophones, mais aussi en Belgique, Luxembourg et Pays-Bas, se caract\u00e9rise par un fort palier d\u2019orientation \u00e0 la fin du niveau primaire, avec des types d\u2019enseignement diff\u00e9rents selon le niveau de r\u00e9ussite des \u00e9l\u00e8ves \u00e0 l\u2019\u00e9cole primaire.<\/p><p>Par ailleurs, la progression d\u2019une classe \u00e0 l\u2019autre d\u00e9pend de l\u2019\u00e9valuation des \u00e9l\u00e8ves. Longtemps critiqu\u00e9 au motif qu\u2019il accentuait les in\u00e9galit\u00e9s scolaires et sociales par l\u2019enfermement pr\u00e9coce des \u00e9l\u00e8ves dans des fili\u00e8res s\u00e9gr\u00e9gatives, ce mod\u00e8le a \u00e9volu\u00e9 dans les ann\u00e9es 2000 et tend \u00e0 se rapprocher du mod\u00e8le pr\u00e9c\u00e9dent, en raison de ses meilleurs r\u00e9sultats.<\/p><p>Enfin le troisi\u00e8me mod\u00e8le, celui de \u00ab\u00a0l\u2019int\u00e9gration uniforme\u00a0\u00bb, offre une organisation interm\u00e9diaire, constitu\u00e9e d\u2019un tronc commun et du maintien d\u2019un passage entre les niveaux primaire (o\u00f9 l\u2019enfant ne conna\u00eet qu\u2019un seul enseignant par ann\u00e9e) et secondaire par le changement d\u2019\u00e9tablissement.<\/p><p>La personnalisation des apprentissages se fait le plus souvent au travers de dispositifs de rem\u00e9diation, c\u2019est-\u00e0-dire que les \u00e9l\u00e8ves peu performants sont regroup\u00e9s en petits groupes de niveau et b\u00e9n\u00e9ficient d\u2019une heure ou deux par semaine, en g\u00e9n\u00e9ral en math\u00e9matiques ou en ma\u00eetrise de la langue, en dehors du groupe classe.<\/p><p>Ce mod\u00e8le, pr\u00e9sent dans les pays latins et m\u00e9diterran\u00e9ens, entretient une forte reproduction des in\u00e9galit\u00e9s socioculturelles.<\/p><p>Favorable aux cat\u00e9gories sociales les plus ais\u00e9es, il laisse au bord de la route des g\u00e9n\u00e9rations enti\u00e8res de jeunes reclus dans des quartiers p\u00e9riurbains que le premier ministre fran\u00e7ais Manuel Valls avait qualifi\u00e9s en 2015 d\u2019\u00ab\u00a0apartheid territorial, social, ethnique\u00a0\u00bb.<\/p><p><strong>Comment g\u00e9rer la diversit\u00e9 des \u00e9l\u00e8ves\u00a0?<\/strong><\/p><p>Quel que soit le mod\u00e8le de syst\u00e8me \u00e9ducatif que l\u2019on examine, un probl\u00e8me r\u00e9current a \u00e9merg\u00e9 dans tous les pays europ\u00e9ens \u00e0 la fin du XX<sup>e<\/sup>\u00a0si\u00e8cle, qui remet en question les fondements d\u2019une \u00e9cole unique pour tous\u00a0: c\u2019est la gestion p\u00e9dagogique de la diversit\u00e9 croissante des \u00e9l\u00e8ves\u00a0: diversit\u00e9 sociale \u00e0 cause de la massification des \u00e9tudes, diversit\u00e9 de genre \u00e0 cause de la mixit\u00e9, diversit\u00e9 ethnique et religieuse \u00e0 cause des politiques d\u2019immigration en provenance des pays du Sud anciennement colonis\u00e9s.<\/p><p>D\u00e8s lors, comment g\u00e9rer la diversit\u00e9 des \u00e9l\u00e8ves dans des pays marqu\u00e9s par les in\u00e9galit\u00e9s entre territoires (grandes m\u00e9tropoles r\u00e9gionales favoris\u00e9es, zones p\u00e9riurbaines d\u00e9laiss\u00e9es, zones rurales sous-\u00e9quip\u00e9es)\u00a0?<\/p><p>Comment l\u2019\u00e9cole doit-elle consid\u00e9rer les multiples diff\u00e9rences entre les enfants, aussi bien de niveau scolaire, de genre, de classes sociales, mais aussi, avec l\u2019ampleur des vagues migratoires, de cultures, de langues, de religions\u00a0?<\/p>\t\t\t\t\t\t\t\t<\/div>\n\t\t\t\t<\/div>\n\t\t\t\t\t<\/div>\n\t\t<\/div>\n\t\t\t\t<div class=\"elementor-column elementor-col-50 elementor-top-column elementor-element elementor-element-65b6a4d elementor-hidden-mobile\" data-id=\"65b6a4d\" data-element_type=\"column\" data-e-type=\"column\">\n\t\t\t<div class=\"elementor-widget-wrap elementor-element-populated\">\n\t\t\t\t\t\t<div class=\"elementor-element elementor-element-52a0843 elementor-widget-divider--view-line_text elementor-widget-divider--element-align-center elementor-widget elementor-widget-divider\" data-id=\"52a0843\" data-element_type=\"widget\" data-e-type=\"widget\" data-widget_type=\"divider.default\">\n\t\t\t\t<div class=\"elementor-widget-container\">\n\t\t\t\t\t\t\t<div class=\"elementor-divider\">\n\t\t\t<span class=\"elementor-divider-separator\">\n\t\t\t\t\t\t\t<p class=\"elementor-divider__text elementor-divider__element\">\n\t\t\t\tPage 5\t\t\t\t<\/p>\n\t\t\t\t\t\t<\/span>\n\t\t<\/div>\n\t\t\t\t\t\t<\/div>\n\t\t\t\t<\/div>\n\t\t\t\t\t<\/div>\n\t\t<\/div>\n\t\t\t\t\t<\/div>\n\t\t<\/section>\n\t\t\t\t<section data-particle_enable=\"false\" data-particle-mobile-disabled=\"false\" class=\"elementor-section elementor-top-section elementor-element elementor-element-6f621ae elementor-section-boxed elementor-section-height-default elementor-section-height-default\" data-id=\"6f621ae\" data-element_type=\"section\" data-e-type=\"section\">\n\t\t\t\t\t\t<div class=\"elementor-container elementor-column-gap-default\">\n\t\t\t\t\t<div class=\"elementor-column elementor-col-50 elementor-top-column elementor-element elementor-element-8a6696d\" data-id=\"8a6696d\" data-element_type=\"column\" data-e-type=\"column\">\n\t\t\t<div class=\"elementor-widget-wrap elementor-element-populated\">\n\t\t\t\t\t\t<div class=\"elementor-element elementor-element-83edc4c elementor-widget elementor-widget-text-editor\" data-id=\"83edc4c\" data-element_type=\"widget\" data-e-type=\"widget\" data-widget_type=\"text-editor.default\">\n\t\t\t\t<div class=\"elementor-widget-container\">\n\t\t\t\t\t\t\t\t\t<p>Est-il possible de faire acqu\u00e9rir \u00e0 tous les \u00e9l\u00e8ves un savoir qui les rassemble sans pour autant d\u00e9cr\u00e9ter que l\u2019indiff\u00e9rence aux diff\u00e9rences permettra de combler les in\u00e9galit\u00e9s\u00a0?<\/p><p>Comment l\u2019\u00e9cole peut-elle demeurer fondatrice du lien social et du \u00ab\u00a0vivre ensemble\u00a0\u00bb, dans les pays o\u00f9 elle reproduit massivement les in\u00e9galit\u00e9s sociales et laisse une partie de la jeunesse sans espoir d\u2019ascension sociale ni m\u00eame parfois d\u2019acc\u00e8s \u00e0 l\u2019emploi\u00a0?<\/p><p>Doit-on conserver l\u2019h\u00e9t\u00e9rog\u00e9n\u00e9it\u00e9 des \u00e9l\u00e8ves dans les \u00e9tablissements et dans les classes\u00a0?<\/p><p>Doit-on organiser et contraindre l\u2019homog\u00e9n\u00e9it\u00e9 des groupes, au risque de trahir le principe-m\u00eame de l\u2019\u00e9cole unique, dans son fondement d\u00e9mocratique\u00a0?<\/p><p>Il est peu contest\u00e9 aujourd\u2019hui que c\u2019est le syst\u00e8me des fili\u00e8res qui produit ou aggrave les in\u00e9galit\u00e9s.<\/p><p>Cela dit, l\u2019\u00e9cole unique ne peut produire de bons r\u00e9sultats sans une v\u00e9ritable diff\u00e9renciation p\u00e9dagogique, sans une attention \u00e0 chacune et \u00e0 chacun.<\/p><p>Il s\u2019agit que les enseignants soient form\u00e9s \u00e0 suivre au sein de leur classe des \u00e9l\u00e8ves tr\u00e8s diff\u00e9rents, \u00e0 les faire travailler par petits groupes, et ce, d\u00e8s l\u2019\u00e9cole primaire.<\/p><p>L\u2019Allemagne, je l\u2019ai dit, avait l\u2019\u00e9cole la plus in\u00e9galitaire en 2000. Aujourd\u2019hui, la situation s\u2019est am\u00e9lior\u00e9e, parce que les \u00e9tablissements \u00e0 fili\u00e8res ont adopt\u00e9 une organisation proche de celle du coll\u00e8ge unique fran\u00e7ais, pourvue de programmes scolaires r\u00e9nov\u00e9s et de dispositifs p\u00e9dagogiques individualis\u00e9s fond\u00e9s sur l\u2019\u00e9valuation continue des \u00e9l\u00e8ves.<\/p><p><strong>Conclusion\u00a0: plaidoyer raisonn\u00e9 pour une histoire europ\u00e9enne de l\u2019\u00e9ducation<\/strong><\/p><p>Au terme de cette esquisse, j\u2019esp\u00e8re avoir contribu\u00e9 \u00e0 montrer que l\u2019histoire de la d\u00e9mocratisation de l\u2019enseignement scolaire au XX<sup>e <\/sup>si\u00e8cle est bien constitu\u00e9e \u00e0 l\u2019\u00e9chelle europ\u00e9enne, m\u00eame si elle reste largement \u00e0 \u00e9crire.<\/p><p>Durant les deux d\u00e9cennies de l\u2019entre-deux guerres mondiales, un espace de consensus de plus en plus large s\u2019\u00e9tait constitu\u00e9 dans plusieurs pays d\u2019Europe autour de l\u2019\u00e9cole unique, qui ne cessa de se voir \u00e9tay\u00e9 par un mouvement rationaliste port\u00e9 par des psychologues, des p\u00e9dagogues, des physiologistes, des hommes politiques et des syndicalistes.<\/p><p>D\u00e8s lors, c\u2019est peu \u00e0 peu l\u2019\u00e9galit\u00e9 de chances qui se trouva vis\u00e9e, non plus comme un droit libert\u00e9, mais comme un droit cr\u00e9ance, c\u2019est-\u00e0-dire un droit que l\u2019\u00c9tat devait prendre en charge.<\/p><p>Sa mise sur pied impliquait une \u00e9cole moyenne entre l\u2019\u00e9cole primaire pour tous et le lyc\u00e9e, obtenue par la mise en place d\u2019un cycle d\u2019orientation. Ce mod\u00e8le de justice sociale n\u2019aboutit pas, sauf en Union sovi\u00e9tique d\u2019une fa\u00e7on toute particuli\u00e8re.<\/p><p>Ce premier projet d\u2019\u00e9cole unique ne doit pas \u00eatre consid\u00e9r\u00e9 comme la pr\u00e9histoire de la <em>Comprehensive School<\/em> britannique ou du coll\u00e8ge unique fran\u00e7ais de l\u2019apr\u00e8s-guerre, qui n\u2019ont pas \u00e9t\u00e9 pens\u00e9s comme la base d\u2019une soci\u00e9t\u00e9 nouvelle, pas plus que la mixit\u00e9 scolaire ou l\u2019allongement de la scolarit\u00e9 durant la p\u00e9riode de croissance \u00e9conomique de l\u2019apr\u00e8s 1945.<\/p><p>S\u2019il est vrai que l\u2019utilit\u00e9 \u00e9conomique et plus g\u00e9n\u00e9ralement la rh\u00e9torique de l\u2019efficacit\u00e9 \u00e9taient d\u00e9j\u00e0 bien pr\u00e9sentes dans les ann\u00e9es 1930 en Europe, il ne s\u2019agissait \u00e9videmment pas de g\u00e9rer la massification de l\u2019enseignement secondaire, qui n\u2019existait pas.<\/p><p>Il s\u2019agissait d\u2019\u00e9manciper les masses laborieuses en \u00e9largissant l\u2019acc\u00e8s \u00e0 la culture universelle et de lutter contre toutes les discriminations devant l\u2019instruction, et contre les in\u00e9galit\u00e9s entre territoires, entre sexes et entre classes.<\/p><p>Et pourtant, l\u2019histoire montre que les concepteurs des projets d\u2019\u00e9cole unique de 1918 avaient raison de penser que, pour des motifs qu\u2019ils ne pouvaient pas pr\u00e9voir, l\u2019id\u00e9e de r\u00e9unir tous les enfants dans les m\u00eames \u00e9tablissements durant leur scolarit\u00e9 obligatoire finirait par s\u2019imposer.<\/p><p>Encore ces points d\u2019aboutissement, comme leurs points de d\u00e9part, doivent-ils \u00eatre soumis \u00e0 la contextualisation historique dans le cadre d\u2019une comparaison synchronique.<\/p><p>Une histoire de l\u2019\u00e9ducation europ\u00e9enne de la d\u00e9mocratisation de l\u2019enseignement doit donc simultan\u00e9ment rep\u00e9rer des convergences sur le long terme et op\u00e9rer une s\u00e9rie de distinctions relatives aux probl\u00e9matiques contributives de cette question g\u00e9n\u00e9rale sur ses diff\u00e9rents territoires et aux diff\u00e9rents moments de son histoire.<\/p>\t\t\t\t\t\t\t\t<\/div>\n\t\t\t\t<\/div>\n\t\t\t\t<div class=\"elementor-element elementor-element-3945206 elementor-widget-divider--view-line elementor-widget elementor-widget-divider\" data-id=\"3945206\" data-element_type=\"widget\" data-e-type=\"widget\" data-widget_type=\"divider.default\">\n\t\t\t\t<div class=\"elementor-widget-container\">\n\t\t\t\t\t\t\t<div class=\"elementor-divider\">\n\t\t\t<span class=\"elementor-divider-separator\">\n\t\t\t\t\t\t<\/span>\n\t\t<\/div>\n\t\t\t\t\t\t<\/div>\n\t\t\t\t<\/div>\n\t\t\t\t\t<\/div>\n\t\t<\/div>\n\t\t\t\t<div class=\"elementor-column elementor-col-50 elementor-top-column elementor-element elementor-element-eaa2aca elementor-hidden-mobile\" data-id=\"eaa2aca\" data-element_type=\"column\" data-e-type=\"column\">\n\t\t\t<div class=\"elementor-widget-wrap elementor-element-populated\">\n\t\t\t\t\t\t<div class=\"elementor-element elementor-element-6189516 elementor-widget-divider--view-line_text elementor-widget-divider--element-align-center elementor-widget elementor-widget-divider\" data-id=\"6189516\" data-element_type=\"widget\" data-e-type=\"widget\" data-widget_type=\"divider.default\">\n\t\t\t\t<div class=\"elementor-widget-container\">\n\t\t\t\t\t\t\t<div class=\"elementor-divider\">\n\t\t\t<span class=\"elementor-divider-separator\">\n\t\t\t\t\t\t\t<p class=\"elementor-divider__text elementor-divider__element\">\n\t\t\t\tPage 6\t\t\t\t<\/p>\n\t\t\t\t\t\t<\/span>\n\t\t<\/div>\n\t\t\t\t\t\t<\/div>\n\t\t\t\t<\/div>\n\t\t\t\t\t<\/div>\n\t\t<\/div>\n\t\t\t\t\t<\/div>\n\t\t<\/section>\n\t\t\t\t<section data-particle_enable=\"false\" data-particle-mobile-disabled=\"false\" class=\"elementor-section elementor-top-section elementor-element elementor-element-7905badf elementor-section-boxed elementor-section-height-default elementor-section-height-default\" data-id=\"7905badf\" data-element_type=\"section\" data-e-type=\"section\">\n\t\t\t\t\t\t<div class=\"elementor-container elementor-column-gap-default\">\n\t\t\t\t\t<div class=\"elementor-column elementor-col-100 elementor-top-column elementor-element elementor-element-3612363e\" data-id=\"3612363e\" data-element_type=\"column\" data-e-type=\"column\">\n\t\t\t<div class=\"elementor-widget-wrap elementor-element-populated\">\n\t\t\t\t\t\t<div class=\"elementor-element elementor-element-58d89c42 elementor-share-buttons--skin-boxed elementor-share-buttons--view-icon-text elementor-share-buttons--shape-square elementor-grid-0 elementor-share-buttons--color-official elementor-widget elementor-widget-share-buttons\" data-id=\"58d89c42\" data-element_type=\"widget\" data-e-type=\"widget\" data-widget_type=\"share-buttons.default\">\n\t\t\t\t<div class=\"elementor-widget-container\">\n\t\t\t\t\t\t\t<div class=\"elementor-grid\" role=\"list\">\n\t\t\t\t\t\t\t\t<div class=\"elementor-grid-item\" role=\"listitem\">\n\t\t\t\t\t\t<div class=\"elementor-share-btn elementor-share-btn_facebook\" role=\"button\" tabindex=\"0\" aria-label=\"Partager sur facebook\">\n\t\t\t\t\t\t\t\t\t\t\t\t\t\t\t<span class=\"elementor-share-btn__icon\">\n\t\t\t\t\t\t\t\t<i class=\"fab fa-facebook\" aria-hidden=\"true\"><\/i>\t\t\t\t\t\t\t<\/span>\n\t\t\t\t\t\t\t\t\t\t\t\t\t\t\t\t\t\t\t\t\t\t<div class=\"elementor-share-btn__text\">\n\t\t\t\t\t\t\t\t\t\t\t\t\t\t\t\t\t\t\t<span class=\"elementor-share-btn__title\">\n\t\t\t\t\t\t\t\t\t\tFacebook\t\t\t\t\t\t\t\t\t<\/span>\n\t\t\t\t\t\t\t\t\t\t\t\t\t\t\t\t\t<\/div>\n\t\t\t\t\t\t\t\t\t\t\t\t\t<\/div>\n\t\t\t\t\t<\/div>\n\t\t\t\t\t\t\t\t\t<div class=\"elementor-grid-item\" role=\"listitem\">\n\t\t\t\t\t\t<div class=\"elementor-share-btn elementor-share-btn_twitter\" role=\"button\" tabindex=\"0\" aria-label=\"Partager sur twitter\">\n\t\t\t\t\t\t\t\t\t\t\t\t\t\t\t<span class=\"elementor-share-btn__icon\">\n\t\t\t\t\t\t\t\t<i class=\"fab fa-twitter\" aria-hidden=\"true\"><\/i>\t\t\t\t\t\t\t<\/span>\n\t\t\t\t\t\t\t\t\t\t\t\t\t\t\t\t\t\t\t\t\t\t<div class=\"elementor-share-btn__text\">\n\t\t\t\t\t\t\t\t\t\t\t\t\t\t\t\t\t\t\t<span class=\"elementor-share-btn__title\">\n\t\t\t\t\t\t\t\t\t\tTwitter\t\t\t\t\t\t\t\t\t<\/span>\n\t\t\t\t\t\t\t\t\t\t\t\t\t\t\t\t\t<\/div>\n\t\t\t\t\t\t\t\t\t\t\t\t\t<\/div>\n\t\t\t\t\t<\/div>\n\t\t\t\t\t\t\t\t\t<div class=\"elementor-grid-item\" role=\"listitem\">\n\t\t\t\t\t\t<div class=\"elementor-share-btn elementor-share-btn_linkedin\" role=\"button\" tabindex=\"0\" aria-label=\"Partager sur linkedin\">\n\t\t\t\t\t\t\t\t\t\t\t\t\t\t\t<span class=\"elementor-share-btn__icon\">\n\t\t\t\t\t\t\t\t<i class=\"fab fa-linkedin\" aria-hidden=\"true\"><\/i>\t\t\t\t\t\t\t<\/span>\n\t\t\t\t\t\t\t\t\t\t\t\t\t\t\t\t\t\t\t\t\t\t<div class=\"elementor-share-btn__text\">\n\t\t\t\t\t\t\t\t\t\t\t\t\t\t\t\t\t\t\t<span class=\"elementor-share-btn__title\">\n\t\t\t\t\t\t\t\t\t\tLinkedIn\t\t\t\t\t\t\t\t\t<\/span>\n\t\t\t\t\t\t\t\t\t\t\t\t\t\t\t\t\t<\/div>\n\t\t\t\t\t\t\t\t\t\t\t\t\t<\/div>\n\t\t\t\t\t<\/div>\n\t\t\t\t\t\t<\/div>\n\t\t\t\t\t\t<\/div>\n\t\t\t\t<\/div>\n\t\t\t\t<div class=\"elementor-element elementor-element-47be1c64 elementor-widget-divider--separator-type-pattern elementor-widget-divider--no-spacing elementor-widget-divider--view-line elementor-widget elementor-widget-divider\" data-id=\"47be1c64\" data-element_type=\"widget\" data-e-type=\"widget\" data-widget_type=\"divider.default\">\n\t\t\t\t<div class=\"elementor-widget-container\">\n\t\t\t\t\t\t\t<div class=\"elementor-divider\" style=\"--divider-pattern-url: url(&quot;data:image\/svg+xml,%3Csvg xmlns=&#039;http:\/\/www.w3.org\/2000\/svg&#039; preserveAspectRatio=&#039;none&#039; overflow=&#039;visible&#039; height=&#039;100%&#039; viewBox=&#039;0 0 24 24&#039; fill=&#039;black&#039; stroke=&#039;none&#039;%3E%3Cpath d=&#039;M24,8v12H0V8H24z M24,4v1H0V4H24z&#039;\/%3E%3C\/svg%3E&quot;);\">\n\t\t\t<span class=\"elementor-divider-separator\">\n\t\t\t\t\t\t<\/span>\n\t\t<\/div>\n\t\t\t\t\t\t<\/div>\n\t\t\t\t<\/div>\n\t\t\t\t<div class=\"elementor-element elementor-element-613bf0b4 elementor-widget elementor-widget-heading\" data-id=\"613bf0b4\" data-element_type=\"widget\" data-e-type=\"widget\" data-widget_type=\"heading.default\">\n\t\t\t\t<div class=\"elementor-widget-container\">\n\t\t\t\t\t<h4 class=\"elementor-heading-title elementor-size-default\">D'autres articles<\/h4>\t\t\t\t<\/div>\n\t\t\t\t<\/div>\n\t\t\t\t<div class=\"elementor-element elementor-element-7ab40fe2 elementor-grid-1 elementor-posts--thumbnail-left elementor-grid-tablet-1 elementor-grid-mobile-1 elementor-widget elementor-widget-posts\" data-id=\"7ab40fe2\" data-element_type=\"widget\" data-e-type=\"widget\" data-settings=\"{&quot;classic_columns&quot;:&quot;1&quot;,&quot;classic_row_gap&quot;:{&quot;unit&quot;:&quot;px&quot;,&quot;size&quot;:20,&quot;sizes&quot;:[]},&quot;classic_columns_tablet&quot;:&quot;1&quot;,&quot;classic_columns_mobile&quot;:&quot;1&quot;,&quot;classic_row_gap_tablet&quot;:{&quot;unit&quot;:&quot;px&quot;,&quot;size&quot;:&quot;&quot;,&quot;sizes&quot;:[]},&quot;classic_row_gap_mobile&quot;:{&quot;unit&quot;:&quot;px&quot;,&quot;size&quot;:&quot;&quot;,&quot;sizes&quot;:[]}}\" data-widget_type=\"posts.classic\">\n\t\t\t\t<div class=\"elementor-widget-container\">\n\t\t\t\t\t\t\t<div class=\"elementor-posts-container elementor-posts elementor-posts--skin-classic elementor-grid\" role=\"list\">\n\t\t\t\t<article class=\"elementor-post elementor-grid-item post-2614 post type-post status-publish format-standard has-post-thumbnail hentry category-editorial4\" role=\"listitem\">\n\t\t\t\t<a class=\"elementor-post__thumbnail__link\" href=\"https:\/\/m3c.universita.corsica\/lumi\/lenseignement-doit-il-etre-une-affaire-detat-reflexions-personnelles-dun-vieil-universitaire-de-corse\/\" tabindex=\"-1\" >\n\t\t\t<div class=\"elementor-post__thumbnail\"><img decoding=\"async\" width=\"300\" height=\"120\" src=\"https:\/\/lumi.univ-corse.fr\/wp-content\/uploads\/2024\/07\/Michel_VergeFranceschi-300x120.webp\" class=\"attachment-medium size-medium wp-image-2661\" alt=\"\" srcset=\"https:\/\/lumi.univ-corse.fr\/wp-content\/uploads\/2024\/07\/Michel_VergeFranceschi-300x120.webp 300w, https:\/\/lumi.univ-corse.fr\/wp-content\/uploads\/2024\/07\/Michel_VergeFranceschi-1024x410.webp 1024w, https:\/\/lumi.univ-corse.fr\/wp-content\/uploads\/2024\/07\/Michel_VergeFranceschi-768x307.webp 768w, https:\/\/lumi.univ-corse.fr\/wp-content\/uploads\/2024\/07\/Michel_VergeFranceschi-1536x614.webp 1536w, https:\/\/lumi.univ-corse.fr\/wp-content\/uploads\/2024\/07\/Michel_VergeFranceschi.webp 2000w\" sizes=\"(max-width: 300px) 100vw, 300px\" \/><\/div>\n\t\t<\/a>\n\t\t\t\t<div class=\"elementor-post__text\">\n\t\t\t\t<h3 class=\"elementor-post__title\">\n\t\t\t<a href=\"https:\/\/m3c.universita.corsica\/lumi\/lenseignement-doit-il-etre-une-affaire-detat-reflexions-personnelles-dun-vieil-universitaire-de-corse\/\" >\n\t\t\t\tL&rsquo;enseignement doit-il \u00eatre une affaire d&rsquo;\u00e9tat ? R\u00e9flexions personnelles d&rsquo;un universitaire Corse\t\t\t<\/a>\n\t\t<\/h3>\n\t\t\t\t<div class=\"elementor-post__meta-data\">\n\t\t\t\t\t<span class=\"elementor-post-date\">\n\t\t\t9 juillet 2024\t\t<\/span>\n\t\t\t\t<\/div>\n\t\t\t\t<div class=\"elementor-post__excerpt\">\n\t\t\t<p>Ma r\u00e9ponse est oui. L\u2019enseignement c\u2019est un tout qui repose sur trois piliers : un lieu ; un budget ; un savoir. L\u2019enseignement, \u00e0 premi\u00e8re vue, c\u2019est tout d\u2019abord un lieu o\u00f9 il faut pouvoir le dispenser. Dans l\u2019Antiquit\u00e9 grecque, c\u2019\u00e9tait sous les portiques du temple d\u2019Apollon, all\u00e9es couvertes qui laissaient passer la \u00ab lumi\u00e8re \u00bb d\u2019o\u00f9 le nom de \u00ab lyc\u00e9e \u00bb. Je&#8230;<\/p>\n\t\t<\/div>\n\t\t\t\t<\/div>\n\t\t\t\t<\/article>\n\t\t\t\t<article class=\"elementor-post elementor-grid-item post-2596 post type-post status-publish format-standard has-post-thumbnail hentry category-varia4\" role=\"listitem\">\n\t\t\t\t<a class=\"elementor-post__thumbnail__link\" href=\"https:\/\/m3c.universita.corsica\/lumi\/annexe-extraits-des-pages-141-a-151-du-testament-politique-dalberoni\/\" tabindex=\"-1\" >\n\t\t\t<div class=\"elementor-post__thumbnail\"><img decoding=\"async\" width=\"300\" height=\"120\" src=\"https:\/\/lumi.univ-corse.fr\/wp-content\/uploads\/2024\/07\/Testament_politique_du_cardinal_Jules_.Alberoni_Giulio_bpt6k97701565-300x120.webp\" class=\"attachment-medium size-medium wp-image-2665\" alt=\"\" srcset=\"https:\/\/lumi.univ-corse.fr\/wp-content\/uploads\/2024\/07\/Testament_politique_du_cardinal_Jules_.Alberoni_Giulio_bpt6k97701565-300x120.webp 300w, https:\/\/lumi.univ-corse.fr\/wp-content\/uploads\/2024\/07\/Testament_politique_du_cardinal_Jules_.Alberoni_Giulio_bpt6k97701565-1024x410.webp 1024w, https:\/\/lumi.univ-corse.fr\/wp-content\/uploads\/2024\/07\/Testament_politique_du_cardinal_Jules_.Alberoni_Giulio_bpt6k97701565-768x307.webp 768w, https:\/\/lumi.univ-corse.fr\/wp-content\/uploads\/2024\/07\/Testament_politique_du_cardinal_Jules_.Alberoni_Giulio_bpt6k97701565-1536x614.webp 1536w, https:\/\/lumi.univ-corse.fr\/wp-content\/uploads\/2024\/07\/Testament_politique_du_cardinal_Jules_.Alberoni_Giulio_bpt6k97701565.webp 2000w\" sizes=\"(max-width: 300px) 100vw, 300px\" \/><\/div>\n\t\t<\/a>\n\t\t\t\t<div class=\"elementor-post__text\">\n\t\t\t\t<h3 class=\"elementor-post__title\">\n\t\t\t<a href=\"https:\/\/m3c.universita.corsica\/lumi\/annexe-extraits-des-pages-141-a-151-du-testament-politique-dalberoni\/\" >\n\t\t\t\tAnnexe, Extraits des pages 141 \u00e0\u00a0151 du Testament politique d\u2019Alberoni\t\t\t<\/a>\n\t\t<\/h3>\n\t\t\t\t<div class=\"elementor-post__meta-data\">\n\t\t\t\t\t<span class=\"elementor-post-date\">\n\t\t\t9 juillet 2024\t\t<\/span>\n\t\t\t\t<\/div>\n\t\t\t\t<div class=\"elementor-post__excerpt\">\n\t\t\t<p>\u00ab L\u2019aveugle pr\u00e9vention des Anglois, ne laisse aucun espoir de leur retour vers leur Souverain naturel. C\u2019est \u00e0 lui de se faire, par sa valeur &#038; sa conduite, le rang qu\u2019ils lui refusent, &#038; de se b\u00e2tir \u00e0 leurs d\u00e9pens un tr\u00f4ne, qui lui tienne lieu de celui o\u00f9 ils ne veulent pas le faire monter.<br \/>\nLa post\u00e9rit\u00e9 ne pardonnera point au Prince Edouard, d\u2019avoir&#8230;<\/p>\n\t\t<\/div>\n\t\t\t\t<\/div>\n\t\t\t\t<\/article>\n\t\t\t\t<article class=\"elementor-post elementor-grid-item post-2567 post type-post status-publish format-standard has-post-thumbnail hentry category-varia4\" role=\"listitem\">\n\t\t\t\t<a class=\"elementor-post__thumbnail__link\" href=\"https:\/\/m3c.universita.corsica\/lumi\/theodore-langleterre-et-le-projet-dalberoni-pour-la-corse\/\" tabindex=\"-1\" >\n\t\t\t<div class=\"elementor-post__thumbnail\"><img loading=\"lazy\" decoding=\"async\" width=\"266\" height=\"300\" src=\"https:\/\/lumi.univ-corse.fr\/wp-content\/uploads\/2024\/06\/shutterstock_87012563-266x300.webp\" class=\"attachment-medium size-medium wp-image-2593\" alt=\"\" srcset=\"https:\/\/lumi.univ-corse.fr\/wp-content\/uploads\/2024\/06\/shutterstock_87012563-266x300.webp 266w, https:\/\/lumi.univ-corse.fr\/wp-content\/uploads\/2024\/06\/shutterstock_87012563-768x866.webp 768w, https:\/\/lumi.univ-corse.fr\/wp-content\/uploads\/2024\/06\/shutterstock_87012563.webp 887w\" sizes=\"(max-width: 266px) 100vw, 266px\" \/><\/div>\n\t\t<\/a>\n\t\t\t\t<div class=\"elementor-post__text\">\n\t\t\t\t<h3 class=\"elementor-post__title\">\n\t\t\t<a href=\"https:\/\/m3c.universita.corsica\/lumi\/theodore-langleterre-et-le-projet-dalberoni-pour-la-corse\/\" >\n\t\t\t\tTh\u00e9odore, l\u2019Angleterre et le projet d\u2019Alberoni pour la Corse\t\t\t<\/a>\n\t\t<\/h3>\n\t\t\t\t<div class=\"elementor-post__meta-data\">\n\t\t\t\t\t<span class=\"elementor-post-date\">\n\t\t\t30 juin 2024\t\t<\/span>\n\t\t\t\t<\/div>\n\t\t\t\t<div class=\"elementor-post__excerpt\">\n\t\t\t<p>Au cours du XVIIIe si\u00e8cle, la Corse a fait l\u2019objet de bien des sp\u00e9culations de la part des \u00c9tats europ\u00e9ens. Les nationaux, dans leur combat pour venir \u00e0 bout de l\u2019occupant g\u00e9nois, ont tent\u00e9 en permanence de s\u2019appuyer sur ces ambitions, afin de trouver des alli\u00e9s de circonstance : non sans de nombreuses d\u00e9sillusions. De ce point de vue, l\u2019\u00e9pisode qui&#8230;<\/p>\n\t\t<\/div>\n\t\t\t\t<\/div>\n\t\t\t\t<\/article>\n\t\t\t\t<\/div>\n\t\t\n\t\t\t\t\t\t<\/div>\n\t\t\t\t<\/div>\n\t\t\t\t\t<\/div>\n\t\t<\/div>\n\t\t\t\t\t<\/div>\n\t\t<\/section>\n\t\t\t\t<\/div>\n\t\t","protected":false},"excerpt":{"rendered":"<p>C\u2019est une triste \u00e9vidence de constater que les \u00e9tudes historiques fran\u00e7aises sur l\u2019\u00e9ducation prenant en compte le continent europ\u00e9en sont rares, bien que l\u2019histoire connect\u00e9e connaisse un essor ind\u00e9niable depuis plusieurs d\u00e9cennies. Dans le domaine de l\u2019\u00e9ducation, seuls certains th\u00e8mes tels que le r\u00f4le de l\u2019\u00c9tat&#8230;<\/p>\n","protected":false},"author":56,"featured_media":2664,"comment_status":"closed","ping_status":"closed","sticky":false,"template":"","format":"standard","meta":{"_acf_changed":false,"footnotes":""},"categories":[24],"tags":[],"class_list":["post-2508","post","type-post","status-publish","format-standard","has-post-thumbnail","hentry","category-numero4"],"acf":[],"_links":{"self":[{"href":"https:\/\/m3c.universita.corsica\/lumi\/wp-json\/wp\/v2\/posts\/2508","targetHints":{"allow":["GET"]}}],"collection":[{"href":"https:\/\/m3c.universita.corsica\/lumi\/wp-json\/wp\/v2\/posts"}],"about":[{"href":"https:\/\/m3c.universita.corsica\/lumi\/wp-json\/wp\/v2\/types\/post"}],"author":[{"embeddable":true,"href":"https:\/\/m3c.universita.corsica\/lumi\/wp-json\/wp\/v2\/users\/56"}],"replies":[{"embeddable":true,"href":"https:\/\/m3c.universita.corsica\/lumi\/wp-json\/wp\/v2\/comments?post=2508"}],"version-history":[{"count":16,"href":"https:\/\/m3c.universita.corsica\/lumi\/wp-json\/wp\/v2\/posts\/2508\/revisions"}],"predecessor-version":[{"id":2920,"href":"https:\/\/m3c.universita.corsica\/lumi\/wp-json\/wp\/v2\/posts\/2508\/revisions\/2920"}],"wp:featuredmedia":[{"embeddable":true,"href":"https:\/\/m3c.universita.corsica\/lumi\/wp-json\/wp\/v2\/media\/2664"}],"wp:attachment":[{"href":"https:\/\/m3c.universita.corsica\/lumi\/wp-json\/wp\/v2\/media?parent=2508"}],"wp:term":[{"taxonomy":"category","embeddable":true,"href":"https:\/\/m3c.universita.corsica\/lumi\/wp-json\/wp\/v2\/categories?post=2508"},{"taxonomy":"post_tag","embeddable":true,"href":"https:\/\/m3c.universita.corsica\/lumi\/wp-json\/wp\/v2\/tags?post=2508"}],"curies":[{"name":"wp","href":"https:\/\/api.w.org\/{rel}","templated":true}]}}