{"id":2527,"date":"2024-06-02T13:58:12","date_gmt":"2024-06-02T13:58:12","guid":{"rendered":"https:\/\/m3c.universita.corsica\/lumi\/?p=2527"},"modified":"2024-07-17T13:02:27","modified_gmt":"2024-07-17T13:02:27","slug":"la-creation-de-luniversita-vue-par-les-agents-de-lintelligence-genoise-a-rome-1755-1765","status":"publish","type":"post","link":"https:\/\/m3c.universita.corsica\/lumi\/la-creation-de-luniversita-vue-par-les-agents-de-lintelligence-genoise-a-rome-1755-1765\/","title":{"rendered":"La cr\u00e9ation de l\u2019universit\u00e0 vue par les agents de l\u2019Intelligence g\u00e9noise \u00e0 Rome, 1755-1765"},"content":{"rendered":"\t\t<div data-elementor-type=\"wp-post\" data-elementor-id=\"2527\" class=\"elementor elementor-2527\" data-elementor-post-type=\"post\">\n\t\t\t\t\t\t<section data-particle_enable=\"false\" data-particle-mobile-disabled=\"false\" class=\"elementor-section elementor-top-section elementor-element elementor-element-5e8823c5 elementor-section-full_width elementor-section-height-min-height elementor-section-height-default elementor-section-items-middle\" data-id=\"5e8823c5\" data-element_type=\"section\" data-e-type=\"section\" data-settings=\"{&quot;background_background&quot;:&quot;classic&quot;}\">\n\t\t\t\t\t\t<div class=\"elementor-container elementor-column-gap-default\">\n\t\t\t\t\t<div class=\"elementor-column elementor-col-100 elementor-top-column elementor-element elementor-element-76f81a2a\" data-id=\"76f81a2a\" data-element_type=\"column\" data-e-type=\"column\">\n\t\t\t<div class=\"elementor-widget-wrap\">\n\t\t\t\t\t\t\t<\/div>\n\t\t<\/div>\n\t\t\t\t\t<\/div>\n\t\t<\/section>\n\t\t\t\t<section data-particle_enable=\"false\" data-particle-mobile-disabled=\"false\" class=\"elementor-section elementor-top-section elementor-element elementor-element-3a18bbe8 elementor-section-boxed elementor-section-height-default elementor-section-height-default\" data-id=\"3a18bbe8\" data-element_type=\"section\" data-e-type=\"section\">\n\t\t\t\t\t\t<div class=\"elementor-container elementor-column-gap-default\">\n\t\t\t\t\t<div class=\"elementor-column elementor-col-100 elementor-top-column elementor-element elementor-element-4b643c40\" data-id=\"4b643c40\" data-element_type=\"column\" data-e-type=\"column\">\n\t\t\t<div class=\"elementor-widget-wrap elementor-element-populated\">\n\t\t\t\t\t\t<div class=\"elementor-element elementor-element-408a78ac elementor-widget elementor-widget-heading\" data-id=\"408a78ac\" data-element_type=\"widget\" data-e-type=\"widget\" data-widget_type=\"heading.default\">\n\t\t\t\t<div class=\"elementor-widget-container\">\n\t\t\t\t\t<h1 class=\"elementor-heading-title elementor-size-default\">La cr\u00e9ation de l\u2019universit\u00e0 vue par les agents de l\u2019Intelligence g\u00e9noise \u00e0 Rome, 1755-1765[1]<\/h1>\t\t\t\t<\/div>\n\t\t\t\t<\/div>\n\t\t\t\t<div class=\"elementor-element elementor-element-34bfa006 elementor-author-box--name-yes elementor-author-box--biography-yes elementor-author-box--link-no elementor-widget elementor-widget-author-box\" data-id=\"34bfa006\" data-element_type=\"widget\" data-e-type=\"widget\" data-widget_type=\"author-box.default\">\n\t\t\t\t<div class=\"elementor-widget-container\">\n\t\t\t\t\t\t\t<div class=\"elementor-author-box\">\n\t\t\t\n\t\t\t<div class=\"elementor-author-box__text\">\n\t\t\t\t\t\t\t\t\t<div >\n\t\t\t\t\t\t<h4 class=\"elementor-author-box__name\">\n\t\t\t\t\t\t\tErick Miceli\t\t\t\t\t\t<\/h4>\n\t\t\t\t\t<\/div>\n\t\t\t\t\n\t\t\t\t\t\t\t\t\t<div class=\"elementor-author-box__bio\">\n\t\t\t\t\t\tDocteur en histoire moderne de l\u2019Universit\u00e9 de Corse et de l\u2019Universit\u00e0 degli studi di Genova\t\t\t\t\t<\/div>\n\t\t\t\t\n\t\t\t\t\t\t\t<\/div>\n\t\t<\/div>\n\t\t\t\t\t\t<\/div>\n\t\t\t\t<\/div>\n\t\t\t\t<div class=\"elementor-element elementor-element-1d58fef2 elementor-align-left elementor-widget elementor-widget-button\" data-id=\"1d58fef2\" data-element_type=\"widget\" data-e-type=\"widget\" data-widget_type=\"button.default\">\n\t\t\t\t<div class=\"elementor-widget-container\">\n\t\t\t\t\t\t\t\t\t<div class=\"elementor-button-wrapper\">\n\t\t\t\t\t<a class=\"elementor-button elementor-button-link elementor-size-sm\" href=\"\/lumi\/wp-content\/uploads\/2024\/07\/6-DEFIN.-MODIF.-JGT-RELU-LC-ET-TD-E-Miceli.pdf\" target=\"_blank\">\n\t\t\t\t\t\t<span class=\"elementor-button-content-wrapper\">\n\t\t\t\t\t\t<span class=\"elementor-button-icon\">\n\t\t\t\t<i aria-hidden=\"true\" class=\"fas fa-file-download\"><\/i>\t\t\t<\/span>\n\t\t\t\t\t\t\t\t\t<span class=\"elementor-button-text\">Visionner \/ T\u00e9l\u00e9charger la version PDF<\/span>\n\t\t\t\t\t<\/span>\n\t\t\t\t\t<\/a>\n\t\t\t\t<\/div>\n\t\t\t\t\t\t\t\t<\/div>\n\t\t\t\t<\/div>\n\t\t\t\t\t<\/div>\n\t\t<\/div>\n\t\t\t\t\t<\/div>\n\t\t<\/section>\n\t\t\t\t<section data-particle_enable=\"false\" data-particle-mobile-disabled=\"false\" class=\"elementor-section elementor-top-section elementor-element elementor-element-70fe5d20 elementor-section-boxed elementor-section-height-default elementor-section-height-default\" data-id=\"70fe5d20\" data-element_type=\"section\" data-e-type=\"section\">\n\t\t\t\t\t\t<div class=\"elementor-container elementor-column-gap-default\">\n\t\t\t\t\t<div class=\"elementor-column elementor-col-50 elementor-top-column elementor-element elementor-element-6094c63e\" data-id=\"6094c63e\" data-element_type=\"column\" data-e-type=\"column\">\n\t\t\t<div class=\"elementor-widget-wrap elementor-element-populated\">\n\t\t\t\t\t\t<div class=\"elementor-element elementor-element-150486f9 elementor-widget elementor-widget-text-editor\" data-id=\"150486f9\" data-element_type=\"widget\" data-e-type=\"widget\" data-widget_type=\"text-editor.default\">\n\t\t\t\t<div class=\"elementor-widget-container\">\n\t\t\t\t\t\t\t\t\t<h3><strong>R\u00e9sum\u00e9\u00a0:<\/strong><\/h3><p>Cet article \u00e9tudie les diff\u00e9rentes phases de l\u2019\u00e9laboration du projet universitaire au travers de la documentation des agents de l\u2019<em>Intelligence<\/em> g\u00e9noise charg\u00e9s de surveiller la communaut\u00e9 corse romaine. Ces archives nous apprennent que le projet d\u2019une structure \u00e9ducative s\u2019est aussi \u00e9labor\u00e9 dans la Cit\u00e9 \u00e9ternelle. En effet, la mort de Gaffori en 1753 ne fait pas dispara\u00eetre son projet d\u2019instituer une structure universitaire, puisque plusieurs notables balanins se r\u00e9approprient l\u2019id\u00e9e. Entre mai 1755 et mai 1756, Antonio Graziani porte devant les Pontificaux le projet d\u2019une \u00ab\u00a0maison d\u2019\u00e9ducation\u00a0\u00bb \u00e0 Monticello. Apr\u00e8s son d\u00e9part, l\u2019affaire reste discut\u00e9e par des patriotes r\u00e9unis autour du chanoine Natali\u00a0; ceci expliquant la tentative d\u2019assassinat dont il sera victime en 1757. Apr\u00e8s cela, bien que Natali ait d\u00e9cid\u00e9 de se retirer des affaires politiques, le projet d\u2019une structure continue d\u2019\u00eatre discut\u00e9 \u00e0 Rome jusqu\u2019en 1758. L\u2019<em>Intelligence<\/em> donne toutes les informations destin\u00e9es \u00e0 l\u2019op\u00e9rationnel pour \u00ab\u00a0l\u2019en emp\u00eacher\u00a0\u00bb, mais les choses ont d\u00e9sormais chang\u00e9\u00a0: c\u2019est Pascal Paoli qui s\u2019est accapar\u00e9 l\u2019id\u00e9e et qui veut en faire, non plus une structure r\u00e9gionale, mais une destin\u00e9e \u00e0 la jeunesse de la Nation tout enti\u00e8re. Cette affaire cristallise alors les dynamiques conflictuelles internes aux rebelles tout autant que diplomatiques entre la R\u00e9publique et le Saint-Si\u00e8ge.<\/p><p><strong>Mots-cl\u00e9s :\u00a0<\/strong>Espionnage, r\u00e9publicanisme, influence, diplomatie, hi\u00e9rarchie des normes.<\/p>\t\t\t\t\t\t\t\t<\/div>\n\t\t\t\t<\/div>\n\t\t\t\t\t<\/div>\n\t\t<\/div>\n\t\t\t\t<div class=\"elementor-column elementor-col-50 elementor-top-column elementor-element elementor-element-41f4708f elementor-hidden-mobile\" data-id=\"41f4708f\" data-element_type=\"column\" data-e-type=\"column\">\n\t\t\t<div class=\"elementor-widget-wrap elementor-element-populated\">\n\t\t\t\t\t\t<div class=\"elementor-element elementor-element-4f007ce5 elementor-widget-divider--view-line_text elementor-widget-divider--element-align-center elementor-widget elementor-widget-divider\" data-id=\"4f007ce5\" data-element_type=\"widget\" data-e-type=\"widget\" data-widget_type=\"divider.default\">\n\t\t\t\t<div class=\"elementor-widget-container\">\n\t\t\t\t\t\t\t<div class=\"elementor-divider\">\n\t\t\t<span class=\"elementor-divider-separator\">\n\t\t\t\t\t\t\t<p class=\"elementor-divider__text elementor-divider__element\">\n\t\t\t\tR\u00e9sum\u00e9\t\t\t\t<\/p>\n\t\t\t\t\t\t<\/span>\n\t\t<\/div>\n\t\t\t\t\t\t<\/div>\n\t\t\t\t<\/div>\n\t\t\t\t\t<\/div>\n\t\t<\/div>\n\t\t\t\t\t<\/div>\n\t\t<\/section>\n\t\t\t\t<section data-particle_enable=\"false\" data-particle-mobile-disabled=\"false\" class=\"elementor-section elementor-top-section elementor-element elementor-element-aba8e3f elementor-section-boxed elementor-section-height-default elementor-section-height-default\" data-id=\"aba8e3f\" data-element_type=\"section\" data-e-type=\"section\">\n\t\t\t\t\t\t<div class=\"elementor-container elementor-column-gap-default\">\n\t\t\t\t\t<div class=\"elementor-column elementor-col-50 elementor-top-column elementor-element elementor-element-d1c3890\" data-id=\"d1c3890\" data-element_type=\"column\" data-e-type=\"column\">\n\t\t\t<div class=\"elementor-widget-wrap elementor-element-populated\">\n\t\t\t\t\t\t<div class=\"elementor-element elementor-element-06caaf7 elementor-widget elementor-widget-text-editor\" data-id=\"06caaf7\" data-element_type=\"widget\" data-e-type=\"widget\" data-widget_type=\"text-editor.default\">\n\t\t\t\t<div class=\"elementor-widget-container\">\n\t\t\t\t\t\t\t\t\t<p>De tous les \u00e9clats des R\u00e9volutions corses (1729-1769) et plus particuli\u00e8rement de son \u00ab\u00a0moment paolien\u00a0\u00bb (1755-1769), l\u2019universit\u00e9 \u2013 l\u2019<em>universit\u00e0<\/em> ou l\u2019<em>Accademia Gregoriana<\/em> <em>Cyrnensis<\/em> expression pr\u00e9sente sur certains documents \u2013 ouverte en janvier 1765<a href=\"#_ftn2\" name=\"_ftnref2\">[2]<\/a> est sans doute la mesure la plus expos\u00e9e. Le projet ne na\u00eet cependant gu\u00e8re <em>ex nihilo<\/em>, mais d\u00e9ploie ses racines entre 1753 et 1765, de fa\u00e7on concomitante \u00e0 la concurrence entre l\u2019\u00c9tat national naissant (gafforien puis paolien) avec la puissante r\u00e9gion de Balagne\u00a0; le pr\u00e9sente article prolonge des pages d\u00e9j\u00e0 publi\u00e9es<a href=\"#_ftn3\" name=\"_ftnref3\">[3]<\/a> en versant de nouvelles pi\u00e8ces au dossier. L\u2019affaire de l\u2019universit\u00e9 se r\u00e9v\u00e8le \u00eatre un pr\u00e9cieux observatoire pour appr\u00e9cier la d\u00e9termination de la R\u00e9publique de G\u00eanes \u00e0 emp\u00eacher qu\u2019une structure \u00e9ducative ne s\u2019ouvre sur l\u2019\u00eele, tout autant que le fonctionnement de la communaut\u00e9 diasporique corse \u00e0 Rome. \u00c0 partir d\u2019un article fondateur d\u2019Antoine-Marie Graziani d\u00e9di\u00e9 au Visiteur apostolique<a href=\"#_ftn4\" name=\"_ftnref4\">[4]<\/a>, auquel se sont jointes plusieurs missions de recherche \u00e0 Rome ainsi que des investigations dans les documentations de l\u2019<em>intelligence<\/em> g\u00e9noise<a href=\"#_ftn5\" name=\"_ftnref5\">[5]<\/a>, il m\u2019\u00e9tait apparu que la communaut\u00e9 corse dans la Ville \u00e9ternelle r\u00e9servait encore des perspectives d\u2019\u00e9tudes. C\u2019\u00e9taient l\u00e0 des pistes et des hypoth\u00e8ses \u00e0 propos desquelles je trouvai racines r\u00e9flexives et prolongement dans la th\u00e8se de Paul Turchi-Duriani r\u00e9cemment soutenue \u00e0 l\u2019Universit\u00e0 di Corsica<a href=\"#_ftn6\" name=\"_ftnref6\">[6]<\/a>. Aussi, plusieurs pi\u00e8ces conserv\u00e9es dans des collections particuli\u00e8res relatives \u00e0 la tentative d\u2019assassinat de Giulio Matteo Natali en avril 1757 ont \u00e9galement contribu\u00e9 \u00e0 \u00e9laborer un cadre global incitant \u00e0 formuler des questionnements non pas sur la communaut\u00e9 corse romaine comme entit\u00e9 circonscrite, mais entendue comme un objet dynamique dans le sens o\u00f9 les mobilit\u00e9s de ses membres sont constantes. L\u2019insularit\u00e9 et l\u2019enfermement de la Corse n\u2019ont pas \u00e9t\u00e9 une r\u00e9alit\u00e9 durant la p\u00e9riode g\u00e9noise, mais elles le seront davantage du temps de la Corse fran\u00e7aise\u00a0: les pouvoirs fran\u00e7ais ont cass\u00e9 et emp\u00each\u00e9 les mobilit\u00e9s structurelles en direction de la P\u00e9ninsule. Pensons \u00e0 ce Corse que les autorit\u00e9s religieuses interrogeaient \u00e0 la fin du xvii<sup>e<\/sup> si\u00e8cle sur les raisons pour lesquelles il se trouvait, quelques ann\u00e9es plus t\u00f4t, \u00e0 Naples et dont la r\u00e9ponse \u00e9tait que c\u2019\u00e9tait \u00ab\u00a0par caprice, pour courir le monde, comme le font les Corses\u00a0\u00bb<a href=\"#_ftn7\" name=\"_ftnref7\">[7]<\/a>\u00a0! Ou encore aux \u00ab\u00a0Lettres d\u2019instructions\u00a0\u00bb que le <em>Magistrato di Corsica<\/em> adressait \u00e0 son gouverneur nouvellement \u00e9lu pr\u00e9cisant que les insulaires \u00e9taient des \u00ab\u00a0vagabonds\u00a0\u00bb\u00a0!<\/p><p>\u00c0 cette dimension sur les mobilit\u00e9s, s\u2019ajoute pareillement une r\u00e9flexion d\u00e9di\u00e9e au dynamisme du flux\u00a0de cet espace public \u00e0 la fois national (dans le sens o\u00f9 il int\u00e9resse les affaires corses) et par-l\u00e0 m\u00eame trans-\u00e9tatique (puisque ses diff\u00e9rents p\u00f4les sont implant\u00e9s dans des points urbains m\u00e9diterran\u00e9ens d\u00e9pendant de diff\u00e9rents \u00c9tats). L\u2019on a souvent \u00e9tudi\u00e9 de fa\u00e7on superficielle la relation entre l\u2019\u00eele et les communaut\u00e9s diasporiques\u00a0; or, bien des documents semblent faire de ces derni\u00e8res de v\u00e9ritables foyers id\u00e9ologiques bien plus actifs que la Corse <em>stricto sensu<\/em>. En effet, la dimension dialogique entre la communaut\u00e9 locale et l\u2019expatri\u00e9e est fr\u00e9quemment n\u00e9glig\u00e9e : la voix de la diaspora compte au point qu\u2019elle va jusqu\u2019\u00e0 teinter \u2013 si ce n\u2019est structurer \u2013 le format de la pamphl\u00e9tistique r\u00e9volutionnaire. Le premier imprim\u00e9, la <em>Lettera<\/em> de Giulio Matteo Natali de 1732, ne s\u2019adresse-t-elle pas \u00e0 un de ses compatriote qui vit ailleurs\u00a0? Tout en mimant une fausse proximit\u00e9 avec son correspondant fictif, Natali feint de s\u2019adresser \u00e0 un vieil ami soucieux des \u00e9v\u00e8nements en cours. De m\u00eame, les communaut\u00e9s continentales (Venise 1731<a href=\"#_ftn8\" name=\"_ftnref8\">[8]<\/a>, Bergame 1734<a href=\"#_ftn9\" name=\"_ftnref9\">[9]<\/a>) ne vont pas h\u00e9siter \u00e0 prendre parole, en leur nom, pour s\u2019adresser \u00e0 leurs compatriotes qui r\u00e9sident sur l\u2019\u00eele et, \u00e0 l\u2019inverse, ceux qui y vivent ne manqueront pas de se justifier aupr\u00e8s de ceux qui sont en <em>Terraferma<\/em>. Ce format \u2013 l\u2019une des rares v\u00e9ritables permanences du discours\u00a0! \u2013 se maintiendra jusqu\u2019aux <em>Lettere scritte da persona di Corti in Corsica, ad un amico suo in Firenze<\/em> publi\u00e9es en 1769. Toutefois, il va sans dire que ces lettres peuvent autant \u00eatre v\u00e9ridiques qu\u2019\u00eatre des mises en sc\u00e8ne \u00e0 l\u2019instar de la lettre co\u00e9crite par Pascal Paoli et Don Gregorio Salvini en 1764<a href=\"#_ftn10\" name=\"_ftnref10\">[10]<\/a>. Elles demeurent, malgr\u00e9 tout, incontestablement l\u2019\u00e9manation d\u2019une r\u00e9alit\u00e9 per\u00e7ue et sensible pour tous\u00a0: bien que parfois faussement localis\u00e9es, elles repr\u00e9sentent quelque chose de vrai. Pour ces femmes et ces hommes, la Corse n\u2019est pas qu\u2019une \u00eele, mais elle admet l\u2019ensemble du r\u00e9seau polycentrique<a href=\"#_ftn11\" name=\"_ftnref11\">[11]<\/a> des communaut\u00e9s diasporiques.<\/p><h3><em>L\u2019<\/em>Universit\u00e0<em> dans les discours r\u00e9volutionnaires<\/em><\/h3><p>Pour expliquer l\u2019absence d\u2019une universit\u00e9 ou d\u2019un coll\u00e8ge d\u2019\u00e9tudes avanc\u00e9es voire m\u00eame d\u2019une imprimerie sur l\u2019\u00eele<a href=\"#_ftn12\" name=\"_ftnref12\">[12]<\/a>, tout autant que pour renforcer le <em>malgoverno <\/em>de la R\u00e9publique de G\u00eanes \u00e0 l\u2019encontre des Corses<a href=\"#_ftn13\" name=\"_ftnref13\">[13]<\/a>, nombreux ont \u00e9t\u00e9 tent\u00e9s de porter la comparaison avec la Sardaigne. Or, si le rapprochement entre les deux \u00eeles voisines semble tout \u00e0 fait naturel, il faut objecter que ces deux espaces insulaires ne r\u00e9pondent pas au m\u00eame mod\u00e8le de l\u2019insularit\u00e9\u00a0: la Sardaigne est, pour reprendre la cat\u00e9gorisation de Fernand Braudel et de Michel Fontenay<a href=\"#_ftn14\" name=\"_ftnref14\">[14]<\/a>, une \u00eele \u00ab\u00a0ferm\u00e9e\u00a0\u00bb<a href=\"#_ftn15\" name=\"_ftnref15\">[15]<\/a> \u2013 bien que l\u2019on commence aujourd\u2019hui \u00e0 appr\u00e9hender la maritimit\u00e9 des Sardes<a href=\"#_ftn16\" name=\"_ftnref16\">[16]<\/a> \u2013 tandis que la Corse est \u00ab\u00a0semi-ouverte\u00a0\u00bb<a href=\"#_ftn17\" name=\"_ftnref17\">[17]<\/a> et, qui plus est, semi-int\u00e9gr\u00e9e dans le fonctionnement de la Toscane. En effet, \u00e0 bien regarder les documentations relatives \u00e0 Bastia, la <em>metropoli<\/em> du <em>Regno di Corsica<\/em>, l\u2019on d\u00e9couvre des \u00e9lites bourgeoises dont on ne saurait d\u00e9terminer si elles sont davantage bastiaises ou livournaises<a href=\"#_ftn18\" name=\"_ftnref18\">[18]<\/a>\u00a0! Ceci explique les raisons pour lesquelles les \u00e9lites corses n\u2019\u00e9prouvent gu\u00e8re le besoin de d\u00e9velopper localement des structures \u00e9ducatives et culturelles, dans la mesure o\u00f9 la proximit\u00e9 et l\u2019int\u00e9gration de la Corse \u00e0 la <em>Terraferma<\/em> est suffisamment importante. L\u2019\u00e9vocation du temps du gouverneur Giovanni Prato (1690-1692) appara\u00eet, comme \u00e9crit par ailleurs, d\u2019ordre strictement contextuelle. \u00c0 l\u2019inverse, l\u2019\u00e9loignement de la Sardaigne conduit \u00e0 un allongement des mobilit\u00e9s et donc au besoin de d\u00e9velopper localement les structures culturelles n\u00e9cessaires \u00e0 l\u2019\u00e9quilibre territorial\u00a0: l\u2019universit\u00e9 de Cagliari ouvre ainsi ses portes en 1606 et celle de Sassari en 1617.<\/p>\t\t\t\t\t\t\t\t<\/div>\n\t\t\t\t<\/div>\n\t\t\t\t\t<\/div>\n\t\t<\/div>\n\t\t\t\t<div class=\"elementor-column elementor-col-50 elementor-top-column elementor-element elementor-element-707d203 elementor-hidden-mobile\" data-id=\"707d203\" data-element_type=\"column\" data-e-type=\"column\">\n\t\t\t<div class=\"elementor-widget-wrap elementor-element-populated\">\n\t\t\t\t\t\t<div class=\"elementor-element elementor-element-b53dd38 elementor-widget-divider--view-line_text elementor-widget-divider--element-align-center elementor-widget elementor-widget-divider\" data-id=\"b53dd38\" data-element_type=\"widget\" data-e-type=\"widget\" data-widget_type=\"divider.default\">\n\t\t\t\t<div class=\"elementor-widget-container\">\n\t\t\t\t\t\t\t<div class=\"elementor-divider\">\n\t\t\t<span class=\"elementor-divider-separator\">\n\t\t\t\t\t\t\t<p class=\"elementor-divider__text elementor-divider__element\">\n\t\t\t\tPage 1\t\t\t\t<\/p>\n\t\t\t\t\t\t<\/span>\n\t\t<\/div>\n\t\t\t\t\t\t<\/div>\n\t\t\t\t<\/div>\n\t\t\t\t<div class=\"elementor-element elementor-element-4979351 elementor-widget elementor-widget-text-editor\" data-id=\"4979351\" data-element_type=\"widget\" data-e-type=\"widget\" data-widget_type=\"text-editor.default\">\n\t\t\t\t<div class=\"elementor-widget-container\">\n\t\t\t\t\t\t\t\t\t<p><a href=\"#_ftn1\">[1] Cet article doit, bien \u00e9videmment, beaucoup \u00e0 Antoine-Marie Graziani pour&#8230;<\/a><\/p><p><a href=\"#_ftn2\">[2] <em>Ragguagli dell\u2019Isola di Corsica \/ \u00c9chos de l\u2019\u00eele de Corse, 1760-1768, Premi\u00e8re&#8230;<\/em><\/a><\/p><p><a href=\"#_ftn3\">[3] Erick Miceli, <em>Les r\u00e9volutions corses et l\u2019id\u00e9e r\u00e9publicaine : Pascal Paoli face&#8230;<\/em><\/a><\/p><p><a href=\"#_ftn4\">[4] Antoine-Marie Graziani, \u00ab Pascal Paoli et le Visiteur apostolique \u00bb, dans Pascal&#8230;<\/a><\/p><p><a href=\"#_ftn5\">[5] Les r\u00e9flexions sur l\u2019<em>intelligence<\/em> g\u00e9noises doivent beaucoup au dernier&#8230;<\/a><\/p><p><a href=\"#_ftn6\">[6] La th\u00e8se de Paul Turchi-Duriani (\u00ab L\u2019implantation des Corses \u00e0 Rome&#8230;<\/a><a href=\"#_ftnref7\" name=\"_ftn7\"><\/a><\/p>\t\t\t\t\t\t\t\t<\/div>\n\t\t\t\t<\/div>\n\t\t\t\t<div class=\"elementor-element elementor-element-c283d67 elementor-widget elementor-widget-text-editor\" data-id=\"c283d67\" data-element_type=\"widget\" data-e-type=\"widget\" data-widget_type=\"text-editor.default\">\n\t\t\t\t<div class=\"elementor-widget-container\">\n\t\t\t\t\t\t\t\t\t<p><a href=\"#_ftn7\">[7] Archives de la Collectivit\u00e9 de Corse, Bastia, 3G3\/49, Stato libero de Giacomo&#8230;<\/a><\/p>\t\t\t\t\t\t\t\t<\/div>\n\t\t\t\t<\/div>\n\t\t\t\t<div class=\"elementor-element elementor-element-c7095c9 elementor-absolute elementor-widget elementor-widget-text-editor\" data-id=\"c7095c9\" data-element_type=\"widget\" data-e-type=\"widget\" data-settings=\"{&quot;_position&quot;:&quot;absolute&quot;}\" data-widget_type=\"text-editor.default\">\n\t\t\t\t<div class=\"elementor-widget-container\">\n\t\t\t\t\t\t\t\t\t<p><a href=\"#_ftn8\">[8] Biblioth\u00e8que patrimoniale de Bastia, MS., Copia di una scrittura stampata&#8230;<\/a><\/p><p><a href=\"#_ftn9\">[9] Archivio di Stato di Genova, <em>Archivio Segreto<\/em>, 347A, Lettera dei compatrioti&#8230;<\/a><\/p><p><a href=\"#_ftn10\">[10] [Don Gregorio Salvini et Pascal Paoli], <em>Lettera di un Corso abitante in Corsica&#8230;<\/em><\/a><\/p><p><a href=\"#_ftn11\">[11] Quant au polycentrisme, je m\u2019inspire de l\u2019approche de Yasmina Roc\u00edo Ben&#8230;<\/a><\/p><p><a href=\"#_ftn12\">[12] Sur la culture en Corse, se conf\u00e9rer notamment \u00e0 Eug\u00e8ne F.-X. Gherardi&#8230;<\/a><\/p><p><a href=\"#_ftn13\">[13] Pour ne citer que les pages les plus fameuses de la [Don Gregorio Salvini]&#8230;<\/a><\/p><p><a href=\"#_ftn14\">[14] Michel Fontenay, \u00ab La Corse \u00eele double \u00bb, dans Antoine-Marie Graziani et&#8230;<\/a><\/p><p><a href=\"#_ftn15\">[15] Christopher Denis-Delacour, <em>Devenir marin de Rome. Cosmopolitisme&#8230;<\/em><\/a><\/p><p><a href=\"#_ftn146\">[16] Giampaolo Salice, <em>Il mare degli altri. Colonie di popolamento del Regno&#8230;<\/em><\/a><\/p><p><a href=\"#_ftn17\">[17] Erick Miceli, \u00ab\u00a0La Corse, d\u2019une \u00eele \u201csemi-ouverte\u00a0\u00bb \u00e0 \u201cferm\u00e9e\u201d\u00a0? (xviii<sup>e<\/sup> si\u00e8cle)&#8230;<\/a><\/p><p><a href=\"#_ftn18\">[18] C\u2019est le cas des Favalelli, voir Erick Miceli, \u00ab La puissance du r\u00e9seau. Les&#8230;<\/a><\/p>\t\t\t\t\t\t\t\t<\/div>\n\t\t\t\t<\/div>\n\t\t\t\t\t<\/div>\n\t\t<\/div>\n\t\t\t\t\t<\/div>\n\t\t<\/section>\n\t\t\t\t<section data-particle_enable=\"false\" data-particle-mobile-disabled=\"false\" class=\"elementor-section elementor-top-section elementor-element elementor-element-6a44dc54 elementor-section-boxed elementor-section-height-default elementor-section-height-default\" data-id=\"6a44dc54\" data-element_type=\"section\" data-e-type=\"section\">\n\t\t\t\t\t\t<div class=\"elementor-container elementor-column-gap-default\">\n\t\t\t\t\t<div class=\"elementor-column elementor-col-50 elementor-top-column elementor-element elementor-element-28327b87\" data-id=\"28327b87\" data-element_type=\"column\" data-e-type=\"column\">\n\t\t\t<div class=\"elementor-widget-wrap elementor-element-populated\">\n\t\t\t\t\t\t<div class=\"elementor-element elementor-element-3835c7e4 elementor-widget elementor-widget-text-editor\" data-id=\"3835c7e4\" data-element_type=\"widget\" data-e-type=\"widget\" data-widget_type=\"text-editor.default\">\n\t\t\t\t<div class=\"elementor-widget-container\">\n\t\t\t\t\t\t\t\t\t<p>Du temps des R\u00e9volutions, le projet d\u2019une universit\u00e9 publique d\u2019\u00e9tudes sera avanc\u00e9 \u00e0 plusieurs reprises par les rebelles. La premi\u00e8re occurrence date du temps de Th\u00e9odore de Neuhoff (avril 1736<a href=\"#_ftn19\" name=\"_ftnref19\">[19]<\/a>), dans le texte dit de la constitution. En fait, ce roi \u00e9lu aux allures de podestat<a href=\"#_ftn20\" name=\"_ftnref20\">[20]<\/a> n\u2019en est pas \u00e0 l\u2019origine, puisque les d\u00e9lib\u00e9rations d\u2019Alesani sont l\u2019\u0153uvre de Giacinto Paoli et de Sebastiano Costa, deux hommes qui ont \u00e9merg\u00e9 gr\u00e2ce \u00e0 l\u2019\u00e9ducation dispens\u00e9e au Coll\u00e8ge del Bene de G\u00eanes et qui voient, dans cette posture s\u00e9cessionniste, s\u2019\u00e9vanouir l\u2019instrument de distinction sociale qu\u2019est l\u2019\u00e9ducation. Selon la formule de Costa, acteur et m\u00e9morialiste avide d\u2019une gloire tout \u00e0 fait personnelle, c\u2019est ici, d\u00e9sormais, \u00ab au milieu de nous, que les sciences auront asile. Les universit\u00e9s s\u2019ouvriront, les coll\u00e8ges se construiront. C\u2019est sur son sol que na\u00eetront les chevaliers, les comtes et les marquis, les pr\u00e9lats, les \u00e9v\u00eaques, les abb\u00e9s\u00a0\u00bb<a href=\"#_ftn21\" name=\"_ftnref21\">[21]<\/a>. Il reste que le projet ne dispara\u00eet gu\u00e8re du corpus contestataire\u00a0: le 19 novembre 1750, plusieurs notables du Del\u00e0-des-Monts \u2013 parmi lesquels Giacomo Antonio Forcioli, Giacomo Roccatagliata, Gio Batta Bianchi, Paolo Agostino Colonna d\u2019Istria, Gio Agostino Pozzo di Borgo et Gionchino Celli \u2013 reprennent \u00e0 leur charge l\u2019id\u00e9e d\u2019une structure \u00e9ducative<a href=\"#_ftn22\" name=\"_ftnref22\">[22]<\/a>. Il reviendra cependant \u00e0 Gian Pietro Gaffori \u2013 dont la dynamique est assur\u00e9e par le parti Matra (reprenant les d\u00e9bris du Rivarola) \u2013 de r\u00e9insuffler ce projet au sein de sa dynamique : il appara\u00eet lors des premi\u00e8res n\u00e9gociations avec S\u00e9raphin-Marie-Rioult de Douilly (1705-ap. 1765) dit marquis de Cursay lors de la <em>consulta<\/em> du 14 janvier 1749<a href=\"#_ftn23\" name=\"_ftnref23\">[23]<\/a> puis r\u00e9guli\u00e8rement replong\u00e9 dans les n\u00e9gociations comme \u00e0 Oletta lorsque l\u2019on sugg\u00e8re que 15 \u00e0 16 000 sequins soient retranch\u00e9s des imp\u00f4ts et y soient d\u00e9di\u00e9s<a href=\"#_ftn24\" name=\"_ftnref24\">[24]<\/a>. Vers 1753, Gaffori r\u00e9digera m\u00eame un m\u00e9moire<a href=\"#_ftn25\" name=\"_ftnref25\">[25]<\/a> dans lequel est \u00e9voqu\u00e9e l\u2019id\u00e9e de d\u00e9velopper les \u00ab sciences et les arts sans aucune d\u00e9pense. Et dans l\u2019espace de quelques ann\u00e9es, suivra une florissante universit\u00e9\u00a0\u00bb<a href=\"#_ftn26\" name=\"_ftnref26\">[26]<\/a>\u00a0; expression qui affichera une nette proximit\u00e9 avec celle de Pascal Paoli retranscrite par James Boswell<a href=\"#_ftn27\" name=\"_ftnref27\">[27]<\/a>\u00a0! C\u2019est donc bien ce m\u00e9moire d\u00e9tenu avec d\u2019autres papiers par la veuve Faustina Maria Matra que le nouveau g\u00e9n\u00e9ral parvient \u00e0 obtenir gr\u00e2ce \u00e0 la m\u00e9diation du docteur Paolo Casabianca<a href=\"#_ftn28\" name=\"_ftnref28\">[28]<\/a>\u00a0!<\/p><p>L\u2019assassinat de Gaffori organis\u00e9 par le front de parent\u00e9 des Romei en date du 2 octobre 1753<a href=\"#_ftn29\" name=\"_ftnref29\">[29]<\/a> fait, d\u2019une part capoter le projet de conciliation port\u00e9 par le parti Matra, mais \u00e9galement celui d\u2019une structure \u00e9ducative soutenue par une entit\u00e9 suprar\u00e9gionale. La mort du g\u00e9n\u00e9ral ne signe pas pour autant la fin des discussions relatives \u00e0 ce sujet\u00a0: en effet, le projet d\u2019une structure universitaire ne dispara\u00eet pas pour autant et compla\u00eet aux notabilit\u00e9s de la riche et puissante r\u00e9gion de Balagne au point que plusieurs d\u2019entre elles \u2013 sans que ces notables ne soient, \u00e0 ce jour, formellement identifi\u00e9s, mais sans aucun doute ce sont ceux que l\u2019on retrouvera autour de Don Gregorio Salvini lors du n\u0153ud de 1761-1763 \u2013 d\u00e9cident de se r\u00e9approprier le projet pour forcer l\u2019ouverture d\u2019une structure \u00e9ducative dans la province\u00a0: en mai 1755, le Balanin Antonio Graziani \u2013 membre de la d\u00e9l\u00e9gation qui s\u2019\u00e9tait rendue \u00e0 Bastia en juin 1753<a href=\"#_ftn30\" name=\"_ftnref30\">[30]<\/a> et o\u00f9 participait Salvini \u2013 rejoint Rome pour porter devant les Pontificaux le projet d\u2019une \u00ab\u00a0maison d\u2019\u00e9ducation\u00a0\u00bb<a href=\"#_ftn31\" name=\"_ftnref31\">[31]<\/a> \u00e0 Monticello, le tout, en prospectant pour que quelques b\u00e9n\u00e9fices lui soient d\u00e9di\u00e9s. Si l\u2019espionnage g\u00e9nois suit de pr\u00e8s le Balanin, c\u2019est lui qui, \u00e0 la surprise g\u00e9n\u00e9rale, vient rencontrer l\u2019envoy\u00e9 consulaire pour recevoir la b\u00e9n\u00e9diction de la R\u00e9publique<a href=\"#_ftn32\" name=\"_ftnref32\">[32]<\/a>\u00a0! Ainsi, pendant pr\u00e8s d\u2019un an, Graziani s\u2019installe \u00e0 Rome o\u00f9 il fr\u00e9quente quotidiennement le consul Scipione Giuseppe Casale et, \u00e0 force de rencontres<a href=\"#_ftn33\" name=\"_ftnref33\">[33]<\/a>, il acquiert m\u00eame son amiti\u00e9<a href=\"#_ftn34\" name=\"_ftnref34\">[34]<\/a>. Dans sa d\u00e9p\u00eache du 1<sup>er<\/sup> mai 1756, Casale \u00e9crit que \u00ab\u00a0le pr\u00eatre Graziani n\u2019ayant rien pu obtenir [\u2026] est sur le point de repartir \u00bb<a href=\"#_ftn35\" name=\"_ftnref35\">[35]<\/a>, chose faite dans les semaines qui suivent. Si le Balanin se confronte \u00e0 une fin de non-recevoir (dont les raisons ne sont pas explicit\u00e9es\u00a0: le projet ne re\u00e7oit-il juste pas d\u2019\u00e9cho positif\u00a0? ou bien sont-ce les concurrence locales qui l\u2019emportent\u00a0?), l\u2019affaire de la structure \u00e9ducative n\u2019est pas termin\u00e9e\u00a0: le projet continue d\u2019\u00eatre discut\u00e9 \u00e0 Rome, sans interruption apparente dans la documentation de l\u2019espionnage, par deux autres religieux, le pr\u00eatre Casabianca et le chanoine Natali<a href=\"#_ftn36\" name=\"_ftnref36\">[36]<\/a>, entr\u00e9s depuis quelques temps d\u00e9j\u00e0 dans le phare documentaire de l\u2019<em>intelligence<\/em> g\u00e9noise.<\/p><p>Si l\u2019identit\u00e9 du pr\u00eatre Casabianca n\u2019est pas ais\u00e9e \u00e0 d\u00e9couvrir, l\u2019on peut sp\u00e9culer sur le fait qu\u2019il s\u2019agisse du docteur Paolo Casabianca (<em>c<\/em>. 1725 &#8211; ap. 1787) \u2013 charg\u00e9 de r\u00e9cup\u00e9rer les papiers de la veuve Faustina Maria \u2013 et que l\u2019on saura \u00eatre un membre pivot des <em>Cinque pievi<\/em> dans la conqu\u00eate du pouvoir. En effet, on sait que Paolo est pr\u00e9sent au c\u00f4t\u00e9 de Pascal Paoli au moins \u00e0 partir du 26 d\u00e9cembre 1755<a href=\"#_ftn37\" name=\"_ftnref37\">[37]<\/a>\u00a0; d\u00e8s lors, il ne le l\u00e2che plus et l\u2019accompagnera jusqu\u2019\u00e0 la conqu\u00eate avant d\u2019int\u00e9grer les <em>consulte<\/em> fran\u00e7aises comme membre du Tiers \u00c9tats. Avant ces deux p\u00e9riodes, on sait que l\u2019homme s\u2019est form\u00e9 \u00e0 Rome o\u00f9 il participera aux milieux acad\u00e9miques pontificaux\u00a0\u2013 point qui fera l\u2019objet d\u2019une publication prochaine \u2013 ; en somme, tout colle. Quant \u00e0 Natali, les choses sont moins embrum\u00e9es : il s\u2019agit de Giulio Matteo (1702-1782) originaire d\u2019Oletta, riche bourgade du sud de Bastia d\u2019o\u00f9 bien des grandes familles de la <em>metropoli<\/em> du royaume sont originaires. Apr\u00e8s des \u00e9tudes au Coll\u00e8ge del Bene et possiblement quelques autres ann\u00e9es pass\u00e9es en <em>Terraferma<\/em> \u2013 il est encore \u00e0 G\u00eanes en f\u00e9vrier 1729 puisqu\u2019il r\u00e9dige plusieurs lettres au sujet d\u2019une de ses connaissances partie aux \u00ab\u00a0Indes\u00a0\u00bb avec patente pontificale<a href=\"#_ftn38\" name=\"_ftnref38\">[38]<\/a>. Natali est, ensuite, d\u00e9j\u00e0 en poste en Corse lorsqu\u2019\u00e9clate la r\u00e9volte et quand les \u00ab\u00a0gouverneurs\u00a0\u00bb et les \u00ab\u00a0capitaines du peuple\u00a0\u00bb Andrea Colonna Ceccaldi et Luigi Giafferi convoquent les vingt religieux au couvent d\u2019Orezza du 4 au 9 mars 1731. Selon les G\u00e9nois, <em>Il Natali<\/em> n\u2019aurait pas \u00e9t\u00e9 de ceux qui adopt\u00e8rent la posture la plus radicale mais, tout au contraire, peut-\u00eatre la plus mod\u00e9r\u00e9e\u00a0; chose tout \u00e0 fait int\u00e9ressante dans la mesure o\u00f9, d\u00e8s le 15 avril 1732, il signe le premier imprim\u00e9 r\u00e9volutionnaire, la <em>Lettera di un Corso<\/em><a href=\"#_ftn39\" name=\"_ftnref39\">[39]<\/a>,<a href=\"#_ftn40\" name=\"_ftnref40\">[40]<\/a> puis, plus c\u00e9l\u00e8bre encore, le <em>Disinganno intorno alla guerra di Corsica<\/em><a href=\"#_ftn41\" name=\"_ftnref41\">[41]<\/a> publi\u00e9 \u00e0 Cologne en 1736, vraisemblablement un faux lieu d\u2019impression. Cette \u0153uvre radicale \u2013 qui porte onze r\u00e9f\u00e9rences \u00e0 la guerre juste sur un peu moins d\u2019une centaine de pages<a href=\"#_ftn42\" name=\"_ftnref42\">[42]<\/a> \u2013 fit la r\u00e9putation de Natali puisqu\u2019on dit de lui qu\u2019il est celui qui pr\u00f4ne une \u00ab\u00a0<em>cruciata\u00a0<\/em>\u00bb<a href=\"#_ftn43\" name=\"_ftnref43\">[43]<\/a> contre la R\u00e9publique de G\u00eanes.<\/p><p>Le parcours de Giulio Matteo est donc celui d\u2019individus qui ne sont gu\u00e8re favorables au conflit puis qui se trouvent engag\u00e9s dans une d\u00e9marche de radicalisation. Il est, d\u00e8s lors, rep\u00e9r\u00e9 comme l\u2019une des figures id\u00e9ologiques les plus radicales et les r\u00e9seaux g\u00e9nois ne le l\u00e2cheront plus. Tr\u00e8s souvent d\u2019ailleurs, quand les r\u00e9seaux de l\u2019<em>intelligence <\/em>g\u00e9noise discutent de Natali, c\u2019est pour d\u00e9signer tout un groupe qui agit autour de lui<a href=\"#_ftn44\" name=\"_ftnref44\">[44]<\/a>. En 1739, Natali<a href=\"#_ftn45\" name=\"_ftnref45\">[45]<\/a> et les siens apparaissent comme un groupe favorable \u00e0 une posture d\u2019union autour du contest\u00e9 roi Th\u00e9odore et livrera l\u2019un des \u00e9crits r\u00e9volutionnaires parmi les plus int\u00e9ressants et structur\u00e9s sugg\u00e9rant que premi\u00e8rement \u00ab\u00a0<em>lecita e lodevole la sottrazione de\u2019Popoli Corsi dal Comando veramente Tirannico Genovese Senato\u00a0<\/em>\u00bb<a href=\"#_ftn46\" name=\"_ftnref46\">[46]<\/a><em>\u00a0<\/em>; deuxi\u00e8mement \u00ab\u00a0<em>valida, e giovevole l\u2019Elezzione del Baron di Neuhoff <\/em>comme<em> R\u00e8 Theodore<\/em>\u00a0\u00bb\u00a0; troisi\u00e8mement, n\u00e9cessaire et indispensable selon le droit divin, naturel et humain l\u2019ob\u00e9issance des \u00ab\u00a0<em>Popoli Corsi<\/em>\u00a0\u00bb puis, quatri\u00e8mement, que la soustraction des \u00ab\u00a0<em>Popoli della Corsica dal Dominio del\u2019Genovese Senato<\/em>\u00a0\u00bb est bonne, n\u00e9cessaire et surtout l\u00e9gitime. \u00c0 ce stade, la posture n\u2019est donc gu\u00e8re align\u00e9e sur la tendance r\u00e9volutionnaire qui a pris la main des affaires en Corse, \u00e0 savoir le parti Rivarola (puis <em>in extenso<\/em> Matra-Gaffori). Le <em>Disinganno secondo<\/em> dat\u00e9 du 1<sup>er<\/sup> janvier 1745 franchissait, lui aussi, un cran suppl\u00e9mentaire dans la radicalisation des r\u00e9volutionnaires romains<a href=\"#_ftn47\" name=\"_ftnref47\">[47]<\/a>. Ces Romains ont donc une posture qui diff\u00e8re de ceux qui tiennent, sur l\u2019\u00eele, les r\u00eanes de la r\u00e9volte. Ainsi, le nom qui r\u00e9appara\u00eet dans les r\u00e9seaux de l\u2019<em>intelligence<\/em> au lendemain de la mission du Balanin Antonio Graziani n\u2019est pas celui d\u2019un inconnu\u00a0: c\u2019est un homme qui, entre 1732 et 1756, concentre les inqui\u00e9tudes et appara\u00eet comme une menace \u00e0 l\u2019ordre. Et c\u2019est imm\u00e9diatement \u00e0 la suite de cet \u00e9pisode qu\u2019appara\u00eet, parmi les discussions politiques des S\u00e9r\u00e9nissimes S\u00e9nats, le projet de l\u2019\u00e9liminer. Si bien des \u00e9l\u00e9ments li\u00e9s \u00e0 l\u2019oralit\u00e9 des d\u00e9bats \u00e9chappent \u00e0 la production documentaire, il appara\u00eet de fa\u00e7on nette que les s\u00e9nateurs pensent supprimer un homme ayant une fonction nodale au sein des r\u00e9seaux de r\u00e9volutionnaires. Supprimer l\u2019homme aura pour finalit\u00e9 de d\u00e9structurer le r\u00e9seau et l\u2019emp\u00eacher dans son action, et en effet, les r\u00e9seaux diasporiques corses se structurant autour de r\u00e9seaux personnels (souvent eux-m\u00eames structur\u00e9s autour des origines r\u00e9gionales).<\/p>\t\t\t\t\t\t\t\t<\/div>\n\t\t\t\t<\/div>\n\t\t\t\t\t<\/div>\n\t\t<\/div>\n\t\t\t\t<div class=\"elementor-column elementor-col-50 elementor-top-column elementor-element elementor-element-5b755a57 elementor-hidden-mobile\" data-id=\"5b755a57\" data-element_type=\"column\" data-e-type=\"column\">\n\t\t\t<div class=\"elementor-widget-wrap elementor-element-populated\">\n\t\t\t\t\t\t<div class=\"elementor-element elementor-element-34b8d34 elementor-widget-divider--view-line_text elementor-widget-divider--element-align-center elementor-widget elementor-widget-divider\" data-id=\"34b8d34\" data-element_type=\"widget\" data-e-type=\"widget\" data-widget_type=\"divider.default\">\n\t\t\t\t<div class=\"elementor-widget-container\">\n\t\t\t\t\t\t\t<div class=\"elementor-divider\">\n\t\t\t<span class=\"elementor-divider-separator\">\n\t\t\t\t\t\t\t<p class=\"elementor-divider__text elementor-divider__element\">\n\t\t\t\tPage 2\t\t\t\t<\/p>\n\t\t\t\t\t\t<\/span>\n\t\t<\/div>\n\t\t\t\t\t\t<\/div>\n\t\t\t\t<\/div>\n\t\t\t\t<div class=\"elementor-element elementor-element-6814695 elementor-widget elementor-widget-text-editor\" data-id=\"6814695\" data-element_type=\"widget\" data-e-type=\"widget\" data-widget_type=\"text-editor.default\">\n\t\t\t\t<div class=\"elementor-widget-container\">\n\t\t\t\t\t\t\t\t\t<p><a href=\"#_ftn19\">[19] On y \u00e9voque une <em>pubblica Universit\u00e0 di Studj, tanto delle Scienze, comme&#8230;<\/em><\/a><\/p><p><a href=\"#_ftn20\">[20] D\u2019autant plus dans cette Europe de l\u2019Ancien R\u00e9gime o\u00f9 la monarchie \u00e9lective&#8230;<\/a><\/p><p><a href=\"#_ftn21\">[21] Sebastiano Costa, <em>M\u00e9moires (1732-1736)<\/em>, \u00e9d. critique, traduction et notes&#8230;<\/a><\/p><p><a href=\"#_ftn22\">[22] Archivio di Stato di Genova, <em>Corsica<\/em>, 1471\/29, Lettre de Giacomo Antonio&#8230;<\/a><\/p><p><a href=\"#_ftn23\">[23] Biblioth\u00e8que patrimoniale de Bastia, MS., Kerenveyer, Demandes des Corses&#8230;<\/a><\/p><p><a href=\"#_ftn24\">[24] Archivio di Stato di Genova, <em>Archivio Segreto<\/em>, 347A.<\/a><\/p><p><a href=\"#_ftn25\">[25] Lettre n\u00b0\u00a086, Pascal Paoli \u00e0 Gian Quilico Casabianca, le 19 octobre 1755.<\/a><\/p><p><a href=\"#_ftn26\">[26] Cit\u00e9 dans Jean-Guy Talamoni, <em>Le R\u00e9publicanisme corse. Sources&#8230;<\/em><\/a><\/p><p><a href=\"#_ftn27\">[27] James Boswell, <em>\u00c9tat de la Corse suivi d\u2019un Journal d\u2019un voyage dans l\u2019isle&#8230;<\/em><\/a><\/p><p><a href=\"#_ftn28\">[28] Lettre n\u00b0\u00a086, Pascal Paoli \u00e0 Gian Quilico Casabianca, le 19 octobre 1755.<\/a><\/p><p><a href=\"#_ftn29\">[29] Erick Miceli, <em>Les r\u00e9volutions corses et l\u2019id\u00e9e r\u00e9publicaine : Pascal Paoli face \u00e0&#8230;<\/em><\/a><\/p><p><a href=\"#_ftn30\">[30] Biblioteca Civica Berio di Genova, r. r. VII 3 43, Memoria delle richieste che&#8230;<\/a><\/p><p><a href=\"#_ftn31\">[31] Archivio di Stato di Genova, <em>Archivio Segreto<\/em>, 2397, Lettre de Scipione&#8230;<\/a><\/p><p><a href=\"#_ftn32\">[32] <em>Ibid.<\/em>, Lettre de Scipione Giuseppe Casale, le 7 juin 1755. (<em>Il <\/em><em>nominato prete&#8230;<\/em><\/a><\/p><p><a href=\"#_ftn33\">[33] <em>Ibid.<\/em>, Lettre de Scipione Giuseppe Casale, sd. (<em>Essendo appunto venuto da&#8230;<\/em><\/a><\/p><p><a href=\"#_ftn34\">[34] <em>Ibid.<\/em>, Lettre de Scipione Giuseppe Casale, le 2 ao\u00fbt 1755.<\/a><\/p><p><a href=\"#_ftn35\">[35] <em>Ibid.<\/em>, Lettre de Scipione Giuseppe Casale, le 1<sup>er<\/sup> mai 1756.<\/a><\/p><p><a href=\"#_ftn36\">[36] Archivio di Stato di Genova, <em>Archivio Segreto<\/em>, 2157, Lettre du 10 janvier 1756.<\/a><\/p><p><a href=\"#_ftn37\">[37] Lettre n\u00b0\u00a0118, le 26 d\u00e9cembre 1755, Lettre au <em>popolo<\/em> de Patrimonio.<\/a><\/p><p><a href=\"#_ftn38\">[38] Collection particuli\u00e8re, Lettre de Giulio Matteo Natali, le 13 f\u00e9vrier 1729&#8230;<\/a><\/p>\t\t\t\t\t\t\t\t<\/div>\n\t\t\t\t<\/div>\n\t\t\t\t<div class=\"elementor-element elementor-element-09a6a5a elementor-widget elementor-widget-text-editor\" data-id=\"09a6a5a\" data-element_type=\"widget\" data-e-type=\"widget\" data-widget_type=\"text-editor.default\">\n\t\t\t\t<div class=\"elementor-widget-container\">\n\t\t\t\t\t\t\t\t\t<p>\u00a0<\/p><p><a href=\"#_ftn39\">[39] [Giulio Matteo Natali], <em>Lettera d\u2019un Corso ad un suo amico nazionale abitante&#8230;<\/em><\/a><\/p><p><a href=\"#_ftn40\">[40] Pr\u00e9cisons qu\u2019il a parfois \u00e9t\u00e9 \u00e9crit que la <em>Lettera<\/em> avait \u00e9t\u00e9 l\u2019\u0153uvre de Federico&#8230;<\/a><\/p><p><a href=\"#_ftn41\">[41] [Giulio Matteo Natali], <em>Disinganno intorno alla guerra di Corsica scoperto&#8230;<\/em><\/a><\/p><p><a href=\"#_ftn42\">[42] On compte 11 r\u00e9f\u00e9rences pour les pp. 3-101 : statistique effectu\u00e9e sur une&#8230;<\/a><\/p><p><a href=\"#_ftn43\">[43] Archivio di Stato di Genova, <em>Archivio Segreto<\/em>, 2157, Registro delle lettere&#8230;<\/a><\/p><p><a href=\"#_ftn44\">[44] En \u00e9tant, parfois, des sociabilit\u00e9s dormantes r\u00e9veill\u00e9es par les crises&#8230;<\/a><\/p><p><a href=\"#_ftn45\">[45] Biblioth\u00e8que patrimoniale de Bastia, MS., Lettre d\u2019A.L.S., sl. nd. accompagnant&#8230;<\/a><\/p><p><a href=\"#_ftn46\">[46] Archivio di Stato di Torino, <em>Negoziazioni con la Corsica<\/em>, Mazzo 1 non&#8230;<\/a><\/p><p><a href=\"#_ftn47\">[47] Je renvoie \u00e0 Erick Miceli, \u00ab La Corse entre trois souverainet\u00e9s, 1750-1770&#8230;<\/a><\/p>\t\t\t\t\t\t\t\t<\/div>\n\t\t\t\t<\/div>\n\t\t\t\t\t<\/div>\n\t\t<\/div>\n\t\t\t\t\t<\/div>\n\t\t<\/section>\n\t\t\t\t<section data-particle_enable=\"false\" data-particle-mobile-disabled=\"false\" class=\"elementor-section elementor-top-section elementor-element elementor-element-28de947 elementor-section-boxed elementor-section-height-default elementor-section-height-default\" data-id=\"28de947\" data-element_type=\"section\" data-e-type=\"section\">\n\t\t\t\t\t\t<div class=\"elementor-container elementor-column-gap-default\">\n\t\t\t\t\t<div class=\"elementor-column elementor-col-50 elementor-top-column elementor-element elementor-element-1c41a82f\" data-id=\"1c41a82f\" data-element_type=\"column\" data-e-type=\"column\">\n\t\t\t<div class=\"elementor-widget-wrap elementor-element-populated\">\n\t\t\t\t\t\t<div class=\"elementor-element elementor-element-2ef2e7f2 elementor-widget elementor-widget-text-editor\" data-id=\"2ef2e7f2\" data-element_type=\"widget\" data-e-type=\"widget\" data-widget_type=\"text-editor.default\">\n\t\t\t\t<div class=\"elementor-widget-container\">\n\t\t\t\t\t\t\t\t\t<h3><em>D\u00e9cider \u00ab\u00a0l\u2019extinction\u00a0\u00bb d\u2019un individu nodal<\/em><\/h3><p>La R\u00e9publique de G\u00eanes n\u2019en est pas \u00e0 son coup d\u2019essai\u00a0: en 1753, durant la r\u00e9volution de Sanremo, les autorit\u00e9s g\u00e9noises ont song\u00e9 \u00e0 \u00e9liminer les principales figures politiques locales. Deux si\u00e8cles plus t\u00f4t, le commissaire Niccol\u00f2 Grimaldi n\u2019avait-il d\u00e9j\u00e0 pas \u00e9labor\u00e9 un projet d\u2019assassinat de Sampiero Corso<a href=\"#_ftn48\" name=\"_ftnref48\">[48]<\/a>\u00a0? Ce m\u00eame Sampiero qui pr\u00e9voyait d\u2019assassiner Charles Quint lors de sa venue \u00e0 Rome\u00a0? L\u2019on conna\u00eet l\u2019existence d\u2019actes notari\u00e9s stipulant les modalit\u00e9s et instruments qui doivent \u00eatre employ\u00e9s<a href=\"#_ftn49\" name=\"_ftnref49\">[49]<\/a>. Mais ce sera \u00e0 partir de 1689 que ces missions seront confi\u00e9es au<em> Magistrato degli Inquisitori di Stato<\/em><a href=\"#_ftn50\" name=\"_ftnref50\">[50]<\/a>, magistrature calqu\u00e9e sur la v\u00e9nitienne<a href=\"#_ftn51\" name=\"_ftnref51\">[51]<\/a>. Lors des R\u00e9volutions corses du xviii<sup>e<\/sup> si\u00e8cle, l\u2019assassinat appartient au panel des outils politiques \u00e0 disposition de la R\u00e9publique\u00a0: Fabio Vinciguerra<a href=\"#_ftn52\" name=\"_ftnref52\">[52]<\/a> \u2013 dit Filingheri dans les gazettes \u2013 ou encore Giovan Gavino de Loreto seront parmi les premi\u00e8res cibles et, en effet, l\u2019absence de verticalisation de la soci\u00e9t\u00e9 corse \u2013 eu \u00e9gard \u00e0 l\u2019absence du d\u00e9veloppement d\u2019une soci\u00e9t\u00e9 de cour \u2013 conduit le chef \u00e0 prendre de l\u2019importance <em>via<\/em> son r\u00f4le de m\u00e9diateur et d\u2019interm\u00e9diaire\u00a0; ainsi, en Corse, le chef n\u2019est gu\u00e8re le plus fort, mais celui disposant de la meilleure capacit\u00e9 m\u00e9diatrice. Au d\u00e9but de la d\u00e9cennie 1750, l\u2019on compte, avant d\u2019y renoncer, parmi les cibles potentielles l\u2019abb\u00e9 Luigi Zerbi<a href=\"#_ftn53\" name=\"_ftnref53\">[53]<\/a>, ce religieux fanatique qui avait r\u00e9ussi \u00e0 arracher au parti des <em>Cinque pievi<\/em> la <em>consulta<\/em> du 5 mai 1754 offrant la Nation \u00e0 l\u2019Ordre de Malte<a href=\"#_ftn54\" name=\"_ftnref54\">[54]<\/a>. Idem pour ce jeune homme ambitieux \u2013 Pascal Paoli \u2013 que l\u2019on soup\u00e7onne de vouloir \u00ab\u00a0jouer un r\u00f4le en Corse\u00a0\u00bb<a href=\"#_ftn55\" name=\"_ftnref55\">[55]<\/a> qui se trouve \u00e0 Porto Longone, lieu pivot dans la circulation de l\u2019\u00e9pistolaire entre la Corse et la <em>Terraferma<\/em>. Pour ces deux cas, il faut reconna\u00eetre que l\u2019<em>intelligence <\/em>g\u00e9noise sait faire remonter aupr\u00e8s des instances le nom d\u2019individus qui jouent effectivement un fort r\u00f4le politique ; restent les modalit\u00e9s op\u00e9rationnelles.<\/p><p>Quant \u00e0 Natali, on avait song\u00e9 une premi\u00e8re fois \u00e0 l\u2019\u00e9liminer en 1753-1754, peu apr\u00e8s la publication et la circulation de la <em>Padria di bando<\/em>, lors d\u2019une s\u00e9quence o\u00f9 planait le projet d\u2019une conciliation. Certains patriotes nationaux avaient alors accus\u00e9 les notables de ne prendre leurs responsabilit\u00e9s que quand cela les arrangeait<a href=\"#_ftn56\" name=\"_ftnref56\">[56]<\/a> et on y lisait, \u00e9galement, l\u2019importance de \u00ab\u00a0rompre tout pourparlers avec la R\u00e9publique, [afin de] reprendre les armes et mener contre elle une guerre acharn\u00e9e, jusqu\u2019au jour o\u00f9 sa domination aura disparu de l\u2019\u00eele\u00a0\u00bb<a href=\"#_ftn57\" name=\"_ftnref57\">[57]<\/a>. Giuseppe Maria Mambilla, en ce temps commissaire de Calvi, affirmera que Natali \u00e9tait l\u2019auteur dudit pamphlet et que \u00ab\u00a0<em>un po\u2019 di veleno potrebbe far ammutolire questa lingua pestifera, che sino di Roma si fa sentire in Corsica<\/em>\u00a0\u00bb<a href=\"#_ftn58\" name=\"_ftnref58\">[58]<\/a>. Reste que si la <em>Padria in bando<\/em> correspond bel et bien au <em>style<\/em> des Romains de l\u2019\u00e9cole natalienne, il n\u2019est pas si s\u00fbr que Giulio Matteo en soit \u00e0 l\u2019origine. Apr\u00e8s la publication de la <em>Giustificazione della rivoluzione di Corsica<\/em> en 1758, Pier Maria Giustiniani<a href=\"#_ftn59\" name=\"_ftnref59\">[59]<\/a> \u2013 ancien \u00e9v\u00eaque de Sagone, d\u00e9sormais de Vintimiglia et anti-franc-ma\u00e7on r\u00e9solu \u2013 d\u00e9clarera que l\u2019\u0153uvre est celle de Natali. Or, l\u00e0 encore, la chose n\u2019est pas si vraie car, comme nous l\u2019avons montr\u00e9 par ailleurs, si l\u2019\u0153uvre est majoritairement l\u2019\u0153uvre de Don Gregorio Salvini, elle est aussi composite car de la main d\u2019un \u00ab\u00a0Saliceti\u00a0\u00bb<a href=\"#_ftn60\" name=\"_ftnref60\">[60]<\/a>, l\u2019un des \u00e9l\u00e8ves av\u00e9r\u00e9s de Natali\u00a0; si le ma\u00eetre qui a attir\u00e9 l\u2019attention, c\u2019\u00e9tait l\u2019\u00e9l\u00e8ve qui agissait.<\/p><p>Agir sur la personne de Giulio Matteo Natali requiert cependant une certaine subtilit\u00e9\u00a0dans l\u2019action : l\u2019homme n\u2019est pas qu\u2019un rebelle en \u00e9tat de p\u00each\u00e9 mortel, mais un religieux que la fonction vient partiellement prot\u00e9ger. Fin d\u00e9cembre 1755, les S\u00e9r\u00e9nissimes S\u00e9nats d\u00e9cident de s\u2019en r\u00e9f\u00e9rer aupr\u00e8s de leur th\u00e9ologien national, le j\u00e9suite Giuseppe Maria Farina \u00e9lu cette m\u00eame ann\u00e9e \u00e0 la charge \u00e0 la suite de Solari, afin de produire un rapport sur la faisabilit\u00e9 th\u00e9ologique quant \u00e0 ce \u00ab\u00a0<em>canonico Natali reo di ribellione\u00a0<\/em>\u00bb<a href=\"#_ftn61\" name=\"_ftnref61\">[61]<\/a>. Apr\u00e8s r\u00e9daction, le rapport est lu le 13 f\u00e9vrier 1756 et pr\u00e9sente de fortes assises thomistes semblables \u00e0 celles qui seront mobilis\u00e9es pour \u00ab\u00a0l\u2019extinction\u00a0\u00bb de Francesco Arena en 1762<a href=\"#_ftn62\" name=\"_ftnref62\">[62]<\/a>. \u00ab\u00a0<em>L\u2019estinzione<\/em>\u00a0\u00bb ne sera cependant r\u00e9alis\u00e9e qu\u2019une ann\u00e9e plus tard, dans les rues de Rome. Les modalit\u00e9s emprunt\u00e9es par ceux charg\u00e9s des modalit\u00e9s op\u00e9ratives font que \u2013 plut\u00f4t qu\u2019employer des tueurs professionnels \u2013 l\u2019on d\u00e9cide de missionner un Corse qui permettrait de semer un trouble suppl\u00e9mentaire. Ainsi, comme l\u2019\u00e9crira l\u2019\u00e9v\u00eaque Giustiniani, le m\u00e9fait ne peut provenir de la R\u00e9publique mais plut\u00f4t d\u2019une \u00ab\u00a0vengeance transversale\u00a0selon une coutume de la Corse\u00a0\u00bb<a href=\"#_ftn63\" name=\"_ftnref63\">[63]<\/a>\u00a0! L\u2019homme charg\u00e9 du coup fatal est un certain Francesco Ambrosini d\u2019Algajola, un de ceux qui, selon les mots de Buonfiglio Guelfucci \u2013 qui fixera durablement le r\u00e9cit en 1764 <em>via<\/em> les dires rapport\u00e9s par servite Lorenzo Franceschi<a href=\"#_ftn64\" name=\"_ftnref64\">[64]<\/a> \u2013, auraient \u00e9t\u00e9 \u00ab\u00a0mis sur la bonne route par son Prince exemplaire\u00a0\u00bb<a href=\"#_ftn65\" name=\"_ftnref65\">[65]<\/a>\u00a0! Toutefois, \u00e0 bien regarder de quelle famille provient Ambrosini, on ne saurait douter du fait que Guelfucci arrange le r\u00e9cit \u00e0 sa fa\u00e7on. Le groupe familial appara\u00eet en effet comme une famille implant\u00e9e dans le pr\u00e9side puisqu\u2019on en retrouve encore plusieurs lors du recensement de 1769\u00a0: un Giuseppe (27 ans) <em>q. <\/em>Saverio (sergent dans la compagnie de Gregorio Graziani en 1751<a href=\"#_ftn66\" name=\"_ftnref66\">[66]<\/a>) mari\u00e9 depuis le 24 mai de cette ann\u00e9e \u00e0 une Anna Maria (30 ans). Les deux jeunes \u00e9poux avaient m\u00eame obtenu une dispense de consanguinit\u00e9 de Monseigneur Tommaso Struzzieri. On note \u00e9galement la pr\u00e9sence de deux autres Ambrosini (Gio Luca et Anton Paolo) pr\u00e9sents dans la compagnie Graziani<a href=\"#_ftn67\" name=\"_ftnref67\">[67]<\/a>. Tout indique une famille d\u2019Algajolais bien inscrits dans la d\u00e9marche loyaliste\u00a0! S\u2019il est plus que probable que les commanditaires institutionnels aient promis au jeune homme un p\u00e9cule qu\u2019il ne recevra jamais, l\u2019action ne semblait pas pour autant relever de la part de son auteur d\u2019un conflit moral et \u2013 \u00e0 l\u2019instar de la fratrie Romei qui a agi \u00e0 l\u2019encontre des volont\u00e9s institutionnelles \u2013 Ambrosini devait certainement sp\u00e9culer recevoir une juste r\u00e9compense de son investissement.<\/p><p>Malgr\u00e9 le r\u00f4le que jouerait la figure du G\u00e9nois dans les diff\u00e9rents r\u00e9cits contemporains \u2013 tant\u00f4t le manipulateur, ou seulement le froid instigateur \u2013, la pr\u00e9sence du Ligure est une constante\u00a0: un simple <em>Genovese<\/em><a href=\"#_ftn68\" name=\"_ftnref68\">[68]<\/a> quand chez d\u2019autres l\u2019identit\u00e9 appara\u00eet, ce serait Romano Palombo<a href=\"#_ftn69\" name=\"_ftnref69\">[69]<\/a>. Quoi qu\u2019il en soit, Francesco Ambrosini fait r\u00e9aliser \u00e0 ses frais un poignard en bec d\u2019oiseau avec le manche en vrille dans une boutique de Sottoripa, arme qui ne sera utilis\u00e9e qu\u2019au soir du 20 avril 1757, l\u2019\u00ab\u00a0<em>atroce succedeto<\/em>\u00a0\u00bb<a href=\"#_ftn70\" name=\"_ftnref70\">[70]<\/a> selon les envoy\u00e9s g\u00e9nois dans la Ville \u00e9ternelle. Les documents entre ces derniers et les S\u00e9r\u00e9nissimes S\u00e9nats ne trahissent en rien un quelconque r\u00f4le des agents diplomatiques dans cet \u00e9pisode\u00a0: sont-ils inform\u00e9s ou les instances agissent-elles en d\u00e9pit des agents locaux ? Car c\u2019est ce que l\u2019on constate lorsque les S\u00e9nats font assassiner le consul Francesco Arena dans les ge\u00f4les bastiaises, \u00e9pisode qui provoque un large \u00e9tonnement de la part du commissaire g\u00e9n\u00e9ral<a href=\"#_ftn71\" name=\"_ftnref71\">[71]<\/a>\u00a0! Quant \u00e0 Ambrosini, on sait qu\u2019il est accompagn\u00e9 (probablement de Palombo) mais que lui seul frappe Natali, qu\u2019il laisse \u00e0 terre, mort. Enfin, c\u2019est ce que pense Ambrosini puisqu\u2019une telle lame laisse\u00a0peu de doutes\u00a0: elle cause par sa courbure d\u2019importants d\u00e9g\u00e2ts, d\u2019autant plus qu\u2019elle requiert entre l\u2019assaillant et la victime une proximit\u00e9 physique et, en cons\u00e9quence, une violence dans la succession des chocs. Au sol et transperc\u00e9 de plusieurs coups, Natali aurait l\u00e2ch\u00e9 un\u00a0\u00ab\u00a0je suis d\u00e9j\u00e0 mort\u00a0\u00bb<a href=\"#_ftn72\" name=\"_ftnref72\">[72]<\/a> avant d\u2019\u00eatre port\u00e9 \u00e0 bout de bras par trois Capcorsins jusqu\u2019au palais o\u00f9 il r\u00e9side et o\u00f9 les premiers soins sont prodigu\u00e9s, vraisemblablement dispens\u00e9s par Natale Saliceti. Conform\u00e9ment \u00e0 son \u00e9tat de sant\u00e9 qui ne laisse qu\u2019une place mod\u00e9r\u00e9e \u00e0 l\u2019espoir, Natali re\u00e7oit l\u2019eucharistie puis l\u2019extr\u00eame-onction et, alors qu\u2019il souffre d\u00e9j\u00e0 \u2013 au moins depuis 1739<a href=\"#_ftn73\" name=\"_ftnref73\">[73]<\/a> \u2013 d\u2019importants probl\u00e8mes de sant\u00e9 \u00ab\u00a0le digne eccl\u00e9siastique ne surv\u00e9cut que par miracle\u00a0\u00bb<a href=\"#_ftn74\" name=\"_ftnref74\">[74]<\/a>\u00a0!<\/p>\t\t\t\t\t\t\t\t<\/div>\n\t\t\t\t<\/div>\n\t\t\t\t\t<\/div>\n\t\t<\/div>\n\t\t\t\t<div class=\"elementor-column elementor-col-50 elementor-top-column elementor-element elementor-element-2be04bee elementor-hidden-mobile\" data-id=\"2be04bee\" data-element_type=\"column\" data-e-type=\"column\">\n\t\t\t<div class=\"elementor-widget-wrap elementor-element-populated\">\n\t\t\t\t\t\t<div class=\"elementor-element elementor-element-18f13536 elementor-widget-divider--view-line_text elementor-widget-divider--element-align-center elementor-widget elementor-widget-divider\" data-id=\"18f13536\" data-element_type=\"widget\" data-e-type=\"widget\" data-widget_type=\"divider.default\">\n\t\t\t\t<div class=\"elementor-widget-container\">\n\t\t\t\t\t\t\t<div class=\"elementor-divider\">\n\t\t\t<span class=\"elementor-divider-separator\">\n\t\t\t\t\t\t\t<p class=\"elementor-divider__text elementor-divider__element\">\n\t\t\t\tPage 3\t\t\t\t<\/p>\n\t\t\t\t\t\t<\/span>\n\t\t<\/div>\n\t\t\t\t\t\t<\/div>\n\t\t\t\t<\/div>\n\t\t\t\t<div class=\"elementor-element elementor-element-7526686c elementor-widget elementor-widget-text-editor\" data-id=\"7526686c\" data-element_type=\"widget\" data-e-type=\"widget\" data-widget_type=\"text-editor.default\">\n\t\t\t\t<div class=\"elementor-widget-container\">\n\t\t\t\t\t\t\t\t\t<p><a href=\"#_ftn48\">[48] Giacomo Santo Lorenzi, \u00ab\u00a0L\u2019uccisione di Giampietro Gaffori\u00a0\u00bb, dans <em>ASC&#8230;<\/em><\/a><\/p><p><a href=\"#_ftn49\">[49] Antoine Franzini, <em>La Corse du xv<sup>e<\/sup> si\u00e8cle. Politique et soci\u00e9t\u00e9 (1433-1483)&#8230;<\/em><\/a><\/p><p><a href=\"#_ftn50\">[50] Biblioth\u00e8que de l\u2019Institut de France, Ms 54, N\u00e9gociation et relation de Gennes&#8230;<\/a><\/p><p><a href=\"#_ftn51\">[51] Paolo Costantini, <em>La Repubblica di Genova nell\u2019et\u00e0 moderna<\/em>, Torino, UTET&#8230;<\/a><\/p><p><a href=\"#_ftn52\">[52] Francis Pomponi, \u00ab \u00c9meutes populaires en Corse : aux origines de l\u2019insurrection&#8230;<\/a><\/p><p><a href=\"#_ftn53\">[53] Archivio di Stato di Genova, <em>Archivio Segreto<\/em>, 2079, 14 octobre 1755&#8230;<\/a><\/p><p><a href=\"#_ftn54\">[54] Erick Miceli, <em>Les r\u00e9volutions corses et l\u2019id\u00e9e r\u00e9publicaine : Pascal Paoli face&#8230;<\/em><\/a><\/p><p><a href=\"#_ftn55\">[55] Antoine-Marie Graziani (dir.), <em>Histoire de la Corse, vol. ii. Des R\u00e9volutions&#8230;<\/em><\/a><\/p><p><a href=\"#_ftn56\">[56] Archives de la Collectivit\u00e9 de Corse, Ajaccio, 5FG202, La Padria in Bando&#8230;<\/a><\/p><p><a href=\"#_ftn57\">[57] Ambroise Ambrosi, \u00ab\u00a0Un pamphlet c\u00e9l\u00e8bre. Le <em>Disinganno attorno alla guerra&#8230;<\/em><\/a><\/p><p><a href=\"#_ftn58\">[58] Ambrogio Rossi (abb\u00e9), <em>Osservazioni storiche sopra la Corsica dall\u2019Abbate&#8230;<\/em><\/a><\/p><p><a href=\"#_ftn59\">[59] Antoine-Marie Graziani, \u00ab \u201cSi \u00e8 risposto a Lutero e si risponde ogni giorno&#8230;<\/a><\/p><p><a href=\"#_ftn60\">[60] Lettre n\u00b0\u00a01650, Pascal Paoli \u00e0 Don Gregorio Salvini, le 12 janvier 1764. (<em>Da Livorno&#8230;<\/em><\/a><\/p><p><a href=\"#_ftn61\">[61] Biblioteca Universitaria di Genova, MS., BV21, Consulto etc. circa la persona&#8230;<\/a><\/p><p><a href=\"#_ftn62\">[62] Archivio di Stato di Genova, <em>Archivio Segreto<\/em>, 2100, Decreto circa la&#8230;<\/a><\/p><p><a href=\"#_ftn63\">[63] [Don Gregorio Salvini], <em>Justification de la r\u00e9volution de Corse combattue&#8230;<\/em><\/a><\/p><p><a href=\"#_ftn64\">[64] Qui compte, selon lui, parmi les \u00ab nombreux eccl\u00e9siastiques que&#8230;<\/a><\/p><p><a href=\"#_ftn65\">[65] [Don Gregorio Salvini], <em>Justification de la r\u00e9volution de Corse combattue par..<\/em>.<\/a><\/p><p><a href=\"#_ftn66\">[66] Archivio di Stato di Genova, <em>Corsica<\/em>, 424, Rollo della compagnia del capitano&#8230;<\/a><\/p><p><a href=\"#_ftn67\">[67] <em>Ibid.<\/em><\/a><\/p>\t\t\t\t\t\t\t\t<\/div>\n\t\t\t\t<\/div>\n\t\t\t\t<div class=\"elementor-element elementor-element-f46101c elementor-absolute elementor-widget elementor-widget-text-editor\" data-id=\"f46101c\" data-element_type=\"widget\" data-e-type=\"widget\" data-settings=\"{&quot;_position&quot;:&quot;absolute&quot;}\" data-widget_type=\"text-editor.default\">\n\t\t\t\t<div class=\"elementor-widget-container\">\n\t\t\t\t\t\t\t\t\t<p><a href=\"#_ftn68\">[68] Ambrogio Rossi (abb\u00e9), <em>Osservazioni storiche sopra la Corsica dall\u2019Abbate\u2026<\/em><\/a><\/p><p><a href=\"#_ftn69\">[69] \u00ab\u00a0Lettres de Pascal Paoli publi\u00e9es par le docteur Perelli, 1<sup>\u00e8re<\/sup> s\u00e9rie \u00bb, dans&#8230;<\/a><\/p><p><a href=\"#_ftn70\">[70] Archivio di Stato di Genova, <em>Archivio Segreto<\/em>, 2397, Lettre de Scipione&#8230;<\/a><\/p><p><a href=\"#_ftn71\">[71] Erick Miceli, \u00ab L\u2019essor d\u2019un r\u00e9publicanisme patriotique \u00e0 la fin des r\u00e9volutions&#8230;<\/a><\/p><p><a href=\"#_ftn72\">[72] Collection particuli\u00e8re, lettre du 23 avril 1757.<\/a><\/p><p><a href=\"#_ftn73\">[73] Collection particuli\u00e8re, lettre du 12 juillet 1739.<\/a><\/p><p><a href=\"#_ftn74\">[74] [Don Gregorio Salvini], <em>Justification de la r\u00e9volution de Corse combattue&#8230;<\/em><\/a><\/p>\t\t\t\t\t\t\t\t<\/div>\n\t\t\t\t<\/div>\n\t\t\t\t\t<\/div>\n\t\t<\/div>\n\t\t\t\t\t<\/div>\n\t\t<\/section>\n\t\t\t\t<section data-particle_enable=\"false\" data-particle-mobile-disabled=\"false\" class=\"elementor-section elementor-top-section elementor-element elementor-element-1b2a1e8 elementor-section-boxed elementor-section-height-default elementor-section-height-default\" data-id=\"1b2a1e8\" data-element_type=\"section\" data-e-type=\"section\">\n\t\t\t\t\t\t<div class=\"elementor-container elementor-column-gap-default\">\n\t\t\t\t\t<div class=\"elementor-column elementor-col-50 elementor-top-column elementor-element elementor-element-a19c093\" data-id=\"a19c093\" data-element_type=\"column\" data-e-type=\"column\">\n\t\t\t<div class=\"elementor-widget-wrap elementor-element-populated\">\n\t\t\t\t\t\t<div class=\"elementor-element elementor-element-b908660 elementor-widget elementor-widget-text-editor\" data-id=\"b908660\" data-element_type=\"widget\" data-e-type=\"widget\" data-widget_type=\"text-editor.default\">\n\t\t\t\t<div class=\"elementor-widget-container\">\n\t\t\t\t\t\t\t\t\t<p>En tout, ce sont deux m\u00e9decins et trois chirurgiens qui se relaient aupr\u00e8s de Natali et, en d\u00e9pit d\u2019un fort scepticisme, un courrier fait savoir au bout d\u2019une semaine que \u00ab\u00a0<em>Il sig. Abbate Natali si trova in qualche speranza di vita<\/em>\u00a0\u00bb<a href=\"#_ftn75\" name=\"_ftnref75\">[75]<\/a> et qu\u2019il aurait perdu une dizaine de livres de sang, somme hautement exag\u00e9r\u00e9e. Le 30 avril, on d\u00e9clare Natali compl\u00e8tement hors de danger<a href=\"#_ftn76\" name=\"_ftnref76\">[76]<\/a>. Giulio Matteo reviendra dans une lettre dat\u00e9e de juin sur l\u2019importante quantit\u00e9 de sang perdue\u00a0: il est confront\u00e9, \u00e9crit-il, \u00e0 une fatigue extr\u00eame car son corps s\u2019est vid\u00e9 de \u00ab<em> quasi tutto il sangue<\/em>\u00a0\u00bb<a href=\"#_ftn77\" name=\"_ftnref77\">[77]<\/a>\u00a0! L\u2019homme est d\u00e9sormais sauf et il devient socialement valorisant d\u2019affirmer que l\u2019on compte parmi les premiers \u00e0 qui Natali a \u00e9crit \u00e0 propos de son r\u00e9tablissement. Ainsi, Paoli qui a b\u00e9n\u00e9fici\u00e9 du soutien du groupe des patriotes romains pour acc\u00e9der au pouvoir joue de cette proximit\u00e9 pour renforcer son aura personnelle\u00a0: il \u00e9crit longuement dans sa correspondance \u00eatre inform\u00e9 des derni\u00e8res nouvelles du chanoine et assure \u00e0 Giovan Paolo Quilici avoir m\u00eame vu \u00ab\u00a0des lettres du chanoine Natali, \u00e9crites de sa propre main, [qui] nous assurent de son r\u00e9tablissement\u00a0\u00bb<a href=\"#_ftn78\" name=\"_ftnref78\">[78]<\/a>. Idem pour Luigi Zerbi qui \u00e9crit le 6 juin 1757 \u00e0 Giacinto quant \u00e0 la convalescence du chanoine<a href=\"#_ftn79\" name=\"_ftnref79\">[79]<\/a>. Malgr\u00e9 tout, Pascal tente d\u2019inviter son p\u00e8re \u00e0 se comporter avec davantage de prudence, lui qui vit mondainement \u00e0 Naples et qui participe \u00e0 l\u2019acad\u00e9mie de la Stadera\u00a0: \u00ab\u00a0L\u2019attentat commis sur la personne du chanoine Natali, vous aura rendu, je m\u2019en f\u00e9licite, plus circonspect pour sortir de chez vous. Les G\u00e9nois, trop avides de notre sang, n\u2019ont pas de vrais scrupules pour ce qui est des moyens employ\u00e9s pour le verser. Les patriotes ne manquent pas par l\u00e0. Gardez-en toujours aupr\u00e8s de vous\u00a0\u00bb<a href=\"#_ftn81\" name=\"_ftnref81\">[81]<\/a>. Mais \u00e0 cette \u00e9poque, Giacinto n\u2019occupe plus aucun r\u00f4le et nulle fonction nodale dans les r\u00e9seaux de patriotes\u00a0; m\u00eame pas le projet de l\u2019\u00e9liminer n\u2019appara\u00eet dans la documentation. Le \u00ab\u00a0vieux g\u00e9n\u00e9ral\u00a0\u00bb est, pour tout le monde, sorti des affaires.<\/p><p>La tentative d\u2019assassinat stimule n\u00e9anmoins imm\u00e9diatement le r\u00e9seau des communaut\u00e9s diasporiques\u00a0: l\u2019on cherche un coupable et quelques voix \u00ab\u00a0calomnieuses\u00a0\u00bb<a href=\"#_ftn82\" name=\"_ftnref82\">[82]<\/a> portent l\u2019accusation sur \u00ab\u00a0<em>il buon vescovo d\u2019Aleria<\/em>\u00a0\u00bb<a href=\"#_ftn83\" name=\"_ftnref83\">[83]<\/a> Matteo de Angelis qui aurait possiblement une responsabilit\u00e9 dans l\u2019affaire, ce qui est faux. Apr\u00e8s son acte atroce, Ambrosini se serait, selon Buonfiglio Guelfucci, rendu accompagn\u00e9 de son acolyte \u00e0 G\u00eanes o\u00f9 ils se pr\u00e9sentent chez \u00ab\u00a0le chancelier des Inquisiteurs (<em>di Stato<\/em>), puis chez le doge d\u2019alors, un Brignole, pour recevoir du premier une r\u00e9compense de cent g\u00e9novines et du second, son salaire de quarante lires par mois\u00a0\u00bb<a href=\"#_ftn84\" name=\"_ftnref84\">[84]<\/a>, chose que les autorit\u00e9s auraient refus\u00e9e. C\u2019est, \u00e0 nouveau, le lieu commun du G\u00e9nois qui trompe le pauvre insulaire et qui va jusqu\u2019\u00e0 lui refuser la confession avant de le mettre en prison\u00a0! Le tout, avant que Guelfucci ne pr\u00e9cise non sans ironie, \u00ab<em> non ho potuto sapere il motivo [de son incarc\u00e9ration]\u00a0; ma di certo non sar\u00e0 stato per esser gallantuomo<\/em>\u00a0\u00bb<a href=\"#_ftn85\" name=\"_ftnref85\">[85]<\/a><em>.<\/em> Il faut toutefois \u00e9crire que cette anecdote rapport\u00e9e par Guelfucci est parsem\u00e9e d\u2019erreurs et cela n\u2019est pas sans int\u00e9r\u00eat\u00a0: elle t\u00e9moigne, au contraire, de fa\u00e7on \u00e9pidermique, de l\u2019une des grandes \u00e9volutions qui entourent le \u00ab\u00a0moment paolien\u00a0\u00bb des crises r\u00e9volutionnaires corses, \u00e0 savoir le renouvellement g\u00e9n\u00e9rationnel des \u00e9lites rebelles. Ces fautes rendent compte du passage d\u2019une g\u00e9n\u00e9ration qui a particip\u00e9 \u00e0 la Corse g\u00e9noise et qui suit son actualit\u00e9 politique vers une dont le g\u00e9novisme n\u2019est qu\u2019un fait \u00e9loign\u00e9\u00a0: ainsi, mentionnant l\u2019identit\u00e9 du doge, Guelfucci \u00e9crit qu\u2019il s\u2019agit d\u2019un Brignole alors que c\u2019est Giovanni Giacomo Grimaldi<a href=\"#_ftn86\" name=\"_ftnref86\">[86]<\/a> (22 juin 1756 &#8211; 22 juin 1758) qui est en fonction, ce grand personnage de la politique g\u00e9noise bien connu des R\u00e9volutionnaires. Le doge Brignole le plus proche des \u00e9v\u00e8nements est Giovanni Francesco Brignole Sale entre 1746 et 1748\u00a0! Nous sommes donc en pr\u00e9sence d\u2019une g\u00e9n\u00e9ration de trentenaires qui ne suit plus la vie politique g\u00e9noise et, au fond, m\u00e9conna\u00eet bien des \u00e9l\u00e9ments de l\u2019histoire de la Corse g\u00e9noise\u00a0: en effet, Guelfucci \u00e9voque dans ses m\u00e9moires<a href=\"#_ftn87\" name=\"_ftnref87\">[87]<\/a> que l\u2019orateur requ\u00e9rant le <em>sopra pi\u00f9 <\/em>de 1715 est le docteur Marcello Mancini de Belgodere (qui n\u2019est m\u00eame plus xii \u00e0 l\u2019\u00e9poque\u00a0!) alors qu\u2019il s\u2019agit d\u2019un Matra\u00a0! Difficile de passer \u00e0 c\u00f4t\u00e9 d\u2019une telle information, surtout quand on conna\u00eet les oppositions entre paolistes et matristes. La troisi\u00e8me g\u00e9n\u00e9ration de R\u00e9volutionnaires est, par rapport \u00e0 la premi\u00e8re (Ceccaldi et Giafferi) et la deuxi\u00e8me (Rivarola), marqu\u00e9e par un fort d\u00e9calage culturel.<\/p><p>\u00a0\u00a0\u00a0\u00a0\u00a0\u00a0\u00a0\u00a0\u00a0\u00a0\u00a0 Il reste que l\u2019action de <em>lobbying <\/em>men\u00e9e depuis plusieurs d\u00e9cennies par Natali fait qu\u2019il re\u00e7oit de nombreux soutiens\u00a0: un insulaire note \u00ab\u00a0<em>l\u2019incredibile numerosit\u00e0 di cardinali, prelati, principi, religiosi, ed altro ceto [\u2026] comparsi ogni giorno colle imbasciate, e in persona per sentire le disposizioni del male <\/em>\u00bb<a href=\"#_ftn88\" name=\"_ftnref88\">[88]<\/a>. Les bruits et rumeurs affirmant qu\u2019est<em>\u00a0<\/em>\u00ab<em>\u00a0stata la Repubblica di Genova autrice dell\u2019attentato<\/em>\u00a0\u00bb<a href=\"#_ftn89\" name=\"_ftnref89\">[89]<\/a> arrangent bien du monde. \u00c0 Rome, la tentative d\u2019assassinat sur Natali marque les autorit\u00e9s\u00a0: non pas que le chanoine corse soit une personnalit\u00e9 importante dans cette Ville \u00e9ternelle regroupant parmi les plus importantes aristocraties de l\u2019Europe enti\u00e8re, mais surtout que la responsabilit\u00e9 des G\u00e9nois dans cet acte revient \u00e0 une ing\u00e9rence dans la souverainet\u00e9 pontificale. Il y a, derri\u00e8re la r\u00e9action romaine, la volont\u00e9 de rechercher une cause pour raviver les flammes avec G\u00eanes. \u00c0 cela s\u2019ajoute les 1 000 \u00e9cus promis par les autorit\u00e9s \u00e0 quiconque livrera des informations<a href=\"#_ftn90\" name=\"_ftnref90\">[90]<\/a>. Malgr\u00e9 tout, si la tentative d\u2019assassinat a manqu\u00e9 de peu d\u2019emporter la vie de Natali, sa carri\u00e8re ne conna\u00eet pas un arr\u00eat\u00a0: s\u2019il d\u00e9clare se retirer de la d\u00e9marche r\u00e9volutionnaire (\u00ab\u00a0<em>Io per la mia Patria non temo di sacrificare il poco sangue che mi \u00e8 rimaso<\/em>\u00a0\u00bb<a href=\"#_ftn91\" name=\"_ftnref91\">[91]<\/a> et encore moins pour \u00ab\u00a0<em>la cecit\u00e0 del volgo<\/em>\u00a0\u00bb<a href=\"#_ftn92\" name=\"_ftnref92\">[92]<\/a>\u00a0!), c\u2019est son \u00e9l\u00e8ve Natali qui prend en main la gestion du groupe sans que les G\u00e9nois ne parviennent pas \u00e0 formellement identifier. \u00c0 la mi-d\u00e9cembre 1757, le pape le promeut au <em>vescovato<\/em><a href=\"#_ftn93\" name=\"_ftnref93\">[93]<\/a>, forme de protection suppl\u00e9mentaire sur sa personne. Il est ensuite cr\u00e9\u00e9 \u00e9v\u00eaque de Tivoli le 5 juin 1765, l\u00e0 o\u00f9 sera nomm\u00e9 Barnaba Nicol\u00f2 Maria Luigi Chiaramonti, futur Pie VII. Cette nomination ravive en Corse l\u2019affaire puisque des Ambrosini d\u2019Algajola seront arr\u00eat\u00e9s d\u00e9but octobre 1765<a href=\"#_ftn94\" name=\"_ftnref94\">[94]<\/a> et quelque peu molest\u00e9s par les rebelles. Malgr\u00e9 tout, comme l\u2019atteste une lettre adress\u00e9e \u00e0 son cousin Matteo Rossi \u00e0 Vallecalle en 1766, l\u2019\u00e9v\u00eaque de Tivoli reste encore bien attentif aux nominations r\u00e9alis\u00e9es sur l\u2019\u00eele<a href=\"#_ftn95\" name=\"_ftnref95\">[95]<\/a>\u00a0! \u00c0 la veille de sa mort, en 1782, il continue d\u2019\u00eatre \u00e0 l\u2019honneur de c\u00e9l\u00e9brations musicales notamment organis\u00e9es par Vergelli \u00e0 Tivoli en 1781<a href=\"#_ftn96\" name=\"_ftnref96\">[96]<\/a>. Comme Giacinto, lui-aussi s\u2019est retir\u00e9 dans une forme de mondanit\u00e9.<\/p><h3><em>La Corse, un conflit-pr\u00e9texte pour un \u00ab\u00a0\u00c9tat l\u00e9ger\u00a0\u00bb <\/em><\/h3><p>\u00a0\u00a0\u00a0\u00a0\u00a0\u00a0\u00a0\u00a0\u00a0\u00a0\u00a0 Il faut enfin \u00e9crire que cet assassinat commandit\u00e9 par les G\u00e9nois dans les rues de Rome vient s\u2019ajouter aux fortes et profondes tensions qui animent les relations entre la R\u00e9publique de G\u00eanes et le Saint Si\u00e8ge : comme l\u2019ont montr\u00e9 Fausto Fonzi<a href=\"#_ftn97\" name=\"_ftnref97\">[97]<\/a>, Franco Venturi<a href=\"#_ftn98\" name=\"_ftnref98\">[98]<\/a> et, plus r\u00e9cemment Diego Pizzorno<a href=\"#_ftn99\" name=\"_ftnref99\">[99]<\/a> pour les xvi<sup>e<\/sup>-xvii<sup>e<\/sup> si\u00e8cles, la R\u00e9publique de G\u00eanes s\u2019est engag\u00e9e dans une voie d\u2019autonomisation et de modernisation de son syst\u00e8me \u00e9tatique qui s\u2019est entrechoqu\u00e9 avec les volont\u00e9s des Pontificaux de conserver leur influence. Ce processus a donn\u00e9 dans le contexte r\u00e9publicain v\u00e9nitien le cas de Paolo Sarpi<a href=\"#_ftn100\" name=\"_ftnref100\">[100]<\/a> et tout un style de gouvernance concernant l\u2019articulation entre politique et religion. La m\u00eame probl\u00e9matique a aussi d\u00e9velopp\u00e9 en France le gallicanisme (on sait Pascal Paoli tr\u00e8s fin lecteur de r\u00e9flexions gallicanes) ou encore les\u00a0mani\u00e8res de faire dites \u00ab\u00a0napolitaines\u00a0\u00bb (que l\u2019on reprochera \u00e9galement au g\u00e9n\u00e9ral de la Nation\u00a0!). La posture conservatrice et pontificaliste des Nationaux et plus sp\u00e9cifiquement du groupe des Romains \u2013 \u00e0 l\u2019origine de plusieurs productions livresques sur les raisons (historiques et juridiques) du Saint-Si\u00e8ge sur la Corse \u2013 doivent \u00eatre lues comme contextuelles et ont contribu\u00e9, d\u2019une certaine fa\u00e7on, \u00e0 une victoire diplomatique \u00e0 la Pyrrhus, et, il n\u2019y a qu\u2019\u00e0 voir les r\u00e9actions des \u00c9tats europ\u00e9ens \u2013 Naples en premier lieu \u2013 lors de la d\u00e9cision de l\u2019envoi d\u2019un Visiteur apostolique sur l\u2019\u00eele. Comment soutenir des rebelles qui revendiquent un anachronique papisme\u00a0?<\/p>\t\t\t\t\t\t\t\t<\/div>\n\t\t\t\t<\/div>\n\t\t\t\t\t<\/div>\n\t\t<\/div>\n\t\t\t\t<div class=\"elementor-column elementor-col-50 elementor-top-column elementor-element elementor-element-50e4fbe elementor-hidden-mobile\" data-id=\"50e4fbe\" data-element_type=\"column\" data-e-type=\"column\">\n\t\t\t<div class=\"elementor-widget-wrap elementor-element-populated\">\n\t\t\t\t\t\t<div class=\"elementor-element elementor-element-b15107f elementor-widget-divider--view-line_text elementor-widget-divider--element-align-center elementor-widget elementor-widget-divider\" data-id=\"b15107f\" data-element_type=\"widget\" data-e-type=\"widget\" data-widget_type=\"divider.default\">\n\t\t\t\t<div class=\"elementor-widget-container\">\n\t\t\t\t\t\t\t<div class=\"elementor-divider\">\n\t\t\t<span class=\"elementor-divider-separator\">\n\t\t\t\t\t\t\t<p class=\"elementor-divider__text elementor-divider__element\">\n\t\t\t\tPage 4\t\t\t\t<\/p>\n\t\t\t\t\t\t<\/span>\n\t\t<\/div>\n\t\t\t\t\t\t<\/div>\n\t\t\t\t<\/div>\n\t\t\t\t<div class=\"elementor-element elementor-element-45ec0d8 elementor-widget elementor-widget-text-editor\" data-id=\"45ec0d8\" data-element_type=\"widget\" data-e-type=\"widget\" data-widget_type=\"text-editor.default\">\n\t\t\t\t<div class=\"elementor-widget-container\">\n\t\t\t\t\t\t\t\t\t<p><a href=\"#_ftn75\">[75] Collection particuli\u00e8re, lettre du 27 avril 1757.<\/a><\/p><p><a href=\"#_ftn76\">[76] Collection particuli\u00e8re, lettre du 30 avril 1757.<\/a><\/p><p><a href=\"#_ftn77\">[77] Archives de la Collectivit\u00e9 de Corse, Ajaccio, 1J3, lettre de Giulio Matteo Natali&#8230;<\/a><\/p><p><a href=\"#_ftn78\">[78] Lettre n\u00b0\u00a0277, Pascal Paoli \u00e0 Giovan Paolo Quilici, vers fin avril ou d\u00e9but mai 1757.<\/a><\/p><p><a href=\"#_ftn79\">[79] \u00ab\u00a0Lettres de Pascal Paoli publi\u00e9es par le docteur Perelli, 1<sup>\u00e8re<\/sup> s\u00e9rie \u00bb, dans&#8230;<\/a><\/p><p><a href=\"#_ftn81\">[81] Lettre n\u00b0\u00a0294, Pascal Paoli \u00e0 Giacinto Paoli, le 28 mai 1757.<\/a><\/p><p><a href=\"#_ftn82\">[82] Ambrogio Rossi (abb\u00e9), <em>Osservazioni storiche sopra la Corsica dall\u2019Abbate\u2026<\/em><\/a><\/p><p><a href=\"#_ftn83\">[83] <em>Ibid<\/em>.<\/a><\/p>\t\t\t\t\t\t\t\t<\/div>\n\t\t\t\t<\/div>\n\t\t\t\t<div class=\"elementor-element elementor-element-f30db15 elementor-widget elementor-widget-text-editor\" data-id=\"f30db15\" data-element_type=\"widget\" data-e-type=\"widget\" data-widget_type=\"text-editor.default\">\n\t\t\t\t<div class=\"elementor-widget-container\">\n\t\t\t\t\t\t\t\t\t<p><a href=\"#_ftn84\">[84] [Don Gregorio Salvini], <em>Justification de la r\u00e9volution de Corse combattue par&#8230;<\/em><\/a><\/p><p><a href=\"#_ftn85\">[85] Ambrogio Rossi (abb\u00e9), <em>Osservazioni storiche sopra la Corsica dall\u2019Abbate\u2026<\/em><\/a><\/p>\t\t\t\t\t\t\t\t<\/div>\n\t\t\t\t<\/div>\n\t\t\t\t<div class=\"elementor-element elementor-element-03659e7 elementor-widget elementor-widget-text-editor\" data-id=\"03659e7\" data-element_type=\"widget\" data-e-type=\"widget\" data-widget_type=\"text-editor.default\">\n\t\t\t\t<div class=\"elementor-widget-container\">\n\t\t\t\t\t\t\t\t\t<p><a href=\"#_ftn86\">[86] On peut se demander si cette information erron\u00e9e ne provient d\u2019une mauvaise&#8230;<\/a><\/p><p><a href=\"#_ftn87\">[87] Buonfiglio Guelfucci, \u00ab Memorie per servire alla Storia delle Rivoluzioni di&#8230;<\/a><\/p>\t\t\t\t\t\t\t\t<\/div>\n\t\t\t\t<\/div>\n\t\t\t\t<div class=\"elementor-element elementor-element-c183194 elementor-widget elementor-widget-text-editor\" data-id=\"c183194\" data-element_type=\"widget\" data-e-type=\"widget\" data-widget_type=\"text-editor.default\">\n\t\t\t\t<div class=\"elementor-widget-container\">\n\t\t\t\t\t\t\t\t\t<p>\u00a0<\/p><p><a href=\"#_ftn88\">[88] <em>Ibidem<\/em>.<\/a><\/p><p><a href=\"#_ftn89\">[89] Archives de la Collectivit\u00e9 de Corse, Bastia, 52J5\/3, Lettre d\u2019un anonyme depuis&#8230;<\/a><\/p><p><a href=\"#_ftn90\">[90] Collection particuli\u00e8re, Lettre du 30 avril 1757.<\/a><\/p><p><a href=\"#_ftn91\">[91] Archives de la Collectivit\u00e9 de Corse, Ajaccio, 1J3, Lettre de Giulio Matteo Natali&#8230;<\/a><\/p><p><a href=\"#_ftn92\">[92] <em>Ibid.<\/em><\/a><\/p><p><a href=\"#_ftn93\">[93] Archivio di Stato di Genova, <em>Archivio Segreto<\/em>, 2397, Lettre de Scipione&#8230;<\/a><\/p><p><a href=\"#_ftn94\">[94] Archives de la Collectivit\u00e9 de Corse, Bastia, <em>GC<\/em>, 15, Lettre du 6 octobre 1765.<\/a><\/p><p><a href=\"#_ftn95\">[95] Archives de la Collectivit\u00e9 de Corse, Bastia, <em>GC<\/em>, 23, Lettre de Giulio Matteo&#8230;<\/a><\/p><p><a href=\"#_ftn96\">[96] Giuseppe Radiciotti, <em>L\u2019arte musicale in Tivoli nei secoli xvi, xvii e xviii&#8230;<\/em><\/a><\/p><p><a href=\"#_ftn97\">[97] Fausto Fonzi, <em>Le relazioni fra Genova e Roma al tempo di Clemente XIII&#8230;<\/em><\/a><\/p><p><a href=\"#_ftn98\">[98] Franco Venturi, <em>Settecento riformatore. L\u2019Italia dei lumi (1764-1790) 1&#8230;<\/em><\/a><\/p><p><a href=\"#_ftn99\">[99] Diego Pizzorno<em>, Genova e Roma tra Cinque e Seicento, Gruppi di potere&#8230;<\/em><\/a><\/p><p><a href=\"#_ftn100\">[100] Marie Viallon (dir.), <em>Paolo Sarpi, Politique et religion en Europe<\/em>&#8230;<\/a><\/p>\t\t\t\t\t\t\t\t<\/div>\n\t\t\t\t<\/div>\n\t\t\t\t\t<\/div>\n\t\t<\/div>\n\t\t\t\t\t<\/div>\n\t\t<\/section>\n\t\t\t\t<section data-particle_enable=\"false\" data-particle-mobile-disabled=\"false\" class=\"elementor-section elementor-top-section elementor-element elementor-element-58cfd15 elementor-section-boxed elementor-section-height-default elementor-section-height-default\" data-id=\"58cfd15\" data-element_type=\"section\" data-e-type=\"section\">\n\t\t\t\t\t\t<div class=\"elementor-container elementor-column-gap-default\">\n\t\t\t\t\t<div class=\"elementor-column elementor-col-50 elementor-top-column elementor-element elementor-element-226add6\" data-id=\"226add6\" data-element_type=\"column\" data-e-type=\"column\">\n\t\t\t<div class=\"elementor-widget-wrap elementor-element-populated\">\n\t\t\t\t\t\t<div class=\"elementor-element elementor-element-a6b517b elementor-widget elementor-widget-text-editor\" data-id=\"a6b517b\" data-element_type=\"widget\" data-e-type=\"widget\" data-widget_type=\"text-editor.default\">\n\t\t\t\t<div class=\"elementor-widget-container\">\n\t\t\t\t\t\t\t\t\t<p>Mais, l\u00e0 encore, le soutien des Pontificaux se doit d\u2019\u00eatre nuanc\u00e9 et expliqu\u00e9 par les cycles internes de la vie politique romaine\u00a0: dans le bras de fer qui opposait G\u00eanes et Rome aux jalons des xvii<sup>e<\/sup>-xviii<sup>e<\/sup> si\u00e8cles, il ne faut pas n\u00e9gliger qu\u2019en 1730, c\u2019\u00e9tait un cardinal g\u00e9nois, Giuseppe Renato Imperiali (1651-1737), ce grand r\u00e9formateur et tr\u00e8s habile gestionnaire de la <em>Congregazione del Buon governo<\/em><a href=\"#_ftn101\" name=\"_ftnref101\">[101]<\/a> (1701-1736) qui a manqu\u00e9 de peu de recevoir le trir\u00e8gne avant d\u2019\u00eatre finalement devanc\u00e9 par Lorenzo Corsini qui prendra le nom de Cl\u00e9ment XII (1730-1740). Mais c\u2019est v\u00e9ritablement lors du pontificat d\u2019Albani \u2013 son pr\u00e9d\u00e9cesseur, Cl\u00e9ment XI (1700-1721) \u2013 que l\u2019ambition triomphaliste de la papaut\u00e9 \u00e9tait apparue comme un vestige du monde d\u2019hier<a href=\"#_ftn102\" name=\"_ftnref102\">[102]<\/a>. Prospero Lambertini devenu Beno\u00eet XIV (1730-1758) pr\u00f4nera, lui, dans le prolongement de son pr\u00e9d\u00e9cesseur une d\u00e9marche isolationniste concentr\u00e9e sur les affaires spirituelles, sorte de repli strat\u00e9gique pour un Saint-Si\u00e8ge en crise qui, lui aussi, \u00e9tait devenu un\u00a0<em>\u00c9tat<\/em> <em>l\u00e9ger<\/em><a href=\"#_ftn103\" name=\"_ftnref103\">[103]<\/a>. \u00c0 sa mort, il est remplac\u00e9 par Carlo Castelbarco Pindemonte della Torre di Rezzonico sous le nom pontifical de Cl\u00e9ment XIII (1758-1769), cet homme \u2013 qui, de l\u2019avis du futur duc de Choiseul est un ignorant des \u00ab\u00a0respects qui sont dus aux Cours\u00a0\u00bb<a href=\"#_ftn104\" name=\"_ftnref104\">[104]<\/a> \u2013 op\u00e8re un revirement total de la politique pontificale\u00a0: refusant que les clercs soient des \u00ab\u00a0chiens muets\u00a0\u00bb<a href=\"#_ftn105\" name=\"_ftnref105\">[105]<\/a> et remettant en place une active strat\u00e9gie sur le plan temporel, et, c\u2019est dans ce cadre que les affaires de Corse apparaissent comme une occasion de reprendre le bras de fer avec une S\u00e9r\u00e9nissime R\u00e9publique qui a perdu de sa splendeur internationale.<\/p><p>Un G\u00e9nois fait para\u00eetre dans le <em>Mercure de France <\/em>que\u00a0: \u00ab\u00a0Notre diff\u00e9rend avec le St. Si\u00e8ge, puissance moins redoutable pour nous que le chef des rebelles de Corse, semble n\u2019int\u00e9resser plus personne. S\u00e9nateurs ou roturiers, philosophes ou superstitieux, il n\u2019est pas un seul d\u2019entre nos concitoyens auquel ce brouillamini trouble la t\u00eate. Mais il y a 200 ans tout e\u00fbt \u00e9t\u00e9 en d\u00e9sordre en semblable circonstance\u00a0\u00bb. Un billet de calice lu aux S\u00e9nats le 14 juillet 1760 questionne l\u2019humiliation publique faite \u00e0 l\u2019encontre d\u2019une \u00ab\u00a0t\u00eate couronn\u00e9e\u00a0\u00bb\u00a0: il faudrait, d\u00e9sormais, faire br\u00fbler toutes les gazettes \u00e9voquant cette affaire sugg\u00e8re un autre billet. Les affaires de Corse finiront-elles par menacer l\u2019int\u00e9grit\u00e9 et la p\u00e9rennit\u00e9 du Domaine demande encore un autre<a href=\"#_ftn106\" name=\"_ftnref106\">[106]<\/a>\u00a0? Apr\u00e8s que les autorit\u00e9s r\u00e9publicaines aient tout fait pour emp\u00eacher le d\u00e9part de l\u2019\u00e9v\u00eaque de Segni Crescenzio de Angelis \u2013 quitte \u00e0 d\u00e9cr\u00e9ter un <em>bando<\/em> d\u2019arrestation tel un vulgaire bandit\u00a0! \u2013, elles ne parviendront pas \u00e0 emp\u00eacher son d\u00e9part depuis Talamone le 22 avril et son arriv\u00e9e en Corse le 23. Il est accueilli le 29 par le neveu par alliance du g\u00e9n\u00e9ral, Giuseppe Barbaggi, qui prononce un discours relativement neutre mais qui conna\u00eet une bonne diffusion gr\u00e2ce \u00e0 la <em>Stamperia nazionale<\/em>. Si le jeu du Visiteur ainsi que sa proximit\u00e9 avec le secr\u00e9taire d\u2019\u00c9tat Torrigiani laissera un temps craindre \u00e0 la R\u00e9publique que les \u00e9v\u00each\u00e9s abandonn\u00e9s soient transf\u00e9r\u00e9s \u00e0 l\u2019archev\u00each\u00e9 de Pise, l\u2019on sait que les pontificaux ont bri\u00e8vement caress\u00e9 l\u2019id\u00e9e de r\u00e9cup\u00e9rer la Corse. Ne restera plus, dans ce cas, qu\u2019\u00e0 trouver que faire de Paoli\u00a0; c\u2019est, en somme, la m\u00eame question que celle que se poseront les Anglais \u00e0 la fin du si\u00e8cle. Les notables de l\u2019\u00eele auraient, quant \u00e0 eux, trouv\u00e9 un grand profit d\u2019une Corse pontificale, un \u00c9tat faible dont ils auraient pu trouver si ce n\u2019est davantage mais au moins une \u00e9quivalente marge de man\u0153uvre que du temps de la R\u00e9publique. Enfin, le remplacement de Crescenzio de Angelis en 1764 par le passionniste Tommaso Struzzieri (qui appartenait d\u00e9j\u00e0 \u00e0 sa suite) ne changera en rien la dynamique, si ce n\u2019est que le Visiteur sera nettement per\u00e7u comme philo-national. En fait, comme l\u2019\u00e9crivait Paoli \u00e0 Salvini en 1760, \u00ab\u00a0le pape est, pour nous, en guerre avec les G\u00e9nois\u00a0\u00bb<a href=\"#_ftn107\" name=\"_ftnref107\">[107]<\/a> mais \u00e0 cette \u00ab\u00a0guerre\u00a0\u00bb les pontificaux n\u2019ont pu s\u2019y engager que parce que la R\u00e9publique de G\u00eanes \u00e9tait devenue faible et internationalement isol\u00e9e.<\/p><p><em>In fine<\/em>, bien avant son ouverture en janvier 1765, l\u2019affaire de l\u2019<em>universit\u00e0<\/em> t\u00e9moigne de la probl\u00e9matique tr\u00e8s dix-huiti\u00e8miste de la hi\u00e9rarchie des normes<a href=\"#_ftn108\" name=\"_ftnref108\">[108]<\/a>\u00a0: peut-on passer au-dessus du droit r\u00e9publicain <em>via <\/em>le pontifical\u00a0? C\u2019est, en somme, l\u2019\u00e9mergence du droit moderne. Au-del\u00e0 du souhait d\u2019\u00e9duquer une jeunesse, se pose la question de l\u2019autorit\u00e9 de r\u00e9f\u00e9rence, Rome plut\u00f4t que la R\u00e9publique. Telle est la formule que l\u2019on retrouve dans la grande lettre-doctrine du 12 novembre 1759. Toutefois, \u00e0 cette \u00e9poque, celui qui souffle \u00e0 l\u2019oreille des paolistes n\u2019est plus Natali mais Natale Saliceti, deux hommes d\u2019Oletta dont les appellations affichent une sonorit\u00e9 proche et sont souvent confondus dans la documentation\u00a0! Apr\u00e8s la vaine tentative d\u2019assassinat, l\u2019affaire de l\u2019universit\u00e9 r\u00e9appara\u00eet en f\u00e9vrier 1758. L\u2019<em>intelligence<\/em> g\u00e9noise r\u00e9active alors ses r\u00e9seaux \u2013 qui n\u2019ont gu\u00e8re \u00e9t\u00e9 longtemps en sommeil \u2013 et fournit de nouvelles informations op\u00e9rationnelles pour \u00ab\u00a0emp\u00eacher\u00a0\u00bb<a href=\"#_ftn109\" name=\"_ftnref109\">[109]<\/a> les discussions de reprendre et de s\u2019\u00e9tablir dans le temps. En ces ann\u00e9es, le gouvernement de Pascal Paoli et de Gian Quilico Casabianca se confronte cependant au p\u00e9ril matriste puis \u00e0 la guerre de Sept Ans (1756-1763) qui partage le monde entre les partisans de l\u2019Angleterre et de la France et il faudra attendre les ann\u00e9es 1763-1765 pour que les Nationaux puissent remettre sur la table la probl\u00e9matique d\u2019une universit\u00e9 publique des \u00e9tudes mais, l\u00e0 encore, la situation a connu des \u00e9volutions\u00a0: si le soutien du pape envers les Nationaux ne leurre plus personne, la bulle d\u2019\u00e9rection pontificale serait un soutien trop flagrant. L\u2019universit\u00e9 gr\u00e9gorienne qui fit plusieurs d\u00e9monstrations publiques de son pontificalisme aupr\u00e8s du Visiteur ne recevra donc jamais sa bulle. Ainsi, le projet de cr\u00e9ation de l\u2019<em>universit\u00e0<\/em> doit se lire parmi diff\u00e9rentes dynamiques concurrentielles : la souverain pontife contre la R\u00e9publique, l\u2019\u00c9tat naissant contre les r\u00e9gions o\u00f9 les puissantes notabilit\u00e9s voient d\u2019un mauvais \u0153il ce nouvel entrant en politique. Ainsi, l\u2019\u00e9ducation et l\u2019universit\u00e9 sont donc bel et bien une affaire d\u2019\u00c9tat et de conflits entre les \u00c9tats.<\/p>\t\t\t\t\t\t\t\t<\/div>\n\t\t\t\t<\/div>\n\t\t\t\t<div class=\"elementor-element elementor-element-f7c994e elementor-widget-divider--view-line elementor-widget elementor-widget-divider\" data-id=\"f7c994e\" data-element_type=\"widget\" data-e-type=\"widget\" data-widget_type=\"divider.default\">\n\t\t\t\t<div class=\"elementor-widget-container\">\n\t\t\t\t\t\t\t<div class=\"elementor-divider\">\n\t\t\t<span class=\"elementor-divider-separator\">\n\t\t\t\t\t\t<\/span>\n\t\t<\/div>\n\t\t\t\t\t\t<\/div>\n\t\t\t\t<\/div>\n\t\t\t\t\t<\/div>\n\t\t<\/div>\n\t\t\t\t<div class=\"elementor-column elementor-col-50 elementor-top-column elementor-element elementor-element-10c9d48 elementor-hidden-mobile\" data-id=\"10c9d48\" data-element_type=\"column\" data-e-type=\"column\">\n\t\t\t<div class=\"elementor-widget-wrap elementor-element-populated\">\n\t\t\t\t\t\t<div class=\"elementor-element elementor-element-e1dcd20 elementor-widget-divider--view-line_text elementor-widget-divider--element-align-center elementor-widget elementor-widget-divider\" data-id=\"e1dcd20\" data-element_type=\"widget\" data-e-type=\"widget\" data-widget_type=\"divider.default\">\n\t\t\t\t<div class=\"elementor-widget-container\">\n\t\t\t\t\t\t\t<div class=\"elementor-divider\">\n\t\t\t<span class=\"elementor-divider-separator\">\n\t\t\t\t\t\t\t<p class=\"elementor-divider__text elementor-divider__element\">\n\t\t\t\tPage 5\t\t\t\t<\/p>\n\t\t\t\t\t\t<\/span>\n\t\t<\/div>\n\t\t\t\t\t\t<\/div>\n\t\t\t\t<\/div>\n\t\t\t\t<div class=\"elementor-element elementor-element-15ab75c elementor-widget elementor-widget-text-editor\" data-id=\"15ab75c\" data-element_type=\"widget\" data-e-type=\"widget\" data-widget_type=\"text-editor.default\">\n\t\t\t\t<div class=\"elementor-widget-container\">\n\t\t\t\t\t\t\t\t\t<p><a href=\"#_ftn101\">[101] Stefano Tabacchi, <em>Lo Stato della Chiesa<\/em>, Bologne, Il Mulino, 2023, p. 116.<\/a><\/p><p><a href=\"#_ftn102\">[102] <em>Ibid<\/em>., pp. 115-116. (<em>Evidenzi\u00f2 in maniera particolarmente chiara la tensione&#8230;<\/em><\/a><\/p><p><a href=\"#_ftn103\">[103] Pour reprendre une expression g\u00e9n\u00e9ralement \u00e9voqu\u00e9e concernant&#8230;<\/a><\/p><p><a href=\"#_ftn104\">[104] Maurice Boutry,<em> Choiseul \u00e0 Rome, Lettres et m\u00e9moires in\u00e9dits, 1754-1757<\/em>, Paris&#8230;<\/a><\/p><p><a href=\"#_ftn105\">[105] Cit\u00e9 dans Antoine-Marie Graziani, \u00ab Pascal Paoli et le Visiteur apostolique&#8230;<\/a><\/p>\t\t\t\t\t\t\t\t<\/div>\n\t\t\t\t<\/div>\n\t\t\t\t<div class=\"elementor-element elementor-element-03c1dd7 elementor-widget elementor-widget-text-editor\" data-id=\"03c1dd7\" data-element_type=\"widget\" data-e-type=\"widget\" data-widget_type=\"text-editor.default\">\n\t\t\t\t<div class=\"elementor-widget-container\">\n\t\t\t\t\t\t\t\t\t<p><a href=\"#_ftn106\">[106] Archivio di Stato di Genova, <em>Senarega<\/em>, Colleggii Diversorum, 288, Billet&#8230;<\/a><\/p>\t\t\t\t\t\t\t\t<\/div>\n\t\t\t\t<\/div>\n\t\t\t\t<div class=\"elementor-element elementor-element-9067c03 elementor-widget elementor-widget-text-editor\" data-id=\"9067c03\" data-element_type=\"widget\" data-e-type=\"widget\" data-widget_type=\"text-editor.default\">\n\t\t\t\t<div class=\"elementor-widget-container\">\n\t\t\t\t\t\t\t\t\t<p><a href=\"#_ftn107\">[107] \u00ab\u00a0Lettres de Pascal Paoli publi\u00e9es par le docteur Perelli, 3<sup>e<\/sup> s\u00e9rie \u00bb, dans&#8230;<\/a><\/p>\t\t\t\t\t\t\t\t<\/div>\n\t\t\t\t<\/div>\n\t\t\t\t<div class=\"elementor-element elementor-element-93816c3 elementor-widget elementor-widget-text-editor\" data-id=\"93816c3\" data-element_type=\"widget\" data-e-type=\"widget\" data-widget_type=\"text-editor.default\">\n\t\t\t\t<div class=\"elementor-widget-container\">\n\t\t\t\t\t\t\t\t\t<p><a href=\"#_ftn108\">[108] Francesco di Donato, \u00ab La hi\u00e9rarchie des normes dans l\u2019ordre juridique&#8230;<\/a><\/p>\t\t\t\t\t\t\t\t<\/div>\n\t\t\t\t<\/div>\n\t\t\t\t<div class=\"elementor-element elementor-element-2601e17 elementor-widget elementor-widget-text-editor\" data-id=\"2601e17\" data-element_type=\"widget\" data-e-type=\"widget\" data-widget_type=\"text-editor.default\">\n\t\t\t\t<div class=\"elementor-widget-container\">\n\t\t\t\t\t\t\t\t\t<p><a href=\"#_ftn109\">[109] Archivio di Stato di Genova, <em>Archivio Segreto<\/em>, 2397, Lettre de Scipione&#8230;<\/a><\/p>\t\t\t\t\t\t\t\t<\/div>\n\t\t\t\t<\/div>\n\t\t\t\t\t<\/div>\n\t\t<\/div>\n\t\t\t\t\t<\/div>\n\t\t<\/section>\n\t\t\t\t<section data-particle_enable=\"false\" data-particle-mobile-disabled=\"false\" class=\"elementor-section elementor-top-section elementor-element elementor-element-2a872657 elementor-section-boxed elementor-section-height-default elementor-section-height-default\" data-id=\"2a872657\" data-element_type=\"section\" data-e-type=\"section\">\n\t\t\t\t\t\t<div class=\"elementor-container elementor-column-gap-default\">\n\t\t\t\t\t<div class=\"elementor-column elementor-col-50 elementor-top-column elementor-element elementor-element-160789f\" data-id=\"160789f\" data-element_type=\"column\" data-e-type=\"column\">\n\t\t\t<div class=\"elementor-widget-wrap elementor-element-populated\">\n\t\t\t\t\t\t<div class=\"elementor-element elementor-element-5d838bd1 elementor-widget elementor-widget-text-editor\" data-id=\"5d838bd1\" data-element_type=\"widget\" data-e-type=\"widget\" data-widget_type=\"text-editor.default\">\n\t\t\t\t<div class=\"elementor-widget-container\">\n\t\t\t\t\t\t\t\t\t<p><a href=\"#_ftnref1\" name=\"_ftn1\">[1]<\/a> Cet article doit, bien \u00e9videmment, beaucoup \u00e0 Antoine-Marie Graziani pour nos riches discussions quotidiennes. \u00c0 Paul Turchi-Duriani avec qui les \u00e9changes concernant la communaut\u00e9 corse de Rome ont \u00e9t\u00e9 d\u00e9terminantes, enfin, mes remerciements vont \u00e0 Petru Santu Menozzi, importante source de r\u00e9flexion concernant les \u00e9crits politiques et qui m\u2019a aiguill\u00e9 sur le manifeste conserv\u00e9 \u00e0 Turin.<\/p><p><a href=\"#_ftnref2\" name=\"_ftn2\">[2]<\/a> <em>Ragguagli dell\u2019Isola di Corsica \/ \u00c9chos de l\u2019\u00eele de Corse, 1760-1768, Premi\u00e8re \u00e9poque<\/em>, \u00c9dition critique \u00e9tablie par A.-M. Graziani et Bitossi C., Ajaccio, \u00c9ditions Alain Piazzola, 2010, pour le mois de novembre 1764.<\/p><p><a href=\"#_ftnref3\" name=\"_ftn3\">[3]<\/a> Erick Miceli, <em>Les r\u00e9volutions corses et l\u2019id\u00e9e r\u00e9publicaine : Pascal Paoli face \u00e0 ses innovations, limites et contradictions 1755-1769<\/em>, avec une pr\u00e9face d\u2019Antoine-Marie Graziani et de Carlo Bitossi, Bordeaux, \u00c9dition Le Bord de l\u2019Eau, 2024, pp. 249-258.<\/p><p><a href=\"#_ftnref4\" name=\"_ftn4\">[4]<\/a> Antoine-Marie Graziani, \u00ab\u00a0Pascal Paoli et le Visiteur apostolique\u00a0\u00bb, dans Pascal Paoli, <em>Correspondance (1758-1760)<\/em>, vol. iii, \u00e9dition critique \u00e9tablie par Graziani A.-M. et Bitossi C., traduction de Antoine-Marie Graziani, \u00c9ditions Alain Piazzola et Istituto Storico Italiano per l\u2019Et\u00e0 Moderna e contemporanea, Ajaccio-Rome, 2007, pp. xii-xlix.<\/p><p><a href=\"#_ftnref5\" name=\"_ftn5\">[5]<\/a> Les r\u00e9flexions sur l\u2019<em>intelligence<\/em> g\u00e9noises doivent beaucoup au dernier essai de Diego Pizzorno (<em>Genova e Roma tra Cinque e Seicento, Gruppi di potere, rapporti politico-diplomatici, strategie internazionali<\/em>, Modena, Mucchi editore, 2018). Quant \u00e0 la surveillance de l\u2019espace public, il est bien int\u00e9ressant de r\u00e9f\u00e9rer \u00e0 l\u2019affaire des <em>Quatorze<\/em> (Darnton Robert, <em>L\u2019affaire des Quatorze, Po\u00e9sie, police et r\u00e9seaux de communication \u00e0 Paris au xviii<sup>e<\/sup> si\u00e8cle<\/em>, Paris, Gallimard, 2014) puis, d\u2019une fa\u00e7on globale, \u00e0 Paolo Napoli (<em>Naissance de la police moderne. Pouvoir, normes, soci\u00e9t\u00e9<\/em>, Paris, La D\u00e9couverte, 2003) et Clive Emsely (<em>Crime Police, and Penal Policy\u00a0: European Experiences 1750-1940<\/em>, Oxford, Oxford University Press, 2007). Quant \u00e0 l\u2019espace public, notre r\u00e9flexion prend ses assises dans l\u2019ouvrage fondateur de J\u00fcrgen Habermas (<em>L\u2019espace public\u00a0: Arch\u00e9ologie de la publicit\u00e9 comme dimension constitutive de la soci\u00e9t\u00e9 bourgeoise<\/em>, traduit de l\u2019allemand par Marc B. de Launay, Paris, Payot, 2014 [1978]) puis de diff\u00e9rents autres travaux qui invitent \u00e0 importer la notion d\u2019espace public avant le xviii<sup>e<\/sup> si\u00e8cle (H\u00e9lo\u00efse Hermant, \u00ab\u00a0Guerres de plumes et contestation politique\u00a0: un espace public dans l\u2019Espagne de la fin du xvii<sup>e<\/sup> si\u00e8cle\u00a0?\u00a0\u00bb, dans <em>Revue d\u2019histoire moderne &amp; contemporaine<\/em>, 2011, n\u00b0\u00a05, pp. 7-44 ou encore Patrick Boucheron et Nicolas Offenstadt (dir.), <em>L\u2019espace public au Moyen \u00c2ge\u00a0: D\u00e9bats autour de J\u00fcrgen Habermas<\/em>, Paris, Presses universitaires de France, 2011).<\/p><p><a href=\"#_ftnref6\" name=\"_ftn6\">[6]<\/a> La th\u00e8se de Paul Turchi-Duriani (\u00ab\u00a0L\u2019implantation des Corses \u00e0 Rome et dans ses environs entre le vii<sup>e<\/sup> et le xix<sup>e<\/sup> si\u00e8cle\u00a0\u00bb, Th\u00e8se pour le doctorat en Histoire moderne, Universit\u00e9 de Corse, 2022, 624 p.) a permis de reconsid\u00e9rer de nombreux points, y compris de relativiser ce que l\u2019on avait pris l\u2019habitude de d\u00e9signer comme cette \u00ab\u00a0colonie vivante\u00a0et agissante\u00a0\u00bb.<\/p><p><a href=\"#_ftnref7\" name=\"_ftn7\">[7]<\/a> Archives de la Collectivit\u00e9 de Corse, Bastia, 3G3\/49, Stato libero de Giacomo Filippo Casanova de Scolca, 1679. (<em>Esser andato col\u00e0 per capriccio, per correr il mondo, come fanno i Corsi<\/em>\u2026)<\/p><p><a href=\"#_ftnref8\" name=\"_ftn8\">[8]<\/a> Biblioth\u00e8que patrimoniale de Bastia, MS., Copia di una scrittura stampata colla data di Venezia nel 1731 e sparga nell\u2019Isola di Corsica per animar maggiormente la rebellione e mantenere in sperenza i rebelli.<\/p><p><a href=\"#_ftnref9\" name=\"_ftn9\">[9]<\/a> Archivio di Stato di Genova, <em>Archivio Segreto<\/em>, 347A, Lettera dei compatrioti corsi di Bergama alle autorit\u00e0 del Regno di Corsica.<\/p><p><a href=\"#_ftnref10\" name=\"_ftn10\">[10]<\/a> [Don Gregorio Salvini et Pascal Paoli], <em>Lettera di un Corso abitante in Corsica ad un altro dimorante in Venezia, <\/em>Campoloro, 1764.<\/p><p><a href=\"#_ftnref11\" name=\"_ftn11\">[11]<\/a> Quant au polycentrisme, je m\u2019inspire de l\u2019approche de Yasmina Roc\u00edo Ben Yessef Garfia, <em>La Monarchia spagnola in una prospettiva policentrica. Reti, conflitti, negoziazioni tra scala locale e spazi imperiali (secoli xvi-xvii)<\/em>, Napoli, Federico II University Press, 2023.<\/p><p><a href=\"#_ftnref12\" name=\"_ftn12\">[12]<\/a> Sur la culture en Corse, se conf\u00e9rer notamment \u00e0 Eug\u00e8ne F.-X. Gherardi, <em>L\u2019esprit Corse et Romantisme, Jalons pour une histoire culturelle<\/em>, Ajaccio, Albiana, 2004, en part. p. 107.<\/p><p><a href=\"#_ftnref13\" name=\"_ftn13\">[13]<\/a> Pour ne citer que les pages les plus fameuses de la [Don Gregorio Salvini], <em>Giustificazione della rivoluzione di Corsica e della ferma risoluzione presa da\u2019 Corsi di non sottomersi mai pi\u00f9 al dominio di Genova<\/em>, Oletta, 1758, p. 75 et sq.<\/p><p><a href=\"#_ftnref14\" name=\"_ftn14\">[14]<\/a> Michel Fontenay,\u00a0\u00ab\u00a0La Corse \u00eele double\u00a0\u00bb, dans Antoine-Marie Graziani et Luigi Mascilli Migliorini (dir.), <em>Pasquale de\u2019 Paoli (1725-1807), La Corse au c\u0153ur de l\u2019Europe des Lumi\u00e8res<\/em>, <em>Catalogue de l\u2019exposition du Mus\u00e9e de la Corse, <\/em>Ajaccio, Albiana, 2007, pp. 23-29.<\/p><p><a href=\"#_ftnref15\" name=\"_ftn15\">[15]<\/a> Christopher Denis-Delacour, <em>Devenir marin de Rome. Cosmopolitisme de l\u2019identit\u00e9 maritime du xviii<sup>e<\/sup> si\u00e8cle<\/em>, Palermo, New Digital Frontiers, Studi storici marittimi, 2021, p. 116. (\u00ab\u00a0Contrairement \u00e0 la Corse et, entre autres, \u00e0 la tradition maritime des Capcorsins, les Sardes se d\u00e9sint\u00e9ressent des activit\u00e9s li\u00e9es \u00e0 la mer alors que le Pi\u00e9mont est loin d\u2019\u00eatre une puissance maritime.\u00a0\u00bb)<\/p><p><a href=\"#_ftnref16\" name=\"_ftn16\">[16]<\/a> Giampaolo Salice, <em>Il mare degli altri. Colonie di popolamento del Regno di Sardegna (xviii secolo)<\/em>, Cagliari, Istituto di Storia dell\u2019Europa Mediterranea, 2023.<\/p><p><a href=\"#_ftnref17\" name=\"_ftn17\">[17]<\/a> Erick Miceli, \u00ab\u00a0La Corse, d\u2019une \u00eele \u201csemi-ouverte\u00a0\u00bb \u00e0 \u201cferm\u00e9e\u201d\u00a0? (xviii<sup>e<\/sup> si\u00e8cle)\u00a0\u00bb, dans <em>Carnet de recherche, Gouverner les \u00eeles. Territoires, ressources et savoirs des soci\u00e9t\u00e9s insulaires. M\u00e9diterran\u00e9e, Atlantique, Pacifique (xvi<sup>e<\/sup>-xxi<sup>e<\/sup> si\u00e8cle)<\/em>, <em>Hypoth\u00e8ses<\/em>, 6 avril 2023, <a href=\"https:\/\/gouviles.hypotheses.org\/1444\">https:\/\/gouviles.hypotheses.org\/1444<\/a>.<\/p><p><a href=\"#_ftnref18\" name=\"_ftn18\">[18]<\/a> C\u2019est le cas des Favalelli, voir Erick Miceli, \u00ab\u00a0La puissance du r\u00e9seau. Les Favalelli, une famille de notables bastiais du xviii<sup>e<\/sup> si\u00e8cle\u00a0\u00bb, dans Collectif, <em>Des collections vivantes\u00a0: vingt ans d\u2019acquisitions des collections patrimoniales<\/em>, Bastia, 2022, pp. 63-71\u00a0; Antoine-Marie Graziani, <em>Naissance d\u2019une cit\u00e9. Bastia. Capitale de la Corse g\u00e9noise, vol. 2. 1652-1769, <\/em>Ajaccio, \u00c9ditions Alain Piazzola, 2023.<\/p><p><a href=\"#_ftnref19\" name=\"_ftn19\">[19]<\/a> On y \u00e9voque une <em>pubblica Universit\u00e0 di Studj, tanto delle Scienze, comme d\u2019arti Liberali<\/em>. Biblioteca Universitaria di Sassari, MS. 257, Costituzione del Regno di Corsica, 1736.<\/p><p><a href=\"#_ftnref20\" name=\"_ftn20\">[20]<\/a> D\u2019autant plus dans cette Europe de l\u2019Ancien R\u00e9gime o\u00f9 la monarchie \u00e9lective est la norme et l\u2019h\u00e9r\u00e9dit\u00e9 l\u2019exception\u00a0; <em>in extenso<\/em>, sur Th\u00e9odore vu comme un podestat, je renvoie \u00e0 Erick Miceli, <em>Les r\u00e9volutions corses et l\u2019id\u00e9e r\u00e9publicaine : Pascal Paoli face \u00e0 ses innovations, limites et contradictions 1755-1769<\/em>, <em>op. cit.<\/em><\/p><p><a href=\"#_ftnref21\" name=\"_ftn21\">[21]<\/a> Sebastiano Costa, <em>M\u00e9moires (1732-1736)<\/em>, \u00e9d. critique, traduction et notes par Ren\u00e9e Luciani, Paris, Picard, 1972, vol. 2, p. 125.<\/p><p><a href=\"#_ftnref22\" name=\"_ftn22\">[22]<\/a> Archivio di Stato di Genova, <em>Corsica<\/em>, 1471\/29, Lettre de Giacomo Antonio Forcioli, Giacomo Roccatagliata, Gio Batta Bianchi, Paolo Agostino Colonna d\u2019Istria, Gio Agostino Pozzo di Borgo et Gionchino Celli, le 19 novembre 1750. (<em>Sempre pi\u00f9 intenta \u00e0 far fiorire l\u2019arti e le scienze in questo Regno generosamente esibisce a nationali Corsi, che migliore sar\u00e0 stimato nelle prove di tema proposti\u2026<\/em>).<\/p><p><a href=\"#_ftnref23\" name=\"_ftn23\">[23]<\/a> Biblioth\u00e8que patrimoniale de Bastia, MS., Kerenveyer, Demandes des Corses \u00e0 la consulte d\u2019Oletta, le 7 mai 1749. (\u00ab\u00a0Il y a cent raisons plus justes les unes que les autres qui militent pour l\u2019\u00e9rection et l\u2019\u00e9tablissement d\u2019une universit\u00e9 dans le Royaume. Cette acad\u00e9mie g\u00e9n\u00e9rale et universelle des arts et des sciences divines et humaines aurait la facult\u00e9 ordinaire de couronner les savants de faire des docteurs, de conf\u00e9rer les autres degr\u00e9s et jouirait de tous les privil\u00e8ges des universit\u00e9s d\u2019Italie\u2026\u00a0\u00bb).<\/p><p><a href=\"#_ftnref24\" name=\"_ftn24\">[24]<\/a> Archivio di Stato di Genova, <em>Archivio Segreto<\/em>, 347A.<\/p><p><a href=\"#_ftnref25\" name=\"_ftn25\">[25]<\/a> Lettre n\u00b0\u00a086, Pascal Paoli \u00e0 Gian Quilico Casabianca, le 19 octobre 1755.<\/p><p><a href=\"#_ftnref26\" name=\"_ftn26\">[26]<\/a> Cit\u00e9 dans Jean-Guy Talamoni, <em>Le R\u00e9publicanisme corse. Sources, institutions, imaginaires<\/em>, Ajaccio, Albiana, 2018, p. 78.<\/p><p><a href=\"#_ftnref27\" name=\"_ftn27\">[27]<\/a> James Boswell, <em>\u00c9tat de la Corse suivi d\u2019un Journal d\u2019un voyage dans l\u2019isle et des M\u00e9moires de Pascal Paoli<\/em>, traduit de l\u2019italien par Mr. S.D.C, seconde \u00e9dition, Londres, 1769<em>.<\/em>, p. 216.<\/p><p><a href=\"#_ftnref28\" name=\"_ftn28\">[28]<\/a> Lettre n\u00b0\u00a086, Pascal Paoli \u00e0 Gian Quilico Casabianca, le 19 octobre 1755.<\/p><p><a href=\"#_ftnref29\" name=\"_ftn29\">[29]<\/a> Erick Miceli, <em>Les r\u00e9volutions corses et l\u2019id\u00e9e r\u00e9publicaine : Pascal Paoli face \u00e0 ses innovations, limites et contradictions 1755-1769<\/em>, <em>op. cit<\/em>, pp. 89-90.<\/p><p><a href=\"#_ftnref30\" name=\"_ftn30\">[30]<\/a> Biblioteca Civica Berio di Genova, r. r. VII 3 43, Memoria delle richieste che li signori\u2026, f\u00b0 1r\u00b0\u00a0; une copie dans Archivio di Stato di Genova, <em>Corsica<\/em>, 1371.<\/p><p><a href=\"#_ftnref31\" name=\"_ftn31\">[31]<\/a> Archivio di Stato di Genova, <em>Archivio Segreto<\/em>, 2397, Lettre de Scipione Giuseppe Casale, le 31 mai 1755. (<em>Sento che sia venuto di Corsica un prete, che mi si dice chiamarsi Antonio Graziani, uno di quei, secondo mi si suppone, che trattarono per i sollevati col Magnifico Gian Giacomo Grimaldi, quand\u2019era Commissario in quel Regno. Questi, per quanto rappresenta,\u00a0\u00e8 venuto a trattare l\u2019erezzione d\u2019una casa d\u2019educazione in Monticello di Balagna sua Patria\u00a0; al quel\u2019effetto correbbe, che qui dalla Corte di Roma li si concedesse l\u2019unione d\u2019alcuni benefici, oltre la concessione di applicarvi le rendite di alcune cappellanie<\/em><em>\u2026<\/em>).<\/p><p><a href=\"#_ftnref32\" name=\"_ftn32\">[32]<\/a> <em>Ibid.<\/em>, Lettre de Scipione Giuseppe Casale, le 7 juin 1755. (<em>Il <\/em><em>nominato prete venuto da me in un dei scorsi giorni. Mi h\u00e0 egli parlato di tal affar<\/em><em>e\u2026<\/em>).<\/p><p><a href=\"#_ftnref33\" name=\"_ftn33\">[33]<\/a> <em>Ibid.<\/em>, Lettre de Scipione Giuseppe Casale, sd. (<em>Essendo appunto venuto da me, il prete Graziani corso a farmi complimento dopo il mio ritorno della villegiatura<\/em><em>\u2026<\/em>).<\/p><p><a href=\"#_ftnref34\" name=\"_ftn34\">[34]<\/a> <em>Ibid.<\/em>, Lettre de Scipione Giuseppe Casale, le 2 ao\u00fbt 1755.<\/p><p><a href=\"#_ftnref35\" name=\"_ftn35\">[35]<\/a> <em>Ibid.<\/em>, Lettre de Scipione Giuseppe Casale, le 1<sup>er<\/sup> mai 1756.<\/p><p><a href=\"#_ftnref36\" name=\"_ftn36\">[36]<\/a> Archivio di Stato di Genova, <em>Archivio Segreto<\/em>, 2157, Lettre du 10 janvier 1756.<\/p><p><a href=\"#_ftnref37\" name=\"_ftn37\">[37]<\/a> Lettre n\u00b0\u00a0118, le 26 d\u00e9cembre 1755, Lettre au <em>popolo<\/em> de Patrimonio.<\/p><p><a href=\"#_ftnref38\" name=\"_ftn38\">[38]<\/a> Collection particuli\u00e8re, Lettre de Giulio Matteo Natali, le 13 f\u00e9vrier 1729. (<em>Toccante al Simon Francesco suo Fratello, ecco brieve quel ragguaglio, che posso recargliene\u00a0: egli \u00e8 gia d\u00e0 alcuni mesi partito verso Madrid, per Indi<\/em>. <em>L\u2019h\u00e0 onorato colla dignit\u00e0 di Commissario Apostolico e dicesi, avergli anche offerto un Vescovato, e tante il merite singolare in propagar la fede X<sup>ma<\/sup> in quelle parti Barbare e sconosciute\u2026<\/em>)<\/p><p><a href=\"#_ftnref39\" name=\"_ftn39\">[39]<\/a> [Giulio Matteo Natali], <em>Lettera d\u2019un Corso ad un suo amico nazionale abitante in Terraferma<\/em>, Colonia, 1732, 12 p.<\/p><p><a href=\"#_ftnref40\" name=\"_ftn40\">[40]<\/a> Pr\u00e9cisons qu\u2019il a parfois \u00e9t\u00e9 \u00e9crit que la <em>Lettera<\/em> avait \u00e9t\u00e9 l\u2019\u0153uvre de Federico Brignole ce qui induira d\u2019inverser le sens de la lecture pour y d\u00e9celer du second degr\u00e9\u00a0; si une telle proposition venait \u00e0 \u00eatre affirm\u00e9e, cela ne ferait qu\u2019\u00e9taler sur trois \u00e0 quatre ann\u00e9es suppl\u00e9mentaires la radicalisation de Natali puisque le <em>Disinganno<\/em> est bel et bien de sa main.<\/p><p><a href=\"#_ftnref41\" name=\"_ftn41\">[41]<\/a> [Giulio Matteo Natali], <em>Disinganno intorno alla guerra di Corsica scoperto da Curzio Tulliano corso ad un suo amico dimorante nell\u2019isola<\/em>, Cologne, 1736.<\/p><p><a href=\"#_ftnref42\" name=\"_ftn42\">[42]<\/a> On compte 11 r\u00e9f\u00e9rences pour les pp. 3-101\u00a0: statistique effectu\u00e9e sur une <em>Disinganno intorno alla Guerra di Corsica ovvero Corsica Giustificata di Curzio Tulliano Corso ad un suo amico dimorante nell\u2019isola, Terza Edizione<\/em>\u2026, Colonia, 1739, p. 4, p. 18, p. 51 (r\u00e9f\u00e9rence au Congr\u00e8s d\u2019Orezza), p. 51, p. 59, p. 81, p. 92 (<em>Lor tiran\u00eca, unica radica della Guerra presente\u2026<\/em>), p. 95 (x 4).<\/p><p><a href=\"#_ftnref43\" name=\"_ftn43\">[43]<\/a> Archivio di Stato di Genova, <em>Archivio Segreto<\/em>, 2157, Registro delle lettere da Francia, e Corsica\u2026 1755-1760, Lettre de Bastia, le 6 mars 1756.<\/p><p><a href=\"#_ftnref44\" name=\"_ftn44\">[44]<\/a> En \u00e9tant, parfois, des sociabilit\u00e9s dormantes r\u00e9veill\u00e9es par les crises ext\u00e9rieures\u00a0; voir Michel Dobry, <em>Sociologie des crises politiques. La dynamique des mobilisations multisectorielles, 3<sup>e<\/sup> \u00e9dition<\/em>, Paris, SciencesPo\u00a0: Les Presses, 2009.<\/p><p><a href=\"#_ftnref45\" name=\"_ftn45\">[45]<\/a> Biblioth\u00e8que patrimoniale de Bastia, MS., Lettre d\u2019A.L.S., sl. nd. accompagnant une copie manuscrite du Disinganno de 1739. (<em>Gia si era conferito con il Signore Canonico Natali la divisata scrittura, di cui ne ricever\u00e0 \u00e0 in questa ordinario il primo capitolo veramente fatta con tutto lo impegno o la misura del zelante compositore, e il canonico Natale medemo gli ne rese grazie in nome di tutta la nazione, perche veramente giustificata la loro caosa, da cui dipende la validit\u00e0 dell\u2019elezzione fatta in persona di vostra Maesta. Non si \u00e8 mandato il resto, perche il compositore faceva una forza grande per ribattere l\u2019obiezzione, che fanno alcuni Corsi, dicendo che avevano eletto Vostra Maest\u00e0 con alcune condizione\u2026<\/em>)<\/p><p><a href=\"#_ftnref46\" name=\"_ftn46\">[46]<\/a> Archivio di Stato di Torino, <em>Negoziazioni con la Corsica<\/em>, Mazzo 1 non inventoriato, Risposta ad alcuni Capi, e Popoli di Corsica sopra le presenti Turbolenze, e strane Vicende di quel Regno.<\/p><p><a href=\"#_ftnref47\" name=\"_ftn47\">[47]<\/a> Je renvoie \u00e0 Erick Miceli, \u00ab\u00a0La Corse entre trois souverainet\u00e9s, 1750-1770. Dynamiques politiques, intellectuelles et ambitions personnelles durant le \u201cmoment paolien\u201d des crises r\u00e9volutionnaires corses\u00a0\u00bb, Th\u00e8se pour le doctorat en histoire moderne, Universit\u00e9 de Corse \u2013 Universit\u00e0 degli studi di Genova, 2022, 1408 p., en part. pp. 604-640.<\/p><p><a href=\"#_ftnref48\" name=\"_ftn48\">[48]<\/a> Giacomo Santo Lorenzi, \u00ab\u00a0L\u2019uccisione di Giampietro Gaffori\u00a0\u00bb, dans <em>ASC<\/em>, Anno xiv, n\u00b0\u00a03, 1938, pp. 405-414\u00a0; plus largement, voir Carlo Bitossi, \u00ab\u00a0Assassinio politico o vendetta\u00a0? La morte di Gian Pietro Gaffori e la rivoluzione corsa (1753)\u00a0\u00bb, dans <em>QSLSP<\/em>, <em>Ianuensis non nascitur sed fit<\/em> Studi per Dino Puncuh, n\u00b0\u00a07, 2019, pp. 231-252.<\/p><p><a href=\"#_ftnref49\" name=\"_ftn49\">[49]<\/a> Antoine Franzini, <em>La Corse du xv<sup>e<\/sup> si\u00e8cle. Politique et soci\u00e9t\u00e9 (1433-1483),<\/em> Ajaccio, \u00c9ditions Alain Piazzola, 2005, p. 385.<\/p><p><a href=\"#_ftnref50\" name=\"_ftn50\">[50]<\/a> Biblioth\u00e8que de l\u2019Institut de France, Ms 54, N\u00e9gociation et relation de Gennes, par le sieur de Saint-Olon, 1684, <em>Des Magistratures<\/em>. (\u00ab\u00a0Celui des Inquisiteurs d\u2019\u00c9tat a le soin de veiller sur tout ce qui se passe non seulement dans tout l\u2019\u00c9tat, mais encore, par le moyen de ses \u00e9missaires dans les provinces et royaumes les plus \u00e9loign\u00e9s. Leurs pouvoirs &lt;sont&gt; aussi consid\u00e9rables, principalement depuis la fin de l\u2019ann\u00e9e 16892 et imm\u00e9diatement apr\u00e8s qu\u2019on sut qu\u2019on avait nomm\u00e9 en France un ministre pour venir r\u00e9sister [au]pr\u00e8s [de] cette R\u00e9publique, auquel temps on leur a donn\u00e9 l\u2019autorit\u00e9 (ex informata conscientia) et sans forme de proc\u00e8s, [de] faire emprisonner, exiler et bannir ceux qui conviendraient \u00e0 certaines nouvelles lois qu\u2019ils ont faites de quelque qualit\u00e9 et condition qu\u2019ils puissent \u00eatre. En 1684, le doge Lercara Impariale, quoi que d\u00e9vot, fit plusieurs tentatives pour y ajouter l\u2019autorit\u00e9 de faire empoisonner ou tuer secr\u00e8tement ceux qu\u2019ils jugeaient le m\u00e9riter pour le bien public, mais cette proposition barbare, qui ne &lt;trouva que&gt; quelques approbateurs fit horreur \u00e0 un nombre d\u2019honn\u00eates gens qui fut suffisant pour s\u2019y opposer et en emp\u00eacher l\u2019ex\u00e9cution. Ce magistrat qui, en ce cas, eut put l\u00e9gitimement \u00eatre appel\u00e9 le Magistrat des assassins est ordinairement compos\u00e9 de six nobles, parmi lesquels il y a des s\u00e9nateurs ex-doges qui pr\u00e9sident, on les change tous les deux ans\u00a0\u00bb.).<\/p><p><a href=\"#_ftnref51\" name=\"_ftn51\">[51]<\/a> Paolo Costantini, <em>La Repubblica di Genova nell\u2019et\u00e0 moderna<\/em>, Torino, UTET, 1978, p. 263. (<em>Les Inquisitori di Stato una magistratura ricalcata su quella veneziana, che, dotata di larghi poteri di repressione e dii controllo dell\u2019opinione<\/em>\u2026)\u00a0; <em>in extenso<\/em>, voir Romano Canosa, <em>Alle origini delle polize politiche. Gli inquisitori di Stato a Venezia e a Genova<\/em>, Milano, Sugarco Edizioni, 1989.<\/p><p><a href=\"#_ftnref52\" name=\"_ftn52\">[52]<\/a> Francis Pomponi, \u00ab\u00a0\u00c9meutes populaires en Corse\u00a0: aux origines de l\u2019insurrection contre la domination g\u00e9noise (d\u00e9cembre 1729-juillet 1731)\u00a0\u00bb, dans <em>Annales du Midi\u00a0: Revue arch\u00e9ologique, historique et philologique de la France m\u00e9ridionale<\/em>, t. 84,\u00a0n\u00b0\u00a0107, 1972, pp. 151-181.<\/p><p><a href=\"#_ftnref53\" name=\"_ftn53\">[53]<\/a> Archivio di Stato di Genova, <em>Archivio Segreto<\/em>, 2079, 14 octobre 1755, Relazione degli Inquisitori.<\/p><p><a href=\"#_ftnref54\" name=\"_ftn54\">[54]<\/a> Erick Miceli, <em>Les r\u00e9volutions corses et l\u2019id\u00e9e r\u00e9publicaine : Pascal Paoli face \u00e0 ses innovations, limites et contradictions 1755-1769<\/em>, <em>op. cit<\/em>, pp. 96-101.<\/p><p><a href=\"#_ftnref55\" name=\"_ftn55\">[55]<\/a> Antoine-Marie Graziani (dir.), <em>Histoire de la Corse, vol. ii. Des R\u00e9volutions \u00e0 nos jours. Permanences et \u00e9volutions<\/em>, Ajaccio, \u00c9ditions Alain Piazzola, 2018 p. 77.<\/p><p><a href=\"#_ftnref56\" name=\"_ftn56\">[56]<\/a> Archives de la Collectivit\u00e9 de Corse, Ajaccio, 5FG202, La Padria in Bando. (<em>Ditemi o Padri della Padria. Non conoscete forsi la vostra nobile condizione, il merito, la publica autorit\u00e0 che appresso di voj si ritrova, le patrie leggi, il Comando collocato nel vostro zelo dalla stessa natura, il gius delle genti, ed anche da Dio medesimo al Comun vantaggio della nazione\u00a0? e da qual parte risplende il lume de vostri <span style=\"text-decoration: line-through;\">vantaggi<\/span> saggi consigli, la f\u00e8 immutabile, la maggiorenza, il rispetto, la scelta la maturit\u00e0 de vostri giudicij\u00a0? voj ben sapete l\u2019obligo che v\u2019incombe sul discernimento di quelle cose che al fine della quiete commune maggiormente vengono<\/em>. <em>La massima delle quali esser deve la scelta di que sogetti destinati al governo de vostri Popoli<\/em>\u2026)<\/p><p><a href=\"#_ftnref57\" name=\"_ftn57\">[57]<\/a> Ambroise Ambrosi, \u00ab\u00a0Un pamphlet c\u00e9l\u00e8bre. Le <em>Disinganno attorno alla guerra di Corsica<\/em> de Curzio Tulliano\u00a0\u00bb, dans <em>Revue de la Corse, Ancienne et moderne. Historique, litt\u00e9raire et bibliographique<\/em>, pp. 26-34.<\/p><p><a href=\"#_ftnref58\" name=\"_ftn58\">[58]<\/a> Ambrogio Rossi (abb\u00e9), <em>Osservazioni storiche sopra la Corsica dall\u2019Abbate\u2026<\/em>, publi\u00e9 par Lucien Auguste Letteron (abb\u00e9), dans <em>BSSHNC<\/em>, Bastia, 1895-1909, vol. x, p. 60.<\/p><p><a href=\"#_ftnref59\" name=\"_ftn59\">[59]<\/a> Antoine-Marie Graziani, \u00ab\u00a0\u201cSi \u00e8 risposto a Lutero e si risponde ogni giorno agli eretici\u201d, Pier Maria Giustiniani l\u2019antijustificateur\u00a0\u00bb, dans <em>QSLSP<\/em>, 2019, pp. 681-704.<\/p><p><a href=\"#_ftnref60\" name=\"_ftn60\">[60]<\/a> Lettre n\u00b0\u00a01650, Pascal Paoli \u00e0 Don Gregorio Salvini, le 12 janvier 1764. (<em>Da Livorno mi scrivono ancora che pensano di far stampare nell\u2019opera di Saliceti la lettera vostra del corso al suo nazionale in Venezia. Vi prego portarla con voi, acci\u00f2 si possa dargli una rivista come desideranno<\/em>.)\u00a0; en prol\u00e9gom\u00e8nes \u00e0 cette affirmation, voir moi<\/p><p><a href=\"#_ftnref61\" name=\"_ftn61\">[61]<\/a> Biblioteca Universitaria di Genova, MS., BV21, Consulto etc. circa la persona del canonico Giulio Matteo Natali accusato di ribellione in Corsica.<\/p><p><a href=\"#_ftnref62\" name=\"_ftn62\">[62]<\/a> Archivio di Stato di Genova, <em>Archivio Segreto<\/em>, 2100, Decreto circa la proposizione al Minore Consiglio per l\u2019estinzione di Francesco osia Francesco Antonio Arena.<\/p><p><a href=\"#_ftnref63\" name=\"_ftn63\">[63]<\/a> [Don Gregorio Salvini], <em>Justification de la r\u00e9volution de Corse combattue par les r\u00e9flexions d\u2019un g\u00e9nois, l\u2019\u00e9v\u00eaque Pier Maria Giustiniani, et d\u00e9fendue par les observations d\u2019un corse, Buonfigliolo Guelfucci<\/em>, pr\u00e9sentation, traduction et notes par \u00c9velyne Luciani, Ajaccio, Albiana, 2013, p. 461.<\/p><p><a href=\"#_ftnref64\" name=\"_ftn64\">[64]<\/a> Qui compte, selon lui, parmi les \u00ab\u00a0nombreux eccl\u00e9siastiques que la R\u00e9publique emprisonna par pure volont\u00e9 de nuire \u00e0 l\u2019\u00c9glise\u00a0\u00bb ([Don Gregorio Salvini], <em>Justification de la r\u00e9volution de Corse combattue par les r\u00e9flexions d\u2019un g\u00e9nois\u2026 op. cit<\/em>., p.. 462.) car \u00ab\u00a0<em>aderente alla rivolta<\/em>\u00a0\u00bb (Ambrogio Rossi (abb\u00e9), <em>Osservazioni storiche sopra la Corsica dall\u2019Abbate\u2026<\/em> <em>op. cit.<\/em>, x, p. 202). Ce Franceschi aurait ainsi c\u00f4toy\u00e9 entre le 12 novembre 1761 et au moins jusqu\u2019au 18 f\u00e9vrier 1763 Ambrosini (Louis Belgodere de Bagnaja, \u00ab\u00a0Des r\u00e9volutions de Corse \u00e0 la r\u00e9volution fran\u00e7aise\u00a0: les servites dans la tourmente (1729-1797<em>)\u00a0<\/em>\u00bb, dans Jean-Christophe Liccia (dir.), <em>Les Servites de Marie en Corse. Histoire, patrimoine, vie conventuelle<\/em>, Ajaccio, \u00c9ditions Alain Piazzola, 2000, p. 889).<\/p><p><a href=\"#_ftnref65\" name=\"_ftn65\">[65]<\/a> [Don Gregorio Salvini], <em>Justification de la r\u00e9volution de Corse combattue par les r\u00e9flexions d\u2019un g\u00e9nois\u2026 op. cit<\/em>., p. 462.<\/p><p><a href=\"#_ftnref66\" name=\"_ftn66\">[66]<\/a> Archivio di Stato di Genova, <em>Corsica<\/em>, 424, Rollo della compagnia del capitano Gregorio Graziani, 1751.<\/p><p><a href=\"#_ftnref67\" name=\"_ftn67\">[67]<\/a> <em>Ibid.<\/em><\/p><p><a href=\"#_ftnref68\" name=\"_ftn68\">[68]<\/a> Ambrogio Rossi (abb\u00e9), <em>Osservazioni storiche sopra la Corsica dall\u2019Abbate\u2026<\/em> <em>op. cit.<\/em>, x, p. 201.<\/p><p><a href=\"#_ftnref69\" name=\"_ftn69\">[69]<\/a> \u00ab\u00a0Lettres de Pascal Paoli publi\u00e9es par le docteur Perelli, 1<sup>\u00e8re<\/sup> s\u00e9rie\u00a0\u00bb, dans <em>BSSHNC<\/em>, 1884, 6 juin 1757.<\/p><p><a href=\"#_ftnref70\" name=\"_ftn70\">[70]<\/a> Archivio di Stato di Genova, <em>Archivio Segreto<\/em>, 2397, Lettre de Scipione Giuseppe Casale, le 2 mai 1757.<\/p><p><a href=\"#_ftnref71\" name=\"_ftn71\">[71]<\/a> Erick Miceli, \u00ab\u00a0L\u2019essor d\u2019un r\u00e9publicanisme patriotique \u00e0 la fin des r\u00e9volutions corses\u00a0\u00bb, dans <em>LUMI, Rivista di Studii nantu \u00e0 l\u2019et\u00e0 di i Lumi \u00e8 di e Rivoluzioni<\/em>, n\u00b0 3, en ligne.<\/p><p><a href=\"#_ftnref72\" name=\"_ftn72\">[72]<\/a> Collection particuli\u00e8re, lettre du 23 avril 1757.<\/p><p><a href=\"#_ftnref73\" name=\"_ftn73\">[73]<\/a> Collection particuli\u00e8re, lettre du 12 juillet 1739.<\/p><p><a href=\"#_ftnref74\" name=\"_ftn74\">[74]<\/a> [Don Gregorio Salvini], <em>Justification de la r\u00e9volution de Corse combattue par les r\u00e9flexions d\u2019un g\u00e9nois\u2026 op. cit<\/em>., p. 462.<\/p><p><a href=\"#_ftnref75\" name=\"_ftn75\">[75]<\/a> Collection particuli\u00e8re, lettre du 27 avril 1757.<\/p><p><a href=\"#_ftnref76\" name=\"_ftn76\">[76]<\/a> Collection particuli\u00e8re, lettre du 30 avril 1757.<\/p><p><a href=\"#_ftnref77\" name=\"_ftn77\">[77]<\/a> Archives de la Collectivit\u00e9 de Corse, Ajaccio, 1J3, lettre de Giulio Matteo Natali, Lettre du 18 juin 1757.<\/p><p><a href=\"#_ftnref78\" name=\"_ftn78\">[78]<\/a> Lettre n\u00b0\u00a0277, Pascal Paoli \u00e0 Giovan Paolo Quilici, vers fin avril ou d\u00e9but mai 1757.<\/p><p><a href=\"#_ftnref79\" name=\"_ftn79\">[79]<\/a> \u00ab\u00a0Lettres de Pascal Paoli publi\u00e9es par le docteur Perelli, 1<sup>\u00e8re<\/sup> s\u00e9rie\u00a0\u00bb, dans <em>BSSHNC<\/em>, 1884, 13 juin 1757. (<em>Fin <\/em><em>dal passato decembre, furono da Genova spediti a Roma, per assassinare il Signor canonico Natali\u00a0: ma non potei allora individuarne i nomi, perch\u00e8 non mi erano ancora rivelati, e non ne sapevo le circonstanza, che in appresso mi sono state notificate, e dora, che ne sono informato, devo renderne consapevole Lei ed il Signor Casabianca per loro precauzione<\/em>\u2026)<\/p><p><a href=\"#_ftnref81\" name=\"_ftn81\">[81]<\/a> Lettre n\u00b0\u00a0294, Pascal Paoli \u00e0 Giacinto Paoli, le 28 mai 1757.<\/p><p><a href=\"#_ftnref82\" name=\"_ftn82\">[82]<\/a> Ambrogio Rossi (abb\u00e9), <em>Osservazioni storiche sopra la Corsica dall\u2019Abbate\u2026 op. cit.<\/em>, x, p. 204.<\/p><p><a href=\"#_ftnref83\" name=\"_ftn83\">[83]<\/a> <em>Ibid<\/em>.<\/p><p><a href=\"#_ftnref84\" name=\"_ftn84\">[84]<\/a> [Don Gregorio Salvini], <em>Justification de la r\u00e9volution de Corse combattue par les r\u00e9flexions d\u2019un g\u00e9nois\u2026 op. cit<\/em>., p. 462.<\/p><p><a href=\"#_ftnref85\" name=\"_ftn85\">[85]<\/a> Ambrogio Rossi (abb\u00e9), <em>Osservazioni storiche sopra la Corsica dall\u2019Abbate\u2026 op. cit.<\/em>, x, p. 202.<\/p><p><a href=\"#_ftnref86\" name=\"_ftn86\">[86]<\/a> On peut se demander si cette information erron\u00e9e ne provient d\u2019une mauvaise lecture d\u2019une lettre de Luigi Zerbi \u00e0 Giacinto Paoli\u00a0: \u00ab\u00a0Lettres de Pascal Paoli publi\u00e9es par le docteur Perelli, 1<sup>\u00e8re<\/sup> s\u00e9rie\u00a0\u00bb, dans <em>BSSHNC<\/em>, 1884, 13 juin 1757. (<em>Uno di questi ministri degno del Doge Grimaldi, e dell\u2019Augusto suo Senato, \u00e8 Francesco Ambrosini dell\u2019Algajola<\/em>\u2026).<\/p><p><a href=\"#_ftnref87\" name=\"_ftn87\">[87]<\/a> Buonfiglio Guelfucci, \u00ab\u00a0Memorie per servire alla Storia delle Rivoluzioni di Corsica, dal 1729 al 1764\u00a0\u00bb, dans <em>BSSHNC<\/em>, 1882<em>.<\/em>, p. 5.<\/p><p><a href=\"#_ftnref88\" name=\"_ftn88\">[88]<\/a> <em>Ibidem<\/em>.<\/p><p><a href=\"#_ftnref89\" name=\"_ftn89\">[89]<\/a> Archives de la Collectivit\u00e9 de Corse, Bastia, 52J5\/3, Lettre d\u2019un anonyme depuis Rome, le 3 mai 1757.<\/p><p><a href=\"#_ftnref90\" name=\"_ftn90\">[90]<\/a> Collection particuli\u00e8re, Lettre du 30 avril 1757.<\/p><p><a href=\"#_ftnref91\" name=\"_ftn91\">[91]<\/a> Archives de la Collectivit\u00e9 de Corse, Ajaccio, 1J3, Lettre de Giulio Matteo Natali, Lettre du 18 juin 1757.<\/p><p><a href=\"#_ftnref92\" name=\"_ftn92\">[92]<\/a> <em>Ibid.<\/em><\/p><p><a href=\"#_ftnref93\" name=\"_ftn93\">[93]<\/a> Archivio di Stato di Genova, <em>Archivio Segreto<\/em>, 2397, Lettre de Scipione Giuseppe Casale, le 24 d\u00e9cembre 1757.<\/p><p><a href=\"#_ftnref94\" name=\"_ftn94\">[94]<\/a> Archives de la Collectivit\u00e9 de Corse, Bastia, <em>GC<\/em>, 15, Lettre du 6 octobre 1765.<\/p><p><a href=\"#_ftnref95\" name=\"_ftn95\">[95]<\/a> Archives de la Collectivit\u00e9 de Corse, Bastia, <em>GC<\/em>, 23, Lettre de Giulio Matteo Natali, le 16 d\u00e9cembre 1766.<\/p><p><a href=\"#_ftnref96\" name=\"_ftn96\">[96]<\/a> Giuseppe Radiciotti, <em>L\u2019arte musicale in Tivoli nei secoli xvi, xvii e xviii<\/em>, Tivoli, Officina Poligrafica Italiana, 1907, p. 19.<\/p><p><a href=\"#_ftnref97\" name=\"_ftn97\">[97]<\/a> Fausto Fonzi, <em>Le relazioni fra Genova e Roma al tempo di Clemente XIII<\/em>, Estratto dal volume viii (1957) dell\u2019Annuario dell\u2019Istituto Storico Italiano per l\u2019et\u00e0 moderna e contemporanea, Roma, 1957.<\/p><p><a href=\"#_ftnref98\" name=\"_ftn98\">[98]<\/a> Franco Venturi, <em>Settecento riformatore. L\u2019Italia dei lumi (1764-1790) 1. La rivoluzione di Corsica. Le grandi carestie degli anni sessanta. La Lombardia delle riforme<\/em>, Torino, Einaudi, Biblioteca di cultura storica, 1969\u00a0; <em>in extenso<\/em> <em>Ibid<\/em>., <em>Settecento riformatore, La chiesa e la repubblica dentro i loro limiti<\/em>, Torino, Giulio Einaudi editore, 1976.<\/p><p><a href=\"#_ftnref99\" name=\"_ftn99\">[99]<\/a> Diego Pizzorno<em>, Genova e Roma tra Cinque e Seicento, Gruppi di potere, rapporti politico-diplomatici, strategie internazionali<\/em>, Modena, Mucchi editore, 2018.<\/p><p><a href=\"#_ftnref100\" name=\"_ftn100\">[100]<\/a> Marie Viallon (dir.), <em>Paolo Sarpi, Politique et religion en Europe<\/em>, Classiques Garnier, 2010.<\/p><p><a href=\"#_ftnref101\" name=\"_ftn101\">[101]<\/a> Stefano Tabacchi, <em>Lo Stato della Chiesa<\/em>, Bologne, Il Mulino, 2023, p. 116.<\/p><p><a href=\"#_ftnref102\" name=\"_ftn102\">[102]<\/a> <em>Ibid<\/em>., pp. 115-116. (<em>Evidenzi\u00f2 in maniera particolarmente chiara la tensione fra la riproposizione di una visiona ancora trionfalistica del ruolo del papato, che pure si apriva a prospettive di riforme interne, e una ormai strutturale incapacit\u00e0 di misurarsi con la realt\u00e0 della politica europea e con i movimenti profondi della cultura contemporanea, inclusa quella religiosa<\/em>\u2026).<\/p><p><a href=\"#_ftnref103\" name=\"_ftn103\">[103]<\/a> Pour reprendre une expression g\u00e9n\u00e9ralement \u00e9voqu\u00e9e concernant la R\u00e9publique de G\u00eanes. Dans le prolongement, voir <em>Ibid<\/em>., p. 114. (<em>Nel primo Settecento la posizione del papato e dello Stato della Chiesa nel sistema politico europeo conobbe un rapido deterioramento\u2026<\/em>).<\/p><p><a href=\"#_ftnref104\" name=\"_ftn104\">[104]<\/a> Maurice Boutry,<em> Choiseul \u00e0 Rome, Lettres et m\u00e9moires in\u00e9dits, 1754-1757<\/em>, Paris, Calmann Levy, 1895, p. 244.<\/p><p><a href=\"#_ftnref105\" name=\"_ftn105\">[105]<\/a> Cit\u00e9 dans Antoine-Marie Graziani, \u00ab\u00a0Pascal Paoli et le Visiteur apostolique\u00a0\u00bb, <em>art. cit.<\/em><\/p><p><a href=\"#_ftnref106\" name=\"_ftn106\">[106]<\/a> Archivio di Stato di Genova, <em>Senarega<\/em>, Colleggii Diversorum, 288, Billet de calice, lu le 14 juillet 1760. (<em>La Repubblica Serenissima e stata minacciata della sua rovina\u2026 \u00e8 presentamente la Corte di Roma, quella di Francia, quella di Spagna, d\u2019Inghilterra, o Torino candone alla di lei destruzione si vuor disporre della Corsica\u2026<\/em>).<\/p><p><a href=\"#_ftnref107\" name=\"_ftn107\">[107]<\/a> \u00ab\u00a0Lettres de Pascal Paoli publi\u00e9es par le docteur Perelli, 3<sup>e<\/sup> s\u00e9rie\u00a0\u00bb, dans <em>BSSHNC<\/em>, 1890, pp. 381-385.<\/p><p><a href=\"#_ftnref108\" name=\"_ftn108\">[108]<\/a> Francesco di Donato, \u00ab\u00a0La hi\u00e9rarchie des normes dans l\u2019ordre juridique, social et institutionnel de l\u2019Ancien R\u00e9gime\u00a0\u00bb, dans <em>Revus\u00a0: Journal for Constitutional Theory and Philosophy of Law<\/em>, N\u00b0 21, 2013, pp. 237-292.<\/p><p><a href=\"#_ftnref109\" name=\"_ftn109\">[109]<\/a> Archivio di Stato di Genova, <em>Archivio Segreto<\/em>, 2397, Lettre de Scipione Giuseppe Casale, le 18 f\u00e9vrier 1758.<\/p>\t\t\t\t\t\t\t\t<\/div>\n\t\t\t\t<\/div>\n\t\t\t\t\t<\/div>\n\t\t<\/div>\n\t\t\t\t<div class=\"elementor-column elementor-col-50 elementor-top-column elementor-element elementor-element-3c86fa4f\" data-id=\"3c86fa4f\" data-element_type=\"column\" data-e-type=\"column\">\n\t\t\t<div class=\"elementor-widget-wrap\">\n\t\t\t\t\t\t\t<\/div>\n\t\t<\/div>\n\t\t\t\t\t<\/div>\n\t\t<\/section>\n\t\t\t\t<section data-particle_enable=\"false\" data-particle-mobile-disabled=\"false\" class=\"elementor-section elementor-top-section elementor-element elementor-element-7905badf elementor-section-boxed elementor-section-height-default elementor-section-height-default\" data-id=\"7905badf\" data-element_type=\"section\" data-e-type=\"section\">\n\t\t\t\t\t\t<div class=\"elementor-container elementor-column-gap-default\">\n\t\t\t\t\t<div class=\"elementor-column elementor-col-100 elementor-top-column elementor-element elementor-element-3612363e\" data-id=\"3612363e\" data-element_type=\"column\" data-e-type=\"column\">\n\t\t\t<div class=\"elementor-widget-wrap elementor-element-populated\">\n\t\t\t\t\t\t<div class=\"elementor-element elementor-element-58d89c42 elementor-share-buttons--skin-boxed elementor-share-buttons--view-icon-text elementor-share-buttons--shape-square elementor-grid-0 elementor-share-buttons--color-official elementor-widget elementor-widget-share-buttons\" data-id=\"58d89c42\" data-element_type=\"widget\" data-e-type=\"widget\" data-widget_type=\"share-buttons.default\">\n\t\t\t\t<div class=\"elementor-widget-container\">\n\t\t\t\t\t\t\t<div class=\"elementor-grid\" role=\"list\">\n\t\t\t\t\t\t\t\t<div class=\"elementor-grid-item\" role=\"listitem\">\n\t\t\t\t\t\t<div class=\"elementor-share-btn elementor-share-btn_facebook\" role=\"button\" tabindex=\"0\" aria-label=\"Partager sur facebook\">\n\t\t\t\t\t\t\t\t\t\t\t\t\t\t\t<span class=\"elementor-share-btn__icon\">\n\t\t\t\t\t\t\t\t<i class=\"fab fa-facebook\" aria-hidden=\"true\"><\/i>\t\t\t\t\t\t\t<\/span>\n\t\t\t\t\t\t\t\t\t\t\t\t\t\t\t\t\t\t\t\t\t\t<div class=\"elementor-share-btn__text\">\n\t\t\t\t\t\t\t\t\t\t\t\t\t\t\t\t\t\t\t<span class=\"elementor-share-btn__title\">\n\t\t\t\t\t\t\t\t\t\tFacebook\t\t\t\t\t\t\t\t\t<\/span>\n\t\t\t\t\t\t\t\t\t\t\t\t\t\t\t\t\t<\/div>\n\t\t\t\t\t\t\t\t\t\t\t\t\t<\/div>\n\t\t\t\t\t<\/div>\n\t\t\t\t\t\t\t\t\t<div class=\"elementor-grid-item\" role=\"listitem\">\n\t\t\t\t\t\t<div class=\"elementor-share-btn elementor-share-btn_twitter\" role=\"button\" tabindex=\"0\" aria-label=\"Partager sur twitter\">\n\t\t\t\t\t\t\t\t\t\t\t\t\t\t\t<span class=\"elementor-share-btn__icon\">\n\t\t\t\t\t\t\t\t<i class=\"fab fa-twitter\" aria-hidden=\"true\"><\/i>\t\t\t\t\t\t\t<\/span>\n\t\t\t\t\t\t\t\t\t\t\t\t\t\t\t\t\t\t\t\t\t\t<div class=\"elementor-share-btn__text\">\n\t\t\t\t\t\t\t\t\t\t\t\t\t\t\t\t\t\t\t<span class=\"elementor-share-btn__title\">\n\t\t\t\t\t\t\t\t\t\tTwitter\t\t\t\t\t\t\t\t\t<\/span>\n\t\t\t\t\t\t\t\t\t\t\t\t\t\t\t\t\t<\/div>\n\t\t\t\t\t\t\t\t\t\t\t\t\t<\/div>\n\t\t\t\t\t<\/div>\n\t\t\t\t\t\t\t\t\t<div class=\"elementor-grid-item\" role=\"listitem\">\n\t\t\t\t\t\t<div class=\"elementor-share-btn elementor-share-btn_linkedin\" role=\"button\" tabindex=\"0\" aria-label=\"Partager sur linkedin\">\n\t\t\t\t\t\t\t\t\t\t\t\t\t\t\t<span class=\"elementor-share-btn__icon\">\n\t\t\t\t\t\t\t\t<i class=\"fab fa-linkedin\" aria-hidden=\"true\"><\/i>\t\t\t\t\t\t\t<\/span>\n\t\t\t\t\t\t\t\t\t\t\t\t\t\t\t\t\t\t\t\t\t\t<div class=\"elementor-share-btn__text\">\n\t\t\t\t\t\t\t\t\t\t\t\t\t\t\t\t\t\t\t<span class=\"elementor-share-btn__title\">\n\t\t\t\t\t\t\t\t\t\tLinkedIn\t\t\t\t\t\t\t\t\t<\/span>\n\t\t\t\t\t\t\t\t\t\t\t\t\t\t\t\t\t<\/div>\n\t\t\t\t\t\t\t\t\t\t\t\t\t<\/div>\n\t\t\t\t\t<\/div>\n\t\t\t\t\t\t<\/div>\n\t\t\t\t\t\t<\/div>\n\t\t\t\t<\/div>\n\t\t\t\t<div class=\"elementor-element elementor-element-47be1c64 elementor-widget-divider--separator-type-pattern elementor-widget-divider--no-spacing elementor-widget-divider--view-line elementor-widget elementor-widget-divider\" data-id=\"47be1c64\" data-element_type=\"widget\" data-e-type=\"widget\" data-widget_type=\"divider.default\">\n\t\t\t\t<div class=\"elementor-widget-container\">\n\t\t\t\t\t\t\t<div class=\"elementor-divider\" style=\"--divider-pattern-url: url(&quot;data:image\/svg+xml,%3Csvg xmlns=&#039;http:\/\/www.w3.org\/2000\/svg&#039; preserveAspectRatio=&#039;none&#039; overflow=&#039;visible&#039; height=&#039;100%&#039; viewBox=&#039;0 0 24 24&#039; fill=&#039;black&#039; stroke=&#039;none&#039;%3E%3Cpath d=&#039;M24,8v12H0V8H24z M24,4v1H0V4H24z&#039;\/%3E%3C\/svg%3E&quot;);\">\n\t\t\t<span class=\"elementor-divider-separator\">\n\t\t\t\t\t\t<\/span>\n\t\t<\/div>\n\t\t\t\t\t\t<\/div>\n\t\t\t\t<\/div>\n\t\t\t\t<div class=\"elementor-element elementor-element-613bf0b4 elementor-widget elementor-widget-heading\" data-id=\"613bf0b4\" data-element_type=\"widget\" data-e-type=\"widget\" data-widget_type=\"heading.default\">\n\t\t\t\t<div class=\"elementor-widget-container\">\n\t\t\t\t\t<h4 class=\"elementor-heading-title elementor-size-default\">D'autres articles<\/h4>\t\t\t\t<\/div>\n\t\t\t\t<\/div>\n\t\t\t\t<div class=\"elementor-element elementor-element-7ab40fe2 elementor-grid-1 elementor-posts--thumbnail-left elementor-grid-tablet-1 elementor-grid-mobile-1 elementor-widget elementor-widget-posts\" data-id=\"7ab40fe2\" data-element_type=\"widget\" data-e-type=\"widget\" data-settings=\"{&quot;classic_columns&quot;:&quot;1&quot;,&quot;classic_row_gap&quot;:{&quot;unit&quot;:&quot;px&quot;,&quot;size&quot;:20,&quot;sizes&quot;:[]},&quot;classic_columns_tablet&quot;:&quot;1&quot;,&quot;classic_columns_mobile&quot;:&quot;1&quot;,&quot;classic_row_gap_tablet&quot;:{&quot;unit&quot;:&quot;px&quot;,&quot;size&quot;:&quot;&quot;,&quot;sizes&quot;:[]},&quot;classic_row_gap_mobile&quot;:{&quot;unit&quot;:&quot;px&quot;,&quot;size&quot;:&quot;&quot;,&quot;sizes&quot;:[]}}\" data-widget_type=\"posts.classic\">\n\t\t\t\t<div class=\"elementor-widget-container\">\n\t\t\t\t\t\t\t<div class=\"elementor-posts-container elementor-posts elementor-posts--skin-classic elementor-grid\" role=\"list\">\n\t\t\t\t<article class=\"elementor-post elementor-grid-item post-2614 post type-post status-publish format-standard has-post-thumbnail hentry category-editorial4\" role=\"listitem\">\n\t\t\t\t<a class=\"elementor-post__thumbnail__link\" href=\"https:\/\/m3c.universita.corsica\/lumi\/lenseignement-doit-il-etre-une-affaire-detat-reflexions-personnelles-dun-vieil-universitaire-de-corse\/\" tabindex=\"-1\" >\n\t\t\t<div class=\"elementor-post__thumbnail\"><img decoding=\"async\" width=\"300\" height=\"120\" src=\"https:\/\/lumi.univ-corse.fr\/wp-content\/uploads\/2024\/07\/Michel_VergeFranceschi-300x120.webp\" class=\"attachment-medium size-medium wp-image-2661\" alt=\"\" srcset=\"https:\/\/lumi.univ-corse.fr\/wp-content\/uploads\/2024\/07\/Michel_VergeFranceschi-300x120.webp 300w, https:\/\/lumi.univ-corse.fr\/wp-content\/uploads\/2024\/07\/Michel_VergeFranceschi-1024x410.webp 1024w, https:\/\/lumi.univ-corse.fr\/wp-content\/uploads\/2024\/07\/Michel_VergeFranceschi-768x307.webp 768w, https:\/\/lumi.univ-corse.fr\/wp-content\/uploads\/2024\/07\/Michel_VergeFranceschi-1536x614.webp 1536w, https:\/\/lumi.univ-corse.fr\/wp-content\/uploads\/2024\/07\/Michel_VergeFranceschi.webp 2000w\" sizes=\"(max-width: 300px) 100vw, 300px\" \/><\/div>\n\t\t<\/a>\n\t\t\t\t<div class=\"elementor-post__text\">\n\t\t\t\t<h3 class=\"elementor-post__title\">\n\t\t\t<a href=\"https:\/\/m3c.universita.corsica\/lumi\/lenseignement-doit-il-etre-une-affaire-detat-reflexions-personnelles-dun-vieil-universitaire-de-corse\/\" >\n\t\t\t\tL&rsquo;enseignement doit-il \u00eatre une affaire d&rsquo;\u00e9tat ? R\u00e9flexions personnelles d&rsquo;un universitaire Corse\t\t\t<\/a>\n\t\t<\/h3>\n\t\t\t\t<div class=\"elementor-post__meta-data\">\n\t\t\t\t\t<span class=\"elementor-post-date\">\n\t\t\t9 juillet 2024\t\t<\/span>\n\t\t\t\t<\/div>\n\t\t\t\t<div class=\"elementor-post__excerpt\">\n\t\t\t<p>Ma r\u00e9ponse est oui. L\u2019enseignement c\u2019est un tout qui repose sur trois piliers : un lieu ; un budget ; un savoir. L\u2019enseignement, \u00e0 premi\u00e8re vue, c\u2019est tout d\u2019abord un lieu o\u00f9 il faut pouvoir le dispenser. Dans l\u2019Antiquit\u00e9 grecque, c\u2019\u00e9tait sous les portiques du temple d\u2019Apollon, all\u00e9es couvertes qui laissaient passer la \u00ab lumi\u00e8re \u00bb d\u2019o\u00f9 le nom de \u00ab lyc\u00e9e \u00bb. Je&#8230;<\/p>\n\t\t<\/div>\n\t\t\t\t<\/div>\n\t\t\t\t<\/article>\n\t\t\t\t<article class=\"elementor-post elementor-grid-item post-2596 post type-post status-publish format-standard has-post-thumbnail hentry category-varia4\" role=\"listitem\">\n\t\t\t\t<a class=\"elementor-post__thumbnail__link\" href=\"https:\/\/m3c.universita.corsica\/lumi\/annexe-extraits-des-pages-141-a-151-du-testament-politique-dalberoni\/\" tabindex=\"-1\" >\n\t\t\t<div class=\"elementor-post__thumbnail\"><img decoding=\"async\" width=\"300\" height=\"120\" src=\"https:\/\/lumi.univ-corse.fr\/wp-content\/uploads\/2024\/07\/Testament_politique_du_cardinal_Jules_.Alberoni_Giulio_bpt6k97701565-300x120.webp\" class=\"attachment-medium size-medium wp-image-2665\" alt=\"\" srcset=\"https:\/\/lumi.univ-corse.fr\/wp-content\/uploads\/2024\/07\/Testament_politique_du_cardinal_Jules_.Alberoni_Giulio_bpt6k97701565-300x120.webp 300w, https:\/\/lumi.univ-corse.fr\/wp-content\/uploads\/2024\/07\/Testament_politique_du_cardinal_Jules_.Alberoni_Giulio_bpt6k97701565-1024x410.webp 1024w, https:\/\/lumi.univ-corse.fr\/wp-content\/uploads\/2024\/07\/Testament_politique_du_cardinal_Jules_.Alberoni_Giulio_bpt6k97701565-768x307.webp 768w, https:\/\/lumi.univ-corse.fr\/wp-content\/uploads\/2024\/07\/Testament_politique_du_cardinal_Jules_.Alberoni_Giulio_bpt6k97701565-1536x614.webp 1536w, https:\/\/lumi.univ-corse.fr\/wp-content\/uploads\/2024\/07\/Testament_politique_du_cardinal_Jules_.Alberoni_Giulio_bpt6k97701565.webp 2000w\" sizes=\"(max-width: 300px) 100vw, 300px\" \/><\/div>\n\t\t<\/a>\n\t\t\t\t<div class=\"elementor-post__text\">\n\t\t\t\t<h3 class=\"elementor-post__title\">\n\t\t\t<a href=\"https:\/\/m3c.universita.corsica\/lumi\/annexe-extraits-des-pages-141-a-151-du-testament-politique-dalberoni\/\" >\n\t\t\t\tAnnexe, Extraits des pages 141 \u00e0\u00a0151 du Testament politique d\u2019Alberoni\t\t\t<\/a>\n\t\t<\/h3>\n\t\t\t\t<div class=\"elementor-post__meta-data\">\n\t\t\t\t\t<span class=\"elementor-post-date\">\n\t\t\t9 juillet 2024\t\t<\/span>\n\t\t\t\t<\/div>\n\t\t\t\t<div class=\"elementor-post__excerpt\">\n\t\t\t<p>\u00ab L\u2019aveugle pr\u00e9vention des Anglois, ne laisse aucun espoir de leur retour vers leur Souverain naturel. C\u2019est \u00e0 lui de se faire, par sa valeur &#038; sa conduite, le rang qu\u2019ils lui refusent, &#038; de se b\u00e2tir \u00e0 leurs d\u00e9pens un tr\u00f4ne, qui lui tienne lieu de celui o\u00f9 ils ne veulent pas le faire monter.<br \/>\nLa post\u00e9rit\u00e9 ne pardonnera point au Prince Edouard, d\u2019avoir&#8230;<\/p>\n\t\t<\/div>\n\t\t\t\t<\/div>\n\t\t\t\t<\/article>\n\t\t\t\t<article class=\"elementor-post elementor-grid-item post-2567 post type-post status-publish format-standard has-post-thumbnail hentry category-varia4\" role=\"listitem\">\n\t\t\t\t<a class=\"elementor-post__thumbnail__link\" href=\"https:\/\/m3c.universita.corsica\/lumi\/theodore-langleterre-et-le-projet-dalberoni-pour-la-corse\/\" tabindex=\"-1\" >\n\t\t\t<div class=\"elementor-post__thumbnail\"><img fetchpriority=\"high\" decoding=\"async\" width=\"266\" height=\"300\" src=\"https:\/\/lumi.univ-corse.fr\/wp-content\/uploads\/2024\/06\/shutterstock_87012563-266x300.webp\" class=\"attachment-medium size-medium wp-image-2593\" alt=\"\" srcset=\"https:\/\/lumi.univ-corse.fr\/wp-content\/uploads\/2024\/06\/shutterstock_87012563-266x300.webp 266w, https:\/\/lumi.univ-corse.fr\/wp-content\/uploads\/2024\/06\/shutterstock_87012563-768x866.webp 768w, https:\/\/lumi.univ-corse.fr\/wp-content\/uploads\/2024\/06\/shutterstock_87012563.webp 887w\" sizes=\"(max-width: 266px) 100vw, 266px\" \/><\/div>\n\t\t<\/a>\n\t\t\t\t<div class=\"elementor-post__text\">\n\t\t\t\t<h3 class=\"elementor-post__title\">\n\t\t\t<a href=\"https:\/\/m3c.universita.corsica\/lumi\/theodore-langleterre-et-le-projet-dalberoni-pour-la-corse\/\" >\n\t\t\t\tTh\u00e9odore, l\u2019Angleterre et le projet d\u2019Alberoni pour la Corse\t\t\t<\/a>\n\t\t<\/h3>\n\t\t\t\t<div class=\"elementor-post__meta-data\">\n\t\t\t\t\t<span class=\"elementor-post-date\">\n\t\t\t30 juin 2024\t\t<\/span>\n\t\t\t\t<\/div>\n\t\t\t\t<div class=\"elementor-post__excerpt\">\n\t\t\t<p>Au cours du XVIIIe si\u00e8cle, la Corse a fait l\u2019objet de bien des sp\u00e9culations de la part des \u00c9tats europ\u00e9ens. Les nationaux, dans leur combat pour venir \u00e0 bout de l\u2019occupant g\u00e9nois, ont tent\u00e9 en permanence de s\u2019appuyer sur ces ambitions, afin de trouver des alli\u00e9s de circonstance : non sans de nombreuses d\u00e9sillusions. De ce point de vue, l\u2019\u00e9pisode qui&#8230;<\/p>\n\t\t<\/div>\n\t\t\t\t<\/div>\n\t\t\t\t<\/article>\n\t\t\t\t<\/div>\n\t\t\n\t\t\t\t\t\t<\/div>\n\t\t\t\t<\/div>\n\t\t\t\t\t<\/div>\n\t\t<\/div>\n\t\t\t\t\t<\/div>\n\t\t<\/section>\n\t\t\t\t<\/div>\n\t\t","protected":false},"excerpt":{"rendered":"<p>De tous les \u00e9clats des R\u00e9volutions corses (1729-1769) et plus particuli\u00e8rement de son \u00ab moment paolien \u00bb (1755-1769), l\u2019universit\u00e9 \u2013 l\u2019universit\u00e0 ou l\u2019Accademia Gregoriana Cyrnensis expression pr\u00e9sente sur certains documents \u2013 ouverte en janvier 1765  est sans doute la mesure la plus expos\u00e9e&#8230;<\/p>\n","protected":false},"author":41,"featured_media":2589,"comment_status":"closed","ping_status":"closed","sticky":false,"template":"","format":"standard","meta":{"_acf_changed":false,"footnotes":""},"categories":[24],"tags":[],"class_list":["post-2527","post","type-post","status-publish","format-standard","has-post-thumbnail","hentry","category-numero4"],"acf":[],"_links":{"self":[{"href":"https:\/\/m3c.universita.corsica\/lumi\/wp-json\/wp\/v2\/posts\/2527","targetHints":{"allow":["GET"]}}],"collection":[{"href":"https:\/\/m3c.universita.corsica\/lumi\/wp-json\/wp\/v2\/posts"}],"about":[{"href":"https:\/\/m3c.universita.corsica\/lumi\/wp-json\/wp\/v2\/types\/post"}],"author":[{"embeddable":true,"href":"https:\/\/m3c.universita.corsica\/lumi\/wp-json\/wp\/v2\/users\/41"}],"replies":[{"embeddable":true,"href":"https:\/\/m3c.universita.corsica\/lumi\/wp-json\/wp\/v2\/comments?post=2527"}],"version-history":[{"count":25,"href":"https:\/\/m3c.universita.corsica\/lumi\/wp-json\/wp\/v2\/posts\/2527\/revisions"}],"predecessor-version":[{"id":3011,"href":"https:\/\/m3c.universita.corsica\/lumi\/wp-json\/wp\/v2\/posts\/2527\/revisions\/3011"}],"wp:featuredmedia":[{"embeddable":true,"href":"https:\/\/m3c.universita.corsica\/lumi\/wp-json\/wp\/v2\/media\/2589"}],"wp:attachment":[{"href":"https:\/\/m3c.universita.corsica\/lumi\/wp-json\/wp\/v2\/media?parent=2527"}],"wp:term":[{"taxonomy":"category","embeddable":true,"href":"https:\/\/m3c.universita.corsica\/lumi\/wp-json\/wp\/v2\/categories?post=2527"},{"taxonomy":"post_tag","embeddable":true,"href":"https:\/\/m3c.universita.corsica\/lumi\/wp-json\/wp\/v2\/tags?post=2527"}],"curies":[{"name":"wp","href":"https:\/\/api.w.org\/{rel}","templated":true}]}}