{"id":2562,"date":"2024-06-13T09:04:28","date_gmt":"2024-06-13T09:04:28","guid":{"rendered":"https:\/\/m3c.universita.corsica\/lumi\/?p=2562"},"modified":"2025-07-22T11:22:58","modified_gmt":"2025-07-22T11:22:58","slug":"le-nouveau-visage-de-la-laicite-francaise-1985-2023","status":"publish","type":"post","link":"https:\/\/m3c.universita.corsica\/lumi\/le-nouveau-visage-de-la-laicite-francaise-1985-2023\/","title":{"rendered":"Le nouveau visage de la la\u00efcit\u00e9 fran\u00e7aise, 1985-2023"},"content":{"rendered":"\t\t<div data-elementor-type=\"wp-post\" data-elementor-id=\"2562\" class=\"elementor elementor-2562\" data-elementor-post-type=\"post\">\n\t\t\t\t\t\t<section data-particle_enable=\"false\" data-particle-mobile-disabled=\"false\" class=\"elementor-section elementor-top-section elementor-element elementor-element-5e8823c5 elementor-section-full_width elementor-section-height-min-height elementor-section-height-default elementor-section-items-middle\" data-id=\"5e8823c5\" data-element_type=\"section\" data-e-type=\"section\" data-settings=\"{&quot;background_background&quot;:&quot;classic&quot;}\">\n\t\t\t\t\t\t<div class=\"elementor-container elementor-column-gap-default\">\n\t\t\t\t\t<div class=\"elementor-column elementor-col-100 elementor-top-column elementor-element elementor-element-76f81a2a\" data-id=\"76f81a2a\" data-element_type=\"column\" data-e-type=\"column\">\n\t\t\t<div class=\"elementor-widget-wrap\">\n\t\t\t\t\t\t\t<\/div>\n\t\t<\/div>\n\t\t\t\t\t<\/div>\n\t\t<\/section>\n\t\t\t\t<section data-particle_enable=\"false\" data-particle-mobile-disabled=\"false\" class=\"elementor-section elementor-top-section elementor-element elementor-element-3a18bbe8 elementor-section-boxed elementor-section-height-default elementor-section-height-default\" data-id=\"3a18bbe8\" data-element_type=\"section\" data-e-type=\"section\">\n\t\t\t\t\t\t<div class=\"elementor-container elementor-column-gap-default\">\n\t\t\t\t\t<div class=\"elementor-column elementor-col-100 elementor-top-column elementor-element elementor-element-4b643c40\" data-id=\"4b643c40\" data-element_type=\"column\" data-e-type=\"column\">\n\t\t\t<div class=\"elementor-widget-wrap elementor-element-populated\">\n\t\t\t\t\t\t<div class=\"elementor-element elementor-element-408a78ac elementor-widget elementor-widget-heading\" data-id=\"408a78ac\" data-element_type=\"widget\" data-e-type=\"widget\" data-widget_type=\"heading.default\">\n\t\t\t\t<div class=\"elementor-widget-container\">\n\t\t\t\t\t<h1 class=\"elementor-heading-title elementor-size-default\">Le nouveau visage de la la\u00efcit\u00e9 fran\u00e7aise, 1985-2023<\/h1>\t\t\t\t<\/div>\n\t\t\t\t<\/div>\n\t\t\t\t<div class=\"elementor-element elementor-element-34bfa006 elementor-author-box--name-yes elementor-author-box--biography-yes elementor-author-box--link-no elementor-widget elementor-widget-author-box\" data-id=\"34bfa006\" data-element_type=\"widget\" data-e-type=\"widget\" data-widget_type=\"author-box.default\">\n\t\t\t\t<div class=\"elementor-widget-container\">\n\t\t\t\t\t\t\t<div class=\"elementor-author-box\">\n\t\t\t\n\t\t\t<div class=\"elementor-author-box__text\">\n\t\t\t\t\t\t\t\t\t<div >\n\t\t\t\t\t\t<h4 class=\"elementor-author-box__name\">\n\t\t\t\t\t\t\tPierre Kahn\t\t\t\t\t\t<\/h4>\n\t\t\t\t\t<\/div>\n\t\t\t\t\n\t\t\t\t\t\t\t\t\t<div class=\"elementor-author-box__bio\">\n\t\t\t\t\t\tProfesseur \u00e0 l\u2019Universit\u00e9 de Caen Normandie, CIRNEF\t\t\t\t\t<\/div>\n\t\t\t\t\n\t\t\t\t\t\t\t<\/div>\n\t\t<\/div>\n\t\t\t\t\t\t<\/div>\n\t\t\t\t<\/div>\n\t\t\t\t<div class=\"elementor-element elementor-element-1d58fef2 elementor-align-left elementor-widget elementor-widget-button\" data-id=\"1d58fef2\" data-element_type=\"widget\" data-e-type=\"widget\" data-widget_type=\"button.default\">\n\t\t\t\t<div class=\"elementor-widget-container\">\n\t\t\t\t\t\t\t\t\t<div class=\"elementor-button-wrapper\">\n\t\t\t\t\t<a class=\"elementor-button elementor-button-link elementor-size-sm\" href=\"\/lumi\/wp-content\/uploads\/2024\/07\/18-DEFIN-MODIF-DJ-RELU-Le-nouveau-visage-de-la-Lai\u0302cite\u0301.pdf\" target=\"_blank\">\n\t\t\t\t\t\t<span class=\"elementor-button-content-wrapper\">\n\t\t\t\t\t\t<span class=\"elementor-button-icon\">\n\t\t\t\t<i aria-hidden=\"true\" class=\"fas fa-file-download\"><\/i>\t\t\t<\/span>\n\t\t\t\t\t\t\t\t\t<span class=\"elementor-button-text\">Visionner \/ T\u00e9l\u00e9charger la version PDF<\/span>\n\t\t\t\t\t<\/span>\n\t\t\t\t\t<\/a>\n\t\t\t\t<\/div>\n\t\t\t\t\t\t\t\t<\/div>\n\t\t\t\t<\/div>\n\t\t\t\t\t<\/div>\n\t\t<\/div>\n\t\t\t\t\t<\/div>\n\t\t<\/section>\n\t\t<div data-particle_enable=\"false\" data-particle-mobile-disabled=\"false\" class=\"elementor-element elementor-element-243425e e-flex e-con-boxed e-con e-parent\" data-id=\"243425e\" data-element_type=\"container\" data-e-type=\"container\">\n\t\t\t\t\t<div class=\"e-con-inner\">\n\t\t<div data-particle_enable=\"false\" data-particle-mobile-disabled=\"false\" class=\"elementor-element elementor-element-416828c e-con-full e-flex e-con e-child\" data-id=\"416828c\" data-element_type=\"container\" data-e-type=\"container\">\n\t\t\t\t<div class=\"elementor-element elementor-element-1353bee elementor-widget elementor-widget-text-editor\" data-id=\"1353bee\" data-element_type=\"widget\" data-e-type=\"widget\" data-widget_type=\"text-editor.default\">\n\t\t\t\t<div class=\"elementor-widget-container\">\n\t\t\t\t\t\t\t\t\t<h3><strong>R\u00e9sum\u00e9\u00a0:<\/strong><\/h3><p>La loi de 1905 sur la s\u00e9paration des \u00c9glises et de l\u2019\u00c9tat a eu pour intention de faire cesser la \u00ab\u00a0guerre des deux France\u00a0\u00bb (\u00c9mile Poulat, 1968), la France catholique et la France la\u00efque. L\u2019inscription de la la\u00efcit\u00e9 dans la Constitution de la IVe R\u00e9publique, en 1946 (puis de la Ve en 1958), a parachev\u00e9 la pacification. Or les ann\u00e9es 1980 voient se d\u00e9clencher une deuxi\u00e8me guerre la\u00efque, qui dure encore. En regard de la premi\u00e8re, elle pr\u00e9sente un certain nombre de caract\u00e8res remarquables. 1) Ce n\u2019est plus un combat interne, une \u00ab\u00a0guerre des deux France\u00a0\u00bb. La mobilisation la\u00efque entend se mener contre une id\u00e9ologie per\u00e7ue comme allog\u00e8ne\u00a0: l\u2019islamisme. 2) Elle entra\u00eene une substantialisation forte du principe de la\u00efcit\u00e9, promu au rang de valeur cardinale de la R\u00e9publique. 3) La neutralit\u00e9 la\u00efque tend \u00e0 n\u2019\u00eatre plus exclusivement une obligation de l\u2019\u00c9tat, pour devenir une \u00ab\u00a0doctrine de conscience\u00a0\u00bb (C\u00e9cile Laborde, 2010). La R\u00e9publique doit s\u2019int\u00e9rioriser. 4) L\u2019\u00c9cole est l\u2019institution qui doit permettre cette int\u00e9riorisation en enseignant la la\u00efcit\u00e9.\u00a0 5) Cet enseignement se fait dans une perspective agonistique\u00a0: emp\u00eacher l\u2019extension des \u00ab\u00a0territoires perdus de la R\u00e9publique\u00a0\u00bb (2002). C\u2019est ce \u00ab\u00a0tournant substantialiste\u00a0\u00bb de la la\u00efcit\u00e9 fran\u00e7aise que cet article se donne pour t\u00e2che d\u2019analyser.<\/p><p><strong>Mots-cl\u00e9s :\u00a0<\/strong>\u00c9cole (r\u00e9publicaine), Enseignement moral et civique (\u00e9ducation civique), La\u00efcit\u00e9, R\u00e9publique, S\u00e9paratisme<\/p>\t\t\t\t\t\t\t\t<\/div>\n\t\t\t\t<\/div>\n\t\t\t\t<\/div>\n\t\t<div data-particle_enable=\"false\" data-particle-mobile-disabled=\"false\" class=\"elementor-element elementor-element-cce4fb3 elementor-hidden-mobile e-con-full elementor-hidden-tablet e-flex e-con e-child\" data-id=\"cce4fb3\" data-element_type=\"container\" data-e-type=\"container\">\n\t\t<div data-particle_enable=\"false\" data-particle-mobile-disabled=\"false\" class=\"elementor-element elementor-element-ec307e6 e-con-full e-flex e-con e-child\" data-id=\"ec307e6\" data-element_type=\"container\" data-e-type=\"container\">\n\t\t\t\t<div class=\"elementor-element elementor-element-173b486 elementor-widget-divider--view-line_text elementor-widget-divider--element-align-center elementor-widget elementor-widget-divider\" data-id=\"173b486\" data-element_type=\"widget\" data-e-type=\"widget\" data-widget_type=\"divider.default\">\n\t\t\t\t<div class=\"elementor-widget-container\">\n\t\t\t\t\t\t\t<div class=\"elementor-divider\">\n\t\t\t<span class=\"elementor-divider-separator\">\n\t\t\t\t\t\t\t<p class=\"elementor-divider__text elementor-divider__element\">\n\t\t\t\tR\u00e9sum\u00e9\t\t\t\t<\/p>\n\t\t\t\t\t\t<\/span>\n\t\t<\/div>\n\t\t\t\t\t\t<\/div>\n\t\t\t\t<\/div>\n\t\t\t\t<\/div>\n\t\t\t\t<\/div>\n\t\t\t\t\t<\/div>\n\t\t\t\t<\/div>\n\t\t<div data-particle_enable=\"false\" data-particle-mobile-disabled=\"false\" class=\"elementor-element elementor-element-eb491ac e-flex e-con-boxed e-con e-parent\" data-id=\"eb491ac\" data-element_type=\"container\" data-e-type=\"container\">\n\t\t\t\t\t<div class=\"e-con-inner\">\n\t\t<div data-particle_enable=\"false\" data-particle-mobile-disabled=\"false\" class=\"elementor-element elementor-element-c625ecf e-con-full e-flex e-con e-child\" data-id=\"c625ecf\" data-element_type=\"container\" data-e-type=\"container\">\n\t\t\t\t<div class=\"elementor-element elementor-element-58ff1ee elementor-widget elementor-widget-text-editor\" data-id=\"58ff1ee\" data-element_type=\"widget\" data-e-type=\"widget\" data-widget_type=\"text-editor.default\">\n\t\t\t\t<div class=\"elementor-widget-container\">\n\t\t\t\t\t\t\t\t\t<p>En 2003, Fran\u00e7ois Baroin, alors vice-pr\u00e9sident de l\u2019Assembl\u00e9e nationale, remet au premier ministre Jean-Pierre Raffarin un rapport intitul\u00e9 <em>Pour une nouvelle la\u00efcit\u00e9<\/em>.<sup class=\"modern-footnotes-footnote \" data-mfn=\"1\" data-mfn-post-scope=\"00000000000004c60000000000000000_2562\"><a href=\"javascript:void(0)\"  role=\"button\" aria-pressed=\"false\" aria-describedby=\"mfn-content-00000000000004c60000000000000000_2562-1\">1<\/a><\/sup><span id=\"mfn-content-00000000000004c60000000000000000_2562-1\" role=\"tooltip\" class=\"modern-footnotes-footnote__note\" tabindex=\"0\" data-mfn=\"1\"> Fran\u00e7ois Baroin, Rapport pour une nouvelle la\u00efcit\u00e9, Club Dialogues &amp; Initiatives, www.voltairenet.org<\/span> Quelques ann\u00e9es plus tard, en 2014, les juristes St\u00e9phanie Hennette-Vauchez et Vincent Valentin publient un essai critique sur les p\u00e9rip\u00e9ties juridiques relatives \u00e0 la cr\u00e8che Baby-Loup\u00a0: <em>L\u2019affaire Baby-Loup ou la nouvelle la\u00efcit\u00e9<\/em>.<sup class=\"modern-footnotes-footnote \" data-mfn=\"2\" data-mfn-post-scope=\"00000000000004c60000000000000000_2562\"><a href=\"javascript:void(0)\"  role=\"button\" aria-pressed=\"false\" aria-describedby=\"mfn-content-00000000000004c60000000000000000_2562-2\">2<\/a><\/sup><span id=\"mfn-content-00000000000004c60000000000000000_2562-2\" role=\"tooltip\" class=\"modern-footnotes-footnote__note\" tabindex=\"0\" data-mfn=\"2\"> St\u00e9phanie Hennette-Vauchez et Vincent Valentin, L\u2019Affaire Baby Loup ou la nouvelle la\u00efcit\u00e9, Issy-les-Moulineaux, LGDJ Lextenso \u00e9ditions, 2014.<\/span> Les points de vue de ces deux textes sont diam\u00e9tralement oppos\u00e9s\u00a0: l\u00e0 o\u00f9 Fran\u00e7ois Baroin affirme la l\u00e9gitimit\u00e9 d\u2019une red\u00e9finition de la la\u00efcit\u00e9, qui doit devenir, selon lui, un trait culturel de l\u2019identit\u00e9 nationale, S. Hennette-Vauchez et V. Valentin s\u2019alarment de l\u2019\u00e9volution d\u2019une la\u00efcit\u00e9 tournant le dos \u00e0 l\u2019inspiration lib\u00e9rale de la loi de 1905 et tendant \u00e0 s\u2019\u00e9riger en moyen de contr\u00f4le des comportements individuels. Toutefois, aussi oppos\u00e9es soient-elles, ces deux analyses s\u2019accordent sur l\u2019id\u00e9e de la nouveaut\u00e9\u00a0: pour le meilleur (Baroin) ou pour le pire (Hennette-Vauchez et Valentin), la la\u00efcit\u00e9 ne doit plus \u00eatre, ou n\u2019est plus, ce qu\u2019elle \u00e9tait. C\u2019est ce tournant dans l\u2019histoire de la la\u00efcit\u00e9 en France que je me propose d\u2019examiner en en d\u00e9gageant quelques caract\u00e9ristiques essentielles.<\/p><h3>Les ann\u00e9es 1980\u00a0: l\u2019\u00e9mergence d\u2019une nouvelle probl\u00e9matique.<\/h3><p>Premi\u00e8re question\u00a0: quand ce tournant a t- il commenc\u00e9 \u00e0 \u00eatre pris\u00a0? La r\u00e9ponse est assez simple \u00e0 donner : \u00e0 partir du milieu des ann\u00e9es 1980. Comme l\u2019a remarqu\u00e9 Mona Ozouf<sup class=\"modern-footnotes-footnote \" data-mfn=\"3\" data-mfn-post-scope=\"00000000000004c60000000000000000_2562\"><a href=\"javascript:void(0)\"  role=\"button\" aria-pressed=\"false\" aria-describedby=\"mfn-content-00000000000004c60000000000000000_2562-3\">3<\/a><\/sup><span id=\"mfn-content-00000000000004c60000000000000000_2562-3\" role=\"tooltip\" class=\"modern-footnotes-footnote__note\" tabindex=\"0\" data-mfn=\"3\"> Mona Ozouf, L\u2019\u00c9cole, l\u2019\u00c9glise et la R\u00e9publique, Paris, Cana, 1976, p. 6 sqq.<\/span>, la question la\u00efque qui avait \u00e9t\u00e9, des ann\u00e9es 1920 jusqu\u2019aux ann\u00e9es 1950, centr\u00e9e sur l\u2019\u00e9cole, a cess\u00e9 dans les deux d\u00e9cennies suivantes d\u2019\u00eatre sur ce sujet, structurante et d\u00e9cisive. Trois facteurs se conjuguent pour expliquer ce relatif effacement.<\/p><p>Le premier renvoie aux r\u00e9formes structurelles profondes qu\u2019a connues alors l\u2019\u00e9cole, avec la constitution d\u00e9finitive d\u2019un syst\u00e8me \u00e9ducatif unifi\u00e9 et par cons\u00e9quent une massification consid\u00e9rable de l\u2019enseignement secondaire. Les finalit\u00e9s civiques traditionnelles de l\u2019\u00e9cole primaire perdent alors de leur vitalit\u00e9 et de leur importance, ce degr\u00e9 scolaire tendant \u00e0 devenir de plus en plus une pr\u00e9paration \u00e0 la scolarit\u00e9 ult\u00e9rieure, elle-m\u00eame de plus en plus orient\u00e9e vers des finalit\u00e9s d\u2019insertion sociale. Et du m\u00eame coup se fragilise consid\u00e9rablement, et l\u00e0 encore de plus en plus, une identit\u00e9 professionnelle qui s\u2019\u00e9tait construite historiquement sur de tels objectifs, autour notamment de la la\u00efcit\u00e9. L\u2019\u00e9volution de la formation des ma\u00eetres (du primaire) des ann\u00e9es 1970 jusqu\u2019\u00e0 nos jours, son universitarisation croissante et aujourd\u2019hui compl\u00e8te, confirmera cette perte d\u2019identit\u00e9. Le temps des \u00ab hussards noirs \u00bb de P\u00e9guy (qui \u00e9taient non les instituteurs, mais les normaliens), et en g\u00e9n\u00e9ral le temps, un peu plus long, de la corporation des instituteurs la\u00efques, est r\u00e9volu.<\/p><p>Le deuxi\u00e8me facteur est d\u2019ordre culturel. Il renvoie \u00e0 l\u2019importance croissante prise, au cours de ces deux d\u00e9cennies, par les th\u00e9ories critiques de l\u2019\u00e9cole : la sociologie critique de Bourdieu et Passeron ou de Baudelot et Establet ; les analyses\u00a0 g\u00e9n\u00e9r\u00e9es par l\u2019\u0153uvre de Michel Foucault sur l\u2019\u00e9cole comme lieu fondamentalement disciplinaire et normalisateur, \u00e0 l\u2019instar de l\u2019h\u00f4pital, de la caserne ou de la prison ; ou encore la vogue pour certaines p\u00e9dagogies radicalement alternatives (on peut penser notamment au livre de A. S Neil, <em>Libres enfants de Summerhill<\/em>, traduit en fran\u00e7ais en 1972 \u2013 bien qu\u2019il par\u00fbt en anglais au d\u00e9but des ann\u00e9es 40), voire pour des utopies anti scolaires (<em>Une soci\u00e9t\u00e9 sans \u00e9cole<\/em>, d\u2019Ivan Illitch, paru en France en 1970). Toutes ces approches conduisent \u00e0 faire des questions de la\u00efcit\u00e9 des questions secondaires, et m\u00eame inessentielles. Quelles que soient en effet les diff\u00e9rences d\u2019analyse ou de cadre conceptuel propos\u00e9s par ces courants, et ces diff\u00e9rences sont \u00e9videmment consid\u00e9rables, ils ont tous en commun de ne plus faire de la la\u00efcit\u00e9 une pierre de touche de la pens\u00e9e de l\u2019\u00e9cole. Pour un sociologue comme Bourdieu, la\u00efque ou confessionnelle, publique ou priv\u00e9e, l\u2019\u00e9cole est fondamentalement orient\u00e9e vers la reproduction des in\u00e9galit\u00e9s sociales qui lui pr\u00e9existent ; pour un foucaldien, la\u00efque ou non la\u00efque, elle est un instrument de contr\u00f4le des corps et des esprits, pour un r\u00e9formateur p\u00e9dagogique radical comme A. S. Neil, la\u00efque ou non la\u00efque, elle rel\u00e8ve soit d\u2019un r\u00e9gime autoritaire d\u00e9l\u00e9t\u00e8re pour la construction de la personnalit\u00e9 des enfants, soit (comme Summerhill) d\u2019un r\u00e9gime souhaitable de libert\u00e9 et de non directivit\u00e9 p\u00e9dagogique. Dans les trois cas, la la\u00efcit\u00e9 cesse d\u2019\u00eatre un discriminant scolaire.<\/p><p>Le troisi\u00e8me facteur de l\u2019effacement de la la\u00efcit\u00e9, c\u2019est l\u2019\u00e9volution m\u00eame des normes \u00e9ducatives dans le sens d\u2019une plus grande lib\u00e9ralisation. Les ann\u00e9es 1960 sont celles o\u00f9 \u00e9merge un nouveau statut pour la jeunesse, o\u00f9 l\u2019on commence \u00e0 reconna\u00eetre son droit l\u00e9gitime \u00e0 un certain h\u00e9donisme, \u00e0 une aspiration \u00e0 la libre disposition de soi, de ses loisirs, de ses pratiques sociales et culturelles ; en un mot o\u00f9 on commence \u00e0 lui reconna\u00eetre une certaine autonomie morale. Tout cela culminera bien entendu avec Mai 68, mais le processus avait commenc\u00e9 avant. La la\u00efcit\u00e9 est alors associ\u00e9e \u00e0 un moralisme d\u2019un autre \u00e2ge, la fameuse \u00ab morale la\u00efque \u00bb de l\u2019\u00e9cole de la IIIe R\u00e9publique, avec ses maximes \u00e9crites au tableau noir, et dont le projet m\u00eame dispara\u00eetra progressivement des programmes scolaires (l\u2019\u00e9ducation morale dispara\u00eet des programmes des coll\u00e8ges en 1961, des programmes de lyc\u00e9es en 1965 et des programmes de l\u2019\u00e9cole primaire, son lieu d\u2019\u00e9lection pourtant, en 1969).<\/p><p>Ce dernier coup port\u00e9 \u00e0 l\u2019importance de la question la\u00efque ne fut pourtant pas son coup de gr\u00e2ce et les ann\u00e9es 1980 furent pour elle, celles du renouveau. Celui-ci commen\u00e7a avec Jean-Pierre Chev\u00e8nement, nomm\u00e9 en 1984 par Fran\u00e7ois Mitterrand \u00e0 la t\u00eate du MEN, dont l\u2019ambition \u00e9tait de redonner \u00e0 l\u2019\u00e9cole ses couleurs r\u00e9publicaines les plus vives, d\u2019en finir ainsi avec une \u00e9cole que l\u2019esprit de Mai 68 avait fait \u00e0 ses yeux sortir de ses gonds et de pr\u00e9tendre renouer avec l\u2019inspiration originaire des r\u00e9formes scolaires entreprises \u00e0 la fin du XIX<sup>e<\/sup> si\u00e8cle par la jeune IIIe R\u00e9publique, Jules Ferry en t\u00eate. \u00ab \u00c9cole r\u00e9publicaine \u00bb, \u00ab \u00e9cole de la R\u00e9publique \u00bb : l\u2019\u00e9pith\u00e8te ou le compl\u00e9ment de nom vont d\u00e9sormais s\u2019associer durablement et assez syst\u00e9matiquement au substantif, alors m\u00eame que cette association s\u00e9mantique est finalement assez rare chez les p\u00e8res fondateurs (on chercherait ainsi en vain une entr\u00e9e \u00ab\u00a0\u00c9cole r\u00e9publicaine\u00a0\u00bb dans le <em>Dictionnaire de p\u00e9dagogie et d\u2019instruction primaire<\/em> dirig\u00e9 par Ferdinand Buisson). Sans doute est-ce trop dire, ou de fa\u00e7on trop fac\u00e9tieuse, que J.-P. Chev\u00e8nement invente l\u2019id\u00e9e d\u2019\u00e9cole r\u00e9publicaine plus qu\u2019il ne la r\u00e9actualise\u00a0? Mais il a contribu\u00e9 \u00e0 donner \u00e0 l\u2019expression la valeur d\u2019une quasi unit\u00e9 de sens qui continue de structurer aujourd\u2019hui bien des discours institutionnels, politiques ou journalistiques, et m\u00eame universitaires.<\/p><p>L\u2019\u00e9ducation civique, qui fait son retour dans les \u00e9coles primaires et dans les coll\u00e8ges, sera la grande b\u00e9n\u00e9ficiaire de ce renouveau r\u00e9publicain proclam\u00e9. J.-P Chev\u00e8nement commande \u00e0 l\u2019historien Claude Nicolet, en 1984, un rapport au titre \u00e9loquent : <em>Pour une restauration de l\u2019\u00e9ducation et de l\u2019instruction civiques<\/em>. D\u2019autres \u00e9minents historiens, tels Pierre Nora ou Pierre Chaunu, soutiennent cette entreprise de r\u00e9habilitation, qui trouve \u00e9galement un \u00e9cho favorable \u00e0 l\u2019inspection g\u00e9n\u00e9rale de philosophie, notamment chez Jacques Muglioni ou encore Georges Laforest, lequel entre d\u2019ailleurs au cabinet du ministre et est un des principaux r\u00e9dacteurs des programmes et instructions pour l\u2019\u00e9cole \u00e9l\u00e9mentaire de 1985.<\/p><p>Pour toute une noosph\u00e8re \u00ab\u00a0n\u00e9o-r\u00e9publicaine\u00a0\u00bb, qui a soutenu l\u2019action de Chev\u00e8nement au minist\u00e8re et qui continuera d\u2019\u00eatre active bien apr\u00e8s qu\u2019il l\u2019a quitt\u00e9, en 1986, cet imp\u00e9ratif d\u2019un civisme renouvel\u00e9, dont l\u2019\u00e9cole doit \u00eatre le foyer principal, remet au premier plan la question de la la\u00efcit\u00e9, dont nombre de philosophes (R\u00e9gis Debray, Catherine Kintzler, Henri Pena-Ruiz, Charles Coutel, \u00c9lisabeth Badinter, Alain Finkielkraut\u2026) s\u2019emploient alors \u00e0 th\u00e9oriser les m\u00e9rites et la valeur. S\u2019il semble ainsi n\u00e9cessaire de r\u00e9actualiser l\u2019exigence la\u00efque, de mettre, ou de remettre, la la\u00efcit\u00e9 au c\u0153ur de l\u2019\u00e9ducation civique en particulier et de l\u2019\u00e9cole en g\u00e9n\u00e9ral, c\u2019est pour des raisons nouvelles et contextuelles\u00a0: la menace ressentie qui p\u00e8se sur le lien social, sur l\u2019unit\u00e9 nationale, menace li\u00e9e \u00e0 l\u2019int\u00e9gration difficile d\u2019une immigration nouvelle, \u00e0 la tendance \u00e0 la s\u00e9cession culturelle d\u2019une partie de la jeunesse et \u00e0 la radicalisation et \u00e0 la politisation in\u00e9dite de la vie religieuse, en somme \u00e0 l\u2019inqui\u00e9tude devant ce qu\u2019un succ\u00e8s de librairie a appel\u00e9, au d\u00e9but des ann\u00e9es 2000, \u00ab\u00a0les territoires perdus de la R\u00e9publique\u00a0\u00bb.<sup class=\"modern-footnotes-footnote \" data-mfn=\"4\" data-mfn-post-scope=\"00000000000004c60000000000000000_2562\"><a href=\"javascript:void(0)\"  role=\"button\" aria-pressed=\"false\" aria-describedby=\"mfn-content-00000000000004c60000000000000000_2562-4\">4<\/a><\/sup><span id=\"mfn-content-00000000000004c60000000000000000_2562-4\" role=\"tooltip\" class=\"modern-footnotes-footnote__note\" tabindex=\"0\" data-mfn=\"4\"> Emmanuel Brenner, (dir.) Les Territoires perdus de la R\u00e9publique, Paris, \u00c9ditions de Minuit, 2002. E. Brenner \u00e9tait le pseudonyme pris par Georges Bensoussan.<\/span> Les premi\u00e8res affaires du voile, qui survinrent \u00e0 l\u2019automne 1989 et qui donn\u00e8rent lieu \u00e0 des prises de position tranch\u00e9es<sup class=\"modern-footnotes-footnote \" data-mfn=\"5\" data-mfn-post-scope=\"00000000000004c60000000000000000_2562\"><a href=\"javascript:void(0)\"  role=\"button\" aria-pressed=\"false\" aria-describedby=\"mfn-content-00000000000004c60000000000000000_2562-5\">5<\/a><\/sup><span id=\"mfn-content-00000000000004c60000000000000000_2562-5\" role=\"tooltip\" class=\"modern-footnotes-footnote__note\" tabindex=\"0\" data-mfn=\"5\"> Voir par exemple \u00c9lisabeth Badinter, R\u00e9gis Debray, \u00c9lisabeth de Fontenay, Alain Finkielkraut et Catherine Kintzler, \u00ab Profs, ne capitulons pas ! \u00bb Le Nouvel Observateur, 2 novembre 1989.<\/span>, vont donner \u00e0 ce renouveau de la question la\u00efque un caract\u00e8re d\u2019urgence et le b\u00e9n\u00e9fice d\u2019une couverture m\u00e9diatique consid\u00e9rable.<\/p>\t\t\t\t\t\t\t\t<\/div>\n\t\t\t\t<\/div>\n\t\t\t\t<\/div>\n\t\t<div data-particle_enable=\"false\" data-particle-mobile-disabled=\"false\" class=\"elementor-element elementor-element-cde23ca elementor-hidden-mobile e-con-full elementor-hidden-tablet e-flex e-con e-child\" data-id=\"cde23ca\" data-element_type=\"container\" data-e-type=\"container\">\n\t\t<div data-particle_enable=\"false\" data-particle-mobile-disabled=\"false\" class=\"elementor-element elementor-element-fa40acd e-con-full e-flex e-con e-child\" data-id=\"fa40acd\" data-element_type=\"container\" data-e-type=\"container\">\n\t\t\t\t<div class=\"elementor-element elementor-element-25fdbe2 elementor-widget-divider--view-line_text elementor-widget-divider--element-align-center elementor-widget elementor-widget-divider\" data-id=\"25fdbe2\" data-element_type=\"widget\" data-e-type=\"widget\" data-widget_type=\"divider.default\">\n\t\t\t\t<div class=\"elementor-widget-container\">\n\t\t\t\t\t\t\t<div class=\"elementor-divider\">\n\t\t\t<span class=\"elementor-divider-separator\">\n\t\t\t\t\t\t\t<p class=\"elementor-divider__text elementor-divider__element\">\n\t\t\t\tPage 1\t\t\t\t<\/p>\n\t\t\t\t\t\t<\/span>\n\t\t<\/div>\n\t\t\t\t\t\t<\/div>\n\t\t\t\t<\/div>\n\t\t\t\t<div class=\"elementor-element elementor-element-dd57b00 eael-tooltip-align-left eael-tooltip-text-align-left elementor-widget elementor-widget-eael-tooltip\" data-id=\"dd57b00\" data-element_type=\"widget\" data-e-type=\"widget\" data-widget_type=\"eael-tooltip.default\">\n\t\t\t\t<div class=\"elementor-widget-container\">\n\t\t\t\t\t\t<div class=\"eael-tooltip\">\n\t\t\t\t\t<p class=\"eael-tooltip-content\" tabindex=\"0\" aria-describedby=\"tooltip-text-dd57b00\"><p>[1]\u00a0Fran\u00e7ois Baroin,\u00a0<em>Rapport pour une...<\/em><\/p><\/p>\n  \t\t\t<span id=\"tooltip-text-dd57b00\" class=\"eael-tooltip-text eael-tooltip-bottom\" role=\"tooltip\"><p>Fran\u00e7ois Baroin,\u00a0<em>Rapport pour une nouvelle la\u00efcit\u00e9<\/em>, Club Dialogues &amp; Initiatives,\u00a0www.voltairenet.org<\/p><\/span>\n  \t\t\t<\/div>\n\t\t\t\t\t<\/div>\n\t\t\t\t<\/div>\n\t\t\t\t<div class=\"elementor-element elementor-element-f44b6c1 eael-tooltip-align-left eael-tooltip-text-align-left elementor-widget elementor-widget-eael-tooltip\" data-id=\"f44b6c1\" data-element_type=\"widget\" data-e-type=\"widget\" data-widget_type=\"eael-tooltip.default\">\n\t\t\t\t<div class=\"elementor-widget-container\">\n\t\t\t\t\t\t<div class=\"eael-tooltip\">\n\t\t\t\t\t<p class=\"eael-tooltip-content\" tabindex=\"0\" aria-describedby=\"tooltip-text-f44b6c1\"><p>[2] St\u00e9phanie Hennette-Vauchez et...<\/p><\/p>\n  \t\t\t<span id=\"tooltip-text-f44b6c1\" class=\"eael-tooltip-text eael-tooltip-bottom\" role=\"tooltip\"><p>St\u00e9phanie Hennette-Vauchez et Vincent Valentin,\u00a0<em>L\u2019Affaire Baby Loup ou la nouvelle la\u00efcit\u00e9<\/em>, Issy-les-Moulineaux, LGDJ Lextenso \u00e9ditions, 2014.<\/p><\/span>\n  \t\t\t<\/div>\n\t\t\t\t\t<\/div>\n\t\t\t\t<\/div>\n\t\t\t\t<div class=\"elementor-element elementor-element-97118dd eael-tooltip-align-left eael-tooltip-text-align-left elementor-widget elementor-widget-eael-tooltip\" data-id=\"97118dd\" data-element_type=\"widget\" data-e-type=\"widget\" data-widget_type=\"eael-tooltip.default\">\n\t\t\t\t<div class=\"elementor-widget-container\">\n\t\t\t\t\t\t<div class=\"eael-tooltip\">\n\t\t\t\t\t<p class=\"eael-tooltip-content\" tabindex=\"0\" aria-describedby=\"tooltip-text-97118dd\"><p>[3]\u00a0Mona Ozouf,\u00a0<em>L\u2019\u00c9cole, l\u2019\u00c9glise et la...<\/em><\/p><\/p>\n  \t\t\t<span id=\"tooltip-text-97118dd\" class=\"eael-tooltip-text eael-tooltip-bottom\" role=\"tooltip\"><p>Mona Ozouf,\u00a0<em>L\u2019\u00c9cole, l\u2019\u00c9glise et la R\u00e9publique<\/em>, Paris, Cana, 1976, p. 6 sqq.<\/p><\/span>\n  \t\t\t<\/div>\n\t\t\t\t\t<\/div>\n\t\t\t\t<\/div>\n\t\t\t\t<\/div>\n\t\t<div data-particle_enable=\"false\" data-particle-mobile-disabled=\"false\" class=\"elementor-element elementor-element-ea7f5d8 e-con-full e-flex e-con e-child\" data-id=\"ea7f5d8\" data-element_type=\"container\" data-e-type=\"container\">\n\t\t\t\t<div class=\"elementor-element elementor-element-d098f19 eael-tooltip-align-left eael-tooltip-text-align-left elementor-widget elementor-widget-eael-tooltip\" data-id=\"d098f19\" data-element_type=\"widget\" data-e-type=\"widget\" data-widget_type=\"eael-tooltip.default\">\n\t\t\t\t<div class=\"elementor-widget-container\">\n\t\t\t\t\t\t<div class=\"eael-tooltip\">\n\t\t\t\t\t<p class=\"eael-tooltip-content\" tabindex=\"0\" aria-describedby=\"tooltip-text-d098f19\"><p>[4]\u00a0Emmanuel Brenner, (dir.)\u00a0<em>Les...<\/em><\/p><\/p>\n  \t\t\t<span id=\"tooltip-text-d098f19\" class=\"eael-tooltip-text eael-tooltip-bottom\" role=\"tooltip\"><p>Emmanuel Brenner, (dir.)\u00a0<em>Les Territoires perdus de la R\u00e9publique<\/em>, Paris, \u00c9ditions de Minuit, 2002. E. Brenner \u00e9tait le pseudonyme pris par Georges Bensoussan.<\/p><\/span>\n  \t\t\t<\/div>\n\t\t\t\t\t<\/div>\n\t\t\t\t<\/div>\n\t\t\t\t<div class=\"elementor-element elementor-element-d41bb35 eael-tooltip-align-left eael-tooltip-text-align-left elementor-widget elementor-widget-eael-tooltip\" data-id=\"d41bb35\" data-element_type=\"widget\" data-e-type=\"widget\" data-widget_type=\"eael-tooltip.default\">\n\t\t\t\t<div class=\"elementor-widget-container\">\n\t\t\t\t\t\t<div class=\"eael-tooltip\">\n\t\t\t\t\t<p class=\"eael-tooltip-content\" tabindex=\"0\" aria-describedby=\"tooltip-text-d41bb35\"><p>[5] Voir par exemple \u00c9lisabeth Badinter, ...<\/p><\/p>\n  \t\t\t<span id=\"tooltip-text-d41bb35\" class=\"eael-tooltip-text eael-tooltip-bottom\" role=\"tooltip\"><p>Voir par exemple \u00c9lisabeth Badinter, R\u00e9gis Debray, \u00c9lisabeth de Fontenay, Alain Finkielkraut et Catherine Kintzler, \u00ab\u00a0 Profs, ne capitulons pas\u00a0!\u00a0\u00bb\u00a0<em>Le Nouvel Observateur<\/em>, 2 novembre 1989.<\/p><\/span>\n  \t\t\t<\/div>\n\t\t\t\t\t<\/div>\n\t\t\t\t<\/div>\n\t\t\t\t<\/div>\n\t\t\t\t<\/div>\n\t\t\t\t\t<\/div>\n\t\t\t\t<\/div>\n\t\t<div data-particle_enable=\"false\" data-particle-mobile-disabled=\"false\" class=\"elementor-element elementor-element-d498344 e-flex e-con-boxed e-con e-parent\" data-id=\"d498344\" data-element_type=\"container\" data-e-type=\"container\">\n\t\t\t\t\t<div class=\"e-con-inner\">\n\t\t<div data-particle_enable=\"false\" data-particle-mobile-disabled=\"false\" class=\"elementor-element elementor-element-f0b1830 e-con-full e-flex e-con e-child\" data-id=\"f0b1830\" data-element_type=\"container\" data-e-type=\"container\">\n\t\t\t\t<div class=\"elementor-element elementor-element-999f517 elementor-widget elementor-widget-text-editor\" data-id=\"999f517\" data-element_type=\"widget\" data-e-type=\"widget\" data-widget_type=\"text-editor.default\">\n\t\t\t\t<div class=\"elementor-widget-container\">\n\t\t\t\t\t\t\t\t\t<h3>La nouvelle guerre la\u00efque<\/h3><p>Les ann\u00e9es 1980 voient donc se d\u00e9clencher une deuxi\u00e8me \u00ab\u00a0guerre\u00a0\u00bb la\u00efque, apr\u00e8s celle qui eut lieu dans la deuxi\u00e8me moiti\u00e9 du XIX<sup>e<\/sup> si\u00e8cle et que \u00c9mile Poulat avait appel\u00e9 \u00ab la guerre des deux France \u00bb, la France r\u00e9publicaine et la\u00efque contre la France catholique et monarchiste<sup class=\"modern-footnotes-footnote \" data-mfn=\"6\" data-mfn-post-scope=\"00000000000004c60000000000000000_2562\"><a href=\"javascript:void(0)\" refnum=\"6\" role=\"button\" aria-pressed=\"false\" aria-describedby=\"mfn-content-00000000000004c60000000000000000_2562-6\">6<\/a><\/sup><span id=\"mfn-content-00000000000004c60000000000000000_2562-6\" role=\"tooltip\" class=\"modern-footnotes-footnote__note\" tabindex=\"0\" data-mfn=\"6\"> \u00c9mile Poulat, Libert\u00e9 et la\u00efcit\u00e9. La guerre des deux France et le principe de la modernit\u00e9, Paris, Cerf\/Cujas, 1987.<\/span>, que la loi de s\u00e9paration des \u00c9glises et de l\u2019\u00c9tat, en 1905, avait eu pour intention de faire cesser et dont l\u2019inscription de la la\u00efcit\u00e9 dans la constitution de la IV<sup>e<\/sup> R\u00e9publique (1946), puis de la V<sup>e<\/sup> (1958), avait sembl\u00e9 signer d\u00e9finitivement l\u2019armistice.<\/p><p>Cette seconde \u00ab\u00a0guerre la\u00efque\u00a0\u00bb n\u2019est aujourd\u2019hui pas termin\u00e9e. La mobilisation pour la d\u00e9fense de la la\u00efcit\u00e9 continue d\u2019\u00eatre \u00e0 l\u2019ordre du jour politique. Elle est r\u00e9guli\u00e8rement r\u00e9activ\u00e9e par les diff\u00e9rents attentats qui ont endeuill\u00e9 le pays (Charlie Hebdo et l\u2019Hyper Cacher de Vincennes en janvier 2015, le Bataclan en novembre 2015, les assassinats de Samuel Paty en 2020 et de Dominique Bernard en 2023\u2026) comme par le retour p\u00e9riodique des pol\u00e9miques autour des manifestations et signes religieux dans l\u2019espace scolaire (voiles, abayas, qamis\u2026) ou non scolaire (burkinis\u2026)<\/p><p>Or, ce retour de la question la\u00efque pr\u00e9sente alors, en regard de la fa\u00e7on dont historiquement les p\u00e8res fondateurs, au tournant du XIX<sup>e<\/sup> et du XX<sup>e<\/sup> si\u00e8cle, l\u2019avaient pos\u00e9, des caract\u00e8res nouveaux remarquables.<\/p><ul><li>Le premier d\u2019entre eux est qu\u2019il ne s\u2019agit plus d\u2019un combat interne, d\u2019une \u00ab\u00a0guerre des deux France\u00a0\u00bb. La mobilisation la\u00efque entend se mener contre une id\u00e9ologie per\u00e7ue comme relevant d\u2019une aire culturelle \u00e9trang\u00e8re\u00a0: l\u2019islamisme. Ou plus exactement, ce n\u2019est plus le rapport \u00e0 l\u2019\u00c9glise catholique qui fait probl\u00e8me (elle a d\u00e9finitivement accept\u00e9 le cadre la\u00efque \u00e0 la Lib\u00e9ration<sup class=\"modern-footnotes-footnote \" data-mfn=\"7\" data-mfn-post-scope=\"00000000000004c60000000000000000_2562\"><a href=\"javascript:void(0)\"  role=\"button\" aria-pressed=\"false\" aria-describedby=\"mfn-content-00000000000004c60000000000000000_2562-7\">7<\/a><\/sup><span id=\"mfn-content-00000000000004c60000000000000000_2562-7\" role=\"tooltip\" class=\"modern-footnotes-footnote__note\" tabindex=\"0\" data-mfn=\"7\"> Voir la d\u00e9claration de 1945 de l\u2019\u00e9piscopat fran\u00e7ais sur \u00ab la personne humaine, la famille, la soci\u00e9t\u00e9 \u00bb, qui reconna\u00eet \u00ab la souveraine autonomie de l\u2019\u00c9tat dans son domaine de l\u2019ordre temporel \u00bb. Cit\u00e9 in Jean Baub\u00e9rot, Guy Gauthier, Louis Legrand et Pierre Ognier, Histoire de la la\u00efcit\u00e9, Besan\u00e7on, CRDDP de Franche-Comt\u00e9, 1994, p. 272.<\/span>), mais le rapport \u00e0 l\u2019islam, c\u2019est-\u00e0-dire \u00e0 une religion exog\u00e8ne, pratiquement non pr\u00e9sente en m\u00e9tropole avant les ann\u00e9es 60, et dont la visibilit\u00e9 sociale croissante de ses membres alimente le soup\u00e7on d\u2019un refus du cadre national r\u00e9publicain, voire d\u2019une hostilit\u00e9 \u00e0 son \u00e9gard. Il faut bien mesurer ici la nature de ce changement\u00a0: en passant du catholicisme \u00e0 l\u2019islam, le combat la\u00efque ne change pas seulement d\u2019adversaire, il change de nature. La \u00ab\u00a0guerre des deux France\u00a0\u00bb \u00e9tait en effet une guerre de conqu\u00eate, or l\u2019on est pass\u00e9 de l\u2019\u00e2ge de la conqu\u00eate \u00e0 l\u2019\u00e2ge de la d\u00e9fense. Ce n\u2019est plus d\u00e8s lors la question du \u00ab\u00a0gouvernement des esprits\u00a0\u00bb qui est pos\u00e9e, c\u2019est-\u00e0-dire la question de savoir qui doit exercer le pouvoir spirituel (l\u2019\u00c9glise ou l\u2019\u00c9tat), mais la question de la fragmentation nationale, et de ce que l\u2019on nomme parfois aujourd\u2019hui le \u00ab\u00a0s\u00e9paratisme\u00a0\u00bb ou le \u00ab\u00a0communautarisme\u00a0\u00bb. Il s\u2019ensuit que la la\u00efcit\u00e9 n\u2019a pas aujourd\u2019hui \u00e0 s\u2019imposer contre une institution \u00e9tablie (l\u2019\u00c9glise) et les pr\u00e9rogatives dont elle b\u00e9n\u00e9ficiait au XIX<sup>e <\/sup>si\u00e8cle, notamment en mati\u00e8re d\u2019\u00e9ducation publique (la bataille institutionnelle est d\u00e9finitivement gagn\u00e9e)\u00a0; elle a, ou croit avoir, \u00e0 se d\u00e9fendre contre ce qui est d\u00e9sign\u00e9 comme des \u00ab\u00a0atteintes\u00a0\u00bb au principe qu\u2019elle repr\u00e9sente, c\u2019est-\u00e0-dire contre des manifestations individuelles ou collectives d\u2019acteurs de la soci\u00e9t\u00e9 civile \u2013 \u00e0 commencer par des \u00e9l\u00e8ves.<\/li><li>Lutter contre les atteintes au principe de la\u00efcit\u00e9 dont les individus-\u00e9l\u00e8ves sont r\u00e9put\u00e9s responsables implique un deuxi\u00e8me changement important: ce sont ces individus m\u00eames qu\u2019il faut rendre \u00ab\u00a0la\u00efques\u00a0\u00bb, c\u2019est-\u00e0-dire obtenir d\u2019eux qu\u2019ils se conforment \u00e0 l\u2019exigence de neutralit\u00e9 que la la\u00efcit\u00e9 impose. Tel est le sens de la loi du 15 mars 2004, qui se pr\u00e9sente comme une \u00ab\u00a0application du principe de la\u00efcit\u00e9\u00a0\u00bb, et dont l\u2019article 1 dispose que \u00ab\u00a0\u00ab\u00a0Dans les \u00e9coles, coll\u00e8ges et lyc\u00e9es publics, le port de signes ou de tenues par lesquels les \u00e9l\u00e8ves manifestent ostensiblement une appartenance religieuse est interdit\u00a0\u00bb. La nouveaut\u00e9 est remarquable\u00a0: dans l\u2019histoire juridique et l\u00e9gislative de la la\u00efcit\u00e9, la loi de 2004 est la premi\u00e8re \u00e0 faire de la la\u00efcit\u00e9 non plus simplement une obligation de l\u2019\u00c9tat et de ses institutions vis-\u00e0-vis de citoyens b\u00e9n\u00e9ficiant d\u2019une \u00e9gale libert\u00e9 de conscience et d\u2019expression, mais une obligation des individus, et donc une disposition qu\u2019il s\u2019agit pour les acteurs sociaux d\u2019int\u00e9rioriser. En d\u2019autres termes, que j\u2019emprunte \u00e0 C\u00e9cile Laborde<sup class=\"modern-footnotes-footnote \" data-mfn=\"8\" data-mfn-post-scope=\"00000000000004c60000000000000000_2562\"><a href=\"javascript:void(0)\"  role=\"button\" aria-pressed=\"false\" aria-describedby=\"mfn-content-00000000000004c60000000000000000_2562-8\">8<\/a><\/sup><span id=\"mfn-content-00000000000004c60000000000000000_2562-8\" role=\"tooltip\" class=\"modern-footnotes-footnote__note\" tabindex=\"0\" data-mfn=\"8\"> C\u00e9cile Laborde, Fran\u00e7ais, encore un effort pour \u00eatre r\u00e9publicains !, Paris, Seuil, 2010, p. 65.<\/span>, elle tend \u00e0 devenir une \u00ab\u00a0doctrine de conscience\u00a0\u00bb, l\u2019\u00e9l\u00e9ment central de que C. Nicolet appelait quant \u00e0 lui la \u00ab\u00a0R\u00e9publique int\u00e9rieure\u00a0\u00bb de chacun<sup class=\"modern-footnotes-footnote \" data-mfn=\"9\" data-mfn-post-scope=\"00000000000004c60000000000000000_2562\"><a href=\"javascript:void(0)\"  role=\"button\" aria-pressed=\"false\" aria-describedby=\"mfn-content-00000000000004c60000000000000000_2562-9\">9<\/a><\/sup><span id=\"mfn-content-00000000000004c60000000000000000_2562-9\" role=\"tooltip\" class=\"modern-footnotes-footnote__note\" tabindex=\"0\" data-mfn=\"9\"> Claude Nicolet, L\u2019Id\u00e9e r\u00e9publicaine en France, Gallimard, 1982, p. 507<\/span>, dont on ne peut rep\u00e9rer nulle trace dans les textes juridiques fondateurs, et notamment pas dans la loi de 1905. On pourrait certes objecter \u00e0 cela que la loi de 2004 s\u2019inscrit dans la tradition hautement r\u00e9publicaine, et m\u00eame de gauche, de la circulaire Jean Zay du 15 mai 1937 indiquant \u00ab\u00a0qu\u2019aucune forme de pros\u00e9lytisme ne saurait \u00eatre admise dans les \u00e9tablissements\u00a0\u00bb. Cette objection omet toutefois de pr\u00e9ciser que cette circulaire fait suite \u00e0 celle du 1<sup>er <\/sup>juillet 1936 interdisant, dans le contexte id\u00e9ologique et politique profond\u00e9ment cliv\u00e9 des ann\u00e9es trente, l\u2019affichage par des \u00e9l\u00e8ves de signes politiques tels que pouvaient les arborer des ligues factieuses\u00a0ou des mouvements r\u00e9volutionnaires, au nom \u00ab\u00a0de l\u2019ordre et de la paix qui doivent \u00eatre maintenus \u00e0 l\u2019int\u00e9rieur des \u00e9tablissements scolaires\u00a0\u00bb. C\u2019est donc explicitement pour des motifs d\u2019ordre public et non pas \u00ab\u00a0en application du principe de la\u00efcit\u00e9\u00a0\u00bb que les deux circulaires de Jean Zay ont \u00e9t\u00e9 publi\u00e9es, et la nouveaut\u00e9 introduite par la loi de 2004 ne saurait trouver en celles-ci un pr\u00e9c\u00e9dent.<\/li><li>C\u2019est \u00e9videmment l\u2019\u00c9cole qui est d\u00e9sign\u00e9e comme la premi\u00e8re des institutions devant permettre la construction chez les \u00e9l\u00e8ves de cette la\u00efcit\u00e9 \u00ab\u00a0de conscience\u00a0\u00bb. Ce qui signifie que la la\u00efcit\u00e9 doit d\u00e9sormais s\u2019enseigner non seulement dans ses dimensions cognitives (historiques, philosophiques, juridiques\u2026), mais comme une <em>valeur<\/em> \u00e0 laquelle il s\u2019agit pr\u00e9cis\u00e9ment de faire adh\u00e9rer les \u00e9l\u00e8ves. Le troisi\u00e8me changement notable de la \u00ab\u00a0nouvelle la\u00efcit\u00e9\u00a0\u00bb est donc celui-ci\u00a0: la la\u00efcit\u00e9 est d\u00e9sormais soumise \u00e0 une exigence p\u00e9dagogique qui consiste \u00e0 en faire un \u00e9l\u00e9ment central de l\u2019enseignement moral et civique et de la \u00ab\u00a0mobilisation pour les valeurs de la R\u00e9publique\u00a0\u00bb que la ministre Najat Vallaud-Belkacem a voulu lancer suite aux attentats de janvier 2015. Le tournant amorc\u00e9 par la la\u00efcit\u00e9 \u00e0 partir des ann\u00e9es 1980, et qui depuis n&rsquo;a fait que s\u2019accentuer<sup class=\"modern-footnotes-footnote \" data-mfn=\"10\" data-mfn-post-scope=\"00000000000004c60000000000000000_2562\"><a href=\"javascript:void(0)\"  role=\"button\" aria-pressed=\"false\" aria-describedby=\"mfn-content-00000000000004c60000000000000000_2562-10\">10<\/a><\/sup><span id=\"mfn-content-00000000000004c60000000000000000_2562-10\" role=\"tooltip\" class=\"modern-footnotes-footnote__note\" tabindex=\"0\" data-mfn=\"10\"> La loi du 15 mars 2004 a \u00e9t\u00e9 la premi\u00e8re de toute une s\u00e9rie de textes juridiques ou r\u00e9glementaires confirmant cette red\u00e9finition en cours de la la\u00efcit\u00e9 : la loi du 11 octobre 2010 interdisant la dissimulation int\u00e9grale du visage sur la voie publique, la circulaire du 27 mars 2012 interdisant le port de signes religieux aux m\u00e8res accompagnatrices de sorties scolaires, la loi du 24 ao\u00fbt 2021 visant \u00e0 \u00ab conforter le respect des principes r\u00e9publicains \u00bb qui \u00e9tend l\u2019exigence de neutralit\u00e9 aux salari\u00e9s d\u2019entreprises de droit priv\u00e9 exer\u00e7ant une mission de service public\u2026<\/span>, se marque ainsi \u00e0 la fois par sa p\u00e9dagogisation<sup class=\"modern-footnotes-footnote \" data-mfn=\"11\" data-mfn-post-scope=\"00000000000004c60000000000000000_2562\"><a href=\"javascript:void(0)\"  role=\"button\" aria-pressed=\"false\" aria-describedby=\"mfn-content-00000000000004c60000000000000000_2562-11\">11<\/a><\/sup><span id=\"mfn-content-00000000000004c60000000000000000_2562-11\" role=\"tooltip\" class=\"modern-footnotes-footnote__note\" tabindex=\"0\" data-mfn=\"11\"> P\u00e9dagogisation pr\u00e9conis\u00e9e d\u00e8s le rapport ci-dessus cit\u00e9 de Claude Nicolet, en 1984, et th\u00e9oris\u00e9e dans l\u2019ouvrage d\u2019Abdenour Bidar Pour une p\u00e9dagogie de la la\u00efcit\u00e9, Paris, La Documentation fran\u00e7aise, 2012)<\/span> et par sa \u00ab\u00a0substantialisation\u00a0\u00bb, c\u2019est-\u00e0-dire par la transformation de son statut de principe d\u2019organisation politique en celui d\u2019une valeur civique propre \u00e0 l\u2019univers axiologique de la R\u00e9publique fran\u00e7aise.<sup class=\"modern-footnotes-footnote \" data-mfn=\"12\" data-mfn-post-scope=\"00000000000004c60000000000000000_2562\"><a href=\"javascript:void(0)\"  role=\"button\" aria-pressed=\"false\" aria-describedby=\"mfn-content-00000000000004c60000000000000000_2562-12\">12<\/a><\/sup><span id=\"mfn-content-00000000000004c60000000000000000_2562-12\" role=\"tooltip\" class=\"modern-footnotes-footnote__note\" tabindex=\"0\" data-mfn=\"12\"> Sur le lien entre la p\u00e9dagogisation de la la\u00efcit\u00e9 et sa promotion comme valeur substantielle r\u00e9publicaine, voir Pierre Kahn, Quelle la\u00efcit\u00e9 voulons-nous ? Essai sur la la\u00efcit\u00e9 et ses possibles, Paris, ESF, 2024, p. 127-131.<\/span><\/li><li>Dernier changement\u00a0: plus la la\u00efcit\u00e9 est pens\u00e9e comme une valeur substantielle de la R\u00e9publique, plus sa promotion prend un tour agonistique. \u00c9duquer \u00e0 la la\u00efcit\u00e9 et transmettre les valeurs de la R\u00e9publique, c\u2019est dans ces conditions \u00e9duquer et transmettre \u00ab\u00a0contre\u00a0\u00bb\u00a0; autrement dit, c\u2019est inscrire la la\u00efcit\u00e9 dans ce que Max Weber appelait le \u00ab\u00a0polyth\u00e9isme des valeurs\u00a0\u00bb ou \u00ab\u00a0la guerre des dieux\u00a0\u00bb.<sup class=\"modern-footnotes-footnote \" data-mfn=\"13\" data-mfn-post-scope=\"00000000000004c60000000000000000_2562\"><a href=\"javascript:void(0)\"  role=\"button\" aria-pressed=\"false\" aria-describedby=\"mfn-content-00000000000004c60000000000000000_2562-13\">13<\/a><\/sup><span id=\"mfn-content-00000000000004c60000000000000000_2562-13\" role=\"tooltip\" class=\"modern-footnotes-footnote__note\" tabindex=\"0\" data-mfn=\"13\"> Pierre Kahn, Ibid., p. 131-133. Voir aussi Pierre Kahn, \u00ab La la\u00efcit\u00e9 est-elle une valeur ? \u00bb, Spirales, \u00ab La\u00efcit\u00e9, croyances et \u00e9ducation \u00bb, 2007, n\u00b0 39, p. 29-38.<\/span> La rh\u00e9torique guerri\u00e8re des \u00ab\u00a0territoires perdus de la R\u00e9publique\u00a0\u00bb, l\u2019usage m\u00eame du mot \u00ab\u00a0mobilisation\u00a0\u00bb pour d\u00e9signer l\u2019engagement citoyen en faveur des \u00ab\u00a0valeurs de la R\u00e9publique\u00a0\u00bb l\u2019attestent\u00a0: le tournant substantialiste de la la\u00efcit\u00e9 fait de celle-ci un principe <em>pol\u00e9mique<\/em>, au sens \u00e9tymologique du terme. Cela m\u00e9rite d\u2019autant plus d\u2019\u00eatre relev\u00e9 qu\u2019en 1905, au contraire, le l\u00e9gislateur avait con\u00e7u la loi de S\u00e9paration comme un moyen de faire cesser la \u00ab guerre des deux France \u00bb, c\u2019est-\u00e0-dire comme une d\u00e9claration de paix, un \u00ab pacte la\u00efque \u00bb<sup class=\"modern-footnotes-footnote \" data-mfn=\"14\" data-mfn-post-scope=\"00000000000004c60000000000000000_2562\"><a href=\"javascript:void(0)\"  role=\"button\" aria-pressed=\"false\" aria-describedby=\"mfn-content-00000000000004c60000000000000000_2562-14\">14<\/a><\/sup><span id=\"mfn-content-00000000000004c60000000000000000_2562-14\" role=\"tooltip\" class=\"modern-footnotes-footnote__note\" tabindex=\"0\" data-mfn=\"14\"> Jean Baub\u00e9rot, Vers un nouveau pacte la\u00efque, Paris, Seuil, 1990.<\/span>, et qu\u2019elle a d\u00fb en partie son succ\u00e8s, c\u2019est-\u00e0-dire l\u2019acceptation finale par l\u2019\u00c9glise catholique de son bien-fond\u00e9, \u00e0 sa volont\u00e9 pacificatrice.<sup class=\"modern-footnotes-footnote \" data-mfn=\"15\" data-mfn-post-scope=\"00000000000004c60000000000000000_2562\"><a href=\"javascript:void(0)\"  role=\"button\" aria-pressed=\"false\" aria-describedby=\"mfn-content-00000000000004c60000000000000000_2562-15\">15<\/a><\/sup><span id=\"mfn-content-00000000000004c60000000000000000_2562-15\" role=\"tooltip\" class=\"modern-footnotes-footnote__note\" tabindex=\"0\" data-mfn=\"15\"> L\u2019article 4 de la loi de 1905 pr\u00e9cisant que les associations cultuelles pr\u00e9vues par la loi se conformeront aux r\u00e8gles g\u00e9n\u00e9rales d\u2019organisation des cultes ; le remplacement, en 1923, des associations cultuelles par des associations dioc\u00e9saines plac\u00e9es directement sou le contr\u00f4le de l\u2019autorit\u00e9 \u00e9piscopale ; la possibilit\u00e9 offerte par la radiodiffusion publique d\u2019accueillir des \u00e9missions religieuses l\u00e0 o\u00f9 le principe de s\u00e9paration aurait pu conduire \u00e0 ne pas les prendre en compte sont quelques-uns des exemples de la volont\u00e9 de la IIIe R\u00e9publique de ne pas faire de cette s\u00e9paration un principe conflictuel.<\/span><\/li><\/ul>\t\t\t\t\t\t\t\t<\/div>\n\t\t\t\t<\/div>\n\t\t\t\t<\/div>\n\t\t<div data-particle_enable=\"false\" data-particle-mobile-disabled=\"false\" class=\"elementor-element elementor-element-efdf750 elementor-hidden-mobile e-con-full elementor-hidden-tablet e-flex e-con e-child\" data-id=\"efdf750\" data-element_type=\"container\" data-e-type=\"container\">\n\t\t<div data-particle_enable=\"false\" data-particle-mobile-disabled=\"false\" class=\"elementor-element elementor-element-d6744d4 e-con-full e-flex e-con e-child\" data-id=\"d6744d4\" data-element_type=\"container\" data-e-type=\"container\">\n\t\t\t\t<div class=\"elementor-element elementor-element-f9e7078 elementor-widget-divider--view-line_text elementor-widget-divider--element-align-center elementor-widget elementor-widget-divider\" data-id=\"f9e7078\" data-element_type=\"widget\" data-e-type=\"widget\" data-widget_type=\"divider.default\">\n\t\t\t\t<div class=\"elementor-widget-container\">\n\t\t\t\t\t\t\t<div class=\"elementor-divider\">\n\t\t\t<span class=\"elementor-divider-separator\">\n\t\t\t\t\t\t\t<p class=\"elementor-divider__text elementor-divider__element\">\n\t\t\t\tPage 2\t\t\t\t<\/p>\n\t\t\t\t\t\t<\/span>\n\t\t<\/div>\n\t\t\t\t\t\t<\/div>\n\t\t\t\t<\/div>\n\t\t\t\t<div class=\"elementor-element elementor-element-a8ff410 eael-tooltip-align-left eael-tooltip-text-align-left elementor-widget elementor-widget-eael-tooltip\" data-id=\"a8ff410\" data-element_type=\"widget\" data-e-type=\"widget\" data-widget_type=\"eael-tooltip.default\">\n\t\t\t\t<div class=\"elementor-widget-container\">\n\t\t\t\t\t\t<div class=\"eael-tooltip\">\n\t\t\t\t\t<p class=\"eael-tooltip-content\" tabindex=\"0\" aria-describedby=\"tooltip-text-a8ff410\"><p>[6]\u00a0\u00c9mile Poulat,\u00a0<em>Libert\u00e9 et la\u00efcit\u00e9. La...<\/em><\/p><\/p>\n  \t\t\t<span id=\"tooltip-text-a8ff410\" class=\"eael-tooltip-text eael-tooltip-bottom\" role=\"tooltip\"><p>\u00c9mile Poulat,\u00a0<em>Libert\u00e9 et la\u00efcit\u00e9. La guerre des deux France et le principe de la modernit\u00e9<\/em>, Paris, Cerf\/Cujas, 1987.<\/p><\/span>\n  \t\t\t<\/div>\n\t\t\t\t\t<\/div>\n\t\t\t\t<\/div>\n\t\t\t\t<div class=\"elementor-element elementor-element-d6b7730 eael-tooltip-align-left eael-tooltip-text-align-left elementor-widget elementor-widget-eael-tooltip\" data-id=\"d6b7730\" data-element_type=\"widget\" data-e-type=\"widget\" data-widget_type=\"eael-tooltip.default\">\n\t\t\t\t<div class=\"elementor-widget-container\">\n\t\t\t\t\t\t<div class=\"eael-tooltip\">\n\t\t\t\t\t<p class=\"eael-tooltip-content\" tabindex=\"0\" aria-describedby=\"tooltip-text-d6b7730\"><p>[7] Voir la d\u00e9claration de 1945 de l\u2019\u00e9piscopat...<\/p><\/p>\n  \t\t\t<span id=\"tooltip-text-d6b7730\" class=\"eael-tooltip-text eael-tooltip-bottom\" role=\"tooltip\"><p>Voir la d\u00e9claration de 1945 de l\u2019\u00e9piscopat fran\u00e7ais sur \u00ab la personne humaine, la famille, la soci\u00e9t\u00e9\u00a0\u00bb, qui reconna\u00eet \u00ab\u00a0la souveraine autonomie de l\u2019\u00c9tat dans son domaine de l\u2019ordre temporel\u00a0\u00bb. Cit\u00e9 in Jean Baub\u00e9rot, Guy Gauthier, Louis Legrand et Pierre Ognier,\u00a0<em>Histoire de la la\u00efcit\u00e9<\/em>, Besan\u00e7on, CRDDP de Franche-Comt\u00e9, 1994, p. 272.<\/p><\/span>\n  \t\t\t<\/div>\n\t\t\t\t\t<\/div>\n\t\t\t\t<\/div>\n\t\t\t\t<div class=\"elementor-element elementor-element-4c75266 eael-tooltip-align-left eael-tooltip-text-align-left elementor-widget elementor-widget-eael-tooltip\" data-id=\"4c75266\" data-element_type=\"widget\" data-e-type=\"widget\" data-widget_type=\"eael-tooltip.default\">\n\t\t\t\t<div class=\"elementor-widget-container\">\n\t\t\t\t\t\t<div class=\"eael-tooltip\">\n\t\t\t\t\t<p class=\"eael-tooltip-content\" tabindex=\"0\" aria-describedby=\"tooltip-text-4c75266\"><p>[8]\u00a0C\u00e9cile Laborde,\u00a0<em>Fran\u00e7ais, encore un...<\/em><\/p><\/p>\n  \t\t\t<span id=\"tooltip-text-4c75266\" class=\"eael-tooltip-text eael-tooltip-bottom\" role=\"tooltip\"><p>C\u00e9cile Laborde,\u00a0<em>Fran\u00e7ais, encore un effort pour \u00eatre r\u00e9publicains\u00a0!<\/em>, Paris, Seuil, 2010, p. 65.<\/p><\/span>\n  \t\t\t<\/div>\n\t\t\t\t\t<\/div>\n\t\t\t\t<\/div>\n\t\t\t\t<div class=\"elementor-element elementor-element-0edec31 eael-tooltip-align-left eael-tooltip-text-align-left elementor-widget elementor-widget-eael-tooltip\" data-id=\"0edec31\" data-element_type=\"widget\" data-e-type=\"widget\" data-widget_type=\"eael-tooltip.default\">\n\t\t\t\t<div class=\"elementor-widget-container\">\n\t\t\t\t\t\t<div class=\"eael-tooltip\">\n\t\t\t\t\t<p class=\"eael-tooltip-content\" tabindex=\"0\" aria-describedby=\"tooltip-text-0edec31\"><p>[9]\u00a0Claude Nicolet,\u00a0<em>L\u2019Id\u00e9e r\u00e9publicaine...<\/em><\/p><\/p>\n  \t\t\t<span id=\"tooltip-text-0edec31\" class=\"eael-tooltip-text eael-tooltip-bottom\" role=\"tooltip\"><p>Claude Nicolet,\u00a0<em>L\u2019Id\u00e9e r\u00e9publicaine en France<\/em>, Gallimard, 1982, p. 507<\/p><\/span>\n  \t\t\t<\/div>\n\t\t\t\t\t<\/div>\n\t\t\t\t<\/div>\n\t\t\t\t<\/div>\n\t\t<div data-particle_enable=\"false\" data-particle-mobile-disabled=\"false\" class=\"elementor-element elementor-element-ff1accc e-con-full e-flex e-con e-child\" data-id=\"ff1accc\" data-element_type=\"container\" data-e-type=\"container\">\n\t\t\t\t<div class=\"elementor-element elementor-element-c5ccdce eael-tooltip-align-left eael-tooltip-text-align-left elementor-widget elementor-widget-eael-tooltip\" data-id=\"c5ccdce\" data-element_type=\"widget\" data-e-type=\"widget\" data-widget_type=\"eael-tooltip.default\">\n\t\t\t\t<div class=\"elementor-widget-container\">\n\t\t\t\t\t\t<div class=\"eael-tooltip\">\n\t\t\t\t\t<p class=\"eael-tooltip-content\" tabindex=\"0\" aria-describedby=\"tooltip-text-c5ccdce\"><p>[10] La loi du 15 mars 2004 a \u00e9t\u00e9 la premi\u00e8re...<\/p><\/p>\n  \t\t\t<span id=\"tooltip-text-c5ccdce\" class=\"eael-tooltip-text eael-tooltip-bottom\" role=\"tooltip\"><p>La loi du 15 mars 2004 a \u00e9t\u00e9 la premi\u00e8re de toute une s\u00e9rie de textes juridiques ou r\u00e9glementaires confirmant cette red\u00e9finition en cours de la la\u00efcit\u00e9\u00a0: la loi du 11 octobre 2010 interdisant la dissimulation int\u00e9grale du visage sur la voie publique, la circulaire du 27 mars 2012 interdisant le port de signes religieux aux m\u00e8res accompagnatrices de sorties scolaires, la loi du 24 ao\u00fbt 2021 visant \u00e0 \u00ab\u00a0conforter le respect des principes r\u00e9publicains\u00a0\u00bb qui \u00e9tend l\u2019exigence de neutralit\u00e9 aux salari\u00e9s d\u2019entreprises de droit priv\u00e9 exer\u00e7ant une mission de service public\u2026<\/p><\/span>\n  \t\t\t<\/div>\n\t\t\t\t\t<\/div>\n\t\t\t\t<\/div>\n\t\t\t\t<div class=\"elementor-element elementor-element-5617b2d eael-tooltip-align-left eael-tooltip-text-align-left elementor-widget elementor-widget-eael-tooltip\" data-id=\"5617b2d\" data-element_type=\"widget\" data-e-type=\"widget\" data-widget_type=\"eael-tooltip.default\">\n\t\t\t\t<div class=\"elementor-widget-container\">\n\t\t\t\t\t\t<div class=\"eael-tooltip\">\n\t\t\t\t\t<p class=\"eael-tooltip-content\" tabindex=\"0\" aria-describedby=\"tooltip-text-5617b2d\"><p>[11] P\u00e9dagogisation pr\u00e9conis\u00e9e d\u00e8s le...<\/p><\/p>\n  \t\t\t<span id=\"tooltip-text-5617b2d\" class=\"eael-tooltip-text eael-tooltip-bottom\" role=\"tooltip\"><p>P\u00e9dagogisation pr\u00e9conis\u00e9e d\u00e8s le rapport ci-dessus cit\u00e9 de Claude Nicolet, en 1984, et th\u00e9oris\u00e9e dans l\u2019ouvrage d\u2019Abdenour Bidar\u00a0<em>Pour une p\u00e9dagogie de la la\u00efcit\u00e9<\/em>, Paris, La Documentation fran\u00e7aise, 2012)<\/p><\/span>\n  \t\t\t<\/div>\n\t\t\t\t\t<\/div>\n\t\t\t\t<\/div>\n\t\t\t\t<div class=\"elementor-element elementor-element-1e385d3 eael-tooltip-align-left eael-tooltip-text-align-left elementor-widget elementor-widget-eael-tooltip\" data-id=\"1e385d3\" data-element_type=\"widget\" data-e-type=\"widget\" data-widget_type=\"eael-tooltip.default\">\n\t\t\t\t<div class=\"elementor-widget-container\">\n\t\t\t\t\t\t<div class=\"eael-tooltip\">\n\t\t\t\t\t<p class=\"eael-tooltip-content\" tabindex=\"0\" aria-describedby=\"tooltip-text-1e385d3\"><p>[12] Sur le lien entre la p\u00e9dagogisation de...<\/p><\/p>\n  \t\t\t<span id=\"tooltip-text-1e385d3\" class=\"eael-tooltip-text eael-tooltip-bottom\" role=\"tooltip\"><p>Sur le lien entre la p\u00e9dagogisation de la la\u00efcit\u00e9 et sa promotion comme valeur substantielle r\u00e9publicaine, voir Pierre Kahn,\u00a0<em>Quelle la\u00efcit\u00e9 voulons-nous\u00a0? Essai sur la la\u00efcit\u00e9 et ses possibles<\/em>, Paris, ESF, 2024, p. 127-131.<\/p><\/span>\n  \t\t\t<\/div>\n\t\t\t\t\t<\/div>\n\t\t\t\t<\/div>\n\t\t\t\t<div class=\"elementor-element elementor-element-fa3a7fd eael-tooltip-align-left eael-tooltip-text-align-left elementor-widget elementor-widget-eael-tooltip\" data-id=\"fa3a7fd\" data-element_type=\"widget\" data-e-type=\"widget\" data-widget_type=\"eael-tooltip.default\">\n\t\t\t\t<div class=\"elementor-widget-container\">\n\t\t\t\t\t\t<div class=\"eael-tooltip\">\n\t\t\t\t\t<p class=\"eael-tooltip-content\" tabindex=\"0\" aria-describedby=\"tooltip-text-fa3a7fd\"><p>[13]\u00a0Pierre Kahn,\u00a0<em>Ibid<\/em>., p. 131-133. Voir aussi...<\/p><\/p>\n  \t\t\t<span id=\"tooltip-text-fa3a7fd\" class=\"eael-tooltip-text eael-tooltip-bottom\" role=\"tooltip\"><p>Pierre Kahn,\u00a0<em>Ibid<\/em>., p. 131-133. Voir aussi Pierre Kahn, \u00ab\u00a0La la\u00efcit\u00e9 est-elle une valeur\u00a0?\u00a0\u00bb,\u00a0<em>Spirales<\/em>, \u00ab\u00a0La\u00efcit\u00e9, croyances et \u00e9ducation \u00bb, 2007, n\u00b0 39, p. 29-38.<\/p><\/span>\n  \t\t\t<\/div>\n\t\t\t\t\t<\/div>\n\t\t\t\t<\/div>\n\t\t\t\t<div class=\"elementor-element elementor-element-42ee73a eael-tooltip-align-left eael-tooltip-text-align-left elementor-widget elementor-widget-eael-tooltip\" data-id=\"42ee73a\" data-element_type=\"widget\" data-e-type=\"widget\" data-widget_type=\"eael-tooltip.default\">\n\t\t\t\t<div class=\"elementor-widget-container\">\n\t\t\t\t\t\t<div class=\"eael-tooltip\">\n\t\t\t\t\t<p class=\"eael-tooltip-content\" tabindex=\"0\" aria-describedby=\"tooltip-text-42ee73a\"><p>[14]\u00a0Jean Baub\u00e9rot,\u00a0<em>Vers un...<\/em><\/p><\/p>\n  \t\t\t<span id=\"tooltip-text-42ee73a\" class=\"eael-tooltip-text eael-tooltip-bottom\" role=\"tooltip\"><p>Jean Baub\u00e9rot,\u00a0<em>Vers un nouveau pacte la\u00efque<\/em>, Paris, Seuil, 1990.<\/p><\/span>\n  \t\t\t<\/div>\n\t\t\t\t\t<\/div>\n\t\t\t\t<\/div>\n\t\t\t\t<div class=\"elementor-element elementor-element-f8d2596 eael-tooltip-align-left eael-tooltip-text-align-left elementor-widget elementor-widget-eael-tooltip\" data-id=\"f8d2596\" data-element_type=\"widget\" data-e-type=\"widget\" data-widget_type=\"eael-tooltip.default\">\n\t\t\t\t<div class=\"elementor-widget-container\">\n\t\t\t\t\t\t<div class=\"eael-tooltip\">\n\t\t\t\t\t<p class=\"eael-tooltip-content\" tabindex=\"0\" aria-describedby=\"tooltip-text-f8d2596\"><p>[15] L\u2019article 4 de la loi de 1905 pr\u00e9cisant...<\/p><\/p>\n  \t\t\t<span id=\"tooltip-text-f8d2596\" class=\"eael-tooltip-text eael-tooltip-bottom\" role=\"tooltip\"><p>L\u2019article 4 de la loi de 1905 pr\u00e9cisant que les associations cultuelles pr\u00e9vues par la loi se conformeront aux r\u00e8gles g\u00e9n\u00e9rales d\u2019organisation des cultes\u00a0; le remplacement, en 1923, des associations cultuelles par des associations dioc\u00e9saines plac\u00e9es directement sou le contr\u00f4le de l\u2019autorit\u00e9 \u00e9piscopale\u00a0; la possibilit\u00e9 offerte par la radiodiffusion publique d\u2019accueillir des \u00e9missions religieuses l\u00e0 o\u00f9 le principe de s\u00e9paration aurait pu conduire \u00e0 ne pas les prendre en compte sont quelques-uns des exemples de la volont\u00e9\u00a0 de la IIIe R\u00e9publique de ne pas faire de cette s\u00e9paration un principe conflictuel.<\/p><\/span>\n  \t\t\t<\/div>\n\t\t\t\t\t<\/div>\n\t\t\t\t<\/div>\n\t\t\t\t<\/div>\n\t\t\t\t<\/div>\n\t\t\t\t\t<\/div>\n\t\t\t\t<\/div>\n\t\t<div data-particle_enable=\"false\" data-particle-mobile-disabled=\"false\" class=\"elementor-element elementor-element-13b5a67 e-flex e-con-boxed e-con e-parent\" data-id=\"13b5a67\" data-element_type=\"container\" data-e-type=\"container\">\n\t\t\t\t\t<div class=\"e-con-inner\">\n\t\t<div data-particle_enable=\"false\" data-particle-mobile-disabled=\"false\" class=\"elementor-element elementor-element-b62e0f7 e-con-full e-flex e-con e-child\" data-id=\"b62e0f7\" data-element_type=\"container\" data-e-type=\"container\">\n\t\t\t\t<div class=\"elementor-element elementor-element-09e4b95 elementor-widget elementor-widget-text-editor\" data-id=\"09e4b95\" data-element_type=\"widget\" data-e-type=\"widget\" data-widget_type=\"text-editor.default\">\n\t\t\t\t<div class=\"elementor-widget-container\">\n\t\t\t\t\t\t\t\t\t<h3>Un virage non assum\u00e9\u00a0?<\/h3><p>La la\u00efcit\u00e9 fran\u00e7aise nous offre donc, indubitablement, un nouveau visage. En quoi cependant cette nouveaut\u00e9 pose-t-elle probl\u00e8me\u00a0? Elle peut se justifier \u00e0 la fois d\u2019un point de vue philosophique et d\u2019un point de vue socio-politique. Du point de vue philosophique, l\u2019id\u00e9e, ch\u00e8re \u00e0 Claude Nicolet, d\u2019une \u00ab\u00a0R\u00e9publique int\u00e9rieure\u00a0\u00bb peut s\u2019autoriser d\u2019une tradition r\u00e9publicaine v\u00e9n\u00e9rable, qui s\u2019incarne exemplairement dans la th\u00e8se rousseauiste du primat de la volont\u00e9 g\u00e9n\u00e9rale et du bien commun sur les int\u00e9r\u00eats particuliers. Suivant une telle th\u00e8se, on peut penser que la loi de 1905, plus lib\u00e9rale que r\u00e9publicaine, plus lockienne que rousseauiste, n\u2019envisage qu\u2019un aspect du pacte r\u00e9publicain, celui de la pr\u00e9servation des libert\u00e9s individuelles, et qu\u2019elle doit \u00eatre en quelque sorte compl\u00e9t\u00e9e par une conception de la la\u00efcit\u00e9 davantage soucieuse de la construction de la communaut\u00e9 des citoyens. Du point de vue socio-politique, il n\u2019est pas insens\u00e9 de pr\u00e9tendre qu\u2019il existe pr\u00e9cis\u00e9ment au sein de la soci\u00e9t\u00e9 fran\u00e7aise des forces, commun\u00e9ment aujourd\u2019hui d\u00e9sign\u00e9es par le terme de \u00ab\u00a0s\u00e9paratisme\u00a0\u00bb, qui rendent n\u00e9cessaire, voire urgent, le renforcement de cette communaut\u00e9.<\/p><p>Un tournant \u00ab\u00a0substantialiste\u00a0\u00bb de la la\u00efcit\u00e9 n\u2019est donc pas en son principe injustifiable. Il se heurte n\u00e9anmoins \u00e0 deux probl\u00e8mes. Le premier est que les traits qui caract\u00e9risent ce tournant sont plus qu\u2019un compl\u00e9ment \u00e0 la loi de 1905, plus que ce que la loi de 2004 pr\u00e9sente comme une \u00ab\u00a0application du principe de la\u00efcit\u00e9\u00a0\u00bb. On peut m\u00eame penser que l\u2019extension du principe de neutralit\u00e9 \u00e0 la soci\u00e9t\u00e9 civile et aux individus eux-m\u00eames ne peut se faire qu\u2019au d\u00e9triment des libert\u00e9s que la loi de S\u00e9paration avait pour finalit\u00e9 de pr\u00e9server. Comme l\u2019\u00e9crit Philippe Portier\u00a0:<\/p><p>Le mod\u00e8le fran\u00e7ais de la\u00efcit\u00e9 n\u2019est plus de m\u00eame nature. Sous la III<sup>e<\/sup> R\u00e9publique, il \u00e9tait, sous l\u2019\u00e9gide de l\u2019\u00c9tat lib\u00e9ral, un syst\u00e8me de pr\u00e9servation des libert\u00e9s. Sous la tutelle d\u00e9sormais d\u2019un \u00c9tat recteur, il se transmue en syst\u00e8me d\u2019unification des conduites.<sup class=\"modern-footnotes-footnote \" data-mfn=\"16\" data-mfn-post-scope=\"00000000000004c60000000000000000_2562\"><a href=\"javascript:void(0)\" refnum=\"16\" role=\"button\" aria-pressed=\"false\" aria-describedby=\"mfn-content-00000000000004c60000000000000000_2562-16\">16<\/a><\/sup><span id=\"mfn-content-00000000000004c60000000000000000_2562-16\" role=\"tooltip\" class=\"modern-footnotes-footnote__note\" tabindex=\"0\" data-mfn=\"16\">Philippe Portier, \u00ab Le tournant s\u00e9curitaire de la la\u00efcit\u00e9 \u00bb, <a href=\"https:\/\/7084e331-f642-4e01-99d5-7f9a8co18c76.filesusr.com\/ugd8cdd55\">https:\/\/7084e331-f642-4e01-99d5-7f9a8co18c76.filesusr.com\/ugd8cdd55<\/a> Publi\u00e9 en acc\u00e8s libre sur le site \u00ab\u00a0Vigie de la la\u00efcit\u00e9\u00a0\u00bb<\/span><\/p><p>Le second probl\u00e8me est le caract\u00e8re non assum\u00e9 de ce tournant. Si l\u2019on excepte le rapport de F. Baroin qui indique explicitement, dans son titre m\u00eame, que la la\u00efcit\u00e9 identitaire que son auteur appelle de ses v\u0153ux est \u00ab\u00a0nouvelle\u00a0\u00bb, les mesures r\u00e9glementaires ou l\u00e9gislatives prises depuis les ann\u00e9es 2000 comme les discours qui les accompagnent pensent paradoxalement cette nouveaut\u00e9 dans la continuit\u00e9 de l\u2019h\u00e9ritage la\u00efque. Que la loi de 2004 se pr\u00e9sente elle-m\u00eame comme une \u00ab\u00a0application\u00a0\u00bb du principe de la\u00efcit\u00e9 est \u00e0 cet \u00e9gard significatif\u00a0: le virage est v\u00e9cu, ou pr\u00e9sent\u00e9, comme la ligne droite qui relierait la la\u00efcit\u00e9 d\u2019aujourd\u2019hui \u00e0 celle d\u2019hier, comme un compl\u00e9ment, un prolongement ou un approfondissement.<\/p><p>Ce caract\u00e8re non assum\u00e9 des modifications du sens m\u00eame qu\u2019on peut donner au principe de la\u00efcit\u00e9 est \u00e9videmment probl\u00e9matique. Il est notamment source de confusion dans le d\u00e9bat public sur cette question. Celui-ci voit aujourd\u2019hui se confronter des approches diff\u00e9rentes de la la\u00efcit\u00e9, mais qui se r\u00e9clament toutes de son principe. Cette confrontation est pour la vie d\u00e9mocratique l\u00e9gitime, et peut-\u00eatre m\u00eame salutaire. Mais pr\u00e9tendre que la loi de 2004 sur les signes religieux \u00e0 l\u2019\u00e9cole ou celle de 2021 sur le renforcement des principes r\u00e9publicains sont les d\u00e9positaires de l\u2019h\u00e9ritage la\u00efque, tel que le droit en fixait l\u2019esprit en 1905, c\u2019est accr\u00e9diter l\u2019id\u00e9e (fausse) que ceux qui en critiquent certains aspects fondamentaux se situent hors de cet h\u00e9ritage, c\u2019est-\u00e0-dire hors de la la\u00efcit\u00e9 elle-m\u00eame. Assumer le tournant substantialiste de la la\u00efcit\u00e9 est donc la condition n\u00e9cessaire pour que ceux qui jugent ce tournant opportun puissent entrer avec ceux qui le regardent d\u2019un \u0153il plut\u00f4t critique dans une discussion publique politiquement honn\u00eate sur les diff\u00e9rents mod\u00e8les de la\u00efcit\u00e9 que la R\u00e9publique peut proposer \u00e0 ses citoyens.<\/p>\t\t\t\t\t\t\t\t<\/div>\n\t\t\t\t<\/div>\n\t\t\t\t<\/div>\n\t\t<div data-particle_enable=\"false\" data-particle-mobile-disabled=\"false\" class=\"elementor-element elementor-element-2c09b92 elementor-hidden-mobile e-con-full elementor-hidden-tablet e-flex e-con e-child\" data-id=\"2c09b92\" data-element_type=\"container\" data-e-type=\"container\">\n\t\t<div data-particle_enable=\"false\" data-particle-mobile-disabled=\"false\" class=\"elementor-element elementor-element-80ee174 e-con-full e-flex e-con e-child\" data-id=\"80ee174\" data-element_type=\"container\" data-e-type=\"container\">\n\t\t\t\t<div class=\"elementor-element elementor-element-9c08606 elementor-widget-divider--view-line_text elementor-widget-divider--element-align-center elementor-widget elementor-widget-divider\" data-id=\"9c08606\" data-element_type=\"widget\" data-e-type=\"widget\" data-widget_type=\"divider.default\">\n\t\t\t\t<div class=\"elementor-widget-container\">\n\t\t\t\t\t\t\t<div class=\"elementor-divider\">\n\t\t\t<span class=\"elementor-divider-separator\">\n\t\t\t\t\t\t\t<p class=\"elementor-divider__text elementor-divider__element\">\n\t\t\t\tPage 3\t\t\t\t<\/p>\n\t\t\t\t\t\t<\/span>\n\t\t<\/div>\n\t\t\t\t\t\t<\/div>\n\t\t\t\t<\/div>\n\t\t\t\t<div class=\"elementor-element elementor-element-3720af5 eael-tooltip-align-left eael-tooltip-text-align-left elementor-widget elementor-widget-eael-tooltip\" data-id=\"3720af5\" data-element_type=\"widget\" data-e-type=\"widget\" data-widget_type=\"eael-tooltip.default\">\n\t\t\t\t<div class=\"elementor-widget-container\">\n\t\t\t\t\t\t<div class=\"eael-tooltip\">\n\t\t\t\t\t<p class=\"eael-tooltip-content\" tabindex=\"0\" aria-describedby=\"tooltip-text-3720af5\"><p>[16] Philippe Portier, \u00ab Le tournant...<\/p><\/p>\n  \t\t\t<span id=\"tooltip-text-3720af5\" class=\"eael-tooltip-text eael-tooltip-bottom\" role=\"tooltip\"><p>Philippe Portier, \u00ab Le tournant s\u00e9curitaire de la la\u00efcit\u00e9 \u00bb, <a href=\"https:\/\/7084e331-f642-4e01-99d5-7f9a8co18c76.filesusr.com\/ugd8cdd55\">https:\/\/7084e331-f642-4e01-99d5-7f9a8co18c76.filesusr.com\/ugd8cdd55<\/a> Publi\u00e9 en acc\u00e8s libre sur le site \u00ab\u00a0Vigie de la la\u00efcit\u00e9\u00a0\u00bb<\/p><\/span>\n  \t\t\t<\/div>\n\t\t\t\t\t<\/div>\n\t\t\t\t<\/div>\n\t\t\t\t<\/div>\n\t\t\t\t<\/div>\n\t\t\t\t\t<\/div>\n\t\t\t\t<\/div>\n\t\t<div data-particle_enable=\"false\" data-particle-mobile-disabled=\"false\" class=\"elementor-element elementor-element-204a39b e-flex e-con-boxed e-con e-parent\" data-id=\"204a39b\" data-element_type=\"container\" data-e-type=\"container\">\n\t\t\t\t\t<div class=\"e-con-inner\">\n\t\t<div data-particle_enable=\"false\" data-particle-mobile-disabled=\"false\" class=\"elementor-element elementor-element-59766ca e-con-full e-flex e-con e-child\" data-id=\"59766ca\" data-element_type=\"container\" data-e-type=\"container\">\n\t\t\t\t<div class=\"elementor-element elementor-element-abf69ba elementor-widget elementor-widget-text-editor\" data-id=\"abf69ba\" data-element_type=\"widget\" data-e-type=\"widget\" data-widget_type=\"text-editor.default\">\n\t\t\t\t<div class=\"elementor-widget-container\">\n\t\t\t\t\t\t\t\t\t<h3>Bibliographie<\/h3><p>BAROIN Fran\u00e7ois, <em>Rapport pour une nouvelle la\u00efcit\u00e9<\/em>, Club Dialogues &amp; Initiatives, <a href=\"http:\/\/www.voltairenet.org\">www.voltairenet.org<\/a><\/p><p>BAUB\u00c9ROT Jean, <em>Vers un nouveau pacte la\u00efque<\/em>, Paris, Seuil, 1990<\/p><p>BAUB\u00c9ROT Jean, GAUTHIER Guy, LEGRAND Louis &amp; OGNIER Pierre, <em>Histoire de la la\u00efcit\u00e9<\/em>, Besan\u00e7on, CRDDP de Franche-Comt\u00e9, 1994<\/p><p>BIDAR Abdenour, <em>Pour une p\u00e9dagogie de la la\u00efcit\u00e9<\/em>, Paris, La Documentation fran\u00e7aise, 2012<\/p><p>BRENNER Emmanuel (dir.), <em>Les Territoires perdus de la R\u00e9publique<\/em>, Paris, \u00c9ditions de Minuit, 2002<\/p><p>HENNETTE-VAUCHEZ St\u00e9phanie et VALENTIN Vincent, <em>L\u2019Affaire Baby Loup ou la nouvelle la\u00efcit\u00e9<\/em>, Issy-les-Moulineaux, LGDJ Lextenso \u00e9ditions, 2014<\/p><p>KAHN Pierre, \u00ab\u00a0La la\u00efcit\u00e9 est-elle une valeur\u00a0?\u00a0\u00bb, <em>Spirales<\/em>, \u00ab\u00a0La\u00efcit\u00e9, croyances et \u00e9ducation\u00bb, 2007, n\u00b0 39<\/p><p>KAHN Pierre, <em>Quelle la\u00efcit\u00e9 voulons-nous\u00a0? Essai sur la la\u00efcit\u00e9 et ses possibles<\/em>, Paris, ESF, 2024<\/p><p>LABORDE C\u00e9cile, <em>Fran\u00e7ais, encore un effort pour \u00eatre r\u00e9publicains\u00a0!<\/em>, Paris, Seuil, 2010<\/p><p>NICOLET Claude, <em>L\u2019Id\u00e9e r\u00e9publicaine en France<\/em>, Gallimard, 1982<\/p><p>OZOUF Mona, <em>L\u2019\u00c9cole, l\u2019\u00c9glise et la R\u00e9publique<\/em>, Paris, Cana, 1976<\/p><p>PORTIER Philippe, \u00ab\u00a0Le tournant s\u00e9curitaire de la la\u00efcit\u00e9\u00a0\u00bb, <a href=\"https:\/\/7084e331-f642-4e01-99d5-7f9a8co18c76.filesusr.com\/ugd8cdd55\">https:\/\/7084e331-f642-4e01-99d5-7f9a8co18c76.filesusr.com\/ugd8cdd55<\/a><\/p><p>POLULAT \u00c9mile, <em>Libert\u00e9 et la\u00efcit\u00e9. La guerre des deux France et le principe de la modernit\u00e9<\/em>, Paris, Cerf\/Cujas, 1987<\/p>\t\t\t\t\t\t\t\t<\/div>\n\t\t\t\t<\/div>\n\t\t\t\t<\/div>\n\t\t<div data-particle_enable=\"false\" data-particle-mobile-disabled=\"false\" class=\"elementor-element elementor-element-4536756 elementor-hidden-mobile e-con-full elementor-hidden-tablet e-flex e-con e-child\" data-id=\"4536756\" data-element_type=\"container\" data-e-type=\"container\">\n\t\t<div data-particle_enable=\"false\" data-particle-mobile-disabled=\"false\" class=\"elementor-element elementor-element-8391b0d e-con-full e-flex e-con e-child\" data-id=\"8391b0d\" data-element_type=\"container\" data-e-type=\"container\">\n\t\t\t\t<div class=\"elementor-element elementor-element-406fb30 elementor-widget-divider--view-line_text elementor-widget-divider--element-align-center elementor-widget elementor-widget-divider\" data-id=\"406fb30\" data-element_type=\"widget\" data-e-type=\"widget\" data-widget_type=\"divider.default\">\n\t\t\t\t<div class=\"elementor-widget-container\">\n\t\t\t\t\t\t\t<div class=\"elementor-divider\">\n\t\t\t<span class=\"elementor-divider-separator\">\n\t\t\t\t\t\t\t<p class=\"elementor-divider__text elementor-divider__element\">\n\t\t\t\tPage 4\t\t\t\t<\/p>\n\t\t\t\t\t\t<\/span>\n\t\t<\/div>\n\t\t\t\t\t\t<\/div>\n\t\t\t\t<\/div>\n\t\t\t\t<\/div>\n\t\t\t\t<\/div>\n\t\t\t\t\t<\/div>\n\t\t\t\t<\/div>\n\t\t\t\t<section data-particle_enable=\"false\" data-particle-mobile-disabled=\"false\" class=\"elementor-section elementor-top-section elementor-element elementor-element-7905badf elementor-section-boxed elementor-section-height-default elementor-section-height-default\" data-id=\"7905badf\" data-element_type=\"section\" data-e-type=\"section\">\n\t\t\t\t\t\t<div class=\"elementor-container elementor-column-gap-default\">\n\t\t\t\t\t<div class=\"elementor-column elementor-col-100 elementor-top-column elementor-element elementor-element-3612363e\" data-id=\"3612363e\" data-element_type=\"column\" data-e-type=\"column\">\n\t\t\t<div class=\"elementor-widget-wrap elementor-element-populated\">\n\t\t\t\t\t\t<div class=\"elementor-element elementor-element-58d89c42 elementor-share-buttons--skin-boxed elementor-share-buttons--view-icon-text elementor-share-buttons--shape-square elementor-grid-0 elementor-share-buttons--color-official elementor-widget elementor-widget-share-buttons\" data-id=\"58d89c42\" data-element_type=\"widget\" data-e-type=\"widget\" data-widget_type=\"share-buttons.default\">\n\t\t\t\t<div class=\"elementor-widget-container\">\n\t\t\t\t\t\t\t<div class=\"elementor-grid\" role=\"list\">\n\t\t\t\t\t\t\t\t<div class=\"elementor-grid-item\" role=\"listitem\">\n\t\t\t\t\t\t<div class=\"elementor-share-btn elementor-share-btn_facebook\" role=\"button\" tabindex=\"0\" aria-label=\"Partager sur facebook\">\n\t\t\t\t\t\t\t\t\t\t\t\t\t\t\t<span class=\"elementor-share-btn__icon\">\n\t\t\t\t\t\t\t\t<i class=\"fab fa-facebook\" aria-hidden=\"true\"><\/i>\t\t\t\t\t\t\t<\/span>\n\t\t\t\t\t\t\t\t\t\t\t\t\t\t\t\t\t\t\t\t\t\t<div class=\"elementor-share-btn__text\">\n\t\t\t\t\t\t\t\t\t\t\t\t\t\t\t\t\t\t\t<span class=\"elementor-share-btn__title\">\n\t\t\t\t\t\t\t\t\t\tFacebook\t\t\t\t\t\t\t\t\t<\/span>\n\t\t\t\t\t\t\t\t\t\t\t\t\t\t\t\t\t<\/div>\n\t\t\t\t\t\t\t\t\t\t\t\t\t<\/div>\n\t\t\t\t\t<\/div>\n\t\t\t\t\t\t\t\t\t<div class=\"elementor-grid-item\" role=\"listitem\">\n\t\t\t\t\t\t<div class=\"elementor-share-btn elementor-share-btn_twitter\" role=\"button\" tabindex=\"0\" aria-label=\"Partager sur twitter\">\n\t\t\t\t\t\t\t\t\t\t\t\t\t\t\t<span class=\"elementor-share-btn__icon\">\n\t\t\t\t\t\t\t\t<i class=\"fab fa-twitter\" aria-hidden=\"true\"><\/i>\t\t\t\t\t\t\t<\/span>\n\t\t\t\t\t\t\t\t\t\t\t\t\t\t\t\t\t\t\t\t\t\t<div class=\"elementor-share-btn__text\">\n\t\t\t\t\t\t\t\t\t\t\t\t\t\t\t\t\t\t\t<span class=\"elementor-share-btn__title\">\n\t\t\t\t\t\t\t\t\t\tTwitter\t\t\t\t\t\t\t\t\t<\/span>\n\t\t\t\t\t\t\t\t\t\t\t\t\t\t\t\t\t<\/div>\n\t\t\t\t\t\t\t\t\t\t\t\t\t<\/div>\n\t\t\t\t\t<\/div>\n\t\t\t\t\t\t\t\t\t<div class=\"elementor-grid-item\" role=\"listitem\">\n\t\t\t\t\t\t<div class=\"elementor-share-btn elementor-share-btn_linkedin\" role=\"button\" tabindex=\"0\" aria-label=\"Partager sur linkedin\">\n\t\t\t\t\t\t\t\t\t\t\t\t\t\t\t<span class=\"elementor-share-btn__icon\">\n\t\t\t\t\t\t\t\t<i class=\"fab fa-linkedin\" aria-hidden=\"true\"><\/i>\t\t\t\t\t\t\t<\/span>\n\t\t\t\t\t\t\t\t\t\t\t\t\t\t\t\t\t\t\t\t\t\t<div class=\"elementor-share-btn__text\">\n\t\t\t\t\t\t\t\t\t\t\t\t\t\t\t\t\t\t\t<span class=\"elementor-share-btn__title\">\n\t\t\t\t\t\t\t\t\t\tLinkedIn\t\t\t\t\t\t\t\t\t<\/span>\n\t\t\t\t\t\t\t\t\t\t\t\t\t\t\t\t\t<\/div>\n\t\t\t\t\t\t\t\t\t\t\t\t\t<\/div>\n\t\t\t\t\t<\/div>\n\t\t\t\t\t\t<\/div>\n\t\t\t\t\t\t<\/div>\n\t\t\t\t<\/div>\n\t\t\t\t<div class=\"elementor-element elementor-element-47be1c64 elementor-widget-divider--separator-type-pattern elementor-widget-divider--no-spacing elementor-widget-divider--view-line elementor-widget elementor-widget-divider\" data-id=\"47be1c64\" data-element_type=\"widget\" data-e-type=\"widget\" data-widget_type=\"divider.default\">\n\t\t\t\t<div class=\"elementor-widget-container\">\n\t\t\t\t\t\t\t<div class=\"elementor-divider\" style=\"--divider-pattern-url: url(&quot;data:image\/svg+xml,%3Csvg xmlns=&#039;http:\/\/www.w3.org\/2000\/svg&#039; preserveAspectRatio=&#039;none&#039; overflow=&#039;visible&#039; height=&#039;100%&#039; viewBox=&#039;0 0 24 24&#039; fill=&#039;black&#039; stroke=&#039;none&#039;%3E%3Cpath d=&#039;M24,8v12H0V8H24z M24,4v1H0V4H24z&#039;\/%3E%3C\/svg%3E&quot;);\">\n\t\t\t<span class=\"elementor-divider-separator\">\n\t\t\t\t\t\t<\/span>\n\t\t<\/div>\n\t\t\t\t\t\t<\/div>\n\t\t\t\t<\/div>\n\t\t\t\t<div class=\"elementor-element elementor-element-613bf0b4 elementor-widget elementor-widget-heading\" data-id=\"613bf0b4\" data-element_type=\"widget\" data-e-type=\"widget\" data-widget_type=\"heading.default\">\n\t\t\t\t<div class=\"elementor-widget-container\">\n\t\t\t\t\t<h4 class=\"elementor-heading-title elementor-size-default\">D'autres articles<\/h4>\t\t\t\t<\/div>\n\t\t\t\t<\/div>\n\t\t\t\t<div class=\"elementor-element elementor-element-7ab40fe2 elementor-grid-1 elementor-posts--thumbnail-left elementor-grid-tablet-1 elementor-grid-mobile-1 elementor-widget elementor-widget-posts\" data-id=\"7ab40fe2\" data-element_type=\"widget\" data-e-type=\"widget\" data-settings=\"{&quot;classic_columns&quot;:&quot;1&quot;,&quot;classic_row_gap&quot;:{&quot;unit&quot;:&quot;px&quot;,&quot;size&quot;:20,&quot;sizes&quot;:[]},&quot;classic_columns_tablet&quot;:&quot;1&quot;,&quot;classic_columns_mobile&quot;:&quot;1&quot;,&quot;classic_row_gap_tablet&quot;:{&quot;unit&quot;:&quot;px&quot;,&quot;size&quot;:&quot;&quot;,&quot;sizes&quot;:[]},&quot;classic_row_gap_mobile&quot;:{&quot;unit&quot;:&quot;px&quot;,&quot;size&quot;:&quot;&quot;,&quot;sizes&quot;:[]}}\" data-widget_type=\"posts.classic\">\n\t\t\t\t<div class=\"elementor-widget-container\">\n\t\t\t\t\t\t\t<div class=\"elementor-posts-container elementor-posts elementor-posts--skin-classic elementor-grid\" role=\"list\">\n\t\t\t\t<article class=\"elementor-post elementor-grid-item post-2614 post type-post status-publish format-standard has-post-thumbnail hentry category-editorial4\" role=\"listitem\">\n\t\t\t\t<a class=\"elementor-post__thumbnail__link\" href=\"https:\/\/m3c.universita.corsica\/lumi\/lenseignement-doit-il-etre-une-affaire-detat-reflexions-personnelles-dun-vieil-universitaire-de-corse\/\" tabindex=\"-1\" >\n\t\t\t<div class=\"elementor-post__thumbnail\"><img decoding=\"async\" width=\"300\" height=\"120\" src=\"https:\/\/lumi.univ-corse.fr\/wp-content\/uploads\/2024\/07\/Michel_VergeFranceschi-300x120.webp\" class=\"attachment-medium size-medium wp-image-2661\" alt=\"\" srcset=\"https:\/\/lumi.univ-corse.fr\/wp-content\/uploads\/2024\/07\/Michel_VergeFranceschi-300x120.webp 300w, https:\/\/lumi.univ-corse.fr\/wp-content\/uploads\/2024\/07\/Michel_VergeFranceschi-1024x410.webp 1024w, https:\/\/lumi.univ-corse.fr\/wp-content\/uploads\/2024\/07\/Michel_VergeFranceschi-768x307.webp 768w, https:\/\/lumi.univ-corse.fr\/wp-content\/uploads\/2024\/07\/Michel_VergeFranceschi-1536x614.webp 1536w, https:\/\/lumi.univ-corse.fr\/wp-content\/uploads\/2024\/07\/Michel_VergeFranceschi.webp 2000w\" sizes=\"(max-width: 300px) 100vw, 300px\" \/><\/div>\n\t\t<\/a>\n\t\t\t\t<div class=\"elementor-post__text\">\n\t\t\t\t<h3 class=\"elementor-post__title\">\n\t\t\t<a href=\"https:\/\/m3c.universita.corsica\/lumi\/lenseignement-doit-il-etre-une-affaire-detat-reflexions-personnelles-dun-vieil-universitaire-de-corse\/\" >\n\t\t\t\tL&rsquo;enseignement doit-il \u00eatre une affaire d&rsquo;\u00e9tat ? R\u00e9flexions personnelles d&rsquo;un universitaire Corse\t\t\t<\/a>\n\t\t<\/h3>\n\t\t\t\t<div class=\"elementor-post__meta-data\">\n\t\t\t\t\t<span class=\"elementor-post-date\">\n\t\t\t9 juillet 2024\t\t<\/span>\n\t\t\t\t<\/div>\n\t\t\t\t<div class=\"elementor-post__excerpt\">\n\t\t\t<p>Ma r\u00e9ponse est oui. L\u2019enseignement c\u2019est un tout qui repose sur trois piliers : un lieu ; un budget ; un savoir. L\u2019enseignement, \u00e0 premi\u00e8re vue, c\u2019est tout d\u2019abord un lieu o\u00f9 il faut pouvoir le dispenser. Dans l\u2019Antiquit\u00e9 grecque, c\u2019\u00e9tait sous les portiques du temple d\u2019Apollon, all\u00e9es couvertes qui laissaient passer la \u00ab lumi\u00e8re \u00bb d\u2019o\u00f9 le nom de \u00ab lyc\u00e9e \u00bb. Je&#8230;<\/p>\n\t\t<\/div>\n\t\t\t\t<\/div>\n\t\t\t\t<\/article>\n\t\t\t\t<article class=\"elementor-post elementor-grid-item post-2596 post type-post status-publish format-standard has-post-thumbnail hentry category-varia4\" role=\"listitem\">\n\t\t\t\t<a class=\"elementor-post__thumbnail__link\" href=\"https:\/\/m3c.universita.corsica\/lumi\/annexe-extraits-des-pages-141-a-151-du-testament-politique-dalberoni\/\" tabindex=\"-1\" >\n\t\t\t<div class=\"elementor-post__thumbnail\"><img decoding=\"async\" width=\"300\" height=\"120\" src=\"https:\/\/lumi.univ-corse.fr\/wp-content\/uploads\/2024\/07\/Testament_politique_du_cardinal_Jules_.Alberoni_Giulio_bpt6k97701565-300x120.webp\" class=\"attachment-medium size-medium wp-image-2665\" alt=\"\" srcset=\"https:\/\/lumi.univ-corse.fr\/wp-content\/uploads\/2024\/07\/Testament_politique_du_cardinal_Jules_.Alberoni_Giulio_bpt6k97701565-300x120.webp 300w, https:\/\/lumi.univ-corse.fr\/wp-content\/uploads\/2024\/07\/Testament_politique_du_cardinal_Jules_.Alberoni_Giulio_bpt6k97701565-1024x410.webp 1024w, https:\/\/lumi.univ-corse.fr\/wp-content\/uploads\/2024\/07\/Testament_politique_du_cardinal_Jules_.Alberoni_Giulio_bpt6k97701565-768x307.webp 768w, https:\/\/lumi.univ-corse.fr\/wp-content\/uploads\/2024\/07\/Testament_politique_du_cardinal_Jules_.Alberoni_Giulio_bpt6k97701565-1536x614.webp 1536w, https:\/\/lumi.univ-corse.fr\/wp-content\/uploads\/2024\/07\/Testament_politique_du_cardinal_Jules_.Alberoni_Giulio_bpt6k97701565.webp 2000w\" sizes=\"(max-width: 300px) 100vw, 300px\" \/><\/div>\n\t\t<\/a>\n\t\t\t\t<div class=\"elementor-post__text\">\n\t\t\t\t<h3 class=\"elementor-post__title\">\n\t\t\t<a href=\"https:\/\/m3c.universita.corsica\/lumi\/annexe-extraits-des-pages-141-a-151-du-testament-politique-dalberoni\/\" >\n\t\t\t\tAnnexe, Extraits des pages 141 \u00e0\u00a0151 du Testament politique d\u2019Alberoni\t\t\t<\/a>\n\t\t<\/h3>\n\t\t\t\t<div class=\"elementor-post__meta-data\">\n\t\t\t\t\t<span class=\"elementor-post-date\">\n\t\t\t9 juillet 2024\t\t<\/span>\n\t\t\t\t<\/div>\n\t\t\t\t<div class=\"elementor-post__excerpt\">\n\t\t\t<p>\u00ab L\u2019aveugle pr\u00e9vention des Anglois, ne laisse aucun espoir de leur retour vers leur Souverain naturel. C\u2019est \u00e0 lui de se faire, par sa valeur &#038; sa conduite, le rang qu\u2019ils lui refusent, &#038; de se b\u00e2tir \u00e0 leurs d\u00e9pens un tr\u00f4ne, qui lui tienne lieu de celui o\u00f9 ils ne veulent pas le faire monter.<br \/>\nLa post\u00e9rit\u00e9 ne pardonnera point au Prince Edouard, d\u2019avoir&#8230;<\/p>\n\t\t<\/div>\n\t\t\t\t<\/div>\n\t\t\t\t<\/article>\n\t\t\t\t<article class=\"elementor-post elementor-grid-item post-2567 post type-post status-publish format-standard has-post-thumbnail hentry category-varia4\" role=\"listitem\">\n\t\t\t\t<a class=\"elementor-post__thumbnail__link\" href=\"https:\/\/m3c.universita.corsica\/lumi\/theodore-langleterre-et-le-projet-dalberoni-pour-la-corse\/\" tabindex=\"-1\" >\n\t\t\t<div class=\"elementor-post__thumbnail\"><img fetchpriority=\"high\" decoding=\"async\" width=\"266\" height=\"300\" src=\"https:\/\/lumi.univ-corse.fr\/wp-content\/uploads\/2024\/06\/shutterstock_87012563-266x300.webp\" class=\"attachment-medium size-medium wp-image-2593\" alt=\"\" srcset=\"https:\/\/lumi.univ-corse.fr\/wp-content\/uploads\/2024\/06\/shutterstock_87012563-266x300.webp 266w, https:\/\/lumi.univ-corse.fr\/wp-content\/uploads\/2024\/06\/shutterstock_87012563-768x866.webp 768w, https:\/\/lumi.univ-corse.fr\/wp-content\/uploads\/2024\/06\/shutterstock_87012563.webp 887w\" sizes=\"(max-width: 266px) 100vw, 266px\" \/><\/div>\n\t\t<\/a>\n\t\t\t\t<div class=\"elementor-post__text\">\n\t\t\t\t<h3 class=\"elementor-post__title\">\n\t\t\t<a href=\"https:\/\/m3c.universita.corsica\/lumi\/theodore-langleterre-et-le-projet-dalberoni-pour-la-corse\/\" >\n\t\t\t\tTh\u00e9odore, l\u2019Angleterre et le projet d\u2019Alberoni pour la Corse\t\t\t<\/a>\n\t\t<\/h3>\n\t\t\t\t<div class=\"elementor-post__meta-data\">\n\t\t\t\t\t<span class=\"elementor-post-date\">\n\t\t\t30 juin 2024\t\t<\/span>\n\t\t\t\t<\/div>\n\t\t\t\t<div class=\"elementor-post__excerpt\">\n\t\t\t<p>Au cours du XVIIIe si\u00e8cle, la Corse a fait l\u2019objet de bien des sp\u00e9culations de la part des \u00c9tats europ\u00e9ens. Les nationaux, dans leur combat pour venir \u00e0 bout de l\u2019occupant g\u00e9nois, ont tent\u00e9 en permanence de s\u2019appuyer sur ces ambitions, afin de trouver des alli\u00e9s de circonstance : non sans de nombreuses d\u00e9sillusions. De ce point de vue, l\u2019\u00e9pisode qui&#8230;<\/p>\n\t\t<\/div>\n\t\t\t\t<\/div>\n\t\t\t\t<\/article>\n\t\t\t\t<\/div>\n\t\t\n\t\t\t\t\t\t<\/div>\n\t\t\t\t<\/div>\n\t\t\t\t\t<\/div>\n\t\t<\/div>\n\t\t\t\t\t<\/div>\n\t\t<\/section>\n\t\t\t\t<\/div>\n\t\t","protected":false},"excerpt":{"rendered":"<p>En 2003, Fran\u00e7ois Baroin, alors vice-pr\u00e9sident de l\u2019Assembl\u00e9e nationale, remet au premier ministre Jean-Pierre Raffarin un rapport intitul\u00e9 Pour une nouvelle la\u00efcit\u00e9.  Quelques ann\u00e9es plus tard, en 2014, les juristes St\u00e9phanie Hennette-Vauchez et Vincent Valentin publient un essai critique sur les p\u00e9rip\u00e9ties juridiques relatives \u00e0 la cr\u00e8che&#8230;<\/p>\n","protected":false},"author":60,"featured_media":2584,"comment_status":"closed","ping_status":"closed","sticky":false,"template":"","format":"standard","meta":{"_acf_changed":false,"footnotes":""},"categories":[24],"tags":[],"class_list":["post-2562","post","type-post","status-publish","format-standard","has-post-thumbnail","hentry","category-numero4"],"acf":[],"_links":{"self":[{"href":"https:\/\/m3c.universita.corsica\/lumi\/wp-json\/wp\/v2\/posts\/2562","targetHints":{"allow":["GET"]}}],"collection":[{"href":"https:\/\/m3c.universita.corsica\/lumi\/wp-json\/wp\/v2\/posts"}],"about":[{"href":"https:\/\/m3c.universita.corsica\/lumi\/wp-json\/wp\/v2\/types\/post"}],"author":[{"embeddable":true,"href":"https:\/\/m3c.universita.corsica\/lumi\/wp-json\/wp\/v2\/users\/60"}],"replies":[{"embeddable":true,"href":"https:\/\/m3c.universita.corsica\/lumi\/wp-json\/wp\/v2\/comments?post=2562"}],"version-history":[{"count":31,"href":"https:\/\/m3c.universita.corsica\/lumi\/wp-json\/wp\/v2\/posts\/2562\/revisions"}],"predecessor-version":[{"id":4217,"href":"https:\/\/m3c.universita.corsica\/lumi\/wp-json\/wp\/v2\/posts\/2562\/revisions\/4217"}],"wp:featuredmedia":[{"embeddable":true,"href":"https:\/\/m3c.universita.corsica\/lumi\/wp-json\/wp\/v2\/media\/2584"}],"wp:attachment":[{"href":"https:\/\/m3c.universita.corsica\/lumi\/wp-json\/wp\/v2\/media?parent=2562"}],"wp:term":[{"taxonomy":"category","embeddable":true,"href":"https:\/\/m3c.universita.corsica\/lumi\/wp-json\/wp\/v2\/categories?post=2562"},{"taxonomy":"post_tag","embeddable":true,"href":"https:\/\/m3c.universita.corsica\/lumi\/wp-json\/wp\/v2\/tags?post=2562"}],"curies":[{"name":"wp","href":"https:\/\/api.w.org\/{rel}","templated":true}]}}