{"id":2815,"date":"2024-07-16T16:08:20","date_gmt":"2024-07-16T16:08:20","guid":{"rendered":"https:\/\/m3c.universita.corsica\/lumi\/?p=2815"},"modified":"2025-03-04T09:56:53","modified_gmt":"2025-03-04T09:56:53","slug":"sommaire-numero-4","status":"publish","type":"post","link":"https:\/\/m3c.universita.corsica\/lumi\/sommaire-numero-4\/","title":{"rendered":"Sommaire"},"content":{"rendered":"\t\t<div data-elementor-type=\"wp-post\" data-elementor-id=\"2815\" class=\"elementor elementor-2815\" data-elementor-post-type=\"post\">\n\t\t\t\t\t\t<section data-particle_enable=\"false\" data-particle-mobile-disabled=\"false\" class=\"elementor-section elementor-top-section elementor-element elementor-element-3a18bbe8 elementor-section-boxed elementor-section-height-default elementor-section-height-default\" data-id=\"3a18bbe8\" data-element_type=\"section\" data-e-type=\"section\">\n\t\t\t\t\t\t<div class=\"elementor-container elementor-column-gap-default\">\n\t\t\t\t\t<div class=\"elementor-column elementor-col-100 elementor-top-column elementor-element elementor-element-4b643c40\" data-id=\"4b643c40\" data-element_type=\"column\" data-e-type=\"column\">\n\t\t\t<div class=\"elementor-widget-wrap elementor-element-populated\">\n\t\t\t\t\t\t<div class=\"elementor-element elementor-element-408a78ac elementor-widget elementor-widget-heading\" data-id=\"408a78ac\" data-element_type=\"widget\" data-e-type=\"widget\" data-widget_type=\"heading.default\">\n\t\t\t\t<div class=\"elementor-widget-container\">\n\t\t\t\t\t<h1 class=\"elementor-heading-title elementor-size-default\">Sommaire<\/h1>\t\t\t\t<\/div>\n\t\t\t\t<\/div>\n\t\t\t\t\t<\/div>\n\t\t<\/div>\n\t\t\t\t\t<\/div>\n\t\t<\/section>\n\t\t\t\t<section data-particle_enable=\"false\" data-particle-mobile-disabled=\"false\" class=\"elementor-section elementor-top-section elementor-element elementor-element-d158794 elementor-section-boxed elementor-section-height-default elementor-section-height-default\" data-id=\"d158794\" data-element_type=\"section\" data-e-type=\"section\">\n\t\t\t\t\t\t<div class=\"elementor-container elementor-column-gap-default\">\n\t\t\t\t\t<div class=\"elementor-column elementor-col-50 elementor-top-column elementor-element elementor-element-0b264ee\" data-id=\"0b264ee\" data-element_type=\"column\" data-e-type=\"column\" data-settings=\"{&quot;background_background&quot;:&quot;classic&quot;}\">\n\t\t\t<div class=\"elementor-widget-wrap\">\n\t\t\t\t\t\t\t<\/div>\n\t\t<\/div>\n\t\t\t\t<div class=\"elementor-column elementor-col-50 elementor-top-column elementor-element elementor-element-46b521c\" data-id=\"46b521c\" data-element_type=\"column\" data-e-type=\"column\">\n\t\t\t<div class=\"elementor-widget-wrap elementor-element-populated\">\n\t\t\t\t\t\t<div class=\"elementor-element elementor-element-c7e4d70 elementor-widget-divider--view-line_text elementor-widget-divider--element-align-center elementor-widget elementor-widget-divider\" data-id=\"c7e4d70\" data-element_type=\"widget\" data-e-type=\"widget\" data-widget_type=\"divider.default\">\n\t\t\t\t<div class=\"elementor-widget-container\">\n\t\t\t\t\t\t\t<div class=\"elementor-divider\">\n\t\t\t<span class=\"elementor-divider-separator\">\n\t\t\t\t\t\t\t<p class=\"elementor-divider__text elementor-divider__element\">\n\t\t\t\tTextes Introductifs\t\t\t\t<\/p>\n\t\t\t\t\t\t<\/span>\n\t\t<\/div>\n\t\t\t\t\t\t<\/div>\n\t\t\t\t<\/div>\n\t\t\t\t<div class=\"elementor-element elementor-element-8fb8e01 elementor-widget__width-initial elementor-widget elementor-widget-text-editor\" data-id=\"8fb8e01\" data-element_type=\"widget\" data-e-type=\"widget\" data-widget_type=\"text-editor.default\">\n\t\t\t\t<div class=\"elementor-widget-container\">\n\t\t\t\t\t\t\t\t\t<p><span style=\"text-decoration: underline;\"><a href=\"https:\/\/m3c.universita.corsica\/lumi\/editorial4\/leducation-une-affaire-detat\/\">1\/ Editorial, Denis Jouffroy et Jean-Guy Talamoni<\/a><\/span><\/p><p><a href=\"https:\/\/m3c.universita.corsica\/lumi\/editorial4\/conference-inaugurale-de-michel-barat\/\"><span style=\"text-decoration: underline;\">2\/ Conf\u00e9rence inaugurale de Michel Barat, ancien recteur de l\u2019Acad\u00e9mie de Corse, Docteur d\u2019\u00c9tat \u00e8s lettres, agr\u00e9g\u00e9 de philosophie, <em>Les Lumi\u00e8res ou le savoir lib\u00e9rateur<\/em><\/span><\/a><\/p><p><a href=\"https:\/\/m3c.universita.corsica\/lumi\/editorial4\/luniversite-une-affaire-de-civilisation\/\"><span style=\"text-decoration: underline;\">3\/ <em>L\u2019Universit\u00e9<\/em> selon Francine Demichel, Professeur des universit\u00e9s \u00e9m\u00e9rite en droit public, ancienne pr\u00e9sidente de l\u2019Universit\u00e9 de Paris-VIII, ancienne directrice de l\u2019enseignement sup\u00e9rieur au minist\u00e8re de l\u2019\u00c9ducation nationale<\/span><\/a><\/p><p><a href=\"https:\/\/m3c.universita.corsica\/lumi\/editorial4\/lenseignement-doit-il-etre-une-affaire-detat-reflexions-personnelles-dun-vieil-universitaire-de-corse\/\"><span style=\"text-decoration: underline;\">4\/ <em>L\u2019enseignement, une affaire d\u2019\u00c9tat\u00a0?<\/em> R\u00e9flexions d\u2019un vieil universitaire corse, par Michel Verg\u00e9 Franceschi, Professeur des universit\u00e9s<\/span><\/a><\/p>\t\t\t\t\t\t\t\t<\/div>\n\t\t\t\t<\/div>\n\t\t\t\t<div class=\"elementor-element elementor-element-e41d495 elementor-widget-divider--view-line_text elementor-widget-divider--element-align-center elementor-widget elementor-widget-divider\" data-id=\"e41d495\" data-element_type=\"widget\" data-e-type=\"widget\" data-widget_type=\"divider.default\">\n\t\t\t\t<div class=\"elementor-widget-container\">\n\t\t\t\t\t\t\t<div class=\"elementor-divider\">\n\t\t\t<span class=\"elementor-divider-separator\">\n\t\t\t\t\t\t\t<p class=\"elementor-divider__text elementor-divider__element\">\n\t\t\t\tArticles\t\t\t\t<\/p>\n\t\t\t\t\t\t<\/span>\n\t\t<\/div>\n\t\t\t\t\t\t<\/div>\n\t\t\t\t<\/div>\n\t\t\t\t<div class=\"elementor-element elementor-element-7c5c122 elementor-widget__width-initial elementor-widget elementor-widget-text-editor\" data-id=\"7c5c122\" data-element_type=\"widget\" data-e-type=\"widget\" data-widget_type=\"text-editor.default\">\n\t\t\t\t<div class=\"elementor-widget-container\">\n\t\t\t\t\t\t\t\t\t<p><a href=\"https:\/\/m3c.universita.corsica\/lumi\/numero4\/la-societe-nationale-des-sciences-et-des-arts-de-condorcet-entre-democratisation-et-emancipation-du-systeme-educatif\/\"><span style=\"text-decoration: underline;\">5\/ Fabien Gallinella, Aix-Marseille Universit\u00e9, CERHIIP UA 2186, <em>La \u00ab\u00a0Soci\u00e9t\u00e9 Nationale des Sciences et des Arts\u00a0\u00bb de Condorcet, entre d\u00e9mocratisation et \u00e9mancipation du syst\u00e8me \u00e9ducatif<\/em><\/span><\/a><\/p><p><a href=\"https:\/\/m3c.universita.corsica\/lumi\/numero4\/la-creation-de-luniversita-vue-par-les-agents-de-lintelligence-genoise-a-rome-1755-1765\/\"><span style=\"text-decoration: underline;\">6\/ Erick Miceli, Dr Universit\u00e0 di Corsica, UMR CNRS 6240 LISA, Centro di Ricerca Fernand Braudel, Universit\u00e0 di Genova, <em>La cr\u00e9ation de l\u2019universit\u00e0 vue par les agents de l\u2019Intelligence g\u00e9noise \u00e0 Rome, 1755-1765<\/em><\/span><\/a><\/p><p><a href=\"https:\/\/m3c.universita.corsica\/lumi\/numero4\/linstruction-publique-et-le-developpement-de-la-presence-francaise-mais-des-ecoles-clandestines-en-corse\/\"><span style=\"text-decoration: underline;\">7\/ Jacques Thiers, Professeur des universit\u00e9s \u00e9m\u00e9rite, Universit\u00e0 di Corsica, <em>L\u2019instruction publique et le d\u00e9veloppement de la pr\u00e9sence fran\u00e7aise, mais des \u00e9coles clandestines en Corse\u00a0? (XIXe si\u00e8cle)<\/em><\/span><\/a><\/p><p><a href=\"https:\/\/m3c.universita.corsica\/lumi\/numero4\/george-sand-et-la-vision-dune-education-moderne-des-femmes\/\"><span style=\"text-decoration: underline;\">8\/ Ikram Chemlali, Facult\u00e9 Abdelmalek Essaadi\/ Maroc, <em>George Sand et la vision d\u2019une \u00e9ducation moderne des femmes<\/em><\/span><\/a><\/p><p><a href=\"https:\/\/m3c.universita.corsica\/lumi\/numero4\/le-francais-sera-seul-en-usage-dans-lecole-entre-stricte-application-et-compromis-de-la-part-des-autorites-scolaires-et-des-instituteurs-en-territoire-montagneux\/\"><span style=\"text-decoration: underline;\">9\/ Ang\u00e9lique Blanc-Serra, Post-doctorante, Universit\u00e0 di Corsica, UMR CNRS 6240 LISA<em>,<\/em> <em>\u00ab\u00a0Le fran\u00e7ais sera seul en usage dans l\u2019\u00e9cole\u00a0\u00bb\u00a0: entre stricte application et compromis de la part des autorit\u00e9s scolaires et des instituteurs en territoire montagneux<\/em><\/span><\/a><\/p><p><a href=\"https:\/\/m3c.universita.corsica\/lumi\/numero4\/regards-sur-leducation-en-corse-a-la-belle-epoque\/\"><span style=\"text-decoration: underline;\">10\/ Denis Jouffroy, Mcf, Insp\u00e9 di Corsica, UMR CNRS 6240 LISA, <em>Regards sur l\u2019\u00e9ducation en Corse \u00e0 la Belle \u00c9poque. Entre singularit\u00e9 et normativit\u00e9<\/em><\/span><\/a><\/p><p><a href=\"https:\/\/m3c.universita.corsica\/lumi\/numero4\/lecole-francaise-en-algerie-une-declinaison-singuliere-de-linstitution-republicaine-1944-1962\/\"><span style=\"text-decoration: underline;\">11\/ Christine Mussard, Mcf hdr Aix-Marseille Universit\u00e9, directrice-adjointe de l\u2019IREMAM, UMR CNRS 7310, <em>L\u2019\u00e9cole fran\u00e7aise<\/em><em> en Alg\u00e9rie, une d\u00e9clinaison singuli\u00e8re de l\u2019institution r\u00e9publicaine<\/em><em>, <\/em><em>1944-1962<\/em><\/span><\/a><\/p><p><a href=\"https:\/\/m3c.universita.corsica\/lumi\/numero4\/le-francais-a-lecole-dans-la-tunisie-postcoloniale-une-independance-inachevee\/\"><span style=\"text-decoration: underline;\">12\/ Sofiane Bouhdiba, Professeur, Universit\u00e9 de Tunis, <em>Le fran\u00e7ais \u00e0 l\u2019\u00e9cole dans la Tunisie postcoloniale\u00a0: une ind\u00e9pendance inachev\u00e9e\u00a0?<\/em><\/span><\/a><\/p><p><a href=\"https:\/\/m3c.universita.corsica\/lumi\/numero4\/evolution-du-maillage-territorial-des-universites-publiques-au-maroc-les-contradictions-dune-decentralisation\/\"><span style=\"text-decoration: underline;\">13\/ Salma Tber, E-C au Coll\u00e8ge des Sciences Sociales, Universit\u00e9 internationale de Rabat Center for Global Studies, <em>Evolution du maillage territorial des universit\u00e9s publiques au Maroc\u00a0: les contradictions d\u2019une d\u00e9centralisation<\/em><\/span><\/a><\/p><p><a href=\"https:\/\/m3c.universita.corsica\/lumi\/numero4\/pour-une-education-cosmopolite-une-composante-manquante-du-systeme-educatif-francais\/\"><span style=\"text-decoration: underline;\">14\/ Maria Fernanda Gonzalez Binetti, Mcf Facult\u00e9 d&rsquo;\u00e9ducation et de Formation, Institut Catholique de Paris, EA 7403, <em>Pour une \u00e9ducation cosmopolite : une composante manquante du syst\u00e8me \u00e9ducatif fran\u00e7ais ?<\/em><\/span><\/a><\/p><p><a href=\"https:\/\/m3c.universita.corsica\/lumi\/numero4\/existe-t-il-une-histoire-europeenne-de-la-democratisation-de-lenseignement-xxe-xxie-elements-dhistoire-et-de-theorisation\/\"><span style=\"text-decoration: underline;\">15\/ Bruno Garnier, Professeur des universit\u00e9s, Universit\u00e0 di Corsica, UMR CNRS 6240 LISA, <em>Existe-t-il une histoire europ\u00e9enne de la d\u00e9mocratisation de l&rsquo;enseignement (XXe-XXIe)? El\u00e9ments d&rsquo;histoire et de th\u00e9orisation<\/em><\/span><\/a><\/p><p><a href=\"https:\/\/m3c.universita.corsica\/lumi\/numero4\/a-hauteur-denfant-perspectives-educatives-pour-les-territoires\/\"><span style=\"text-decoration: underline;\">16\/ Sylvain Wagnon, Professeur des universit\u00e9s en Sciences de l\u2019\u00e9ducation, Universit\u00e9 de Montpellier, Lirdef, <em>\u00c0 hauteur d\u2019enfant: perspectives \u00e9ducatives pour les territoires<\/em><\/span><\/a><\/p><p><a href=\"https:\/\/m3c.universita.corsica\/lumi\/numero4\/le-nouveau-visage-de-la-laicite-francaise-1985-2023\/\"><span style=\"text-decoration: underline;\">17\/ Petru Antone Tomasi, Dr, Universit\u00e0 di Corsica, <em>L\u2019Universit\u00e9, une affaire constitutionnelle? R\u00e9flexions \u00e0 partir du constitutionnalisme corse<\/em><\/span><\/a><\/p><p><a href=\"https:\/\/m3c.universita.corsica\/lumi\/numero4\/le-nouveau-visage-de-la-laicite-francaise-1985-2023\/\"><span style=\"text-decoration: underline;\">18\/ Pierre Kahn, Professeur des universit\u00e9s, Universit\u00e9 de Caen Normandie, CIRNEF, <em>Le nouveau visage de la la\u00efcit\u00e9 fran\u00e7aise, 1985-2023<\/em><\/span><\/a><\/p><p><a href=\"https:\/\/m3c.universita.corsica\/lumi\/numero4\/pour-un-systeme-educatif-bi-plurilingue-pour-tous-en-corse\/\"><span style=\"text-decoration: underline;\">19\/ Alain Di Meglio, Professeur des universit\u00e9s \u00e9m\u00e9rite, Universit\u00e0 di Corsica, UMR-CNRS 6240-LISA, <em>Pour un syst\u00e8me \u00e9ducatif bi-plurilingue pour tous en Corse<\/em><\/span><\/a><\/p>\t\t\t\t\t\t\t\t<\/div>\n\t\t\t\t<\/div>\n\t\t\t\t<div class=\"elementor-element elementor-element-67c953f elementor-widget-divider--view-line_text elementor-widget-divider--element-align-center elementor-widget elementor-widget-divider\" data-id=\"67c953f\" data-element_type=\"widget\" data-e-type=\"widget\" data-widget_type=\"divider.default\">\n\t\t\t\t<div class=\"elementor-widget-container\">\n\t\t\t\t\t\t\t<div class=\"elementor-divider\">\n\t\t\t<span class=\"elementor-divider-separator\">\n\t\t\t\t\t\t\t<p class=\"elementor-divider__text elementor-divider__element\">\n\t\t\t\tRubrique Varia\t\t\t\t<\/p>\n\t\t\t\t\t\t<\/span>\n\t\t<\/div>\n\t\t\t\t\t\t<\/div>\n\t\t\t\t<\/div>\n\t\t\t\t<div class=\"elementor-element elementor-element-480c6ca elementor-widget__width-initial elementor-widget elementor-widget-text-editor\" data-id=\"480c6ca\" data-element_type=\"widget\" data-e-type=\"widget\" data-widget_type=\"text-editor.default\">\n\t\t\t\t<div class=\"elementor-widget-container\">\n\t\t\t\t\t\t\t\t\t<p><a href=\"https:\/\/m3c.universita.corsica\/lumi\/varia4\/theodore-langleterre-et-le-projet-dalberoni-pour-la-corse\/\"><span style=\"text-decoration: underline;\">20\/ Jeanne Leboulleux-Leonardi, Universit\u00e0 di Corsica, UMR LISA 6240, <em>Th\u00e9odore, l\u2019Angleterre et le projet d\u2019Alberoni pour la Corse<\/em><\/span><\/a><\/p><p><a href=\"https:\/\/m3c.universita.corsica\/lumi\/varia4\/annexe-extraits-des-pages-141-a-151-du-testament-politique-dalberoni\/\"><span style=\"text-decoration: underline;\">21\/ Annexe<\/span><\/a><\/p>\t\t\t\t\t\t\t\t<\/div>\n\t\t\t\t<\/div>\n\t\t\t\t<div class=\"elementor-element elementor-element-aee02b0 elementor-widget-divider--view-line elementor-widget elementor-widget-divider\" data-id=\"aee02b0\" data-element_type=\"widget\" data-e-type=\"widget\" data-widget_type=\"divider.default\">\n\t\t\t\t<div class=\"elementor-widget-container\">\n\t\t\t\t\t\t\t<div class=\"elementor-divider\">\n\t\t\t<span class=\"elementor-divider-separator\">\n\t\t\t\t\t\t<\/span>\n\t\t<\/div>\n\t\t\t\t\t\t<\/div>\n\t\t\t\t<\/div>\n\t\t\t\t\t<\/div>\n\t\t<\/div>\n\t\t\t\t\t<\/div>\n\t\t<\/section>\n\t\t\t\t<section data-particle_enable=\"false\" data-particle-mobile-disabled=\"false\" class=\"elementor-section elementor-top-section elementor-element elementor-element-7905badf elementor-section-boxed elementor-section-height-default elementor-section-height-default\" data-id=\"7905badf\" data-element_type=\"section\" data-e-type=\"section\">\n\t\t\t\t\t\t<div class=\"elementor-container elementor-column-gap-default\">\n\t\t\t\t\t<div class=\"elementor-column elementor-col-100 elementor-top-column elementor-element elementor-element-3612363e\" data-id=\"3612363e\" data-element_type=\"column\" data-e-type=\"column\">\n\t\t\t<div class=\"elementor-widget-wrap elementor-element-populated\">\n\t\t\t\t\t\t<div class=\"elementor-element elementor-element-58d89c42 elementor-share-buttons--skin-boxed elementor-share-buttons--view-icon-text elementor-share-buttons--shape-square elementor-grid-0 elementor-share-buttons--color-official elementor-widget elementor-widget-share-buttons\" data-id=\"58d89c42\" data-element_type=\"widget\" data-e-type=\"widget\" data-widget_type=\"share-buttons.default\">\n\t\t\t\t<div class=\"elementor-widget-container\">\n\t\t\t\t\t\t\t<div class=\"elementor-grid\" role=\"list\">\n\t\t\t\t\t\t\t\t<div class=\"elementor-grid-item\" role=\"listitem\">\n\t\t\t\t\t\t<div class=\"elementor-share-btn elementor-share-btn_facebook\" role=\"button\" tabindex=\"0\" aria-label=\"Partager sur facebook\">\n\t\t\t\t\t\t\t\t\t\t\t\t\t\t\t<span class=\"elementor-share-btn__icon\">\n\t\t\t\t\t\t\t\t<i class=\"fab fa-facebook\" aria-hidden=\"true\"><\/i>\t\t\t\t\t\t\t<\/span>\n\t\t\t\t\t\t\t\t\t\t\t\t\t\t\t\t\t\t\t\t\t\t<div class=\"elementor-share-btn__text\">\n\t\t\t\t\t\t\t\t\t\t\t\t\t\t\t\t\t\t\t<span class=\"elementor-share-btn__title\">\n\t\t\t\t\t\t\t\t\t\tFacebook\t\t\t\t\t\t\t\t\t<\/span>\n\t\t\t\t\t\t\t\t\t\t\t\t\t\t\t\t\t<\/div>\n\t\t\t\t\t\t\t\t\t\t\t\t\t<\/div>\n\t\t\t\t\t<\/div>\n\t\t\t\t\t\t\t\t\t<div class=\"elementor-grid-item\" role=\"listitem\">\n\t\t\t\t\t\t<div class=\"elementor-share-btn elementor-share-btn_twitter\" role=\"button\" tabindex=\"0\" aria-label=\"Partager sur twitter\">\n\t\t\t\t\t\t\t\t\t\t\t\t\t\t\t<span class=\"elementor-share-btn__icon\">\n\t\t\t\t\t\t\t\t<i class=\"fab fa-twitter\" aria-hidden=\"true\"><\/i>\t\t\t\t\t\t\t<\/span>\n\t\t\t\t\t\t\t\t\t\t\t\t\t\t\t\t\t\t\t\t\t\t<div class=\"elementor-share-btn__text\">\n\t\t\t\t\t\t\t\t\t\t\t\t\t\t\t\t\t\t\t<span class=\"elementor-share-btn__title\">\n\t\t\t\t\t\t\t\t\t\tTwitter\t\t\t\t\t\t\t\t\t<\/span>\n\t\t\t\t\t\t\t\t\t\t\t\t\t\t\t\t\t<\/div>\n\t\t\t\t\t\t\t\t\t\t\t\t\t<\/div>\n\t\t\t\t\t<\/div>\n\t\t\t\t\t\t\t\t\t<div class=\"elementor-grid-item\" role=\"listitem\">\n\t\t\t\t\t\t<div class=\"elementor-share-btn elementor-share-btn_linkedin\" role=\"button\" tabindex=\"0\" aria-label=\"Partager sur linkedin\">\n\t\t\t\t\t\t\t\t\t\t\t\t\t\t\t<span class=\"elementor-share-btn__icon\">\n\t\t\t\t\t\t\t\t<i class=\"fab fa-linkedin\" aria-hidden=\"true\"><\/i>\t\t\t\t\t\t\t<\/span>\n\t\t\t\t\t\t\t\t\t\t\t\t\t\t\t\t\t\t\t\t\t\t<div class=\"elementor-share-btn__text\">\n\t\t\t\t\t\t\t\t\t\t\t\t\t\t\t\t\t\t\t<span class=\"elementor-share-btn__title\">\n\t\t\t\t\t\t\t\t\t\tLinkedIn\t\t\t\t\t\t\t\t\t<\/span>\n\t\t\t\t\t\t\t\t\t\t\t\t\t\t\t\t\t<\/div>\n\t\t\t\t\t\t\t\t\t\t\t\t\t<\/div>\n\t\t\t\t\t<\/div>\n\t\t\t\t\t\t<\/div>\n\t\t\t\t\t\t<\/div>\n\t\t\t\t<\/div>\n\t\t\t\t<div class=\"elementor-element elementor-element-47be1c64 elementor-widget-divider--separator-type-pattern elementor-widget-divider--no-spacing elementor-widget-divider--view-line elementor-widget elementor-widget-divider\" data-id=\"47be1c64\" data-element_type=\"widget\" data-e-type=\"widget\" data-widget_type=\"divider.default\">\n\t\t\t\t<div class=\"elementor-widget-container\">\n\t\t\t\t\t\t\t<div class=\"elementor-divider\" style=\"--divider-pattern-url: url(&quot;data:image\/svg+xml,%3Csvg xmlns=&#039;http:\/\/www.w3.org\/2000\/svg&#039; preserveAspectRatio=&#039;none&#039; overflow=&#039;visible&#039; height=&#039;100%&#039; viewBox=&#039;0 0 24 24&#039; fill=&#039;black&#039; stroke=&#039;none&#039;%3E%3Cpath d=&#039;M24,8v12H0V8H24z M24,4v1H0V4H24z&#039;\/%3E%3C\/svg%3E&quot;);\">\n\t\t\t<span class=\"elementor-divider-separator\">\n\t\t\t\t\t\t<\/span>\n\t\t<\/div>\n\t\t\t\t\t\t<\/div>\n\t\t\t\t<\/div>\n\t\t\t\t<div class=\"elementor-element elementor-element-613bf0b4 elementor-widget elementor-widget-heading\" data-id=\"613bf0b4\" data-element_type=\"widget\" data-e-type=\"widget\" data-widget_type=\"heading.default\">\n\t\t\t\t<div class=\"elementor-widget-container\">\n\t\t\t\t\t<h4 class=\"elementor-heading-title elementor-size-default\">D'autres articles<\/h4>\t\t\t\t<\/div>\n\t\t\t\t<\/div>\n\t\t\t\t<div class=\"elementor-element elementor-element-7ab40fe2 elementor-grid-1 elementor-posts--thumbnail-left elementor-grid-tablet-1 elementor-grid-mobile-1 elementor-widget elementor-widget-posts\" data-id=\"7ab40fe2\" data-element_type=\"widget\" data-e-type=\"widget\" data-settings=\"{&quot;classic_columns&quot;:&quot;1&quot;,&quot;classic_row_gap&quot;:{&quot;unit&quot;:&quot;px&quot;,&quot;size&quot;:20,&quot;sizes&quot;:[]},&quot;classic_columns_tablet&quot;:&quot;1&quot;,&quot;classic_columns_mobile&quot;:&quot;1&quot;,&quot;classic_row_gap_tablet&quot;:{&quot;unit&quot;:&quot;px&quot;,&quot;size&quot;:&quot;&quot;,&quot;sizes&quot;:[]},&quot;classic_row_gap_mobile&quot;:{&quot;unit&quot;:&quot;px&quot;,&quot;size&quot;:&quot;&quot;,&quot;sizes&quot;:[]}}\" data-widget_type=\"posts.classic\">\n\t\t\t\t<div class=\"elementor-widget-container\">\n\t\t\t\t\t\t\t<div class=\"elementor-posts-container elementor-posts elementor-posts--skin-classic elementor-grid\" role=\"list\">\n\t\t\t\t<article class=\"elementor-post elementor-grid-item post-2614 post type-post status-publish format-standard has-post-thumbnail hentry category-editorial4\" role=\"listitem\">\n\t\t\t\t<a class=\"elementor-post__thumbnail__link\" href=\"https:\/\/m3c.universita.corsica\/lumi\/lenseignement-doit-il-etre-une-affaire-detat-reflexions-personnelles-dun-vieil-universitaire-de-corse\/\" tabindex=\"-1\" >\n\t\t\t<div class=\"elementor-post__thumbnail\"><img decoding=\"async\" width=\"300\" height=\"120\" src=\"https:\/\/lumi.univ-corse.fr\/wp-content\/uploads\/2024\/07\/Michel_VergeFranceschi-300x120.webp\" class=\"attachment-medium size-medium wp-image-2661\" alt=\"\" srcset=\"https:\/\/lumi.univ-corse.fr\/wp-content\/uploads\/2024\/07\/Michel_VergeFranceschi-300x120.webp 300w, https:\/\/lumi.univ-corse.fr\/wp-content\/uploads\/2024\/07\/Michel_VergeFranceschi-1024x410.webp 1024w, https:\/\/lumi.univ-corse.fr\/wp-content\/uploads\/2024\/07\/Michel_VergeFranceschi-768x307.webp 768w, https:\/\/lumi.univ-corse.fr\/wp-content\/uploads\/2024\/07\/Michel_VergeFranceschi-1536x614.webp 1536w, https:\/\/lumi.univ-corse.fr\/wp-content\/uploads\/2024\/07\/Michel_VergeFranceschi.webp 2000w\" sizes=\"(max-width: 300px) 100vw, 300px\" \/><\/div>\n\t\t<\/a>\n\t\t\t\t<div class=\"elementor-post__text\">\n\t\t\t\t<h3 class=\"elementor-post__title\">\n\t\t\t<a href=\"https:\/\/m3c.universita.corsica\/lumi\/lenseignement-doit-il-etre-une-affaire-detat-reflexions-personnelles-dun-vieil-universitaire-de-corse\/\" >\n\t\t\t\tL&rsquo;enseignement doit-il \u00eatre une affaire d&rsquo;\u00e9tat ? R\u00e9flexions personnelles d&rsquo;un universitaire Corse\t\t\t<\/a>\n\t\t<\/h3>\n\t\t\t\t<div class=\"elementor-post__meta-data\">\n\t\t\t\t\t<span class=\"elementor-post-date\">\n\t\t\t9 juillet 2024\t\t<\/span>\n\t\t\t\t<\/div>\n\t\t\t\t<div class=\"elementor-post__excerpt\">\n\t\t\t<p>Ma r\u00e9ponse est oui. L\u2019enseignement c\u2019est un tout qui repose sur trois piliers : un lieu ; un budget ; un savoir. L\u2019enseignement, \u00e0 premi\u00e8re vue, c\u2019est tout d\u2019abord un lieu o\u00f9 il faut pouvoir le dispenser. Dans l\u2019Antiquit\u00e9 grecque, c\u2019\u00e9tait sous les portiques du temple d\u2019Apollon, all\u00e9es couvertes qui laissaient passer la \u00ab lumi\u00e8re \u00bb d\u2019o\u00f9 le nom de \u00ab lyc\u00e9e \u00bb. Je&#8230;<\/p>\n\t\t<\/div>\n\t\t\t\t<\/div>\n\t\t\t\t<\/article>\n\t\t\t\t<article class=\"elementor-post elementor-grid-item post-2596 post type-post status-publish format-standard has-post-thumbnail hentry category-varia4\" role=\"listitem\">\n\t\t\t\t<a class=\"elementor-post__thumbnail__link\" href=\"https:\/\/m3c.universita.corsica\/lumi\/annexe-extraits-des-pages-141-a-151-du-testament-politique-dalberoni\/\" tabindex=\"-1\" >\n\t\t\t<div class=\"elementor-post__thumbnail\"><img decoding=\"async\" width=\"300\" height=\"120\" src=\"https:\/\/lumi.univ-corse.fr\/wp-content\/uploads\/2024\/07\/Testament_politique_du_cardinal_Jules_.Alberoni_Giulio_bpt6k97701565-300x120.webp\" class=\"attachment-medium size-medium wp-image-2665\" alt=\"\" srcset=\"https:\/\/lumi.univ-corse.fr\/wp-content\/uploads\/2024\/07\/Testament_politique_du_cardinal_Jules_.Alberoni_Giulio_bpt6k97701565-300x120.webp 300w, https:\/\/lumi.univ-corse.fr\/wp-content\/uploads\/2024\/07\/Testament_politique_du_cardinal_Jules_.Alberoni_Giulio_bpt6k97701565-1024x410.webp 1024w, https:\/\/lumi.univ-corse.fr\/wp-content\/uploads\/2024\/07\/Testament_politique_du_cardinal_Jules_.Alberoni_Giulio_bpt6k97701565-768x307.webp 768w, https:\/\/lumi.univ-corse.fr\/wp-content\/uploads\/2024\/07\/Testament_politique_du_cardinal_Jules_.Alberoni_Giulio_bpt6k97701565-1536x614.webp 1536w, https:\/\/lumi.univ-corse.fr\/wp-content\/uploads\/2024\/07\/Testament_politique_du_cardinal_Jules_.Alberoni_Giulio_bpt6k97701565.webp 2000w\" sizes=\"(max-width: 300px) 100vw, 300px\" \/><\/div>\n\t\t<\/a>\n\t\t\t\t<div class=\"elementor-post__text\">\n\t\t\t\t<h3 class=\"elementor-post__title\">\n\t\t\t<a href=\"https:\/\/m3c.universita.corsica\/lumi\/annexe-extraits-des-pages-141-a-151-du-testament-politique-dalberoni\/\" >\n\t\t\t\tAnnexe, Extraits des pages 141 \u00e0\u00a0151 du Testament politique d\u2019Alberoni\t\t\t<\/a>\n\t\t<\/h3>\n\t\t\t\t<div class=\"elementor-post__meta-data\">\n\t\t\t\t\t<span class=\"elementor-post-date\">\n\t\t\t9 juillet 2024\t\t<\/span>\n\t\t\t\t<\/div>\n\t\t\t\t<div class=\"elementor-post__excerpt\">\n\t\t\t<p>\u00ab L\u2019aveugle pr\u00e9vention des Anglois, ne laisse aucun espoir de leur retour vers leur Souverain naturel. C\u2019est \u00e0 lui de se faire, par sa valeur &#038; sa conduite, le rang qu\u2019ils lui refusent, &#038; de se b\u00e2tir \u00e0 leurs d\u00e9pens un tr\u00f4ne, qui lui tienne lieu de celui o\u00f9 ils ne veulent pas le faire monter.<br \/>\nLa post\u00e9rit\u00e9 ne pardonnera point au Prince Edouard, d\u2019avoir&#8230;<\/p>\n\t\t<\/div>\n\t\t\t\t<\/div>\n\t\t\t\t<\/article>\n\t\t\t\t<article class=\"elementor-post elementor-grid-item post-2567 post type-post status-publish format-standard has-post-thumbnail hentry category-varia4\" role=\"listitem\">\n\t\t\t\t<a class=\"elementor-post__thumbnail__link\" href=\"https:\/\/m3c.universita.corsica\/lumi\/theodore-langleterre-et-le-projet-dalberoni-pour-la-corse\/\" tabindex=\"-1\" >\n\t\t\t<div class=\"elementor-post__thumbnail\"><img fetchpriority=\"high\" decoding=\"async\" width=\"266\" height=\"300\" src=\"https:\/\/lumi.univ-corse.fr\/wp-content\/uploads\/2024\/06\/shutterstock_87012563-266x300.webp\" class=\"attachment-medium size-medium wp-image-2593\" alt=\"\" srcset=\"https:\/\/lumi.univ-corse.fr\/wp-content\/uploads\/2024\/06\/shutterstock_87012563-266x300.webp 266w, https:\/\/lumi.univ-corse.fr\/wp-content\/uploads\/2024\/06\/shutterstock_87012563-768x866.webp 768w, https:\/\/lumi.univ-corse.fr\/wp-content\/uploads\/2024\/06\/shutterstock_87012563.webp 887w\" sizes=\"(max-width: 266px) 100vw, 266px\" \/><\/div>\n\t\t<\/a>\n\t\t\t\t<div class=\"elementor-post__text\">\n\t\t\t\t<h3 class=\"elementor-post__title\">\n\t\t\t<a href=\"https:\/\/m3c.universita.corsica\/lumi\/theodore-langleterre-et-le-projet-dalberoni-pour-la-corse\/\" >\n\t\t\t\tTh\u00e9odore, l\u2019Angleterre et le projet d\u2019Alberoni pour la Corse\t\t\t<\/a>\n\t\t<\/h3>\n\t\t\t\t<div class=\"elementor-post__meta-data\">\n\t\t\t\t\t<span class=\"elementor-post-date\">\n\t\t\t30 juin 2024\t\t<\/span>\n\t\t\t\t<\/div>\n\t\t\t\t<div class=\"elementor-post__excerpt\">\n\t\t\t<p>Au cours du XVIIIe si\u00e8cle, la Corse a fait l\u2019objet de bien des sp\u00e9culations de la part des \u00c9tats europ\u00e9ens. Les nationaux, dans leur combat pour venir \u00e0 bout de l\u2019occupant g\u00e9nois, ont tent\u00e9 en permanence de s\u2019appuyer sur ces ambitions, afin de trouver des alli\u00e9s de circonstance : non sans de nombreuses d\u00e9sillusions. De ce point de vue, l\u2019\u00e9pisode qui&#8230;<\/p>\n\t\t<\/div>\n\t\t\t\t<\/div>\n\t\t\t\t<\/article>\n\t\t\t\t<\/div>\n\t\t\n\t\t\t\t\t\t<\/div>\n\t\t\t\t<\/div>\n\t\t\t\t\t<\/div>\n\t\t<\/div>\n\t\t\t\t\t<\/div>\n\t\t<\/section>\n\t\t\t\t<\/div>\n\t\t","protected":false},"excerpt":{"rendered":"<p>Textes Introductifs 1\/ Editorial, Denis Jouffroy et Jean-Guy Talamoni 2\/ Conf\u00e9rence inaugurale de Michel Barat, ancien recteur de l\u2019Acad\u00e9mie de Corse, Docteur d\u2019\u00c9tat \u00e8s lettres, agr\u00e9g\u00e9 de philosophie, Les Lumi\u00e8res ou le savoir lib\u00e9rateur 3\/ L\u2019Universit\u00e9 selon Francine Demichel, Professeur des universit\u00e9s \u00e9m\u00e9rite en droit public, ancienne pr\u00e9sidente de l\u2019Universit\u00e9 de Paris-VIII, ancienne directrice de [&hellip;]<\/p>\n","protected":false},"author":1,"featured_media":2719,"comment_status":"closed","ping_status":"closed","sticky":false,"template":"","format":"standard","meta":{"_acf_changed":false,"footnotes":""},"categories":[34],"tags":[],"class_list":["post-2815","post","type-post","status-publish","format-standard","has-post-thumbnail","hentry","category-sommaire-4"],"acf":[],"_links":{"self":[{"href":"https:\/\/m3c.universita.corsica\/lumi\/wp-json\/wp\/v2\/posts\/2815","targetHints":{"allow":["GET"]}}],"collection":[{"href":"https:\/\/m3c.universita.corsica\/lumi\/wp-json\/wp\/v2\/posts"}],"about":[{"href":"https:\/\/m3c.universita.corsica\/lumi\/wp-json\/wp\/v2\/types\/post"}],"author":[{"embeddable":true,"href":"https:\/\/m3c.universita.corsica\/lumi\/wp-json\/wp\/v2\/users\/1"}],"replies":[{"embeddable":true,"href":"https:\/\/m3c.universita.corsica\/lumi\/wp-json\/wp\/v2\/comments?post=2815"}],"version-history":[{"count":21,"href":"https:\/\/m3c.universita.corsica\/lumi\/wp-json\/wp\/v2\/posts\/2815\/revisions"}],"predecessor-version":[{"id":2938,"href":"https:\/\/m3c.universita.corsica\/lumi\/wp-json\/wp\/v2\/posts\/2815\/revisions\/2938"}],"wp:featuredmedia":[{"embeddable":true,"href":"https:\/\/m3c.universita.corsica\/lumi\/wp-json\/wp\/v2\/media\/2719"}],"wp:attachment":[{"href":"https:\/\/m3c.universita.corsica\/lumi\/wp-json\/wp\/v2\/media?parent=2815"}],"wp:term":[{"taxonomy":"category","embeddable":true,"href":"https:\/\/m3c.universita.corsica\/lumi\/wp-json\/wp\/v2\/categories?post=2815"},{"taxonomy":"post_tag","embeddable":true,"href":"https:\/\/m3c.universita.corsica\/lumi\/wp-json\/wp\/v2\/tags?post=2815"}],"curies":[{"name":"wp","href":"https:\/\/api.w.org\/{rel}","templated":true}]}}