{"id":3027,"date":"2024-08-28T16:20:49","date_gmt":"2024-08-28T16:20:49","guid":{"rendered":"https:\/\/m3c.universita.corsica\/lumi\/?p=3027"},"modified":"2024-08-31T08:14:45","modified_gmt":"2024-08-31T08:14:45","slug":"prendre-toute-notre-part-de-la-figure-historique-quest-napoleon-bonaparte","status":"publish","type":"post","link":"https:\/\/m3c.universita.corsica\/lumi\/prendre-toute-notre-part-de-la-figure-historique-quest-napoleon-bonaparte\/","title":{"rendered":"Prendre toute notre part de la figure historique qu\u2019est Napol\u00e9on Bonaparte"},"content":{"rendered":"\t\t<div data-elementor-type=\"wp-post\" data-elementor-id=\"3027\" class=\"elementor elementor-3027\" data-elementor-post-type=\"post\">\n\t\t\t\t\t\t<section data-particle_enable=\"false\" data-particle-mobile-disabled=\"false\" class=\"elementor-section elementor-top-section elementor-element elementor-element-5e8823c5 elementor-section-full_width elementor-section-height-min-height elementor-section-height-default elementor-section-items-middle\" data-id=\"5e8823c5\" data-element_type=\"section\" data-e-type=\"section\" data-settings=\"{&quot;background_background&quot;:&quot;classic&quot;}\">\n\t\t\t\t\t\t<div class=\"elementor-container elementor-column-gap-default\">\n\t\t\t\t\t<div class=\"elementor-column elementor-col-100 elementor-top-column elementor-element elementor-element-76f81a2a\" data-id=\"76f81a2a\" data-element_type=\"column\" data-e-type=\"column\">\n\t\t\t<div class=\"elementor-widget-wrap\">\n\t\t\t\t\t\t\t<\/div>\n\t\t<\/div>\n\t\t\t\t\t<\/div>\n\t\t<\/section>\n\t\t\t\t<section data-particle_enable=\"false\" data-particle-mobile-disabled=\"false\" class=\"elementor-section elementor-top-section elementor-element elementor-element-3a18bbe8 elementor-section-boxed elementor-section-height-default elementor-section-height-default\" data-id=\"3a18bbe8\" data-element_type=\"section\" data-e-type=\"section\">\n\t\t\t\t\t\t<div class=\"elementor-container elementor-column-gap-default\">\n\t\t\t\t\t<div class=\"elementor-column elementor-col-100 elementor-top-column elementor-element elementor-element-4b643c40\" data-id=\"4b643c40\" data-element_type=\"column\" data-e-type=\"column\">\n\t\t\t<div class=\"elementor-widget-wrap elementor-element-populated\">\n\t\t\t\t\t\t<div class=\"elementor-element elementor-element-408a78ac elementor-widget elementor-widget-heading\" data-id=\"408a78ac\" data-element_type=\"widget\" data-e-type=\"widget\" data-widget_type=\"heading.default\">\n\t\t\t\t<div class=\"elementor-widget-container\">\n\t\t\t\t\t<h1 class=\"elementor-heading-title elementor-size-default\">Prendre toute notre part de la figure historique qu\u2019est Napol\u00e9on Bonaparte<\/h1>\t\t\t\t<\/div>\n\t\t\t\t<\/div>\n\t\t\t\t<div class=\"elementor-element elementor-element-34bfa006 elementor-author-box--name-yes elementor-author-box--biography-yes elementor-author-box--link-no elementor-widget elementor-widget-author-box\" data-id=\"34bfa006\" data-element_type=\"widget\" data-e-type=\"widget\" data-widget_type=\"author-box.default\">\n\t\t\t\t<div class=\"elementor-widget-container\">\n\t\t\t\t\t\t\t<div class=\"elementor-author-box\">\n\t\t\t\n\t\t\t<div class=\"elementor-author-box__text\">\n\t\t\t\t\t\t\t\t\t<div >\n\t\t\t\t\t\t<h4 class=\"elementor-author-box__name\">\n\t\t\t\t\t\t\tDominique Federici\t\t\t\t\t\t<\/h4>\n\t\t\t\t\t<\/div>\n\t\t\t\t\n\t\t\t\t\t\t\t\t\t<div class=\"elementor-author-box__bio\">\n\t\t\t\t\t\tPr\u00e9sident de l\u2019Universit\u00e9 de Corse\t\t\t\t\t<\/div>\n\t\t\t\t\n\t\t\t\t\t\t\t<\/div>\n\t\t<\/div>\n\t\t\t\t\t\t<\/div>\n\t\t\t\t<\/div>\n\t\t\t\t<div class=\"elementor-element elementor-element-1d58fef2 elementor-align-left elementor-widget elementor-widget-button\" data-id=\"1d58fef2\" data-element_type=\"widget\" data-e-type=\"widget\" data-widget_type=\"button.default\">\n\t\t\t\t<div class=\"elementor-widget-container\">\n\t\t\t\t\t\t\t\t\t<div class=\"elementor-button-wrapper\">\n\t\t\t\t\t<a class=\"elementor-button elementor-button-link elementor-size-sm\" href=\"\/lumi\/wp-content\/uploads\/2024\/08\/1.-DEFIN.-Pdt-Univ.-Napole\u0301on-Abel-Gance-2.pdf\" target=\"_blank\">\n\t\t\t\t\t\t<span class=\"elementor-button-content-wrapper\">\n\t\t\t\t\t\t<span class=\"elementor-button-icon\">\n\t\t\t\t<i aria-hidden=\"true\" class=\"fas fa-file-download\"><\/i>\t\t\t<\/span>\n\t\t\t\t\t\t\t\t\t<span class=\"elementor-button-text\">Visionner \/ T\u00e9l\u00e9charger la version PDF<\/span>\n\t\t\t\t\t<\/span>\n\t\t\t\t\t<\/a>\n\t\t\t\t<\/div>\n\t\t\t\t\t\t\t\t<\/div>\n\t\t\t\t<\/div>\n\t\t\t\t\t<\/div>\n\t\t<\/div>\n\t\t\t\t\t<\/div>\n\t\t<\/section>\n\t\t\t\t<section data-particle_enable=\"false\" data-particle-mobile-disabled=\"false\" class=\"elementor-section elementor-top-section elementor-element elementor-element-d158794 elementor-section-boxed elementor-section-height-default elementor-section-height-default\" data-id=\"d158794\" data-element_type=\"section\" data-e-type=\"section\">\n\t\t\t\t\t\t<div class=\"elementor-container elementor-column-gap-default\">\n\t\t\t\t\t<div class=\"elementor-column elementor-col-50 elementor-top-column elementor-element elementor-element-0b264ee\" data-id=\"0b264ee\" data-element_type=\"column\" data-e-type=\"column\">\n\t\t\t<div class=\"elementor-widget-wrap elementor-element-populated\">\n\t\t\t\t\t\t<div class=\"elementor-element elementor-element-9a39c68 elementor-widget elementor-widget-text-editor\" data-id=\"9a39c68\" data-element_type=\"widget\" data-e-type=\"widget\" data-widget_type=\"text-editor.default\">\n\t\t\t\t<div class=\"elementor-widget-container\">\n\t\t\t\t\t\t\t\t\t<p>Comment s\u2019approprier une figure historique majeure comme Napol\u00e9on\u00a0? Il est \u00e9vident que notre imaginaire collectif a fait du chemin depuis la disparition de l\u2019Empereur et que notre identit\u00e9 est souvent mise au dilemme d\u2019une alternative qui nous fait osciller d\u2019un camp \u00e0 l\u2019autre, d\u2019une id\u00e9e \u00e0 une autre, entre loyalisme et rejet ou, caricaturalement, entre Corse et Fran\u00e7ais. Bref\u00a0: Paoli ou Napol\u00e9on\u00a0?<\/p><p>Ce raccourci de l\u2019histoire a peut-\u00eatre v\u00e9cu nous faisant entrer dans un temps qui est sans doute m\u00fbr pour affronter notre complexit\u00e9 avec davantage de conscience. Ce \u00ab\u00a0ou\u00a0\u00bb exclusif ne convient plus et le programme Paoli-Napol\u00e9on de notre universit\u00e9 entend contribuer \u00e0 ce bousculement cognitif en remettant ces deux figures majeures de notre peuple dans une perspective d\u00e9passant leur mise en sym\u00e9trie syst\u00e9matique et \u00e9vitant de les opposer de fa\u00e7on simpliste. En toile de fond, il en va aussi de notre propre narratif qui ne saurait cautionner une identit\u00e9 collective cliv\u00e9e par une connaissance partielle et partiale de notre histoire. Par son programme Paoli-Napol\u00e9on au sein de notre laboratoire de sciences humaines, le r\u00f4le de l\u2019Universit\u00e0 di Corsica entend demeurer dans l\u2019approche fouill\u00e9e, nuanc\u00e9e et complexe des faits sociaux et culturels.<\/p><p>Si la litt\u00e9rature se taille la part du lion dans les potentielles lectures et interpr\u00e9tations de l\u2019histoire pour les deux personnages, il est ind\u00e9niable que le cin\u00e9ma a consacr\u00e9 beaucoup plus de pellicule \u00e0 Napol\u00e9on. Comment en serait-il autrement pour celui qui demeure une des figures historiques les plus \u00e9tudi\u00e9es ou interpr\u00e9t\u00e9es au monde ? C\u2019est pourquoi nous pouvons revenir \u00e0 cette question pos\u00e9e par Jean-Guy Talamoni, responsable du programme Paoli-Napol\u00e9on : \u00ab\u00a0Depuis le Napol\u00e9on d\u2019Abel Gance, qui lors de son tournage \u00e0 Ajaccio en 1925 avait suscit\u00e9 une incroyable ferveur populaire, jusqu\u2019aux \u0153uvres cin\u00e9matographiques du XXIe si\u00e8cle, le septi\u00e8me art nous conduit \u00e0 une n\u00e9cessaire m\u00e9ditation autour d\u2019une question essentielle\u00a0: en quoi\u00a0Napol\u00e9on Bonaparte a-t-il influ\u00e9 sur ce que nous sommes aujourd\u2019hui\u00a0?\u00a0\u00bb<\/p><p>La restauration du fameux film <em>Napol\u00e9on<\/em> d\u2019Abel Gance vient d\u2019\u00eatre achev\u00e9e et cela constitue un \u00e9v\u00e9nement de port\u00e9e mondiale, bien au-del\u00e0 des sp\u00e9cialistes de cin\u00e9ma. C\u2019est pourquoi, l\u2019organisation en Corse d\u2019une tourn\u00e9e de projection est une action importante. Elle s\u2019inscrit dans notre programme Paoli-Napol\u00e9on et est soutenue par les communes d\u2019Ajaccio, de Bastia, de Porto Vecchio, de Corte, de la communaut\u00e9 de communes de Costa-Verde et du festival de Lama. Les diff\u00e9rentes conf\u00e9rences qui accompagneront les projections font l\u2019objet de ce num\u00e9ro sp\u00e9cial de la revue <em>Lumi<\/em>.<\/p><p>Outre la projection de ce monument cin\u00e9matographique restaur\u00e9, l\u2019ensemble des rencontres aura permis un riche accompagnement des publics. Il y a bien s\u00fbr tout le contenu du film et le parti pris du r\u00e9alisateur. Mais il y a aussi tout son contexte de tournage\u00a0: cette Corse de 1925 \u00e0 1927 est dans un cycle politique complexe entre r\u00e9publicanisme, bonapartisme et r\u00e9gionalisme sur fond d\u2019entre-deux-guerres en France et en Europe. L\u2019id\u00e9ologie fasciste et les tensions g\u00e9opolitiques viennent troubler jusqu\u2019\u00e0 la politique locale. Malgr\u00e9 la ferveur et l\u2019accueil chaleureux des Ajacciens, Fran\u00e7ois Coty, maire bonapartiste et potentiel m\u00e9c\u00e8ne (eu \u00e9gard \u00e0 sa fortune), ne refuse-t-il pas de participer au financement du film sous couvert de \u00ab\u00a0propagande antifran\u00e7aise\u00a0\u00bb qui tend \u00ab\u00a0\u00e0 montrer la France imp\u00e9rialiste, militariste, affam\u00e9e de gloire et de conqu\u00eates, consacrant ses ressources a de formidables armements, implacable dans sa haine contre la pauvre Allemagne\u00a0\u00bb.<\/p><p>Cet exemple nous apporte la preuve d\u2019une \u00e9ternelle ambivalence de Napol\u00e9on entre le g\u00e9nie civil et le strat\u00e8ge militaire, entre le chef de guerre et le chef d\u2019\u00c9tat ou encore entre l\u2019admirateur de Paoli en 1789 ou son adversaire en 93. Le film et le tournage nous disent une version de la France, de la Corse et de la Corse dans la France. \u00c0 chacun de faire son march\u00e9 des id\u00e9es, des repr\u00e9sentations ou des consciences, fussent-elles anachroniques.<\/p><p>Mais, au fond, Napol\u00e9on, n\u2019est-il pas un peu celui qui, \u00e0 l\u2019instar de la pens\u00e9e de Francesco Ottaviani-Renucci au d\u00e9but du XIXe si\u00e8cle, vient r\u00e9concilier notre italianit\u00e9 culturelle et notre r\u00e9publicanisme fran\u00e7ais \u00e9clair\u00e9s par les Lumi\u00e8res europ\u00e9ennes, tout aussi incarn\u00e9es par Pasquale Paoli\u00a0?<\/p><p>La r\u00e9ponse reste ouverte et \u00e0 construire par la culture et la connaissance. Il est donc important que chaque Corse puisse mieux s\u2019approprier cette figure majeure de notre histoire et notre universit\u00e9 y contribue de la plus efficace des mani\u00e8res.<\/p>\t\t\t\t\t\t\t\t<\/div>\n\t\t\t\t<\/div>\n\t\t\t\t<div class=\"elementor-element elementor-element-2ba4adc elementor-widget-divider--view-line elementor-widget elementor-widget-divider\" data-id=\"2ba4adc\" data-element_type=\"widget\" data-e-type=\"widget\" data-widget_type=\"divider.default\">\n\t\t\t\t<div class=\"elementor-widget-container\">\n\t\t\t\t\t\t\t<div class=\"elementor-divider\">\n\t\t\t<span class=\"elementor-divider-separator\">\n\t\t\t\t\t\t<\/span>\n\t\t<\/div>\n\t\t\t\t\t\t<\/div>\n\t\t\t\t<\/div>\n\t\t\t\t\t<\/div>\n\t\t<\/div>\n\t\t\t\t<div class=\"elementor-column elementor-col-50 elementor-top-column elementor-element elementor-element-770ed1c elementor-hidden-mobile\" data-id=\"770ed1c\" data-element_type=\"column\" data-e-type=\"column\">\n\t\t\t<div class=\"elementor-widget-wrap elementor-element-populated\">\n\t\t\t\t\t\t<div class=\"elementor-element elementor-element-c3b8045 elementor-widget-divider--view-line_text elementor-widget-divider--element-align-center elementor-widget elementor-widget-divider\" data-id=\"c3b8045\" data-element_type=\"widget\" data-e-type=\"widget\" data-widget_type=\"divider.default\">\n\t\t\t\t<div class=\"elementor-widget-container\">\n\t\t\t\t\t\t\t<div class=\"elementor-divider\">\n\t\t\t<span class=\"elementor-divider-separator\">\n\t\t\t\t\t\t\t<p class=\"elementor-divider__text elementor-divider__element\">\n\t\t\t\tPage 1\t\t\t\t<\/p>\n\t\t\t\t\t\t<\/span>\n\t\t<\/div>\n\t\t\t\t\t\t<\/div>\n\t\t\t\t<\/div>\n\t\t\t\t\t<\/div>\n\t\t<\/div>\n\t\t\t\t\t<\/div>\n\t\t<\/section>\n\t\t\t\t<section data-particle_enable=\"false\" data-particle-mobile-disabled=\"false\" class=\"elementor-section elementor-top-section elementor-element elementor-element-7905badf elementor-section-boxed elementor-section-height-default elementor-section-height-default\" data-id=\"7905badf\" data-element_type=\"section\" data-e-type=\"section\">\n\t\t\t\t\t\t<div class=\"elementor-container elementor-column-gap-default\">\n\t\t\t\t\t<div class=\"elementor-column elementor-col-100 elementor-top-column elementor-element elementor-element-3612363e\" data-id=\"3612363e\" data-element_type=\"column\" data-e-type=\"column\">\n\t\t\t<div class=\"elementor-widget-wrap elementor-element-populated\">\n\t\t\t\t\t\t<div class=\"elementor-element elementor-element-58d89c42 elementor-share-buttons--skin-boxed elementor-share-buttons--view-icon-text elementor-share-buttons--shape-square elementor-grid-0 elementor-share-buttons--color-official elementor-widget elementor-widget-share-buttons\" data-id=\"58d89c42\" data-element_type=\"widget\" data-e-type=\"widget\" data-widget_type=\"share-buttons.default\">\n\t\t\t\t<div class=\"elementor-widget-container\">\n\t\t\t\t\t\t\t<div class=\"elementor-grid\" role=\"list\">\n\t\t\t\t\t\t\t\t<div class=\"elementor-grid-item\" role=\"listitem\">\n\t\t\t\t\t\t<div class=\"elementor-share-btn elementor-share-btn_facebook\" role=\"button\" tabindex=\"0\" aria-label=\"Partager sur facebook\">\n\t\t\t\t\t\t\t\t\t\t\t\t\t\t\t<span class=\"elementor-share-btn__icon\">\n\t\t\t\t\t\t\t\t<i class=\"fab fa-facebook\" aria-hidden=\"true\"><\/i>\t\t\t\t\t\t\t<\/span>\n\t\t\t\t\t\t\t\t\t\t\t\t\t\t\t\t\t\t\t\t\t\t<div class=\"elementor-share-btn__text\">\n\t\t\t\t\t\t\t\t\t\t\t\t\t\t\t\t\t\t\t<span class=\"elementor-share-btn__title\">\n\t\t\t\t\t\t\t\t\t\tFacebook\t\t\t\t\t\t\t\t\t<\/span>\n\t\t\t\t\t\t\t\t\t\t\t\t\t\t\t\t\t<\/div>\n\t\t\t\t\t\t\t\t\t\t\t\t\t<\/div>\n\t\t\t\t\t<\/div>\n\t\t\t\t\t\t\t\t\t<div class=\"elementor-grid-item\" role=\"listitem\">\n\t\t\t\t\t\t<div class=\"elementor-share-btn elementor-share-btn_twitter\" role=\"button\" tabindex=\"0\" aria-label=\"Partager sur twitter\">\n\t\t\t\t\t\t\t\t\t\t\t\t\t\t\t<span class=\"elementor-share-btn__icon\">\n\t\t\t\t\t\t\t\t<i class=\"fab fa-twitter\" aria-hidden=\"true\"><\/i>\t\t\t\t\t\t\t<\/span>\n\t\t\t\t\t\t\t\t\t\t\t\t\t\t\t\t\t\t\t\t\t\t<div class=\"elementor-share-btn__text\">\n\t\t\t\t\t\t\t\t\t\t\t\t\t\t\t\t\t\t\t<span class=\"elementor-share-btn__title\">\n\t\t\t\t\t\t\t\t\t\tTwitter\t\t\t\t\t\t\t\t\t<\/span>\n\t\t\t\t\t\t\t\t\t\t\t\t\t\t\t\t\t<\/div>\n\t\t\t\t\t\t\t\t\t\t\t\t\t<\/div>\n\t\t\t\t\t<\/div>\n\t\t\t\t\t\t\t\t\t<div class=\"elementor-grid-item\" role=\"listitem\">\n\t\t\t\t\t\t<div class=\"elementor-share-btn elementor-share-btn_linkedin\" role=\"button\" tabindex=\"0\" aria-label=\"Partager sur linkedin\">\n\t\t\t\t\t\t\t\t\t\t\t\t\t\t\t<span class=\"elementor-share-btn__icon\">\n\t\t\t\t\t\t\t\t<i class=\"fab fa-linkedin\" aria-hidden=\"true\"><\/i>\t\t\t\t\t\t\t<\/span>\n\t\t\t\t\t\t\t\t\t\t\t\t\t\t\t\t\t\t\t\t\t\t<div class=\"elementor-share-btn__text\">\n\t\t\t\t\t\t\t\t\t\t\t\t\t\t\t\t\t\t\t<span class=\"elementor-share-btn__title\">\n\t\t\t\t\t\t\t\t\t\tLinkedIn\t\t\t\t\t\t\t\t\t<\/span>\n\t\t\t\t\t\t\t\t\t\t\t\t\t\t\t\t\t<\/div>\n\t\t\t\t\t\t\t\t\t\t\t\t\t<\/div>\n\t\t\t\t\t<\/div>\n\t\t\t\t\t\t<\/div>\n\t\t\t\t\t\t<\/div>\n\t\t\t\t<\/div>\n\t\t\t\t<div class=\"elementor-element elementor-element-47be1c64 elementor-widget-divider--separator-type-pattern elementor-widget-divider--no-spacing elementor-widget-divider--view-line elementor-widget elementor-widget-divider\" data-id=\"47be1c64\" data-element_type=\"widget\" data-e-type=\"widget\" data-widget_type=\"divider.default\">\n\t\t\t\t<div class=\"elementor-widget-container\">\n\t\t\t\t\t\t\t<div class=\"elementor-divider\" style=\"--divider-pattern-url: url(&quot;data:image\/svg+xml,%3Csvg xmlns=&#039;http:\/\/www.w3.org\/2000\/svg&#039; preserveAspectRatio=&#039;none&#039; overflow=&#039;visible&#039; height=&#039;100%&#039; viewBox=&#039;0 0 24 24&#039; fill=&#039;black&#039; stroke=&#039;none&#039;%3E%3Cpath d=&#039;M24,8v12H0V8H24z M24,4v1H0V4H24z&#039;\/%3E%3C\/svg%3E&quot;);\">\n\t\t\t<span class=\"elementor-divider-separator\">\n\t\t\t\t\t\t<\/span>\n\t\t<\/div>\n\t\t\t\t\t\t<\/div>\n\t\t\t\t<\/div>\n\t\t\t\t<div class=\"elementor-element elementor-element-613bf0b4 elementor-widget elementor-widget-heading\" data-id=\"613bf0b4\" data-element_type=\"widget\" data-e-type=\"widget\" data-widget_type=\"heading.default\">\n\t\t\t\t<div class=\"elementor-widget-container\">\n\t\t\t\t\t<h4 class=\"elementor-heading-title elementor-size-default\">D'autres articles<\/h4>\t\t\t\t<\/div>\n\t\t\t\t<\/div>\n\t\t\t\t<div class=\"elementor-element elementor-element-7ab40fe2 elementor-grid-1 elementor-posts--thumbnail-left elementor-grid-tablet-1 elementor-grid-mobile-1 elementor-widget elementor-widget-posts\" data-id=\"7ab40fe2\" data-element_type=\"widget\" data-e-type=\"widget\" data-settings=\"{&quot;classic_columns&quot;:&quot;1&quot;,&quot;classic_row_gap&quot;:{&quot;unit&quot;:&quot;px&quot;,&quot;size&quot;:20,&quot;sizes&quot;:[]},&quot;classic_columns_tablet&quot;:&quot;1&quot;,&quot;classic_columns_mobile&quot;:&quot;1&quot;,&quot;classic_row_gap_tablet&quot;:{&quot;unit&quot;:&quot;px&quot;,&quot;size&quot;:&quot;&quot;,&quot;sizes&quot;:[]},&quot;classic_row_gap_mobile&quot;:{&quot;unit&quot;:&quot;px&quot;,&quot;size&quot;:&quot;&quot;,&quot;sizes&quot;:[]}}\" data-widget_type=\"posts.classic\">\n\t\t\t\t<div class=\"elementor-widget-container\">\n\t\t\t\t\t\t\t<div class=\"elementor-posts-container elementor-posts elementor-posts--skin-classic elementor-grid\" role=\"list\">\n\t\t\t\t<article class=\"elementor-post elementor-grid-item post-3174 post type-post status-publish format-standard has-post-thumbnail hentry category-hors-serie-1\" role=\"listitem\">\n\t\t\t\t<a class=\"elementor-post__thumbnail__link\" href=\"https:\/\/m3c.universita.corsica\/lumi\/la-sequence-corse-du-film-napoleon-vu-par-abel-gance\/\" tabindex=\"-1\" >\n\t\t\t<div class=\"elementor-post__thumbnail\"><img fetchpriority=\"high\" decoding=\"async\" width=\"300\" height=\"169\" src=\"https:\/\/lumi.univ-corse.fr\/wp-content\/uploads\/2024\/08\/10.-DEFIN-RELU-JGT-et-MG-JD-POLI-300x169.jpg\" class=\"attachment-medium size-medium wp-image-3124\" alt=\"\" srcset=\"https:\/\/lumi.univ-corse.fr\/wp-content\/uploads\/2024\/08\/10.-DEFIN-RELU-JGT-et-MG-JD-POLI-300x169.jpg 300w, https:\/\/lumi.univ-corse.fr\/wp-content\/uploads\/2024\/08\/10.-DEFIN-RELU-JGT-et-MG-JD-POLI-1024x576.jpg 1024w, https:\/\/lumi.univ-corse.fr\/wp-content\/uploads\/2024\/08\/10.-DEFIN-RELU-JGT-et-MG-JD-POLI-768x432.jpg 768w, https:\/\/lumi.univ-corse.fr\/wp-content\/uploads\/2024\/08\/10.-DEFIN-RELU-JGT-et-MG-JD-POLI-1536x864.jpg 1536w, https:\/\/lumi.univ-corse.fr\/wp-content\/uploads\/2024\/08\/10.-DEFIN-RELU-JGT-et-MG-JD-POLI.jpg 1800w\" sizes=\"(max-width: 300px) 100vw, 300px\" \/><\/div>\n\t\t<\/a>\n\t\t\t\t<div class=\"elementor-post__text\">\n\t\t\t\t<h3 class=\"elementor-post__title\">\n\t\t\t<a href=\"https:\/\/m3c.universita.corsica\/lumi\/la-sequence-corse-du-film-napoleon-vu-par-abel-gance\/\" >\n\t\t\t\tLa \u00ab s\u00e9quence Corse \u00bb du film Napol\u00e9on vu par Abel Gance\t\t\t<\/a>\n\t\t<\/h3>\n\t\t\t\t<div class=\"elementor-post__meta-data\">\n\t\t\t\t\t<span class=\"elementor-post-date\">\n\t\t\t29 ao\u00fbt 2024\t\t<\/span>\n\t\t\t\t<\/div>\n\t\t\t\t<div class=\"elementor-post__excerpt\">\n\t\t\t<p>Napol\u00e9on cumule la particularit\u00e9 d&rsquo;\u00eatre un personnage historique exceptionnel devenu un mythe universel toujours actif, capable de susciter de grandes images collectives et d&rsquo;intenses mythologies personnelles\u00a0; il ne pouvait devenir qu&rsquo;un sujet de choix pour l&rsquo;art cin\u00e9matographique. Ainsi, occupe-t-il la premi\u00e8re place des personnages&#8230;<\/p>\n\t\t<\/div>\n\t\t\t\t<\/div>\n\t\t\t\t<\/article>\n\t\t\t\t<article class=\"elementor-post elementor-grid-item post-3129 post type-post status-publish format-standard has-post-thumbnail hentry category-hors-serie-1\" role=\"listitem\">\n\t\t\t\t<a class=\"elementor-post__thumbnail__link\" href=\"https:\/\/m3c.universita.corsica\/lumi\/napoleon-et-paoli\/\" tabindex=\"-1\" >\n\t\t\t<div class=\"elementor-post__thumbnail\"><img decoding=\"async\" width=\"300\" height=\"150\" src=\"https:\/\/lumi.univ-corse.fr\/wp-content\/uploads\/2024\/08\/9.-DEFIN-RELU-JGT-M.-Verge\u0301-Franceschi-PAOLI-ET-NAPOLEON-300x150.jpg\" class=\"attachment-medium size-medium wp-image-3122\" alt=\"\" srcset=\"https:\/\/lumi.univ-corse.fr\/wp-content\/uploads\/2024\/08\/9.-DEFIN-RELU-JGT-M.-Verge\u0301-Franceschi-PAOLI-ET-NAPOLEON-300x150.jpg 300w, https:\/\/lumi.univ-corse.fr\/wp-content\/uploads\/2024\/08\/9.-DEFIN-RELU-JGT-M.-Verge\u0301-Franceschi-PAOLI-ET-NAPOLEON-1024x512.jpg 1024w, https:\/\/lumi.univ-corse.fr\/wp-content\/uploads\/2024\/08\/9.-DEFIN-RELU-JGT-M.-Verge\u0301-Franceschi-PAOLI-ET-NAPOLEON-768x384.jpg 768w, https:\/\/lumi.univ-corse.fr\/wp-content\/uploads\/2024\/08\/9.-DEFIN-RELU-JGT-M.-Verge\u0301-Franceschi-PAOLI-ET-NAPOLEON-1536x768.jpg 1536w, https:\/\/lumi.univ-corse.fr\/wp-content\/uploads\/2024\/08\/9.-DEFIN-RELU-JGT-M.-Verge\u0301-Franceschi-PAOLI-ET-NAPOLEON.jpg 1800w\" sizes=\"(max-width: 300px) 100vw, 300px\" \/><\/div>\n\t\t<\/a>\n\t\t\t\t<div class=\"elementor-post__text\">\n\t\t\t\t<h3 class=\"elementor-post__title\">\n\t\t\t<a href=\"https:\/\/m3c.universita.corsica\/lumi\/napoleon-et-paoli\/\" >\n\t\t\t\tNapol\u00e9on et Paoli\t\t\t<\/a>\n\t\t<\/h3>\n\t\t\t\t<div class=\"elementor-post__meta-data\">\n\t\t\t\t\t<span class=\"elementor-post-date\">\n\t\t\t29 ao\u00fbt 2024\t\t<\/span>\n\t\t\t\t<\/div>\n\t\t\t\t<div class=\"elementor-post__excerpt\">\n\t\t\t<p>On a souvent l\u2019habitude d\u2019opposer Napol\u00e9on et Pascal Paoli.\u00a0 C\u2019est une erreur. Napol\u00e9on est n\u00e9 en 1769. Son p\u00e8re Charles Bonaparte en 1746. Et la grand-m\u00e8re de l\u2019Empereur, n\u00e9e Pietrasanta[1], veuve Ramolino, puis veuve Fesch, est n\u00e9e \u00e0 Ajaccio le 26 octobre 1725, c\u2019est-\u00e0-dire apr\u00e8s la naissance de Paoli \u00e0 Morosaglia, le vendredi 6 avril 1725&#8230;<\/p>\n\t\t<\/div>\n\t\t\t\t<\/div>\n\t\t\t\t<\/article>\n\t\t\t\t<article class=\"elementor-post elementor-grid-item post-3117 post type-post status-publish format-standard has-post-thumbnail hentry category-hors-serie-1\" role=\"listitem\">\n\t\t\t\t<a class=\"elementor-post__thumbnail__link\" href=\"https:\/\/m3c.universita.corsica\/lumi\/lepopee-du-film-napoleon-vu-par-abel-gance\/\" tabindex=\"-1\" >\n\t\t\t<div class=\"elementor-post__thumbnail\"><img decoding=\"async\" width=\"300\" height=\"162\" src=\"https:\/\/lumi.univ-corse.fr\/wp-content\/uploads\/2024\/08\/8.-DEFIN.-RELU-JGT-Napole\u0301on-Gance-Chanteranne-300x162.jpg\" class=\"attachment-medium size-medium wp-image-3105\" alt=\"\" srcset=\"https:\/\/lumi.univ-corse.fr\/wp-content\/uploads\/2024\/08\/8.-DEFIN.-RELU-JGT-Napole\u0301on-Gance-Chanteranne-300x162.jpg 300w, https:\/\/lumi.univ-corse.fr\/wp-content\/uploads\/2024\/08\/8.-DEFIN.-RELU-JGT-Napole\u0301on-Gance-Chanteranne-1024x554.jpg 1024w, https:\/\/lumi.univ-corse.fr\/wp-content\/uploads\/2024\/08\/8.-DEFIN.-RELU-JGT-Napole\u0301on-Gance-Chanteranne-768x415.jpg 768w, https:\/\/lumi.univ-corse.fr\/wp-content\/uploads\/2024\/08\/8.-DEFIN.-RELU-JGT-Napole\u0301on-Gance-Chanteranne-1536x830.jpg 1536w, https:\/\/lumi.univ-corse.fr\/wp-content\/uploads\/2024\/08\/8.-DEFIN.-RELU-JGT-Napole\u0301on-Gance-Chanteranne.jpg 1600w\" sizes=\"(max-width: 300px) 100vw, 300px\" \/><\/div>\n\t\t<\/a>\n\t\t\t\t<div class=\"elementor-post__text\">\n\t\t\t\t<h3 class=\"elementor-post__title\">\n\t\t\t<a href=\"https:\/\/m3c.universita.corsica\/lumi\/lepopee-du-film-napoleon-vu-par-abel-gance\/\" >\n\t\t\t\tL&rsquo;\u00e9pop\u00e9e du film Napol\u00e9on vu par Abel Gance\t\t\t<\/a>\n\t\t<\/h3>\n\t\t\t\t<div class=\"elementor-post__meta-data\">\n\t\t\t\t\t<span class=\"elementor-post-date\">\n\t\t\t28 ao\u00fbt 2024\t\t<\/span>\n\t\t\t\t<\/div>\n\t\t\t\t<div class=\"elementor-post__excerpt\">\n\t\t\t<p>Napol\u00e9on reste un personnage \u00e0 part de l\u2019histoire. Par son irr\u00e9sistible ascension puis sa chute, il a connu une destin\u00e9e hors du commun. H\u00e9ros aux plus de mille films[1], il b\u00e9n\u00e9ficie dans cette immense s\u00e9rie d\u2019une pl\u00e9iade d\u2019interpr\u00e8tes les plus \u00e9tonnants et diff\u00e9rents, de Charles Vanel \u00e0 Joaquin Phoenix, en passant par \u00c9mile Drain, Marlon&#8230;<\/p>\n\t\t<\/div>\n\t\t\t\t<\/div>\n\t\t\t\t<\/article>\n\t\t\t\t<\/div>\n\t\t\n\t\t\t\t\t\t<\/div>\n\t\t\t\t<\/div>\n\t\t\t\t\t<\/div>\n\t\t<\/div>\n\t\t\t\t\t<\/div>\n\t\t<\/section>\n\t\t\t\t<\/div>\n\t\t","protected":false},"excerpt":{"rendered":"<p>Comment s\u2019approprier une figure historique majeure comme Napol\u00e9on\u00a0? Il est \u00e9vident que notre imaginaire collectif a fait du chemin depuis la disparition de l\u2019Empereur et que notre identit\u00e9 est souvent mise au dilemme d\u2019une alternative qui nous fait osciller d\u2019un camp \u00e0 l\u2019autre, d\u2019une id\u00e9e \u00e0 une autre, entre loyalisme et rejet ou&#8230;<\/p>\n","protected":false},"author":64,"featured_media":3029,"comment_status":"closed","ping_status":"closed","sticky":false,"template":"","format":"standard","meta":{"_acf_changed":false,"footnotes":""},"categories":[26],"tags":[],"class_list":["post-3027","post","type-post","status-publish","format-standard","has-post-thumbnail","hentry","category-hors-serie-1"],"acf":[],"_links":{"self":[{"href":"https:\/\/m3c.universita.corsica\/lumi\/wp-json\/wp\/v2\/posts\/3027","targetHints":{"allow":["GET"]}}],"collection":[{"href":"https:\/\/m3c.universita.corsica\/lumi\/wp-json\/wp\/v2\/posts"}],"about":[{"href":"https:\/\/m3c.universita.corsica\/lumi\/wp-json\/wp\/v2\/types\/post"}],"author":[{"embeddable":true,"href":"https:\/\/m3c.universita.corsica\/lumi\/wp-json\/wp\/v2\/users\/64"}],"replies":[{"embeddable":true,"href":"https:\/\/m3c.universita.corsica\/lumi\/wp-json\/wp\/v2\/comments?post=3027"}],"version-history":[{"count":10,"href":"https:\/\/m3c.universita.corsica\/lumi\/wp-json\/wp\/v2\/posts\/3027\/revisions"}],"predecessor-version":[{"id":3199,"href":"https:\/\/m3c.universita.corsica\/lumi\/wp-json\/wp\/v2\/posts\/3027\/revisions\/3199"}],"wp:featuredmedia":[{"embeddable":true,"href":"https:\/\/m3c.universita.corsica\/lumi\/wp-json\/wp\/v2\/media\/3029"}],"wp:attachment":[{"href":"https:\/\/m3c.universita.corsica\/lumi\/wp-json\/wp\/v2\/media?parent=3027"}],"wp:term":[{"taxonomy":"category","embeddable":true,"href":"https:\/\/m3c.universita.corsica\/lumi\/wp-json\/wp\/v2\/categories?post=3027"},{"taxonomy":"post_tag","embeddable":true,"href":"https:\/\/m3c.universita.corsica\/lumi\/wp-json\/wp\/v2\/tags?post=3027"}],"curies":[{"name":"wp","href":"https:\/\/api.w.org\/{rel}","templated":true}]}}