{"id":3060,"date":"2024-08-28T20:56:45","date_gmt":"2024-08-28T20:56:45","guid":{"rendered":"https:\/\/m3c.universita.corsica\/lumi\/?p=3060"},"modified":"2024-08-29T13:47:07","modified_gmt":"2024-08-29T13:47:07","slug":"la-copie-corse-pierre-angulaire-de-la-grande-pyramide","status":"publish","type":"post","link":"https:\/\/m3c.universita.corsica\/lumi\/la-copie-corse-pierre-angulaire-de-la-grande-pyramide\/","title":{"rendered":"La \u2018copie Corse\u2019. Pierre angulaire de la grande Pyramide ?"},"content":{"rendered":"\t\t<div data-elementor-type=\"wp-post\" data-elementor-id=\"3060\" class=\"elementor elementor-3060\" data-elementor-post-type=\"post\">\n\t\t\t\t\t\t<section data-particle_enable=\"false\" data-particle-mobile-disabled=\"false\" class=\"elementor-section elementor-top-section elementor-element elementor-element-5e8823c5 elementor-section-full_width elementor-section-height-min-height elementor-section-height-default elementor-section-items-middle\" data-id=\"5e8823c5\" data-element_type=\"section\" data-e-type=\"section\" data-settings=\"{&quot;background_background&quot;:&quot;classic&quot;}\">\n\t\t\t\t\t\t<div class=\"elementor-container elementor-column-gap-default\">\n\t\t\t\t\t<div class=\"elementor-column elementor-col-100 elementor-top-column elementor-element elementor-element-76f81a2a\" data-id=\"76f81a2a\" data-element_type=\"column\" data-e-type=\"column\">\n\t\t\t<div class=\"elementor-widget-wrap\">\n\t\t\t\t\t\t\t<\/div>\n\t\t<\/div>\n\t\t\t\t\t<\/div>\n\t\t<\/section>\n\t\t\t\t<section data-particle_enable=\"false\" data-particle-mobile-disabled=\"false\" class=\"elementor-section elementor-top-section elementor-element elementor-element-3a18bbe8 elementor-section-boxed elementor-section-height-default elementor-section-height-default\" data-id=\"3a18bbe8\" data-element_type=\"section\" data-e-type=\"section\">\n\t\t\t\t\t\t<div class=\"elementor-container elementor-column-gap-default\">\n\t\t\t\t\t<div class=\"elementor-column elementor-col-100 elementor-top-column elementor-element elementor-element-4b643c40\" data-id=\"4b643c40\" data-element_type=\"column\" data-e-type=\"column\">\n\t\t\t<div class=\"elementor-widget-wrap elementor-element-populated\">\n\t\t\t\t\t\t<div class=\"elementor-element elementor-element-408a78ac elementor-widget elementor-widget-heading\" data-id=\"408a78ac\" data-element_type=\"widget\" data-e-type=\"widget\" data-widget_type=\"heading.default\">\n\t\t\t\t<div class=\"elementor-widget-container\">\n\t\t\t\t\t<h1 class=\"elementor-heading-title elementor-size-default\">La \u2018copie Corse\u2019. Pierre angulaire de la grande Pyramide ?<\/h1>\t\t\t\t<\/div>\n\t\t\t\t<\/div>\n\t\t\t\t<div class=\"elementor-element elementor-element-34bfa006 elementor-author-box--name-yes elementor-author-box--biography-yes elementor-author-box--link-no elementor-widget elementor-widget-author-box\" data-id=\"34bfa006\" data-element_type=\"widget\" data-e-type=\"widget\" data-widget_type=\"author-box.default\">\n\t\t\t\t<div class=\"elementor-widget-container\">\n\t\t\t\t\t\t\t<div class=\"elementor-author-box\">\n\t\t\t\n\t\t\t<div class=\"elementor-author-box__text\">\n\t\t\t\t\t\t\t\t\t<div >\n\t\t\t\t\t\t<h4 class=\"elementor-author-box__name\">\n\t\t\t\t\t\t\tGeorges Mourier\t\t\t\t\t\t<\/h4>\n\t\t\t\t\t<\/div>\n\t\t\t\t\n\t\t\t\t\t\t\t\t\t<div class=\"elementor-author-box__bio\">\n\t\t\t\t\t\tR\u00e9alisateur, chercheur, sp\u00e9cialiste de l\u2019\u0153uvre d\u2019Abel Gance et en charge de la derni\u00e8re restauration du \u2018Napol\u00e9on\u2019 par la Cin\u00e9math\u00e8que Fran\u00e7aise\t\t\t\t\t<\/div>\n\t\t\t\t\n\t\t\t\t\t\t\t<\/div>\n\t\t<\/div>\n\t\t\t\t\t\t<\/div>\n\t\t\t\t<\/div>\n\t\t\t\t<div class=\"elementor-element elementor-element-1d58fef2 elementor-align-left elementor-widget elementor-widget-button\" data-id=\"1d58fef2\" data-element_type=\"widget\" data-e-type=\"widget\" data-widget_type=\"button.default\">\n\t\t\t\t<div class=\"elementor-widget-container\">\n\t\t\t\t\t\t\t\t\t<div class=\"elementor-button-wrapper\">\n\t\t\t\t\t<a class=\"elementor-button elementor-button-link elementor-size-sm\" href=\"\/lumi\/wp-content\/uploads\/2024\/08\/4-bis-DEFIN.-RELU-JGT-et-MG-Georges-Mourier-Article-Lumi-Napole\u0301on-Copie-Corse-2024-05-31-1-1.pdf\" target=\"_blank\">\n\t\t\t\t\t\t<span class=\"elementor-button-content-wrapper\">\n\t\t\t\t\t\t<span class=\"elementor-button-icon\">\n\t\t\t\t<i aria-hidden=\"true\" class=\"fas fa-file-download\"><\/i>\t\t\t<\/span>\n\t\t\t\t\t\t\t\t\t<span class=\"elementor-button-text\">Visionner \/ T\u00e9l\u00e9charger la version PDF<\/span>\n\t\t\t\t\t<\/span>\n\t\t\t\t\t<\/a>\n\t\t\t\t<\/div>\n\t\t\t\t\t\t\t\t<\/div>\n\t\t\t\t<\/div>\n\t\t\t\t\t<\/div>\n\t\t<\/div>\n\t\t\t\t\t<\/div>\n\t\t<\/section>\n\t\t\t\t<section data-particle_enable=\"false\" data-particle-mobile-disabled=\"false\" class=\"elementor-section elementor-top-section elementor-element elementor-element-d158794 elementor-section-boxed elementor-section-height-default elementor-section-height-default\" data-id=\"d158794\" data-element_type=\"section\" data-e-type=\"section\">\n\t\t\t\t\t\t<div class=\"elementor-container elementor-column-gap-default\">\n\t\t\t\t\t<div class=\"elementor-column elementor-col-50 elementor-top-column elementor-element elementor-element-0b264ee\" data-id=\"0b264ee\" data-element_type=\"column\" data-e-type=\"column\">\n\t\t\t<div class=\"elementor-widget-wrap elementor-element-populated\">\n\t\t\t\t\t\t<div class=\"elementor-element elementor-element-9a39c68 elementor-widget elementor-widget-text-editor\" data-id=\"9a39c68\" data-element_type=\"widget\" data-e-type=\"widget\" data-widget_type=\"text-editor.default\">\n\t\t\t\t<div class=\"elementor-widget-container\">\n\t\t\t\t\t\t\t\t\t<p>Le <em>Napol\u00e9on<\/em> d&rsquo;Abel Gance avait \u00e9t\u00e9 pr\u00e9sent\u00e9 en premi\u00e8re \u00e0 l&rsquo;Op\u00e9ra de Paris le 7 avril 1927 dans sa version courte d&rsquo;environ 4h, d\u00e9nomm\u00e9e <em>version Op\u00e9ra<\/em>.<\/p>\n<p>Puis, apr\u00e8s deux <em>projections test<\/em> en mai de la m\u00eame ann\u00e9e d&rsquo;une <em>version brut<\/em> de 9h30 au cin\u00e9ma Apollo, Gance r\u00e9duisit son montage vers novembre pour arriver \u00e0 sa <em>Grande Version<\/em> de sept heures qui est celle que j&rsquo;ai restaur\u00e9e pour la Cin\u00e9math\u00e8que fran\u00e7aise de 2008 \u00e0 2022.<\/p>\n<p>\u00a0<\/p>\n<p>Dans cet immense travail de recherche et de reconstruction, la copie corse a \u00e9t\u00e9 un \u00e9l\u00e9ment d\u00e9cisif.<\/p>\n<p>\u00a0<\/p>\n<p>Sa l\u00e9gende d&rsquo;abord\u00a0: j&rsquo;en avais entendu parler depuis presque 20 ans. En ao\u00fbt 1987, Bambi Ballard, aupr\u00e8s de laquelle je travaillais alors, m&rsquo;en apprit l&rsquo;existence. Au lendemain de la projection du <em>Napol\u00e9on<\/em> en Ajaccio place du Casone, elle avait lanc\u00e9 \u00e0 la radio comme une boutade\u00a0:\u00a0<em>\u00ab\u00a0Si vous avez une copie de Napol\u00e9on dans votre grenier, s&rsquo;il vous plait, apportez-l\u00e0\u00a0!\u00a0\u00bb.<\/em>\u00a0 Un certain Pierre Tognetti se fit alors conna\u00eetre<a href=\"#_ftn1\" name=\"_ftnref1\">[1]<\/a>&#8230;<\/p>\n<p>La d\u00e9couverte de cette copie amena en partie Bambi \u00e0 r\u00e9aliser une quatri\u00e8me restauration du <em>Napol\u00e9on<\/em> en 1992, puis pour Kevin Brownlow, une cinqui\u00e8me et derni\u00e8re restauration en 2000.<\/p>\n<p>Son destin aurait pu s&rsquo;arr\u00eater l\u00e0.<\/p>\n<p>Mais en 2008, lorsque la Cin\u00e9math\u00e8que fran\u00e7aise m&rsquo;appela pour r\u00e9aliser une expertise du fonds <em>Napol\u00e9on<\/em> qui devait durer trois mois, et se transformera contre toute attente en une nouvelle restauration de 14 ans, mon assistante-monteuse Laure Marchaut et moi-m\u00eame pouvions enfin avoir entre nos mains cette copie l\u00e9gendaire, gr\u00e2ce \u00e0 l&rsquo;entremise de Jean-Pierre Mattei.<\/p>\n<p>\u00a0<\/p>\n<p>Les d\u00e9tails de notre enqu\u00eate et de nos longues et patientes investigations sur cette copie afin qu&rsquo;elle nous r\u00e9v\u00e8le peu \u00e0 peu tous ses secrets, seront relat\u00e9s dans mon livre actuellement en cours d&rsquo;\u00e9criture qui racontera toute l&rsquo;aventure humaine et scientifique de cette restauration dont les origines remontent \u00e0 1983.<\/p>\n<p>\u00a0<\/p>\n<p>Disons d&#8217;embl\u00e9e l&rsquo;\u00e9vidence\u00a0: cette copie est \u00e0 ce jour la plus belle copie positive au monde d&rsquo;une version homog\u00e8ne et coh\u00e9rente du <em>Napol\u00e9on<\/em>, directement tir\u00e9e \u00e0 partir d&rsquo;un des deux n\u00e9gatifs originaux, c&rsquo;est-\u00e0-dire la version courte Op\u00e9ra de 4h<a href=\"#_ftn2\" name=\"_ftnref2\">[2]<\/a>.<\/p>\n<p>\u00a0<\/p>\n<p>Quand en ao\u00fbt 2010, je d\u00e9couvris que, contrairement \u00e0 ce qu&rsquo;avaient cru tous mes illustres pr\u00e9d\u00e9cesseurs (Henri Langlois et Marie Epstein, Bambi Ballard et Kevin Brownlow), la <em>Grande Version<\/em> ne consistait pas en la <em>version Op\u00e9ra<\/em> \u00e0 laquelle on aurait rajout\u00e9 des s\u00e9quences suppl\u00e9mentaires, mais \u00e9tait enti\u00e8rement issue d&rsquo;un seul n\u00e9gatif sp\u00e9cifique, celui de la <em>version Apollo<\/em> r\u00e9duit \u00e0 7h, la copie corse devint alors la pierre angulaire de ma reconstruction.<\/p>\n<p>Seul \u00e9l\u00e9ment int\u00e9gral survivant de la <em>version Op\u00e9ra<\/em> (except\u00e9 l&rsquo;\u00e9pisode de Toulon), elle allait me servir de rep\u00e8re indispensable pour diff\u00e9rencier et identifier, pendant des ann\u00e9es et parmi le millier de bobines expertis\u00e9es, si tel ou tel plan appartenait \u00e0 l&rsquo;image Op\u00e9ra ou Apollo<a href=\"#_ftn3\" name=\"_ftnref3\">[3]<\/a>.<\/p>\n<p>Un basculement s&rsquo;effectua\u00a0: cette d\u00e9couverte entrainait que nous ne pouvions capitaliser sur aucune des restaurations pr\u00e9c\u00e9dentes, puisqu&rsquo;elles avaient toutes, et ce en toute bonne foi, m\u00e9lang\u00e9 les deux n\u00e9gatifs originaux, qui relevaient de deux films aux approches artistiques diff\u00e9rentes.<\/p>\n<p>D&rsquo;une simple expertise \u00e0 l&rsquo;origine, la Cin\u00e9math\u00e8que fran\u00e7aise \u00e9tait amen\u00e9e \u00e0 envisager une nouvelle restauration du <em>Napol\u00e9on<\/em>, en reprenant tout \u00e0 la base.<\/p>\n<p>\u00a0<\/p>\n<p>Mais cette copie \u00e9tant en images Op\u00e9ra, et puisque nous voulions reconstruire la <em>Grande Version<\/em> issue des images Apollo, cela nous condamnait-il \u00e0 ne pas y puiser des extraits\u00a0?<\/p>\n<p>\u00a0<\/p>\n<p>Je d\u00e9couvris d&rsquo;abord que les <em>bancs-titre<\/em> admirablement compos\u00e9s, c&rsquo;est-\u00e0-dire les intertitres ou cartons, y compris et surtout ceux avec un fond anim\u00e9 (nuage, papier \u00e0 lettre, dossiers, paysages d\u00e9filant ou fil de l&rsquo;eau, etc.), \u00e9taient \u00e9quivalents dans les deux versions. C&rsquo;est pourquoi pr\u00e8s de 90% des cartons de la copie corse, d&rsquo;excellente qualit\u00e9 photographique, furent repris dans cette restauration.<\/p>\n<p>Quelques sc\u00e9nettes aussi furent utilis\u00e9es car presque \u00e9quivalentes aux images Apollo, que je ne trouvais que fortement d\u00e9grad\u00e9es ou disparues dans les rares \u00e9l\u00e9ments qui avaient subsist\u00e9 de par le monde. Par exemple\u00a0: la jeune Hortense de Beauharnais dialoguant avec son perroquet, Jos\u00e9phine \u00e0 son clavecin, le refus de Bonaparte \u00e0 Pont\u00e9coulant, pr\u00e9sident de la Convention, d&rsquo;aller combattre en Vend\u00e9e, ou l&rsquo;expiation de Salicetti. Mais surtout, la copie corse permit un grand sauvetage dans la s\u00e9quence des Cordeliers, la sc\u00e8ne dite des <em>Trois Dieux<\/em>, pr\u00e9sentant Danton, Robespierre et Marat interpr\u00e9t\u00e9 par un Antonin Artaud presque hallucin\u00e9.<\/p>\t\t\t\t\t\t\t\t<\/div>\n\t\t\t\t<\/div>\n\t\t\t\t\t<\/div>\n\t\t<\/div>\n\t\t\t\t<div class=\"elementor-column elementor-col-50 elementor-top-column elementor-element elementor-element-770ed1c elementor-hidden-mobile\" data-id=\"770ed1c\" data-element_type=\"column\" data-e-type=\"column\">\n\t\t\t<div class=\"elementor-widget-wrap elementor-element-populated\">\n\t\t\t\t\t\t<div class=\"elementor-element elementor-element-c3b8045 elementor-widget-divider--view-line_text elementor-widget-divider--element-align-center elementor-widget elementor-widget-divider\" data-id=\"c3b8045\" data-element_type=\"widget\" data-e-type=\"widget\" data-widget_type=\"divider.default\">\n\t\t\t\t<div class=\"elementor-widget-container\">\n\t\t\t\t\t\t\t<div class=\"elementor-divider\">\n\t\t\t<span class=\"elementor-divider-separator\">\n\t\t\t\t\t\t\t<p class=\"elementor-divider__text elementor-divider__element\">\n\t\t\t\tPage 1\t\t\t\t<\/p>\n\t\t\t\t\t\t<\/span>\n\t\t<\/div>\n\t\t\t\t\t\t<\/div>\n\t\t\t\t<\/div>\n\t\t\t\t<div class=\"elementor-element elementor-element-85956af elementor-widget elementor-widget-text-editor\" data-id=\"85956af\" data-element_type=\"widget\" data-e-type=\"widget\" data-widget_type=\"text-editor.default\">\n\t\t\t\t<div class=\"elementor-widget-container\">\n\t\t\t\t\t\t\t\t\t<p><a href=\"#_ftn1\">[1] Voir le texte de Jean-Pierre Mattei sur l&rsquo;histoire de cette fameuse copie.<\/a><\/p>\t\t\t\t\t\t\t\t<\/div>\n\t\t\t\t<\/div>\n\t\t\t\t<div class=\"elementor-element elementor-element-2283b48 elementor-widget elementor-widget-text-editor\" data-id=\"2283b48\" data-element_type=\"widget\" data-e-type=\"widget\" data-widget_type=\"text-editor.default\">\n\t\t\t\t<div class=\"elementor-widget-container\">\n\t\t\t\t\t\t\t\t\t<p><a href=\"#_ftn2\">[2] Moins l&rsquo;\u00e9pisode de Toulon.<\/a><\/p>\t\t\t\t\t\t\t\t<\/div>\n\t\t\t\t<\/div>\n\t\t\t\t<div class=\"elementor-element elementor-element-c8b71ca elementor-widget elementor-widget-text-editor\" data-id=\"c8b71ca\" data-element_type=\"widget\" data-e-type=\"widget\" data-widget_type=\"text-editor.default\">\n\t\t\t\t<div class=\"elementor-widget-container\">\n\t\t\t\t\t\t\t\t\t<p><a href=\"#_ftn3\">[3] Ce mode d&rsquo;identification, tout d&rsquo;abord par empirisme, fut ensuite prouv\u00e9&#8230;<\/a><\/p>\t\t\t\t\t\t\t\t<\/div>\n\t\t\t\t<\/div>\n\t\t\t\t\t<\/div>\n\t\t<\/div>\n\t\t\t\t\t<\/div>\n\t\t<\/section>\n\t\t\t\t<section data-particle_enable=\"false\" data-particle-mobile-disabled=\"false\" class=\"elementor-section elementor-top-section elementor-element elementor-element-b37f9e8 elementor-section-boxed elementor-section-height-default elementor-section-height-default\" data-id=\"b37f9e8\" data-element_type=\"section\" data-e-type=\"section\">\n\t\t\t\t\t\t<div class=\"elementor-container elementor-column-gap-default\">\n\t\t\t\t\t<div class=\"elementor-column elementor-col-50 elementor-top-column elementor-element elementor-element-1c6efe4\" data-id=\"1c6efe4\" data-element_type=\"column\" data-e-type=\"column\">\n\t\t\t<div class=\"elementor-widget-wrap elementor-element-populated\">\n\t\t\t\t\t\t<div class=\"elementor-element elementor-element-1b3e476 elementor-widget elementor-widget-text-editor\" data-id=\"1b3e476\" data-element_type=\"widget\" data-e-type=\"widget\" data-widget_type=\"text-editor.default\">\n\t\t\t\t<div class=\"elementor-widget-container\">\n\t\t\t\t\t\t\t\t\t<p>Au-del\u00e0 de ce premier apport en tant qu&rsquo;extraits, la copie corse nous d\u00e9livra des secrets de fabrication bien plus subtils et d\u00e9cisifs.<\/p>\n<p>Cette copie est directement sortie \u00e0 l&rsquo;\u00e9poque des laboratoires GM Films en charge de la post-production du <em>Napol\u00e9on<\/em>. Elle est donc un r\u00e9f\u00e9rent r\u00eav\u00e9 envers tous les param\u00e8tres de la qualit\u00e9 de l&rsquo;image et de son splendide rendu photographique (densitom\u00e9trie, sensitom\u00e9trie, charte de fixit\u00e9, texture, etc.). En un mot, c&rsquo;est elle qui fut notre diapason pour retrouver la qualit\u00e9 originelle du film.<\/p>\n<p>C&rsquo;est le rendu de son image, sa <em>rondeur<\/em> diraient les techniciens, la richesse de sa gamme de gris qui nous entraina dans une aventure exceptionnelle\u00a0: celle d&rsquo;inventer des outils num\u00e9riques sp\u00e9cialement adapt\u00e9s au <em>cas Napol\u00e9on<\/em>.<\/p>\n<p>Plus sp\u00e9cialement, ce furent trois ing\u00e9nieurs du d\u00e9partement Recherche et D\u00e9veloppement de chez Eclair Cin\u00e9ma, Nelsy Zami, Lucas Boubel et R\u00e9mi Achard, qui d\u00e9velopp\u00e8rent sur trois ans (de 2017 \u00e0 2020) les outils num\u00e9riques pour retrouver tout d&rsquo;abord le fameux noir et blanc des pellicules orthochromatiques de l&rsquo;\u00e9poque, puis les tr\u00e8s subtils teintages (orange, rouge, cyan, bleu, rose et vert) tout en respectant scrupuleusement le large \u00e9ventail des nuances de gris de chaque image. Ces outils furent conserv\u00e9s et utilis\u00e9s lors de la reprise de la restauration et son unification par les laboratoires Eclair Classics en 2020 dirig\u00e9s par Davide Pozzi, et sous la responsabilit\u00e9 d&rsquo;Elena Tammaracco.<\/p>\n<p>Enfin, le rendu photographique de la copie corse restant notre r\u00e9f\u00e9rence, nous allions la conserver en nos stocks tout au long de la conformation r\u00e9alis\u00e9e par V\u00e9ronique Mourlan et jusqu&rsquo;\u00e0 l&rsquo;\u00e9talonnage effectu\u00e9 par Bruno Patin.<\/p>\n<p>C&rsquo;est ainsi que la copie corse impacta notre mode op\u00e9ratoire tout au long de la complexe chaine de restauration, du calibrage de la lumi\u00e8re du Nitroscan (un appareil unique au monde pour scanner les pr\u00e9cieux \u00e9l\u00e9ments en 5K), jusqu&rsquo;\u00e0 l&rsquo;\u00e9talonnage final.<\/p>\n<p>D&rsquo;un pr\u00eat de quelques mois en 2008, cette copie corse est donc rest\u00e9e aupr\u00e8s de nous jusqu&rsquo;en 2022&#8230;<\/p>\n<p>\u00a0<\/p>\n<p>Cette copie exceptionnelle, voire unique, nous a permis d&rsquo;\u00e9viter le rendu plat et froidement technique du num\u00e9rique, et de garder la mati\u00e8re m\u00eame de l&rsquo;image cin\u00e9matographique.<\/p>\n<p>Abel Gance avait l&rsquo;habitude de dire que ce qui \u00e9tait important dans ses films, ce n&rsquo;\u00e9tait pas les images, mais ce qu&rsquo;il y avait <em>entre<\/em> les images.<\/p>\n<p>La copie corse, en nous d\u00e9voilant un \u00e0 un tous ses secrets, nous a permis de retrouver cet impalpable <em>entre les images<\/em>, et donc d&rsquo;une certaine mani\u00e8re, l&rsquo;\u00e2me m\u00eame du film d&rsquo;Abel Gance.<\/p>\t\t\t\t\t\t\t\t<\/div>\n\t\t\t\t<\/div>\n\t\t\t\t<div class=\"elementor-element elementor-element-f275ade elementor-widget-divider--view-line elementor-widget elementor-widget-divider\" data-id=\"f275ade\" data-element_type=\"widget\" data-e-type=\"widget\" data-widget_type=\"divider.default\">\n\t\t\t\t<div class=\"elementor-widget-container\">\n\t\t\t\t\t\t\t<div class=\"elementor-divider\">\n\t\t\t<span class=\"elementor-divider-separator\">\n\t\t\t\t\t\t<\/span>\n\t\t<\/div>\n\t\t\t\t\t\t<\/div>\n\t\t\t\t<\/div>\n\t\t\t\t\t<\/div>\n\t\t<\/div>\n\t\t\t\t<div class=\"elementor-column elementor-col-50 elementor-top-column elementor-element elementor-element-f5774a3 elementor-hidden-mobile\" data-id=\"f5774a3\" data-element_type=\"column\" data-e-type=\"column\">\n\t\t\t<div class=\"elementor-widget-wrap elementor-element-populated\">\n\t\t\t\t\t\t<div class=\"elementor-element elementor-element-f71695e elementor-widget-divider--view-line_text elementor-widget-divider--element-align-center elementor-widget elementor-widget-divider\" data-id=\"f71695e\" data-element_type=\"widget\" data-e-type=\"widget\" data-widget_type=\"divider.default\">\n\t\t\t\t<div class=\"elementor-widget-container\">\n\t\t\t\t\t\t\t<div class=\"elementor-divider\">\n\t\t\t<span class=\"elementor-divider-separator\">\n\t\t\t\t\t\t\t<p class=\"elementor-divider__text elementor-divider__element\">\n\t\t\t\tPage 2\t\t\t\t<\/p>\n\t\t\t\t\t\t<\/span>\n\t\t<\/div>\n\t\t\t\t\t\t<\/div>\n\t\t\t\t<\/div>\n\t\t\t\t\t<\/div>\n\t\t<\/div>\n\t\t\t\t\t<\/div>\n\t\t<\/section>\n\t\t\t\t<section data-particle_enable=\"false\" data-particle-mobile-disabled=\"false\" class=\"elementor-section elementor-top-section elementor-element elementor-element-57891c7 elementor-section-boxed elementor-section-height-default elementor-section-height-default\" data-id=\"57891c7\" data-element_type=\"section\" data-e-type=\"section\">\n\t\t\t\t\t\t<div class=\"elementor-container elementor-column-gap-default\">\n\t\t\t\t\t<div class=\"elementor-column elementor-col-50 elementor-top-column elementor-element elementor-element-d307c05\" data-id=\"d307c05\" data-element_type=\"column\" data-e-type=\"column\">\n\t\t\t<div class=\"elementor-widget-wrap elementor-element-populated\">\n\t\t\t\t\t\t<div class=\"elementor-element elementor-element-38c07b7 elementor-widget elementor-widget-text-editor\" data-id=\"38c07b7\" data-element_type=\"widget\" data-e-type=\"widget\" data-widget_type=\"text-editor.default\">\n\t\t\t\t<div class=\"elementor-widget-container\">\n\t\t\t\t\t\t\t\t\t<p><a href=\"#_ftnref1\" name=\"_ftn1\">[1]<\/a> Voir le texte de Jean-Pierre Mattei sur l&rsquo;histoire de cette fameuse copie.<\/p>\n<p><a href=\"#_ftnref2\" name=\"_ftn2\">[2]<\/a> Moins l&rsquo;\u00e9pisode de Toulon.<\/p>\n<p><a href=\"#_ftnref3\" name=\"_ftn3\">[3]<\/a> Ce mode d&rsquo;identification, tout d&rsquo;abord par empirisme, fut ensuite prouv\u00e9 scientifiquement courant 2014.<\/p>\t\t\t\t\t\t\t\t<\/div>\n\t\t\t\t<\/div>\n\t\t\t\t\t<\/div>\n\t\t<\/div>\n\t\t\t\t<div class=\"elementor-column elementor-col-50 elementor-top-column elementor-element elementor-element-706e406 elementor-hidden-mobile\" data-id=\"706e406\" data-element_type=\"column\" data-e-type=\"column\">\n\t\t\t<div class=\"elementor-widget-wrap\">\n\t\t\t\t\t\t\t<\/div>\n\t\t<\/div>\n\t\t\t\t\t<\/div>\n\t\t<\/section>\n\t\t\t\t<section data-particle_enable=\"false\" data-particle-mobile-disabled=\"false\" class=\"elementor-section elementor-top-section elementor-element elementor-element-7905badf elementor-section-boxed elementor-section-height-default elementor-section-height-default\" data-id=\"7905badf\" data-element_type=\"section\" data-e-type=\"section\">\n\t\t\t\t\t\t<div class=\"elementor-container elementor-column-gap-default\">\n\t\t\t\t\t<div class=\"elementor-column elementor-col-100 elementor-top-column elementor-element elementor-element-3612363e\" data-id=\"3612363e\" data-element_type=\"column\" data-e-type=\"column\">\n\t\t\t<div class=\"elementor-widget-wrap elementor-element-populated\">\n\t\t\t\t\t\t<div class=\"elementor-element elementor-element-58d89c42 elementor-share-buttons--skin-boxed elementor-share-buttons--view-icon-text elementor-share-buttons--shape-square elementor-grid-0 elementor-share-buttons--color-official elementor-widget elementor-widget-share-buttons\" data-id=\"58d89c42\" data-element_type=\"widget\" data-e-type=\"widget\" data-widget_type=\"share-buttons.default\">\n\t\t\t\t<div class=\"elementor-widget-container\">\n\t\t\t\t\t\t\t<div class=\"elementor-grid\" role=\"list\">\n\t\t\t\t\t\t\t\t<div class=\"elementor-grid-item\" role=\"listitem\">\n\t\t\t\t\t\t<div class=\"elementor-share-btn elementor-share-btn_facebook\" role=\"button\" tabindex=\"0\" aria-label=\"Partager sur facebook\">\n\t\t\t\t\t\t\t\t\t\t\t\t\t\t\t<span class=\"elementor-share-btn__icon\">\n\t\t\t\t\t\t\t\t<i class=\"fab fa-facebook\" aria-hidden=\"true\"><\/i>\t\t\t\t\t\t\t<\/span>\n\t\t\t\t\t\t\t\t\t\t\t\t\t\t\t\t\t\t\t\t\t\t<div class=\"elementor-share-btn__text\">\n\t\t\t\t\t\t\t\t\t\t\t\t\t\t\t\t\t\t\t<span class=\"elementor-share-btn__title\">\n\t\t\t\t\t\t\t\t\t\tFacebook\t\t\t\t\t\t\t\t\t<\/span>\n\t\t\t\t\t\t\t\t\t\t\t\t\t\t\t\t\t<\/div>\n\t\t\t\t\t\t\t\t\t\t\t\t\t<\/div>\n\t\t\t\t\t<\/div>\n\t\t\t\t\t\t\t\t\t<div class=\"elementor-grid-item\" role=\"listitem\">\n\t\t\t\t\t\t<div class=\"elementor-share-btn elementor-share-btn_twitter\" role=\"button\" tabindex=\"0\" aria-label=\"Partager sur twitter\">\n\t\t\t\t\t\t\t\t\t\t\t\t\t\t\t<span class=\"elementor-share-btn__icon\">\n\t\t\t\t\t\t\t\t<i class=\"fab fa-twitter\" aria-hidden=\"true\"><\/i>\t\t\t\t\t\t\t<\/span>\n\t\t\t\t\t\t\t\t\t\t\t\t\t\t\t\t\t\t\t\t\t\t<div class=\"elementor-share-btn__text\">\n\t\t\t\t\t\t\t\t\t\t\t\t\t\t\t\t\t\t\t<span class=\"elementor-share-btn__title\">\n\t\t\t\t\t\t\t\t\t\tTwitter\t\t\t\t\t\t\t\t\t<\/span>\n\t\t\t\t\t\t\t\t\t\t\t\t\t\t\t\t\t<\/div>\n\t\t\t\t\t\t\t\t\t\t\t\t\t<\/div>\n\t\t\t\t\t<\/div>\n\t\t\t\t\t\t\t\t\t<div class=\"elementor-grid-item\" role=\"listitem\">\n\t\t\t\t\t\t<div class=\"elementor-share-btn elementor-share-btn_linkedin\" role=\"button\" tabindex=\"0\" aria-label=\"Partager sur linkedin\">\n\t\t\t\t\t\t\t\t\t\t\t\t\t\t\t<span class=\"elementor-share-btn__icon\">\n\t\t\t\t\t\t\t\t<i class=\"fab fa-linkedin\" aria-hidden=\"true\"><\/i>\t\t\t\t\t\t\t<\/span>\n\t\t\t\t\t\t\t\t\t\t\t\t\t\t\t\t\t\t\t\t\t\t<div class=\"elementor-share-btn__text\">\n\t\t\t\t\t\t\t\t\t\t\t\t\t\t\t\t\t\t\t<span class=\"elementor-share-btn__title\">\n\t\t\t\t\t\t\t\t\t\tLinkedIn\t\t\t\t\t\t\t\t\t<\/span>\n\t\t\t\t\t\t\t\t\t\t\t\t\t\t\t\t\t<\/div>\n\t\t\t\t\t\t\t\t\t\t\t\t\t<\/div>\n\t\t\t\t\t<\/div>\n\t\t\t\t\t\t<\/div>\n\t\t\t\t\t\t<\/div>\n\t\t\t\t<\/div>\n\t\t\t\t<div class=\"elementor-element elementor-element-47be1c64 elementor-widget-divider--separator-type-pattern elementor-widget-divider--no-spacing elementor-widget-divider--view-line elementor-widget elementor-widget-divider\" data-id=\"47be1c64\" data-element_type=\"widget\" data-e-type=\"widget\" data-widget_type=\"divider.default\">\n\t\t\t\t<div class=\"elementor-widget-container\">\n\t\t\t\t\t\t\t<div class=\"elementor-divider\" style=\"--divider-pattern-url: url(&quot;data:image\/svg+xml,%3Csvg xmlns=&#039;http:\/\/www.w3.org\/2000\/svg&#039; preserveAspectRatio=&#039;none&#039; overflow=&#039;visible&#039; height=&#039;100%&#039; viewBox=&#039;0 0 24 24&#039; fill=&#039;black&#039; stroke=&#039;none&#039;%3E%3Cpath d=&#039;M24,8v12H0V8H24z M24,4v1H0V4H24z&#039;\/%3E%3C\/svg%3E&quot;);\">\n\t\t\t<span class=\"elementor-divider-separator\">\n\t\t\t\t\t\t<\/span>\n\t\t<\/div>\n\t\t\t\t\t\t<\/div>\n\t\t\t\t<\/div>\n\t\t\t\t<div class=\"elementor-element elementor-element-613bf0b4 elementor-widget elementor-widget-heading\" data-id=\"613bf0b4\" data-element_type=\"widget\" data-e-type=\"widget\" data-widget_type=\"heading.default\">\n\t\t\t\t<div class=\"elementor-widget-container\">\n\t\t\t\t\t<h4 class=\"elementor-heading-title elementor-size-default\">D'autres articles<\/h4>\t\t\t\t<\/div>\n\t\t\t\t<\/div>\n\t\t\t\t<div class=\"elementor-element elementor-element-7ab40fe2 elementor-grid-1 elementor-posts--thumbnail-left elementor-grid-tablet-1 elementor-grid-mobile-1 elementor-widget elementor-widget-posts\" data-id=\"7ab40fe2\" data-element_type=\"widget\" data-e-type=\"widget\" data-settings=\"{&quot;classic_columns&quot;:&quot;1&quot;,&quot;classic_row_gap&quot;:{&quot;unit&quot;:&quot;px&quot;,&quot;size&quot;:20,&quot;sizes&quot;:[]},&quot;classic_columns_tablet&quot;:&quot;1&quot;,&quot;classic_columns_mobile&quot;:&quot;1&quot;,&quot;classic_row_gap_tablet&quot;:{&quot;unit&quot;:&quot;px&quot;,&quot;size&quot;:&quot;&quot;,&quot;sizes&quot;:[]},&quot;classic_row_gap_mobile&quot;:{&quot;unit&quot;:&quot;px&quot;,&quot;size&quot;:&quot;&quot;,&quot;sizes&quot;:[]}}\" data-widget_type=\"posts.classic\">\n\t\t\t\t<div class=\"elementor-widget-container\">\n\t\t\t\t\t\t\t<div class=\"elementor-posts-container elementor-posts elementor-posts--skin-classic elementor-grid\" role=\"list\">\n\t\t\t\t<article class=\"elementor-post elementor-grid-item post-3174 post type-post status-publish format-standard has-post-thumbnail hentry category-hors-serie-1\" role=\"listitem\">\n\t\t\t\t<a class=\"elementor-post__thumbnail__link\" href=\"https:\/\/m3c.universita.corsica\/lumi\/la-sequence-corse-du-film-napoleon-vu-par-abel-gance\/\" tabindex=\"-1\" >\n\t\t\t<div class=\"elementor-post__thumbnail\"><img fetchpriority=\"high\" decoding=\"async\" width=\"300\" height=\"169\" src=\"https:\/\/lumi.univ-corse.fr\/wp-content\/uploads\/2024\/08\/10.-DEFIN-RELU-JGT-et-MG-JD-POLI-300x169.jpg\" class=\"attachment-medium size-medium wp-image-3124\" alt=\"\" srcset=\"https:\/\/lumi.univ-corse.fr\/wp-content\/uploads\/2024\/08\/10.-DEFIN-RELU-JGT-et-MG-JD-POLI-300x169.jpg 300w, https:\/\/lumi.univ-corse.fr\/wp-content\/uploads\/2024\/08\/10.-DEFIN-RELU-JGT-et-MG-JD-POLI-1024x576.jpg 1024w, https:\/\/lumi.univ-corse.fr\/wp-content\/uploads\/2024\/08\/10.-DEFIN-RELU-JGT-et-MG-JD-POLI-768x432.jpg 768w, https:\/\/lumi.univ-corse.fr\/wp-content\/uploads\/2024\/08\/10.-DEFIN-RELU-JGT-et-MG-JD-POLI-1536x864.jpg 1536w, https:\/\/lumi.univ-corse.fr\/wp-content\/uploads\/2024\/08\/10.-DEFIN-RELU-JGT-et-MG-JD-POLI.jpg 1800w\" sizes=\"(max-width: 300px) 100vw, 300px\" \/><\/div>\n\t\t<\/a>\n\t\t\t\t<div class=\"elementor-post__text\">\n\t\t\t\t<h3 class=\"elementor-post__title\">\n\t\t\t<a href=\"https:\/\/m3c.universita.corsica\/lumi\/la-sequence-corse-du-film-napoleon-vu-par-abel-gance\/\" >\n\t\t\t\tLa \u00ab s\u00e9quence Corse \u00bb du film Napol\u00e9on vu par Abel Gance\t\t\t<\/a>\n\t\t<\/h3>\n\t\t\t\t<div class=\"elementor-post__meta-data\">\n\t\t\t\t\t<span class=\"elementor-post-date\">\n\t\t\t29 ao\u00fbt 2024\t\t<\/span>\n\t\t\t\t<\/div>\n\t\t\t\t<div class=\"elementor-post__excerpt\">\n\t\t\t<p>Napol\u00e9on cumule la particularit\u00e9 d&rsquo;\u00eatre un personnage historique exceptionnel devenu un mythe universel toujours actif, capable de susciter de grandes images collectives et d&rsquo;intenses mythologies personnelles\u00a0; il ne pouvait devenir qu&rsquo;un sujet de choix pour l&rsquo;art cin\u00e9matographique. Ainsi, occupe-t-il la premi\u00e8re place des personnages&#8230;<\/p>\n\t\t<\/div>\n\t\t\t\t<\/div>\n\t\t\t\t<\/article>\n\t\t\t\t<article class=\"elementor-post elementor-grid-item post-3129 post type-post status-publish format-standard has-post-thumbnail hentry category-hors-serie-1\" role=\"listitem\">\n\t\t\t\t<a class=\"elementor-post__thumbnail__link\" href=\"https:\/\/m3c.universita.corsica\/lumi\/napoleon-et-paoli\/\" tabindex=\"-1\" >\n\t\t\t<div class=\"elementor-post__thumbnail\"><img decoding=\"async\" width=\"300\" height=\"150\" src=\"https:\/\/lumi.univ-corse.fr\/wp-content\/uploads\/2024\/08\/9.-DEFIN-RELU-JGT-M.-Verge\u0301-Franceschi-PAOLI-ET-NAPOLEON-300x150.jpg\" class=\"attachment-medium size-medium wp-image-3122\" alt=\"\" srcset=\"https:\/\/lumi.univ-corse.fr\/wp-content\/uploads\/2024\/08\/9.-DEFIN-RELU-JGT-M.-Verge\u0301-Franceschi-PAOLI-ET-NAPOLEON-300x150.jpg 300w, https:\/\/lumi.univ-corse.fr\/wp-content\/uploads\/2024\/08\/9.-DEFIN-RELU-JGT-M.-Verge\u0301-Franceschi-PAOLI-ET-NAPOLEON-1024x512.jpg 1024w, https:\/\/lumi.univ-corse.fr\/wp-content\/uploads\/2024\/08\/9.-DEFIN-RELU-JGT-M.-Verge\u0301-Franceschi-PAOLI-ET-NAPOLEON-768x384.jpg 768w, https:\/\/lumi.univ-corse.fr\/wp-content\/uploads\/2024\/08\/9.-DEFIN-RELU-JGT-M.-Verge\u0301-Franceschi-PAOLI-ET-NAPOLEON-1536x768.jpg 1536w, https:\/\/lumi.univ-corse.fr\/wp-content\/uploads\/2024\/08\/9.-DEFIN-RELU-JGT-M.-Verge\u0301-Franceschi-PAOLI-ET-NAPOLEON.jpg 1800w\" sizes=\"(max-width: 300px) 100vw, 300px\" \/><\/div>\n\t\t<\/a>\n\t\t\t\t<div class=\"elementor-post__text\">\n\t\t\t\t<h3 class=\"elementor-post__title\">\n\t\t\t<a href=\"https:\/\/m3c.universita.corsica\/lumi\/napoleon-et-paoli\/\" >\n\t\t\t\tNapol\u00e9on et Paoli\t\t\t<\/a>\n\t\t<\/h3>\n\t\t\t\t<div class=\"elementor-post__meta-data\">\n\t\t\t\t\t<span class=\"elementor-post-date\">\n\t\t\t29 ao\u00fbt 2024\t\t<\/span>\n\t\t\t\t<\/div>\n\t\t\t\t<div class=\"elementor-post__excerpt\">\n\t\t\t<p>On a souvent l\u2019habitude d\u2019opposer Napol\u00e9on et Pascal Paoli.\u00a0 C\u2019est une erreur. Napol\u00e9on est n\u00e9 en 1769. Son p\u00e8re Charles Bonaparte en 1746. Et la grand-m\u00e8re de l\u2019Empereur, n\u00e9e Pietrasanta[1], veuve Ramolino, puis veuve Fesch, est n\u00e9e \u00e0 Ajaccio le 26 octobre 1725, c\u2019est-\u00e0-dire apr\u00e8s la naissance de Paoli \u00e0 Morosaglia, le vendredi 6 avril 1725&#8230;<\/p>\n\t\t<\/div>\n\t\t\t\t<\/div>\n\t\t\t\t<\/article>\n\t\t\t\t<article class=\"elementor-post elementor-grid-item post-3117 post type-post status-publish format-standard has-post-thumbnail hentry category-hors-serie-1\" role=\"listitem\">\n\t\t\t\t<a class=\"elementor-post__thumbnail__link\" href=\"https:\/\/m3c.universita.corsica\/lumi\/lepopee-du-film-napoleon-vu-par-abel-gance\/\" tabindex=\"-1\" >\n\t\t\t<div class=\"elementor-post__thumbnail\"><img decoding=\"async\" width=\"300\" height=\"162\" src=\"https:\/\/lumi.univ-corse.fr\/wp-content\/uploads\/2024\/08\/8.-DEFIN.-RELU-JGT-Napole\u0301on-Gance-Chanteranne-300x162.jpg\" class=\"attachment-medium size-medium wp-image-3105\" alt=\"\" srcset=\"https:\/\/lumi.univ-corse.fr\/wp-content\/uploads\/2024\/08\/8.-DEFIN.-RELU-JGT-Napole\u0301on-Gance-Chanteranne-300x162.jpg 300w, https:\/\/lumi.univ-corse.fr\/wp-content\/uploads\/2024\/08\/8.-DEFIN.-RELU-JGT-Napole\u0301on-Gance-Chanteranne-1024x554.jpg 1024w, https:\/\/lumi.univ-corse.fr\/wp-content\/uploads\/2024\/08\/8.-DEFIN.-RELU-JGT-Napole\u0301on-Gance-Chanteranne-768x415.jpg 768w, https:\/\/lumi.univ-corse.fr\/wp-content\/uploads\/2024\/08\/8.-DEFIN.-RELU-JGT-Napole\u0301on-Gance-Chanteranne-1536x830.jpg 1536w, https:\/\/lumi.univ-corse.fr\/wp-content\/uploads\/2024\/08\/8.-DEFIN.-RELU-JGT-Napole\u0301on-Gance-Chanteranne.jpg 1600w\" sizes=\"(max-width: 300px) 100vw, 300px\" \/><\/div>\n\t\t<\/a>\n\t\t\t\t<div class=\"elementor-post__text\">\n\t\t\t\t<h3 class=\"elementor-post__title\">\n\t\t\t<a href=\"https:\/\/m3c.universita.corsica\/lumi\/lepopee-du-film-napoleon-vu-par-abel-gance\/\" >\n\t\t\t\tL&rsquo;\u00e9pop\u00e9e du film Napol\u00e9on vu par Abel Gance\t\t\t<\/a>\n\t\t<\/h3>\n\t\t\t\t<div class=\"elementor-post__meta-data\">\n\t\t\t\t\t<span class=\"elementor-post-date\">\n\t\t\t28 ao\u00fbt 2024\t\t<\/span>\n\t\t\t\t<\/div>\n\t\t\t\t<div class=\"elementor-post__excerpt\">\n\t\t\t<p>Napol\u00e9on reste un personnage \u00e0 part de l\u2019histoire. Par son irr\u00e9sistible ascension puis sa chute, il a connu une destin\u00e9e hors du commun. H\u00e9ros aux plus de mille films[1], il b\u00e9n\u00e9ficie dans cette immense s\u00e9rie d\u2019une pl\u00e9iade d\u2019interpr\u00e8tes les plus \u00e9tonnants et diff\u00e9rents, de Charles Vanel \u00e0 Joaquin Phoenix, en passant par \u00c9mile Drain, Marlon&#8230;<\/p>\n\t\t<\/div>\n\t\t\t\t<\/div>\n\t\t\t\t<\/article>\n\t\t\t\t<\/div>\n\t\t\n\t\t\t\t\t\t<\/div>\n\t\t\t\t<\/div>\n\t\t\t\t\t<\/div>\n\t\t<\/div>\n\t\t\t\t\t<\/div>\n\t\t<\/section>\n\t\t\t\t<\/div>\n\t\t","protected":false},"excerpt":{"rendered":"<p>Le Napol\u00e9on d&rsquo;Abel Gance avait \u00e9t\u00e9 pr\u00e9sent\u00e9 en premi\u00e8re \u00e0 l&rsquo;Op\u00e9ra de Paris le 7 avril 1927 dans sa version courte d&rsquo;environ 4h, d\u00e9nomm\u00e9e version Op\u00e9ra. Puis, apr\u00e8s deux projections test en mai de la m\u00eame ann\u00e9e d&rsquo;une version brut de 9h30 au cin\u00e9ma Apollo, Gance r\u00e9duisit son montage vers novembre pour arriver \u00e0 sa Grande Version de sept&#8230;<\/p>\n","protected":false},"author":68,"featured_media":3061,"comment_status":"closed","ping_status":"closed","sticky":false,"template":"","format":"standard","meta":{"_acf_changed":false,"footnotes":""},"categories":[26],"tags":[],"class_list":["post-3060","post","type-post","status-publish","format-standard","has-post-thumbnail","hentry","category-hors-serie-1"],"acf":[],"_links":{"self":[{"href":"https:\/\/m3c.universita.corsica\/lumi\/wp-json\/wp\/v2\/posts\/3060","targetHints":{"allow":["GET"]}}],"collection":[{"href":"https:\/\/m3c.universita.corsica\/lumi\/wp-json\/wp\/v2\/posts"}],"about":[{"href":"https:\/\/m3c.universita.corsica\/lumi\/wp-json\/wp\/v2\/types\/post"}],"author":[{"embeddable":true,"href":"https:\/\/m3c.universita.corsica\/lumi\/wp-json\/wp\/v2\/users\/68"}],"replies":[{"embeddable":true,"href":"https:\/\/m3c.universita.corsica\/lumi\/wp-json\/wp\/v2\/comments?post=3060"}],"version-history":[{"count":13,"href":"https:\/\/m3c.universita.corsica\/lumi\/wp-json\/wp\/v2\/posts\/3060\/revisions"}],"predecessor-version":[{"id":3157,"href":"https:\/\/m3c.universita.corsica\/lumi\/wp-json\/wp\/v2\/posts\/3060\/revisions\/3157"}],"wp:featuredmedia":[{"embeddable":true,"href":"https:\/\/m3c.universita.corsica\/lumi\/wp-json\/wp\/v2\/media\/3061"}],"wp:attachment":[{"href":"https:\/\/m3c.universita.corsica\/lumi\/wp-json\/wp\/v2\/media?parent=3060"}],"wp:term":[{"taxonomy":"category","embeddable":true,"href":"https:\/\/m3c.universita.corsica\/lumi\/wp-json\/wp\/v2\/categories?post=3060"},{"taxonomy":"post_tag","embeddable":true,"href":"https:\/\/m3c.universita.corsica\/lumi\/wp-json\/wp\/v2\/tags?post=3060"}],"curies":[{"name":"wp","href":"https:\/\/api.w.org\/{rel}","templated":true}]}}