{"id":3075,"date":"2024-08-28T21:01:59","date_gmt":"2024-08-28T21:01:59","guid":{"rendered":"https:\/\/m3c.universita.corsica\/lumi\/?p=3075"},"modified":"2024-08-29T13:47:36","modified_gmt":"2024-08-29T13:47:36","slug":"temoignage-dun-musicien","status":"publish","type":"post","link":"https:\/\/m3c.universita.corsica\/lumi\/temoignage-dun-musicien\/","title":{"rendered":"T\u00e9moignage d\u2019un musicien"},"content":{"rendered":"\t\t<div data-elementor-type=\"wp-post\" data-elementor-id=\"3075\" class=\"elementor elementor-3075\" data-elementor-post-type=\"post\">\n\t\t\t\t\t\t<section data-particle_enable=\"false\" data-particle-mobile-disabled=\"false\" class=\"elementor-section elementor-top-section elementor-element elementor-element-5e8823c5 elementor-section-full_width elementor-section-height-min-height elementor-section-height-default elementor-section-items-middle\" data-id=\"5e8823c5\" data-element_type=\"section\" data-e-type=\"section\" data-settings=\"{&quot;background_background&quot;:&quot;classic&quot;}\">\n\t\t\t\t\t\t<div class=\"elementor-container elementor-column-gap-default\">\n\t\t\t\t\t<div class=\"elementor-column elementor-col-100 elementor-top-column elementor-element elementor-element-76f81a2a\" data-id=\"76f81a2a\" data-element_type=\"column\" data-e-type=\"column\">\n\t\t\t<div class=\"elementor-widget-wrap\">\n\t\t\t\t\t\t\t<\/div>\n\t\t<\/div>\n\t\t\t\t\t<\/div>\n\t\t<\/section>\n\t\t\t\t<section data-particle_enable=\"false\" data-particle-mobile-disabled=\"false\" class=\"elementor-section elementor-top-section elementor-element elementor-element-3a18bbe8 elementor-section-boxed elementor-section-height-default elementor-section-height-default\" data-id=\"3a18bbe8\" data-element_type=\"section\" data-e-type=\"section\">\n\t\t\t\t\t\t<div class=\"elementor-container elementor-column-gap-default\">\n\t\t\t\t\t<div class=\"elementor-column elementor-col-100 elementor-top-column elementor-element elementor-element-4b643c40\" data-id=\"4b643c40\" data-element_type=\"column\" data-e-type=\"column\">\n\t\t\t<div class=\"elementor-widget-wrap elementor-element-populated\">\n\t\t\t\t\t\t<div class=\"elementor-element elementor-element-408a78ac elementor-widget elementor-widget-heading\" data-id=\"408a78ac\" data-element_type=\"widget\" data-e-type=\"widget\" data-widget_type=\"heading.default\">\n\t\t\t\t<div class=\"elementor-widget-container\">\n\t\t\t\t\t<h1 class=\"elementor-heading-title elementor-size-default\">T\u00e9moignage d\u2019un musicien<\/h1>\t\t\t\t<\/div>\n\t\t\t\t<\/div>\n\t\t\t\t<div class=\"elementor-element elementor-element-34bfa006 elementor-author-box--name-yes elementor-author-box--biography-yes elementor-author-box--link-no elementor-widget elementor-widget-author-box\" data-id=\"34bfa006\" data-element_type=\"widget\" data-e-type=\"widget\" data-widget_type=\"author-box.default\">\n\t\t\t\t<div class=\"elementor-widget-container\">\n\t\t\t\t\t\t\t<div class=\"elementor-author-box\">\n\t\t\t\n\t\t\t<div class=\"elementor-author-box__text\">\n\t\t\t\t\t\t\t\t\t<div >\n\t\t\t\t\t\t<h4 class=\"elementor-author-box__name\">\n\t\t\t\t\t\t\tBertrand Cervera\t\t\t\t\t\t<\/h4>\n\t\t\t\t\t<\/div>\n\t\t\t\t\n\t\t\t\t\t\t\t\t\t<div class=\"elementor-author-box__bio\">\n\t\t\t\t\t\tVioloniste, membre de l\u2019Orchestre national de France, fondateur du festival \u00ab Sorru in Musica \u00bb\t\t\t\t\t<\/div>\n\t\t\t\t\n\t\t\t\t\t\t\t<\/div>\n\t\t<\/div>\n\t\t\t\t\t\t<\/div>\n\t\t\t\t<\/div>\n\t\t\t\t<div class=\"elementor-element elementor-element-1d58fef2 elementor-align-left elementor-widget elementor-widget-button\" data-id=\"1d58fef2\" data-element_type=\"widget\" data-e-type=\"widget\" data-widget_type=\"button.default\">\n\t\t\t\t<div class=\"elementor-widget-container\">\n\t\t\t\t\t\t\t\t\t<div class=\"elementor-button-wrapper\">\n\t\t\t\t\t<a class=\"elementor-button elementor-button-link elementor-size-sm\" href=\"\/lumi\/wp-content\/uploads\/2024\/08\/4-bis-RELU-JGT-Bertrand-Cervera.pdf\" target=\"_blank\">\n\t\t\t\t\t\t<span class=\"elementor-button-content-wrapper\">\n\t\t\t\t\t\t<span class=\"elementor-button-icon\">\n\t\t\t\t<i aria-hidden=\"true\" class=\"fas fa-file-download\"><\/i>\t\t\t<\/span>\n\t\t\t\t\t\t\t\t\t<span class=\"elementor-button-text\">Visionner \/ T\u00e9l\u00e9charger la version PDF<\/span>\n\t\t\t\t\t<\/span>\n\t\t\t\t\t<\/a>\n\t\t\t\t<\/div>\n\t\t\t\t\t\t\t\t<\/div>\n\t\t\t\t<\/div>\n\t\t\t\t\t<\/div>\n\t\t<\/div>\n\t\t\t\t\t<\/div>\n\t\t<\/section>\n\t\t\t\t<section data-particle_enable=\"false\" data-particle-mobile-disabled=\"false\" class=\"elementor-section elementor-top-section elementor-element elementor-element-d158794 elementor-section-boxed elementor-section-height-default elementor-section-height-default\" data-id=\"d158794\" data-element_type=\"section\" data-e-type=\"section\">\n\t\t\t\t\t\t<div class=\"elementor-container elementor-column-gap-default\">\n\t\t\t\t\t<div class=\"elementor-column elementor-col-50 elementor-top-column elementor-element elementor-element-0b264ee\" data-id=\"0b264ee\" data-element_type=\"column\" data-e-type=\"column\">\n\t\t\t<div class=\"elementor-widget-wrap elementor-element-populated\">\n\t\t\t\t\t\t<div class=\"elementor-element elementor-element-9a39c68 elementor-widget elementor-widget-text-editor\" data-id=\"9a39c68\" data-element_type=\"widget\" data-e-type=\"widget\" data-widget_type=\"text-editor.default\">\n\t\t\t\t<div class=\"elementor-widget-container\">\n\t\t\t\t\t\t\t\t\t<p>Jeune appel\u00e9 du contingent, \u00e0 une \u00e9poque o\u00f9 existait encore le \u00ab\u00a0service militaire\u00a0\u00bb, je me retrouvai, apr\u00e8s quelques p\u00e9rip\u00e9ties, membre \u00ab\u00a0suppl\u00e9mentaire\u00a0\u00bb de l\u2019Orchestre de la Garde R\u00e9publicaine. C\u2019est l\u00e0, qu\u2019\u00e9tonnamment, pour la premi\u00e8re fois, j\u2019allais rencontrer ce Napol\u00e9on d\u2019Abel Gance. Arm\u00e9 d\u2019un courage certain, l\u2019orchestre allait partir en tourn\u00e9e dans le but d\u2019accompagner le visionnage de ce film dans la version musicale compos\u00e9e et dirig\u00e9e par Carmine Coppola (p\u00e8re de Francis Ford). Un po\u00e8me ! Italie, \u00eele d\u2019Elbe etc\u2026 Souvenirs \u00e9piques de voyage, d\u2019annulations dues aux orages, de nuits en casernes italiennes. Et ce film incroyable ! Ces visages, ces cavalcades, ces \u00e9motions ! Premi\u00e8re exp\u00e9rience du \u00ab\u00a0cin\u00e9-concert\u00a0\u00bb. Sur telle place \u00e0 Bologne, telle barge mouill\u00e9e au port. Atmosph\u00e8re \u00e9toil\u00e9e o\u00f9 le d\u00e9cha\u00eenement des images faisait \u00ab\u00a0entendre\u00a0\u00bb le moindre d\u00e9tail de cette \u00e9pop\u00e9e. Comme si, nos sens, soudain, s\u2019aiguisaient \u00e0 l\u2019imaginaire. Une r\u00e9v\u00e9lation quasi sensuelle. Puis le temps a pass\u00e9. L\u2019Orchestre National, une vie de musicien vagabond, le festival \u00ab\u00a0Sorru in Musica\u00a0\u00bb entre autres projets\u2026 Et tr\u00e8s vite, au sein de ce festival corse, s\u2019est impos\u00e9e l\u2019id\u00e9e de faire d\u2019une soir\u00e9e un \u00ab\u00a0cin\u00e9-concert\u00a0\u00bb avec en t\u00eate, toujours, ce souvenir du Napol\u00e9on. Avec l\u2019aide de Jean-Pierre Mattei, cr\u00e9ateur de la Cin\u00e9math\u00e8que de Corse, ami d\u2019enfance de ma m\u00e8re et issu du m\u00eame village, Rennu, nous avons \u0153uvr\u00e9 chaque ann\u00e9e \u00e0 la d\u00e9couverte d\u2019\u0153uvres embl\u00e9matiques du cin\u00e9ma muet. Improvisant, composant, r\u00e9\u00e9crivant des partitions et cr\u00e9ant ainsi des moments suspendus et uniques. Le cin\u00e9-concert est ce m\u00e9lange d\u2019\u00e9merveillement et de concentration extr\u00eame dans la r\u00e9alisation du suivi musical. L\u2019image et le temps qui s\u2019\u00e9coulent imperturbablement en font une performance tr\u00e8s particuli\u00e8re. Et nous arrivons enfin \u00e0 notre sujet et \u00e0 cette nouvelle r\u00e9v\u00e9lation de l\u2019enregistrement de la bande-son de ce \u00ab\u00a0nouveau\u00a0\u00bb Napol\u00e9on. Un tout autre travail pour un orchestre comme l\u2019Orchestre National. Voir d\u00e9filer des s\u00e9quences du film tout en jouant les extraits choisis s\u2019est r\u00e9v\u00e9l\u00e9 passionnant. Enregistrer une musique de film revient \u00e0 entrer physiquement dans l\u2019image. Je parle bien de l\u2019image. Nous n\u2019entrons pas dans le film. Nous n\u2019avons aucune id\u00e9e (ou presque) de la s\u00e9quence pr\u00e9c\u00e9dente ou suivante. Seul compte l\u2019image pr\u00e9sente et les quelques secondes \u00e0 enregistrer. Et c\u2019est l\u00e0 que, pour ce film particuli\u00e8rement, la magie a op\u00e9r\u00e9. Quelle beaut\u00e9 ! Quelle esth\u00e9tique ! Le temps d\u2019enregistrement d\u2019une s\u00e9quence peut \u00eatre long. R\u00e9p\u00e9titions, calages, prises nombreuses. Laissant la possibilit\u00e9 de diss\u00e9quer chaque plan, chaque mouvement, geste, regard, attitude. Et sans \u00eatre du tout un cin\u00e9phile averti, il me semble qu\u2019Abel Gance a tout invent\u00e9. \u00c0 une \u00e9poque o\u00f9 l\u2019ing\u00e9niosit\u00e9 devait remplacer ce qui maintenant est du domaine d\u2019une technicit\u00e9 pointue. Ce cheval au galop, film\u00e9 \u00e0 le toucher et le sentir. Cette arriv\u00e9e de Bonaparte devant l\u2019arm\u00e9e d\u2019Italie. Ces postures h\u00e9ro\u00efques qui nous font frissonner ! J\u2019ai au cours de ma vie de musicien de \u00ab\u00a0studio\u00a0\u00bb eu la chance de travailler avec de grands metteurs en sc\u00e8ne ou compositeurs de musique de film. De Michel Legrand \u00e0 Claude Lelouch en passant par Alexandre Desplat ou Guillermo Del Toro. La force de ces \u00ab\u00a0grands\u00a0\u00bb est non seulement de colorer mais aussi d\u2019\u00ab\u00a0augmenter\u00a0\u00bb l\u2019image et les sensations gr\u00e2ce au son. De ce que j\u2019ai pu voir ou entrevoir de ce Napol\u00e9on, il est une r\u00e9ussite musicale incontestable. Et participer de ma modeste chaise de musicien d\u2019orchestre \u00e0 ce fantastique projet de r\u00e9habilitation fut un honneur et un moment artistique inoubliable.<\/p>\t\t\t\t\t\t\t\t<\/div>\n\t\t\t\t<\/div>\n\t\t\t\t<div class=\"elementor-element elementor-element-f275ade elementor-widget-divider--view-line elementor-widget elementor-widget-divider\" data-id=\"f275ade\" data-element_type=\"widget\" data-e-type=\"widget\" data-widget_type=\"divider.default\">\n\t\t\t\t<div class=\"elementor-widget-container\">\n\t\t\t\t\t\t\t<div class=\"elementor-divider\">\n\t\t\t<span class=\"elementor-divider-separator\">\n\t\t\t\t\t\t<\/span>\n\t\t<\/div>\n\t\t\t\t\t\t<\/div>\n\t\t\t\t<\/div>\n\t\t\t\t\t<\/div>\n\t\t<\/div>\n\t\t\t\t<div class=\"elementor-column elementor-col-50 elementor-top-column elementor-element elementor-element-770ed1c elementor-hidden-mobile\" data-id=\"770ed1c\" data-element_type=\"column\" data-e-type=\"column\">\n\t\t\t<div class=\"elementor-widget-wrap elementor-element-populated\">\n\t\t\t\t\t\t<div class=\"elementor-element elementor-element-c3b8045 elementor-widget-divider--view-line_text elementor-widget-divider--element-align-center elementor-widget elementor-widget-divider\" data-id=\"c3b8045\" data-element_type=\"widget\" data-e-type=\"widget\" data-widget_type=\"divider.default\">\n\t\t\t\t<div class=\"elementor-widget-container\">\n\t\t\t\t\t\t\t<div class=\"elementor-divider\">\n\t\t\t<span class=\"elementor-divider-separator\">\n\t\t\t\t\t\t\t<p class=\"elementor-divider__text elementor-divider__element\">\n\t\t\t\tPage 1\t\t\t\t<\/p>\n\t\t\t\t\t\t<\/span>\n\t\t<\/div>\n\t\t\t\t\t\t<\/div>\n\t\t\t\t<\/div>\n\t\t\t\t\t<\/div>\n\t\t<\/div>\n\t\t\t\t\t<\/div>\n\t\t<\/section>\n\t\t\t\t<section data-particle_enable=\"false\" data-particle-mobile-disabled=\"false\" class=\"elementor-section elementor-top-section elementor-element elementor-element-7905badf elementor-section-boxed elementor-section-height-default elementor-section-height-default\" data-id=\"7905badf\" data-element_type=\"section\" data-e-type=\"section\">\n\t\t\t\t\t\t<div class=\"elementor-container elementor-column-gap-default\">\n\t\t\t\t\t<div class=\"elementor-column elementor-col-100 elementor-top-column elementor-element elementor-element-3612363e\" data-id=\"3612363e\" data-element_type=\"column\" data-e-type=\"column\">\n\t\t\t<div class=\"elementor-widget-wrap elementor-element-populated\">\n\t\t\t\t\t\t<div class=\"elementor-element elementor-element-58d89c42 elementor-share-buttons--skin-boxed elementor-share-buttons--view-icon-text elementor-share-buttons--shape-square elementor-grid-0 elementor-share-buttons--color-official elementor-widget elementor-widget-share-buttons\" data-id=\"58d89c42\" data-element_type=\"widget\" data-e-type=\"widget\" data-widget_type=\"share-buttons.default\">\n\t\t\t\t<div class=\"elementor-widget-container\">\n\t\t\t\t\t\t\t<div class=\"elementor-grid\" role=\"list\">\n\t\t\t\t\t\t\t\t<div class=\"elementor-grid-item\" role=\"listitem\">\n\t\t\t\t\t\t<div class=\"elementor-share-btn elementor-share-btn_facebook\" role=\"button\" tabindex=\"0\" aria-label=\"Partager sur facebook\">\n\t\t\t\t\t\t\t\t\t\t\t\t\t\t\t<span class=\"elementor-share-btn__icon\">\n\t\t\t\t\t\t\t\t<i class=\"fab fa-facebook\" aria-hidden=\"true\"><\/i>\t\t\t\t\t\t\t<\/span>\n\t\t\t\t\t\t\t\t\t\t\t\t\t\t\t\t\t\t\t\t\t\t<div class=\"elementor-share-btn__text\">\n\t\t\t\t\t\t\t\t\t\t\t\t\t\t\t\t\t\t\t<span class=\"elementor-share-btn__title\">\n\t\t\t\t\t\t\t\t\t\tFacebook\t\t\t\t\t\t\t\t\t<\/span>\n\t\t\t\t\t\t\t\t\t\t\t\t\t\t\t\t\t<\/div>\n\t\t\t\t\t\t\t\t\t\t\t\t\t<\/div>\n\t\t\t\t\t<\/div>\n\t\t\t\t\t\t\t\t\t<div class=\"elementor-grid-item\" role=\"listitem\">\n\t\t\t\t\t\t<div class=\"elementor-share-btn elementor-share-btn_twitter\" role=\"button\" tabindex=\"0\" aria-label=\"Partager sur twitter\">\n\t\t\t\t\t\t\t\t\t\t\t\t\t\t\t<span class=\"elementor-share-btn__icon\">\n\t\t\t\t\t\t\t\t<i class=\"fab fa-twitter\" aria-hidden=\"true\"><\/i>\t\t\t\t\t\t\t<\/span>\n\t\t\t\t\t\t\t\t\t\t\t\t\t\t\t\t\t\t\t\t\t\t<div class=\"elementor-share-btn__text\">\n\t\t\t\t\t\t\t\t\t\t\t\t\t\t\t\t\t\t\t<span class=\"elementor-share-btn__title\">\n\t\t\t\t\t\t\t\t\t\tTwitter\t\t\t\t\t\t\t\t\t<\/span>\n\t\t\t\t\t\t\t\t\t\t\t\t\t\t\t\t\t<\/div>\n\t\t\t\t\t\t\t\t\t\t\t\t\t<\/div>\n\t\t\t\t\t<\/div>\n\t\t\t\t\t\t\t\t\t<div class=\"elementor-grid-item\" role=\"listitem\">\n\t\t\t\t\t\t<div class=\"elementor-share-btn elementor-share-btn_linkedin\" role=\"button\" tabindex=\"0\" aria-label=\"Partager sur linkedin\">\n\t\t\t\t\t\t\t\t\t\t\t\t\t\t\t<span class=\"elementor-share-btn__icon\">\n\t\t\t\t\t\t\t\t<i class=\"fab fa-linkedin\" aria-hidden=\"true\"><\/i>\t\t\t\t\t\t\t<\/span>\n\t\t\t\t\t\t\t\t\t\t\t\t\t\t\t\t\t\t\t\t\t\t<div class=\"elementor-share-btn__text\">\n\t\t\t\t\t\t\t\t\t\t\t\t\t\t\t\t\t\t\t<span class=\"elementor-share-btn__title\">\n\t\t\t\t\t\t\t\t\t\tLinkedIn\t\t\t\t\t\t\t\t\t<\/span>\n\t\t\t\t\t\t\t\t\t\t\t\t\t\t\t\t\t<\/div>\n\t\t\t\t\t\t\t\t\t\t\t\t\t<\/div>\n\t\t\t\t\t<\/div>\n\t\t\t\t\t\t<\/div>\n\t\t\t\t\t\t<\/div>\n\t\t\t\t<\/div>\n\t\t\t\t<div class=\"elementor-element elementor-element-47be1c64 elementor-widget-divider--separator-type-pattern elementor-widget-divider--no-spacing elementor-widget-divider--view-line elementor-widget elementor-widget-divider\" data-id=\"47be1c64\" data-element_type=\"widget\" data-e-type=\"widget\" data-widget_type=\"divider.default\">\n\t\t\t\t<div class=\"elementor-widget-container\">\n\t\t\t\t\t\t\t<div class=\"elementor-divider\" style=\"--divider-pattern-url: url(&quot;data:image\/svg+xml,%3Csvg xmlns=&#039;http:\/\/www.w3.org\/2000\/svg&#039; preserveAspectRatio=&#039;none&#039; overflow=&#039;visible&#039; height=&#039;100%&#039; viewBox=&#039;0 0 24 24&#039; fill=&#039;black&#039; stroke=&#039;none&#039;%3E%3Cpath d=&#039;M24,8v12H0V8H24z M24,4v1H0V4H24z&#039;\/%3E%3C\/svg%3E&quot;);\">\n\t\t\t<span class=\"elementor-divider-separator\">\n\t\t\t\t\t\t<\/span>\n\t\t<\/div>\n\t\t\t\t\t\t<\/div>\n\t\t\t\t<\/div>\n\t\t\t\t<div class=\"elementor-element elementor-element-613bf0b4 elementor-widget elementor-widget-heading\" data-id=\"613bf0b4\" data-element_type=\"widget\" data-e-type=\"widget\" data-widget_type=\"heading.default\">\n\t\t\t\t<div class=\"elementor-widget-container\">\n\t\t\t\t\t<h4 class=\"elementor-heading-title elementor-size-default\">D'autres articles<\/h4>\t\t\t\t<\/div>\n\t\t\t\t<\/div>\n\t\t\t\t<div class=\"elementor-element elementor-element-7ab40fe2 elementor-grid-1 elementor-posts--thumbnail-left elementor-grid-tablet-1 elementor-grid-mobile-1 elementor-widget elementor-widget-posts\" data-id=\"7ab40fe2\" data-element_type=\"widget\" data-e-type=\"widget\" data-settings=\"{&quot;classic_columns&quot;:&quot;1&quot;,&quot;classic_row_gap&quot;:{&quot;unit&quot;:&quot;px&quot;,&quot;size&quot;:20,&quot;sizes&quot;:[]},&quot;classic_columns_tablet&quot;:&quot;1&quot;,&quot;classic_columns_mobile&quot;:&quot;1&quot;,&quot;classic_row_gap_tablet&quot;:{&quot;unit&quot;:&quot;px&quot;,&quot;size&quot;:&quot;&quot;,&quot;sizes&quot;:[]},&quot;classic_row_gap_mobile&quot;:{&quot;unit&quot;:&quot;px&quot;,&quot;size&quot;:&quot;&quot;,&quot;sizes&quot;:[]}}\" data-widget_type=\"posts.classic\">\n\t\t\t\t<div class=\"elementor-widget-container\">\n\t\t\t\t\t\t\t<div class=\"elementor-posts-container elementor-posts elementor-posts--skin-classic elementor-grid\" role=\"list\">\n\t\t\t\t<article class=\"elementor-post elementor-grid-item post-3174 post type-post status-publish format-standard has-post-thumbnail hentry category-hors-serie-1\" role=\"listitem\">\n\t\t\t\t<a class=\"elementor-post__thumbnail__link\" href=\"https:\/\/m3c.universita.corsica\/lumi\/la-sequence-corse-du-film-napoleon-vu-par-abel-gance\/\" tabindex=\"-1\" >\n\t\t\t<div class=\"elementor-post__thumbnail\"><img fetchpriority=\"high\" decoding=\"async\" width=\"300\" height=\"169\" src=\"https:\/\/lumi.univ-corse.fr\/wp-content\/uploads\/2024\/08\/10.-DEFIN-RELU-JGT-et-MG-JD-POLI-300x169.jpg\" class=\"attachment-medium size-medium wp-image-3124\" alt=\"\" srcset=\"https:\/\/lumi.univ-corse.fr\/wp-content\/uploads\/2024\/08\/10.-DEFIN-RELU-JGT-et-MG-JD-POLI-300x169.jpg 300w, https:\/\/lumi.univ-corse.fr\/wp-content\/uploads\/2024\/08\/10.-DEFIN-RELU-JGT-et-MG-JD-POLI-1024x576.jpg 1024w, https:\/\/lumi.univ-corse.fr\/wp-content\/uploads\/2024\/08\/10.-DEFIN-RELU-JGT-et-MG-JD-POLI-768x432.jpg 768w, https:\/\/lumi.univ-corse.fr\/wp-content\/uploads\/2024\/08\/10.-DEFIN-RELU-JGT-et-MG-JD-POLI-1536x864.jpg 1536w, https:\/\/lumi.univ-corse.fr\/wp-content\/uploads\/2024\/08\/10.-DEFIN-RELU-JGT-et-MG-JD-POLI.jpg 1800w\" sizes=\"(max-width: 300px) 100vw, 300px\" \/><\/div>\n\t\t<\/a>\n\t\t\t\t<div class=\"elementor-post__text\">\n\t\t\t\t<h3 class=\"elementor-post__title\">\n\t\t\t<a href=\"https:\/\/m3c.universita.corsica\/lumi\/la-sequence-corse-du-film-napoleon-vu-par-abel-gance\/\" >\n\t\t\t\tLa \u00ab s\u00e9quence Corse \u00bb du film Napol\u00e9on vu par Abel Gance\t\t\t<\/a>\n\t\t<\/h3>\n\t\t\t\t<div class=\"elementor-post__meta-data\">\n\t\t\t\t\t<span class=\"elementor-post-date\">\n\t\t\t29 ao\u00fbt 2024\t\t<\/span>\n\t\t\t\t<\/div>\n\t\t\t\t<div class=\"elementor-post__excerpt\">\n\t\t\t<p>Napol\u00e9on cumule la particularit\u00e9 d&rsquo;\u00eatre un personnage historique exceptionnel devenu un mythe universel toujours actif, capable de susciter de grandes images collectives et d&rsquo;intenses mythologies personnelles\u00a0; il ne pouvait devenir qu&rsquo;un sujet de choix pour l&rsquo;art cin\u00e9matographique. Ainsi, occupe-t-il la premi\u00e8re place des personnages&#8230;<\/p>\n\t\t<\/div>\n\t\t\t\t<\/div>\n\t\t\t\t<\/article>\n\t\t\t\t<article class=\"elementor-post elementor-grid-item post-3129 post type-post status-publish format-standard has-post-thumbnail hentry category-hors-serie-1\" role=\"listitem\">\n\t\t\t\t<a class=\"elementor-post__thumbnail__link\" href=\"https:\/\/m3c.universita.corsica\/lumi\/napoleon-et-paoli\/\" tabindex=\"-1\" >\n\t\t\t<div class=\"elementor-post__thumbnail\"><img decoding=\"async\" width=\"300\" height=\"150\" src=\"https:\/\/lumi.univ-corse.fr\/wp-content\/uploads\/2024\/08\/9.-DEFIN-RELU-JGT-M.-Verge\u0301-Franceschi-PAOLI-ET-NAPOLEON-300x150.jpg\" class=\"attachment-medium size-medium wp-image-3122\" alt=\"\" srcset=\"https:\/\/lumi.univ-corse.fr\/wp-content\/uploads\/2024\/08\/9.-DEFIN-RELU-JGT-M.-Verge\u0301-Franceschi-PAOLI-ET-NAPOLEON-300x150.jpg 300w, https:\/\/lumi.univ-corse.fr\/wp-content\/uploads\/2024\/08\/9.-DEFIN-RELU-JGT-M.-Verge\u0301-Franceschi-PAOLI-ET-NAPOLEON-1024x512.jpg 1024w, https:\/\/lumi.univ-corse.fr\/wp-content\/uploads\/2024\/08\/9.-DEFIN-RELU-JGT-M.-Verge\u0301-Franceschi-PAOLI-ET-NAPOLEON-768x384.jpg 768w, https:\/\/lumi.univ-corse.fr\/wp-content\/uploads\/2024\/08\/9.-DEFIN-RELU-JGT-M.-Verge\u0301-Franceschi-PAOLI-ET-NAPOLEON-1536x768.jpg 1536w, https:\/\/lumi.univ-corse.fr\/wp-content\/uploads\/2024\/08\/9.-DEFIN-RELU-JGT-M.-Verge\u0301-Franceschi-PAOLI-ET-NAPOLEON.jpg 1800w\" sizes=\"(max-width: 300px) 100vw, 300px\" \/><\/div>\n\t\t<\/a>\n\t\t\t\t<div class=\"elementor-post__text\">\n\t\t\t\t<h3 class=\"elementor-post__title\">\n\t\t\t<a href=\"https:\/\/m3c.universita.corsica\/lumi\/napoleon-et-paoli\/\" >\n\t\t\t\tNapol\u00e9on et Paoli\t\t\t<\/a>\n\t\t<\/h3>\n\t\t\t\t<div class=\"elementor-post__meta-data\">\n\t\t\t\t\t<span class=\"elementor-post-date\">\n\t\t\t29 ao\u00fbt 2024\t\t<\/span>\n\t\t\t\t<\/div>\n\t\t\t\t<div class=\"elementor-post__excerpt\">\n\t\t\t<p>On a souvent l\u2019habitude d\u2019opposer Napol\u00e9on et Pascal Paoli.\u00a0 C\u2019est une erreur. Napol\u00e9on est n\u00e9 en 1769. Son p\u00e8re Charles Bonaparte en 1746. Et la grand-m\u00e8re de l\u2019Empereur, n\u00e9e Pietrasanta[1], veuve Ramolino, puis veuve Fesch, est n\u00e9e \u00e0 Ajaccio le 26 octobre 1725, c\u2019est-\u00e0-dire apr\u00e8s la naissance de Paoli \u00e0 Morosaglia, le vendredi 6 avril 1725&#8230;<\/p>\n\t\t<\/div>\n\t\t\t\t<\/div>\n\t\t\t\t<\/article>\n\t\t\t\t<article class=\"elementor-post elementor-grid-item post-3117 post type-post status-publish format-standard has-post-thumbnail hentry category-hors-serie-1\" role=\"listitem\">\n\t\t\t\t<a class=\"elementor-post__thumbnail__link\" href=\"https:\/\/m3c.universita.corsica\/lumi\/lepopee-du-film-napoleon-vu-par-abel-gance\/\" tabindex=\"-1\" >\n\t\t\t<div class=\"elementor-post__thumbnail\"><img decoding=\"async\" width=\"300\" height=\"162\" src=\"https:\/\/lumi.univ-corse.fr\/wp-content\/uploads\/2024\/08\/8.-DEFIN.-RELU-JGT-Napole\u0301on-Gance-Chanteranne-300x162.jpg\" class=\"attachment-medium size-medium wp-image-3105\" alt=\"\" srcset=\"https:\/\/lumi.univ-corse.fr\/wp-content\/uploads\/2024\/08\/8.-DEFIN.-RELU-JGT-Napole\u0301on-Gance-Chanteranne-300x162.jpg 300w, https:\/\/lumi.univ-corse.fr\/wp-content\/uploads\/2024\/08\/8.-DEFIN.-RELU-JGT-Napole\u0301on-Gance-Chanteranne-1024x554.jpg 1024w, https:\/\/lumi.univ-corse.fr\/wp-content\/uploads\/2024\/08\/8.-DEFIN.-RELU-JGT-Napole\u0301on-Gance-Chanteranne-768x415.jpg 768w, https:\/\/lumi.univ-corse.fr\/wp-content\/uploads\/2024\/08\/8.-DEFIN.-RELU-JGT-Napole\u0301on-Gance-Chanteranne-1536x830.jpg 1536w, https:\/\/lumi.univ-corse.fr\/wp-content\/uploads\/2024\/08\/8.-DEFIN.-RELU-JGT-Napole\u0301on-Gance-Chanteranne.jpg 1600w\" sizes=\"(max-width: 300px) 100vw, 300px\" \/><\/div>\n\t\t<\/a>\n\t\t\t\t<div class=\"elementor-post__text\">\n\t\t\t\t<h3 class=\"elementor-post__title\">\n\t\t\t<a href=\"https:\/\/m3c.universita.corsica\/lumi\/lepopee-du-film-napoleon-vu-par-abel-gance\/\" >\n\t\t\t\tL&rsquo;\u00e9pop\u00e9e du film Napol\u00e9on vu par Abel Gance\t\t\t<\/a>\n\t\t<\/h3>\n\t\t\t\t<div class=\"elementor-post__meta-data\">\n\t\t\t\t\t<span class=\"elementor-post-date\">\n\t\t\t28 ao\u00fbt 2024\t\t<\/span>\n\t\t\t\t<\/div>\n\t\t\t\t<div class=\"elementor-post__excerpt\">\n\t\t\t<p>Napol\u00e9on reste un personnage \u00e0 part de l\u2019histoire. Par son irr\u00e9sistible ascension puis sa chute, il a connu une destin\u00e9e hors du commun. H\u00e9ros aux plus de mille films[1], il b\u00e9n\u00e9ficie dans cette immense s\u00e9rie d\u2019une pl\u00e9iade d\u2019interpr\u00e8tes les plus \u00e9tonnants et diff\u00e9rents, de Charles Vanel \u00e0 Joaquin Phoenix, en passant par \u00c9mile Drain, Marlon&#8230;<\/p>\n\t\t<\/div>\n\t\t\t\t<\/div>\n\t\t\t\t<\/article>\n\t\t\t\t<\/div>\n\t\t\n\t\t\t\t\t\t<\/div>\n\t\t\t\t<\/div>\n\t\t\t\t\t<\/div>\n\t\t<\/div>\n\t\t\t\t\t<\/div>\n\t\t<\/section>\n\t\t\t\t<\/div>\n\t\t","protected":false},"excerpt":{"rendered":"<p>Jeune appel\u00e9 du contingent, \u00e0 une \u00e9poque o\u00f9 existait encore le \u00ab\u00a0service militaire\u00a0\u00bb, je me retrouvai, apr\u00e8s quelques p\u00e9rip\u00e9ties, membre \u00ab\u00a0suppl\u00e9mentaire\u00a0\u00bb de l\u2019Orchestre de la Garde R\u00e9publicaine. C\u2019est l\u00e0, qu\u2019\u00e9tonnamment, pour la premi\u00e8re fois, j\u2019allais rencontrer ce Napol\u00e9on d\u2019Abel Gance. Arm\u00e9 d\u2019un courage certain, l\u2019orchestre allait&#8230;<\/p>\n","protected":false},"author":69,"featured_media":3049,"comment_status":"closed","ping_status":"closed","sticky":false,"template":"","format":"standard","meta":{"_acf_changed":false,"footnotes":""},"categories":[26],"tags":[],"class_list":["post-3075","post","type-post","status-publish","format-standard","has-post-thumbnail","hentry","category-hors-serie-1"],"acf":[],"_links":{"self":[{"href":"https:\/\/m3c.universita.corsica\/lumi\/wp-json\/wp\/v2\/posts\/3075","targetHints":{"allow":["GET"]}}],"collection":[{"href":"https:\/\/m3c.universita.corsica\/lumi\/wp-json\/wp\/v2\/posts"}],"about":[{"href":"https:\/\/m3c.universita.corsica\/lumi\/wp-json\/wp\/v2\/types\/post"}],"author":[{"embeddable":true,"href":"https:\/\/m3c.universita.corsica\/lumi\/wp-json\/wp\/v2\/users\/69"}],"replies":[{"embeddable":true,"href":"https:\/\/m3c.universita.corsica\/lumi\/wp-json\/wp\/v2\/comments?post=3075"}],"version-history":[{"count":7,"href":"https:\/\/m3c.universita.corsica\/lumi\/wp-json\/wp\/v2\/posts\/3075\/revisions"}],"predecessor-version":[{"id":3160,"href":"https:\/\/m3c.universita.corsica\/lumi\/wp-json\/wp\/v2\/posts\/3075\/revisions\/3160"}],"wp:featuredmedia":[{"embeddable":true,"href":"https:\/\/m3c.universita.corsica\/lumi\/wp-json\/wp\/v2\/media\/3049"}],"wp:attachment":[{"href":"https:\/\/m3c.universita.corsica\/lumi\/wp-json\/wp\/v2\/media?parent=3075"}],"wp:term":[{"taxonomy":"category","embeddable":true,"href":"https:\/\/m3c.universita.corsica\/lumi\/wp-json\/wp\/v2\/categories?post=3075"},{"taxonomy":"post_tag","embeddable":true,"href":"https:\/\/m3c.universita.corsica\/lumi\/wp-json\/wp\/v2\/tags?post=3075"}],"curies":[{"name":"wp","href":"https:\/\/api.w.org\/{rel}","templated":true}]}}