{"id":3334,"date":"2022-11-03T08:01:00","date_gmt":"2022-11-03T08:01:00","guid":{"rendered":"https:\/\/m3c.universita.corsica\/lumi\/?p=3334"},"modified":"2025-07-21T20:01:37","modified_gmt":"2025-07-21T20:01:37","slug":"napoleon-napoleon-iii-de-gaulle-trois-incarnations-de-letat-francais-entre-similitudes-et-differences","status":"publish","type":"post","link":"https:\/\/m3c.universita.corsica\/lumi\/napoleon-napoleon-iii-de-gaulle-trois-incarnations-de-letat-francais-entre-similitudes-et-differences\/","title":{"rendered":"Napol\u00e9on, Napol\u00e9on III, De Gaulle : Trois incarnations de l\u2019\u00c9tat fran\u00e7ais entre similitudes et diff\u00e9rences"},"content":{"rendered":"\t\t<div data-elementor-type=\"wp-post\" data-elementor-id=\"3334\" class=\"elementor elementor-3334\" data-elementor-post-type=\"post\">\n\t\t\t\t<div data-particle_enable=\"false\" data-particle-mobile-disabled=\"false\" class=\"elementor-element elementor-element-d38dc0e e-flex e-con-boxed e-con e-parent\" data-id=\"d38dc0e\" data-element_type=\"container\" data-e-type=\"container\">\n\t\t\t\t\t<div class=\"e-con-inner\">\n\t\t<div data-particle_enable=\"false\" data-particle-mobile-disabled=\"false\" class=\"elementor-element elementor-element-0701b9d e-con-full e-flex e-con e-child\" data-id=\"0701b9d\" data-element_type=\"container\" data-e-type=\"container\">\n\t\t\t\t<div class=\"elementor-element elementor-element-112a018 elementor-widget elementor-widget-text-editor\" data-id=\"112a018\" data-element_type=\"widget\" data-e-type=\"widget\" data-widget_type=\"text-editor.default\">\n\t\t\t\t<div class=\"elementor-widget-container\">\n\t\t\t\t\t\t\t\t\t<p>La comm\u00e9moration du bicentenaire du d\u00e9c\u00e8s de Napol\u00e9on est l\u2019occasion de revenir sur la trace qu\u2019il laisse dans l\u2019histoire au travers de deux de ses successeurs \u00e0 la t\u00eate de l\u2019\u00c9tat qui sont parfois compar\u00e9s \u00e0 lui\u00a0: son neveu Louis-Napol\u00e9on-Napol\u00e9on III et Charles de Gaulle<sup class=\"modern-footnotes-footnote \" data-mfn=\"1\" data-mfn-post-scope=\"00000000000004c60000000000000000_3334\"><a href=\"javascript:void(0)\"  role=\"button\" aria-pressed=\"false\" aria-describedby=\"mfn-content-00000000000004c60000000000000000_3334-1\">1<\/a><\/sup><span id=\"mfn-content-00000000000004c60000000000000000_3334-1\" role=\"tooltip\" class=\"modern-footnotes-footnote__note\" tabindex=\"0\" data-mfn=\"1\">La comparaison se fait g\u00e9n\u00e9ralement deux \u00e0 deux. Alors que Patrice Gueniffey a donn\u00e9 <em>Napol\u00e9on et De Gaulle. Deux h\u00e9ros fran\u00e7ais<\/em> (Paris, Perrin, 2017) et que Francis Choisel compare Napol\u00e9on III et De Gaulle dans <em>Bonapartisme et gaullisme<\/em> (Paris, Albatros, 1987), nous pr\u00e9parons avec Pierre Branda, un <em>Napol\u00e9on et Napol\u00e9on III. Destins crois\u00e9s<\/em> pour Perrin.<\/span>.<\/p>\n<p><!-- \/wp:paragraph --><!-- wp:paragraph --><\/p>\n<p>Si l\u2019un et l\u2019autre sont arriv\u00e9s au sommet de l\u2019\u00c9tat puis l\u2019ont quitt\u00e9 \u00e0 des \u00e2ges bien plus avanc\u00e9s que le sien, Napol\u00e9on ayant m\u00eame quitt\u00e9 le pouvoir \u00e0 un \u00e2ge o\u00f9 De Gaulle n\u2019\u00e9tait m\u00eame pas encore entr\u00e9 dans l\u2019Histoire<sup class=\"modern-footnotes-footnote \" data-mfn=\"2\" data-mfn-post-scope=\"00000000000004c60000000000000000_3334\"><a href=\"javascript:void(0)\"  role=\"button\" aria-pressed=\"false\" aria-describedby=\"mfn-content-00000000000004c60000000000000000_3334-2\">2<\/a><\/sup><span id=\"mfn-content-00000000000004c60000000000000000_3334-2\" role=\"tooltip\" class=\"modern-footnotes-footnote__note\" tabindex=\"0\" data-mfn=\"2\">Respectivement, 40 et 62 ans dans le premier cas, 53 ans et 78 dans le second, contre 30 et 45 ans.<\/span>, et si les contextes sont diff\u00e9rents puisque le premier empereur est fils des Lumi\u00e8res, son neveu de la r\u00e9volution industrielle et De Gaulle de la Grande Guerre, ils sont les seuls avec Louis-Philippe, Fran\u00e7ois Mitterrand et Jacques Chirac \u00e0 avoir exerc\u00e9 d\u2019aussi longs passages aux affaires, mais surtout des passages qui peuvent se comparer en raison de leur caract\u00e8re marquant.<\/p>\n<p><!-- \/wp:paragraph --><!-- wp:paragraph --><\/p>\n<p>Cette analyse abordera synth\u00e9tiquement et successivement la vision et l\u2019action politique des trois hommes, les aspects \u00e9conomiques et\u00a0sociaux de leur programme et enfin leur rapport \u00e0 l\u2019Europe et au monde.<\/p>\n<p><!-- \/wp:paragraph --><!-- wp:list {\"ordered\":true,\"type\":\"upper-roman\"} --><\/p>\n<ol class=\"wp-block-list\" style=\"list-style-type: upper-roman;\"><!-- wp:list-item -->\n<li><strong>Une vision politique<\/strong><\/li>\n<!-- \/wp:list-item --><\/ol>\n<p><!-- \/wp:list --><!-- wp:paragraph --><\/p>\n<p>Trois destins forg\u00e9s dans l\u2019adversit\u00e9 de personnalit\u00e9s qui ont cru en leur \u00e9toile et qui se sont vues en hommes providentiels, trois figures pass\u00e9es par une formation militaire qui les singularise du personnel politique traditionnel et qui leur apprend \u00e0 gouverner, leur donne l\u2019habitude du contr\u00f4le et leur enseigne que toute erreur si infime soit-elle peut avoir de graves cons\u00e9quences, trois grands simulateurs et dissimulateurs disciples de Machiavel, trois r\u00e9alisateurs de coups d\u2019\u00e9clat pour prendre le pouvoir (Napol\u00e9on Bonaparte, les 18 et 19 Brumaire an VIII), pour s\u2019y maintenir (le pr\u00e9sident Louis-Napol\u00e9on Bonaparte, le 2 d\u00e9cembre 1851), ou pour y revenir (Charles de Gaulle le 13 mai 1958), en profitant d\u2019un contexte de crise et de l\u2019incapacit\u00e9 des dirigeants politiques d\u2019alors \u00e0 la r\u00e9soudre (celle du Directoire avec la guerre ext\u00e9rieure, celle de la Deuxi\u00e8me R\u00e9publique avec l\u2019impasse constitutionnelle et celle de la Quatri\u00e8me R\u00e9publique avec la guerre d\u2019Alg\u00e9rie), trois hommes d\u2019\u00c9tat qui ont su discerner le sens de l\u2019Histoire.<\/p>\n<p><!-- \/wp:paragraph --><!-- wp:paragraph --><\/p>\n<p>Louis-Napol\u00e9on assume totalement la source d\u2019inspiration de son oncle dans le culte duquel il a \u00e9t\u00e9 \u00e9lev\u00e9 par sa m\u00e8re, la reine Hortense, elle-m\u00eame, belle-fille, fille adoptive et belle-s\u0153ur de Napol\u00e9on et dont il a fait une lecture litt\u00e9rale de l\u2019\u0153uvre, en prenant le <em>M\u00e9morial de Sainte-H\u00e9l\u00e8ne<\/em> pour br\u00e9viaire d\u00e8s sa publication en 1823, au point de le citer constamment dans ses propres ouvrages, de r\u00e9aliser son coup d\u2019\u00c9tat le jour anniversaire du sacre de Napol\u00e9on et de sa plus belle victoire, Austerlitz, et d\u2019affirmer reprendre son mod\u00e8le dans le pr\u00e9ambule de sa Constitution du 14 janvier 1852. De son c\u00f4t\u00e9, De Gaulle a pu invoquer sa l\u00e9gitimit\u00e9 contre la l\u00e9galit\u00e9, en juin 1940, en une formule qui n\u2019est pas sans rappeler celles de ses deux pr\u00e9d\u00e9cesseurs, mais il ne va pas jusqu\u2019\u00e0 se revendiquer explicitement de leur h\u00e9ritage politique\u00a0: \u00ab\u00a0Les deux Empires avaient pour un temps emp\u00each\u00e9 la dispersion, mais moyennant la dictature<sup class=\"modern-footnotes-footnote \" data-mfn=\"3\" data-mfn-post-scope=\"00000000000004c60000000000000000_3334\"><a href=\"javascript:void(0)\"  role=\"button\" aria-pressed=\"false\" aria-describedby=\"mfn-content-00000000000004c60000000000000000_3334-3\">3<\/a><\/sup><span id=\"mfn-content-00000000000004c60000000000000000_3334-3\" role=\"tooltip\" class=\"modern-footnotes-footnote__note\" tabindex=\"0\" data-mfn=\"3\">Charles de Gaulle, <em>M\u00e9moires d\u2019espoir<\/em>, Paris, Plon, 1970, r\u00e9\u00e9d. Omnibus, 1996, tome 2, chapitre 1<sup>er<\/sup>, p. 237.<\/span>\u00a0\u00bb. Il faut pr\u00e9ciser ici que ses d\u00e9tracteurs se chargent de le faire pour lui, de Raymond Aron pendant la Deuxi\u00e8me Guerre mondiale \u00e0 Fran\u00e7ois Furet, Jacques Duclos et Fran\u00e7ois Mitterrand au d\u00e9but de la Cinqui\u00e8me R\u00e9publique. Il y a pourtant une parent\u00e9 ind\u00e9niable entre le bonapartisme tel que pratiqu\u00e9 par Napol\u00e9on, celui qui est th\u00e9oris\u00e9 et appliqu\u00e9 par son neveu et le gaullisme du g\u00e9n\u00e9ral, ainsi que l\u2019ont soulign\u00e9 Ren\u00e9 R\u00e9mond et maints autres analystes \u00e0 la suite, dont Francis Choisel<sup class=\"modern-footnotes-footnote \" data-mfn=\"4\" data-mfn-post-scope=\"00000000000004c60000000000000000_3334\"><a href=\"javascript:void(0)\"  role=\"button\" aria-pressed=\"false\" aria-describedby=\"mfn-content-00000000000004c60000000000000000_3334-4\">4<\/a><\/sup><span id=\"mfn-content-00000000000004c60000000000000000_3334-4\" role=\"tooltip\" class=\"modern-footnotes-footnote__note\" tabindex=\"0\" data-mfn=\"4\">Ren\u00e9 R\u00e9mond, <em>Les Droites en France<\/em>, Paris, Aubier-Montaigne, 1982 [1954], et Francis Choisel, ouv. cit\u00e9.<\/span>.<\/p>\n<p><!-- \/wp:paragraph --><!-- wp:paragraph --><\/p>\n<p>Comme Napol\u00e9on, ses deux successeurs ont la m\u00eame conviction qu\u2019\u00e0 chaque peuple correspond une Constitution. \u00ab\u00a0Non seulement un m\u00eame syst\u00e8me ne peut convenir \u00e0 tous les peuples, \u00e9crit Louis-Napol\u00e9on, mais les lois doivent se modifier avec les g\u00e9n\u00e9rations, avec les circonstances, plus ou moins difficiles<sup class=\"modern-footnotes-footnote \" data-mfn=\"5\" data-mfn-post-scope=\"00000000000004c60000000000000000_3334\"><a href=\"javascript:void(0)\"  role=\"button\" aria-pressed=\"false\" aria-describedby=\"mfn-content-00000000000004c60000000000000000_3334-5\">5<\/a><\/sup><span id=\"mfn-content-00000000000004c60000000000000000_3334-5\" role=\"tooltip\" class=\"modern-footnotes-footnote__note\" tabindex=\"0\" data-mfn=\"5\"><em>Consid\u00e9rations politiques et militaires sur la Suisse<\/em> [1833], Napol\u00e9on III, <em>\u0152uvres<\/em>, Paris, Plon et Amyot, 1869, t. 2, p. 341.<\/span>\u00a0\u00bb. Et encore\u00a0: \u00ab\u00a0Une Constitution doit \u00eatre faite uniquement pour la nation \u00e0 laquelle on veut l\u2019adapter. Elle doit \u00eatre comme un v\u00eatement qui, pour \u00eatre bien fait, ne doit aller qu\u2019\u00e0 un seul homme<sup class=\"modern-footnotes-footnote \" data-mfn=\"6\" data-mfn-post-scope=\"00000000000004c60000000000000000_3334\"><a href=\"javascript:void(0)\"  role=\"button\" aria-pressed=\"false\" aria-describedby=\"mfn-content-00000000000004c60000000000000000_3334-6\">6<\/a><\/sup><span id=\"mfn-content-00000000000004c60000000000000000_3334-6\" role=\"tooltip\" class=\"modern-footnotes-footnote__note\" tabindex=\"0\" data-mfn=\"6\"><em>Des Id\u00e9es napol\u00e9oniennes<\/em>, chapitre 3 [1839], dans Napol\u00e9on III, <em>\u0152uvres,<\/em> ouv. cit\u00e9, t. I, p. 98-99.<\/span>\u00a0\u00bb. Charles de Gaulle lui fait \u00e9cho\u00a0: \u00ab\u00a0Des Grecs, jadis, demandaient au sage Solon\u00a0: \u00ab\u00a0Quelle est la meilleure Constitution\u00a0\u00bb\u00a0? Il r\u00e9pondait\u00a0: \u00ab\u00a0Dites-moi d\u2019abord pour quel peuple et \u00e0 quelle \u00e9poque<sup class=\"modern-footnotes-footnote \" data-mfn=\"7\" data-mfn-post-scope=\"00000000000004c60000000000000000_3334\"><a href=\"javascript:void(0)\"  role=\"button\" aria-pressed=\"false\" aria-describedby=\"mfn-content-00000000000004c60000000000000000_3334-7\">7<\/a><\/sup><span id=\"mfn-content-00000000000004c60000000000000000_3334-7\" role=\"tooltip\" class=\"modern-footnotes-footnote__note\" tabindex=\"0\" data-mfn=\"7\">Discours de Bayeux du 16 juin 1946, <em>M\u00e9moires d\u2019espoir et allocutions et messages<\/em>, ouv. cit\u00e9, r\u00e9\u00e9d., Omnibus, 1996, p. 314.<\/span>\u00a0\u00bb.<\/p>\t\t\t\t\t\t\t\t<\/div>\n\t\t\t\t<\/div>\n\t\t\t\t<\/div>\n\t\t<div data-particle_enable=\"false\" data-particle-mobile-disabled=\"false\" class=\"elementor-element elementor-element-41b058a elementor-hidden-mobile e-con-full e-flex e-con e-child\" data-id=\"41b058a\" data-element_type=\"container\" data-e-type=\"container\">\n\t\t<div data-particle_enable=\"false\" data-particle-mobile-disabled=\"false\" class=\"elementor-element elementor-element-4de91fc e-con-full e-flex e-con e-child\" data-id=\"4de91fc\" data-element_type=\"container\" data-e-type=\"container\">\n\t\t\t\t<div class=\"elementor-element elementor-element-ce681d3 elementor-widget-divider--view-line_text elementor-widget-divider--element-align-center elementor-widget elementor-widget-divider\" data-id=\"ce681d3\" data-element_type=\"widget\" data-e-type=\"widget\" data-widget_type=\"divider.default\">\n\t\t\t\t<div class=\"elementor-widget-container\">\n\t\t\t\t\t\t\t<div class=\"elementor-divider\">\n\t\t\t<span class=\"elementor-divider-separator\">\n\t\t\t\t\t\t\t<p class=\"elementor-divider__text elementor-divider__element\">\n\t\t\t\tPage 1\t\t\t\t<\/p>\n\t\t\t\t\t\t<\/span>\n\t\t<\/div>\n\t\t\t\t\t\t<\/div>\n\t\t\t\t<\/div>\n\t\t\t\t<div class=\"elementor-element elementor-element-021c551 eael-tooltip-align-left eael-tooltip-text-align-left elementor-widget elementor-widget-eael-tooltip\" data-id=\"021c551\" data-element_type=\"widget\" data-e-type=\"widget\" data-widget_type=\"eael-tooltip.default\">\n\t\t\t\t<div class=\"elementor-widget-container\">\n\t\t\t\t\t\t<div class=\"eael-tooltip\">\n\t\t\t\t\t<p class=\"eael-tooltip-content\" tabindex=\"0\" aria-describedby=\"tooltip-text-021c551\"><p>[1]. La comparaison se fait g\u00e9n\u00e9ralement...<\/p><\/p>\n  \t\t\t<span id=\"tooltip-text-021c551\" class=\"eael-tooltip-text eael-tooltip-bottom\" role=\"tooltip\"><p>La comparaison se fait g\u00e9n\u00e9ralement deux \u00e0 deux. Alors que Patrice Gueniffey a donn\u00e9 <em>Napol\u00e9on et De Gaulle. Deux h\u00e9ros fran\u00e7ais<\/em> (Paris, Perrin, 2017) et que Francis Choisel compare Napol\u00e9on III et De Gaulle dans <em>Bonapartisme et gaullisme<\/em> (Paris, Albatros, 1987), nous pr\u00e9parons avec Pierre Branda, un <em>Napol\u00e9on et Napol\u00e9on III. Destins crois\u00e9s<\/em> pour Perrin.<\/p><\/span>\n  \t\t\t<\/div>\n\t\t\t\t\t<\/div>\n\t\t\t\t<\/div>\n\t\t\t\t<div class=\"elementor-element elementor-element-853a989 eael-tooltip-align-left eael-tooltip-text-align-left elementor-widget elementor-widget-eael-tooltip\" data-id=\"853a989\" data-element_type=\"widget\" data-e-type=\"widget\" data-widget_type=\"eael-tooltip.default\">\n\t\t\t\t<div class=\"elementor-widget-container\">\n\t\t\t\t\t\t<div class=\"eael-tooltip\">\n\t\t\t\t\t<p class=\"eael-tooltip-content\" tabindex=\"0\" aria-describedby=\"tooltip-text-853a989\"><p>[2]. Respectivement, 40 et 62 ans dans...<\/p><\/p>\n  \t\t\t<span id=\"tooltip-text-853a989\" class=\"eael-tooltip-text eael-tooltip-bottom\" role=\"tooltip\"><p>Respectivement, 40 et 62 ans dans le premier cas, 53 ans et 78 dans le second, contre 30 et 45 ans.<\/p><\/span>\n  \t\t\t<\/div>\n\t\t\t\t\t<\/div>\n\t\t\t\t<\/div>\n\t\t\t\t<\/div>\n\t\t<div data-particle_enable=\"false\" data-particle-mobile-disabled=\"false\" class=\"elementor-element elementor-element-6b77318 e-con-full e-flex e-con e-child\" data-id=\"6b77318\" data-element_type=\"container\" data-e-type=\"container\">\n\t\t\t\t<div class=\"elementor-element elementor-element-9c5eb23 eael-tooltip-align-left eael-tooltip-text-align-left elementor-widget elementor-widget-eael-tooltip\" data-id=\"9c5eb23\" data-element_type=\"widget\" data-e-type=\"widget\" data-widget_type=\"eael-tooltip.default\">\n\t\t\t\t<div class=\"elementor-widget-container\">\n\t\t\t\t\t\t<div class=\"eael-tooltip\">\n\t\t\t\t\t<p class=\"eael-tooltip-content\" tabindex=\"0\" aria-describedby=\"tooltip-text-9c5eb23\"><p>[3]. Charles de Gaulle, <em>M\u00e9moires d\u2019espoir...<\/em><\/p><\/p>\n  \t\t\t<span id=\"tooltip-text-9c5eb23\" class=\"eael-tooltip-text eael-tooltip-bottom\" role=\"tooltip\"><p>Charles de Gaulle, <em>M\u00e9moires d\u2019espoir<\/em>, Paris, Plon, 1970, r\u00e9\u00e9d. Omnibus, 1996, tome 2, chapitre 1<sup>er<\/sup>, p. 237.<\/p><\/span>\n  \t\t\t<\/div>\n\t\t\t\t\t<\/div>\n\t\t\t\t<\/div>\n\t\t\t\t<div class=\"elementor-element elementor-element-4e4d76a eael-tooltip-align-left eael-tooltip-text-align-left elementor-widget elementor-widget-eael-tooltip\" data-id=\"4e4d76a\" data-element_type=\"widget\" data-e-type=\"widget\" data-widget_type=\"eael-tooltip.default\">\n\t\t\t\t<div class=\"elementor-widget-container\">\n\t\t\t\t\t\t<div class=\"eael-tooltip\">\n\t\t\t\t\t<p class=\"eael-tooltip-content\" tabindex=\"0\" aria-describedby=\"tooltip-text-4e4d76a\"><p>[4]. Ren\u00e9 R\u00e9mond, <em>Les Droites en France<\/em>...<\/p><\/p>\n  \t\t\t<span id=\"tooltip-text-4e4d76a\" class=\"eael-tooltip-text eael-tooltip-bottom\" role=\"tooltip\"><p>Ren\u00e9 R\u00e9mond, <em>Les Droites en France<\/em>, Paris, Aubier-Montaigne, 1982 [1954], et Francis Choisel, ouv. cit\u00e9.<\/p><\/span>\n  \t\t\t<\/div>\n\t\t\t\t\t<\/div>\n\t\t\t\t<\/div>\n\t\t\t\t<div class=\"elementor-element elementor-element-6c060f7 eael-tooltip-align-left eael-tooltip-text-align-left elementor-widget elementor-widget-eael-tooltip\" data-id=\"6c060f7\" data-element_type=\"widget\" data-e-type=\"widget\" data-widget_type=\"eael-tooltip.default\">\n\t\t\t\t<div class=\"elementor-widget-container\">\n\t\t\t\t\t\t<div class=\"eael-tooltip\">\n\t\t\t\t\t<p class=\"eael-tooltip-content\" tabindex=\"0\" aria-describedby=\"tooltip-text-6c060f7\"><p>[5]. <em>Consid\u00e9rations politiques et militaires...<\/em><\/p><\/p>\n  \t\t\t<span id=\"tooltip-text-6c060f7\" class=\"eael-tooltip-text eael-tooltip-bottom\" role=\"tooltip\"><p><em>Consid\u00e9rations politiques et militaires sur la Suisse<\/em> [1833], Napol\u00e9on III, <em>\u0152uvres<\/em>, Paris, Plon et Amyot, 1869, t. 2, p. 341.<\/p><\/span>\n  \t\t\t<\/div>\n\t\t\t\t\t<\/div>\n\t\t\t\t<\/div>\n\t\t\t\t<div class=\"elementor-element elementor-element-0a96605 eael-tooltip-align-left eael-tooltip-text-align-left elementor-widget elementor-widget-eael-tooltip\" data-id=\"0a96605\" data-element_type=\"widget\" data-e-type=\"widget\" data-widget_type=\"eael-tooltip.default\">\n\t\t\t\t<div class=\"elementor-widget-container\">\n\t\t\t\t\t\t<div class=\"eael-tooltip\">\n\t\t\t\t\t<p class=\"eael-tooltip-content\" tabindex=\"0\" aria-describedby=\"tooltip-text-0a96605\"><p>[6]. <em>Des Id\u00e9es napol\u00e9oniennes<\/em>, chapitre 3...<\/p><\/p>\n  \t\t\t<span id=\"tooltip-text-0a96605\" class=\"eael-tooltip-text eael-tooltip-bottom\" role=\"tooltip\"><p><em>Des Id\u00e9es napol\u00e9oniennes<\/em>, chapitre 3 [1839], dans Napol\u00e9on III, <em>\u0152uvres,<\/em> ouv. cit\u00e9, t. I, p. 98-99.<\/p><\/span>\n  \t\t\t<\/div>\n\t\t\t\t\t<\/div>\n\t\t\t\t<\/div>\n\t\t\t\t<div class=\"elementor-element elementor-element-928463e eael-tooltip-align-left eael-tooltip-text-align-left elementor-widget elementor-widget-eael-tooltip\" data-id=\"928463e\" data-element_type=\"widget\" data-e-type=\"widget\" data-widget_type=\"eael-tooltip.default\">\n\t\t\t\t<div class=\"elementor-widget-container\">\n\t\t\t\t\t\t<div class=\"eael-tooltip\">\n\t\t\t\t\t<p class=\"eael-tooltip-content\" tabindex=\"0\" aria-describedby=\"tooltip-text-928463e\"><p>[7]. Discours de Bayeux du 16 juin 1946...<\/p><\/p>\n  \t\t\t<span id=\"tooltip-text-928463e\" class=\"eael-tooltip-text eael-tooltip-bottom\" role=\"tooltip\"><p>Discours de Bayeux du 16 juin 1946, <em>M\u00e9moires d\u2019espoir et allocutions et messages<\/em>, ouv. cit\u00e9, r\u00e9\u00e9d., Omnibus, 1996, p. 314.<\/p><\/span>\n  \t\t\t<\/div>\n\t\t\t\t\t<\/div>\n\t\t\t\t<\/div>\n\t\t\t\t<\/div>\n\t\t\t\t<\/div>\n\t\t\t\t\t<\/div>\n\t\t\t\t<\/div>\n\t\t<div data-particle_enable=\"false\" data-particle-mobile-disabled=\"false\" class=\"elementor-element elementor-element-581195d e-flex e-con-boxed e-con e-parent\" data-id=\"581195d\" data-element_type=\"container\" data-e-type=\"container\">\n\t\t\t\t\t<div class=\"e-con-inner\">\n\t\t<div data-particle_enable=\"false\" data-particle-mobile-disabled=\"false\" class=\"elementor-element elementor-element-fb02996 e-con-full e-flex e-con e-child\" data-id=\"fb02996\" data-element_type=\"container\" data-e-type=\"container\">\n\t\t\t\t<div class=\"elementor-element elementor-element-e2b2968 elementor-widget elementor-widget-text-editor\" data-id=\"e2b2968\" data-element_type=\"widget\" data-e-type=\"widget\" data-widget_type=\"text-editor.default\">\n\t\t\t\t<div class=\"elementor-widget-container\">\n\t\t\t\t\t\t\t\t\t<p>Ces constitutions, du Consulat, de l\u2019Empire et des Cent-Jours pour Napol\u00e9on Bonaparte, de la R\u00e9publique et de l\u2019Empire de 1852 et de l\u2019Empire lib\u00e9ral de 1870 pour Louis Napol\u00e9on-Napol\u00e9on III et de la Cinqui\u00e8me R\u00e9publique pour Charles de Gaulle sont courtes et amendables. Comme Louis-Napol\u00e9on le r\u00e9sume dans le pr\u00e9ambule du texte de 1852 en rappelant son oncle : \u00ab L\u2019Empereur disait au Conseil d\u2019\u00c9tat : \u00ab Une Constitution est l\u2019\u0153uvre du temps ; on ne saurait laisser une trop large voie aux am\u00e9liorations \u00bb. \u00ab Aussi la constitution pr\u00e9sente n\u2019a-t-elle fix\u00e9 que ce qu\u2019il \u00e9tait impossible de laisser incertain. Elle n\u2019a pas enferm\u00e9 dans un cercle infranchissable les destin\u00e9es d\u2019un grand peuple ; elle a laiss\u00e9 aux changements une assez large voie pour qu\u2019il y ait, dans les grandes crises, d\u2019autres moyens de salut que l\u2019exp\u00e9dient d\u00e9sastreux des r\u00e9volutions<sup class=\"modern-footnotes-footnote \" data-mfn=\"8\" data-mfn-post-scope=\"00000000000004c60000000000000000_3334\"><a href=\"javascript:void(0)\" refnum=\"8\" role=\"button\" aria-pressed=\"false\" aria-describedby=\"mfn-content-00000000000004c60000000000000000_3334-8\">8<\/a><\/sup><span id=\"mfn-content-00000000000004c60000000000000000_3334-8\" role=\"tooltip\" class=\"modern-footnotes-footnote__note\" tabindex=\"0\" data-mfn=\"8\"><em>Bulletin des lois de la R\u00e9publique fran\u00e7aise<\/em>\u00a0; X<sup>e <\/sup>s\u00e9rie, 1<sup>re<\/sup> semestre 1852, t. IX, Imp. nationale, ao\u00fbt 1852, n\u00b0 479, p. 49 et suiv.<\/span>.\u00a0\u00bb De Gaulle modifie la Constitution de 1958 en introduisant quatre ans plus tard l\u2019\u00e9lection pr\u00e9sidentielle au suffrage universel direct.<\/p>\n<p>Ces Constitutions, ratifi\u00e9es ou pr\u00e9par\u00e9es par des pl\u00e9biscites (an VIII, an X, an XII, 1815, 1851, 1852), des r\u00e9f\u00e9rendums (1958 et 1962) ou un pl\u00e9biscite \u00e0 caract\u00e8re r\u00e9f\u00e9rendaire qui sert de transition entre ceux-l\u00e0 et ceux-ci (1870), pr\u00e9sentent bien des similitudes. En 1852, la premi\u00e8re Constitution de Louis-Napol\u00e9on tend vers celles de son oncle\u00a0; en 1870, la seconde annonce celle de De Gaulle. Celui-ci reprend l\u2019histoire constitutionnelle l\u00e0 o\u00f9, d\u2019une certaine fa\u00e7on, elle s\u2019\u00e9tait arr\u00eat\u00e9e. Lois fondamentales et pratiques du pouvoir se ressemblent.<\/p>\n<p>Chez Napol\u00e9on III et De Gaulle, il y a le m\u00eame souci que chez Napol\u00e9on de s\u2019appuyer sur une id\u00e9e fondatrice, directrice et forte et lorsque le pr\u00e9sident de la Cinqui\u00e8me R\u00e9publique affirme\u00a0: \u00ab\u00a0La politique (est) l\u2019action au service d\u2019une id\u00e9e forte et simple\u00a0\u00bb, il fait \u00e9cho \u00e0 la politique de ces deux pr\u00e9d\u00e9cesseurs<sup class=\"modern-footnotes-footnote \" data-mfn=\"9\" data-mfn-post-scope=\"00000000000004c60000000000000000_3334\"><a href=\"javascript:void(0)\"  role=\"button\" aria-pressed=\"false\" aria-describedby=\"mfn-content-00000000000004c60000000000000000_3334-9\">9<\/a><\/sup><span id=\"mfn-content-00000000000004c60000000000000000_3334-9\" role=\"tooltip\" class=\"modern-footnotes-footnote__note\" tabindex=\"0\" data-mfn=\"9\">Charles de Gaulle, <em>M\u00e9moires d\u2019espoir<\/em>, ouv. cit\u00e9, r\u00e9\u00e9d. Omnibus, 1996, tome 1, p. 274.<\/span>. Cependant aucun des trois ne fait non plus preuve d\u2019esprit de syst\u00e8me et ils sont, au contraire, profond\u00e9ment pragmatiques. Louis-Napol\u00e9on Bonaparte\u00a0d\u00e9finit ainsi la politique de son oncle\u00a0: \u00ab\u00a0L\u2019empereur Napol\u00e9on ne commit pas la faute de beaucoup d\u2019hommes d\u2019\u00c9tat, de vouloir assujettir la nation \u00e0 une th\u00e9orie abstraite, qui devient alors, pour un pays, comme le lit de Procuste\u00a0; il \u00e9tudia, au contraire, avec soin le caract\u00e8re du peuple fran\u00e7ais, ses besoins, son \u00e9tat pr\u00e9sent\u00a0; et d\u2019apr\u00e8s ces donn\u00e9es, il formula un syst\u00e8me, qu\u2019il modifia ensuite suivant les circonstances<sup class=\"modern-footnotes-footnote \" data-mfn=\"10\" data-mfn-post-scope=\"00000000000004c60000000000000000_3334\"><a href=\"javascript:void(0)\"  role=\"button\" aria-pressed=\"false\" aria-describedby=\"mfn-content-00000000000004c60000000000000000_3334-10\">10<\/a><\/sup><span id=\"mfn-content-00000000000004c60000000000000000_3334-10\" role=\"tooltip\" class=\"modern-footnotes-footnote__note\" tabindex=\"0\" data-mfn=\"10\"><em>Des Id\u00e9es napol\u00e9oniennes<\/em>, chapitre 3 [1839], dans Napol\u00e9on III, <em>\u0152uvres,<\/em> ouv. cit\u00e9, t. I, p. 99-100.<\/span>\u00a0\u00bb.<\/p>\n<p>On retrouve chez eux le m\u00eame culte des principes fondamentaux de 1789, de l\u2019\u00c9tat et de la nation, la m\u00eame volont\u00e9 d\u2019assumer tout le pass\u00e9 national. \u00ab\u00a0De Clovis jusqu\u2019au Comit\u00e9 de salut public, je me sens solidaire de tout\u00a0\u00bb, lance Napol\u00e9on Bonaparte en devenant Premier consul<sup class=\"modern-footnotes-footnote \" data-mfn=\"11\" data-mfn-post-scope=\"00000000000004c60000000000000000_3334\"><a href=\"javascript:void(0)\"  role=\"button\" aria-pressed=\"false\" aria-describedby=\"mfn-content-00000000000004c60000000000000000_3334-11\">11<\/a><\/sup><span id=\"mfn-content-00000000000004c60000000000000000_3334-11\" role=\"tooltip\" class=\"modern-footnotes-footnote__note\" tabindex=\"0\" data-mfn=\"11\">Lucian Regenbogen, <em>Napol\u00e9on a dit. Aphorismes, citations et opinions<\/em>, Paris, Les Belles Lettres, 1998, 2002, p. 15.<\/span>, ce que Louis-Napol\u00e9on traduit en\u00a0: \u00ab\u00a0Non seulement je reconnais les gouvernements qui m\u2019ont pr\u00e9c\u00e9d\u00e9, mais j\u2019h\u00e9rite en quelque sorte de ce qu\u2019ils ont fait de bien ou de mal<sup class=\"modern-footnotes-footnote \" data-mfn=\"12\" data-mfn-post-scope=\"00000000000004c60000000000000000_3334\"><a href=\"javascript:void(0)\"  role=\"button\" aria-pressed=\"false\" aria-describedby=\"mfn-content-00000000000004c60000000000000000_3334-12\">12<\/a><\/sup><span id=\"mfn-content-00000000000004c60000000000000000_3334-12\" role=\"tooltip\" class=\"modern-footnotes-footnote__note\" tabindex=\"0\" data-mfn=\"12\">Discours du 1<sup>er<\/sup> d\u00e9cembre 1852 devant le S\u00e9nat et le Corps l\u00e9gislatif, Napol\u00e9on III, <em>\u0152uvres,<\/em> ouv. cit\u00e9, t. III, p. 352-354.<\/span>\u00a0\u00bb et De Gaulle en : \u00ab\u00a0Il n\u2019y a qu\u2019une histoire de France<sup class=\"modern-footnotes-footnote \" data-mfn=\"13\" data-mfn-post-scope=\"00000000000004c60000000000000000_3334\"><a href=\"javascript:void(0)\"  role=\"button\" aria-pressed=\"false\" aria-describedby=\"mfn-content-00000000000004c60000000000000000_3334-13\">13<\/a><\/sup><span id=\"mfn-content-00000000000004c60000000000000000_3334-13\" role=\"tooltip\" class=\"modern-footnotes-footnote__note\" tabindex=\"0\" data-mfn=\"13\">Discours du 6 septembre 1964 \u00e0 Reims sur le site <em>INA.fr.<\/em><\/span>\u00a0\u00bb. On retrouve aussi le m\u00eame sentiment que la France est faite pour une r\u00e9publique monarchique ou une monarchie r\u00e9publicaine, la m\u00eame aspiration \u00e0 \u00ab\u00a0concilier l\u2019ordre et la libert\u00e9, les droits du peuple et le principe d\u2019autorit\u00e9, le m\u00eame primat du politique, le m\u00eame sentiment que l\u2019homme d\u2019\u00c9tat anim\u00e9 d\u2019une volont\u00e9 est en capacit\u00e9 de pouvoir, la m\u00eame conviction de la n\u00e9cessit\u00e9 d\u2019un ex\u00e9cutif fort qui soit pleinement responsable de ses actes devant le peuple souverain et qui \u00e9tablisse un lien direct avec lui, y compris en se rendant au contact direct des populations par des voyages \u00e0 travers la France, la m\u00eame aspiration \u00e0 d\u00e9passer les clivages politiques partisans, la m\u00eame id\u00e9e que le parlementarisme doit \u00eatre \u00ab\u00a0rationnalis\u00e9\u00a0\u00bb, subordonn\u00e9, divis\u00e9. Au \u00ab\u00a0Gouverner par un parti c\u2019est se mettre t\u00f4t ou tard dans sa d\u00e9pendance\u00a0: on ne m\u2019y prendra pas\u00a0! Je suis national\u00a0\u00bb, de Napol\u00e9on<sup class=\"modern-footnotes-footnote \" data-mfn=\"14\" data-mfn-post-scope=\"00000000000004c60000000000000000_3334\"><a href=\"javascript:void(0)\"  role=\"button\" aria-pressed=\"false\" aria-describedby=\"mfn-content-00000000000004c60000000000000000_3334-14\">14<\/a><\/sup><span id=\"mfn-content-00000000000004c60000000000000000_3334-14\" role=\"tooltip\" class=\"modern-footnotes-footnote__note\" tabindex=\"0\" data-mfn=\"14\">Lucian Regenbogen, ouv. cit\u00e9, p. 19.<\/span>, r\u00e9pond le \u00ab\u00a0Soyons les hommes du pays et non les hommes d\u2019un parti\u00a0\u00bb de son neveu<sup class=\"modern-footnotes-footnote \" data-mfn=\"15\" data-mfn-post-scope=\"00000000000004c60000000000000000_3334\"><a href=\"javascript:void(0)\"  role=\"button\" aria-pressed=\"false\" aria-describedby=\"mfn-content-00000000000004c60000000000000000_3334-15\">15<\/a><\/sup><span id=\"mfn-content-00000000000004c60000000000000000_3334-15\" role=\"tooltip\" class=\"modern-footnotes-footnote__note\" tabindex=\"0\" data-mfn=\"15\">Discours devant l\u2019Assembl\u00e9e le 20 d\u00e9cembre 1848, Napol\u00e9on III, <em>\u0152uvres,<\/em> ouv. cit\u00e9, t. III, p. 29-31.<\/span>, et le \u00ab\u00a0Le fait que les partisans de droite et les partisans de gauche d\u00e9clarent que j\u2019appartiens \u00e0 l\u2019autre c\u00f4t\u00e9, prouve pr\u00e9cis\u00e9ment ce que je vous dis, c\u2019est-\u00e0-dire que, maintenant comme toujours, je ne suis pas d\u2019un c\u00f4t\u00e9, je ne suis pas de l\u2019autre, je suis pour la France\u00a0\u00bb de Charles de Gaulle<sup class=\"modern-footnotes-footnote \" data-mfn=\"16\" data-mfn-post-scope=\"00000000000004c60000000000000000_3334\"><a href=\"javascript:void(0)\"  role=\"button\" aria-pressed=\"false\" aria-describedby=\"mfn-content-00000000000004c60000000000000000_3334-16\">16<\/a><\/sup><span id=\"mfn-content-00000000000004c60000000000000000_3334-16\" role=\"tooltip\" class=\"modern-footnotes-footnote__note\" tabindex=\"0\" data-mfn=\"16\">Entretien t\u00e9l\u00e9vis\u00e9 avec Michel Droit du 15 d\u00e9cembre 1965, <em>M\u00e9moires d\u2019espoir<\/em>, Paris, Plon, 1970, r\u00e9\u00e9d. Omnibus, 1996, tome 2, p. 972.<\/span>.\u00a0 On retrouve enfin, le m\u00eame art de choisir ses subordonn\u00e9s et de les faire se transcender (Mol\u00e9, Rouher, Debr\u00e9), la m\u00eame aspiration \u00e0 s\u2019appuyer sur les hommes de talent de toutes provenances, sur l\u2019expertise d\u2019une haute fonction publique de qualit\u00e9 et sur les meilleurs sp\u00e9cialistes de chaque profession. Apr\u00e8s Napol\u00e9on I<sup>er<\/sup> qui affirme\u00a0: \u00ab\u00a0\u00a0Un gouvernement en appelant \u00e0 soi toutes les intelligences, travaille dans son propre int\u00e9r\u00eat<sup class=\"modern-footnotes-footnote \" data-mfn=\"17\" data-mfn-post-scope=\"00000000000004c60000000000000000_3334\"><a href=\"javascript:void(0)\"  role=\"button\" aria-pressed=\"false\" aria-describedby=\"mfn-content-00000000000004c60000000000000000_3334-17\">17<\/a><\/sup><span id=\"mfn-content-00000000000004c60000000000000000_3334-17\" role=\"tooltip\" class=\"modern-footnotes-footnote__note\" tabindex=\"0\" data-mfn=\"17\">Lucian Regenbogen, ouv. cit\u00e9, p. 60.<\/span>\u00a0\u00bb, Louis-Napol\u00e9on entend \u00ab\u00a0appeler aux fonctions publiques les hommes (\u2026) les plus honn\u00eates, les plus capables, sans s\u2019arr\u00eater \u00e0 leurs ant\u00e9c\u00e9dents politiques<sup class=\"modern-footnotes-footnote \" data-mfn=\"18\" data-mfn-post-scope=\"00000000000004c60000000000000000_3334\"><a href=\"javascript:void(0)\"  role=\"button\" aria-pressed=\"false\" aria-describedby=\"mfn-content-00000000000004c60000000000000000_3334-18\">18<\/a><\/sup><span id=\"mfn-content-00000000000004c60000000000000000_3334-18\" role=\"tooltip\" class=\"modern-footnotes-footnote__note\" tabindex=\"0\" data-mfn=\"18\">Message du 7 juin 1849 \u00e0 l\u2019Assembl\u00e9e l\u00e9gislative, Napol\u00e9on III, <em>\u0152uvres,<\/em> ouv. cit\u00e9, t. III, p. 43 et suiv.<\/span>\u00a0\u00bb et De Gaulle rappelle : \u00ab\u00a0Personnellement, je ne me suis (\u2026) jamais occup\u00e9 de savoir de quelle famille spirituelle provenaient les hommes qui voulaient collaborer avec moi. Je t\u00e2chais de les juger seulement d\u2019apr\u00e8s leurs capacit\u00e9s, leur dignit\u00e9 et leur bonne volont\u00e9<sup class=\"modern-footnotes-footnote \" data-mfn=\"19\" data-mfn-post-scope=\"00000000000004c60000000000000000_3334\"><a href=\"javascript:void(0)\"  role=\"button\" aria-pressed=\"false\" aria-describedby=\"mfn-content-00000000000004c60000000000000000_3334-19\">19<\/a><\/sup><span id=\"mfn-content-00000000000004c60000000000000000_3334-19\" role=\"tooltip\" class=\"modern-footnotes-footnote__note\" tabindex=\"0\" data-mfn=\"19\">Conf\u00e9rence de presse du 12 novembre 1947, <em>M\u00e9moires d\u2019espoir<\/em>, Paris, Plon, 1970, r\u00e9\u00e9d. Omnibus, 1996, tome 2, p. 376 et suiv.<\/span>\u00a0\u00bb.<\/p>\n<p>Les trois hommes sont des modernisateurs en phase avec leur temps, car ils ont compris, comme le souligne Louis-Napol\u00e9on que\u00a0: \u00ab\u00a0Marchez \u00e0 la t\u00eate des id\u00e9es de votre si\u00e8cle, ces id\u00e9es vous suivent et vous soutiennent. Marchez \u00e0 leur suite, elles vous entra\u00eenent. Marchez contre elles, elles vous renversent<sup class=\"modern-footnotes-footnote \" data-mfn=\"20\" data-mfn-post-scope=\"00000000000004c60000000000000000_3334\"><a href=\"javascript:void(0)\"  role=\"button\" aria-pressed=\"false\" aria-describedby=\"mfn-content-00000000000004c60000000000000000_3334-20\">20<\/a><\/sup><span id=\"mfn-content-00000000000004c60000000000000000_3334-20\" role=\"tooltip\" class=\"modern-footnotes-footnote__note\" tabindex=\"0\" data-mfn=\"20\"><em>Fragments historiques, 1688 et 1830<\/em>, chapitre V, conclusion, Napol\u00e9on III, <em>\u0152uvres,<\/em> ouv. cit\u00e9, t. I, p. 329 et suiv.<\/span>\u00a0\u00bb. Ils arrivent au pouvoir avec un plan r\u00e9formateur m\u00fbri et la conviction que les changements doivent se faire vite pour r\u00e9ussir. L\u2019ann\u00e9e qui suit le coup d\u2019\u00c9tat du 2 d\u00e9cembre et les ann\u00e9es 1944-1945 et 1958-1965 sont des \u00e9chos du grand Consulat, des moments d\u2019intenses r\u00e9formes.<\/p>\n<p>Napol\u00e9on, Napol\u00e9on III et de Gaulle jouissent d\u2019une grande popularit\u00e9, mais sont aussi tr\u00e8s clivants, comptent des ennemis irr\u00e9ductibles dont certains attentent \u00e0 leur vie\u00a0: la rue Saint-Nicaise, Orsini, le Petit-Clamart\u2026 Ils en r\u00e9chappent toujours et parfois m\u00eame miraculeusement. Arriv\u00e9s au pouvoir avec l\u2019appui d\u2019une grande partie des \u00e9lites d\u00e9sireuses de se trouver un sauveur, Napol\u00e9on et De Gaulle tombent apr\u00e8s avoir \u00e9t\u00e9 l\u00e2ch\u00e9s par elles lorsqu\u2019ils leur sont apparus comme des handicaps. Napol\u00e9on III d\u00e9note par rapport \u00e0 eux en s\u2019\u00e9tant impos\u00e9 contre la majorit\u00e9 des \u00e9lites et en succombant apr\u00e8s avoir pourtant r\u00e9ussi \u00e0 les rallier.<\/p>\t\t\t\t\t\t\t\t<\/div>\n\t\t\t\t<\/div>\n\t\t\t\t<\/div>\n\t\t<div data-particle_enable=\"false\" data-particle-mobile-disabled=\"false\" class=\"elementor-element elementor-element-da95318 elementor-hidden-mobile e-con-full e-flex e-con e-child\" data-id=\"da95318\" data-element_type=\"container\" data-e-type=\"container\">\n\t\t<div data-particle_enable=\"false\" data-particle-mobile-disabled=\"false\" class=\"elementor-element elementor-element-3fdeac0 e-con-full e-flex e-con e-child\" data-id=\"3fdeac0\" data-element_type=\"container\" data-e-type=\"container\">\n\t\t\t\t<div class=\"elementor-element elementor-element-17ea17e elementor-widget-divider--view-line_text elementor-widget-divider--element-align-center elementor-widget elementor-widget-divider\" data-id=\"17ea17e\" data-element_type=\"widget\" data-e-type=\"widget\" data-widget_type=\"divider.default\">\n\t\t\t\t<div class=\"elementor-widget-container\">\n\t\t\t\t\t\t\t<div class=\"elementor-divider\">\n\t\t\t<span class=\"elementor-divider-separator\">\n\t\t\t\t\t\t\t<p class=\"elementor-divider__text elementor-divider__element\">\n\t\t\t\tPage 2\t\t\t\t<\/p>\n\t\t\t\t\t\t<\/span>\n\t\t<\/div>\n\t\t\t\t\t\t<\/div>\n\t\t\t\t<\/div>\n\t\t\t\t<div class=\"elementor-element elementor-element-fbc6bfa eael-tooltip-align-left eael-tooltip-text-align-left elementor-widget elementor-widget-eael-tooltip\" data-id=\"fbc6bfa\" data-element_type=\"widget\" data-e-type=\"widget\" data-widget_type=\"eael-tooltip.default\">\n\t\t\t\t<div class=\"elementor-widget-container\">\n\t\t\t\t\t\t<div class=\"eael-tooltip\">\n\t\t\t\t\t<p class=\"eael-tooltip-content\" tabindex=\"0\" aria-describedby=\"tooltip-text-fbc6bfa\"><p>[8]. <em>Bulletin des lois de la R\u00e9publique...<\/em><\/p><\/p>\n  \t\t\t<span id=\"tooltip-text-fbc6bfa\" class=\"eael-tooltip-text eael-tooltip-bottom\" role=\"tooltip\"><p><em>Bulletin des lois de la R\u00e9publique fran\u00e7aise<\/em>\u00a0; X<sup>e\u00a0<\/sup>s\u00e9rie, 1<sup>re<\/sup>\u00a0semestre 1852, t. IX, Imp. nationale, ao\u00fbt 1852, n\u00b0 479, p. 49 et suiv.<\/p><\/span>\n  \t\t\t<\/div>\n\t\t\t\t\t<\/div>\n\t\t\t\t<\/div>\n\t\t\t\t<div class=\"elementor-element elementor-element-2e66fb8 eael-tooltip-align-left eael-tooltip-text-align-left elementor-widget elementor-widget-eael-tooltip\" data-id=\"2e66fb8\" data-element_type=\"widget\" data-e-type=\"widget\" data-widget_type=\"eael-tooltip.default\">\n\t\t\t\t<div class=\"elementor-widget-container\">\n\t\t\t\t\t\t<div class=\"eael-tooltip\">\n\t\t\t\t\t<p class=\"eael-tooltip-content\" tabindex=\"0\" aria-describedby=\"tooltip-text-2e66fb8\"><p>[9]. Charles de Gaulle,\u00a0<em>M\u00e9moires d\u2019espoir<\/em>...<\/p><\/p>\n  \t\t\t<span id=\"tooltip-text-2e66fb8\" class=\"eael-tooltip-text eael-tooltip-bottom\" role=\"tooltip\"><p>Charles de Gaulle,\u00a0<em>M\u00e9moires d\u2019espoir<\/em>, ouv. cit\u00e9, r\u00e9\u00e9d. Omnibus, 1996, tome 1, p. 274.<\/p><\/span>\n  \t\t\t<\/div>\n\t\t\t\t\t<\/div>\n\t\t\t\t<\/div>\n\t\t\t\t<div class=\"elementor-element elementor-element-b309a27 eael-tooltip-align-left eael-tooltip-text-align-left elementor-widget elementor-widget-eael-tooltip\" data-id=\"b309a27\" data-element_type=\"widget\" data-e-type=\"widget\" data-widget_type=\"eael-tooltip.default\">\n\t\t\t\t<div class=\"elementor-widget-container\">\n\t\t\t\t\t\t<div class=\"eael-tooltip\">\n\t\t\t\t\t<p class=\"eael-tooltip-content\" tabindex=\"0\" aria-describedby=\"tooltip-text-b309a27\"><p>[10]. <em>Des Id\u00e9es napol\u00e9oniennes<\/em>, chapitre...<\/p><\/p>\n  \t\t\t<span id=\"tooltip-text-b309a27\" class=\"eael-tooltip-text eael-tooltip-bottom\" role=\"tooltip\"><p><em>Des Id\u00e9es napol\u00e9oniennes<\/em>, chapitre 3 [1839], dans Napol\u00e9on III,\u00a0<em>\u0152uvres,<\/em>\u00a0ouv. cit\u00e9, t. I, p. 99-100.<\/p><\/span>\n  \t\t\t<\/div>\n\t\t\t\t\t<\/div>\n\t\t\t\t<\/div>\n\t\t\t\t<div class=\"elementor-element elementor-element-57d4ce5 eael-tooltip-align-left eael-tooltip-text-align-left elementor-widget elementor-widget-eael-tooltip\" data-id=\"57d4ce5\" data-element_type=\"widget\" data-e-type=\"widget\" data-widget_type=\"eael-tooltip.default\">\n\t\t\t\t<div class=\"elementor-widget-container\">\n\t\t\t\t\t\t<div class=\"eael-tooltip\">\n\t\t\t\t\t<p class=\"eael-tooltip-content\" tabindex=\"0\" aria-describedby=\"tooltip-text-57d4ce5\"><p>[11]. Lucian Regenbogen,\u00a0<em>Napol\u00e9on...<\/em><\/p><\/p>\n  \t\t\t<span id=\"tooltip-text-57d4ce5\" class=\"eael-tooltip-text eael-tooltip-bottom\" role=\"tooltip\"><p>Lucian Regenbogen,\u00a0<em>Napol\u00e9on a dit. Aphorismes, citations et opinions<\/em>, Paris, Les Belles Lettres, 1998, 2002, p. 15<\/p><\/span>\n  \t\t\t<\/div>\n\t\t\t\t\t<\/div>\n\t\t\t\t<\/div>\n\t\t\t\t<div class=\"elementor-element elementor-element-002c0da eael-tooltip-align-left eael-tooltip-text-align-left elementor-widget elementor-widget-eael-tooltip\" data-id=\"002c0da\" data-element_type=\"widget\" data-e-type=\"widget\" data-widget_type=\"eael-tooltip.default\">\n\t\t\t\t<div class=\"elementor-widget-container\">\n\t\t\t\t\t\t<div class=\"eael-tooltip\">\n\t\t\t\t\t<p class=\"eael-tooltip-content\" tabindex=\"0\" aria-describedby=\"tooltip-text-002c0da\"><p>[12]. Discours du 1<sup>er<\/sup> d\u00e9cembre 1852...<\/p><\/p>\n  \t\t\t<span id=\"tooltip-text-002c0da\" class=\"eael-tooltip-text eael-tooltip-bottom\" role=\"tooltip\"><p>Discours du 1<sup>er<\/sup>\u00a0d\u00e9cembre 1852 devant le S\u00e9nat et le Corps l\u00e9gislatif, Napol\u00e9on III,\u00a0<em>\u0152uvres,<\/em> ouv. cit\u00e9, t. III, p. 352-354.<\/p><\/span>\n  \t\t\t<\/div>\n\t\t\t\t\t<\/div>\n\t\t\t\t<\/div>\n\t\t\t\t<div class=\"elementor-element elementor-element-7817e8f eael-tooltip-align-left eael-tooltip-text-align-left elementor-widget elementor-widget-eael-tooltip\" data-id=\"7817e8f\" data-element_type=\"widget\" data-e-type=\"widget\" data-widget_type=\"eael-tooltip.default\">\n\t\t\t\t<div class=\"elementor-widget-container\">\n\t\t\t\t\t\t<div class=\"eael-tooltip\">\n\t\t\t\t\t<p class=\"eael-tooltip-content\" tabindex=\"0\" aria-describedby=\"tooltip-text-7817e8f\"><p>[13]. Discours du 6 septembre 1964 \u00e0...<\/p><\/p>\n  \t\t\t<span id=\"tooltip-text-7817e8f\" class=\"eael-tooltip-text eael-tooltip-bottom\" role=\"tooltip\"><p>Discours du 6 septembre 1964 \u00e0 Reims sur le site\u00a0<em>INA.fr.<\/em><\/p><\/span>\n  \t\t\t<\/div>\n\t\t\t\t\t<\/div>\n\t\t\t\t<\/div>\n\t\t\t\t<div class=\"elementor-element elementor-element-f69886f eael-tooltip-align-left eael-tooltip-text-align-left elementor-widget elementor-widget-eael-tooltip\" data-id=\"f69886f\" data-element_type=\"widget\" data-e-type=\"widget\" data-widget_type=\"eael-tooltip.default\">\n\t\t\t\t<div class=\"elementor-widget-container\">\n\t\t\t\t\t\t<div class=\"eael-tooltip\">\n\t\t\t\t\t<p class=\"eael-tooltip-content\" tabindex=\"0\" aria-describedby=\"tooltip-text-f69886f\"><p>[14]. Lucian Regenbogen, ouv. cit\u00e9, p. 19.<\/p><\/p>\n  \t\t\t<span id=\"tooltip-text-f69886f\" class=\"eael-tooltip-text eael-tooltip-bottom\" role=\"tooltip\"><p><em>Des Id\u00e9es napol\u00e9oniennes<\/em>, chapitre 3 [1839], dans Napol\u00e9on III,\u00a0<em>\u0152uvres,<\/em>\u00a0ouv. cit\u00e9, t. I, p. 99-100.<\/p><\/span>\n  \t\t\t<\/div>\n\t\t\t\t\t<\/div>\n\t\t\t\t<\/div>\n\t\t\t\t<div class=\"elementor-element elementor-element-c8021b9 eael-tooltip-align-left eael-tooltip-text-align-left elementor-widget elementor-widget-eael-tooltip\" data-id=\"c8021b9\" data-element_type=\"widget\" data-e-type=\"widget\" data-widget_type=\"eael-tooltip.default\">\n\t\t\t\t<div class=\"elementor-widget-container\">\n\t\t\t\t\t\t<div class=\"eael-tooltip\">\n\t\t\t\t\t<p class=\"eael-tooltip-content\" tabindex=\"0\" aria-describedby=\"tooltip-text-c8021b9\"><p>[15]. Discours devant l\u2019Assembl\u00e9e le 20...<\/p><\/p>\n  \t\t\t<span id=\"tooltip-text-c8021b9\" class=\"eael-tooltip-text eael-tooltip-bottom\" role=\"tooltip\"><p>Discours devant l\u2019Assembl\u00e9e le 20 d\u00e9cembre 1848, Napol\u00e9on III,\u00a0<em>\u0152uvres,<\/em> ouv. cit\u00e9, t. III, p. 29-31.<\/p><\/span>\n  \t\t\t<\/div>\n\t\t\t\t\t<\/div>\n\t\t\t\t<\/div>\n\t\t\t\t<div class=\"elementor-element elementor-element-9c8d99c eael-tooltip-align-left eael-tooltip-text-align-left elementor-widget elementor-widget-eael-tooltip\" data-id=\"9c8d99c\" data-element_type=\"widget\" data-e-type=\"widget\" data-widget_type=\"eael-tooltip.default\">\n\t\t\t\t<div class=\"elementor-widget-container\">\n\t\t\t\t\t\t<div class=\"eael-tooltip\">\n\t\t\t\t\t<p class=\"eael-tooltip-content\" tabindex=\"0\" aria-describedby=\"tooltip-text-9c8d99c\"><p>[16]. Entretien t\u00e9l\u00e9vis\u00e9 avec Michel Droit...<\/p><\/p>\n  \t\t\t<span id=\"tooltip-text-9c8d99c\" class=\"eael-tooltip-text eael-tooltip-bottom\" role=\"tooltip\"><p>Entretien t\u00e9l\u00e9vis\u00e9 avec Michel Droit du 15 d\u00e9cembre 1965,\u00a0<em>M\u00e9moires d\u2019espoir<\/em>, Paris, Plon, 1970, r\u00e9\u00e9d. Omnibus, 1996, tome 2, p. 972.<\/p><\/span>\n  \t\t\t<\/div>\n\t\t\t\t\t<\/div>\n\t\t\t\t<\/div>\n\t\t\t\t<div class=\"elementor-element elementor-element-189d487 eael-tooltip-align-left eael-tooltip-text-align-left elementor-widget elementor-widget-eael-tooltip\" data-id=\"189d487\" data-element_type=\"widget\" data-e-type=\"widget\" data-widget_type=\"eael-tooltip.default\">\n\t\t\t\t<div class=\"elementor-widget-container\">\n\t\t\t\t\t\t<div class=\"eael-tooltip\">\n\t\t\t\t\t<p class=\"eael-tooltip-content\" tabindex=\"0\" aria-describedby=\"tooltip-text-189d487\"><p>[17]. Lucian Regenbogen, ouv. cit\u00e9, p. 60.<\/p><\/p>\n  \t\t\t<span id=\"tooltip-text-189d487\" class=\"eael-tooltip-text eael-tooltip-bottom\" role=\"tooltip\"><p>Lucian Regenbogen, ouv. cit\u00e9, p. 60.<\/p><\/span>\n  \t\t\t<\/div>\n\t\t\t\t\t<\/div>\n\t\t\t\t<\/div>\n\t\t\t\t<div class=\"elementor-element elementor-element-9cf56d5 eael-tooltip-align-left eael-tooltip-text-align-left elementor-widget elementor-widget-eael-tooltip\" data-id=\"9cf56d5\" data-element_type=\"widget\" data-e-type=\"widget\" data-widget_type=\"eael-tooltip.default\">\n\t\t\t\t<div class=\"elementor-widget-container\">\n\t\t\t\t\t\t<div class=\"eael-tooltip\">\n\t\t\t\t\t<p class=\"eael-tooltip-content\" tabindex=\"0\" aria-describedby=\"tooltip-text-9cf56d5\"><p>[18]. Message du 7 juin 1849 \u00e0 l\u2019Assembl\u00e9e...<\/p><\/p>\n  \t\t\t<span id=\"tooltip-text-9cf56d5\" class=\"eael-tooltip-text eael-tooltip-bottom\" role=\"tooltip\"><p>Message du 7 juin 1849 \u00e0 l\u2019Assembl\u00e9e l\u00e9gislative, Napol\u00e9on III,\u00a0<em>\u0152uvres,<\/em>\u00a0ouv. cit\u00e9, t. III, p. 43 et suiv.<\/p><\/span>\n  \t\t\t<\/div>\n\t\t\t\t\t<\/div>\n\t\t\t\t<\/div>\n\t\t\t\t<div class=\"elementor-element elementor-element-8afa08b eael-tooltip-align-left eael-tooltip-text-align-left elementor-widget elementor-widget-eael-tooltip\" data-id=\"8afa08b\" data-element_type=\"widget\" data-e-type=\"widget\" data-widget_type=\"eael-tooltip.default\">\n\t\t\t\t<div class=\"elementor-widget-container\">\n\t\t\t\t\t\t<div class=\"eael-tooltip\">\n\t\t\t\t\t<p class=\"eael-tooltip-content\" tabindex=\"0\" aria-describedby=\"tooltip-text-8afa08b\"><p>[19]. Conf\u00e9rence de presse du 12...<\/p><\/p>\n  \t\t\t<span id=\"tooltip-text-8afa08b\" class=\"eael-tooltip-text eael-tooltip-bottom\" role=\"tooltip\"><p>Conf\u00e9rence de presse du 12 novembre 1947,\u00a0<em>M\u00e9moires d\u2019espoir<\/em>, Paris, Plon, 1970, r\u00e9\u00e9d. Omnibus, 1996, tome 2, p. 376 et suiv.<\/p><\/span>\n  \t\t\t<\/div>\n\t\t\t\t\t<\/div>\n\t\t\t\t<\/div>\n\t\t\t\t<div class=\"elementor-element elementor-element-98e2ba5 eael-tooltip-align-left eael-tooltip-text-align-left elementor-widget elementor-widget-eael-tooltip\" data-id=\"98e2ba5\" data-element_type=\"widget\" data-e-type=\"widget\" data-widget_type=\"eael-tooltip.default\">\n\t\t\t\t<div class=\"elementor-widget-container\">\n\t\t\t\t\t\t<div class=\"eael-tooltip\">\n\t\t\t\t\t<p class=\"eael-tooltip-content\" tabindex=\"0\" aria-describedby=\"tooltip-text-98e2ba5\"><p>[20]. <em>Fragments historiques, 1688 et 1830...<\/em><\/p><\/p>\n  \t\t\t<span id=\"tooltip-text-98e2ba5\" class=\"eael-tooltip-text eael-tooltip-bottom\" role=\"tooltip\"><p><em>Fragments historiques, 1688 et 1830<\/em>, chapitre V, conclusion, Napol\u00e9on III,\u00a0<em>\u0152uvres,<\/em>\u00a0ouv. cit\u00e9, t. I, p. 329 et suiv.<\/p><\/span>\n  \t\t\t<\/div>\n\t\t\t\t\t<\/div>\n\t\t\t\t<\/div>\n\t\t\t\t<\/div>\n\t\t\t\t<\/div>\n\t\t\t\t\t<\/div>\n\t\t\t\t<\/div>\n\t\t<div data-particle_enable=\"false\" data-particle-mobile-disabled=\"false\" class=\"elementor-element elementor-element-9be8d3f e-flex e-con-boxed e-con e-parent\" data-id=\"9be8d3f\" data-element_type=\"container\" data-e-type=\"container\">\n\t\t\t\t\t<div class=\"e-con-inner\">\n\t\t<div data-particle_enable=\"false\" data-particle-mobile-disabled=\"false\" class=\"elementor-element elementor-element-55b35e1 e-con-full e-flex e-con e-child\" data-id=\"55b35e1\" data-element_type=\"container\" data-e-type=\"container\">\n\t\t\t\t<div class=\"elementor-element elementor-element-e38cea5 elementor-widget elementor-widget-text-editor\" data-id=\"e38cea5\" data-element_type=\"widget\" data-e-type=\"widget\" data-widget_type=\"text-editor.default\">\n\t\t\t\t<div class=\"elementor-widget-container\">\n\t\t\t\t\t\t\t\t\t<h2 class=\"wp-block-heading\">II L\u2019importance des consid\u00e9rations \u00e9conomiques et sociales<\/h2>\n<p>Si Napol\u00e9on, Napol\u00e9on III et De Gaulle, font passer la politique avant toute autre consid\u00e9ration, tous trois se pr\u00e9occupent beaucoup plus des questions \u00e9conomiques que la plupart des chefs d\u2019\u00c9tat de leur temps. Ils envisagent une repr\u00e9sentation politique des int\u00e9r\u00eats \u00e9conomiques et sociaux, Napol\u00e9on Bonaparte dans la Constitution qu\u2019il donne \u00e0 la R\u00e9publique italienne en 1802, puis dans l\u2019Acte additionnel aux constitutions de l\u2019Empire en 1815, Louis-Napol\u00e9on Bonaparte-Napol\u00e9on III en faisant entrer massivement les repr\u00e9sentants des affaires \u00e9conomiques au Corps l\u00e9gislatif, gr\u00e2ce \u00e0 la candidature officielle, et De Gaulle en projetant de fusionner le S\u00e9nat et le Conseil \u00e9conomique et social. Ils sont surtout convaincus que la confiance publique est le pr\u00e9alable indispensable dont les acteurs \u00e9conomiques ont besoin pour d\u00e9velopper leurs affaires. Il en d\u00e9coule la n\u00e9cessit\u00e9 d\u2019institutions stables.<\/p>\n<p>Napol\u00e9on est le cr\u00e9ateur de la Banque de France et du franc germinal et l\u2019introducteur des nouveaux principes budg\u00e9taires. Il demande des rapports quotidiens sur la situation de la Tr\u00e9sorerie, le prix des denr\u00e9es, le cours de la rente, la qualit\u00e9 des r\u00e9coltes, les difficult\u00e9s des entreprises\u2026<sup class=\"modern-footnotes-footnote \" data-mfn=\"21\" data-mfn-post-scope=\"00000000000004c60000000000000000_3334\"><a href=\"javascript:void(0)\" refnum=\"21\" role=\"button\" aria-pressed=\"false\" aria-describedby=\"mfn-content-00000000000004c60000000000000000_3334-21\">21<\/a><\/sup><span id=\"mfn-content-00000000000004c60000000000000000_3334-21\" role=\"tooltip\" class=\"modern-footnotes-footnote__note\" tabindex=\"0\" data-mfn=\"21\">Voir Pierre Branda (dir.), <em>L\u2019\u00c9conomie selon Napol\u00e9on<\/em>, Paris, Vend\u00e9miaire, 2016.<\/span> Cela traduit sa volont\u00e9 d\u2019assurer la puissance de la France ainsi qu\u2019une pr\u00e9occupation d\u2019ordre public, bien davantage qu\u2019une sensibilit\u00e9 au sort des humbles.<\/p>\n<p>Ici, Napol\u00e9on III annonce plus de Gaulle qu\u2019il n\u2019est l\u2019h\u00e9ritier de son oncle. Autant par pi\u00e9t\u00e9 familiale et par admiration pour le grand homme que par auto-persuasion et volont\u00e9 de l\u00e9gitimer ses propres projets, il pr\u00eate parfois \u00e0 ce dernier des pens\u00e9es qu\u2019il n\u2019a pas eues et prend en l\u2019occurrence pour argent comptant l\u2019affirmation de sa m\u00e8re que Napol\u00e9on se souciait beaucoup du sort des ouvriers. Chez lui, au contraire, la pr\u00e9occupation est r\u00e9elle. Marqu\u00e9 par l\u2019industrialisation et la question sociale qui en d\u00e9coule, il s\u2019inspire ouvertement dans ses jeunes ann\u00e9es de la Constitution de 1793\u00a0: \u00ab\u00a0Le but de la soci\u00e9t\u00e9 est le <em>bonheur commun<\/em>. Les secours publics sont une dette sacr\u00e9e. La soci\u00e9t\u00e9 doit la subsistance aux citoyens malheureux, soit en leur procurant du travail, soit en assurant les moyens d\u2019exister \u00e0 ceux qui sont hors d\u2019\u00e9tat de travailler.\u00a0\u00bb\u00a0 L\u2019imp\u00f4t est n\u00e9cessaire. Les riches doivent le comprendre car la paix sociale est \u00e0 ce prix. \u00ab\u00a0La pauvret\u00e9 ne sera plus s\u00e9ditieuse lorsque l\u2019opulence ne sera plus oppressive\u00a0\u00bb, \u00e9crit-il dans <em>L\u2019Extinction du paup\u00e9risme<\/em>, au milieu des ann\u00e9es 1840<sup class=\"modern-footnotes-footnote \" data-mfn=\"22\" data-mfn-post-scope=\"00000000000004c60000000000000000_3334\"><a href=\"javascript:void(0)\"  role=\"button\" aria-pressed=\"false\" aria-describedby=\"mfn-content-00000000000004c60000000000000000_3334-22\">22<\/a><\/sup><span id=\"mfn-content-00000000000004c60000000000000000_3334-22\" role=\"tooltip\" class=\"modern-footnotes-footnote__note\" tabindex=\"0\" data-mfn=\"22\">Napol\u00e9on III, <em>\u0152uvres,<\/em> ouv. cit\u00e9, t. II, p. 150-151.<\/span>.<\/p>\n<p>Tr\u00e8s inspir\u00e9 par le saint-simonisme, il imagine un syst\u00e8me mixte qui ne soit ni du capitalisme lib\u00e9ral, ni du socialisme \u00e9tatique mais qui emprunte aux deux ce qu\u2019ils ont de meilleur. Il est moins interventionniste que son oncle en \u00e9conomie<sup class=\"modern-footnotes-footnote \" data-mfn=\"23\" data-mfn-post-scope=\"00000000000004c60000000000000000_3334\"><a href=\"javascript:void(0)\"  role=\"button\" aria-pressed=\"false\" aria-describedby=\"mfn-content-00000000000004c60000000000000000_3334-23\">23<\/a><\/sup><span id=\"mfn-content-00000000000004c60000000000000000_3334-23\" role=\"tooltip\" class=\"modern-footnotes-footnote__note\" tabindex=\"0\" data-mfn=\"23\">Voir \u00c9ric Anceau, \u00ab\u00a0Napol\u00e9on III, empereur lib\u00e9ral\u00a0?\u00a0\u00bb, dans Pierre Branda (dir.), <em>L\u2019\u00c9conomie selon Napol\u00e9on<\/em>, Vend\u00e9miaire, 2016, p. 385-402.<\/span>. Ses voyages en Angleterre et la lecture des principaux \u00e9conomistes politiques contrebalancent son penchant naturel vers le socialisme. Il faut \u00ab\u00a0\u00e9viter cette tendance funeste qui entra\u00eene l\u2019\u00c9tat \u00e0 ex\u00e9cuter lui-m\u00eame ce que les particuliers peuvent faire aussi bien et mieux que lui<sup class=\"modern-footnotes-footnote \" data-mfn=\"24\" data-mfn-post-scope=\"00000000000004c60000000000000000_3334\"><a href=\"javascript:void(0)\"  role=\"button\" aria-pressed=\"false\" aria-describedby=\"mfn-content-00000000000004c60000000000000000_3334-24\">24<\/a><\/sup><span id=\"mfn-content-00000000000004c60000000000000000_3334-24\" role=\"tooltip\" class=\"modern-footnotes-footnote__note\" tabindex=\"0\" data-mfn=\"24\">Manifeste \u00e9lectoral en vue de l\u2019\u00e9lection pr\u00e9sidentielle du 10 d\u00e9cembre 1848, Napol\u00e9on III, <em>\u0152uvres,<\/em> ouv. cit\u00e9, t. III, p. 27.<\/span>\u00a0\u00bb, affirme-t-il, ou encore \u00ab\u00a0le plus grand danger, peut-\u00eatre, des temps modernes vient de cette fausse opinion qu\u2019un gouvernement peut tout, et qu\u2019il est de l\u2019essence m\u00eame d\u2019un syst\u00e8me quelconque de r\u00e9pondre \u00e0 toutes les exigences et de rem\u00e9dier \u00e0 tous les maux<sup class=\"modern-footnotes-footnote \" data-mfn=\"25\" data-mfn-post-scope=\"00000000000004c60000000000000000_3334\"><a href=\"javascript:void(0)\"  role=\"button\" aria-pressed=\"false\" aria-describedby=\"mfn-content-00000000000004c60000000000000000_3334-25\">25<\/a><\/sup><span id=\"mfn-content-00000000000004c60000000000000000_3334-25\" role=\"tooltip\" class=\"modern-footnotes-footnote__note\" tabindex=\"0\" data-mfn=\"25\">Discours prononc\u00e9 le 11 novembre 1849 \u00e0 Paris, Napol\u00e9on III, <em>\u0152uvres<\/em>, ouv. cit\u00e9, t. III, p. 119.<\/span>.\u00a0\u00bb En revanche, il revient \u00e0 l\u2019\u00c9tat de cr\u00e9er les conditions du d\u00e9veloppement par le cr\u00e9dit, les infrastructures, l\u2019am\u00e9nagement du territoire, les transports, mais aussi de d\u00e9finir une strat\u00e9gie d\u2019ensemble coh\u00e9rente et de grandes orientations. Le Haut-Commissariat au Plan cr\u00e9\u00e9 par De Gaulle \u00e0 la Lib\u00e9ration et qui conna\u00eet un apog\u00e9e quand il revient aux affaires en 1958 n\u2019est pas sans rappeler les lettres-programmes d\u00e9taill\u00e9es de Napol\u00e9on III, en particulier celle de janvier 1860.<\/p>\n<p>N\u00e9anmoins, pour l\u2019un comme pour l\u2019autre, l\u2019\u00e9conomie n\u2019est jamais une fin en soi et s\u2019articule toujours avec le social. Pour Louis-Napol\u00e9on, la prosp\u00e9rit\u00e9 \u00e9conomique est le levier essentiel du progr\u00e8s social et l\u2019organisation du travail un moyen de r\u00e9soudre les maux de la soci\u00e9t\u00e9. L\u2019ouvrier doit \u00eatre associ\u00e9 \u00e0 la marche de l\u2019entreprise et tirer les dividendes de sa r\u00e9ussite. De Gaulle lui fait ici \u00e9cho\u00a0: \u00ab\u00a0C\u2019est l\u2019\u00e9conomie qui me para\u00eet l\u2019emporter sur tout le reste, parce qu\u2019elle est la condition de tout et en particulier la condition du progr\u00e8s social<sup class=\"modern-footnotes-footnote \" data-mfn=\"26\" data-mfn-post-scope=\"00000000000004c60000000000000000_3334\"><a href=\"javascript:void(0)\"  role=\"button\" aria-pressed=\"false\" aria-describedby=\"mfn-content-00000000000004c60000000000000000_3334-26\">26<\/a><\/sup><span id=\"mfn-content-00000000000004c60000000000000000_3334-26\" role=\"tooltip\" class=\"modern-footnotes-footnote__note\" tabindex=\"0\" data-mfn=\"26\">Entretien t\u00e9l\u00e9vis\u00e9 avec Michel Droit du 13 d\u00e9cembre 1965, <em>M\u00e9moires d\u2019espoir et Allocutions et messages<\/em>, ouv. cit\u00e9, p. 956.<\/span>\u00a0\u00bb et la participation gaullienne ressemble beaucoup \u00e0 l\u2019association du second empereur<sup class=\"modern-footnotes-footnote \" data-mfn=\"27\" data-mfn-post-scope=\"00000000000004c60000000000000000_3334\"><a href=\"javascript:void(0)\"  role=\"button\" aria-pressed=\"false\" aria-describedby=\"mfn-content-00000000000004c60000000000000000_3334-27\">27<\/a><\/sup><span id=\"mfn-content-00000000000004c60000000000000000_3334-27\" role=\"tooltip\" class=\"modern-footnotes-footnote__note\" tabindex=\"0\" data-mfn=\"27\">Voir en particulier le fragment du 23 juillet 1869 en AN 400 AP 54.<\/span>. Rien de tel chez Napol\u00e9on.<\/p>\t\t\t\t\t\t\t\t<\/div>\n\t\t\t\t<\/div>\n\t\t\t\t<\/div>\n\t\t<div data-particle_enable=\"false\" data-particle-mobile-disabled=\"false\" class=\"elementor-element elementor-element-2fcb853 elementor-hidden-mobile e-con-full e-flex e-con e-child\" data-id=\"2fcb853\" data-element_type=\"container\" data-e-type=\"container\">\n\t\t<div data-particle_enable=\"false\" data-particle-mobile-disabled=\"false\" class=\"elementor-element elementor-element-57bcc33 e-con-full e-flex e-con e-child\" data-id=\"57bcc33\" data-element_type=\"container\" data-e-type=\"container\">\n\t\t\t\t<div class=\"elementor-element elementor-element-077d88f elementor-widget-divider--view-line_text elementor-widget-divider--element-align-center elementor-widget elementor-widget-divider\" data-id=\"077d88f\" data-element_type=\"widget\" data-e-type=\"widget\" data-widget_type=\"divider.default\">\n\t\t\t\t<div class=\"elementor-widget-container\">\n\t\t\t\t\t\t\t<div class=\"elementor-divider\">\n\t\t\t<span class=\"elementor-divider-separator\">\n\t\t\t\t\t\t\t<p class=\"elementor-divider__text elementor-divider__element\">\n\t\t\t\tPage 3\t\t\t\t<\/p>\n\t\t\t\t\t\t<\/span>\n\t\t<\/div>\n\t\t\t\t\t\t<\/div>\n\t\t\t\t<\/div>\n\t\t\t\t<div class=\"elementor-element elementor-element-4b31403 eael-tooltip-align-left eael-tooltip-text-align-left elementor-widget elementor-widget-eael-tooltip\" data-id=\"4b31403\" data-element_type=\"widget\" data-e-type=\"widget\" data-widget_type=\"eael-tooltip.default\">\n\t\t\t\t<div class=\"elementor-widget-container\">\n\t\t\t\t\t\t<div class=\"eael-tooltip\">\n\t\t\t\t\t<p class=\"eael-tooltip-content\" tabindex=\"0\" aria-describedby=\"tooltip-text-4b31403\"><p>[21]. Voir Pierre Branda (dir.), <em>L\u2019\u00c9conomie...<\/em><\/p><\/p>\n  \t\t\t<span id=\"tooltip-text-4b31403\" class=\"eael-tooltip-text eael-tooltip-bottom\" role=\"tooltip\"><p>Voir Pierre Branda (dir.), <em>L\u2019\u00c9conomie selon Napol\u00e9on<\/em>, Paris, Vend\u00e9miaire, 2016.<\/p><\/span>\n  \t\t\t<\/div>\n\t\t\t\t\t<\/div>\n\t\t\t\t<\/div>\n\t\t\t\t<div class=\"elementor-element elementor-element-6d21d83 eael-tooltip-align-left eael-tooltip-text-align-left elementor-widget elementor-widget-eael-tooltip\" data-id=\"6d21d83\" data-element_type=\"widget\" data-e-type=\"widget\" data-widget_type=\"eael-tooltip.default\">\n\t\t\t\t<div class=\"elementor-widget-container\">\n\t\t\t\t\t\t<div class=\"eael-tooltip\">\n\t\t\t\t\t<p class=\"eael-tooltip-content\" tabindex=\"0\" aria-describedby=\"tooltip-text-6d21d83\"><p>[22]. Napol\u00e9on III, <em>\u0152uvres,<\/em> ouv. cit\u00e9...<\/p><\/p>\n  \t\t\t<span id=\"tooltip-text-6d21d83\" class=\"eael-tooltip-text eael-tooltip-bottom\" role=\"tooltip\"><p>Napol\u00e9on III, <em>\u0152uvres,<\/em> ouv. cit\u00e9, t. II, p. 150-151.<\/p><\/span>\n  \t\t\t<\/div>\n\t\t\t\t\t<\/div>\n\t\t\t\t<\/div>\n\t\t\t\t<div class=\"elementor-element elementor-element-4ae8023 eael-tooltip-align-left eael-tooltip-text-align-left elementor-widget elementor-widget-eael-tooltip\" data-id=\"4ae8023\" data-element_type=\"widget\" data-e-type=\"widget\" data-widget_type=\"eael-tooltip.default\">\n\t\t\t\t<div class=\"elementor-widget-container\">\n\t\t\t\t\t\t<div class=\"eael-tooltip\">\n\t\t\t\t\t<p class=\"eael-tooltip-content\" tabindex=\"0\" aria-describedby=\"tooltip-text-4ae8023\"><p>[23].\u00a0Voir \u00c9ric Anceau, \u00ab Napol\u00e9on III...<\/p><\/p>\n  \t\t\t<span id=\"tooltip-text-4ae8023\" class=\"eael-tooltip-text eael-tooltip-bottom\" role=\"tooltip\"><p>Voir \u00c9ric Anceau, \u00ab\u00a0Napol\u00e9on III, empereur lib\u00e9ral\u00a0?\u00a0\u00bb, dans Pierre Branda (dir.), <em>L\u2019\u00c9conomie selon Napol\u00e9on<\/em>, Vend\u00e9miaire, 2016, p. 385-402.<\/p><\/span>\n  \t\t\t<\/div>\n\t\t\t\t\t<\/div>\n\t\t\t\t<\/div>\n\t\t\t\t<div class=\"elementor-element elementor-element-cc2ce5d eael-tooltip-align-left eael-tooltip-text-align-left elementor-widget elementor-widget-eael-tooltip\" data-id=\"cc2ce5d\" data-element_type=\"widget\" data-e-type=\"widget\" data-widget_type=\"eael-tooltip.default\">\n\t\t\t\t<div class=\"elementor-widget-container\">\n\t\t\t\t\t\t<div class=\"eael-tooltip\">\n\t\t\t\t\t<p class=\"eael-tooltip-content\" tabindex=\"0\" aria-describedby=\"tooltip-text-cc2ce5d\"><p>[24]. Manifeste \u00e9lectoral en vue de...<\/p><\/p>\n  \t\t\t<span id=\"tooltip-text-cc2ce5d\" class=\"eael-tooltip-text eael-tooltip-bottom\" role=\"tooltip\"><p>Manifeste \u00e9lectoral en vue de l\u2019\u00e9lection pr\u00e9sidentielle du 10 d\u00e9cembre 1848, Napol\u00e9on III, <em>\u0152uvres,<\/em> ouv. cit\u00e9, t. III, p. 27.<\/p><\/span>\n  \t\t\t<\/div>\n\t\t\t\t\t<\/div>\n\t\t\t\t<\/div>\n\t\t\t\t<div class=\"elementor-element elementor-element-867d620 eael-tooltip-align-left eael-tooltip-text-align-left elementor-widget elementor-widget-eael-tooltip\" data-id=\"867d620\" data-element_type=\"widget\" data-e-type=\"widget\" data-widget_type=\"eael-tooltip.default\">\n\t\t\t\t<div class=\"elementor-widget-container\">\n\t\t\t\t\t\t<div class=\"eael-tooltip\">\n\t\t\t\t\t<p class=\"eael-tooltip-content\" tabindex=\"0\" aria-describedby=\"tooltip-text-867d620\"><p>[25]. Discours prononc\u00e9 le 11 novembre...<\/p><\/p>\n  \t\t\t<span id=\"tooltip-text-867d620\" class=\"eael-tooltip-text eael-tooltip-bottom\" role=\"tooltip\"><p>Discours prononc\u00e9 le 11 novembre 1849 \u00e0 Paris, Napol\u00e9on III, <em>\u0152uvres<\/em>, ouv. cit\u00e9, t. III, p. 119.<\/p><\/span>\n  \t\t\t<\/div>\n\t\t\t\t\t<\/div>\n\t\t\t\t<\/div>\n\t\t\t\t<\/div>\n\t\t<div data-particle_enable=\"false\" data-particle-mobile-disabled=\"false\" class=\"elementor-element elementor-element-f43a1d0 e-con-full e-flex e-con e-child\" data-id=\"f43a1d0\" data-element_type=\"container\" data-e-type=\"container\">\n\t\t\t\t<div class=\"elementor-element elementor-element-42907e8 eael-tooltip-align-left eael-tooltip-text-align-left elementor-widget elementor-widget-eael-tooltip\" data-id=\"42907e8\" data-element_type=\"widget\" data-e-type=\"widget\" data-widget_type=\"eael-tooltip.default\">\n\t\t\t\t<div class=\"elementor-widget-container\">\n\t\t\t\t\t\t<div class=\"eael-tooltip\">\n\t\t\t\t\t<p class=\"eael-tooltip-content\" tabindex=\"0\" aria-describedby=\"tooltip-text-42907e8\"><p>[26]. Entretien t\u00e9l\u00e9vis\u00e9 avec Michel...<\/p><\/p>\n  \t\t\t<span id=\"tooltip-text-42907e8\" class=\"eael-tooltip-text eael-tooltip-bottom\" role=\"tooltip\"><p>Entretien t\u00e9l\u00e9vis\u00e9 avec Michel Droit du 13 d\u00e9cembre 1965, <em>M\u00e9moires d\u2019espoir et Allocutions et messages<\/em>, ouv. cit\u00e9, p. 956.<\/p><\/span>\n  \t\t\t<\/div>\n\t\t\t\t\t<\/div>\n\t\t\t\t<\/div>\n\t\t\t\t<div class=\"elementor-element elementor-element-122c508 eael-tooltip-align-left eael-tooltip-text-align-left elementor-widget elementor-widget-eael-tooltip\" data-id=\"122c508\" data-element_type=\"widget\" data-e-type=\"widget\" data-widget_type=\"eael-tooltip.default\">\n\t\t\t\t<div class=\"elementor-widget-container\">\n\t\t\t\t\t\t<div class=\"eael-tooltip\">\n\t\t\t\t\t<p class=\"eael-tooltip-content\" tabindex=\"0\" aria-describedby=\"tooltip-text-122c508\"><p>[27]. Voir en particulier le fragment...<\/p><\/p>\n  \t\t\t<span id=\"tooltip-text-122c508\" class=\"eael-tooltip-text eael-tooltip-bottom\" role=\"tooltip\"><p>Voir en particulier le fragment du 23 juillet 1869 en AN 400 AP 54.<\/p><\/span>\n  \t\t\t<\/div>\n\t\t\t\t\t<\/div>\n\t\t\t\t<\/div>\n\t\t\t\t<\/div>\n\t\t\t\t<\/div>\n\t\t\t\t\t<\/div>\n\t\t\t\t<\/div>\n\t\t<div data-particle_enable=\"false\" data-particle-mobile-disabled=\"false\" class=\"elementor-element elementor-element-3dbab83 e-flex e-con-boxed e-con e-parent\" data-id=\"3dbab83\" data-element_type=\"container\" data-e-type=\"container\">\n\t\t\t\t\t<div class=\"e-con-inner\">\n\t\t<div data-particle_enable=\"false\" data-particle-mobile-disabled=\"false\" class=\"elementor-element elementor-element-7b6cc5f e-con-full e-flex e-con e-child\" data-id=\"7b6cc5f\" data-element_type=\"container\" data-e-type=\"container\">\n\t\t\t\t<div class=\"elementor-element elementor-element-3c097af elementor-widget elementor-widget-text-editor\" data-id=\"3c097af\" data-element_type=\"widget\" data-e-type=\"widget\" data-widget_type=\"text-editor.default\">\n\t\t\t\t<div class=\"elementor-widget-container\">\n\t\t\t\t\t\t\t\t\t<p>Il est \u00e9galement fascinant de rapprocher le manifeste de Louis-Napol\u00e9on Bonaparte, candidat \u00e0 la pr\u00e9sidence de la R\u00e9publique en novembre 1848 et son discours de Bordeaux qui annonce le passage \u00e0 l\u2019Empire quatre ans plus tard, d\u2019une part, des prises de paroles publiques de De Gaulle rappel\u00e9 aux affaires en juin 1958 : retour de la confiance, restauration des finances de la France, \u00e9conomies qui permettent de diminuer les imp\u00f4ts sans d\u00e9sorganiser les services publics, lib\u00e9ration des capacit\u00e9s d\u2019initiative des entreprises.<\/p>\n<p>En revanche, le premier se singularise du second, lorsque devenu empereur, il a les mains libres. Il applique en effet la th\u00e9orie des d\u00e9penses productives et accepte que soient lanc\u00e9s de grands emprunts alors que De Gaulle se montre beaucoup plus attach\u00e9 au dogme de l\u2019\u00e9quilibre budg\u00e9taire comme pouvaient l\u2019\u00eatre Napol\u00e9on et la plupart des dirigeants du XIX<sup>e<\/sup> si\u00e8cle.<\/p>\n<p>Si le Blocus continental am\u00e8ne Napol\u00e9on \u00e0 concevoir un espace \u00e9conomique europ\u00e9en dont son Empire serait le centre et qui exclut l\u2019Angleterre et s\u2019il incite m\u00eame les rois de Naples et de Hollande \u00e0 cr\u00e9er les m\u00eames subdivisions mon\u00e9taires qu\u2019en France pour faciliter les \u00e9changes dans cet espace<sup class=\"modern-footnotes-footnote \" data-mfn=\"28\" data-mfn-post-scope=\"00000000000004c60000000000000000_3334\"><a href=\"javascript:void(0)\" refnum=\"28\" role=\"button\" aria-pressed=\"false\" aria-describedby=\"mfn-content-00000000000004c60000000000000000_3334-28\">28<\/a><\/sup><span id=\"mfn-content-00000000000004c60000000000000000_3334-28\" role=\"tooltip\" class=\"modern-footnotes-footnote__note\" tabindex=\"0\" data-mfn=\"28\">Voir J.-M. Thiveaud, \u00ab Monnaie universelle, unique, unitaire, cosmopolite, internationale\u2026 Petite anthologie de quelques si\u00e8cles de projets mon\u00e9taires entre utopie et r\u00e9alit\u00e9 \u00bb, <em>Revue d\u2019\u00e9conomie financi\u00e8re<\/em>, vol. 36, n\u00b0 1, 1996.<\/span>, il reste avant tout un homme de son temps, tr\u00e8s attach\u00e9 au mercantilisme colbertien. En revanche, Napol\u00e9on III d\u00e9note en \u00e9tant l\u2019instigateur du trait\u00e9 de janvier 1860 lib\u00e9ralisant les \u00e9changes entre la France et la Grande-Bretagne, des autres trait\u00e9s commerciaux bilat\u00e9raux qui le suivent et de l\u2019Union mon\u00e9taire latine de d\u00e9cembre 1865. C\u2019est ici De Gaulle qui appara\u00eet en position interm\u00e9diaire. H\u00e9ritant de la Communaut\u00e9 \u00e9conomique europ\u00e9enne mise en place un an avant son retour au pouvoir, il joue le jeu, tout en n\u2019h\u00e9sitant pas \u00e0 pratiquer la politique de la chaise vide quand il estime que les int\u00e9r\u00eats fran\u00e7ais sont l\u00e9s\u00e9s et en refusant obstin\u00e9ment de faire entrer la Grande-Bretagne dans le March\u00e9 Commun.<\/p>\n<!-- \/wp:paragraph --><!-- wp:list {\"ordered\":true,\"type\":\"upper-roman\"} -->\n<ol class=\"wp-block-list\" style=\"list-style-type: upper-roman;\"><!-- wp:list-item -->\n<li><strong>Une vision plan\u00e9taire<\/strong><\/li>\n<!-- \/wp:list-item --><\/ol>\n<!-- \/wp:list --><!-- wp:paragraph -->\n<p>Les questions internationales sont aussi centrales chez Louis-Napol\u00e9on-Napol\u00e9on III et De Gaulle qu\u2019elles l\u2019\u00e9taient pour Napol\u00e9on. L\u2019objectif premier et constant des trois hommes d\u2019\u00c9tat est la grandeur de la France. Depuis 1789, celle-ci se sent investie de la mission de r\u00e9pandre les Lumi\u00e8res et les droits de l\u2019homme \u00e0 travers l\u2019Europe et Napol\u00e9on Bonaparte qui a \u00e9t\u00e9 l\u2019un de ses principaux missionnaires bott\u00e9s de la R\u00e9volution en est le premier convaincu et continue cette politique sous le Consulat et l\u2019Empire avant tout par le fer et par le feu et secondairement par la diplomatie.<\/p>\n<p>M\u00eame s\u2019ils usent principalement de celle-ci, dans le cas de Napol\u00e9on III, et exclusivement d\u2019elle, dans celui de De Gaulle, l\u2019un et l\u2019autre sont les h\u00e9ritiers de l\u2019empereur, y compris en recourant comme lui \u00e0 des coups de th\u00e9\u00e2tre. Ils consid\u00e8rent aussi que la France ne peut souffrir la m\u00e9diocrit\u00e9. De Gaulle qui la destine \u00e0 \u00ab\u00a0des succ\u00e8s achev\u00e9s ou des malheurs exemplaires<sup class=\"modern-footnotes-footnote \" data-mfn=\"29\" data-mfn-post-scope=\"00000000000004c60000000000000000_3334\"><a href=\"javascript:void(0)\"  role=\"button\" aria-pressed=\"false\" aria-describedby=\"mfn-content-00000000000004c60000000000000000_3334-29\">29<\/a><\/sup><span id=\"mfn-content-00000000000004c60000000000000000_3334-29\" role=\"tooltip\" class=\"modern-footnotes-footnote__note\" tabindex=\"0\" data-mfn=\"29\">M\u00e9moires de guerre, Paris, Plon [1954], r\u00e9\u00e9d. Omnibus, 1996, t. 1, chapitre 1<sup>er<\/sup>, p. 9.<\/span>\u00a0\u00bb fait ainsi \u00e9cho \u00e0 Louis-Napol\u00e9on lorsqu\u2019il affirme\u00a0: \u00ab\u00a0Il faut qu\u2019une nation comme la n\u00f4tre, si elle s\u2019engage dans une lutte colossale, puisse justifier, \u00e0 la face du monde, ou la grandeur de ses succ\u00e8s, ou la grandeur de ses revers<sup class=\"modern-footnotes-footnote \" data-mfn=\"30\" data-mfn-post-scope=\"00000000000004c60000000000000000_3334\"><a href=\"javascript:void(0)\"  role=\"button\" aria-pressed=\"false\" aria-describedby=\"mfn-content-00000000000004c60000000000000000_3334-30\">30<\/a><\/sup><span id=\"mfn-content-00000000000004c60000000000000000_3334-30\" role=\"tooltip\" class=\"modern-footnotes-footnote__note\" tabindex=\"0\" data-mfn=\"30\">Message du 7 juin 1849 \u00e0 l\u2019Assembl\u00e9e l\u00e9gislative, Napol\u00e9on III, <em>\u0152uvres<\/em>, ouv. cit\u00e9, t. III, p. 69.<\/span>.\u00a0\u00bb<\/p>\t\t\t\t\t\t\t\t<\/div>\n\t\t\t\t<\/div>\n\t\t\t\t<\/div>\n\t\t<div data-particle_enable=\"false\" data-particle-mobile-disabled=\"false\" class=\"elementor-element elementor-element-9d9ba3b elementor-hidden-mobile e-con-full e-flex e-con e-child\" data-id=\"9d9ba3b\" data-element_type=\"container\" data-e-type=\"container\">\n\t\t<div data-particle_enable=\"false\" data-particle-mobile-disabled=\"false\" class=\"elementor-element elementor-element-27798d0 e-con-full e-flex e-con e-child\" data-id=\"27798d0\" data-element_type=\"container\" data-e-type=\"container\">\n\t\t\t\t<div class=\"elementor-element elementor-element-44b1c9f elementor-widget-divider--view-line_text elementor-widget-divider--element-align-center elementor-widget elementor-widget-divider\" data-id=\"44b1c9f\" data-element_type=\"widget\" data-e-type=\"widget\" data-widget_type=\"divider.default\">\n\t\t\t\t<div class=\"elementor-widget-container\">\n\t\t\t\t\t\t\t<div class=\"elementor-divider\">\n\t\t\t<span class=\"elementor-divider-separator\">\n\t\t\t\t\t\t\t<p class=\"elementor-divider__text elementor-divider__element\">\n\t\t\t\tPage 4\t\t\t\t<\/p>\n\t\t\t\t\t\t<\/span>\n\t\t<\/div>\n\t\t\t\t\t\t<\/div>\n\t\t\t\t<\/div>\n\t\t\t\t<div class=\"elementor-element elementor-element-bd2e33b eael-tooltip-align-left eael-tooltip-text-align-left elementor-widget elementor-widget-eael-tooltip\" data-id=\"bd2e33b\" data-element_type=\"widget\" data-e-type=\"widget\" data-widget_type=\"eael-tooltip.default\">\n\t\t\t\t<div class=\"elementor-widget-container\">\n\t\t\t\t\t\t<div class=\"eael-tooltip\">\n\t\t\t\t\t<p class=\"eael-tooltip-content\" tabindex=\"0\" aria-describedby=\"tooltip-text-bd2e33b\"><p>[28]. Voir J.-M. Thiveaud, \u00ab Monnaie...<\/p><\/p>\n  \t\t\t<span id=\"tooltip-text-bd2e33b\" class=\"eael-tooltip-text eael-tooltip-bottom\" role=\"tooltip\"><p>Voir J.-M. Thiveaud, \u00ab Monnaie universelle, unique, unitaire, cosmopolite, internationale\u2026 Petite anthologie de quelques si\u00e8cles de projets mon\u00e9taires entre utopie et r\u00e9alit\u00e9 \u00bb,\u00a0<em>Revue d\u2019\u00e9conomie financi\u00e8re<\/em>, vol. 36, n\u00b0 1, 1996.<\/p><\/span>\n  \t\t\t<\/div>\n\t\t\t\t\t<\/div>\n\t\t\t\t<\/div>\n\t\t\t\t<\/div>\n\t\t<div data-particle_enable=\"false\" data-particle-mobile-disabled=\"false\" class=\"elementor-element elementor-element-43d7542 e-con-full e-flex e-con e-child\" data-id=\"43d7542\" data-element_type=\"container\" data-e-type=\"container\">\n\t\t\t\t<div class=\"elementor-element elementor-element-dd45152 eael-tooltip-align-left eael-tooltip-text-align-left elementor-widget elementor-widget-eael-tooltip\" data-id=\"dd45152\" data-element_type=\"widget\" data-e-type=\"widget\" data-widget_type=\"eael-tooltip.default\">\n\t\t\t\t<div class=\"elementor-widget-container\">\n\t\t\t\t\t\t<div class=\"eael-tooltip\">\n\t\t\t\t\t<p class=\"eael-tooltip-content\" tabindex=\"0\" aria-describedby=\"tooltip-text-dd45152\"><p>[29]. M\u00e9moires de guerre, Paris, Plon...<\/p><\/p>\n  \t\t\t<span id=\"tooltip-text-dd45152\" class=\"eael-tooltip-text eael-tooltip-bottom\" role=\"tooltip\"><p>M\u00e9moires de guerre, Paris, Plon [1954], r\u00e9\u00e9d. Omnibus, 1996, t. 1, chapitre 1<sup>er<\/sup>, p. 9.<\/p><\/span>\n  \t\t\t<\/div>\n\t\t\t\t\t<\/div>\n\t\t\t\t<\/div>\n\t\t\t\t<div class=\"elementor-element elementor-element-15cd1b1 eael-tooltip-align-left eael-tooltip-text-align-left elementor-widget elementor-widget-eael-tooltip\" data-id=\"15cd1b1\" data-element_type=\"widget\" data-e-type=\"widget\" data-widget_type=\"eael-tooltip.default\">\n\t\t\t\t<div class=\"elementor-widget-container\">\n\t\t\t\t\t\t<div class=\"eael-tooltip\">\n\t\t\t\t\t<p class=\"eael-tooltip-content\" tabindex=\"0\" aria-describedby=\"tooltip-text-15cd1b1\"><p>[30]. Message du 7 juin 1849 \u00e0...<\/p><\/p>\n  \t\t\t<span id=\"tooltip-text-15cd1b1\" class=\"eael-tooltip-text eael-tooltip-bottom\" role=\"tooltip\"><p>Message du 7 juin 1849 \u00e0 l\u2019Assembl\u00e9e l\u00e9gislative, Napol\u00e9on III,\u00a0<em>\u0152uvres<\/em>, ouv. cit\u00e9, t. III, p. 69.<\/p><\/span>\n  \t\t\t<\/div>\n\t\t\t\t\t<\/div>\n\t\t\t\t<\/div>\n\t\t\t\t<\/div>\n\t\t\t\t<\/div>\n\t\t\t\t\t<\/div>\n\t\t\t\t<\/div>\n\t\t<div data-particle_enable=\"false\" data-particle-mobile-disabled=\"false\" class=\"elementor-element elementor-element-3512bc3 e-flex e-con-boxed e-con e-parent\" data-id=\"3512bc3\" data-element_type=\"container\" data-e-type=\"container\">\n\t\t\t\t\t<div class=\"e-con-inner\">\n\t\t<div data-particle_enable=\"false\" data-particle-mobile-disabled=\"false\" class=\"elementor-element elementor-element-d8e4b3d e-con-full e-flex e-con e-child\" data-id=\"d8e4b3d\" data-element_type=\"container\" data-e-type=\"container\">\n\t\t\t\t<div class=\"elementor-element elementor-element-5830ab6 elementor-widget elementor-widget-text-editor\" data-id=\"5830ab6\" data-element_type=\"widget\" data-e-type=\"widget\" data-widget_type=\"text-editor.default\">\n\t\t\t\t<div class=\"elementor-widget-container\">\n\t\t\t\t\t\t\t\t\t<p>En ce domaine de la politique \u00e9trang\u00e8re aussi, le neveu d\u00e9fend la politique de son oncle, lequel n\u2019aurait entrepris que des guerres d\u00e9fensives pour prot\u00e9ger et r\u00e9pandre les bienfaits de la R\u00e9volution et aurait cherch\u00e9 \u00e0 lib\u00e9rer les peuples asservis, \u00e0 b\u00e2tir une Europe plus juste, \u00e0 garantir la paix par une large conf\u00e9d\u00e9ration des nations, avant que le Congr\u00e8s de Vienne de 1814-1815 n\u2019an\u00e9antisse ses projets<sup class=\"modern-footnotes-footnote \" data-mfn=\"31\" data-mfn-post-scope=\"00000000000004c60000000000000000_3334\"><a href=\"javascript:void(0)\" refnum=\"31\" role=\"button\" aria-pressed=\"false\" aria-describedby=\"mfn-content-00000000000004c60000000000000000_3334-31\">31<\/a><\/sup><span id=\"mfn-content-00000000000004c60000000000000000_3334-31\" role=\"tooltip\" class=\"modern-footnotes-footnote__note\" tabindex=\"0\" data-mfn=\"31\">En particulier aux chapitres IV et V de <em>Des Id\u00e9es napol\u00e9oniennes<\/em>, Napol\u00e9on III, <em>\u0152uvres<\/em>, ouv. cit\u00e9, t. III, p. 69.<\/span>.<\/p>\n<p>Louis-Napol\u00e9on consid\u00e8re que la France doit montrer la voie aux autres peuples en d\u00e9fendant leur droit \u00e0 disposer d\u2019eux-m\u00eames. Il est l\u2019inventeur et le principal promoteur du principe des nationalit\u00e9s. Face aux deux g\u00e9ants en train d\u2019\u00e9merger, la Russie et les \u00c9tats-Unis d\u2019Am\u00e9rique dont il a proph\u00e9tis\u00e9 l\u2019av\u00e8nement peut-\u00eatre \u00e0 la suite de son oncle<sup class=\"modern-footnotes-footnote \" data-mfn=\"32\" data-mfn-post-scope=\"00000000000004c60000000000000000_3334\"><a href=\"javascript:void(0)\"  role=\"button\" aria-pressed=\"false\" aria-describedby=\"mfn-content-00000000000004c60000000000000000_3334-32\">32<\/a><\/sup><span id=\"mfn-content-00000000000004c60000000000000000_3334-32\" role=\"tooltip\" class=\"modern-footnotes-footnote__note\" tabindex=\"0\" data-mfn=\"32\">\u00ab\u00a0En mourant je laisse deux vainqueurs, deux hercules au berceau\u00a0: la Russie et les \u00c9tats-Unis d\u2019Am\u00e9rique\u00a0\u00bb, Napol\u00e9on, 1820, Lucian Regenbogen, ouv. cit., 1998, 2002, p. 55.<\/span> et certainement conjointement avec Tocqueville, il estime que l\u2019Europe doit s\u2019organiser autour de la France pour continuer de faire entendre sa voix. Dans ce but, il consid\u00e8re que l\u2019expansion coloniale est un facteur de dispersion de l\u2019\u00e9nergie nationale, mais se ravise, une fois devenu empereur, et appuie l\u2019implantation en Nouvelle-Cal\u00e9donie, au S\u00e9n\u00e9gal et en Cochinchine ainsi que la \u00ab\u00a0pacification\u00a0\u00bb de l\u2019Alg\u00e9rie qui s\u2019ach\u00e8ve sous son r\u00e8gne, \u00e0 la fin des ann\u00e9es 1850. N\u00e9anmoins, convaincu que l\u2019assimilation de celle-ci \u00e0 la m\u00e9tropole est impossible, il promeut l\u2019id\u00e9e d\u2019un royaume arabe associ\u00e9 \u00e0 la France. De Gaulle lui rend hommage sur ce point et d\u00e9plore que le projet n\u2019ait pu aboutir. Lui aussi se pose surtout en champion d\u2019une troisi\u00e8me voie entre les deux grands, en adversaire des blocs et en d\u00e9fenseur des nationalit\u00e9s<sup class=\"modern-footnotes-footnote \" data-mfn=\"33\" data-mfn-post-scope=\"00000000000004c60000000000000000_3334\"><a href=\"javascript:void(0)\"  role=\"button\" aria-pressed=\"false\" aria-describedby=\"mfn-content-00000000000004c60000000000000000_3334-33\">33<\/a><\/sup><span id=\"mfn-content-00000000000004c60000000000000000_3334-33\" role=\"tooltip\" class=\"modern-footnotes-footnote__note\" tabindex=\"0\" data-mfn=\"33\">Ainsi, \u00e0 titre d\u2019exemple, le 14 mai 1968 en Roumanie : \u00ab\u00a0Notre Europe commence \u00e0 se r\u00e9tablir dans l\u2019ind\u00e9pendance de chacune de ses nations\u00a0\u00bb. Et le lendemain devant l\u2019Assembl\u00e9e nationale roumaine\u00a0: il d\u00e9nonce \u00ab\u00a0le honteux effacement des souverainet\u00e9s nationales\u00a0\u00bb.<\/span>. Comme Napol\u00e9on III souhaite r\u00e9viser l\u2019ordre international \u00e9tabli par le Congr\u00e8s de Vienne, il entend remettre en cause le monde de Yalta.<\/p>\n<p>Ces changements doivent s\u2019op\u00e9rer par la diplomatie et par la m\u00e9diation de grands congr\u00e8s internationaux, non par les armes. La saine concurrence que les \u00c9tats souverains doivent se livrer est \u00e9conomique. La r\u00e9ponse de De Gaulle au toast du pr\u00e9sident bolivien du 28 septembre 1964\u00a0: \u00ab\u00a0Que (chaque peuple) transforme en \u00e9mulation cr\u00e9atrice et productrice par rapport aux autres nations ce qui fut et demeure trop souvent rivalit\u00e9 d\u2019ambitions\u00a0\u00bb fait ici \u00e9cho au discours de Louis-Napol\u00e9on Bonaparte \u00e0 l\u2019Exposition de l\u2019industrie le 31 ao\u00fbt 1849\u00a0: \u00ab\u00a0Aujourd\u2019hui, c\u2019est par le perfectionnement de l\u2019industrie, par les conqu\u00eates du commerce, qu\u2019il faut lutter avec le monde entier<sup class=\"modern-footnotes-footnote \" data-mfn=\"34\" data-mfn-post-scope=\"00000000000004c60000000000000000_3334\"><a href=\"javascript:void(0)\"  role=\"button\" aria-pressed=\"false\" aria-describedby=\"mfn-content-00000000000004c60000000000000000_3334-34\">34<\/a><\/sup><span id=\"mfn-content-00000000000004c60000000000000000_3334-34\" role=\"tooltip\" class=\"modern-footnotes-footnote__note\" tabindex=\"0\" data-mfn=\"34\">Napol\u00e9on III, <em>\u0152uvres<\/em>, ouv. cit\u00e9, t. III, p. 105.<\/span>.\u00a0\u00bb<\/p>\n<p>L\u2019un et l\u2019autre d\u00e9passent l\u2019horizon europ\u00e9en. Lors de la campagne d\u2019\u00c9gypte, Napol\u00e9on Bonaparte avait repris de l\u2019Antiquit\u00e9 le projet d\u2019un canal dans l\u2019isthme de Suez, mais c\u2019est son neveu qui en permet la r\u00e9alisation, en appuyant l\u2019initiative de Ferdinand de Lesseps. Quant \u00e0 De Gaulle, il porte la bonne parole \u00e0 travers le monde. Il referme les plaies ouvertes au Mexique par Napol\u00e9on III, comme ce dernier avait referm\u00e9 celles ouvertes par Napol\u00e9on en Espagne. Napol\u00e9on III et De Gaulle pratiquent une politique de r\u00e9implantation au Nouveau Monde, l\u00e0 o\u00f9 Napol\u00e9on avait vendu la Louisiane et s\u2019\u00e9tait d\u00e9sint\u00e9ress\u00e9 du Canada fran\u00e7ais.<\/p>\n<p>Les deux empereurs ach\u00e8vent leur parcours par des d\u00e9faites militaires et par des exils en terre anglaise, Waterloo et Sainte-H\u00e9l\u00e8ne dans un cas, Sedan et Chislehurst dans l\u2019autre. Quant \u00e0 De Gaulle, il se retire apr\u00e8s une d\u00e9faite politique, le r\u00e9f\u00e9rendum de 1969, et choisit un exil int\u00e9rieur et volontaire \u00e0 Colombey. Avec le domaine de La Boisserie, le petit cimeti\u00e8re et le M\u00e9morial, le village lorrain est devenu depuis sa mort un lieu de p\u00e8lerinage tr\u00e8s fr\u00e9quent\u00e9 \u00e0 l\u2019instar des Invalides pour Napol\u00e9on. L\u2019abbaye de Farnborough o\u00f9 se trouve la s\u00e9pulture de Napol\u00e9on III l\u2019est dans une bien moindre mesure et l\u2019exil en terre \u00e9trang\u00e8re n\u2019explique pas tout.<\/p>\n<p>Dans la m\u00e9moire collective de la nation, Napol\u00e9on et De Gaulle ont laiss\u00e9 une trace bien plus grande que Napol\u00e9on III. En t\u00e9moignent aussi et surtout les sondages qui les placent r\u00e9guli\u00e8rement en t\u00eate, quand il est exceptionnel que le premier pr\u00e9sident et dernier empereur de notre histoire y figure, m\u00eame en queue de classement. Contrairement \u00e0 eux sur lesquels le r\u00e9cit officiel s\u2019est toujours plus ou moins appuy\u00e9 depuis 1830 dans un cas, 1970 dans l\u2019autre, en d\u00e9pit de voix discordantes, lui a \u00e9t\u00e9 un repoussoir qui a permis \u00e0 la R\u00e9publique de s\u2019affirmer en effa\u00e7ant une \u0153uvre imposante derri\u00e8re le coup d\u2019\u00c9tat initial et la d\u00e9b\u00e2cle finale. Il constitue pourtant un maillon essentiel de l\u2019histoire qui va de l\u2019un \u00e0 l\u2019autre. Formons le v\u0153u (pieux\u00a0?) que 2023 permette une aussi digne comm\u00e9moration du cent-cinquantenaire de sa mort, que celles dont De Gaulle a b\u00e9n\u00e9fici\u00e9 en 2020 et Napol\u00e9on en 2021.<\/p>\t\t\t\t\t\t\t\t<\/div>\n\t\t\t\t<\/div>\n\t\t\t\t<\/div>\n\t\t<div data-particle_enable=\"false\" data-particle-mobile-disabled=\"false\" class=\"elementor-element elementor-element-5f7537b elementor-hidden-mobile e-con-full e-flex e-con e-child\" data-id=\"5f7537b\" data-element_type=\"container\" data-e-type=\"container\">\n\t\t<div data-particle_enable=\"false\" data-particle-mobile-disabled=\"false\" class=\"elementor-element elementor-element-6d601cd e-con-full e-flex e-con e-child\" data-id=\"6d601cd\" data-element_type=\"container\" data-e-type=\"container\">\n\t\t\t\t<div class=\"elementor-element elementor-element-f873439 elementor-widget-divider--view-line_text elementor-widget-divider--element-align-center elementor-widget elementor-widget-divider\" data-id=\"f873439\" data-element_type=\"widget\" data-e-type=\"widget\" data-widget_type=\"divider.default\">\n\t\t\t\t<div class=\"elementor-widget-container\">\n\t\t\t\t\t\t\t<div class=\"elementor-divider\">\n\t\t\t<span class=\"elementor-divider-separator\">\n\t\t\t\t\t\t\t<p class=\"elementor-divider__text elementor-divider__element\">\n\t\t\t\tPage 5\t\t\t\t<\/p>\n\t\t\t\t\t\t<\/span>\n\t\t<\/div>\n\t\t\t\t\t\t<\/div>\n\t\t\t\t<\/div>\n\t\t\t\t<div class=\"elementor-element elementor-element-9827b21 eael-tooltip-align-left eael-tooltip-text-align-left elementor-widget elementor-widget-eael-tooltip\" data-id=\"9827b21\" data-element_type=\"widget\" data-e-type=\"widget\" data-widget_type=\"eael-tooltip.default\">\n\t\t\t\t<div class=\"elementor-widget-container\">\n\t\t\t\t\t\t<div class=\"eael-tooltip\">\n\t\t\t\t\t<p class=\"eael-tooltip-content\" tabindex=\"0\" aria-describedby=\"tooltip-text-9827b21\"><p>[31]. En particulier aux chapitres IV...<\/p><\/p>\n  \t\t\t<span id=\"tooltip-text-9827b21\" class=\"eael-tooltip-text eael-tooltip-bottom\" role=\"tooltip\"><p>En particulier aux chapitres IV et V de <em>Des Id\u00e9es napol\u00e9oniennes<\/em>, Napol\u00e9on III, <em>\u0152uvres<\/em>, ouv. cit\u00e9, t. III, p. 69.<\/p><\/span>\n  \t\t\t<\/div>\n\t\t\t\t\t<\/div>\n\t\t\t\t<\/div>\n\t\t\t\t<div class=\"elementor-element elementor-element-5e3e9f6 eael-tooltip-align-left eael-tooltip-text-align-left elementor-widget elementor-widget-eael-tooltip\" data-id=\"5e3e9f6\" data-element_type=\"widget\" data-e-type=\"widget\" data-widget_type=\"eael-tooltip.default\">\n\t\t\t\t<div class=\"elementor-widget-container\">\n\t\t\t\t\t\t<div class=\"eael-tooltip\">\n\t\t\t\t\t<p class=\"eael-tooltip-content\" tabindex=\"0\" aria-describedby=\"tooltip-text-5e3e9f6\"><p>[32]. \u00ab En mourant je laisse deux...<\/p><\/p>\n  \t\t\t<span id=\"tooltip-text-5e3e9f6\" class=\"eael-tooltip-text eael-tooltip-bottom\" role=\"tooltip\"><p>\u00ab\u00a0En mourant je laisse deux vainqueurs, deux hercules au berceau\u00a0: la Russie et les \u00c9tats-Unis d\u2019Am\u00e9rique\u00a0\u00bb, Napol\u00e9on, 1820, Lucian Regenbogen, ouv. cit., 1998, 2002, p. 55.<\/p><\/span>\n  \t\t\t<\/div>\n\t\t\t\t\t<\/div>\n\t\t\t\t<\/div>\n\t\t\t\t<div class=\"elementor-element elementor-element-0085b1d eael-tooltip-align-left eael-tooltip-text-align-left elementor-widget elementor-widget-eael-tooltip\" data-id=\"0085b1d\" data-element_type=\"widget\" data-e-type=\"widget\" data-widget_type=\"eael-tooltip.default\">\n\t\t\t\t<div class=\"elementor-widget-container\">\n\t\t\t\t\t\t<div class=\"eael-tooltip\">\n\t\t\t\t\t<p class=\"eael-tooltip-content\" tabindex=\"0\" aria-describedby=\"tooltip-text-0085b1d\"><p>[33]. Ainsi, \u00e0 titre d\u2019exemple, le 14 mai...<\/p><\/p>\n  \t\t\t<span id=\"tooltip-text-0085b1d\" class=\"eael-tooltip-text eael-tooltip-bottom\" role=\"tooltip\"><p>Ainsi, \u00e0 titre d\u2019exemple, le 14 mai 1968 en Roumanie : \u00ab\u00a0Notre Europe commence \u00e0 se r\u00e9tablir dans l\u2019ind\u00e9pendance de chacune de ses nations\u00a0\u00bb. Et le lendemain devant l\u2019Assembl\u00e9e nationale roumaine\u00a0: il d\u00e9nonce \u00ab\u00a0le honteux effacement des souverainet\u00e9s nationales\u00a0\u00bb.<\/p><\/span>\n  \t\t\t<\/div>\n\t\t\t\t\t<\/div>\n\t\t\t\t<\/div>\n\t\t\t\t<div class=\"elementor-element elementor-element-c67fa4b eael-tooltip-align-left eael-tooltip-text-align-left elementor-widget elementor-widget-eael-tooltip\" data-id=\"c67fa4b\" data-element_type=\"widget\" data-e-type=\"widget\" data-widget_type=\"eael-tooltip.default\">\n\t\t\t\t<div class=\"elementor-widget-container\">\n\t\t\t\t\t\t<div class=\"eael-tooltip\">\n\t\t\t\t\t<p class=\"eael-tooltip-content\" tabindex=\"0\" aria-describedby=\"tooltip-text-c67fa4b\"><p>[34]. Napol\u00e9on III,\u00a0<em>\u0152uvres<\/em>, ouv. cit\u00e9...<\/p><\/p>\n  \t\t\t<span id=\"tooltip-text-c67fa4b\" class=\"eael-tooltip-text eael-tooltip-bottom\" role=\"tooltip\"><p>Napol\u00e9on III,\u00a0<em>\u0152uvres<\/em>, ouv. cit\u00e9, t. III, p. 105.<\/p><\/span>\n  \t\t\t<\/div>\n\t\t\t\t\t<\/div>\n\t\t\t\t<\/div>\n\t\t\t\t<\/div>\n\t\t\t\t<\/div>\n\t\t\t\t\t<\/div>\n\t\t\t\t<\/div>\n\t\t\t\t<\/div>\n\t\t","protected":false},"excerpt":{"rendered":"<p>La comm\u00e9moration du bicentenaire du d\u00e9c\u00e8s de Napol\u00e9on est l\u2019occasion de revenir sur la trace qu\u2019il laisse dans l\u2019histoire au travers de deux de ses successeurs \u00e0 la t\u00eate de l\u2019\u00c9tat qui sont parfois compar\u00e9s \u00e0 lui\u00a0: son neveu Louis-Napol\u00e9on-Napol\u00e9on III et Charles de Gaulle. Si l\u2019un et l\u2019autre sont arriv\u00e9s au sommet de l\u2019\u00c9tat [&hellip;]<\/p>\n","protected":false},"author":5,"featured_media":814,"comment_status":"closed","ping_status":"closed","sticky":false,"template":"","format":"standard","meta":{"_acf_changed":false,"footnotes":""},"categories":[3],"tags":[],"class_list":["post-3334","post","type-post","status-publish","format-standard","has-post-thumbnail","hentry","category-numero1"],"acf":[],"_links":{"self":[{"href":"https:\/\/m3c.universita.corsica\/lumi\/wp-json\/wp\/v2\/posts\/3334","targetHints":{"allow":["GET"]}}],"collection":[{"href":"https:\/\/m3c.universita.corsica\/lumi\/wp-json\/wp\/v2\/posts"}],"about":[{"href":"https:\/\/m3c.universita.corsica\/lumi\/wp-json\/wp\/v2\/types\/post"}],"author":[{"embeddable":true,"href":"https:\/\/m3c.universita.corsica\/lumi\/wp-json\/wp\/v2\/users\/5"}],"replies":[{"embeddable":true,"href":"https:\/\/m3c.universita.corsica\/lumi\/wp-json\/wp\/v2\/comments?post=3334"}],"version-history":[{"count":39,"href":"https:\/\/m3c.universita.corsica\/lumi\/wp-json\/wp\/v2\/posts\/3334\/revisions"}],"predecessor-version":[{"id":4105,"href":"https:\/\/m3c.universita.corsica\/lumi\/wp-json\/wp\/v2\/posts\/3334\/revisions\/4105"}],"wp:featuredmedia":[{"embeddable":true,"href":"https:\/\/m3c.universita.corsica\/lumi\/wp-json\/wp\/v2\/media\/814"}],"wp:attachment":[{"href":"https:\/\/m3c.universita.corsica\/lumi\/wp-json\/wp\/v2\/media?parent=3334"}],"wp:term":[{"taxonomy":"category","embeddable":true,"href":"https:\/\/m3c.universita.corsica\/lumi\/wp-json\/wp\/v2\/categories?post=3334"},{"taxonomy":"post_tag","embeddable":true,"href":"https:\/\/m3c.universita.corsica\/lumi\/wp-json\/wp\/v2\/tags?post=3334"}],"curies":[{"name":"wp","href":"https:\/\/api.w.org\/{rel}","templated":true}]}}