{"id":419,"date":"2022-11-08T08:00:13","date_gmt":"2022-11-08T08:00:13","guid":{"rendered":"https:\/\/lumi.albaagency.fr\/?p=419"},"modified":"2025-07-21T20:08:24","modified_gmt":"2025-07-21T20:08:24","slug":"quels-etaient-les-liens-de-napoleon-1er-avec-la-franc-maconnerie-et-est-il-un-frere","status":"publish","type":"post","link":"https:\/\/m3c.universita.corsica\/lumi\/quels-etaient-les-liens-de-napoleon-1er-avec-la-franc-maconnerie-et-est-il-un-frere\/","title":{"rendered":"Quels \u00e9taient les liens de Napol\u00e9on 1er avec la Franc-ma\u00e7onnerie ? Et, est-il un Fr\u00e8re\u00a0?"},"content":{"rendered":"\t\t<div data-elementor-type=\"wp-post\" data-elementor-id=\"419\" class=\"elementor elementor-419\" data-elementor-post-type=\"post\">\n\t\t\t\t<div data-particle_enable=\"false\" data-particle-mobile-disabled=\"false\" class=\"elementor-element elementor-element-7152512 e-flex e-con-boxed e-con e-parent\" data-id=\"7152512\" data-element_type=\"container\" data-e-type=\"container\">\n\t\t\t\t\t<div class=\"e-con-inner\">\n\t\t<div data-particle_enable=\"false\" data-particle-mobile-disabled=\"false\" class=\"elementor-element elementor-element-19231ae e-con-full e-flex e-con e-child\" data-id=\"19231ae\" data-element_type=\"container\" data-e-type=\"container\">\n\t\t\t\t<div class=\"elementor-element elementor-element-08b6b8c elementor-widget elementor-widget-text-editor\" data-id=\"08b6b8c\" data-element_type=\"widget\" data-e-type=\"widget\" data-widget_type=\"text-editor.default\">\n\t\t\t\t<div class=\"elementor-widget-container\">\n\t\t\t\t\t\t\t\t\t<p>J\u2019ai eu la chance de suivre \u00e0 la Sorbonne les cours du professeur Tulard, et quelques ann\u00e9es plus tard, chacun de nous est intervenu \u00e0 l\u2019occasion d\u2019un colloque \u00e0 Reims (lui sur\u00a0<em>Napol\u00e9on et les femmes<\/em>, et moi sur\u00a0<em>le Service de sant\u00e9 des arm\u00e9es durant les p\u00e9riodes R\u00e9volution et 1<sup>er<\/sup>\u00a0Empire<\/em>). Au diner de cl\u00f4ture, le ma\u00eetre et l\u2019ancien \u00e9l\u00e8ve ont \u00e9chang\u00e9s. Il m\u2019a alors dit que nous, historiens, \u00e9tions des\u00a0<strong>proph\u00e8tes<\/strong>\u00a0<strong>du pass\u00e9<\/strong>. Malheureusement, il est des domaines o\u00f9 nos recherches, notre travail d\u2019investigation est mis en d\u00e9faut, tout simplement car nous ne trouvons aucune trace viable et confirm\u00e9 des faits suppos\u00e9s. Citons par exemple\u00a0: Ravaillac a-t-il agit seul\u00a0et, dans la n\u00e9gative qui a arm\u00e9 son bras\u00a0? Qu\u2019elle est l\u2019identit\u00e9 du fameux masque de fer\u00a0? Lee Harvey Oswald \u00e9tait-t-il le seul tireur\u00a0? \u00a0Qui avait int\u00e9r\u00eat \u00e0 faire disparaitre John Fitzgerald Kennedy\u00a0? Sans compter que parfois les contemporains des faits \u00e9tudi\u00e9s brouillent volontairement les cartes, un exemple me vient \u00e0 l\u2019esprit\u00a0: le suicide d\u2019Adolf Hitler, est-ce son cadavre qui a \u00e9t\u00e9 retrouv\u00e9 calcin\u00e9\u00a0dans les ruines de son bunker ? Staline a volontairement sem\u00e9 le doute parmi les alli\u00e9s et dissimul\u00e9 pendant des ann\u00e9es le r\u00e9sultat des analyses de ses experts avant finalement de le confirmer\u00a0!<\/p>\n<p>\u00a0<\/p>\n<h3><strong>Alors Napol\u00e9on 1<sup>er<\/sup>\u00a0Franc-Ma\u00e7on ou pas\u00a0?<\/strong><\/h3>\n<p>\u00a0<\/p>\n<p>Si la question est pos\u00e9e \u00e0 une assembl\u00e9e de personnes, invariablement une partie va r\u00e9pondre cat\u00e9goriquement Oui et l\u2019autre Non\u00a0! c\u2019est un sujet clivant qui apporte donc une r\u00e9ponse tranch\u00e9e bas\u00e9e sur l\u2019affect de la personne questionn\u00e9e.<\/p>\n<p>Je ne vais pas d\u2019embl\u00e9e vous donner, moi aussi, une r\u00e9ponse tranch\u00e9e, mais, dans un premier temps vous apporter les \u00e9l\u00e9ments qui plaident en faveur de son appartenance, et dans un second, ceux qui plaident pour son non-appartenance.<\/p>\n<p>Mais, est-ce vraiment important de savoir si Napol\u00e9on 1<sup>er<\/sup>\u00a0\u00e9tait Franc-Ma\u00e7on\u00a0? apr\u00e8s tout, nous sommes dans le domaine du personnel, cet homme a droit \u00e0 son jardin secret. Cependant, oui\u00a0! je pense qu\u2019il est important de se poser cette question car, il est ind\u00e9niable que l\u2019appartenance \u00e0 la Franc-Ma\u00e7onnerie change un homme, sa vision du monde et surtout la perception qu\u2019il en a. Et, bien entendu, Napol\u00e9on 1<sup>er<\/sup> \u00e9tant Empereur et dans sa volont\u00e9 de tout r\u00e9glementer, il est certain que si il \u00e9tait Franc-Ma\u00e7on, toutes ses d\u00e9cisions seraient entach\u00e9es par les id\u00e9es, les d\u00e9bats se d\u00e9roulant en Loge ma\u00e7onnique.<\/p>\n<p>\u00a0<\/p>\n<h3>Auparavant, il convient de replacer la franc-ma\u00e7onnerie dans le contexte historique<\/h3>\n<p>\u00a0<\/p>\n<p>La Franc-ma\u00e7onnerie est prise dans le tourment de la R\u00e9volution, nombre de Fr\u00e8res ont fait la connaissance du\u00a0<em>Rasoir national, de la Louisette, de la Veuve, de la bascule \u00e0 Charlot\u00a0<\/em>(Charles-Louis Sanson, bourreau sous la R\u00e9volution), surnom donn\u00e9 \u00e0 la guillotine,et j\u2019en passe. D\u2019autres plus chanceux ont eu le temps de s\u2019exiler pour se mettre \u00e0 l\u2019abri.<\/p>\n<p>Le fait que la Ma\u00e7onnerie soit \u00e0 l\u2019origine de la R\u00e9volution est une id\u00e9e assez largement r\u00e9pandue, et pourtant dans les faits cela n\u2019est pas exact.\u00a0 Les Fr\u00e8res dans leurs Loges respectives, par leurs discussions, par leur volont\u00e9 d\u2019am\u00e9lioration de l\u2019homme et par l\u00e0 d\u2019une soci\u00e9t\u00e9 plus juste et \u00e9galitaire ont effectivement contribu\u00e9 \u00e0 l\u2019\u00e9closion d\u2019un id\u00e9al r\u00e9volutionnaire. Oui, Les loges ma\u00e7onniques furent le creuset o\u00f9 la R\u00e9volution s\u2019est form\u00e9e, o\u00f9 elle s\u2019est enrichie des d\u00e9bats entre Fr\u00e8res. Mais, en aucun cas, ils contr\u00f4leront la R\u00e9volution pour fa\u00e7onner la soci\u00e9t\u00e9 selon leur vision humaniste.<\/p>\n<p>Cependant, la R\u00e9volution sera jalonn\u00e9e de marqueurs ma\u00e7onniques\u00a0:<\/p>\n<ul class=\"wp-block-list\">\n<li>La devise de la R\u00e9publique\u00a0: \u00ab\u00a0<em>Libert\u00e9, Egalit\u00e9, Fraternit\u00e9<\/em>\u00a0\u00bb est issue directement des Loges.<\/li>\n<\/ul>\n<ul class=\"wp-block-list\">\n<li>Les ent\u00eates des d\u00e9crets de la Convention comporte des symboles ma\u00e7onniques.\u00a0<em>\u00a0<\/em><\/li>\n<\/ul>\n<p>Ceci peut expliquer qu\u2019il est coutume de dire que la Ma\u00e7onnerie est la\u00a0<em>m\u00e8re de la R\u00e9volution<\/em>\u00a0et alimente la l\u00e9gende qu\u2019elle en est \u00e0 l\u2019origine. \u00a0\u00a0<\/p>\n<figure class=\"wp-block-image size-full\"><img fetchpriority=\"high\" decoding=\"async\" class=\"wp-image-421\" src=\"https:\/\/m3c.universita.corsica\/lumi\/wp-content\/uploads\/2022\/12\/image002.jpg\" sizes=\"(max-width: 433px) 100vw, 433px\" srcset=\"https:\/\/m3c.universita.corsica\/lumi\/wp-content\/uploads\/2022\/12\/image002.jpg 433w, https:\/\/m3c.universita.corsica\/lumi\/wp-content\/uploads\/2022\/12\/image002-300x108.jpg 300w\" alt=\"\" width=\"433\" height=\"156\" \/><\/figure>\n<p><a><em>(Collection particuli\u00e8re)<\/em><\/a><\/p>\n<figure class=\"wp-block-image size-full\"><img decoding=\"async\" class=\"wp-image-422\" src=\"https:\/\/m3c.universita.corsica\/lumi\/wp-content\/uploads\/2022\/12\/image004.jpg\" sizes=\"(max-width: 452px) 100vw, 452px\" srcset=\"https:\/\/m3c.universita.corsica\/lumi\/wp-content\/uploads\/2022\/12\/image004.jpg 452w, https:\/\/m3c.universita.corsica\/lumi\/wp-content\/uploads\/2022\/12\/image004-300x103.jpg 300w\" alt=\"\" width=\"452\" height=\"155\" \/><\/figure>\n<p><em>(Collection particuli\u00e8re)<\/em><\/p>\n<p>\u00a0\u00a0\u00a0 Afin d\u2019illustrer ce propos, je vous propose ces deux ent\u00eates de d\u00e9cret et ordonnance qui comporte des symboles ma\u00e7onniques, \u00e0 savoir\u00a0:<\/p>\n<ul class=\"wp-block-list\">\n<li>L\u2019\u00e9querre et le niveau associ\u00e9s au bonnet phrygien.<\/li>\n<\/ul>\n<figure class=\"wp-block-image size-full\"><img decoding=\"async\" class=\"wp-image-423\" src=\"https:\/\/m3c.universita.corsica\/lumi\/wp-content\/uploads\/2022\/12\/image006.jpg\" sizes=\"(max-width: 219px) 100vw, 219px\" srcset=\"https:\/\/m3c.universita.corsica\/lumi\/wp-content\/uploads\/2022\/12\/image006.jpg 219w, https:\/\/m3c.universita.corsica\/lumi\/wp-content\/uploads\/2022\/12\/image006-205x300.jpg 205w\" alt=\"\" width=\"219\" height=\"320\" \/><\/figure>\n<p><em>(Collection particuli\u00e8re)<\/em><\/p>\n<p>Vous voyez la repr\u00e9sentation d\u2019un tampon du Service de sant\u00e9 des arm\u00e9es, \u00e9poque R\u00e9volution.<\/p>\n<p>Le bonnet phrygien est entour\u00e9 de deux symboles ma\u00e7onniques\u00a0:<\/p>\n<p>\u2013 L\u2019\u0153il de la connaissance qui\u00a0<em>voit tout<\/em>.<\/p>\n<p>\u2013 Le coq de la vigilance.<\/p>\n<p>\u00a0Bien entendu, une signification\u00a0<em>profane\u00a0<\/em>peut \u00e9galement \u00eatre appliqu\u00e9e que nous pouvons r\u00e9sumer ainsi\u00a0:<\/p>\n<p>\u00a0Le peuple fran\u00e7ais doit \u00eatre vigilant afin de garder sa libert\u00e9 et ne pas tomber sous la domination d\u2019un tyran, autrement dit d\u2019un roi\u00a0! Et, pour cela, il doit \u00eatre \u00e9veill\u00e9 au savoir.<\/p>\t\t\t\t\t\t\t\t<\/div>\n\t\t\t\t<\/div>\n\t\t\t\t<\/div>\n\t\t<div data-particle_enable=\"false\" data-particle-mobile-disabled=\"false\" class=\"elementor-element elementor-element-d0bf9f8 elementor-hidden-mobile e-con-full elementor-hidden-tablet e-flex e-con e-child\" data-id=\"d0bf9f8\" data-element_type=\"container\" data-e-type=\"container\">\n\t\t<div data-particle_enable=\"false\" data-particle-mobile-disabled=\"false\" class=\"elementor-element elementor-element-dd1d960 e-con-full e-flex e-con e-child\" data-id=\"dd1d960\" data-element_type=\"container\" data-e-type=\"container\">\n\t\t\t\t<div class=\"elementor-element elementor-element-1030ce3 elementor-widget-divider--view-line_text elementor-widget-divider--element-align-center elementor-widget elementor-widget-divider\" data-id=\"1030ce3\" data-element_type=\"widget\" data-e-type=\"widget\" data-widget_type=\"divider.default\">\n\t\t\t\t<div class=\"elementor-widget-container\">\n\t\t\t\t\t\t\t<div class=\"elementor-divider\">\n\t\t\t<span class=\"elementor-divider-separator\">\n\t\t\t\t\t\t\t<p class=\"elementor-divider__text elementor-divider__element\">\n\t\t\t\tPage 1\t\t\t\t<\/p>\n\t\t\t\t\t\t<\/span>\n\t\t<\/div>\n\t\t\t\t\t\t<\/div>\n\t\t\t\t<\/div>\n\t\t\t\t<\/div>\n\t\t\t\t<\/div>\n\t\t\t\t\t<\/div>\n\t\t\t\t<\/div>\n\t\t<div data-particle_enable=\"false\" data-particle-mobile-disabled=\"false\" class=\"elementor-element elementor-element-ba574ca e-flex e-con-boxed e-con e-parent\" data-id=\"ba574ca\" data-element_type=\"container\" data-e-type=\"container\">\n\t\t\t\t\t<div class=\"e-con-inner\">\n\t\t<div data-particle_enable=\"false\" data-particle-mobile-disabled=\"false\" class=\"elementor-element elementor-element-62e3663 e-con-full e-flex e-con e-child\" data-id=\"62e3663\" data-element_type=\"container\" data-e-type=\"container\">\n\t\t\t\t<div class=\"elementor-element elementor-element-edab446 elementor-widget elementor-widget-text-editor\" data-id=\"edab446\" data-element_type=\"widget\" data-e-type=\"widget\" data-widget_type=\"text-editor.default\">\n\t\t\t\t<div class=\"elementor-widget-container\">\n\t\t\t\t\t\t\t\t\t<p>Il convient de rappeler que le Grand Ma\u00eetre Philippe-Egalit\u00e9, \u00e9galement r\u00e9gicide, a structur\u00e9 la\u00a0<a>Franc-ma\u00e7onnerie\u00a0<\/a>et donn\u00e9 naissance au Grand Orient, il a \u00e9t\u00e9 ex\u00e9cut\u00e9. Suite \u00e0 cette ex\u00e9cution la Franc-ma\u00e7onnerie cessa toute activit\u00e9 visible de 1793 \u00e0 1795.<\/p>\n<p><a>En 1789, le Grand Orient de France comptait 70\u00a0000 Fr\u00e8res r\u00e9partis en 320 loges y compris 68 loges militaires.<\/a><\/p>\n<p>En cette p\u00e9riode troubl\u00e9e et violente qu\u2019est la R\u00e9volution, le doute et la suspicion sont partout, et la Franc-Ma\u00e7onnerie n\u2019y \u00e9chappe pas.<\/p>\n<p>\u00a0Pour les uns, c\u2019est un repaire de Jacobins, pour les autres, un repaire de royalistes. J\u2019ai envie de dire que cela est vrai selon le point de vue o\u00f9 l\u2019on se place, car, au sein de ces Loges se trouvent des hommes de toutes les tendances et aussi dans les Loges d\u2019adoption (c\u2019est-\u00e0-dire compos\u00e9es de femmes), \u00a0nous trouvons par exemple la s\u0153ur Marie-Antoinette.<\/p>\n<p>Citons la Vend\u00e9e o\u00f9 une v\u00e9ritable guerre civile se d\u00e9roula. Sur 731 Fr\u00e8res recens\u00e9s, il y avait 111 pr\u00eatres dont 75 r\u00e9fractaires, sans compter les chefs de la chouannerie.<\/p>\n<p>Je ne vais pas vous citer la liste interminable des Fr\u00e8res, il y a suffisamment de livres \u00e9crits sur ce sujet mais, quelques-uns dont le nom s\u2019impose \u00e0 nos esprits par la place qu\u2019ils ont occup\u00e9s durant cette p\u00e9riode.<\/p>\n<p>Danton, Rouget dit de Lisle (auteur de la Marseillaise), Marat, Saint-Just, Dr. Guillotin, Fabre d\u2019Eglantine (nous lui devons la cr\u00e9ation du calendrier r\u00e9publicain et la chanson\u00a0<em>Il pleut berg\u00e8re\u00a0<\/em>o\u00f9 les symboles ma\u00e7onniques foisonnent), le peintre David, Cambac\u00e9r\u00e8s et tant d\u2019autres\u2026<\/p>\n<p>Et n\u2019oublions pas La Fayette qui aura la charge de prot\u00e9ger la famille royale, il fera passer Louis XVI sous la voute d\u2019acier r\u00e9alis\u00e9e par les soldats de la Garde Nationale. Cette voute d\u2019acier qui est faite par tous les Ma\u00e7ons lorsqu\u2019ils re\u00e7oivent en loge un dignitaire ou le V\u00e9n\u00e9rable Ma\u00eetre de la Loge. Nous connaissons le sort r\u00e9serv\u00e9 au roi, ceci montre bien que la R\u00e9volution \u00e9chappe au contr\u00f4le des Ma\u00e7ons, et durant cette p\u00e9riode des Ma\u00e7ons se sont affront\u00e9s dans le monde profane pour d\u00e9fendre leurs id\u00e9es. Le c\u00e9l\u00e8bre exemple r\u00e9v\u00e9lateur de cette opposition est l\u2019altercation entre deux Fr\u00e8res, le marquis de Dreux-Br\u00e9z\u00e9 et Honor\u00e9 Riquetti comte de Mirabeau, lorsque celui-ci lui r\u00e9pond \u00e0 sa demande d\u2019\u00e9vacuation\u00a0:<\/p>\n<p><em>\u00ab\u00a0Allez dire \u00e0 votre ma\u00eetre que nous sommes ici par la volont\u00e9 du peuple et que nous n\u2019en sortirons que par la force des ba\u00efonnettes\u00a0\u00bb.<\/em><\/p>\n<p>\u00a0Mirabeau sera la premi\u00e8re personnalit\u00e9 \u00e0 entrer au Panth\u00e9on le 04 avril 1791, il sera \u00e9galement le premier \u00e0 en ressortir trois ans plus tard \u00e0 cause de sa correspondance avec le Roi. Sa qualit\u00e9 de Ma\u00e7on ne l\u2019a pas sauv\u00e9, m\u00eame au-del\u00e0 de la mort.<\/p>\n<p>Je rappelle aussi la suspicion au sujet de la\u00a0<em>victoire\u00a0<\/em>de Valmy. Certains supposent que les Fr\u00e8res Danton et Brunswick se sont entendus et que Danton a pay\u00e9 son Fr\u00e8re avec les bijoux de la couronne de France\u2026 Encore une \u00e9nigme historique.<\/p>\n<p>Pour r\u00e9sumer en quelques mots cette p\u00e9riode de terreur, la R\u00e9volution ne f\u00eet pas le tri entre les bons et les mauvais ma\u00e7ons.<\/p>\n<p>De 320 Loges en 1789, le Grand Orient de France en compte officiellement 0 en 1793.<\/p>\n<p>Le 09 thermidor (27 juillet 1794) marqu\u00e9 par la chute de Robespierre repr\u00e9sente la fin du r\u00e9gime de la Terreur, mais il ne f\u00fbt pas le seul responsable. Les Ma\u00e7ons vont reprendre le chemin des Loges en se comptant car un nombre important manque \u00e0 l\u2019appel.\u00a0 Il va y avoir de fait, une recomposition de la Franc-ma\u00e7onnerie et du travail r\u00e9alis\u00e9 en Loges. Elle va \u00eatre plus unie qu\u2019avant la R\u00e9volution et ne faire qu\u2019une avec le pouvoir et celui-ci est d\u00e9tenu par Bonaparte. Je cite l\u2019historien Albert Mathiez d\u00e9c\u00e9d\u00e9 en 1932 et sp\u00e9cialiste de la R\u00e9volution, qui \u00e9crivit au sujet de la Ma\u00e7onnerie\u00a0:<\/p>\n<p><em>\u00ab\u00a0La Franc-ma\u00e7onnerie nouvelle, celle qui s\u2019organise autour du Premier Consul, est toute diff\u00e9rente de l\u2019ancienne. Autant celle-l\u00e0 \u00e9tait h\u00e9t\u00e9rog\u00e8ne, autant celle-ci est unifi\u00e9e. Elle ne comprend plus que des hommes unis par la m\u00eame solidarit\u00e9, celle que la R\u00e9volution a forg\u00e9e. Elle est devenue le refuge et la citadelle de tous ceux qui ont b\u00e9n\u00e9fici\u00e9 de la crise qui touche \u00e0 sa fin. Elle se serre autour de Bonaparte qui la prot\u00e8ge de son \u00e9p\u00e9e et de sa popularit\u00e9\u00a0\u00bb.<\/em><\/p>\n<p>\u00a0<\/p>\n<h3>Pour quelle raison Bonaparte va-t-il se positionner en faveur de la Franc-ma\u00e7onnerie et m\u00eame favoriser son d\u00e9veloppement\u00a0?<\/h3>\n<p>\u00a0<\/p>\n<p>\u00a0\u00a0\u00a0 Il faut prendre en compte deux \u00e9l\u00e9ments importants\u00a0:<\/p>\n<p><strong>A. La religion et les rapports de Bonaparte avec le\u00a0<a>Pape\u00a0:<\/a><\/strong><\/p>\n<p>\u00a0\u00a0 \u00a0En fin politicien et je vais jusqu\u2019\u00e0 dire en fin strat\u00e8ge, le Premier Consul va bien saisir les enjeux du pouvoir et il sait pertinemment qu\u2019il va avoir besoin du Pape Pie VII pour l\u00e9gitimer son autorit\u00e9, lui qui contrairement au roi n\u2019est pas d\u2019essence divine et ne tient pas son pouvoir de Dieu comme les rois catholiques. Il va faire preuve de bonne volont\u00e9, du moins en apparence, n\u2019oublions pas le concordat sign\u00e9 le 15 juillet 1801 avec le Saint-Si\u00e8ge qui a pour objectif de calmer les tensions, pour ne pas dire plus, r\u00e9sultant de la R\u00e9volution en reconnaissant que le catholicisme est la religion de la\u00a0<em>grande majorit\u00e9 des Fran\u00e7ais.\u00a0<\/em>Bien entendu, cette signature n\u2019a \u00e9t\u00e9 possible qu\u2019au prix de certains compromis et Bonaparte n\u2019h\u00e9site pas \u00e0 sacrifier ce qui ne lui est pas utile. Il est v\u00e9ritablement dans une strat\u00e9gie de reconnaissance de son pouvoir. Les sacrifi\u00e9s de ce concordat sont les Th\u00e9ophilanthropes. Cette religion \u00e0 l\u2019origine destin\u00e9e \u00e0 se substituer au catholicisme et se lib\u00e9rer de l\u2019emprise du Pape est donc n\u00e9e. C\u2019est un mouvement d\u00e9iste, bas\u00e9 sur l\u2019amour de Dieu et des hommes. Ils se r\u00e9unissaient dans les \u00e9glises catholiques de 1797 \u00e0 1801 pour c\u00e9l\u00e9brer un culte inspir\u00e9 de\u00a0<em>l\u2019Etre supr\u00eame<\/em>, religion de substitution cr\u00e9\u00e9e par les r\u00e9volutionnaires.\u00a0 Le 05 octobre 1801, un arr\u00eat\u00e9 consulaire leur interdit l\u2019acc\u00e8s aux \u00e9glises selon le souhait du nonce Spina qui veut mettre fin \u00e0 une profanation des lieux saints catholiques.<\/p>\n<p>Un clin d\u2019\u0153il\u00a0\u2026. Le 10 juillet 1804, Jean-Etienne-Marie Portalis est nomm\u00e9 ministre des Cultes\u2026 alors qu\u2019il est Ma\u00e7on.<\/p>\n<p>Bonaparte sait que le Saint-Si\u00e8ge est un partenaire exigeant, et il ne veut pas se lier exclusivement \u00e0 l\u2019Eglise. L\u00e0 encore le strat\u00e8ge pointe son nez, il souhaite mettre en place une sorte de contre-pouvoir et la Ma\u00e7onnerie renaissante lui semble parfaite dans ce r\u00f4le \u00e0 condition de pouvoir la contr\u00f4ler de l\u2019int\u00e9rieur. Le d\u00e9veloppement de la Franc-ma\u00e7onnerie favoris\u00e9 par Bonaparte puis Napol\u00e9on va vite prosp\u00e9rer\u00a0:<\/p>\n<ul class=\"wp-block-list\">\n<li>Fin 1800\u00a0: 74 Loges<\/li>\n<li>En 1802\u00a0: 114<\/li>\n<li>1804\u00a0: 300<\/li>\n<li>1806\u00a0: 664<\/li>\n<li>1810\u00a0: 1\u00a0161<\/li>\n<li>1814 (chute de l\u2019Empire)\u00a0: 1\u00a0219<\/li>\n<\/ul>\n<p style=\"padding-left: 40px;\"><br \/>Il convient de rajouter les Loges militaires.<\/p>\t\t\t\t\t\t\t\t<\/div>\n\t\t\t\t<\/div>\n\t\t\t\t<\/div>\n\t\t<div data-particle_enable=\"false\" data-particle-mobile-disabled=\"false\" class=\"elementor-element elementor-element-51ebffb elementor-hidden-mobile e-con-full elementor-hidden-tablet e-flex e-con e-child\" data-id=\"51ebffb\" data-element_type=\"container\" data-e-type=\"container\">\n\t\t<div data-particle_enable=\"false\" data-particle-mobile-disabled=\"false\" class=\"elementor-element elementor-element-bacdfa0 e-con-full e-flex e-con e-child\" data-id=\"bacdfa0\" data-element_type=\"container\" data-e-type=\"container\">\n\t\t\t\t<div class=\"elementor-element elementor-element-3c3a09a elementor-widget-divider--view-line_text elementor-widget-divider--element-align-center elementor-widget elementor-widget-divider\" data-id=\"3c3a09a\" data-element_type=\"widget\" data-e-type=\"widget\" data-widget_type=\"divider.default\">\n\t\t\t\t<div class=\"elementor-widget-container\">\n\t\t\t\t\t\t\t<div class=\"elementor-divider\">\n\t\t\t<span class=\"elementor-divider-separator\">\n\t\t\t\t\t\t\t<p class=\"elementor-divider__text elementor-divider__element\">\n\t\t\t\tPage 2\t\t\t\t<\/p>\n\t\t\t\t\t\t<\/span>\n\t\t<\/div>\n\t\t\t\t\t\t<\/div>\n\t\t\t\t<\/div>\n\t\t\t\t<\/div>\n\t\t\t\t<\/div>\n\t\t\t\t\t<\/div>\n\t\t\t\t<\/div>\n\t\t<div data-particle_enable=\"false\" data-particle-mobile-disabled=\"false\" class=\"elementor-element elementor-element-e55d42e e-flex e-con-boxed e-con e-parent\" data-id=\"e55d42e\" data-element_type=\"container\" data-e-type=\"container\">\n\t\t\t\t\t<div class=\"e-con-inner\">\n\t\t<div data-particle_enable=\"false\" data-particle-mobile-disabled=\"false\" class=\"elementor-element elementor-element-3f9b60e e-con-full e-flex e-con e-child\" data-id=\"3f9b60e\" data-element_type=\"container\" data-e-type=\"container\">\n\t\t\t\t<div class=\"elementor-element elementor-element-e323bc7 elementor-widget elementor-widget-text-editor\" data-id=\"e323bc7\" data-element_type=\"widget\" data-e-type=\"widget\" data-widget_type=\"text-editor.default\">\n\t\t\t\t<div class=\"elementor-widget-container\">\n\t\t\t\t\t\t\t\t\t<p>Le r\u00f4le de ces Ma\u00e7ons militaires est de propager dans les pays conquis l\u2019esprit fran\u00e7ais et l\u2019id\u00e9al r\u00e9volutionnaire et bien entendu d\u2019essaimer en fondant des Loges amies ou plut\u00f4t en amiti\u00e9 avec la France. Ils jouaient le r\u00f4le de missionnaires. Au niveau purement ma\u00e7onnique, nous pouvons nous poser la qualit\u00e9 du travail effectu\u00e9 en Tenue. Du fait m\u00eame de leur condition militaire\u00a0: d\u00e9placement des unit\u00e9s, combats, bless\u00e9s et tu\u00e9s. Leur nombre va diminuer de fa\u00e7on drastique \u00e0 4 en 1802. Bonaparte va tout faire pour qu\u2019elles se d\u00e9veloppent. En 1805, il y avait 4\u00a0927 Fr\u00e8res dont 3\u00a0032 officiers, 1\u00a0458 sous-officiers et 437 soldats qui se r\u00e9partissaient en 70 Loges.<\/p>\n<p>\u00a0 Bonaparte dira le fond de sa pens\u00e9e sur la Franc-ma\u00e7onnerie devant le Conseil d\u2019Etat\u00a0:<\/p>\n<p><em>\u00ab\u00a0Aussi longtemps que la ma\u00e7onnerie n\u2019est que prot\u00e9g\u00e9e, elle n\u2019est pas \u00e0 craindre. Si au contraire elle \u00e9tait autoris\u00e9e, elle deviendrait trop puissante et pourrait \u00eatre dangereuse. Telle qu\u2019elle est, elle d\u00e9pend de moi\u00a0; et moi, je ne veux pas d\u00e9pendre d\u2019elle\u00a0\u00bb.<\/em><\/p>\n<p>Il veillera \u00e0 ce que la Ma\u00e7onnerie ne devienne pas une\u00a0<em>nouvelle religion,\u00a0<\/em>il va maintenir un savant \u00e9quilibre entre elle et le Saint-Si\u00e8ge. A tel point qu\u2019il va favoriser la ma\u00e7onnerie\u00a0<em>la\u00efque<\/em>\u00a0et non d\u00e9iste.<\/p>\n<p><strong>B. La Franc-ma\u00e7onnerie\u00a0:<\/strong><\/p>\n<p>Au sein de la Ma\u00e7onnerie se trouvent deux tendances, une d\u00e9iste et une la\u00efque\u00a0:<\/p>\n<ul class=\"wp-block-list\">\n<li>Le Grand Orient qui est la\u00efque et, cela sera officialis\u00e9 en 1877 lors du Couvent de France, qui vote la suppression dans ses constitutions de la r\u00e9f\u00e9rence au\u00a0<em>Grand Architecte de l\u2019Univers<\/em>. Ceciest remplac\u00e9 par\u00a0<em>\u00ab\u00a0Consid\u00e9rant les conceptions m\u00e9taphysiques comme \u00e9tant du domaine exclusif de l\u2019appr\u00e9ciation individuelle de ses membres, la F.M. se refuse \u00e0 toute affirmation dogmatique\u00a0\u00bb.<\/em><\/li>\n<\/ul>\n<ul class=\"wp-block-list\">\n<li>Les Loges \u00e9cossaises d\u00e9istes reconnues par la Grande Loge Unie d\u2019Angleterre.<\/li>\n<\/ul>\n<p>\u00a0 Bonaparte va obliger les\u00a0<em>Loges \u00e9cossaises<\/em>\u00a0\u00e0 fusionner avec le\u00a0<em>Grand Orient<\/em>. Et surtout, il impose que le G.O. devienne la seule ob\u00e9dience officiellement reconnue, cela sera le cas jusqu\u2019\u00e0 la fin de l\u2019Empire. Nous nous doutons bien que cette fusion ne va pas se faire dans l\u2019all\u00e9gresse. Les Ma\u00e7ons \u00e9cossais consid\u00e8rent le G.O. comme une ob\u00e9dience mineure et surtout non d\u00e9iste.<\/p>\n<p>C\u2019est Cambac\u00e9r\u00e8s, Ma\u00e7on Ecossais, et depuis peu Archichancelier qui f\u00fbt charg\u00e9 de cette fusion d\u00e9licate. Les n\u00e9gociations duraient et Napol\u00e9on s\u2019impatientait. Cambac\u00e9r\u00e8s r\u00e9unit Mass\u00e9na, Pyron et Grasse-Tilly. Les trois dirigeants de la Loge Ecossaise lui diront que la\u00a0<em>r\u00e9union du rite ancien et du rite moderne \u00e9tait incompatible<\/em>.<\/p>\n<p>\u00a0Mais, une semaine plus tard, un protocole d\u2019union est soumis \u00e0 l\u2019Empereur. Le Fr\u00e8re Ecossais\u00a0 Napol\u00e9on a pes\u00e9 de tout son poids.<\/p>\n<p>Les Ecossais vont se soumettre et accepter ce fait. Il faut bien souligner que les plus hautes autorit\u00e9s \u00e9cossaises vont peser de tout leur poids. La r\u00e9gence \u00e9cossaise du directoire de Bourgogne va tenir ce discours\u00a0:<\/p>\n<p><em>\u00ab\u00a0Ne participons-nous, d\u00e9clara l\u2019Orateur, \u00e0 l\u2019inestimable avantage d\u2019avoir \u00e9chang\u00e9 les mis\u00e9rables restes d\u2019une libert\u00e9 d\u00e9chir\u00e9e contre le calme et les douceurs d\u2019une soumission honorable\u00a0?\u00a0\u00bb<\/em><\/p>\n<p>\u00a0 Soulignons le terme de\u00a0<em>soumission<\/em>\u00a0employ\u00e9.<\/p>\n<p>Nous avons bien compris que la F.M. peut critiquer la religion, mais pas le r\u00e9gime dirig\u00e9 par Bonaparte et Napol\u00e9on 1<sup>er<\/sup>.\u00a0 La surveillance du travail effectu\u00e9 en Loges sera strictement planifi\u00e9e sur tout le territoire par le ministre de la police, Fouch\u00e9 Joseph, un Fr\u00e8re et qui deviendra Grand Officier du Grand Orient de France en 1804.<\/p>\n<p>\u00a0\u00c0 la chute de l\u2019Empire, la parole sera lib\u00e9r\u00e9e et certains Fr\u00e8res \u00e9cossais diront le fond de leur pens\u00e9e. Ainsi, l\u2019Orateur Des Etangs Charles-Nicolas de la loge des Trinosophes dira\u00a0:<\/p>\n<p><em>\u00ab\u00a0Celui qui venait d\u2019\u00eatre leur dominateur connaissait l\u2019esprit de cette institution, et se doutant bien qu\u2019elle n\u2019approuvait pas ce qu\u2019il faisait, il r\u00e9solut non pas de la d\u00e9truire, mais de la corrompre et de la d\u00e9figurer. Il la fit embrasser par son monde, par ses officiers, par ses magistrats, par sa cour et par son arm\u00e9e. Son archichancelier m\u00eame, dont il avait fait un prince, en fut nomm\u00e9 le grand ma\u00eetre. Alors l\u2019aust\u00e8re ma\u00e7onnerie perdit son caract\u00e8re\u00a0: elle ne fut plus qu\u2019un rendez-vous de plaisirs, que f\u00eates, festins, occasions de flatterie et de servitude. Sous Bonaparte la ma\u00e7onnerie \u00e9tait vide de sens, mais fastueuse, polie et souvent agr\u00e9able\u2026\u00a0\u00bb<\/em><\/p>\n<p>Discours de constat, ou discours afin de plaire au nouveau pouvoir\u2026<\/p>\n<p><strong>C. La Franc-ma\u00e7onnerie au service de la diplomatie :<\/strong><\/p>\n<p>Napol\u00e9on utilisa \u00e9galement la Ma\u00e7onnerie pour servir sa politique ext\u00e9rieure. Ainsi, Cambac\u00e9r\u00e8s f\u00fbt charger de recevoir l\u2019ambassadeur de Perse, Askeri Khan \u00e0 la Loge Saint-Alexandre d\u2019Ecosse et le Contrat social r\u00e9unis de la m\u00e8re-loge \u00e9cossaise de France. Pour \u00e9blouir l\u2019\u00e9missaire, il envoya son tapissier personnel afin de d\u00e9corer comme il se doit l\u2019Atelier pour l\u2019Initiation.<\/p>\n<p>Il faut souligner qu\u2019il ne f\u00fbt pas le seul \u00e0 le faire, les Anglais firent de m\u00eame tout au long de leur histoire.<\/p>\n<p>\u00a0<\/p>\n<h3><a>Quels sont les \u00e9l\u00e9ments qui plaident en faveur d\u2019une appartenance \u00e0 la Franc-Ma\u00e7onnerie\u00a0?<\/a><\/h3>\n<p>\u00a0<\/p>\n<p>Avant d\u2019\u00e9tudier ces \u00e9l\u00e9ments, je tiens \u00e0 rappeler que le 1<sup>er<\/sup>\u00a0Consul puis Napol\u00e9on 1<sup>er<\/sup>\u00a0a instaur\u00e9 une censure plus qu\u2019efficace sur la presse et qu\u2019il contr\u00f4le tous les \u00e9crits se rattachant \u00e0 sa personne. Cet \u00e9l\u00e9ment a son importance et doit \u00eatre pris en compte, il tenait \u00e0 ce que son image soit conforme \u00e0 son souhait.<\/p>\n<p>Nous allons donc voir des faits qui sont survenus dans la vie de cet homme et qui peuvent d\u00e9montrer qu\u2019il \u00e9tait un Fr\u00e8re.<\/p>\n<p>\u00a0 Mais auparavant, voyons le contexte familial de l\u2019Empereur.<\/p>\n<p>D\u2019embl\u00e9e, nous pouvons dire que tous les hommes de sa famille sont Ma\u00e7ons, et les femmes des \u00e9pouses de Ma\u00e7ons.<\/p>\n<p>Son p\u00e8re, Charles-Marie, est Ma\u00e7on. Le fr\u00e8re de sang de Bonaparte, Joseph est initi\u00e9 le 8 octobre 1793 \u00e0 Marseille au sein de la Loge\u00a0<em>La Parfaite Sinc\u00e9rit\u00e9\u00a0<\/em>en compagnie d\u2019Antoine-Christophe Salicetti qui sera le protecteur du jeune Bonaparte. C\u2019est dans cette Loge qu\u2019il rencontrera Fran\u00e7ois Clary. Ils vont tous les deux se lier avec ce Fr\u00e8re et fr\u00e9quenter sa maison en faisant connaissance avec ses deux filles Marie-Julie et Bernardine-Eug\u00e9nie-D\u00e9sir\u00e9e. \u00a0D\u00e9sir\u00e9e f\u00fbt destin\u00e9e \u00e0 Bonaparte et Joseph \u00e9pousa Julie. Tous les fr\u00e8res de Bonaparte seront \u00e9galement Ma\u00e7ons. Le 1<sup>er<\/sup>\u00a0mari de Jos\u00e9phine de Beauharnais, Alexandre, \u00e9tait \u00e9galement ma\u00e7on dans la Loge\u00a0<em>La puret\u00e9.\u00a0<\/em>Cela ne l\u2019emp\u00eacha pas, comme beaucoup d\u2019autres Fr\u00e8res, d\u2019\u00eatre guillotin\u00e9.\u00a0 Sa femme, Jos\u00e9phine, est \u00e9galement Ma\u00e7onne dans une loge d\u2019adoption. C\u2019est-\u00e0-dire une Loge rattach\u00e9e \u00e0 une loge masculine afin de lui permettre de participer \u00e0 la philosophie et \u00e0 la charit\u00e9. Signalons que Napol\u00e9on va lui confier la grande ma\u00eetrise de la loge d\u2019adoption\u00a0<em>Sainte-Catherine.<\/em><\/p>\n<p>C\u2019est le Fr\u00e8re Joseph Bonaparte qui fera voter par la Convention un secours financier de 600\u00a0000 livres pour les\u00a0<em>patriotes Corses r\u00e9fugi\u00e9s<\/em>\u00a0sur le continent du fait des\u00a0<em>rebelles Corses<\/em>.\u00a0 Joseph deviendra en 1804 Grand Ma\u00eetre du G.O. jusqu\u2019en 1815. Il fut un Grand Ma\u00eetre respect\u00e9 et c\u2019est la raison pour laquelle son poste restera vacant jusqu\u2019\u00e0 sa mort.<\/p>\t\t\t\t\t\t\t\t<\/div>\n\t\t\t\t<\/div>\n\t\t\t\t<\/div>\n\t\t<div data-particle_enable=\"false\" data-particle-mobile-disabled=\"false\" class=\"elementor-element elementor-element-d2a0ac1 elementor-hidden-mobile e-con-full elementor-hidden-tablet e-flex e-con e-child\" data-id=\"d2a0ac1\" data-element_type=\"container\" data-e-type=\"container\">\n\t\t<div data-particle_enable=\"false\" data-particle-mobile-disabled=\"false\" class=\"elementor-element elementor-element-1b23565 e-con-full e-flex e-con e-child\" data-id=\"1b23565\" data-element_type=\"container\" data-e-type=\"container\">\n\t\t\t\t<div class=\"elementor-element elementor-element-321e97f elementor-widget-divider--view-line_text elementor-widget-divider--element-align-center elementor-widget elementor-widget-divider\" data-id=\"321e97f\" data-element_type=\"widget\" data-e-type=\"widget\" data-widget_type=\"divider.default\">\n\t\t\t\t<div class=\"elementor-widget-container\">\n\t\t\t\t\t\t\t<div class=\"elementor-divider\">\n\t\t\t<span class=\"elementor-divider-separator\">\n\t\t\t\t\t\t\t<p class=\"elementor-divider__text elementor-divider__element\">\n\t\t\t\tPage 3\t\t\t\t<\/p>\n\t\t\t\t\t\t<\/span>\n\t\t<\/div>\n\t\t\t\t\t\t<\/div>\n\t\t\t\t<\/div>\n\t\t\t\t<\/div>\n\t\t\t\t<\/div>\n\t\t\t\t\t<\/div>\n\t\t\t\t<\/div>\n\t\t<div data-particle_enable=\"false\" data-particle-mobile-disabled=\"false\" class=\"elementor-element elementor-element-eb05d99 e-flex e-con-boxed e-con e-parent\" data-id=\"eb05d99\" data-element_type=\"container\" data-e-type=\"container\">\n\t\t\t\t\t<div class=\"e-con-inner\">\n\t\t<div data-particle_enable=\"false\" data-particle-mobile-disabled=\"false\" class=\"elementor-element elementor-element-c712247 e-con-full e-flex e-con e-child\" data-id=\"c712247\" data-element_type=\"container\" data-e-type=\"container\">\n\t\t\t\t<div class=\"elementor-element elementor-element-1f62c46 elementor-widget elementor-widget-text-editor\" data-id=\"1f62c46\" data-element_type=\"widget\" data-e-type=\"widget\" data-widget_type=\"text-editor.default\">\n\t\t\t\t<div class=\"elementor-widget-container\">\n\t\t\t\t\t\t\t\t\t<p><strong>Voyons certains faits qui tendent \u00e0 prouver son appartenance \u00e0 la franc-Ma\u00e7onnerie\u00a0:<\/strong><\/p>\n<ol class=\"wp-block-list\" type=\"1\">\n<li>Le 27 mars 1796, Bonaparte arrive \u00e0 Nice afin de prendre sur le terrain le commandement de l\u2019arm\u00e9e d\u2019Italie que le Directoire lui a confi\u00e9. Il est tr\u00e8s jeune et d\u00e8s son arriv\u00e9e, il convoque en r\u00e9union les quatre g\u00e9n\u00e9raux divisionnaires, Augereau, La Harpe, Mass\u00e9na et S\u00e9rurier. Ces quatre hommes sont des soldats d\u2019exp\u00e9rience qui ont men\u00e9 bien des batailles, ce sont des meneurs d\u2019hommes et leurs soldats connaissant leur valeur respective sont pr\u00eats \u00e0 mourir pour eux. Imaginons cette r\u00e9union\u00a0: ces quatre g\u00e9n\u00e9raux commandant chacun leur division se retrouvent face \u00e0 un jeune g\u00e9n\u00e9ral qui, certes, s\u2019est bien comport\u00e9 \u00e0 Toulon, mais n\u2019a pas une exp\u00e9rience au feu cons\u00e9quente, il est au d\u00e9but d\u2019une carri\u00e8re. Il est relat\u00e9 que cette r\u00e9union dura un long moment. En sortant les quatre g\u00e9n\u00e9raux seront aux ordres de Bonaparte et lui ob\u00e9iront sans aucune r\u00e9serve. Pr\u00e9cisons qu\u2019ils sont tous les quatre Ma\u00e7ons, et que le lien qui les unit va cr\u00e9er un lien de confiance. Si nous consid\u00e9rons que Bonaparte est \u00e9galement un Fr\u00e8re, nous comprenons pourquoi d\u2019un climat de d\u00e9fiance, d\u2019opposition, la relation reposera d\u00e9sormais sur la confiance. Et, n\u2019oublions pas que le Fr\u00e8re Salicetti Antoine-Christophe l\u2019accompagne, il a \u00e9t\u00e9 initi\u00e9 trois ans plus t\u00f4t \u00e0 Marseille avec Bonaparte Joseph dans la Loge-m\u00e8re \u00e9cossaise o\u00f9 son beau-p\u00e8re Clary Fran\u00e7ois est officier.<\/li>\n<\/ol>\n<ul class=\"wp-block-list\">\n<li>Sous le Directoire et l\u2019Empire, des dizaines de documents, d\u2019\u00e9crits font part de l\u2019appartenance \u00e0 la F.M. de Napol\u00e9on. Nous savons la surveillance exerc\u00e9e par les services de police sur tout ce qui a trait \u00e0 Napol\u00e9on, et ce qui pourrait \u00eatre contraire \u00e0 l\u2019image voulue par Napol\u00e9on est interdit. Concernant ce sujet particulier, il n\u2019en n\u2019est rien dit, aucune interdiction ou d\u00e9menti.<\/li>\n<\/ul>\n<ul class=\"wp-block-list\">\n<li>A l\u2019occasion de f\u00eates ma\u00e7onniques grandioses auxquelles participent des Fr\u00e8res qui occupent les plus hautes fonctions d\u2019Etat, il est r\u00e9guli\u00e8rement rappel\u00e9 que l\u2019Empereur est un Fr\u00e8re. Et ce n\u2019est pas l\u2019Archichancelier Cambac\u00e9r\u00e8s qui est pr\u00e9sent qui dira le contraire.<\/li>\n<\/ul>\n<p>Comment pendant toutes ces ann\u00e9es, Napol\u00e9on aurait laiss\u00e9 cette imposture se propager\u00a0? sans compter les Fr\u00e8res diss\u00e9min\u00e9s sur tout le territoire\u00a0!<\/p>\n<ul class=\"wp-block-list\">\n<li>En janvier 1811, lors de la c\u00e9r\u00e9monie d\u2019installation de la Loge\u00a0<em>Elisa de Florence,\u00a0<\/em>pr\u00e9sid\u00e9e par le procureur imp\u00e9rial en pr\u00e9sence d\u2019autorit\u00e9s locales (le pr\u00e9fet), le colonel Jub\u00e9 lit un po\u00e8me consacr\u00e9 \u00e0 Napol\u00e9on qui figure dans le proc\u00e8s-verbal de la Loge, j\u2019en retire quatre vers significatifs\u00a0:<\/li>\n<\/ul>\n<p><em>\u00ab \u2026Qu\u2019il vive \u00e0 jamais ce Patron<\/em><\/p>\n<p><em>Que l\u2019univers entier r\u00e9v\u00e8re.<\/em><\/p>\n<p><em>Cet immortel est franc-ma\u00e7on<\/em><\/p>\n<p><em>Ce grand monarque est notre fr\u00e8re\u2026<\/em><em>\u00a0\u00bb<\/em><\/p>\n<p>\u00a0 Difficile d\u2019\u00eatre plus explicite et nous imaginons mal ces hauts personnages de l\u2019Etat faire une fausse d\u00e9claration dans une Loge portant le pr\u00e9nom de la s\u0153ur de l\u2019Empereur et dont un compte-rendu lui sera exp\u00e9di\u00e9. Ce proc\u00e8s-verbal figure dans le fond ma\u00e7onnique de la Biblioth\u00e8que Nationale de France.<\/p>\n<ul class=\"wp-block-list\">\n<li>L\u2019historien Henri Bac, publie en 1978 dans la revue ma\u00e7onnique\u00a0<em>L\u2019Initiation<\/em>, un article dont je cite les extraits les plus significatifs\u00a0:<\/li>\n<\/ul>\n<p><em>\u00ab\u00a0Un de mes arri\u00e8re grands-p\u00e8res, initi\u00e9 dans la Loge Saint-Jean de J\u00e9rusalem \u00e0 Nancy, racontait que des membres de l\u2019Atelier affirmaient que Napol\u00e9on y vint et la pr\u00e9sida. Pour en obtenir la preuve, il fallait retrouver les anciens proc\u00e8s-verbaux. Au cours de mon enqu\u00eate, j\u2019appris d\u2019abord qu\u2019en 1801 le g\u00e9n\u00e9ral Ney y fut initi\u00e9\u2026<\/em><\/p>\n<p><em>Puis, j\u2019obtins ces renseignements pr\u00e9cis concernant Napol\u00e9on. Il visita cet atelier le 3 d\u00e9cembre 1797 alors qu\u2019il revenait du Congr\u00e8s de Rastadt\u00a0\u00bb.<\/em><\/p>\n<p>Une planche confirme que, passant \u00e0 Nancy, Napol\u00e9on bien qu\u2019il ne f\u00fbt que Ma\u00eetre a \u00e9t\u00e9 introduit\u00a0<em>Maillets battants sous la voute d\u2019acier<\/em>, accueil r\u00e9serv\u00e9 aux dignitaires de l\u2019Ordre. Le V\u00e9n\u00e9rable Ma\u00eetre lui a propos\u00e9 le maillet comme il est de coutume lorsqu\u2019un V.M. re\u00e7oit un dignitaire. (Document qui figure dans l\u2019inventaire de la biblioth\u00e8que de Nancy).<\/p>\n<ul class=\"wp-block-list\">\n<li>Une chanson chant\u00e9e le 06 janvier 1806 lors d\u2019une f\u00eate ma\u00e7onnique c\u00e9l\u00e9brant l\u2019union des deux ob\u00e9diences en pr\u00e9sence de tous les dignitaires est claire\u00a0:<\/li>\n<\/ul>\n<p><em>\u00a0\u00ab\u00a0\u2026des Ma\u00e7ons, ce mortel ch\u00e9ri fut toujours l\u2019appui tut\u00e9laire. G\u00e9n\u00e9ral, il \u00e9tait leur fr\u00e8re, Empereur il est leur ami. Qu\u2019en son honneur le bouchon parte, chargeons tous en l\u2019honneur du nom de notre fr\u00e8re Bonaparte, de notre ami Napol\u00e9on\u00a0\u00bb.<\/em><\/p>\n<ul class=\"wp-block-list\">\n<li>Un document r\u00e9pertori\u00e9 dans les archives du G.O. de France rue Cadet est constitu\u00e9 par le discours lu le 22 janvier 1806 \u00e0 la Loge de Saint-Louis de la Martinique\u00a0:<\/li>\n<\/ul>\n<p><em>\u00ab\u00a0\u2026la Ma\u00e7onnerie repose sous les auspices d\u2019un prince puissant, Sa Majest\u00e9 l\u2019Empereur Napol\u00e9on, qui s\u2019est d\u00e9clar\u00e9 protecteur de l\u2019Ordre ma\u00e7onnique en France apr\u00e8s avoir lui-m\u00eame particip\u00e9 \u00e0 nos Travaux, connu la puret\u00e9 de nos principes et la sagesse de nos myst\u00e8res\u00a0\u00bb.<\/em><\/p>\n<ul class=\"wp-block-list\">\n<li>Le g\u00e9n\u00e9ral Radet, inspecteur g\u00e9n\u00e9ral de la gendarmerie a fait plusieurs d\u00e9clarations en Loge en citant le Fr\u00e8re Napol\u00e9on. Nous voyons mal un homme occupant cette fonction dire un mensonge. Je cite encore un fait \u00e9tabli, le 23 juin 1810, alors V\u00e9n\u00e9rable Ma\u00eetre de la Loge\u00a0<em>Marie-Louise<\/em>, il organise une tenue en l\u2019honneur du mariage imp\u00e9rial qui commence par ces mots\u00a0:<\/li>\n<\/ul>\n<p><em>\u00ab Sa reconnaissance pour l\u2019Empereur Napol\u00e9on, notre illustre fr\u00e8re, \u00e0 qui nous devons le r\u00e9tablissement de la Ma\u00e7onnerie\u00a0\u00bb.<\/em><\/p>\n<ul class=\"wp-block-list\">\n<li>La naissance du roi de Rome, le 20 mars 1811, va d\u00e9clencher dans les Loges de l\u2019Empire des f\u00eates et donc des discours. Par exemple, le 31 mai 1811, la Loge\u00a0<em>La candeur<\/em>\u00a0\u00e0 l\u2019Orient de Casale dans le Pi\u00e9mont se r\u00e9unit. Toujours dans les archives du G.O. de France se trouve un livre r\u00e9dig\u00e9 en italien comportant le P.V. de cette Tenue. Je cite un extrait\u00a0:<\/li>\n<\/ul>\n<p><em>\u00ab\u00a0 \u2026Travaux consacr\u00e9s \u00e0 la naissance du Roi de Rome, premier n\u00e9 du tr\u00e8s puissant fr\u00e8re Napol\u00e9on\u2026 \u00bb.<\/em><\/p>\n<p>\u00a0\u00a0 Il y a \u00e9galement repr\u00e9sent\u00e9 un m\u00e9daillon entour\u00e9 d\u2019une couronne, au centre, est \u00e9crit\u00a0:<\/p>\n<p><em>\u00ab\u00a0A l\u2019auguste Loweton Napol\u00e9on\u00a0\u00bb.<\/em><\/p>\t\t\t\t\t\t\t\t<\/div>\n\t\t\t\t<\/div>\n\t\t\t\t<\/div>\n\t\t<div data-particle_enable=\"false\" data-particle-mobile-disabled=\"false\" class=\"elementor-element elementor-element-6e952f6 elementor-hidden-mobile e-con-full elementor-hidden-tablet e-flex e-con e-child\" data-id=\"6e952f6\" data-element_type=\"container\" data-e-type=\"container\">\n\t\t<div data-particle_enable=\"false\" data-particle-mobile-disabled=\"false\" class=\"elementor-element elementor-element-65da802 e-con-full e-flex e-con e-child\" data-id=\"65da802\" data-element_type=\"container\" data-e-type=\"container\">\n\t\t\t\t<div class=\"elementor-element elementor-element-521db4b elementor-widget-divider--view-line_text elementor-widget-divider--element-align-center elementor-widget elementor-widget-divider\" data-id=\"521db4b\" data-element_type=\"widget\" data-e-type=\"widget\" data-widget_type=\"divider.default\">\n\t\t\t\t<div class=\"elementor-widget-container\">\n\t\t\t\t\t\t\t<div class=\"elementor-divider\">\n\t\t\t<span class=\"elementor-divider-separator\">\n\t\t\t\t\t\t\t<p class=\"elementor-divider__text elementor-divider__element\">\n\t\t\t\tPage 4\t\t\t\t<\/p>\n\t\t\t\t\t\t<\/span>\n\t\t<\/div>\n\t\t\t\t\t\t<\/div>\n\t\t\t\t<\/div>\n\t\t\t\t<\/div>\n\t\t\t\t<\/div>\n\t\t\t\t\t<\/div>\n\t\t\t\t<\/div>\n\t\t<div data-particle_enable=\"false\" data-particle-mobile-disabled=\"false\" class=\"elementor-element elementor-element-8b9f5ad e-flex e-con-boxed e-con e-parent\" data-id=\"8b9f5ad\" data-element_type=\"container\" data-e-type=\"container\">\n\t\t\t\t\t<div class=\"e-con-inner\">\n\t\t<div data-particle_enable=\"false\" data-particle-mobile-disabled=\"false\" class=\"elementor-element elementor-element-8c1fcf6 e-con-full e-flex e-con e-child\" data-id=\"8c1fcf6\" data-element_type=\"container\" data-e-type=\"container\">\n\t\t\t\t<div class=\"elementor-element elementor-element-bc49af7 elementor-widget elementor-widget-text-editor\" data-id=\"bc49af7\" data-element_type=\"widget\" data-e-type=\"widget\" data-widget_type=\"text-editor.default\">\n\t\t\t\t<div class=\"elementor-widget-container\">\n\t\t\t\t\t\t\t\t\t<p>Qu\u2019est-ce qu\u2019un\u00a0<em>Loweton\u00a0<\/em>?\u00a0 C\u2019est le terme utilis\u00e9 par les Ma\u00e7ons pour d\u00e9signer un fils d\u2019un Franc-Ma\u00e7on.<\/p>\n<p>\u00a0\u00a0 Nous avons vu qu\u2019il existe un nombre important de documents tendant \u00e0 prouver que l\u2019Empereur \u00e9tait Ma\u00e7on. Ces documents se trouvent dans les archives du G.O. de France, dans le fond de la Biblioth\u00e8que nationale et dans de nombreuses Loges tant en France qu\u2019\u00e0 l\u2019\u00e9tranger. Sans compter tous les documents qui sommeillent dans des archives priv\u00e9es, d\u00e9partementales\u2026<\/p>\n<p>10. Signalons que plus de 60 Loges porteront le nom de Bonaparte, de Napol\u00e9on ou celui de membres de sa famille.<\/p>\n<p>\u00a0Moins probant, car aucune trace retrouv\u00e9e si ce n\u2019est des r\u00e9cits dont nous ne connaissons pas les auteurs, sont certaines visites qu\u2019aurait effectu\u00e9es l\u2019Empereur. Une m\u00e9rite cependant d\u2019\u00eatre \u00e9voqu\u00e9e, et a fait l\u2019objet d\u2019un article dans la revue ma\u00e7onnique\u00a0<em>L\u2019Abeille ma\u00e7onnique\u00a0<\/em>en 1830.\u00a0<em>\u00a0<\/em>Voyons cet article\u00a0:<\/p>\n<p><em>\u00a0\u00ab\u00a0Un soir, accompagn\u00e9 de Duroc et de Lauristan, il se rend \u00e0 une Loge qui se tenait faubourg Saint-Marceau compos\u00e9e d\u2019habitants du quartier. Duroc entre le premier comme visiteur, et est accueilli \u00e0 la mani\u00e8re ordinaire. \u2026il s\u2019avance vers le V.M. et lui dit tout bas\u00a0: Deux autres fr\u00e8res vont se pr\u00e9senter, mais ils d\u00e9sirent n\u2019\u00eatre pas connus\u2026\u00a0\u00bb.<\/em><\/p>\n<ol class=\"wp-block-list\" type=\"1\">\n<li>\u00a0En 1840, \u00e0 l\u2019occasion du retour des cendres, un certain nombre de Loges organis\u00e8rent des\u00a0<em>Tenues fun\u00e9raires<\/em>\u00a0en hommage \u00e0 leur Fr\u00e8re Bonaparte. La Loge Saint-Jean d\u2019Ecosse a exp\u00e9di\u00e9 des convocations officielles\u00a0:<\/li>\n<\/ol>\n<p><em>\u00ab\u00a0Une f\u00eate fun\u00e8bre aura lieu dimanche prochain 20 d\u00e9cembre dans notre Atelier \u00e0 l\u2019occasion de l\u2019arriv\u00e9e des d\u00e9pouilles mortelles de l\u2019Empereur Napol\u00e9on, membre de notre Ordre\u00a0\u00bb.<\/em><\/p>\n<p>\u00a0Cela faisait 20 ans que l\u2019Empereur \u00e9tait mort, et pr\u00e9cision importante, il s\u2019agit bien de la ma\u00e7onnerie Ecossaise\u00a0!<\/p>\n<ol class=\"wp-block-list\" type=\"1\">\n<li>\u00a0Le 28 juillet 1844, Joseph Bonaparte d\u00e9c\u00e8de \u00e0 Florence, il \u00e9tait le Grand Ma\u00eetre du G.O. en 1804. La\u00a0<em>Revue<\/em>\u00a0<em>Universelle de la Franc-Ma\u00e7onnerie\u00a0<\/em>publie un article pour lui rendre hommage\u00a0:<\/li>\n<\/ol>\n<p><em>\u00ab\u00a0Il avait \u00e9t\u00e9 appel\u00e9 \u00e0 la Grand Ma\u00eetrise par l\u2019Empereur, qui avait voulu honorer une institution \u00e0 laquelle il appartenait lui-m\u00eame, qu\u2019il estimait pour ses principes et pour ses \u0153uvres, et dont il voulait favoriser la propagation pour en g\u00e9n\u00e9raliser les id\u00e9es et les bienfaits\u00a0\u00bb.<\/em><\/p>\n<p>\u00a0C\u2019\u00e9tait une revue reconnue par tous les Ma\u00e7ons et s\u00e9rieuse dans ses articles.<\/p>\n<p>\u00a0<\/p>\n<h3>Quels sont les \u00e9l\u00e9ments qui plaident en faveur d\u2019une non-appartenance \u00e0 la Franc-Ma\u00e7onnerie\u00a0?<\/h3>\n<p>\u00a0<\/p>\n<ol class=\"wp-block-list\" type=\"1\">\n<li>Il n\u2019existe \u00e0 ce jour, aucune preuve tangible de son Initiation, aucun proc\u00e8s-verbal d\u2019une Tenue d\u2019une Loge o\u00f9 il aurait \u00e9t\u00e9 re\u00e7u n\u2019a \u00e9t\u00e9 retrouv\u00e9.<\/li>\n<\/ol>\n<ul class=\"wp-block-list\">\n<li>Napol\u00e9on 1<sup>er<\/sup>\u00a0ne fera que tr\u00e8s peu de d\u00e9clarations sur la Franc-Ma\u00e7onnerie.<\/li>\n<\/ul>\n<ul class=\"wp-block-list\">\n<li>Le chirurgien irlandais O\u2019Meara qui se trouve sur le Bell\u00e9rophon et suivra l\u2019Empereur \u00e0 Sainte-H\u00e9l\u00e8ne rapporte dans ses m\u00e9moires un entretien qu\u2019il aurait eu avec Napol\u00e9on sur la franc-Ma\u00e7onnerie le 02 novembre 1816\u00a0:<\/li>\n<\/ul>\n<p><em>\u00ab\u00a0C\u2019est un tas d\u2019imb\u00e9ciles qui s\u2019assemblent pour faire bonne ch\u00e8re et ex\u00e9cuter quelques folies ridicules. N\u00e9anmoins, ils font de temps \u00e0 autre de bonnes actions. Ils ont aid\u00e9 la R\u00e9volution et r\u00e9cemment encore, \u00e0 diminuer la puissance du pape et l\u2019influence du clerg\u00e9. Lorsque les sentiments d\u2019un peuple sont contre le gouvernement, toutes les soci\u00e9t\u00e9s particuli\u00e8res tendent \u00e0 lui nuire\u00a0\u00bb.<\/em><\/p>\n<p>O\u2019Meara pr\u00e9cise lui avoir demand\u00e9 si les Francs-ma\u00e7ons ont un lien avec les\u00a0<em>illuminati<\/em>. Sa r\u00e9ponse fut\u00a0:<\/p>\n<p><em>\u00a0\u00ab\u00a0Non, c\u2019est une soci\u00e9t\u00e9 tout \u00e0 fait diff\u00e9rente\u00a0: en Allemagne, elle est d\u2019une nature dangereuse\u00a0\u00bb.<\/em><\/p>\n<p>Ce t\u00e9moignage a \u00e9t\u00e9 largement utilis\u00e9 pour prouver qu\u2019il n\u2019\u00e9tait pas Ma\u00e7on.<\/p>\n<p>\u00a0Comment pouvait-t-il faire partie d\u2019un\u00a0<em>tas d\u2019imb\u00e9ciles<\/em>\u00a0? Il reconnait la raison pour laquelle, il a favoris\u00e9 le d\u00e9veloppement de la Franc-Ma\u00e7onnerie.<\/p>\n<ul class=\"wp-block-list\">\n<li>Le premier valet de chambre de l\u2019Empereur, Louis-Constant Wairy que nous connaissons plus sous le nom de Constant a \u00e9crit dans ses m\u00e9moires :<\/li>\n<\/ul>\n<p><em>\u00ab\u00a0On ne doit point omettre, en parlant de l\u2019ann\u00e9e 1813, le nombre incroyable des affiliations\u2026 et parlait de la Franc-Ma\u00e7onnerie comme de purs enfantillages bons pour amuser les badauds. Il riait de bon c\u0153ur quand on lui racontait que l\u2019Archichancelier, Cambac\u00e9r\u00e8s, \u00a0en sa qualit\u00e9 de chef du G.O., ne pr\u00e9sidait pas un banquet ma\u00e7onnique avec moins de gravit\u00e9 qu\u2019il n\u2019en apportait \u00e0 la pr\u00e9sidence du S\u00e9nat ou du Conseil d\u2019Etat. Il se m\u00e9fiait des soci\u00e9t\u00e9s connues sous le nom de\u00a0<\/em>Carbonari<em>\u00a0en Italie et des\u00a0<\/em>Illumin\u00e9s\u00a0<em>en Allemagne<\/em><em>\u00a0\u00bb.<\/em><\/p>\n<p>\u00a0 L\u2019expression\u00a0<em>purs enfantillages\u00a0<\/em>peut para\u00eetre excessive, pourtant les plus hautes personnalit\u00e9s de l\u2019Etat y ont particip\u00e9.<\/p>\n<ul class=\"wp-block-list\">\n<li>Il a \u00e9t\u00e9 mis en avant que l\u2019Empereur n\u2019a jamais confirm\u00e9 sa qualit\u00e9 de Ma\u00e7on (comme il ne l\u2019a jamais d\u00e9menti d\u2019ailleurs). Etant devenu Empereur, il tenait \u00e0 ce que ses subordonn\u00e9s respectent une \u00e9tiquette, et ne le tutoie plus par exemple. Cela peut expliquer la distance qu\u2019il a prise avec la F.M. et qu\u2019il ne visitera plus les Loges (du moins officiellement).\u00a0 Sa relation avec Lannes qui est Ma\u00e7on est r\u00e9v\u00e9latrice de la distance que l\u2019Empereur souhaite. Lannes continuait obstin\u00e9ment \u00e0 le tutoyer, Bonaparte le vouvoyait \u00e0 dessein, mais, rien n\u2019y fait, le tutoiement continua. Bourienne alors secr\u00e9taire du Premier Consul relate un moment de col\u00e8re de Bonaparte\u00a0;<\/li>\n<\/ul>\n<p><em>\u00a0\u00ab\u00a0Lannes continuait \u00e0 le tutoyer et l\u2019on ne saurait se figurer \u00e0 quel point cette persistance de familiarit\u00e9 chez l\u2019un de ses plus vaillants fr\u00e8res d\u2019armes, lui \u00e9tait devenu insupportable\u2026 Il \u00e9tait devenu le seul qui os\u00e2t encore traiter Bonaparte en camarade \u2026.\u00a0\u00bb<\/em><\/p>\t\t\t\t\t\t\t\t<\/div>\n\t\t\t\t<\/div>\n\t\t\t\t<\/div>\n\t\t<div data-particle_enable=\"false\" data-particle-mobile-disabled=\"false\" class=\"elementor-element elementor-element-65db34a elementor-hidden-mobile e-con-full elementor-hidden-tablet e-flex e-con e-child\" data-id=\"65db34a\" data-element_type=\"container\" data-e-type=\"container\">\n\t\t<div data-particle_enable=\"false\" data-particle-mobile-disabled=\"false\" class=\"elementor-element elementor-element-48e9e72 e-con-full e-flex e-con e-child\" data-id=\"48e9e72\" data-element_type=\"container\" data-e-type=\"container\">\n\t\t\t\t<div class=\"elementor-element elementor-element-c6a765d elementor-widget-divider--view-line_text elementor-widget-divider--element-align-center elementor-widget elementor-widget-divider\" data-id=\"c6a765d\" data-element_type=\"widget\" data-e-type=\"widget\" data-widget_type=\"divider.default\">\n\t\t\t\t<div class=\"elementor-widget-container\">\n\t\t\t\t\t\t\t<div class=\"elementor-divider\">\n\t\t\t<span class=\"elementor-divider-separator\">\n\t\t\t\t\t\t\t<p class=\"elementor-divider__text elementor-divider__element\">\n\t\t\t\tPage 5\t\t\t\t<\/p>\n\t\t\t\t\t\t<\/span>\n\t\t<\/div>\n\t\t\t\t\t\t<\/div>\n\t\t\t\t<\/div>\n\t\t\t\t<\/div>\n\t\t\t\t<\/div>\n\t\t\t\t\t<\/div>\n\t\t\t\t<\/div>\n\t\t<div data-particle_enable=\"false\" data-particle-mobile-disabled=\"false\" class=\"elementor-element elementor-element-49456d5 e-flex e-con-boxed e-con e-parent\" data-id=\"49456d5\" data-element_type=\"container\" data-e-type=\"container\">\n\t\t\t\t\t<div class=\"e-con-inner\">\n\t\t<div data-particle_enable=\"false\" data-particle-mobile-disabled=\"false\" class=\"elementor-element elementor-element-a138c66 e-con-full e-flex e-con e-child\" data-id=\"a138c66\" data-element_type=\"container\" data-e-type=\"container\">\n\t\t\t\t<div class=\"elementor-element elementor-element-418bd75 elementor-widget elementor-widget-text-editor\" data-id=\"418bd75\" data-element_type=\"widget\" data-e-type=\"widget\" data-widget_type=\"text-editor.default\">\n\t\t\t\t<div class=\"elementor-widget-container\">\n\t\t\t\t\t\t\t\t\t<p>Le r\u00e9sultat fut que Lannes fut exp\u00e9di\u00e9 au Portugal. \u00c0 son retour, il ne tutoya plus Napol\u00e9on.<\/p>\n<ul class=\"wp-block-list\">\n<li>Un article paru durant le Second Empire dans la revue\u00a0<em>Le Franc-Ma\u00e7on\u00a0<\/em>dont je n\u2019ai pas retrouv\u00e9 le nom de l\u2019auteur est plus direct\u00a0:<\/li>\n<\/ul>\n<p><em>\u00ab\u00a0Nous sommes bien aise qu\u2019une Loge de Paris porte le nom de Bonaparte\u2026 mais nous ne voudrions pas\u00a0 que l\u2019on persist\u00e2t \u00e0 dire que l\u2019Empereur Napol\u00e9on 1<sup>er<\/sup>\u00a0a \u00e9t\u00e9 re\u00e7u franc-ma\u00e7on, quand rien ne le prouve dans notre histoire\u2026 Le nom de Bonaparte ne se trouve point sur le tableau d\u2019aucune Loge\u2026 Montholon dira \u00e9galement que Napol\u00e9on n\u2019a jamais \u00e9t\u00e9 re\u00e7u Franc-ma\u00e7on\u2026\u00a0\u00bb.<\/em><\/p>\n<p><em>\u00a0\u00a0<\/em>A priori, cela semble clair, mais, il convient de le nuancer, il s\u2019agit d\u2019une part de t\u00e9moignages et d\u2019autre part Montholon parle de Napol\u00e9on et non de Bonaparte. Et, concernant la non inscription au Tableau, il s\u2019agit du G.O. et, il est probable que Bonaparte a \u00e9t\u00e9 initi\u00e9 au sein de la Loge-m\u00e8re \u00e9cossaise \u00e0 Marseille avant l\u2019unification des deux ob\u00e9diences. Nous savons que celle-ci ne communiqua pas ses archives au G.O.<\/p>\n<ul class=\"wp-block-list\">\n<li>Certains historiens disent qu\u2019il n\u2019est pas possible que Napol\u00e9on 1<sup>er<\/sup>\u00a0soit Franc-Ma\u00e7on en raison de son caract\u00e8re, il n\u2019aurait pas support\u00e9 \u00eatre consid\u00e9r\u00e9 comme un \u00e9gal vis-\u00e0-vis de ses suppos\u00e9s Fr\u00e8res.\u00a0 Il est ais\u00e9 de r\u00e9pondre encore une fois que c\u2019est Bonaparte qui est, a priori, initi\u00e9. Et qu\u2019\u00e0 cette \u00e9poque, il n\u2019est qu\u2019au d\u00e9but de sa carri\u00e8re et n\u2019a pas en t\u00eate de devenir Empereur.\u00a0 Je cite le d\u00e9but du po\u00e8me du Fr\u00e8re Rudyard Kipling qui montre bien l\u2019\u00e9tat d\u2019esprit d\u2019un Ma\u00e7on\u00a0:<\/li>\n<\/ul>\n<p><em>\u00ab\u00a0Il y avait Rundle, le chef de station,<br \/>Beazeley, des voies et travaux,<br \/>Ackman, de l\u2019intendance,<br \/>Dankin, de la prison,<br \/>Et Blake, le sergent instructeur,<br \/>Qui fut deux fois notre V\u00e9n\u00e9rable,<br \/>Et aussi le vieux Franjee Eduljee<br \/>Qui tenait le magasin \u00ab\u00a0Aux denr\u00e9es Europ\u00e9ennes\u00a0\u00bb.<\/em><\/p>\n<p><em>Dehors, on se disait : \u00ab\u00a0Sergent, Monsieur, Salut, Salam\u00a0<br \/>Dedans c\u2019\u00e9tait : \u00ab\u00a0Mon fr\u00e8re\u00a0\u00bb, et c\u2019\u00e9tait tr\u00e8s bien ainsi.<br \/>Nous nous r\u00e9unissions sur le niveau et nous nous quittions sur l\u2019\u00e9querre.<br \/>Moi, j\u2019\u00e9tais second diacre dans ma Loge-m\u00e8re, l\u00e0-bas !\u00a0\u00bb<\/em><\/p>\n<p>Voil\u00e0 comment un Fr\u00e8re vit sa ma\u00e7onnerie, en Loge\u00a0: les distinctions du monde profane s\u2019effacent.<\/p>\n<p>\u00a0 L\u2019image ci-apr\u00e8s repr\u00e9sente la page de couverture du journal<em>\u00a0L\u2019Illustration\u00a0<\/em>paru<em>\u00a0<\/em>en 1921 \u00e0 l\u2019occasion du centenaire du d\u00e9c\u00e8s de Napol\u00e9on 1<sup>er<\/sup>. Cette gravure peut \u00eatre interpr\u00e9t\u00e9e de deux fa\u00e7ons\u00a0: \u00a0<\/p>\n<figure class=\"wp-block-image size-full\"><img loading=\"lazy\" decoding=\"async\" class=\"wp-image-424\" src=\"https:\/\/m3c.universita.corsica\/lumi\/wp-content\/uploads\/2022\/12\/image008.jpg\" sizes=\"(max-width: 554px) 100vw, 554px\" srcset=\"https:\/\/m3c.universita.corsica\/lumi\/wp-content\/uploads\/2022\/12\/image008.jpg 554w, https:\/\/m3c.universita.corsica\/lumi\/wp-content\/uploads\/2022\/12\/image008-300x300.jpg 300w, https:\/\/m3c.universita.corsica\/lumi\/wp-content\/uploads\/2022\/12\/image008-150x150.jpg 150w\" alt=\"\" width=\"554\" height=\"554\" \/><\/figure>\n<p>A l\u2019occasion du bicentenaire de sa mort, nous avons pu voir \u00e0 la t\u00e9l\u00e9vision un nombre important de reportages consacr\u00e9s \u00e0 L\u2019Empereur. Et dans l\u2019un d\u2019eux, nous avons entendu une historienne expliquer qu\u2019il s\u2019agissait d\u2019une repr\u00e9sentation all\u00e9gorique de la gloire \u00e9ternelle de Napol\u00e9on que le dessinateur a voulu repr\u00e9senter.<\/p>\n<p>Justement, l\u2019auteur de ce dessin n\u2019est autre qu\u2019Horace Vernet (1789-1863) issu d\u2019une famille de Ma\u00e7ons et lui-m\u00eame Fr\u00e8re, il sera dignitaire du Supr\u00eame Conseil de France qui est charg\u00e9 de g\u00e9rer les Hauts grades du Rite Ecossais Ancien et Accept\u00e9. Et connaissant cela, une autre interpr\u00e9tation peut \u00eatre effectu\u00e9e, \u00e9minemment ma\u00e7onnique. Vernet a tout simplement repr\u00e9sent\u00e9 un \u00e9pisode de la c\u00e9r\u00e9monie d\u2019\u00e9l\u00e9vation au grade de Ma\u00eetre que tout compagnon subit pour acqu\u00e9rir ce grade. Napol\u00e9on porte dans sa main gauche une branche d\u2019acacia et selon une formule du Rituel\u00a0:\u00a0<em>Le Ma\u00eetre rena\u00eet plus radieux que jamais.<\/em><\/p>\n<p>Il a voulu montrer que Bonaparte est un Fr\u00e8re et qui plus est poss\u00e8de le grade de Ma\u00eetre et qu\u2019il est destin\u00e9 \u00e0 une gloire \u00e9ternelle.<\/p>\n<p>Un petit clin d\u2019\u0153il\u00a0:<\/p>\n<ul class=\"wp-block-list\">\n<li>\u00a0Le navire amiral qui emm\u00e8ne Bonaparte en Egypte a port\u00e9 deux noms auparavant\u00a0: Le\u00a0<em>Royal<\/em>\u00a0<em>Dauphin\u00a0<\/em>en 1792 et Le<em>\u00a0Sans-Culotte\u00a0<\/em>en 1795.\u00a0<em>\u00a0<\/em>Le nom\u00a0<em>L\u2019Orient<\/em>\u00a0lui sera donn\u00e9 avant l\u2019exp\u00e9dition, c\u2019est un terme qui en ma\u00e7onnerie d\u00e9signe l\u2019endroit o\u00f9 le soleil, la Lumi\u00e8re para\u00eet et o\u00f9 si\u00e8ge le V\u00e9n\u00e9rable Ma\u00eetre de l\u2019Atelier.<\/li>\n<\/ul>\n<p>\u00a0<\/p>\n<h3>Conclusion<\/h3>\n<p>\u00a0En conclusion, je vous livrerai mon intime conviction, qui n\u2019engage que moi bien entendu.<\/p>\n<p>\u00a0 \u00c0 la question pos\u00e9e\u00a0:<\/p>\n<ol class=\"wp-block-list\" type=\"1\">\n<li>Napol\u00e9on 1<sup>er<\/sup>, Empereur des Fran\u00e7ais, a-t-il \u00e9t\u00e9 Initi\u00e9\u00a0?<\/li>\n<\/ol>\n<p><a>\u00a0 Mon intime conviction est non.<\/a><\/p>\n<ul class=\"wp-block-list\">\n<li>Bonaparte a-t-il \u00e9t\u00e9 Initi\u00e9\u00a0?<\/li>\n<\/ul>\n<p>\u00a0\u00a0\u00a0\u00a0 Mon intime conviction est oui.<\/p>\n<ul class=\"wp-block-list\">\n<li>Au sein de quelle Loge Bonaparte a-t-il \u00e9t\u00e9 Initi\u00e9\u00a0?<\/li>\n<\/ul>\n<p>\u00a0Il me parait hasardeux de donner une r\u00e9ponse, mais, mon intime conviction est que Bonaparte a \u00e9t\u00e9 initi\u00e9 le 08 octobre 1793 \u00e0 Marseille au sein de la Loge\u00a0<em>La Parfaite Sinc\u00e9rit\u00e9<\/em>\u00a0en m\u00eame temps que Joseph et Antoine-Christophe Salicetti. Il \u00e9tait en contact avec eux. Comment ne pas imaginer qu\u2019il suivra leur exemple\u00a0?<\/p>\n<p>\u00a0 Mais, toutes les hypoth\u00e8ses sont sur la table. Certains historiens pensent qu\u2019il a \u00e9t\u00e9 initi\u00e9 en Egypte, \u00e0 Nancy, \u00e0 Auxonne, d\u2019autres \u00e0 Malte. Pour le moment, nous n\u2019avons aucune certitude. Et je rappelle que pour bon nombre d\u2019historiens Bonaparte n\u2019est pas un Fr\u00e8re.\u00a0<\/p>\n<p>\u00a0Il vous appartient de vous faire votre propre opinion, vous pouvez consulter\u00a0:<\/p>\n<ol class=\"wp-block-list\" type=\"1\">\n<li>Les archives du fonds ma\u00e7onnique de la Biblioth\u00e8que Nationale de France. Une grande partie de celles concernant la R\u00e9volution ont \u00e9t\u00e9 sauv\u00e9es, au p\u00e9ril de sa vie, par Alexandre-Louis Roettiers de Montaleau, Grand V\u00e9n\u00e9rable du G.O.<\/li>\n<li>\u00ab\u00a0Napol\u00e9on Franc-Ma\u00e7on\u00a0?\u00a0\u00bb de Fran\u00e7ois Collaveri publi\u00e9 en 2003.<\/li>\n<li>\u00ab\u00a0Napol\u00e9on Franc-Ma\u00e7on\u00a0\u00bb de Christian Plume publi\u00e9 en 1985.<\/li>\n<li>La revue du Souvenir napol\u00e9onien N\u00b0 97, \u00ab\u00a0Les soci\u00e9t\u00e9s secr\u00e8tes sous l\u2019Empire\u00a0\u00bb.<\/li>\n<li>\u00ab\u00a0Un initi\u00e9 des soci\u00e9t\u00e9s secr\u00e8tes sup\u00e9rieures\u00a0\u00bb de Benjamin Fabre.<\/li>\n<li>Les archives Ma\u00e7onniques du Grand Orient de France, 16, rue Cadet, \u00e0 Paris.<\/li>\n<\/ol>\t\t\t\t\t\t\t\t<\/div>\n\t\t\t\t<\/div>\n\t\t\t\t<\/div>\n\t\t<div data-particle_enable=\"false\" data-particle-mobile-disabled=\"false\" class=\"elementor-element elementor-element-718e732 elementor-hidden-mobile e-con-full elementor-hidden-tablet e-flex e-con e-child\" data-id=\"718e732\" data-element_type=\"container\" data-e-type=\"container\">\n\t\t<div data-particle_enable=\"false\" data-particle-mobile-disabled=\"false\" class=\"elementor-element elementor-element-c048f3e e-con-full e-flex e-con e-child\" data-id=\"c048f3e\" data-element_type=\"container\" data-e-type=\"container\">\n\t\t\t\t<div class=\"elementor-element elementor-element-5f7a9fd elementor-widget-divider--view-line_text elementor-widget-divider--element-align-center elementor-widget elementor-widget-divider\" data-id=\"5f7a9fd\" data-element_type=\"widget\" data-e-type=\"widget\" data-widget_type=\"divider.default\">\n\t\t\t\t<div class=\"elementor-widget-container\">\n\t\t\t\t\t\t\t<div class=\"elementor-divider\">\n\t\t\t<span class=\"elementor-divider-separator\">\n\t\t\t\t\t\t\t<p class=\"elementor-divider__text elementor-divider__element\">\n\t\t\t\tPage 6\t\t\t\t<\/p>\n\t\t\t\t\t\t<\/span>\n\t\t<\/div>\n\t\t\t\t\t\t<\/div>\n\t\t\t\t<\/div>\n\t\t\t\t<\/div>\n\t\t\t\t<\/div>\n\t\t\t\t\t<\/div>\n\t\t\t\t<\/div>\n\t\t\t\t<\/div>\n\t\t","protected":false},"excerpt":{"rendered":"<p>J\u2019ai eu la chance de suivre \u00e0 la Sorbonne les cours du professeur Tulard, et quelques ann\u00e9es plus tard, chacun de nous est intervenu \u00e0 l\u2019occasion d\u2019un colloque \u00e0 Reims (lui sur\u00a0Napol\u00e9on et les femmes, et moi sur\u00a0le Service de sant\u00e9 des arm\u00e9es durant les p\u00e9riodes R\u00e9volution et 1er\u00a0Empire). Au diner de cl\u00f4ture, le ma\u00eetre [&hellip;]<\/p>\n","protected":false},"author":10,"featured_media":819,"comment_status":"closed","ping_status":"closed","sticky":false,"template":"","format":"standard","meta":{"_acf_changed":false,"footnotes":""},"categories":[3],"tags":[],"class_list":["post-419","post","type-post","status-publish","format-standard","has-post-thumbnail","hentry","category-numero1"],"acf":[],"_links":{"self":[{"href":"https:\/\/m3c.universita.corsica\/lumi\/wp-json\/wp\/v2\/posts\/419","targetHints":{"allow":["GET"]}}],"collection":[{"href":"https:\/\/m3c.universita.corsica\/lumi\/wp-json\/wp\/v2\/posts"}],"about":[{"href":"https:\/\/m3c.universita.corsica\/lumi\/wp-json\/wp\/v2\/types\/post"}],"author":[{"embeddable":true,"href":"https:\/\/m3c.universita.corsica\/lumi\/wp-json\/wp\/v2\/users\/10"}],"replies":[{"embeddable":true,"href":"https:\/\/m3c.universita.corsica\/lumi\/wp-json\/wp\/v2\/comments?post=419"}],"version-history":[{"count":7,"href":"https:\/\/m3c.universita.corsica\/lumi\/wp-json\/wp\/v2\/posts\/419\/revisions"}],"predecessor-version":[{"id":4111,"href":"https:\/\/m3c.universita.corsica\/lumi\/wp-json\/wp\/v2\/posts\/419\/revisions\/4111"}],"wp:featuredmedia":[{"embeddable":true,"href":"https:\/\/m3c.universita.corsica\/lumi\/wp-json\/wp\/v2\/media\/819"}],"wp:attachment":[{"href":"https:\/\/m3c.universita.corsica\/lumi\/wp-json\/wp\/v2\/media?parent=419"}],"wp:term":[{"taxonomy":"category","embeddable":true,"href":"https:\/\/m3c.universita.corsica\/lumi\/wp-json\/wp\/v2\/categories?post=419"},{"taxonomy":"post_tag","embeddable":true,"href":"https:\/\/m3c.universita.corsica\/lumi\/wp-json\/wp\/v2\/tags?post=419"}],"curies":[{"name":"wp","href":"https:\/\/api.w.org\/{rel}","templated":true}]}}