{"id":4277,"date":"2025-09-04T16:14:54","date_gmt":"2025-09-04T16:14:54","guid":{"rendered":"https:\/\/m3c.universita.corsica\/lumi\/?p=4277"},"modified":"2025-09-18T16:31:06","modified_gmt":"2025-09-18T16:31:06","slug":"changer-le-cours-de-la-justice-une-famille-de-la-petite-notabilite-urbaine-face-a-linstitution-judiciaire","status":"publish","type":"post","link":"https:\/\/m3c.universita.corsica\/lumi\/changer-le-cours-de-la-justice-une-famille-de-la-petite-notabilite-urbaine-face-a-linstitution-judiciaire\/","title":{"rendered":"Changer le cours de la justice\u00a0? Une famille de la petite notabilit\u00e9 urbaine face \u00e0 l\u2019institution judiciaire"},"content":{"rendered":"\t\t<div data-elementor-type=\"wp-post\" data-elementor-id=\"4277\" class=\"elementor elementor-4277\" data-elementor-post-type=\"post\">\n\t\t\t\t<div data-particle_enable=\"false\" data-particle-mobile-disabled=\"false\" class=\"elementor-element elementor-element-d38dc0e e-flex e-con-boxed e-con e-parent\" data-id=\"d38dc0e\" data-element_type=\"container\" data-e-type=\"container\">\n\t\t\t\t\t<div class=\"e-con-inner\">\n\t\t<div data-particle_enable=\"false\" data-particle-mobile-disabled=\"false\" class=\"elementor-element elementor-element-0701b9d e-con-full e-flex e-con e-child\" data-id=\"0701b9d\" data-element_type=\"container\" data-e-type=\"container\">\n\t\t\t\t<div class=\"elementor-element elementor-element-0b8ef57 elementor-widget elementor-widget-text-editor\" data-id=\"0b8ef57\" data-element_type=\"widget\" data-e-type=\"widget\" data-widget_type=\"text-editor.default\">\n\t\t\t\t<div class=\"elementor-widget-container\">\n\t\t\t\t\t\t\t\t\t<p>Les Corses entretiennent des rapports complexes avec la justice et l\u2019institution judiciaire<a href=\"#_ftn1\" name=\"_ftnref1\">[1]<\/a>. Au xix<sup>e<\/sup> si\u00e8cle, les critiques sur son fonctionnement sont nombreuses.<\/p><p>\u00c0 la fin du Second Empire, Dominique et Pierre<a href=\"#_ftn2\" name=\"_ftnref2\">[2]<\/a> sont jug\u00e9s par les assises pour avoir pris part \u00e0 une rixe au cours de laquelle l\u2019un des protagonistes a \u00e9t\u00e9 bless\u00e9 par arme \u00e0 feu. Les deux fr\u00e8res appartiennent \u00e0 la \u00ab\u00a0petite notabilit\u00e9\u00a0\u00bb d\u2019une ville moyenne de Corse<a href=\"#_ftn3\" name=\"_ftnref3\">[3]<\/a>.<\/p><p>Le fonds priv\u00e9 qui a servi de base \u00e0 cette \u00e9tude est int\u00e9ressant \u00e0 plusieurs titres<a href=\"#_ftn4\" name=\"_ftnref4\">[4]<\/a>. En premier lieu, il permet de suivre pr\u00e9cis\u00e9ment les m\u00e9canismes mis en \u0153uvre pour interc\u00e9der aupr\u00e8s des jur\u00e9s et les magistrats. Les individus incrimin\u00e9s et leurs proches mobilisent leurs r\u00e9seaux. Ils interviennent \u00e9galement aupr\u00e8s des t\u00e9moins mais aussi de notables sans lien direct apparent avec le proc\u00e8s. La documentation illustre la complexit\u00e9 des r\u00e9seaux qui sont activ\u00e9s<a href=\"#_ftn5\" name=\"_ftnref5\">[5]<\/a>\u00a0: familiaux, amicaux, de voisinage ou encore politique. Les deux fr\u00e8res paraissent appartenir au camp r\u00e9publicain mais sont appuy\u00e9s par un membre \u00e9minent du parti bonapartiste. La personnalit\u00e9 de la victime et son statut social pourraient \u00e9galement \u00eatre un facteur explicatif mais son identit\u00e9 n\u2019a pas pu \u00eatre \u00e9tablie<a href=\"#_ftn6\" name=\"_ftnref6\">[6]<\/a>. Cette \u00e9tude est principalement descriptive du fait de l\u2019absence d\u2019\u00e9l\u00e9ments de comparaison \u00e9quivalents. Au XIX<sup>e<\/sup> si\u00e8cle, le fonctionnement du jury en Corse<a href=\"#_ftn7\" name=\"_ftnref7\">[7]<\/a> est l\u2019objet de nombreuses critiques\u00a0: Antoine-Claude-Pasquin Valery pense que \u00ab\u00a0Le jur\u00e9 corse menac\u00e9 est trop indulgent ou trop s\u00e9v\u00e8re\u00a0\u00bb<a href=\"#_ftn8\" name=\"_ftnref8\">[8]<\/a>\u00a0; Pierre-Adolphe Sorbier, plus mesur\u00e9, \u00e9crit\u00a0: \u00ab\u00a0L&rsquo;institution eut d&rsquo;abord de bien mauvais jours \u00e0 traverser ; mais les jur\u00e9s de ce d\u00e9partement insulaire, qui s&rsquo;avance \u00e0 grands pas vers un meilleur avenir, ont fini par prouver qu&rsquo;ils ont le sentiment de l&rsquo;importance de leur mission, et qu&rsquo;ils ne le c\u00e8dent en rien \u00e0 leurs fr\u00e8res du continent ni pour le courage civique, ni pour l&rsquo;horreur du crime \u00bb<a href=\"#_ftn9\" name=\"_ftnref9\">[9]<\/a>. Il pr\u00e9cise\u00a0que des d\u00e9cisions s\u2019expliquent par la n\u00e9cessit\u00e9 de maintenir des \u00e9quilibres locaux\u00a0: \u00ab\u00a0Dans cette \u00eele, la tranquillit\u00e9 d&rsquo;une population enti\u00e8re d\u00e9pend quelquefois du verdict du jury. Sa r\u00e9ponse aux questions qui lui sont pos\u00e9es, peut jeter dans l&rsquo;int\u00e9rieur des communes la paix ou la guerre\u00a0\u00bb<a href=\"#_ftn10\" name=\"_ftnref10\">[10]<\/a>. Le point de vue de Sorbier rejoint les constats \u00e9tablis pour d\u2019autres r\u00e9gions rurales par l\u2019anthropologue Elisabeth Claverie. Selon elle, plusieurs facteurs expliquent le laxisme suppos\u00e9 des sentences des jur\u00e9s\u00a0: \u00ab\u00a0Soit [qu\u2019ils] aient trouv\u00e9 le manque de gravit\u00e9 des d\u00e9lits peu en rapport avec l&rsquo;\u00e9normit\u00e9 des peines pr\u00e9vues par le Code, soit que le d\u00e9lit d\u00e9crit comme criminel ne leur fut pas apparu tel, soit qu&rsquo;ils aient jug\u00e9 suffisant de livrer le pr\u00e9venu acquitt\u00e9 \u00e0 son village&#8230; ce qui peut valoir Cayenne !\u00a0\u00bb<a href=\"#_ftn11\" name=\"_ftnref11\">[11]<\/a>. En outre, en Corse, selon l\u2019historienne Caroline Parsi certaines d\u00e9cisions refl\u00e8tent un sch\u00e9ma de pens\u00e9e privil\u00e9giant l\u2019honneur et le syst\u00e8me clanique<a href=\"#_ftn12\" name=\"_ftnref12\">[12]<\/a>. La volont\u00e9 d\u2019intervenir en faveur des personnes poursuivies s\u2019inscrit dans le cadre d\u2019une affaire qui pourrait \u00eatre qualifi\u00e9e de banale, sans enjeu pour l\u2019ordre public. D\u2019ailleurs, ces d\u00e9marches ont-elles r\u00e9ellement atteints leur but car un des deux fr\u00e8res est condamn\u00e9\u00a0?<\/p><p>Apr\u00e8s avoir pr\u00e9sent\u00e9 les principaux acteurs, nous analyserons les m\u00e9canismes mis en \u0153uvre pour contacter les jur\u00e9s et des magistrats, puis les interventions pour influencer le discours des t\u00e9moins mais \u00e9galement aupr\u00e8s de membres de la notabilit\u00e9 qui n\u2019ont pas de liens directs avec l\u2019affaire.<\/p><ol><li><strong>Le profil des accus\u00e9s, l\u2019affaire et les principaux acteurs <\/strong><\/li><\/ol><p>La famille de Dominique et Pierre s\u2019est affirm\u00e9e socialement. L\u2019a\u00een\u00e9 Dominique a 44 ans lorsqu\u2019il est incrimin\u00e9\u00a0; Pierre en a 38. La belle-famille de Dominique est particuli\u00e8rement active dans les d\u00e9marches mises en \u0153uvre pour soutenir les accus\u00e9s tandis que celle de Pierre ne joue aucun r\u00f4le apparent.<\/p><p>Pierre, auteur du coup de feu, para\u00eet avoir \u00e9t\u00e9 appr\u00e9hend\u00e9 suite aux faits tandis que Dominique indique dans un courrier en date du 24 juillet son intention de se \u00ab\u00a0constituer\u00a0\u00bb ce qui laisserait supposer qu\u2019il va se rendre aux autorit\u00e9s.<\/p><p>L\u2019altercation para\u00eet li\u00e9e \u00e0 un pr\u00e9c\u00e9dent incident. Agathe pr\u00e9cise dans son t\u00e9moignage qu\u2019elle a vu la victime, un b\u00e2ton \u00e0 la main, interpeller Pierre \u00ab\u00a0Es-tu toujours en col\u00e8re\u00a0?\u00a0\u00bb, \u00ab\u00a0Oui c\u2019est \u00e0 toi que j\u2019attendais\u00a0\u00bb, la victime aurait r\u00e9pondu\u00a0: \u00ab\u00a0cependant moi je ne t\u2019en veux pas quoique tu m\u2019ai secou\u00e9, fait mal a la gorge et appel\u00e9 gendarme [sic]\u00a0\u00bb. L\u2019existence de tensions entre les deux hommes semble confirm\u00e9e par le t\u00e9moignage de Paul\u00a0: il a vu l\u2019individu qui sera bless\u00e9 au cours de la rixe descendre avec un b\u00e2ton et lui a dit de rentrer chez lui. Il semble donc craindre un incident.<\/p><p>Le diff\u00e9rend d\u00e9bute par une querelle verbale, suivie d\u2019un \u00e9change de coups de b\u00e2ton durant lequel Pierre aurait \u00e9t\u00e9 bless\u00e9. Les deux fr\u00e8res auraient suivi la victime qui aurait \u00e9t\u00e9 bless\u00e9e par un tir de Pierre. Les versions (tableau 1) divergent sur la nature des paroles \u00e9chang\u00e9es entre les trois protagonistes, l\u2019identit\u00e9 de celui qui a port\u00e9 les premiers coups de b\u00e2ton, le r\u00f4le de Dominique qui selon certains t\u00e9moins aurait incit\u00e9 son fr\u00e8re \u00e0 tirer et la nature des armes pr\u00e9sentes. Paul est le seul t\u00e9moin \u00e0 indiquer que Dominique porte une arme blanche (un stylet, pr\u00e9cis\u00e9 \u00e0 la demande du juge) et dans l\u2019autre main un objet ressemblant \u00e0 une gaine.<\/p><p><em>\u00a0<\/em><\/p><table><tbody><tr><td width=\"112\"><p><strong>Identit\u00e9<\/strong><\/p><\/td><td width=\"140\"><p><strong>Joseph<\/strong><\/p><\/td><td width=\"142\"><p><strong>Agathe<\/strong><\/p><\/td><td width=\"140\"><p><strong>Paul<\/strong><\/p><\/td><td width=\"140\"><p><strong>Antoinette<\/strong><\/p><\/td><td width=\"132\"><p><strong>Jacques<\/strong><\/p><\/td><\/tr><tr><td width=\"112\"><p><strong>Insultes, menaces<\/strong><\/p><\/td><td width=\"140\"><p>Pierre dit qu\u2019ils \u00ab\u00a0n\u2019ont pas \u00e9lev\u00e9 les cochons ensemble\u00a0\u00bb, Dominique traite la victime de \u00ab\u00a0va nu pieds\u00a0\u00bb qui r\u00e9pond \u00ab\u00a0attention Dominique je ne suis pas un va nu pied\u00a0\u00bb Pierre menace de lui tirer dessus, il est encourag\u00e9 par Dominique.<\/p><\/td><td width=\"142\"><p>Pierre est en train de \u00ab\u00a0causer\u00a0\u00bb. La victime un b\u00e2ton \u00e0 la main, interpelle Pierre<a href=\"#_ftn13\" name=\"_ftnref13\">[13]<\/a>. Dominique demande ce qui se passe. Apr\u00e8s un \u00e9change de coups, il incite son fr\u00e8re \u00e0 tirer. Pierre fait feu \u00e0 deux reprises.<\/p><\/td><td width=\"140\">\u00a0<\/td><td width=\"140\"><p>Dominique a dit quelque chose qu\u2019elle n\u2019a pas pu comprendre mais il fait un geste qui engage son fr\u00e8re \u00e0 faire feu.<\/p><\/td><td width=\"132\"><p>La victime\u00a0: \u00ab\u00a0per la madonna agli uomini come te\u00a0\u00bb (d\u00e9chir\u00e9), Dominique \u00ab\u00a0Qui y a-t-il\u00a0?\u00a0\u00bb, la victime \u00ab\u00a0rien\u00a0\u00bb Dominique \u00ab\u00a0Que vaut un pedevecchio\u00a0?\u00a0\u00bb\u00a0<\/p><\/td><\/tr><tr><td width=\"112\"><p><strong>Coups<\/strong><\/p><\/td><td width=\"140\"><p>Pierre frappe le premier, tombe apr\u00e8s la riposte de la victime.<\/p><\/td><td width=\"142\"><p>Ils se font tomber, Dominique rel\u00e8ve son fr\u00e8re.\u00a0<\/p><\/td><td width=\"140\">\u00a0<\/td><td width=\"140\"><p>Pierre a port\u00e9 le premier coup de b\u00e2ton, la victime a ripost\u00e9 et Pierre est tomb\u00e9.<\/p><\/td><td width=\"132\"><p>Pierre a frapp\u00e9 le premier, la victime a r\u00e9pliqu\u00e9, Pierre se retrouve \u00e0 terre.<\/p><\/td><\/tr><tr><td width=\"112\"><p><strong>Autre<\/strong><\/p><\/td><td width=\"140\"><p>La victime fuit, Pierre le poursuit et le rattrape \u00e0 la rampe, tire.<\/p><\/td><td width=\"142\"><p>Elle pr\u00e9cise qu\u2019elle s\u2019est rapproch\u00e9e pour entendre, a vu que Pierre \u00e9tait dans de \u00ab\u00a0mauvaises dispositions\u00a0\u00bb. Pierre a suivi la victime et apr\u00e8s la seconde intervention de son fr\u00e8re a tir\u00e9. La victime est tomb\u00e9e.<\/p><\/td><td width=\"140\"><p>Il a vu la victime descendre avec un b\u00e2ton, l\u2019a salu\u00e9, lui a dit de rentrer chez lui, il n\u2019a pas voulu, il a vu Pierre arm\u00e9 d\u2019un pistolet, Dominique d\u2019une arme blanche et dans l\u2019autre main un objet ressemblant \u00e0 une gaine qu\u2019il cherchait \u00e0 cacher mais il l\u2019a bien vu. Dominique n\u2019a pas cherch\u00e9 \u00e0 retenir le fr\u00e8re qui a tir\u00e9. Les deux fr\u00e8res ont suivi la victime qui a recul\u00e9 de 2 ou 3 pas.<\/p><\/td><td width=\"140\"><p>La victime s\u2019est dirig\u00e9e vers la place en agitant son b\u00e2ton, suivi par Dominique.<\/p><p>Pierre s\u2019est relev\u00e9, a sorti son pistolet, deux personnes lui ont demand\u00e9 de ranger son arme, Pierre s\u2019est rendu compte qu\u2019il \u00e9tait bless\u00e9 et qu\u2019il \u00e9tait couvert de sang. Il a poursuivi la victime et apr\u00e8s une intervention de son fr\u00e8re, qui aurait pu le retenir, a fait feu.<\/p><\/td><td width=\"132\"><p>La victime se dirige sur la place \u00e0 reculons, Pierre se rel\u00e8ve, rejoint Dominique et le devance, puis tire, la victime tombe.\u00a0\u00a0\u00a0<\/p><\/td><\/tr><\/tbody><\/table><p><u><i>Figure 2\u00a0: Synth\u00e8se des t\u00e9moignages.<\/i><\/u><\/p><p><em>\u00a0<\/em><\/p><p>Plusieurs membres de leur communaut\u00e9 jouent un r\u00f4le actif dans l\u2019approche des jur\u00e9s et\/ou des t\u00e9moins. Un avocat et un ancien magistrat sont les pivots de cette entreprise. Le premier est le cousin germain de l\u2019\u00e9pouse de Dominique. De par leurs professions, ils ont des relations dans le milieu de la justice<a href=\"#_ftn14\" name=\"_ftnref14\">[14]<\/a>. Le premier est aid\u00e9 par des membres de la belle-famille de Dominique dont un est huissier. Le second, qui est \u00e9galement un membre \u00e9minent de la notabilit\u00e9, entretient des relations avec le monde de la magistrature et avec les grandes familles de notables. Il signe ses courriers \u00ab\u00a0juge retrait\u00e9\u00a0\u00bb. Il \u00e9crit plusieurs courriers afin de contacter des jur\u00e9s. Son soutien peut s\u2019expliquer par le fait qu\u2019il s\u2019agit d\u2019un voisin des accus\u00e9s. Enfin, une autre famille de leur cit\u00e9 qui a des liens avec le milieu judiciaire intervient.<\/p><p>D\u2019autres individus participent \u00e0 la circulation des informations dont un gardien de prison natif de la commune des accus\u00e9s. Dominique profite des visites pour recevoir et donner des informations.<\/p><p>Ces relations ont jou\u00e9 un r\u00f4le important pour organiser le soutien aux accus\u00e9s et intervenir en premier lieu aupr\u00e8s des magistrats et des jur\u00e9s. \u00a0<\/p><ol start=\"2\"><li><strong>La cour et les jur\u00e9s\u00a0: deux cibles principales <\/strong><\/li><\/ol><p>Afin de peser sur le verdict, il est n\u00e9cessaire de tenter d\u2019imposer aux diff\u00e9rents acteurs de la proc\u00e9dure judiciaire \u00ab\u00a0sa logique\u00a0\u00bb. Les deux fr\u00e8res mettent tout en \u0153uvre pour y parvenir. Les juges et les jur\u00e9s sont les deux piliers des proc\u00e8s d\u2019assises. Le juge tente de d\u00e9m\u00ealer le vrai du faux, les versions pr\u00e9sent\u00e9es sont souvent contradictoires. Les accus\u00e9s et les victimes ont des t\u00e9moins qui appuient leur version. Le juge doit proposer une peine en rapport avec l\u2019infraction commise. Au XIX<sup>e<\/sup> si\u00e8cle la d\u00e9cision finale ne lui appartient pas, le verdict rel\u00e8ve du jury.<\/p><p>Dominique sugg\u00e8re dans un courrier du 24 juillet \u00e0 son beau-fr\u00e8re qu\u2019il y a eu une intervention pour influencer la composition de la cour<a href=\"#_ftn15\" name=\"_ftnref15\">[15]<\/a>. Il \u00e9voque une \u00ab\u00a0bonne nouvelle\u00a0\u00bb<a href=\"#_ftn16\" name=\"_ftnref16\">[16]<\/a>, sans en pr\u00e9ciser le contenu. Il poursuit\u00a0: \u00ab\u00a0tu me dis de te faire connaitre comment les choses se sont pass\u00e9s et quels sont les conseillers qui ont vot\u00e9 pour et contre C\u2019est une chose trop difficile a t\u2019expliquer d\u2019une mani\u00e8re pr\u00e9cise car nous n\u2019avons devant nous que des peureux mais je te les expliquerai de la mani\u00e8re dont je suppose qu\u2019ils aient eu lieu [sic]\u00a0\u00bb. Le magistrat qui pr\u00e9side la cour, selon l\u2019auteur du courrier, \u00e0 l\u2019origine de la \u00ab\u00a0d\u00e9nonciation\u00a0(\u2026) dans le premier jour du tapage\u00a0\u00bb a \u00ab\u00a0chang\u00e9 d\u2019avis\u00a0\u00bb apr\u00e8s avoir discut\u00e9 avec le procureur g\u00e9n\u00e9ral. Dominique mentionne des changements au niveau de la composition de la cour et commente la liste des jur\u00e9s. Pour cette session 36 jur\u00e9s titulaires et quatre \u00ab\u00a0suppl\u00e9mentaires\u00a0\u00bb ont \u00e9t\u00e9 d\u00e9sign\u00e9s<a href=\"#_ftn17\" name=\"_ftnref17\">[17]<\/a>. Ils habitent dans toute la Corse. Les proches des accus\u00e9s ont un mois pour les contacter. Les contemporains insistent aussi sur le fait que les jur\u00e9s sont l\u2019objet de nombreuses sollicitations des parties en pr\u00e9sence\u00a0: \u00ab on voyait accourir \u00e0 Bastia une foule de gens endimanch\u00e9s et tout ce monde se mettait \u00e0 travailler la mati\u00e8re jugeante, assi\u00e9geant la demeure des jur\u00e9s, les suivant \u00e0 la trace<a href=\"#_ftn18\" name=\"_ftnref18\">[18]<\/a>\u00a0\u00bb, \u00ab\u00a0la ville de Bastia connaissait une vive effervescence et jusque dans les couloirs du Palais, parfois m\u00eame dans la Chambre du Conseil, les tenants de chaque partie venaient n\u00e9gocier l&rsquo;acquittement ou la condamnation de l&rsquo;accus\u00e9\u00a0\u00bb<a href=\"#_ftn19\" name=\"_ftnref19\">[19]<\/a>. La documentation nous d\u00e9montre qu\u2019il ne s\u2019agit pas du seul moyen utilis\u00e9 pour approcher les jur\u00e9s.<\/p><p>Dominique donne ses consignes : il faut intervenir aupr\u00e8s des jur\u00e9s \u00ab que l\u2019on conna\u00eet \u00bb, soit en leur parlant, soit en leur \u00e9crivant. Il charge un membre de sa belle-famille de cette mission et nomme deux personnes susceptibles de les aider : l\u2019ancien magistrat, pr\u00e9c\u00e9demment \u00e9voqu\u00e9, et un individu d\u2019origine continentale, install\u00e9 en Corse qui habite dans le voisinage des accus\u00e9s. Il conclut\u00a0: \u00ab\u00a0il faut travailler\u00a0\u00bb. Une liste imprim\u00e9e des jur\u00e9s annot\u00e9e est \u00e9galement pr\u00e9sente dans les documents.<\/p><p><img fetchpriority=\"high\" decoding=\"async\" class=\"alignnone wp-image-4303 size-large\" src=\"https:\/\/m3c.universita.corsica\/lumi\/wp-content\/uploads\/2025\/09\/letizia_01-1024x595.jpg\" alt=\"\" width=\"800\" height=\"465\" srcset=\"https:\/\/lumi.univ-corse.fr\/wp-content\/uploads\/2025\/09\/letizia_01-1024x595.jpg 1024w, https:\/\/lumi.univ-corse.fr\/wp-content\/uploads\/2025\/09\/letizia_01-300x174.jpg 300w, https:\/\/lumi.univ-corse.fr\/wp-content\/uploads\/2025\/09\/letizia_01-768x446.jpg 768w, https:\/\/lumi.univ-corse.fr\/wp-content\/uploads\/2025\/09\/letizia_01.jpg 1386w\" sizes=\"(max-width: 800px) 100vw, 800px\" \/><\/p><p><i><u>Figure 3 : extrait des\u00a0minutes du greffe de la Cour imp\u00e9riale de Bastia annot\u00e9.<\/u><\/i><\/p><p>La plupart des jur\u00e9s sont des notables<a href=\"#_ftn20\" name=\"_ftnref20\">[20]<\/a>, certains sont influents au niveau r\u00e9gional tels Xavier Marini de Calenzana ; Louis Campi d\u2019Ajaccio, un publiciste r\u00e9put\u00e9<a href=\"#_ftn21\" name=\"_ftnref21\">[21]<\/a>\u00a0; Antoine-Philippe Fabiani, avocat et publiciste, a \u00e9t\u00e9 conseiller g\u00e9n\u00e9ral<a href=\"#_ftn22\" name=\"_ftnref22\">[22]<\/a>\u00a0; Fabien Louis Cuneo d\u2019Ornano<a href=\"#_ftn23\" name=\"_ftnref23\">[23]<\/a>\u00a0; l\u2019ancien directeur de p\u00e9nitencier d\u2019Ajaccio R\u00e9gulus Carlotti<a href=\"#_ftn24\" name=\"_ftnref24\">[24]<\/a>\u00a0ou le biblioth\u00e9caire Philippe de Caraffa. Il semblerait que la quasi-totalit\u00e9 des jur\u00e9s aient \u00e9t\u00e9 approch\u00e9s<a href=\"#_ftn25\" name=\"_ftnref25\">[25]<\/a>. Certains sont contact\u00e9s sur le lieu de r\u00e9sidence (les jur\u00e9s du Sartenais, dans le Sud de la Corse), d\u2019autres \u00e0 Bastia (Lantieri<a href=\"#_ftn26\" name=\"_ftnref26\">[26]<\/a>, Cacciaguerra, Guidoni, Luciani ou Cuneo d\u2019Ornano).<\/p><p>L\u2019avocat et l\u2019ancien juge se r\u00e9partissent les r\u00f4les. Le premier \u00e9crit \u00e0 l\u2019Ajaccien Fabien Louis Cuneo d\u2019Ornano ou au Bastiais Philippe de Caraffa. Le second \u00e9crit au moins \u00e0 quatre personnes\u00a0: Antoine-Andr\u00e9 Cacciaguerra (de Volpajola, dans le centre), Alexis Guidoni (de Calenzana en Balagne), Luc-Antoine Luciani (du Niolo, dans le centre) et Joseph-Louis Pietri (de Stazzona au Nord-Est).<\/p><p>\u00a0<img decoding=\"async\" class=\"alignnone size-medium wp-image-4308\" src=\"https:\/\/m3c.universita.corsica\/lumi\/wp-content\/uploads\/2025\/09\/letizia_02-300x253.jpg\" alt=\"\" width=\"300\" height=\"253\" srcset=\"https:\/\/lumi.univ-corse.fr\/wp-content\/uploads\/2025\/09\/letizia_02-300x253.jpg 300w, https:\/\/lumi.univ-corse.fr\/wp-content\/uploads\/2025\/09\/letizia_02.jpg 575w\" sizes=\"(max-width: 300px) 100vw, 300px\" \/><\/p><p><em><span style=\"text-decoration: underline;\">Figure 4 : lettre du juge retrait\u00e9.<\/span><\/em><\/p><p>Dans le Sartenais, deux individus servent de relais. Un notable membre \u00e9minent du parti r\u00e9publicain dans les ann\u00e9es 1870, exp\u00e9die deux courriers, dont un \u00e0 un de ses cousins. Il \u00e9crit que cette\u00a0intervention a \u00e9t\u00e9 sugg\u00e9r\u00e9e par une tierce personne, un m\u00e9decin qui lui a \u00ab\u00a0appris\u00a0\u00bb qu\u2019il \u00e9tait jur\u00e9. Un des relais qui habite \u00e0\u00a0Sart\u00e8ne s\u2019occupe de Jean-Baptiste Emilj<a href=\"#_ftn27\" name=\"_ftnref27\">[27]<\/a>, de Pierre-Paul Rocca Serra<a href=\"#_ftn28\" name=\"_ftnref28\">[28]<\/a>, de Napol\u00e9on Ettori<a href=\"#_ftn29\" name=\"_ftnref29\">[29]<\/a> et de Marc-Aur\u00e8le Peretti de Levie. Un propri\u00e9taire d\u2019Ajaccio a \u00e9t\u00e9 missionn\u00e9 pour obtenir l\u2019appui de ce dernier, de Durazzo de Fozzano et des deux Fiamma de Zicavo.<\/p><p><img decoding=\"async\" class=\"alignnone size-full wp-image-4307\" src=\"https:\/\/m3c.universita.corsica\/lumi\/wp-content\/uploads\/2025\/09\/letizia_03.jpg\" alt=\"\" width=\"500\" height=\"552\" srcset=\"https:\/\/lumi.univ-corse.fr\/wp-content\/uploads\/2025\/09\/letizia_03.jpg 500w, https:\/\/lumi.univ-corse.fr\/wp-content\/uploads\/2025\/09\/letizia_03-272x300.jpg 272w\" sizes=\"(max-width: 500px) 100vw, 500px\" \/><\/p><p><i><u>Figure 4\u00a0: courrier d\u2019un des protagonistes.<\/u><\/i><\/p><p>Il est rarement directement demand\u00e9 d\u2019intervenir aupr\u00e8s des autres membres du jury\u00a0: un militaire qui se fait le relais des proches des accus\u00e9s\u00a0invite Lantieri \u00e0 \u00ab interc\u00e9der aupr\u00e8s de [ses] coll\u00e8gues \u00bb et le notable sartenais \u00e9crit \u00e0 son cousin \u00ab\u00a0je vous prie d\u2019agir aupr\u00e8s de vos amis jur\u00e9s pour faire triompher son innocence\u00a0\u00bb. Les individus contact\u00e9s sont des \u00ab\u00a0ami(s)\u00a0\u00bb, des parents ou des relations. Les formulations classiques sont utilis\u00e9es<a href=\"#_ftn30\" name=\"_ftnref30\">[30]<\/a>. La plupart des exp\u00e9diteurs utilisent la formule \u00ab\u00a0recommander\u00a0\u00bb, \u00ab\u00a0tr\u00e8s vivement\u00a0\u00bb ou \u00ab\u00a0chaudement\u00a0\u00bb. Dans un de ses courriers, l\u2019ancien magistrat compl\u00e8te son propos en \u00e9crivant \u00ab\u00a0ils sont dignes de tout votre int\u00e9r\u00eat\u00a0\u00bb, formule similaire \u00e0 celle utilis\u00e9e dans un autre courrier\u00a0: \u00ab\u00a0Je recommande \u00e0 tout votre int\u00e9r\u00eat l\u2019accus\u00e9 \u00bb. Enfin, le militaire pr\u00e9c\u00e9demment \u00e9voqu\u00e9 \u00ab\u00a0prie\u00a0\u00bb Lantieri d\u2019\u00eatre \u00ab\u00a0favorable\u00a0\u00bb \u00e0 Dominique.<\/p><p>Afin d\u2019essayer de les convaincre, les r\u00e9dacteurs des courriers s\u2019attachent \u00e0 mettre en avant l\u2019injustice dont seraient victimes les deux fr\u00e8res et plus particuli\u00e8rement Dominique\u00a0qui est pr\u00e9sent\u00e9 comme \u00ab\u00a0une victime innocente \u00bb selon l\u2019\u00ab\u00a0expression g\u00e9n\u00e9rale\u00a0\u00bb. Pour son fr\u00e8re Pierre, les r\u00e9dacteurs des courriers mettent plut\u00f4t l\u2019accent sur les circonstances att\u00e9nuantes. Certains \u00e9crits sont plus incisifs : \u00ab\u00a0[il] n\u2019a pas frapp\u00e9 et il a \u00e9t\u00e9 frapp\u00e9\u00a0! Cependant on le traite de criminel\u00a0! Vous verrez combien cette affaire est odieuse pour le parquet et le juge d\u2019instruction \u00bb, Dominique a \u00e9t\u00e9 \u00ab\u00a0m\u00e9chamment\u00a0\u00bb mis en cause. D\u2019ailleurs, \u00ab\u00a0Il sera certainement acquitt\u00e9, car il n\u2019a rien \u00e0 se reprocher\u00a0\u00bb. Le but de ces interventions est, comme le mentionne le militaire, \u00ab\u00a0que justice lui soit rendue\u00a0\u00bb. Aucun des courriers n\u2019\u00e9voque les d\u00e9tails de l\u2019affaire. Ils pourront l\u2019\u00eatre \u00ab\u00a0oralement\u00a0\u00bb, lors de la remise des plis \u00e0 Bastia.<\/p><p>Dans quelques courriers les auteurs insistent sur les qualit\u00e9s et le statut de la personne contact\u00e9e\u00a0: \u00ab\u00a0[votre] amabilit\u00e9 m\u2019est parfaitement connue et j\u2019ose esp\u00e9rer qu\u2019elle ne faira [sic] pas d\u00e9faut\u00a0\u00bb. Certains mettent en avant la solidarit\u00e9 familiale et la r\u00e9ciprocit\u00e9 des services rendus. Ainsi, l\u2019ancien magistrat \u00e9crit\u00a0: qu\u2019il porte \u00ab\u00a0le plus grand int\u00e9r\u00eat\u00a0\u00bb aux deux fr\u00e8res. Le relais de Sart\u00e8ne finit son courrier\u00a0: \u00ab\u00a0Ai-je besoin de vous dire que toutes les fois qu\u2019il faudra un verre de sang pour un membre [cette famille] vous me trouverez toujours pr\u00eat\u00a0! Je suis loin d\u2019avoir oubli\u00e9 tous les bienfaits dont j\u2019ai \u00e9t\u00e9 combl\u00e9 par votre famille\u00a0\u00bb.<\/p><p>Des formulations, utilis\u00e9es dans d\u2019autres circonstances, t\u00e9moignent plus ou moins explicitement de la volont\u00e9 de rallier des appuis du \u00ab\u00a0parti\u00a0\u00bb. Au xix<sup>e<\/sup> si\u00e8cle, les membres du <em>cuntrapartitu<\/em><a href=\"#_ftn31\" name=\"_ftnref31\">[31]<\/a> sont d\u00e9sign\u00e9s par le terme \u00ab\u00a0adversaire\u00a0\u00bb ou \u00ab\u00a0ennemi\u00a0\u00bb et selon certains courriers Dominique serait la \u00ab\u00a0victime\u00a0\u00bb de leurs \u00ab\u00a0intrigues\u00a0\u00bb. Une des personnes contact\u00e9es ne pourra pas convaincre un des jur\u00e9s car il est son \u00ab\u00a0ennemi politique\u00a0et une recommandation ne serait pas utile\u00a0\u00bb. La formulation du relais de Sart\u00e8ne, qui esp\u00e8re pouvoir l\u2019\u00ab\u00a0int\u00e9resser\u00a0\u00bb, semble traduire poliment la m\u00eame conviction.<\/p><p>Nous ne connaissons pas le nom des jur\u00e9s qui participent au proc\u00e8s, certains sont r\u00e9cus\u00e9s, d\u2019autres malades.<\/p><p>Outre, les magistrats et les jur\u00e9s il est n\u00e9cessaire de s\u2019assurer du contenu des t\u00e9moignages. Des notables \u00e9minents semblent aussi contact\u00e9s.<\/p><ol start=\"3\"><li><strong>Les t\u00e9moins et la notabilit\u00e9\u00a0: deux \u00ab\u00a0objectifs\u00a0\u00bb secondaires\u00a0? <\/strong><\/li><\/ol><p>Outre les membres de la cour, les accus\u00e9s et leurs proches essaient \u00e9galement d\u2019influencer les t\u00e9moins et des membres de la notabilit\u00e9.<\/p><p>Dans une lettre du 11 ao\u00fbt Dominique qualifie les t\u00e9moignages \u00ab\u00a0d\u2019affreux\u00a0\u00bb. Il les commente, met en exergue les contradictions qui pourront \u00eatre utiles aux avocats et il en corrige certains aspects. Ainsi, il n\u2019a pas dit \u00ab\u00a0pedevecchio\u00a0\u00bb mais \u00ab\u00a0respect\u00a0\u00bb. M\u00eame la victime ne confirme pas cette insulte, pourtant le t\u00e9moin maintient cette version. Il lui para\u00eet n\u00e9cessaire de prendre attache avec les t\u00e9moins avec trois objectifs\u00a0: faire \u00e9voluer favorablement les d\u00e9positions, d\u00e9m\u00ealer les liens de parent\u00e9 ou encore recueillir des \u00e9l\u00e9ments qui pourraient nuire \u00e0 leur cr\u00e9dibilit\u00e9. Selon un des protagonistes, il est n\u00e9cessaire d\u2019identifier ses \u00ab\u00a0amis\u00a0\u00bb et ses \u00ab\u00a0ennemis\u00a0\u00bb.<\/p><p>Il faut v\u00e9rifier si les t\u00e9moins \u00ab\u00a0ont \u00e9t\u00e9 pouss\u00e9s \u00e0 dire ce qu\u2019ils ont dit\u00a0\u00bb et le cas \u00e9ch\u00e9ant modifier certaines versions. Les soutiens des individus poursuivis font appel \u00e0 des tiers. L\u2019un d\u2019entre eux a sond\u00e9 Fran\u00e7oise qui devrait \u00eatre d\u00e9sign\u00e9e comme t\u00e9moin. Elle a dit qu\u2019elle n\u2019avait pas vu Dominique fouiller dans ses poches, ni de couteau ou de stylet. Elle semble avoir peur et dit \u00eatre menac\u00e9e par l\u2019huissier. Pour l\u2019intimider, il lui a dit qu\u2019il avertirait le procureur imp\u00e9rial si elle ne se pr\u00e9sente pas \u00e0 l\u2019audience. De plus, la partie adverse a fait venir un docteur pour v\u00e9rifier si elle est malade comme elle le pr\u00e9tend, tandis qu\u2019un autre m\u00e9decin a refus\u00e9 de lui faire un certificat. Le proche des accus\u00e9s la rassure\u00a0: si elle d\u00e9pose de cette mani\u00e8re elle n\u2019a rien \u00e0 craindre. Un des t\u00e9moins persiste \u00e0 maintenir sa version, il faut lui parler car s\u2019il persiste Dominique sera traduit en correctionnelle pour port d\u2019arme alors qu\u2019il \u00ab\u00a0est innocent\u00a0\u00bb. L\u2019id\u00e9al serait que les t\u00e9moins disent qu\u2019ils ont entendu Dominique mais qu\u2019ils n\u2019ont pas compris ce qu\u2019il disait, que les deux hommes avaient un b\u00e2ton \u00e0 la main mais qu\u2019ils ne se rappellent plus qui a frapp\u00e9 le premier. Il est n\u00e9cessaire de conna\u00eetre les liens de parent\u00e9 entre les diff\u00e9rents protagonistes. Dominique demande \u00e0 son beau-fr\u00e8re de se renseigner sur des liens de parent\u00e9 entre certains t\u00e9moins et la victime ou de collecter des informations sur la moralit\u00e9 de certains d\u2019entre eux. Un des t\u00e9moins passe son temps avec le fils de la victime qui lui procure ce dont il a besoin. Toutes les personnes approch\u00e9es ne sont pas coop\u00e9ratives.<\/p><p>Des notables qui n\u2019ont pas de lien direct avec les jur\u00e9s ou l\u2019affaire semblent avoir \u00e9t\u00e9 contact\u00e9es. La documentation renferme une liste d\u2019une trentaine d\u2019individus, dont une majorit\u00e9 de Bastiais, annot\u00e9e<a href=\"#_ftn32\" name=\"_ftnref32\">[32]<\/a>. Elle semble li\u00e9e \u00e0 l\u2019affaire car plusieurs noms de jur\u00e9s y figurent. Il n\u2019a pas \u00e9t\u00e9 possible d\u2019en \u00e9tablir l\u2019auteur. Avec quel objectif a-t-elle \u00e9t\u00e9 dress\u00e9e\u00a0? D\u00e9marcher des notables pour qu\u2019ils interviennent aupr\u00e8s de la cour et\/ou des jur\u00e9s ? Une part importante des personnes r\u00e9pertori\u00e9es est titulaire de la L\u00e9gion d\u2019honneur. Il s\u2019agit d\u2019une marque d\u2019honorabilit\u00e9 qui renforce l\u2019autorit\u00e9 et le prestige. Cette d\u00e9coration permet de s\u2019int\u00e9grer \u00e0 un r\u00e9seau dense et puissant, dont les liens de solidarit\u00e9 viennent renforcer ceux qui existent au sein de la notabilit\u00e9. Parmi eux sept militaires sont cit\u00e9s. Quatre jur\u00e9s sont d\u2019anciens militaires. Deux semblent \u00eatre titulaires de la L\u00e9gion d\u2019honneur\u00a0: Alexis Guidoni l\u2019a obtenue en 1857, Ours-Fran\u00e7ois Albertini en 1853<a href=\"#_ftn33\" name=\"_ftnref33\">[33]<\/a>. Sept ont des liens avec le monde judiciaire\u00a0: Fran\u00e7ois-Louis Massei, Dominique Milanta, Ignace Bonelli, aussi impliqu\u00e9 en politique<a href=\"#_ftn34\" name=\"_ftnref34\">[34]<\/a>, Jean-Andr\u00e9 Lazarotti et Louis Nicolini sont avocats ou avou\u00e9s, le p\u00e8re de Jean-Baptiste Galeazzini et de Jean Camille Castelli, originaire de Corte, \u00e9taient conseillers la cour imp\u00e9riale, le p\u00e8re de Dominique Pellegrini \u00e9tait avou\u00e9. Les autres sont propri\u00e9taires, rentiers, financiers ou m\u00e9decins. Certains appartiennent \u00e0 la haute notabilit\u00e9\u00a0: le banquier Joseph S\u00e9bastien Gregory, Jean Gaudin<a href=\"#_ftn35\" name=\"_ftnref35\">[35]<\/a> ou Fran\u00e7ois Lota<a href=\"#_ftn36\" name=\"_ftnref36\">[36]<\/a>.<\/p><p>Il est impossible de savoir si les interventions ont pes\u00e9 sur le verdict. Dominique, dont la belle-famille a jou\u00e9 un r\u00f4le central, est acquitt\u00e9. Cependant, Pierre est condamn\u00e9 \u00e0 deux ans de prison et 400 francs de dommages et int\u00e9r\u00eats. De plus, lors de la session des peines moins importantes ou similaires ont \u00e9t\u00e9 prononc\u00e9es pour des faits qui paraissent \u00e9quivalents<a href=\"#_ftn37\" name=\"_ftnref37\">[37]<\/a>. Trois individus jug\u00e9s pour des tentatives de meurtre sont acquitt\u00e9s, ces d\u00e9cisions ne sont pas \u00e0 relier avec le statut social<a href=\"#_ftn38\" name=\"_ftnref38\">[38]<\/a>. Les condamnations sont la cons\u00e9quence d\u2019une multitude de facteurs objectifs et subjectifs. Il ne faut pas n\u00e9gliger la personnalit\u00e9 des accus\u00e9s, leur parcours, l\u2019importance des d\u00e9bats<a href=\"#_ftn39\" name=\"_ftnref39\">[39]<\/a>, le r\u00f4le des avocats, l\u2019impact ou la perception de l\u2019affaire au niveau r\u00e9gional. Lors de cette session, les jur\u00e9s ont aussi fait preuve de s\u00e9v\u00e9rit\u00e9. Des peines de travaux forc\u00e9s sont prononc\u00e9es\u00a0: Paul<a href=\"#_ftn40\" name=\"_ftnref40\">[40]<\/a> et Guy \u00e9copent de 20 ans pour meurtre, Philippe est condamn\u00e9 \u00e0 perp\u00e9tuit\u00e9 pour assassinat suivi de vol<a href=\"#_ftn41\" name=\"_ftnref41\">[41]<\/a>.<\/p><p>Bien qu\u2019attest\u00e9es, il ne faut pas surestimer l\u2019impact des interventions car il est difficile de savoir si, en d\u00e9finitive, elles influencent r\u00e9ellement le cours de la justice.<\/p>\t\t\t\t\t\t\t\t<\/div>\n\t\t\t\t<\/div>\n\t\t\t\t<\/div>\n\t\t<div data-particle_enable=\"false\" data-particle-mobile-disabled=\"false\" class=\"elementor-element elementor-element-41b058a elementor-hidden-mobile e-con-full elementor-hidden-tablet e-flex e-con e-child\" data-id=\"41b058a\" data-element_type=\"container\" data-e-type=\"container\">\n\t\t<div data-particle_enable=\"false\" data-particle-mobile-disabled=\"false\" class=\"elementor-element elementor-element-4de91fc e-con-full e-flex e-con e-child\" data-id=\"4de91fc\" data-element_type=\"container\" data-e-type=\"container\">\n\t\t\t\t<div class=\"elementor-element elementor-element-3b41159 eael-tooltip-align-left eael-tooltip-text-align-left elementor-widget elementor-widget-eael-tooltip\" data-id=\"3b41159\" data-element_type=\"widget\" data-e-type=\"widget\" data-widget_type=\"eael-tooltip.default\">\n\t\t\t\t<div class=\"elementor-widget-container\">\n\t\t\t\t\t\t<div class=\"eael-tooltip\">\n\t\t\t\t\t<p class=\"eael-tooltip-content\" tabindex=\"0\" aria-describedby=\"tooltip-text-3b41159\"><div><div>[1]Laetizia Castellani, \u00ab L\u2019ethnotype \u00e0 travers les rapports des balanins \u00e0 la justice (XIXe \u2013 d\u00e9but XXe) \u00bb...<\/div><\/div><\/p>\n  \t\t\t<span id=\"tooltip-text-3b41159\" class=\"eael-tooltip-text eael-tooltip-bottom\" role=\"tooltip\"><p>Laetizia Castellani, \u00ab L\u2019ethnotype \u00e0 travers les rapports des balanins \u00e0 la justice (XIXe \u2013 d\u00e9but XXe) \u00bb, <em>Des images qui nous collent \u00e0 la peau\u2026 Les ethnotypes hier et aujourd\u2019hui<\/em>, UMR LISA-Alain Piazzola, 2020, p. 107-123.<\/p><\/span>\n  \t\t\t<\/div>\n\t\t\t\t\t<\/div>\n\t\t\t\t<\/div>\n\t\t\t\t<div class=\"elementor-element elementor-element-a84f957 eael-tooltip-align-left eael-tooltip-text-align-left elementor-widget elementor-widget-eael-tooltip\" data-id=\"a84f957\" data-element_type=\"widget\" data-e-type=\"widget\" data-widget_type=\"eael-tooltip.default\">\n\t\t\t\t<div class=\"elementor-widget-container\">\n\t\t\t\t\t\t<div class=\"eael-tooltip\">\n\t\t\t\t\t<p class=\"eael-tooltip-content\" tabindex=\"0\" aria-describedby=\"tooltip-text-a84f957\"><p>[2] Les pr\u00e9noms des diff\u00e9rents protagonistes ont \u00e9t\u00e9 modifi\u00e9s...<\/p><\/p>\n  \t\t\t<span id=\"tooltip-text-a84f957\" class=\"eael-tooltip-text eael-tooltip-bottom\" role=\"tooltip\"><p>[2] Les pr\u00e9noms des diff\u00e9rents protagonistes ont \u00e9t\u00e9 modifi\u00e9s pour garantir leur anonymat.\u00a0<\/p><\/span>\n  \t\t\t<\/div>\n\t\t\t\t\t<\/div>\n\t\t\t\t<\/div>\n\t\t\t\t<div class=\"elementor-element elementor-element-76015ba eael-tooltip-align-left eael-tooltip-text-align-left elementor-widget elementor-widget-eael-tooltip\" data-id=\"76015ba\" data-element_type=\"widget\" data-e-type=\"widget\" data-widget_type=\"eael-tooltip.default\">\n\t\t\t\t<div class=\"elementor-widget-container\">\n\t\t\t\t\t\t<div class=\"eael-tooltip\">\n\t\t\t\t\t<p class=\"eael-tooltip-content\" tabindex=\"0\" aria-describedby=\"tooltip-text-76015ba\"><p>[3] Le nom de la commune est modifi\u00e9\/n\u2019est pas pr\u00e9cis\u00e9 pour les m\u00eames raisons.<\/p><\/p>\n  \t\t\t<span id=\"tooltip-text-76015ba\" class=\"eael-tooltip-text eael-tooltip-bottom\" role=\"tooltip\"><p>[3] Le nom de la commune est modifi\u00e9\/n\u2019est pas pr\u00e9cis\u00e9 pour les m\u00eames raisons.<\/p><\/span>\n  \t\t\t<\/div>\n\t\t\t\t\t<\/div>\n\t\t\t\t<\/div>\n\t\t\t\t<div class=\"elementor-element elementor-element-f6f2869 eael-tooltip-align-left eael-tooltip-text-align-left elementor-widget elementor-widget-eael-tooltip\" data-id=\"f6f2869\" data-element_type=\"widget\" data-e-type=\"widget\" data-widget_type=\"eael-tooltip.default\">\n\t\t\t\t<div class=\"elementor-widget-container\">\n\t\t\t\t\t\t<div class=\"eael-tooltip\">\n\t\t\t\t\t<p class=\"eael-tooltip-content\" tabindex=\"0\" aria-describedby=\"tooltip-text-f6f2869\"><p>[4] Il est compos\u00e9 d\u2019une dizaine de lettres concernant les interventions aupr\u00e8s des jur\u00e9s, de six courriers \u00e9chang\u00e9s entre Dominique et ses proches concernant l\u2019affaire dans son...<\/p><\/p>\n  \t\t\t<span id=\"tooltip-text-f6f2869\" class=\"eael-tooltip-text eael-tooltip-bottom\" role=\"tooltip\"><p>[4] Il est compos\u00e9 d\u2019une dizaine de lettres concernant les interventions aupr\u00e8s des jur\u00e9s, de six courriers \u00e9chang\u00e9s entre Dominique et ses proches concernant l\u2019affaire dans son ensemble, un extrait des minutes du greffe qui liste les jur\u00e9s, une liste de notables, un bon de visite \u00e0 la prison. Les archives judiciaires n\u2019ont pas apport\u00e9 d\u2019\u00e9l\u00e9ments probants, il en est de m\u00eame pour la presse. Par exemple, il n\u2019y a pas de compte-rendu de cette session dans le <em>Journal de la Corse<\/em>, Gallica, en ligne. Un seul article a \u00e9t\u00e9 trouv\u00e9 \u00e0 la Biblioth\u00e8que municipale de Bastia.<\/p><\/span>\n  \t\t\t<\/div>\n\t\t\t\t\t<\/div>\n\t\t\t\t<\/div>\n\t\t\t\t<div class=\"elementor-element elementor-element-2cb6df4 eael-tooltip-align-left eael-tooltip-text-align-left elementor-widget elementor-widget-eael-tooltip\" data-id=\"2cb6df4\" data-element_type=\"widget\" data-e-type=\"widget\" data-widget_type=\"eael-tooltip.default\">\n\t\t\t\t<div class=\"elementor-widget-container\">\n\t\t\t\t\t\t<div class=\"eael-tooltip\">\n\t\t\t\t\t<p class=\"eael-tooltip-content\" tabindex=\"0\" aria-describedby=\"tooltip-text-2cb6df4\"><p>[5] <a href=\"https:\/\/www.cairn.info\/publications-de-Jean-Paul-Pellegrinetti--76984.htm\">Jean-Paul Pellegrinetti<\/a>, \u00ab\u00a0Notables et r\u00e9seaux politiques en Corse, xix<sup>e\u00a0<\/sup>-\u00a0xx<sup>e<\/sup> si\u00e8cle. L\u2019exemple d\u2019Emmanuel Ar\u00e8ne (1856-1908) \u00bb,...<\/p><\/p>\n  \t\t\t<span id=\"tooltip-text-2cb6df4\" class=\"eael-tooltip-text eael-tooltip-bottom\" role=\"tooltip\"><p>[5] <a href=\"https:\/\/www.cairn.info\/publications-de-Jean-Paul-Pellegrinetti--76984.htm\">Jean-Paul Pellegrinetti<\/a>, \u00ab\u00a0Notables et r\u00e9seaux politiques en Corse, xix<sup>e\u00a0<\/sup>-\u00a0xx<sup>e<\/sup>\u00a0si\u00e8cle. L\u2019exemple d\u2019Emmanuel Ar\u00e8ne (1856-1908)\u00a0\u00bb, <a href=\"https:\/\/www.cairn.info\/revue-histoire-politique.htm\"><em>Histoire@Politique<\/em><\/a>, <a href=\"https:\/\/www.cairn.info\/revue-histoire-politique-2015-1.htm\">2015\/1, n\u00b025<\/a>, p. 24-40.<\/p><\/span>\n  \t\t\t<\/div>\n\t\t\t\t\t<\/div>\n\t\t\t\t<\/div>\n\t\t\t\t<div class=\"elementor-element elementor-element-cb5c303 eael-tooltip-align-left eael-tooltip-text-align-left elementor-widget elementor-widget-eael-tooltip\" data-id=\"cb5c303\" data-element_type=\"widget\" data-e-type=\"widget\" data-widget_type=\"eael-tooltip.default\">\n\t\t\t\t<div class=\"elementor-widget-container\">\n\t\t\t\t\t\t<div class=\"eael-tooltip\">\n\t\t\t\t\t<p class=\"eael-tooltip-content\" tabindex=\"0\" aria-describedby=\"tooltip-text-cb5c303\"><p>[6] Son pr\u00e9nom n\u2019est jamais mentionn\u00e9 dans...<\/p><\/p>\n  \t\t\t<span id=\"tooltip-text-cb5c303\" class=\"eael-tooltip-text eael-tooltip-bottom\" role=\"tooltip\"><p>[6] Son pr\u00e9nom n\u2019est jamais mentionn\u00e9 dans la documentation.<\/p><\/span>\n  \t\t\t<\/div>\n\t\t\t\t\t<\/div>\n\t\t\t\t<\/div>\n\t\t\t\t<div class=\"elementor-element elementor-element-817bcc2 eael-tooltip-align-left eael-tooltip-text-align-left elementor-widget elementor-widget-eael-tooltip\" data-id=\"817bcc2\" data-element_type=\"widget\" data-e-type=\"widget\" data-widget_type=\"eael-tooltip.default\">\n\t\t\t\t<div class=\"elementor-widget-container\">\n\t\t\t\t\t\t<div class=\"eael-tooltip\">\n\t\t\t\t\t<p class=\"eael-tooltip-content\" tabindex=\"0\" aria-describedby=\"tooltip-text-817bcc2\"><p>[7] Cette institution n\u2019a \u00e9t\u00e9 r\u00e9tablie qu\u2019en 1831. Louis XVIII avait institu\u00e9 une Cour sp\u00e9ciale...<\/p><\/p>\n  \t\t\t<span id=\"tooltip-text-817bcc2\" class=\"eael-tooltip-text eael-tooltip-bottom\" role=\"tooltip\"><p>[7]\u00a0Cette institution n\u2019a \u00e9t\u00e9 r\u00e9tablie qu\u2019en 1831. Louis XVIII avait institu\u00e9 une Cour sp\u00e9ciale compos\u00e9e de six juges. Selon le gouvernement le poids des relations familiales, communautaires et de client\u00e8les engendreraient des dysfonctionnements, d\u2019autant plus que les Corses \u00e9taient r\u00e9fractaires \u00e0 l\u2019autorit\u00e9 et rejetaient la justice institutionnelle. Francis Pomponi, \u00ab Les rois passent \u00bb, <em>M\u00e9morial des Corses<\/em>, 1981, p. 79-82. Entre 1792 et 1801, le jury ne s\u2019est prononc\u00e9 que pour une dizaine de condamnations, alors que pour l\u2019ann\u00e9e 1820, la Cour a condamn\u00e9 une centaine de coupables dont 75 \u00e0 la peine capitale. Ces chiffres ont vocation \u00e0 frapper l\u2019opinion. Seuls deux conseillers g\u00e9n\u00e9raux s\u2019offusquent d\u2019une mesure discriminatoire. En Corse et sur le continent, plusieurs membres de la magistrature et du milieu de la justice militent pour la restauration du jury dont Patroni, Pompei, Vidau ou Sebastiani.<\/p><\/span>\n  \t\t\t<\/div>\n\t\t\t\t\t<\/div>\n\t\t\t\t<\/div>\n\t\t\t\t<div class=\"elementor-element elementor-element-75c54d4 eael-tooltip-align-left eael-tooltip-text-align-left elementor-widget elementor-widget-eael-tooltip\" data-id=\"75c54d4\" data-element_type=\"widget\" data-e-type=\"widget\" data-widget_type=\"eael-tooltip.default\">\n\t\t\t\t<div class=\"elementor-widget-container\">\n\t\t\t\t\t\t<div class=\"eael-tooltip\">\n\t\t\t\t\t<p class=\"eael-tooltip-content\" tabindex=\"0\" aria-describedby=\"tooltip-text-75c54d4\"><p>[8]Antoine-Claude-Pasquin Valery, <em>Voyage en Corse, \u00e0 l\u2019\u00eele d\u2019Elbe et en Sardaigne<\/em>, Bruxelles : Soci\u00e9t\u00e9 belge de librairie, 1838, T1, p. 21.<\/p><\/p>\n  \t\t\t<span id=\"tooltip-text-75c54d4\" class=\"eael-tooltip-text eael-tooltip-bottom\" role=\"tooltip\"><p>[8] Antoine-Claude-Pasquin Valery, <em>Voyage en Corse, \u00e0 l\u2019\u00eele d\u2019Elbe et en Sardaigne<\/em>, Bruxelles : Soci\u00e9t\u00e9 belge de librairie, 1838, T1, p. 21.<\/p><\/span>\n  \t\t\t<\/div>\n\t\t\t\t\t<\/div>\n\t\t\t\t<\/div>\n\t\t\t\t<div class=\"elementor-element elementor-element-9202482 eael-tooltip-align-left eael-tooltip-text-align-left elementor-widget elementor-widget-eael-tooltip\" data-id=\"9202482\" data-element_type=\"widget\" data-e-type=\"widget\" data-widget_type=\"eael-tooltip.default\">\n\t\t\t\t<div class=\"elementor-widget-container\">\n\t\t\t\t\t\t<div class=\"eael-tooltip\">\n\t\t\t\t\t<p class=\"eael-tooltip-content\" tabindex=\"0\" aria-describedby=\"tooltip-text-9202482\"><p>[9] M. Sorbier, Dix ans de magistrature en Corse, Imp. Pasquier, rue Saint-Antoine, 11, cit\u00e9 par Charles Susini, <em>La Corse et les Corses...<\/em><\/p><\/p>\n  \t\t\t<span id=\"tooltip-text-9202482\" class=\"eael-tooltip-text eael-tooltip-bottom\" role=\"tooltip\"><p>[9] M. Sorbier, Dix ans de magistrature en Corse, Imp. Pasquier, rue Saint-Antoine, 11, cit\u00e9 par Charles Susini, <em>La Corse et les Corses : opinions et documents<\/em>, Paris, Garnier fr\u00e8res, 1906, p. 302.<\/p><\/span>\n  \t\t\t<\/div>\n\t\t\t\t\t<\/div>\n\t\t\t\t<\/div>\n\t\t\t\t<div class=\"elementor-element elementor-element-6976f38 eael-tooltip-align-left eael-tooltip-text-align-left elementor-widget elementor-widget-eael-tooltip\" data-id=\"6976f38\" data-element_type=\"widget\" data-e-type=\"widget\" data-widget_type=\"eael-tooltip.default\">\n\t\t\t\t<div class=\"elementor-widget-container\">\n\t\t\t\t\t\t<div class=\"eael-tooltip\">\n\t\t\t\t\t<p class=\"eael-tooltip-content\" tabindex=\"0\" aria-describedby=\"tooltip-text-6976f38\"><p>[10] M. Sorbier, <em>ibidem<\/em>.<\/p><\/p>\n  \t\t\t<span id=\"tooltip-text-6976f38\" class=\"eael-tooltip-text eael-tooltip-bottom\" role=\"tooltip\"><p>[10] M. Sorbier, <em>ibidem<\/em>.<\/p><\/span>\n  \t\t\t<\/div>\n\t\t\t\t\t<\/div>\n\t\t\t\t<\/div>\n\t\t\t\t<div class=\"elementor-element elementor-element-f74bf5d eael-tooltip-align-left eael-tooltip-text-align-left elementor-widget elementor-widget-eael-tooltip\" data-id=\"f74bf5d\" data-element_type=\"widget\" data-e-type=\"widget\" data-widget_type=\"eael-tooltip.default\">\n\t\t\t\t<div class=\"elementor-widget-container\">\n\t\t\t\t\t\t<div class=\"eael-tooltip\">\n\t\t\t\t\t<p class=\"eael-tooltip-content\" tabindex=\"0\" aria-describedby=\"tooltip-text-f74bf5d\"><p>[11] Elisabeth Claverie, \u00ab De la difficult\u00e9 de faire un citoyen : les \u00ab acquittements scandaleux...<\/p><\/p>\n  \t\t\t<span id=\"tooltip-text-f74bf5d\" class=\"eael-tooltip-text eael-tooltip-bottom\" role=\"tooltip\"><p>[11] Elisabeth Claverie, \u00ab De la difficult\u00e9 de faire un citoyen : les \u00ab acquittements scandaleux \u00bb du jury dans la France provinciale du d\u00e9but du XIXe si\u00e8cle, <em>\u00c9tudes rurales<\/em>, n\u00b095-96, 1984, p. 146, cet article peut \u00eatre utilement compl\u00e9t\u00e9 par Yves Pourcher, \u00ab\u00a0Des \u201cassises de gr\u00e2ce ?\u201d Le jury de la cour d'assises de la Loz\u00e8re au XIXe si\u00e8cle\u00a0\u00bb, <em>\u00c9tudes rurales<\/em>, n\u00b095-96, 1984, p. 167-180.<\/p><\/span>\n  \t\t\t<\/div>\n\t\t\t\t\t<\/div>\n\t\t\t\t<\/div>\n\t\t\t\t<div class=\"elementor-element elementor-element-41a03d2 eael-tooltip-align-left eael-tooltip-text-align-left elementor-widget elementor-widget-eael-tooltip\" data-id=\"41a03d2\" data-element_type=\"widget\" data-e-type=\"widget\" data-widget_type=\"eael-tooltip.default\">\n\t\t\t\t<div class=\"elementor-widget-container\">\n\t\t\t\t\t\t<div class=\"eael-tooltip\">\n\t\t\t\t\t<p class=\"eael-tooltip-content\" tabindex=\"0\" aria-describedby=\"tooltip-text-41a03d2\"><p>[12] Caroline Parsi, \u00ab Le crime d'honneur en Corse (deuxi\u00e8me moiti\u00e9 du xix<sup>e<\/sup> si\u00e8cle)<strong>\u00a0\u00bb, <\/strong>\u00a0<a href=\"https:\/\/www-cairn-info.udcpp.idm.oclc.org\/revue-hypotheses.htm\"><em>Hypoth\u00e8ses<\/em><\/a>, 2013, p. 247 \u00e0 261. La notion d\u2019honneur doit cependant \u00eatre utilis\u00e9e avec nuance, Laetizia Castellani, \u00ab\u00a0L\u2019ethnotype \u00e0 travers les rapports des balanins \u00e0 la justice (xix<sup>e<\/sup> \u2013 d\u00e9but xx<sup>e<\/sup>)\u00a0\u00bb, <em>Des images qui nous collent \u00e0 la peau\u2026 Les ethnotypes hier et aujourd\u2019hui<\/em>, UMR LISA-Alain Piazzola, 2020, p. 107-123.<\/p><\/p>\n  \t\t\t<span id=\"tooltip-text-41a03d2\" class=\"eael-tooltip-text eael-tooltip-bottom\" role=\"tooltip\"><p>[11] Elisabeth Claverie, \u00ab De la difficult\u00e9 de faire un citoyen : les \u00ab acquittements scandaleux \u00bb du jury dans la France provinciale du d\u00e9but du XIXe si\u00e8cle, <em>\u00c9tudes rurales<\/em>, n\u00b095-96, 1984, p. 146, cet article peut \u00eatre utilement compl\u00e9t\u00e9 par Yves Pourcher, \u00ab\u00a0Des \u201cassises de gr\u00e2ce ?\u201d Le jury de la cour d'assises de la Loz\u00e8re au XIXe si\u00e8cle\u00a0\u00bb, <em>\u00c9tudes rurales<\/em>, n\u00b095-96, 1984, p. 167-180.<\/p><\/span>\n  \t\t\t<\/div>\n\t\t\t\t\t<\/div>\n\t\t\t\t<\/div>\n\t\t\t\t<div class=\"elementor-element elementor-element-50fa856 eael-tooltip-align-left eael-tooltip-text-align-left elementor-widget elementor-widget-eael-tooltip\" data-id=\"50fa856\" data-element_type=\"widget\" data-e-type=\"widget\" data-widget_type=\"eael-tooltip.default\">\n\t\t\t\t<div class=\"elementor-widget-container\">\n\t\t\t\t\t\t<div class=\"eael-tooltip\">\n\t\t\t\t\t<p class=\"eael-tooltip-content\" tabindex=\"0\" aria-describedby=\"tooltip-text-50fa856\"><p>[13] L\u2019\u00e9change est reproduit dans le d\u00e9veloppement.<\/p><\/p>\n  \t\t\t<span id=\"tooltip-text-50fa856\" class=\"eael-tooltip-text eael-tooltip-bottom\" role=\"tooltip\"><p>[13] L\u2019\u00e9change est reproduit dans le d\u00e9veloppement.<\/p><\/span>\n  \t\t\t<\/div>\n\t\t\t\t\t<\/div>\n\t\t\t\t<\/div>\n\t\t\t\t<div class=\"elementor-element elementor-element-07c959d eael-tooltip-align-left eael-tooltip-text-align-left elementor-widget elementor-widget-eael-tooltip\" data-id=\"07c959d\" data-element_type=\"widget\" data-e-type=\"widget\" data-widget_type=\"eael-tooltip.default\">\n\t\t\t\t<div class=\"elementor-widget-container\">\n\t\t\t\t\t\t<div class=\"eael-tooltip\">\n\t\t\t\t\t<p class=\"eael-tooltip-content\" tabindex=\"0\" aria-describedby=\"tooltip-text-07c959d\"><p>[14] Cet intellectuel s\u2019int\u00e9resse \u00e0 l\u2019\u00e9conomie et \u00e0 la politique (Lettres \u00e0 un \u00e9lecteur, 1863). En 1856, il a \u00e9t\u00e9 poursuivi pour avoir introduit des brochures \u00ab s\u00e9ditieuses \u00bb, <em>La Sainte-Alliance<\/em>, par Ledru-Rollin et un ouvrage dont il est l\u2019auteur, <em>La Corse libre<\/em>, publi\u00e9 en Belgique, AN, recours en gr\u00e2ce.<\/p><\/p>\n  \t\t\t<span id=\"tooltip-text-07c959d\" class=\"eael-tooltip-text eael-tooltip-bottom\" role=\"tooltip\"><p>[14] Cet intellectuel s\u2019int\u00e9resse \u00e0 l\u2019\u00e9conomie et \u00e0 la politique (Lettres \u00e0 un \u00e9lecteur, 1863). En 1856, il a \u00e9t\u00e9 poursuivi pour avoir introduit des brochures \u00ab s\u00e9ditieuses \u00bb, <em>La Sainte-Alliance<\/em>, par Ledru-Rollin et un ouvrage dont il est l\u2019auteur, <em>La Corse libre<\/em>, publi\u00e9 en Belgique, AN, recours en gr\u00e2ce.<\/p><\/span>\n  \t\t\t<\/div>\n\t\t\t\t\t<\/div>\n\t\t\t\t<\/div>\n\t\t\t\t<div class=\"elementor-element elementor-element-c4a05f9 eael-tooltip-align-left eael-tooltip-text-align-left elementor-widget elementor-widget-eael-tooltip\" data-id=\"c4a05f9\" data-element_type=\"widget\" data-e-type=\"widget\" data-widget_type=\"eael-tooltip.default\">\n\t\t\t\t<div class=\"elementor-widget-container\">\n\t\t\t\t\t\t<div class=\"eael-tooltip\">\n\t\t\t\t\t<p class=\"eael-tooltip-content\" tabindex=\"0\" aria-describedby=\"tooltip-text-c4a05f9\"><p>[15] Emile R\u00e9my...<\/p><\/p>\n  \t\t\t<span id=\"tooltip-text-c4a05f9\" class=\"eael-tooltip-text eael-tooltip-bottom\" role=\"tooltip\"><p>[15] Emile R\u00e9my, \u00ab Histoire de la cour d\u2019appel de Bastia, 1768 \u00e0 1930 \u00bb<em>,<\/em> <em>Bulletin de la soci\u00e9t\u00e9 des sciences historiques et naturelles de la Corse<\/em>, 1930, en ligne.\u00a0\u00a0\u00a0<\/p><\/span>\n  \t\t\t<\/div>\n\t\t\t\t\t<\/div>\n\t\t\t\t<\/div>\n\t\t\t\t<div class=\"elementor-element elementor-element-227343f eael-tooltip-align-left eael-tooltip-text-align-left elementor-widget elementor-widget-eael-tooltip\" data-id=\"227343f\" data-element_type=\"widget\" data-e-type=\"widget\" data-widget_type=\"eael-tooltip.default\">\n\t\t\t\t<div class=\"elementor-widget-container\">\n\t\t\t\t\t\t<div class=\"eael-tooltip\">\n\t\t\t\t\t<p class=\"eael-tooltip-content\" tabindex=\"0\" aria-describedby=\"tooltip-text-227343f\"><p>[16] Dominique suppose que c\u2019est son beau-fr\u00e8re...<\/p><\/p>\n  \t\t\t<span id=\"tooltip-text-227343f\" class=\"eael-tooltip-text eael-tooltip-bottom\" role=\"tooltip\"><p>[16] Dominique suppose que c\u2019est son beau-fr\u00e8re, qui a t\u00e9l\u00e9graphi\u00e9 cette information \u00e0 Corte. Il pr\u00e9cise qu\u2019il est \u00e0 Bastia mais qu\u2019il ne veut pas le voir.<\/p><\/span>\n  \t\t\t<\/div>\n\t\t\t\t\t<\/div>\n\t\t\t\t<\/div>\n\t\t\t\t<div class=\"elementor-element elementor-element-4b0c0b8 eael-tooltip-align-left eael-tooltip-text-align-left elementor-widget elementor-widget-eael-tooltip\" data-id=\"4b0c0b8\" data-element_type=\"widget\" data-e-type=\"widget\" data-widget_type=\"eael-tooltip.default\">\n\t\t\t\t<div class=\"elementor-widget-container\">\n\t\t\t\t\t\t<div class=\"eael-tooltip\">\n\t\t\t\t\t<p class=\"eael-tooltip-content\" tabindex=\"0\" aria-describedby=\"tooltip-text-4b0c0b8\"><p>[17] Falconetti Ignace 50 ans maire de Favalello ; Chini Thomas-Napol\u00e9on, 38 ans percepteur, Muro ; Bartoli Pierre-Fran\u00e7ois, 66 ans, capitaine en retraite, San Nicolao ...<\/p><\/p>\n  \t\t\t<span id=\"tooltip-text-4b0c0b8\" class=\"eael-tooltip-text eael-tooltip-bottom\" role=\"tooltip\"><p>[17] Falconetti Ignace 50 ans maire de Favalello ; Chini Thomas-Napol\u00e9on, 38 ans percepteur, Muro ; Bartoli Pierre-Fran\u00e7ois, 66 ans, capitaine en retraite, San Nicolao ; Dionisi Antoine-Jacques, 48 ans, maire de Canavaggia ; Campi Louis, 39 ans, propri\u00e9taire, Ajaccio ; Lantieri Prosper-Jacques-Fran\u00e7ois, 31 ans, propri\u00e9taire, Bonifacio ; Gentile Antoine, 38 ans, propri\u00e9taire, Bastia ; Luigi Fabien 45 ans maire et conseiller d\u2019arrondissement, Zalana ; Luciani Luc-Antoine, 62 ans, greffier, Calacuccia ; Marini Xavier, 68 ans, avocat, Calenzana ; Gaffajoli Marc-Aur\u00e8le 51 ans, Moita, suppl\u00e9ant ; Fabiani Antoine-Philippe, 39 ans, avocat, Bastia ; Cuneo d\u2019Ornano Fabien-Louis, 36 ans, propri\u00e9taire, Ajaccio ; Guidoni Alexis 63 ans, capitaine en retraite, Calenzana ; Carbuccia Fran\u00e7ois 49 ans maire de Carbuccia ; Casta Jean-Laurent, 65 ans, propri\u00e9taire, Santo-Pietro-di-Tenda ; Fieschi S\u00e9raphin, 61 ans, suppl\u00e9ant, Marignana ; Rocca Serra Pierre-Paul, 37 ans, propri\u00e9taire, Sart\u00e8ne ; Nicolai Fran\u00e7ois-Xavier, 34 ans, propri\u00e9taire, Penta di Casinca ; Fiamma S\u00e9verin, 46 ans, n\u00e9gociant Zicavo ; Filippini Tiburce Joseph, 45 ans propri\u00e9taire, Corte ; Pietri Joseph-Louis, 38 ans, propri\u00e9taire et n\u00e9gociant, Stazzona ; Ettori Napol\u00e9on, 39 ans, propri\u00e9taire, Sainte-Lucie de Tallano ; Fiamma Charles, 46 ans, n\u00e9gociant, Zicavo ; Bruni J\u00e9r\u00f4me, 43 ans, adjoint, Pila-Canale ; Pantalacci Jules-Michel, 49 ans, maire de Gatti di Vivario ; Durazzo Joseph, 55 ans, propri\u00e9taire Fozzano ; Albertini Ours-Fran\u00e7ois, 62 ans, capitaine \u00e0 la retraite, Bastia ; Paoletti S\u00e9bastien, 66 ans, m\u00e9decin Tasso ; Flori Ignace-Michel, 51 ans, propri\u00e9taire, Eccica Suarella ; Carlotti R\u00e9gulus, 65, ans ancien directeur p\u00e9nitencier, Ajaccio ; Emilj Jean-Baptiste, 39 ans, propri\u00e9taire, Sainte-Marie-Sicch\u00e8 ; Cacciaguerra Antoine-Andr\u00e9, 32 ans, propri\u00e9taire, Volpajola ; Melgrani Fran\u00e7ois-Marie, 47 ans, notaire, Cuttoli Corticchiato ; Lanfranchi F\u00e9lix, 61 ans, militaire \u00e0 la retraite, Cauro. Les quatre jur\u00e9s suppl\u00e9mentaires sont : De Caraffa Philippe, 69 ans, biblioth\u00e9caire ; Lepidi Joachim, 39 ans, commis des douanes ; Emmanuelli Dauphin, 68 ans, ex-notaire ; Guasco Jean-Louis 63 ans, architecte, tous demeurent \u00e0 Bastia.<\/p><\/span>\n  \t\t\t<\/div>\n\t\t\t\t\t<\/div>\n\t\t\t\t<\/div>\n\t\t\t\t<div class=\"elementor-element elementor-element-ea767dc eael-tooltip-align-left eael-tooltip-text-align-left elementor-widget elementor-widget-eael-tooltip\" data-id=\"ea767dc\" data-element_type=\"widget\" data-e-type=\"widget\" data-widget_type=\"eael-tooltip.default\">\n\t\t\t\t<div class=\"elementor-widget-container\">\n\t\t\t\t\t\t<div class=\"eael-tooltip\">\n\t\t\t\t\t<p class=\"eael-tooltip-content\" tabindex=\"0\" aria-describedby=\"tooltip-text-ea767dc\"><p>[18] Xavier Versini, <em>Un si\u00e8cle de banditisme...<\/em><\/p><\/p>\n  \t\t\t<span id=\"tooltip-text-ea767dc\" class=\"eael-tooltip-text eael-tooltip-bottom\" role=\"tooltip\"><p>[18] Xavier Versini, <em>Un si\u00e8cle de banditisme en Corse 1814-1914,<\/em> Paris, Editions de Paris, 1964, p. 77-78.<\/p><\/span>\n  \t\t\t<\/div>\n\t\t\t\t\t<\/div>\n\t\t\t\t<\/div>\n\t\t\t\t<div class=\"elementor-element elementor-element-bea94ee eael-tooltip-align-left eael-tooltip-text-align-left elementor-widget elementor-widget-eael-tooltip\" data-id=\"bea94ee\" data-element_type=\"widget\" data-e-type=\"widget\" data-widget_type=\"eael-tooltip.default\">\n\t\t\t\t<div class=\"elementor-widget-container\">\n\t\t\t\t\t\t<div class=\"eael-tooltip\">\n\t\t\t\t\t<p class=\"eael-tooltip-content\" tabindex=\"0\" aria-describedby=\"tooltip-text-bea94ee\"><p>[19] Citation d'un avocat bastiais, issue du livre pr\u00e9c\u00e9dent et citant \u00e0 son tour Arrighi, Le jury en Corse (compte rendu de la 4\u00e8me session de 1832), voir aussi Francis Pomponi, <em>Vendetta, justice et politique en Corse. \u00ab\u00a0L\u2019affaire Viterbi\u00a0\u00bb (1789-1821)<\/em>, Alata, Colonna \u00c9dition, Coll. \u00ab\u00a0Histoire\u00a0\u00bb, 2010, 221 p.<\/p><\/p>\n  \t\t\t<span id=\"tooltip-text-bea94ee\" class=\"eael-tooltip-text eael-tooltip-bottom\" role=\"tooltip\"><p>[19] Citation d'un avocat bastiais, issue du livre pr\u00e9c\u00e9dent et citant \u00e0 son tour Arrighi, Le jury en Corse (compte rendu de la 4\u00e8me session de 1832), voir aussi Francis Pomponi, <em>Vendetta, justice et politique en Corse. \u00ab\u00a0L\u2019affaire Viterbi\u00a0\u00bb (1789-1821)<\/em>, Alata, Colonna \u00c9dition, Coll. \u00ab\u00a0Histoire\u00a0\u00bb, 2010, 221 p.<\/p><\/span>\n  \t\t\t<\/div>\n\t\t\t\t\t<\/div>\n\t\t\t\t<\/div>\n\t\t\t\t<div class=\"elementor-element elementor-element-92d56f1 eael-tooltip-align-left eael-tooltip-text-align-left elementor-widget elementor-widget-eael-tooltip\" data-id=\"92d56f1\" data-element_type=\"widget\" data-e-type=\"widget\" data-widget_type=\"eael-tooltip.default\">\n\t\t\t\t<div class=\"elementor-widget-container\">\n\t\t\t\t\t\t<div class=\"eael-tooltip\">\n\t\t\t\t\t<p class=\"eael-tooltip-content\" tabindex=\"0\" aria-describedby=\"tooltip-text-92d56f1\"><p>[20] Sur les assises et les jur\u00e9s au\u00a0...<\/p><\/p>\n  \t\t\t<span id=\"tooltip-text-92d56f1\" class=\"eael-tooltip-text eael-tooltip-bottom\" role=\"tooltip\"><p>[20] Sur les assises et les jur\u00e9s au XIX<sup>e<\/sup> si\u00e8cle\u00a0se r\u00e9f\u00e9rer \u00e0 Jean-Claude Farcy, \u00ab\u00a0La stabilit\u00e9 du mod\u00e8le napol\u00e9onien (1810-milieu du XX<sup>e<\/sup> si\u00e8cle), <em>Histoire de la justice en France<\/em>, Rep\u00e8res, La D\u00e9couverte, 2015, p. 35 \u00e0 84 ou Aziz Jellab et Armelle Giglio, \u00ab\u00a0La cour d\u2019assises, une juridiction du \u00ab peuple juge \u00bb ?\u00a0\u00bb, <em>Des citoyens face au crime<\/em>, Presses universitaires du Midi, 2012, p. 89-135. Au d\u00e9but de la Restauration les jur\u00e9s sont des notables car ils doivent \u00eatre inscrits sur les listes censitaires. Malgr\u00e9 la mise en place du suffrage universel, les notables sont favoris\u00e9s sous le Second Empire car la loi du 4\u00a0juin 1853 donne aux sous-pr\u00e9fets, juges de paix et maires la ma\u00eetrise des listes du jury.<\/p><\/span>\n  \t\t\t<\/div>\n\t\t\t\t\t<\/div>\n\t\t\t\t<\/div>\n\t\t\t\t<div class=\"elementor-element elementor-element-19c2873 eael-tooltip-align-left eael-tooltip-text-align-left elementor-widget elementor-widget-eael-tooltip\" data-id=\"19c2873\" data-element_type=\"widget\" data-e-type=\"widget\" data-widget_type=\"eael-tooltip.default\">\n\t\t\t\t<div class=\"elementor-widget-container\">\n\t\t\t\t\t\t<div class=\"eael-tooltip\">\n\t\t\t\t\t<p class=\"eael-tooltip-content\" tabindex=\"0\" aria-describedby=\"tooltip-text-19c2873\"><p>[21] Il deviendra le beau-fr\u00e8re...<\/p><\/p>\n  \t\t\t<span id=\"tooltip-text-19c2873\" class=\"eael-tooltip-text eael-tooltip-bottom\" role=\"tooltip\"><p>[21] Il deviendra le beau-fr\u00e8re d\u2019Emmanuel Ar\u00e8ne. Il sera receveur des Finances \u00e0 Corte en 1883.<\/p><\/span>\n  \t\t\t<\/div>\n\t\t\t\t\t<\/div>\n\t\t\t\t<\/div>\n\t\t\t\t<div class=\"elementor-element elementor-element-c838a3d eael-tooltip-align-left eael-tooltip-text-align-left elementor-widget elementor-widget-eael-tooltip\" data-id=\"c838a3d\" data-element_type=\"widget\" data-e-type=\"widget\" data-widget_type=\"eael-tooltip.default\">\n\t\t\t\t<div class=\"elementor-widget-container\">\n\t\t\t\t\t\t<div class=\"eael-tooltip\">\n\t\t\t\t\t<p class=\"eael-tooltip-content\" tabindex=\"0\" aria-describedby=\"tooltip-text-c838a3d\"><p>[22] Il a re\u00e7u la l\u00e9gion d\u2019honneur en 1869...<\/p><\/p>\n  \t\t\t<span id=\"tooltip-text-c838a3d\" class=\"eael-tooltip-text eael-tooltip-bottom\" role=\"tooltip\"><p>[22] Il a re\u00e7u la l\u00e9gion d\u2019honneur en 1869, Leonore, en ligne.<\/p><\/span>\n  \t\t\t<\/div>\n\t\t\t\t\t<\/div>\n\t\t\t\t<\/div>\n\t\t\t\t<div class=\"elementor-element elementor-element-99c404a eael-tooltip-align-left eael-tooltip-text-align-left elementor-widget elementor-widget-eael-tooltip\" data-id=\"99c404a\" data-element_type=\"widget\" data-e-type=\"widget\" data-widget_type=\"eael-tooltip.default\">\n\t\t\t\t<div class=\"elementor-widget-container\">\n\t\t\t\t\t\t<div class=\"eael-tooltip\">\n\t\t\t\t\t<p class=\"eael-tooltip-content\" tabindex=\"0\" aria-describedby=\"tooltip-text-99c404a\"><p>[23] Son p\u00e8re a \u00e9t\u00e9 maire d\u2019Ajaccio...<\/p><\/p>\n  \t\t\t<span id=\"tooltip-text-99c404a\" class=\"eael-tooltip-text eael-tooltip-bottom\" role=\"tooltip\"><p>[23] Son p\u00e8re a \u00e9t\u00e9 maire d\u2019Ajaccio et conseiller g\u00e9n\u00e9ral.<\/p><\/span>\n  \t\t\t<\/div>\n\t\t\t\t\t<\/div>\n\t\t\t\t<\/div>\n\t\t\t\t<div class=\"elementor-element elementor-element-73ab75c eael-tooltip-align-left eael-tooltip-text-align-left elementor-widget elementor-widget-eael-tooltip\" data-id=\"73ab75c\" data-element_type=\"widget\" data-e-type=\"widget\" data-widget_type=\"eael-tooltip.default\">\n\t\t\t\t<div class=\"elementor-widget-container\">\n\t\t\t\t\t\t<div class=\"eael-tooltip\">\n\t\t\t\t\t<p class=\"eael-tooltip-content\" tabindex=\"0\" aria-describedby=\"tooltip-text-73ab75c\"><p>[24]Probl\u00e8me sur la date de naissance ...<\/p><\/p>\n  \t\t\t<span id=\"tooltip-text-73ab75c\" class=\"eael-tooltip-text eael-tooltip-bottom\" role=\"tooltip\"><p>[24]Probl\u00e8me sur la date de naissance mais les autres \u00e9l\u00e9ments correspondent. Docteur en m\u00e9decine, conseiller g\u00e9n\u00e9ral, il a \u00e9t\u00e9 directeur de la colonie p\u00e9nitentiaire Saint-Antoine. Il \u00e9crit des ouvrages sur l\u2019agriculture. Il est titulaire de la l\u00e9gion d\u2019honneur, Leonore, en ligne.<\/p><\/span>\n  \t\t\t<\/div>\n\t\t\t\t\t<\/div>\n\t\t\t\t<\/div>\n\t\t\t\t<div class=\"elementor-element elementor-element-7d4e66f eael-tooltip-align-left eael-tooltip-text-align-left elementor-widget elementor-widget-eael-tooltip\" data-id=\"7d4e66f\" data-element_type=\"widget\" data-e-type=\"widget\" data-widget_type=\"eael-tooltip.default\">\n\t\t\t\t<div class=\"elementor-widget-container\">\n\t\t\t\t\t\t<div class=\"eael-tooltip\">\n\t\t\t\t\t<p class=\"eael-tooltip-content\" tabindex=\"0\" aria-describedby=\"tooltip-text-7d4e66f\"><p>[25] Seuls J\u00e9r\u00f4me Bruni, ...<\/p><\/p>\n  \t\t\t<span id=\"tooltip-text-7d4e66f\" class=\"eael-tooltip-text eael-tooltip-bottom\" role=\"tooltip\"><p>[25]Seuls J\u00e9r\u00f4me Bruni, Ignace-Michel Flori, F\u00e9lix Lanfranchi, et Pierre Fran\u00e7ois Bartoli ne sont ni coch\u00e9s, ni cit\u00e9s dans les courriers.<\/p><\/span>\n  \t\t\t<\/div>\n\t\t\t\t\t<\/div>\n\t\t\t\t<\/div>\n\t\t\t\t<div class=\"elementor-element elementor-element-f3814fa eael-tooltip-align-left eael-tooltip-text-align-left elementor-widget elementor-widget-eael-tooltip\" data-id=\"f3814fa\" data-element_type=\"widget\" data-e-type=\"widget\" data-widget_type=\"eael-tooltip.default\">\n\t\t\t\t<div class=\"elementor-widget-container\">\n\t\t\t\t\t\t<div class=\"eael-tooltip\">\n\t\t\t\t\t<p class=\"eael-tooltip-content\" tabindex=\"0\" aria-describedby=\"tooltip-text-f3814fa\"><p>[26] Il est \u00e0 l\u2019h\u00f4tel d\u2019Italie.<\/p><\/p>\n  \t\t\t<span id=\"tooltip-text-f3814fa\" class=\"eael-tooltip-text eael-tooltip-bottom\" role=\"tooltip\"><p>[26] Il est \u00e0 l\u2019h\u00f4tel d\u2019Italie.<\/p><\/span>\n  \t\t\t<\/div>\n\t\t\t\t\t<\/div>\n\t\t\t\t<\/div>\n\t\t\t\t<div class=\"elementor-element elementor-element-7eb25d1 eael-tooltip-align-left eael-tooltip-text-align-left elementor-widget elementor-widget-eael-tooltip\" data-id=\"7eb25d1\" data-element_type=\"widget\" data-e-type=\"widget\" data-widget_type=\"eael-tooltip.default\">\n\t\t\t\t<div class=\"elementor-widget-container\">\n\t\t\t\t\t\t<div class=\"eael-tooltip\">\n\t\t\t\t\t<p class=\"eael-tooltip-content\" tabindex=\"0\" aria-describedby=\"tooltip-text-7eb25d1\"><p>[27] Jean-Baptiste propri\u00e9taire...<\/p><\/p>\n  \t\t\t<span id=\"tooltip-text-7eb25d1\" class=\"eael-tooltip-text eael-tooltip-bottom\" role=\"tooltip\"><p>[27]Jean-Baptiste propri\u00e9taire Sainte-Marie-Sicch\u00e8 39 ans.<\/p><\/span>\n  \t\t\t<\/div>\n\t\t\t\t\t<\/div>\n\t\t\t\t<\/div>\n\t\t\t\t<div class=\"elementor-element elementor-element-a3407e5 eael-tooltip-align-left eael-tooltip-text-align-left elementor-widget elementor-widget-eael-tooltip\" data-id=\"a3407e5\" data-element_type=\"widget\" data-e-type=\"widget\" data-widget_type=\"eael-tooltip.default\">\n\t\t\t\t<div class=\"elementor-widget-container\">\n\t\t\t\t\t\t<div class=\"eael-tooltip\">\n\t\t\t\t\t<p class=\"eael-tooltip-content\" tabindex=\"0\" aria-describedby=\"tooltip-text-a3407e5\"><p>[28] Fils de Jean-Paul,...<\/p><\/p>\n  \t\t\t<span id=\"tooltip-text-a3407e5\" class=\"eael-tooltip-text eael-tooltip-bottom\" role=\"tooltip\"><p>[28] Fils de Jean-Paul, propri\u00e9taire Sart\u00e8ne, 37 ans.<\/p><\/span>\n  \t\t\t<\/div>\n\t\t\t\t\t<\/div>\n\t\t\t\t<\/div>\n\t\t\t\t<div class=\"elementor-element elementor-element-433debb eael-tooltip-align-left eael-tooltip-text-align-left elementor-widget elementor-widget-eael-tooltip\" data-id=\"433debb\" data-element_type=\"widget\" data-e-type=\"widget\" data-widget_type=\"eael-tooltip.default\">\n\t\t\t\t<div class=\"elementor-widget-container\">\n\t\t\t\t\t\t<div class=\"eael-tooltip\">\n\t\t\t\t\t<p class=\"eael-tooltip-content\" tabindex=\"0\" aria-describedby=\"tooltip-text-433debb\"><p>[29]\u00a0Napol\u00e9on, 39 ans, est propri\u00e9taire.<\/p><\/p>\n  \t\t\t<span id=\"tooltip-text-433debb\" class=\"eael-tooltip-text eael-tooltip-bottom\" role=\"tooltip\"><p>[29] Napol\u00e9on, 39 ans, est propri\u00e9taire.<\/p><\/span>\n  \t\t\t<\/div>\n\t\t\t\t\t<\/div>\n\t\t\t\t<\/div>\n\t\t\t\t<div class=\"elementor-element elementor-element-d6d9f6d eael-tooltip-align-left eael-tooltip-text-align-left elementor-widget elementor-widget-eael-tooltip\" data-id=\"d6d9f6d\" data-element_type=\"widget\" data-e-type=\"widget\" data-widget_type=\"eael-tooltip.default\">\n\t\t\t\t<div class=\"elementor-widget-container\">\n\t\t\t\t\t\t<div class=\"eael-tooltip\">\n\t\t\t\t\t<p class=\"eael-tooltip-content\" tabindex=\"0\" aria-describedby=\"tooltip-text-d6d9f6d\"><p>[30]Le fonds priv\u00e9 Giuliani est compos\u00e9 de presque 400 courriers. Dans une de ses lettres, au d\u00e9but de la R\u00e9volution fran\u00e7aise, Antonio Giuliani conseille \u00e0 son fr\u00e8re Giuliano qui veut jouer un r\u00f4le politique au d\u00e9but de la r\u00e9volution\u00a0: \u00ab cercate a farvi degli amici \u00bb. Il est souvent fait appel aux \u00ab\u00a0amis\u00a0\u00bb pour \u00eatre prot\u00e9g\u00e9, pour appuyer une candidature, sur la recommandation d\u2019une tierce personne. Le terme \u00ab\u00a0ennemi\u00a0\u00bb revient r\u00e9guli\u00e8rement pour d\u00e9signer les membres du parti oppos\u00e9.<\/p><\/p>\n  \t\t\t<span id=\"tooltip-text-d6d9f6d\" class=\"eael-tooltip-text eael-tooltip-bottom\" role=\"tooltip\"><p>[30]Le fonds priv\u00e9 Giuliani est compos\u00e9 de presque 400 courriers. Dans une de ses lettres, au d\u00e9but de la R\u00e9volution fran\u00e7aise, Antonio Giuliani conseille \u00e0 son fr\u00e8re Giuliano qui veut jouer un r\u00f4le politique au d\u00e9but de la r\u00e9volution\u00a0: \u00ab cercate a farvi degli amici \u00bb. Il est souvent fait appel aux \u00ab\u00a0amis\u00a0\u00bb pour \u00eatre prot\u00e9g\u00e9, pour appuyer une candidature, sur la recommandation d\u2019une tierce personne. Le terme \u00ab\u00a0ennemi\u00a0\u00bb revient r\u00e9guli\u00e8rement pour d\u00e9signer les membres du parti oppos\u00e9.<\/p><\/span>\n  \t\t\t<\/div>\n\t\t\t\t\t<\/div>\n\t\t\t\t<\/div>\n\t\t\t\t<div class=\"elementor-element elementor-element-24fef4a eael-tooltip-align-left eael-tooltip-text-align-left elementor-widget elementor-widget-eael-tooltip\" data-id=\"24fef4a\" data-element_type=\"widget\" data-e-type=\"widget\" data-widget_type=\"eael-tooltip.default\">\n\t\t\t\t<div class=\"elementor-widget-container\">\n\t\t\t\t\t\t<div class=\"eael-tooltip\">\n\t\t\t\t\t<p class=\"eael-tooltip-content\" tabindex=\"0\" aria-describedby=\"tooltip-text-24fef4a\"><p>[31] Jean-Luc Alberti, \u00ab\u00a0H\u00e9r\u00e9dit\u00e9 et pouvoir local\u00a0\u00bb, <em>Etudes corses. <\/em>1994, n\u00b042-43, p. 123-186.<\/p><\/p>\n  \t\t\t<span id=\"tooltip-text-24fef4a\" class=\"eael-tooltip-text eael-tooltip-bottom\" role=\"tooltip\"><p>[31] Jean-Luc Alberti, \u00ab\u00a0H\u00e9r\u00e9dit\u00e9 et pouvoir local\u00a0\u00bb, <em>Etudes corses. <\/em>1994, n\u00b042-43, p. 123-186.<\/p><\/span>\n  \t\t\t<\/div>\n\t\t\t\t\t<\/div>\n\t\t\t\t<\/div>\n\t\t\t\t<div class=\"elementor-element elementor-element-fddecfa eael-tooltip-align-left eael-tooltip-text-align-left elementor-widget elementor-widget-eael-tooltip\" data-id=\"fddecfa\" data-element_type=\"widget\" data-e-type=\"widget\" data-widget_type=\"eael-tooltip.default\">\n\t\t\t\t<div class=\"elementor-widget-container\">\n\t\t\t\t\t\t<div class=\"eael-tooltip\">\n\t\t\t\t\t<p class=\"eael-tooltip-content\" tabindex=\"0\" aria-describedby=\"tooltip-text-fddecfa\"><p>[31] Jean-Luc Alberti, \u00ab\u00a0H\u00e9r\u00e9dit\u00e9 et pouvoir local\u00a0\u00bb, <em>Etudes corses. <\/em>1994, n\u00b042-43, p. 123-186.<\/p><\/p>\n  \t\t\t<span id=\"tooltip-text-fddecfa\" class=\"eael-tooltip-text eael-tooltip-bottom\" role=\"tooltip\"><p>[31] Jean-Luc Alberti, \u00ab\u00a0H\u00e9r\u00e9dit\u00e9 et pouvoir local\u00a0\u00bb, <em>Etudes corses. <\/em>1994, n\u00b042-43, p. 123-186.<\/p><\/span>\n  \t\t\t<\/div>\n\t\t\t\t\t<\/div>\n\t\t\t\t<\/div>\n\t\t\t\t<div class=\"elementor-element elementor-element-39fc71d eael-tooltip-align-left eael-tooltip-text-align-left elementor-widget elementor-widget-eael-tooltip\" data-id=\"39fc71d\" data-element_type=\"widget\" data-e-type=\"widget\" data-widget_type=\"eael-tooltip.default\">\n\t\t\t\t<div class=\"elementor-widget-container\">\n\t\t\t\t\t\t<div class=\"eael-tooltip\">\n\t\t\t\t\t<p class=\"eael-tooltip-content\" tabindex=\"0\" aria-describedby=\"tooltip-text-39fc71d\"><p>[32] Seuls quatre individus n\u2019ont pas pu \u00eatre document\u00e9s.<\/p><\/p>\n  \t\t\t<span id=\"tooltip-text-39fc71d\" class=\"eael-tooltip-text eael-tooltip-bottom\" role=\"tooltip\"><p>[32] Seuls quatre individus n\u2019ont pas pu \u00eatre document\u00e9s.<\/p><\/span>\n  \t\t\t<\/div>\n\t\t\t\t\t<\/div>\n\t\t\t\t<\/div>\n\t\t\t\t<div class=\"elementor-element elementor-element-c1850e3 eael-tooltip-align-left eael-tooltip-text-align-left elementor-widget elementor-widget-eael-tooltip\" data-id=\"c1850e3\" data-element_type=\"widget\" data-e-type=\"widget\" data-widget_type=\"eael-tooltip.default\">\n\t\t\t\t<div class=\"elementor-widget-container\">\n\t\t\t\t\t\t<div class=\"eael-tooltip\">\n\t\t\t\t\t<p class=\"eael-tooltip-content\" tabindex=\"0\" aria-describedby=\"tooltip-text-c1850e3\"><p>[33] Il pourrait s\u2019agir d\u2019un homonyme.<\/p><\/p>\n  \t\t\t<span id=\"tooltip-text-c1850e3\" class=\"eael-tooltip-text eael-tooltip-bottom\" role=\"tooltip\"><p>[33] Il pourrait s\u2019agir d\u2019un homonyme.<\/p><\/span>\n  \t\t\t<\/div>\n\t\t\t\t\t<\/div>\n\t\t\t\t<\/div>\n\t\t\t\t<div class=\"elementor-element elementor-element-a4d9d73 eael-tooltip-align-left eael-tooltip-text-align-left elementor-widget elementor-widget-eael-tooltip\" data-id=\"a4d9d73\" data-element_type=\"widget\" data-e-type=\"widget\" data-widget_type=\"eael-tooltip.default\">\n\t\t\t\t<div class=\"elementor-widget-container\">\n\t\t\t\t\t\t<div class=\"eael-tooltip\">\n\t\t\t\t\t<p class=\"eael-tooltip-content\" tabindex=\"0\" aria-describedby=\"tooltip-text-a4d9d73\"><p>[34] Il est maire bonapartiste de Bastia de 1871 \u00e0 1879.<\/p><\/p>\n  \t\t\t<span id=\"tooltip-text-a4d9d73\" class=\"eael-tooltip-text eael-tooltip-bottom\" role=\"tooltip\"><p>[34] Il est maire bonapartiste de Bastia de 1871 \u00e0 1879.<\/p><\/span>\n  \t\t\t<\/div>\n\t\t\t\t\t<\/div>\n\t\t\t\t<\/div>\n\t\t\t\t<div class=\"elementor-element elementor-element-dc09c5c eael-tooltip-align-left eael-tooltip-text-align-left elementor-widget elementor-widget-eael-tooltip\" data-id=\"dc09c5c\" data-element_type=\"widget\" data-e-type=\"widget\" data-widget_type=\"eael-tooltip.default\">\n\t\t\t\t<div class=\"elementor-widget-container\">\n\t\t\t\t\t\t<div class=\"eael-tooltip\">\n\t\t\t\t\t<p class=\"eael-tooltip-content\" tabindex=\"0\" aria-describedby=\"tooltip-text-dc09c5c\"><p>[35] Il est \u00e9lu conseiller g\u00e9n\u00e9ral bonapartiste ...<\/p><\/p>\n  \t\t\t<span id=\"tooltip-text-dc09c5c\" class=\"eael-tooltip-text eael-tooltip-bottom\" role=\"tooltip\"><p>[35] Il est \u00e9lu conseiller g\u00e9n\u00e9ral bonapartiste de Bastia en 1871.<\/p><\/span>\n  \t\t\t<\/div>\n\t\t\t\t\t<\/div>\n\t\t\t\t<\/div>\n\t\t\t\t<div class=\"elementor-element elementor-element-565ebe6 eael-tooltip-align-left eael-tooltip-text-align-left elementor-widget elementor-widget-eael-tooltip\" data-id=\"565ebe6\" data-element_type=\"widget\" data-e-type=\"widget\" data-widget_type=\"eael-tooltip.default\">\n\t\t\t\t<div class=\"elementor-widget-container\">\n\t\t\t\t\t\t<div class=\"eael-tooltip\">\n\t\t\t\t\t<p class=\"eael-tooltip-content\" tabindex=\"0\" aria-describedby=\"tooltip-text-565ebe6\"><p>[36] Il a \u00e9t\u00e9 maire de Bastia dans les ann\u00e9es 1850.<\/p><\/p>\n  \t\t\t<span id=\"tooltip-text-565ebe6\" class=\"eael-tooltip-text eael-tooltip-bottom\" role=\"tooltip\"><p>[36] Il a \u00e9t\u00e9 maire de Bastia dans les ann\u00e9es 1850.<\/p><\/span>\n  \t\t\t<\/div>\n\t\t\t\t\t<\/div>\n\t\t\t\t<\/div>\n\t\t\t\t<div class=\"elementor-element elementor-element-35e328c eael-tooltip-align-left eael-tooltip-text-align-left elementor-widget elementor-widget-eael-tooltip\" data-id=\"35e328c\" data-element_type=\"widget\" data-e-type=\"widget\" data-widget_type=\"eael-tooltip.default\">\n\t\t\t\t<div class=\"elementor-widget-container\">\n\t\t\t\t\t\t<div class=\"eael-tooltip\">\n\t\t\t\t\t<p class=\"eael-tooltip-content\" tabindex=\"0\" aria-describedby=\"tooltip-text-35e328c\"><p>[37] C. F. G. est condamn\u00e9 \u00e0 deux ans de...<\/p><\/p>\n  \t\t\t<span id=\"tooltip-text-35e328c\" class=\"eael-tooltip-text eael-tooltip-bottom\" role=\"tooltip\"><p>[37] C. F. G. est condamn\u00e9 \u00e0 deux ans de prison pour blessures ayant occasionn\u00e9 la mort sans intention de la donner\u00a0; J.-M. S. et R.-A. T. \u00e9copent d\u2019une condamnation \u00e9quivalente \u00e0 celle d\u2019Antoine pour \u00ab\u00a0meurtre excusable\u00a0\u00bb (4 ans), 300 francs de dommages et int\u00e9r\u00eats pour le second.<\/p><\/span>\n  \t\t\t<\/div>\n\t\t\t\t\t<\/div>\n\t\t\t\t<\/div>\n\t\t\t\t<div class=\"elementor-element elementor-element-37b0296 eael-tooltip-align-left eael-tooltip-text-align-left elementor-widget elementor-widget-eael-tooltip\" data-id=\"37b0296\" data-element_type=\"widget\" data-e-type=\"widget\" data-widget_type=\"eael-tooltip.default\">\n\t\t\t\t<div class=\"elementor-widget-container\">\n\t\t\t\t\t\t<div class=\"eael-tooltip\">\n\t\t\t\t\t<p class=\"eael-tooltip-content\" tabindex=\"0\" aria-describedby=\"tooltip-text-37b0296\"><p>[38] J.-B. R., L. A., M.-D. B. Un italien poursuivi...<\/p><\/p>\n  \t\t\t<span id=\"tooltip-text-37b0296\" class=\"eael-tooltip-text eael-tooltip-bottom\" role=\"tooltip\"><p>[38] J.-B. R., L. A., M.-D. B. Un italien poursuivi pour assassinat suivi de vol est aussi acquitt\u00e9. L\u2019appartenance \u00e0 une famille bien ins\u00e9r\u00e9e n\u2019est pas un gage pour obtenir la mansu\u00e9tude du jury, ainsi F. X. A. est condamn\u00e9 \u00e0 perp\u00e9tuit\u00e9. Il est pourtant \u00ab assez bien not\u00e9 \u00bb et il s\u2019est rendu aux autorit\u00e9s. La s\u00e9v\u00e9rit\u00e9 de la peine pourrait \u00eatre li\u00e9e au fait qu\u2019il s\u2019est acharn\u00e9 sur la victime.<\/p><\/span>\n  \t\t\t<\/div>\n\t\t\t\t\t<\/div>\n\t\t\t\t<\/div>\n\t\t\t\t<div class=\"elementor-element elementor-element-4fc0cbd eael-tooltip-align-left eael-tooltip-text-align-left elementor-widget elementor-widget-eael-tooltip\" data-id=\"4fc0cbd\" data-element_type=\"widget\" data-e-type=\"widget\" data-widget_type=\"eael-tooltip.default\">\n\t\t\t\t<div class=\"elementor-widget-container\">\n\t\t\t\t\t\t<div class=\"eael-tooltip\">\n\t\t\t\t\t<p class=\"eael-tooltip-content\" tabindex=\"0\" aria-describedby=\"tooltip-text-4fc0cbd\"><p>[39] Elisabeth Claverie, <em>op. cit. <\/em>et Caroline Parsi, <em>op. cit.<\/em>, p. 247 \u00e0 261.<\/p><\/p>\n  \t\t\t<span id=\"tooltip-text-4fc0cbd\" class=\"eael-tooltip-text eael-tooltip-bottom\" role=\"tooltip\"><p>[39] Elisabeth Claverie, <em>op. cit. <\/em>et Caroline Parsi, <em>op. cit.<\/em>, p. 247 \u00e0 261.<\/p><\/span>\n  \t\t\t<\/div>\n\t\t\t\t\t<\/div>\n\t\t\t\t<\/div>\n\t\t\t\t<div class=\"elementor-element elementor-element-487f913 eael-tooltip-align-left eael-tooltip-text-align-left elementor-widget elementor-widget-eael-tooltip\" data-id=\"487f913\" data-element_type=\"widget\" data-e-type=\"widget\" data-widget_type=\"eael-tooltip.default\">\n\t\t\t\t<div class=\"elementor-widget-container\">\n\t\t\t\t\t\t<div class=\"eael-tooltip\">\n\t\t\t\t\t<p class=\"eael-tooltip-content\" tabindex=\"0\" aria-describedby=\"tooltip-text-487f913\"><p>[40] Son dossier p\u00e9nitentiaire pr\u00e9cise qu\u2019il a ...<\/p><\/p>\n  \t\t\t<span id=\"tooltip-text-487f913\" class=\"eael-tooltip-text eael-tooltip-bottom\" role=\"tooltip\"><p>[40] Son dossier p\u00e9nitentiaire pr\u00e9cise qu\u2019il a assassin\u00e9 son \u00e9pouse, Archives Nationales d\u2019Outre-Mer, en ligne.<\/p><\/span>\n  \t\t\t<\/div>\n\t\t\t\t\t<\/div>\n\t\t\t\t<\/div>\n\t\t\t\t<div class=\"elementor-element elementor-element-98092cb eael-tooltip-align-left eael-tooltip-text-align-left elementor-widget elementor-widget-eael-tooltip\" data-id=\"98092cb\" data-element_type=\"widget\" data-e-type=\"widget\" data-widget_type=\"eael-tooltip.default\">\n\t\t\t\t<div class=\"elementor-widget-container\">\n\t\t\t\t\t\t<div class=\"eael-tooltip\">\n\t\t\t\t\t<p class=\"eael-tooltip-content\" tabindex=\"0\" aria-describedby=\"tooltip-text-98092cb\"><p>[41] Il est pr\u00e9cis\u00e9 dans son dossier p\u00e9nitentiaire qu\u2019il a agi avec pr\u00e9m\u00e9ditation, <em>ibidem. <\/em><\/p><\/p>\n  \t\t\t<span id=\"tooltip-text-98092cb\" class=\"eael-tooltip-text eael-tooltip-bottom\" role=\"tooltip\"><p>[41] Il est pr\u00e9cis\u00e9 dans son dossier p\u00e9nitentiaire qu\u2019il a agi avec pr\u00e9m\u00e9ditation, <em>ibidem. <\/em><\/p><\/span>\n  \t\t\t<\/div>\n\t\t\t\t\t<\/div>\n\t\t\t\t<\/div>\n\t\t\t\t<\/div>\n\t\t\t\t<\/div>\n\t\t\t\t\t<\/div>\n\t\t\t\t<\/div>\n\t\t<div data-particle_enable=\"false\" data-particle-mobile-disabled=\"false\" class=\"elementor-element elementor-element-c7cf251 e-con-full e-flex e-con e-parent\" data-id=\"c7cf251\" data-element_type=\"container\" data-e-type=\"container\">\n\t\t<div data-particle_enable=\"false\" data-particle-mobile-disabled=\"false\" class=\"elementor-element elementor-element-9b81406 e-con-full e-flex e-con e-child\" data-id=\"9b81406\" data-element_type=\"container\" data-e-type=\"container\">\n\t\t\t\t<div class=\"elementor-element elementor-element-ae5ad1e elementor-widget-divider--view-line elementor-widget elementor-widget-divider\" data-id=\"ae5ad1e\" data-element_type=\"widget\" data-e-type=\"widget\" data-widget_type=\"divider.default\">\n\t\t\t\t<div class=\"elementor-widget-container\">\n\t\t\t\t\t\t\t<div class=\"elementor-divider\">\n\t\t\t<span class=\"elementor-divider-separator\">\n\t\t\t\t\t\t<\/span>\n\t\t<\/div>\n\t\t\t\t\t\t<\/div>\n\t\t\t\t<\/div>\n\t\t\t\t<div class=\"elementor-element elementor-element-bc1f1f1 elementor-widget elementor-widget-text-editor\" data-id=\"bc1f1f1\" data-element_type=\"widget\" data-e-type=\"widget\" data-widget_type=\"text-editor.default\">\n\t\t\t\t<div class=\"elementor-widget-container\">\n\t\t\t\t\t\t\t\t\t<p><strong>Bibliographie<\/strong><\/p><p>Laetizia Castellani, \u00ab\u00a0L\u2019ethnotype \u00e0 travers les rapports des balanins \u00e0 la justice (xix<sup>e<\/sup>\u00a0\u2013 d\u00e9but xx<sup>e<\/sup>)\u00a0\u00bb,\u00a0<em>Des images qui nous collent \u00e0 la peau\u2026 Les ethnotypes hier et aujourd\u2019hui<\/em>, UMR LISA-Alain Piazzola, 2020, p. 107-123.<\/p><p>Elisabeth Claverie, \u00ab\u00a0De la difficult\u00e9 de faire un citoyen : les \u00ab acquittements scandaleux \u00bb du jury dans la France provinciale du d\u00e9but du XIXe si\u00e8cle,\u00a0<em>\u00c9tudes rurales<\/em>, n\u00b095-96, 1984, p. 146.<\/p><p>Jean-Claude Farcy, \u00ab\u00a0La stabilit\u00e9 du mod\u00e8le napol\u00e9onien (1810-milieu du XX<sup>e<\/sup>\u00a0si\u00e8cle),\u00a0<em>Histoire de la justice en France<\/em>, Rep\u00e8res, La D\u00e9couverte, 2015, p. 35 \u00e0 84.<\/p><p>Aziz Jellab et Armelle Giglio, \u00ab\u00a0La cour d\u2019assises, une juridiction du \u00ab peuple juge \u00bb ?\u00a0\u00bb,\u00a0<em>Des citoyens face au crime<\/em>, Presses universitaires du Midi, 2012, p. 89-135.<\/p><p>Caroline Parsi, \u00ab\u00a0Le crime d&rsquo;honneur en Corse (deuxi\u00e8me moiti\u00e9 du xix<sup>e<\/sup>\u00a0si\u00e8cle)<strong>\u00a0\u00bb,\u00a0<\/strong>\u00a0<a href=\"https:\/\/www-cairn-info.udcpp.idm.oclc.org\/revue-hypotheses.htm\"><em>Hypoth\u00e8ses<\/em><\/a>, 2013, p. 247 \u00e0 261.<\/p><p><a href=\"https:\/\/www.cairn.info\/publications-de-Jean-Paul-Pellegrinetti--76984.htm\">Jean-Paul Pellegrinetti<\/a>, \u00ab\u00a0Notables et r\u00e9seaux politiques en Corse, xix<sup>e\u00a0<\/sup>&#8211;\u00a0xx<sup>e<\/sup>\u00a0si\u00e8cle. L\u2019exemple d\u2019Emmanuel Ar\u00e8ne (1856-1908)\u00a0\u00bb,\u00a0<a href=\"https:\/\/www.cairn.info\/revue-histoire-politique.htm\"><em>Histoire@Politique<\/em><\/a>,\u00a0<a href=\"https:\/\/www.cairn.info\/revue-histoire-politique-2015-1.htm\">2015\/1, n\u00b025<\/a>, p. 24 \u00e0 40.<\/p><p>Yves Pourcher, \u00ab\u00a0Des \u201dassises de gr\u00e2ce\u201d\u00a0\u00bb Le jury de la cour d&rsquo;assises de la Loz\u00e8re au XIXe si\u00e8cle\u00a0\u00bb,\u00a0<em>\u00c9tudes rurales<\/em>, n\u00b095-96, 1984, p. 167-180.<\/p>\t\t\t\t\t\t\t\t<\/div>\n\t\t\t\t<\/div>\n\t\t\t\t<\/div>\n\t\t\t\t<\/div>\n\t\t<div data-particle_enable=\"false\" data-particle-mobile-disabled=\"false\" class=\"elementor-element elementor-element-01fa4ba e-con-full e-flex e-con e-parent\" data-id=\"01fa4ba\" data-element_type=\"container\" data-e-type=\"container\">\n\t\t<div data-particle_enable=\"false\" data-particle-mobile-disabled=\"false\" class=\"elementor-element elementor-element-e6a9cb5 e-con-full e-flex e-con e-child\" data-id=\"e6a9cb5\" data-element_type=\"container\" data-e-type=\"container\">\n\t\t\t\t<div class=\"elementor-element elementor-element-e1436e0 elementor-widget-divider--view-line elementor-widget elementor-widget-divider\" data-id=\"e1436e0\" data-element_type=\"widget\" data-e-type=\"widget\" data-widget_type=\"divider.default\">\n\t\t\t\t<div class=\"elementor-widget-container\">\n\t\t\t\t\t\t\t<div class=\"elementor-divider\">\n\t\t\t<span class=\"elementor-divider-separator\">\n\t\t\t\t\t\t<\/span>\n\t\t<\/div>\n\t\t\t\t\t\t<\/div>\n\t\t\t\t<\/div>\n\t\t\t\t<div class=\"elementor-element elementor-element-b165b36 elementor-widget elementor-widget-text-editor\" data-id=\"b165b36\" data-element_type=\"widget\" data-e-type=\"widget\" data-widget_type=\"text-editor.default\">\n\t\t\t\t<div class=\"elementor-widget-container\">\n\t\t\t\t\t\t\t\t\t<p><em><a href=\"https:\/\/m3c.universita.corsica\/lumi\/?p=4277&amp;elementor-preview=4277&amp;ver=1757078935#_ftnref1\" name=\"_ftn1\">[1]<\/a>\u00a0Laetizia Castellani, \u00ab L\u2019ethnotype \u00e0 travers les rapports des balanins \u00e0 la justice (XIXe \u2013 d\u00e9but XXe) \u00bb,\u00a0Des images qui nous collent \u00e0 la peau\u2026 Les ethnotypes hier et aujourd\u2019hui, UMR LISA-Alain Piazzola, 2020, p. 107-123.<\/em><\/p><p><em><a href=\"https:\/\/m3c.universita.corsica\/lumi\/?p=4277&amp;elementor-preview=4277&amp;ver=1757078935#_ftnref2\" name=\"_ftn2\">[2]<\/a>\u00a0Les pr\u00e9noms des diff\u00e9rents protagonistes ont \u00e9t\u00e9 modifi\u00e9s pour garantir leur anonymat. \u00a0<\/em><\/p><p><em><a href=\"https:\/\/m3c.universita.corsica\/lumi\/?p=4277&amp;elementor-preview=4277&amp;ver=1757078935#_ftnref3\" name=\"_ftn3\">[3]<\/a>\u00a0Le nom de la commune est modifi\u00e9\/n\u2019est pas pr\u00e9cis\u00e9 pour les m\u00eames raisons.<\/em><\/p><p><em><a href=\"https:\/\/m3c.universita.corsica\/lumi\/?p=4277&amp;elementor-preview=4277&amp;ver=1757078935#_ftnref4\" name=\"_ftn4\">[4]<\/a>\u00a0Il est compos\u00e9 d\u2019une dizaine de lettres concernant les interventions aupr\u00e8s des jur\u00e9s, de six courriers \u00e9chang\u00e9s entre Dominique et ses proches concernant l\u2019affaire dans son ensemble, un extrait des minutes du greffe qui liste les jur\u00e9s, une liste de notables, un bon de visite \u00e0 la prison. Les archives judiciaires n\u2019ont pas apport\u00e9 d\u2019\u00e9l\u00e9ments probants, il en est de m\u00eame pour la presse. Par exemple, il n\u2019y a pas de compte-rendu de cette session dans le\u00a0Journal de la Corse, Gallica, en ligne. Un seul article a \u00e9t\u00e9 trouv\u00e9 \u00e0 la Biblioth\u00e8que municipale de Bastia.<\/em><\/p><p><em><a href=\"https:\/\/m3c.universita.corsica\/lumi\/?p=4277&amp;elementor-preview=4277&amp;ver=1757078935#_ftnref5\" name=\"_ftn5\">[5]<\/a>\u00a0<a href=\"https:\/\/www.cairn.info\/publications-de-Jean-Paul-Pellegrinetti--76984.htm\">Jean-Paul Pellegrinetti<\/a>, \u00ab\u00a0Notables et r\u00e9seaux politiques en Corse, xix<sup>e\u00a0<\/sup>&#8211;\u00a0xx<sup>e<\/sup>\u00a0si\u00e8cle. L\u2019exemple d\u2019Emmanuel Ar\u00e8ne (1856-1908)\u00a0\u00bb,\u00a0<a href=\"https:\/\/www.cairn.info\/revue-histoire-politique.htm\">Histoire@Politique<\/a>,\u00a0<a href=\"https:\/\/www.cairn.info\/revue-histoire-politique-2015-1.htm\">2015\/1, n\u00b025<\/a>, p. 24-40.<\/em><\/p><p><em><a href=\"https:\/\/m3c.universita.corsica\/lumi\/?p=4277&amp;elementor-preview=4277&amp;ver=1757078935#_ftnref6\" name=\"_ftn6\">[6]<\/a>\u00a0Son pr\u00e9nom n\u2019est jamais mentionn\u00e9 dans la documentation.<\/em><\/p><p><em><a href=\"https:\/\/m3c.universita.corsica\/lumi\/?p=4277&amp;elementor-preview=4277&amp;ver=1757078935#_ftnref7\" name=\"_ftn7\">[7]<\/a>\u00a0Cette institution n\u2019a \u00e9t\u00e9 r\u00e9tablie qu\u2019en 1831. Louis XVIII avait institu\u00e9 une Cour sp\u00e9ciale compos\u00e9e de six juges. Selon le gouvernement le poids des relations familiales, communautaires et de client\u00e8les engendreraient des dysfonctionnements, d\u2019autant plus que les Corses \u00e9taient r\u00e9fractaires \u00e0 l\u2019autorit\u00e9 et rejetaient la justice institutionnelle. Francis Pomponi, \u00ab\u00a0Les rois passent\u00a0\u00bb,\u00a0M\u00e9morial des Corses, 1981, p. 79-82. Entre 1792 et 1801, le jury ne s\u2019est prononc\u00e9 que pour une dizaine de condamnations, alors que pour l\u2019ann\u00e9e 1820, la Cour a condamn\u00e9 une centaine de coupables dont 75 \u00e0 la peine capitale. Ces chiffres ont vocation \u00e0 frapper l\u2019opinion. Seuls deux conseillers g\u00e9n\u00e9raux s\u2019offusquent d\u2019une mesure discriminatoire. En Corse et sur le continent, plusieurs membres de la magistrature et du milieu de la justice militent pour la restauration du jury dont Patroni, Pompei, Vidau ou Sebastiani.<\/em><\/p><p><em><a href=\"https:\/\/m3c.universita.corsica\/lumi\/?p=4277&amp;elementor-preview=4277&amp;ver=1757078935#_ftnref8\" name=\"_ftn8\">[8]<\/a>\u00a0Antoine-Claude-Pasquin Valery,\u00a0Voyage en Corse, \u00e0 l\u2019\u00eele d\u2019Elbe et en Sardaigne, Bruxelles : Soci\u00e9t\u00e9 belge de librairie, 1838, T1, p. 21.<\/em><\/p><p><em><a href=\"https:\/\/m3c.universita.corsica\/lumi\/?p=4277&amp;elementor-preview=4277&amp;ver=1757078935#_ftnref9\" name=\"_ftn9\">[9]<\/a>\u00a0M. Sorbier, Dix ans de magistrature en Corse, Imp. Pasquier, rue Saint-Antoine, 11, cit\u00e9 par Charles Susini,\u00a0La Corse et les Corses : opinions et documents, Paris, Garnier fr\u00e8res, 1906, p. 302.<\/em><\/p><p><em><a href=\"https:\/\/m3c.universita.corsica\/lumi\/?p=4277&amp;elementor-preview=4277&amp;ver=1757078935#_ftnref10\" name=\"_ftn10\">[10]<\/a>\u00a0M. Sorbier,\u00a0ibidem.<\/em><\/p><p><em><a href=\"https:\/\/m3c.universita.corsica\/lumi\/?p=4277&amp;elementor-preview=4277&amp;ver=1757078935#_ftnref11\" name=\"_ftn11\">[11]<\/a>\u00a0Elisabeth Claverie, \u00ab\u00a0De la difficult\u00e9 de faire un citoyen : les \u00ab acquittements scandaleux \u00bb du jury dans la France provinciale du d\u00e9but du XIXe si\u00e8cle,\u00a0\u00c9tudes rurales, n\u00b095-96, 1984, p. 146, cet article peut \u00eatre utilement compl\u00e9t\u00e9 par Yves Pourcher, \u00ab\u00a0Des \u201cassises de gr\u00e2ce ?\u201d Le jury de la cour d&rsquo;assises de la Loz\u00e8re au XIXe si\u00e8cle\u00a0\u00bb,\u00a0\u00c9tudes rurales, n\u00b095-96, 1984, p. 167-180.<\/em><\/p><p><em><a href=\"https:\/\/m3c.universita.corsica\/lumi\/?p=4277&amp;elementor-preview=4277&amp;ver=1757078935#_ftnref12\" name=\"_ftn12\">[12]<\/a>\u00a0Caroline Parsi, \u00ab\u00a0Le crime d&rsquo;honneur en Corse (deuxi\u00e8me moiti\u00e9 du xix<sup>e<\/sup>\u00a0si\u00e8cle)<strong>\u00a0\u00bb,\u00a0<\/strong>\u00a0<a href=\"https:\/\/www-cairn-info.udcpp.idm.oclc.org\/revue-hypotheses.htm\">Hypoth\u00e8ses<\/a>, 2013, p. 247 \u00e0 261. La notion d\u2019honneur doit cependant \u00eatre utilis\u00e9e avec nuance, Laetizia Castellani, \u00ab\u00a0L\u2019ethnotype \u00e0 travers les rapports des balanins \u00e0 la justice (xix<sup>e<\/sup>\u00a0\u2013 d\u00e9but xx<sup>e<\/sup>)\u00a0\u00bb,\u00a0Des images qui nous collent \u00e0 la peau\u2026 Les ethnotypes hier et aujourd\u2019hui, UMR LISA-Alain Piazzola, 2020, p. 107-123.<\/em><\/p><p><em><a href=\"https:\/\/m3c.universita.corsica\/lumi\/?p=4277&amp;elementor-preview=4277&amp;ver=1757078935#_ftnref13\" name=\"_ftn13\">[13]<\/a>\u00a0L\u2019\u00e9change est reproduit dans le d\u00e9veloppement.<\/em><\/p><p><em><a href=\"https:\/\/m3c.universita.corsica\/lumi\/?p=4277&amp;elementor-preview=4277&amp;ver=1757078935#_ftnref14\" name=\"_ftn14\">[14]<\/a>\u00a0Cet intellectuel s\u2019int\u00e9resse \u00e0 l\u2019\u00e9conomie et \u00e0 la politique (Lettres \u00e0 un \u00e9lecteur, 1863). En 1856, il a \u00e9t\u00e9 poursuivi pour avoir introduit des brochures \u00ab\u00a0s\u00e9ditieuses\u00a0\u00bb,\u00a0La Sainte-Alliance, par Ledru-Rollin et un ouvrage dont il est l\u2019auteur,\u00a0La Corse libre, publi\u00e9 en Belgique, AN, recours en gr\u00e2ce.<\/em><\/p><p><em><a href=\"https:\/\/m3c.universita.corsica\/lumi\/?p=4277&amp;elementor-preview=4277&amp;ver=1757078935#_ftnref15\" name=\"_ftn15\">[15]<\/a>\u00a0Emile R\u00e9my, \u00ab\u00a0Histoire de la cour d\u2019appel de Bastia, 1768 \u00e0 1930\u00a0\u00bb,\u00a0Bulletin de la soci\u00e9t\u00e9 des sciences historiques et naturelles de la Corse, 1930, en ligne.\u00a0\u00a0\u00a0<\/em><\/p><p><em><a href=\"https:\/\/m3c.universita.corsica\/lumi\/?p=4277&amp;elementor-preview=4277&amp;ver=1757078935#_ftnref16\" name=\"_ftn16\">[16]<\/a>\u00a0Dominique suppose que c\u2019est son beau-fr\u00e8re, qui a t\u00e9l\u00e9graphi\u00e9 cette information \u00e0 Corte. Il pr\u00e9cise qu\u2019il est \u00e0 Bastia mais qu\u2019il ne veut pas le voir.<\/em><\/p><p><em><a href=\"https:\/\/m3c.universita.corsica\/lumi\/?p=4277&amp;elementor-preview=4277&amp;ver=1757078935#_ftnref17\" name=\"_ftn17\">[17]<\/a>\u00a0Falconetti Ignace 50 ans maire de Favalello\u00a0; Chini Thomas-Napol\u00e9on, 38 ans percepteur, Muro\u00a0; Bartoli Pierre-Fran\u00e7ois, 66 ans, capitaine en retraite, San Nicolao\u00a0; Dionisi Antoine-Jacques, 48 ans, maire de Canavaggia\u00a0; Campi Louis, 39 ans, propri\u00e9taire, Ajaccio\u00a0; Lantieri Prosper-Jacques-Fran\u00e7ois, 31 ans, propri\u00e9taire, Bonifacio\u00a0; Gentile Antoine, 38 ans, propri\u00e9taire, Bastia\u00a0; Luigi Fabien 45 ans maire et conseiller d\u2019arrondissement, Zalana\u00a0; Luciani Luc-Antoine, 62 ans, greffier, Calacuccia\u00a0; Marini Xavier, 68 ans, avocat, Calenzana\u00a0; Gaffajoli Marc-Aur\u00e8le 51 ans, Moita, suppl\u00e9ant\u00a0; Fabiani Antoine-Philippe, 39 ans, avocat, Bastia\u00a0; Cuneo d\u2019Ornano Fabien-Louis, 36 ans, propri\u00e9taire, Ajaccio\u00a0; Guidoni Alexis 63 ans, capitaine en retraite, Calenzana\u00a0; Carbuccia Fran\u00e7ois 49 ans maire de Carbuccia\u00a0; Casta Jean-Laurent, 65 ans, propri\u00e9taire, Santo-Pietro-di-Tenda\u00a0; Fieschi S\u00e9raphin, 61 ans, suppl\u00e9ant, Marignana\u00a0; Rocca Serra Pierre-Paul, 37 ans, propri\u00e9taire, Sart\u00e8ne\u00a0; Nicolai Fran\u00e7ois-Xavier, 34 ans, propri\u00e9taire, Penta di Casinca\u00a0; Fiamma S\u00e9verin, 46 ans, n\u00e9gociant Zicavo\u00a0; Filippini Tiburce Joseph, 45 ans propri\u00e9taire, Corte\u00a0; Pietri Joseph-Louis, 38 ans, propri\u00e9taire et n\u00e9gociant, Stazzona\u00a0; Ettori Napol\u00e9on, 39 ans, propri\u00e9taire, Sainte-Lucie de Tallano\u00a0; Fiamma Charles, 46 ans, n\u00e9gociant, Zicavo\u00a0; Bruni J\u00e9r\u00f4me, 43 ans, adjoint, Pila-Canale\u00a0; Pantalacci Jules-Michel, 49 ans, maire de Gatti di Vivario\u00a0; Durazzo Joseph, 55 ans, propri\u00e9taire Fozzano\u00a0; Albertini Ours-Fran\u00e7ois, 62 ans, capitaine \u00e0 la retraite, Bastia\u00a0; Paoletti S\u00e9bastien, 66 ans, m\u00e9decin Tasso\u00a0; Flori Ignace-Michel, 51 ans, propri\u00e9taire, Eccica Suarella\u00a0; Carlotti R\u00e9gulus, 65, ans ancien directeur p\u00e9nitencier, Ajaccio\u00a0; Emilj Jean-Baptiste, 39 ans, propri\u00e9taire, Sainte-Marie-Sicch\u00e8\u00a0; Cacciaguerra Antoine-Andr\u00e9, 32 ans, propri\u00e9taire, Volpajola\u00a0; Melgrani Fran\u00e7ois-Marie, 47 ans, notaire, Cuttoli Corticchiato\u00a0; Lanfranchi F\u00e9lix, 61 ans, militaire \u00e0 la retraite, Cauro. Les quatre jur\u00e9s suppl\u00e9mentaires sont\u00a0: De Caraffa Philippe, 69 ans, biblioth\u00e9caire\u00a0; Lepidi Joachim, 39 ans, commis des douanes\u00a0; Emmanuelli Dauphin, 68 ans, ex-notaire\u00a0; Guasco Jean-Louis 63 ans, architecte, tous demeurent \u00e0 Bastia.<\/em><\/p><p><em><a href=\"https:\/\/m3c.universita.corsica\/lumi\/?p=4277&amp;elementor-preview=4277&amp;ver=1757078935#_ftnref18\" name=\"_ftn18\">[18]<\/a>\u00a0Xavier Versini,\u00a0Un si\u00e8cle de banditisme en Corse 1814-1914,\u00a0Paris, Editions de Paris, 1964, p. 77-78.<\/em><\/p><p><em><a href=\"https:\/\/m3c.universita.corsica\/lumi\/?p=4277&amp;elementor-preview=4277&amp;ver=1757078935#_ftnref19\" name=\"_ftn19\">[19]<\/a>\u00a0Citation d&rsquo;un avocat bastiais, issue du livre pr\u00e9c\u00e9dent et citant \u00e0 son tour Arrighi, Le jury en Corse (compte rendu de la 4\u00e8me session de 1832), voir aussi Francis Pomponi,\u00a0Vendetta, justice et politique en Corse. \u00ab\u00a0L\u2019affaire Viterbi\u00a0\u00bb (1789-1821), Alata, Colonna \u00c9dition, Coll. \u00ab\u00a0Histoire\u00a0\u00bb, 2010, 221 p.<\/em><\/p><p><em><a href=\"https:\/\/m3c.universita.corsica\/lumi\/?p=4277&amp;elementor-preview=4277&amp;ver=1757078935#_ftnref20\" name=\"_ftn20\">[20]<\/a>\u00a0Sur les assises et les jur\u00e9s au XIX<sup>e<\/sup>\u00a0si\u00e8cle\u00a0se r\u00e9f\u00e9rer \u00e0 Jean-Claude Farcy, \u00ab\u00a0La stabilit\u00e9 du mod\u00e8le napol\u00e9onien (1810-milieu du XX<sup>e<\/sup>\u00a0si\u00e8cle),\u00a0Histoire de la justice en France, Rep\u00e8res, La D\u00e9couverte, 2015, p. 35 \u00e0 84 ou Aziz Jellab et Armelle Giglio, \u00ab\u00a0La cour d\u2019assises, une juridiction du \u00ab peuple juge \u00bb ?\u00a0\u00bb,\u00a0Des citoyens face au crime, Presses universitaires du Midi, 2012, p. 89-135. Au d\u00e9but de la Restauration les jur\u00e9s sont des notables car ils doivent \u00eatre inscrits sur les listes censitaires. Malgr\u00e9 la mise en place du suffrage universel, les notables sont favoris\u00e9s sous le Second Empire car la loi du 4\u00a0juin 1853 donne aux sous-pr\u00e9fets, juges de paix et maires la ma\u00eetrise des listes du jury.<\/em><\/p><p><em><a href=\"https:\/\/m3c.universita.corsica\/lumi\/?p=4277&amp;elementor-preview=4277&amp;ver=1757078935#_ftnref21\" name=\"_ftn21\">[21]<\/a>\u00a0Il deviendra le beau-fr\u00e8re d\u2019Emmanuel Ar\u00e8ne. Il sera receveur des Finances \u00e0 Corte en 1883.\u00a0<\/em><\/p><p><em><a href=\"https:\/\/m3c.universita.corsica\/lumi\/?p=4277&amp;elementor-preview=4277&amp;ver=1757078935#_ftnref22\" name=\"_ftn22\">[22]<\/a>\u00a0Il a re\u00e7u la l\u00e9gion d\u2019honneur en 1869, Leonore, en ligne.<\/em><\/p><p><em><a href=\"https:\/\/m3c.universita.corsica\/lumi\/?p=4277&amp;elementor-preview=4277&amp;ver=1757078935#_ftnref23\" name=\"_ftn23\">[23]<\/a>\u00a0Son p\u00e8re a \u00e9t\u00e9 maire d\u2019Ajaccio et conseiller g\u00e9n\u00e9ral.<\/em><\/p><p><em><a href=\"https:\/\/m3c.universita.corsica\/lumi\/?p=4277&amp;elementor-preview=4277&amp;ver=1757078935#_ftnref24\" name=\"_ftn24\">[24]<\/a>\u00a0Probl\u00e8me sur la date de naissance mais les autres \u00e9l\u00e9ments correspondent. Docteur en m\u00e9decine, conseiller g\u00e9n\u00e9ral, il a \u00e9t\u00e9 directeur de la colonie p\u00e9nitentiaire Saint-Antoine. Il \u00e9crit des ouvrages sur l\u2019agriculture. Il est titulaire de la l\u00e9gion d\u2019honneur, Leonore, en ligne.<\/em><\/p><p><em><a href=\"https:\/\/m3c.universita.corsica\/lumi\/?p=4277&amp;elementor-preview=4277&amp;ver=1757078935#_ftnref25\" name=\"_ftn25\">[25]<\/a>\u00a0Seuls J\u00e9r\u00f4me Bruni, Ignace-Michel Flori, F\u00e9lix Lanfranchi, et Pierre Fran\u00e7ois Bartoli ne sont ni coch\u00e9s, ni cit\u00e9s dans les courriers.<\/em><\/p><p><em><a href=\"https:\/\/m3c.universita.corsica\/lumi\/?p=4277&amp;elementor-preview=4277&amp;ver=1757078935#_ftnref26\" name=\"_ftn26\">[26]<\/a>\u00a0Il est \u00e0 l\u2019h\u00f4tel d\u2019Italie.<\/em><\/p><p><em><a href=\"https:\/\/m3c.universita.corsica\/lumi\/?p=4277&amp;elementor-preview=4277&amp;ver=1757078935#_ftnref27\" name=\"_ftn27\">[27]<\/a>\u00a0Jean-Baptiste propri\u00e9taire Sainte-Marie-Sicch\u00e8 39 ans.<\/em><\/p><p><em><a href=\"https:\/\/m3c.universita.corsica\/lumi\/?p=4277&amp;elementor-preview=4277&amp;ver=1757078935#_ftnref28\" name=\"_ftn28\">[28]<\/a>\u00a0Fils de Jean-Paul, propri\u00e9taire Sart\u00e8ne, 37 ans.<\/em><\/p><p><em><a href=\"https:\/\/m3c.universita.corsica\/lumi\/?p=4277&amp;elementor-preview=4277&amp;ver=1757078935#_ftnref29\" name=\"_ftn29\">[29]<\/a>\u00a0Napol\u00e9on, 39 ans, est propri\u00e9taire.<\/em><\/p><p><em><a href=\"https:\/\/m3c.universita.corsica\/lumi\/?p=4277&amp;elementor-preview=4277&amp;ver=1757078935#_ftnref30\" name=\"_ftn30\">[30]<\/a>\u00a0Le fonds priv\u00e9 Giuliani est compos\u00e9 de presque 400 courriers. Dans une de ses lettres, au d\u00e9but de la R\u00e9volution fran\u00e7aise, Antonio Giuliani conseille \u00e0 son fr\u00e8re Giuliano qui veut jouer un r\u00f4le politique au d\u00e9but de la r\u00e9volution\u00a0: \u00ab cercate a farvi degli amici \u00bb. Il est souvent fait appel aux \u00ab\u00a0amis\u00a0\u00bb pour \u00eatre prot\u00e9g\u00e9, pour appuyer une candidature, sur la recommandation d\u2019une tierce personne. Le terme \u00ab\u00a0ennemi\u00a0\u00bb revient r\u00e9guli\u00e8rement pour d\u00e9signer les membres du parti oppos\u00e9.<\/em><\/p><p><em><a href=\"https:\/\/m3c.universita.corsica\/lumi\/?p=4277&amp;elementor-preview=4277&amp;ver=1757078935#_ftnref31\" name=\"_ftn31\">[31]<\/a>\u00a0Jean-Luc Alberti, \u00ab\u00a0H\u00e9r\u00e9dit\u00e9 et pouvoir local\u00a0\u00bb,\u00a0Etudes corses.\u00a01994, n\u00b042-43, p. 123-186.<\/em><\/p><p><em><a href=\"https:\/\/m3c.universita.corsica\/lumi\/?p=4277&amp;elementor-preview=4277&amp;ver=1757078935#_ftnref32\" name=\"_ftn32\">[32]<\/a>\u00a0Seuls quatre individus n\u2019ont pas pu \u00eatre document\u00e9s.<\/em><\/p><p><em><a href=\"https:\/\/m3c.universita.corsica\/lumi\/?p=4277&amp;elementor-preview=4277&amp;ver=1757078935#_ftnref33\" name=\"_ftn33\">[33]<\/a>\u00a0Il pourrait s\u2019agir d\u2019un homonyme.<\/em><\/p><p><em><a href=\"https:\/\/m3c.universita.corsica\/lumi\/?p=4277&amp;elementor-preview=4277&amp;ver=1757078935#_ftnref34\" name=\"_ftn34\">[34]<\/a>\u00a0Il est maire bonapartiste de Bastia de 1871 \u00e0 1879.<\/em><\/p><p><em><a href=\"https:\/\/m3c.universita.corsica\/lumi\/?p=4277&amp;elementor-preview=4277&amp;ver=1757078935#_ftnref35\" name=\"_ftn35\">[35]<\/a>\u00a0Il est \u00e9lu conseiller g\u00e9n\u00e9ral bonapartiste de Bastia en 1871.<\/em><\/p><p><em><a href=\"https:\/\/m3c.universita.corsica\/lumi\/?p=4277&amp;elementor-preview=4277&amp;ver=1757078935#_ftnref36\" name=\"_ftn36\">[36]<\/a>\u00a0Il a \u00e9t\u00e9 maire de Bastia dans les ann\u00e9es 1850.<\/em><\/p><p><em><a href=\"https:\/\/m3c.universita.corsica\/lumi\/?p=4277&amp;elementor-preview=4277&amp;ver=1757078935#_ftnref37\" name=\"_ftn37\">[37]<\/a>\u00a0C. F. G. est condamn\u00e9 \u00e0 deux ans de prison pour blessures ayant occasionn\u00e9 la mort sans intention de la donner\u00a0; J.-M. S. et R.-A. T. \u00e9copent d\u2019une condamnation \u00e9quivalente \u00e0 celle d\u2019Antoine pour \u00ab\u00a0meurtre excusable\u00a0\u00bb (4 ans), 300 francs de dommages et int\u00e9r\u00eats pour le second.<\/em><\/p><p><em><a href=\"https:\/\/m3c.universita.corsica\/lumi\/?p=4277&amp;elementor-preview=4277&amp;ver=1757078935#_ftnref38\" name=\"_ftn38\">[38]<\/a>\u00a0J.-B. R., L. A., M.-D. B. Un italien poursuivi pour assassinat suivi de vol est aussi acquitt\u00e9. L\u2019appartenance \u00e0 une famille bien ins\u00e9r\u00e9e n\u2019est pas un gage pour obtenir la mansu\u00e9tude du jury, ainsi F. X. A. est condamn\u00e9 \u00e0 perp\u00e9tuit\u00e9. Il est pourtant \u00ab\u00a0assez bien not\u00e9\u00a0\u00bb et il s\u2019est rendu aux autorit\u00e9s. La s\u00e9v\u00e9rit\u00e9 de la peine pourrait \u00eatre li\u00e9e au fait qu\u2019il s\u2019est acharn\u00e9 sur la victime.<\/em><\/p><p><em><a href=\"https:\/\/m3c.universita.corsica\/lumi\/?p=4277&amp;elementor-preview=4277&amp;ver=1757078935#_ftnref39\" name=\"_ftn39\">[39]<\/a>\u00a0Elisabeth Claverie,\u00a0op. cit.\u00a0et Caroline Parsi,\u00a0op. cit., p. 247 \u00e0 261.<\/em><\/p><p><em><a href=\"https:\/\/m3c.universita.corsica\/lumi\/?p=4277&amp;elementor-preview=4277&amp;ver=1757078935#_ftnref40\" name=\"_ftn40\">[40]<\/a>\u00a0Son dossier p\u00e9nitentiaire pr\u00e9cise qu\u2019il a assassin\u00e9 son \u00e9pouse, Archives Nationales d\u2019Outre-Mer, en ligne.<\/em><\/p><p><em><a href=\"https:\/\/m3c.universita.corsica\/lumi\/?p=4277&amp;elementor-preview=4277&amp;ver=1757078935#_ftnref41\" name=\"_ftn41\">[41]<\/a>\u00a0Il est pr\u00e9cis\u00e9 dans son dossier p\u00e9nitentiaire qu\u2019il a agi avec pr\u00e9m\u00e9ditation,\u00a0ibidem.<\/em><\/p>\t\t\t\t\t\t\t\t<\/div>\n\t\t\t\t<\/div>\n\t\t\t\t<\/div>\n\t\t\t\t<\/div>\n\t\t\t\t<\/div>\n\t\t","protected":false},"excerpt":{"rendered":"<p>Les Corses entretiennent des rapports complexes avec la justice et l\u2019institution judiciaire[1]. Au xixe si\u00e8cle, les critiques sur son fonctionnement sont nombreuses. \u00c0 la fin du Second Empire, Dominique et Pierre[2] sont jug\u00e9s par les assises pour avoir pris part \u00e0 une rixe au cours de laquelle l\u2019un des protagonistes a \u00e9t\u00e9 bless\u00e9 par arme [&hellip;]<\/p>\n","protected":false},"author":31,"featured_media":4715,"comment_status":"closed","ping_status":"closed","sticky":false,"template":"","format":"standard","meta":{"_acf_changed":false,"footnotes":""},"categories":[39],"tags":[],"class_list":["post-4277","post","type-post","status-publish","format-standard","has-post-thumbnail","hentry","category-varia6"],"acf":[],"_links":{"self":[{"href":"https:\/\/m3c.universita.corsica\/lumi\/wp-json\/wp\/v2\/posts\/4277","targetHints":{"allow":["GET"]}}],"collection":[{"href":"https:\/\/m3c.universita.corsica\/lumi\/wp-json\/wp\/v2\/posts"}],"about":[{"href":"https:\/\/m3c.universita.corsica\/lumi\/wp-json\/wp\/v2\/types\/post"}],"author":[{"embeddable":true,"href":"https:\/\/m3c.universita.corsica\/lumi\/wp-json\/wp\/v2\/users\/31"}],"replies":[{"embeddable":true,"href":"https:\/\/m3c.universita.corsica\/lumi\/wp-json\/wp\/v2\/comments?post=4277"}],"version-history":[{"count":23,"href":"https:\/\/m3c.universita.corsica\/lumi\/wp-json\/wp\/v2\/posts\/4277\/revisions"}],"predecessor-version":[{"id":4315,"href":"https:\/\/m3c.universita.corsica\/lumi\/wp-json\/wp\/v2\/posts\/4277\/revisions\/4315"}],"wp:featuredmedia":[{"embeddable":true,"href":"https:\/\/m3c.universita.corsica\/lumi\/wp-json\/wp\/v2\/media\/4715"}],"wp:attachment":[{"href":"https:\/\/m3c.universita.corsica\/lumi\/wp-json\/wp\/v2\/media?parent=4277"}],"wp:term":[{"taxonomy":"category","embeddable":true,"href":"https:\/\/m3c.universita.corsica\/lumi\/wp-json\/wp\/v2\/categories?post=4277"},{"taxonomy":"post_tag","embeddable":true,"href":"https:\/\/m3c.universita.corsica\/lumi\/wp-json\/wp\/v2\/tags?post=4277"}],"curies":[{"name":"wp","href":"https:\/\/api.w.org\/{rel}","templated":true}]}}