{"id":4564,"date":"2025-09-13T15:35:10","date_gmt":"2025-09-13T15:35:10","guid":{"rendered":"https:\/\/m3c.universita.corsica\/lumi\/?p=4564"},"modified":"2025-09-29T15:57:33","modified_gmt":"2025-09-29T15:57:33","slug":"sommaire","status":"publish","type":"post","link":"https:\/\/m3c.universita.corsica\/lumi\/sommaire\/","title":{"rendered":"Sommaire"},"content":{"rendered":"\t\t<div data-elementor-type=\"wp-post\" data-elementor-id=\"4564\" class=\"elementor elementor-4564\" data-elementor-post-type=\"post\">\n\t\t\t\t\t\t<section data-particle_enable=\"false\" data-particle-mobile-disabled=\"false\" class=\"elementor-section elementor-top-section elementor-element elementor-element-3a18bbe8 elementor-section-boxed elementor-section-height-default elementor-section-height-default\" data-id=\"3a18bbe8\" data-element_type=\"section\" data-e-type=\"section\">\n\t\t\t\t\t\t<div class=\"elementor-container elementor-column-gap-default\">\n\t\t\t\t\t<div class=\"elementor-column elementor-col-100 elementor-top-column elementor-element elementor-element-4b643c40\" data-id=\"4b643c40\" data-element_type=\"column\" data-e-type=\"column\">\n\t\t\t<div class=\"elementor-widget-wrap elementor-element-populated\">\n\t\t\t\t\t\t<div class=\"elementor-element elementor-element-408a78ac elementor-widget elementor-widget-heading\" data-id=\"408a78ac\" data-element_type=\"widget\" data-e-type=\"widget\" data-widget_type=\"heading.default\">\n\t\t\t\t<div class=\"elementor-widget-container\">\n\t\t\t\t\t<h1 class=\"elementor-heading-title elementor-size-default\">Sommaire<\/h1>\t\t\t\t<\/div>\n\t\t\t\t<\/div>\n\t\t\t\t\t<\/div>\n\t\t<\/div>\n\t\t\t\t\t<\/div>\n\t\t<\/section>\n\t\t\t\t<section data-particle_enable=\"false\" data-particle-mobile-disabled=\"false\" class=\"elementor-section elementor-top-section elementor-element elementor-element-d158794 elementor-section-boxed elementor-section-height-default elementor-section-height-default\" data-id=\"d158794\" data-element_type=\"section\" data-e-type=\"section\">\n\t\t\t\t\t\t<div class=\"elementor-container elementor-column-gap-default\">\n\t\t\t\t\t<div class=\"elementor-column elementor-col-50 elementor-top-column elementor-element elementor-element-0b264ee\" data-id=\"0b264ee\" data-element_type=\"column\" data-e-type=\"column\" data-settings=\"{&quot;background_background&quot;:&quot;classic&quot;}\">\n\t\t\t<div class=\"elementor-widget-wrap\">\n\t\t\t\t\t\t\t<\/div>\n\t\t<\/div>\n\t\t\t\t<div class=\"elementor-column elementor-col-50 elementor-top-column elementor-element elementor-element-46b521c\" data-id=\"46b521c\" data-element_type=\"column\" data-e-type=\"column\">\n\t\t\t<div class=\"elementor-widget-wrap elementor-element-populated\">\n\t\t\t\t\t\t<div class=\"elementor-element elementor-element-c7e4d70 elementor-widget-divider--view-line_text elementor-widget-divider--element-align-center elementor-widget elementor-widget-divider\" data-id=\"c7e4d70\" data-element_type=\"widget\" data-e-type=\"widget\" data-widget_type=\"divider.default\">\n\t\t\t\t<div class=\"elementor-widget-container\">\n\t\t\t\t\t\t\t<div class=\"elementor-divider\">\n\t\t\t<span class=\"elementor-divider-separator\">\n\t\t\t\t\t\t\t<p class=\"elementor-divider__text elementor-divider__element\">\n\t\t\t\tTextes Introductifs\t\t\t\t<\/p>\n\t\t\t\t\t\t<\/span>\n\t\t<\/div>\n\t\t\t\t\t\t<\/div>\n\t\t\t\t<\/div>\n\t\t\t\t<div class=\"elementor-element elementor-element-8fb8e01 elementor-widget__width-initial elementor-widget elementor-widget-text-editor\" data-id=\"8fb8e01\" data-element_type=\"widget\" data-e-type=\"widget\" data-widget_type=\"text-editor.default\">\n\t\t\t\t<div class=\"elementor-widget-container\">\n\t\t\t\t\t\t\t\t\t<p><a href=\"https:\/\/m3c.universita.corsica\/lumi\/editorial-6\/\">\u00c9ditorial<\/a><\/p><p><a href=\"https:\/\/m3c.universita.corsica\/lumi\/conference-inaugurale-du-professeur-antonio-trampus\/\">Conf\u00e9rence inaugurale d\u2019Antonio Trampus, professeur d\u2019histoire moderne \u00e0 l\u2019Universit\u00e0 Ca\u2019 Foscari de Venise, auteur de l\u2019ouvrage <em>\u00ab\u00a0Il diritto alla felicit\u00e0\u00a0: storia di un\u2019idea\u00a0\u00bb<\/em>.<\/a><\/p><p><a href=\"https:\/\/m3c.universita.corsica\/lumi\/echanges-avec-le-professeur-antonio-trampus\/\">\u00c9changes avec Antonio Trampus.<\/a><\/p>\t\t\t\t\t\t\t\t<\/div>\n\t\t\t\t<\/div>\n\t\t\t\t<div class=\"elementor-element elementor-element-e41d495 elementor-widget-divider--view-line_text elementor-widget-divider--element-align-center elementor-widget elementor-widget-divider\" data-id=\"e41d495\" data-element_type=\"widget\" data-e-type=\"widget\" data-widget_type=\"divider.default\">\n\t\t\t\t<div class=\"elementor-widget-container\">\n\t\t\t\t\t\t\t<div class=\"elementor-divider\">\n\t\t\t<span class=\"elementor-divider-separator\">\n\t\t\t\t\t\t\t<p class=\"elementor-divider__text elementor-divider__element\">\n\t\t\t\tArticles\t\t\t\t<\/p>\n\t\t\t\t\t\t<\/span>\n\t\t<\/div>\n\t\t\t\t\t\t<\/div>\n\t\t\t\t<\/div>\n\t\t\t\t<div class=\"elementor-element elementor-element-58fbcda elementor-widget__width-initial elementor-widget elementor-widget-heading\" data-id=\"58fbcda\" data-element_type=\"widget\" data-e-type=\"widget\" data-widget_type=\"heading.default\">\n\t\t\t\t<div class=\"elementor-widget-container\">\n\t\t\t\t\t<h3 class=\"elementor-heading-title elementor-size-default\">I\/ Pasquale Paoli et le droit au bonheur, variations autour de l\u2019exp\u00e9rience corse<\/h3>\t\t\t\t<\/div>\n\t\t\t\t<\/div>\n\t\t\t\t<div class=\"elementor-element elementor-element-4637cbe elementor-widget__width-initial elementor-widget elementor-widget-text-editor\" data-id=\"4637cbe\" data-element_type=\"widget\" data-e-type=\"widget\" data-widget_type=\"text-editor.default\">\n\t\t\t\t<div class=\"elementor-widget-container\">\n\t\t\t\t\t\t\t\t\t<p><a href=\"https:\/\/m3c.universita.corsica\/lumi\/a-propos-de-la-felicita-pubblica-des-revolution-naires-corses-du-xviiie-siecle\/\"><strong>Erick Miceli<\/strong>, Chercheur associ\u00e9 aux Centro di Ricerca Fernand Braudel \u2013 Laboratorio di Storia Marittima e Navale, Universit\u00e0 di Genova \/ UMR LISA 6240, Universit\u00e0 di Corsica \u2013 Pasquale Paoli, <em>\u00ab \u00c0 propos de la felicit\u00e0 pubblica des r\u00e9volutionnaires corses du xviii<sup>e<\/sup> si\u00e8cle\u00a0\u00bb<\/em>.\u00a0<\/a><\/p><p><a href=\"https:\/\/m3c.universita.corsica\/lumi\/le-droit-au-bonheur-comme-fondement-des-droits-sociaux\/\"><strong>Jean-Guy Talamoni<\/strong>, Docteur HDR, Universit\u00e0 di Corsica Pasquale Paoli, directeur de la revue Lumi, <em>\u00ab\u00a0<\/em><em>Le droit au bonheur comme fondement des droits sociaux<\/em><em>\u00bb.<\/em><\/a><\/p><p><a href=\"https:\/\/m3c.universita.corsica\/lumi\/le-droit-au-bonheur-chez-les-princes-des-lumieres-une-approche-comparative-xviiieme-xixeme-siecles\/\"><strong>Thibaut Dauphin<\/strong>, Docteur en sciences politiques, postdoctorant \u00e0 l\u2019Universit\u00e0 di Corsica, <em>\u00ab\u00a0Le droit au bonheur chez les princes des Lumi\u00e8res\u00a0: une approche comparative (XVIII\u00e8me-XIX\u00e8me si\u00e8cles)\u00a0\u00bb<\/em>.<\/a><\/p><p><a href=\"https:\/\/m3c.universita.corsica\/lumi\/au-risque-de-loxymore-napoleon-bonaparte-et-le-droit-au-bonheur\/\"><strong>Pierre-Antoine Tomasi<\/strong>, Docteur en droit public, Universit\u00e0 di Corsica Pasquale Paoli, <em>\u00ab\u00a0Au risque de l\u2019oxymore\u00a0? Napol\u00e9on Bonaparte et le droit au bonheur\u00a0\u00bb<\/em>.<\/a><\/p><p><a href=\"https:\/\/m3c.universita.corsica\/lumi\/la-recherche-du-bonheur-de-la-constitution-de-paoli-a-la-declaration-dindependance-des-etats-unis\/\"><strong>Wanda Mastor<\/strong>, Professeure agr\u00e9g\u00e9e de droit public, Universit\u00e0 di Corsica Pasquale Paoli, <em>\u00ab\u00a0La recherche du bonheur, de la Constitution de Paoli \u00e0 la D\u00e9claration d\u2019ind\u00e9pendance des \u00c9tats-Unis\u00a0\u00bb<\/em>.<\/a><\/p>\t\t\t\t\t\t\t\t<\/div>\n\t\t\t\t<\/div>\n\t\t\t\t<div class=\"elementor-element elementor-element-634291b elementor-widget__width-initial elementor-widget elementor-widget-heading\" data-id=\"634291b\" data-element_type=\"widget\" data-e-type=\"widget\" data-widget_type=\"heading.default\">\n\t\t\t\t<div class=\"elementor-widget-container\">\n\t\t\t\t\t<h3 class=\"elementor-heading-title elementor-size-default\">II\/ Concevoir le bonheur comme un droit au Si\u00e8cle des Lumi\u00e8res<\/h3>\t\t\t\t<\/div>\n\t\t\t\t<\/div>\n\t\t\t\t<div class=\"elementor-element elementor-element-7c5c122 elementor-widget__width-initial elementor-widget elementor-widget-text-editor\" data-id=\"7c5c122\" data-element_type=\"widget\" data-e-type=\"widget\" data-widget_type=\"text-editor.default\">\n\t\t\t\t<div class=\"elementor-widget-container\">\n\t\t\t\t\t\t\t\t\t<p><a href=\"https:\/\/m3c.universita.corsica\/lumi\/penser-la-republique-comme-ecrin-du-bonheur-et-de-la-liberte-lideologie-de-destutt-de-tracy-et-cabanis\/\"><strong>Laura Andr\u00e9 Lombard<\/strong>, Doctorante en Histoire du droit, Institut Michel Villey, pour la culture juridique et la philosophie du droit, Universit\u00e9 Paris Panth\u00e9on-Assas, <em>\u00ab\u00a0Penser la R\u00e9publique comme \u00e9crin du bonheur et de la libert\u00e9\u00a0: l\u2019Id\u00e9ologie de Destutt de Tracy et Cabanis\u00a0\u00bb<\/em>.<\/a><\/p><p><a href=\"https:\/\/m3c.universita.corsica\/lumi\/l-ile-utopie-comme-lieu-de-bonheur-dans-la-pensee-detienne-cabet\/\"><strong>Deborah Paci<\/strong>, Universit\u00e9 de Mod\u00e8ne et de Reggio Emilia, <em>\u00ab\u00a0L\u2019\u00eele-utopie comme \u201clieu de bonheur\u201d dans la pens\u00e9e d\u2019\u00c9tienne Cabet\u00a0\u00bb<\/em>.<\/a><\/p><p><a href=\"https:\/\/m3c.universita.corsica\/lumi\/le-bonheur-une-ambition-decue-du-constitutionnalisme-revolutionnaire\/\"><strong>Ludovic de Thy<\/strong>, Ma\u00eetre de conf\u00e9rences en droit public, Universit\u00e0 di Corsica <em>Pasquale Paoli<\/em>, \u00c9quipe M\u00e9diterran\u00e9enne de Recherche Juridique (UR 7311), <em>\u00ab\u00a0Le bonheur, une ambition d\u00e9\u00e7ue du constitutionnalisme r\u00e9volutionnaire\u00a0\u00bb<\/em>.<\/a><\/p>\t\t\t\t\t\t\t\t<\/div>\n\t\t\t\t<\/div>\n\t\t\t\t<div class=\"elementor-element elementor-element-c2e3ab6 elementor-widget__width-initial elementor-widget elementor-widget-heading\" data-id=\"c2e3ab6\" data-element_type=\"widget\" data-e-type=\"widget\" data-widget_type=\"heading.default\">\n\t\t\t\t<div class=\"elementor-widget-container\">\n\t\t\t\t\t<h3 class=\"elementor-heading-title elementor-size-default\">III\/ Concevoir le bonheur comme un droit, une notion de droit positif<\/h3>\t\t\t\t<\/div>\n\t\t\t\t<\/div>\n\t\t\t\t<div class=\"elementor-element elementor-element-d3de556 elementor-widget__width-initial elementor-widget elementor-widget-text-editor\" data-id=\"d3de556\" data-element_type=\"widget\" data-e-type=\"widget\" data-widget_type=\"text-editor.default\">\n\t\t\t\t<div class=\"elementor-widget-container\">\n\t\t\t\t\t\t\t\t\t<p><a href=\"https:\/\/m3c.universita.corsica\/lumi\/le-revenu-universel-prealable-necessaire-au-droit-au-bonheur\/\"><strong>Martine Long<\/strong>, Ma\u00eetresse de conf\u00e9rences (HDR) en droit public \u00e0 l\u2019universit\u00e9 d\u2019Angers, <em>\u00ab\u00a0Le revenu universel, pr\u00e9alable n\u00e9cessaire au droit au bonheur\u00a0?\u00a0\u00bb<\/em><\/a><\/p><p><strong>Anne-Marie Luciani<\/strong>, Professeur de Droit priv\u00e9, Universit\u00e0 di Corsica Pasquale Paoli, <em>\u00ab\u00a0Le droit au bonheur et le Code civil\u00a0\u00bb<\/em>.<\/p><p><a href=\"https:\/\/m3c.universita.corsica\/lumi\/entre-bonheur-prive-et-bonheur-commun-linevidence-constitutive-de-linteret-general-a-la-francaise\/\"><strong>Lino Castex<\/strong>, SciencesPo\/CEVIPOF, <em>\u00ab\u00a0Entre bonheur priv\u00e9 et bonheur commun\u00a0: l\u2019in\u00e9vidence constitutive de l\u2019int\u00e9r\u00eat g\u00e9n\u00e9ral \u00e0 la fran\u00e7aise\u00a0\u00bb<\/em>.<\/a><\/p><p><a href=\"https:\/\/m3c.universita.corsica\/lumi\/le-droit-au-bonheur-une-idee-emergente-en-droit-compare\/\"><strong>Carine David<\/strong>, Professeur \u00e0 Aix Marseille Universit\u00e9, CNRS, DICE, ILF, Aix-en-Provence, Membre de l\u2019Institut Universitaire de France, Directrice de la Revue juridique du bonheur, <em>\u00ab\u00a0Le droit au bonheur, une id\u00e9e \u00e9mergente en droit compar\u00e9\u00a0\u00bb<\/em>.<\/a><\/p><p><a href=\"https:\/\/m3c.universita.corsica\/lumi\/bonheur-individuel-et-bonheur-collectif-a-propos-des-deux-faces-de-la-conception-juridique-du-bonheur\/\"><strong>F\u00e9licien Lemaire<\/strong>, Professeur de droit public, Universit\u00e9 d\u2019Angers, CJB, SFR Confluences, F. 49000 Angers, Coordinateur scientifique du projet BonDroit, <em>\u00ab\u00a0<\/em><em>Bonheur individuel et bonheur collectif, \u00e0 propos des deux faces de la conception juridique du bonheur\u00a0\u00bb<\/em>.<\/a><\/p><p><a href=\"https:\/\/m3c.universita.corsica\/lumi\/la-poursuite-du-droit-au-bonheur-en-chine-au-japon-et-dans-les-deux-corees-reflets-dune-pluralite-de-modeles-de-societe\/\"><strong>Alicia Vanderpotte<\/strong>, Aix-Marseille Universit\u00e9, Centre d&rsquo;Etudes Fiscales et Financi\u00e8res, <em>\u00ab\u00a0La poursuite du droit au bonheur en Chine, au Japon, et dans les deux Cor\u00e9es\u00a0: reflets d\u2019une pluralit\u00e9 de mod\u00e8les de soci\u00e9t\u00e9\u00a0\u00bb<\/em>.<\/a><\/p>\t\t\t\t\t\t\t\t<\/div>\n\t\t\t\t<\/div>\n\t\t\t\t<div class=\"elementor-element elementor-element-0bc6d53 elementor-widget__width-initial elementor-widget elementor-widget-heading\" data-id=\"0bc6d53\" data-element_type=\"widget\" data-e-type=\"widget\" data-widget_type=\"heading.default\">\n\t\t\t\t<div class=\"elementor-widget-container\">\n\t\t\t\t\t<h3 class=\"elementor-heading-title elementor-size-default\">IV\/ Concr\u00e9tiser le droit au bonheur, des perspectives plurielles<\/h3>\t\t\t\t<\/div>\n\t\t\t\t<\/div>\n\t\t\t\t<div class=\"elementor-element elementor-element-14715b7 elementor-widget__width-initial elementor-widget elementor-widget-text-editor\" data-id=\"14715b7\" data-element_type=\"widget\" data-e-type=\"widget\" data-widget_type=\"text-editor.default\">\n\t\t\t\t<div class=\"elementor-widget-container\">\n\t\t\t\t\t\t\t\t\t<p><a href=\"https:\/\/m3c.universita.corsica\/lumi\/de-la-chance-au-choix-la-transformation-du-bonheur-sous-le-prisme-de-la-distance\/\"><strong>Outahar Mohamed<\/strong>, Ma\u00eetre de conf\u00e9rences en Sociologie, Institut National de l\u2019Action Sociale (INAS) de Tanger, Maroc, <em>\u00ab\u00a0De la chance au choix\u00a0: la transformation du bonheur sous le prisme de la distance\u00a0\u00bb<\/em>.<\/a><\/p><p><a href=\"https:\/\/m3c.universita.corsica\/lumi\/lurbanisme-du-futur-pour-acceder-au-bonheur-les-lecons-a-tirer-des-utopies-urbaines-depuis-le-xve-siecle\/\"><strong>Emmanuelle Bornet<\/strong>, Universit\u00e9 Toulouse Capitole \u2014 Laboratoire IEJUC, <em>\u00ab\u00a0L\u2019urbanisme du futur pour acc\u00e9der au bonheur ? Les le\u00e7ons \u00e0 tirer des utopies urbaines depuis le XV<sup>e<\/sup> si\u00e8cle\u00a0\u00bb<\/em>.<\/a><\/p><p><a href=\"https:\/\/m3c.universita.corsica\/lumi\/lepanouissement-humain-dans-la-forme-de-vie-democratique\/\"><strong>Ga\u00ebl Berthier<\/strong>, Docteur en philosophie morale et politique, Universit\u00e9 Gustave Eiffel, <em>\u00ab\u00a0L\u2019\u00e9panouissement humain dans la forme de vie d\u00e9mocratique\u00a0\u00bb<\/em>.<\/a><\/p><p><a href=\"https:\/\/m3c.universita.corsica\/lumi\/les-jours-heureux-normes-et-droits-universalistes-du-bonheur-de-la-resistance-a-la-veme-republique\/\"><strong>R\u00e9mi Baudou\u00ef<\/strong>, Professeur honoraire en sciences politiques, Universit\u00e9 de Gen\u00e8ve, <em>\u00ab\u00a0\u201cLes jours heureux\u201d. Normes et droits universalistes du bonheur, de la R\u00e9sistance \u00e0 la V<sup>\u00e8me<\/sup> R\u00e9publique\u00a0\u00bb<\/em>.<\/a><\/p><p><a href=\"https:\/\/m3c.universita.corsica\/lumi\/potentialites-inexplorees-pour-une-reconceptualisation-normative-des-categories-actuelles-du-travail-a-la-lumiere-du-droit-au-bonheur\/\"><strong>Alessio Belli<\/strong>, Docteur en th\u00e9orie du droit, postdoctorant \u00e0 l\u2019Universit\u00e9 du Luxembourg, <em>\u00ab\u00a0Potentialit\u00e9s inexplor\u00e9es. Pour une reconceptualisation normative des cat\u00e9gories actuelles du travail \u00e0 la lumi\u00e8re du droit au bonheur\u00a0\u00bb<\/em>.<\/a><\/p><p><a href=\"https:\/\/m3c.universita.corsica\/lumi\/cultiver-le-bonheur-dans-leducation-perspectives-interdisciplinaires-et-orientations-futures\/\"><strong>Mihaela Vancea<\/strong>, Universit\u00e9 de Barcelone, <em>\u00ab\u00a0Cultiver le bonheur dans l&rsquo;\u00e9ducation : perspectives interdisciplinaires et orientations futures\u00a0\u00bb<\/em>.<\/a><\/p>\t\t\t\t\t\t\t\t<\/div>\n\t\t\t\t<\/div>\n\t\t\t\t<div class=\"elementor-element elementor-element-127bcba elementor-widget__width-initial elementor-widget elementor-widget-heading\" data-id=\"127bcba\" data-element_type=\"widget\" data-e-type=\"widget\" data-widget_type=\"heading.default\">\n\t\t\t\t<div class=\"elementor-widget-container\">\n\t\t\t\t\t<h3 class=\"elementor-heading-title elementor-size-default\">Varia<\/h3>\t\t\t\t<\/div>\n\t\t\t\t<\/div>\n\t\t\t\t<div class=\"elementor-element elementor-element-de37e13 elementor-widget__width-initial elementor-widget elementor-widget-text-editor\" data-id=\"de37e13\" data-element_type=\"widget\" data-e-type=\"widget\" data-widget_type=\"text-editor.default\">\n\t\t\t\t<div class=\"elementor-widget-container\">\n\t\t\t\t\t\t\t\t\t<p><a href=\"https:\/\/m3c.universita.corsica\/lumi\/changer-le-cours-de-la-justice-une-famille-de-la-petite-notabilite-urbaine-face-a-linstitution-judiciaire\/\"><strong>Laetizia Castellani<\/strong>, UMR Lisa, Universit\u00e0 di Corsica Pasquale Paoli, <em>\u00ab\u00a0<\/em><em>Changer le cours de la justice\u00a0? Une famille de la petite notabilit\u00e9 urbaine face \u00e0 l\u2019institution judiciaire\u00a0\u00bb<\/em>.<\/a><\/p>\t\t\t\t\t\t\t\t<\/div>\n\t\t\t\t<\/div>\n\t\t\t\t<div class=\"elementor-element elementor-element-aee02b0 elementor-widget-divider--view-line elementor-widget elementor-widget-divider\" data-id=\"aee02b0\" data-element_type=\"widget\" data-e-type=\"widget\" data-widget_type=\"divider.default\">\n\t\t\t\t<div class=\"elementor-widget-container\">\n\t\t\t\t\t\t\t<div class=\"elementor-divider\">\n\t\t\t<span class=\"elementor-divider-separator\">\n\t\t\t\t\t\t<\/span>\n\t\t<\/div>\n\t\t\t\t\t\t<\/div>\n\t\t\t\t<\/div>\n\t\t\t\t\t<\/div>\n\t\t<\/div>\n\t\t\t\t\t<\/div>\n\t\t<\/section>\n\t\t\t\t<section data-particle_enable=\"false\" data-particle-mobile-disabled=\"false\" class=\"elementor-section elementor-top-section elementor-element elementor-element-7905badf elementor-section-boxed elementor-section-height-default elementor-section-height-default\" data-id=\"7905badf\" data-element_type=\"section\" data-e-type=\"section\">\n\t\t\t\t\t\t<div class=\"elementor-container elementor-column-gap-default\">\n\t\t\t\t\t<div class=\"elementor-column elementor-col-100 elementor-top-column elementor-element elementor-element-3612363e\" data-id=\"3612363e\" data-element_type=\"column\" data-e-type=\"column\">\n\t\t\t<div class=\"elementor-widget-wrap elementor-element-populated\">\n\t\t\t\t\t\t<div class=\"elementor-element elementor-element-58d89c42 elementor-share-buttons--skin-boxed elementor-share-buttons--view-icon-text elementor-share-buttons--shape-square elementor-grid-0 elementor-share-buttons--color-official elementor-widget elementor-widget-share-buttons\" data-id=\"58d89c42\" data-element_type=\"widget\" data-e-type=\"widget\" data-widget_type=\"share-buttons.default\">\n\t\t\t\t<div class=\"elementor-widget-container\">\n\t\t\t\t\t\t\t<div class=\"elementor-grid\" role=\"list\">\n\t\t\t\t\t\t\t\t<div class=\"elementor-grid-item\" role=\"listitem\">\n\t\t\t\t\t\t<div class=\"elementor-share-btn elementor-share-btn_facebook\" role=\"button\" tabindex=\"0\" aria-label=\"Partager sur facebook\">\n\t\t\t\t\t\t\t\t\t\t\t\t\t\t\t<span class=\"elementor-share-btn__icon\">\n\t\t\t\t\t\t\t\t<i class=\"fab fa-facebook\" aria-hidden=\"true\"><\/i>\t\t\t\t\t\t\t<\/span>\n\t\t\t\t\t\t\t\t\t\t\t\t\t\t\t\t\t\t\t\t\t\t<div class=\"elementor-share-btn__text\">\n\t\t\t\t\t\t\t\t\t\t\t\t\t\t\t\t\t\t\t<span class=\"elementor-share-btn__title\">\n\t\t\t\t\t\t\t\t\t\tFacebook\t\t\t\t\t\t\t\t\t<\/span>\n\t\t\t\t\t\t\t\t\t\t\t\t\t\t\t\t\t<\/div>\n\t\t\t\t\t\t\t\t\t\t\t\t\t<\/div>\n\t\t\t\t\t<\/div>\n\t\t\t\t\t\t\t\t\t<div class=\"elementor-grid-item\" role=\"listitem\">\n\t\t\t\t\t\t<div class=\"elementor-share-btn elementor-share-btn_twitter\" role=\"button\" tabindex=\"0\" aria-label=\"Partager sur twitter\">\n\t\t\t\t\t\t\t\t\t\t\t\t\t\t\t<span class=\"elementor-share-btn__icon\">\n\t\t\t\t\t\t\t\t<i class=\"fab fa-twitter\" aria-hidden=\"true\"><\/i>\t\t\t\t\t\t\t<\/span>\n\t\t\t\t\t\t\t\t\t\t\t\t\t\t\t\t\t\t\t\t\t\t<div class=\"elementor-share-btn__text\">\n\t\t\t\t\t\t\t\t\t\t\t\t\t\t\t\t\t\t\t<span class=\"elementor-share-btn__title\">\n\t\t\t\t\t\t\t\t\t\tTwitter\t\t\t\t\t\t\t\t\t<\/span>\n\t\t\t\t\t\t\t\t\t\t\t\t\t\t\t\t\t<\/div>\n\t\t\t\t\t\t\t\t\t\t\t\t\t<\/div>\n\t\t\t\t\t<\/div>\n\t\t\t\t\t\t\t\t\t<div class=\"elementor-grid-item\" role=\"listitem\">\n\t\t\t\t\t\t<div class=\"elementor-share-btn elementor-share-btn_linkedin\" role=\"button\" tabindex=\"0\" aria-label=\"Partager sur linkedin\">\n\t\t\t\t\t\t\t\t\t\t\t\t\t\t\t<span class=\"elementor-share-btn__icon\">\n\t\t\t\t\t\t\t\t<i class=\"fab fa-linkedin\" aria-hidden=\"true\"><\/i>\t\t\t\t\t\t\t<\/span>\n\t\t\t\t\t\t\t\t\t\t\t\t\t\t\t\t\t\t\t\t\t\t<div class=\"elementor-share-btn__text\">\n\t\t\t\t\t\t\t\t\t\t\t\t\t\t\t\t\t\t\t<span class=\"elementor-share-btn__title\">\n\t\t\t\t\t\t\t\t\t\tLinkedIn\t\t\t\t\t\t\t\t\t<\/span>\n\t\t\t\t\t\t\t\t\t\t\t\t\t\t\t\t\t<\/div>\n\t\t\t\t\t\t\t\t\t\t\t\t\t<\/div>\n\t\t\t\t\t<\/div>\n\t\t\t\t\t\t<\/div>\n\t\t\t\t\t\t<\/div>\n\t\t\t\t<\/div>\n\t\t\t\t<div class=\"elementor-element elementor-element-47be1c64 elementor-widget-divider--separator-type-pattern elementor-widget-divider--no-spacing elementor-widget-divider--view-line elementor-widget elementor-widget-divider\" data-id=\"47be1c64\" data-element_type=\"widget\" data-e-type=\"widget\" data-widget_type=\"divider.default\">\n\t\t\t\t<div class=\"elementor-widget-container\">\n\t\t\t\t\t\t\t<div class=\"elementor-divider\" style=\"--divider-pattern-url: url(&quot;data:image\/svg+xml,%3Csvg xmlns=&#039;http:\/\/www.w3.org\/2000\/svg&#039; preserveAspectRatio=&#039;none&#039; overflow=&#039;visible&#039; height=&#039;100%&#039; viewBox=&#039;0 0 24 24&#039; fill=&#039;black&#039; stroke=&#039;none&#039;%3E%3Cpath d=&#039;M24,8v12H0V8H24z M24,4v1H0V4H24z&#039;\/%3E%3C\/svg%3E&quot;);\">\n\t\t\t<span class=\"elementor-divider-separator\">\n\t\t\t\t\t\t<\/span>\n\t\t<\/div>\n\t\t\t\t\t\t<\/div>\n\t\t\t\t<\/div>\n\t\t\t\t<div class=\"elementor-element elementor-element-613bf0b4 elementor-widget elementor-widget-heading\" data-id=\"613bf0b4\" data-element_type=\"widget\" data-e-type=\"widget\" data-widget_type=\"heading.default\">\n\t\t\t\t<div class=\"elementor-widget-container\">\n\t\t\t\t\t<h4 class=\"elementor-heading-title elementor-size-default\">D'autres articles<\/h4>\t\t\t\t<\/div>\n\t\t\t\t<\/div>\n\t\t\t\t<div class=\"elementor-element elementor-element-7ab40fe2 elementor-grid-1 elementor-posts--thumbnail-left elementor-grid-tablet-1 elementor-grid-mobile-1 elementor-widget elementor-widget-posts\" data-id=\"7ab40fe2\" data-element_type=\"widget\" data-e-type=\"widget\" data-settings=\"{&quot;classic_columns&quot;:&quot;1&quot;,&quot;classic_row_gap&quot;:{&quot;unit&quot;:&quot;px&quot;,&quot;size&quot;:20,&quot;sizes&quot;:[]},&quot;classic_columns_tablet&quot;:&quot;1&quot;,&quot;classic_columns_mobile&quot;:&quot;1&quot;,&quot;classic_row_gap_tablet&quot;:{&quot;unit&quot;:&quot;px&quot;,&quot;size&quot;:&quot;&quot;,&quot;sizes&quot;:[]},&quot;classic_row_gap_mobile&quot;:{&quot;unit&quot;:&quot;px&quot;,&quot;size&quot;:&quot;&quot;,&quot;sizes&quot;:[]}}\" data-widget_type=\"posts.classic\">\n\t\t\t\t<div class=\"elementor-widget-container\">\n\t\t\t\t\t\t\t<div class=\"elementor-posts-container elementor-posts elementor-posts--skin-classic elementor-grid\" role=\"list\">\n\t\t\t\t<article class=\"elementor-post elementor-grid-item post-3685 post type-post status-publish format-standard has-post-thumbnail hentry category-editorial5\" role=\"listitem\">\n\t\t\t\t<a class=\"elementor-post__thumbnail__link\" href=\"https:\/\/m3c.universita.corsica\/lumi\/le-point-de-vue-de-battista-acquaviva-artiste-corse-et-doctorante-religion-et-laicite-le-fait-musical-corse\/\" tabindex=\"-1\" >\n\t\t\t<div class=\"elementor-post__thumbnail\"><img fetchpriority=\"high\" decoding=\"async\" width=\"300\" height=\"200\" src=\"https:\/\/lumi.univ-corse.fr\/wp-content\/uploads\/2025\/03\/numero-5-article-acquaviva-300x200.jpg\" class=\"attachment-medium size-medium wp-image-3790\" alt=\"\" srcset=\"https:\/\/lumi.univ-corse.fr\/wp-content\/uploads\/2025\/03\/numero-5-article-acquaviva-300x200.jpg 300w, https:\/\/lumi.univ-corse.fr\/wp-content\/uploads\/2025\/03\/numero-5-article-acquaviva-768x512.jpg 768w, https:\/\/lumi.univ-corse.fr\/wp-content\/uploads\/2025\/03\/numero-5-article-acquaviva.jpg 960w\" sizes=\"(max-width: 300px) 100vw, 300px\" \/><\/div>\n\t\t<\/a>\n\t\t\t\t<div class=\"elementor-post__text\">\n\t\t\t\t<h3 class=\"elementor-post__title\">\n\t\t\t<a href=\"https:\/\/m3c.universita.corsica\/lumi\/le-point-de-vue-de-battista-acquaviva-artiste-corse-et-doctorante-religion-et-laicite-le-fait-musical-corse\/\" >\n\t\t\t\tLe point de vue de Battista Acquaviva, artiste corse et doctorante. Religion et La\u00efcit\u00e9, le fait musical corse\t\t\t<\/a>\n\t\t<\/h3>\n\t\t\t\t<div class=\"elementor-post__meta-data\">\n\t\t\t\t\t<span class=\"elementor-post-date\">\n\t\t\t3 mars 2025\t\t<\/span>\n\t\t\t\t<\/div>\n\t\t\t\t<div class=\"elementor-post__excerpt\">\n\t\t\t<p>Nimu di Diu o di i santi \u00d9n pudia d\u00ec \u00a0\u00a0Parch\u00ec erami tutti qu\u00ecPar creda cridiami Ma \u00e0 a noscia maneraQuidda ch\u00ec<\/p>\n\t\t<\/div>\n\t\t\t\t<\/div>\n\t\t\t\t<\/article>\n\t\t\t\t<article class=\"elementor-post elementor-grid-item post-3678 post type-post status-publish format-standard has-post-thumbnail hentry category-editorial5\" role=\"listitem\">\n\t\t\t\t<a class=\"elementor-post__thumbnail__link\" href=\"https:\/\/m3c.universita.corsica\/lumi\/colloque-religions-et-laicites\/\" tabindex=\"-1\" >\n\t\t\t<div class=\"elementor-post__thumbnail\"><img decoding=\"async\" width=\"200\" height=\"300\" src=\"https:\/\/lumi.univ-corse.fr\/wp-content\/uploads\/2025\/03\/numero-5-article-colloque-200x300.jpg\" class=\"attachment-medium size-medium wp-image-3789\" alt=\"\" srcset=\"https:\/\/lumi.univ-corse.fr\/wp-content\/uploads\/2025\/03\/numero-5-article-colloque-200x300.jpg 200w, https:\/\/lumi.univ-corse.fr\/wp-content\/uploads\/2025\/03\/numero-5-article-colloque-683x1024.jpg 683w, https:\/\/lumi.univ-corse.fr\/wp-content\/uploads\/2025\/03\/numero-5-article-colloque-768x1152.jpg 768w, https:\/\/lumi.univ-corse.fr\/wp-content\/uploads\/2025\/03\/numero-5-article-colloque.jpg 953w\" sizes=\"(max-width: 200px) 100vw, 200px\" \/><\/div>\n\t\t<\/a>\n\t\t\t\t<div class=\"elementor-post__text\">\n\t\t\t\t<h3 class=\"elementor-post__title\">\n\t\t\t<a href=\"https:\/\/m3c.universita.corsica\/lumi\/colloque-religions-et-laicites\/\" >\n\t\t\t\tTable ronde : Religions et la\u00efcit\u00e9s\t\t\t<\/a>\n\t\t<\/h3>\n\t\t\t\t<div class=\"elementor-post__meta-data\">\n\t\t\t\t\t<span class=\"elementor-post-date\">\n\t\t\t3 mars 2025\t\t<\/span>\n\t\t\t\t<\/div>\n\t\t\t\t<div class=\"elementor-post__excerpt\">\n\t\t\t<p>Cardinal Bustillo, \u00e9v\u00eaque de Corse, Chems-Eddine Hafiz, Recteur de la Grande Mosqu\u00e9e de Paris, Philippe Guglielmi, ancien Grand Ma\u00eetre du Grand Orient<\/p>\n\t\t<\/div>\n\t\t\t\t<\/div>\n\t\t\t\t<\/article>\n\t\t\t\t<article class=\"elementor-post elementor-grid-item post-3673 post type-post status-publish format-standard has-post-thumbnail hentry category-editorial5\" role=\"listitem\">\n\t\t\t\t<a class=\"elementor-post__thumbnail__link\" href=\"https:\/\/m3c.universita.corsica\/lumi\/editorial\/\" tabindex=\"-1\" >\n\t\t\t<div class=\"elementor-post__thumbnail\"><img decoding=\"async\" width=\"300\" height=\"169\" src=\"https:\/\/lumi.univ-corse.fr\/wp-content\/uploads\/2025\/03\/Lumi_numero_5-300x169.jpg\" class=\"attachment-medium size-medium wp-image-3672\" alt=\"\" srcset=\"https:\/\/lumi.univ-corse.fr\/wp-content\/uploads\/2025\/03\/Lumi_numero_5-300x169.jpg 300w, https:\/\/lumi.univ-corse.fr\/wp-content\/uploads\/2025\/03\/Lumi_numero_5-1024x576.jpg 1024w, https:\/\/lumi.univ-corse.fr\/wp-content\/uploads\/2025\/03\/Lumi_numero_5-768x432.jpg 768w, https:\/\/lumi.univ-corse.fr\/wp-content\/uploads\/2025\/03\/Lumi_numero_5-1536x864.jpg 1536w, https:\/\/lumi.univ-corse.fr\/wp-content\/uploads\/2025\/03\/Lumi_numero_5-2048x1152.jpg 2048w\" sizes=\"(max-width: 300px) 100vw, 300px\" \/><\/div>\n\t\t<\/a>\n\t\t\t\t<div class=\"elementor-post__text\">\n\t\t\t\t<h3 class=\"elementor-post__title\">\n\t\t\t<a href=\"https:\/\/m3c.universita.corsica\/lumi\/editorial\/\" >\n\t\t\t\t\u00c9ditorial\t\t\t<\/a>\n\t\t<\/h3>\n\t\t\t\t<div class=\"elementor-post__meta-data\">\n\t\t\t\t\t<span class=\"elementor-post-date\">\n\t\t\t3 mars 2025\t\t<\/span>\n\t\t\t\t<\/div>\n\t\t\t\t<div class=\"elementor-post__excerpt\">\n\t\t\t<p>La question de la la\u00efcit\u00e9 est dans de nombreux pays d\u2019une actualit\u00e9 incandescente. On sait que les diverses formes de la\u00efcit\u00e9 doivent<\/p>\n\t\t<\/div>\n\t\t\t\t<\/div>\n\t\t\t\t<\/article>\n\t\t\t\t<\/div>\n\t\t\n\t\t\t\t\t\t<\/div>\n\t\t\t\t<\/div>\n\t\t\t\t\t<\/div>\n\t\t<\/div>\n\t\t\t\t\t<\/div>\n\t\t<\/section>\n\t\t\t\t<\/div>\n\t\t","protected":false},"excerpt":{"rendered":"<p>Textes Introductifs \u00c9ditorial Conf\u00e9rence inaugurale d\u2019Antonio Trampus, professeur d\u2019histoire moderne \u00e0 l\u2019Universit\u00e0 Ca\u2019 Foscari de Venise, auteur de l\u2019ouvrage \u00ab\u00a0Il diritto alla felicit\u00e0\u00a0: storia di un\u2019idea\u00a0\u00bb. \u00c9changes avec Antonio Trampus. Articles I\/ Pasquale Paoli et le droit au bonheur, variations autour de l\u2019exp\u00e9rience corse Erick Miceli, Chercheur associ\u00e9 aux Centro di Ricerca Fernand Braudel \u2013 [&hellip;]<\/p>\n","protected":false},"author":1,"featured_media":4734,"comment_status":"closed","ping_status":"closed","sticky":false,"template":"","format":"standard","meta":{"_acf_changed":false,"footnotes":""},"categories":[38],"tags":[],"class_list":["post-4564","post","type-post","status-publish","format-standard","has-post-thumbnail","hentry","category-sommaire-6"],"acf":[],"_links":{"self":[{"href":"https:\/\/m3c.universita.corsica\/lumi\/wp-json\/wp\/v2\/posts\/4564","targetHints":{"allow":["GET"]}}],"collection":[{"href":"https:\/\/m3c.universita.corsica\/lumi\/wp-json\/wp\/v2\/posts"}],"about":[{"href":"https:\/\/m3c.universita.corsica\/lumi\/wp-json\/wp\/v2\/types\/post"}],"author":[{"embeddable":true,"href":"https:\/\/m3c.universita.corsica\/lumi\/wp-json\/wp\/v2\/users\/1"}],"replies":[{"embeddable":true,"href":"https:\/\/m3c.universita.corsica\/lumi\/wp-json\/wp\/v2\/comments?post=4564"}],"version-history":[{"count":22,"href":"https:\/\/m3c.universita.corsica\/lumi\/wp-json\/wp\/v2\/posts\/4564\/revisions"}],"predecessor-version":[{"id":4875,"href":"https:\/\/m3c.universita.corsica\/lumi\/wp-json\/wp\/v2\/posts\/4564\/revisions\/4875"}],"wp:featuredmedia":[{"embeddable":true,"href":"https:\/\/m3c.universita.corsica\/lumi\/wp-json\/wp\/v2\/media\/4734"}],"wp:attachment":[{"href":"https:\/\/m3c.universita.corsica\/lumi\/wp-json\/wp\/v2\/media?parent=4564"}],"wp:term":[{"taxonomy":"category","embeddable":true,"href":"https:\/\/m3c.universita.corsica\/lumi\/wp-json\/wp\/v2\/categories?post=4564"},{"taxonomy":"post_tag","embeddable":true,"href":"https:\/\/m3c.universita.corsica\/lumi\/wp-json\/wp\/v2\/tags?post=4564"}],"curies":[{"name":"wp","href":"https:\/\/api.w.org\/{rel}","templated":true}]}}