{"id":19,"name":"Francine Demichel","url":"","description":"Professeur des Universit\u00e9s \u00e9m\u00e9rite en droit public, ancienne pr\u00e9sidente de l\u2019Universit\u00e9 de Paris-VIII, ancienne directrice de l\u2019enseignement sup\u00e9rieur au minist\u00e8re de l\u2019\u00c9ducation nationale","link":"https:\/\/m3c.universita.corsica\/lumi\/author\/f-demichel\/","slug":"f-demichel","avatar_urls":{"24":"https:\/\/secure.gravatar.com\/avatar\/b536b1916483ad3fa2287dba6e38eb93146f2d1c4a3d6269ae6e5e5ff1bb8e80?s=24&d=mm&r=g","48":"https:\/\/secure.gravatar.com\/avatar\/b536b1916483ad3fa2287dba6e38eb93146f2d1c4a3d6269ae6e5e5ff1bb8e80?s=48&d=mm&r=g","96":"https:\/\/secure.gravatar.com\/avatar\/b536b1916483ad3fa2287dba6e38eb93146f2d1c4a3d6269ae6e5e5ff1bb8e80?s=96&d=mm&r=g"},"meta":[],"acf":[],"elementor_introduction":"","_links":{"self":[{"href":"https:\/\/m3c.universita.corsica\/lumi\/wp-json\/wp\/v2\/users\/19","targetHints":{"allow":["GET"]}}],"collection":[{"href":"https:\/\/m3c.universita.corsica\/lumi\/wp-json\/wp\/v2\/users"}]}}