{"id":39,"name":"Andr\u00e9 Fazi","url":"","description":"Universit\u00e9 de Corse, \u00c9quipe m\u00e9diterran\u00e9enne de recherche juridique (UR 7311)","link":"https:\/\/m3c.universita.corsica\/lumi\/author\/a-fazi\/","slug":"a-fazi","avatar_urls":{"24":"https:\/\/secure.gravatar.com\/avatar\/a7e9a207e4711a72fbfcc787f3fd0f7d1acea8dfd4240fba01a27af2863b5a07?s=24&d=mm&r=g","48":"https:\/\/secure.gravatar.com\/avatar\/a7e9a207e4711a72fbfcc787f3fd0f7d1acea8dfd4240fba01a27af2863b5a07?s=48&d=mm&r=g","96":"https:\/\/secure.gravatar.com\/avatar\/a7e9a207e4711a72fbfcc787f3fd0f7d1acea8dfd4240fba01a27af2863b5a07?s=96&d=mm&r=g"},"meta":[],"acf":[],"elementor_introduction":"","_links":{"self":[{"href":"https:\/\/m3c.universita.corsica\/lumi\/wp-json\/wp\/v2\/users\/39","targetHints":{"allow":["GET"]}}],"collection":[{"href":"https:\/\/m3c.universita.corsica\/lumi\/wp-json\/wp\/v2\/users"}]}}