{"id":6,"name":"Charles Bonaparte","url":"","description":"Pr\u00e9sident-Fondateur de la F\u00e9d\u00e9ration europ\u00e9enne des cit\u00e9s napol\u00e9oniennes","link":"https:\/\/m3c.universita.corsica\/lumi\/author\/c-bonaparte\/","slug":"c-bonaparte","avatar_urls":{"24":"https:\/\/secure.gravatar.com\/avatar\/ac8d325337d92f67ef8699fcbab596ae7ab17ba1b25840e3e2de2fa23990e4e8?s=24&d=mm&r=g","48":"https:\/\/secure.gravatar.com\/avatar\/ac8d325337d92f67ef8699fcbab596ae7ab17ba1b25840e3e2de2fa23990e4e8?s=48&d=mm&r=g","96":"https:\/\/secure.gravatar.com\/avatar\/ac8d325337d92f67ef8699fcbab596ae7ab17ba1b25840e3e2de2fa23990e4e8?s=96&d=mm&r=g"},"meta":[],"acf":[],"elementor_introduction":"","_links":{"self":[{"href":"https:\/\/m3c.universita.corsica\/lumi\/wp-json\/wp\/v2\/users\/6","targetHints":{"allow":["GET"]}}],"collection":[{"href":"https:\/\/m3c.universita.corsica\/lumi\/wp-json\/wp\/v2\/users"}]}}