{"id":65,"name":"Jo\u00ebl Daire","url":"","description":"Directeur d\u00e9l\u00e9gu\u00e9 du patrimoine de la Cin\u00e9math\u00e8que fran\u00e7aise","link":"https:\/\/m3c.universita.corsica\/lumi\/author\/j-daire\/","slug":"j-daire","avatar_urls":{"24":"https:\/\/secure.gravatar.com\/avatar\/b98afdad291a39183bbd6d5871565e430febaed6e8bd78dfa958bf9319fd04b4?s=24&d=mm&r=g","48":"https:\/\/secure.gravatar.com\/avatar\/b98afdad291a39183bbd6d5871565e430febaed6e8bd78dfa958bf9319fd04b4?s=48&d=mm&r=g","96":"https:\/\/secure.gravatar.com\/avatar\/b98afdad291a39183bbd6d5871565e430febaed6e8bd78dfa958bf9319fd04b4?s=96&d=mm&r=g"},"meta":[],"acf":[],"elementor_introduction":"","_links":{"self":[{"href":"https:\/\/m3c.universita.corsica\/lumi\/wp-json\/wp\/v2\/users\/65","targetHints":{"allow":["GET"]}}],"collection":[{"href":"https:\/\/m3c.universita.corsica\/lumi\/wp-json\/wp\/v2\/users"}]}}