{"id":66,"name":"Jean-Pierre Mattei","url":"","description":"Fondateur de la Cin\u00e9math\u00e8que de Corse, Pr\u00e9sident de l\u2019association \u00ab La Corse et le Cin\u00e9ma \u00bb","link":"https:\/\/m3c.universita.corsica\/lumi\/author\/jp-mattei\/","slug":"jp-mattei","avatar_urls":{"24":"https:\/\/secure.gravatar.com\/avatar\/0235fb36cb82491caef8a4f49bd65ce301badd2add2aceb69de101227688b176?s=24&d=mm&r=g","48":"https:\/\/secure.gravatar.com\/avatar\/0235fb36cb82491caef8a4f49bd65ce301badd2add2aceb69de101227688b176?s=48&d=mm&r=g","96":"https:\/\/secure.gravatar.com\/avatar\/0235fb36cb82491caef8a4f49bd65ce301badd2add2aceb69de101227688b176?s=96&d=mm&r=g"},"meta":[],"acf":[],"elementor_introduction":"","_links":{"self":[{"href":"https:\/\/m3c.universita.corsica\/lumi\/wp-json\/wp\/v2\/users\/66","targetHints":{"allow":["GET"]}}],"collection":[{"href":"https:\/\/m3c.universita.corsica\/lumi\/wp-json\/wp\/v2\/users"}]}}