{"id":71,"name":"Jean-Dominique Poli","url":"","description":"Ma\u00eetre de conf\u00e9rences \u00e0 l\u2019Universit\u00e9 de Corse","link":"https:\/\/m3c.universita.corsica\/lumi\/author\/jp-poli\/","slug":"jp-poli","avatar_urls":{"24":"https:\/\/secure.gravatar.com\/avatar\/6464c048d781e0831d1c19e4a2fa10698d619f090dc6a9e0e0fdbf715f7be075?s=24&d=mm&r=g","48":"https:\/\/secure.gravatar.com\/avatar\/6464c048d781e0831d1c19e4a2fa10698d619f090dc6a9e0e0fdbf715f7be075?s=48&d=mm&r=g","96":"https:\/\/secure.gravatar.com\/avatar\/6464c048d781e0831d1c19e4a2fa10698d619f090dc6a9e0e0fdbf715f7be075?s=96&d=mm&r=g"},"meta":[],"acf":[],"elementor_introduction":"","_links":{"self":[{"href":"https:\/\/m3c.universita.corsica\/lumi\/wp-json\/wp\/v2\/users\/71","targetHints":{"allow":["GET"]}}],"collection":[{"href":"https:\/\/m3c.universita.corsica\/lumi\/wp-json\/wp\/v2\/users"}]}}