{"id":85,"name":"MartineLong","url":"","description":"Ma\u00eetresse de conf\u00e9rences (HDR) en droit public \u00e0 l\u2019universit\u00e9 d\u2019Angers","link":"https:\/\/m3c.universita.corsica\/lumi\/author\/martinelong\/","slug":"martinelong","avatar_urls":{"24":"https:\/\/secure.gravatar.com\/avatar\/903a420ec4737b1a3d7bfa23e4bcfa68dcd0ef20fe2ca7ae09490542a3621a1c?s=24&d=mm&r=g","48":"https:\/\/secure.gravatar.com\/avatar\/903a420ec4737b1a3d7bfa23e4bcfa68dcd0ef20fe2ca7ae09490542a3621a1c?s=48&d=mm&r=g","96":"https:\/\/secure.gravatar.com\/avatar\/903a420ec4737b1a3d7bfa23e4bcfa68dcd0ef20fe2ca7ae09490542a3621a1c?s=96&d=mm&r=g"},"meta":[],"acf":[],"elementor_introduction":"","_links":{"self":[{"href":"https:\/\/m3c.universita.corsica\/lumi\/wp-json\/wp\/v2\/users\/85","targetHints":{"allow":["GET"]}}],"collection":[{"href":"https:\/\/m3c.universita.corsica\/lumi\/wp-json\/wp\/v2\/users"}]}}