{"id":87,"name":"Remy Baudou\u00ee","url":"","description":"R\u00e9mi Baudou\u00ef, Professeur honoraire en sciences politiques, Universit\u00e9 de Gen\u00e8ve","link":"https:\/\/m3c.universita.corsica\/lumi\/author\/remy-baudoui\/","slug":"remy-baudoui","avatar_urls":{"24":"https:\/\/secure.gravatar.com\/avatar\/552aa3514f961d22c2691211159f2db14f7b885f2013279c33b320d0a233d4b2?s=24&d=mm&r=g","48":"https:\/\/secure.gravatar.com\/avatar\/552aa3514f961d22c2691211159f2db14f7b885f2013279c33b320d0a233d4b2?s=48&d=mm&r=g","96":"https:\/\/secure.gravatar.com\/avatar\/552aa3514f961d22c2691211159f2db14f7b885f2013279c33b320d0a233d4b2?s=96&d=mm&r=g"},"meta":[],"acf":[],"elementor_introduction":"","_links":{"self":[{"href":"https:\/\/m3c.universita.corsica\/lumi\/wp-json\/wp\/v2\/users\/87","targetHints":{"allow":["GET"]}}],"collection":[{"href":"https:\/\/m3c.universita.corsica\/lumi\/wp-json\/wp\/v2\/users"}]}}